{"id":10,"date":"2014-09-01T11:37:00","date_gmt":"2014-09-01T09:37:00","guid":{"rendered":"http:\/\/jblanz.de\/WP\/2014\/09\/01\/1-september-2014-verbrennung-und\/"},"modified":"2016-03-30T07:12:00","modified_gmt":"2016-03-30T05:12:00","slug":"verbrennung-und-nationalpark","status":"publish","type":"post","link":"https:\/\/jblanz.de\/WP\/verbrennung-und-nationalpark\/","title":{"rendered":"1. September 2014 &#8211; Verbrennung und Nationalpark"},"content":{"rendered":"<p>Auf der Fahrt zum einzigen Nationalpark Bali&#8217;s, dem Bali Barat National Park, kam uns eine Prozession entgegen und wir beschlossen spontan, nachzuschauen, was sie zu bedeuten hat. Auto parken, aussteigen, Kamera z\u00fccken und zur\u00fcck zum Ort des Geschehens. Wir waren da, bevor die Prozession den von einer Mauer umgebenen Platz erreicht hatte, denn die ging unter Gejodel und m\u00e4chtigem Schlenkern des Sarges erstmal am Eingang vorbei. So soll die Seele des Verstorbenen verwirrt werden, um nicht wieder in den K\u00f6rper zur\u00fcck zu finden. Auf dem Sarg sass lachend ein kleiner Junge, der vor dem Betreten des Platzes absteigen musste.<\/p>\n<div><\/div>\n<div>\n<div class=\"separator\" style=\"clear: both;\"><a style=\"margin-left: 1em; margin-right: 1em;\" href=\"https:\/\/lh5.googleusercontent.com\/-xdDte-qKYhg\/VAUMp5IoW2I\/AAAAAAAAAjY\/PAoQNxPtf1k\/s640\/blogger-image--39342347.jpg\" data-rel=\"lightbox-image-0\" data-rl_title=\"\" data-rl_caption=\"\" title=\"\"><img decoding=\"async\" src=\"https:\/\/lh5.googleusercontent.com\/-xdDte-qKYhg\/VAUMp5IoW2I\/AAAAAAAAAjY\/PAoQNxPtf1k\/s640\/blogger-image--39342347.jpg\" alt=\"\" border=\"0\" \/><\/a><\/div>\n<\/div>\n<div>\n<div class=\"separator\" style=\"clear: both;\"><a style=\"margin-left: 1em; margin-right: 1em;\" href=\"https:\/\/lh4.googleusercontent.com\/-toZBJkw8K3E\/VAUMr9TPESI\/AAAAAAAAAjg\/DZLjAF5zqLA\/s640\/blogger-image--892316940.jpg\" data-rel=\"lightbox-image-1\" data-rl_title=\"\" data-rl_caption=\"\" title=\"\"><img decoding=\"async\" src=\"https:\/\/lh4.googleusercontent.com\/-toZBJkw8K3E\/VAUMr9TPESI\/AAAAAAAAAjg\/DZLjAF5zqLA\/s640\/blogger-image--892316940.jpg\" alt=\"\" border=\"0\" \/><\/a><\/div>\n<\/div>\n<div>Auf dem Platz brannte schon ein Feuer, unterst\u00fctzt von Flammenwerfern, die mit Propangas arbeiteten. Uns wurde schnell klar, dass wir Zeuge der n\u00e4chsten Verbrennung werden sollten. Das bereits brennende Feuer war die erste Verbrennung, die wohl fr\u00fchmorgens stattfand. Alle Leute l\u00e4chelten uns an und fotographieren war gar kein Problem. Im Gegenteil, ich wurde immer wieder aufgefordert Bilder zu machen. In verschiedenen Ecken sassen Gruppen von M\u00e4nnern, die lautstark sangen. W\u00e4hrend das Feuer loderte, umrundeten mehrere Frauen den brennenden Sarg und warfen Bl\u00e4tter und Reis hinein.<\/div>\n<div>Hindu&#8217;s verbrennen die Toten, damit ihre Seele den K\u00f6rper verlassen kann. Die Knochenasche wird anschliessend im Meer oder im Fluss verstreut. Die Verbrennung ist eine sehr teure Angelegenheit und viele Familien m\u00fcssen jahrelang sparen, bevor sie sich die Zeremonie leisten k\u00f6nnen. Aus diesem Grund werden oft nur die Knochen von Verstorbenen oder sogar nur ein Ersatzk\u00f6rper in Form einer Puppe verbrannt. Niemand weint, es ist ein fr\u00f6hliches Fest. Nachdem der Leichnam oder was noch von ihm \u00fcbrig ist, aus dem Sarg genommen war, wurde er mit allerlei Gegenst\u00e4nden aus seinem Leben, wie Teppiche, Plastiksch\u00f6pfkelle, Bettdecke, Wasserflasche und Proviant, bedeckt. Dann kam ein grosser Stier aus Pappmache \u00fcber ihn, der Verstorbene war ein Mann. Nach einem Gebet wurde alles angez\u00fcndet.<\/p>\n<div>\n<div><\/div>\n<div>\n<div class=\"separator\" style=\"clear: both;\"><a style=\"margin-left: 1em; margin-right: 1em;\" href=\"https:\/\/lh3.googleusercontent.com\/-V72U0ECVx0U\/VAULaL2tTUI\/AAAAAAAAAjE\/xUjsAo3FsW4\/s640\/blogger-image--791314455.jpg\" data-rel=\"lightbox-image-2\" data-rl_title=\"\" data-rl_caption=\"\" title=\"\"><img decoding=\"async\" src=\"https:\/\/lh3.googleusercontent.com\/-V72U0ECVx0U\/VAULaL2tTUI\/AAAAAAAAAjE\/xUjsAo3FsW4\/s640\/blogger-image--791314455.jpg\" alt=\"\" border=\"0\" \/><\/a><\/div>\n<div class=\"separator\" style=\"clear: both;\"><\/div>\n<div class=\"separator\" style=\"clear: both;\">\n<div class=\"separator\" style=\"clear: both;\"><a style=\"margin-left: 1em; margin-right: 1em;\" href=\"https:\/\/lh3.googleusercontent.com\/-rUQJcGiwFoc\/VAULdL1RCyI\/AAAAAAAAAjM\/3eCQRe8z2MA\/s640\/blogger-image--371457245.jpg\" data-rel=\"lightbox-image-3\" data-rl_title=\"\" data-rl_caption=\"\" title=\"\"><img decoding=\"async\" src=\"https:\/\/lh3.googleusercontent.com\/-rUQJcGiwFoc\/VAULdL1RCyI\/AAAAAAAAAjM\/3eCQRe8z2MA\/s640\/blogger-image--371457245.jpg\" alt=\"\" border=\"0\" \/><\/a><\/div>\n<div class=\"separator\" style=\"clear: both;\"><\/div>\n<div class=\"separator\" style=\"clear: both;\">\n<div class=\"separator\" style=\"clear: both;\"><a style=\"margin-left: 1em; margin-right: 1em;\" href=\"https:\/\/lh3.googleusercontent.com\/-E8pYP-KNnt0\/VAUKmQkwnPI\/AAAAAAAAAi8\/Tc2RF_ak9_w\/s640\/blogger-image--207988836.jpg\" data-rel=\"lightbox-image-4\" data-rl_title=\"\" data-rl_caption=\"\" title=\"\"><img decoding=\"async\" src=\"https:\/\/lh3.googleusercontent.com\/-E8pYP-KNnt0\/VAUKmQkwnPI\/AAAAAAAAAi8\/Tc2RF_ak9_w\/s640\/blogger-image--207988836.jpg\" alt=\"\" border=\"0\" \/><\/a><\/div>\n<\/div>\n<p>Nach diesem beeindruckenden Ereignis fuhren wir weiter zu unserem urspr\u00fcnglichen Ziel, dem West Bali National Park, engagierten einen F\u00fchrer f\u00fcr 200 000 IDR pro Person und machten eine zweist\u00fcndige Wanderung durch den Dschungel. Wir begegneten einer Familie von schwarzen vegetarisch lebenden Affen mit einem orangefarbenen Jungen (Haubenlanguren) und einer Horte von Makaken. Ausserdem sahen wir Rieseneichh\u00f6rnchen (K\u00f6rper etwa 50 cm lang) und aus der Ferne auch orangene Eisv\u00f6gel.<\/p><\/div>\n<div class=\"separator\" style=\"clear: both;\"><\/div>\n<div class=\"separator\" style=\"clear: both;\">\n<div class=\"separator\" style=\"clear: both;\"><a style=\"margin-left: 1em; margin-right: 1em;\" href=\"https:\/\/lh4.googleusercontent.com\/-Igtj1aqgODE\/VAUOvZkVTDI\/AAAAAAAAAj0\/ylV7CqUuhYI\/s640\/blogger-image-1488053242.jpg\" data-rel=\"lightbox-image-5\" data-rl_title=\"\" data-rl_caption=\"\" title=\"\"><img decoding=\"async\" src=\"https:\/\/lh4.googleusercontent.com\/-Igtj1aqgODE\/VAUOvZkVTDI\/AAAAAAAAAj0\/ylV7CqUuhYI\/s640\/blogger-image-1488053242.jpg\" alt=\"\" border=\"0\" \/><\/a><\/div>\n<div class=\"separator\" style=\"clear: both;\"><\/div>\n<div class=\"separator\" style=\"clear: both;\">\n<div class=\"separator\" style=\"clear: both;\"><a style=\"margin-left: 1em; margin-right: 1em;\" href=\"https:\/\/lh4.googleusercontent.com\/-EqptQFmRwKw\/VAUO1rOwuYI\/AAAAAAAAAkE\/SdH8qREzQ8k\/s640\/blogger-image--1268503162.jpg\" data-rel=\"lightbox-image-6\" data-rl_title=\"\" data-rl_caption=\"\" title=\"\"><img decoding=\"async\" src=\"https:\/\/lh4.googleusercontent.com\/-EqptQFmRwKw\/VAUO1rOwuYI\/AAAAAAAAAkE\/SdH8qREzQ8k\/s640\/blogger-image--1268503162.jpg\" alt=\"\" border=\"0\" \/><\/a><\/div>\n<div class=\"separator\" style=\"clear: both;\"><\/div>\n<div class=\"separator\" style=\"clear: both;\">Nach 2 Stunden dr\u00fcckender Hitze, wegen der Verbrennung waren wir erst kurz vor Mittag am Nationalpark, war ich ganz sch\u00f6n froh, die Strasse wiederzusehen. Auf dem Weg zum Auto beobachteten wir einen grossen Bindenwaran, der sich gen\u00fcsslich \u00fcber den Kadaver eines grossen Hundes hermachte, der im Brackwasser unter der Br\u00fccke lag. Er hat uns lange nicht bemerkt.<\/div>\n<\/div>\n<div class=\"separator\" style=\"clear: both;\"><\/div>\n<div class=\"separator\" style=\"clear: both;\">\n<div class=\"separator\" style=\"clear: both;\"><a style=\"margin-left: 1em; margin-right: 1em;\" href=\"https:\/\/lh3.googleusercontent.com\/-1Q8Pn1y_iYY\/VAUOsxTi1cI\/AAAAAAAAAjs\/EebdZiLzKkg\/s640\/blogger-image-2069838971.jpg\" data-rel=\"lightbox-image-7\" data-rl_title=\"\" data-rl_caption=\"\" title=\"\"><img decoding=\"async\" src=\"https:\/\/lh3.googleusercontent.com\/-1Q8Pn1y_iYY\/VAUOsxTi1cI\/AAAAAAAAAjs\/EebdZiLzKkg\/s640\/blogger-image-2069838971.jpg\" alt=\"\" border=\"0\" \/><\/a><\/div>\n<div class=\"separator\" style=\"clear: both;\"><\/div>\n<div class=\"separator\" style=\"clear: both;\"><\/div>\n<div class=\"separator\" style=\"clear: both;\">\n<div class=\"separator\" style=\"clear: both;\"><a style=\"margin-left: 1em; margin-right: 1em;\" href=\"https:\/\/lh3.googleusercontent.com\/-w_w56bToc9s\/VAUOzA2FWZI\/AAAAAAAAAj8\/ZmcjXInNE4Y\/s640\/blogger-image--1343771303.jpg\" data-rel=\"lightbox-image-8\" data-rl_title=\"\" data-rl_caption=\"\" title=\"\"><img decoding=\"async\" src=\"https:\/\/lh3.googleusercontent.com\/-w_w56bToc9s\/VAUOzA2FWZI\/AAAAAAAAAj8\/ZmcjXInNE4Y\/s640\/blogger-image--1343771303.jpg\" alt=\"\" border=\"0\" \/><\/a><\/div>\n<\/div>\n<p>Nach der R\u00fcckkehr gingen wir noch Schnorcheln und waren \u00fcberrascht von den vielen super sch\u00f6nen Korallen, vielen Fischen und sogar Nacktschnecken, die man direkt am Strand beobachten konnte. Schnorcheln hier unbedingt empfehlenswert. Wir haben noch nirgends eine ann\u00e4hernd tolle Schnorchellandschaft gesehen. Seht euch diese gigantischen Korallenbl\u00f6cke an, die es 30 m vom Strand entfernt gibt.<\/p><\/div>\n<div class=\"separator\" style=\"clear: both;\"><\/div>\n<div class=\"separator\" style=\"clear: both;\">\n<div class=\"separator\" style=\"clear: both;\"><a style=\"margin-left: 1em; margin-right: 1em;\" href=\"https:\/\/lh3.googleusercontent.com\/-V4f-RxXwoUE\/VAWQoECdfaI\/AAAAAAAAAkU\/qY0F2kMlNtE\/s640\/blogger-image--1837499815.jpg\" data-rel=\"lightbox-image-9\" data-rl_title=\"\" data-rl_caption=\"\" title=\"\"><img decoding=\"async\" src=\"https:\/\/lh3.googleusercontent.com\/-V4f-RxXwoUE\/VAWQoECdfaI\/AAAAAAAAAkU\/qY0F2kMlNtE\/s640\/blogger-image--1837499815.jpg\" alt=\"\" border=\"0\" \/><\/a><\/div>\n<\/div>\n<div class=\"separator\" style=\"clear: both;\">Abends haben wir uns dann, nach Karin&#8217;s obligatorischer Massage &#8211; dieses Mal gekr\u00f6nt durch den Kauf von 1 Liter Massage\u00f6l &#8211; ein Pfeffersteak und ein H\u00fchnchenbrustfilet am sehr sch\u00f6nen Strand von Pemuteran geg\u00f6nnt.<\/div>\n<div class=\"separator\" style=\"clear: both;\"><\/div>\n<div class=\"separator\" style=\"clear: both;\">\n<div class=\"separator\" style=\"clear: both;\"><a style=\"margin-left: 1em; margin-right: 1em;\" href=\"https:\/\/lh5.googleusercontent.com\/-1WLPJM01iR8\/VAWi9Hy79AI\/AAAAAAAAAks\/frcvUBOkDhE\/s640\/blogger-image--1598813235.jpg\" data-rel=\"lightbox-image-10\" data-rl_title=\"\" data-rl_caption=\"\" title=\"\"><img decoding=\"async\" src=\"https:\/\/lh5.googleusercontent.com\/-1WLPJM01iR8\/VAWi9Hy79AI\/AAAAAAAAAks\/frcvUBOkDhE\/s640\/blogger-image--1598813235.jpg\" alt=\"\" border=\"0\" \/><\/a><\/div>\n<\/div>\n<div class=\"separator\" style=\"clear: both;\"><\/div>\n<\/div>\n<\/div>\n<\/div>\n<\/div>\n","protected":false},"excerpt":{"rendered":"<p>Auf der Fahrt zum einzigen Nationalpark Bali&#8217;s, dem Bali Barat National Park, kam uns eine Prozession entgegen und wir beschlossen<\/p>\n","protected":false},"author":1,"featured_media":76,"comment_status":"open","ping_status":"open","sticky":false,"template":"","format":"standard","meta":{"colormag_page_container_layout":"default_layout","colormag_page_sidebar_layout":"default_layout","_monsterinsights_skip_tracking":false,"_monsterinsights_sitenote_active":false,"_monsterinsights_sitenote_note":"","_monsterinsights_sitenote_category":0,"footnotes":""},"categories":[14,8,7],"tags":[],"class_list":["post-10","post","type-post","status-publish","format-standard","has-post-thumbnail","hentry","category-14","category-bali2014","category-indonesien"],"yoast_head":"<!-- This site is optimized with the Yoast SEO plugin v27.4 - https:\/\/yoast.com\/product\/yoast-seo-wordpress\/ -->\n<title>1. September 2014 - Verbrennung und Nationalpark - Reiseblog von Karin &amp; Joachim<\/title>\n<meta name=\"robots\" content=\"index, follow, max-snippet:-1, max-image-preview:large, max-video-preview:-1\" \/>\n<link rel=\"canonical\" href=\"https:\/\/jblanz.de\/WP\/verbrennung-und-nationalpark\/\" \/>\n<meta property=\"og:locale\" content=\"de_DE\" \/>\n<meta property=\"og:type\" content=\"article\" \/>\n<meta property=\"og:title\" content=\"1. September 2014 - Verbrennung und Nationalpark - Reiseblog von Karin &amp; Joachim\" \/>\n<meta property=\"og:description\" content=\"Auf der Fahrt zum einzigen Nationalpark Bali&#8217;s, dem Bali Barat National Park, kam uns eine Prozession entgegen und wir beschlossen\" \/>\n<meta property=\"og:url\" content=\"https:\/\/jblanz.de\/WP\/verbrennung-und-nationalpark\/\" \/>\n<meta property=\"og:site_name\" content=\"Reiseblog von Karin &amp; Joachim\" \/>\n<meta property=\"article:published_time\" content=\"2014-09-01T09:37:00+00:00\" \/>\n<meta property=\"article:modified_time\" content=\"2016-03-30T05:12:00+00:00\" \/>\n<meta property=\"og:image\" content=\"https:\/\/jblanz.de\/WP\/wp-content\/uploads\/2014\/09\/blogger-image-39342347-3.jpg\" \/>\n\t<meta property=\"og:image:width\" content=\"640\" \/>\n\t<meta property=\"og:image:height\" content=\"480\" \/>\n\t<meta property=\"og:image:type\" content=\"image\/jpeg\" \/>\n<meta name=\"author\" content=\"Achim\" \/>\n<meta name=\"twitter:card\" content=\"summary_large_image\" \/>\n<meta name=\"twitter:label1\" content=\"Verfasst von\" \/>\n\t<meta name=\"twitter:data1\" content=\"Achim\" \/>\n\t<meta name=\"twitter:label2\" content=\"Gesch\u00e4tzte Lesezeit\" \/>\n\t<meta name=\"twitter:data2\" content=\"3\u00a0Minuten\" \/>\n<script type=\"application\/ld+json\" class=\"yoast-schema-graph\">{\"@context\":\"https:\\\/\\\/schema.org\",\"@graph\":[{\"@type\":\"Article\",\"@id\":\"https:\\\/\\\/jblanz.de\\\/WP\\\/verbrennung-und-nationalpark\\\/#article\",\"isPartOf\":{\"@id\":\"https:\\\/\\\/jblanz.de\\\/WP\\\/verbrennung-und-nationalpark\\\/\"},\"author\":{\"name\":\"Achim\",\"@id\":\"https:\\\/\\\/jblanz.de\\\/WP\\\/#\\\/schema\\\/person\\\/17a70f07162e42bc0b181c22397286e0\"},\"headline\":\"1. September 2014 &#8211; Verbrennung und Nationalpark\",\"datePublished\":\"2014-09-01T09:37:00+00:00\",\"dateModified\":\"2016-03-30T05:12:00+00:00\",\"mainEntityOfPage\":{\"@id\":\"https:\\\/\\\/jblanz.de\\\/WP\\\/verbrennung-und-nationalpark\\\/\"},\"wordCount\":558,\"commentCount\":0,\"publisher\":{\"@id\":\"https:\\\/\\\/jblanz.de\\\/WP\\\/#\\\/schema\\\/person\\\/17a70f07162e42bc0b181c22397286e0\"},\"image\":{\"@id\":\"https:\\\/\\\/jblanz.de\\\/WP\\\/verbrennung-und-nationalpark\\\/#primaryimage\"},\"thumbnailUrl\":\"https:\\\/\\\/jblanz.de\\\/WP\\\/wp-content\\\/uploads\\\/2014\\\/09\\\/blogger-image-39342347-3.jpg\",\"articleSection\":[\"2014\",\"Bali 2014\",\"Indonesien\"],\"inLanguage\":\"de\",\"potentialAction\":[{\"@type\":\"CommentAction\",\"name\":\"Comment\",\"target\":[\"https:\\\/\\\/jblanz.de\\\/WP\\\/verbrennung-und-nationalpark\\\/#respond\"]}]},{\"@type\":\"WebPage\",\"@id\":\"https:\\\/\\\/jblanz.de\\\/WP\\\/verbrennung-und-nationalpark\\\/\",\"url\":\"https:\\\/\\\/jblanz.de\\\/WP\\\/verbrennung-und-nationalpark\\\/\",\"name\":\"1. September 2014 - Verbrennung und Nationalpark - Reiseblog von Karin &amp; Joachim\",\"isPartOf\":{\"@id\":\"https:\\\/\\\/jblanz.de\\\/WP\\\/#website\"},\"primaryImageOfPage\":{\"@id\":\"https:\\\/\\\/jblanz.de\\\/WP\\\/verbrennung-und-nationalpark\\\/#primaryimage\"},\"image\":{\"@id\":\"https:\\\/\\\/jblanz.de\\\/WP\\\/verbrennung-und-nationalpark\\\/#primaryimage\"},\"thumbnailUrl\":\"https:\\\/\\\/jblanz.de\\\/WP\\\/wp-content\\\/uploads\\\/2014\\\/09\\\/blogger-image-39342347-3.jpg\",\"datePublished\":\"2014-09-01T09:37:00+00:00\",\"dateModified\":\"2016-03-30T05:12:00+00:00\",\"breadcrumb\":{\"@id\":\"https:\\\/\\\/jblanz.de\\\/WP\\\/verbrennung-und-nationalpark\\\/#breadcrumb\"},\"inLanguage\":\"de\",\"potentialAction\":[{\"@type\":\"ReadAction\",\"target\":[\"https:\\\/\\\/jblanz.de\\\/WP\\\/verbrennung-und-nationalpark\\\/\"]}]},{\"@type\":\"ImageObject\",\"inLanguage\":\"de\",\"@id\":\"https:\\\/\\\/jblanz.de\\\/WP\\\/verbrennung-und-nationalpark\\\/#primaryimage\",\"url\":\"https:\\\/\\\/jblanz.de\\\/WP\\\/wp-content\\\/uploads\\\/2014\\\/09\\\/blogger-image-39342347-3.jpg\",\"contentUrl\":\"https:\\\/\\\/jblanz.de\\\/WP\\\/wp-content\\\/uploads\\\/2014\\\/09\\\/blogger-image-39342347-3.jpg\",\"width\":640,\"height\":480},{\"@type\":\"BreadcrumbList\",\"@id\":\"https:\\\/\\\/jblanz.de\\\/WP\\\/verbrennung-und-nationalpark\\\/#breadcrumb\",\"itemListElement\":[{\"@type\":\"ListItem\",\"position\":1,\"name\":\"Startseite\",\"item\":\"https:\\\/\\\/jblanz.de\\\/WP\\\/\"},{\"@type\":\"ListItem\",\"position\":2,\"name\":\"1. September 2014 &#8211; Verbrennung und Nationalpark\"}]},{\"@type\":\"WebSite\",\"@id\":\"https:\\\/\\\/jblanz.de\\\/WP\\\/#website\",\"url\":\"https:\\\/\\\/jblanz.de\\\/WP\\\/\",\"name\":\"Reiseblog von Karin & Joachim\",\"description\":\"Wir schreiben den Blog f\u00fcr uns als Erinnerung - f\u00fcr euch als Inspiration\",\"publisher\":{\"@id\":\"https:\\\/\\\/jblanz.de\\\/WP\\\/#\\\/schema\\\/person\\\/17a70f07162e42bc0b181c22397286e0\"},\"potentialAction\":[{\"@type\":\"SearchAction\",\"target\":{\"@type\":\"EntryPoint\",\"urlTemplate\":\"https:\\\/\\\/jblanz.de\\\/WP\\\/?s={search_term_string}\"},\"query-input\":{\"@type\":\"PropertyValueSpecification\",\"valueRequired\":true,\"valueName\":\"search_term_string\"}}],\"inLanguage\":\"de\"},{\"@type\":[\"Person\",\"Organization\"],\"@id\":\"https:\\\/\\\/jblanz.de\\\/WP\\\/#\\\/schema\\\/person\\\/17a70f07162e42bc0b181c22397286e0\",\"name\":\"Achim\",\"image\":{\"@type\":\"ImageObject\",\"inLanguage\":\"de\",\"@id\":\"https:\\\/\\\/secure.gravatar.com\\\/avatar\\\/b7ab31bc55956af4a9bebf7fd034761212b11b803b7e39464914d6abeefb12f3?s=96&d=mm&r=g\",\"url\":\"https:\\\/\\\/secure.gravatar.com\\\/avatar\\\/b7ab31bc55956af4a9bebf7fd034761212b11b803b7e39464914d6abeefb12f3?s=96&d=mm&r=g\",\"contentUrl\":\"https:\\\/\\\/secure.gravatar.com\\\/avatar\\\/b7ab31bc55956af4a9bebf7fd034761212b11b803b7e39464914d6abeefb12f3?s=96&d=mm&r=g\",\"caption\":\"Achim\"},\"logo\":{\"@id\":\"https:\\\/\\\/secure.gravatar.com\\\/avatar\\\/b7ab31bc55956af4a9bebf7fd034761212b11b803b7e39464914d6abeefb12f3?s=96&d=mm&r=g\"},\"url\":\"https:\\\/\\\/jblanz.de\\\/WP\\\/author\\\/achim\\\/\"}]}<\/script>\n<!-- \/ Yoast SEO plugin. -->","yoast_head_json":{"title":"1. September 2014 - Verbrennung und Nationalpark - Reiseblog von Karin &amp; Joachim","robots":{"index":"index","follow":"follow","max-snippet":"max-snippet:-1","max-image-preview":"max-image-preview:large","max-video-preview":"max-video-preview:-1"},"canonical":"https:\/\/jblanz.de\/WP\/verbrennung-und-nationalpark\/","og_locale":"de_DE","og_type":"article","og_title":"1. September 2014 - Verbrennung und Nationalpark - Reiseblog von Karin &amp; Joachim","og_description":"Auf der Fahrt zum einzigen Nationalpark Bali&#8217;s, dem Bali Barat National Park, kam uns eine Prozession entgegen und wir beschlossen","og_url":"https:\/\/jblanz.de\/WP\/verbrennung-und-nationalpark\/","og_site_name":"Reiseblog von Karin &amp; Joachim","article_published_time":"2014-09-01T09:37:00+00:00","article_modified_time":"2016-03-30T05:12:00+00:00","og_image":[{"width":640,"height":480,"url":"https:\/\/jblanz.de\/WP\/wp-content\/uploads\/2014\/09\/blogger-image-39342347-3.jpg","type":"image\/jpeg"}],"author":"Achim","twitter_card":"summary_large_image","twitter_misc":{"Verfasst von":"Achim","Gesch\u00e4tzte Lesezeit":"3\u00a0Minuten"},"schema":{"@context":"https:\/\/schema.org","@graph":[{"@type":"Article","@id":"https:\/\/jblanz.de\/WP\/verbrennung-und-nationalpark\/#article","isPartOf":{"@id":"https:\/\/jblanz.de\/WP\/verbrennung-und-nationalpark\/"},"author":{"name":"Achim","@id":"https:\/\/jblanz.de\/WP\/#\/schema\/person\/17a70f07162e42bc0b181c22397286e0"},"headline":"1. September 2014 &#8211; Verbrennung und Nationalpark","datePublished":"2014-09-01T09:37:00+00:00","dateModified":"2016-03-30T05:12:00+00:00","mainEntityOfPage":{"@id":"https:\/\/jblanz.de\/WP\/verbrennung-und-nationalpark\/"},"wordCount":558,"commentCount":0,"publisher":{"@id":"https:\/\/jblanz.de\/WP\/#\/schema\/person\/17a70f07162e42bc0b181c22397286e0"},"image":{"@id":"https:\/\/jblanz.de\/WP\/verbrennung-und-nationalpark\/#primaryimage"},"thumbnailUrl":"https:\/\/jblanz.de\/WP\/wp-content\/uploads\/2014\/09\/blogger-image-39342347-3.jpg","articleSection":["2014","Bali 2014","Indonesien"],"inLanguage":"de","potentialAction":[{"@type":"CommentAction","name":"Comment","target":["https:\/\/jblanz.de\/WP\/verbrennung-und-nationalpark\/#respond"]}]},{"@type":"WebPage","@id":"https:\/\/jblanz.de\/WP\/verbrennung-und-nationalpark\/","url":"https:\/\/jblanz.de\/WP\/verbrennung-und-nationalpark\/","name":"1. September 2014 - Verbrennung und Nationalpark - Reiseblog von Karin &amp; Joachim","isPartOf":{"@id":"https:\/\/jblanz.de\/WP\/#website"},"primaryImageOfPage":{"@id":"https:\/\/jblanz.de\/WP\/verbrennung-und-nationalpark\/#primaryimage"},"image":{"@id":"https:\/\/jblanz.de\/WP\/verbrennung-und-nationalpark\/#primaryimage"},"thumbnailUrl":"https:\/\/jblanz.de\/WP\/wp-content\/uploads\/2014\/09\/blogger-image-39342347-3.jpg","datePublished":"2014-09-01T09:37:00+00:00","dateModified":"2016-03-30T05:12:00+00:00","breadcrumb":{"@id":"https:\/\/jblanz.de\/WP\/verbrennung-und-nationalpark\/#breadcrumb"},"inLanguage":"de","potentialAction":[{"@type":"ReadAction","target":["https:\/\/jblanz.de\/WP\/verbrennung-und-nationalpark\/"]}]},{"@type":"ImageObject","inLanguage":"de","@id":"https:\/\/jblanz.de\/WP\/verbrennung-und-nationalpark\/#primaryimage","url":"https:\/\/jblanz.de\/WP\/wp-content\/uploads\/2014\/09\/blogger-image-39342347-3.jpg","contentUrl":"https:\/\/jblanz.de\/WP\/wp-content\/uploads\/2014\/09\/blogger-image-39342347-3.jpg","width":640,"height":480},{"@type":"BreadcrumbList","@id":"https:\/\/jblanz.de\/WP\/verbrennung-und-nationalpark\/#breadcrumb","itemListElement":[{"@type":"ListItem","position":1,"name":"Startseite","item":"https:\/\/jblanz.de\/WP\/"},{"@type":"ListItem","position":2,"name":"1. September 2014 &#8211; Verbrennung und Nationalpark"}]},{"@type":"WebSite","@id":"https:\/\/jblanz.de\/WP\/#website","url":"https:\/\/jblanz.de\/WP\/","name":"Reiseblog von Karin & Joachim","description":"Wir schreiben den Blog f\u00fcr uns als Erinnerung - f\u00fcr euch als Inspiration","publisher":{"@id":"https:\/\/jblanz.de\/WP\/#\/schema\/person\/17a70f07162e42bc0b181c22397286e0"},"potentialAction":[{"@type":"SearchAction","target":{"@type":"EntryPoint","urlTemplate":"https:\/\/jblanz.de\/WP\/?s={search_term_string}"},"query-input":{"@type":"PropertyValueSpecification","valueRequired":true,"valueName":"search_term_string"}}],"inLanguage":"de"},{"@type":["Person","Organization"],"@id":"https:\/\/jblanz.de\/WP\/#\/schema\/person\/17a70f07162e42bc0b181c22397286e0","name":"Achim","image":{"@type":"ImageObject","inLanguage":"de","@id":"https:\/\/secure.gravatar.com\/avatar\/b7ab31bc55956af4a9bebf7fd034761212b11b803b7e39464914d6abeefb12f3?s=96&d=mm&r=g","url":"https:\/\/secure.gravatar.com\/avatar\/b7ab31bc55956af4a9bebf7fd034761212b11b803b7e39464914d6abeefb12f3?s=96&d=mm&r=g","contentUrl":"https:\/\/secure.gravatar.com\/avatar\/b7ab31bc55956af4a9bebf7fd034761212b11b803b7e39464914d6abeefb12f3?s=96&d=mm&r=g","caption":"Achim"},"logo":{"@id":"https:\/\/secure.gravatar.com\/avatar\/b7ab31bc55956af4a9bebf7fd034761212b11b803b7e39464914d6abeefb12f3?s=96&d=mm&r=g"},"url":"https:\/\/jblanz.de\/WP\/author\/achim\/"}]}},"_links":{"self":[{"href":"https:\/\/jblanz.de\/WP\/wp-json\/wp\/v2\/posts\/10","targetHints":{"allow":["GET"]}}],"collection":[{"href":"https:\/\/jblanz.de\/WP\/wp-json\/wp\/v2\/posts"}],"about":[{"href":"https:\/\/jblanz.de\/WP\/wp-json\/wp\/v2\/types\/post"}],"author":[{"embeddable":true,"href":"https:\/\/jblanz.de\/WP\/wp-json\/wp\/v2\/users\/1"}],"replies":[{"embeddable":true,"href":"https:\/\/jblanz.de\/WP\/wp-json\/wp\/v2\/comments?post=10"}],"version-history":[{"count":0,"href":"https:\/\/jblanz.de\/WP\/wp-json\/wp\/v2\/posts\/10\/revisions"}],"wp:featuredmedia":[{"embeddable":true,"href":"https:\/\/jblanz.de\/WP\/wp-json\/wp\/v2\/media\/76"}],"wp:attachment":[{"href":"https:\/\/jblanz.de\/WP\/wp-json\/wp\/v2\/media?parent=10"}],"wp:term":[{"taxonomy":"category","embeddable":true,"href":"https:\/\/jblanz.de\/WP\/wp-json\/wp\/v2\/categories?post=10"},{"taxonomy":"post_tag","embeddable":true,"href":"https:\/\/jblanz.de\/WP\/wp-json\/wp\/v2\/tags?post=10"}],"curies":[{"name":"wp","href":"https:\/\/api.w.org\/{rel}","templated":true}]}}