{"id":10014,"date":"1976-04-07T20:00:00","date_gmt":"1976-04-07T19:00:00","guid":{"rendered":"https:\/\/jblanz.de\/WP\/?p=10014"},"modified":"2021-07-19T14:33:24","modified_gmt":"2021-07-19T12:33:24","slug":"4-7-april-1976-fahrt-nach-marokko","status":"publish","type":"post","link":"https:\/\/jblanz.de\/WP\/4-7-april-1976-fahrt-nach-marokko\/","title":{"rendered":"4. &#8211; 7. April 1976 &#8211; Fahrt nach Marokko"},"content":{"rendered":"\n<p>Diese Reisebeschreibung basiert auf einem Tagebuch, das ich w\u00e4hrend der Reise geschrieben habe. Die Beitr\u00e4ge wurden im Mai 2021 geschrieben, nachdem ich das Tagebuch zuf\u00e4llig wiedergefunden habe. Die Fotos waren urspr\u00fcnglich Diapositive, die ich 45 Jahre nach der Reise gescannt habe. Hartmut und ich waren Zivildienstleistende bei Deutschen Roten Kreuz in N\u00fcrtingen. Nach vielen gemeinsamen Diensten kam die Idee eines Urlaubs in Marokko, den wir nach dem Zivildienst, finanziert durch das Entlassungsgeld, unternehmen wollten. Manfred war ein guter Freund von Hartmut und hatte sich spontan entschlossen mitzufahren. Zusammen hatten wir uns einen gebrauchten VW Bus mit Klappt\u00fcren (einen T1 !!) gekauft und Manfred hatte ihn f\u00fcr die Reise ausger\u00fcstet.&nbsp;<\/p>\n<p>4. April 1976 &#8211; Abfahrt war um 10:00 Uhr in N\u00fcrtingen. Wir fuhren erst nach Lyon, wollten dort zwei franz\u00f6sische Freundinnen besuchen, die ich w\u00e4hrend eines Sch\u00fcleraustauschs kennengelernt hatte. Leider waren beide nicht zu Hause. So \u00fcbernachten wir vor ihrem Haus im Bus.<\/p>\n<p>5. April 1976 &#8211; Fr\u00fchst\u00fcck im Caf\u00e9 des Ravins in Rillieux-la-Pape. Wir mussten zun\u00e4chst zur Werkstatt, weil der Motor \u00d6l verlor. Mittagessen im Auto mit Baguette, Schinkenwurst, Gurken und Croissants. Dann starteten wir Richtung Perpignan. Abends hatten wir in einem kleinen Restaurant Hase gegessen und schliefen in Argel\u00e8s neben dem Camping Roussillonnais.<\/p>\n<p>6. April 1976 &#8211; An der spanischen Grenze wurden wir gefilzt. Nachdem wir eine Zigarette anboten, ging alles schneller &#8211; der Z\u00f6llner wollte nur eine Marlboro rauchen. Wir nahmen die Autobahn nach Tarragona. Dort stiegen zwei italienische Tramper bis Elche zu. Die Autobahn ging weiter bis Valencia. Sind die ganze Nacht durchgefahren. Die Italiener stiegen morgens um 1:30 Uhr in Elche aus, sie mussten bis 18. April auf einen Freund warten. Um 6:00 Uhr \u00fcbernahm ich das Steuer &#8211; 7:30 Uhr sahen wir den Sonnenaufgang in Granada. Um 14:00 Uhr kamen wir in Algeciras an. Die F\u00e4hre ging erst um 18:00 Uhr. So bliebt genug Zeit, um Tintenfisch zu essen und in einem Caf\u00e9 einen Anislik\u00f6r zu trinken. Als wir in den Hafen einfuhren, stand am Zoll ein Typ, der uns fragte, ob wir schon ein Ticket h\u00e4tten. Wir verneinten, also besorgte uns der Typ Tickets. Wir gaben ihm den Fahrzeugschein und w\u00e4hrend wir parkten, ging er in ein Reiseb\u00fcro und kaufte die Tickets. Nat\u00fcrlich verlangte er &#8222;Geb\u00fchren&#8220; und wir zahlten 200 Peseten f\u00fcr seine Dienste ! Die \u00dcberfahrt nach Ceuta dauerte etwas mehr als 1 Stunde. In Ceuta kostete Benzin nur 17,7 Peseten, in Spanien dagegen 26 Peseten. Also Volltanken vor der Grenze nach Marokko.<\/p>\n\n\n\n<figure class=\"wp-block-gallery columns-2 is-cropped wp-block-gallery-2 is-layout-flex wp-block-gallery-is-layout-flex\"><ul class=\"blocks-gallery-grid\"><li class=\"blocks-gallery-item\"><figure><img loading=\"lazy\" decoding=\"async\" width=\"300\" height=\"169\" src=\"https:\/\/jblanz.de\/WP\/wp-content\/uploads\/2021\/05\/Marokko76_1_001-300x169.jpg\" alt=\"\" data-id=\"10187\" data-full-url=\"https:\/\/jblanz.de\/WP\/wp-content\/uploads\/2021\/05\/Marokko76_1_001.jpg\" data-link=\"https:\/\/jblanz.de\/WP\/4-7-april-1976-fahrt-nach-marokko\/marokko76_1_001\/\" class=\"wp-image-10187\" srcset=\"https:\/\/jblanz.de\/WP\/wp-content\/uploads\/2021\/05\/Marokko76_1_001-300x169.jpg 300w, https:\/\/jblanz.de\/WP\/wp-content\/uploads\/2021\/05\/Marokko76_1_001-768x432.jpg 768w, https:\/\/jblanz.de\/WP\/wp-content\/uploads\/2021\/05\/Marokko76_1_001.jpg 800w\" sizes=\"auto, (max-width: 300px) 100vw, 300px\" \/><\/figure><\/li><li class=\"blocks-gallery-item\"><figure><img loading=\"lazy\" decoding=\"async\" width=\"300\" height=\"169\" src=\"https:\/\/jblanz.de\/WP\/wp-content\/uploads\/2021\/05\/Marokko76_1_002-300x169.jpg\" alt=\"\" data-id=\"10188\" data-full-url=\"https:\/\/jblanz.de\/WP\/wp-content\/uploads\/2021\/05\/Marokko76_1_002.jpg\" data-link=\"https:\/\/jblanz.de\/WP\/4-7-april-1976-fahrt-nach-marokko\/marokko76_1_002\/\" class=\"wp-image-10188\" srcset=\"https:\/\/jblanz.de\/WP\/wp-content\/uploads\/2021\/05\/Marokko76_1_002-300x169.jpg 300w, https:\/\/jblanz.de\/WP\/wp-content\/uploads\/2021\/05\/Marokko76_1_002-768x432.jpg 768w, https:\/\/jblanz.de\/WP\/wp-content\/uploads\/2021\/05\/Marokko76_1_002.jpg 800w\" sizes=\"auto, (max-width: 300px) 100vw, 300px\" \/><\/figure><\/li><li class=\"blocks-gallery-item\"><figure><img loading=\"lazy\" decoding=\"async\" width=\"300\" height=\"169\" src=\"https:\/\/jblanz.de\/WP\/wp-content\/uploads\/2021\/05\/Marokko76_1_003-300x169.jpg\" alt=\"\" data-id=\"10189\" data-full-url=\"https:\/\/jblanz.de\/WP\/wp-content\/uploads\/2021\/05\/Marokko76_1_003.jpg\" data-link=\"https:\/\/jblanz.de\/WP\/4-7-april-1976-fahrt-nach-marokko\/marokko76_1_003\/\" class=\"wp-image-10189\" srcset=\"https:\/\/jblanz.de\/WP\/wp-content\/uploads\/2021\/05\/Marokko76_1_003-300x169.jpg 300w, https:\/\/jblanz.de\/WP\/wp-content\/uploads\/2021\/05\/Marokko76_1_003-768x432.jpg 768w, https:\/\/jblanz.de\/WP\/wp-content\/uploads\/2021\/05\/Marokko76_1_003.jpg 800w\" sizes=\"auto, (max-width: 300px) 100vw, 300px\" \/><\/figure><\/li><li class=\"blocks-gallery-item\"><figure><img loading=\"lazy\" decoding=\"async\" width=\"300\" height=\"169\" src=\"https:\/\/jblanz.de\/WP\/wp-content\/uploads\/2021\/05\/Marokko76_1_004-300x169.jpg\" alt=\"\" data-id=\"10190\" data-full-url=\"https:\/\/jblanz.de\/WP\/wp-content\/uploads\/2021\/05\/Marokko76_1_004.jpg\" data-link=\"https:\/\/jblanz.de\/WP\/4-7-april-1976-fahrt-nach-marokko\/marokko76_1_004\/\" class=\"wp-image-10190\" srcset=\"https:\/\/jblanz.de\/WP\/wp-content\/uploads\/2021\/05\/Marokko76_1_004-300x169.jpg 300w, https:\/\/jblanz.de\/WP\/wp-content\/uploads\/2021\/05\/Marokko76_1_004-768x432.jpg 768w, https:\/\/jblanz.de\/WP\/wp-content\/uploads\/2021\/05\/Marokko76_1_004.jpg 800w\" sizes=\"auto, (max-width: 300px) 100vw, 300px\" \/><\/figure><\/li><li class=\"blocks-gallery-item\"><figure><img loading=\"lazy\" decoding=\"async\" width=\"300\" height=\"169\" src=\"https:\/\/jblanz.de\/WP\/wp-content\/uploads\/2021\/05\/Marokko76_1_005-300x169.jpg\" alt=\"\" data-id=\"10191\" data-full-url=\"https:\/\/jblanz.de\/WP\/wp-content\/uploads\/2021\/05\/Marokko76_1_005.jpg\" data-link=\"https:\/\/jblanz.de\/WP\/4-7-april-1976-fahrt-nach-marokko\/marokko76_1_005\/\" class=\"wp-image-10191\" srcset=\"https:\/\/jblanz.de\/WP\/wp-content\/uploads\/2021\/05\/Marokko76_1_005-300x169.jpg 300w, https:\/\/jblanz.de\/WP\/wp-content\/uploads\/2021\/05\/Marokko76_1_005-768x432.jpg 768w, https:\/\/jblanz.de\/WP\/wp-content\/uploads\/2021\/05\/Marokko76_1_005.jpg 800w\" sizes=\"auto, (max-width: 300px) 100vw, 300px\" \/><\/figure><\/li><li class=\"blocks-gallery-item\"><figure><img loading=\"lazy\" decoding=\"async\" width=\"300\" height=\"169\" src=\"https:\/\/jblanz.de\/WP\/wp-content\/uploads\/2021\/05\/Marokko76_1_006-300x169.jpg\" alt=\"\" data-id=\"10192\" data-full-url=\"https:\/\/jblanz.de\/WP\/wp-content\/uploads\/2021\/05\/Marokko76_1_006.jpg\" data-link=\"https:\/\/jblanz.de\/WP\/4-7-april-1976-fahrt-nach-marokko\/marokko76_1_006\/\" class=\"wp-image-10192\" srcset=\"https:\/\/jblanz.de\/WP\/wp-content\/uploads\/2021\/05\/Marokko76_1_006-300x169.jpg 300w, https:\/\/jblanz.de\/WP\/wp-content\/uploads\/2021\/05\/Marokko76_1_006-768x432.jpg 768w, https:\/\/jblanz.de\/WP\/wp-content\/uploads\/2021\/05\/Marokko76_1_006.jpg 800w\" sizes=\"auto, (max-width: 300px) 100vw, 300px\" \/><\/figure><\/li><li class=\"blocks-gallery-item\"><figure><img loading=\"lazy\" decoding=\"async\" width=\"300\" height=\"169\" src=\"https:\/\/jblanz.de\/WP\/wp-content\/uploads\/2021\/05\/Marokko76_1_007-300x169.jpg\" alt=\"\" data-id=\"10193\" data-full-url=\"https:\/\/jblanz.de\/WP\/wp-content\/uploads\/2021\/05\/Marokko76_1_007.jpg\" data-link=\"https:\/\/jblanz.de\/WP\/4-7-april-1976-fahrt-nach-marokko\/marokko76_1_007\/\" class=\"wp-image-10193\" srcset=\"https:\/\/jblanz.de\/WP\/wp-content\/uploads\/2021\/05\/Marokko76_1_007-300x169.jpg 300w, https:\/\/jblanz.de\/WP\/wp-content\/uploads\/2021\/05\/Marokko76_1_007-768x432.jpg 768w, https:\/\/jblanz.de\/WP\/wp-content\/uploads\/2021\/05\/Marokko76_1_007.jpg 800w\" sizes=\"auto, (max-width: 300px) 100vw, 300px\" \/><\/figure><\/li><li class=\"blocks-gallery-item\"><figure><img loading=\"lazy\" decoding=\"async\" width=\"300\" height=\"169\" src=\"https:\/\/jblanz.de\/WP\/wp-content\/uploads\/2021\/05\/Marokko76_1_008-300x169.jpg\" alt=\"\" data-id=\"10194\" data-full-url=\"https:\/\/jblanz.de\/WP\/wp-content\/uploads\/2021\/05\/Marokko76_1_008.jpg\" data-link=\"https:\/\/jblanz.de\/WP\/4-7-april-1976-fahrt-nach-marokko\/marokko76_1_008\/\" class=\"wp-image-10194\" srcset=\"https:\/\/jblanz.de\/WP\/wp-content\/uploads\/2021\/05\/Marokko76_1_008-300x169.jpg 300w, https:\/\/jblanz.de\/WP\/wp-content\/uploads\/2021\/05\/Marokko76_1_008-768x432.jpg 768w, https:\/\/jblanz.de\/WP\/wp-content\/uploads\/2021\/05\/Marokko76_1_008.jpg 800w\" sizes=\"auto, (max-width: 300px) 100vw, 300px\" \/><\/figure><\/li><li class=\"blocks-gallery-item\"><figure><img loading=\"lazy\" decoding=\"async\" width=\"800\" height=\"450\" src=\"https:\/\/jblanz.de\/WP\/wp-content\/uploads\/2021\/05\/Marokko76_1_009.jpg\" alt=\"\" data-id=\"10195\" data-full-url=\"https:\/\/jblanz.de\/WP\/wp-content\/uploads\/2021\/05\/Marokko76_1_009.jpg\" data-link=\"https:\/\/jblanz.de\/WP\/4-7-april-1976-fahrt-nach-marokko\/marokko76_1_009\/\" class=\"wp-image-10195\" srcset=\"https:\/\/jblanz.de\/WP\/wp-content\/uploads\/2021\/05\/Marokko76_1_009.jpg 800w, https:\/\/jblanz.de\/WP\/wp-content\/uploads\/2021\/05\/Marokko76_1_009-300x169.jpg 300w, https:\/\/jblanz.de\/WP\/wp-content\/uploads\/2021\/05\/Marokko76_1_009-768x432.jpg 768w\" sizes=\"auto, (max-width: 800px) 100vw, 800px\" \/><\/figure><\/li><\/ul><\/figure>\n\n\n\n<p>Dann kamen wir zur Grenze nach Marokko. In Spanien mussten wir noch rechts rausfahren, einen Zettel mit Autonummer, Personenzahl und Pass stempeln lassen. Neben dem Schalter stand ein Typ, der uns Geld zum angeblich offiziellen Kurs wechseln wollte. Wir waren ziemlich nerv\u00f6s und wussten nicht, wie wir uns verhalten sollten. Das muss ein anderer Typ bemerkt haben. Er kam und half uns durch die marokkanische Grenze. Erstens &#8211; Zettel mit Personalien ausf\u00fcllen. Zweitens &#8211; mit den Reisep\u00e4ssen zu einem Wagen, in dem die P\u00e4sse gepr\u00fcft und gestempelt wurden. Drittens &#8211; Geld wechseln und Haftpflichtversicherung f\u00fcr das Auto f\u00fcr einen Monat abschlie\u00dfen (circa 60 DM). Als Ausl\u00e4nder bekamen wir Benzingutscheine, deren Einl\u00f6sung wir auf einer speziellen Karte eintragen mussten. Der Typ, der uns begleitete, hat dauernd mit uns gequatscht und uns irgendwelche Ratschl\u00e4ge gegeben. Dann kam die Zollkontrolle. Wir wurden nach Waffen gefragt, dann noch eine Polizeikontrolle, wieder die Frage nach Waffen. Der Inhalt unseres VW Busses wird gr\u00fcndlich inspiziert. Man fragte uns nach Zeitungen, wohl weil die Z\u00f6llner und Polizisten Nacktbilder oder Pornos suchten, deren Einfuhr verboten war. Sie fanden lediglich 3 Stangen Marlboro, die wir in Ceuta gekauft hatten und teilten uns freudestrahlend mit, dass sie eine Stange f\u00fcr sich behalten. Zuletzt verlangte auch noch der Schlepper als Lohn Zigaretten und zus\u00e4tzlich 10 Dirham als Entlohnung. Wir bezahlten ohne lange zu diskutieren und waren froh den Typen los und durch die Grenze gekommen zu sein. Unterwegs regten wir uns \u00fcber die Behandlung durch die Z\u00f6llner auf. Dass wir uns zwei Mal hintereinander ausnehmen liessen, besch\u00e4ftigte uns ziemlich und wir waren ziemlich sauer.<\/p>\n<p>Nach der Grenze ging die Fahrt weiter \u00fcber Tetuan nach Tanger, eine Strecke von ca 100 km, alles Landstrasse. Als wir kurz anhielten, sprang der Motor nicht mehr an. Manfred fand zwar schnell die Ursache &#8211; eine Sicherung war verrutscht, aber als Hartmut den Bus verliess, kamen gerade zwei Marokkaner vorbei und fragten freundlich, ob sie uns helfen k\u00f6nnten und ob wir Haschisch kaufen wollten. Hartmuts Nerven lagen nach den Erfahrungen an der Grenze blank und so schrie er die beiden an, sie sollten blo\u00df verschwinden. Immer wieder rannten Kinder auf die Stra\u00dfe und es wurde langsam dunkel. Wir fanden uns in einer komplett anderen Welt wieder. Keine Stra\u00dfenbeleuchtung in den D\u00f6rfern, die Menschen trugen dunkle Dschelabas, so dass sie in der Dunkelheit kaum zu sehen waren. Alle M\u00e4nner hatten lange silberfunkelnde Messer an einem G\u00fcrtel h\u00e4ngen und die meisten Frauen trugen einen Schleier. F\u00fcr uns war dieser Tag ein echter Kulturschock. In Tanger fuhren wir auf den Camping Tingis und trafen dort die M\u00fcnchner wieder, die wir auf der F\u00e4hre kennengelernt hatten. Hartmut und Manfred schliefen im Zelt, ich im Bus. Immerhin hatten wir den ganzen Tag strahlenden Sonnenschein.<\/p>\n\n\n\n<figure class=\"wp-block-gallery columns-2 is-cropped wp-block-gallery-3 is-layout-flex wp-block-gallery-is-layout-flex\"><ul class=\"blocks-gallery-grid\"><li class=\"blocks-gallery-item\"><figure><img loading=\"lazy\" decoding=\"async\" width=\"300\" height=\"169\" src=\"https:\/\/jblanz.de\/WP\/wp-content\/uploads\/2021\/05\/Marokko76_1_012-300x169.jpg\" alt=\"\" data-id=\"10199\" data-full-url=\"https:\/\/jblanz.de\/WP\/wp-content\/uploads\/2021\/05\/Marokko76_1_012.jpg\" data-link=\"https:\/\/jblanz.de\/WP\/4-7-april-1976-fahrt-nach-marokko\/marokko76_1_012\/\" class=\"wp-image-10199\" srcset=\"https:\/\/jblanz.de\/WP\/wp-content\/uploads\/2021\/05\/Marokko76_1_012-300x169.jpg 300w, https:\/\/jblanz.de\/WP\/wp-content\/uploads\/2021\/05\/Marokko76_1_012-768x432.jpg 768w, https:\/\/jblanz.de\/WP\/wp-content\/uploads\/2021\/05\/Marokko76_1_012.jpg 800w\" sizes=\"auto, (max-width: 300px) 100vw, 300px\" \/><\/figure><\/li><li class=\"blocks-gallery-item\"><figure><img loading=\"lazy\" decoding=\"async\" width=\"800\" height=\"450\" src=\"https:\/\/jblanz.de\/WP\/wp-content\/uploads\/2021\/05\/Marokko76_1_013.jpg\" alt=\"\" data-id=\"10200\" data-full-url=\"https:\/\/jblanz.de\/WP\/wp-content\/uploads\/2021\/05\/Marokko76_1_013.jpg\" data-link=\"https:\/\/jblanz.de\/WP\/4-7-april-1976-fahrt-nach-marokko\/marokko76_1_013\/\" class=\"wp-image-10200\" srcset=\"https:\/\/jblanz.de\/WP\/wp-content\/uploads\/2021\/05\/Marokko76_1_013.jpg 800w, https:\/\/jblanz.de\/WP\/wp-content\/uploads\/2021\/05\/Marokko76_1_013-300x169.jpg 300w, https:\/\/jblanz.de\/WP\/wp-content\/uploads\/2021\/05\/Marokko76_1_013-768x432.jpg 768w\" sizes=\"auto, (max-width: 800px) 100vw, 800px\" \/><\/figure><\/li><\/ul><\/figure>\n\n\n\n<p>7. April 1976 &#8211; Der Kulturschock hielt an. Keiner von uns versp\u00fcrte Lust den Campingplatz zu verlassen. Wir wollten erst einmal nur ausruhen und uns von der langen Anreise erholen.<\/p>\n","protected":false},"excerpt":{"rendered":"<p>Diese Reisebeschreibung basiert auf einem Tagebuch, das ich w\u00e4hrend der Reise geschrieben habe. Die Beitr\u00e4ge wurden im Mai 2021 geschrieben,<\/p>\n","protected":false},"author":1,"featured_media":10192,"comment_status":"open","ping_status":"open","sticky":false,"template":"","format":"standard","meta":{"colormag_page_container_layout":"default_layout","colormag_page_sidebar_layout":"default_layout","_monsterinsights_skip_tracking":false,"_monsterinsights_sitenote_active":false,"_monsterinsights_sitenote_note":"","_monsterinsights_sitenote_category":0,"footnotes":""},"categories":[233,236,234,238],"tags":[235],"class_list":["post-10014","post","type-post","status-publish","format-standard","has-post-thumbnail","hentry","category-233","category-afrika","category-marokko","category-marokko-1976","tag-marokko"],"yoast_head":"<!-- This site is optimized with the Yoast SEO plugin v27.4 - https:\/\/yoast.com\/product\/yoast-seo-wordpress\/ -->\n<title>4. - 7. April 1976 - Fahrt nach Marokko - Reiseblog von Karin &amp; Joachim<\/title>\n<meta name=\"robots\" content=\"index, follow, max-snippet:-1, max-image-preview:large, max-video-preview:-1\" \/>\n<link rel=\"canonical\" href=\"https:\/\/jblanz.de\/WP\/4-7-april-1976-fahrt-nach-marokko\/\" \/>\n<meta property=\"og:locale\" content=\"de_DE\" \/>\n<meta property=\"og:type\" content=\"article\" \/>\n<meta property=\"og:title\" content=\"4. - 7. April 1976 - Fahrt nach Marokko - Reiseblog von Karin &amp; Joachim\" \/>\n<meta property=\"og:description\" content=\"Diese Reisebeschreibung basiert auf einem Tagebuch, das ich w\u00e4hrend der Reise geschrieben habe. Die Beitr\u00e4ge wurden im Mai 2021 geschrieben,\" \/>\n<meta property=\"og:url\" content=\"https:\/\/jblanz.de\/WP\/4-7-april-1976-fahrt-nach-marokko\/\" \/>\n<meta property=\"og:site_name\" content=\"Reiseblog von Karin &amp; Joachim\" \/>\n<meta property=\"article:published_time\" content=\"1976-04-07T19:00:00+00:00\" \/>\n<meta property=\"article:modified_time\" content=\"2021-07-19T12:33:24+00:00\" \/>\n<meta property=\"og:image\" content=\"https:\/\/jblanz.de\/WP\/wp-content\/uploads\/2021\/05\/Marokko76_1_006.jpg\" \/>\n\t<meta property=\"og:image:width\" content=\"800\" \/>\n\t<meta property=\"og:image:height\" content=\"450\" \/>\n\t<meta property=\"og:image:type\" content=\"image\/jpeg\" \/>\n<meta name=\"author\" content=\"Achim\" \/>\n<meta name=\"twitter:card\" content=\"summary_large_image\" \/>\n<meta name=\"twitter:label1\" content=\"Verfasst von\" \/>\n\t<meta name=\"twitter:data1\" content=\"Achim\" \/>\n\t<meta name=\"twitter:label2\" content=\"Gesch\u00e4tzte Lesezeit\" \/>\n\t<meta name=\"twitter:data2\" content=\"7\u00a0Minuten\" \/>\n<script type=\"application\/ld+json\" class=\"yoast-schema-graph\">{\"@context\":\"https:\\\/\\\/schema.org\",\"@graph\":[{\"@type\":\"Article\",\"@id\":\"https:\\\/\\\/jblanz.de\\\/WP\\\/4-7-april-1976-fahrt-nach-marokko\\\/#article\",\"isPartOf\":{\"@id\":\"https:\\\/\\\/jblanz.de\\\/WP\\\/4-7-april-1976-fahrt-nach-marokko\\\/\"},\"author\":{\"name\":\"Achim\",\"@id\":\"https:\\\/\\\/jblanz.de\\\/WP\\\/#\\\/schema\\\/person\\\/17a70f07162e42bc0b181c22397286e0\"},\"headline\":\"4. &#8211; 7. April 1976 &#8211; Fahrt nach Marokko\",\"datePublished\":\"1976-04-07T19:00:00+00:00\",\"dateModified\":\"2021-07-19T12:33:24+00:00\",\"mainEntityOfPage\":{\"@id\":\"https:\\\/\\\/jblanz.de\\\/WP\\\/4-7-april-1976-fahrt-nach-marokko\\\/\"},\"wordCount\":926,\"commentCount\":0,\"publisher\":{\"@id\":\"https:\\\/\\\/jblanz.de\\\/WP\\\/#\\\/schema\\\/person\\\/17a70f07162e42bc0b181c22397286e0\"},\"image\":{\"@id\":\"https:\\\/\\\/jblanz.de\\\/WP\\\/4-7-april-1976-fahrt-nach-marokko\\\/#primaryimage\"},\"thumbnailUrl\":\"https:\\\/\\\/jblanz.de\\\/WP\\\/wp-content\\\/uploads\\\/2021\\\/05\\\/Marokko76_1_006.jpg\",\"keywords\":[\"Marokko\"],\"articleSection\":[\"1976\",\"Afrika\",\"Marokko\",\"Marokko 1976\"],\"inLanguage\":\"de\",\"potentialAction\":[{\"@type\":\"CommentAction\",\"name\":\"Comment\",\"target\":[\"https:\\\/\\\/jblanz.de\\\/WP\\\/4-7-april-1976-fahrt-nach-marokko\\\/#respond\"]}]},{\"@type\":\"WebPage\",\"@id\":\"https:\\\/\\\/jblanz.de\\\/WP\\\/4-7-april-1976-fahrt-nach-marokko\\\/\",\"url\":\"https:\\\/\\\/jblanz.de\\\/WP\\\/4-7-april-1976-fahrt-nach-marokko\\\/\",\"name\":\"4. - 7. April 1976 - Fahrt nach Marokko - Reiseblog von Karin &amp; Joachim\",\"isPartOf\":{\"@id\":\"https:\\\/\\\/jblanz.de\\\/WP\\\/#website\"},\"primaryImageOfPage\":{\"@id\":\"https:\\\/\\\/jblanz.de\\\/WP\\\/4-7-april-1976-fahrt-nach-marokko\\\/#primaryimage\"},\"image\":{\"@id\":\"https:\\\/\\\/jblanz.de\\\/WP\\\/4-7-april-1976-fahrt-nach-marokko\\\/#primaryimage\"},\"thumbnailUrl\":\"https:\\\/\\\/jblanz.de\\\/WP\\\/wp-content\\\/uploads\\\/2021\\\/05\\\/Marokko76_1_006.jpg\",\"datePublished\":\"1976-04-07T19:00:00+00:00\",\"dateModified\":\"2021-07-19T12:33:24+00:00\",\"breadcrumb\":{\"@id\":\"https:\\\/\\\/jblanz.de\\\/WP\\\/4-7-april-1976-fahrt-nach-marokko\\\/#breadcrumb\"},\"inLanguage\":\"de\",\"potentialAction\":[{\"@type\":\"ReadAction\",\"target\":[\"https:\\\/\\\/jblanz.de\\\/WP\\\/4-7-april-1976-fahrt-nach-marokko\\\/\"]}]},{\"@type\":\"ImageObject\",\"inLanguage\":\"de\",\"@id\":\"https:\\\/\\\/jblanz.de\\\/WP\\\/4-7-april-1976-fahrt-nach-marokko\\\/#primaryimage\",\"url\":\"https:\\\/\\\/jblanz.de\\\/WP\\\/wp-content\\\/uploads\\\/2021\\\/05\\\/Marokko76_1_006.jpg\",\"contentUrl\":\"https:\\\/\\\/jblanz.de\\\/WP\\\/wp-content\\\/uploads\\\/2021\\\/05\\\/Marokko76_1_006.jpg\",\"width\":800,\"height\":450},{\"@type\":\"BreadcrumbList\",\"@id\":\"https:\\\/\\\/jblanz.de\\\/WP\\\/4-7-april-1976-fahrt-nach-marokko\\\/#breadcrumb\",\"itemListElement\":[{\"@type\":\"ListItem\",\"position\":1,\"name\":\"Startseite\",\"item\":\"https:\\\/\\\/jblanz.de\\\/WP\\\/\"},{\"@type\":\"ListItem\",\"position\":2,\"name\":\"4. &#8211; 7. April 1976 &#8211; Fahrt nach Marokko\"}]},{\"@type\":\"WebSite\",\"@id\":\"https:\\\/\\\/jblanz.de\\\/WP\\\/#website\",\"url\":\"https:\\\/\\\/jblanz.de\\\/WP\\\/\",\"name\":\"Reiseblog von Karin & Joachim\",\"description\":\"Wir schreiben den Blog f\u00fcr uns als Erinnerung - f\u00fcr euch als Inspiration\",\"publisher\":{\"@id\":\"https:\\\/\\\/jblanz.de\\\/WP\\\/#\\\/schema\\\/person\\\/17a70f07162e42bc0b181c22397286e0\"},\"potentialAction\":[{\"@type\":\"SearchAction\",\"target\":{\"@type\":\"EntryPoint\",\"urlTemplate\":\"https:\\\/\\\/jblanz.de\\\/WP\\\/?s={search_term_string}\"},\"query-input\":{\"@type\":\"PropertyValueSpecification\",\"valueRequired\":true,\"valueName\":\"search_term_string\"}}],\"inLanguage\":\"de\"},{\"@type\":[\"Person\",\"Organization\"],\"@id\":\"https:\\\/\\\/jblanz.de\\\/WP\\\/#\\\/schema\\\/person\\\/17a70f07162e42bc0b181c22397286e0\",\"name\":\"Achim\",\"image\":{\"@type\":\"ImageObject\",\"inLanguage\":\"de\",\"@id\":\"https:\\\/\\\/secure.gravatar.com\\\/avatar\\\/b7ab31bc55956af4a9bebf7fd034761212b11b803b7e39464914d6abeefb12f3?s=96&d=mm&r=g\",\"url\":\"https:\\\/\\\/secure.gravatar.com\\\/avatar\\\/b7ab31bc55956af4a9bebf7fd034761212b11b803b7e39464914d6abeefb12f3?s=96&d=mm&r=g\",\"contentUrl\":\"https:\\\/\\\/secure.gravatar.com\\\/avatar\\\/b7ab31bc55956af4a9bebf7fd034761212b11b803b7e39464914d6abeefb12f3?s=96&d=mm&r=g\",\"caption\":\"Achim\"},\"logo\":{\"@id\":\"https:\\\/\\\/secure.gravatar.com\\\/avatar\\\/b7ab31bc55956af4a9bebf7fd034761212b11b803b7e39464914d6abeefb12f3?s=96&d=mm&r=g\"},\"url\":\"https:\\\/\\\/jblanz.de\\\/WP\\\/author\\\/achim\\\/\"}]}<\/script>\n<!-- \/ Yoast SEO plugin. -->","yoast_head_json":{"title":"4. - 7. April 1976 - Fahrt nach Marokko - Reiseblog von Karin &amp; Joachim","robots":{"index":"index","follow":"follow","max-snippet":"max-snippet:-1","max-image-preview":"max-image-preview:large","max-video-preview":"max-video-preview:-1"},"canonical":"https:\/\/jblanz.de\/WP\/4-7-april-1976-fahrt-nach-marokko\/","og_locale":"de_DE","og_type":"article","og_title":"4. - 7. April 1976 - Fahrt nach Marokko - Reiseblog von Karin &amp; Joachim","og_description":"Diese Reisebeschreibung basiert auf einem Tagebuch, das ich w\u00e4hrend der Reise geschrieben habe. Die Beitr\u00e4ge wurden im Mai 2021 geschrieben,","og_url":"https:\/\/jblanz.de\/WP\/4-7-april-1976-fahrt-nach-marokko\/","og_site_name":"Reiseblog von Karin &amp; Joachim","article_published_time":"1976-04-07T19:00:00+00:00","article_modified_time":"2021-07-19T12:33:24+00:00","og_image":[{"width":800,"height":450,"url":"https:\/\/jblanz.de\/WP\/wp-content\/uploads\/2021\/05\/Marokko76_1_006.jpg","type":"image\/jpeg"}],"author":"Achim","twitter_card":"summary_large_image","twitter_misc":{"Verfasst von":"Achim","Gesch\u00e4tzte Lesezeit":"7\u00a0Minuten"},"schema":{"@context":"https:\/\/schema.org","@graph":[{"@type":"Article","@id":"https:\/\/jblanz.de\/WP\/4-7-april-1976-fahrt-nach-marokko\/#article","isPartOf":{"@id":"https:\/\/jblanz.de\/WP\/4-7-april-1976-fahrt-nach-marokko\/"},"author":{"name":"Achim","@id":"https:\/\/jblanz.de\/WP\/#\/schema\/person\/17a70f07162e42bc0b181c22397286e0"},"headline":"4. &#8211; 7. April 1976 &#8211; Fahrt nach Marokko","datePublished":"1976-04-07T19:00:00+00:00","dateModified":"2021-07-19T12:33:24+00:00","mainEntityOfPage":{"@id":"https:\/\/jblanz.de\/WP\/4-7-april-1976-fahrt-nach-marokko\/"},"wordCount":926,"commentCount":0,"publisher":{"@id":"https:\/\/jblanz.de\/WP\/#\/schema\/person\/17a70f07162e42bc0b181c22397286e0"},"image":{"@id":"https:\/\/jblanz.de\/WP\/4-7-april-1976-fahrt-nach-marokko\/#primaryimage"},"thumbnailUrl":"https:\/\/jblanz.de\/WP\/wp-content\/uploads\/2021\/05\/Marokko76_1_006.jpg","keywords":["Marokko"],"articleSection":["1976","Afrika","Marokko","Marokko 1976"],"inLanguage":"de","potentialAction":[{"@type":"CommentAction","name":"Comment","target":["https:\/\/jblanz.de\/WP\/4-7-april-1976-fahrt-nach-marokko\/#respond"]}]},{"@type":"WebPage","@id":"https:\/\/jblanz.de\/WP\/4-7-april-1976-fahrt-nach-marokko\/","url":"https:\/\/jblanz.de\/WP\/4-7-april-1976-fahrt-nach-marokko\/","name":"4. - 7. April 1976 - Fahrt nach Marokko - Reiseblog von Karin &amp; Joachim","isPartOf":{"@id":"https:\/\/jblanz.de\/WP\/#website"},"primaryImageOfPage":{"@id":"https:\/\/jblanz.de\/WP\/4-7-april-1976-fahrt-nach-marokko\/#primaryimage"},"image":{"@id":"https:\/\/jblanz.de\/WP\/4-7-april-1976-fahrt-nach-marokko\/#primaryimage"},"thumbnailUrl":"https:\/\/jblanz.de\/WP\/wp-content\/uploads\/2021\/05\/Marokko76_1_006.jpg","datePublished":"1976-04-07T19:00:00+00:00","dateModified":"2021-07-19T12:33:24+00:00","breadcrumb":{"@id":"https:\/\/jblanz.de\/WP\/4-7-april-1976-fahrt-nach-marokko\/#breadcrumb"},"inLanguage":"de","potentialAction":[{"@type":"ReadAction","target":["https:\/\/jblanz.de\/WP\/4-7-april-1976-fahrt-nach-marokko\/"]}]},{"@type":"ImageObject","inLanguage":"de","@id":"https:\/\/jblanz.de\/WP\/4-7-april-1976-fahrt-nach-marokko\/#primaryimage","url":"https:\/\/jblanz.de\/WP\/wp-content\/uploads\/2021\/05\/Marokko76_1_006.jpg","contentUrl":"https:\/\/jblanz.de\/WP\/wp-content\/uploads\/2021\/05\/Marokko76_1_006.jpg","width":800,"height":450},{"@type":"BreadcrumbList","@id":"https:\/\/jblanz.de\/WP\/4-7-april-1976-fahrt-nach-marokko\/#breadcrumb","itemListElement":[{"@type":"ListItem","position":1,"name":"Startseite","item":"https:\/\/jblanz.de\/WP\/"},{"@type":"ListItem","position":2,"name":"4. &#8211; 7. April 1976 &#8211; Fahrt nach Marokko"}]},{"@type":"WebSite","@id":"https:\/\/jblanz.de\/WP\/#website","url":"https:\/\/jblanz.de\/WP\/","name":"Reiseblog von Karin & Joachim","description":"Wir schreiben den Blog f\u00fcr uns als Erinnerung - f\u00fcr euch als Inspiration","publisher":{"@id":"https:\/\/jblanz.de\/WP\/#\/schema\/person\/17a70f07162e42bc0b181c22397286e0"},"potentialAction":[{"@type":"SearchAction","target":{"@type":"EntryPoint","urlTemplate":"https:\/\/jblanz.de\/WP\/?s={search_term_string}"},"query-input":{"@type":"PropertyValueSpecification","valueRequired":true,"valueName":"search_term_string"}}],"inLanguage":"de"},{"@type":["Person","Organization"],"@id":"https:\/\/jblanz.de\/WP\/#\/schema\/person\/17a70f07162e42bc0b181c22397286e0","name":"Achim","image":{"@type":"ImageObject","inLanguage":"de","@id":"https:\/\/secure.gravatar.com\/avatar\/b7ab31bc55956af4a9bebf7fd034761212b11b803b7e39464914d6abeefb12f3?s=96&d=mm&r=g","url":"https:\/\/secure.gravatar.com\/avatar\/b7ab31bc55956af4a9bebf7fd034761212b11b803b7e39464914d6abeefb12f3?s=96&d=mm&r=g","contentUrl":"https:\/\/secure.gravatar.com\/avatar\/b7ab31bc55956af4a9bebf7fd034761212b11b803b7e39464914d6abeefb12f3?s=96&d=mm&r=g","caption":"Achim"},"logo":{"@id":"https:\/\/secure.gravatar.com\/avatar\/b7ab31bc55956af4a9bebf7fd034761212b11b803b7e39464914d6abeefb12f3?s=96&d=mm&r=g"},"url":"https:\/\/jblanz.de\/WP\/author\/achim\/"}]}},"_links":{"self":[{"href":"https:\/\/jblanz.de\/WP\/wp-json\/wp\/v2\/posts\/10014","targetHints":{"allow":["GET"]}}],"collection":[{"href":"https:\/\/jblanz.de\/WP\/wp-json\/wp\/v2\/posts"}],"about":[{"href":"https:\/\/jblanz.de\/WP\/wp-json\/wp\/v2\/types\/post"}],"author":[{"embeddable":true,"href":"https:\/\/jblanz.de\/WP\/wp-json\/wp\/v2\/users\/1"}],"replies":[{"embeddable":true,"href":"https:\/\/jblanz.de\/WP\/wp-json\/wp\/v2\/comments?post=10014"}],"version-history":[{"count":0,"href":"https:\/\/jblanz.de\/WP\/wp-json\/wp\/v2\/posts\/10014\/revisions"}],"wp:featuredmedia":[{"embeddable":true,"href":"https:\/\/jblanz.de\/WP\/wp-json\/wp\/v2\/media\/10192"}],"wp:attachment":[{"href":"https:\/\/jblanz.de\/WP\/wp-json\/wp\/v2\/media?parent=10014"}],"wp:term":[{"taxonomy":"category","embeddable":true,"href":"https:\/\/jblanz.de\/WP\/wp-json\/wp\/v2\/categories?post=10014"},{"taxonomy":"post_tag","embeddable":true,"href":"https:\/\/jblanz.de\/WP\/wp-json\/wp\/v2\/tags?post=10014"}],"curies":[{"name":"wp","href":"https:\/\/api.w.org\/{rel}","templated":true}]}}