{"id":10019,"date":"1976-04-10T16:29:00","date_gmt":"1976-04-10T15:29:00","guid":{"rendered":"https:\/\/jblanz.de\/WP\/?p=10019"},"modified":"2023-11-23T17:07:37","modified_gmt":"2023-11-23T16:07:37","slug":"8-10-april-1976-aufenthalt-in-tanger-und-weiterfahrt","status":"publish","type":"post","link":"https:\/\/jblanz.de\/WP\/8-10-april-1976-aufenthalt-in-tanger-und-weiterfahrt\/","title":{"rendered":"8. &#8211; 10. April 1976 &#8211; Aufenthalt in Tanger"},"content":{"rendered":"\n<p>8. April 1976 &#8211; Morgens regnete es, daher Fr\u00fchst\u00fcck im Bus. Dann gingen wir in die Bar und unterhielten uns mit einem Marokkaner und lernten einen Jungen (ca. 7 Jahre alt) kennen, der fliessend spanisch und deutsch sprach. Der Vater des Jungen fragte uns, ob wir Geld wechseln wollten. Er h\u00e4tte noch DM, aber die Bank w\u00fcrde es nicht wechseln und ausf\u00fchren d\u00fcrfte er es auch nicht. Ein marokkanischer Dirham entsprach im April 1976 etwa 0,21 Euro.<br \/>Mittags fuhren wir dann nach Tanger rein. Wurden dauernd von Leuten angequatscht, ob wir Haschisch kaufen wollen, viele Blinde. Kinder rannten hinter uns her und fragten, ob wir Zeitungen kaufen wollen oder bettelten um eine Zigarette. Wir gingen zur Bank, wechselten 200 DM und anschlie\u00dfend noch zur Post. Ich kaufte Briefmarken, Hartmut wollte nach Stuttgart telefonieren, er wartete \u00fcber 1 Stunde bis er eine Verbindung hatte. Manfred und ich sassen derweil gegen\u00fcber der Post in einem Stra\u00dfencafe und tranken Kaffee und Pfefferminztee. Ich schrieb die Postkarten und als ich r\u00fcber ging zur Post, um sie einzuwerfen, redeten mich zwei in Jeans gekleidete Marokkaner an. Sie wollten nur deutsch sprechen, sagten sie und wir seien doch 3 Leute &#8211; wo die Anderen seien, fragten sie. Sein Bruder, der im Hilton arbeitet, wohnte in D\u00fcsseldorf und so weiter und so weiter. Ob wir schon die Stadt gesehen h\u00e4tten, fragten Sie. Ablehnende Reaktion von mir, aber er versicherte, er wollte kein Geld daf\u00fcr. Ich lehnte trotzdem ab. Wir wurden dauernd von ihnen beobachtet. Schlie\u00dflich liessen wir uns von ihnen die Medina zeigen. Ungutes Gef\u00fchl, ich hielt krampfhaft meine Kamera fest, die ich in der Tasche das Parkas hatte. Drei Typen hinter uns, wir hielten kurz an und lassen Sie vorbei gehen. Der Marokkaner erkl\u00e4rte nichts, sondern f\u00fchrte uns nur schnell durch die engen Gassen der Medina, in der \u00fcber 10.000 Menschen wohnten. An einem Laden forderte er uns auf die Sachen doch einmal anzuschauen und ruhig rein zu gehen. Er stellte sich sp\u00e4ter heraus, dass der Laden dessen Bruder geh\u00f6rte. F\u00fcr eine gro\u00dfe Wasserpfeife wollte er 200 Dirham (42 \u20ac) haben, f\u00fcr eine kleine 170 Dirham. Kurz bevor wir gingen, zahlte ich nach z\u00e4hem Handeln schlie\u00dflich 25 Dirham (5,25 \u20ac) f\u00fcr die Pfeife. Ich wollte noch eine Dschellaba, er wollte 180 ich biete 60, nach einiger Zeit einigten wir uns auf einen Preis von 80 Dirham. Hartmut kaufte nach langem Handeln eine Decke (von 300 herab auf 95 Dirham). Wir tranken schmackhaften Pfefferminztee und unsere Angst hatte sich etwas gelegt, da wir nun endlich wussten, dass der Typ nur ein Schlepper war, der sich eine Provision verdienen wollte. Nachdem sich die Stimmung etwas gebessert hatte, gab uns unser F\u00fchrer noch gute Ratschl\u00e4ge wie wir verhandelt sollten &#8211; immer l\u00e4cheln und fr\u00f6hlich sein. Manfred war recht reserviert. Wahrscheinlich hatten wir viel zu viel bezahlt. Der Schlepper brachte uns dann so schnell wie m\u00f6glich zum Markt, wo wir etwas f\u00fcr das Abendessen einkauften. Als wir fragten, was er f\u00fcr die F\u00fchrung m\u00f6chte, sagte er nur, dass das bei uns l\u00e4ge. Wir gaben ihm zehn Dirham und gingen dann zum Auto. Es hatte wieder zu regnen begonnen. Dann passte der Z\u00fcndschl\u00fcssel nicht mehr und w\u00e4hrend Manfred am Schloss herumschraubte, stand vor dem Fenster ein alter Mann und schaute ins Auto hinein. Uns war schon ziemlich komisch zumute. Endlich ging er. Im Lauf unserer Reise erfuhren wir, dass diese alten M\u00e4nner offiziell lizenzierte Parkplatzw\u00e4chter sind, die Strassenabschnitte bewachen. Wir fuhren zur\u00fcck zum Campingplatz, a\u00dfen zu Abend und unterhielten uns noch eine Weile. Schlecht war, dass in dem Laden jeder deutsch sprach. So konnten wir nie ungest\u00f6rt miteinander reden.<\/p>\n\n\n\n<p>9. April 1976 &#8211; Morgens beim Fr\u00fchst\u00fcck gesellte sich ein Marokkaner namens Sidi zu uns, der auch ein Zelt auf dem Campingplatz hatte. Als wir ihn fragten, welche Sehensw\u00fcrdigkeiten es in Tanger zu besichtigen g\u00e4be, erkl\u00e4rte er sich bereit uns nachmittags bei einer Stadtrundfahrt zu begleiten, um damit seine Sprachkenntnisse zu erweitern. Erst ging es jedoch zum Kamelreiten. Sidi, der Mann im roten Pullover, verhandelte den Preis und Hartmut und Manfred stiegen auf.<\/p>\n\n\n\n<figure class=\"wp-block-gallery has-nested-images columns-2 is-cropped wp-block-gallery-2 is-layout-flex wp-block-gallery-is-layout-flex\">\n<figure class=\"wp-block-image size-large\"><img loading=\"lazy\" decoding=\"async\" width=\"800\" height=\"450\" data-id=\"10208\" src=\"https:\/\/jblanz.de\/WP\/wp-content\/uploads\/2021\/05\/Marokko76_1_014.jpg\" alt=\"\" class=\"wp-image-10208\" srcset=\"https:\/\/jblanz.de\/WP\/wp-content\/uploads\/2021\/05\/Marokko76_1_014.jpg 800w, https:\/\/jblanz.de\/WP\/wp-content\/uploads\/2021\/05\/Marokko76_1_014-300x169.jpg 300w, https:\/\/jblanz.de\/WP\/wp-content\/uploads\/2021\/05\/Marokko76_1_014-768x432.jpg 768w\" sizes=\"auto, (max-width: 800px) 100vw, 800px\" \/><\/figure>\n\n\n\n<figure class=\"wp-block-image size-large\"><img loading=\"lazy\" decoding=\"async\" width=\"800\" height=\"450\" data-id=\"10209\" src=\"https:\/\/jblanz.de\/WP\/wp-content\/uploads\/2021\/05\/Marokko76_1_015.jpg\" alt=\"\" class=\"wp-image-10209\" srcset=\"https:\/\/jblanz.de\/WP\/wp-content\/uploads\/2021\/05\/Marokko76_1_015.jpg 800w, https:\/\/jblanz.de\/WP\/wp-content\/uploads\/2021\/05\/Marokko76_1_015-300x169.jpg 300w, https:\/\/jblanz.de\/WP\/wp-content\/uploads\/2021\/05\/Marokko76_1_015-768x432.jpg 768w\" sizes=\"auto, (max-width: 800px) 100vw, 800px\" \/><\/figure>\n\n\n\n<figure class=\"wp-block-image size-large\"><img loading=\"lazy\" decoding=\"async\" width=\"800\" height=\"450\" data-id=\"10210\" src=\"https:\/\/jblanz.de\/WP\/wp-content\/uploads\/2021\/05\/Marokko76_1_016.jpg\" alt=\"\" class=\"wp-image-10210\" srcset=\"https:\/\/jblanz.de\/WP\/wp-content\/uploads\/2021\/05\/Marokko76_1_016.jpg 800w, https:\/\/jblanz.de\/WP\/wp-content\/uploads\/2021\/05\/Marokko76_1_016-300x169.jpg 300w, https:\/\/jblanz.de\/WP\/wp-content\/uploads\/2021\/05\/Marokko76_1_016-768x432.jpg 768w\" sizes=\"auto, (max-width: 800px) 100vw, 800px\" \/><\/figure>\n\n\n\n<figure class=\"wp-block-image size-large\"><img loading=\"lazy\" decoding=\"async\" width=\"800\" height=\"450\" data-id=\"10261\" src=\"https:\/\/jblanz.de\/WP\/wp-content\/uploads\/2021\/05\/Marokko76_6_035-2.jpg\" alt=\"\" class=\"wp-image-10261\" srcset=\"https:\/\/jblanz.de\/WP\/wp-content\/uploads\/2021\/05\/Marokko76_6_035-2.jpg 800w, https:\/\/jblanz.de\/WP\/wp-content\/uploads\/2021\/05\/Marokko76_6_035-2-300x169.jpg 300w, https:\/\/jblanz.de\/WP\/wp-content\/uploads\/2021\/05\/Marokko76_6_035-2-768x432.jpg 768w\" sizes=\"auto, (max-width: 800px) 100vw, 800px\" \/><\/figure>\n<\/figure>\n\n\n\n<p>Dann fuhren wir mit ihm in das &#8222;Montagne&#8220;, dem Reichenviertel und Erholungszentrum der Stadt.&nbsp; Weiter zum Cap Spartel und in die Grottes d&#8217;Hercule. Er zeigte sich ungemein freundlich und erz\u00e4hlte viel \u00fcber Land und Leute. Abends um 20:30 Uhr gingen wir mit ihm in die Medina ins Restaurant &#8222;1001 Nacht&#8220;. Dort so meinte er, k\u00f6nnten wir f\u00fcr 20 Dirham essen und nebenbei noch einheimische T\u00e4nze bewundern. Das Essen war nicht besonders. Eine sehr h\u00fcbsche T\u00e4nzerin f\u00fchrte genau vor uns einen Bauchtanz vor und wir waren beeindruckt. Manfred verga\u00df sogar das Essen. Sidi fragte sie schliesslich, ob sie bereit w\u00e4re, mit uns zum Campingplatz zu fahren, sie verneinte. Nach dem Essen setzten wir uns zur Kapelle und schliesslich mussten wir sogar mittanzen. Ich kam mir dabei sehr bl\u00f6d vor.<\/p>\n\n\n\n<figure class=\"wp-block-gallery has-nested-images columns-2 is-cropped wp-block-gallery-3 is-layout-flex wp-block-gallery-is-layout-flex\">\n<figure class=\"wp-block-image size-full\"><img loading=\"lazy\" decoding=\"async\" width=\"800\" height=\"450\" data-id=\"10226\" src=\"https:\/\/jblanz.de\/WP\/wp-content\/uploads\/2021\/05\/Marokko76_1_017-2.jpg\" alt=\"\" class=\"wp-image-10226\" srcset=\"https:\/\/jblanz.de\/WP\/wp-content\/uploads\/2021\/05\/Marokko76_1_017-2.jpg 800w, https:\/\/jblanz.de\/WP\/wp-content\/uploads\/2021\/05\/Marokko76_1_017-2-300x169.jpg 300w, https:\/\/jblanz.de\/WP\/wp-content\/uploads\/2021\/05\/Marokko76_1_017-2-768x432.jpg 768w\" sizes=\"auto, (max-width: 800px) 100vw, 800px\" \/><\/figure>\n\n\n\n<figure class=\"wp-block-image size-full\"><img loading=\"lazy\" decoding=\"async\" width=\"800\" height=\"450\" data-id=\"10227\" src=\"https:\/\/jblanz.de\/WP\/wp-content\/uploads\/2021\/05\/Marokko76_1_018-2.jpg\" alt=\"\" class=\"wp-image-10227\" srcset=\"https:\/\/jblanz.de\/WP\/wp-content\/uploads\/2021\/05\/Marokko76_1_018-2.jpg 800w, https:\/\/jblanz.de\/WP\/wp-content\/uploads\/2021\/05\/Marokko76_1_018-2-300x169.jpg 300w, https:\/\/jblanz.de\/WP\/wp-content\/uploads\/2021\/05\/Marokko76_1_018-2-768x432.jpg 768w\" sizes=\"auto, (max-width: 800px) 100vw, 800px\" \/><\/figure>\n\n\n\n<figure class=\"wp-block-image size-full\"><img loading=\"lazy\" decoding=\"async\" width=\"800\" height=\"450\" data-id=\"10228\" src=\"https:\/\/jblanz.de\/WP\/wp-content\/uploads\/2021\/05\/Marokko76_1_019-2.jpg\" alt=\"\" class=\"wp-image-10228\" srcset=\"https:\/\/jblanz.de\/WP\/wp-content\/uploads\/2021\/05\/Marokko76_1_019-2.jpg 800w, https:\/\/jblanz.de\/WP\/wp-content\/uploads\/2021\/05\/Marokko76_1_019-2-300x169.jpg 300w, https:\/\/jblanz.de\/WP\/wp-content\/uploads\/2021\/05\/Marokko76_1_019-2-768x432.jpg 768w\" sizes=\"auto, (max-width: 800px) 100vw, 800px\" \/><\/figure>\n\n\n\n<figure class=\"wp-block-image size-full\"><img loading=\"lazy\" decoding=\"async\" width=\"800\" height=\"450\" data-id=\"10229\" src=\"https:\/\/jblanz.de\/WP\/wp-content\/uploads\/2021\/05\/Marokko76_1_021-1.jpg\" alt=\"\" class=\"wp-image-10229\" srcset=\"https:\/\/jblanz.de\/WP\/wp-content\/uploads\/2021\/05\/Marokko76_1_021-1.jpg 800w, https:\/\/jblanz.de\/WP\/wp-content\/uploads\/2021\/05\/Marokko76_1_021-1-300x169.jpg 300w, https:\/\/jblanz.de\/WP\/wp-content\/uploads\/2021\/05\/Marokko76_1_021-1-768x432.jpg 768w\" sizes=\"auto, (max-width: 800px) 100vw, 800px\" \/><\/figure>\n\n\n\n<figure class=\"wp-block-image size-full\"><img loading=\"lazy\" decoding=\"async\" width=\"800\" height=\"450\" data-id=\"10230\" src=\"https:\/\/jblanz.de\/WP\/wp-content\/uploads\/2021\/05\/Marokko76_1_022-1.jpg\" alt=\"\" class=\"wp-image-10230\" srcset=\"https:\/\/jblanz.de\/WP\/wp-content\/uploads\/2021\/05\/Marokko76_1_022-1.jpg 800w, https:\/\/jblanz.de\/WP\/wp-content\/uploads\/2021\/05\/Marokko76_1_022-1-300x169.jpg 300w, https:\/\/jblanz.de\/WP\/wp-content\/uploads\/2021\/05\/Marokko76_1_022-1-768x432.jpg 768w\" sizes=\"auto, (max-width: 800px) 100vw, 800px\" \/><\/figure>\n\n\n\n<figure class=\"wp-block-image size-full\"><img loading=\"lazy\" decoding=\"async\" width=\"800\" height=\"450\" data-id=\"10231\" src=\"https:\/\/jblanz.de\/WP\/wp-content\/uploads\/2021\/05\/Marokko76_1_023-1.jpg\" alt=\"\" class=\"wp-image-10231\" srcset=\"https:\/\/jblanz.de\/WP\/wp-content\/uploads\/2021\/05\/Marokko76_1_023-1.jpg 800w, https:\/\/jblanz.de\/WP\/wp-content\/uploads\/2021\/05\/Marokko76_1_023-1-300x169.jpg 300w, https:\/\/jblanz.de\/WP\/wp-content\/uploads\/2021\/05\/Marokko76_1_023-1-768x432.jpg 768w\" sizes=\"auto, (max-width: 800px) 100vw, 800px\" \/><\/figure>\n\n\n\n<figure class=\"wp-block-image size-full\"><img loading=\"lazy\" decoding=\"async\" width=\"800\" height=\"450\" data-id=\"10232\" src=\"https:\/\/jblanz.de\/WP\/wp-content\/uploads\/2021\/05\/Marokko76_1_026-1.jpg\" alt=\"\" class=\"wp-image-10232\" srcset=\"https:\/\/jblanz.de\/WP\/wp-content\/uploads\/2021\/05\/Marokko76_1_026-1.jpg 800w, https:\/\/jblanz.de\/WP\/wp-content\/uploads\/2021\/05\/Marokko76_1_026-1-300x169.jpg 300w, https:\/\/jblanz.de\/WP\/wp-content\/uploads\/2021\/05\/Marokko76_1_026-1-768x432.jpg 768w\" sizes=\"auto, (max-width: 800px) 100vw, 800px\" \/><\/figure>\n\n\n\n<figure class=\"wp-block-image size-full\"><img loading=\"lazy\" decoding=\"async\" width=\"800\" height=\"450\" data-id=\"10233\" src=\"https:\/\/jblanz.de\/WP\/wp-content\/uploads\/2021\/05\/Marokko76_1_029-1.jpg\" alt=\"\" class=\"wp-image-10233\" srcset=\"https:\/\/jblanz.de\/WP\/wp-content\/uploads\/2021\/05\/Marokko76_1_029-1.jpg 800w, https:\/\/jblanz.de\/WP\/wp-content\/uploads\/2021\/05\/Marokko76_1_029-1-300x169.jpg 300w, https:\/\/jblanz.de\/WP\/wp-content\/uploads\/2021\/05\/Marokko76_1_029-1-768x432.jpg 768w\" sizes=\"auto, (max-width: 800px) 100vw, 800px\" \/><\/figure>\n\n\n\n<figure class=\"wp-block-image size-full\"><img loading=\"lazy\" decoding=\"async\" width=\"800\" height=\"450\" data-id=\"10234\" src=\"https:\/\/jblanz.de\/WP\/wp-content\/uploads\/2021\/05\/Marokko76_1_031-1.jpg\" alt=\"\" class=\"wp-image-10234\" srcset=\"https:\/\/jblanz.de\/WP\/wp-content\/uploads\/2021\/05\/Marokko76_1_031-1.jpg 800w, https:\/\/jblanz.de\/WP\/wp-content\/uploads\/2021\/05\/Marokko76_1_031-1-300x169.jpg 300w, https:\/\/jblanz.de\/WP\/wp-content\/uploads\/2021\/05\/Marokko76_1_031-1-768x432.jpg 768w\" sizes=\"auto, (max-width: 800px) 100vw, 800px\" \/><\/figure>\n\n\n\n<figure class=\"wp-block-image size-full\"><img loading=\"lazy\" decoding=\"async\" width=\"800\" height=\"450\" data-id=\"10274\" src=\"https:\/\/jblanz.de\/WP\/wp-content\/uploads\/2021\/05\/Marokko76_1_032-2.jpg\" alt=\"\" class=\"wp-image-10274\" srcset=\"https:\/\/jblanz.de\/WP\/wp-content\/uploads\/2021\/05\/Marokko76_1_032-2.jpg 800w, https:\/\/jblanz.de\/WP\/wp-content\/uploads\/2021\/05\/Marokko76_1_032-2-300x169.jpg 300w, https:\/\/jblanz.de\/WP\/wp-content\/uploads\/2021\/05\/Marokko76_1_032-2-768x432.jpg 768w\" sizes=\"auto, (max-width: 800px) 100vw, 800px\" \/><\/figure>\n<\/figure>\n\n\n\n<p>10. April 1976 &#8211; Als wir uns am n\u00e4chsten Morgen verabschieden wollten, lotste uns Sidi zu seinem Zelt, das \u00fcber und \u00fcber mit Decken, Kleidung und anderen Stoffen gef\u00fcllt war und erkl\u00e4rte, dass wir in seiner Schuld st\u00fcnden. Diskutieren war sinnlos. Ich kaufte ihm zwei Decken und zwei Halst\u00fccher f\u00fcr zusammen 150 Dirham ab. Hartmut kaufte ebenfalls eine Decke f\u00fcr 60 Dirham. Sidi machte das Gesch\u00e4ft seines Lebens. Er war halt auch nur ein geschickter Schlepper, der sein Handwerk verstand und der Camping war sein Revier. Eine Erfahrung reicher verliessen wir den Camping und fuhren weiter.\u00a0<\/p>\n\n\n\n<figure class=\"wp-block-gallery has-nested-images columns-1 is-cropped wp-block-gallery-4 is-layout-flex wp-block-gallery-is-layout-flex\">\n<figure class=\"wp-block-image size-full\"><img loading=\"lazy\" decoding=\"async\" width=\"252\" height=\"450\" data-id=\"10024\" src=\"https:\/\/jblanz.de\/WP\/wp-content\/uploads\/2021\/05\/Marokko76_0001.jpg\" alt=\"\" class=\"wp-image-10024\" srcset=\"https:\/\/jblanz.de\/WP\/wp-content\/uploads\/2021\/05\/Marokko76_0001.jpg 252w, https:\/\/jblanz.de\/WP\/wp-content\/uploads\/2021\/05\/Marokko76_0001-168x300.jpg 168w\" sizes=\"auto, (max-width: 252px) 100vw, 252px\" \/><\/figure>\n\n\n\n<figure class=\"wp-block-image size-full\"><img loading=\"lazy\" decoding=\"async\" width=\"700\" height=\"450\" data-id=\"10025\" src=\"https:\/\/jblanz.de\/WP\/wp-content\/uploads\/2021\/05\/Marokko76_0002.jpg\" alt=\"\" class=\"wp-image-10025\" srcset=\"https:\/\/jblanz.de\/WP\/wp-content\/uploads\/2021\/05\/Marokko76_0002.jpg 700w, https:\/\/jblanz.de\/WP\/wp-content\/uploads\/2021\/05\/Marokko76_0002-300x193.jpg 300w\" sizes=\"auto, (max-width: 700px) 100vw, 700px\" \/><\/figure>\n<\/figure>\n\n\n\n<p>\u00dcber Asilah, Larache, Ksar-el-Kebir, Souk El Arbaa, Sidi Kacem, ging es nach Mekn\u00e8s (250 km). Unterwegs bei Sidi Kacem nahmen wir einen Tramper mit. Einen alten Mann, der auf einem Auge blind war und kein Wort verstand. Er zog beim Einsteigen sogar die Schuhe aus. Nach ein paar Kilometern stieg er bei einigen Lehmh\u00fctten aus und bedankte sich \u00fcberschw\u00e4nglich. Abends ging es dann auf den Camping in Mekn\u00e8s und wieder regnete es.<\/p>\n\n\n\n<figure class=\"wp-block-gallery has-nested-images columns-2 wp-block-gallery-5 is-layout-flex wp-block-gallery-is-layout-flex\">\n<figure class=\"wp-block-image size-full\"><img loading=\"lazy\" decoding=\"async\" width=\"800\" height=\"450\" data-id=\"10265\" src=\"https:\/\/jblanz.de\/WP\/wp-content\/uploads\/2021\/05\/Marokko76_1_034.jpg\" alt=\"\" class=\"wp-image-10265\" srcset=\"https:\/\/jblanz.de\/WP\/wp-content\/uploads\/2021\/05\/Marokko76_1_034.jpg 800w, https:\/\/jblanz.de\/WP\/wp-content\/uploads\/2021\/05\/Marokko76_1_034-300x169.jpg 300w, https:\/\/jblanz.de\/WP\/wp-content\/uploads\/2021\/05\/Marokko76_1_034-768x432.jpg 768w\" sizes=\"auto, (max-width: 800px) 100vw, 800px\" \/><\/figure>\n\n\n\n<figure class=\"wp-block-image size-full\"><img loading=\"lazy\" decoding=\"async\" width=\"800\" height=\"450\" data-id=\"10266\" src=\"https:\/\/jblanz.de\/WP\/wp-content\/uploads\/2021\/05\/Marokko76_1_035.jpg\" alt=\"\" class=\"wp-image-10266\" srcset=\"https:\/\/jblanz.de\/WP\/wp-content\/uploads\/2021\/05\/Marokko76_1_035.jpg 800w, https:\/\/jblanz.de\/WP\/wp-content\/uploads\/2021\/05\/Marokko76_1_035-300x169.jpg 300w, https:\/\/jblanz.de\/WP\/wp-content\/uploads\/2021\/05\/Marokko76_1_035-768x432.jpg 768w\" sizes=\"auto, (max-width: 800px) 100vw, 800px\" \/><\/figure>\n\n\n\n<figure class=\"wp-block-image size-full\"><img loading=\"lazy\" decoding=\"async\" width=\"800\" height=\"450\" data-id=\"10267\" src=\"https:\/\/jblanz.de\/WP\/wp-content\/uploads\/2021\/05\/Marokko76_1_036.jpg\" alt=\"\" class=\"wp-image-10267\" srcset=\"https:\/\/jblanz.de\/WP\/wp-content\/uploads\/2021\/05\/Marokko76_1_036.jpg 800w, https:\/\/jblanz.de\/WP\/wp-content\/uploads\/2021\/05\/Marokko76_1_036-300x169.jpg 300w, https:\/\/jblanz.de\/WP\/wp-content\/uploads\/2021\/05\/Marokko76_1_036-768x432.jpg 768w\" sizes=\"auto, (max-width: 800px) 100vw, 800px\" \/><\/figure>\n\n\n\n<figure class=\"wp-block-image size-full\"><img loading=\"lazy\" decoding=\"async\" width=\"800\" height=\"450\" data-id=\"10268\" src=\"https:\/\/jblanz.de\/WP\/wp-content\/uploads\/2021\/05\/Marokko76_1_037.jpg\" alt=\"\" class=\"wp-image-10268\" srcset=\"https:\/\/jblanz.de\/WP\/wp-content\/uploads\/2021\/05\/Marokko76_1_037.jpg 800w, https:\/\/jblanz.de\/WP\/wp-content\/uploads\/2021\/05\/Marokko76_1_037-300x169.jpg 300w, https:\/\/jblanz.de\/WP\/wp-content\/uploads\/2021\/05\/Marokko76_1_037-768x432.jpg 768w\" sizes=\"auto, (max-width: 800px) 100vw, 800px\" \/><\/figure>\n\n\n\n<figure class=\"wp-block-image size-full\"><img loading=\"lazy\" decoding=\"async\" width=\"800\" height=\"450\" data-id=\"10269\" src=\"https:\/\/jblanz.de\/WP\/wp-content\/uploads\/2021\/05\/Marokko76_1_038.jpg\" alt=\"\" class=\"wp-image-10269\" srcset=\"https:\/\/jblanz.de\/WP\/wp-content\/uploads\/2021\/05\/Marokko76_1_038.jpg 800w, https:\/\/jblanz.de\/WP\/wp-content\/uploads\/2021\/05\/Marokko76_1_038-300x169.jpg 300w, https:\/\/jblanz.de\/WP\/wp-content\/uploads\/2021\/05\/Marokko76_1_038-768x432.jpg 768w\" sizes=\"auto, (max-width: 800px) 100vw, 800px\" \/><\/figure>\n<\/figure>\n","protected":false},"excerpt":{"rendered":"<p>8. April 1976 &#8211; Morgens regnete es, daher Fr\u00fchst\u00fcck im Bus. Dann gingen wir in die Bar und unterhielten uns<\/p>\n","protected":false},"author":1,"featured_media":10230,"comment_status":"open","ping_status":"open","sticky":false,"template":"","format":"standard","meta":{"colormag_page_container_layout":"default_layout","colormag_page_sidebar_layout":"default_layout","_monsterinsights_skip_tracking":false,"_monsterinsights_sitenote_active":false,"_monsterinsights_sitenote_note":"","_monsterinsights_sitenote_category":0,"footnotes":""},"categories":[233,236,234,238],"tags":[],"class_list":["post-10019","post","type-post","status-publish","format-standard","has-post-thumbnail","hentry","category-233","category-afrika","category-marokko","category-marokko-1976"],"yoast_head":"<!-- This site is optimized with the Yoast SEO plugin v27.4 - https:\/\/yoast.com\/product\/yoast-seo-wordpress\/ -->\n<title>8. - 10. April 1976 - Aufenthalt in Tanger - Reiseblog von Karin &amp; Joachim<\/title>\n<meta name=\"robots\" content=\"index, follow, max-snippet:-1, max-image-preview:large, max-video-preview:-1\" \/>\n<link rel=\"canonical\" href=\"https:\/\/jblanz.de\/WP\/8-10-april-1976-aufenthalt-in-tanger-und-weiterfahrt\/\" \/>\n<meta property=\"og:locale\" content=\"de_DE\" \/>\n<meta property=\"og:type\" content=\"article\" \/>\n<meta property=\"og:title\" content=\"8. - 10. April 1976 - Aufenthalt in Tanger - Reiseblog von Karin &amp; Joachim\" \/>\n<meta property=\"og:description\" content=\"8. April 1976 &#8211; Morgens regnete es, daher Fr\u00fchst\u00fcck im Bus. Dann gingen wir in die Bar und unterhielten uns\" \/>\n<meta property=\"og:url\" content=\"https:\/\/jblanz.de\/WP\/8-10-april-1976-aufenthalt-in-tanger-und-weiterfahrt\/\" \/>\n<meta property=\"og:site_name\" content=\"Reiseblog von Karin &amp; Joachim\" \/>\n<meta property=\"article:published_time\" content=\"1976-04-10T15:29:00+00:00\" \/>\n<meta property=\"article:modified_time\" content=\"2023-11-23T16:07:37+00:00\" \/>\n<meta property=\"og:image\" content=\"https:\/\/jblanz.de\/WP\/wp-content\/uploads\/2021\/05\/Marokko76_1_022-1.jpg\" \/>\n\t<meta property=\"og:image:width\" content=\"800\" \/>\n\t<meta property=\"og:image:height\" content=\"450\" \/>\n\t<meta property=\"og:image:type\" content=\"image\/jpeg\" \/>\n<meta name=\"author\" content=\"Achim\" \/>\n<meta name=\"twitter:card\" content=\"summary_large_image\" \/>\n<meta name=\"twitter:label1\" content=\"Verfasst von\" \/>\n\t<meta name=\"twitter:data1\" content=\"Achim\" \/>\n\t<meta name=\"twitter:label2\" content=\"Gesch\u00e4tzte Lesezeit\" \/>\n\t<meta name=\"twitter:data2\" content=\"10\u00a0Minuten\" \/>\n<script type=\"application\/ld+json\" class=\"yoast-schema-graph\">{\"@context\":\"https:\\\/\\\/schema.org\",\"@graph\":[{\"@type\":\"Article\",\"@id\":\"https:\\\/\\\/jblanz.de\\\/WP\\\/8-10-april-1976-aufenthalt-in-tanger-und-weiterfahrt\\\/#article\",\"isPartOf\":{\"@id\":\"https:\\\/\\\/jblanz.de\\\/WP\\\/8-10-april-1976-aufenthalt-in-tanger-und-weiterfahrt\\\/\"},\"author\":{\"name\":\"Achim\",\"@id\":\"https:\\\/\\\/jblanz.de\\\/WP\\\/#\\\/schema\\\/person\\\/17a70f07162e42bc0b181c22397286e0\"},\"headline\":\"8. &#8211; 10. April 1976 &#8211; Aufenthalt in Tanger\",\"datePublished\":\"1976-04-10T15:29:00+00:00\",\"dateModified\":\"2023-11-23T16:07:37+00:00\",\"mainEntityOfPage\":{\"@id\":\"https:\\\/\\\/jblanz.de\\\/WP\\\/8-10-april-1976-aufenthalt-in-tanger-und-weiterfahrt\\\/\"},\"wordCount\":1013,\"commentCount\":0,\"publisher\":{\"@id\":\"https:\\\/\\\/jblanz.de\\\/WP\\\/#\\\/schema\\\/person\\\/17a70f07162e42bc0b181c22397286e0\"},\"image\":{\"@id\":\"https:\\\/\\\/jblanz.de\\\/WP\\\/8-10-april-1976-aufenthalt-in-tanger-und-weiterfahrt\\\/#primaryimage\"},\"thumbnailUrl\":\"https:\\\/\\\/jblanz.de\\\/WP\\\/wp-content\\\/uploads\\\/2021\\\/05\\\/Marokko76_1_022-1.jpg\",\"articleSection\":[\"1976\",\"Afrika\",\"Marokko\",\"Marokko 1976\"],\"inLanguage\":\"de\",\"potentialAction\":[{\"@type\":\"CommentAction\",\"name\":\"Comment\",\"target\":[\"https:\\\/\\\/jblanz.de\\\/WP\\\/8-10-april-1976-aufenthalt-in-tanger-und-weiterfahrt\\\/#respond\"]}]},{\"@type\":\"WebPage\",\"@id\":\"https:\\\/\\\/jblanz.de\\\/WP\\\/8-10-april-1976-aufenthalt-in-tanger-und-weiterfahrt\\\/\",\"url\":\"https:\\\/\\\/jblanz.de\\\/WP\\\/8-10-april-1976-aufenthalt-in-tanger-und-weiterfahrt\\\/\",\"name\":\"8. - 10. April 1976 - Aufenthalt in Tanger - Reiseblog von Karin &amp; Joachim\",\"isPartOf\":{\"@id\":\"https:\\\/\\\/jblanz.de\\\/WP\\\/#website\"},\"primaryImageOfPage\":{\"@id\":\"https:\\\/\\\/jblanz.de\\\/WP\\\/8-10-april-1976-aufenthalt-in-tanger-und-weiterfahrt\\\/#primaryimage\"},\"image\":{\"@id\":\"https:\\\/\\\/jblanz.de\\\/WP\\\/8-10-april-1976-aufenthalt-in-tanger-und-weiterfahrt\\\/#primaryimage\"},\"thumbnailUrl\":\"https:\\\/\\\/jblanz.de\\\/WP\\\/wp-content\\\/uploads\\\/2021\\\/05\\\/Marokko76_1_022-1.jpg\",\"datePublished\":\"1976-04-10T15:29:00+00:00\",\"dateModified\":\"2023-11-23T16:07:37+00:00\",\"breadcrumb\":{\"@id\":\"https:\\\/\\\/jblanz.de\\\/WP\\\/8-10-april-1976-aufenthalt-in-tanger-und-weiterfahrt\\\/#breadcrumb\"},\"inLanguage\":\"de\",\"potentialAction\":[{\"@type\":\"ReadAction\",\"target\":[\"https:\\\/\\\/jblanz.de\\\/WP\\\/8-10-april-1976-aufenthalt-in-tanger-und-weiterfahrt\\\/\"]}]},{\"@type\":\"ImageObject\",\"inLanguage\":\"de\",\"@id\":\"https:\\\/\\\/jblanz.de\\\/WP\\\/8-10-april-1976-aufenthalt-in-tanger-und-weiterfahrt\\\/#primaryimage\",\"url\":\"https:\\\/\\\/jblanz.de\\\/WP\\\/wp-content\\\/uploads\\\/2021\\\/05\\\/Marokko76_1_022-1.jpg\",\"contentUrl\":\"https:\\\/\\\/jblanz.de\\\/WP\\\/wp-content\\\/uploads\\\/2021\\\/05\\\/Marokko76_1_022-1.jpg\",\"width\":800,\"height\":450},{\"@type\":\"BreadcrumbList\",\"@id\":\"https:\\\/\\\/jblanz.de\\\/WP\\\/8-10-april-1976-aufenthalt-in-tanger-und-weiterfahrt\\\/#breadcrumb\",\"itemListElement\":[{\"@type\":\"ListItem\",\"position\":1,\"name\":\"Startseite\",\"item\":\"https:\\\/\\\/jblanz.de\\\/WP\\\/\"},{\"@type\":\"ListItem\",\"position\":2,\"name\":\"8. &#8211; 10. April 1976 &#8211; Aufenthalt in Tanger\"}]},{\"@type\":\"WebSite\",\"@id\":\"https:\\\/\\\/jblanz.de\\\/WP\\\/#website\",\"url\":\"https:\\\/\\\/jblanz.de\\\/WP\\\/\",\"name\":\"Reiseblog von Karin & Joachim\",\"description\":\"Wir schreiben den Blog f\u00fcr uns als Erinnerung - f\u00fcr euch als Inspiration\",\"publisher\":{\"@id\":\"https:\\\/\\\/jblanz.de\\\/WP\\\/#\\\/schema\\\/person\\\/17a70f07162e42bc0b181c22397286e0\"},\"potentialAction\":[{\"@type\":\"SearchAction\",\"target\":{\"@type\":\"EntryPoint\",\"urlTemplate\":\"https:\\\/\\\/jblanz.de\\\/WP\\\/?s={search_term_string}\"},\"query-input\":{\"@type\":\"PropertyValueSpecification\",\"valueRequired\":true,\"valueName\":\"search_term_string\"}}],\"inLanguage\":\"de\"},{\"@type\":[\"Person\",\"Organization\"],\"@id\":\"https:\\\/\\\/jblanz.de\\\/WP\\\/#\\\/schema\\\/person\\\/17a70f07162e42bc0b181c22397286e0\",\"name\":\"Achim\",\"image\":{\"@type\":\"ImageObject\",\"inLanguage\":\"de\",\"@id\":\"https:\\\/\\\/secure.gravatar.com\\\/avatar\\\/b7ab31bc55956af4a9bebf7fd034761212b11b803b7e39464914d6abeefb12f3?s=96&d=mm&r=g\",\"url\":\"https:\\\/\\\/secure.gravatar.com\\\/avatar\\\/b7ab31bc55956af4a9bebf7fd034761212b11b803b7e39464914d6abeefb12f3?s=96&d=mm&r=g\",\"contentUrl\":\"https:\\\/\\\/secure.gravatar.com\\\/avatar\\\/b7ab31bc55956af4a9bebf7fd034761212b11b803b7e39464914d6abeefb12f3?s=96&d=mm&r=g\",\"caption\":\"Achim\"},\"logo\":{\"@id\":\"https:\\\/\\\/secure.gravatar.com\\\/avatar\\\/b7ab31bc55956af4a9bebf7fd034761212b11b803b7e39464914d6abeefb12f3?s=96&d=mm&r=g\"},\"url\":\"https:\\\/\\\/jblanz.de\\\/WP\\\/author\\\/achim\\\/\"}]}<\/script>\n<!-- \/ Yoast SEO plugin. -->","yoast_head_json":{"title":"8. - 10. April 1976 - Aufenthalt in Tanger - Reiseblog von Karin &amp; Joachim","robots":{"index":"index","follow":"follow","max-snippet":"max-snippet:-1","max-image-preview":"max-image-preview:large","max-video-preview":"max-video-preview:-1"},"canonical":"https:\/\/jblanz.de\/WP\/8-10-april-1976-aufenthalt-in-tanger-und-weiterfahrt\/","og_locale":"de_DE","og_type":"article","og_title":"8. - 10. April 1976 - Aufenthalt in Tanger - Reiseblog von Karin &amp; Joachim","og_description":"8. April 1976 &#8211; Morgens regnete es, daher Fr\u00fchst\u00fcck im Bus. Dann gingen wir in die Bar und unterhielten uns","og_url":"https:\/\/jblanz.de\/WP\/8-10-april-1976-aufenthalt-in-tanger-und-weiterfahrt\/","og_site_name":"Reiseblog von Karin &amp; Joachim","article_published_time":"1976-04-10T15:29:00+00:00","article_modified_time":"2023-11-23T16:07:37+00:00","og_image":[{"width":800,"height":450,"url":"https:\/\/jblanz.de\/WP\/wp-content\/uploads\/2021\/05\/Marokko76_1_022-1.jpg","type":"image\/jpeg"}],"author":"Achim","twitter_card":"summary_large_image","twitter_misc":{"Verfasst von":"Achim","Gesch\u00e4tzte Lesezeit":"10\u00a0Minuten"},"schema":{"@context":"https:\/\/schema.org","@graph":[{"@type":"Article","@id":"https:\/\/jblanz.de\/WP\/8-10-april-1976-aufenthalt-in-tanger-und-weiterfahrt\/#article","isPartOf":{"@id":"https:\/\/jblanz.de\/WP\/8-10-april-1976-aufenthalt-in-tanger-und-weiterfahrt\/"},"author":{"name":"Achim","@id":"https:\/\/jblanz.de\/WP\/#\/schema\/person\/17a70f07162e42bc0b181c22397286e0"},"headline":"8. &#8211; 10. April 1976 &#8211; Aufenthalt in Tanger","datePublished":"1976-04-10T15:29:00+00:00","dateModified":"2023-11-23T16:07:37+00:00","mainEntityOfPage":{"@id":"https:\/\/jblanz.de\/WP\/8-10-april-1976-aufenthalt-in-tanger-und-weiterfahrt\/"},"wordCount":1013,"commentCount":0,"publisher":{"@id":"https:\/\/jblanz.de\/WP\/#\/schema\/person\/17a70f07162e42bc0b181c22397286e0"},"image":{"@id":"https:\/\/jblanz.de\/WP\/8-10-april-1976-aufenthalt-in-tanger-und-weiterfahrt\/#primaryimage"},"thumbnailUrl":"https:\/\/jblanz.de\/WP\/wp-content\/uploads\/2021\/05\/Marokko76_1_022-1.jpg","articleSection":["1976","Afrika","Marokko","Marokko 1976"],"inLanguage":"de","potentialAction":[{"@type":"CommentAction","name":"Comment","target":["https:\/\/jblanz.de\/WP\/8-10-april-1976-aufenthalt-in-tanger-und-weiterfahrt\/#respond"]}]},{"@type":"WebPage","@id":"https:\/\/jblanz.de\/WP\/8-10-april-1976-aufenthalt-in-tanger-und-weiterfahrt\/","url":"https:\/\/jblanz.de\/WP\/8-10-april-1976-aufenthalt-in-tanger-und-weiterfahrt\/","name":"8. - 10. April 1976 - Aufenthalt in Tanger - Reiseblog von Karin &amp; Joachim","isPartOf":{"@id":"https:\/\/jblanz.de\/WP\/#website"},"primaryImageOfPage":{"@id":"https:\/\/jblanz.de\/WP\/8-10-april-1976-aufenthalt-in-tanger-und-weiterfahrt\/#primaryimage"},"image":{"@id":"https:\/\/jblanz.de\/WP\/8-10-april-1976-aufenthalt-in-tanger-und-weiterfahrt\/#primaryimage"},"thumbnailUrl":"https:\/\/jblanz.de\/WP\/wp-content\/uploads\/2021\/05\/Marokko76_1_022-1.jpg","datePublished":"1976-04-10T15:29:00+00:00","dateModified":"2023-11-23T16:07:37+00:00","breadcrumb":{"@id":"https:\/\/jblanz.de\/WP\/8-10-april-1976-aufenthalt-in-tanger-und-weiterfahrt\/#breadcrumb"},"inLanguage":"de","potentialAction":[{"@type":"ReadAction","target":["https:\/\/jblanz.de\/WP\/8-10-april-1976-aufenthalt-in-tanger-und-weiterfahrt\/"]}]},{"@type":"ImageObject","inLanguage":"de","@id":"https:\/\/jblanz.de\/WP\/8-10-april-1976-aufenthalt-in-tanger-und-weiterfahrt\/#primaryimage","url":"https:\/\/jblanz.de\/WP\/wp-content\/uploads\/2021\/05\/Marokko76_1_022-1.jpg","contentUrl":"https:\/\/jblanz.de\/WP\/wp-content\/uploads\/2021\/05\/Marokko76_1_022-1.jpg","width":800,"height":450},{"@type":"BreadcrumbList","@id":"https:\/\/jblanz.de\/WP\/8-10-april-1976-aufenthalt-in-tanger-und-weiterfahrt\/#breadcrumb","itemListElement":[{"@type":"ListItem","position":1,"name":"Startseite","item":"https:\/\/jblanz.de\/WP\/"},{"@type":"ListItem","position":2,"name":"8. &#8211; 10. April 1976 &#8211; Aufenthalt in Tanger"}]},{"@type":"WebSite","@id":"https:\/\/jblanz.de\/WP\/#website","url":"https:\/\/jblanz.de\/WP\/","name":"Reiseblog von Karin & Joachim","description":"Wir schreiben den Blog f\u00fcr uns als Erinnerung - f\u00fcr euch als Inspiration","publisher":{"@id":"https:\/\/jblanz.de\/WP\/#\/schema\/person\/17a70f07162e42bc0b181c22397286e0"},"potentialAction":[{"@type":"SearchAction","target":{"@type":"EntryPoint","urlTemplate":"https:\/\/jblanz.de\/WP\/?s={search_term_string}"},"query-input":{"@type":"PropertyValueSpecification","valueRequired":true,"valueName":"search_term_string"}}],"inLanguage":"de"},{"@type":["Person","Organization"],"@id":"https:\/\/jblanz.de\/WP\/#\/schema\/person\/17a70f07162e42bc0b181c22397286e0","name":"Achim","image":{"@type":"ImageObject","inLanguage":"de","@id":"https:\/\/secure.gravatar.com\/avatar\/b7ab31bc55956af4a9bebf7fd034761212b11b803b7e39464914d6abeefb12f3?s=96&d=mm&r=g","url":"https:\/\/secure.gravatar.com\/avatar\/b7ab31bc55956af4a9bebf7fd034761212b11b803b7e39464914d6abeefb12f3?s=96&d=mm&r=g","contentUrl":"https:\/\/secure.gravatar.com\/avatar\/b7ab31bc55956af4a9bebf7fd034761212b11b803b7e39464914d6abeefb12f3?s=96&d=mm&r=g","caption":"Achim"},"logo":{"@id":"https:\/\/secure.gravatar.com\/avatar\/b7ab31bc55956af4a9bebf7fd034761212b11b803b7e39464914d6abeefb12f3?s=96&d=mm&r=g"},"url":"https:\/\/jblanz.de\/WP\/author\/achim\/"}]}},"_links":{"self":[{"href":"https:\/\/jblanz.de\/WP\/wp-json\/wp\/v2\/posts\/10019","targetHints":{"allow":["GET"]}}],"collection":[{"href":"https:\/\/jblanz.de\/WP\/wp-json\/wp\/v2\/posts"}],"about":[{"href":"https:\/\/jblanz.de\/WP\/wp-json\/wp\/v2\/types\/post"}],"author":[{"embeddable":true,"href":"https:\/\/jblanz.de\/WP\/wp-json\/wp\/v2\/users\/1"}],"replies":[{"embeddable":true,"href":"https:\/\/jblanz.de\/WP\/wp-json\/wp\/v2\/comments?post=10019"}],"version-history":[{"count":0,"href":"https:\/\/jblanz.de\/WP\/wp-json\/wp\/v2\/posts\/10019\/revisions"}],"wp:featuredmedia":[{"embeddable":true,"href":"https:\/\/jblanz.de\/WP\/wp-json\/wp\/v2\/media\/10230"}],"wp:attachment":[{"href":"https:\/\/jblanz.de\/WP\/wp-json\/wp\/v2\/media?parent=10019"}],"wp:term":[{"taxonomy":"category","embeddable":true,"href":"https:\/\/jblanz.de\/WP\/wp-json\/wp\/v2\/categories?post=10019"},{"taxonomy":"post_tag","embeddable":true,"href":"https:\/\/jblanz.de\/WP\/wp-json\/wp\/v2\/tags?post=10019"}],"curies":[{"name":"wp","href":"https:\/\/api.w.org\/{rel}","templated":true}]}}