{"id":1027,"date":"2016-08-24T16:51:50","date_gmt":"2016-08-24T14:51:50","guid":{"rendered":"http:\/\/jblanz.de\/WP\/?p=1027"},"modified":"2016-12-28T07:21:13","modified_gmt":"2016-12-28T06:21:13","slug":"point-pedro","status":"publish","type":"post","link":"https:\/\/jblanz.de\/WP\/point-pedro\/","title":{"rendered":"Point Pedro &#8211; N\u00f6rdlichster Punkt Sri Lanka&#8217;s"},"content":{"rendered":"<p style=\"text-align: justify;\">Point Pedro ist der n\u00f6rdlichste Punkt Sri Lankas. Von Jaffna sind es ca 35 km bis dorthin. Wir fahren auf der Verbindungstrasse nach Point Pedro, als die Strasse pl\u00f6tzlich gesperrt ist. \u00dcberall gehen Hindu&#8217;s in Festbekleidung herum, so dass wir\u00a0 beschliessen zu parken und uns den nahe gelegenen Tempel &#8222;Nallur <span class=\"st\">Kandaswamy Kovil&#8220;<\/span> (Kovil heisst Tempel) anzuschauen. Wir haben mal wieder Gl\u00fcck, das Nallur-Festival ist in vollem Gange. Das Fest geht 25 Tage lang und endet dieses Jahr am 30. August. Aus dem Reisef\u00fchrer entnehmen wir, dass am letzten Tag M\u00e4nner in Trance Selbst-Geiselungen vornehmen und sich Gegenst\u00e4nde durch den Leib bohren, um ihrem Gott (dem Kriegsgott Skanda) zu huldigen. Werden wir nicht sehen, denn morgen fahren wir weiter nach Trincomalee. Vor dem Eingang auf das Gel\u00e4nde des Tempels sind mehrere St\u00e4nde mit N\u00fcssen oder S\u00fcssigkeiten. In einem r\u00f6stet eine Frau Erdn\u00fcsse in einer grossen Pfanne.<\/p>\n<p style=\"text-align: justify;\"><img loading=\"lazy\" decoding=\"async\" class=\"aligncenter size-full wp-image-1038\" src=\"https:\/\/jblanz.de\/WP\/wp-content\/uploads\/2016\/08\/MG_0742.jpg\" alt=\"_MG_0742\" width=\"800\" height=\"450\" srcset=\"https:\/\/jblanz.de\/WP\/wp-content\/uploads\/2016\/08\/MG_0742.jpg 800w, https:\/\/jblanz.de\/WP\/wp-content\/uploads\/2016\/08\/MG_0742-300x169.jpg 300w, https:\/\/jblanz.de\/WP\/wp-content\/uploads\/2016\/08\/MG_0742-768x432.jpg 768w\" sizes=\"auto, (max-width: 800px) 100vw, 800px\" \/><\/p>\n<p style=\"text-align: justify;\">Im Tempel geht es wirklich ab. Erst werde ich nicht eingelassen, da ich vergessen habe, den Oberk\u00f6rper frei zu machen. Dann darf ich leider auch keine Fotos im Tempel machen. Ein letztes Bild von aussen \u00fcber den Kopf. Aber egal, wir kommen rein, als gerade die Puja beginnt.<\/p>\n<p style=\"text-align: justify;\"><img loading=\"lazy\" decoding=\"async\" class=\"aligncenter size-full wp-image-1041\" src=\"https:\/\/jblanz.de\/WP\/wp-content\/uploads\/2016\/08\/MG_0757.jpg\" alt=\"_MG_0757\" width=\"800\" height=\"450\" srcset=\"https:\/\/jblanz.de\/WP\/wp-content\/uploads\/2016\/08\/MG_0757.jpg 800w, https:\/\/jblanz.de\/WP\/wp-content\/uploads\/2016\/08\/MG_0757-300x169.jpg 300w, https:\/\/jblanz.de\/WP\/wp-content\/uploads\/2016\/08\/MG_0757-768x432.jpg 768w\" sizes=\"auto, (max-width: 800px) 100vw, 800px\" \/><\/p>\n<p style=\"text-align: justify;\">Am Boden sitzen die Gl\u00e4ubigen und begleiten die Aktionen der Brahmanen mit st\u00e4ndigem Raunen. Rechts wird eine grosse Statue zurechtgemacht, pl\u00f6tzlich geht die Beleuchtung der Statue an und sie erstrahlt in goldenem Licht. Ein Raunen geht durch die Menge, Frauen werfen sich auf den Boden, M\u00e4nner erheben ihre H\u00e4nde \u00fcber sich und fangen an zu beten. Die Statue wird hochgehoben und wird langsam durch den Tempel getragen. St\u00e4ndig f\u00e4chert jemand unter dem Gestell Rauch aus einem kleinen Trog in Richtung der Statue, die schon ein bisschen kitschig aussieht und auf einem Pfauenthron sitzt. Die Gl\u00e4ubigen gehen r\u00fcckw\u00e4rts vor der Statue durch den Tempel, um ihre Ehrerbietung zu zeigen. Einige Frauen gehen immer nur 2 Schritte, werfen sich auf den Boden und k\u00fcssen ihn. Im hinteren Teil des Tempels formiert sich ein Kinderchor. Er f\u00e4ngt pl\u00f6tzlich an zu singen und folgt der Prozession mit der Statue. Kinder mit einem Gestell auf dem Kopf laufen hinterher. Das Gestell ist eingerahmt mit Pfauenfedern. Wir glauben, dass man diese &#8222;H\u00fcte&#8220; dort mieten kann.<\/p>\n<p style=\"text-align: justify;\"><img loading=\"lazy\" decoding=\"async\" class=\"aligncenter size-full wp-image-1040\" src=\"https:\/\/jblanz.de\/WP\/wp-content\/uploads\/2016\/08\/MG_0749-2.jpg\" alt=\"_MG_0749-2\" width=\"800\" height=\"450\" srcset=\"https:\/\/jblanz.de\/WP\/wp-content\/uploads\/2016\/08\/MG_0749-2.jpg 800w, https:\/\/jblanz.de\/WP\/wp-content\/uploads\/2016\/08\/MG_0749-2-300x169.jpg 300w, https:\/\/jblanz.de\/WP\/wp-content\/uploads\/2016\/08\/MG_0749-2-768x432.jpg 768w\" sizes=\"auto, (max-width: 800px) 100vw, 800px\" \/><\/p>\n<p style=\"text-align: justify;\"><img loading=\"lazy\" decoding=\"async\" class=\"aligncenter size-full wp-image-1042\" src=\"https:\/\/jblanz.de\/WP\/wp-content\/uploads\/2016\/08\/MG_0785.jpg\" alt=\"_MG_0785\" width=\"800\" height=\"450\" srcset=\"https:\/\/jblanz.de\/WP\/wp-content\/uploads\/2016\/08\/MG_0785.jpg 800w, https:\/\/jblanz.de\/WP\/wp-content\/uploads\/2016\/08\/MG_0785-300x169.jpg 300w, https:\/\/jblanz.de\/WP\/wp-content\/uploads\/2016\/08\/MG_0785-768x432.jpg 768w\" sizes=\"auto, (max-width: 800px) 100vw, 800px\" \/><\/p>\n<p style=\"text-align: justify;\">Sieht dann so aus, wenn Grosse und Kleine mit diesem &#8222;Hut&#8220; um den Tempel laufen. Der Mann an der Trommel gibt den Rythmus vor, die Frauen begleiten die Zeremonie.<\/p>\n<p style=\"text-align: justify;\">In der Mitte des Tempels huldigen die Brahmanen irgendetwas. Ringsum beginnen Frauen einen Teig zuzubereiten, der zu Fladen gedr\u00fcckt wird, die auf einem Bananenblatt angerichtet werden. Sie werden mit einer Fl\u00fcssigkeit \u00fcbergossen und dann angez\u00fcndet. Alles geschieht unter ohrenbet\u00e4ubendem L\u00e4rm aus mehreren Lautsprechern ( gl\u00fccklicherweise hab ich IMMER meine ohrst\u00f6psel parat, ansonsten h\u00e4tte ich jetzt rechts auch noch einen tinnitus!!) und eine Glocke k\u00fcndigt neue Aktionen an, die irgendwo gestartet werden. Es ist alles etwas verwirrend, da wir die Abl\u00e4ufe nicht kennen, aber eine tolle Stimmung und der Tempel ist innen toll bemalt.<\/p>\n<p style=\"text-align: justify;\"><img loading=\"lazy\" decoding=\"async\" class=\"aligncenter size-full wp-image-1056\" src=\"https:\/\/jblanz.de\/WP\/wp-content\/uploads\/2016\/08\/MG_0765-2.jpg\" alt=\"_MG_0765-2\" width=\"800\" height=\"450\" srcset=\"https:\/\/jblanz.de\/WP\/wp-content\/uploads\/2016\/08\/MG_0765-2.jpg 800w, https:\/\/jblanz.de\/WP\/wp-content\/uploads\/2016\/08\/MG_0765-2-300x169.jpg 300w, https:\/\/jblanz.de\/WP\/wp-content\/uploads\/2016\/08\/MG_0765-2-768x432.jpg 768w\" sizes=\"auto, (max-width: 800px) 100vw, 800px\" \/><\/p>\n<p style=\"text-align: justify;\"><img loading=\"lazy\" decoding=\"async\" class=\"aligncenter size-full wp-image-1057\" src=\"https:\/\/jblanz.de\/WP\/wp-content\/uploads\/2016\/08\/MG_0770.jpg\" alt=\"_MG_0770\" width=\"800\" height=\"450\" srcset=\"https:\/\/jblanz.de\/WP\/wp-content\/uploads\/2016\/08\/MG_0770.jpg 800w, https:\/\/jblanz.de\/WP\/wp-content\/uploads\/2016\/08\/MG_0770-300x169.jpg 300w, https:\/\/jblanz.de\/WP\/wp-content\/uploads\/2016\/08\/MG_0770-768x432.jpg 768w\" sizes=\"auto, (max-width: 800px) 100vw, 800px\" \/><\/p>\n<p style=\"text-align: justify;\">Vor dem Tempel spricht mich ein alter Mann an. Er versucht eine Unterhaltung auf englisch, ist aber mangels Z\u00e4hnen kaum zu verstehen. Er fragt, welche Religion wir h\u00e4tten. Als unser Fahrer Christy katholisch sagt, meint er nur, wir glauben alle an den gleichen Gott, nur auf unterschiedliche Weise. Weise Worte. Mit einem schelmischen L\u00e4cheln seines einz\u00e4hnigen Mundes f\u00fcgt er hinzu &#8211; Hindu sei klar die beste Methode.<\/p>\n<p style=\"text-align: justify;\">Wir fahren weiter, unterwegs kann ich Christy bewegen, die sehr gute Strasse zu verlassen und direkt am Meer entlang zu fahren. Es geht jetzt durch kleine Ortschaften bis wir am Meer ankommen. Entlang der K\u00fcste sehen wir \u00fcberall Fischerboote und Fisch jeder Gr\u00f6ssenordnung liegt in der Sonne zum trocknen. Wir treffen einige Fischer, die gerade ihren Fang bearbeiten und sprechen sie an. Einer zerlegt einen grossen Rochen und zieht ihm die Haut auf dem R\u00fccken ab. Wir haben richtig Mitleid mit der Kreatur, die da sterben musste. Die Eingeweide werden entnommen und von den Raben gefressen. Dann wird der Rochen in kleine St\u00fccke gehackt. Jetzt erst erkennen wir, dass all der Fisch der hier getrocknet wird, aus Rochen besteht. Es muss draussen im Meer eine Menge von ihnen geben. Die Fischer sind aus Negombo und kommen nur f\u00fcr eine kurze Zeit nach Point Pedro um diese Rochen zu fangen. Etwas weiter zerlegt eine Frau grosse Fische und 2 kleine etwa 1 m lange Haie liegen neben ihr. Die Gr\u00e4te und der Kopf werden einfach hinter der H\u00fctte auf die Felsen geworfen. Anlass f\u00fcr skurille Bilder.<\/p>\n<p style=\"text-align: justify;\"><img loading=\"lazy\" decoding=\"async\" class=\"aligncenter size-full wp-image-1046\" src=\"https:\/\/jblanz.de\/WP\/wp-content\/uploads\/2016\/08\/MG_0794-2.jpg\" alt=\"_MG_0794-2\" width=\"800\" height=\"450\" srcset=\"https:\/\/jblanz.de\/WP\/wp-content\/uploads\/2016\/08\/MG_0794-2.jpg 800w, https:\/\/jblanz.de\/WP\/wp-content\/uploads\/2016\/08\/MG_0794-2-300x169.jpg 300w, https:\/\/jblanz.de\/WP\/wp-content\/uploads\/2016\/08\/MG_0794-2-768x432.jpg 768w\" sizes=\"auto, (max-width: 800px) 100vw, 800px\" \/><\/p>\n<p style=\"text-align: justify;\"><img loading=\"lazy\" decoding=\"async\" class=\"aligncenter size-full wp-image-1049\" src=\"https:\/\/jblanz.de\/WP\/wp-content\/uploads\/2016\/08\/MG_0798-2.jpg\" alt=\"_MG_0798-2\" width=\"800\" height=\"450\" srcset=\"https:\/\/jblanz.de\/WP\/wp-content\/uploads\/2016\/08\/MG_0798-2.jpg 800w, https:\/\/jblanz.de\/WP\/wp-content\/uploads\/2016\/08\/MG_0798-2-300x169.jpg 300w, https:\/\/jblanz.de\/WP\/wp-content\/uploads\/2016\/08\/MG_0798-2-768x432.jpg 768w\" sizes=\"auto, (max-width: 800px) 100vw, 800px\" \/><\/p>\n<p style=\"text-align: justify;\"><img loading=\"lazy\" decoding=\"async\" class=\"aligncenter size-full wp-image-1051\" src=\"https:\/\/jblanz.de\/WP\/wp-content\/uploads\/2016\/08\/MG_0803.jpg\" alt=\"_MG_0803\" width=\"800\" height=\"450\" srcset=\"https:\/\/jblanz.de\/WP\/wp-content\/uploads\/2016\/08\/MG_0803.jpg 800w, https:\/\/jblanz.de\/WP\/wp-content\/uploads\/2016\/08\/MG_0803-300x169.jpg 300w, https:\/\/jblanz.de\/WP\/wp-content\/uploads\/2016\/08\/MG_0803-768x432.jpg 768w\" sizes=\"auto, (max-width: 800px) 100vw, 800px\" \/><\/p>\n<p style=\"text-align: justify;\"><img loading=\"lazy\" decoding=\"async\" class=\"aligncenter size-full wp-image-1053\" src=\"https:\/\/jblanz.de\/WP\/wp-content\/uploads\/2016\/08\/MG_0806.jpg\" alt=\"_MG_0806\" width=\"800\" height=\"450\" srcset=\"https:\/\/jblanz.de\/WP\/wp-content\/uploads\/2016\/08\/MG_0806.jpg 800w, https:\/\/jblanz.de\/WP\/wp-content\/uploads\/2016\/08\/MG_0806-300x169.jpg 300w, https:\/\/jblanz.de\/WP\/wp-content\/uploads\/2016\/08\/MG_0806-768x432.jpg 768w\" sizes=\"auto, (max-width: 800px) 100vw, 800px\" \/><\/p>\n<p style=\"text-align: justify;\"><img loading=\"lazy\" decoding=\"async\" class=\"aligncenter size-full wp-image-1054\" src=\"https:\/\/jblanz.de\/WP\/wp-content\/uploads\/2016\/08\/MG_0807.jpg\" alt=\"_MG_0807\" width=\"800\" height=\"450\" srcset=\"https:\/\/jblanz.de\/WP\/wp-content\/uploads\/2016\/08\/MG_0807.jpg 800w, https:\/\/jblanz.de\/WP\/wp-content\/uploads\/2016\/08\/MG_0807-300x169.jpg 300w, https:\/\/jblanz.de\/WP\/wp-content\/uploads\/2016\/08\/MG_0807-768x432.jpg 768w\" sizes=\"auto, (max-width: 800px) 100vw, 800px\" \/><\/p>\n<p style=\"text-align: justify;\">Wir folgen der Strasse an der K\u00fcste entlang, queren ein paar Mal, da Google MAPs auf unserem iphone keine weitere Verbindungsstrasse anzeigt und fahren durch eine Landschaft mit vielen kleinen, kaum 50 cm tiefen, Seen, ges\u00e4umt oder \u00fcberwachsen von Reetgr\u00e4sern. \u00dcberall sind V\u00f6gel offen oder versteckt, ein grosser Pelikan startet zum Flug. Wenn man aussteigt, fliegen V\u00f6gel auf, die man zuvor nicht sah und lassen erahnen, wieviele V\u00f6gel tats\u00e4chlich im Gras versteckt sind. In einem Wasserloch sitzen mehrere Weisskopfseeadler und baden, ein ungew\u00f6hnlicher Anblick.<\/p>\n<p style=\"text-align: justify;\"><img loading=\"lazy\" decoding=\"async\" class=\"aligncenter size-full wp-image-1058\" src=\"https:\/\/jblanz.de\/WP\/wp-content\/uploads\/2016\/08\/MG_0817-1.jpg\" alt=\"_MG_0817\" width=\"800\" height=\"450\" srcset=\"https:\/\/jblanz.de\/WP\/wp-content\/uploads\/2016\/08\/MG_0817-1.jpg 800w, https:\/\/jblanz.de\/WP\/wp-content\/uploads\/2016\/08\/MG_0817-1-300x169.jpg 300w, https:\/\/jblanz.de\/WP\/wp-content\/uploads\/2016\/08\/MG_0817-1-768x432.jpg 768w\" sizes=\"auto, (max-width: 800px) 100vw, 800px\" \/><\/p>\n<p style=\"text-align: justify;\">Nach diesem Ausflug beschliesst Karin in Jaffna Fusskettchen f\u00fcr ihre Freundin Uschi zu kaufen. Beim ersten Juwellier, es hat ca 50 solcher Shops nebeneinander, erfahren wir, dass es unterschiedliche Qualit\u00e4ten gibt. Die indischen Kettchen kosten 100 Rupien das Gramm, w\u00e4hrend in Sri Lanka hergestelltes Silber 165 Rupien kostet pro Gramm. Wie aufw\u00e4ndig das Muster der Kettchen ist, spielt \u00fcberhaupt keine Rolle. Christy verhandelt und feilscht, aber die Juwelliere gehen nicht mit dem Preis runter. Nach dem Besuch von 3 L\u00e4den kauft Karin schliesslich im ersten Laden, denn er hatte die sch\u00f6nsten Ketten.<\/p>\n<p style=\"text-align: justify;\"><img loading=\"lazy\" decoding=\"async\" class=\"aligncenter size-full wp-image-1060\" src=\"https:\/\/jblanz.de\/WP\/wp-content\/uploads\/2016\/08\/MG_0863.jpg\" alt=\"_MG_0863\" width=\"800\" height=\"450\" srcset=\"https:\/\/jblanz.de\/WP\/wp-content\/uploads\/2016\/08\/MG_0863.jpg 800w, https:\/\/jblanz.de\/WP\/wp-content\/uploads\/2016\/08\/MG_0863-300x169.jpg 300w, https:\/\/jblanz.de\/WP\/wp-content\/uploads\/2016\/08\/MG_0863-768x432.jpg 768w\" sizes=\"auto, (max-width: 800px) 100vw, 800px\" \/><\/p>\n<p style=\"text-align: justify;\">Abends sitzen wir auf dem Balkon und schauen zu, wie tausende von Flughunden vorbeiziehen. Da wir im 2. Stock sind, besuchen uns manchmal Fughunde. Sie fliegen in geringem Abstand an uns vorbei. Gute Gelegenheit, um nochmals ein paar Fotos von ihnen zu machen.<\/p>\n<p style=\"text-align: justify;\"><img loading=\"lazy\" decoding=\"async\" class=\"aligncenter size-full wp-image-1061\" src=\"https:\/\/jblanz.de\/WP\/wp-content\/uploads\/2016\/08\/MG_0915.jpg\" alt=\"_MG_0915\" width=\"800\" height=\"450\" srcset=\"https:\/\/jblanz.de\/WP\/wp-content\/uploads\/2016\/08\/MG_0915.jpg 800w, https:\/\/jblanz.de\/WP\/wp-content\/uploads\/2016\/08\/MG_0915-300x169.jpg 300w, https:\/\/jblanz.de\/WP\/wp-content\/uploads\/2016\/08\/MG_0915-768x432.jpg 768w\" sizes=\"auto, (max-width: 800px) 100vw, 800px\" \/><\/p>\n<p style=\"text-align: justify;\">Im Hotel fand nachmittags eine Hochzeitsfeier statt. Vom Balkon sehen wir die abfahrenden G\u00e4ste in ihren tollen bunten Saries.<\/p>\n<p style=\"text-align: justify;\"><img loading=\"lazy\" decoding=\"async\" class=\"aligncenter size-full wp-image-1062\" src=\"https:\/\/jblanz.de\/WP\/wp-content\/uploads\/2016\/08\/MG_0940.jpg\" alt=\"_MG_0940\" width=\"800\" height=\"450\" srcset=\"https:\/\/jblanz.de\/WP\/wp-content\/uploads\/2016\/08\/MG_0940.jpg 800w, https:\/\/jblanz.de\/WP\/wp-content\/uploads\/2016\/08\/MG_0940-300x169.jpg 300w, https:\/\/jblanz.de\/WP\/wp-content\/uploads\/2016\/08\/MG_0940-768x432.jpg 768w\" sizes=\"auto, (max-width: 800px) 100vw, 800px\" \/><\/p>\n","protected":false},"excerpt":{"rendered":"<p>Point Pedro ist der n\u00f6rdlichste Punkt Sri Lankas. Von Jaffna sind es ca 35 km bis dorthin. Wir fahren auf<\/p>\n","protected":false},"author":1,"featured_media":1037,"comment_status":"open","ping_status":"open","sticky":false,"template":"","format":"standard","meta":{"colormag_page_container_layout":"default_layout","colormag_page_sidebar_layout":"default_layout","_monsterinsights_skip_tracking":false,"_monsterinsights_sitenote_active":false,"_monsterinsights_sitenote_note":"","_monsterinsights_sitenote_category":0,"footnotes":""},"categories":[88,28,87],"tags":[136,137,131,135,138,139],"class_list":["post-1027","post","type-post","status-publish","format-standard","has-post-thumbnail","hentry","category-88","category-asien","category-srilanka","tag-festival","tag-hindu","tag-jaffna","tag-nallur","tag-nallur-kandaswamy","tag-point-pedro"],"yoast_head":"<!-- This site is optimized with the Yoast SEO plugin v27.4 - https:\/\/yoast.com\/product\/yoast-seo-wordpress\/ -->\n<title>Point Pedro - N\u00f6rdlichster Punkt Sri Lanka&#039;s - Reiseblog von Karin &amp; Joachim<\/title>\n<meta name=\"robots\" content=\"index, follow, max-snippet:-1, max-image-preview:large, max-video-preview:-1\" \/>\n<link rel=\"canonical\" href=\"https:\/\/jblanz.de\/WP\/point-pedro\/\" \/>\n<meta property=\"og:locale\" content=\"de_DE\" \/>\n<meta property=\"og:type\" content=\"article\" \/>\n<meta property=\"og:title\" content=\"Point Pedro - N\u00f6rdlichster Punkt Sri Lanka&#039;s - Reiseblog von Karin &amp; Joachim\" \/>\n<meta property=\"og:description\" content=\"Point Pedro ist der n\u00f6rdlichste Punkt Sri Lankas. Von Jaffna sind es ca 35 km bis dorthin. Wir fahren auf\" \/>\n<meta property=\"og:url\" content=\"https:\/\/jblanz.de\/WP\/point-pedro\/\" \/>\n<meta property=\"og:site_name\" content=\"Reiseblog von Karin &amp; Joachim\" \/>\n<meta property=\"article:published_time\" content=\"2016-08-24T14:51:50+00:00\" \/>\n<meta property=\"article:modified_time\" content=\"2016-12-28T06:21:13+00:00\" \/>\n<meta property=\"og:image\" content=\"https:\/\/jblanz.de\/WP\/wp-content\/uploads\/2016\/08\/MG_0826.jpg\" \/>\n\t<meta property=\"og:image:width\" content=\"800\" \/>\n\t<meta property=\"og:image:height\" content=\"450\" \/>\n\t<meta property=\"og:image:type\" content=\"image\/jpeg\" \/>\n<meta name=\"author\" content=\"Achim\" \/>\n<meta name=\"twitter:card\" content=\"summary_large_image\" \/>\n<meta name=\"twitter:label1\" content=\"Verfasst von\" \/>\n\t<meta name=\"twitter:data1\" content=\"Achim\" \/>\n\t<meta name=\"twitter:label2\" content=\"Gesch\u00e4tzte Lesezeit\" \/>\n\t<meta name=\"twitter:data2\" content=\"5\u00a0Minuten\" \/>\n<script type=\"application\/ld+json\" class=\"yoast-schema-graph\">{\"@context\":\"https:\\\/\\\/schema.org\",\"@graph\":[{\"@type\":\"Article\",\"@id\":\"https:\\\/\\\/jblanz.de\\\/WP\\\/point-pedro\\\/#article\",\"isPartOf\":{\"@id\":\"https:\\\/\\\/jblanz.de\\\/WP\\\/point-pedro\\\/\"},\"author\":{\"name\":\"Achim\",\"@id\":\"https:\\\/\\\/jblanz.de\\\/WP\\\/#\\\/schema\\\/person\\\/17a70f07162e42bc0b181c22397286e0\"},\"headline\":\"Point Pedro &#8211; N\u00f6rdlichster Punkt Sri Lanka&#8217;s\",\"datePublished\":\"2016-08-24T14:51:50+00:00\",\"dateModified\":\"2016-12-28T06:21:13+00:00\",\"mainEntityOfPage\":{\"@id\":\"https:\\\/\\\/jblanz.de\\\/WP\\\/point-pedro\\\/\"},\"wordCount\":1036,\"commentCount\":0,\"publisher\":{\"@id\":\"https:\\\/\\\/jblanz.de\\\/WP\\\/#\\\/schema\\\/person\\\/17a70f07162e42bc0b181c22397286e0\"},\"image\":{\"@id\":\"https:\\\/\\\/jblanz.de\\\/WP\\\/point-pedro\\\/#primaryimage\"},\"thumbnailUrl\":\"https:\\\/\\\/jblanz.de\\\/WP\\\/wp-content\\\/uploads\\\/2016\\\/08\\\/MG_0826.jpg\",\"keywords\":[\"Festival\",\"Hindu\",\"Jaffna\",\"Nallur\",\"Nallur Kandaswamy\",\"Point Pedro\"],\"articleSection\":[\"2016\",\"Asien\",\"SriLanka\"],\"inLanguage\":\"de\",\"potentialAction\":[{\"@type\":\"CommentAction\",\"name\":\"Comment\",\"target\":[\"https:\\\/\\\/jblanz.de\\\/WP\\\/point-pedro\\\/#respond\"]}]},{\"@type\":\"WebPage\",\"@id\":\"https:\\\/\\\/jblanz.de\\\/WP\\\/point-pedro\\\/\",\"url\":\"https:\\\/\\\/jblanz.de\\\/WP\\\/point-pedro\\\/\",\"name\":\"Point Pedro - N\u00f6rdlichster Punkt Sri Lanka's - Reiseblog von Karin &amp; Joachim\",\"isPartOf\":{\"@id\":\"https:\\\/\\\/jblanz.de\\\/WP\\\/#website\"},\"primaryImageOfPage\":{\"@id\":\"https:\\\/\\\/jblanz.de\\\/WP\\\/point-pedro\\\/#primaryimage\"},\"image\":{\"@id\":\"https:\\\/\\\/jblanz.de\\\/WP\\\/point-pedro\\\/#primaryimage\"},\"thumbnailUrl\":\"https:\\\/\\\/jblanz.de\\\/WP\\\/wp-content\\\/uploads\\\/2016\\\/08\\\/MG_0826.jpg\",\"datePublished\":\"2016-08-24T14:51:50+00:00\",\"dateModified\":\"2016-12-28T06:21:13+00:00\",\"breadcrumb\":{\"@id\":\"https:\\\/\\\/jblanz.de\\\/WP\\\/point-pedro\\\/#breadcrumb\"},\"inLanguage\":\"de\",\"potentialAction\":[{\"@type\":\"ReadAction\",\"target\":[\"https:\\\/\\\/jblanz.de\\\/WP\\\/point-pedro\\\/\"]}]},{\"@type\":\"ImageObject\",\"inLanguage\":\"de\",\"@id\":\"https:\\\/\\\/jblanz.de\\\/WP\\\/point-pedro\\\/#primaryimage\",\"url\":\"https:\\\/\\\/jblanz.de\\\/WP\\\/wp-content\\\/uploads\\\/2016\\\/08\\\/MG_0826.jpg\",\"contentUrl\":\"https:\\\/\\\/jblanz.de\\\/WP\\\/wp-content\\\/uploads\\\/2016\\\/08\\\/MG_0826.jpg\",\"width\":800,\"height\":450},{\"@type\":\"BreadcrumbList\",\"@id\":\"https:\\\/\\\/jblanz.de\\\/WP\\\/point-pedro\\\/#breadcrumb\",\"itemListElement\":[{\"@type\":\"ListItem\",\"position\":1,\"name\":\"Startseite\",\"item\":\"https:\\\/\\\/jblanz.de\\\/WP\\\/\"},{\"@type\":\"ListItem\",\"position\":2,\"name\":\"Point Pedro &#8211; N\u00f6rdlichster Punkt Sri Lanka&#8217;s\"}]},{\"@type\":\"WebSite\",\"@id\":\"https:\\\/\\\/jblanz.de\\\/WP\\\/#website\",\"url\":\"https:\\\/\\\/jblanz.de\\\/WP\\\/\",\"name\":\"Reiseblog von Karin & Joachim\",\"description\":\"Wir schreiben den Blog f\u00fcr uns als Erinnerung - f\u00fcr euch als Inspiration\",\"publisher\":{\"@id\":\"https:\\\/\\\/jblanz.de\\\/WP\\\/#\\\/schema\\\/person\\\/17a70f07162e42bc0b181c22397286e0\"},\"potentialAction\":[{\"@type\":\"SearchAction\",\"target\":{\"@type\":\"EntryPoint\",\"urlTemplate\":\"https:\\\/\\\/jblanz.de\\\/WP\\\/?s={search_term_string}\"},\"query-input\":{\"@type\":\"PropertyValueSpecification\",\"valueRequired\":true,\"valueName\":\"search_term_string\"}}],\"inLanguage\":\"de\"},{\"@type\":[\"Person\",\"Organization\"],\"@id\":\"https:\\\/\\\/jblanz.de\\\/WP\\\/#\\\/schema\\\/person\\\/17a70f07162e42bc0b181c22397286e0\",\"name\":\"Achim\",\"image\":{\"@type\":\"ImageObject\",\"inLanguage\":\"de\",\"@id\":\"https:\\\/\\\/secure.gravatar.com\\\/avatar\\\/b7ab31bc55956af4a9bebf7fd034761212b11b803b7e39464914d6abeefb12f3?s=96&d=mm&r=g\",\"url\":\"https:\\\/\\\/secure.gravatar.com\\\/avatar\\\/b7ab31bc55956af4a9bebf7fd034761212b11b803b7e39464914d6abeefb12f3?s=96&d=mm&r=g\",\"contentUrl\":\"https:\\\/\\\/secure.gravatar.com\\\/avatar\\\/b7ab31bc55956af4a9bebf7fd034761212b11b803b7e39464914d6abeefb12f3?s=96&d=mm&r=g\",\"caption\":\"Achim\"},\"logo\":{\"@id\":\"https:\\\/\\\/secure.gravatar.com\\\/avatar\\\/b7ab31bc55956af4a9bebf7fd034761212b11b803b7e39464914d6abeefb12f3?s=96&d=mm&r=g\"},\"url\":\"https:\\\/\\\/jblanz.de\\\/WP\\\/author\\\/achim\\\/\"}]}<\/script>\n<!-- \/ Yoast SEO plugin. -->","yoast_head_json":{"title":"Point Pedro - N\u00f6rdlichster Punkt Sri Lanka's - Reiseblog von Karin &amp; Joachim","robots":{"index":"index","follow":"follow","max-snippet":"max-snippet:-1","max-image-preview":"max-image-preview:large","max-video-preview":"max-video-preview:-1"},"canonical":"https:\/\/jblanz.de\/WP\/point-pedro\/","og_locale":"de_DE","og_type":"article","og_title":"Point Pedro - N\u00f6rdlichster Punkt Sri Lanka's - Reiseblog von Karin &amp; Joachim","og_description":"Point Pedro ist der n\u00f6rdlichste Punkt Sri Lankas. Von Jaffna sind es ca 35 km bis dorthin. Wir fahren auf","og_url":"https:\/\/jblanz.de\/WP\/point-pedro\/","og_site_name":"Reiseblog von Karin &amp; Joachim","article_published_time":"2016-08-24T14:51:50+00:00","article_modified_time":"2016-12-28T06:21:13+00:00","og_image":[{"width":800,"height":450,"url":"https:\/\/jblanz.de\/WP\/wp-content\/uploads\/2016\/08\/MG_0826.jpg","type":"image\/jpeg"}],"author":"Achim","twitter_card":"summary_large_image","twitter_misc":{"Verfasst von":"Achim","Gesch\u00e4tzte Lesezeit":"5\u00a0Minuten"},"schema":{"@context":"https:\/\/schema.org","@graph":[{"@type":"Article","@id":"https:\/\/jblanz.de\/WP\/point-pedro\/#article","isPartOf":{"@id":"https:\/\/jblanz.de\/WP\/point-pedro\/"},"author":{"name":"Achim","@id":"https:\/\/jblanz.de\/WP\/#\/schema\/person\/17a70f07162e42bc0b181c22397286e0"},"headline":"Point Pedro &#8211; N\u00f6rdlichster Punkt Sri Lanka&#8217;s","datePublished":"2016-08-24T14:51:50+00:00","dateModified":"2016-12-28T06:21:13+00:00","mainEntityOfPage":{"@id":"https:\/\/jblanz.de\/WP\/point-pedro\/"},"wordCount":1036,"commentCount":0,"publisher":{"@id":"https:\/\/jblanz.de\/WP\/#\/schema\/person\/17a70f07162e42bc0b181c22397286e0"},"image":{"@id":"https:\/\/jblanz.de\/WP\/point-pedro\/#primaryimage"},"thumbnailUrl":"https:\/\/jblanz.de\/WP\/wp-content\/uploads\/2016\/08\/MG_0826.jpg","keywords":["Festival","Hindu","Jaffna","Nallur","Nallur Kandaswamy","Point Pedro"],"articleSection":["2016","Asien","SriLanka"],"inLanguage":"de","potentialAction":[{"@type":"CommentAction","name":"Comment","target":["https:\/\/jblanz.de\/WP\/point-pedro\/#respond"]}]},{"@type":"WebPage","@id":"https:\/\/jblanz.de\/WP\/point-pedro\/","url":"https:\/\/jblanz.de\/WP\/point-pedro\/","name":"Point Pedro - N\u00f6rdlichster Punkt Sri Lanka's - Reiseblog von Karin &amp; Joachim","isPartOf":{"@id":"https:\/\/jblanz.de\/WP\/#website"},"primaryImageOfPage":{"@id":"https:\/\/jblanz.de\/WP\/point-pedro\/#primaryimage"},"image":{"@id":"https:\/\/jblanz.de\/WP\/point-pedro\/#primaryimage"},"thumbnailUrl":"https:\/\/jblanz.de\/WP\/wp-content\/uploads\/2016\/08\/MG_0826.jpg","datePublished":"2016-08-24T14:51:50+00:00","dateModified":"2016-12-28T06:21:13+00:00","breadcrumb":{"@id":"https:\/\/jblanz.de\/WP\/point-pedro\/#breadcrumb"},"inLanguage":"de","potentialAction":[{"@type":"ReadAction","target":["https:\/\/jblanz.de\/WP\/point-pedro\/"]}]},{"@type":"ImageObject","inLanguage":"de","@id":"https:\/\/jblanz.de\/WP\/point-pedro\/#primaryimage","url":"https:\/\/jblanz.de\/WP\/wp-content\/uploads\/2016\/08\/MG_0826.jpg","contentUrl":"https:\/\/jblanz.de\/WP\/wp-content\/uploads\/2016\/08\/MG_0826.jpg","width":800,"height":450},{"@type":"BreadcrumbList","@id":"https:\/\/jblanz.de\/WP\/point-pedro\/#breadcrumb","itemListElement":[{"@type":"ListItem","position":1,"name":"Startseite","item":"https:\/\/jblanz.de\/WP\/"},{"@type":"ListItem","position":2,"name":"Point Pedro &#8211; N\u00f6rdlichster Punkt Sri Lanka&#8217;s"}]},{"@type":"WebSite","@id":"https:\/\/jblanz.de\/WP\/#website","url":"https:\/\/jblanz.de\/WP\/","name":"Reiseblog von Karin & Joachim","description":"Wir schreiben den Blog f\u00fcr uns als Erinnerung - f\u00fcr euch als Inspiration","publisher":{"@id":"https:\/\/jblanz.de\/WP\/#\/schema\/person\/17a70f07162e42bc0b181c22397286e0"},"potentialAction":[{"@type":"SearchAction","target":{"@type":"EntryPoint","urlTemplate":"https:\/\/jblanz.de\/WP\/?s={search_term_string}"},"query-input":{"@type":"PropertyValueSpecification","valueRequired":true,"valueName":"search_term_string"}}],"inLanguage":"de"},{"@type":["Person","Organization"],"@id":"https:\/\/jblanz.de\/WP\/#\/schema\/person\/17a70f07162e42bc0b181c22397286e0","name":"Achim","image":{"@type":"ImageObject","inLanguage":"de","@id":"https:\/\/secure.gravatar.com\/avatar\/b7ab31bc55956af4a9bebf7fd034761212b11b803b7e39464914d6abeefb12f3?s=96&d=mm&r=g","url":"https:\/\/secure.gravatar.com\/avatar\/b7ab31bc55956af4a9bebf7fd034761212b11b803b7e39464914d6abeefb12f3?s=96&d=mm&r=g","contentUrl":"https:\/\/secure.gravatar.com\/avatar\/b7ab31bc55956af4a9bebf7fd034761212b11b803b7e39464914d6abeefb12f3?s=96&d=mm&r=g","caption":"Achim"},"logo":{"@id":"https:\/\/secure.gravatar.com\/avatar\/b7ab31bc55956af4a9bebf7fd034761212b11b803b7e39464914d6abeefb12f3?s=96&d=mm&r=g"},"url":"https:\/\/jblanz.de\/WP\/author\/achim\/"}]}},"_links":{"self":[{"href":"https:\/\/jblanz.de\/WP\/wp-json\/wp\/v2\/posts\/1027","targetHints":{"allow":["GET"]}}],"collection":[{"href":"https:\/\/jblanz.de\/WP\/wp-json\/wp\/v2\/posts"}],"about":[{"href":"https:\/\/jblanz.de\/WP\/wp-json\/wp\/v2\/types\/post"}],"author":[{"embeddable":true,"href":"https:\/\/jblanz.de\/WP\/wp-json\/wp\/v2\/users\/1"}],"replies":[{"embeddable":true,"href":"https:\/\/jblanz.de\/WP\/wp-json\/wp\/v2\/comments?post=1027"}],"version-history":[{"count":0,"href":"https:\/\/jblanz.de\/WP\/wp-json\/wp\/v2\/posts\/1027\/revisions"}],"wp:featuredmedia":[{"embeddable":true,"href":"https:\/\/jblanz.de\/WP\/wp-json\/wp\/v2\/media\/1037"}],"wp:attachment":[{"href":"https:\/\/jblanz.de\/WP\/wp-json\/wp\/v2\/media?parent=1027"}],"wp:term":[{"taxonomy":"category","embeddable":true,"href":"https:\/\/jblanz.de\/WP\/wp-json\/wp\/v2\/categories?post=1027"},{"taxonomy":"post_tag","embeddable":true,"href":"https:\/\/jblanz.de\/WP\/wp-json\/wp\/v2\/tags?post=1027"}],"curies":[{"name":"wp","href":"https:\/\/api.w.org\/{rel}","templated":true}]}}