{"id":10303,"date":"2021-06-17T22:17:00","date_gmt":"2021-06-17T20:17:00","guid":{"rendered":"https:\/\/jblanz.de\/WP\/?p=10303"},"modified":"2021-07-19T18:27:47","modified_gmt":"2021-07-19T16:27:47","slug":"17-juni-2021-bundesgartenschau-in-erfurt","status":"publish","type":"post","link":"https:\/\/jblanz.de\/WP\/17-juni-2021-bundesgartenschau-in-erfurt\/","title":{"rendered":"17. Juni 2021 &#8211; Bundesgartenschau in Erfurt"},"content":{"rendered":"\n<p>Karin bekam am 16. Juni ihre 2. Impfung gegen Covid-19. Am fr\u00fchen Nachmittag dieses Tages starten wir daher zu einer Reise durch Deutschland und fuhren in einem Rutsch bis nach Erfurt &#8211; kamen gegen 21 Uhr an. Nach der Ankunft fanden wir zwar den WoMo-Stellplatz, aber alle Pl\u00e4tze waren bereits belegt. Wir \u00fcbernachteten daher auf einem Parkplatz der Bundesgartenschau. Zusammen mit mehreren Wohnmobilen aus ganz Deutschland standen wir am Rand des Parkplatzes, der immerhin 2 benutzbare Toilettencontainer hatte. Am n\u00e4chsten Morgen sahen wir Wohnmobile abreisen und fanden auch sofort einen Platz auf dem regul\u00e4ren Stellplatz. Die erforderliche Anmeldung war etwas umst\u00e4ndlich an einem kleinen H\u00e4uschen, aber wir konnten f\u00fcr 15 \u20ac Parkgeb\u00fchren (inkl. Wasser und Strom) eine weitere Nacht bleiben. Gleich danach fuhren wir mit dem Fahrrad zum Eingang des egaparks, einem der 2 Parks, auf dem die Gartenschau ausgerichtet wurde. Der Park war recht sch\u00f6n angelegt mit unterschiedlichen Blumenrabatten, beeindruckendem japanischem Garten und grossem Gel\u00e4nde mit altem Baumbestand. Im Park besichtigten wir das W\u00fcsten- und Urwaldhaus Danakil, f\u00fcr das man sich online einen Termin holen musste und zus\u00e4tzlich einen Euro Eintritt bezahlte. Da nicht viel los war, konnten wir sofort Eintritt haben. Im Haus mussten wir eine Maske tragen, die die Tour besonders im Tropenteil etwas erschwerte. Zus\u00e4tzlich waren Schulklassen unterwegs, die in dem Haus nat\u00fcrlich ziemlichen L\u00e4rm veranstalteten. Der W\u00fcstenteil zeigte wirklich tolle Kakteen und ein paar W\u00fcstentiere, die man nicht \u00fcberall zu sehen bekommt. Wir gingen ca. 4 Stunden auf dem Gel\u00e4nde umher, erklommen einen Turm mit toller Aussicht auf Erfurt und das Umland und waren dann, auch wegen der grossen Hitze, ziemlich fertig. Der Park war recht wenig besucht, so dass es wegen Covid-19 keine Bedenken gab. Bemerkenswert war der super tolle Kinderspielplatz mit Matchzone, die bei den Temperaturen nat\u00fcrlich gerne genutzt wurde.<\/p>\n\n\n\n<figure class=\"wp-block-gallery columns-2 is-cropped wp-block-gallery-2 is-layout-flex wp-block-gallery-is-layout-flex\"><ul class=\"blocks-gallery-grid\"><li class=\"blocks-gallery-item\"><figure><img loading=\"lazy\" decoding=\"async\" width=\"800\" height=\"450\" src=\"https:\/\/jblanz.de\/WP\/wp-content\/uploads\/2021\/07\/Deutschland2021-19.jpg\" alt=\"\" data-id=\"10314\" data-full-url=\"https:\/\/jblanz.de\/WP\/wp-content\/uploads\/2021\/07\/Deutschland2021-19.jpg\" data-link=\"https:\/\/jblanz.de\/WP\/17-juni-2021-bundesgartenschau-in-erfurt\/deutschland2021-19\/\" class=\"wp-image-10314\" srcset=\"https:\/\/jblanz.de\/WP\/wp-content\/uploads\/2021\/07\/Deutschland2021-19.jpg 800w, https:\/\/jblanz.de\/WP\/wp-content\/uploads\/2021\/07\/Deutschland2021-19-300x169.jpg 300w, https:\/\/jblanz.de\/WP\/wp-content\/uploads\/2021\/07\/Deutschland2021-19-768x432.jpg 768w\" sizes=\"auto, (max-width: 800px) 100vw, 800px\" \/><\/figure><\/li><li class=\"blocks-gallery-item\"><figure><img loading=\"lazy\" decoding=\"async\" width=\"800\" height=\"450\" src=\"https:\/\/jblanz.de\/WP\/wp-content\/uploads\/2021\/07\/Deutschland2021-20.jpg\" alt=\"\" data-id=\"10315\" data-full-url=\"https:\/\/jblanz.de\/WP\/wp-content\/uploads\/2021\/07\/Deutschland2021-20.jpg\" data-link=\"https:\/\/jblanz.de\/WP\/17-juni-2021-bundesgartenschau-in-erfurt\/deutschland2021-20\/\" class=\"wp-image-10315\" srcset=\"https:\/\/jblanz.de\/WP\/wp-content\/uploads\/2021\/07\/Deutschland2021-20.jpg 800w, https:\/\/jblanz.de\/WP\/wp-content\/uploads\/2021\/07\/Deutschland2021-20-300x169.jpg 300w, https:\/\/jblanz.de\/WP\/wp-content\/uploads\/2021\/07\/Deutschland2021-20-768x432.jpg 768w\" sizes=\"auto, (max-width: 800px) 100vw, 800px\" \/><\/figure><\/li><li class=\"blocks-gallery-item\"><figure><img loading=\"lazy\" decoding=\"async\" width=\"800\" height=\"450\" src=\"https:\/\/jblanz.de\/WP\/wp-content\/uploads\/2021\/07\/Deutschland2021-21.jpg\" alt=\"\" data-id=\"10316\" data-full-url=\"https:\/\/jblanz.de\/WP\/wp-content\/uploads\/2021\/07\/Deutschland2021-21.jpg\" data-link=\"https:\/\/jblanz.de\/WP\/17-juni-2021-bundesgartenschau-in-erfurt\/deutschland2021-21\/\" class=\"wp-image-10316\" srcset=\"https:\/\/jblanz.de\/WP\/wp-content\/uploads\/2021\/07\/Deutschland2021-21.jpg 800w, https:\/\/jblanz.de\/WP\/wp-content\/uploads\/2021\/07\/Deutschland2021-21-300x169.jpg 300w, https:\/\/jblanz.de\/WP\/wp-content\/uploads\/2021\/07\/Deutschland2021-21-768x432.jpg 768w\" sizes=\"auto, (max-width: 800px) 100vw, 800px\" \/><\/figure><\/li><li class=\"blocks-gallery-item\"><figure><img loading=\"lazy\" decoding=\"async\" width=\"800\" height=\"450\" src=\"https:\/\/jblanz.de\/WP\/wp-content\/uploads\/2021\/07\/Deutschland2021-22.jpg\" alt=\"\" data-id=\"10317\" data-full-url=\"https:\/\/jblanz.de\/WP\/wp-content\/uploads\/2021\/07\/Deutschland2021-22.jpg\" data-link=\"https:\/\/jblanz.de\/WP\/17-juni-2021-bundesgartenschau-in-erfurt\/deutschland2021-22\/\" class=\"wp-image-10317\" srcset=\"https:\/\/jblanz.de\/WP\/wp-content\/uploads\/2021\/07\/Deutschland2021-22.jpg 800w, https:\/\/jblanz.de\/WP\/wp-content\/uploads\/2021\/07\/Deutschland2021-22-300x169.jpg 300w, https:\/\/jblanz.de\/WP\/wp-content\/uploads\/2021\/07\/Deutschland2021-22-768x432.jpg 768w\" sizes=\"auto, (max-width: 800px) 100vw, 800px\" \/><\/figure><\/li><li class=\"blocks-gallery-item\"><figure><img loading=\"lazy\" decoding=\"async\" width=\"800\" height=\"450\" src=\"https:\/\/jblanz.de\/WP\/wp-content\/uploads\/2021\/07\/Deutschland2021-23.jpg\" alt=\"\" data-id=\"10318\" data-full-url=\"https:\/\/jblanz.de\/WP\/wp-content\/uploads\/2021\/07\/Deutschland2021-23.jpg\" data-link=\"https:\/\/jblanz.de\/WP\/17-juni-2021-bundesgartenschau-in-erfurt\/deutschland2021-23\/\" class=\"wp-image-10318\" srcset=\"https:\/\/jblanz.de\/WP\/wp-content\/uploads\/2021\/07\/Deutschland2021-23.jpg 800w, https:\/\/jblanz.de\/WP\/wp-content\/uploads\/2021\/07\/Deutschland2021-23-300x169.jpg 300w, https:\/\/jblanz.de\/WP\/wp-content\/uploads\/2021\/07\/Deutschland2021-23-768x432.jpg 768w\" sizes=\"auto, (max-width: 800px) 100vw, 800px\" \/><\/figure><\/li><\/ul><\/figure>\n\n\n\n<p>Nach 4 Stunden gaben wir auf und fuhren mit dem Fahrrad ins Zentrum von Erfurt. Erst besuchten wir noch den Petersberg, eine barocke Festung mit tollem Blick auf die Altstadt. Ansonsten bot diese Zitadelle nur eine Ausstellung, eine Kirche, verschiedene Essm\u00f6glichkeiten und etwas Musik &#8211; bei mehr als 30 Grad im Schatten war unser Aufenthalt nur von kurzer Dauer. Zum Gl\u00fcck konnten wir mit dem Fahrrad bis zum Eingang hochfahren, w\u00e4hrend die anderen Besucher in praller Sonne bis zu einem Personenaufzug hochsteigen mussten.<\/p>\n<p>Dann ging es in die Altstadt &#8211; mit dem Fahrrad kamen wir ziemlich schnell herum. Wir tranken einen Eiskaffee, besichtigten die Kr\u00e4merbr\u00fccke, die l\u00e4ngste durchgehend mit H\u00e4usern bebaute und bewohnte Br\u00fccke Europas, kreisten um die alte Synagoge, die wir trotz Hinweisschilder \u00fcbersahen und genossen dann am Rand des Flusses Gera in einem Biergarten ein sp\u00e4tes Mittagessen. Die Altstadt von Erfurt gefiel uns ausgesprochen gut, \u00fcberall Bierg\u00e4rten in Hinterh\u00f6fen und sehr sch\u00f6n renovierte Fachwerkh\u00e4user.<\/p>\n","protected":false},"excerpt":{"rendered":"<p>Karin bekam am 16. Juni ihre 2. Impfung gegen Covid-19. Am fr\u00fchen Nachmittag dieses Tages starten wir daher zu einer<\/p>\n","protected":false},"author":1,"featured_media":10312,"comment_status":"open","ping_status":"open","sticky":false,"template":"","format":"standard","meta":{"colormag_page_container_layout":"default_layout","colormag_page_sidebar_layout":"default_layout","_monsterinsights_skip_tracking":false,"_monsterinsights_sitenote_active":false,"_monsterinsights_sitenote_note":"","_monsterinsights_sitenote_category":0,"footnotes":""},"categories":[237,225,159],"tags":[],"class_list":["post-10303","post","type-post","status-publish","format-standard","has-post-thumbnail","hentry","category-237","category-deutschland","category-europa"],"yoast_head":"<!-- This site is optimized with the Yoast SEO plugin v27.4 - https:\/\/yoast.com\/product\/yoast-seo-wordpress\/ -->\n<title>17. Juni 2021 - Bundesgartenschau in Erfurt - Reiseblog von Karin &amp; Joachim<\/title>\n<meta name=\"robots\" content=\"index, follow, max-snippet:-1, max-image-preview:large, max-video-preview:-1\" \/>\n<link rel=\"canonical\" href=\"https:\/\/jblanz.de\/WP\/17-juni-2021-bundesgartenschau-in-erfurt\/\" \/>\n<meta property=\"og:locale\" content=\"de_DE\" \/>\n<meta property=\"og:type\" content=\"article\" \/>\n<meta property=\"og:title\" content=\"17. Juni 2021 - Bundesgartenschau in Erfurt - Reiseblog von Karin &amp; Joachim\" \/>\n<meta property=\"og:description\" content=\"Karin bekam am 16. Juni ihre 2. Impfung gegen Covid-19. Am fr\u00fchen Nachmittag dieses Tages starten wir daher zu einer\" \/>\n<meta property=\"og:url\" content=\"https:\/\/jblanz.de\/WP\/17-juni-2021-bundesgartenschau-in-erfurt\/\" \/>\n<meta property=\"og:site_name\" content=\"Reiseblog von Karin &amp; Joachim\" \/>\n<meta property=\"article:published_time\" content=\"2021-06-17T20:17:00+00:00\" \/>\n<meta property=\"article:modified_time\" content=\"2021-07-19T16:27:47+00:00\" \/>\n<meta property=\"og:image\" content=\"https:\/\/jblanz.de\/WP\/wp-content\/uploads\/2021\/06\/Deutschland2021-17.jpg\" \/>\n\t<meta property=\"og:image:width\" content=\"800\" \/>\n\t<meta property=\"og:image:height\" content=\"450\" \/>\n\t<meta property=\"og:image:type\" content=\"image\/jpeg\" \/>\n<meta name=\"author\" content=\"Achim\" \/>\n<meta name=\"twitter:card\" content=\"summary_large_image\" \/>\n<meta name=\"twitter:label1\" content=\"Verfasst von\" \/>\n\t<meta name=\"twitter:data1\" content=\"Achim\" \/>\n\t<meta name=\"twitter:label2\" content=\"Gesch\u00e4tzte Lesezeit\" \/>\n\t<meta name=\"twitter:data2\" content=\"3\u00a0Minuten\" \/>\n<script type=\"application\/ld+json\" class=\"yoast-schema-graph\">{\"@context\":\"https:\\\/\\\/schema.org\",\"@graph\":[{\"@type\":\"Article\",\"@id\":\"https:\\\/\\\/jblanz.de\\\/WP\\\/17-juni-2021-bundesgartenschau-in-erfurt\\\/#article\",\"isPartOf\":{\"@id\":\"https:\\\/\\\/jblanz.de\\\/WP\\\/17-juni-2021-bundesgartenschau-in-erfurt\\\/\"},\"author\":{\"name\":\"Achim\",\"@id\":\"https:\\\/\\\/jblanz.de\\\/WP\\\/#\\\/schema\\\/person\\\/17a70f07162e42bc0b181c22397286e0\"},\"headline\":\"17. Juni 2021 &#8211; Bundesgartenschau in Erfurt\",\"datePublished\":\"2021-06-17T20:17:00+00:00\",\"dateModified\":\"2021-07-19T16:27:47+00:00\",\"mainEntityOfPage\":{\"@id\":\"https:\\\/\\\/jblanz.de\\\/WP\\\/17-juni-2021-bundesgartenschau-in-erfurt\\\/\"},\"wordCount\":481,\"commentCount\":0,\"publisher\":{\"@id\":\"https:\\\/\\\/jblanz.de\\\/WP\\\/#\\\/schema\\\/person\\\/17a70f07162e42bc0b181c22397286e0\"},\"image\":{\"@id\":\"https:\\\/\\\/jblanz.de\\\/WP\\\/17-juni-2021-bundesgartenschau-in-erfurt\\\/#primaryimage\"},\"thumbnailUrl\":\"https:\\\/\\\/jblanz.de\\\/WP\\\/wp-content\\\/uploads\\\/2021\\\/06\\\/Deutschland2021-17.jpg\",\"articleSection\":[\"2021\",\"Deutschland\",\"Europa\"],\"inLanguage\":\"de\",\"potentialAction\":[{\"@type\":\"CommentAction\",\"name\":\"Comment\",\"target\":[\"https:\\\/\\\/jblanz.de\\\/WP\\\/17-juni-2021-bundesgartenschau-in-erfurt\\\/#respond\"]}]},{\"@type\":\"WebPage\",\"@id\":\"https:\\\/\\\/jblanz.de\\\/WP\\\/17-juni-2021-bundesgartenschau-in-erfurt\\\/\",\"url\":\"https:\\\/\\\/jblanz.de\\\/WP\\\/17-juni-2021-bundesgartenschau-in-erfurt\\\/\",\"name\":\"17. Juni 2021 - Bundesgartenschau in Erfurt - Reiseblog von Karin &amp; Joachim\",\"isPartOf\":{\"@id\":\"https:\\\/\\\/jblanz.de\\\/WP\\\/#website\"},\"primaryImageOfPage\":{\"@id\":\"https:\\\/\\\/jblanz.de\\\/WP\\\/17-juni-2021-bundesgartenschau-in-erfurt\\\/#primaryimage\"},\"image\":{\"@id\":\"https:\\\/\\\/jblanz.de\\\/WP\\\/17-juni-2021-bundesgartenschau-in-erfurt\\\/#primaryimage\"},\"thumbnailUrl\":\"https:\\\/\\\/jblanz.de\\\/WP\\\/wp-content\\\/uploads\\\/2021\\\/06\\\/Deutschland2021-17.jpg\",\"datePublished\":\"2021-06-17T20:17:00+00:00\",\"dateModified\":\"2021-07-19T16:27:47+00:00\",\"breadcrumb\":{\"@id\":\"https:\\\/\\\/jblanz.de\\\/WP\\\/17-juni-2021-bundesgartenschau-in-erfurt\\\/#breadcrumb\"},\"inLanguage\":\"de\",\"potentialAction\":[{\"@type\":\"ReadAction\",\"target\":[\"https:\\\/\\\/jblanz.de\\\/WP\\\/17-juni-2021-bundesgartenschau-in-erfurt\\\/\"]}]},{\"@type\":\"ImageObject\",\"inLanguage\":\"de\",\"@id\":\"https:\\\/\\\/jblanz.de\\\/WP\\\/17-juni-2021-bundesgartenschau-in-erfurt\\\/#primaryimage\",\"url\":\"https:\\\/\\\/jblanz.de\\\/WP\\\/wp-content\\\/uploads\\\/2021\\\/06\\\/Deutschland2021-17.jpg\",\"contentUrl\":\"https:\\\/\\\/jblanz.de\\\/WP\\\/wp-content\\\/uploads\\\/2021\\\/06\\\/Deutschland2021-17.jpg\",\"width\":800,\"height\":450},{\"@type\":\"BreadcrumbList\",\"@id\":\"https:\\\/\\\/jblanz.de\\\/WP\\\/17-juni-2021-bundesgartenschau-in-erfurt\\\/#breadcrumb\",\"itemListElement\":[{\"@type\":\"ListItem\",\"position\":1,\"name\":\"Startseite\",\"item\":\"https:\\\/\\\/jblanz.de\\\/WP\\\/\"},{\"@type\":\"ListItem\",\"position\":2,\"name\":\"17. Juni 2021 &#8211; Bundesgartenschau in Erfurt\"}]},{\"@type\":\"WebSite\",\"@id\":\"https:\\\/\\\/jblanz.de\\\/WP\\\/#website\",\"url\":\"https:\\\/\\\/jblanz.de\\\/WP\\\/\",\"name\":\"Reiseblog von Karin & Joachim\",\"description\":\"Wir schreiben den Blog f\u00fcr uns als Erinnerung - f\u00fcr euch als Inspiration\",\"publisher\":{\"@id\":\"https:\\\/\\\/jblanz.de\\\/WP\\\/#\\\/schema\\\/person\\\/17a70f07162e42bc0b181c22397286e0\"},\"potentialAction\":[{\"@type\":\"SearchAction\",\"target\":{\"@type\":\"EntryPoint\",\"urlTemplate\":\"https:\\\/\\\/jblanz.de\\\/WP\\\/?s={search_term_string}\"},\"query-input\":{\"@type\":\"PropertyValueSpecification\",\"valueRequired\":true,\"valueName\":\"search_term_string\"}}],\"inLanguage\":\"de\"},{\"@type\":[\"Person\",\"Organization\"],\"@id\":\"https:\\\/\\\/jblanz.de\\\/WP\\\/#\\\/schema\\\/person\\\/17a70f07162e42bc0b181c22397286e0\",\"name\":\"Achim\",\"image\":{\"@type\":\"ImageObject\",\"inLanguage\":\"de\",\"@id\":\"https:\\\/\\\/secure.gravatar.com\\\/avatar\\\/b7ab31bc55956af4a9bebf7fd034761212b11b803b7e39464914d6abeefb12f3?s=96&d=mm&r=g\",\"url\":\"https:\\\/\\\/secure.gravatar.com\\\/avatar\\\/b7ab31bc55956af4a9bebf7fd034761212b11b803b7e39464914d6abeefb12f3?s=96&d=mm&r=g\",\"contentUrl\":\"https:\\\/\\\/secure.gravatar.com\\\/avatar\\\/b7ab31bc55956af4a9bebf7fd034761212b11b803b7e39464914d6abeefb12f3?s=96&d=mm&r=g\",\"caption\":\"Achim\"},\"logo\":{\"@id\":\"https:\\\/\\\/secure.gravatar.com\\\/avatar\\\/b7ab31bc55956af4a9bebf7fd034761212b11b803b7e39464914d6abeefb12f3?s=96&d=mm&r=g\"},\"url\":\"https:\\\/\\\/jblanz.de\\\/WP\\\/author\\\/achim\\\/\"}]}<\/script>\n<!-- \/ Yoast SEO plugin. -->","yoast_head_json":{"title":"17. Juni 2021 - Bundesgartenschau in Erfurt - Reiseblog von Karin &amp; Joachim","robots":{"index":"index","follow":"follow","max-snippet":"max-snippet:-1","max-image-preview":"max-image-preview:large","max-video-preview":"max-video-preview:-1"},"canonical":"https:\/\/jblanz.de\/WP\/17-juni-2021-bundesgartenschau-in-erfurt\/","og_locale":"de_DE","og_type":"article","og_title":"17. Juni 2021 - Bundesgartenschau in Erfurt - Reiseblog von Karin &amp; Joachim","og_description":"Karin bekam am 16. Juni ihre 2. Impfung gegen Covid-19. Am fr\u00fchen Nachmittag dieses Tages starten wir daher zu einer","og_url":"https:\/\/jblanz.de\/WP\/17-juni-2021-bundesgartenschau-in-erfurt\/","og_site_name":"Reiseblog von Karin &amp; Joachim","article_published_time":"2021-06-17T20:17:00+00:00","article_modified_time":"2021-07-19T16:27:47+00:00","og_image":[{"width":800,"height":450,"url":"https:\/\/jblanz.de\/WP\/wp-content\/uploads\/2021\/06\/Deutschland2021-17.jpg","type":"image\/jpeg"}],"author":"Achim","twitter_card":"summary_large_image","twitter_misc":{"Verfasst von":"Achim","Gesch\u00e4tzte Lesezeit":"3\u00a0Minuten"},"schema":{"@context":"https:\/\/schema.org","@graph":[{"@type":"Article","@id":"https:\/\/jblanz.de\/WP\/17-juni-2021-bundesgartenschau-in-erfurt\/#article","isPartOf":{"@id":"https:\/\/jblanz.de\/WP\/17-juni-2021-bundesgartenschau-in-erfurt\/"},"author":{"name":"Achim","@id":"https:\/\/jblanz.de\/WP\/#\/schema\/person\/17a70f07162e42bc0b181c22397286e0"},"headline":"17. Juni 2021 &#8211; Bundesgartenschau in Erfurt","datePublished":"2021-06-17T20:17:00+00:00","dateModified":"2021-07-19T16:27:47+00:00","mainEntityOfPage":{"@id":"https:\/\/jblanz.de\/WP\/17-juni-2021-bundesgartenschau-in-erfurt\/"},"wordCount":481,"commentCount":0,"publisher":{"@id":"https:\/\/jblanz.de\/WP\/#\/schema\/person\/17a70f07162e42bc0b181c22397286e0"},"image":{"@id":"https:\/\/jblanz.de\/WP\/17-juni-2021-bundesgartenschau-in-erfurt\/#primaryimage"},"thumbnailUrl":"https:\/\/jblanz.de\/WP\/wp-content\/uploads\/2021\/06\/Deutschland2021-17.jpg","articleSection":["2021","Deutschland","Europa"],"inLanguage":"de","potentialAction":[{"@type":"CommentAction","name":"Comment","target":["https:\/\/jblanz.de\/WP\/17-juni-2021-bundesgartenschau-in-erfurt\/#respond"]}]},{"@type":"WebPage","@id":"https:\/\/jblanz.de\/WP\/17-juni-2021-bundesgartenschau-in-erfurt\/","url":"https:\/\/jblanz.de\/WP\/17-juni-2021-bundesgartenschau-in-erfurt\/","name":"17. Juni 2021 - Bundesgartenschau in Erfurt - Reiseblog von Karin &amp; Joachim","isPartOf":{"@id":"https:\/\/jblanz.de\/WP\/#website"},"primaryImageOfPage":{"@id":"https:\/\/jblanz.de\/WP\/17-juni-2021-bundesgartenschau-in-erfurt\/#primaryimage"},"image":{"@id":"https:\/\/jblanz.de\/WP\/17-juni-2021-bundesgartenschau-in-erfurt\/#primaryimage"},"thumbnailUrl":"https:\/\/jblanz.de\/WP\/wp-content\/uploads\/2021\/06\/Deutschland2021-17.jpg","datePublished":"2021-06-17T20:17:00+00:00","dateModified":"2021-07-19T16:27:47+00:00","breadcrumb":{"@id":"https:\/\/jblanz.de\/WP\/17-juni-2021-bundesgartenschau-in-erfurt\/#breadcrumb"},"inLanguage":"de","potentialAction":[{"@type":"ReadAction","target":["https:\/\/jblanz.de\/WP\/17-juni-2021-bundesgartenschau-in-erfurt\/"]}]},{"@type":"ImageObject","inLanguage":"de","@id":"https:\/\/jblanz.de\/WP\/17-juni-2021-bundesgartenschau-in-erfurt\/#primaryimage","url":"https:\/\/jblanz.de\/WP\/wp-content\/uploads\/2021\/06\/Deutschland2021-17.jpg","contentUrl":"https:\/\/jblanz.de\/WP\/wp-content\/uploads\/2021\/06\/Deutschland2021-17.jpg","width":800,"height":450},{"@type":"BreadcrumbList","@id":"https:\/\/jblanz.de\/WP\/17-juni-2021-bundesgartenschau-in-erfurt\/#breadcrumb","itemListElement":[{"@type":"ListItem","position":1,"name":"Startseite","item":"https:\/\/jblanz.de\/WP\/"},{"@type":"ListItem","position":2,"name":"17. Juni 2021 &#8211; Bundesgartenschau in Erfurt"}]},{"@type":"WebSite","@id":"https:\/\/jblanz.de\/WP\/#website","url":"https:\/\/jblanz.de\/WP\/","name":"Reiseblog von Karin & Joachim","description":"Wir schreiben den Blog f\u00fcr uns als Erinnerung - f\u00fcr euch als Inspiration","publisher":{"@id":"https:\/\/jblanz.de\/WP\/#\/schema\/person\/17a70f07162e42bc0b181c22397286e0"},"potentialAction":[{"@type":"SearchAction","target":{"@type":"EntryPoint","urlTemplate":"https:\/\/jblanz.de\/WP\/?s={search_term_string}"},"query-input":{"@type":"PropertyValueSpecification","valueRequired":true,"valueName":"search_term_string"}}],"inLanguage":"de"},{"@type":["Person","Organization"],"@id":"https:\/\/jblanz.de\/WP\/#\/schema\/person\/17a70f07162e42bc0b181c22397286e0","name":"Achim","image":{"@type":"ImageObject","inLanguage":"de","@id":"https:\/\/secure.gravatar.com\/avatar\/b7ab31bc55956af4a9bebf7fd034761212b11b803b7e39464914d6abeefb12f3?s=96&d=mm&r=g","url":"https:\/\/secure.gravatar.com\/avatar\/b7ab31bc55956af4a9bebf7fd034761212b11b803b7e39464914d6abeefb12f3?s=96&d=mm&r=g","contentUrl":"https:\/\/secure.gravatar.com\/avatar\/b7ab31bc55956af4a9bebf7fd034761212b11b803b7e39464914d6abeefb12f3?s=96&d=mm&r=g","caption":"Achim"},"logo":{"@id":"https:\/\/secure.gravatar.com\/avatar\/b7ab31bc55956af4a9bebf7fd034761212b11b803b7e39464914d6abeefb12f3?s=96&d=mm&r=g"},"url":"https:\/\/jblanz.de\/WP\/author\/achim\/"}]}},"_links":{"self":[{"href":"https:\/\/jblanz.de\/WP\/wp-json\/wp\/v2\/posts\/10303","targetHints":{"allow":["GET"]}}],"collection":[{"href":"https:\/\/jblanz.de\/WP\/wp-json\/wp\/v2\/posts"}],"about":[{"href":"https:\/\/jblanz.de\/WP\/wp-json\/wp\/v2\/types\/post"}],"author":[{"embeddable":true,"href":"https:\/\/jblanz.de\/WP\/wp-json\/wp\/v2\/users\/1"}],"replies":[{"embeddable":true,"href":"https:\/\/jblanz.de\/WP\/wp-json\/wp\/v2\/comments?post=10303"}],"version-history":[{"count":0,"href":"https:\/\/jblanz.de\/WP\/wp-json\/wp\/v2\/posts\/10303\/revisions"}],"wp:featuredmedia":[{"embeddable":true,"href":"https:\/\/jblanz.de\/WP\/wp-json\/wp\/v2\/media\/10312"}],"wp:attachment":[{"href":"https:\/\/jblanz.de\/WP\/wp-json\/wp\/v2\/media?parent=10303"}],"wp:term":[{"taxonomy":"category","embeddable":true,"href":"https:\/\/jblanz.de\/WP\/wp-json\/wp\/v2\/categories?post=10303"},{"taxonomy":"post_tag","embeddable":true,"href":"https:\/\/jblanz.de\/WP\/wp-json\/wp\/v2\/tags?post=10303"}],"curies":[{"name":"wp","href":"https:\/\/api.w.org\/{rel}","templated":true}]}}