{"id":10599,"date":"2021-09-02T20:11:49","date_gmt":"2021-09-02T18:11:49","guid":{"rendered":"https:\/\/jblanz.de\/WP\/?p=10599"},"modified":"2021-09-03T08:52:38","modified_gmt":"2021-09-03T06:52:38","slug":"2-september-2021-endlich-urlaub-im-ausland","status":"publish","type":"post","link":"https:\/\/jblanz.de\/WP\/2-september-2021-endlich-urlaub-im-ausland\/","title":{"rendered":"1. &#8211; 2. September 2021 &#8211; Fahrt nach Auch"},"content":{"rendered":"\n<p>Gestern wollten wir eigentlich morgens losfahren, aber als wir den Fahrradtr\u00e4ger montiert hatten und das Licht kontrollierten, mussten wir feststellen, dass keines der Lichter am Fahrradtr\u00e4ger funktionierte. Also fuhr ich morgens erst zur Fiat-Werkstatt, die keine M\u00f6glichkeit sah, das Fahrzeug \u00fcberhaupt anzuschauen. Dann weiter zum Boschdienst in L\u00f6rrach. Der Mitarbeiter war sehr freundlich und checkte alles durch, aber als Fehlerursache wurde ein Steuerger\u00e4t identifiziert, das nicht kurzfristig zu beschaffen war. EIn Anruf bei der Firma, die die&nbsp; Anh\u00e4ngerkupplung eingebaut hatte, war auch negativ. Sie konnten das Steuermodul kurzfristig auch nicht organisieren und hatten ebenfalls keien Zeit, das Fahrzeug \u00fcberhaupt durchzuschauen.<\/p>\n<p>Wir beschlossen dann eben nur tags\u00fcber zu fahren und starteten gegen 13.30 Uhr in Richtung Frankreich. Erst ging es auf der schweizerischen Autobahn nach Genf, von dort Richtung Lyon und weiter nach Clermont Ferrand. In der App CamperContact suchten wir unterwegs eine \u00dcbernachtungsm\u00f6glichkeit aus und landeten um ca 21 Uhr auf einem Wohnmobilstellplatz am Lac d&#8217;Aydat in der Auvergne, nicht weit entfernt vom Puy de Dome. Nach einem schnellen Abendessen legten wir uns schlafen.<\/p>\n\n\n\n<figure class=\"wp-block-gallery columns-2 is-cropped wp-block-gallery-2 is-layout-flex wp-block-gallery-is-layout-flex\"><ul class=\"blocks-gallery-grid\"><li class=\"blocks-gallery-item\"><figure><img loading=\"lazy\" decoding=\"async\" width=\"800\" height=\"450\" src=\"https:\/\/jblanz.de\/WP\/wp-content\/uploads\/2021\/09\/Urlaub2021-0001.jpg\" alt=\"\" data-id=\"10611\" data-full-url=\"https:\/\/jblanz.de\/WP\/wp-content\/uploads\/2021\/09\/Urlaub2021-0001.jpg\" data-link=\"https:\/\/jblanz.de\/WP\/2-september-2021-endlich-urlaub-im-ausland\/urlaub2021-0001\/\" class=\"wp-image-10611\" srcset=\"https:\/\/jblanz.de\/WP\/wp-content\/uploads\/2021\/09\/Urlaub2021-0001.jpg 800w, https:\/\/jblanz.de\/WP\/wp-content\/uploads\/2021\/09\/Urlaub2021-0001-300x169.jpg 300w, https:\/\/jblanz.de\/WP\/wp-content\/uploads\/2021\/09\/Urlaub2021-0001-768x432.jpg 768w\" sizes=\"auto, (max-width: 800px) 100vw, 800px\" \/><\/figure><\/li><li class=\"blocks-gallery-item\"><figure><img loading=\"lazy\" decoding=\"async\" width=\"800\" height=\"450\" src=\"https:\/\/jblanz.de\/WP\/wp-content\/uploads\/2021\/09\/Urlaub2021-0002.jpg\" alt=\"\" data-id=\"10612\" data-full-url=\"https:\/\/jblanz.de\/WP\/wp-content\/uploads\/2021\/09\/Urlaub2021-0002.jpg\" data-link=\"https:\/\/jblanz.de\/WP\/2-september-2021-endlich-urlaub-im-ausland\/urlaub2021-0002\/\" class=\"wp-image-10612\" srcset=\"https:\/\/jblanz.de\/WP\/wp-content\/uploads\/2021\/09\/Urlaub2021-0002.jpg 800w, https:\/\/jblanz.de\/WP\/wp-content\/uploads\/2021\/09\/Urlaub2021-0002-300x169.jpg 300w, https:\/\/jblanz.de\/WP\/wp-content\/uploads\/2021\/09\/Urlaub2021-0002-768x432.jpg 768w\" sizes=\"auto, (max-width: 800px) 100vw, 800px\" \/><\/figure><\/li><li class=\"blocks-gallery-item\"><figure><img loading=\"lazy\" decoding=\"async\" width=\"800\" height=\"450\" src=\"https:\/\/jblanz.de\/WP\/wp-content\/uploads\/2021\/09\/Urlaub2021-0003.jpg\" alt=\"\" data-id=\"10613\" data-full-url=\"https:\/\/jblanz.de\/WP\/wp-content\/uploads\/2021\/09\/Urlaub2021-0003.jpg\" data-link=\"https:\/\/jblanz.de\/WP\/2-september-2021-endlich-urlaub-im-ausland\/urlaub2021-0003\/\" class=\"wp-image-10613\" srcset=\"https:\/\/jblanz.de\/WP\/wp-content\/uploads\/2021\/09\/Urlaub2021-0003.jpg 800w, https:\/\/jblanz.de\/WP\/wp-content\/uploads\/2021\/09\/Urlaub2021-0003-300x169.jpg 300w, https:\/\/jblanz.de\/WP\/wp-content\/uploads\/2021\/09\/Urlaub2021-0003-768x432.jpg 768w\" sizes=\"auto, (max-width: 800px) 100vw, 800px\" \/><\/figure><\/li><li class=\"blocks-gallery-item\"><figure><img loading=\"lazy\" decoding=\"async\" width=\"800\" height=\"450\" src=\"https:\/\/jblanz.de\/WP\/wp-content\/uploads\/2021\/09\/Urlaub2021-0004.jpg\" alt=\"\" data-id=\"10614\" data-full-url=\"https:\/\/jblanz.de\/WP\/wp-content\/uploads\/2021\/09\/Urlaub2021-0004.jpg\" data-link=\"https:\/\/jblanz.de\/WP\/2-september-2021-endlich-urlaub-im-ausland\/urlaub2021-0004\/\" class=\"wp-image-10614\" srcset=\"https:\/\/jblanz.de\/WP\/wp-content\/uploads\/2021\/09\/Urlaub2021-0004.jpg 800w, https:\/\/jblanz.de\/WP\/wp-content\/uploads\/2021\/09\/Urlaub2021-0004-300x169.jpg 300w, https:\/\/jblanz.de\/WP\/wp-content\/uploads\/2021\/09\/Urlaub2021-0004-768x432.jpg 768w\" sizes=\"auto, (max-width: 800px) 100vw, 800px\" \/><\/figure><\/li><li class=\"blocks-gallery-item\"><figure><img loading=\"lazy\" decoding=\"async\" width=\"800\" height=\"450\" src=\"https:\/\/jblanz.de\/WP\/wp-content\/uploads\/2021\/09\/Urlaub2021-0005.jpg\" alt=\"\" data-id=\"10615\" data-full-url=\"https:\/\/jblanz.de\/WP\/wp-content\/uploads\/2021\/09\/Urlaub2021-0005.jpg\" data-link=\"https:\/\/jblanz.de\/WP\/2-september-2021-endlich-urlaub-im-ausland\/urlaub2021-0005\/\" class=\"wp-image-10615\" srcset=\"https:\/\/jblanz.de\/WP\/wp-content\/uploads\/2021\/09\/Urlaub2021-0005.jpg 800w, https:\/\/jblanz.de\/WP\/wp-content\/uploads\/2021\/09\/Urlaub2021-0005-300x169.jpg 300w, https:\/\/jblanz.de\/WP\/wp-content\/uploads\/2021\/09\/Urlaub2021-0005-768x432.jpg 768w\" sizes=\"auto, (max-width: 800px) 100vw, 800px\" \/><\/figure><\/li><li class=\"blocks-gallery-item\"><figure><img loading=\"lazy\" decoding=\"async\" width=\"800\" height=\"450\" src=\"https:\/\/jblanz.de\/WP\/wp-content\/uploads\/2021\/09\/Urlaub2021-0006.jpg\" alt=\"\" data-id=\"10616\" data-full-url=\"https:\/\/jblanz.de\/WP\/wp-content\/uploads\/2021\/09\/Urlaub2021-0006.jpg\" data-link=\"https:\/\/jblanz.de\/WP\/2-september-2021-endlich-urlaub-im-ausland\/urlaub2021-0006\/\" class=\"wp-image-10616\" srcset=\"https:\/\/jblanz.de\/WP\/wp-content\/uploads\/2021\/09\/Urlaub2021-0006.jpg 800w, https:\/\/jblanz.de\/WP\/wp-content\/uploads\/2021\/09\/Urlaub2021-0006-300x169.jpg 300w, https:\/\/jblanz.de\/WP\/wp-content\/uploads\/2021\/09\/Urlaub2021-0006-768x432.jpg 768w\" sizes=\"auto, (max-width: 800px) 100vw, 800px\" \/><\/figure><\/li><\/ul><\/figure>\n\n\n\n<p>In der Nacht wurde es ziemlich kalt und am n\u00e4chsten Morgen wachte ich auf mit einem leichten Schnupfen-&nbsp; toll, passt genau in die Zeit mit Corona. Wir gingen morgens auf einem Rundweg zum Ufer des Sees &#8211; Sonnenschein &#8211; sehr idyllischer Ort. Dann ging es wieder Richtung Autobahn. Unser Navi f\u00fchrte uns \u00fcber kleine Str\u00e4\u00dfchen durch Orte mit idyllischen Stadtkernen, vorbei z.B. an der Basilika Notre-Dame in Orcival.<\/p>\n\n\n\n<figure class=\"wp-block-image size-full\"><img loading=\"lazy\" decoding=\"async\" width=\"800\" height=\"450\" src=\"https:\/\/jblanz.de\/WP\/wp-content\/uploads\/2021\/09\/Urlaub2021-0007.jpg\" alt=\"\" class=\"wp-image-10617\" srcset=\"https:\/\/jblanz.de\/WP\/wp-content\/uploads\/2021\/09\/Urlaub2021-0007.jpg 800w, https:\/\/jblanz.de\/WP\/wp-content\/uploads\/2021\/09\/Urlaub2021-0007-300x169.jpg 300w, https:\/\/jblanz.de\/WP\/wp-content\/uploads\/2021\/09\/Urlaub2021-0007-768x432.jpg 768w\" sizes=\"auto, (max-width: 800px) 100vw, 800px\" \/><\/figure>\n\n\n\n<p>85 km vor Auch, unserem n\u00e4chsten Ziel, endete die Autobahn. Fahrerwechsel in einer kleinen Seitenstrasse &#8211; leider verga\u00df Karin die Handbremse anzuziehen. Als sie vom Sitz aufstand, rollte der Bus langsam auf die Strasse und direkt auf die Mauer der anderen Strassenseite zu. Bis ich es bemerkte und mich vom Beifahrersitz erheben konnte, verging zwar nicht viel Zeit, aber bis ich endlich die Handbremse ziehen konnte, stand der Bus nur noch 50 cm von der Mauer entfernt. Der Schreck sass uns tief in den Knochen. Wenn der Bus die Mauer gerammt h\u00e4tte, w\u00e4re die Reise wohl beendet gewesen. So ging es weiter \u00fcber die Landstrasse, die durch unz\u00e4hlige Alleen f\u00fchrte. In Auch kauften wir in einer Apotheke Corona-Selbsttests und checkten mich auf dem Parkplatz des Carrefour &#8211; aber nur ein Strich &#8211; also negativ. Ich hatte mich nicht infiziert, sondern nur einen Schnupfen. So konnten wir mit einem guten Gef\u00fchl einkaufen und unsere Freunde besuchen, die in der N\u00e4he von Auch ein kleines Anwesen bewohnen. Abendessen &#8211; Aiguillettes des Canard mit Kartoffeln und Tomaten-Melonen-Salat &#8211; lecker. Lange Gespr\u00e4che \u00fcber gemeinsame Zeiten in Urlauben und unsere bisherigen Besuche. <\/p>\n\n\n\n<figure class=\"wp-block-gallery columns-2 is-cropped wp-block-gallery-3 is-layout-flex wp-block-gallery-is-layout-flex\"><ul class=\"blocks-gallery-grid\"><li class=\"blocks-gallery-item\"><figure><img loading=\"lazy\" decoding=\"async\" width=\"800\" height=\"450\" src=\"https:\/\/jblanz.de\/WP\/wp-content\/uploads\/2021\/09\/Urlaub2021-0010.jpg\" alt=\"\" data-id=\"10619\" data-full-url=\"https:\/\/jblanz.de\/WP\/wp-content\/uploads\/2021\/09\/Urlaub2021-0010.jpg\" data-link=\"https:\/\/jblanz.de\/WP\/2-september-2021-endlich-urlaub-im-ausland\/urlaub2021-0010\/\" class=\"wp-image-10619\" srcset=\"https:\/\/jblanz.de\/WP\/wp-content\/uploads\/2021\/09\/Urlaub2021-0010.jpg 800w, https:\/\/jblanz.de\/WP\/wp-content\/uploads\/2021\/09\/Urlaub2021-0010-300x169.jpg 300w, https:\/\/jblanz.de\/WP\/wp-content\/uploads\/2021\/09\/Urlaub2021-0010-768x432.jpg 768w\" sizes=\"auto, (max-width: 800px) 100vw, 800px\" \/><\/figure><\/li><li class=\"blocks-gallery-item\"><figure><img loading=\"lazy\" decoding=\"async\" width=\"800\" height=\"450\" src=\"https:\/\/jblanz.de\/WP\/wp-content\/uploads\/2021\/09\/Urlaub2021-0011.jpg\" alt=\"\" data-id=\"10620\" data-full-url=\"https:\/\/jblanz.de\/WP\/wp-content\/uploads\/2021\/09\/Urlaub2021-0011.jpg\" data-link=\"https:\/\/jblanz.de\/WP\/2-september-2021-endlich-urlaub-im-ausland\/urlaub2021-0011\/\" class=\"wp-image-10620\" srcset=\"https:\/\/jblanz.de\/WP\/wp-content\/uploads\/2021\/09\/Urlaub2021-0011.jpg 800w, https:\/\/jblanz.de\/WP\/wp-content\/uploads\/2021\/09\/Urlaub2021-0011-300x169.jpg 300w, https:\/\/jblanz.de\/WP\/wp-content\/uploads\/2021\/09\/Urlaub2021-0011-768x432.jpg 768w\" sizes=\"auto, (max-width: 800px) 100vw, 800px\" \/><\/figure><\/li><li class=\"blocks-gallery-item\"><figure><img loading=\"lazy\" decoding=\"async\" width=\"800\" height=\"450\" src=\"https:\/\/jblanz.de\/WP\/wp-content\/uploads\/2021\/09\/Urlaub2021-0009.jpg\" alt=\"\" data-id=\"10618\" data-full-url=\"https:\/\/jblanz.de\/WP\/wp-content\/uploads\/2021\/09\/Urlaub2021-0009.jpg\" data-link=\"https:\/\/jblanz.de\/WP\/2-september-2021-endlich-urlaub-im-ausland\/urlaub2021-0009\/\" class=\"wp-image-10618\" srcset=\"https:\/\/jblanz.de\/WP\/wp-content\/uploads\/2021\/09\/Urlaub2021-0009.jpg 800w, https:\/\/jblanz.de\/WP\/wp-content\/uploads\/2021\/09\/Urlaub2021-0009-300x169.jpg 300w, https:\/\/jblanz.de\/WP\/wp-content\/uploads\/2021\/09\/Urlaub2021-0009-768x432.jpg 768w\" sizes=\"auto, (max-width: 800px) 100vw, 800px\" \/><\/figure><\/li><\/ul><\/figure>\n","protected":false},"excerpt":{"rendered":"<p>Gestern wollten wir eigentlich morgens losfahren, aber als wir den Fahrradtr\u00e4ger montiert hatten und das Licht kontrollierten, mussten wir feststellen,<\/p>\n","protected":false},"author":1,"featured_media":10610,"comment_status":"open","ping_status":"open","sticky":false,"template":"","format":"standard","meta":{"colormag_page_container_layout":"default_layout","colormag_page_sidebar_layout":"default_layout","_monsterinsights_skip_tracking":false,"_monsterinsights_sitenote_active":false,"_monsterinsights_sitenote_note":"","_monsterinsights_sitenote_category":0,"footnotes":""},"categories":[237,159,241],"tags":[],"class_list":["post-10599","post","type-post","status-publish","format-standard","has-post-thumbnail","hentry","category-237","category-europa","category-frankreich"],"yoast_head":"<!-- This site is optimized with the Yoast SEO plugin v27.4 - https:\/\/yoast.com\/product\/yoast-seo-wordpress\/ -->\n<title>1. - 2. September 2021 - Fahrt nach Auch - Reiseblog von Karin &amp; Joachim<\/title>\n<meta name=\"robots\" content=\"index, follow, max-snippet:-1, max-image-preview:large, max-video-preview:-1\" \/>\n<link rel=\"canonical\" href=\"https:\/\/jblanz.de\/WP\/2-september-2021-endlich-urlaub-im-ausland\/\" \/>\n<meta property=\"og:locale\" content=\"de_DE\" \/>\n<meta property=\"og:type\" content=\"article\" \/>\n<meta property=\"og:title\" content=\"1. - 2. September 2021 - Fahrt nach Auch - Reiseblog von Karin &amp; Joachim\" \/>\n<meta property=\"og:description\" content=\"Gestern wollten wir eigentlich morgens losfahren, aber als wir den Fahrradtr\u00e4ger montiert hatten und das Licht kontrollierten, mussten wir feststellen,\" \/>\n<meta property=\"og:url\" content=\"https:\/\/jblanz.de\/WP\/2-september-2021-endlich-urlaub-im-ausland\/\" \/>\n<meta property=\"og:site_name\" content=\"Reiseblog von Karin &amp; Joachim\" \/>\n<meta property=\"article:published_time\" content=\"2021-09-02T18:11:49+00:00\" \/>\n<meta property=\"article:modified_time\" content=\"2021-09-03T06:52:38+00:00\" \/>\n<meta property=\"og:image\" content=\"https:\/\/jblanz.de\/WP\/wp-content\/uploads\/2021\/09\/Urlaub2021-0008.jpg\" \/>\n\t<meta property=\"og:image:width\" content=\"800\" \/>\n\t<meta property=\"og:image:height\" content=\"450\" \/>\n\t<meta property=\"og:image:type\" content=\"image\/jpeg\" \/>\n<meta name=\"author\" content=\"Achim\" \/>\n<meta name=\"twitter:card\" content=\"summary_large_image\" \/>\n<meta name=\"twitter:label1\" content=\"Verfasst von\" \/>\n\t<meta name=\"twitter:data1\" content=\"Achim\" \/>\n\t<meta name=\"twitter:label2\" content=\"Gesch\u00e4tzte Lesezeit\" \/>\n\t<meta name=\"twitter:data2\" content=\"4\u00a0Minuten\" \/>\n<script type=\"application\/ld+json\" class=\"yoast-schema-graph\">{\"@context\":\"https:\\\/\\\/schema.org\",\"@graph\":[{\"@type\":\"Article\",\"@id\":\"https:\\\/\\\/jblanz.de\\\/WP\\\/2-september-2021-endlich-urlaub-im-ausland\\\/#article\",\"isPartOf\":{\"@id\":\"https:\\\/\\\/jblanz.de\\\/WP\\\/2-september-2021-endlich-urlaub-im-ausland\\\/\"},\"author\":{\"name\":\"Achim\",\"@id\":\"https:\\\/\\\/jblanz.de\\\/WP\\\/#\\\/schema\\\/person\\\/17a70f07162e42bc0b181c22397286e0\"},\"headline\":\"1. &#8211; 2. September 2021 &#8211; Fahrt nach Auch\",\"datePublished\":\"2021-09-02T18:11:49+00:00\",\"dateModified\":\"2021-09-03T06:52:38+00:00\",\"mainEntityOfPage\":{\"@id\":\"https:\\\/\\\/jblanz.de\\\/WP\\\/2-september-2021-endlich-urlaub-im-ausland\\\/\"},\"wordCount\":454,\"commentCount\":0,\"publisher\":{\"@id\":\"https:\\\/\\\/jblanz.de\\\/WP\\\/#\\\/schema\\\/person\\\/17a70f07162e42bc0b181c22397286e0\"},\"image\":{\"@id\":\"https:\\\/\\\/jblanz.de\\\/WP\\\/2-september-2021-endlich-urlaub-im-ausland\\\/#primaryimage\"},\"thumbnailUrl\":\"https:\\\/\\\/jblanz.de\\\/WP\\\/wp-content\\\/uploads\\\/2021\\\/09\\\/Urlaub2021-0008.jpg\",\"articleSection\":[\"2021\",\"Europa\",\"Frankreich\"],\"inLanguage\":\"de\",\"potentialAction\":[{\"@type\":\"CommentAction\",\"name\":\"Comment\",\"target\":[\"https:\\\/\\\/jblanz.de\\\/WP\\\/2-september-2021-endlich-urlaub-im-ausland\\\/#respond\"]}]},{\"@type\":\"WebPage\",\"@id\":\"https:\\\/\\\/jblanz.de\\\/WP\\\/2-september-2021-endlich-urlaub-im-ausland\\\/\",\"url\":\"https:\\\/\\\/jblanz.de\\\/WP\\\/2-september-2021-endlich-urlaub-im-ausland\\\/\",\"name\":\"1. - 2. September 2021 - Fahrt nach Auch - Reiseblog von Karin &amp; Joachim\",\"isPartOf\":{\"@id\":\"https:\\\/\\\/jblanz.de\\\/WP\\\/#website\"},\"primaryImageOfPage\":{\"@id\":\"https:\\\/\\\/jblanz.de\\\/WP\\\/2-september-2021-endlich-urlaub-im-ausland\\\/#primaryimage\"},\"image\":{\"@id\":\"https:\\\/\\\/jblanz.de\\\/WP\\\/2-september-2021-endlich-urlaub-im-ausland\\\/#primaryimage\"},\"thumbnailUrl\":\"https:\\\/\\\/jblanz.de\\\/WP\\\/wp-content\\\/uploads\\\/2021\\\/09\\\/Urlaub2021-0008.jpg\",\"datePublished\":\"2021-09-02T18:11:49+00:00\",\"dateModified\":\"2021-09-03T06:52:38+00:00\",\"breadcrumb\":{\"@id\":\"https:\\\/\\\/jblanz.de\\\/WP\\\/2-september-2021-endlich-urlaub-im-ausland\\\/#breadcrumb\"},\"inLanguage\":\"de\",\"potentialAction\":[{\"@type\":\"ReadAction\",\"target\":[\"https:\\\/\\\/jblanz.de\\\/WP\\\/2-september-2021-endlich-urlaub-im-ausland\\\/\"]}]},{\"@type\":\"ImageObject\",\"inLanguage\":\"de\",\"@id\":\"https:\\\/\\\/jblanz.de\\\/WP\\\/2-september-2021-endlich-urlaub-im-ausland\\\/#primaryimage\",\"url\":\"https:\\\/\\\/jblanz.de\\\/WP\\\/wp-content\\\/uploads\\\/2021\\\/09\\\/Urlaub2021-0008.jpg\",\"contentUrl\":\"https:\\\/\\\/jblanz.de\\\/WP\\\/wp-content\\\/uploads\\\/2021\\\/09\\\/Urlaub2021-0008.jpg\",\"width\":800,\"height\":450},{\"@type\":\"BreadcrumbList\",\"@id\":\"https:\\\/\\\/jblanz.de\\\/WP\\\/2-september-2021-endlich-urlaub-im-ausland\\\/#breadcrumb\",\"itemListElement\":[{\"@type\":\"ListItem\",\"position\":1,\"name\":\"Startseite\",\"item\":\"https:\\\/\\\/jblanz.de\\\/WP\\\/\"},{\"@type\":\"ListItem\",\"position\":2,\"name\":\"1. &#8211; 2. September 2021 &#8211; Fahrt nach Auch\"}]},{\"@type\":\"WebSite\",\"@id\":\"https:\\\/\\\/jblanz.de\\\/WP\\\/#website\",\"url\":\"https:\\\/\\\/jblanz.de\\\/WP\\\/\",\"name\":\"Reiseblog von Karin & Joachim\",\"description\":\"Wir schreiben den Blog f\u00fcr uns als Erinnerung - f\u00fcr euch als Inspiration\",\"publisher\":{\"@id\":\"https:\\\/\\\/jblanz.de\\\/WP\\\/#\\\/schema\\\/person\\\/17a70f07162e42bc0b181c22397286e0\"},\"potentialAction\":[{\"@type\":\"SearchAction\",\"target\":{\"@type\":\"EntryPoint\",\"urlTemplate\":\"https:\\\/\\\/jblanz.de\\\/WP\\\/?s={search_term_string}\"},\"query-input\":{\"@type\":\"PropertyValueSpecification\",\"valueRequired\":true,\"valueName\":\"search_term_string\"}}],\"inLanguage\":\"de\"},{\"@type\":[\"Person\",\"Organization\"],\"@id\":\"https:\\\/\\\/jblanz.de\\\/WP\\\/#\\\/schema\\\/person\\\/17a70f07162e42bc0b181c22397286e0\",\"name\":\"Achim\",\"image\":{\"@type\":\"ImageObject\",\"inLanguage\":\"de\",\"@id\":\"https:\\\/\\\/secure.gravatar.com\\\/avatar\\\/b7ab31bc55956af4a9bebf7fd034761212b11b803b7e39464914d6abeefb12f3?s=96&d=mm&r=g\",\"url\":\"https:\\\/\\\/secure.gravatar.com\\\/avatar\\\/b7ab31bc55956af4a9bebf7fd034761212b11b803b7e39464914d6abeefb12f3?s=96&d=mm&r=g\",\"contentUrl\":\"https:\\\/\\\/secure.gravatar.com\\\/avatar\\\/b7ab31bc55956af4a9bebf7fd034761212b11b803b7e39464914d6abeefb12f3?s=96&d=mm&r=g\",\"caption\":\"Achim\"},\"logo\":{\"@id\":\"https:\\\/\\\/secure.gravatar.com\\\/avatar\\\/b7ab31bc55956af4a9bebf7fd034761212b11b803b7e39464914d6abeefb12f3?s=96&d=mm&r=g\"},\"url\":\"https:\\\/\\\/jblanz.de\\\/WP\\\/author\\\/achim\\\/\"}]}<\/script>\n<!-- \/ Yoast SEO plugin. -->","yoast_head_json":{"title":"1. - 2. September 2021 - Fahrt nach Auch - Reiseblog von Karin &amp; Joachim","robots":{"index":"index","follow":"follow","max-snippet":"max-snippet:-1","max-image-preview":"max-image-preview:large","max-video-preview":"max-video-preview:-1"},"canonical":"https:\/\/jblanz.de\/WP\/2-september-2021-endlich-urlaub-im-ausland\/","og_locale":"de_DE","og_type":"article","og_title":"1. - 2. September 2021 - Fahrt nach Auch - Reiseblog von Karin &amp; Joachim","og_description":"Gestern wollten wir eigentlich morgens losfahren, aber als wir den Fahrradtr\u00e4ger montiert hatten und das Licht kontrollierten, mussten wir feststellen,","og_url":"https:\/\/jblanz.de\/WP\/2-september-2021-endlich-urlaub-im-ausland\/","og_site_name":"Reiseblog von Karin &amp; Joachim","article_published_time":"2021-09-02T18:11:49+00:00","article_modified_time":"2021-09-03T06:52:38+00:00","og_image":[{"width":800,"height":450,"url":"https:\/\/jblanz.de\/WP\/wp-content\/uploads\/2021\/09\/Urlaub2021-0008.jpg","type":"image\/jpeg"}],"author":"Achim","twitter_card":"summary_large_image","twitter_misc":{"Verfasst von":"Achim","Gesch\u00e4tzte Lesezeit":"4\u00a0Minuten"},"schema":{"@context":"https:\/\/schema.org","@graph":[{"@type":"Article","@id":"https:\/\/jblanz.de\/WP\/2-september-2021-endlich-urlaub-im-ausland\/#article","isPartOf":{"@id":"https:\/\/jblanz.de\/WP\/2-september-2021-endlich-urlaub-im-ausland\/"},"author":{"name":"Achim","@id":"https:\/\/jblanz.de\/WP\/#\/schema\/person\/17a70f07162e42bc0b181c22397286e0"},"headline":"1. &#8211; 2. September 2021 &#8211; Fahrt nach Auch","datePublished":"2021-09-02T18:11:49+00:00","dateModified":"2021-09-03T06:52:38+00:00","mainEntityOfPage":{"@id":"https:\/\/jblanz.de\/WP\/2-september-2021-endlich-urlaub-im-ausland\/"},"wordCount":454,"commentCount":0,"publisher":{"@id":"https:\/\/jblanz.de\/WP\/#\/schema\/person\/17a70f07162e42bc0b181c22397286e0"},"image":{"@id":"https:\/\/jblanz.de\/WP\/2-september-2021-endlich-urlaub-im-ausland\/#primaryimage"},"thumbnailUrl":"https:\/\/jblanz.de\/WP\/wp-content\/uploads\/2021\/09\/Urlaub2021-0008.jpg","articleSection":["2021","Europa","Frankreich"],"inLanguage":"de","potentialAction":[{"@type":"CommentAction","name":"Comment","target":["https:\/\/jblanz.de\/WP\/2-september-2021-endlich-urlaub-im-ausland\/#respond"]}]},{"@type":"WebPage","@id":"https:\/\/jblanz.de\/WP\/2-september-2021-endlich-urlaub-im-ausland\/","url":"https:\/\/jblanz.de\/WP\/2-september-2021-endlich-urlaub-im-ausland\/","name":"1. - 2. September 2021 - Fahrt nach Auch - Reiseblog von Karin &amp; Joachim","isPartOf":{"@id":"https:\/\/jblanz.de\/WP\/#website"},"primaryImageOfPage":{"@id":"https:\/\/jblanz.de\/WP\/2-september-2021-endlich-urlaub-im-ausland\/#primaryimage"},"image":{"@id":"https:\/\/jblanz.de\/WP\/2-september-2021-endlich-urlaub-im-ausland\/#primaryimage"},"thumbnailUrl":"https:\/\/jblanz.de\/WP\/wp-content\/uploads\/2021\/09\/Urlaub2021-0008.jpg","datePublished":"2021-09-02T18:11:49+00:00","dateModified":"2021-09-03T06:52:38+00:00","breadcrumb":{"@id":"https:\/\/jblanz.de\/WP\/2-september-2021-endlich-urlaub-im-ausland\/#breadcrumb"},"inLanguage":"de","potentialAction":[{"@type":"ReadAction","target":["https:\/\/jblanz.de\/WP\/2-september-2021-endlich-urlaub-im-ausland\/"]}]},{"@type":"ImageObject","inLanguage":"de","@id":"https:\/\/jblanz.de\/WP\/2-september-2021-endlich-urlaub-im-ausland\/#primaryimage","url":"https:\/\/jblanz.de\/WP\/wp-content\/uploads\/2021\/09\/Urlaub2021-0008.jpg","contentUrl":"https:\/\/jblanz.de\/WP\/wp-content\/uploads\/2021\/09\/Urlaub2021-0008.jpg","width":800,"height":450},{"@type":"BreadcrumbList","@id":"https:\/\/jblanz.de\/WP\/2-september-2021-endlich-urlaub-im-ausland\/#breadcrumb","itemListElement":[{"@type":"ListItem","position":1,"name":"Startseite","item":"https:\/\/jblanz.de\/WP\/"},{"@type":"ListItem","position":2,"name":"1. &#8211; 2. September 2021 &#8211; Fahrt nach Auch"}]},{"@type":"WebSite","@id":"https:\/\/jblanz.de\/WP\/#website","url":"https:\/\/jblanz.de\/WP\/","name":"Reiseblog von Karin & Joachim","description":"Wir schreiben den Blog f\u00fcr uns als Erinnerung - f\u00fcr euch als Inspiration","publisher":{"@id":"https:\/\/jblanz.de\/WP\/#\/schema\/person\/17a70f07162e42bc0b181c22397286e0"},"potentialAction":[{"@type":"SearchAction","target":{"@type":"EntryPoint","urlTemplate":"https:\/\/jblanz.de\/WP\/?s={search_term_string}"},"query-input":{"@type":"PropertyValueSpecification","valueRequired":true,"valueName":"search_term_string"}}],"inLanguage":"de"},{"@type":["Person","Organization"],"@id":"https:\/\/jblanz.de\/WP\/#\/schema\/person\/17a70f07162e42bc0b181c22397286e0","name":"Achim","image":{"@type":"ImageObject","inLanguage":"de","@id":"https:\/\/secure.gravatar.com\/avatar\/b7ab31bc55956af4a9bebf7fd034761212b11b803b7e39464914d6abeefb12f3?s=96&d=mm&r=g","url":"https:\/\/secure.gravatar.com\/avatar\/b7ab31bc55956af4a9bebf7fd034761212b11b803b7e39464914d6abeefb12f3?s=96&d=mm&r=g","contentUrl":"https:\/\/secure.gravatar.com\/avatar\/b7ab31bc55956af4a9bebf7fd034761212b11b803b7e39464914d6abeefb12f3?s=96&d=mm&r=g","caption":"Achim"},"logo":{"@id":"https:\/\/secure.gravatar.com\/avatar\/b7ab31bc55956af4a9bebf7fd034761212b11b803b7e39464914d6abeefb12f3?s=96&d=mm&r=g"},"url":"https:\/\/jblanz.de\/WP\/author\/achim\/"}]}},"_links":{"self":[{"href":"https:\/\/jblanz.de\/WP\/wp-json\/wp\/v2\/posts\/10599","targetHints":{"allow":["GET"]}}],"collection":[{"href":"https:\/\/jblanz.de\/WP\/wp-json\/wp\/v2\/posts"}],"about":[{"href":"https:\/\/jblanz.de\/WP\/wp-json\/wp\/v2\/types\/post"}],"author":[{"embeddable":true,"href":"https:\/\/jblanz.de\/WP\/wp-json\/wp\/v2\/users\/1"}],"replies":[{"embeddable":true,"href":"https:\/\/jblanz.de\/WP\/wp-json\/wp\/v2\/comments?post=10599"}],"version-history":[{"count":0,"href":"https:\/\/jblanz.de\/WP\/wp-json\/wp\/v2\/posts\/10599\/revisions"}],"wp:featuredmedia":[{"embeddable":true,"href":"https:\/\/jblanz.de\/WP\/wp-json\/wp\/v2\/media\/10610"}],"wp:attachment":[{"href":"https:\/\/jblanz.de\/WP\/wp-json\/wp\/v2\/media?parent=10599"}],"wp:term":[{"taxonomy":"category","embeddable":true,"href":"https:\/\/jblanz.de\/WP\/wp-json\/wp\/v2\/categories?post=10599"},{"taxonomy":"post_tag","embeddable":true,"href":"https:\/\/jblanz.de\/WP\/wp-json\/wp\/v2\/tags?post=10599"}],"curies":[{"name":"wp","href":"https:\/\/api.w.org\/{rel}","templated":true}]}}