{"id":10636,"date":"2021-09-04T07:40:40","date_gmt":"2021-09-04T05:40:40","guid":{"rendered":"https:\/\/jblanz.de\/WP\/?p=10636"},"modified":"2021-09-04T17:55:16","modified_gmt":"2021-09-04T15:55:16","slug":"3-september-2021-auch","status":"publish","type":"post","link":"https:\/\/jblanz.de\/WP\/3-september-2021-auch\/","title":{"rendered":"3. &#8211; 4. September 2021 &#8211; Rund um Auch"},"content":{"rendered":"\n<p>Nach einem ausgiebigen Fr\u00fchst\u00fcck unternahmen wir eine kleine Fahrradtour nach Sansan. Dort wurde 1864 das vollst\u00e4ndige Skelett eines Dinosauriers entdeckt, das jetzt im Nationalmuseem in Paris zu besichtigen ist. In Sansan selbst ist ein 2,5 km langer Lehrpfad angelegt, den wir aber nicht gegangen sind, da er sich nach Aussage unsere Freunde nicht lohnt. Weiter ging es den Berg hinauf zur Windm\u00fchle in Durban, die wir auch 2 Jahre zuvor schon besichtigt hatten. Auf diesem Weg zeigte sich die sehr l\u00e4ndlich gepr\u00e4gte Region des Gers &#8211; wir fuhren entlang eines grossen Sonnenblumenfelds, die leider schon alle verbl\u00fcht waren.<\/p>\n<p>Am Nachmittag montierte ich 3 Vorhangstangen im Haus unserer Freunde. Am sp\u00e4ten Nachmittag traf Micha ein, der vom Allier anreiste. Er wird uns auf der weiteren Reise begleiten. Abends gab es orientalische Auberginen mit Tahinajoghurt und Couscous &#8211; ein Hochgenuss.<\/p>\n\n\n\n<figure class=\"wp-block-gallery columns-2 is-cropped wp-block-gallery-2 is-layout-flex wp-block-gallery-is-layout-flex\"><ul class=\"blocks-gallery-grid\"><li class=\"blocks-gallery-item\"><figure><img loading=\"lazy\" decoding=\"async\" width=\"800\" height=\"450\" src=\"https:\/\/jblanz.de\/WP\/wp-content\/uploads\/2021\/09\/Urlaub2021-0012.jpg\" alt=\"\" data-id=\"10640\" data-full-url=\"https:\/\/jblanz.de\/WP\/wp-content\/uploads\/2021\/09\/Urlaub2021-0012.jpg\" data-link=\"https:\/\/jblanz.de\/WP\/3-september-2021-auch\/urlaub2021-0012\/\" class=\"wp-image-10640\" srcset=\"https:\/\/jblanz.de\/WP\/wp-content\/uploads\/2021\/09\/Urlaub2021-0012.jpg 800w, https:\/\/jblanz.de\/WP\/wp-content\/uploads\/2021\/09\/Urlaub2021-0012-300x169.jpg 300w, https:\/\/jblanz.de\/WP\/wp-content\/uploads\/2021\/09\/Urlaub2021-0012-768x432.jpg 768w\" sizes=\"auto, (max-width: 800px) 100vw, 800px\" \/><\/figure><\/li><li class=\"blocks-gallery-item\"><figure><img loading=\"lazy\" decoding=\"async\" width=\"800\" height=\"450\" src=\"https:\/\/jblanz.de\/WP\/wp-content\/uploads\/2021\/09\/Urlaub2021-0013.jpg\" alt=\"\" data-id=\"10641\" data-full-url=\"https:\/\/jblanz.de\/WP\/wp-content\/uploads\/2021\/09\/Urlaub2021-0013.jpg\" data-link=\"https:\/\/jblanz.de\/WP\/3-september-2021-auch\/urlaub2021-0013\/\" class=\"wp-image-10641\" srcset=\"https:\/\/jblanz.de\/WP\/wp-content\/uploads\/2021\/09\/Urlaub2021-0013.jpg 800w, https:\/\/jblanz.de\/WP\/wp-content\/uploads\/2021\/09\/Urlaub2021-0013-300x169.jpg 300w, https:\/\/jblanz.de\/WP\/wp-content\/uploads\/2021\/09\/Urlaub2021-0013-768x432.jpg 768w\" sizes=\"auto, (max-width: 800px) 100vw, 800px\" \/><\/figure><\/li><li class=\"blocks-gallery-item\"><figure><img loading=\"lazy\" decoding=\"async\" width=\"800\" height=\"450\" src=\"https:\/\/jblanz.de\/WP\/wp-content\/uploads\/2021\/09\/Urlaub2021-0014.jpg\" alt=\"\" data-id=\"10642\" data-full-url=\"https:\/\/jblanz.de\/WP\/wp-content\/uploads\/2021\/09\/Urlaub2021-0014.jpg\" data-link=\"https:\/\/jblanz.de\/WP\/3-september-2021-auch\/urlaub2021-0014\/\" class=\"wp-image-10642\" srcset=\"https:\/\/jblanz.de\/WP\/wp-content\/uploads\/2021\/09\/Urlaub2021-0014.jpg 800w, https:\/\/jblanz.de\/WP\/wp-content\/uploads\/2021\/09\/Urlaub2021-0014-300x169.jpg 300w, https:\/\/jblanz.de\/WP\/wp-content\/uploads\/2021\/09\/Urlaub2021-0014-768x432.jpg 768w\" sizes=\"auto, (max-width: 800px) 100vw, 800px\" \/><\/figure><\/li><li class=\"blocks-gallery-item\"><figure><img loading=\"lazy\" decoding=\"async\" width=\"800\" height=\"450\" src=\"https:\/\/jblanz.de\/WP\/wp-content\/uploads\/2021\/09\/Urlaub2021-0016.jpg\" alt=\"\" data-id=\"10643\" data-full-url=\"https:\/\/jblanz.de\/WP\/wp-content\/uploads\/2021\/09\/Urlaub2021-0016.jpg\" data-link=\"https:\/\/jblanz.de\/WP\/3-september-2021-auch\/urlaub2021-0016\/\" class=\"wp-image-10643\" srcset=\"https:\/\/jblanz.de\/WP\/wp-content\/uploads\/2021\/09\/Urlaub2021-0016.jpg 800w, https:\/\/jblanz.de\/WP\/wp-content\/uploads\/2021\/09\/Urlaub2021-0016-300x169.jpg 300w, https:\/\/jblanz.de\/WP\/wp-content\/uploads\/2021\/09\/Urlaub2021-0016-768x432.jpg 768w\" sizes=\"auto, (max-width: 800px) 100vw, 800px\" \/><\/figure><\/li><li class=\"blocks-gallery-item\"><figure><img loading=\"lazy\" decoding=\"async\" width=\"800\" height=\"450\" src=\"https:\/\/jblanz.de\/WP\/wp-content\/uploads\/2021\/09\/Urlaub2021-0018.jpg\" alt=\"\" data-id=\"10644\" data-full-url=\"https:\/\/jblanz.de\/WP\/wp-content\/uploads\/2021\/09\/Urlaub2021-0018.jpg\" data-link=\"https:\/\/jblanz.de\/WP\/3-september-2021-auch\/urlaub2021-0018\/\" class=\"wp-image-10644\" srcset=\"https:\/\/jblanz.de\/WP\/wp-content\/uploads\/2021\/09\/Urlaub2021-0018.jpg 800w, https:\/\/jblanz.de\/WP\/wp-content\/uploads\/2021\/09\/Urlaub2021-0018-300x169.jpg 300w, https:\/\/jblanz.de\/WP\/wp-content\/uploads\/2021\/09\/Urlaub2021-0018-768x432.jpg 768w\" sizes=\"auto, (max-width: 800px) 100vw, 800px\" \/><\/figure><\/li><\/ul><\/figure>\n\n\n\n<p>Am Morgen fuhren wir mit dem Fahrrad die ca 12 km nach Auch. Der Anstieg ins historische Zentrum der Stadt war mit unseren Ebikes kein Problem. Wir schoben die R\u00e4der durch den Markt, besichtigten die Treppen hinter dem Dom, kauften baskischen K\u00e4se und setzten uns auf einen Kaffee in eine der zahlreichen gutbesuchten Strassenkneipen. Die Bedienung fragte uns sogar nach unserem &#8222;pass sanitaire&#8220;, den jeder Besucher vorweisen musste. Nur mit einem Impfnachweis, einem g\u00fcltigen Test oder einem Genesenennachweis ist der Aufenthalt erlaubt. Auf der R\u00fcckfahrt noch ein schneller Besuch des Carrefour, um unsere Vorr\u00e4te aufzuf\u00fcllen, denn morgen fr\u00fch wollen wir nach Spanien weiterfahren.<\/p>\n","protected":false},"excerpt":{"rendered":"<p>Nach einem ausgiebigen Fr\u00fchst\u00fcck unternahmen wir eine kleine Fahrradtour nach Sansan. Dort wurde 1864 das vollst\u00e4ndige Skelett eines Dinosauriers entdeckt,<\/p>\n","protected":false},"author":1,"featured_media":10637,"comment_status":"open","ping_status":"open","sticky":false,"template":"","format":"standard","meta":{"colormag_page_container_layout":"default_layout","colormag_page_sidebar_layout":"default_layout","_monsterinsights_skip_tracking":false,"_monsterinsights_sitenote_active":false,"_monsterinsights_sitenote_note":"","_monsterinsights_sitenote_category":0,"footnotes":""},"categories":[237,159,241],"tags":[],"class_list":["post-10636","post","type-post","status-publish","format-standard","has-post-thumbnail","hentry","category-237","category-europa","category-frankreich"],"yoast_head":"<!-- This site is optimized with the Yoast SEO plugin v27.4 - https:\/\/yoast.com\/product\/yoast-seo-wordpress\/ -->\n<title>3. - 4. September 2021 - Rund um Auch - Reiseblog von Karin &amp; Joachim<\/title>\n<meta name=\"robots\" content=\"index, follow, max-snippet:-1, max-image-preview:large, max-video-preview:-1\" \/>\n<link rel=\"canonical\" href=\"https:\/\/jblanz.de\/WP\/3-september-2021-auch\/\" \/>\n<meta property=\"og:locale\" content=\"de_DE\" \/>\n<meta property=\"og:type\" content=\"article\" \/>\n<meta property=\"og:title\" content=\"3. - 4. September 2021 - Rund um Auch - Reiseblog von Karin &amp; Joachim\" \/>\n<meta property=\"og:description\" content=\"Nach einem ausgiebigen Fr\u00fchst\u00fcck unternahmen wir eine kleine Fahrradtour nach Sansan. Dort wurde 1864 das vollst\u00e4ndige Skelett eines Dinosauriers entdeckt,\" \/>\n<meta property=\"og:url\" content=\"https:\/\/jblanz.de\/WP\/3-september-2021-auch\/\" \/>\n<meta property=\"og:site_name\" content=\"Reiseblog von Karin &amp; Joachim\" \/>\n<meta property=\"article:published_time\" content=\"2021-09-04T05:40:40+00:00\" \/>\n<meta property=\"article:modified_time\" content=\"2021-09-04T15:55:16+00:00\" \/>\n<meta property=\"og:image\" content=\"https:\/\/jblanz.de\/WP\/wp-content\/uploads\/2021\/09\/Urlaub2021-0019-scaled.jpg\" \/>\n\t<meta property=\"og:image:width\" content=\"2560\" \/>\n\t<meta property=\"og:image:height\" content=\"1920\" \/>\n\t<meta property=\"og:image:type\" content=\"image\/jpeg\" \/>\n<meta name=\"author\" content=\"Achim\" \/>\n<meta name=\"twitter:card\" content=\"summary_large_image\" \/>\n<meta name=\"twitter:label1\" content=\"Verfasst von\" \/>\n\t<meta name=\"twitter:data1\" content=\"Achim\" \/>\n\t<meta name=\"twitter:label2\" content=\"Gesch\u00e4tzte Lesezeit\" \/>\n\t<meta name=\"twitter:data2\" content=\"3\u00a0Minuten\" \/>\n<script type=\"application\/ld+json\" class=\"yoast-schema-graph\">{\"@context\":\"https:\\\/\\\/schema.org\",\"@graph\":[{\"@type\":\"Article\",\"@id\":\"https:\\\/\\\/jblanz.de\\\/WP\\\/3-september-2021-auch\\\/#article\",\"isPartOf\":{\"@id\":\"https:\\\/\\\/jblanz.de\\\/WP\\\/3-september-2021-auch\\\/\"},\"author\":{\"name\":\"Achim\",\"@id\":\"https:\\\/\\\/jblanz.de\\\/WP\\\/#\\\/schema\\\/person\\\/17a70f07162e42bc0b181c22397286e0\"},\"headline\":\"3. &#8211; 4. September 2021 &#8211; Rund um Auch\",\"datePublished\":\"2021-09-04T05:40:40+00:00\",\"dateModified\":\"2021-09-04T15:55:16+00:00\",\"mainEntityOfPage\":{\"@id\":\"https:\\\/\\\/jblanz.de\\\/WP\\\/3-september-2021-auch\\\/\"},\"wordCount\":257,\"commentCount\":0,\"publisher\":{\"@id\":\"https:\\\/\\\/jblanz.de\\\/WP\\\/#\\\/schema\\\/person\\\/17a70f07162e42bc0b181c22397286e0\"},\"image\":{\"@id\":\"https:\\\/\\\/jblanz.de\\\/WP\\\/3-september-2021-auch\\\/#primaryimage\"},\"thumbnailUrl\":\"https:\\\/\\\/jblanz.de\\\/WP\\\/wp-content\\\/uploads\\\/2021\\\/09\\\/Urlaub2021-0019-scaled.jpg\",\"articleSection\":[\"2021\",\"Europa\",\"Frankreich\"],\"inLanguage\":\"de\",\"potentialAction\":[{\"@type\":\"CommentAction\",\"name\":\"Comment\",\"target\":[\"https:\\\/\\\/jblanz.de\\\/WP\\\/3-september-2021-auch\\\/#respond\"]}]},{\"@type\":\"WebPage\",\"@id\":\"https:\\\/\\\/jblanz.de\\\/WP\\\/3-september-2021-auch\\\/\",\"url\":\"https:\\\/\\\/jblanz.de\\\/WP\\\/3-september-2021-auch\\\/\",\"name\":\"3. - 4. September 2021 - Rund um Auch - Reiseblog von Karin &amp; Joachim\",\"isPartOf\":{\"@id\":\"https:\\\/\\\/jblanz.de\\\/WP\\\/#website\"},\"primaryImageOfPage\":{\"@id\":\"https:\\\/\\\/jblanz.de\\\/WP\\\/3-september-2021-auch\\\/#primaryimage\"},\"image\":{\"@id\":\"https:\\\/\\\/jblanz.de\\\/WP\\\/3-september-2021-auch\\\/#primaryimage\"},\"thumbnailUrl\":\"https:\\\/\\\/jblanz.de\\\/WP\\\/wp-content\\\/uploads\\\/2021\\\/09\\\/Urlaub2021-0019-scaled.jpg\",\"datePublished\":\"2021-09-04T05:40:40+00:00\",\"dateModified\":\"2021-09-04T15:55:16+00:00\",\"breadcrumb\":{\"@id\":\"https:\\\/\\\/jblanz.de\\\/WP\\\/3-september-2021-auch\\\/#breadcrumb\"},\"inLanguage\":\"de\",\"potentialAction\":[{\"@type\":\"ReadAction\",\"target\":[\"https:\\\/\\\/jblanz.de\\\/WP\\\/3-september-2021-auch\\\/\"]}]},{\"@type\":\"ImageObject\",\"inLanguage\":\"de\",\"@id\":\"https:\\\/\\\/jblanz.de\\\/WP\\\/3-september-2021-auch\\\/#primaryimage\",\"url\":\"https:\\\/\\\/jblanz.de\\\/WP\\\/wp-content\\\/uploads\\\/2021\\\/09\\\/Urlaub2021-0019-scaled.jpg\",\"contentUrl\":\"https:\\\/\\\/jblanz.de\\\/WP\\\/wp-content\\\/uploads\\\/2021\\\/09\\\/Urlaub2021-0019-scaled.jpg\",\"width\":2560,\"height\":1920},{\"@type\":\"BreadcrumbList\",\"@id\":\"https:\\\/\\\/jblanz.de\\\/WP\\\/3-september-2021-auch\\\/#breadcrumb\",\"itemListElement\":[{\"@type\":\"ListItem\",\"position\":1,\"name\":\"Startseite\",\"item\":\"https:\\\/\\\/jblanz.de\\\/WP\\\/\"},{\"@type\":\"ListItem\",\"position\":2,\"name\":\"3. &#8211; 4. September 2021 &#8211; Rund um Auch\"}]},{\"@type\":\"WebSite\",\"@id\":\"https:\\\/\\\/jblanz.de\\\/WP\\\/#website\",\"url\":\"https:\\\/\\\/jblanz.de\\\/WP\\\/\",\"name\":\"Reiseblog von Karin & Joachim\",\"description\":\"Wir schreiben den Blog f\u00fcr uns als Erinnerung - f\u00fcr euch als Inspiration\",\"publisher\":{\"@id\":\"https:\\\/\\\/jblanz.de\\\/WP\\\/#\\\/schema\\\/person\\\/17a70f07162e42bc0b181c22397286e0\"},\"potentialAction\":[{\"@type\":\"SearchAction\",\"target\":{\"@type\":\"EntryPoint\",\"urlTemplate\":\"https:\\\/\\\/jblanz.de\\\/WP\\\/?s={search_term_string}\"},\"query-input\":{\"@type\":\"PropertyValueSpecification\",\"valueRequired\":true,\"valueName\":\"search_term_string\"}}],\"inLanguage\":\"de\"},{\"@type\":[\"Person\",\"Organization\"],\"@id\":\"https:\\\/\\\/jblanz.de\\\/WP\\\/#\\\/schema\\\/person\\\/17a70f07162e42bc0b181c22397286e0\",\"name\":\"Achim\",\"image\":{\"@type\":\"ImageObject\",\"inLanguage\":\"de\",\"@id\":\"https:\\\/\\\/secure.gravatar.com\\\/avatar\\\/b7ab31bc55956af4a9bebf7fd034761212b11b803b7e39464914d6abeefb12f3?s=96&d=mm&r=g\",\"url\":\"https:\\\/\\\/secure.gravatar.com\\\/avatar\\\/b7ab31bc55956af4a9bebf7fd034761212b11b803b7e39464914d6abeefb12f3?s=96&d=mm&r=g\",\"contentUrl\":\"https:\\\/\\\/secure.gravatar.com\\\/avatar\\\/b7ab31bc55956af4a9bebf7fd034761212b11b803b7e39464914d6abeefb12f3?s=96&d=mm&r=g\",\"caption\":\"Achim\"},\"logo\":{\"@id\":\"https:\\\/\\\/secure.gravatar.com\\\/avatar\\\/b7ab31bc55956af4a9bebf7fd034761212b11b803b7e39464914d6abeefb12f3?s=96&d=mm&r=g\"},\"url\":\"https:\\\/\\\/jblanz.de\\\/WP\\\/author\\\/achim\\\/\"}]}<\/script>\n<!-- \/ Yoast SEO plugin. -->","yoast_head_json":{"title":"3. - 4. September 2021 - Rund um Auch - Reiseblog von Karin &amp; Joachim","robots":{"index":"index","follow":"follow","max-snippet":"max-snippet:-1","max-image-preview":"max-image-preview:large","max-video-preview":"max-video-preview:-1"},"canonical":"https:\/\/jblanz.de\/WP\/3-september-2021-auch\/","og_locale":"de_DE","og_type":"article","og_title":"3. - 4. September 2021 - Rund um Auch - Reiseblog von Karin &amp; Joachim","og_description":"Nach einem ausgiebigen Fr\u00fchst\u00fcck unternahmen wir eine kleine Fahrradtour nach Sansan. Dort wurde 1864 das vollst\u00e4ndige Skelett eines Dinosauriers entdeckt,","og_url":"https:\/\/jblanz.de\/WP\/3-september-2021-auch\/","og_site_name":"Reiseblog von Karin &amp; Joachim","article_published_time":"2021-09-04T05:40:40+00:00","article_modified_time":"2021-09-04T15:55:16+00:00","og_image":[{"width":2560,"height":1920,"url":"https:\/\/jblanz.de\/WP\/wp-content\/uploads\/2021\/09\/Urlaub2021-0019-scaled.jpg","type":"image\/jpeg"}],"author":"Achim","twitter_card":"summary_large_image","twitter_misc":{"Verfasst von":"Achim","Gesch\u00e4tzte Lesezeit":"3\u00a0Minuten"},"schema":{"@context":"https:\/\/schema.org","@graph":[{"@type":"Article","@id":"https:\/\/jblanz.de\/WP\/3-september-2021-auch\/#article","isPartOf":{"@id":"https:\/\/jblanz.de\/WP\/3-september-2021-auch\/"},"author":{"name":"Achim","@id":"https:\/\/jblanz.de\/WP\/#\/schema\/person\/17a70f07162e42bc0b181c22397286e0"},"headline":"3. &#8211; 4. September 2021 &#8211; Rund um Auch","datePublished":"2021-09-04T05:40:40+00:00","dateModified":"2021-09-04T15:55:16+00:00","mainEntityOfPage":{"@id":"https:\/\/jblanz.de\/WP\/3-september-2021-auch\/"},"wordCount":257,"commentCount":0,"publisher":{"@id":"https:\/\/jblanz.de\/WP\/#\/schema\/person\/17a70f07162e42bc0b181c22397286e0"},"image":{"@id":"https:\/\/jblanz.de\/WP\/3-september-2021-auch\/#primaryimage"},"thumbnailUrl":"https:\/\/jblanz.de\/WP\/wp-content\/uploads\/2021\/09\/Urlaub2021-0019-scaled.jpg","articleSection":["2021","Europa","Frankreich"],"inLanguage":"de","potentialAction":[{"@type":"CommentAction","name":"Comment","target":["https:\/\/jblanz.de\/WP\/3-september-2021-auch\/#respond"]}]},{"@type":"WebPage","@id":"https:\/\/jblanz.de\/WP\/3-september-2021-auch\/","url":"https:\/\/jblanz.de\/WP\/3-september-2021-auch\/","name":"3. - 4. September 2021 - Rund um Auch - Reiseblog von Karin &amp; Joachim","isPartOf":{"@id":"https:\/\/jblanz.de\/WP\/#website"},"primaryImageOfPage":{"@id":"https:\/\/jblanz.de\/WP\/3-september-2021-auch\/#primaryimage"},"image":{"@id":"https:\/\/jblanz.de\/WP\/3-september-2021-auch\/#primaryimage"},"thumbnailUrl":"https:\/\/jblanz.de\/WP\/wp-content\/uploads\/2021\/09\/Urlaub2021-0019-scaled.jpg","datePublished":"2021-09-04T05:40:40+00:00","dateModified":"2021-09-04T15:55:16+00:00","breadcrumb":{"@id":"https:\/\/jblanz.de\/WP\/3-september-2021-auch\/#breadcrumb"},"inLanguage":"de","potentialAction":[{"@type":"ReadAction","target":["https:\/\/jblanz.de\/WP\/3-september-2021-auch\/"]}]},{"@type":"ImageObject","inLanguage":"de","@id":"https:\/\/jblanz.de\/WP\/3-september-2021-auch\/#primaryimage","url":"https:\/\/jblanz.de\/WP\/wp-content\/uploads\/2021\/09\/Urlaub2021-0019-scaled.jpg","contentUrl":"https:\/\/jblanz.de\/WP\/wp-content\/uploads\/2021\/09\/Urlaub2021-0019-scaled.jpg","width":2560,"height":1920},{"@type":"BreadcrumbList","@id":"https:\/\/jblanz.de\/WP\/3-september-2021-auch\/#breadcrumb","itemListElement":[{"@type":"ListItem","position":1,"name":"Startseite","item":"https:\/\/jblanz.de\/WP\/"},{"@type":"ListItem","position":2,"name":"3. &#8211; 4. September 2021 &#8211; Rund um Auch"}]},{"@type":"WebSite","@id":"https:\/\/jblanz.de\/WP\/#website","url":"https:\/\/jblanz.de\/WP\/","name":"Reiseblog von Karin & Joachim","description":"Wir schreiben den Blog f\u00fcr uns als Erinnerung - f\u00fcr euch als Inspiration","publisher":{"@id":"https:\/\/jblanz.de\/WP\/#\/schema\/person\/17a70f07162e42bc0b181c22397286e0"},"potentialAction":[{"@type":"SearchAction","target":{"@type":"EntryPoint","urlTemplate":"https:\/\/jblanz.de\/WP\/?s={search_term_string}"},"query-input":{"@type":"PropertyValueSpecification","valueRequired":true,"valueName":"search_term_string"}}],"inLanguage":"de"},{"@type":["Person","Organization"],"@id":"https:\/\/jblanz.de\/WP\/#\/schema\/person\/17a70f07162e42bc0b181c22397286e0","name":"Achim","image":{"@type":"ImageObject","inLanguage":"de","@id":"https:\/\/secure.gravatar.com\/avatar\/b7ab31bc55956af4a9bebf7fd034761212b11b803b7e39464914d6abeefb12f3?s=96&d=mm&r=g","url":"https:\/\/secure.gravatar.com\/avatar\/b7ab31bc55956af4a9bebf7fd034761212b11b803b7e39464914d6abeefb12f3?s=96&d=mm&r=g","contentUrl":"https:\/\/secure.gravatar.com\/avatar\/b7ab31bc55956af4a9bebf7fd034761212b11b803b7e39464914d6abeefb12f3?s=96&d=mm&r=g","caption":"Achim"},"logo":{"@id":"https:\/\/secure.gravatar.com\/avatar\/b7ab31bc55956af4a9bebf7fd034761212b11b803b7e39464914d6abeefb12f3?s=96&d=mm&r=g"},"url":"https:\/\/jblanz.de\/WP\/author\/achim\/"}]}},"_links":{"self":[{"href":"https:\/\/jblanz.de\/WP\/wp-json\/wp\/v2\/posts\/10636","targetHints":{"allow":["GET"]}}],"collection":[{"href":"https:\/\/jblanz.de\/WP\/wp-json\/wp\/v2\/posts"}],"about":[{"href":"https:\/\/jblanz.de\/WP\/wp-json\/wp\/v2\/types\/post"}],"author":[{"embeddable":true,"href":"https:\/\/jblanz.de\/WP\/wp-json\/wp\/v2\/users\/1"}],"replies":[{"embeddable":true,"href":"https:\/\/jblanz.de\/WP\/wp-json\/wp\/v2\/comments?post=10636"}],"version-history":[{"count":0,"href":"https:\/\/jblanz.de\/WP\/wp-json\/wp\/v2\/posts\/10636\/revisions"}],"wp:featuredmedia":[{"embeddable":true,"href":"https:\/\/jblanz.de\/WP\/wp-json\/wp\/v2\/media\/10637"}],"wp:attachment":[{"href":"https:\/\/jblanz.de\/WP\/wp-json\/wp\/v2\/media?parent=10636"}],"wp:term":[{"taxonomy":"category","embeddable":true,"href":"https:\/\/jblanz.de\/WP\/wp-json\/wp\/v2\/categories?post=10636"},{"taxonomy":"post_tag","embeddable":true,"href":"https:\/\/jblanz.de\/WP\/wp-json\/wp\/v2\/tags?post=10636"}],"curies":[{"name":"wp","href":"https:\/\/api.w.org\/{rel}","templated":true}]}}