{"id":11101,"date":"2021-09-16T19:54:34","date_gmt":"2021-09-16T17:54:34","guid":{"rendered":"https:\/\/jblanz.de\/WP\/?p=11101"},"modified":"2021-09-16T20:34:06","modified_gmt":"2021-09-16T18:34:06","slug":"16-september-2021-muros","status":"publish","type":"post","link":"https:\/\/jblanz.de\/WP\/16-september-2021-muros\/","title":{"rendered":"16. September 2021 &#8211; Muros"},"content":{"rendered":"\n<p>Wir liessen es ruhig angehen. Gem\u00fctlich fr\u00fchst\u00fccken um etwa 9 Uhr &#8211; man darf nicht vergessen, dass die Sonne hier erst um 8.30 Uhr aufgeht. Dann ging Micha zum Strand, ich schrieb unseren Blog und Karin zauberte ein k\u00f6stliches Apfelkompott \ud83e\udd23\u263a\ufe0f. Irgendwie wurde es 14 Uhr und eine kurze Radtour zum 4 km entfernten Muros war angesagt. Als wir all die sch\u00f6nen Restaurants sahen, entschieden wir uns wieder mal Mittagessen zu gehen. Eine Pulperia war schnell gefunden und Karin a\u00df mal wieder Pimientos de Patron, diesmal mit Kroketten, Micha entschied sich f\u00fcr Miesmuscheln und einen gemischten Salat und ich bestellte Pulpo. Es konnte jeder von jedem Essen probieren. Noch eine kurze Runde durch das Dorf, in der <i>Ria de Muros e Noia<\/i> befinden sich ausgedehnte Muschelfarmen. und dann zur\u00fcck zum Camping. Beim Kaffee entschieden wir uns das SUP aufzublasen und am Strand auszuprobieren. Karin und Micha konnten es gut, mir blieb der Erfolg versagt. Bei der letzten Runde verlor Micha im tiefen Wasser das Paddelende, es ist also ein neues Paddel angesagt. Wir lagen lange am Strand und gingen einige Male ins Wasser, das uns gar nicht mehr kalt vorkommt.<\/p>\n\n\n\n<figure class=\"wp-block-gallery columns-2 is-cropped wp-block-gallery-2 is-layout-flex wp-block-gallery-is-layout-flex\"><ul class=\"blocks-gallery-grid\"><li class=\"blocks-gallery-item\"><figure><img loading=\"lazy\" decoding=\"async\" width=\"800\" height=\"450\" src=\"https:\/\/jblanz.de\/WP\/wp-content\/uploads\/2021\/09\/Urlaub2021-0543-1.jpg\" alt=\"\" data-id=\"11115\" data-link=\"https:\/\/jblanz.de\/WP\/wp-content\/uploads\/2021\/09\/Urlaub2021-0543-1.jpg\" class=\"wp-image-11115\" srcset=\"https:\/\/jblanz.de\/WP\/wp-content\/uploads\/2021\/09\/Urlaub2021-0543-1.jpg 800w, https:\/\/jblanz.de\/WP\/wp-content\/uploads\/2021\/09\/Urlaub2021-0543-1-300x169.jpg 300w, https:\/\/jblanz.de\/WP\/wp-content\/uploads\/2021\/09\/Urlaub2021-0543-1-768x432.jpg 768w\" sizes=\"auto, (max-width: 800px) 100vw, 800px\" \/><\/figure><\/li><li class=\"blocks-gallery-item\"><figure><img loading=\"lazy\" decoding=\"async\" width=\"800\" height=\"450\" src=\"https:\/\/jblanz.de\/WP\/wp-content\/uploads\/2021\/09\/Urlaub2021-0541-1.jpg\" alt=\"\" data-id=\"11114\" data-link=\"https:\/\/jblanz.de\/WP\/wp-content\/uploads\/2021\/09\/Urlaub2021-0541-1.jpg\" class=\"wp-image-11114\" srcset=\"https:\/\/jblanz.de\/WP\/wp-content\/uploads\/2021\/09\/Urlaub2021-0541-1.jpg 800w, https:\/\/jblanz.de\/WP\/wp-content\/uploads\/2021\/09\/Urlaub2021-0541-1-300x169.jpg 300w, https:\/\/jblanz.de\/WP\/wp-content\/uploads\/2021\/09\/Urlaub2021-0541-1-768x432.jpg 768w\" sizes=\"auto, (max-width: 800px) 100vw, 800px\" \/><\/figure><\/li><li class=\"blocks-gallery-item\"><figure><img loading=\"lazy\" decoding=\"async\" width=\"800\" height=\"450\" src=\"https:\/\/jblanz.de\/WP\/wp-content\/uploads\/2021\/09\/Urlaub2021-0542-1.jpg\" alt=\"\" data-id=\"11113\" data-link=\"https:\/\/jblanz.de\/WP\/wp-content\/uploads\/2021\/09\/Urlaub2021-0542-1.jpg\" class=\"wp-image-11113\" srcset=\"https:\/\/jblanz.de\/WP\/wp-content\/uploads\/2021\/09\/Urlaub2021-0542-1.jpg 800w, https:\/\/jblanz.de\/WP\/wp-content\/uploads\/2021\/09\/Urlaub2021-0542-1-300x169.jpg 300w, https:\/\/jblanz.de\/WP\/wp-content\/uploads\/2021\/09\/Urlaub2021-0542-1-768x432.jpg 768w\" sizes=\"auto, (max-width: 800px) 100vw, 800px\" \/><\/figure><\/li><li class=\"blocks-gallery-item\"><figure><img loading=\"lazy\" decoding=\"async\" width=\"800\" height=\"450\" src=\"https:\/\/jblanz.de\/WP\/wp-content\/uploads\/2021\/09\/Urlaub2021-0540-1.jpg\" alt=\"\" data-id=\"11118\" data-full-url=\"https:\/\/jblanz.de\/WP\/wp-content\/uploads\/2021\/09\/Urlaub2021-0540-1.jpg\" data-link=\"https:\/\/jblanz.de\/WP\/16-september-2021-muros\/urlaub2021-0540-1\/\" class=\"wp-image-11118\" srcset=\"https:\/\/jblanz.de\/WP\/wp-content\/uploads\/2021\/09\/Urlaub2021-0540-1.jpg 800w, https:\/\/jblanz.de\/WP\/wp-content\/uploads\/2021\/09\/Urlaub2021-0540-1-300x169.jpg 300w, https:\/\/jblanz.de\/WP\/wp-content\/uploads\/2021\/09\/Urlaub2021-0540-1-768x432.jpg 768w\" sizes=\"auto, (max-width: 800px) 100vw, 800px\" \/><\/figure><\/li><\/ul><\/figure>\n","protected":false},"excerpt":{"rendered":"<p>Wir liessen es ruhig angehen. Gem\u00fctlich fr\u00fchst\u00fccken um etwa 9 Uhr &#8211; man darf nicht vergessen, dass die Sonne hier<\/p>\n","protected":false},"author":1,"featured_media":11108,"comment_status":"open","ping_status":"open","sticky":false,"template":"","format":"standard","meta":{"colormag_page_container_layout":"default_layout","colormag_page_sidebar_layout":"default_layout","_monsterinsights_skip_tracking":false,"_monsterinsights_sitenote_active":false,"_monsterinsights_sitenote_note":"","_monsterinsights_sitenote_category":0,"footnotes":""},"categories":[237,159,197],"tags":[],"class_list":["post-11101","post","type-post","status-publish","format-standard","has-post-thumbnail","hentry","category-237","category-europa","category-spanien"],"yoast_head":"<!-- This site is optimized with the Yoast SEO plugin v27.4 - https:\/\/yoast.com\/product\/yoast-seo-wordpress\/ -->\n<title>16. September 2021 - Muros - Reiseblog von Karin &amp; Joachim<\/title>\n<meta name=\"robots\" content=\"index, follow, max-snippet:-1, max-image-preview:large, max-video-preview:-1\" \/>\n<link rel=\"canonical\" href=\"https:\/\/jblanz.de\/WP\/16-september-2021-muros\/\" \/>\n<meta property=\"og:locale\" content=\"de_DE\" \/>\n<meta property=\"og:type\" content=\"article\" \/>\n<meta property=\"og:title\" content=\"16. September 2021 - Muros - Reiseblog von Karin &amp; Joachim\" \/>\n<meta property=\"og:description\" content=\"Wir liessen es ruhig angehen. Gem\u00fctlich fr\u00fchst\u00fccken um etwa 9 Uhr &#8211; man darf nicht vergessen, dass die Sonne hier\" \/>\n<meta property=\"og:url\" content=\"https:\/\/jblanz.de\/WP\/16-september-2021-muros\/\" \/>\n<meta property=\"og:site_name\" content=\"Reiseblog von Karin &amp; Joachim\" \/>\n<meta property=\"article:published_time\" content=\"2021-09-16T17:54:34+00:00\" \/>\n<meta property=\"article:modified_time\" content=\"2021-09-16T18:34:06+00:00\" \/>\n<meta property=\"og:image\" content=\"https:\/\/jblanz.de\/WP\/wp-content\/uploads\/2021\/09\/Urlaub2021-0540.jpg\" \/>\n\t<meta property=\"og:image:width\" content=\"800\" \/>\n\t<meta property=\"og:image:height\" content=\"450\" \/>\n\t<meta property=\"og:image:type\" content=\"image\/jpeg\" \/>\n<meta name=\"author\" content=\"Achim\" \/>\n<meta name=\"twitter:card\" content=\"summary_large_image\" \/>\n<meta name=\"twitter:label1\" content=\"Verfasst von\" \/>\n\t<meta name=\"twitter:data1\" content=\"Achim\" \/>\n\t<meta name=\"twitter:label2\" content=\"Gesch\u00e4tzte Lesezeit\" \/>\n\t<meta name=\"twitter:data2\" content=\"2\u00a0Minuten\" \/>\n<script type=\"application\/ld+json\" class=\"yoast-schema-graph\">{\"@context\":\"https:\\\/\\\/schema.org\",\"@graph\":[{\"@type\":\"Article\",\"@id\":\"https:\\\/\\\/jblanz.de\\\/WP\\\/16-september-2021-muros\\\/#article\",\"isPartOf\":{\"@id\":\"https:\\\/\\\/jblanz.de\\\/WP\\\/16-september-2021-muros\\\/\"},\"author\":{\"name\":\"Achim\",\"@id\":\"https:\\\/\\\/jblanz.de\\\/WP\\\/#\\\/schema\\\/person\\\/17a70f07162e42bc0b181c22397286e0\"},\"headline\":\"16. September 2021 &#8211; Muros\",\"datePublished\":\"2021-09-16T17:54:34+00:00\",\"dateModified\":\"2021-09-16T18:34:06+00:00\",\"mainEntityOfPage\":{\"@id\":\"https:\\\/\\\/jblanz.de\\\/WP\\\/16-september-2021-muros\\\/\"},\"wordCount\":195,\"commentCount\":0,\"publisher\":{\"@id\":\"https:\\\/\\\/jblanz.de\\\/WP\\\/#\\\/schema\\\/person\\\/17a70f07162e42bc0b181c22397286e0\"},\"image\":{\"@id\":\"https:\\\/\\\/jblanz.de\\\/WP\\\/16-september-2021-muros\\\/#primaryimage\"},\"thumbnailUrl\":\"https:\\\/\\\/jblanz.de\\\/WP\\\/wp-content\\\/uploads\\\/2021\\\/09\\\/Urlaub2021-0540.jpg\",\"articleSection\":[\"2021\",\"Europa\",\"Spanien\"],\"inLanguage\":\"de\",\"potentialAction\":[{\"@type\":\"CommentAction\",\"name\":\"Comment\",\"target\":[\"https:\\\/\\\/jblanz.de\\\/WP\\\/16-september-2021-muros\\\/#respond\"]}]},{\"@type\":\"WebPage\",\"@id\":\"https:\\\/\\\/jblanz.de\\\/WP\\\/16-september-2021-muros\\\/\",\"url\":\"https:\\\/\\\/jblanz.de\\\/WP\\\/16-september-2021-muros\\\/\",\"name\":\"16. September 2021 - Muros - Reiseblog von Karin &amp; Joachim\",\"isPartOf\":{\"@id\":\"https:\\\/\\\/jblanz.de\\\/WP\\\/#website\"},\"primaryImageOfPage\":{\"@id\":\"https:\\\/\\\/jblanz.de\\\/WP\\\/16-september-2021-muros\\\/#primaryimage\"},\"image\":{\"@id\":\"https:\\\/\\\/jblanz.de\\\/WP\\\/16-september-2021-muros\\\/#primaryimage\"},\"thumbnailUrl\":\"https:\\\/\\\/jblanz.de\\\/WP\\\/wp-content\\\/uploads\\\/2021\\\/09\\\/Urlaub2021-0540.jpg\",\"datePublished\":\"2021-09-16T17:54:34+00:00\",\"dateModified\":\"2021-09-16T18:34:06+00:00\",\"breadcrumb\":{\"@id\":\"https:\\\/\\\/jblanz.de\\\/WP\\\/16-september-2021-muros\\\/#breadcrumb\"},\"inLanguage\":\"de\",\"potentialAction\":[{\"@type\":\"ReadAction\",\"target\":[\"https:\\\/\\\/jblanz.de\\\/WP\\\/16-september-2021-muros\\\/\"]}]},{\"@type\":\"ImageObject\",\"inLanguage\":\"de\",\"@id\":\"https:\\\/\\\/jblanz.de\\\/WP\\\/16-september-2021-muros\\\/#primaryimage\",\"url\":\"https:\\\/\\\/jblanz.de\\\/WP\\\/wp-content\\\/uploads\\\/2021\\\/09\\\/Urlaub2021-0540.jpg\",\"contentUrl\":\"https:\\\/\\\/jblanz.de\\\/WP\\\/wp-content\\\/uploads\\\/2021\\\/09\\\/Urlaub2021-0540.jpg\",\"width\":800,\"height\":450},{\"@type\":\"BreadcrumbList\",\"@id\":\"https:\\\/\\\/jblanz.de\\\/WP\\\/16-september-2021-muros\\\/#breadcrumb\",\"itemListElement\":[{\"@type\":\"ListItem\",\"position\":1,\"name\":\"Startseite\",\"item\":\"https:\\\/\\\/jblanz.de\\\/WP\\\/\"},{\"@type\":\"ListItem\",\"position\":2,\"name\":\"16. September 2021 &#8211; Muros\"}]},{\"@type\":\"WebSite\",\"@id\":\"https:\\\/\\\/jblanz.de\\\/WP\\\/#website\",\"url\":\"https:\\\/\\\/jblanz.de\\\/WP\\\/\",\"name\":\"Reiseblog von Karin & Joachim\",\"description\":\"Wir schreiben den Blog f\u00fcr uns als Erinnerung - f\u00fcr euch als Inspiration\",\"publisher\":{\"@id\":\"https:\\\/\\\/jblanz.de\\\/WP\\\/#\\\/schema\\\/person\\\/17a70f07162e42bc0b181c22397286e0\"},\"potentialAction\":[{\"@type\":\"SearchAction\",\"target\":{\"@type\":\"EntryPoint\",\"urlTemplate\":\"https:\\\/\\\/jblanz.de\\\/WP\\\/?s={search_term_string}\"},\"query-input\":{\"@type\":\"PropertyValueSpecification\",\"valueRequired\":true,\"valueName\":\"search_term_string\"}}],\"inLanguage\":\"de\"},{\"@type\":[\"Person\",\"Organization\"],\"@id\":\"https:\\\/\\\/jblanz.de\\\/WP\\\/#\\\/schema\\\/person\\\/17a70f07162e42bc0b181c22397286e0\",\"name\":\"Achim\",\"image\":{\"@type\":\"ImageObject\",\"inLanguage\":\"de\",\"@id\":\"https:\\\/\\\/secure.gravatar.com\\\/avatar\\\/b7ab31bc55956af4a9bebf7fd034761212b11b803b7e39464914d6abeefb12f3?s=96&d=mm&r=g\",\"url\":\"https:\\\/\\\/secure.gravatar.com\\\/avatar\\\/b7ab31bc55956af4a9bebf7fd034761212b11b803b7e39464914d6abeefb12f3?s=96&d=mm&r=g\",\"contentUrl\":\"https:\\\/\\\/secure.gravatar.com\\\/avatar\\\/b7ab31bc55956af4a9bebf7fd034761212b11b803b7e39464914d6abeefb12f3?s=96&d=mm&r=g\",\"caption\":\"Achim\"},\"logo\":{\"@id\":\"https:\\\/\\\/secure.gravatar.com\\\/avatar\\\/b7ab31bc55956af4a9bebf7fd034761212b11b803b7e39464914d6abeefb12f3?s=96&d=mm&r=g\"},\"url\":\"https:\\\/\\\/jblanz.de\\\/WP\\\/author\\\/achim\\\/\"}]}<\/script>\n<!-- \/ Yoast SEO plugin. -->","yoast_head_json":{"title":"16. September 2021 - Muros - Reiseblog von Karin &amp; Joachim","robots":{"index":"index","follow":"follow","max-snippet":"max-snippet:-1","max-image-preview":"max-image-preview:large","max-video-preview":"max-video-preview:-1"},"canonical":"https:\/\/jblanz.de\/WP\/16-september-2021-muros\/","og_locale":"de_DE","og_type":"article","og_title":"16. September 2021 - Muros - Reiseblog von Karin &amp; Joachim","og_description":"Wir liessen es ruhig angehen. Gem\u00fctlich fr\u00fchst\u00fccken um etwa 9 Uhr &#8211; man darf nicht vergessen, dass die Sonne hier","og_url":"https:\/\/jblanz.de\/WP\/16-september-2021-muros\/","og_site_name":"Reiseblog von Karin &amp; Joachim","article_published_time":"2021-09-16T17:54:34+00:00","article_modified_time":"2021-09-16T18:34:06+00:00","og_image":[{"width":800,"height":450,"url":"https:\/\/jblanz.de\/WP\/wp-content\/uploads\/2021\/09\/Urlaub2021-0540.jpg","type":"image\/jpeg"}],"author":"Achim","twitter_card":"summary_large_image","twitter_misc":{"Verfasst von":"Achim","Gesch\u00e4tzte Lesezeit":"2\u00a0Minuten"},"schema":{"@context":"https:\/\/schema.org","@graph":[{"@type":"Article","@id":"https:\/\/jblanz.de\/WP\/16-september-2021-muros\/#article","isPartOf":{"@id":"https:\/\/jblanz.de\/WP\/16-september-2021-muros\/"},"author":{"name":"Achim","@id":"https:\/\/jblanz.de\/WP\/#\/schema\/person\/17a70f07162e42bc0b181c22397286e0"},"headline":"16. September 2021 &#8211; Muros","datePublished":"2021-09-16T17:54:34+00:00","dateModified":"2021-09-16T18:34:06+00:00","mainEntityOfPage":{"@id":"https:\/\/jblanz.de\/WP\/16-september-2021-muros\/"},"wordCount":195,"commentCount":0,"publisher":{"@id":"https:\/\/jblanz.de\/WP\/#\/schema\/person\/17a70f07162e42bc0b181c22397286e0"},"image":{"@id":"https:\/\/jblanz.de\/WP\/16-september-2021-muros\/#primaryimage"},"thumbnailUrl":"https:\/\/jblanz.de\/WP\/wp-content\/uploads\/2021\/09\/Urlaub2021-0540.jpg","articleSection":["2021","Europa","Spanien"],"inLanguage":"de","potentialAction":[{"@type":"CommentAction","name":"Comment","target":["https:\/\/jblanz.de\/WP\/16-september-2021-muros\/#respond"]}]},{"@type":"WebPage","@id":"https:\/\/jblanz.de\/WP\/16-september-2021-muros\/","url":"https:\/\/jblanz.de\/WP\/16-september-2021-muros\/","name":"16. September 2021 - Muros - Reiseblog von Karin &amp; Joachim","isPartOf":{"@id":"https:\/\/jblanz.de\/WP\/#website"},"primaryImageOfPage":{"@id":"https:\/\/jblanz.de\/WP\/16-september-2021-muros\/#primaryimage"},"image":{"@id":"https:\/\/jblanz.de\/WP\/16-september-2021-muros\/#primaryimage"},"thumbnailUrl":"https:\/\/jblanz.de\/WP\/wp-content\/uploads\/2021\/09\/Urlaub2021-0540.jpg","datePublished":"2021-09-16T17:54:34+00:00","dateModified":"2021-09-16T18:34:06+00:00","breadcrumb":{"@id":"https:\/\/jblanz.de\/WP\/16-september-2021-muros\/#breadcrumb"},"inLanguage":"de","potentialAction":[{"@type":"ReadAction","target":["https:\/\/jblanz.de\/WP\/16-september-2021-muros\/"]}]},{"@type":"ImageObject","inLanguage":"de","@id":"https:\/\/jblanz.de\/WP\/16-september-2021-muros\/#primaryimage","url":"https:\/\/jblanz.de\/WP\/wp-content\/uploads\/2021\/09\/Urlaub2021-0540.jpg","contentUrl":"https:\/\/jblanz.de\/WP\/wp-content\/uploads\/2021\/09\/Urlaub2021-0540.jpg","width":800,"height":450},{"@type":"BreadcrumbList","@id":"https:\/\/jblanz.de\/WP\/16-september-2021-muros\/#breadcrumb","itemListElement":[{"@type":"ListItem","position":1,"name":"Startseite","item":"https:\/\/jblanz.de\/WP\/"},{"@type":"ListItem","position":2,"name":"16. September 2021 &#8211; Muros"}]},{"@type":"WebSite","@id":"https:\/\/jblanz.de\/WP\/#website","url":"https:\/\/jblanz.de\/WP\/","name":"Reiseblog von Karin & Joachim","description":"Wir schreiben den Blog f\u00fcr uns als Erinnerung - f\u00fcr euch als Inspiration","publisher":{"@id":"https:\/\/jblanz.de\/WP\/#\/schema\/person\/17a70f07162e42bc0b181c22397286e0"},"potentialAction":[{"@type":"SearchAction","target":{"@type":"EntryPoint","urlTemplate":"https:\/\/jblanz.de\/WP\/?s={search_term_string}"},"query-input":{"@type":"PropertyValueSpecification","valueRequired":true,"valueName":"search_term_string"}}],"inLanguage":"de"},{"@type":["Person","Organization"],"@id":"https:\/\/jblanz.de\/WP\/#\/schema\/person\/17a70f07162e42bc0b181c22397286e0","name":"Achim","image":{"@type":"ImageObject","inLanguage":"de","@id":"https:\/\/secure.gravatar.com\/avatar\/b7ab31bc55956af4a9bebf7fd034761212b11b803b7e39464914d6abeefb12f3?s=96&d=mm&r=g","url":"https:\/\/secure.gravatar.com\/avatar\/b7ab31bc55956af4a9bebf7fd034761212b11b803b7e39464914d6abeefb12f3?s=96&d=mm&r=g","contentUrl":"https:\/\/secure.gravatar.com\/avatar\/b7ab31bc55956af4a9bebf7fd034761212b11b803b7e39464914d6abeefb12f3?s=96&d=mm&r=g","caption":"Achim"},"logo":{"@id":"https:\/\/secure.gravatar.com\/avatar\/b7ab31bc55956af4a9bebf7fd034761212b11b803b7e39464914d6abeefb12f3?s=96&d=mm&r=g"},"url":"https:\/\/jblanz.de\/WP\/author\/achim\/"}]}},"_links":{"self":[{"href":"https:\/\/jblanz.de\/WP\/wp-json\/wp\/v2\/posts\/11101","targetHints":{"allow":["GET"]}}],"collection":[{"href":"https:\/\/jblanz.de\/WP\/wp-json\/wp\/v2\/posts"}],"about":[{"href":"https:\/\/jblanz.de\/WP\/wp-json\/wp\/v2\/types\/post"}],"author":[{"embeddable":true,"href":"https:\/\/jblanz.de\/WP\/wp-json\/wp\/v2\/users\/1"}],"replies":[{"embeddable":true,"href":"https:\/\/jblanz.de\/WP\/wp-json\/wp\/v2\/comments?post=11101"}],"version-history":[{"count":0,"href":"https:\/\/jblanz.de\/WP\/wp-json\/wp\/v2\/posts\/11101\/revisions"}],"wp:featuredmedia":[{"embeddable":true,"href":"https:\/\/jblanz.de\/WP\/wp-json\/wp\/v2\/media\/11108"}],"wp:attachment":[{"href":"https:\/\/jblanz.de\/WP\/wp-json\/wp\/v2\/media?parent=11101"}],"wp:term":[{"taxonomy":"category","embeddable":true,"href":"https:\/\/jblanz.de\/WP\/wp-json\/wp\/v2\/categories?post=11101"},{"taxonomy":"post_tag","embeddable":true,"href":"https:\/\/jblanz.de\/WP\/wp-json\/wp\/v2\/tags?post=11101"}],"curies":[{"name":"wp","href":"https:\/\/api.w.org\/{rel}","templated":true}]}}