{"id":11271,"date":"2021-09-21T11:54:49","date_gmt":"2021-09-21T09:54:49","guid":{"rendered":"https:\/\/jblanz.de\/WP\/?p=11271"},"modified":"2021-09-22T06:47:41","modified_gmt":"2021-09-22T04:47:41","slug":"20-september-2021-serra-do-gerres","status":"publish","type":"post","link":"https:\/\/jblanz.de\/WP\/20-september-2021-serra-do-gerres\/","title":{"rendered":"20. September 2021 &#8211; Serra do Gerr\u00eas"},"content":{"rendered":"\n<p>Micha verliess uns heute morgen, er wollte f\u00fcr ein paar Tage im Nationalpark wandern und Mountainbiken. Karin und ich verliessen den Camping gegen 11 Uhr und fuhren am Stausee entlang. Der See war touristisch voll erschlossen, man konnte vom Jetski, \u00fcber SUPs und Motorboote alles m\u00f6glich mieten. Am ersten Strand stellten wir den Bus ab und fuhren mit den R\u00e4dern 6 km bergauf entlang des Stausees. Als wir merkten, dass es nicht so richtig weitergehen w\u00fcrde, drehten wir um. Kurz vor dem Parkplatz hatten wir eine kleine idyllische Bucht entdeckt, in der wir vor der Weiterfahrt noch baden wollten. Bevor wir weiterfuhren, a\u00dfen wir im Strandrestaurant zu Mittag.<\/p>\n\n\n\n<figure class=\"wp-block-gallery columns-2 is-cropped wp-block-gallery-2 is-layout-flex wp-block-gallery-is-layout-flex\"><ul class=\"blocks-gallery-grid\"><li class=\"blocks-gallery-item\"><figure><img loading=\"lazy\" decoding=\"async\" width=\"800\" height=\"237\" src=\"https:\/\/jblanz.de\/WP\/wp-content\/uploads\/2021\/09\/Urlaub2021-0683-Pano.jpg\" alt=\"\" data-id=\"11299\" data-link=\"https:\/\/jblanz.de\/WP\/20-september-2021-serra-do-gerres\/urlaub2021-0683-pano\/\" class=\"wp-image-11299\" srcset=\"https:\/\/jblanz.de\/WP\/wp-content\/uploads\/2021\/09\/Urlaub2021-0683-Pano.jpg 800w, https:\/\/jblanz.de\/WP\/wp-content\/uploads\/2021\/09\/Urlaub2021-0683-Pano-300x89.jpg 300w, https:\/\/jblanz.de\/WP\/wp-content\/uploads\/2021\/09\/Urlaub2021-0683-Pano-768x228.jpg 768w\" sizes=\"auto, (max-width: 800px) 100vw, 800px\" \/><\/figure><\/li><li class=\"blocks-gallery-item\"><figure><img loading=\"lazy\" decoding=\"async\" width=\"800\" height=\"450\" src=\"https:\/\/jblanz.de\/WP\/wp-content\/uploads\/2021\/09\/Urlaub2021-0695.jpg\" alt=\"\" data-id=\"11305\" data-link=\"https:\/\/jblanz.de\/WP\/20-september-2021-serra-do-gerres\/urlaub2021-0695\/\" class=\"wp-image-11305\" srcset=\"https:\/\/jblanz.de\/WP\/wp-content\/uploads\/2021\/09\/Urlaub2021-0695.jpg 800w, https:\/\/jblanz.de\/WP\/wp-content\/uploads\/2021\/09\/Urlaub2021-0695-300x169.jpg 300w, https:\/\/jblanz.de\/WP\/wp-content\/uploads\/2021\/09\/Urlaub2021-0695-768x432.jpg 768w\" sizes=\"auto, (max-width: 800px) 100vw, 800px\" \/><\/figure><\/li><li class=\"blocks-gallery-item\"><figure><img loading=\"lazy\" decoding=\"async\" width=\"800\" height=\"450\" src=\"https:\/\/jblanz.de\/WP\/wp-content\/uploads\/2021\/09\/Urlaub2021-0682.jpg\" alt=\"\" data-id=\"11300\" data-link=\"https:\/\/jblanz.de\/WP\/20-september-2021-serra-do-gerres\/urlaub2021-0682\/\" class=\"wp-image-11300\" srcset=\"https:\/\/jblanz.de\/WP\/wp-content\/uploads\/2021\/09\/Urlaub2021-0682.jpg 800w, https:\/\/jblanz.de\/WP\/wp-content\/uploads\/2021\/09\/Urlaub2021-0682-300x169.jpg 300w, https:\/\/jblanz.de\/WP\/wp-content\/uploads\/2021\/09\/Urlaub2021-0682-768x432.jpg 768w\" sizes=\"auto, (max-width: 800px) 100vw, 800px\" \/><\/figure><\/li><li class=\"blocks-gallery-item\"><figure><img loading=\"lazy\" decoding=\"async\" width=\"675\" height=\"450\" src=\"https:\/\/jblanz.de\/WP\/wp-content\/uploads\/2021\/09\/Urlaub2021-0696.jpg\" alt=\"\" data-id=\"11302\" data-link=\"https:\/\/jblanz.de\/WP\/20-september-2021-serra-do-gerres\/urlaub2021-0696\/\" class=\"wp-image-11302\" srcset=\"https:\/\/jblanz.de\/WP\/wp-content\/uploads\/2021\/09\/Urlaub2021-0696.jpg 675w, https:\/\/jblanz.de\/WP\/wp-content\/uploads\/2021\/09\/Urlaub2021-0696-300x200.jpg 300w\" sizes=\"auto, (max-width: 675px) 100vw, 675px\" \/><\/figure><\/li><li class=\"blocks-gallery-item\"><figure><img loading=\"lazy\" decoding=\"async\" width=\"800\" height=\"450\" src=\"https:\/\/jblanz.de\/WP\/wp-content\/uploads\/2021\/09\/Urlaub2021-0698-1.jpg\" alt=\"\" data-id=\"11303\" data-link=\"https:\/\/jblanz.de\/WP\/20-september-2021-serra-do-gerres\/urlaub2021-0698-1\/\" class=\"wp-image-11303\" srcset=\"https:\/\/jblanz.de\/WP\/wp-content\/uploads\/2021\/09\/Urlaub2021-0698-1.jpg 800w, https:\/\/jblanz.de\/WP\/wp-content\/uploads\/2021\/09\/Urlaub2021-0698-1-300x169.jpg 300w, https:\/\/jblanz.de\/WP\/wp-content\/uploads\/2021\/09\/Urlaub2021-0698-1-768x432.jpg 768w\" sizes=\"auto, (max-width: 800px) 100vw, 800px\" \/><\/figure><\/li><li class=\"blocks-gallery-item\"><figure><img loading=\"lazy\" decoding=\"async\" width=\"800\" height=\"450\" src=\"https:\/\/jblanz.de\/WP\/wp-content\/uploads\/2021\/09\/Urlaub2021-0693.jpg\" alt=\"\" data-id=\"11319\" data-full-url=\"https:\/\/jblanz.de\/WP\/wp-content\/uploads\/2021\/09\/Urlaub2021-0693.jpg\" data-link=\"https:\/\/jblanz.de\/WP\/20-september-2021-serra-do-gerres\/urlaub2021-0693\/\" class=\"wp-image-11319\" srcset=\"https:\/\/jblanz.de\/WP\/wp-content\/uploads\/2021\/09\/Urlaub2021-0693.jpg 800w, https:\/\/jblanz.de\/WP\/wp-content\/uploads\/2021\/09\/Urlaub2021-0693-300x169.jpg 300w, https:\/\/jblanz.de\/WP\/wp-content\/uploads\/2021\/09\/Urlaub2021-0693-768x432.jpg 768w\" sizes=\"auto, (max-width: 800px) 100vw, 800px\" \/><\/figure><\/li><li class=\"blocks-gallery-item\"><figure><img loading=\"lazy\" decoding=\"async\" width=\"800\" height=\"450\" src=\"https:\/\/jblanz.de\/WP\/wp-content\/uploads\/2021\/09\/Urlaub2021-0690.jpg\" alt=\"\" data-id=\"11318\" data-full-url=\"https:\/\/jblanz.de\/WP\/wp-content\/uploads\/2021\/09\/Urlaub2021-0690.jpg\" data-link=\"https:\/\/jblanz.de\/WP\/20-september-2021-serra-do-gerres\/urlaub2021-0690\/\" class=\"wp-image-11318\" srcset=\"https:\/\/jblanz.de\/WP\/wp-content\/uploads\/2021\/09\/Urlaub2021-0690.jpg 800w, https:\/\/jblanz.de\/WP\/wp-content\/uploads\/2021\/09\/Urlaub2021-0690-300x169.jpg 300w, https:\/\/jblanz.de\/WP\/wp-content\/uploads\/2021\/09\/Urlaub2021-0690-768x432.jpg 768w\" sizes=\"auto, (max-width: 800px) 100vw, 800px\" \/><\/figure><\/li><li class=\"blocks-gallery-item\"><figure><img loading=\"lazy\" decoding=\"async\" width=\"800\" height=\"450\" src=\"https:\/\/jblanz.de\/WP\/wp-content\/uploads\/2021\/09\/Urlaub2021-0691.jpg\" alt=\"\" data-id=\"11301\" data-link=\"https:\/\/jblanz.de\/WP\/20-september-2021-serra-do-gerres\/urlaub2021-0691\/\" class=\"wp-image-11301\" srcset=\"https:\/\/jblanz.de\/WP\/wp-content\/uploads\/2021\/09\/Urlaub2021-0691.jpg 800w, https:\/\/jblanz.de\/WP\/wp-content\/uploads\/2021\/09\/Urlaub2021-0691-300x169.jpg 300w, https:\/\/jblanz.de\/WP\/wp-content\/uploads\/2021\/09\/Urlaub2021-0691-768x432.jpg 768w\" sizes=\"auto, (max-width: 800px) 100vw, 800px\" \/><\/figure><\/li><\/ul><\/figure>\n\n\n\n<p>Wir fuhren erst Richtung Ger\u00eas und wollten dann rechts in den Nationalpark abbiegen, aber die Strasse war gesperrt. Wir mu\u00dften die Umleitung nehmen und die hatte es in sich. Es ging erst durch Caldas do Ger\u00eas mit seinen Thermen und dann auf einer engen Strasse mit vielen Haarnadelkurven extrem steil den Berg hoch. Zum Gl\u00fcck kamen nur wenige Autos entgegen, denn wir mussten bis aufs \u00c4u\u00dferste an den Rand der Strasse ausweichen, um einem PKW genug Platz zum Vorbeifahren zu geben. Der Wald bestand aus Eichen und zwischen den B\u00e4umen wuchsen jede Menge Farne. Immer mal wieder gab es fantastische Ausblicke auf das Tal und die gegen\u00fcberliegenden Berge. Oben angekommen, fuhren wir zu dem Aussichtspunkt Miradouro de Pedra Bela, der auf 829 m H\u00f6he eingerichtet war. Wir fanden den neuen Aussichtspunkt erst gar nicht, sondern gingen erst zu einem verlassenen Aussichtspunkt mit eingeschlagenen Fenstern, neben dem 3 R\u00e4ume aus dem Fels herausgeschlagen waren. Sie waren inzwischen unbewohnt und dienten Wanderern als Toilette. Wir kletterten einige Felsen hoch, um noch besseren Blick auf die Umgebung zu bekommen.<\/p>\n\n\n\n<figure class=\"wp-block-gallery columns-2 is-cropped wp-block-gallery-3 is-layout-flex wp-block-gallery-is-layout-flex\"><ul class=\"blocks-gallery-grid\"><li class=\"blocks-gallery-item\"><figure><img loading=\"lazy\" decoding=\"async\" width=\"800\" height=\"450\" src=\"https:\/\/jblanz.de\/WP\/wp-content\/uploads\/2021\/09\/Urlaub2021-0704.jpg\" alt=\"\" data-id=\"11311\" data-full-url=\"https:\/\/jblanz.de\/WP\/wp-content\/uploads\/2021\/09\/Urlaub2021-0704.jpg\" data-link=\"https:\/\/jblanz.de\/WP\/20-september-2021-serra-do-gerres\/urlaub2021-0704\/\" class=\"wp-image-11311\" srcset=\"https:\/\/jblanz.de\/WP\/wp-content\/uploads\/2021\/09\/Urlaub2021-0704.jpg 800w, https:\/\/jblanz.de\/WP\/wp-content\/uploads\/2021\/09\/Urlaub2021-0704-300x169.jpg 300w, https:\/\/jblanz.de\/WP\/wp-content\/uploads\/2021\/09\/Urlaub2021-0704-768x432.jpg 768w\" sizes=\"auto, (max-width: 800px) 100vw, 800px\" \/><\/figure><\/li><li class=\"blocks-gallery-item\"><figure><img loading=\"lazy\" decoding=\"async\" width=\"800\" height=\"450\" src=\"https:\/\/jblanz.de\/WP\/wp-content\/uploads\/2021\/09\/Urlaub2021-0705.jpg\" alt=\"\" data-id=\"11312\" data-full-url=\"https:\/\/jblanz.de\/WP\/wp-content\/uploads\/2021\/09\/Urlaub2021-0705.jpg\" data-link=\"https:\/\/jblanz.de\/WP\/20-september-2021-serra-do-gerres\/urlaub2021-0705\/\" class=\"wp-image-11312\" srcset=\"https:\/\/jblanz.de\/WP\/wp-content\/uploads\/2021\/09\/Urlaub2021-0705.jpg 800w, https:\/\/jblanz.de\/WP\/wp-content\/uploads\/2021\/09\/Urlaub2021-0705-300x169.jpg 300w, https:\/\/jblanz.de\/WP\/wp-content\/uploads\/2021\/09\/Urlaub2021-0705-768x432.jpg 768w\" sizes=\"auto, (max-width: 800px) 100vw, 800px\" \/><\/figure><\/li><li class=\"blocks-gallery-item\"><figure><img loading=\"lazy\" decoding=\"async\" width=\"800\" height=\"450\" src=\"https:\/\/jblanz.de\/WP\/wp-content\/uploads\/2021\/09\/Urlaub2021-0700.jpg\" alt=\"\" data-id=\"11310\" data-full-url=\"https:\/\/jblanz.de\/WP\/wp-content\/uploads\/2021\/09\/Urlaub2021-0700.jpg\" data-link=\"https:\/\/jblanz.de\/WP\/20-september-2021-serra-do-gerres\/urlaub2021-0700\/\" class=\"wp-image-11310\" srcset=\"https:\/\/jblanz.de\/WP\/wp-content\/uploads\/2021\/09\/Urlaub2021-0700.jpg 800w, https:\/\/jblanz.de\/WP\/wp-content\/uploads\/2021\/09\/Urlaub2021-0700-300x169.jpg 300w, https:\/\/jblanz.de\/WP\/wp-content\/uploads\/2021\/09\/Urlaub2021-0700-768x432.jpg 768w\" sizes=\"auto, (max-width: 800px) 100vw, 800px\" \/><\/figure><\/li><li class=\"blocks-gallery-item\"><figure><img loading=\"lazy\" decoding=\"async\" width=\"800\" height=\"450\" src=\"https:\/\/jblanz.de\/WP\/wp-content\/uploads\/2021\/09\/Urlaub2021-0707.jpg\" alt=\"\" data-id=\"11313\" data-full-url=\"https:\/\/jblanz.de\/WP\/wp-content\/uploads\/2021\/09\/Urlaub2021-0707.jpg\" data-link=\"https:\/\/jblanz.de\/WP\/20-september-2021-serra-do-gerres\/urlaub2021-0707\/\" class=\"wp-image-11313\" srcset=\"https:\/\/jblanz.de\/WP\/wp-content\/uploads\/2021\/09\/Urlaub2021-0707.jpg 800w, https:\/\/jblanz.de\/WP\/wp-content\/uploads\/2021\/09\/Urlaub2021-0707-300x169.jpg 300w, https:\/\/jblanz.de\/WP\/wp-content\/uploads\/2021\/09\/Urlaub2021-0707-768x432.jpg 768w\" sizes=\"auto, (max-width: 800px) 100vw, 800px\" \/><\/figure><\/li><li class=\"blocks-gallery-item\"><figure><img loading=\"lazy\" decoding=\"async\" width=\"800\" height=\"450\" src=\"https:\/\/jblanz.de\/WP\/wp-content\/uploads\/2021\/09\/Urlaub2021-0713.jpg\" alt=\"\" data-id=\"11314\" data-full-url=\"https:\/\/jblanz.de\/WP\/wp-content\/uploads\/2021\/09\/Urlaub2021-0713.jpg\" data-link=\"https:\/\/jblanz.de\/WP\/20-september-2021-serra-do-gerres\/urlaub2021-0713\/\" class=\"wp-image-11314\" srcset=\"https:\/\/jblanz.de\/WP\/wp-content\/uploads\/2021\/09\/Urlaub2021-0713.jpg 800w, https:\/\/jblanz.de\/WP\/wp-content\/uploads\/2021\/09\/Urlaub2021-0713-300x169.jpg 300w, https:\/\/jblanz.de\/WP\/wp-content\/uploads\/2021\/09\/Urlaub2021-0713-768x432.jpg 768w\" sizes=\"auto, (max-width: 800px) 100vw, 800px\" \/><\/figure><\/li><\/ul><\/figure>\n\n\n\n<p>Von da an ging es steil den Berg hinunter und wir mu\u00dften das &#8222;Hill Descent System&#8220; unseres Fiat Ducato einschalten. Nach den qualmenden Bremsen in Spanien hatten wir herausgefunden, dass unser Auto ein System installiert hat, das die Geschwindigkeit beim Fahren eines Gef\u00e4lles selbst reguliert. Man legt einfach einen niedrigen Gang ein, aktiviert das System bei einer Geschwindigkeit unterhalb 25 km\/Stunde und das Auto bleibt bei der Geschwindigkeit, die man vorgibt. Das war perfekt &#8211; man rollt zwar sehr langsam bergab, aber die Sicherheit, dass die Bremsen selbst bei extremen und langen Gef\u00e4llen nicht versagen, wiegt die niedrige Geschwindigkeit auf. Am Ende eines sehr abfallenden Teilst\u00fccks kamen wir zu einer Br\u00fccke, an der mehrere Autos parkten. Hier hatte ein Gebirgsbach mehrere Kuhlen ausgewaschen, in denen man baden konnte.<\/p>\n\n\n\n<figure class=\"wp-block-gallery columns-2 is-cropped wp-block-gallery-4 is-layout-flex wp-block-gallery-is-layout-flex\"><ul class=\"blocks-gallery-grid\"><li class=\"blocks-gallery-item\"><figure><img loading=\"lazy\" decoding=\"async\" width=\"800\" height=\"450\" src=\"https:\/\/jblanz.de\/WP\/wp-content\/uploads\/2021\/09\/Urlaub2021-0716.jpg\" alt=\"\" data-id=\"11325\" data-link=\"https:\/\/jblanz.de\/WP\/20-september-2021-serra-do-gerres\/urlaub2021-0716\/\" class=\"wp-image-11325\" srcset=\"https:\/\/jblanz.de\/WP\/wp-content\/uploads\/2021\/09\/Urlaub2021-0716.jpg 800w, https:\/\/jblanz.de\/WP\/wp-content\/uploads\/2021\/09\/Urlaub2021-0716-300x169.jpg 300w, https:\/\/jblanz.de\/WP\/wp-content\/uploads\/2021\/09\/Urlaub2021-0716-768x432.jpg 768w\" sizes=\"auto, (max-width: 800px) 100vw, 800px\" \/><\/figure><\/li><li class=\"blocks-gallery-item\"><figure><img loading=\"lazy\" decoding=\"async\" width=\"800\" height=\"450\" src=\"https:\/\/jblanz.de\/WP\/wp-content\/uploads\/2021\/09\/Urlaub2021-0715.jpg\" alt=\"\" data-id=\"11326\" data-link=\"https:\/\/jblanz.de\/WP\/20-september-2021-serra-do-gerres\/urlaub2021-0715\/\" class=\"wp-image-11326\" srcset=\"https:\/\/jblanz.de\/WP\/wp-content\/uploads\/2021\/09\/Urlaub2021-0715.jpg 800w, https:\/\/jblanz.de\/WP\/wp-content\/uploads\/2021\/09\/Urlaub2021-0715-300x169.jpg 300w, https:\/\/jblanz.de\/WP\/wp-content\/uploads\/2021\/09\/Urlaub2021-0715-768x432.jpg 768w\" sizes=\"auto, (max-width: 800px) 100vw, 800px\" \/><\/figure><\/li><li class=\"blocks-gallery-item\"><figure><img loading=\"lazy\" decoding=\"async\" width=\"800\" height=\"450\" src=\"https:\/\/jblanz.de\/WP\/wp-content\/uploads\/2021\/09\/Urlaub2021-0727.jpg\" alt=\"\" data-id=\"11330\" data-link=\"https:\/\/jblanz.de\/WP\/20-september-2021-serra-do-gerres\/urlaub2021-0727\/\" class=\"wp-image-11330\" srcset=\"https:\/\/jblanz.de\/WP\/wp-content\/uploads\/2021\/09\/Urlaub2021-0727.jpg 800w, https:\/\/jblanz.de\/WP\/wp-content\/uploads\/2021\/09\/Urlaub2021-0727-300x169.jpg 300w, https:\/\/jblanz.de\/WP\/wp-content\/uploads\/2021\/09\/Urlaub2021-0727-768x432.jpg 768w\" sizes=\"auto, (max-width: 800px) 100vw, 800px\" \/><\/figure><\/li><li class=\"blocks-gallery-item\"><figure><img loading=\"lazy\" decoding=\"async\" width=\"800\" height=\"450\" src=\"https:\/\/jblanz.de\/WP\/wp-content\/uploads\/2021\/09\/Urlaub2021-0728.jpg\" alt=\"\" data-id=\"11331\" data-link=\"https:\/\/jblanz.de\/WP\/20-september-2021-serra-do-gerres\/urlaub2021-0728\/\" class=\"wp-image-11331\" srcset=\"https:\/\/jblanz.de\/WP\/wp-content\/uploads\/2021\/09\/Urlaub2021-0728.jpg 800w, https:\/\/jblanz.de\/WP\/wp-content\/uploads\/2021\/09\/Urlaub2021-0728-300x169.jpg 300w, https:\/\/jblanz.de\/WP\/wp-content\/uploads\/2021\/09\/Urlaub2021-0728-768x432.jpg 768w\" sizes=\"auto, (max-width: 800px) 100vw, 800px\" \/><\/figure><\/li><li class=\"blocks-gallery-item\"><figure><img loading=\"lazy\" decoding=\"async\" width=\"800\" height=\"450\" src=\"https:\/\/jblanz.de\/WP\/wp-content\/uploads\/2021\/09\/Urlaub2021-0729.jpg\" alt=\"\" data-id=\"11332\" data-link=\"https:\/\/jblanz.de\/WP\/20-september-2021-serra-do-gerres\/urlaub2021-0729\/\" class=\"wp-image-11332\" srcset=\"https:\/\/jblanz.de\/WP\/wp-content\/uploads\/2021\/09\/Urlaub2021-0729.jpg 800w, https:\/\/jblanz.de\/WP\/wp-content\/uploads\/2021\/09\/Urlaub2021-0729-300x169.jpg 300w, https:\/\/jblanz.de\/WP\/wp-content\/uploads\/2021\/09\/Urlaub2021-0729-768x432.jpg 768w\" sizes=\"auto, (max-width: 800px) 100vw, 800px\" \/><\/figure><\/li><li class=\"blocks-gallery-item\"><figure><img loading=\"lazy\" decoding=\"async\" width=\"800\" height=\"450\" src=\"https:\/\/jblanz.de\/WP\/wp-content\/uploads\/2021\/09\/Urlaub2021-0731.jpg\" alt=\"\" data-id=\"11333\" data-link=\"https:\/\/jblanz.de\/WP\/20-september-2021-serra-do-gerres\/urlaub2021-0731\/\" class=\"wp-image-11333\" srcset=\"https:\/\/jblanz.de\/WP\/wp-content\/uploads\/2021\/09\/Urlaub2021-0731.jpg 800w, https:\/\/jblanz.de\/WP\/wp-content\/uploads\/2021\/09\/Urlaub2021-0731-300x169.jpg 300w, https:\/\/jblanz.de\/WP\/wp-content\/uploads\/2021\/09\/Urlaub2021-0731-768x432.jpg 768w\" sizes=\"auto, (max-width: 800px) 100vw, 800px\" \/><\/figure><\/li><li class=\"blocks-gallery-item\"><figure><img loading=\"lazy\" decoding=\"async\" width=\"800\" height=\"450\" src=\"https:\/\/jblanz.de\/WP\/wp-content\/uploads\/2021\/09\/Urlaub2021-0733.jpg\" alt=\"\" data-id=\"11334\" data-link=\"https:\/\/jblanz.de\/WP\/20-september-2021-serra-do-gerres\/urlaub2021-0733\/\" class=\"wp-image-11334\" srcset=\"https:\/\/jblanz.de\/WP\/wp-content\/uploads\/2021\/09\/Urlaub2021-0733.jpg 800w, https:\/\/jblanz.de\/WP\/wp-content\/uploads\/2021\/09\/Urlaub2021-0733-300x169.jpg 300w, https:\/\/jblanz.de\/WP\/wp-content\/uploads\/2021\/09\/Urlaub2021-0733-768x432.jpg 768w\" sizes=\"auto, (max-width: 800px) 100vw, 800px\" \/><\/figure><\/li><li class=\"blocks-gallery-item\"><figure><img loading=\"lazy\" decoding=\"async\" width=\"800\" height=\"450\" src=\"https:\/\/jblanz.de\/WP\/wp-content\/uploads\/2021\/09\/Urlaub2021-0736-1.jpg\" alt=\"\" data-id=\"11353\" data-full-url=\"https:\/\/jblanz.de\/WP\/wp-content\/uploads\/2021\/09\/Urlaub2021-0736-1.jpg\" data-link=\"https:\/\/jblanz.de\/WP\/20-september-2021-serra-do-gerres\/urlaub2021-0736-1\/\" class=\"wp-image-11353\" srcset=\"https:\/\/jblanz.de\/WP\/wp-content\/uploads\/2021\/09\/Urlaub2021-0736-1.jpg 800w, https:\/\/jblanz.de\/WP\/wp-content\/uploads\/2021\/09\/Urlaub2021-0736-1-300x169.jpg 300w, https:\/\/jblanz.de\/WP\/wp-content\/uploads\/2021\/09\/Urlaub2021-0736-1-768x432.jpg 768w\" sizes=\"auto, (max-width: 800px) 100vw, 800px\" \/><\/figure><\/li><li class=\"blocks-gallery-item\"><figure><img loading=\"lazy\" decoding=\"async\" width=\"800\" height=\"450\" src=\"https:\/\/jblanz.de\/WP\/wp-content\/uploads\/2021\/09\/Urlaub2021-0738.jpg\" alt=\"\" data-id=\"11344\" data-link=\"https:\/\/jblanz.de\/WP\/20-september-2021-serra-do-gerres\/urlaub2021-0738\/\" class=\"wp-image-11344\" srcset=\"https:\/\/jblanz.de\/WP\/wp-content\/uploads\/2021\/09\/Urlaub2021-0738.jpg 800w, https:\/\/jblanz.de\/WP\/wp-content\/uploads\/2021\/09\/Urlaub2021-0738-300x169.jpg 300w, https:\/\/jblanz.de\/WP\/wp-content\/uploads\/2021\/09\/Urlaub2021-0738-768x432.jpg 768w\" sizes=\"auto, (max-width: 800px) 100vw, 800px\" \/><\/figure><\/li><li class=\"blocks-gallery-item\"><figure><img loading=\"lazy\" decoding=\"async\" width=\"800\" height=\"450\" src=\"https:\/\/jblanz.de\/WP\/wp-content\/uploads\/2021\/09\/Urlaub2021-0714.jpg\" alt=\"\" data-id=\"11327\" data-link=\"https:\/\/jblanz.de\/WP\/20-september-2021-serra-do-gerres\/urlaub2021-0714\/\" class=\"wp-image-11327\" srcset=\"https:\/\/jblanz.de\/WP\/wp-content\/uploads\/2021\/09\/Urlaub2021-0714.jpg 800w, https:\/\/jblanz.de\/WP\/wp-content\/uploads\/2021\/09\/Urlaub2021-0714-300x169.jpg 300w, https:\/\/jblanz.de\/WP\/wp-content\/uploads\/2021\/09\/Urlaub2021-0714-768x432.jpg 768w\" sizes=\"auto, (max-width: 800px) 100vw, 800px\" \/><\/figure><\/li><\/ul><\/figure>\n\n\n\n<p>Als wir nach einer gef\u00fchlten Ewigkeit im Tal ankommen, standen wir vor einer Staumauer und dachten erst, dass die Strasse hier zu Ende w\u00e4re. Dann bemerkten wir die Ampel und den schmalen Weg auf der Staumauer. Gottseidank, es ging weiter. Wir passten gerade so durch. Wieder ging es gewaltig den Berg hoch, bis wir auf die Nationalstrasse N103 Richtung Chaves stiessen. Nach 43 Kilometern, auf denen man immer wieder grandiose Ausblicke auf die Serra hatte und in denen man an 2 weiteren Stauseen entlang fuhr, erreichten wir den Camping Parque de Campismo de Penedones &#8211; AquaBarroso, der am Rand des Stausees lag. Fast leer &#8211; au\u00dfer uns nur 4 weitere Wohnmobile da. Leider wehte ein kalter Wind, so dass man trotz Sonnenschein nur kurze Zeit draussen sitzen konnte. Abendessen im Bus mit tollem Blick auf den See.<\/p>\n\n\n\n<figure class=\"wp-block-gallery columns-2 is-cropped wp-block-gallery-5 is-layout-flex wp-block-gallery-is-layout-flex\"><ul class=\"blocks-gallery-grid\"><li class=\"blocks-gallery-item\"><figure><img loading=\"lazy\" decoding=\"async\" width=\"800\" height=\"450\" src=\"https:\/\/jblanz.de\/WP\/wp-content\/uploads\/2021\/09\/Urlaub2021-0741.jpg\" alt=\"\" data-id=\"11340\" data-full-url=\"https:\/\/jblanz.de\/WP\/wp-content\/uploads\/2021\/09\/Urlaub2021-0741.jpg\" data-link=\"https:\/\/jblanz.de\/WP\/20-september-2021-serra-do-gerres\/urlaub2021-0741\/\" class=\"wp-image-11340\" srcset=\"https:\/\/jblanz.de\/WP\/wp-content\/uploads\/2021\/09\/Urlaub2021-0741.jpg 800w, https:\/\/jblanz.de\/WP\/wp-content\/uploads\/2021\/09\/Urlaub2021-0741-300x169.jpg 300w, https:\/\/jblanz.de\/WP\/wp-content\/uploads\/2021\/09\/Urlaub2021-0741-768x432.jpg 768w\" sizes=\"auto, (max-width: 800px) 100vw, 800px\" \/><\/figure><\/li><li class=\"blocks-gallery-item\"><figure><img loading=\"lazy\" decoding=\"async\" width=\"800\" height=\"450\" src=\"https:\/\/jblanz.de\/WP\/wp-content\/uploads\/2021\/09\/Urlaub2021-0742.jpg\" alt=\"\" data-id=\"11341\" data-full-url=\"https:\/\/jblanz.de\/WP\/wp-content\/uploads\/2021\/09\/Urlaub2021-0742.jpg\" data-link=\"https:\/\/jblanz.de\/WP\/20-september-2021-serra-do-gerres\/urlaub2021-0742\/\" class=\"wp-image-11341\" srcset=\"https:\/\/jblanz.de\/WP\/wp-content\/uploads\/2021\/09\/Urlaub2021-0742.jpg 800w, https:\/\/jblanz.de\/WP\/wp-content\/uploads\/2021\/09\/Urlaub2021-0742-300x169.jpg 300w, https:\/\/jblanz.de\/WP\/wp-content\/uploads\/2021\/09\/Urlaub2021-0742-768x432.jpg 768w\" sizes=\"auto, (max-width: 800px) 100vw, 800px\" \/><figcaption class=\"blocks-gallery-item__caption\">Penedones<\/figcaption><\/figure><\/li><\/ul><\/figure>\n","protected":false},"excerpt":{"rendered":"<p>Micha verliess uns heute morgen, er wollte f\u00fcr ein paar Tage im Nationalpark wandern und Mountainbiken. Karin und ich verliessen<\/p>\n","protected":false},"author":1,"featured_media":11296,"comment_status":"open","ping_status":"open","sticky":false,"template":"","format":"standard","meta":{"colormag_page_container_layout":"default_layout","colormag_page_sidebar_layout":"default_layout","_monsterinsights_skip_tracking":false,"_monsterinsights_sitenote_active":false,"_monsterinsights_sitenote_note":"","_monsterinsights_sitenote_category":0,"footnotes":""},"categories":[237,159,242],"tags":[],"class_list":["post-11271","post","type-post","status-publish","format-standard","has-post-thumbnail","hentry","category-237","category-europa","category-portugal"],"yoast_head":"<!-- This site is optimized with the Yoast SEO plugin v27.4 - https:\/\/yoast.com\/product\/yoast-seo-wordpress\/ -->\n<title>20. September 2021 - Serra do Gerr\u00eas - Reiseblog von Karin &amp; Joachim<\/title>\n<meta name=\"robots\" content=\"index, follow, max-snippet:-1, max-image-preview:large, max-video-preview:-1\" \/>\n<link rel=\"canonical\" href=\"https:\/\/jblanz.de\/WP\/20-september-2021-serra-do-gerres\/\" \/>\n<meta property=\"og:locale\" content=\"de_DE\" \/>\n<meta property=\"og:type\" content=\"article\" \/>\n<meta property=\"og:title\" content=\"20. September 2021 - Serra do Gerr\u00eas - Reiseblog von Karin &amp; Joachim\" \/>\n<meta property=\"og:description\" content=\"Micha verliess uns heute morgen, er wollte f\u00fcr ein paar Tage im Nationalpark wandern und Mountainbiken. Karin und ich verliessen\" \/>\n<meta property=\"og:url\" content=\"https:\/\/jblanz.de\/WP\/20-september-2021-serra-do-gerres\/\" \/>\n<meta property=\"og:site_name\" content=\"Reiseblog von Karin &amp; Joachim\" \/>\n<meta property=\"article:published_time\" content=\"2021-09-21T09:54:49+00:00\" \/>\n<meta property=\"article:modified_time\" content=\"2021-09-22T04:47:41+00:00\" \/>\n<meta property=\"og:image\" content=\"https:\/\/jblanz.de\/WP\/wp-content\/uploads\/2021\/09\/Urlaub2021-0698.jpg\" \/>\n\t<meta property=\"og:image:width\" content=\"800\" \/>\n\t<meta property=\"og:image:height\" content=\"450\" \/>\n\t<meta property=\"og:image:type\" content=\"image\/jpeg\" \/>\n<meta name=\"author\" content=\"Achim\" \/>\n<meta name=\"twitter:card\" content=\"summary_large_image\" \/>\n<meta name=\"twitter:label1\" content=\"Verfasst von\" \/>\n\t<meta name=\"twitter:data1\" content=\"Achim\" \/>\n\t<meta name=\"twitter:label2\" content=\"Gesch\u00e4tzte Lesezeit\" \/>\n\t<meta name=\"twitter:data2\" content=\"8\u00a0Minuten\" \/>\n<script type=\"application\/ld+json\" class=\"yoast-schema-graph\">{\"@context\":\"https:\\\/\\\/schema.org\",\"@graph\":[{\"@type\":\"Article\",\"@id\":\"https:\\\/\\\/jblanz.de\\\/WP\\\/20-september-2021-serra-do-gerres\\\/#article\",\"isPartOf\":{\"@id\":\"https:\\\/\\\/jblanz.de\\\/WP\\\/20-september-2021-serra-do-gerres\\\/\"},\"author\":{\"name\":\"Achim\",\"@id\":\"https:\\\/\\\/jblanz.de\\\/WP\\\/#\\\/schema\\\/person\\\/17a70f07162e42bc0b181c22397286e0\"},\"headline\":\"20. September 2021 &#8211; Serra do Gerr\u00eas\",\"datePublished\":\"2021-09-21T09:54:49+00:00\",\"dateModified\":\"2021-09-22T04:47:41+00:00\",\"mainEntityOfPage\":{\"@id\":\"https:\\\/\\\/jblanz.de\\\/WP\\\/20-september-2021-serra-do-gerres\\\/\"},\"wordCount\":571,\"commentCount\":0,\"publisher\":{\"@id\":\"https:\\\/\\\/jblanz.de\\\/WP\\\/#\\\/schema\\\/person\\\/17a70f07162e42bc0b181c22397286e0\"},\"image\":{\"@id\":\"https:\\\/\\\/jblanz.de\\\/WP\\\/20-september-2021-serra-do-gerres\\\/#primaryimage\"},\"thumbnailUrl\":\"https:\\\/\\\/jblanz.de\\\/WP\\\/wp-content\\\/uploads\\\/2021\\\/09\\\/Urlaub2021-0698.jpg\",\"articleSection\":[\"2021\",\"Europa\",\"Portugal\"],\"inLanguage\":\"de\",\"potentialAction\":[{\"@type\":\"CommentAction\",\"name\":\"Comment\",\"target\":[\"https:\\\/\\\/jblanz.de\\\/WP\\\/20-september-2021-serra-do-gerres\\\/#respond\"]}]},{\"@type\":\"WebPage\",\"@id\":\"https:\\\/\\\/jblanz.de\\\/WP\\\/20-september-2021-serra-do-gerres\\\/\",\"url\":\"https:\\\/\\\/jblanz.de\\\/WP\\\/20-september-2021-serra-do-gerres\\\/\",\"name\":\"20. September 2021 - Serra do Gerr\u00eas - Reiseblog von Karin &amp; Joachim\",\"isPartOf\":{\"@id\":\"https:\\\/\\\/jblanz.de\\\/WP\\\/#website\"},\"primaryImageOfPage\":{\"@id\":\"https:\\\/\\\/jblanz.de\\\/WP\\\/20-september-2021-serra-do-gerres\\\/#primaryimage\"},\"image\":{\"@id\":\"https:\\\/\\\/jblanz.de\\\/WP\\\/20-september-2021-serra-do-gerres\\\/#primaryimage\"},\"thumbnailUrl\":\"https:\\\/\\\/jblanz.de\\\/WP\\\/wp-content\\\/uploads\\\/2021\\\/09\\\/Urlaub2021-0698.jpg\",\"datePublished\":\"2021-09-21T09:54:49+00:00\",\"dateModified\":\"2021-09-22T04:47:41+00:00\",\"breadcrumb\":{\"@id\":\"https:\\\/\\\/jblanz.de\\\/WP\\\/20-september-2021-serra-do-gerres\\\/#breadcrumb\"},\"inLanguage\":\"de\",\"potentialAction\":[{\"@type\":\"ReadAction\",\"target\":[\"https:\\\/\\\/jblanz.de\\\/WP\\\/20-september-2021-serra-do-gerres\\\/\"]}]},{\"@type\":\"ImageObject\",\"inLanguage\":\"de\",\"@id\":\"https:\\\/\\\/jblanz.de\\\/WP\\\/20-september-2021-serra-do-gerres\\\/#primaryimage\",\"url\":\"https:\\\/\\\/jblanz.de\\\/WP\\\/wp-content\\\/uploads\\\/2021\\\/09\\\/Urlaub2021-0698.jpg\",\"contentUrl\":\"https:\\\/\\\/jblanz.de\\\/WP\\\/wp-content\\\/uploads\\\/2021\\\/09\\\/Urlaub2021-0698.jpg\",\"width\":800,\"height\":450},{\"@type\":\"BreadcrumbList\",\"@id\":\"https:\\\/\\\/jblanz.de\\\/WP\\\/20-september-2021-serra-do-gerres\\\/#breadcrumb\",\"itemListElement\":[{\"@type\":\"ListItem\",\"position\":1,\"name\":\"Startseite\",\"item\":\"https:\\\/\\\/jblanz.de\\\/WP\\\/\"},{\"@type\":\"ListItem\",\"position\":2,\"name\":\"20. September 2021 &#8211; Serra do Gerr\u00eas\"}]},{\"@type\":\"WebSite\",\"@id\":\"https:\\\/\\\/jblanz.de\\\/WP\\\/#website\",\"url\":\"https:\\\/\\\/jblanz.de\\\/WP\\\/\",\"name\":\"Reiseblog von Karin & Joachim\",\"description\":\"Wir schreiben den Blog f\u00fcr uns als Erinnerung - f\u00fcr euch als Inspiration\",\"publisher\":{\"@id\":\"https:\\\/\\\/jblanz.de\\\/WP\\\/#\\\/schema\\\/person\\\/17a70f07162e42bc0b181c22397286e0\"},\"potentialAction\":[{\"@type\":\"SearchAction\",\"target\":{\"@type\":\"EntryPoint\",\"urlTemplate\":\"https:\\\/\\\/jblanz.de\\\/WP\\\/?s={search_term_string}\"},\"query-input\":{\"@type\":\"PropertyValueSpecification\",\"valueRequired\":true,\"valueName\":\"search_term_string\"}}],\"inLanguage\":\"de\"},{\"@type\":[\"Person\",\"Organization\"],\"@id\":\"https:\\\/\\\/jblanz.de\\\/WP\\\/#\\\/schema\\\/person\\\/17a70f07162e42bc0b181c22397286e0\",\"name\":\"Achim\",\"image\":{\"@type\":\"ImageObject\",\"inLanguage\":\"de\",\"@id\":\"https:\\\/\\\/secure.gravatar.com\\\/avatar\\\/b7ab31bc55956af4a9bebf7fd034761212b11b803b7e39464914d6abeefb12f3?s=96&d=mm&r=g\",\"url\":\"https:\\\/\\\/secure.gravatar.com\\\/avatar\\\/b7ab31bc55956af4a9bebf7fd034761212b11b803b7e39464914d6abeefb12f3?s=96&d=mm&r=g\",\"contentUrl\":\"https:\\\/\\\/secure.gravatar.com\\\/avatar\\\/b7ab31bc55956af4a9bebf7fd034761212b11b803b7e39464914d6abeefb12f3?s=96&d=mm&r=g\",\"caption\":\"Achim\"},\"logo\":{\"@id\":\"https:\\\/\\\/secure.gravatar.com\\\/avatar\\\/b7ab31bc55956af4a9bebf7fd034761212b11b803b7e39464914d6abeefb12f3?s=96&d=mm&r=g\"},\"url\":\"https:\\\/\\\/jblanz.de\\\/WP\\\/author\\\/achim\\\/\"}]}<\/script>\n<!-- \/ Yoast SEO plugin. -->","yoast_head_json":{"title":"20. September 2021 - Serra do Gerr\u00eas - Reiseblog von Karin &amp; Joachim","robots":{"index":"index","follow":"follow","max-snippet":"max-snippet:-1","max-image-preview":"max-image-preview:large","max-video-preview":"max-video-preview:-1"},"canonical":"https:\/\/jblanz.de\/WP\/20-september-2021-serra-do-gerres\/","og_locale":"de_DE","og_type":"article","og_title":"20. September 2021 - Serra do Gerr\u00eas - Reiseblog von Karin &amp; Joachim","og_description":"Micha verliess uns heute morgen, er wollte f\u00fcr ein paar Tage im Nationalpark wandern und Mountainbiken. Karin und ich verliessen","og_url":"https:\/\/jblanz.de\/WP\/20-september-2021-serra-do-gerres\/","og_site_name":"Reiseblog von Karin &amp; Joachim","article_published_time":"2021-09-21T09:54:49+00:00","article_modified_time":"2021-09-22T04:47:41+00:00","og_image":[{"width":800,"height":450,"url":"https:\/\/jblanz.de\/WP\/wp-content\/uploads\/2021\/09\/Urlaub2021-0698.jpg","type":"image\/jpeg"}],"author":"Achim","twitter_card":"summary_large_image","twitter_misc":{"Verfasst von":"Achim","Gesch\u00e4tzte Lesezeit":"8\u00a0Minuten"},"schema":{"@context":"https:\/\/schema.org","@graph":[{"@type":"Article","@id":"https:\/\/jblanz.de\/WP\/20-september-2021-serra-do-gerres\/#article","isPartOf":{"@id":"https:\/\/jblanz.de\/WP\/20-september-2021-serra-do-gerres\/"},"author":{"name":"Achim","@id":"https:\/\/jblanz.de\/WP\/#\/schema\/person\/17a70f07162e42bc0b181c22397286e0"},"headline":"20. September 2021 &#8211; Serra do Gerr\u00eas","datePublished":"2021-09-21T09:54:49+00:00","dateModified":"2021-09-22T04:47:41+00:00","mainEntityOfPage":{"@id":"https:\/\/jblanz.de\/WP\/20-september-2021-serra-do-gerres\/"},"wordCount":571,"commentCount":0,"publisher":{"@id":"https:\/\/jblanz.de\/WP\/#\/schema\/person\/17a70f07162e42bc0b181c22397286e0"},"image":{"@id":"https:\/\/jblanz.de\/WP\/20-september-2021-serra-do-gerres\/#primaryimage"},"thumbnailUrl":"https:\/\/jblanz.de\/WP\/wp-content\/uploads\/2021\/09\/Urlaub2021-0698.jpg","articleSection":["2021","Europa","Portugal"],"inLanguage":"de","potentialAction":[{"@type":"CommentAction","name":"Comment","target":["https:\/\/jblanz.de\/WP\/20-september-2021-serra-do-gerres\/#respond"]}]},{"@type":"WebPage","@id":"https:\/\/jblanz.de\/WP\/20-september-2021-serra-do-gerres\/","url":"https:\/\/jblanz.de\/WP\/20-september-2021-serra-do-gerres\/","name":"20. September 2021 - Serra do Gerr\u00eas - Reiseblog von Karin &amp; Joachim","isPartOf":{"@id":"https:\/\/jblanz.de\/WP\/#website"},"primaryImageOfPage":{"@id":"https:\/\/jblanz.de\/WP\/20-september-2021-serra-do-gerres\/#primaryimage"},"image":{"@id":"https:\/\/jblanz.de\/WP\/20-september-2021-serra-do-gerres\/#primaryimage"},"thumbnailUrl":"https:\/\/jblanz.de\/WP\/wp-content\/uploads\/2021\/09\/Urlaub2021-0698.jpg","datePublished":"2021-09-21T09:54:49+00:00","dateModified":"2021-09-22T04:47:41+00:00","breadcrumb":{"@id":"https:\/\/jblanz.de\/WP\/20-september-2021-serra-do-gerres\/#breadcrumb"},"inLanguage":"de","potentialAction":[{"@type":"ReadAction","target":["https:\/\/jblanz.de\/WP\/20-september-2021-serra-do-gerres\/"]}]},{"@type":"ImageObject","inLanguage":"de","@id":"https:\/\/jblanz.de\/WP\/20-september-2021-serra-do-gerres\/#primaryimage","url":"https:\/\/jblanz.de\/WP\/wp-content\/uploads\/2021\/09\/Urlaub2021-0698.jpg","contentUrl":"https:\/\/jblanz.de\/WP\/wp-content\/uploads\/2021\/09\/Urlaub2021-0698.jpg","width":800,"height":450},{"@type":"BreadcrumbList","@id":"https:\/\/jblanz.de\/WP\/20-september-2021-serra-do-gerres\/#breadcrumb","itemListElement":[{"@type":"ListItem","position":1,"name":"Startseite","item":"https:\/\/jblanz.de\/WP\/"},{"@type":"ListItem","position":2,"name":"20. September 2021 &#8211; Serra do Gerr\u00eas"}]},{"@type":"WebSite","@id":"https:\/\/jblanz.de\/WP\/#website","url":"https:\/\/jblanz.de\/WP\/","name":"Reiseblog von Karin & Joachim","description":"Wir schreiben den Blog f\u00fcr uns als Erinnerung - f\u00fcr euch als Inspiration","publisher":{"@id":"https:\/\/jblanz.de\/WP\/#\/schema\/person\/17a70f07162e42bc0b181c22397286e0"},"potentialAction":[{"@type":"SearchAction","target":{"@type":"EntryPoint","urlTemplate":"https:\/\/jblanz.de\/WP\/?s={search_term_string}"},"query-input":{"@type":"PropertyValueSpecification","valueRequired":true,"valueName":"search_term_string"}}],"inLanguage":"de"},{"@type":["Person","Organization"],"@id":"https:\/\/jblanz.de\/WP\/#\/schema\/person\/17a70f07162e42bc0b181c22397286e0","name":"Achim","image":{"@type":"ImageObject","inLanguage":"de","@id":"https:\/\/secure.gravatar.com\/avatar\/b7ab31bc55956af4a9bebf7fd034761212b11b803b7e39464914d6abeefb12f3?s=96&d=mm&r=g","url":"https:\/\/secure.gravatar.com\/avatar\/b7ab31bc55956af4a9bebf7fd034761212b11b803b7e39464914d6abeefb12f3?s=96&d=mm&r=g","contentUrl":"https:\/\/secure.gravatar.com\/avatar\/b7ab31bc55956af4a9bebf7fd034761212b11b803b7e39464914d6abeefb12f3?s=96&d=mm&r=g","caption":"Achim"},"logo":{"@id":"https:\/\/secure.gravatar.com\/avatar\/b7ab31bc55956af4a9bebf7fd034761212b11b803b7e39464914d6abeefb12f3?s=96&d=mm&r=g"},"url":"https:\/\/jblanz.de\/WP\/author\/achim\/"}]}},"_links":{"self":[{"href":"https:\/\/jblanz.de\/WP\/wp-json\/wp\/v2\/posts\/11271","targetHints":{"allow":["GET"]}}],"collection":[{"href":"https:\/\/jblanz.de\/WP\/wp-json\/wp\/v2\/posts"}],"about":[{"href":"https:\/\/jblanz.de\/WP\/wp-json\/wp\/v2\/types\/post"}],"author":[{"embeddable":true,"href":"https:\/\/jblanz.de\/WP\/wp-json\/wp\/v2\/users\/1"}],"replies":[{"embeddable":true,"href":"https:\/\/jblanz.de\/WP\/wp-json\/wp\/v2\/comments?post=11271"}],"version-history":[{"count":0,"href":"https:\/\/jblanz.de\/WP\/wp-json\/wp\/v2\/posts\/11271\/revisions"}],"wp:featuredmedia":[{"embeddable":true,"href":"https:\/\/jblanz.de\/WP\/wp-json\/wp\/v2\/media\/11296"}],"wp:attachment":[{"href":"https:\/\/jblanz.de\/WP\/wp-json\/wp\/v2\/media?parent=11271"}],"wp:term":[{"taxonomy":"category","embeddable":true,"href":"https:\/\/jblanz.de\/WP\/wp-json\/wp\/v2\/categories?post=11271"},{"taxonomy":"post_tag","embeddable":true,"href":"https:\/\/jblanz.de\/WP\/wp-json\/wp\/v2\/tags?post=11271"}],"curies":[{"name":"wp","href":"https:\/\/api.w.org\/{rel}","templated":true}]}}