{"id":11627,"date":"2021-09-26T20:56:09","date_gmt":"2021-09-26T18:56:09","guid":{"rendered":"https:\/\/jblanz.de\/WP\/?p=11627"},"modified":"2021-10-01T10:35:54","modified_gmt":"2021-10-01T08:35:54","slug":"26-september-2021-tal-des-douro","status":"publish","type":"post","link":"https:\/\/jblanz.de\/WP\/26-september-2021-tal-des-douro\/","title":{"rendered":"26. September 2021 &#8211; Tal des Douro"},"content":{"rendered":"\n<p>Bevor wir weiterreisten, besichtigten wir noch kurz Peso da R\u00e9gua. Au\u00dfer einer Fussg\u00e4ngerbr\u00fccke \u00fcber den Douro und einem \u00e4lteren Bahnhof&nbsp; hatte der Ort nicht viel zu bieten. Wir fuhren am linken Ufer des Douro (von Porto aus gesehen) auf einem kleinen Str\u00e4\u00dfchen Richtung Pinh\u00e3o. Auf einer Anh\u00f6he war eine Quinta mit Parkplatrz, an der wir anhielten, um mal reinzuschauen. Ein junger Mann bediente uns und erkl\u00e4rte die Besonderheiten der verschiedenen Weine und dann auch der Portweine, die bei Ihnen zum Verkauf angeboten werden. Die Quinta do Vallado, an der der wir zuf\u00e4llig anhielten, ist eine der \u00e4ltesten und ber\u00fchmtesten Quintas des Dourotals. Ihre Geschichte datiert zur\u00fcck bis ins Jahr 1716. Genau ein Jahrhundert sp\u00e4ter, im Jahre 1818, wurde das Weingut an die Ferreira-Familie verkauft, durch die es in siebter Generation bis heute verwaltet wird. Unser Gl\u00fcck verstanden wir erst sp\u00e4ter, als ich mich etwas kundig machte. Wir testen einen 20 und einen 40 Jahre alten Portwein, die beide eine umwerfenden Geschmack hatten. Der 40j\u00e4hrige Wein hatte aber mehr S\u00e4ure, weshalb wir uns f\u00fcr eine Flasche des 20 Jahr alten Portweins entschieden. Interessanterweise bemerkte der junge Mann, dass man den Geschmack viel l\u00e4nger geniessen kann, wenn man die Gesichtsmaske aufzieht. Bei jedem Atemzug wiederholte sich der Geschmack. Das schmale Str\u00e4chen m\u00fcndete an einer Schleuse in die Landstrasse, in der gerade eine Personenschiff geschleust wurde. Auf diesen Schiffen kann man mehrt\u00e4gige Flu\u00dfreisen auf dem Douro machen. Er entspringt in der spanischen Provinz Soria, durchflie\u00dft Nordspanien und Nordportugal und m\u00fcndet bei Porto in den Atlantischen Ozean. Er ist fast 900 Kilometer lang.<\/p>\n\n\n\n<figure class=\"wp-block-gallery columns-2 is-cropped wp-block-gallery-2 is-layout-flex wp-block-gallery-is-layout-flex\"><ul class=\"blocks-gallery-grid\"><li class=\"blocks-gallery-item\"><figure><img loading=\"lazy\" decoding=\"async\" width=\"800\" height=\"450\" src=\"https:\/\/jblanz.de\/WP\/wp-content\/uploads\/2021\/09\/Urlaub2021-1013.jpg\" alt=\"\" data-id=\"11637\" data-full-url=\"https:\/\/jblanz.de\/WP\/wp-content\/uploads\/2021\/09\/Urlaub2021-1013.jpg\" data-link=\"https:\/\/jblanz.de\/WP\/26-september-2021-tal-des-douro\/urlaub2021-1013\/\" class=\"wp-image-11637\" srcset=\"https:\/\/jblanz.de\/WP\/wp-content\/uploads\/2021\/09\/Urlaub2021-1013.jpg 800w, https:\/\/jblanz.de\/WP\/wp-content\/uploads\/2021\/09\/Urlaub2021-1013-300x169.jpg 300w, https:\/\/jblanz.de\/WP\/wp-content\/uploads\/2021\/09\/Urlaub2021-1013-768x432.jpg 768w\" sizes=\"auto, (max-width: 800px) 100vw, 800px\" \/><\/figure><\/li><li class=\"blocks-gallery-item\"><figure><img loading=\"lazy\" decoding=\"async\" width=\"800\" height=\"450\" src=\"https:\/\/jblanz.de\/WP\/wp-content\/uploads\/2021\/09\/Urlaub2021-1014.jpg\" alt=\"\" data-id=\"11638\" data-full-url=\"https:\/\/jblanz.de\/WP\/wp-content\/uploads\/2021\/09\/Urlaub2021-1014.jpg\" data-link=\"https:\/\/jblanz.de\/WP\/26-september-2021-tal-des-douro\/urlaub2021-1014\/\" class=\"wp-image-11638\" srcset=\"https:\/\/jblanz.de\/WP\/wp-content\/uploads\/2021\/09\/Urlaub2021-1014.jpg 800w, https:\/\/jblanz.de\/WP\/wp-content\/uploads\/2021\/09\/Urlaub2021-1014-300x169.jpg 300w, https:\/\/jblanz.de\/WP\/wp-content\/uploads\/2021\/09\/Urlaub2021-1014-768x432.jpg 768w\" sizes=\"auto, (max-width: 800px) 100vw, 800px\" \/><\/figure><\/li><li class=\"blocks-gallery-item\"><figure><img loading=\"lazy\" decoding=\"async\" width=\"800\" height=\"450\" src=\"https:\/\/jblanz.de\/WP\/wp-content\/uploads\/2021\/09\/Urlaub2021-1015.jpg\" alt=\"\" data-id=\"11639\" data-full-url=\"https:\/\/jblanz.de\/WP\/wp-content\/uploads\/2021\/09\/Urlaub2021-1015.jpg\" data-link=\"https:\/\/jblanz.de\/WP\/26-september-2021-tal-des-douro\/urlaub2021-1015\/\" class=\"wp-image-11639\" srcset=\"https:\/\/jblanz.de\/WP\/wp-content\/uploads\/2021\/09\/Urlaub2021-1015.jpg 800w, https:\/\/jblanz.de\/WP\/wp-content\/uploads\/2021\/09\/Urlaub2021-1015-300x169.jpg 300w, https:\/\/jblanz.de\/WP\/wp-content\/uploads\/2021\/09\/Urlaub2021-1015-768x432.jpg 768w\" sizes=\"auto, (max-width: 800px) 100vw, 800px\" \/><\/figure><\/li><li class=\"blocks-gallery-item\"><figure><img loading=\"lazy\" decoding=\"async\" width=\"800\" height=\"450\" src=\"https:\/\/jblanz.de\/WP\/wp-content\/uploads\/2021\/09\/Urlaub2021-1016.jpg\" alt=\"\" data-id=\"11640\" data-full-url=\"https:\/\/jblanz.de\/WP\/wp-content\/uploads\/2021\/09\/Urlaub2021-1016.jpg\" data-link=\"https:\/\/jblanz.de\/WP\/26-september-2021-tal-des-douro\/urlaub2021-1016\/\" class=\"wp-image-11640\" srcset=\"https:\/\/jblanz.de\/WP\/wp-content\/uploads\/2021\/09\/Urlaub2021-1016.jpg 800w, https:\/\/jblanz.de\/WP\/wp-content\/uploads\/2021\/09\/Urlaub2021-1016-300x169.jpg 300w, https:\/\/jblanz.de\/WP\/wp-content\/uploads\/2021\/09\/Urlaub2021-1016-768x432.jpg 768w\" sizes=\"auto, (max-width: 800px) 100vw, 800px\" \/><\/figure><\/li><\/ul><\/figure>\n\n\n\n<p>Auf der Landstrasse folgten wir dann dem Fluss f\u00fcr einige Kilometer und waren begeistert von der Landschaft.<\/p>\n\n\n\n<figure class=\"wp-block-gallery columns-2 is-cropped wp-block-gallery-3 is-layout-flex wp-block-gallery-is-layout-flex\"><ul class=\"blocks-gallery-grid\"><li class=\"blocks-gallery-item\"><figure><img loading=\"lazy\" decoding=\"async\" width=\"800\" height=\"450\" src=\"https:\/\/jblanz.de\/WP\/wp-content\/uploads\/2021\/09\/Urlaub2021-1018.jpg\" alt=\"\" data-id=\"11643\" data-full-url=\"https:\/\/jblanz.de\/WP\/wp-content\/uploads\/2021\/09\/Urlaub2021-1018.jpg\" data-link=\"https:\/\/jblanz.de\/WP\/26-september-2021-tal-des-douro\/urlaub2021-1018\/\" class=\"wp-image-11643\" srcset=\"https:\/\/jblanz.de\/WP\/wp-content\/uploads\/2021\/09\/Urlaub2021-1018.jpg 800w, https:\/\/jblanz.de\/WP\/wp-content\/uploads\/2021\/09\/Urlaub2021-1018-300x169.jpg 300w, https:\/\/jblanz.de\/WP\/wp-content\/uploads\/2021\/09\/Urlaub2021-1018-768x432.jpg 768w\" sizes=\"auto, (max-width: 800px) 100vw, 800px\" \/><\/figure><\/li><li class=\"blocks-gallery-item\"><figure><img loading=\"lazy\" decoding=\"async\" width=\"800\" height=\"450\" src=\"https:\/\/jblanz.de\/WP\/wp-content\/uploads\/2021\/09\/Urlaub2021-1019.jpg\" alt=\"\" data-id=\"11644\" data-full-url=\"https:\/\/jblanz.de\/WP\/wp-content\/uploads\/2021\/09\/Urlaub2021-1019.jpg\" data-link=\"https:\/\/jblanz.de\/WP\/26-september-2021-tal-des-douro\/urlaub2021-1019\/\" class=\"wp-image-11644\" srcset=\"https:\/\/jblanz.de\/WP\/wp-content\/uploads\/2021\/09\/Urlaub2021-1019.jpg 800w, https:\/\/jblanz.de\/WP\/wp-content\/uploads\/2021\/09\/Urlaub2021-1019-300x169.jpg 300w, https:\/\/jblanz.de\/WP\/wp-content\/uploads\/2021\/09\/Urlaub2021-1019-768x432.jpg 768w\" sizes=\"auto, (max-width: 800px) 100vw, 800px\" \/><\/figure><\/li><li class=\"blocks-gallery-item\"><figure><img loading=\"lazy\" decoding=\"async\" width=\"800\" height=\"450\" src=\"https:\/\/jblanz.de\/WP\/wp-content\/uploads\/2021\/09\/Urlaub2021-1020.jpg\" alt=\"\" data-id=\"11645\" data-full-url=\"https:\/\/jblanz.de\/WP\/wp-content\/uploads\/2021\/09\/Urlaub2021-1020.jpg\" data-link=\"https:\/\/jblanz.de\/WP\/26-september-2021-tal-des-douro\/urlaub2021-1020\/\" class=\"wp-image-11645\" srcset=\"https:\/\/jblanz.de\/WP\/wp-content\/uploads\/2021\/09\/Urlaub2021-1020.jpg 800w, https:\/\/jblanz.de\/WP\/wp-content\/uploads\/2021\/09\/Urlaub2021-1020-300x169.jpg 300w, https:\/\/jblanz.de\/WP\/wp-content\/uploads\/2021\/09\/Urlaub2021-1020-768x432.jpg 768w\" sizes=\"auto, (max-width: 800px) 100vw, 800px\" \/><\/figure><\/li><li class=\"blocks-gallery-item\"><figure><img loading=\"lazy\" decoding=\"async\" width=\"800\" height=\"450\" src=\"https:\/\/jblanz.de\/WP\/wp-content\/uploads\/2021\/09\/Urlaub2021-1023.jpg\" alt=\"\" data-id=\"11646\" data-full-url=\"https:\/\/jblanz.de\/WP\/wp-content\/uploads\/2021\/09\/Urlaub2021-1023.jpg\" data-link=\"https:\/\/jblanz.de\/WP\/26-september-2021-tal-des-douro\/urlaub2021-1023\/\" class=\"wp-image-11646\" srcset=\"https:\/\/jblanz.de\/WP\/wp-content\/uploads\/2021\/09\/Urlaub2021-1023.jpg 800w, https:\/\/jblanz.de\/WP\/wp-content\/uploads\/2021\/09\/Urlaub2021-1023-300x169.jpg 300w, https:\/\/jblanz.de\/WP\/wp-content\/uploads\/2021\/09\/Urlaub2021-1023-768x432.jpg 768w\" sizes=\"auto, (max-width: 800px) 100vw, 800px\" \/><\/figure><\/li><\/ul><\/figure>\n\n\n\n<p>Trotzdem bogen wir nach einigen Kilometern rechts ab auf die M512 nach Adorigo. Es ging steil auf die Berge, die sich mehr oder weniger als Weinberge entpuppten. Im Tal m\u00e4andrierte ein Nebenfluss des Douro &#8211; der Rio Tedo. Am Bergkamm im Dorf Tabua\u00e7o angekommen, fuhren wir bergab zur\u00fcck zum Douro. Wieder mu\u00dften wir unser Hill Descent System aktivieren und schlichen langsam bergab. Es ging wieder am Douro entlang bis Pinh\u00e3o und anschliessend auf der N222 nach S\u00e3o Jo\u00e3o da Pesqueira. \u00dcberall gab es phantastische Blick auf die unendlich vielen Weinberge. Es war ja Herbst, die Trauben in den niedrigeren Lagen waren bereits geerntet und die Weinbl\u00e4tter erstrahlten in allen Farbt\u00f6nen zwischen rot und dunkelgr\u00fcn. Immer wieder machten wir Fotostopps, manchmal einfach am Rand der Strasse, da wenig Verkehr war. <ins><br \/><\/ins><\/p>\n\n\n\n<figure class=\"wp-block-gallery columns-2 is-cropped wp-block-gallery-4 is-layout-flex wp-block-gallery-is-layout-flex\"><ul class=\"blocks-gallery-grid\"><li class=\"blocks-gallery-item\"><figure><img loading=\"lazy\" decoding=\"async\" width=\"675\" height=\"450\" src=\"https:\/\/jblanz.de\/WP\/wp-content\/uploads\/2021\/09\/Urlaub2021-1024.jpg\" alt=\"\" data-id=\"11657\" data-full-url=\"https:\/\/jblanz.de\/WP\/wp-content\/uploads\/2021\/09\/Urlaub2021-1024.jpg\" data-link=\"https:\/\/jblanz.de\/WP\/26-september-2021-tal-des-douro\/urlaub2021-1024\/\" class=\"wp-image-11657\" srcset=\"https:\/\/jblanz.de\/WP\/wp-content\/uploads\/2021\/09\/Urlaub2021-1024.jpg 675w, https:\/\/jblanz.de\/WP\/wp-content\/uploads\/2021\/09\/Urlaub2021-1024-300x200.jpg 300w\" sizes=\"auto, (max-width: 675px) 100vw, 675px\" \/><\/figure><\/li><li class=\"blocks-gallery-item\"><figure><img loading=\"lazy\" decoding=\"async\" width=\"800\" height=\"450\" src=\"https:\/\/jblanz.de\/WP\/wp-content\/uploads\/2021\/09\/Urlaub2021-1025.jpg\" alt=\"\" data-id=\"11658\" data-full-url=\"https:\/\/jblanz.de\/WP\/wp-content\/uploads\/2021\/09\/Urlaub2021-1025.jpg\" data-link=\"https:\/\/jblanz.de\/WP\/26-september-2021-tal-des-douro\/urlaub2021-1025\/\" class=\"wp-image-11658\" srcset=\"https:\/\/jblanz.de\/WP\/wp-content\/uploads\/2021\/09\/Urlaub2021-1025.jpg 800w, https:\/\/jblanz.de\/WP\/wp-content\/uploads\/2021\/09\/Urlaub2021-1025-300x169.jpg 300w, https:\/\/jblanz.de\/WP\/wp-content\/uploads\/2021\/09\/Urlaub2021-1025-768x432.jpg 768w\" sizes=\"auto, (max-width: 800px) 100vw, 800px\" \/><\/figure><\/li><li class=\"blocks-gallery-item\"><figure><img loading=\"lazy\" decoding=\"async\" width=\"800\" height=\"450\" src=\"https:\/\/jblanz.de\/WP\/wp-content\/uploads\/2021\/09\/Urlaub2021-1027.jpg\" alt=\"\" data-id=\"11659\" data-full-url=\"https:\/\/jblanz.de\/WP\/wp-content\/uploads\/2021\/09\/Urlaub2021-1027.jpg\" data-link=\"https:\/\/jblanz.de\/WP\/26-september-2021-tal-des-douro\/urlaub2021-1027\/\" class=\"wp-image-11659\" srcset=\"https:\/\/jblanz.de\/WP\/wp-content\/uploads\/2021\/09\/Urlaub2021-1027.jpg 800w, https:\/\/jblanz.de\/WP\/wp-content\/uploads\/2021\/09\/Urlaub2021-1027-300x169.jpg 300w, https:\/\/jblanz.de\/WP\/wp-content\/uploads\/2021\/09\/Urlaub2021-1027-768x432.jpg 768w\" sizes=\"auto, (max-width: 800px) 100vw, 800px\" \/><\/figure><\/li><li class=\"blocks-gallery-item\"><figure><img loading=\"lazy\" decoding=\"async\" width=\"800\" height=\"450\" src=\"https:\/\/jblanz.de\/WP\/wp-content\/uploads\/2021\/09\/Urlaub2021-1029.jpg\" alt=\"\" data-id=\"11660\" data-full-url=\"https:\/\/jblanz.de\/WP\/wp-content\/uploads\/2021\/09\/Urlaub2021-1029.jpg\" data-link=\"https:\/\/jblanz.de\/WP\/26-september-2021-tal-des-douro\/urlaub2021-1029\/\" class=\"wp-image-11660\" srcset=\"https:\/\/jblanz.de\/WP\/wp-content\/uploads\/2021\/09\/Urlaub2021-1029.jpg 800w, https:\/\/jblanz.de\/WP\/wp-content\/uploads\/2021\/09\/Urlaub2021-1029-300x169.jpg 300w, https:\/\/jblanz.de\/WP\/wp-content\/uploads\/2021\/09\/Urlaub2021-1029-768x432.jpg 768w\" sizes=\"auto, (max-width: 800px) 100vw, 800px\" \/><\/figure><\/li><li class=\"blocks-gallery-item\"><figure><img loading=\"lazy\" decoding=\"async\" width=\"800\" height=\"450\" src=\"https:\/\/jblanz.de\/WP\/wp-content\/uploads\/2021\/09\/Urlaub2021-1035.jpg\" alt=\"\" data-id=\"11661\" data-full-url=\"https:\/\/jblanz.de\/WP\/wp-content\/uploads\/2021\/09\/Urlaub2021-1035.jpg\" data-link=\"https:\/\/jblanz.de\/WP\/26-september-2021-tal-des-douro\/urlaub2021-1035\/\" class=\"wp-image-11661\" srcset=\"https:\/\/jblanz.de\/WP\/wp-content\/uploads\/2021\/09\/Urlaub2021-1035.jpg 800w, https:\/\/jblanz.de\/WP\/wp-content\/uploads\/2021\/09\/Urlaub2021-1035-300x169.jpg 300w, https:\/\/jblanz.de\/WP\/wp-content\/uploads\/2021\/09\/Urlaub2021-1035-768x432.jpg 768w\" sizes=\"auto, (max-width: 800px) 100vw, 800px\" \/><\/figure><\/li><\/ul><\/figure>\n\n\n\n<p>Zwischen den Weinbergen wuchsen \u00fcberall Olivenb\u00e4ume, die auch schon Fr\u00fcchte trugen, Zypressenalleen erinnerten an die Toskana. Die Terrassen, auf denen der Wein gepflanzt war,waren meistens mit Mauern befestigt, deren Bau wohl eine jahrhunderte lange Arbeit war.<\/p>\n\n\n\n<figure class=\"wp-block-image size-full\"><img loading=\"lazy\" decoding=\"async\" width=\"2560\" height=\"871\" src=\"https:\/\/jblanz.de\/WP\/wp-content\/uploads\/2021\/09\/Urlaub2021-1038-Pano-scaled.jpg\" alt=\"\" class=\"wp-image-11664\" srcset=\"https:\/\/jblanz.de\/WP\/wp-content\/uploads\/2021\/09\/Urlaub2021-1038-Pano-scaled.jpg 2560w, https:\/\/jblanz.de\/WP\/wp-content\/uploads\/2021\/09\/Urlaub2021-1038-Pano-300x102.jpg 300w, https:\/\/jblanz.de\/WP\/wp-content\/uploads\/2021\/09\/Urlaub2021-1038-Pano-1024x348.jpg 1024w, https:\/\/jblanz.de\/WP\/wp-content\/uploads\/2021\/09\/Urlaub2021-1038-Pano-768x261.jpg 768w, https:\/\/jblanz.de\/WP\/wp-content\/uploads\/2021\/09\/Urlaub2021-1038-Pano-1536x523.jpg 1536w, https:\/\/jblanz.de\/WP\/wp-content\/uploads\/2021\/09\/Urlaub2021-1038-Pano-2048x697.jpg 2048w\" sizes=\"auto, (max-width: 2560px) 100vw, 2560px\" \/><\/figure>\n\n\n\n<p>In <span class=\"TkWrSb-mXWxJe-ij8cu-text\">S\u00e3o Jo\u00e3o da Pesqueira trafen wir Micha wieder und fuhren zusammen zum nahe gelegenen <\/span>Miradouro de S\u00e3o Salvador do Mundo. Wir trauten uns nicht mit unserem Bus die enge Strasse hochzufahren, da wir ja nicht wu\u00dften, ob man dort oben umdrehen konnte. Au\u00dfer einem tollen Rundumblick bot sich uns noch ein besonderes Spektakel. Eine junge Frau kletterte in Flipflops \u00fcber die Absperrmauer und tanzte auf einem Felsen 300 &#8211; 400 m \u00fcber dem Douro. Das mu\u00dften wir nat\u00fcrlich fotografieren. Eine junge Portugisin, die auf der Mauer den Ausblick genoss, sch\u00fcttelte nur ungl\u00e4ubig den Kopf.<\/p>\n\n\n\n<figure class=\"wp-block-gallery columns-2 is-cropped wp-block-gallery-5 is-layout-flex wp-block-gallery-is-layout-flex\"><ul class=\"blocks-gallery-grid\"><li class=\"blocks-gallery-item\"><figure><img loading=\"lazy\" decoding=\"async\" width=\"800\" height=\"450\" src=\"https:\/\/jblanz.de\/WP\/wp-content\/uploads\/2021\/09\/Urlaub2021-1096.jpg\" alt=\"\" data-id=\"11668\" data-full-url=\"https:\/\/jblanz.de\/WP\/wp-content\/uploads\/2021\/09\/Urlaub2021-1096.jpg\" data-link=\"https:\/\/jblanz.de\/WP\/26-september-2021-tal-des-douro\/urlaub2021-1096\/\" class=\"wp-image-11668\" srcset=\"https:\/\/jblanz.de\/WP\/wp-content\/uploads\/2021\/09\/Urlaub2021-1096.jpg 800w, https:\/\/jblanz.de\/WP\/wp-content\/uploads\/2021\/09\/Urlaub2021-1096-300x169.jpg 300w, https:\/\/jblanz.de\/WP\/wp-content\/uploads\/2021\/09\/Urlaub2021-1096-768x432.jpg 768w\" sizes=\"auto, (max-width: 800px) 100vw, 800px\" \/><\/figure><\/li><li class=\"blocks-gallery-item\"><figure><img loading=\"lazy\" decoding=\"async\" width=\"800\" height=\"450\" src=\"https:\/\/jblanz.de\/WP\/wp-content\/uploads\/2021\/09\/Urlaub2021-1093.jpg\" alt=\"\" data-id=\"11669\" data-full-url=\"https:\/\/jblanz.de\/WP\/wp-content\/uploads\/2021\/09\/Urlaub2021-1093.jpg\" data-link=\"https:\/\/jblanz.de\/WP\/26-september-2021-tal-des-douro\/urlaub2021-1093\/\" class=\"wp-image-11669\" srcset=\"https:\/\/jblanz.de\/WP\/wp-content\/uploads\/2021\/09\/Urlaub2021-1093.jpg 800w, https:\/\/jblanz.de\/WP\/wp-content\/uploads\/2021\/09\/Urlaub2021-1093-300x169.jpg 300w, https:\/\/jblanz.de\/WP\/wp-content\/uploads\/2021\/09\/Urlaub2021-1093-768x432.jpg 768w\" sizes=\"auto, (max-width: 800px) 100vw, 800px\" \/><\/figure><\/li><li class=\"blocks-gallery-item\"><figure><img loading=\"lazy\" decoding=\"async\" width=\"800\" height=\"450\" src=\"https:\/\/jblanz.de\/WP\/wp-content\/uploads\/2021\/09\/Urlaub2021-1092.jpg\" alt=\"\" data-id=\"11670\" data-full-url=\"https:\/\/jblanz.de\/WP\/wp-content\/uploads\/2021\/09\/Urlaub2021-1092.jpg\" data-link=\"https:\/\/jblanz.de\/WP\/26-september-2021-tal-des-douro\/urlaub2021-1092\/\" class=\"wp-image-11670\" srcset=\"https:\/\/jblanz.de\/WP\/wp-content\/uploads\/2021\/09\/Urlaub2021-1092.jpg 800w, https:\/\/jblanz.de\/WP\/wp-content\/uploads\/2021\/09\/Urlaub2021-1092-300x169.jpg 300w, https:\/\/jblanz.de\/WP\/wp-content\/uploads\/2021\/09\/Urlaub2021-1092-768x432.jpg 768w\" sizes=\"auto, (max-width: 800px) 100vw, 800px\" \/><\/figure><\/li><li class=\"blocks-gallery-item\"><figure><img loading=\"lazy\" decoding=\"async\" width=\"800\" height=\"450\" src=\"https:\/\/jblanz.de\/WP\/wp-content\/uploads\/2021\/09\/Urlaub2021-1070.jpg\" alt=\"\" data-id=\"11671\" data-full-url=\"https:\/\/jblanz.de\/WP\/wp-content\/uploads\/2021\/09\/Urlaub2021-1070.jpg\" data-link=\"https:\/\/jblanz.de\/WP\/26-september-2021-tal-des-douro\/urlaub2021-1070\/\" class=\"wp-image-11671\" srcset=\"https:\/\/jblanz.de\/WP\/wp-content\/uploads\/2021\/09\/Urlaub2021-1070.jpg 800w, https:\/\/jblanz.de\/WP\/wp-content\/uploads\/2021\/09\/Urlaub2021-1070-300x169.jpg 300w, https:\/\/jblanz.de\/WP\/wp-content\/uploads\/2021\/09\/Urlaub2021-1070-768x432.jpg 768w\" sizes=\"auto, (max-width: 800px) 100vw, 800px\" \/><\/figure><\/li><\/ul><\/figure>\n\n\n\n<figure class=\"wp-block-image size-full\"><img loading=\"lazy\" decoding=\"async\" width=\"2560\" height=\"802\" src=\"https:\/\/jblanz.de\/WP\/wp-content\/uploads\/2021\/09\/Urlaub2021-1084-Pano-scaled.jpg\" alt=\"\" class=\"wp-image-11678\" srcset=\"https:\/\/jblanz.de\/WP\/wp-content\/uploads\/2021\/09\/Urlaub2021-1084-Pano-scaled.jpg 2560w, https:\/\/jblanz.de\/WP\/wp-content\/uploads\/2021\/09\/Urlaub2021-1084-Pano-300x94.jpg 300w, https:\/\/jblanz.de\/WP\/wp-content\/uploads\/2021\/09\/Urlaub2021-1084-Pano-1024x321.jpg 1024w, https:\/\/jblanz.de\/WP\/wp-content\/uploads\/2021\/09\/Urlaub2021-1084-Pano-768x241.jpg 768w, https:\/\/jblanz.de\/WP\/wp-content\/uploads\/2021\/09\/Urlaub2021-1084-Pano-1536x481.jpg 1536w, https:\/\/jblanz.de\/WP\/wp-content\/uploads\/2021\/09\/Urlaub2021-1084-Pano-2048x641.jpg 2048w\" sizes=\"auto, (max-width: 2560px) 100vw, 2560px\" \/><\/figure>\n\n\n\n<figure class=\"wp-block-gallery columns-2 is-cropped wp-block-gallery-6 is-layout-flex wp-block-gallery-is-layout-flex\"><ul class=\"blocks-gallery-grid\"><li class=\"blocks-gallery-item\"><figure><img loading=\"lazy\" decoding=\"async\" width=\"800\" height=\"450\" src=\"https:\/\/jblanz.de\/WP\/wp-content\/uploads\/2021\/09\/Urlaub2021-1044.jpg\" alt=\"\" data-id=\"11681\" data-full-url=\"https:\/\/jblanz.de\/WP\/wp-content\/uploads\/2021\/09\/Urlaub2021-1044.jpg\" data-link=\"https:\/\/jblanz.de\/WP\/26-september-2021-tal-des-douro\/urlaub2021-1044\/\" class=\"wp-image-11681\" srcset=\"https:\/\/jblanz.de\/WP\/wp-content\/uploads\/2021\/09\/Urlaub2021-1044.jpg 800w, https:\/\/jblanz.de\/WP\/wp-content\/uploads\/2021\/09\/Urlaub2021-1044-300x169.jpg 300w, https:\/\/jblanz.de\/WP\/wp-content\/uploads\/2021\/09\/Urlaub2021-1044-768x432.jpg 768w\" sizes=\"auto, (max-width: 800px) 100vw, 800px\" \/><\/figure><\/li><li class=\"blocks-gallery-item\"><figure><img loading=\"lazy\" decoding=\"async\" width=\"800\" height=\"450\" src=\"https:\/\/jblanz.de\/WP\/wp-content\/uploads\/2021\/09\/Urlaub2021-1047.jpg\" alt=\"\" data-id=\"11683\" data-full-url=\"https:\/\/jblanz.de\/WP\/wp-content\/uploads\/2021\/09\/Urlaub2021-1047.jpg\" data-link=\"https:\/\/jblanz.de\/WP\/26-september-2021-tal-des-douro\/urlaub2021-1047\/\" class=\"wp-image-11683\" srcset=\"https:\/\/jblanz.de\/WP\/wp-content\/uploads\/2021\/09\/Urlaub2021-1047.jpg 800w, https:\/\/jblanz.de\/WP\/wp-content\/uploads\/2021\/09\/Urlaub2021-1047-300x169.jpg 300w, https:\/\/jblanz.de\/WP\/wp-content\/uploads\/2021\/09\/Urlaub2021-1047-768x432.jpg 768w\" sizes=\"auto, (max-width: 800px) 100vw, 800px\" \/><\/figure><\/li><li class=\"blocks-gallery-item\"><figure><img loading=\"lazy\" decoding=\"async\" width=\"800\" height=\"450\" src=\"https:\/\/jblanz.de\/WP\/wp-content\/uploads\/2021\/09\/Urlaub2021-1050.jpg\" alt=\"\" data-id=\"11684\" data-full-url=\"https:\/\/jblanz.de\/WP\/wp-content\/uploads\/2021\/09\/Urlaub2021-1050.jpg\" data-link=\"https:\/\/jblanz.de\/WP\/26-september-2021-tal-des-douro\/urlaub2021-1050\/\" class=\"wp-image-11684\" srcset=\"https:\/\/jblanz.de\/WP\/wp-content\/uploads\/2021\/09\/Urlaub2021-1050.jpg 800w, https:\/\/jblanz.de\/WP\/wp-content\/uploads\/2021\/09\/Urlaub2021-1050-300x169.jpg 300w, https:\/\/jblanz.de\/WP\/wp-content\/uploads\/2021\/09\/Urlaub2021-1050-768x432.jpg 768w\" sizes=\"auto, (max-width: 800px) 100vw, 800px\" \/><\/figure><\/li><li class=\"blocks-gallery-item\"><figure><img loading=\"lazy\" decoding=\"async\" width=\"800\" height=\"450\" src=\"https:\/\/jblanz.de\/WP\/wp-content\/uploads\/2021\/09\/Urlaub2021-1051.jpg\" alt=\"\" data-id=\"11685\" data-full-url=\"https:\/\/jblanz.de\/WP\/wp-content\/uploads\/2021\/09\/Urlaub2021-1051.jpg\" data-link=\"https:\/\/jblanz.de\/WP\/26-september-2021-tal-des-douro\/urlaub2021-1051\/\" class=\"wp-image-11685\" srcset=\"https:\/\/jblanz.de\/WP\/wp-content\/uploads\/2021\/09\/Urlaub2021-1051.jpg 800w, https:\/\/jblanz.de\/WP\/wp-content\/uploads\/2021\/09\/Urlaub2021-1051-300x169.jpg 300w, https:\/\/jblanz.de\/WP\/wp-content\/uploads\/2021\/09\/Urlaub2021-1051-768x432.jpg 768w\" sizes=\"auto, (max-width: 800px) 100vw, 800px\" \/><\/figure><\/li><li class=\"blocks-gallery-item\"><figure><img loading=\"lazy\" decoding=\"async\" width=\"800\" height=\"450\" src=\"https:\/\/jblanz.de\/WP\/wp-content\/uploads\/2021\/09\/Urlaub2021-1052.jpg\" alt=\"\" data-id=\"11686\" data-full-url=\"https:\/\/jblanz.de\/WP\/wp-content\/uploads\/2021\/09\/Urlaub2021-1052.jpg\" data-link=\"https:\/\/jblanz.de\/WP\/26-september-2021-tal-des-douro\/urlaub2021-1052\/\" class=\"wp-image-11686\" srcset=\"https:\/\/jblanz.de\/WP\/wp-content\/uploads\/2021\/09\/Urlaub2021-1052.jpg 800w, https:\/\/jblanz.de\/WP\/wp-content\/uploads\/2021\/09\/Urlaub2021-1052-300x169.jpg 300w, https:\/\/jblanz.de\/WP\/wp-content\/uploads\/2021\/09\/Urlaub2021-1052-768x432.jpg 768w\" sizes=\"auto, (max-width: 800px) 100vw, 800px\" \/><\/figure><\/li><li class=\"blocks-gallery-item\"><figure><img loading=\"lazy\" decoding=\"async\" width=\"800\" height=\"450\" src=\"https:\/\/jblanz.de\/WP\/wp-content\/uploads\/2021\/09\/Urlaub2021-1054.jpg\" alt=\"\" data-id=\"11687\" data-full-url=\"https:\/\/jblanz.de\/WP\/wp-content\/uploads\/2021\/09\/Urlaub2021-1054.jpg\" data-link=\"https:\/\/jblanz.de\/WP\/26-september-2021-tal-des-douro\/urlaub2021-1054\/\" class=\"wp-image-11687\" srcset=\"https:\/\/jblanz.de\/WP\/wp-content\/uploads\/2021\/09\/Urlaub2021-1054.jpg 800w, https:\/\/jblanz.de\/WP\/wp-content\/uploads\/2021\/09\/Urlaub2021-1054-300x169.jpg 300w, https:\/\/jblanz.de\/WP\/wp-content\/uploads\/2021\/09\/Urlaub2021-1054-768x432.jpg 768w\" sizes=\"auto, (max-width: 800px) 100vw, 800px\" \/><\/figure><\/li><li class=\"blocks-gallery-item\"><figure><img loading=\"lazy\" decoding=\"async\" width=\"800\" height=\"450\" src=\"https:\/\/jblanz.de\/WP\/wp-content\/uploads\/2021\/09\/Urlaub2021-1072.jpg\" alt=\"\" data-id=\"11689\" data-full-url=\"https:\/\/jblanz.de\/WP\/wp-content\/uploads\/2021\/09\/Urlaub2021-1072.jpg\" data-link=\"https:\/\/jblanz.de\/WP\/26-september-2021-tal-des-douro\/urlaub2021-1072\/\" class=\"wp-image-11689\" srcset=\"https:\/\/jblanz.de\/WP\/wp-content\/uploads\/2021\/09\/Urlaub2021-1072.jpg 800w, https:\/\/jblanz.de\/WP\/wp-content\/uploads\/2021\/09\/Urlaub2021-1072-300x169.jpg 300w, https:\/\/jblanz.de\/WP\/wp-content\/uploads\/2021\/09\/Urlaub2021-1072-768x432.jpg 768w\" sizes=\"auto, (max-width: 800px) 100vw, 800px\" \/><\/figure><\/li><li class=\"blocks-gallery-item\"><figure><img loading=\"lazy\" decoding=\"async\" width=\"800\" height=\"450\" src=\"https:\/\/jblanz.de\/WP\/wp-content\/uploads\/2021\/09\/Urlaub2021-1074.jpg\" alt=\"\" data-id=\"11690\" data-full-url=\"https:\/\/jblanz.de\/WP\/wp-content\/uploads\/2021\/09\/Urlaub2021-1074.jpg\" data-link=\"https:\/\/jblanz.de\/WP\/26-september-2021-tal-des-douro\/urlaub2021-1074\/\" class=\"wp-image-11690\" srcset=\"https:\/\/jblanz.de\/WP\/wp-content\/uploads\/2021\/09\/Urlaub2021-1074.jpg 800w, https:\/\/jblanz.de\/WP\/wp-content\/uploads\/2021\/09\/Urlaub2021-1074-300x169.jpg 300w, https:\/\/jblanz.de\/WP\/wp-content\/uploads\/2021\/09\/Urlaub2021-1074-768x432.jpg 768w\" sizes=\"auto, (max-width: 800px) 100vw, 800px\" \/><\/figure><\/li><li class=\"blocks-gallery-item\"><figure><img loading=\"lazy\" decoding=\"async\" width=\"800\" height=\"450\" src=\"https:\/\/jblanz.de\/WP\/wp-content\/uploads\/2021\/09\/Urlaub2021-1076-1.jpg\" alt=\"\" data-id=\"11691\" data-full-url=\"https:\/\/jblanz.de\/WP\/wp-content\/uploads\/2021\/09\/Urlaub2021-1076-1.jpg\" data-link=\"https:\/\/jblanz.de\/WP\/26-september-2021-tal-des-douro\/urlaub2021-1076-1\/\" class=\"wp-image-11691\" srcset=\"https:\/\/jblanz.de\/WP\/wp-content\/uploads\/2021\/09\/Urlaub2021-1076-1.jpg 800w, https:\/\/jblanz.de\/WP\/wp-content\/uploads\/2021\/09\/Urlaub2021-1076-1-300x169.jpg 300w, https:\/\/jblanz.de\/WP\/wp-content\/uploads\/2021\/09\/Urlaub2021-1076-1-768x432.jpg 768w\" sizes=\"auto, (max-width: 800px) 100vw, 800px\" \/><\/figure><\/li><li class=\"blocks-gallery-item\"><figure><img loading=\"lazy\" decoding=\"async\" width=\"800\" height=\"450\" src=\"https:\/\/jblanz.de\/WP\/wp-content\/uploads\/2021\/09\/Urlaub2021-1077.jpg\" alt=\"\" data-id=\"11692\" data-full-url=\"https:\/\/jblanz.de\/WP\/wp-content\/uploads\/2021\/09\/Urlaub2021-1077.jpg\" data-link=\"https:\/\/jblanz.de\/WP\/26-september-2021-tal-des-douro\/urlaub2021-1077\/\" class=\"wp-image-11692\" srcset=\"https:\/\/jblanz.de\/WP\/wp-content\/uploads\/2021\/09\/Urlaub2021-1077.jpg 800w, https:\/\/jblanz.de\/WP\/wp-content\/uploads\/2021\/09\/Urlaub2021-1077-300x169.jpg 300w, https:\/\/jblanz.de\/WP\/wp-content\/uploads\/2021\/09\/Urlaub2021-1077-768x432.jpg 768w\" sizes=\"auto, (max-width: 800px) 100vw, 800px\" \/><\/figure><\/li><\/ul><\/figure>\n\n\n\n<figure class=\"wp-block-gallery columns-2 is-cropped wp-block-gallery-7 is-layout-flex wp-block-gallery-is-layout-flex\"><ul class=\"blocks-gallery-grid\"><li class=\"blocks-gallery-item\"><figure><img loading=\"lazy\" decoding=\"async\" width=\"800\" height=\"450\" src=\"https:\/\/jblanz.de\/WP\/wp-content\/uploads\/2021\/09\/Urlaub2021-1098.jpg\" alt=\"\" data-id=\"11694\" data-full-url=\"https:\/\/jblanz.de\/WP\/wp-content\/uploads\/2021\/09\/Urlaub2021-1098.jpg\" data-link=\"https:\/\/jblanz.de\/WP\/26-september-2021-tal-des-douro\/urlaub2021-1098\/\" class=\"wp-image-11694\" srcset=\"https:\/\/jblanz.de\/WP\/wp-content\/uploads\/2021\/09\/Urlaub2021-1098.jpg 800w, https:\/\/jblanz.de\/WP\/wp-content\/uploads\/2021\/09\/Urlaub2021-1098-300x169.jpg 300w, https:\/\/jblanz.de\/WP\/wp-content\/uploads\/2021\/09\/Urlaub2021-1098-768x432.jpg 768w\" sizes=\"auto, (max-width: 800px) 100vw, 800px\" \/><\/figure><\/li><li class=\"blocks-gallery-item\"><figure><img loading=\"lazy\" decoding=\"async\" width=\"800\" height=\"450\" src=\"https:\/\/jblanz.de\/WP\/wp-content\/uploads\/2021\/09\/Urlaub2021-1109.jpg\" alt=\"\" data-id=\"11695\" data-full-url=\"https:\/\/jblanz.de\/WP\/wp-content\/uploads\/2021\/09\/Urlaub2021-1109.jpg\" data-link=\"https:\/\/jblanz.de\/WP\/26-september-2021-tal-des-douro\/urlaub2021-1109\/\" class=\"wp-image-11695\" srcset=\"https:\/\/jblanz.de\/WP\/wp-content\/uploads\/2021\/09\/Urlaub2021-1109.jpg 800w, https:\/\/jblanz.de\/WP\/wp-content\/uploads\/2021\/09\/Urlaub2021-1109-300x169.jpg 300w, https:\/\/jblanz.de\/WP\/wp-content\/uploads\/2021\/09\/Urlaub2021-1109-768x432.jpg 768w\" sizes=\"auto, (max-width: 800px) 100vw, 800px\" \/><\/figure><\/li><li class=\"blocks-gallery-item\"><figure><img loading=\"lazy\" decoding=\"async\" width=\"800\" height=\"450\" src=\"https:\/\/jblanz.de\/WP\/wp-content\/uploads\/2021\/09\/Urlaub2021-1113.jpg\" alt=\"\" data-id=\"11698\" data-full-url=\"https:\/\/jblanz.de\/WP\/wp-content\/uploads\/2021\/09\/Urlaub2021-1113.jpg\" data-link=\"https:\/\/jblanz.de\/WP\/26-september-2021-tal-des-douro\/urlaub2021-1113\/\" class=\"wp-image-11698\" srcset=\"https:\/\/jblanz.de\/WP\/wp-content\/uploads\/2021\/09\/Urlaub2021-1113.jpg 800w, https:\/\/jblanz.de\/WP\/wp-content\/uploads\/2021\/09\/Urlaub2021-1113-300x169.jpg 300w, https:\/\/jblanz.de\/WP\/wp-content\/uploads\/2021\/09\/Urlaub2021-1113-768x432.jpg 768w\" sizes=\"auto, (max-width: 800px) 100vw, 800px\" \/><\/figure><\/li><li class=\"blocks-gallery-item\"><figure><img loading=\"lazy\" decoding=\"async\" width=\"800\" height=\"450\" src=\"https:\/\/jblanz.de\/WP\/wp-content\/uploads\/2021\/09\/Urlaub2021-1114.jpg\" alt=\"\" data-id=\"11699\" data-full-url=\"https:\/\/jblanz.de\/WP\/wp-content\/uploads\/2021\/09\/Urlaub2021-1114.jpg\" data-link=\"https:\/\/jblanz.de\/WP\/26-september-2021-tal-des-douro\/urlaub2021-1114\/\" class=\"wp-image-11699\" srcset=\"https:\/\/jblanz.de\/WP\/wp-content\/uploads\/2021\/09\/Urlaub2021-1114.jpg 800w, https:\/\/jblanz.de\/WP\/wp-content\/uploads\/2021\/09\/Urlaub2021-1114-300x169.jpg 300w, https:\/\/jblanz.de\/WP\/wp-content\/uploads\/2021\/09\/Urlaub2021-1114-768x432.jpg 768w\" sizes=\"auto, (max-width: 800px) 100vw, 800px\" \/><\/figure><\/li><li class=\"blocks-gallery-item\"><figure><img loading=\"lazy\" decoding=\"async\" width=\"800\" height=\"450\" src=\"https:\/\/jblanz.de\/WP\/wp-content\/uploads\/2021\/09\/Urlaub2021-1111.jpg\" alt=\"\" data-id=\"11697\" data-full-url=\"https:\/\/jblanz.de\/WP\/wp-content\/uploads\/2021\/09\/Urlaub2021-1111.jpg\" data-link=\"https:\/\/jblanz.de\/WP\/26-september-2021-tal-des-douro\/urlaub2021-1111\/\" class=\"wp-image-11697\" srcset=\"https:\/\/jblanz.de\/WP\/wp-content\/uploads\/2021\/09\/Urlaub2021-1111.jpg 800w, https:\/\/jblanz.de\/WP\/wp-content\/uploads\/2021\/09\/Urlaub2021-1111-300x169.jpg 300w, https:\/\/jblanz.de\/WP\/wp-content\/uploads\/2021\/09\/Urlaub2021-1111-768x432.jpg 768w\" sizes=\"auto, (max-width: 800px) 100vw, 800px\" \/><\/figure><\/li><\/ul><\/figure>\n","protected":false},"excerpt":{"rendered":"<p>Bevor wir weiterreisten, besichtigten wir noch kurz Peso da R\u00e9gua. Au\u00dfer einer Fussg\u00e4ngerbr\u00fccke \u00fcber den Douro und einem \u00e4lteren Bahnhof&nbsp;<\/p>\n","protected":false},"author":1,"featured_media":11629,"comment_status":"open","ping_status":"open","sticky":false,"template":"","format":"standard","meta":{"colormag_page_container_layout":"default_layout","colormag_page_sidebar_layout":"default_layout","_monsterinsights_skip_tracking":false,"_monsterinsights_sitenote_active":false,"_monsterinsights_sitenote_note":"","_monsterinsights_sitenote_category":0,"footnotes":""},"categories":[237,159,242],"tags":[],"class_list":["post-11627","post","type-post","status-publish","format-standard","has-post-thumbnail","hentry","category-237","category-europa","category-portugal"],"yoast_head":"<!-- This site is optimized with the Yoast SEO plugin v27.4 - https:\/\/yoast.com\/product\/yoast-seo-wordpress\/ -->\n<title>26. September 2021 - Tal des Douro - Reiseblog von Karin &amp; Joachim<\/title>\n<meta name=\"robots\" content=\"index, follow, max-snippet:-1, max-image-preview:large, max-video-preview:-1\" \/>\n<link rel=\"canonical\" href=\"https:\/\/jblanz.de\/WP\/26-september-2021-tal-des-douro\/\" \/>\n<meta property=\"og:locale\" content=\"de_DE\" \/>\n<meta property=\"og:type\" content=\"article\" \/>\n<meta property=\"og:title\" content=\"26. September 2021 - Tal des Douro - Reiseblog von Karin &amp; Joachim\" \/>\n<meta property=\"og:description\" content=\"Bevor wir weiterreisten, besichtigten wir noch kurz Peso da R\u00e9gua. Au\u00dfer einer Fussg\u00e4ngerbr\u00fccke \u00fcber den Douro und einem \u00e4lteren Bahnhof&nbsp;\" \/>\n<meta property=\"og:url\" content=\"https:\/\/jblanz.de\/WP\/26-september-2021-tal-des-douro\/\" \/>\n<meta property=\"og:site_name\" content=\"Reiseblog von Karin &amp; Joachim\" \/>\n<meta property=\"article:published_time\" content=\"2021-09-26T18:56:09+00:00\" \/>\n<meta property=\"article:modified_time\" content=\"2021-10-01T08:35:54+00:00\" \/>\n<meta property=\"og:image\" content=\"https:\/\/jblanz.de\/WP\/wp-content\/uploads\/2021\/09\/Urlaub2021-1076.jpg\" \/>\n\t<meta property=\"og:image:width\" content=\"800\" \/>\n\t<meta property=\"og:image:height\" content=\"450\" \/>\n\t<meta property=\"og:image:type\" content=\"image\/jpeg\" \/>\n<meta name=\"author\" content=\"Achim\" \/>\n<meta name=\"twitter:card\" content=\"summary_large_image\" \/>\n<meta name=\"twitter:label1\" content=\"Verfasst von\" \/>\n\t<meta name=\"twitter:data1\" content=\"Achim\" \/>\n\t<meta name=\"twitter:label2\" content=\"Gesch\u00e4tzte Lesezeit\" \/>\n\t<meta name=\"twitter:data2\" content=\"10\u00a0Minuten\" \/>\n<script type=\"application\/ld+json\" class=\"yoast-schema-graph\">{\"@context\":\"https:\\\/\\\/schema.org\",\"@graph\":[{\"@type\":\"Article\",\"@id\":\"https:\\\/\\\/jblanz.de\\\/WP\\\/26-september-2021-tal-des-douro\\\/#article\",\"isPartOf\":{\"@id\":\"https:\\\/\\\/jblanz.de\\\/WP\\\/26-september-2021-tal-des-douro\\\/\"},\"author\":{\"name\":\"Achim\",\"@id\":\"https:\\\/\\\/jblanz.de\\\/WP\\\/#\\\/schema\\\/person\\\/17a70f07162e42bc0b181c22397286e0\"},\"headline\":\"26. September 2021 &#8211; Tal des Douro\",\"datePublished\":\"2021-09-26T18:56:09+00:00\",\"dateModified\":\"2021-10-01T08:35:54+00:00\",\"mainEntityOfPage\":{\"@id\":\"https:\\\/\\\/jblanz.de\\\/WP\\\/26-september-2021-tal-des-douro\\\/\"},\"wordCount\":581,\"commentCount\":0,\"publisher\":{\"@id\":\"https:\\\/\\\/jblanz.de\\\/WP\\\/#\\\/schema\\\/person\\\/17a70f07162e42bc0b181c22397286e0\"},\"image\":{\"@id\":\"https:\\\/\\\/jblanz.de\\\/WP\\\/26-september-2021-tal-des-douro\\\/#primaryimage\"},\"thumbnailUrl\":\"https:\\\/\\\/jblanz.de\\\/WP\\\/wp-content\\\/uploads\\\/2021\\\/09\\\/Urlaub2021-1076.jpg\",\"articleSection\":[\"2021\",\"Europa\",\"Portugal\"],\"inLanguage\":\"de\",\"potentialAction\":[{\"@type\":\"CommentAction\",\"name\":\"Comment\",\"target\":[\"https:\\\/\\\/jblanz.de\\\/WP\\\/26-september-2021-tal-des-douro\\\/#respond\"]}]},{\"@type\":\"WebPage\",\"@id\":\"https:\\\/\\\/jblanz.de\\\/WP\\\/26-september-2021-tal-des-douro\\\/\",\"url\":\"https:\\\/\\\/jblanz.de\\\/WP\\\/26-september-2021-tal-des-douro\\\/\",\"name\":\"26. September 2021 - Tal des Douro - Reiseblog von Karin &amp; Joachim\",\"isPartOf\":{\"@id\":\"https:\\\/\\\/jblanz.de\\\/WP\\\/#website\"},\"primaryImageOfPage\":{\"@id\":\"https:\\\/\\\/jblanz.de\\\/WP\\\/26-september-2021-tal-des-douro\\\/#primaryimage\"},\"image\":{\"@id\":\"https:\\\/\\\/jblanz.de\\\/WP\\\/26-september-2021-tal-des-douro\\\/#primaryimage\"},\"thumbnailUrl\":\"https:\\\/\\\/jblanz.de\\\/WP\\\/wp-content\\\/uploads\\\/2021\\\/09\\\/Urlaub2021-1076.jpg\",\"datePublished\":\"2021-09-26T18:56:09+00:00\",\"dateModified\":\"2021-10-01T08:35:54+00:00\",\"breadcrumb\":{\"@id\":\"https:\\\/\\\/jblanz.de\\\/WP\\\/26-september-2021-tal-des-douro\\\/#breadcrumb\"},\"inLanguage\":\"de\",\"potentialAction\":[{\"@type\":\"ReadAction\",\"target\":[\"https:\\\/\\\/jblanz.de\\\/WP\\\/26-september-2021-tal-des-douro\\\/\"]}]},{\"@type\":\"ImageObject\",\"inLanguage\":\"de\",\"@id\":\"https:\\\/\\\/jblanz.de\\\/WP\\\/26-september-2021-tal-des-douro\\\/#primaryimage\",\"url\":\"https:\\\/\\\/jblanz.de\\\/WP\\\/wp-content\\\/uploads\\\/2021\\\/09\\\/Urlaub2021-1076.jpg\",\"contentUrl\":\"https:\\\/\\\/jblanz.de\\\/WP\\\/wp-content\\\/uploads\\\/2021\\\/09\\\/Urlaub2021-1076.jpg\",\"width\":800,\"height\":450},{\"@type\":\"BreadcrumbList\",\"@id\":\"https:\\\/\\\/jblanz.de\\\/WP\\\/26-september-2021-tal-des-douro\\\/#breadcrumb\",\"itemListElement\":[{\"@type\":\"ListItem\",\"position\":1,\"name\":\"Startseite\",\"item\":\"https:\\\/\\\/jblanz.de\\\/WP\\\/\"},{\"@type\":\"ListItem\",\"position\":2,\"name\":\"26. September 2021 &#8211; Tal des Douro\"}]},{\"@type\":\"WebSite\",\"@id\":\"https:\\\/\\\/jblanz.de\\\/WP\\\/#website\",\"url\":\"https:\\\/\\\/jblanz.de\\\/WP\\\/\",\"name\":\"Reiseblog von Karin & Joachim\",\"description\":\"Wir schreiben den Blog f\u00fcr uns als Erinnerung - f\u00fcr euch als Inspiration\",\"publisher\":{\"@id\":\"https:\\\/\\\/jblanz.de\\\/WP\\\/#\\\/schema\\\/person\\\/17a70f07162e42bc0b181c22397286e0\"},\"potentialAction\":[{\"@type\":\"SearchAction\",\"target\":{\"@type\":\"EntryPoint\",\"urlTemplate\":\"https:\\\/\\\/jblanz.de\\\/WP\\\/?s={search_term_string}\"},\"query-input\":{\"@type\":\"PropertyValueSpecification\",\"valueRequired\":true,\"valueName\":\"search_term_string\"}}],\"inLanguage\":\"de\"},{\"@type\":[\"Person\",\"Organization\"],\"@id\":\"https:\\\/\\\/jblanz.de\\\/WP\\\/#\\\/schema\\\/person\\\/17a70f07162e42bc0b181c22397286e0\",\"name\":\"Achim\",\"image\":{\"@type\":\"ImageObject\",\"inLanguage\":\"de\",\"@id\":\"https:\\\/\\\/secure.gravatar.com\\\/avatar\\\/b7ab31bc55956af4a9bebf7fd034761212b11b803b7e39464914d6abeefb12f3?s=96&d=mm&r=g\",\"url\":\"https:\\\/\\\/secure.gravatar.com\\\/avatar\\\/b7ab31bc55956af4a9bebf7fd034761212b11b803b7e39464914d6abeefb12f3?s=96&d=mm&r=g\",\"contentUrl\":\"https:\\\/\\\/secure.gravatar.com\\\/avatar\\\/b7ab31bc55956af4a9bebf7fd034761212b11b803b7e39464914d6abeefb12f3?s=96&d=mm&r=g\",\"caption\":\"Achim\"},\"logo\":{\"@id\":\"https:\\\/\\\/secure.gravatar.com\\\/avatar\\\/b7ab31bc55956af4a9bebf7fd034761212b11b803b7e39464914d6abeefb12f3?s=96&d=mm&r=g\"},\"url\":\"https:\\\/\\\/jblanz.de\\\/WP\\\/author\\\/achim\\\/\"}]}<\/script>\n<!-- \/ Yoast SEO plugin. -->","yoast_head_json":{"title":"26. September 2021 - Tal des Douro - Reiseblog von Karin &amp; Joachim","robots":{"index":"index","follow":"follow","max-snippet":"max-snippet:-1","max-image-preview":"max-image-preview:large","max-video-preview":"max-video-preview:-1"},"canonical":"https:\/\/jblanz.de\/WP\/26-september-2021-tal-des-douro\/","og_locale":"de_DE","og_type":"article","og_title":"26. September 2021 - Tal des Douro - Reiseblog von Karin &amp; Joachim","og_description":"Bevor wir weiterreisten, besichtigten wir noch kurz Peso da R\u00e9gua. Au\u00dfer einer Fussg\u00e4ngerbr\u00fccke \u00fcber den Douro und einem \u00e4lteren Bahnhof&nbsp;","og_url":"https:\/\/jblanz.de\/WP\/26-september-2021-tal-des-douro\/","og_site_name":"Reiseblog von Karin &amp; Joachim","article_published_time":"2021-09-26T18:56:09+00:00","article_modified_time":"2021-10-01T08:35:54+00:00","og_image":[{"width":800,"height":450,"url":"https:\/\/jblanz.de\/WP\/wp-content\/uploads\/2021\/09\/Urlaub2021-1076.jpg","type":"image\/jpeg"}],"author":"Achim","twitter_card":"summary_large_image","twitter_misc":{"Verfasst von":"Achim","Gesch\u00e4tzte Lesezeit":"10\u00a0Minuten"},"schema":{"@context":"https:\/\/schema.org","@graph":[{"@type":"Article","@id":"https:\/\/jblanz.de\/WP\/26-september-2021-tal-des-douro\/#article","isPartOf":{"@id":"https:\/\/jblanz.de\/WP\/26-september-2021-tal-des-douro\/"},"author":{"name":"Achim","@id":"https:\/\/jblanz.de\/WP\/#\/schema\/person\/17a70f07162e42bc0b181c22397286e0"},"headline":"26. September 2021 &#8211; Tal des Douro","datePublished":"2021-09-26T18:56:09+00:00","dateModified":"2021-10-01T08:35:54+00:00","mainEntityOfPage":{"@id":"https:\/\/jblanz.de\/WP\/26-september-2021-tal-des-douro\/"},"wordCount":581,"commentCount":0,"publisher":{"@id":"https:\/\/jblanz.de\/WP\/#\/schema\/person\/17a70f07162e42bc0b181c22397286e0"},"image":{"@id":"https:\/\/jblanz.de\/WP\/26-september-2021-tal-des-douro\/#primaryimage"},"thumbnailUrl":"https:\/\/jblanz.de\/WP\/wp-content\/uploads\/2021\/09\/Urlaub2021-1076.jpg","articleSection":["2021","Europa","Portugal"],"inLanguage":"de","potentialAction":[{"@type":"CommentAction","name":"Comment","target":["https:\/\/jblanz.de\/WP\/26-september-2021-tal-des-douro\/#respond"]}]},{"@type":"WebPage","@id":"https:\/\/jblanz.de\/WP\/26-september-2021-tal-des-douro\/","url":"https:\/\/jblanz.de\/WP\/26-september-2021-tal-des-douro\/","name":"26. September 2021 - Tal des Douro - Reiseblog von Karin &amp; Joachim","isPartOf":{"@id":"https:\/\/jblanz.de\/WP\/#website"},"primaryImageOfPage":{"@id":"https:\/\/jblanz.de\/WP\/26-september-2021-tal-des-douro\/#primaryimage"},"image":{"@id":"https:\/\/jblanz.de\/WP\/26-september-2021-tal-des-douro\/#primaryimage"},"thumbnailUrl":"https:\/\/jblanz.de\/WP\/wp-content\/uploads\/2021\/09\/Urlaub2021-1076.jpg","datePublished":"2021-09-26T18:56:09+00:00","dateModified":"2021-10-01T08:35:54+00:00","breadcrumb":{"@id":"https:\/\/jblanz.de\/WP\/26-september-2021-tal-des-douro\/#breadcrumb"},"inLanguage":"de","potentialAction":[{"@type":"ReadAction","target":["https:\/\/jblanz.de\/WP\/26-september-2021-tal-des-douro\/"]}]},{"@type":"ImageObject","inLanguage":"de","@id":"https:\/\/jblanz.de\/WP\/26-september-2021-tal-des-douro\/#primaryimage","url":"https:\/\/jblanz.de\/WP\/wp-content\/uploads\/2021\/09\/Urlaub2021-1076.jpg","contentUrl":"https:\/\/jblanz.de\/WP\/wp-content\/uploads\/2021\/09\/Urlaub2021-1076.jpg","width":800,"height":450},{"@type":"BreadcrumbList","@id":"https:\/\/jblanz.de\/WP\/26-september-2021-tal-des-douro\/#breadcrumb","itemListElement":[{"@type":"ListItem","position":1,"name":"Startseite","item":"https:\/\/jblanz.de\/WP\/"},{"@type":"ListItem","position":2,"name":"26. September 2021 &#8211; Tal des Douro"}]},{"@type":"WebSite","@id":"https:\/\/jblanz.de\/WP\/#website","url":"https:\/\/jblanz.de\/WP\/","name":"Reiseblog von Karin & Joachim","description":"Wir schreiben den Blog f\u00fcr uns als Erinnerung - f\u00fcr euch als Inspiration","publisher":{"@id":"https:\/\/jblanz.de\/WP\/#\/schema\/person\/17a70f07162e42bc0b181c22397286e0"},"potentialAction":[{"@type":"SearchAction","target":{"@type":"EntryPoint","urlTemplate":"https:\/\/jblanz.de\/WP\/?s={search_term_string}"},"query-input":{"@type":"PropertyValueSpecification","valueRequired":true,"valueName":"search_term_string"}}],"inLanguage":"de"},{"@type":["Person","Organization"],"@id":"https:\/\/jblanz.de\/WP\/#\/schema\/person\/17a70f07162e42bc0b181c22397286e0","name":"Achim","image":{"@type":"ImageObject","inLanguage":"de","@id":"https:\/\/secure.gravatar.com\/avatar\/b7ab31bc55956af4a9bebf7fd034761212b11b803b7e39464914d6abeefb12f3?s=96&d=mm&r=g","url":"https:\/\/secure.gravatar.com\/avatar\/b7ab31bc55956af4a9bebf7fd034761212b11b803b7e39464914d6abeefb12f3?s=96&d=mm&r=g","contentUrl":"https:\/\/secure.gravatar.com\/avatar\/b7ab31bc55956af4a9bebf7fd034761212b11b803b7e39464914d6abeefb12f3?s=96&d=mm&r=g","caption":"Achim"},"logo":{"@id":"https:\/\/secure.gravatar.com\/avatar\/b7ab31bc55956af4a9bebf7fd034761212b11b803b7e39464914d6abeefb12f3?s=96&d=mm&r=g"},"url":"https:\/\/jblanz.de\/WP\/author\/achim\/"}]}},"_links":{"self":[{"href":"https:\/\/jblanz.de\/WP\/wp-json\/wp\/v2\/posts\/11627","targetHints":{"allow":["GET"]}}],"collection":[{"href":"https:\/\/jblanz.de\/WP\/wp-json\/wp\/v2\/posts"}],"about":[{"href":"https:\/\/jblanz.de\/WP\/wp-json\/wp\/v2\/types\/post"}],"author":[{"embeddable":true,"href":"https:\/\/jblanz.de\/WP\/wp-json\/wp\/v2\/users\/1"}],"replies":[{"embeddable":true,"href":"https:\/\/jblanz.de\/WP\/wp-json\/wp\/v2\/comments?post=11627"}],"version-history":[{"count":0,"href":"https:\/\/jblanz.de\/WP\/wp-json\/wp\/v2\/posts\/11627\/revisions"}],"wp:featuredmedia":[{"embeddable":true,"href":"https:\/\/jblanz.de\/WP\/wp-json\/wp\/v2\/media\/11629"}],"wp:attachment":[{"href":"https:\/\/jblanz.de\/WP\/wp-json\/wp\/v2\/media?parent=11627"}],"wp:term":[{"taxonomy":"category","embeddable":true,"href":"https:\/\/jblanz.de\/WP\/wp-json\/wp\/v2\/categories?post=11627"},{"taxonomy":"post_tag","embeddable":true,"href":"https:\/\/jblanz.de\/WP\/wp-json\/wp\/v2\/tags?post=11627"}],"curies":[{"name":"wp","href":"https:\/\/api.w.org\/{rel}","templated":true}]}}