{"id":12311,"date":"2022-07-05T23:28:00","date_gmt":"2022-07-05T21:28:00","guid":{"rendered":"https:\/\/jblanz.de\/WP\/?p=12311"},"modified":"2022-07-12T15:05:48","modified_gmt":"2022-07-12T13:05:48","slug":"5-juli-2022-bastei-im-elbsandsteingebirge-und-dresden","status":"publish","type":"post","link":"https:\/\/jblanz.de\/WP\/5-juli-2022-bastei-im-elbsandsteingebirge-und-dresden\/","title":{"rendered":"5. Juli 2022 &#8211; Bastei im Elbsandsteingebirge und Dresden"},"content":{"rendered":"\n<p>Gegen 9 Uhr morgens verliessen wir den Parkplatz und fuhren Richtung Dresden. Strahlender Sonnenschein begleitete uns und wir kamen um ca 12.30 Uhr am Parkplatz an, von dem aus Pendelbusse zur Bastei fahren. Wir schnappten gleich den n\u00e4chsten Bus. Er fuhr an mehreren gut gef\u00fcllten Parkpl\u00e4tzen vorbei und wir ahnten schon, dass an diesem hochtouristischen Ziel&nbsp; wenig Einsamkeit herrschen&nbsp; wird. Trotzdem freuten wir uns endlich mal diese Region anschauen zu k\u00f6nnen, von der uns einige Freunde erz\u00e4hlt hatten. Im fast vollbesetzten Shuttlebus trug au\u00dfer uns nur noch eine Frau eine FFP2-Maske. Mehrere Tage sp\u00e4ter meldete unsere Corona-App eine &#8222;Begegnung mit erh\u00f6htem Risiko am 5. Juli&#8220;. Offenbar sa\u00df im Bus jemand in unserer N\u00e4he, der sp\u00e4ter Corona-positiv getestet worden war. Gut, dass wir unsere Masken trugen &#8211; im Urlaub krank zu werden, w\u00e4re wenig erfreulich und wie k\u00f6nnten wir 5 Tage Quarant\u00e4ne einhalten ?<\/p>\n<p>Die Felsen und die Basteibr\u00fccke hoch \u00fcber der Elbe gelegen, waren ein beeindruckender Anblick, den Bilder am besten beschreiben. Kurz nach der Br\u00fccke besichtigten wir die Felsenburg Neurathen, der gr\u00f6\u00dften Felsenburg in der s\u00e4chsischen Schweiz, von der allerdings kaum noch etwas zu sehen ist. Nach ca 2 Stunden ging es mit dem Bus zur\u00fcck zum WoMo. <\/p>\n\n\n\n<figure class=\"wp-block-gallery has-nested-images columns-2 is-cropped wp-block-gallery-2 is-layout-flex wp-block-gallery-is-layout-flex\">\n<figure class=\"wp-block-image size-large\"><img loading=\"lazy\" decoding=\"async\" width=\"800\" height=\"450\" data-id=\"12341\" src=\"https:\/\/jblanz.de\/WP\/wp-content\/uploads\/2022\/07\/2022Deutschland_014.jpg\" alt=\"\" class=\"wp-image-12341\" srcset=\"https:\/\/jblanz.de\/WP\/wp-content\/uploads\/2022\/07\/2022Deutschland_014.jpg 800w, https:\/\/jblanz.de\/WP\/wp-content\/uploads\/2022\/07\/2022Deutschland_014-300x169.jpg 300w, https:\/\/jblanz.de\/WP\/wp-content\/uploads\/2022\/07\/2022Deutschland_014-768x432.jpg 768w\" sizes=\"auto, (max-width: 800px) 100vw, 800px\" \/><\/figure>\n\n\n\n<figure class=\"wp-block-image size-large\"><img loading=\"lazy\" decoding=\"async\" width=\"800\" height=\"450\" data-id=\"12344\" src=\"https:\/\/jblanz.de\/WP\/wp-content\/uploads\/2022\/07\/2022Deutschland_015.jpg\" alt=\"\" class=\"wp-image-12344\" srcset=\"https:\/\/jblanz.de\/WP\/wp-content\/uploads\/2022\/07\/2022Deutschland_015.jpg 800w, https:\/\/jblanz.de\/WP\/wp-content\/uploads\/2022\/07\/2022Deutschland_015-300x169.jpg 300w, https:\/\/jblanz.de\/WP\/wp-content\/uploads\/2022\/07\/2022Deutschland_015-768x432.jpg 768w\" sizes=\"auto, (max-width: 800px) 100vw, 800px\" \/><\/figure>\n\n\n\n<figure class=\"wp-block-image size-large\"><img loading=\"lazy\" decoding=\"async\" width=\"800\" height=\"450\" data-id=\"12350\" src=\"https:\/\/jblanz.de\/WP\/wp-content\/uploads\/2022\/07\/2022Deutschland_021.jpg\" alt=\"\" class=\"wp-image-12350\" srcset=\"https:\/\/jblanz.de\/WP\/wp-content\/uploads\/2022\/07\/2022Deutschland_021.jpg 800w, https:\/\/jblanz.de\/WP\/wp-content\/uploads\/2022\/07\/2022Deutschland_021-300x169.jpg 300w, https:\/\/jblanz.de\/WP\/wp-content\/uploads\/2022\/07\/2022Deutschland_021-768x432.jpg 768w\" sizes=\"auto, (max-width: 800px) 100vw, 800px\" \/><\/figure>\n\n\n\n<figure class=\"wp-block-image size-large\"><img loading=\"lazy\" decoding=\"async\" width=\"800\" height=\"450\" data-id=\"12349\" src=\"https:\/\/jblanz.de\/WP\/wp-content\/uploads\/2022\/07\/2022Deutschland_020.jpg\" alt=\"\" class=\"wp-image-12349\" srcset=\"https:\/\/jblanz.de\/WP\/wp-content\/uploads\/2022\/07\/2022Deutschland_020.jpg 800w, https:\/\/jblanz.de\/WP\/wp-content\/uploads\/2022\/07\/2022Deutschland_020-300x169.jpg 300w, https:\/\/jblanz.de\/WP\/wp-content\/uploads\/2022\/07\/2022Deutschland_020-768x432.jpg 768w\" sizes=\"auto, (max-width: 800px) 100vw, 800px\" \/><\/figure>\n\n\n\n<figure class=\"wp-block-image size-large\"><img loading=\"lazy\" decoding=\"async\" width=\"800\" height=\"450\" data-id=\"12340\" src=\"https:\/\/jblanz.de\/WP\/wp-content\/uploads\/2022\/07\/2022Deutschland_043.jpg\" alt=\"\" class=\"wp-image-12340\" srcset=\"https:\/\/jblanz.de\/WP\/wp-content\/uploads\/2022\/07\/2022Deutschland_043.jpg 800w, https:\/\/jblanz.de\/WP\/wp-content\/uploads\/2022\/07\/2022Deutschland_043-300x169.jpg 300w, https:\/\/jblanz.de\/WP\/wp-content\/uploads\/2022\/07\/2022Deutschland_043-768x432.jpg 768w\" sizes=\"auto, (max-width: 800px) 100vw, 800px\" \/><\/figure>\n\n\n\n<figure class=\"wp-block-image size-large\"><img loading=\"lazy\" decoding=\"async\" width=\"800\" height=\"450\" data-id=\"12347\" src=\"https:\/\/jblanz.de\/WP\/wp-content\/uploads\/2022\/07\/2022Deutschland_022.jpg\" alt=\"\" class=\"wp-image-12347\" srcset=\"https:\/\/jblanz.de\/WP\/wp-content\/uploads\/2022\/07\/2022Deutschland_022.jpg 800w, https:\/\/jblanz.de\/WP\/wp-content\/uploads\/2022\/07\/2022Deutschland_022-300x169.jpg 300w, https:\/\/jblanz.de\/WP\/wp-content\/uploads\/2022\/07\/2022Deutschland_022-768x432.jpg 768w\" sizes=\"auto, (max-width: 800px) 100vw, 800px\" \/><\/figure>\n\n\n\n<figure class=\"wp-block-image size-large\"><img loading=\"lazy\" decoding=\"async\" width=\"800\" height=\"450\" data-id=\"12348\" src=\"https:\/\/jblanz.de\/WP\/wp-content\/uploads\/2022\/07\/2022Deutschland_028.jpg\" alt=\"\" class=\"wp-image-12348\" srcset=\"https:\/\/jblanz.de\/WP\/wp-content\/uploads\/2022\/07\/2022Deutschland_028.jpg 800w, https:\/\/jblanz.de\/WP\/wp-content\/uploads\/2022\/07\/2022Deutschland_028-300x169.jpg 300w, https:\/\/jblanz.de\/WP\/wp-content\/uploads\/2022\/07\/2022Deutschland_028-768x432.jpg 768w\" sizes=\"auto, (max-width: 800px) 100vw, 800px\" \/><\/figure>\n\n\n\n<figure class=\"wp-block-image size-large\"><img loading=\"lazy\" decoding=\"async\" width=\"800\" height=\"450\" data-id=\"12345\" src=\"https:\/\/jblanz.de\/WP\/wp-content\/uploads\/2022\/07\/2022Deutschland_031.jpg\" alt=\"\" class=\"wp-image-12345\" srcset=\"https:\/\/jblanz.de\/WP\/wp-content\/uploads\/2022\/07\/2022Deutschland_031.jpg 800w, https:\/\/jblanz.de\/WP\/wp-content\/uploads\/2022\/07\/2022Deutschland_031-300x169.jpg 300w, https:\/\/jblanz.de\/WP\/wp-content\/uploads\/2022\/07\/2022Deutschland_031-768x432.jpg 768w\" sizes=\"auto, (max-width: 800px) 100vw, 800px\" \/><\/figure>\n\n\n\n<figure class=\"wp-block-image size-large\"><img loading=\"lazy\" decoding=\"async\" width=\"800\" height=\"450\" data-id=\"12346\" src=\"https:\/\/jblanz.de\/WP\/wp-content\/uploads\/2022\/07\/2022Deutschland_030.jpg\" alt=\"\" class=\"wp-image-12346\" srcset=\"https:\/\/jblanz.de\/WP\/wp-content\/uploads\/2022\/07\/2022Deutschland_030.jpg 800w, https:\/\/jblanz.de\/WP\/wp-content\/uploads\/2022\/07\/2022Deutschland_030-300x169.jpg 300w, https:\/\/jblanz.de\/WP\/wp-content\/uploads\/2022\/07\/2022Deutschland_030-768x432.jpg 768w\" sizes=\"auto, (max-width: 800px) 100vw, 800px\" \/><\/figure>\n\n\n\n<figure class=\"wp-block-image size-large\"><img loading=\"lazy\" decoding=\"async\" width=\"800\" height=\"450\" data-id=\"12339\" src=\"https:\/\/jblanz.de\/WP\/wp-content\/uploads\/2022\/07\/2022Deutschland_032.jpg\" alt=\"\" class=\"wp-image-12339\" srcset=\"https:\/\/jblanz.de\/WP\/wp-content\/uploads\/2022\/07\/2022Deutschland_032.jpg 800w, https:\/\/jblanz.de\/WP\/wp-content\/uploads\/2022\/07\/2022Deutschland_032-300x169.jpg 300w, https:\/\/jblanz.de\/WP\/wp-content\/uploads\/2022\/07\/2022Deutschland_032-768x432.jpg 768w\" sizes=\"auto, (max-width: 800px) 100vw, 800px\" \/><\/figure>\n\n\n\n<figure class=\"wp-block-image size-large\"><img loading=\"lazy\" decoding=\"async\" width=\"800\" height=\"450\" data-id=\"12343\" src=\"https:\/\/jblanz.de\/WP\/wp-content\/uploads\/2022\/07\/2022Deutschland_048.jpg\" alt=\"\" class=\"wp-image-12343\" srcset=\"https:\/\/jblanz.de\/WP\/wp-content\/uploads\/2022\/07\/2022Deutschland_048.jpg 800w, https:\/\/jblanz.de\/WP\/wp-content\/uploads\/2022\/07\/2022Deutschland_048-300x169.jpg 300w, https:\/\/jblanz.de\/WP\/wp-content\/uploads\/2022\/07\/2022Deutschland_048-768x432.jpg 768w\" sizes=\"auto, (max-width: 800px) 100vw, 800px\" \/><\/figure>\n\n\n\n<figure class=\"wp-block-image size-large\"><img loading=\"lazy\" decoding=\"async\" width=\"800\" height=\"450\" data-id=\"12338\" src=\"https:\/\/jblanz.de\/WP\/wp-content\/uploads\/2022\/07\/2022Deutschland_027.jpg\" alt=\"\" class=\"wp-image-12338\" srcset=\"https:\/\/jblanz.de\/WP\/wp-content\/uploads\/2022\/07\/2022Deutschland_027.jpg 800w, https:\/\/jblanz.de\/WP\/wp-content\/uploads\/2022\/07\/2022Deutschland_027-300x169.jpg 300w, https:\/\/jblanz.de\/WP\/wp-content\/uploads\/2022\/07\/2022Deutschland_027-768x432.jpg 768w\" sizes=\"auto, (max-width: 800px) 100vw, 800px\" \/><figcaption>Rekonstruktion der Felsenburg Neurathen<\/figcaption><\/figure>\n<\/figure>\n\n\n\n<p>Wir besichtigten noch Pirna und genossen Kaffee und Kuchen im Caf\u00e9 La Boheme, das wir zuf\u00e4llig in einer Seitenstrasse entdeckten. Die sch\u00f6ne Altstadt des St\u00e4dtchens erkundete wir auf dem Fahrrad. <\/p>\n\n\n\n<figure class=\"wp-block-image size-full\"><img loading=\"lazy\" decoding=\"async\" width=\"800\" height=\"450\" src=\"https:\/\/jblanz.de\/WP\/wp-content\/uploads\/2022\/07\/2022Deutschland_052.jpg\" alt=\"\" class=\"wp-image-12355\" srcset=\"https:\/\/jblanz.de\/WP\/wp-content\/uploads\/2022\/07\/2022Deutschland_052.jpg 800w, https:\/\/jblanz.de\/WP\/wp-content\/uploads\/2022\/07\/2022Deutschland_052-300x169.jpg 300w, https:\/\/jblanz.de\/WP\/wp-content\/uploads\/2022\/07\/2022Deutschland_052-768x432.jpg 768w\" sizes=\"auto, (max-width: 800px) 100vw, 800px\" \/><\/figure>\n\n\n\n<p>Wir beschlossen weiter nach Dresden zu fahren, um nicht zu sp\u00e4t auf dem Stellplatz Wiesentorstrasse, der direkt an der Elbe liegt, anzukommen. Schnell das Parkticket f\u00fcr 24 Stunden Aufenthalt gezogen &#8211; kostet 22 Euro &#8211; und dann fuhren wir mit den R\u00e4dern los, um einen ersten Eindruck von der Altstadt zu bekommen. Schon vom Parkplatz sah man die imposante Silhuette. <\/p>\n\n\n\n<figure class=\"wp-block-image size-full\"><img loading=\"lazy\" decoding=\"async\" width=\"2560\" height=\"816\" src=\"https:\/\/jblanz.de\/WP\/wp-content\/uploads\/2022\/07\/2022Deutschland_058-Pano-scaled.jpg\" alt=\"\" class=\"wp-image-12360\" srcset=\"https:\/\/jblanz.de\/WP\/wp-content\/uploads\/2022\/07\/2022Deutschland_058-Pano-scaled.jpg 2560w, https:\/\/jblanz.de\/WP\/wp-content\/uploads\/2022\/07\/2022Deutschland_058-Pano-300x96.jpg 300w, https:\/\/jblanz.de\/WP\/wp-content\/uploads\/2022\/07\/2022Deutschland_058-Pano-1024x326.jpg 1024w, https:\/\/jblanz.de\/WP\/wp-content\/uploads\/2022\/07\/2022Deutschland_058-Pano-768x245.jpg 768w, https:\/\/jblanz.de\/WP\/wp-content\/uploads\/2022\/07\/2022Deutschland_058-Pano-1536x489.jpg 1536w, https:\/\/jblanz.de\/WP\/wp-content\/uploads\/2022\/07\/2022Deutschland_058-Pano-2048x652.jpg 2048w\" sizes=\"auto, (max-width: 2560px) 100vw, 2560px\" \/><\/figure>\n\n\n\n<p>Wir fuhren etwas an der Elbe entlang und \u00fcberquerten sie in der H\u00f6he der gro\u00dfen Moschee. Elbaufw\u00e4rts kamen wir zur Semperoper, dem Theaterplatz und dann zum Zwinger, dessen Innenhof noch im Wiederaufbau war. Rundum monumentale Bauwerke, Residenzschloss, Frauenkirche, Augustinum, Pulverturm, Hotel Kempinsky \u2026 Nach einer Stunde stellten wir fest, dass es ja auch noch ein &#8222;anderes&#8220; Dresden geben muss.<\/p>\n\n\n\n<figure class=\"wp-block-gallery has-nested-images columns-default is-cropped wp-block-gallery-3 is-layout-flex wp-block-gallery-is-layout-flex\">\n<figure class=\"wp-block-image size-large\"><img loading=\"lazy\" decoding=\"async\" width=\"800\" height=\"450\" data-id=\"12361\" src=\"https:\/\/jblanz.de\/WP\/wp-content\/uploads\/2022\/07\/2022Deutschland_065.jpg\" alt=\"\" class=\"wp-image-12361\" srcset=\"https:\/\/jblanz.de\/WP\/wp-content\/uploads\/2022\/07\/2022Deutschland_065.jpg 800w, https:\/\/jblanz.de\/WP\/wp-content\/uploads\/2022\/07\/2022Deutschland_065-300x169.jpg 300w, https:\/\/jblanz.de\/WP\/wp-content\/uploads\/2022\/07\/2022Deutschland_065-768x432.jpg 768w\" sizes=\"auto, (max-width: 800px) 100vw, 800px\" \/><figcaption>Semperoper<\/figcaption><\/figure>\n\n\n\n<figure class=\"wp-block-image size-large\"><img loading=\"lazy\" decoding=\"async\" width=\"800\" height=\"450\" data-id=\"12362\" src=\"https:\/\/jblanz.de\/WP\/wp-content\/uploads\/2022\/07\/2022Deutschland_066.jpg\" alt=\"\" class=\"wp-image-12362\" srcset=\"https:\/\/jblanz.de\/WP\/wp-content\/uploads\/2022\/07\/2022Deutschland_066.jpg 800w, https:\/\/jblanz.de\/WP\/wp-content\/uploads\/2022\/07\/2022Deutschland_066-300x169.jpg 300w, https:\/\/jblanz.de\/WP\/wp-content\/uploads\/2022\/07\/2022Deutschland_066-768x432.jpg 768w\" sizes=\"auto, (max-width: 800px) 100vw, 800px\" \/><figcaption>Zwinger<\/figcaption><\/figure>\n<\/figure>\n\n\n\n<p>Im Internet fanden wir, dass das Szeneviertel in der \u00e4u\u00dferen Neustadt zu finden ist. Also nichts wie hin und die G\u00f6rlitzer Strasse hoch. Dieses Viertel war genau unser Geschmack &#8211; kleine Restaurants rechts und links der Strassen und dazwischen Shops mit allerlei Mode und Krimskrams. Wir durchqueren die Kunsthofpassage, in der uns besonders 2 Hausfassaden \u00fcberraschen. An der einen Fassade sind blecherne Wasserrohre verlegt. In regelm\u00e4\u00dfigen Abst\u00e4nden wird von oben Wasser in die Rohre gesch\u00fcttet und das Wasser erzeugt in den Rohren Ger\u00e4usche und kommt als Springbrunnen unten an.<\/p>\n\n\n\n<figure class=\"wp-block-gallery has-nested-images columns-default is-cropped wp-block-gallery-4 is-layout-flex wp-block-gallery-is-layout-flex\">\n<figure class=\"wp-block-image size-full\"><img loading=\"lazy\" decoding=\"async\" width=\"1707\" height=\"2560\" data-id=\"12367\" src=\"https:\/\/jblanz.de\/WP\/wp-content\/uploads\/2022\/07\/2022Deutschland_071-1-scaled.jpg\" alt=\"\" class=\"wp-image-12367\" srcset=\"https:\/\/jblanz.de\/WP\/wp-content\/uploads\/2022\/07\/2022Deutschland_071-1-scaled.jpg 1707w, https:\/\/jblanz.de\/WP\/wp-content\/uploads\/2022\/07\/2022Deutschland_071-1-200x300.jpg 200w, https:\/\/jblanz.de\/WP\/wp-content\/uploads\/2022\/07\/2022Deutschland_071-1-683x1024.jpg 683w, https:\/\/jblanz.de\/WP\/wp-content\/uploads\/2022\/07\/2022Deutschland_071-1-768x1152.jpg 768w, https:\/\/jblanz.de\/WP\/wp-content\/uploads\/2022\/07\/2022Deutschland_071-1-1024x1536.jpg 1024w, https:\/\/jblanz.de\/WP\/wp-content\/uploads\/2022\/07\/2022Deutschland_071-1-1365x2048.jpg 1365w\" sizes=\"auto, (max-width: 1707px) 100vw, 1707px\" \/><\/figure>\n\n\n\n<figure class=\"wp-block-image size-large\"><img loading=\"lazy\" decoding=\"async\" width=\"800\" height=\"450\" data-id=\"12365\" src=\"https:\/\/jblanz.de\/WP\/wp-content\/uploads\/2022\/07\/2022Deutschland_070.jpg\" alt=\"\" class=\"wp-image-12365\" srcset=\"https:\/\/jblanz.de\/WP\/wp-content\/uploads\/2022\/07\/2022Deutschland_070.jpg 800w, https:\/\/jblanz.de\/WP\/wp-content\/uploads\/2022\/07\/2022Deutschland_070-300x169.jpg 300w, https:\/\/jblanz.de\/WP\/wp-content\/uploads\/2022\/07\/2022Deutschland_070-768x432.jpg 768w\" sizes=\"auto, (max-width: 800px) 100vw, 800px\" \/><\/figure>\n<\/figure>\n\n\n\n<p>Die Restaurants animierten und ich entschied mich f\u00fcr koreanisches Streetfood. Meine Aussprache des Namens des ausgesuchten Gerichts &#8222;Jajangmyeon&#8220; erzeugte ungl\u00e4ubiges Staunen bei den K\u00f6chinnen und es erforderte eindeutige Gesten auf die Speisekarte, bis ich den richtigen Namen erfuhr. Ok, meine Aussprache war wirklich unverst\u00e4ndlich f\u00fcr koreanische Ohren. Karin wollte S\u00fcsskartoffel-Pommes, das wurde sofort verstanden. Die Nudeln mit schwarze Bohnensauce &#8211; das ist Jajangmyeon &#8211; schmeckten lecker. Zur\u00fcck am Stellplatz entdeckten wir, dass am Elbufer Heissluftballons f\u00fcr einen Flug vorbereitet wurden. Das war spannend und wir verfolgten die Prozedur des Aufbaus. Erst erfolgte die Einweisung der Mitfahrer, dann wurde der Ballon mit starken Ventilatoren aufgeblasen. Als die H\u00fclle ausreichend aufgeblasen war, wurde mit dem Gasbrenner nachgeheizt. Der Ballonkorb war an einem Transporter der Firma angebunden, der als Ankergewicht diente. <\/p>\n\n\n\n<figure class=\"wp-block-gallery has-nested-images columns-2 is-cropped wp-block-gallery-5 is-layout-flex wp-block-gallery-is-layout-flex\">\n<figure class=\"wp-block-image size-large\"><img loading=\"lazy\" decoding=\"async\" width=\"800\" height=\"450\" data-id=\"12373\" src=\"https:\/\/jblanz.de\/WP\/wp-content\/uploads\/2022\/07\/2022Deutschland_073.jpg\" alt=\"\" class=\"wp-image-12373\" srcset=\"https:\/\/jblanz.de\/WP\/wp-content\/uploads\/2022\/07\/2022Deutschland_073.jpg 800w, https:\/\/jblanz.de\/WP\/wp-content\/uploads\/2022\/07\/2022Deutschland_073-300x169.jpg 300w, https:\/\/jblanz.de\/WP\/wp-content\/uploads\/2022\/07\/2022Deutschland_073-768x432.jpg 768w\" sizes=\"auto, (max-width: 800px) 100vw, 800px\" \/><\/figure>\n\n\n\n<figure class=\"wp-block-image size-large\"><img loading=\"lazy\" decoding=\"async\" width=\"800\" height=\"450\" data-id=\"12377\" src=\"https:\/\/jblanz.de\/WP\/wp-content\/uploads\/2022\/07\/2022Deutschland_076.jpg\" alt=\"\" class=\"wp-image-12377\" srcset=\"https:\/\/jblanz.de\/WP\/wp-content\/uploads\/2022\/07\/2022Deutschland_076.jpg 800w, https:\/\/jblanz.de\/WP\/wp-content\/uploads\/2022\/07\/2022Deutschland_076-300x169.jpg 300w, https:\/\/jblanz.de\/WP\/wp-content\/uploads\/2022\/07\/2022Deutschland_076-768x432.jpg 768w\" sizes=\"auto, (max-width: 800px) 100vw, 800px\" \/><\/figure>\n\n\n\n<figure class=\"wp-block-image size-large\"><img loading=\"lazy\" decoding=\"async\" width=\"800\" height=\"450\" data-id=\"12374\" src=\"https:\/\/jblanz.de\/WP\/wp-content\/uploads\/2022\/07\/2022Deutschland_086.jpg\" alt=\"\" class=\"wp-image-12374\" srcset=\"https:\/\/jblanz.de\/WP\/wp-content\/uploads\/2022\/07\/2022Deutschland_086.jpg 800w, https:\/\/jblanz.de\/WP\/wp-content\/uploads\/2022\/07\/2022Deutschland_086-300x169.jpg 300w, https:\/\/jblanz.de\/WP\/wp-content\/uploads\/2022\/07\/2022Deutschland_086-768x432.jpg 768w\" sizes=\"auto, (max-width: 800px) 100vw, 800px\" \/><\/figure>\n\n\n\n<figure class=\"wp-block-image size-large\"><img loading=\"lazy\" decoding=\"async\" width=\"800\" height=\"450\" data-id=\"12381\" src=\"https:\/\/jblanz.de\/WP\/wp-content\/uploads\/2022\/07\/2022Deutschland_091.jpg\" alt=\"\" class=\"wp-image-12381\" srcset=\"https:\/\/jblanz.de\/WP\/wp-content\/uploads\/2022\/07\/2022Deutschland_091.jpg 800w, https:\/\/jblanz.de\/WP\/wp-content\/uploads\/2022\/07\/2022Deutschland_091-300x169.jpg 300w, https:\/\/jblanz.de\/WP\/wp-content\/uploads\/2022\/07\/2022Deutschland_091-768x432.jpg 768w\" sizes=\"auto, (max-width: 800px) 100vw, 800px\" \/><\/figure>\n\n\n\n<figure class=\"wp-block-image size-large\"><img loading=\"lazy\" decoding=\"async\" width=\"800\" height=\"450\" data-id=\"12376\" src=\"https:\/\/jblanz.de\/WP\/wp-content\/uploads\/2022\/07\/2022Deutschland_093.jpg\" alt=\"\" class=\"wp-image-12376\" srcset=\"https:\/\/jblanz.de\/WP\/wp-content\/uploads\/2022\/07\/2022Deutschland_093.jpg 800w, https:\/\/jblanz.de\/WP\/wp-content\/uploads\/2022\/07\/2022Deutschland_093-300x169.jpg 300w, https:\/\/jblanz.de\/WP\/wp-content\/uploads\/2022\/07\/2022Deutschland_093-768x432.jpg 768w\" sizes=\"auto, (max-width: 800px) 100vw, 800px\" \/><\/figure>\n\n\n\n<figure class=\"wp-block-image size-large\"><img loading=\"lazy\" decoding=\"async\" width=\"800\" height=\"450\" data-id=\"12375\" src=\"https:\/\/jblanz.de\/WP\/wp-content\/uploads\/2022\/07\/2022Deutschland_097.jpg\" alt=\"\" class=\"wp-image-12375\" srcset=\"https:\/\/jblanz.de\/WP\/wp-content\/uploads\/2022\/07\/2022Deutschland_097.jpg 800w, https:\/\/jblanz.de\/WP\/wp-content\/uploads\/2022\/07\/2022Deutschland_097-300x169.jpg 300w, https:\/\/jblanz.de\/WP\/wp-content\/uploads\/2022\/07\/2022Deutschland_097-768x432.jpg 768w\" sizes=\"auto, (max-width: 800px) 100vw, 800px\" \/><\/figure>\n\n\n\n<figure class=\"wp-block-image size-medium\"><img loading=\"lazy\" decoding=\"async\" width=\"300\" height=\"169\" data-id=\"12378\" src=\"https:\/\/jblanz.de\/WP\/wp-content\/uploads\/2022\/07\/2022Deutschland_102-300x169.jpg\" alt=\"\" class=\"wp-image-12378\" srcset=\"https:\/\/jblanz.de\/WP\/wp-content\/uploads\/2022\/07\/2022Deutschland_102-300x169.jpg 300w, https:\/\/jblanz.de\/WP\/wp-content\/uploads\/2022\/07\/2022Deutschland_102-768x432.jpg 768w, https:\/\/jblanz.de\/WP\/wp-content\/uploads\/2022\/07\/2022Deutschland_102.jpg 800w\" sizes=\"auto, (max-width: 300px) 100vw, 300px\" \/><\/figure>\n\n\n\n<figure class=\"wp-block-image size-large\"><img loading=\"lazy\" decoding=\"async\" width=\"800\" height=\"450\" data-id=\"12372\" src=\"https:\/\/jblanz.de\/WP\/wp-content\/uploads\/2022\/07\/2022Deutschland_104.jpg\" alt=\"\" class=\"wp-image-12372\" srcset=\"https:\/\/jblanz.de\/WP\/wp-content\/uploads\/2022\/07\/2022Deutschland_104.jpg 800w, https:\/\/jblanz.de\/WP\/wp-content\/uploads\/2022\/07\/2022Deutschland_104-300x169.jpg 300w, https:\/\/jblanz.de\/WP\/wp-content\/uploads\/2022\/07\/2022Deutschland_104-768x432.jpg 768w\" sizes=\"auto, (max-width: 800px) 100vw, 800px\" \/><\/figure>\n<\/figure>\n\n\n\n<p>Die Temperaturen am Abend war sehr angenehm, so dass wir uns noch ein Bier im benachbarten Biergarten g\u00f6nnten.<\/p>\n","protected":false},"excerpt":{"rendered":"<p>Gegen 9 Uhr morgens verliessen wir den Parkplatz und fuhren Richtung Dresden. Strahlender Sonnenschein begleitete uns und wir kamen um<\/p>\n","protected":false},"author":1,"featured_media":12380,"comment_status":"open","ping_status":"open","sticky":false,"template":"","format":"standard","meta":{"colormag_page_container_layout":"default_layout","colormag_page_sidebar_layout":"default_layout","_monsterinsights_skip_tracking":false,"_monsterinsights_sitenote_active":false,"_monsterinsights_sitenote_note":"","_monsterinsights_sitenote_category":0,"footnotes":""},"categories":[245,225,159],"tags":[247,246],"class_list":["post-12311","post","type-post","status-publish","format-standard","has-post-thumbnail","hentry","category-245","category-deutschland","category-europa","tag-bastei","tag-dresden"],"yoast_head":"<!-- This site is optimized with the Yoast SEO plugin v27.4 - https:\/\/yoast.com\/product\/yoast-seo-wordpress\/ -->\n<title>5. Juli 2022 - Bastei im Elbsandsteingebirge und Dresden - Reiseblog von Karin &amp; Joachim<\/title>\n<meta name=\"robots\" content=\"index, follow, max-snippet:-1, max-image-preview:large, max-video-preview:-1\" \/>\n<link rel=\"canonical\" href=\"https:\/\/jblanz.de\/WP\/5-juli-2022-bastei-im-elbsandsteingebirge-und-dresden\/\" \/>\n<meta property=\"og:locale\" content=\"de_DE\" \/>\n<meta property=\"og:type\" content=\"article\" \/>\n<meta property=\"og:title\" content=\"5. Juli 2022 - Bastei im Elbsandsteingebirge und Dresden - Reiseblog von Karin &amp; Joachim\" \/>\n<meta property=\"og:description\" content=\"Gegen 9 Uhr morgens verliessen wir den Parkplatz und fuhren Richtung Dresden. Strahlender Sonnenschein begleitete uns und wir kamen um\" \/>\n<meta property=\"og:url\" content=\"https:\/\/jblanz.de\/WP\/5-juli-2022-bastei-im-elbsandsteingebirge-und-dresden\/\" \/>\n<meta property=\"og:site_name\" content=\"Reiseblog von Karin &amp; Joachim\" \/>\n<meta property=\"article:published_time\" content=\"2022-07-05T21:28:00+00:00\" \/>\n<meta property=\"article:modified_time\" content=\"2022-07-12T13:05:48+00:00\" \/>\n<meta property=\"og:image\" content=\"https:\/\/jblanz.de\/WP\/wp-content\/uploads\/2022\/07\/2022Deutschland_105.jpg\" \/>\n\t<meta property=\"og:image:width\" content=\"800\" \/>\n\t<meta property=\"og:image:height\" content=\"450\" \/>\n\t<meta property=\"og:image:type\" content=\"image\/jpeg\" \/>\n<meta name=\"author\" content=\"Achim\" \/>\n<meta name=\"twitter:card\" content=\"summary_large_image\" \/>\n<meta name=\"twitter:label1\" content=\"Verfasst von\" \/>\n\t<meta name=\"twitter:data1\" content=\"Achim\" \/>\n\t<meta name=\"twitter:label2\" content=\"Gesch\u00e4tzte Lesezeit\" \/>\n\t<meta name=\"twitter:data2\" content=\"9\u00a0Minuten\" \/>\n<script type=\"application\/ld+json\" class=\"yoast-schema-graph\">{\"@context\":\"https:\\\/\\\/schema.org\",\"@graph\":[{\"@type\":\"Article\",\"@id\":\"https:\\\/\\\/jblanz.de\\\/WP\\\/5-juli-2022-bastei-im-elbsandsteingebirge-und-dresden\\\/#article\",\"isPartOf\":{\"@id\":\"https:\\\/\\\/jblanz.de\\\/WP\\\/5-juli-2022-bastei-im-elbsandsteingebirge-und-dresden\\\/\"},\"author\":{\"name\":\"Achim\",\"@id\":\"https:\\\/\\\/jblanz.de\\\/WP\\\/#\\\/schema\\\/person\\\/17a70f07162e42bc0b181c22397286e0\"},\"headline\":\"5. Juli 2022 &#8211; Bastei im Elbsandsteingebirge und Dresden\",\"datePublished\":\"2022-07-05T21:28:00+00:00\",\"dateModified\":\"2022-07-12T13:05:48+00:00\",\"mainEntityOfPage\":{\"@id\":\"https:\\\/\\\/jblanz.de\\\/WP\\\/5-juli-2022-bastei-im-elbsandsteingebirge-und-dresden\\\/\"},\"wordCount\":632,\"commentCount\":0,\"publisher\":{\"@id\":\"https:\\\/\\\/jblanz.de\\\/WP\\\/#\\\/schema\\\/person\\\/17a70f07162e42bc0b181c22397286e0\"},\"image\":{\"@id\":\"https:\\\/\\\/jblanz.de\\\/WP\\\/5-juli-2022-bastei-im-elbsandsteingebirge-und-dresden\\\/#primaryimage\"},\"thumbnailUrl\":\"https:\\\/\\\/jblanz.de\\\/WP\\\/wp-content\\\/uploads\\\/2022\\\/07\\\/2022Deutschland_105.jpg\",\"keywords\":[\"Bastei\",\"Dresden\"],\"articleSection\":[\"2022\",\"Deutschland\",\"Europa\"],\"inLanguage\":\"de\",\"potentialAction\":[{\"@type\":\"CommentAction\",\"name\":\"Comment\",\"target\":[\"https:\\\/\\\/jblanz.de\\\/WP\\\/5-juli-2022-bastei-im-elbsandsteingebirge-und-dresden\\\/#respond\"]}]},{\"@type\":\"WebPage\",\"@id\":\"https:\\\/\\\/jblanz.de\\\/WP\\\/5-juli-2022-bastei-im-elbsandsteingebirge-und-dresden\\\/\",\"url\":\"https:\\\/\\\/jblanz.de\\\/WP\\\/5-juli-2022-bastei-im-elbsandsteingebirge-und-dresden\\\/\",\"name\":\"5. Juli 2022 - Bastei im Elbsandsteingebirge und Dresden - Reiseblog von Karin &amp; Joachim\",\"isPartOf\":{\"@id\":\"https:\\\/\\\/jblanz.de\\\/WP\\\/#website\"},\"primaryImageOfPage\":{\"@id\":\"https:\\\/\\\/jblanz.de\\\/WP\\\/5-juli-2022-bastei-im-elbsandsteingebirge-und-dresden\\\/#primaryimage\"},\"image\":{\"@id\":\"https:\\\/\\\/jblanz.de\\\/WP\\\/5-juli-2022-bastei-im-elbsandsteingebirge-und-dresden\\\/#primaryimage\"},\"thumbnailUrl\":\"https:\\\/\\\/jblanz.de\\\/WP\\\/wp-content\\\/uploads\\\/2022\\\/07\\\/2022Deutschland_105.jpg\",\"datePublished\":\"2022-07-05T21:28:00+00:00\",\"dateModified\":\"2022-07-12T13:05:48+00:00\",\"breadcrumb\":{\"@id\":\"https:\\\/\\\/jblanz.de\\\/WP\\\/5-juli-2022-bastei-im-elbsandsteingebirge-und-dresden\\\/#breadcrumb\"},\"inLanguage\":\"de\",\"potentialAction\":[{\"@type\":\"ReadAction\",\"target\":[\"https:\\\/\\\/jblanz.de\\\/WP\\\/5-juli-2022-bastei-im-elbsandsteingebirge-und-dresden\\\/\"]}]},{\"@type\":\"ImageObject\",\"inLanguage\":\"de\",\"@id\":\"https:\\\/\\\/jblanz.de\\\/WP\\\/5-juli-2022-bastei-im-elbsandsteingebirge-und-dresden\\\/#primaryimage\",\"url\":\"https:\\\/\\\/jblanz.de\\\/WP\\\/wp-content\\\/uploads\\\/2022\\\/07\\\/2022Deutschland_105.jpg\",\"contentUrl\":\"https:\\\/\\\/jblanz.de\\\/WP\\\/wp-content\\\/uploads\\\/2022\\\/07\\\/2022Deutschland_105.jpg\",\"width\":800,\"height\":450},{\"@type\":\"BreadcrumbList\",\"@id\":\"https:\\\/\\\/jblanz.de\\\/WP\\\/5-juli-2022-bastei-im-elbsandsteingebirge-und-dresden\\\/#breadcrumb\",\"itemListElement\":[{\"@type\":\"ListItem\",\"position\":1,\"name\":\"Startseite\",\"item\":\"https:\\\/\\\/jblanz.de\\\/WP\\\/\"},{\"@type\":\"ListItem\",\"position\":2,\"name\":\"5. Juli 2022 &#8211; Bastei im Elbsandsteingebirge und Dresden\"}]},{\"@type\":\"WebSite\",\"@id\":\"https:\\\/\\\/jblanz.de\\\/WP\\\/#website\",\"url\":\"https:\\\/\\\/jblanz.de\\\/WP\\\/\",\"name\":\"Reiseblog von Karin & Joachim\",\"description\":\"Wir schreiben den Blog f\u00fcr uns als Erinnerung - f\u00fcr euch als Inspiration\",\"publisher\":{\"@id\":\"https:\\\/\\\/jblanz.de\\\/WP\\\/#\\\/schema\\\/person\\\/17a70f07162e42bc0b181c22397286e0\"},\"potentialAction\":[{\"@type\":\"SearchAction\",\"target\":{\"@type\":\"EntryPoint\",\"urlTemplate\":\"https:\\\/\\\/jblanz.de\\\/WP\\\/?s={search_term_string}\"},\"query-input\":{\"@type\":\"PropertyValueSpecification\",\"valueRequired\":true,\"valueName\":\"search_term_string\"}}],\"inLanguage\":\"de\"},{\"@type\":[\"Person\",\"Organization\"],\"@id\":\"https:\\\/\\\/jblanz.de\\\/WP\\\/#\\\/schema\\\/person\\\/17a70f07162e42bc0b181c22397286e0\",\"name\":\"Achim\",\"image\":{\"@type\":\"ImageObject\",\"inLanguage\":\"de\",\"@id\":\"https:\\\/\\\/secure.gravatar.com\\\/avatar\\\/b7ab31bc55956af4a9bebf7fd034761212b11b803b7e39464914d6abeefb12f3?s=96&d=mm&r=g\",\"url\":\"https:\\\/\\\/secure.gravatar.com\\\/avatar\\\/b7ab31bc55956af4a9bebf7fd034761212b11b803b7e39464914d6abeefb12f3?s=96&d=mm&r=g\",\"contentUrl\":\"https:\\\/\\\/secure.gravatar.com\\\/avatar\\\/b7ab31bc55956af4a9bebf7fd034761212b11b803b7e39464914d6abeefb12f3?s=96&d=mm&r=g\",\"caption\":\"Achim\"},\"logo\":{\"@id\":\"https:\\\/\\\/secure.gravatar.com\\\/avatar\\\/b7ab31bc55956af4a9bebf7fd034761212b11b803b7e39464914d6abeefb12f3?s=96&d=mm&r=g\"},\"url\":\"https:\\\/\\\/jblanz.de\\\/WP\\\/author\\\/achim\\\/\"}]}<\/script>\n<!-- \/ Yoast SEO plugin. -->","yoast_head_json":{"title":"5. Juli 2022 - Bastei im Elbsandsteingebirge und Dresden - Reiseblog von Karin &amp; Joachim","robots":{"index":"index","follow":"follow","max-snippet":"max-snippet:-1","max-image-preview":"max-image-preview:large","max-video-preview":"max-video-preview:-1"},"canonical":"https:\/\/jblanz.de\/WP\/5-juli-2022-bastei-im-elbsandsteingebirge-und-dresden\/","og_locale":"de_DE","og_type":"article","og_title":"5. Juli 2022 - Bastei im Elbsandsteingebirge und Dresden - Reiseblog von Karin &amp; Joachim","og_description":"Gegen 9 Uhr morgens verliessen wir den Parkplatz und fuhren Richtung Dresden. Strahlender Sonnenschein begleitete uns und wir kamen um","og_url":"https:\/\/jblanz.de\/WP\/5-juli-2022-bastei-im-elbsandsteingebirge-und-dresden\/","og_site_name":"Reiseblog von Karin &amp; Joachim","article_published_time":"2022-07-05T21:28:00+00:00","article_modified_time":"2022-07-12T13:05:48+00:00","og_image":[{"width":800,"height":450,"url":"https:\/\/jblanz.de\/WP\/wp-content\/uploads\/2022\/07\/2022Deutschland_105.jpg","type":"image\/jpeg"}],"author":"Achim","twitter_card":"summary_large_image","twitter_misc":{"Verfasst von":"Achim","Gesch\u00e4tzte Lesezeit":"9\u00a0Minuten"},"schema":{"@context":"https:\/\/schema.org","@graph":[{"@type":"Article","@id":"https:\/\/jblanz.de\/WP\/5-juli-2022-bastei-im-elbsandsteingebirge-und-dresden\/#article","isPartOf":{"@id":"https:\/\/jblanz.de\/WP\/5-juli-2022-bastei-im-elbsandsteingebirge-und-dresden\/"},"author":{"name":"Achim","@id":"https:\/\/jblanz.de\/WP\/#\/schema\/person\/17a70f07162e42bc0b181c22397286e0"},"headline":"5. Juli 2022 &#8211; Bastei im Elbsandsteingebirge und Dresden","datePublished":"2022-07-05T21:28:00+00:00","dateModified":"2022-07-12T13:05:48+00:00","mainEntityOfPage":{"@id":"https:\/\/jblanz.de\/WP\/5-juli-2022-bastei-im-elbsandsteingebirge-und-dresden\/"},"wordCount":632,"commentCount":0,"publisher":{"@id":"https:\/\/jblanz.de\/WP\/#\/schema\/person\/17a70f07162e42bc0b181c22397286e0"},"image":{"@id":"https:\/\/jblanz.de\/WP\/5-juli-2022-bastei-im-elbsandsteingebirge-und-dresden\/#primaryimage"},"thumbnailUrl":"https:\/\/jblanz.de\/WP\/wp-content\/uploads\/2022\/07\/2022Deutschland_105.jpg","keywords":["Bastei","Dresden"],"articleSection":["2022","Deutschland","Europa"],"inLanguage":"de","potentialAction":[{"@type":"CommentAction","name":"Comment","target":["https:\/\/jblanz.de\/WP\/5-juli-2022-bastei-im-elbsandsteingebirge-und-dresden\/#respond"]}]},{"@type":"WebPage","@id":"https:\/\/jblanz.de\/WP\/5-juli-2022-bastei-im-elbsandsteingebirge-und-dresden\/","url":"https:\/\/jblanz.de\/WP\/5-juli-2022-bastei-im-elbsandsteingebirge-und-dresden\/","name":"5. Juli 2022 - Bastei im Elbsandsteingebirge und Dresden - Reiseblog von Karin &amp; Joachim","isPartOf":{"@id":"https:\/\/jblanz.de\/WP\/#website"},"primaryImageOfPage":{"@id":"https:\/\/jblanz.de\/WP\/5-juli-2022-bastei-im-elbsandsteingebirge-und-dresden\/#primaryimage"},"image":{"@id":"https:\/\/jblanz.de\/WP\/5-juli-2022-bastei-im-elbsandsteingebirge-und-dresden\/#primaryimage"},"thumbnailUrl":"https:\/\/jblanz.de\/WP\/wp-content\/uploads\/2022\/07\/2022Deutschland_105.jpg","datePublished":"2022-07-05T21:28:00+00:00","dateModified":"2022-07-12T13:05:48+00:00","breadcrumb":{"@id":"https:\/\/jblanz.de\/WP\/5-juli-2022-bastei-im-elbsandsteingebirge-und-dresden\/#breadcrumb"},"inLanguage":"de","potentialAction":[{"@type":"ReadAction","target":["https:\/\/jblanz.de\/WP\/5-juli-2022-bastei-im-elbsandsteingebirge-und-dresden\/"]}]},{"@type":"ImageObject","inLanguage":"de","@id":"https:\/\/jblanz.de\/WP\/5-juli-2022-bastei-im-elbsandsteingebirge-und-dresden\/#primaryimage","url":"https:\/\/jblanz.de\/WP\/wp-content\/uploads\/2022\/07\/2022Deutschland_105.jpg","contentUrl":"https:\/\/jblanz.de\/WP\/wp-content\/uploads\/2022\/07\/2022Deutschland_105.jpg","width":800,"height":450},{"@type":"BreadcrumbList","@id":"https:\/\/jblanz.de\/WP\/5-juli-2022-bastei-im-elbsandsteingebirge-und-dresden\/#breadcrumb","itemListElement":[{"@type":"ListItem","position":1,"name":"Startseite","item":"https:\/\/jblanz.de\/WP\/"},{"@type":"ListItem","position":2,"name":"5. Juli 2022 &#8211; Bastei im Elbsandsteingebirge und Dresden"}]},{"@type":"WebSite","@id":"https:\/\/jblanz.de\/WP\/#website","url":"https:\/\/jblanz.de\/WP\/","name":"Reiseblog von Karin & Joachim","description":"Wir schreiben den Blog f\u00fcr uns als Erinnerung - f\u00fcr euch als Inspiration","publisher":{"@id":"https:\/\/jblanz.de\/WP\/#\/schema\/person\/17a70f07162e42bc0b181c22397286e0"},"potentialAction":[{"@type":"SearchAction","target":{"@type":"EntryPoint","urlTemplate":"https:\/\/jblanz.de\/WP\/?s={search_term_string}"},"query-input":{"@type":"PropertyValueSpecification","valueRequired":true,"valueName":"search_term_string"}}],"inLanguage":"de"},{"@type":["Person","Organization"],"@id":"https:\/\/jblanz.de\/WP\/#\/schema\/person\/17a70f07162e42bc0b181c22397286e0","name":"Achim","image":{"@type":"ImageObject","inLanguage":"de","@id":"https:\/\/secure.gravatar.com\/avatar\/b7ab31bc55956af4a9bebf7fd034761212b11b803b7e39464914d6abeefb12f3?s=96&d=mm&r=g","url":"https:\/\/secure.gravatar.com\/avatar\/b7ab31bc55956af4a9bebf7fd034761212b11b803b7e39464914d6abeefb12f3?s=96&d=mm&r=g","contentUrl":"https:\/\/secure.gravatar.com\/avatar\/b7ab31bc55956af4a9bebf7fd034761212b11b803b7e39464914d6abeefb12f3?s=96&d=mm&r=g","caption":"Achim"},"logo":{"@id":"https:\/\/secure.gravatar.com\/avatar\/b7ab31bc55956af4a9bebf7fd034761212b11b803b7e39464914d6abeefb12f3?s=96&d=mm&r=g"},"url":"https:\/\/jblanz.de\/WP\/author\/achim\/"}]}},"_links":{"self":[{"href":"https:\/\/jblanz.de\/WP\/wp-json\/wp\/v2\/posts\/12311","targetHints":{"allow":["GET"]}}],"collection":[{"href":"https:\/\/jblanz.de\/WP\/wp-json\/wp\/v2\/posts"}],"about":[{"href":"https:\/\/jblanz.de\/WP\/wp-json\/wp\/v2\/types\/post"}],"author":[{"embeddable":true,"href":"https:\/\/jblanz.de\/WP\/wp-json\/wp\/v2\/users\/1"}],"replies":[{"embeddable":true,"href":"https:\/\/jblanz.de\/WP\/wp-json\/wp\/v2\/comments?post=12311"}],"version-history":[{"count":0,"href":"https:\/\/jblanz.de\/WP\/wp-json\/wp\/v2\/posts\/12311\/revisions"}],"wp:featuredmedia":[{"embeddable":true,"href":"https:\/\/jblanz.de\/WP\/wp-json\/wp\/v2\/media\/12380"}],"wp:attachment":[{"href":"https:\/\/jblanz.de\/WP\/wp-json\/wp\/v2\/media?parent=12311"}],"wp:term":[{"taxonomy":"category","embeddable":true,"href":"https:\/\/jblanz.de\/WP\/wp-json\/wp\/v2\/categories?post=12311"},{"taxonomy":"post_tag","embeddable":true,"href":"https:\/\/jblanz.de\/WP\/wp-json\/wp\/v2\/tags?post=12311"}],"curies":[{"name":"wp","href":"https:\/\/api.w.org\/{rel}","templated":true}]}}