{"id":12800,"date":"2022-07-17T18:49:55","date_gmt":"2022-07-17T16:49:55","guid":{"rendered":"https:\/\/jblanz.de\/WP\/?p=12800"},"modified":"2022-07-17T22:15:10","modified_gmt":"2022-07-17T20:15:10","slug":"17-juli-2022-weiterfahrt","status":"publish","type":"post","link":"https:\/\/jblanz.de\/WP\/17-juli-2022-weiterfahrt\/","title":{"rendered":"17. Juli 2022 &#8211; Weiterfahrt &#8230;."},"content":{"rendered":"\n<p>Als wir morgens losfuhren, hatten wir keinen Ahnung, wohin uns die Fahrt f\u00fchren w\u00fcrde. Wir wollten ein paar Tage am Meer verbringen, aber laut Internet gab es keine freien Pl\u00e4tze auf den Campingpl\u00e4tzen in Zeeland und Wildcampen ist in Holland verboten. Mein Anfragen bei Campingpl\u00e4tzen via Email wurden entweder nicht beantwortet oder negativ beschieden. Wir fuhren trotzdem los und sahen die Suche sportlich. Schauen wir mal, was sich auftun wird. Gestern begannen in Holland die Sommerferien und auf den Strassen zeigte sich, dass viele unterwegs waren. Es war nat\u00fcrlich auch dem tollen Wetter, den jetzt gl\u00fccklicherweise h\u00f6heren Temperaturen und dem Sonntag geschuldet. Manchmal kamen wir an abgetrennten Meeresarmen oder Nordseestr\u00e4nden vorbei, an denen zig Wohnmobile standen und wir wussten nicht, ob sie dort \u00fcbernachten oder abends abreisen. Wir jedenfalls hatten keine Lust abends von der Polizei verscheucht zu werden. Wir beschlossen daher bis Belgien weiterzufahren und die Abk\u00fcrzung durch den Westerscheldetunnel zu nehmen. Die Durchfahrt des 6,6 km langen Tunnels kostete 7,25 \u20ac und ging tief unter dem Meer durch. Reisen in Holland ist ja nicht unbedingt mit sehenswerten Landschaften verbunden. Meistens sieht man das Meer nicht, obwohl es nur 1 km entfernt ist.Danach sahen wir einen Camping und beschlossen spontan dort mal zu fragen. Und tats\u00e4chlich, wir bekamen einen Stellplatz im Oostappen Vakantiepark Marina Beach &#8211; allerdings zu Hochsaisonpreisen 54 \u20ac pro Nacht direkt am Wasser. Daf\u00fcr werden wir mit einem Platz belohnt, wie wir in selten hatten. Ringsum nur ein einziger Wohnwagen und das Wohnmobil steht direkt am Wasser. Einschr\u00e4nkend muss man bemerken, dass das Wasser nur h\u00fcfttief, recht warm ist und etwas brackig riecht. Aber wir k\u00f6nnen uns ja mit der Aussendusche nach dem Baden abduschen. Als wir mit dem Fahrrad das Restaurant suchen, um einen Kaffee zu trinken, \u00fcberrascht uns die Dimension der Marina, die \u00fcberwiegend aus angelegten Mobilhomes besteht. Die meisten sind unbewohnt. Alles hat irgendwie einen toten Charakter. Hier wollen wir nicht noch eine Nacht verbringen. Am WoMo erz\u00e4hlte uns ein Camper aus Neuss, dass er schon seit 15 Jahren hierher kommt. Er hatte ein Mobilhome fest installiert und wunderte sich, dass so wenig Leute hier sind. In den letzten Jahren w\u00e4re der Platz durchgehend recht voll gewesen, aber dieses Jahr w\u00fcrden ja viele Leute mit dem Flugzeug verrreisen. Wir genossen auch noch den wundersch\u00f6nen Sonnenuntergang. Man h\u00f6rte lediglich die Enten und irgendwann das Surren der Schnaken, um einen herum.<\/p>\n\n\n\n<figure class=\"wp-block-gallery has-nested-images columns-2 is-cropped wp-block-gallery-2 is-layout-flex wp-block-gallery-is-layout-flex\">\n<figure class=\"wp-block-image size-large\"><img loading=\"lazy\" decoding=\"async\" width=\"800\" height=\"450\" data-id=\"12829\" src=\"https:\/\/jblanz.de\/WP\/wp-content\/uploads\/2022\/07\/Deutschland_22_526.jpg\" alt=\"\" class=\"wp-image-12829\" srcset=\"https:\/\/jblanz.de\/WP\/wp-content\/uploads\/2022\/07\/Deutschland_22_526.jpg 800w, https:\/\/jblanz.de\/WP\/wp-content\/uploads\/2022\/07\/Deutschland_22_526-300x169.jpg 300w, https:\/\/jblanz.de\/WP\/wp-content\/uploads\/2022\/07\/Deutschland_22_526-768x432.jpg 768w\" sizes=\"auto, (max-width: 800px) 100vw, 800px\" \/><\/figure>\n\n\n\n<figure class=\"wp-block-image size-large\"><img loading=\"lazy\" decoding=\"async\" width=\"800\" height=\"450\" data-id=\"12831\" src=\"https:\/\/jblanz.de\/WP\/wp-content\/uploads\/2022\/07\/Deutschland_22_512.jpg\" alt=\"\" class=\"wp-image-12831\" srcset=\"https:\/\/jblanz.de\/WP\/wp-content\/uploads\/2022\/07\/Deutschland_22_512.jpg 800w, https:\/\/jblanz.de\/WP\/wp-content\/uploads\/2022\/07\/Deutschland_22_512-300x169.jpg 300w, https:\/\/jblanz.de\/WP\/wp-content\/uploads\/2022\/07\/Deutschland_22_512-768x432.jpg 768w\" sizes=\"auto, (max-width: 800px) 100vw, 800px\" \/><\/figure>\n\n\n\n<figure class=\"wp-block-image size-large\"><img loading=\"lazy\" decoding=\"async\" width=\"800\" height=\"450\" data-id=\"12832\" src=\"https:\/\/jblanz.de\/WP\/wp-content\/uploads\/2022\/07\/Deutschland_22_513.jpg\" alt=\"\" class=\"wp-image-12832\" srcset=\"https:\/\/jblanz.de\/WP\/wp-content\/uploads\/2022\/07\/Deutschland_22_513.jpg 800w, https:\/\/jblanz.de\/WP\/wp-content\/uploads\/2022\/07\/Deutschland_22_513-300x169.jpg 300w, https:\/\/jblanz.de\/WP\/wp-content\/uploads\/2022\/07\/Deutschland_22_513-768x432.jpg 768w\" sizes=\"auto, (max-width: 800px) 100vw, 800px\" \/><\/figure>\n\n\n\n<figure class=\"wp-block-image size-large\"><img loading=\"lazy\" decoding=\"async\" width=\"800\" height=\"450\" data-id=\"12826\" src=\"https:\/\/jblanz.de\/WP\/wp-content\/uploads\/2022\/07\/Deutschland_22_521.jpg\" alt=\"\" class=\"wp-image-12826\" srcset=\"https:\/\/jblanz.de\/WP\/wp-content\/uploads\/2022\/07\/Deutschland_22_521.jpg 800w, https:\/\/jblanz.de\/WP\/wp-content\/uploads\/2022\/07\/Deutschland_22_521-300x169.jpg 300w, https:\/\/jblanz.de\/WP\/wp-content\/uploads\/2022\/07\/Deutschland_22_521-768x432.jpg 768w\" sizes=\"auto, (max-width: 800px) 100vw, 800px\" \/><\/figure>\n\n\n\n<figure class=\"wp-block-image size-large\"><img loading=\"lazy\" decoding=\"async\" width=\"800\" height=\"450\" data-id=\"12824\" src=\"https:\/\/jblanz.de\/WP\/wp-content\/uploads\/2022\/07\/Deutschland_22_502.jpg\" alt=\"\" class=\"wp-image-12824\" srcset=\"https:\/\/jblanz.de\/WP\/wp-content\/uploads\/2022\/07\/Deutschland_22_502.jpg 800w, https:\/\/jblanz.de\/WP\/wp-content\/uploads\/2022\/07\/Deutschland_22_502-300x169.jpg 300w, https:\/\/jblanz.de\/WP\/wp-content\/uploads\/2022\/07\/Deutschland_22_502-768x432.jpg 768w\" sizes=\"auto, (max-width: 800px) 100vw, 800px\" \/><\/figure>\n<\/figure>\n","protected":false},"excerpt":{"rendered":"<p>Als wir morgens losfuhren, hatten wir keinen Ahnung, wohin uns die Fahrt f\u00fchren w\u00fcrde. Wir wollten ein paar Tage am<\/p>\n","protected":false},"author":1,"featured_media":12834,"comment_status":"open","ping_status":"open","sticky":false,"template":"","format":"standard","meta":{"colormag_page_container_layout":"default_layout","colormag_page_sidebar_layout":"default_layout","_monsterinsights_skip_tracking":false,"_monsterinsights_sitenote_active":false,"_monsterinsights_sitenote_note":"","_monsterinsights_sitenote_category":0,"footnotes":""},"categories":[245,159,249],"tags":[],"class_list":["post-12800","post","type-post","status-publish","format-standard","has-post-thumbnail","hentry","category-245","category-europa","category-niederlande"],"yoast_head":"<!-- This site is optimized with the Yoast SEO plugin v27.4 - https:\/\/yoast.com\/product\/yoast-seo-wordpress\/ -->\n<title>17. Juli 2022 - Weiterfahrt .... - Reiseblog von Karin &amp; Joachim<\/title>\n<meta name=\"robots\" content=\"index, follow, max-snippet:-1, max-image-preview:large, max-video-preview:-1\" \/>\n<link rel=\"canonical\" href=\"https:\/\/jblanz.de\/WP\/17-juli-2022-weiterfahrt\/\" \/>\n<meta property=\"og:locale\" content=\"de_DE\" \/>\n<meta property=\"og:type\" content=\"article\" \/>\n<meta property=\"og:title\" content=\"17. Juli 2022 - Weiterfahrt .... - Reiseblog von Karin &amp; Joachim\" \/>\n<meta property=\"og:description\" content=\"Als wir morgens losfuhren, hatten wir keinen Ahnung, wohin uns die Fahrt f\u00fchren w\u00fcrde. Wir wollten ein paar Tage am\" \/>\n<meta property=\"og:url\" content=\"https:\/\/jblanz.de\/WP\/17-juli-2022-weiterfahrt\/\" \/>\n<meta property=\"og:site_name\" content=\"Reiseblog von Karin &amp; Joachim\" \/>\n<meta property=\"article:published_time\" content=\"2022-07-17T16:49:55+00:00\" \/>\n<meta property=\"article:modified_time\" content=\"2022-07-17T20:15:10+00:00\" \/>\n<meta property=\"og:image\" content=\"https:\/\/jblanz.de\/WP\/wp-content\/uploads\/2022\/07\/Deutschland_22_501-1.jpg\" \/>\n\t<meta property=\"og:image:width\" content=\"800\" \/>\n\t<meta property=\"og:image:height\" content=\"450\" \/>\n\t<meta property=\"og:image:type\" content=\"image\/jpeg\" \/>\n<meta name=\"author\" content=\"Achim\" \/>\n<meta name=\"twitter:card\" content=\"summary_large_image\" \/>\n<meta name=\"twitter:label1\" content=\"Verfasst von\" \/>\n\t<meta name=\"twitter:data1\" content=\"Achim\" \/>\n\t<meta name=\"twitter:label2\" content=\"Gesch\u00e4tzte Lesezeit\" \/>\n\t<meta name=\"twitter:data2\" content=\"4\u00a0Minuten\" \/>\n<script type=\"application\/ld+json\" class=\"yoast-schema-graph\">{\"@context\":\"https:\\\/\\\/schema.org\",\"@graph\":[{\"@type\":\"Article\",\"@id\":\"https:\\\/\\\/jblanz.de\\\/WP\\\/17-juli-2022-weiterfahrt\\\/#article\",\"isPartOf\":{\"@id\":\"https:\\\/\\\/jblanz.de\\\/WP\\\/17-juli-2022-weiterfahrt\\\/\"},\"author\":{\"name\":\"Achim\",\"@id\":\"https:\\\/\\\/jblanz.de\\\/WP\\\/#\\\/schema\\\/person\\\/17a70f07162e42bc0b181c22397286e0\"},\"headline\":\"17. Juli 2022 &#8211; Weiterfahrt &#8230;.\",\"datePublished\":\"2022-07-17T16:49:55+00:00\",\"dateModified\":\"2022-07-17T20:15:10+00:00\",\"mainEntityOfPage\":{\"@id\":\"https:\\\/\\\/jblanz.de\\\/WP\\\/17-juli-2022-weiterfahrt\\\/\"},\"wordCount\":413,\"commentCount\":0,\"publisher\":{\"@id\":\"https:\\\/\\\/jblanz.de\\\/WP\\\/#\\\/schema\\\/person\\\/17a70f07162e42bc0b181c22397286e0\"},\"image\":{\"@id\":\"https:\\\/\\\/jblanz.de\\\/WP\\\/17-juli-2022-weiterfahrt\\\/#primaryimage\"},\"thumbnailUrl\":\"https:\\\/\\\/jblanz.de\\\/WP\\\/wp-content\\\/uploads\\\/2022\\\/07\\\/Deutschland_22_501-1.jpg\",\"articleSection\":[\"2022\",\"Europa\",\"Niederlande\"],\"inLanguage\":\"de\",\"potentialAction\":[{\"@type\":\"CommentAction\",\"name\":\"Comment\",\"target\":[\"https:\\\/\\\/jblanz.de\\\/WP\\\/17-juli-2022-weiterfahrt\\\/#respond\"]}]},{\"@type\":\"WebPage\",\"@id\":\"https:\\\/\\\/jblanz.de\\\/WP\\\/17-juli-2022-weiterfahrt\\\/\",\"url\":\"https:\\\/\\\/jblanz.de\\\/WP\\\/17-juli-2022-weiterfahrt\\\/\",\"name\":\"17. Juli 2022 - Weiterfahrt .... - Reiseblog von Karin &amp; Joachim\",\"isPartOf\":{\"@id\":\"https:\\\/\\\/jblanz.de\\\/WP\\\/#website\"},\"primaryImageOfPage\":{\"@id\":\"https:\\\/\\\/jblanz.de\\\/WP\\\/17-juli-2022-weiterfahrt\\\/#primaryimage\"},\"image\":{\"@id\":\"https:\\\/\\\/jblanz.de\\\/WP\\\/17-juli-2022-weiterfahrt\\\/#primaryimage\"},\"thumbnailUrl\":\"https:\\\/\\\/jblanz.de\\\/WP\\\/wp-content\\\/uploads\\\/2022\\\/07\\\/Deutschland_22_501-1.jpg\",\"datePublished\":\"2022-07-17T16:49:55+00:00\",\"dateModified\":\"2022-07-17T20:15:10+00:00\",\"breadcrumb\":{\"@id\":\"https:\\\/\\\/jblanz.de\\\/WP\\\/17-juli-2022-weiterfahrt\\\/#breadcrumb\"},\"inLanguage\":\"de\",\"potentialAction\":[{\"@type\":\"ReadAction\",\"target\":[\"https:\\\/\\\/jblanz.de\\\/WP\\\/17-juli-2022-weiterfahrt\\\/\"]}]},{\"@type\":\"ImageObject\",\"inLanguage\":\"de\",\"@id\":\"https:\\\/\\\/jblanz.de\\\/WP\\\/17-juli-2022-weiterfahrt\\\/#primaryimage\",\"url\":\"https:\\\/\\\/jblanz.de\\\/WP\\\/wp-content\\\/uploads\\\/2022\\\/07\\\/Deutschland_22_501-1.jpg\",\"contentUrl\":\"https:\\\/\\\/jblanz.de\\\/WP\\\/wp-content\\\/uploads\\\/2022\\\/07\\\/Deutschland_22_501-1.jpg\",\"width\":800,\"height\":450},{\"@type\":\"BreadcrumbList\",\"@id\":\"https:\\\/\\\/jblanz.de\\\/WP\\\/17-juli-2022-weiterfahrt\\\/#breadcrumb\",\"itemListElement\":[{\"@type\":\"ListItem\",\"position\":1,\"name\":\"Startseite\",\"item\":\"https:\\\/\\\/jblanz.de\\\/WP\\\/\"},{\"@type\":\"ListItem\",\"position\":2,\"name\":\"17. Juli 2022 &#8211; Weiterfahrt &#8230;.\"}]},{\"@type\":\"WebSite\",\"@id\":\"https:\\\/\\\/jblanz.de\\\/WP\\\/#website\",\"url\":\"https:\\\/\\\/jblanz.de\\\/WP\\\/\",\"name\":\"Reiseblog von Karin & Joachim\",\"description\":\"Wir schreiben den Blog f\u00fcr uns als Erinnerung - f\u00fcr euch als Inspiration\",\"publisher\":{\"@id\":\"https:\\\/\\\/jblanz.de\\\/WP\\\/#\\\/schema\\\/person\\\/17a70f07162e42bc0b181c22397286e0\"},\"potentialAction\":[{\"@type\":\"SearchAction\",\"target\":{\"@type\":\"EntryPoint\",\"urlTemplate\":\"https:\\\/\\\/jblanz.de\\\/WP\\\/?s={search_term_string}\"},\"query-input\":{\"@type\":\"PropertyValueSpecification\",\"valueRequired\":true,\"valueName\":\"search_term_string\"}}],\"inLanguage\":\"de\"},{\"@type\":[\"Person\",\"Organization\"],\"@id\":\"https:\\\/\\\/jblanz.de\\\/WP\\\/#\\\/schema\\\/person\\\/17a70f07162e42bc0b181c22397286e0\",\"name\":\"Achim\",\"image\":{\"@type\":\"ImageObject\",\"inLanguage\":\"de\",\"@id\":\"https:\\\/\\\/secure.gravatar.com\\\/avatar\\\/b7ab31bc55956af4a9bebf7fd034761212b11b803b7e39464914d6abeefb12f3?s=96&d=mm&r=g\",\"url\":\"https:\\\/\\\/secure.gravatar.com\\\/avatar\\\/b7ab31bc55956af4a9bebf7fd034761212b11b803b7e39464914d6abeefb12f3?s=96&d=mm&r=g\",\"contentUrl\":\"https:\\\/\\\/secure.gravatar.com\\\/avatar\\\/b7ab31bc55956af4a9bebf7fd034761212b11b803b7e39464914d6abeefb12f3?s=96&d=mm&r=g\",\"caption\":\"Achim\"},\"logo\":{\"@id\":\"https:\\\/\\\/secure.gravatar.com\\\/avatar\\\/b7ab31bc55956af4a9bebf7fd034761212b11b803b7e39464914d6abeefb12f3?s=96&d=mm&r=g\"},\"url\":\"https:\\\/\\\/jblanz.de\\\/WP\\\/author\\\/achim\\\/\"}]}<\/script>\n<!-- \/ Yoast SEO plugin. -->","yoast_head_json":{"title":"17. Juli 2022 - Weiterfahrt .... - Reiseblog von Karin &amp; Joachim","robots":{"index":"index","follow":"follow","max-snippet":"max-snippet:-1","max-image-preview":"max-image-preview:large","max-video-preview":"max-video-preview:-1"},"canonical":"https:\/\/jblanz.de\/WP\/17-juli-2022-weiterfahrt\/","og_locale":"de_DE","og_type":"article","og_title":"17. Juli 2022 - Weiterfahrt .... - Reiseblog von Karin &amp; Joachim","og_description":"Als wir morgens losfuhren, hatten wir keinen Ahnung, wohin uns die Fahrt f\u00fchren w\u00fcrde. Wir wollten ein paar Tage am","og_url":"https:\/\/jblanz.de\/WP\/17-juli-2022-weiterfahrt\/","og_site_name":"Reiseblog von Karin &amp; Joachim","article_published_time":"2022-07-17T16:49:55+00:00","article_modified_time":"2022-07-17T20:15:10+00:00","og_image":[{"width":800,"height":450,"url":"https:\/\/jblanz.de\/WP\/wp-content\/uploads\/2022\/07\/Deutschland_22_501-1.jpg","type":"image\/jpeg"}],"author":"Achim","twitter_card":"summary_large_image","twitter_misc":{"Verfasst von":"Achim","Gesch\u00e4tzte Lesezeit":"4\u00a0Minuten"},"schema":{"@context":"https:\/\/schema.org","@graph":[{"@type":"Article","@id":"https:\/\/jblanz.de\/WP\/17-juli-2022-weiterfahrt\/#article","isPartOf":{"@id":"https:\/\/jblanz.de\/WP\/17-juli-2022-weiterfahrt\/"},"author":{"name":"Achim","@id":"https:\/\/jblanz.de\/WP\/#\/schema\/person\/17a70f07162e42bc0b181c22397286e0"},"headline":"17. Juli 2022 &#8211; Weiterfahrt &#8230;.","datePublished":"2022-07-17T16:49:55+00:00","dateModified":"2022-07-17T20:15:10+00:00","mainEntityOfPage":{"@id":"https:\/\/jblanz.de\/WP\/17-juli-2022-weiterfahrt\/"},"wordCount":413,"commentCount":0,"publisher":{"@id":"https:\/\/jblanz.de\/WP\/#\/schema\/person\/17a70f07162e42bc0b181c22397286e0"},"image":{"@id":"https:\/\/jblanz.de\/WP\/17-juli-2022-weiterfahrt\/#primaryimage"},"thumbnailUrl":"https:\/\/jblanz.de\/WP\/wp-content\/uploads\/2022\/07\/Deutschland_22_501-1.jpg","articleSection":["2022","Europa","Niederlande"],"inLanguage":"de","potentialAction":[{"@type":"CommentAction","name":"Comment","target":["https:\/\/jblanz.de\/WP\/17-juli-2022-weiterfahrt\/#respond"]}]},{"@type":"WebPage","@id":"https:\/\/jblanz.de\/WP\/17-juli-2022-weiterfahrt\/","url":"https:\/\/jblanz.de\/WP\/17-juli-2022-weiterfahrt\/","name":"17. Juli 2022 - Weiterfahrt .... - Reiseblog von Karin &amp; Joachim","isPartOf":{"@id":"https:\/\/jblanz.de\/WP\/#website"},"primaryImageOfPage":{"@id":"https:\/\/jblanz.de\/WP\/17-juli-2022-weiterfahrt\/#primaryimage"},"image":{"@id":"https:\/\/jblanz.de\/WP\/17-juli-2022-weiterfahrt\/#primaryimage"},"thumbnailUrl":"https:\/\/jblanz.de\/WP\/wp-content\/uploads\/2022\/07\/Deutschland_22_501-1.jpg","datePublished":"2022-07-17T16:49:55+00:00","dateModified":"2022-07-17T20:15:10+00:00","breadcrumb":{"@id":"https:\/\/jblanz.de\/WP\/17-juli-2022-weiterfahrt\/#breadcrumb"},"inLanguage":"de","potentialAction":[{"@type":"ReadAction","target":["https:\/\/jblanz.de\/WP\/17-juli-2022-weiterfahrt\/"]}]},{"@type":"ImageObject","inLanguage":"de","@id":"https:\/\/jblanz.de\/WP\/17-juli-2022-weiterfahrt\/#primaryimage","url":"https:\/\/jblanz.de\/WP\/wp-content\/uploads\/2022\/07\/Deutschland_22_501-1.jpg","contentUrl":"https:\/\/jblanz.de\/WP\/wp-content\/uploads\/2022\/07\/Deutschland_22_501-1.jpg","width":800,"height":450},{"@type":"BreadcrumbList","@id":"https:\/\/jblanz.de\/WP\/17-juli-2022-weiterfahrt\/#breadcrumb","itemListElement":[{"@type":"ListItem","position":1,"name":"Startseite","item":"https:\/\/jblanz.de\/WP\/"},{"@type":"ListItem","position":2,"name":"17. Juli 2022 &#8211; Weiterfahrt &#8230;."}]},{"@type":"WebSite","@id":"https:\/\/jblanz.de\/WP\/#website","url":"https:\/\/jblanz.de\/WP\/","name":"Reiseblog von Karin & Joachim","description":"Wir schreiben den Blog f\u00fcr uns als Erinnerung - f\u00fcr euch als Inspiration","publisher":{"@id":"https:\/\/jblanz.de\/WP\/#\/schema\/person\/17a70f07162e42bc0b181c22397286e0"},"potentialAction":[{"@type":"SearchAction","target":{"@type":"EntryPoint","urlTemplate":"https:\/\/jblanz.de\/WP\/?s={search_term_string}"},"query-input":{"@type":"PropertyValueSpecification","valueRequired":true,"valueName":"search_term_string"}}],"inLanguage":"de"},{"@type":["Person","Organization"],"@id":"https:\/\/jblanz.de\/WP\/#\/schema\/person\/17a70f07162e42bc0b181c22397286e0","name":"Achim","image":{"@type":"ImageObject","inLanguage":"de","@id":"https:\/\/secure.gravatar.com\/avatar\/b7ab31bc55956af4a9bebf7fd034761212b11b803b7e39464914d6abeefb12f3?s=96&d=mm&r=g","url":"https:\/\/secure.gravatar.com\/avatar\/b7ab31bc55956af4a9bebf7fd034761212b11b803b7e39464914d6abeefb12f3?s=96&d=mm&r=g","contentUrl":"https:\/\/secure.gravatar.com\/avatar\/b7ab31bc55956af4a9bebf7fd034761212b11b803b7e39464914d6abeefb12f3?s=96&d=mm&r=g","caption":"Achim"},"logo":{"@id":"https:\/\/secure.gravatar.com\/avatar\/b7ab31bc55956af4a9bebf7fd034761212b11b803b7e39464914d6abeefb12f3?s=96&d=mm&r=g"},"url":"https:\/\/jblanz.de\/WP\/author\/achim\/"}]}},"_links":{"self":[{"href":"https:\/\/jblanz.de\/WP\/wp-json\/wp\/v2\/posts\/12800","targetHints":{"allow":["GET"]}}],"collection":[{"href":"https:\/\/jblanz.de\/WP\/wp-json\/wp\/v2\/posts"}],"about":[{"href":"https:\/\/jblanz.de\/WP\/wp-json\/wp\/v2\/types\/post"}],"author":[{"embeddable":true,"href":"https:\/\/jblanz.de\/WP\/wp-json\/wp\/v2\/users\/1"}],"replies":[{"embeddable":true,"href":"https:\/\/jblanz.de\/WP\/wp-json\/wp\/v2\/comments?post=12800"}],"version-history":[{"count":0,"href":"https:\/\/jblanz.de\/WP\/wp-json\/wp\/v2\/posts\/12800\/revisions"}],"wp:featuredmedia":[{"embeddable":true,"href":"https:\/\/jblanz.de\/WP\/wp-json\/wp\/v2\/media\/12834"}],"wp:attachment":[{"href":"https:\/\/jblanz.de\/WP\/wp-json\/wp\/v2\/media?parent=12800"}],"wp:term":[{"taxonomy":"category","embeddable":true,"href":"https:\/\/jblanz.de\/WP\/wp-json\/wp\/v2\/categories?post=12800"},{"taxonomy":"post_tag","embeddable":true,"href":"https:\/\/jblanz.de\/WP\/wp-json\/wp\/v2\/tags?post=12800"}],"curies":[{"name":"wp","href":"https:\/\/api.w.org\/{rel}","templated":true}]}}