{"id":13070,"date":"2022-07-22T19:37:00","date_gmt":"2022-07-22T17:37:00","guid":{"rendered":"https:\/\/jblanz.de\/WP\/?p=13070"},"modified":"2022-07-24T08:57:34","modified_gmt":"2022-07-24T06:57:34","slug":"22-juli-2022-burg-vianden-luxemburg","status":"publish","type":"post","link":"https:\/\/jblanz.de\/WP\/22-juli-2022-burg-vianden-luxemburg\/","title":{"rendered":"22. Juli 2022 &#8211; Burg Vianden &#038; Stadt Luxemburg"},"content":{"rendered":"\n<p>Nach Fr\u00fchst\u00fcck und Dusche gings los Richtung Luxemburg. Wir entschieden uns einen kleinen Umweg zu fahren (fast 70 km), um in Vianden das Ch\u00e2teau anzuschauen. Schloss Vianden wurde 2019 von CNN als eines der 21 sch\u00f6nsten Schl\u00f6sser der Welt aufgef\u00fchrt. Wir fanden einen Parkplatz unten im Dorf und marschierten den Weg zum Schloss hoch. Wandern sind wir nicht mehr so gew\u00f6hnt\u2026. Es war hei\u00df und steil, aber nach etwa 20 Minuten hatten wir es geschafft und einen super Blick \u00fcber die ganze Gegend. Das Schloss war naja, ganz ok, aber auch nichts weltbewegendes. Auf verschiedenen Schautafeln konnte man die Entwicklung w\u00e4hrend der letzten Jahrhunderte begutachten und in verschiedenen R\u00e4umen Waffen, Kleidung, K\u00fccheneinrichtungen und -utensilien anschauen. Interessant war eine Schautafel auf der gezeigt wurde, wie man die Kettenhemden f\u00fcr die Ritter hergestellt hat. Auf dem R\u00fcckweg zum Auto kauften wir noch Brot und ein paar s\u00fc\u00dfe St\u00fcckchen f\u00fcr den Kaffee ein, tankten f\u00fcr 1,790 \u20ac\/L den Bus voll und fuhren dann weiter Richtung Luxemburg.<\/p>\n\n\n\n<figure class=\"wp-block-gallery has-nested-images columns-2 is-cropped wp-block-gallery-2 is-layout-flex wp-block-gallery-is-layout-flex\">\n<figure class=\"wp-block-image size-large\"><img loading=\"lazy\" decoding=\"async\" width=\"800\" height=\"450\" data-id=\"13154\" src=\"https:\/\/jblanz.de\/WP\/wp-content\/uploads\/2022\/07\/Deutschland_22_727-1.jpg\" alt=\"\" class=\"wp-image-13154\" srcset=\"https:\/\/jblanz.de\/WP\/wp-content\/uploads\/2022\/07\/Deutschland_22_727-1.jpg 800w, https:\/\/jblanz.de\/WP\/wp-content\/uploads\/2022\/07\/Deutschland_22_727-1-300x169.jpg 300w, https:\/\/jblanz.de\/WP\/wp-content\/uploads\/2022\/07\/Deutschland_22_727-1-768x432.jpg 768w\" sizes=\"auto, (max-width: 800px) 100vw, 800px\" \/><\/figure>\n\n\n\n<figure class=\"wp-block-image size-large\"><img loading=\"lazy\" decoding=\"async\" width=\"800\" height=\"450\" data-id=\"13153\" src=\"https:\/\/jblanz.de\/WP\/wp-content\/uploads\/2022\/07\/Deutschland_22_731.jpg\" alt=\"\" class=\"wp-image-13153\" srcset=\"https:\/\/jblanz.de\/WP\/wp-content\/uploads\/2022\/07\/Deutschland_22_731.jpg 800w, https:\/\/jblanz.de\/WP\/wp-content\/uploads\/2022\/07\/Deutschland_22_731-300x169.jpg 300w, https:\/\/jblanz.de\/WP\/wp-content\/uploads\/2022\/07\/Deutschland_22_731-768x432.jpg 768w\" sizes=\"auto, (max-width: 800px) 100vw, 800px\" \/><\/figure>\n\n\n\n<figure class=\"wp-block-image size-large\"><img loading=\"lazy\" decoding=\"async\" width=\"800\" height=\"450\" data-id=\"13159\" src=\"https:\/\/jblanz.de\/WP\/wp-content\/uploads\/2022\/07\/Deutschland_22_733.jpg\" alt=\"\" class=\"wp-image-13159\" srcset=\"https:\/\/jblanz.de\/WP\/wp-content\/uploads\/2022\/07\/Deutschland_22_733.jpg 800w, https:\/\/jblanz.de\/WP\/wp-content\/uploads\/2022\/07\/Deutschland_22_733-300x169.jpg 300w, https:\/\/jblanz.de\/WP\/wp-content\/uploads\/2022\/07\/Deutschland_22_733-768x432.jpg 768w\" sizes=\"auto, (max-width: 800px) 100vw, 800px\" \/><\/figure>\n\n\n\n<figure class=\"wp-block-image size-large\"><img loading=\"lazy\" decoding=\"async\" width=\"800\" height=\"450\" data-id=\"13155\" src=\"https:\/\/jblanz.de\/WP\/wp-content\/uploads\/2022\/07\/Deutschland_22_737.jpg\" alt=\"\" class=\"wp-image-13155\" srcset=\"https:\/\/jblanz.de\/WP\/wp-content\/uploads\/2022\/07\/Deutschland_22_737.jpg 800w, https:\/\/jblanz.de\/WP\/wp-content\/uploads\/2022\/07\/Deutschland_22_737-300x169.jpg 300w, https:\/\/jblanz.de\/WP\/wp-content\/uploads\/2022\/07\/Deutschland_22_737-768x432.jpg 768w\" sizes=\"auto, (max-width: 800px) 100vw, 800px\" \/><\/figure>\n\n\n\n<figure class=\"wp-block-image size-large\"><img loading=\"lazy\" decoding=\"async\" width=\"800\" height=\"450\" data-id=\"13152\" src=\"https:\/\/jblanz.de\/WP\/wp-content\/uploads\/2022\/07\/Deutschland_22_738.jpg\" alt=\"\" class=\"wp-image-13152\" srcset=\"https:\/\/jblanz.de\/WP\/wp-content\/uploads\/2022\/07\/Deutschland_22_738.jpg 800w, https:\/\/jblanz.de\/WP\/wp-content\/uploads\/2022\/07\/Deutschland_22_738-300x169.jpg 300w, https:\/\/jblanz.de\/WP\/wp-content\/uploads\/2022\/07\/Deutschland_22_738-768x432.jpg 768w\" sizes=\"auto, (max-width: 800px) 100vw, 800px\" \/><\/figure>\n\n\n\n<figure class=\"wp-block-image size-large\"><img loading=\"lazy\" decoding=\"async\" width=\"800\" height=\"450\" data-id=\"13157\" src=\"https:\/\/jblanz.de\/WP\/wp-content\/uploads\/2022\/07\/Deutschland_22_739.jpg\" alt=\"\" class=\"wp-image-13157\" srcset=\"https:\/\/jblanz.de\/WP\/wp-content\/uploads\/2022\/07\/Deutschland_22_739.jpg 800w, https:\/\/jblanz.de\/WP\/wp-content\/uploads\/2022\/07\/Deutschland_22_739-300x169.jpg 300w, https:\/\/jblanz.de\/WP\/wp-content\/uploads\/2022\/07\/Deutschland_22_739-768x432.jpg 768w\" sizes=\"auto, (max-width: 800px) 100vw, 800px\" \/><\/figure>\n<\/figure>\n\n\n\n<p>Achim hatte schon vorgestern versucht, einen Platz auf einem der beiden Campingplatz, die es nahe Luxemburg gibt, zu reservieren, bekam aber eine Absage. Tja, das Wochenende naht und alle haben Ferien, das k\u00f6nnte schwierig werden. Also versuchten wir unser Gl\u00fcck bei einem anderen, an der Einfahrt leuchtete schon ein rotes Schild \u201ecomplete\u201c und zwei weitere Wohnmobile standen vor der Schranke. Achim hat es trotzdem versucht, ein Wohnmobil zog gleich wieder ab und da es so lange dauerte, sch\u00f6pfte ich schon Hoffnung. Achim muss all seinen Charme eingesetzt haben, denn wir bekamen wirklich noch den anscheinend letzten Platz gegen\u00fcber des geschlossenen Bistros,&nbsp; das aber geschlossen war. W\u00e4hrend wir reinfuhren, kamen mindestens noch drei Camper, alle zogen entt\u00e4uscht weiter! Manchmal muss man einfach Gl\u00fcck haben.<\/p>\n\n\n\n<p>Der Camping &#8222;Bon Acceuil&#8220; ist wirklich sch\u00f6n, viele grosse B\u00e4ume, gro\u00dfer Kinderspielplatz, supersaubere Duschen und Toiletten. Abends sollte ausserhalb des Platzes im Stadtpark ein Konzert stattfinden &#8211; Eintritt frei.<\/p>\n\n\n\n<p>Aber wir wollten erstmal die Stadt erkunden und so schwangen wir uns auf die R\u00e4der und fuhren die 10 km auf einem idyllischen Radweg entlang der Alzette durch Wald und Wiesen, vorbei an Schreberg\u00e4rten und Blumenwiesen und landeten schlie\u00dflich in der unteren Stadt. Es sollte irgendwo einen Fahrrad-Aufzug in die Oberstadt geben, den uns ein freundlicher Herr zeigte. Wir fuhren samt R\u00e4dern nach oben und landeten direkt vor dem Justizministerium. Dann ging es \u00fcber die Adolphebr\u00fccke zum Bahnhof. Da oben war ganz sch\u00f6n was los, eine breite Einkaufsmeile und jede Menge Menschen. Da wir den morgigen Tag sowieso nochmal hierher kommen wollten, fuhren wir nach einiger Zeit wieder mit dem Aufzug nach unten, denn unser Magen grummelt, wir hatten ja noch kein Mittagessen \ud83d\ude1f.<\/p>\n\n\n\n<figure class=\"wp-block-gallery has-nested-images columns-2 is-cropped wp-block-gallery-3 is-layout-flex wp-block-gallery-is-layout-flex\">\n<figure class=\"wp-block-image size-large\"><img loading=\"lazy\" decoding=\"async\" width=\"800\" height=\"450\" data-id=\"13179\" src=\"https:\/\/jblanz.de\/WP\/wp-content\/uploads\/2022\/07\/Deutschland_22_743.jpg\" alt=\"\" class=\"wp-image-13179\" srcset=\"https:\/\/jblanz.de\/WP\/wp-content\/uploads\/2022\/07\/Deutschland_22_743.jpg 800w, https:\/\/jblanz.de\/WP\/wp-content\/uploads\/2022\/07\/Deutschland_22_743-300x169.jpg 300w, https:\/\/jblanz.de\/WP\/wp-content\/uploads\/2022\/07\/Deutschland_22_743-768x432.jpg 768w\" sizes=\"auto, (max-width: 800px) 100vw, 800px\" \/><\/figure>\n\n\n\n<figure class=\"wp-block-image size-large\"><img loading=\"lazy\" decoding=\"async\" width=\"800\" height=\"450\" data-id=\"13176\" src=\"https:\/\/jblanz.de\/WP\/wp-content\/uploads\/2022\/07\/Deutschland_22_742.jpg\" alt=\"\" class=\"wp-image-13176\" srcset=\"https:\/\/jblanz.de\/WP\/wp-content\/uploads\/2022\/07\/Deutschland_22_742.jpg 800w, https:\/\/jblanz.de\/WP\/wp-content\/uploads\/2022\/07\/Deutschland_22_742-300x169.jpg 300w, https:\/\/jblanz.de\/WP\/wp-content\/uploads\/2022\/07\/Deutschland_22_742-768x432.jpg 768w\" sizes=\"auto, (max-width: 800px) 100vw, 800px\" \/><\/figure>\n\n\n\n<figure class=\"wp-block-image size-large\"><img loading=\"lazy\" decoding=\"async\" width=\"800\" height=\"450\" data-id=\"13177\" src=\"https:\/\/jblanz.de\/WP\/wp-content\/uploads\/2022\/07\/Deutschland_22_746.jpg\" alt=\"\" class=\"wp-image-13177\" srcset=\"https:\/\/jblanz.de\/WP\/wp-content\/uploads\/2022\/07\/Deutschland_22_746.jpg 800w, https:\/\/jblanz.de\/WP\/wp-content\/uploads\/2022\/07\/Deutschland_22_746-300x169.jpg 300w, https:\/\/jblanz.de\/WP\/wp-content\/uploads\/2022\/07\/Deutschland_22_746-768x432.jpg 768w\" sizes=\"auto, (max-width: 800px) 100vw, 800px\" \/><\/figure>\n\n\n\n<figure class=\"wp-block-image size-large\"><img loading=\"lazy\" decoding=\"async\" width=\"800\" height=\"450\" data-id=\"13178\" src=\"https:\/\/jblanz.de\/WP\/wp-content\/uploads\/2022\/07\/Deutschland_22_744.jpg\" alt=\"\" class=\"wp-image-13178\" srcset=\"https:\/\/jblanz.de\/WP\/wp-content\/uploads\/2022\/07\/Deutschland_22_744.jpg 800w, https:\/\/jblanz.de\/WP\/wp-content\/uploads\/2022\/07\/Deutschland_22_744-300x169.jpg 300w, https:\/\/jblanz.de\/WP\/wp-content\/uploads\/2022\/07\/Deutschland_22_744-768x432.jpg 768w\" sizes=\"auto, (max-width: 800px) 100vw, 800px\" \/><\/figure>\n<\/figure>\n\n\n\n<p>Im Hinterhof des Restaurants Bosso bekamen wir auch wieder einen der letzten Pl\u00e4tze. Der Hof war interessant gestaltet, Achim hat mir gleich versprochen, auch solche Gestelle aus Wasserrohren zu bauen, an denen man Gl\u00e4ser f\u00fcr Kerzen oder Blumen aufh\u00e4ngen kann. Mal sehen, was daraus wird. Die Speisekarte war reichhaltig und da eine luxemburgische Spezialit\u00e4t angepriesen wurde, probierte Achim sie gleich aus. Ich w\u00fcrde sagen, bei uns w\u00e4ren das Schupfnudeln und Sauerkraut, dort hie\u00df es Kniddelen mit unterschiedlichen Beilagen. Entweder mit Pilzen oder Speck und\/oder Sauerkraut. Achim entschied sich f\u00fcr letzeres und es schmeckte ihm sehr gut. Ich nahm Flammenkuchen, auch lecker. Nach einiger Zeit gesellte sich ein lustig aussehendes, englisch sprechendes P\u00e4rchen an den Nebentisch. Sie studierten eingehend die Speisekarte und versuchten alles via Handy zu \u00fcbersetzen. Da sie sich auch \u00fcber die Kniddelen unterhielten, aber nicht sicher waren, was das sein sollte, sprach ich sie an und zeigte auf Achims Teller. Sie kamen zum kucken und es war eine sehr lustige Situation. Ich h\u00e4tte sie ja auch noch probieren lassen, aber\u2026.. <\/p>\n\n\n\n<figure class=\"wp-block-gallery has-nested-images columns-2 is-cropped wp-block-gallery-4 is-layout-flex wp-block-gallery-is-layout-flex\">\n<figure class=\"wp-block-image size-full\"><img loading=\"lazy\" decoding=\"async\" width=\"800\" height=\"450\" data-id=\"13171\" src=\"https:\/\/jblanz.de\/WP\/wp-content\/uploads\/2022\/07\/Deutschland_22_754.jpg\" alt=\"\" class=\"wp-image-13171\" srcset=\"https:\/\/jblanz.de\/WP\/wp-content\/uploads\/2022\/07\/Deutschland_22_754.jpg 800w, https:\/\/jblanz.de\/WP\/wp-content\/uploads\/2022\/07\/Deutschland_22_754-300x169.jpg 300w, https:\/\/jblanz.de\/WP\/wp-content\/uploads\/2022\/07\/Deutschland_22_754-768x432.jpg 768w\" sizes=\"auto, (max-width: 800px) 100vw, 800px\" \/><\/figure>\n\n\n\n<figure class=\"wp-block-image size-large\"><img loading=\"lazy\" decoding=\"async\" width=\"800\" height=\"450\" data-id=\"13162\" src=\"https:\/\/jblanz.de\/WP\/wp-content\/uploads\/2022\/07\/Deutschland_22_752.jpg\" alt=\"\" class=\"wp-image-13162\" srcset=\"https:\/\/jblanz.de\/WP\/wp-content\/uploads\/2022\/07\/Deutschland_22_752.jpg 800w, https:\/\/jblanz.de\/WP\/wp-content\/uploads\/2022\/07\/Deutschland_22_752-300x169.jpg 300w, https:\/\/jblanz.de\/WP\/wp-content\/uploads\/2022\/07\/Deutschland_22_752-768x432.jpg 768w\" sizes=\"auto, (max-width: 800px) 100vw, 800px\" \/><\/figure>\n\n\n\n<figure class=\"wp-block-image size-large\"><img loading=\"lazy\" decoding=\"async\" width=\"800\" height=\"450\" data-id=\"13161\" src=\"https:\/\/jblanz.de\/WP\/wp-content\/uploads\/2022\/07\/Deutschland_22_748.jpg\" alt=\"\" class=\"wp-image-13161\" srcset=\"https:\/\/jblanz.de\/WP\/wp-content\/uploads\/2022\/07\/Deutschland_22_748.jpg 800w, https:\/\/jblanz.de\/WP\/wp-content\/uploads\/2022\/07\/Deutschland_22_748-300x169.jpg 300w, https:\/\/jblanz.de\/WP\/wp-content\/uploads\/2022\/07\/Deutschland_22_748-768x432.jpg 768w\" sizes=\"auto, (max-width: 800px) 100vw, 800px\" \/><\/figure>\n\n\n\n<figure class=\"wp-block-image size-large\"><img loading=\"lazy\" decoding=\"async\" width=\"800\" height=\"450\" data-id=\"13160\" src=\"https:\/\/jblanz.de\/WP\/wp-content\/uploads\/2022\/07\/Deutschland_22_753.jpg\" alt=\"\" class=\"wp-image-13160\" srcset=\"https:\/\/jblanz.de\/WP\/wp-content\/uploads\/2022\/07\/Deutschland_22_753.jpg 800w, https:\/\/jblanz.de\/WP\/wp-content\/uploads\/2022\/07\/Deutschland_22_753-300x169.jpg 300w, https:\/\/jblanz.de\/WP\/wp-content\/uploads\/2022\/07\/Deutschland_22_753-768x432.jpg 768w\" sizes=\"auto, (max-width: 800px) 100vw, 800px\" \/><\/figure>\n\n\n\n<figure class=\"wp-block-image size-full\"><img loading=\"lazy\" decoding=\"async\" width=\"800\" height=\"450\" data-id=\"13199\" src=\"https:\/\/jblanz.de\/WP\/wp-content\/uploads\/2022\/07\/Deutschland_22_831.jpg\" alt=\"\" class=\"wp-image-13199\" srcset=\"https:\/\/jblanz.de\/WP\/wp-content\/uploads\/2022\/07\/Deutschland_22_831.jpg 800w, https:\/\/jblanz.de\/WP\/wp-content\/uploads\/2022\/07\/Deutschland_22_831-300x169.jpg 300w, https:\/\/jblanz.de\/WP\/wp-content\/uploads\/2022\/07\/Deutschland_22_831-768x432.jpg 768w\" sizes=\"auto, (max-width: 800px) 100vw, 800px\" \/><figcaption>Luxemburgische Kniddelen<\/figcaption><\/figure>\n<\/figure>\n\n\n\n<p>Gegen halb acht brachen wir auf, 10 km R\u00fcckweg ohne grosse Steigungen, die schwarzen Wolken hatten sich verzogen und wir kamen trocken am Bus an. <\/p>\n\n\n\n<figure class=\"wp-block-gallery has-nested-images columns-2 is-cropped wp-block-gallery-5 is-layout-flex wp-block-gallery-is-layout-flex\">\n<figure class=\"wp-block-image size-large\"><img loading=\"lazy\" decoding=\"async\" width=\"800\" height=\"450\" data-id=\"13169\" src=\"https:\/\/jblanz.de\/WP\/wp-content\/uploads\/2022\/07\/Deutschland_22_757.jpg\" alt=\"\" class=\"wp-image-13169\" srcset=\"https:\/\/jblanz.de\/WP\/wp-content\/uploads\/2022\/07\/Deutschland_22_757.jpg 800w, https:\/\/jblanz.de\/WP\/wp-content\/uploads\/2022\/07\/Deutschland_22_757-300x169.jpg 300w, https:\/\/jblanz.de\/WP\/wp-content\/uploads\/2022\/07\/Deutschland_22_757-768x432.jpg 768w\" sizes=\"auto, (max-width: 800px) 100vw, 800px\" \/><\/figure>\n\n\n\n<figure class=\"wp-block-image size-full\"><img loading=\"lazy\" decoding=\"async\" width=\"800\" height=\"450\" data-id=\"13170\" src=\"https:\/\/jblanz.de\/WP\/wp-content\/uploads\/2022\/07\/Deutschland_22_758.jpg\" alt=\"\" class=\"wp-image-13170\" srcset=\"https:\/\/jblanz.de\/WP\/wp-content\/uploads\/2022\/07\/Deutschland_22_758.jpg 800w, https:\/\/jblanz.de\/WP\/wp-content\/uploads\/2022\/07\/Deutschland_22_758-300x169.jpg 300w, https:\/\/jblanz.de\/WP\/wp-content\/uploads\/2022\/07\/Deutschland_22_758-768x432.jpg 768w\" sizes=\"auto, (max-width: 800px) 100vw, 800px\" \/><\/figure>\n<\/figure>\n\n\n\n<p>Um halb neun h\u00f6rte man lautes Bassgewumme, die \u201eLightplay Band\u201c hatte begonnen zu spielen. Das Konzert hie\u00df &#8222;A tribute to Coldplay&#8220; und war eins der vielen Tribute to \u2026 Konzerte des Kultursommers, der in den Sommermonaten hier stattfand und noch stattfindet. <\/p>\n\n\n\n<figure class=\"wp-block-gallery has-nested-images columns-default is-cropped wp-block-gallery-6 is-layout-flex wp-block-gallery-is-layout-flex\">\n<figure class=\"wp-block-image size-large\"><img loading=\"lazy\" decoding=\"async\" width=\"800\" height=\"450\" data-id=\"13164\" src=\"https:\/\/jblanz.de\/WP\/wp-content\/uploads\/2022\/07\/Deutschland_22_759.jpg\" alt=\"\" class=\"wp-image-13164\" srcset=\"https:\/\/jblanz.de\/WP\/wp-content\/uploads\/2022\/07\/Deutschland_22_759.jpg 800w, https:\/\/jblanz.de\/WP\/wp-content\/uploads\/2022\/07\/Deutschland_22_759-300x169.jpg 300w, https:\/\/jblanz.de\/WP\/wp-content\/uploads\/2022\/07\/Deutschland_22_759-768x432.jpg 768w\" sizes=\"auto, (max-width: 800px) 100vw, 800px\" \/><\/figure>\n\n\n\n<figure class=\"wp-block-image size-large\"><img loading=\"lazy\" decoding=\"async\" width=\"800\" height=\"450\" data-id=\"13163\" src=\"https:\/\/jblanz.de\/WP\/wp-content\/uploads\/2022\/07\/Deutschland_22_760.jpg\" alt=\"\" class=\"wp-image-13163\" srcset=\"https:\/\/jblanz.de\/WP\/wp-content\/uploads\/2022\/07\/Deutschland_22_760.jpg 800w, https:\/\/jblanz.de\/WP\/wp-content\/uploads\/2022\/07\/Deutschland_22_760-300x169.jpg 300w, https:\/\/jblanz.de\/WP\/wp-content\/uploads\/2022\/07\/Deutschland_22_760-768x432.jpg 768w\" sizes=\"auto, (max-width: 800px) 100vw, 800px\" \/><\/figure>\n<\/figure>\n\n\n\n<p>Auf der Grasfl\u00e4che vor einer gro\u00dfen B\u00fchne hatten sich schon ziemlich viele Leute eingefunden, viele eingefleischte Coldplay Fans mit entsprechenden T-Shirts, Kinder vor der B\u00fchne, extatisch tanzende junge Damen, die Stimmung war sehr gut. Im Hintergrund konnte man ab und zu die echte Coldplayband auf einer Leinwand sehen und dazu spielten die lightplays mehr oder weniger. Ich fand es etwas verwirrend, eine rhythmisch h\u00e4mmernde Bassdrum zu h\u00f6ren, aber an der drum auf der B\u00fchne r\u00fchrte sich nichts\u2026.ja es ist ja klar, dass die nicht so spielen k\u00f6nnen wie die Originale, aber ich h\u00e4tte es ohne das Playback besser gefunden. Nun denn, Geschm\u00e4cker sind verschieden, wichtiger ist ja, dass die Leute Spa\u00df haben und die Stimmung gut ist und so war es auch. Nach zwei Stunden gingen wir zur\u00fcck zum Bus und dann war auch gleich Ruhe und wir hatten eine ruhige Nacht begleitet von Regenger\u00e4uschen.<\/p>\n","protected":false},"excerpt":{"rendered":"<p>Nach Fr\u00fchst\u00fcck und Dusche gings los Richtung Luxemburg. Wir entschieden uns einen kleinen Umweg zu fahren (fast 70 km), um<\/p>\n","protected":false},"author":1,"featured_media":13150,"comment_status":"open","ping_status":"open","sticky":false,"template":"","format":"standard","meta":{"colormag_page_container_layout":"default_layout","colormag_page_sidebar_layout":"default_layout","_monsterinsights_skip_tracking":false,"_monsterinsights_sitenote_active":false,"_monsterinsights_sitenote_note":"","_monsterinsights_sitenote_category":0,"footnotes":""},"categories":[245,159,257],"tags":[259,260,261],"class_list":["post-13070","post","type-post","status-publish","format-standard","has-post-thumbnail","hentry","category-245","category-europa","category-luxembourg","tag-259","tag-luxemburg","tag-vianden"],"yoast_head":"<!-- This site is optimized with the Yoast SEO plugin v27.4 - https:\/\/yoast.com\/product\/yoast-seo-wordpress\/ -->\n<title>22. Juli 2022 - Burg Vianden &amp; Stadt Luxemburg - Reiseblog von Karin &amp; Joachim<\/title>\n<meta name=\"robots\" content=\"index, follow, max-snippet:-1, max-image-preview:large, max-video-preview:-1\" \/>\n<link rel=\"canonical\" href=\"https:\/\/jblanz.de\/WP\/22-juli-2022-burg-vianden-luxemburg\/\" \/>\n<meta property=\"og:locale\" content=\"de_DE\" \/>\n<meta property=\"og:type\" content=\"article\" \/>\n<meta property=\"og:title\" content=\"22. Juli 2022 - Burg Vianden &amp; Stadt Luxemburg - Reiseblog von Karin &amp; Joachim\" \/>\n<meta property=\"og:description\" content=\"Nach Fr\u00fchst\u00fcck und Dusche gings los Richtung Luxemburg. Wir entschieden uns einen kleinen Umweg zu fahren (fast 70 km), um\" \/>\n<meta property=\"og:url\" content=\"https:\/\/jblanz.de\/WP\/22-juli-2022-burg-vianden-luxemburg\/\" \/>\n<meta property=\"og:site_name\" content=\"Reiseblog von Karin &amp; Joachim\" \/>\n<meta property=\"article:published_time\" content=\"2022-07-22T17:37:00+00:00\" \/>\n<meta property=\"article:modified_time\" content=\"2022-07-24T06:57:34+00:00\" \/>\n<meta property=\"og:image\" content=\"https:\/\/jblanz.de\/WP\/wp-content\/uploads\/2022\/07\/Deutschland_22_727.jpg\" \/>\n\t<meta property=\"og:image:width\" content=\"800\" \/>\n\t<meta property=\"og:image:height\" content=\"450\" \/>\n\t<meta property=\"og:image:type\" content=\"image\/jpeg\" \/>\n<meta name=\"author\" content=\"Achim\" \/>\n<meta name=\"twitter:card\" content=\"summary_large_image\" \/>\n<meta name=\"twitter:label1\" content=\"Verfasst von\" \/>\n\t<meta name=\"twitter:data1\" content=\"Achim\" \/>\n\t<meta name=\"twitter:label2\" content=\"Gesch\u00e4tzte Lesezeit\" \/>\n\t<meta name=\"twitter:data2\" content=\"9\u00a0Minuten\" \/>\n<script type=\"application\/ld+json\" class=\"yoast-schema-graph\">{\"@context\":\"https:\\\/\\\/schema.org\",\"@graph\":[{\"@type\":\"Article\",\"@id\":\"https:\\\/\\\/jblanz.de\\\/WP\\\/22-juli-2022-burg-vianden-luxemburg\\\/#article\",\"isPartOf\":{\"@id\":\"https:\\\/\\\/jblanz.de\\\/WP\\\/22-juli-2022-burg-vianden-luxemburg\\\/\"},\"author\":{\"name\":\"Achim\",\"@id\":\"https:\\\/\\\/jblanz.de\\\/WP\\\/#\\\/schema\\\/person\\\/17a70f07162e42bc0b181c22397286e0\"},\"headline\":\"22. Juli 2022 &#8211; Burg Vianden &#038; Stadt Luxemburg\",\"datePublished\":\"2022-07-22T17:37:00+00:00\",\"dateModified\":\"2022-07-24T06:57:34+00:00\",\"mainEntityOfPage\":{\"@id\":\"https:\\\/\\\/jblanz.de\\\/WP\\\/22-juli-2022-burg-vianden-luxemburg\\\/\"},\"wordCount\":881,\"commentCount\":0,\"publisher\":{\"@id\":\"https:\\\/\\\/jblanz.de\\\/WP\\\/#\\\/schema\\\/person\\\/17a70f07162e42bc0b181c22397286e0\"},\"image\":{\"@id\":\"https:\\\/\\\/jblanz.de\\\/WP\\\/22-juli-2022-burg-vianden-luxemburg\\\/#primaryimage\"},\"thumbnailUrl\":\"https:\\\/\\\/jblanz.de\\\/WP\\\/wp-content\\\/uploads\\\/2022\\\/07\\\/Deutschland_22_727.jpg\",\"keywords\":[\"2022\",\"Luxemburg\",\"Vianden\"],\"articleSection\":[\"2022\",\"Europa\",\"Luxembourg\"],\"inLanguage\":\"de\",\"potentialAction\":[{\"@type\":\"CommentAction\",\"name\":\"Comment\",\"target\":[\"https:\\\/\\\/jblanz.de\\\/WP\\\/22-juli-2022-burg-vianden-luxemburg\\\/#respond\"]}]},{\"@type\":\"WebPage\",\"@id\":\"https:\\\/\\\/jblanz.de\\\/WP\\\/22-juli-2022-burg-vianden-luxemburg\\\/\",\"url\":\"https:\\\/\\\/jblanz.de\\\/WP\\\/22-juli-2022-burg-vianden-luxemburg\\\/\",\"name\":\"22. Juli 2022 - Burg Vianden & Stadt Luxemburg - Reiseblog von Karin &amp; Joachim\",\"isPartOf\":{\"@id\":\"https:\\\/\\\/jblanz.de\\\/WP\\\/#website\"},\"primaryImageOfPage\":{\"@id\":\"https:\\\/\\\/jblanz.de\\\/WP\\\/22-juli-2022-burg-vianden-luxemburg\\\/#primaryimage\"},\"image\":{\"@id\":\"https:\\\/\\\/jblanz.de\\\/WP\\\/22-juli-2022-burg-vianden-luxemburg\\\/#primaryimage\"},\"thumbnailUrl\":\"https:\\\/\\\/jblanz.de\\\/WP\\\/wp-content\\\/uploads\\\/2022\\\/07\\\/Deutschland_22_727.jpg\",\"datePublished\":\"2022-07-22T17:37:00+00:00\",\"dateModified\":\"2022-07-24T06:57:34+00:00\",\"breadcrumb\":{\"@id\":\"https:\\\/\\\/jblanz.de\\\/WP\\\/22-juli-2022-burg-vianden-luxemburg\\\/#breadcrumb\"},\"inLanguage\":\"de\",\"potentialAction\":[{\"@type\":\"ReadAction\",\"target\":[\"https:\\\/\\\/jblanz.de\\\/WP\\\/22-juli-2022-burg-vianden-luxemburg\\\/\"]}]},{\"@type\":\"ImageObject\",\"inLanguage\":\"de\",\"@id\":\"https:\\\/\\\/jblanz.de\\\/WP\\\/22-juli-2022-burg-vianden-luxemburg\\\/#primaryimage\",\"url\":\"https:\\\/\\\/jblanz.de\\\/WP\\\/wp-content\\\/uploads\\\/2022\\\/07\\\/Deutschland_22_727.jpg\",\"contentUrl\":\"https:\\\/\\\/jblanz.de\\\/WP\\\/wp-content\\\/uploads\\\/2022\\\/07\\\/Deutschland_22_727.jpg\",\"width\":800,\"height\":450},{\"@type\":\"BreadcrumbList\",\"@id\":\"https:\\\/\\\/jblanz.de\\\/WP\\\/22-juli-2022-burg-vianden-luxemburg\\\/#breadcrumb\",\"itemListElement\":[{\"@type\":\"ListItem\",\"position\":1,\"name\":\"Startseite\",\"item\":\"https:\\\/\\\/jblanz.de\\\/WP\\\/\"},{\"@type\":\"ListItem\",\"position\":2,\"name\":\"22. Juli 2022 &#8211; Burg Vianden &#038; Stadt Luxemburg\"}]},{\"@type\":\"WebSite\",\"@id\":\"https:\\\/\\\/jblanz.de\\\/WP\\\/#website\",\"url\":\"https:\\\/\\\/jblanz.de\\\/WP\\\/\",\"name\":\"Reiseblog von Karin & Joachim\",\"description\":\"Wir schreiben den Blog f\u00fcr uns als Erinnerung - f\u00fcr euch als Inspiration\",\"publisher\":{\"@id\":\"https:\\\/\\\/jblanz.de\\\/WP\\\/#\\\/schema\\\/person\\\/17a70f07162e42bc0b181c22397286e0\"},\"potentialAction\":[{\"@type\":\"SearchAction\",\"target\":{\"@type\":\"EntryPoint\",\"urlTemplate\":\"https:\\\/\\\/jblanz.de\\\/WP\\\/?s={search_term_string}\"},\"query-input\":{\"@type\":\"PropertyValueSpecification\",\"valueRequired\":true,\"valueName\":\"search_term_string\"}}],\"inLanguage\":\"de\"},{\"@type\":[\"Person\",\"Organization\"],\"@id\":\"https:\\\/\\\/jblanz.de\\\/WP\\\/#\\\/schema\\\/person\\\/17a70f07162e42bc0b181c22397286e0\",\"name\":\"Achim\",\"image\":{\"@type\":\"ImageObject\",\"inLanguage\":\"de\",\"@id\":\"https:\\\/\\\/secure.gravatar.com\\\/avatar\\\/b7ab31bc55956af4a9bebf7fd034761212b11b803b7e39464914d6abeefb12f3?s=96&d=mm&r=g\",\"url\":\"https:\\\/\\\/secure.gravatar.com\\\/avatar\\\/b7ab31bc55956af4a9bebf7fd034761212b11b803b7e39464914d6abeefb12f3?s=96&d=mm&r=g\",\"contentUrl\":\"https:\\\/\\\/secure.gravatar.com\\\/avatar\\\/b7ab31bc55956af4a9bebf7fd034761212b11b803b7e39464914d6abeefb12f3?s=96&d=mm&r=g\",\"caption\":\"Achim\"},\"logo\":{\"@id\":\"https:\\\/\\\/secure.gravatar.com\\\/avatar\\\/b7ab31bc55956af4a9bebf7fd034761212b11b803b7e39464914d6abeefb12f3?s=96&d=mm&r=g\"},\"url\":\"https:\\\/\\\/jblanz.de\\\/WP\\\/author\\\/achim\\\/\"}]}<\/script>\n<!-- \/ Yoast SEO plugin. -->","yoast_head_json":{"title":"22. Juli 2022 - Burg Vianden & Stadt Luxemburg - Reiseblog von Karin &amp; Joachim","robots":{"index":"index","follow":"follow","max-snippet":"max-snippet:-1","max-image-preview":"max-image-preview:large","max-video-preview":"max-video-preview:-1"},"canonical":"https:\/\/jblanz.de\/WP\/22-juli-2022-burg-vianden-luxemburg\/","og_locale":"de_DE","og_type":"article","og_title":"22. Juli 2022 - Burg Vianden & Stadt Luxemburg - Reiseblog von Karin &amp; Joachim","og_description":"Nach Fr\u00fchst\u00fcck und Dusche gings los Richtung Luxemburg. Wir entschieden uns einen kleinen Umweg zu fahren (fast 70 km), um","og_url":"https:\/\/jblanz.de\/WP\/22-juli-2022-burg-vianden-luxemburg\/","og_site_name":"Reiseblog von Karin &amp; Joachim","article_published_time":"2022-07-22T17:37:00+00:00","article_modified_time":"2022-07-24T06:57:34+00:00","og_image":[{"width":800,"height":450,"url":"https:\/\/jblanz.de\/WP\/wp-content\/uploads\/2022\/07\/Deutschland_22_727.jpg","type":"image\/jpeg"}],"author":"Achim","twitter_card":"summary_large_image","twitter_misc":{"Verfasst von":"Achim","Gesch\u00e4tzte Lesezeit":"9\u00a0Minuten"},"schema":{"@context":"https:\/\/schema.org","@graph":[{"@type":"Article","@id":"https:\/\/jblanz.de\/WP\/22-juli-2022-burg-vianden-luxemburg\/#article","isPartOf":{"@id":"https:\/\/jblanz.de\/WP\/22-juli-2022-burg-vianden-luxemburg\/"},"author":{"name":"Achim","@id":"https:\/\/jblanz.de\/WP\/#\/schema\/person\/17a70f07162e42bc0b181c22397286e0"},"headline":"22. Juli 2022 &#8211; Burg Vianden &#038; Stadt Luxemburg","datePublished":"2022-07-22T17:37:00+00:00","dateModified":"2022-07-24T06:57:34+00:00","mainEntityOfPage":{"@id":"https:\/\/jblanz.de\/WP\/22-juli-2022-burg-vianden-luxemburg\/"},"wordCount":881,"commentCount":0,"publisher":{"@id":"https:\/\/jblanz.de\/WP\/#\/schema\/person\/17a70f07162e42bc0b181c22397286e0"},"image":{"@id":"https:\/\/jblanz.de\/WP\/22-juli-2022-burg-vianden-luxemburg\/#primaryimage"},"thumbnailUrl":"https:\/\/jblanz.de\/WP\/wp-content\/uploads\/2022\/07\/Deutschland_22_727.jpg","keywords":["2022","Luxemburg","Vianden"],"articleSection":["2022","Europa","Luxembourg"],"inLanguage":"de","potentialAction":[{"@type":"CommentAction","name":"Comment","target":["https:\/\/jblanz.de\/WP\/22-juli-2022-burg-vianden-luxemburg\/#respond"]}]},{"@type":"WebPage","@id":"https:\/\/jblanz.de\/WP\/22-juli-2022-burg-vianden-luxemburg\/","url":"https:\/\/jblanz.de\/WP\/22-juli-2022-burg-vianden-luxemburg\/","name":"22. Juli 2022 - Burg Vianden & Stadt Luxemburg - Reiseblog von Karin &amp; Joachim","isPartOf":{"@id":"https:\/\/jblanz.de\/WP\/#website"},"primaryImageOfPage":{"@id":"https:\/\/jblanz.de\/WP\/22-juli-2022-burg-vianden-luxemburg\/#primaryimage"},"image":{"@id":"https:\/\/jblanz.de\/WP\/22-juli-2022-burg-vianden-luxemburg\/#primaryimage"},"thumbnailUrl":"https:\/\/jblanz.de\/WP\/wp-content\/uploads\/2022\/07\/Deutschland_22_727.jpg","datePublished":"2022-07-22T17:37:00+00:00","dateModified":"2022-07-24T06:57:34+00:00","breadcrumb":{"@id":"https:\/\/jblanz.de\/WP\/22-juli-2022-burg-vianden-luxemburg\/#breadcrumb"},"inLanguage":"de","potentialAction":[{"@type":"ReadAction","target":["https:\/\/jblanz.de\/WP\/22-juli-2022-burg-vianden-luxemburg\/"]}]},{"@type":"ImageObject","inLanguage":"de","@id":"https:\/\/jblanz.de\/WP\/22-juli-2022-burg-vianden-luxemburg\/#primaryimage","url":"https:\/\/jblanz.de\/WP\/wp-content\/uploads\/2022\/07\/Deutschland_22_727.jpg","contentUrl":"https:\/\/jblanz.de\/WP\/wp-content\/uploads\/2022\/07\/Deutschland_22_727.jpg","width":800,"height":450},{"@type":"BreadcrumbList","@id":"https:\/\/jblanz.de\/WP\/22-juli-2022-burg-vianden-luxemburg\/#breadcrumb","itemListElement":[{"@type":"ListItem","position":1,"name":"Startseite","item":"https:\/\/jblanz.de\/WP\/"},{"@type":"ListItem","position":2,"name":"22. Juli 2022 &#8211; Burg Vianden &#038; Stadt Luxemburg"}]},{"@type":"WebSite","@id":"https:\/\/jblanz.de\/WP\/#website","url":"https:\/\/jblanz.de\/WP\/","name":"Reiseblog von Karin & Joachim","description":"Wir schreiben den Blog f\u00fcr uns als Erinnerung - f\u00fcr euch als Inspiration","publisher":{"@id":"https:\/\/jblanz.de\/WP\/#\/schema\/person\/17a70f07162e42bc0b181c22397286e0"},"potentialAction":[{"@type":"SearchAction","target":{"@type":"EntryPoint","urlTemplate":"https:\/\/jblanz.de\/WP\/?s={search_term_string}"},"query-input":{"@type":"PropertyValueSpecification","valueRequired":true,"valueName":"search_term_string"}}],"inLanguage":"de"},{"@type":["Person","Organization"],"@id":"https:\/\/jblanz.de\/WP\/#\/schema\/person\/17a70f07162e42bc0b181c22397286e0","name":"Achim","image":{"@type":"ImageObject","inLanguage":"de","@id":"https:\/\/secure.gravatar.com\/avatar\/b7ab31bc55956af4a9bebf7fd034761212b11b803b7e39464914d6abeefb12f3?s=96&d=mm&r=g","url":"https:\/\/secure.gravatar.com\/avatar\/b7ab31bc55956af4a9bebf7fd034761212b11b803b7e39464914d6abeefb12f3?s=96&d=mm&r=g","contentUrl":"https:\/\/secure.gravatar.com\/avatar\/b7ab31bc55956af4a9bebf7fd034761212b11b803b7e39464914d6abeefb12f3?s=96&d=mm&r=g","caption":"Achim"},"logo":{"@id":"https:\/\/secure.gravatar.com\/avatar\/b7ab31bc55956af4a9bebf7fd034761212b11b803b7e39464914d6abeefb12f3?s=96&d=mm&r=g"},"url":"https:\/\/jblanz.de\/WP\/author\/achim\/"}]}},"_links":{"self":[{"href":"https:\/\/jblanz.de\/WP\/wp-json\/wp\/v2\/posts\/13070","targetHints":{"allow":["GET"]}}],"collection":[{"href":"https:\/\/jblanz.de\/WP\/wp-json\/wp\/v2\/posts"}],"about":[{"href":"https:\/\/jblanz.de\/WP\/wp-json\/wp\/v2\/types\/post"}],"author":[{"embeddable":true,"href":"https:\/\/jblanz.de\/WP\/wp-json\/wp\/v2\/users\/1"}],"replies":[{"embeddable":true,"href":"https:\/\/jblanz.de\/WP\/wp-json\/wp\/v2\/comments?post=13070"}],"version-history":[{"count":0,"href":"https:\/\/jblanz.de\/WP\/wp-json\/wp\/v2\/posts\/13070\/revisions"}],"wp:featuredmedia":[{"embeddable":true,"href":"https:\/\/jblanz.de\/WP\/wp-json\/wp\/v2\/media\/13150"}],"wp:attachment":[{"href":"https:\/\/jblanz.de\/WP\/wp-json\/wp\/v2\/media?parent=13070"}],"wp:term":[{"taxonomy":"category","embeddable":true,"href":"https:\/\/jblanz.de\/WP\/wp-json\/wp\/v2\/categories?post=13070"},{"taxonomy":"post_tag","embeddable":true,"href":"https:\/\/jblanz.de\/WP\/wp-json\/wp\/v2\/tags?post=13070"}],"curies":[{"name":"wp","href":"https:\/\/api.w.org\/{rel}","templated":true}]}}