{"id":13204,"date":"2022-07-24T23:32:47","date_gmt":"2022-07-24T21:32:47","guid":{"rendered":"https:\/\/jblanz.de\/WP\/?p=13204"},"modified":"2022-07-27T09:43:41","modified_gmt":"2022-07-27T07:43:41","slug":"24-juli-2022-saarschleife-voelklinger-huette","status":"publish","type":"post","link":"https:\/\/jblanz.de\/WP\/24-juli-2022-saarschleife-voelklinger-huette\/","title":{"rendered":"24. Juli 2022 &#8211; Saarschleife &#038; V\u00f6lklinger H\u00fctte"},"content":{"rendered":"\n<p>Von Luxemburg bis zum Baumwipfelpfad Saarschleife sind es nur etwas mehr als 40 km. Wir kamen um die Mittagszeit an und wanderten den Pfad entlang, der mehr als 20 m \u00fcber dem Waldboden angelegt ist und erklommen die Aussichtsplattform. Man hatte einen sehr sch\u00f6nen Ausblick auf die Saarschleife, wie man unten sehen kann. Es fahren Aussichtsboote entlang und es gibt sogar eine Fahrrad- und Personen-Saarf\u00e4hre, die man benutzen kann, um auf den Teil im Innere der Schleife zu kommen. Auf dem Pfad stand ein alter Baum, um den herum der Pfad angelegt war. Im Baum selbst nisteten Hornissen, kaum einer der Besucher nahm Notiz davon. Die Saar flie\u00dft \u00fcbrigens im Bild von rechts nach links.<\/p>\n\n\n\n<figure class=\"wp-block-gallery has-nested-images columns-2 is-cropped wp-block-gallery-2 is-layout-flex wp-block-gallery-is-layout-flex\">\n<figure class=\"wp-block-image size-large\"><img loading=\"lazy\" decoding=\"async\" width=\"800\" height=\"450\" data-id=\"13217\" src=\"https:\/\/jblanz.de\/WP\/wp-content\/uploads\/2022\/07\/Deutschland_22_834.jpg\" alt=\"\" class=\"wp-image-13217\" srcset=\"https:\/\/jblanz.de\/WP\/wp-content\/uploads\/2022\/07\/Deutschland_22_834.jpg 800w, https:\/\/jblanz.de\/WP\/wp-content\/uploads\/2022\/07\/Deutschland_22_834-300x169.jpg 300w, https:\/\/jblanz.de\/WP\/wp-content\/uploads\/2022\/07\/Deutschland_22_834-768x432.jpg 768w\" sizes=\"auto, (max-width: 800px) 100vw, 800px\" \/><\/figure>\n\n\n\n<figure class=\"wp-block-image size-large\"><img loading=\"lazy\" decoding=\"async\" width=\"800\" height=\"450\" data-id=\"13216\" src=\"https:\/\/jblanz.de\/WP\/wp-content\/uploads\/2022\/07\/Deutschland_22_835.jpg\" alt=\"\" class=\"wp-image-13216\" srcset=\"https:\/\/jblanz.de\/WP\/wp-content\/uploads\/2022\/07\/Deutschland_22_835.jpg 800w, https:\/\/jblanz.de\/WP\/wp-content\/uploads\/2022\/07\/Deutschland_22_835-300x169.jpg 300w, https:\/\/jblanz.de\/WP\/wp-content\/uploads\/2022\/07\/Deutschland_22_835-768x432.jpg 768w\" sizes=\"auto, (max-width: 800px) 100vw, 800px\" \/><\/figure>\n\n\n\n<figure class=\"wp-block-image size-large\"><img loading=\"lazy\" decoding=\"async\" width=\"800\" height=\"450\" data-id=\"13219\" src=\"https:\/\/jblanz.de\/WP\/wp-content\/uploads\/2022\/07\/Deutschland_22_840.jpg\" alt=\"\" class=\"wp-image-13219\" srcset=\"https:\/\/jblanz.de\/WP\/wp-content\/uploads\/2022\/07\/Deutschland_22_840.jpg 800w, https:\/\/jblanz.de\/WP\/wp-content\/uploads\/2022\/07\/Deutschland_22_840-300x169.jpg 300w, https:\/\/jblanz.de\/WP\/wp-content\/uploads\/2022\/07\/Deutschland_22_840-768x432.jpg 768w\" sizes=\"auto, (max-width: 800px) 100vw, 800px\" \/><\/figure>\n\n\n\n<figure class=\"wp-block-image size-large\"><img loading=\"lazy\" decoding=\"async\" width=\"800\" height=\"450\" data-id=\"13218\" src=\"https:\/\/jblanz.de\/WP\/wp-content\/uploads\/2022\/07\/Deutschland_22_841.jpg\" alt=\"\" class=\"wp-image-13218\" srcset=\"https:\/\/jblanz.de\/WP\/wp-content\/uploads\/2022\/07\/Deutschland_22_841.jpg 800w, https:\/\/jblanz.de\/WP\/wp-content\/uploads\/2022\/07\/Deutschland_22_841-300x169.jpg 300w, https:\/\/jblanz.de\/WP\/wp-content\/uploads\/2022\/07\/Deutschland_22_841-768x432.jpg 768w\" sizes=\"auto, (max-width: 800px) 100vw, 800px\" \/><\/figure>\n\n\n\n<figure class=\"wp-block-image size-full\"><img loading=\"lazy\" decoding=\"async\" width=\"800\" height=\"450\" data-id=\"13222\" src=\"https:\/\/jblanz.de\/WP\/wp-content\/uploads\/2022\/07\/Deutschland_22_844-1.jpg\" alt=\"\" class=\"wp-image-13222\" srcset=\"https:\/\/jblanz.de\/WP\/wp-content\/uploads\/2022\/07\/Deutschland_22_844-1.jpg 800w, https:\/\/jblanz.de\/WP\/wp-content\/uploads\/2022\/07\/Deutschland_22_844-1-300x169.jpg 300w, https:\/\/jblanz.de\/WP\/wp-content\/uploads\/2022\/07\/Deutschland_22_844-1-768x432.jpg 768w\" sizes=\"auto, (max-width: 800px) 100vw, 800px\" \/><\/figure>\n\n\n\n<figure class=\"wp-block-image size-large\"><img loading=\"lazy\" decoding=\"async\" width=\"800\" height=\"450\" data-id=\"13220\" src=\"https:\/\/jblanz.de\/WP\/wp-content\/uploads\/2022\/07\/Deutschland_22_845.jpg\" alt=\"\" class=\"wp-image-13220\" srcset=\"https:\/\/jblanz.de\/WP\/wp-content\/uploads\/2022\/07\/Deutschland_22_845.jpg 800w, https:\/\/jblanz.de\/WP\/wp-content\/uploads\/2022\/07\/Deutschland_22_845-300x169.jpg 300w, https:\/\/jblanz.de\/WP\/wp-content\/uploads\/2022\/07\/Deutschland_22_845-768x432.jpg 768w\" sizes=\"auto, (max-width: 800px) 100vw, 800px\" \/><\/figure>\n<\/figure>\n\n\n\n<p>Die V\u00f6lklinger H\u00fctte ist das weltweit einzige Eisenwerk dieser Epoche, das vollst\u00e4ndig erhalten ist. Sie ist das erste Denkmal aus der Bl\u00fctezeit der Industrialisierung, das in die Welterbeliste der UNESCO aufgenommen wurde. Das mu\u00dften wir uns ansehen, da es wiederum nur 50 km von der Saarschleife entfernt war. Als wir in V\u00f6lklingen ankamen zeigte das Thermometer unseres WoMo bereits 33 \u00b0C und als wir auf dem schattenlosen Parkplatz der V\u00f6lklinger H\u00fctte ausstiegen, knallte uns die Hitze entgegen. Der Eingang zum H\u00fcttenwerk ging durch eine grosse Halle, der Gebl\u00e4sehalle. Die Schwungr\u00e4der derGebl\u00e4semaschinen, die einst Druckluft zu den Winderhitzern und Hoch\u00f6fen pumpten hatten einen Durchmesser von 6 m. Die ganze Halle roch allerdings immer noch nach \u00d6l, mit dem die Arbeiter die Maschinen pflegten. Die Anlage wurde 1986 in der Stahlkrise stillgelegt, nachdem hier die unvorstellbare Menge von 60 Millionen Tonnen Stahl produziert worden waren. Der \u00d6lgeruch war extrem penetrant und verursachte bei uns schnell Kopfschmerzen. Zum Gl\u00fcck konnte man schnell aus der Halle heraus, auf einem \u00dcbergang \u00fcber die Strasse zu den 6 stillgelegten Hoch\u00f6fen. Hier kletterten wir trotz der Hitze durch die Anlage, erst durch die M\u00f6llerhalle &#8211; M\u00f6ller heisst die Mischung aus Eisenerz, Sinter, Schrott und Kalk mit der die Hoch\u00f6fen bef\u00fcllt werden. Er wurde hier gelagert und dann mit grossen H\u00e4ngebahnwagen an Schr\u00e4gaufz\u00fcgen zu den Hoch\u00f6fen bef\u00f6rdert. Die Abteile der M\u00f6llerhalle werden inzwischen f\u00fcr Kunstausstellungen genutzt. Wir durften die &#8222;Urban Art Biennale&#8220; erleben, die gerade stattfand. Ehrlich gesagt, hatte uns das nicht sehr interessiert, da wir da waren, um die Anlage als ganzes zu besuchen. Zum Aufstieg auf die Hoch\u00f6fen mu\u00dfte man Sicherheitshelm tragen. Wir kamen fast bis zur h\u00f6chsten Stelle und suchten uns dann wieder einen Weg zur\u00fcck. Im Hochofen reagiert der M\u00f6ller mit Koks, der in der Kokerei der Anlage aus Steinkohle gewonnen wurde. Bei Temperaturen von bis zu 2000 \u00b0C entsteht dann der Stahl. Die Hoch\u00f6fen mussten st\u00e4ndig mit riesigen Mengen Wasser gek\u00fchlt werden. Der ganze Prozess ist kaum \u00fcberschaubar und man stand staunend vor den riesigen Leitungen und Rohren, die die Anlage durchziehen. Die Bilder unten zeigen ein paar Impressionen aus diesem Industrieareal.<\/p>\n\n\n\n<figure class=\"wp-block-gallery has-nested-images columns-2 is-cropped wp-block-gallery-3 is-layout-flex wp-block-gallery-is-layout-flex\">\n<figure class=\"wp-block-image size-large\"><img loading=\"lazy\" decoding=\"async\" width=\"800\" height=\"450\" data-id=\"13237\" src=\"https:\/\/jblanz.de\/WP\/wp-content\/uploads\/2022\/07\/Deutschland_22_848.jpg\" alt=\"\" class=\"wp-image-13237\" srcset=\"https:\/\/jblanz.de\/WP\/wp-content\/uploads\/2022\/07\/Deutschland_22_848.jpg 800w, https:\/\/jblanz.de\/WP\/wp-content\/uploads\/2022\/07\/Deutschland_22_848-300x169.jpg 300w, https:\/\/jblanz.de\/WP\/wp-content\/uploads\/2022\/07\/Deutschland_22_848-768x432.jpg 768w\" sizes=\"auto, (max-width: 800px) 100vw, 800px\" \/><\/figure>\n\n\n\n<figure class=\"wp-block-image size-large\"><img loading=\"lazy\" decoding=\"async\" width=\"800\" height=\"450\" data-id=\"13251\" src=\"https:\/\/jblanz.de\/WP\/wp-content\/uploads\/2022\/07\/Deutschland_22_850.jpg\" alt=\"\" class=\"wp-image-13251\" srcset=\"https:\/\/jblanz.de\/WP\/wp-content\/uploads\/2022\/07\/Deutschland_22_850.jpg 800w, https:\/\/jblanz.de\/WP\/wp-content\/uploads\/2022\/07\/Deutschland_22_850-300x169.jpg 300w, https:\/\/jblanz.de\/WP\/wp-content\/uploads\/2022\/07\/Deutschland_22_850-768x432.jpg 768w\" sizes=\"auto, (max-width: 800px) 100vw, 800px\" \/><\/figure>\n\n\n\n<figure class=\"wp-block-image size-large\"><img loading=\"lazy\" decoding=\"async\" width=\"800\" height=\"450\" data-id=\"13248\" src=\"https:\/\/jblanz.de\/WP\/wp-content\/uploads\/2022\/07\/Deutschland_22_852.jpg\" alt=\"\" class=\"wp-image-13248\" srcset=\"https:\/\/jblanz.de\/WP\/wp-content\/uploads\/2022\/07\/Deutschland_22_852.jpg 800w, https:\/\/jblanz.de\/WP\/wp-content\/uploads\/2022\/07\/Deutschland_22_852-300x169.jpg 300w, https:\/\/jblanz.de\/WP\/wp-content\/uploads\/2022\/07\/Deutschland_22_852-768x432.jpg 768w\" sizes=\"auto, (max-width: 800px) 100vw, 800px\" \/><\/figure>\n\n\n\n<figure class=\"wp-block-image size-large\"><img loading=\"lazy\" decoding=\"async\" width=\"800\" height=\"450\" data-id=\"13243\" src=\"https:\/\/jblanz.de\/WP\/wp-content\/uploads\/2022\/07\/Deutschland_22_854.jpg\" alt=\"\" class=\"wp-image-13243\" srcset=\"https:\/\/jblanz.de\/WP\/wp-content\/uploads\/2022\/07\/Deutschland_22_854.jpg 800w, https:\/\/jblanz.de\/WP\/wp-content\/uploads\/2022\/07\/Deutschland_22_854-300x169.jpg 300w, https:\/\/jblanz.de\/WP\/wp-content\/uploads\/2022\/07\/Deutschland_22_854-768x432.jpg 768w\" sizes=\"auto, (max-width: 800px) 100vw, 800px\" \/><\/figure>\n\n\n\n<figure class=\"wp-block-image size-large\"><img loading=\"lazy\" decoding=\"async\" width=\"800\" height=\"450\" data-id=\"13247\" src=\"https:\/\/jblanz.de\/WP\/wp-content\/uploads\/2022\/07\/Deutschland_22_855.jpg\" alt=\"\" class=\"wp-image-13247\" srcset=\"https:\/\/jblanz.de\/WP\/wp-content\/uploads\/2022\/07\/Deutschland_22_855.jpg 800w, https:\/\/jblanz.de\/WP\/wp-content\/uploads\/2022\/07\/Deutschland_22_855-300x169.jpg 300w, https:\/\/jblanz.de\/WP\/wp-content\/uploads\/2022\/07\/Deutschland_22_855-768x432.jpg 768w\" sizes=\"auto, (max-width: 800px) 100vw, 800px\" \/><\/figure>\n\n\n\n<figure class=\"wp-block-image size-large\"><img loading=\"lazy\" decoding=\"async\" width=\"800\" height=\"450\" data-id=\"13240\" src=\"https:\/\/jblanz.de\/WP\/wp-content\/uploads\/2022\/07\/Deutschland_22_859.jpg\" alt=\"\" class=\"wp-image-13240\" srcset=\"https:\/\/jblanz.de\/WP\/wp-content\/uploads\/2022\/07\/Deutschland_22_859.jpg 800w, https:\/\/jblanz.de\/WP\/wp-content\/uploads\/2022\/07\/Deutschland_22_859-300x169.jpg 300w, https:\/\/jblanz.de\/WP\/wp-content\/uploads\/2022\/07\/Deutschland_22_859-768x432.jpg 768w\" sizes=\"auto, (max-width: 800px) 100vw, 800px\" \/><\/figure>\n\n\n\n<figure class=\"wp-block-image size-large\"><img loading=\"lazy\" decoding=\"async\" width=\"800\" height=\"450\" data-id=\"13239\" src=\"https:\/\/jblanz.de\/WP\/wp-content\/uploads\/2022\/07\/Deutschland_22_861.jpg\" alt=\"\" class=\"wp-image-13239\" srcset=\"https:\/\/jblanz.de\/WP\/wp-content\/uploads\/2022\/07\/Deutschland_22_861.jpg 800w, https:\/\/jblanz.de\/WP\/wp-content\/uploads\/2022\/07\/Deutschland_22_861-300x169.jpg 300w, https:\/\/jblanz.de\/WP\/wp-content\/uploads\/2022\/07\/Deutschland_22_861-768x432.jpg 768w\" sizes=\"auto, (max-width: 800px) 100vw, 800px\" \/><\/figure>\n\n\n\n<figure class=\"wp-block-image size-large\"><img loading=\"lazy\" decoding=\"async\" width=\"800\" height=\"450\" data-id=\"13241\" src=\"https:\/\/jblanz.de\/WP\/wp-content\/uploads\/2022\/07\/Deutschland_22_863.jpg\" alt=\"\" class=\"wp-image-13241\" srcset=\"https:\/\/jblanz.de\/WP\/wp-content\/uploads\/2022\/07\/Deutschland_22_863.jpg 800w, https:\/\/jblanz.de\/WP\/wp-content\/uploads\/2022\/07\/Deutschland_22_863-300x169.jpg 300w, https:\/\/jblanz.de\/WP\/wp-content\/uploads\/2022\/07\/Deutschland_22_863-768x432.jpg 768w\" sizes=\"auto, (max-width: 800px) 100vw, 800px\" \/><figcaption>M\u00f6llerhalle<\/figcaption><\/figure>\n\n\n\n<figure class=\"wp-block-image size-full\"><img loading=\"lazy\" decoding=\"async\" width=\"800\" height=\"450\" data-id=\"13238\" src=\"https:\/\/jblanz.de\/WP\/wp-content\/uploads\/2022\/07\/Deutschland_22_866.jpg\" alt=\"\" class=\"wp-image-13238\" srcset=\"https:\/\/jblanz.de\/WP\/wp-content\/uploads\/2022\/07\/Deutschland_22_866.jpg 800w, https:\/\/jblanz.de\/WP\/wp-content\/uploads\/2022\/07\/Deutschland_22_866-300x169.jpg 300w, https:\/\/jblanz.de\/WP\/wp-content\/uploads\/2022\/07\/Deutschland_22_866-768x432.jpg 768w\" sizes=\"auto, (max-width: 800px) 100vw, 800px\" \/><figcaption>M\u00f6llerhalle<\/figcaption><\/figure>\n\n\n\n<figure class=\"wp-block-image size-large\"><img loading=\"lazy\" decoding=\"async\" width=\"800\" height=\"450\" data-id=\"13242\" src=\"https:\/\/jblanz.de\/WP\/wp-content\/uploads\/2022\/07\/Deutschland_22_869.jpg\" alt=\"\" class=\"wp-image-13242\" srcset=\"https:\/\/jblanz.de\/WP\/wp-content\/uploads\/2022\/07\/Deutschland_22_869.jpg 800w, https:\/\/jblanz.de\/WP\/wp-content\/uploads\/2022\/07\/Deutschland_22_869-300x169.jpg 300w, https:\/\/jblanz.de\/WP\/wp-content\/uploads\/2022\/07\/Deutschland_22_869-768x432.jpg 768w\" sizes=\"auto, (max-width: 800px) 100vw, 800px\" \/><\/figure>\n\n\n\n<figure class=\"wp-block-image size-large\"><img loading=\"lazy\" decoding=\"async\" width=\"800\" height=\"450\" data-id=\"13250\" src=\"https:\/\/jblanz.de\/WP\/wp-content\/uploads\/2022\/07\/Deutschland_22_872.jpg\" alt=\"\" class=\"wp-image-13250\" srcset=\"https:\/\/jblanz.de\/WP\/wp-content\/uploads\/2022\/07\/Deutschland_22_872.jpg 800w, https:\/\/jblanz.de\/WP\/wp-content\/uploads\/2022\/07\/Deutschland_22_872-300x169.jpg 300w, https:\/\/jblanz.de\/WP\/wp-content\/uploads\/2022\/07\/Deutschland_22_872-768x432.jpg 768w\" sizes=\"auto, (max-width: 800px) 100vw, 800px\" \/><\/figure>\n\n\n\n<figure class=\"wp-block-image size-large\"><img loading=\"lazy\" decoding=\"async\" width=\"800\" height=\"450\" data-id=\"13252\" src=\"https:\/\/jblanz.de\/WP\/wp-content\/uploads\/2022\/07\/Deutschland_22_873.jpg\" alt=\"\" class=\"wp-image-13252\" srcset=\"https:\/\/jblanz.de\/WP\/wp-content\/uploads\/2022\/07\/Deutschland_22_873.jpg 800w, https:\/\/jblanz.de\/WP\/wp-content\/uploads\/2022\/07\/Deutschland_22_873-300x169.jpg 300w, https:\/\/jblanz.de\/WP\/wp-content\/uploads\/2022\/07\/Deutschland_22_873-768x432.jpg 768w\" sizes=\"auto, (max-width: 800px) 100vw, 800px\" \/><\/figure>\n\n\n\n<figure class=\"wp-block-image size-large\"><img loading=\"lazy\" decoding=\"async\" width=\"800\" height=\"450\" data-id=\"13244\" src=\"https:\/\/jblanz.de\/WP\/wp-content\/uploads\/2022\/07\/Deutschland_22_874.jpg\" alt=\"\" class=\"wp-image-13244\" srcset=\"https:\/\/jblanz.de\/WP\/wp-content\/uploads\/2022\/07\/Deutschland_22_874.jpg 800w, https:\/\/jblanz.de\/WP\/wp-content\/uploads\/2022\/07\/Deutschland_22_874-300x169.jpg 300w, https:\/\/jblanz.de\/WP\/wp-content\/uploads\/2022\/07\/Deutschland_22_874-768x432.jpg 768w\" sizes=\"auto, (max-width: 800px) 100vw, 800px\" \/><\/figure>\n\n\n\n<figure class=\"wp-block-image size-large\"><img loading=\"lazy\" decoding=\"async\" width=\"800\" height=\"450\" data-id=\"13253\" src=\"https:\/\/jblanz.de\/WP\/wp-content\/uploads\/2022\/07\/Deutschland_22_876.jpg\" alt=\"\" class=\"wp-image-13253\" srcset=\"https:\/\/jblanz.de\/WP\/wp-content\/uploads\/2022\/07\/Deutschland_22_876.jpg 800w, https:\/\/jblanz.de\/WP\/wp-content\/uploads\/2022\/07\/Deutschland_22_876-300x169.jpg 300w, https:\/\/jblanz.de\/WP\/wp-content\/uploads\/2022\/07\/Deutschland_22_876-768x432.jpg 768w\" sizes=\"auto, (max-width: 800px) 100vw, 800px\" \/><\/figure>\n\n\n\n<figure class=\"wp-block-image size-large\"><img loading=\"lazy\" decoding=\"async\" width=\"800\" height=\"450\" data-id=\"13245\" src=\"https:\/\/jblanz.de\/WP\/wp-content\/uploads\/2022\/07\/Deutschland_22_878.jpg\" alt=\"\" class=\"wp-image-13245\" srcset=\"https:\/\/jblanz.de\/WP\/wp-content\/uploads\/2022\/07\/Deutschland_22_878.jpg 800w, https:\/\/jblanz.de\/WP\/wp-content\/uploads\/2022\/07\/Deutschland_22_878-300x169.jpg 300w, https:\/\/jblanz.de\/WP\/wp-content\/uploads\/2022\/07\/Deutschland_22_878-768x432.jpg 768w\" sizes=\"auto, (max-width: 800px) 100vw, 800px\" \/><\/figure>\n\n\n\n<figure class=\"wp-block-image size-large\"><img loading=\"lazy\" decoding=\"async\" width=\"800\" height=\"450\" data-id=\"13257\" src=\"https:\/\/jblanz.de\/WP\/wp-content\/uploads\/2022\/07\/Deutschland_22_880.jpg\" alt=\"\" class=\"wp-image-13257\" srcset=\"https:\/\/jblanz.de\/WP\/wp-content\/uploads\/2022\/07\/Deutschland_22_880.jpg 800w, https:\/\/jblanz.de\/WP\/wp-content\/uploads\/2022\/07\/Deutschland_22_880-300x169.jpg 300w, https:\/\/jblanz.de\/WP\/wp-content\/uploads\/2022\/07\/Deutschland_22_880-768x432.jpg 768w\" sizes=\"auto, (max-width: 800px) 100vw, 800px\" \/><\/figure>\n\n\n\n<figure class=\"wp-block-image size-large\"><img loading=\"lazy\" decoding=\"async\" width=\"800\" height=\"450\" data-id=\"13249\" src=\"https:\/\/jblanz.de\/WP\/wp-content\/uploads\/2022\/07\/Deutschland_22_882.jpg\" alt=\"\" class=\"wp-image-13249\" srcset=\"https:\/\/jblanz.de\/WP\/wp-content\/uploads\/2022\/07\/Deutschland_22_882.jpg 800w, https:\/\/jblanz.de\/WP\/wp-content\/uploads\/2022\/07\/Deutschland_22_882-300x169.jpg 300w, https:\/\/jblanz.de\/WP\/wp-content\/uploads\/2022\/07\/Deutschland_22_882-768x432.jpg 768w\" sizes=\"auto, (max-width: 800px) 100vw, 800px\" \/><\/figure>\n\n\n\n<figure class=\"wp-block-image size-large\"><img loading=\"lazy\" decoding=\"async\" width=\"800\" height=\"450\" data-id=\"13246\" src=\"https:\/\/jblanz.de\/WP\/wp-content\/uploads\/2022\/07\/Deutschland_22_886.jpg\" alt=\"\" class=\"wp-image-13246\" srcset=\"https:\/\/jblanz.de\/WP\/wp-content\/uploads\/2022\/07\/Deutschland_22_886.jpg 800w, https:\/\/jblanz.de\/WP\/wp-content\/uploads\/2022\/07\/Deutschland_22_886-300x169.jpg 300w, https:\/\/jblanz.de\/WP\/wp-content\/uploads\/2022\/07\/Deutschland_22_886-768x432.jpg 768w\" sizes=\"auto, (max-width: 800px) 100vw, 800px\" \/><\/figure>\n<\/figure>\n\n\n\n<p>In der Gebl\u00e4sehalle war es recht dunkel, denn in der Halle fand gerade eine Ausstellung &#8222;The World of Music Videos&#8220; statt. Man bekam ein Handy mit Kopfh\u00f6rern, das erkannte wann man vor einer bestimmten Leinwand stand. Die Leinw\u00e4nde, auf denen die Videos projeziert wurden, waren in der ganzen Halle verteilt. So konnte man durch die Halle gehen und Musikvideos aller Genres betrachten. Die Halle bekam dadurch eine sehr interessante Perspektive &#8211; wenn da der \u00d6lgestank nicht gewesen w\u00e4re.<\/p>\n\n\n\n<figure class=\"wp-block-gallery has-nested-images columns-2 is-cropped wp-block-gallery-4 is-layout-flex wp-block-gallery-is-layout-flex\">\n<figure class=\"wp-block-image size-large\"><img loading=\"lazy\" decoding=\"async\" width=\"800\" height=\"450\" data-id=\"13262\" src=\"https:\/\/jblanz.de\/WP\/wp-content\/uploads\/2022\/07\/Deutschland_22_903.jpg\" alt=\"\" class=\"wp-image-13262\" srcset=\"https:\/\/jblanz.de\/WP\/wp-content\/uploads\/2022\/07\/Deutschland_22_903.jpg 800w, https:\/\/jblanz.de\/WP\/wp-content\/uploads\/2022\/07\/Deutschland_22_903-300x169.jpg 300w, https:\/\/jblanz.de\/WP\/wp-content\/uploads\/2022\/07\/Deutschland_22_903-768x432.jpg 768w\" sizes=\"auto, (max-width: 800px) 100vw, 800px\" \/><\/figure>\n\n\n\n<figure class=\"wp-block-image size-large\"><img loading=\"lazy\" decoding=\"async\" width=\"800\" height=\"450\" data-id=\"13263\" src=\"https:\/\/jblanz.de\/WP\/wp-content\/uploads\/2022\/07\/Deutschland_22_899.jpg\" alt=\"\" class=\"wp-image-13263\" srcset=\"https:\/\/jblanz.de\/WP\/wp-content\/uploads\/2022\/07\/Deutschland_22_899.jpg 800w, https:\/\/jblanz.de\/WP\/wp-content\/uploads\/2022\/07\/Deutschland_22_899-300x169.jpg 300w, https:\/\/jblanz.de\/WP\/wp-content\/uploads\/2022\/07\/Deutschland_22_899-768x432.jpg 768w\" sizes=\"auto, (max-width: 800px) 100vw, 800px\" \/><\/figure>\n\n\n\n<figure class=\"wp-block-image size-large\"><img loading=\"lazy\" decoding=\"async\" width=\"800\" height=\"450\" data-id=\"13265\" src=\"https:\/\/jblanz.de\/WP\/wp-content\/uploads\/2022\/07\/Deutschland_22_889.jpg\" alt=\"\" class=\"wp-image-13265\" srcset=\"https:\/\/jblanz.de\/WP\/wp-content\/uploads\/2022\/07\/Deutschland_22_889.jpg 800w, https:\/\/jblanz.de\/WP\/wp-content\/uploads\/2022\/07\/Deutschland_22_889-300x169.jpg 300w, https:\/\/jblanz.de\/WP\/wp-content\/uploads\/2022\/07\/Deutschland_22_889-768x432.jpg 768w\" sizes=\"auto, (max-width: 800px) 100vw, 800px\" \/><\/figure>\n\n\n\n<figure class=\"wp-block-image size-large\"><img loading=\"lazy\" decoding=\"async\" width=\"800\" height=\"450\" data-id=\"13264\" src=\"https:\/\/jblanz.de\/WP\/wp-content\/uploads\/2022\/07\/Deutschland_22_887.jpg\" alt=\"\" class=\"wp-image-13264\" srcset=\"https:\/\/jblanz.de\/WP\/wp-content\/uploads\/2022\/07\/Deutschland_22_887.jpg 800w, https:\/\/jblanz.de\/WP\/wp-content\/uploads\/2022\/07\/Deutschland_22_887-300x169.jpg 300w, https:\/\/jblanz.de\/WP\/wp-content\/uploads\/2022\/07\/Deutschland_22_887-768x432.jpg 768w\" sizes=\"auto, (max-width: 800px) 100vw, 800px\" \/><\/figure>\n<\/figure>\n\n\n\n<p>Wir hatten sowieso nicht ewig Zeit, denn um 17 Uhr waren wir mit Karin&#8217;s Cousine Elke, die in Neipel\/Tholay wohnt und die wir viele Jahre nicht mehr gesehen hatten. Von V\u00f6lklingen nach Tholey sind es etwa 45 km. Wir schafften es fast p\u00fcnktlich anzukommen. Elke und Uwe und ihre Hunde Enzo und Nero erwarteten uns vor dem Haus. Der Bus passte exakt in ihre Garageneinfahrt und so \u00fcbernachteten wir in leichter Schieflage. <\/p>\n\n\n\n<figure class=\"wp-block-gallery has-nested-images columns-default is-cropped wp-block-gallery-5 is-layout-flex wp-block-gallery-is-layout-flex\">\n<figure class=\"wp-block-image size-large\"><img loading=\"lazy\" decoding=\"async\" width=\"800\" height=\"450\" data-id=\"13274\" src=\"https:\/\/jblanz.de\/WP\/wp-content\/uploads\/2022\/07\/Deutschland_22_865.jpg\" alt=\"\" class=\"wp-image-13274\" srcset=\"https:\/\/jblanz.de\/WP\/wp-content\/uploads\/2022\/07\/Deutschland_22_865.jpg 800w, https:\/\/jblanz.de\/WP\/wp-content\/uploads\/2022\/07\/Deutschland_22_865-300x169.jpg 300w, https:\/\/jblanz.de\/WP\/wp-content\/uploads\/2022\/07\/Deutschland_22_865-768x432.jpg 768w\" sizes=\"auto, (max-width: 800px) 100vw, 800px\" \/><\/figure>\n\n\n\n<figure class=\"wp-block-image size-large\"><img loading=\"lazy\" decoding=\"async\" width=\"800\" height=\"450\" data-id=\"13275\" src=\"https:\/\/jblanz.de\/WP\/wp-content\/uploads\/2022\/07\/Deutschland_22_868.jpg\" alt=\"\" class=\"wp-image-13275\" srcset=\"https:\/\/jblanz.de\/WP\/wp-content\/uploads\/2022\/07\/Deutschland_22_868.jpg 800w, https:\/\/jblanz.de\/WP\/wp-content\/uploads\/2022\/07\/Deutschland_22_868-300x169.jpg 300w, https:\/\/jblanz.de\/WP\/wp-content\/uploads\/2022\/07\/Deutschland_22_868-768x432.jpg 768w\" sizes=\"auto, (max-width: 800px) 100vw, 800px\" \/><\/figure>\n<\/figure>\n","protected":false},"excerpt":{"rendered":"<p>Von Luxemburg bis zum Baumwipfelpfad Saarschleife sind es nur etwas mehr als 40 km. Wir kamen um die Mittagszeit an<\/p>\n","protected":false},"author":1,"featured_media":13224,"comment_status":"open","ping_status":"open","sticky":false,"template":"","format":"standard","meta":{"colormag_page_container_layout":"default_layout","colormag_page_sidebar_layout":"default_layout","_monsterinsights_skip_tracking":false,"_monsterinsights_sitenote_active":false,"_monsterinsights_sitenote_note":"","_monsterinsights_sitenote_category":0,"footnotes":""},"categories":[245,225,159],"tags":[],"class_list":["post-13204","post","type-post","status-publish","format-standard","has-post-thumbnail","hentry","category-245","category-deutschland","category-europa"],"yoast_head":"<!-- This site is optimized with the Yoast SEO plugin v27.4 - https:\/\/yoast.com\/product\/yoast-seo-wordpress\/ -->\n<title>24. Juli 2022 - Saarschleife &amp; V\u00f6lklinger H\u00fctte - Reiseblog von Karin &amp; Joachim<\/title>\n<meta name=\"robots\" content=\"index, follow, max-snippet:-1, max-image-preview:large, max-video-preview:-1\" \/>\n<link rel=\"canonical\" href=\"https:\/\/jblanz.de\/WP\/24-juli-2022-saarschleife-voelklinger-huette\/\" \/>\n<meta property=\"og:locale\" content=\"de_DE\" \/>\n<meta property=\"og:type\" content=\"article\" \/>\n<meta property=\"og:title\" content=\"24. Juli 2022 - Saarschleife &amp; V\u00f6lklinger H\u00fctte - Reiseblog von Karin &amp; Joachim\" \/>\n<meta property=\"og:description\" content=\"Von Luxemburg bis zum Baumwipfelpfad Saarschleife sind es nur etwas mehr als 40 km. Wir kamen um die Mittagszeit an\" \/>\n<meta property=\"og:url\" content=\"https:\/\/jblanz.de\/WP\/24-juli-2022-saarschleife-voelklinger-huette\/\" \/>\n<meta property=\"og:site_name\" content=\"Reiseblog von Karin &amp; Joachim\" \/>\n<meta property=\"article:published_time\" content=\"2022-07-24T21:32:47+00:00\" \/>\n<meta property=\"article:modified_time\" content=\"2022-07-27T07:43:41+00:00\" \/>\n<meta property=\"og:image\" content=\"https:\/\/jblanz.de\/WP\/wp-content\/uploads\/2022\/07\/Deutschland_22_847.jpg\" \/>\n\t<meta property=\"og:image:width\" content=\"800\" \/>\n\t<meta property=\"og:image:height\" content=\"450\" \/>\n\t<meta property=\"og:image:type\" content=\"image\/jpeg\" \/>\n<meta name=\"author\" content=\"Achim\" \/>\n<meta name=\"twitter:card\" content=\"summary_large_image\" \/>\n<meta name=\"twitter:label1\" content=\"Verfasst von\" \/>\n\t<meta name=\"twitter:data1\" content=\"Achim\" \/>\n\t<meta name=\"twitter:label2\" content=\"Gesch\u00e4tzte Lesezeit\" \/>\n\t<meta name=\"twitter:data2\" content=\"9\u00a0Minuten\" \/>\n<script type=\"application\/ld+json\" class=\"yoast-schema-graph\">{\"@context\":\"https:\\\/\\\/schema.org\",\"@graph\":[{\"@type\":\"Article\",\"@id\":\"https:\\\/\\\/jblanz.de\\\/WP\\\/24-juli-2022-saarschleife-voelklinger-huette\\\/#article\",\"isPartOf\":{\"@id\":\"https:\\\/\\\/jblanz.de\\\/WP\\\/24-juli-2022-saarschleife-voelklinger-huette\\\/\"},\"author\":{\"name\":\"Achim\",\"@id\":\"https:\\\/\\\/jblanz.de\\\/WP\\\/#\\\/schema\\\/person\\\/17a70f07162e42bc0b181c22397286e0\"},\"headline\":\"24. Juli 2022 &#8211; Saarschleife &#038; V\u00f6lklinger H\u00fctte\",\"datePublished\":\"2022-07-24T21:32:47+00:00\",\"dateModified\":\"2022-07-27T07:43:41+00:00\",\"mainEntityOfPage\":{\"@id\":\"https:\\\/\\\/jblanz.de\\\/WP\\\/24-juli-2022-saarschleife-voelklinger-huette\\\/\"},\"wordCount\":659,\"commentCount\":0,\"publisher\":{\"@id\":\"https:\\\/\\\/jblanz.de\\\/WP\\\/#\\\/schema\\\/person\\\/17a70f07162e42bc0b181c22397286e0\"},\"image\":{\"@id\":\"https:\\\/\\\/jblanz.de\\\/WP\\\/24-juli-2022-saarschleife-voelklinger-huette\\\/#primaryimage\"},\"thumbnailUrl\":\"https:\\\/\\\/jblanz.de\\\/WP\\\/wp-content\\\/uploads\\\/2022\\\/07\\\/Deutschland_22_847.jpg\",\"articleSection\":[\"2022\",\"Deutschland\",\"Europa\"],\"inLanguage\":\"de\",\"potentialAction\":[{\"@type\":\"CommentAction\",\"name\":\"Comment\",\"target\":[\"https:\\\/\\\/jblanz.de\\\/WP\\\/24-juli-2022-saarschleife-voelklinger-huette\\\/#respond\"]}]},{\"@type\":\"WebPage\",\"@id\":\"https:\\\/\\\/jblanz.de\\\/WP\\\/24-juli-2022-saarschleife-voelklinger-huette\\\/\",\"url\":\"https:\\\/\\\/jblanz.de\\\/WP\\\/24-juli-2022-saarschleife-voelklinger-huette\\\/\",\"name\":\"24. Juli 2022 - Saarschleife & V\u00f6lklinger H\u00fctte - Reiseblog von Karin &amp; Joachim\",\"isPartOf\":{\"@id\":\"https:\\\/\\\/jblanz.de\\\/WP\\\/#website\"},\"primaryImageOfPage\":{\"@id\":\"https:\\\/\\\/jblanz.de\\\/WP\\\/24-juli-2022-saarschleife-voelklinger-huette\\\/#primaryimage\"},\"image\":{\"@id\":\"https:\\\/\\\/jblanz.de\\\/WP\\\/24-juli-2022-saarschleife-voelklinger-huette\\\/#primaryimage\"},\"thumbnailUrl\":\"https:\\\/\\\/jblanz.de\\\/WP\\\/wp-content\\\/uploads\\\/2022\\\/07\\\/Deutschland_22_847.jpg\",\"datePublished\":\"2022-07-24T21:32:47+00:00\",\"dateModified\":\"2022-07-27T07:43:41+00:00\",\"breadcrumb\":{\"@id\":\"https:\\\/\\\/jblanz.de\\\/WP\\\/24-juli-2022-saarschleife-voelklinger-huette\\\/#breadcrumb\"},\"inLanguage\":\"de\",\"potentialAction\":[{\"@type\":\"ReadAction\",\"target\":[\"https:\\\/\\\/jblanz.de\\\/WP\\\/24-juli-2022-saarschleife-voelklinger-huette\\\/\"]}]},{\"@type\":\"ImageObject\",\"inLanguage\":\"de\",\"@id\":\"https:\\\/\\\/jblanz.de\\\/WP\\\/24-juli-2022-saarschleife-voelklinger-huette\\\/#primaryimage\",\"url\":\"https:\\\/\\\/jblanz.de\\\/WP\\\/wp-content\\\/uploads\\\/2022\\\/07\\\/Deutschland_22_847.jpg\",\"contentUrl\":\"https:\\\/\\\/jblanz.de\\\/WP\\\/wp-content\\\/uploads\\\/2022\\\/07\\\/Deutschland_22_847.jpg\",\"width\":800,\"height\":450},{\"@type\":\"BreadcrumbList\",\"@id\":\"https:\\\/\\\/jblanz.de\\\/WP\\\/24-juli-2022-saarschleife-voelklinger-huette\\\/#breadcrumb\",\"itemListElement\":[{\"@type\":\"ListItem\",\"position\":1,\"name\":\"Startseite\",\"item\":\"https:\\\/\\\/jblanz.de\\\/WP\\\/\"},{\"@type\":\"ListItem\",\"position\":2,\"name\":\"24. Juli 2022 &#8211; Saarschleife &#038; V\u00f6lklinger H\u00fctte\"}]},{\"@type\":\"WebSite\",\"@id\":\"https:\\\/\\\/jblanz.de\\\/WP\\\/#website\",\"url\":\"https:\\\/\\\/jblanz.de\\\/WP\\\/\",\"name\":\"Reiseblog von Karin & Joachim\",\"description\":\"Wir schreiben den Blog f\u00fcr uns als Erinnerung - f\u00fcr euch als Inspiration\",\"publisher\":{\"@id\":\"https:\\\/\\\/jblanz.de\\\/WP\\\/#\\\/schema\\\/person\\\/17a70f07162e42bc0b181c22397286e0\"},\"potentialAction\":[{\"@type\":\"SearchAction\",\"target\":{\"@type\":\"EntryPoint\",\"urlTemplate\":\"https:\\\/\\\/jblanz.de\\\/WP\\\/?s={search_term_string}\"},\"query-input\":{\"@type\":\"PropertyValueSpecification\",\"valueRequired\":true,\"valueName\":\"search_term_string\"}}],\"inLanguage\":\"de\"},{\"@type\":[\"Person\",\"Organization\"],\"@id\":\"https:\\\/\\\/jblanz.de\\\/WP\\\/#\\\/schema\\\/person\\\/17a70f07162e42bc0b181c22397286e0\",\"name\":\"Achim\",\"image\":{\"@type\":\"ImageObject\",\"inLanguage\":\"de\",\"@id\":\"https:\\\/\\\/secure.gravatar.com\\\/avatar\\\/b7ab31bc55956af4a9bebf7fd034761212b11b803b7e39464914d6abeefb12f3?s=96&d=mm&r=g\",\"url\":\"https:\\\/\\\/secure.gravatar.com\\\/avatar\\\/b7ab31bc55956af4a9bebf7fd034761212b11b803b7e39464914d6abeefb12f3?s=96&d=mm&r=g\",\"contentUrl\":\"https:\\\/\\\/secure.gravatar.com\\\/avatar\\\/b7ab31bc55956af4a9bebf7fd034761212b11b803b7e39464914d6abeefb12f3?s=96&d=mm&r=g\",\"caption\":\"Achim\"},\"logo\":{\"@id\":\"https:\\\/\\\/secure.gravatar.com\\\/avatar\\\/b7ab31bc55956af4a9bebf7fd034761212b11b803b7e39464914d6abeefb12f3?s=96&d=mm&r=g\"},\"url\":\"https:\\\/\\\/jblanz.de\\\/WP\\\/author\\\/achim\\\/\"}]}<\/script>\n<!-- \/ Yoast SEO plugin. -->","yoast_head_json":{"title":"24. Juli 2022 - Saarschleife & V\u00f6lklinger H\u00fctte - Reiseblog von Karin &amp; Joachim","robots":{"index":"index","follow":"follow","max-snippet":"max-snippet:-1","max-image-preview":"max-image-preview:large","max-video-preview":"max-video-preview:-1"},"canonical":"https:\/\/jblanz.de\/WP\/24-juli-2022-saarschleife-voelklinger-huette\/","og_locale":"de_DE","og_type":"article","og_title":"24. Juli 2022 - Saarschleife & V\u00f6lklinger H\u00fctte - Reiseblog von Karin &amp; Joachim","og_description":"Von Luxemburg bis zum Baumwipfelpfad Saarschleife sind es nur etwas mehr als 40 km. Wir kamen um die Mittagszeit an","og_url":"https:\/\/jblanz.de\/WP\/24-juli-2022-saarschleife-voelklinger-huette\/","og_site_name":"Reiseblog von Karin &amp; Joachim","article_published_time":"2022-07-24T21:32:47+00:00","article_modified_time":"2022-07-27T07:43:41+00:00","og_image":[{"width":800,"height":450,"url":"https:\/\/jblanz.de\/WP\/wp-content\/uploads\/2022\/07\/Deutschland_22_847.jpg","type":"image\/jpeg"}],"author":"Achim","twitter_card":"summary_large_image","twitter_misc":{"Verfasst von":"Achim","Gesch\u00e4tzte Lesezeit":"9\u00a0Minuten"},"schema":{"@context":"https:\/\/schema.org","@graph":[{"@type":"Article","@id":"https:\/\/jblanz.de\/WP\/24-juli-2022-saarschleife-voelklinger-huette\/#article","isPartOf":{"@id":"https:\/\/jblanz.de\/WP\/24-juli-2022-saarschleife-voelklinger-huette\/"},"author":{"name":"Achim","@id":"https:\/\/jblanz.de\/WP\/#\/schema\/person\/17a70f07162e42bc0b181c22397286e0"},"headline":"24. Juli 2022 &#8211; Saarschleife &#038; V\u00f6lklinger H\u00fctte","datePublished":"2022-07-24T21:32:47+00:00","dateModified":"2022-07-27T07:43:41+00:00","mainEntityOfPage":{"@id":"https:\/\/jblanz.de\/WP\/24-juli-2022-saarschleife-voelklinger-huette\/"},"wordCount":659,"commentCount":0,"publisher":{"@id":"https:\/\/jblanz.de\/WP\/#\/schema\/person\/17a70f07162e42bc0b181c22397286e0"},"image":{"@id":"https:\/\/jblanz.de\/WP\/24-juli-2022-saarschleife-voelklinger-huette\/#primaryimage"},"thumbnailUrl":"https:\/\/jblanz.de\/WP\/wp-content\/uploads\/2022\/07\/Deutschland_22_847.jpg","articleSection":["2022","Deutschland","Europa"],"inLanguage":"de","potentialAction":[{"@type":"CommentAction","name":"Comment","target":["https:\/\/jblanz.de\/WP\/24-juli-2022-saarschleife-voelklinger-huette\/#respond"]}]},{"@type":"WebPage","@id":"https:\/\/jblanz.de\/WP\/24-juli-2022-saarschleife-voelklinger-huette\/","url":"https:\/\/jblanz.de\/WP\/24-juli-2022-saarschleife-voelklinger-huette\/","name":"24. Juli 2022 - Saarschleife & V\u00f6lklinger H\u00fctte - Reiseblog von Karin &amp; Joachim","isPartOf":{"@id":"https:\/\/jblanz.de\/WP\/#website"},"primaryImageOfPage":{"@id":"https:\/\/jblanz.de\/WP\/24-juli-2022-saarschleife-voelklinger-huette\/#primaryimage"},"image":{"@id":"https:\/\/jblanz.de\/WP\/24-juli-2022-saarschleife-voelklinger-huette\/#primaryimage"},"thumbnailUrl":"https:\/\/jblanz.de\/WP\/wp-content\/uploads\/2022\/07\/Deutschland_22_847.jpg","datePublished":"2022-07-24T21:32:47+00:00","dateModified":"2022-07-27T07:43:41+00:00","breadcrumb":{"@id":"https:\/\/jblanz.de\/WP\/24-juli-2022-saarschleife-voelklinger-huette\/#breadcrumb"},"inLanguage":"de","potentialAction":[{"@type":"ReadAction","target":["https:\/\/jblanz.de\/WP\/24-juli-2022-saarschleife-voelklinger-huette\/"]}]},{"@type":"ImageObject","inLanguage":"de","@id":"https:\/\/jblanz.de\/WP\/24-juli-2022-saarschleife-voelklinger-huette\/#primaryimage","url":"https:\/\/jblanz.de\/WP\/wp-content\/uploads\/2022\/07\/Deutschland_22_847.jpg","contentUrl":"https:\/\/jblanz.de\/WP\/wp-content\/uploads\/2022\/07\/Deutschland_22_847.jpg","width":800,"height":450},{"@type":"BreadcrumbList","@id":"https:\/\/jblanz.de\/WP\/24-juli-2022-saarschleife-voelklinger-huette\/#breadcrumb","itemListElement":[{"@type":"ListItem","position":1,"name":"Startseite","item":"https:\/\/jblanz.de\/WP\/"},{"@type":"ListItem","position":2,"name":"24. Juli 2022 &#8211; Saarschleife &#038; V\u00f6lklinger H\u00fctte"}]},{"@type":"WebSite","@id":"https:\/\/jblanz.de\/WP\/#website","url":"https:\/\/jblanz.de\/WP\/","name":"Reiseblog von Karin & Joachim","description":"Wir schreiben den Blog f\u00fcr uns als Erinnerung - f\u00fcr euch als Inspiration","publisher":{"@id":"https:\/\/jblanz.de\/WP\/#\/schema\/person\/17a70f07162e42bc0b181c22397286e0"},"potentialAction":[{"@type":"SearchAction","target":{"@type":"EntryPoint","urlTemplate":"https:\/\/jblanz.de\/WP\/?s={search_term_string}"},"query-input":{"@type":"PropertyValueSpecification","valueRequired":true,"valueName":"search_term_string"}}],"inLanguage":"de"},{"@type":["Person","Organization"],"@id":"https:\/\/jblanz.de\/WP\/#\/schema\/person\/17a70f07162e42bc0b181c22397286e0","name":"Achim","image":{"@type":"ImageObject","inLanguage":"de","@id":"https:\/\/secure.gravatar.com\/avatar\/b7ab31bc55956af4a9bebf7fd034761212b11b803b7e39464914d6abeefb12f3?s=96&d=mm&r=g","url":"https:\/\/secure.gravatar.com\/avatar\/b7ab31bc55956af4a9bebf7fd034761212b11b803b7e39464914d6abeefb12f3?s=96&d=mm&r=g","contentUrl":"https:\/\/secure.gravatar.com\/avatar\/b7ab31bc55956af4a9bebf7fd034761212b11b803b7e39464914d6abeefb12f3?s=96&d=mm&r=g","caption":"Achim"},"logo":{"@id":"https:\/\/secure.gravatar.com\/avatar\/b7ab31bc55956af4a9bebf7fd034761212b11b803b7e39464914d6abeefb12f3?s=96&d=mm&r=g"},"url":"https:\/\/jblanz.de\/WP\/author\/achim\/"}]}},"_links":{"self":[{"href":"https:\/\/jblanz.de\/WP\/wp-json\/wp\/v2\/posts\/13204","targetHints":{"allow":["GET"]}}],"collection":[{"href":"https:\/\/jblanz.de\/WP\/wp-json\/wp\/v2\/posts"}],"about":[{"href":"https:\/\/jblanz.de\/WP\/wp-json\/wp\/v2\/types\/post"}],"author":[{"embeddable":true,"href":"https:\/\/jblanz.de\/WP\/wp-json\/wp\/v2\/users\/1"}],"replies":[{"embeddable":true,"href":"https:\/\/jblanz.de\/WP\/wp-json\/wp\/v2\/comments?post=13204"}],"version-history":[{"count":0,"href":"https:\/\/jblanz.de\/WP\/wp-json\/wp\/v2\/posts\/13204\/revisions"}],"wp:featuredmedia":[{"embeddable":true,"href":"https:\/\/jblanz.de\/WP\/wp-json\/wp\/v2\/media\/13224"}],"wp:attachment":[{"href":"https:\/\/jblanz.de\/WP\/wp-json\/wp\/v2\/media?parent=13204"}],"wp:term":[{"taxonomy":"category","embeddable":true,"href":"https:\/\/jblanz.de\/WP\/wp-json\/wp\/v2\/categories?post=13204"},{"taxonomy":"post_tag","embeddable":true,"href":"https:\/\/jblanz.de\/WP\/wp-json\/wp\/v2\/tags?post=13204"}],"curies":[{"name":"wp","href":"https:\/\/api.w.org\/{rel}","templated":true}]}}