{"id":13206,"date":"2022-07-26T11:34:57","date_gmt":"2022-07-26T09:34:57","guid":{"rendered":"https:\/\/jblanz.de\/WP\/?p=13206"},"modified":"2022-07-28T17:10:46","modified_gmt":"2022-07-28T15:10:46","slug":"25-juli-2022-metz-und-rueckfahrt","status":"publish","type":"post","link":"https:\/\/jblanz.de\/WP\/25-juli-2022-metz-und-rueckfahrt\/","title":{"rendered":"25. Juli 2022 &#8211; Metz und R\u00fcckfahrt"},"content":{"rendered":"\n<p>Uns interessierte besonders das <b>Centre Pompidou-Metz<\/b> in Metz, da es als Zentrum f\u00fcr alle Formen zeitgen\u00f6ssischer Kunst eine Dependance des Centre Georges Pompidou in Paris ist, mit dem es Sammlungen und Gr\u00fcndungsphilosophie teilt. Es wurde 2010 er\u00f6ffnet. Die Fahrt von Neipel nach Metz ging quer durchs Land, da wir an der Mosel entlangfahren wollten. Irgendwann gab es ein Hinweisschild auf eine Burg, dem wir spontan folgten. Nach einiger Zeit hatten wir einen guten Blick auf die Burg Malbrouck in Manderen. Als wir zur Burg hochfuhren, wurde die Strasse extrem steil. So steil, dass wir beschlossen, den Besichtigungsversuch abzubrechen. So blieb halt nur ein Foto, von der von au\u00dfen sehenswerten Burg.<\/p>\n\n\n\n<figure class=\"wp-block-gallery has-nested-images columns-2 is-cropped wp-block-gallery-2 is-layout-flex wp-block-gallery-is-layout-flex\">\n<figure class=\"wp-block-image size-large\"><img loading=\"lazy\" decoding=\"async\" width=\"800\" height=\"450\" data-id=\"13277\" src=\"https:\/\/jblanz.de\/WP\/wp-content\/uploads\/2022\/07\/Deutschland_22_904.jpg\" alt=\"\" class=\"wp-image-13277\" srcset=\"https:\/\/jblanz.de\/WP\/wp-content\/uploads\/2022\/07\/Deutschland_22_904.jpg 800w, https:\/\/jblanz.de\/WP\/wp-content\/uploads\/2022\/07\/Deutschland_22_904-300x169.jpg 300w, https:\/\/jblanz.de\/WP\/wp-content\/uploads\/2022\/07\/Deutschland_22_904-768x432.jpg 768w\" sizes=\"auto, (max-width: 800px) 100vw, 800px\" \/><\/figure>\n\n\n\n<figure class=\"wp-block-image size-large\"><img loading=\"lazy\" decoding=\"async\" width=\"800\" height=\"450\" data-id=\"13278\" src=\"https:\/\/jblanz.de\/WP\/wp-content\/uploads\/2022\/07\/Deutschland_22_905.jpg\" alt=\"\" class=\"wp-image-13278\" srcset=\"https:\/\/jblanz.de\/WP\/wp-content\/uploads\/2022\/07\/Deutschland_22_905.jpg 800w, https:\/\/jblanz.de\/WP\/wp-content\/uploads\/2022\/07\/Deutschland_22_905-300x169.jpg 300w, https:\/\/jblanz.de\/WP\/wp-content\/uploads\/2022\/07\/Deutschland_22_905-768x432.jpg 768w\" sizes=\"auto, (max-width: 800px) 100vw, 800px\" \/><\/figure>\n\n\n\n<figure class=\"wp-block-image size-large\"><img loading=\"lazy\" decoding=\"async\" width=\"800\" height=\"450\" data-id=\"13287\" src=\"https:\/\/jblanz.de\/WP\/wp-content\/uploads\/2022\/07\/Deutschland_22_906.jpg\" alt=\"\" class=\"wp-image-13287\" srcset=\"https:\/\/jblanz.de\/WP\/wp-content\/uploads\/2022\/07\/Deutschland_22_906.jpg 800w, https:\/\/jblanz.de\/WP\/wp-content\/uploads\/2022\/07\/Deutschland_22_906-300x169.jpg 300w, https:\/\/jblanz.de\/WP\/wp-content\/uploads\/2022\/07\/Deutschland_22_906-768x432.jpg 768w\" sizes=\"auto, (max-width: 800px) 100vw, 800px\" \/><\/figure>\n\n\n\n<figure class=\"wp-block-image size-large\"><img loading=\"lazy\" decoding=\"async\" width=\"800\" height=\"450\" data-id=\"13288\" src=\"https:\/\/jblanz.de\/WP\/wp-content\/uploads\/2022\/07\/Deutschland_22_907.jpg\" alt=\"\" class=\"wp-image-13288\" srcset=\"https:\/\/jblanz.de\/WP\/wp-content\/uploads\/2022\/07\/Deutschland_22_907.jpg 800w, https:\/\/jblanz.de\/WP\/wp-content\/uploads\/2022\/07\/Deutschland_22_907-300x169.jpg 300w, https:\/\/jblanz.de\/WP\/wp-content\/uploads\/2022\/07\/Deutschland_22_907-768x432.jpg 768w\" sizes=\"auto, (max-width: 800px) 100vw, 800px\" \/><\/figure>\n<\/figure>\n\n\n\n<p>Die Fahrt an der Mosel entlang stellte sich als schwierig herus, daher fuhren wir doch Autobahn und steuerten einen Stellplatz im Zentrum von Metz an, direkt an der Mosel gelegen. Parkgeb\u00fchren \u00fcber Nacht nur 2 Euro. Obwohl eigentlich sehr gut angelegt, k\u00fcmmerte sich seit einiger Zeit wohl niemand mehr von der Stadtverwaltung. Der Abfluss f\u00fcr Schwarzwasser war eben voll &#8211; kein sch\u00f6ner Anblick, wenn man die Klappe \u00f6ffnete &#8211; und deshalb hatten schon einige Leute ihre Chemietoilette in den Grauwasserabfluss geleert. Der Platz lag sehr nahe am Stadtzentrum und wir schwangen uns direkt auf die R\u00e4der, um das Centre Pompidou zu besichtigen. Die Kathedrale von Metz ragte \u00fcber die H\u00e4user hinaus und am Weg war auch der &#8222;Temple Neuf&#8220; &#8211; eine protestantische Kirche in einem 1904 eingeweihten neoromanischen Bauwerk. Irgendwie wollte uns Koomot aber nicht der rechten Weg weisen, wir landeten mitten in der sehr h\u00fcbschen Altstadt. Da kam ein kleiner Stadtbus vorbei auf dem als Ziel &#8222;Centre Pompidou&#8220; stand. Also fuhren wir einfach diesem Bus hinterher und voil\u00e0 &#8211; standen nach etwa 3 Minuten davor. Ein achitektonisch sehenswertes Geb\u00e4ude &#8211; von au\u00dfen als auch von innen. 18000 Laufmeter Leimholz wurden hier verbaut.<\/p>\n\n\n\n<figure class=\"wp-block-gallery has-nested-images columns-2 is-cropped wp-block-gallery-3 is-layout-flex wp-block-gallery-is-layout-flex\">\n<figure class=\"wp-block-image size-full\"><img loading=\"lazy\" decoding=\"async\" width=\"800\" height=\"450\" data-id=\"13283\" src=\"https:\/\/jblanz.de\/WP\/wp-content\/uploads\/2022\/07\/Deutschland_22_909.jpg\" alt=\"\" class=\"wp-image-13283\" srcset=\"https:\/\/jblanz.de\/WP\/wp-content\/uploads\/2022\/07\/Deutschland_22_909.jpg 800w, https:\/\/jblanz.de\/WP\/wp-content\/uploads\/2022\/07\/Deutschland_22_909-300x169.jpg 300w, https:\/\/jblanz.de\/WP\/wp-content\/uploads\/2022\/07\/Deutschland_22_909-768x432.jpg 768w\" sizes=\"auto, (max-width: 800px) 100vw, 800px\" \/><\/figure>\n\n\n\n<figure class=\"wp-block-image size-full\"><img loading=\"lazy\" decoding=\"async\" width=\"800\" height=\"450\" data-id=\"13282\" src=\"https:\/\/jblanz.de\/WP\/wp-content\/uploads\/2022\/07\/Deutschland_22_911.jpg\" alt=\"\" class=\"wp-image-13282\" srcset=\"https:\/\/jblanz.de\/WP\/wp-content\/uploads\/2022\/07\/Deutschland_22_911.jpg 800w, https:\/\/jblanz.de\/WP\/wp-content\/uploads\/2022\/07\/Deutschland_22_911-300x169.jpg 300w, https:\/\/jblanz.de\/WP\/wp-content\/uploads\/2022\/07\/Deutschland_22_911-768x432.jpg 768w\" sizes=\"auto, (max-width: 800px) 100vw, 800px\" \/><\/figure>\n\n\n\n<figure class=\"wp-block-image size-full\"><img loading=\"lazy\" decoding=\"async\" width=\"800\" height=\"450\" data-id=\"13285\" src=\"https:\/\/jblanz.de\/WP\/wp-content\/uploads\/2022\/07\/Deutschland_22_913.jpg\" alt=\"\" class=\"wp-image-13285\" srcset=\"https:\/\/jblanz.de\/WP\/wp-content\/uploads\/2022\/07\/Deutschland_22_913.jpg 800w, https:\/\/jblanz.de\/WP\/wp-content\/uploads\/2022\/07\/Deutschland_22_913-300x169.jpg 300w, https:\/\/jblanz.de\/WP\/wp-content\/uploads\/2022\/07\/Deutschland_22_913-768x432.jpg 768w\" sizes=\"auto, (max-width: 800px) 100vw, 800px\" \/><\/figure>\n\n\n\n<figure class=\"wp-block-image size-full\"><img loading=\"lazy\" decoding=\"async\" width=\"800\" height=\"450\" data-id=\"13284\" src=\"https:\/\/jblanz.de\/WP\/wp-content\/uploads\/2022\/07\/Deutschland_22_914.jpg\" alt=\"\" class=\"wp-image-13284\" srcset=\"https:\/\/jblanz.de\/WP\/wp-content\/uploads\/2022\/07\/Deutschland_22_914.jpg 800w, https:\/\/jblanz.de\/WP\/wp-content\/uploads\/2022\/07\/Deutschland_22_914-300x169.jpg 300w, https:\/\/jblanz.de\/WP\/wp-content\/uploads\/2022\/07\/Deutschland_22_914-768x432.jpg 768w\" sizes=\"auto, (max-width: 800px) 100vw, 800px\" \/><\/figure>\n\n\n\n<figure class=\"wp-block-image size-full\"><img loading=\"lazy\" decoding=\"async\" width=\"800\" height=\"450\" data-id=\"13311\" src=\"https:\/\/jblanz.de\/WP\/wp-content\/uploads\/2022\/07\/Deutschland_22_944.jpg\" alt=\"\" class=\"wp-image-13311\" srcset=\"https:\/\/jblanz.de\/WP\/wp-content\/uploads\/2022\/07\/Deutschland_22_944.jpg 800w, https:\/\/jblanz.de\/WP\/wp-content\/uploads\/2022\/07\/Deutschland_22_944-300x169.jpg 300w, https:\/\/jblanz.de\/WP\/wp-content\/uploads\/2022\/07\/Deutschland_22_944-768x432.jpg 768w\" sizes=\"auto, (max-width: 800px) 100vw, 800px\" \/><\/figure>\n\n\n\n<figure class=\"wp-block-image size-full\"><img loading=\"lazy\" decoding=\"async\" width=\"800\" height=\"450\" data-id=\"13312\" src=\"https:\/\/jblanz.de\/WP\/wp-content\/uploads\/2022\/07\/Deutschland_22_945.jpg\" alt=\"\" class=\"wp-image-13312\" srcset=\"https:\/\/jblanz.de\/WP\/wp-content\/uploads\/2022\/07\/Deutschland_22_945.jpg 800w, https:\/\/jblanz.de\/WP\/wp-content\/uploads\/2022\/07\/Deutschland_22_945-300x169.jpg 300w, https:\/\/jblanz.de\/WP\/wp-content\/uploads\/2022\/07\/Deutschland_22_945-768x432.jpg 768w\" sizes=\"auto, (max-width: 800px) 100vw, 800px\" \/><\/figure>\n<\/figure>\n\n\n\n<p>Im Inneren gab es 4 Ebenen, auf den verschiedene Ausstelllungen gezeigt wurden, die oberen Etagen waren \u00fcber eine Treppe oder den Glasaufzug zug\u00e4nglich. Im Erdgeschoss war eine Installation von Refik Anadol &#8222;Machine Hallucinations &#8211; R\u00eaves de Nature&#8220;. Seine Projekte bestehen aus datengesteuerten maschinellen Lernalgorithmen, die abstrakte, traum\u00e4hnliche Umgebungen schaffen. In einem hohen Raum stand ein riesiger Bildschirm, der st\u00e4ndig neue Bilder erzeugte, die an den R\u00e4ndern scheinbar aus dem Rahmen zu fliessen schienen. Anadol ist der zur Zeit angesagteste Daten-K\u00fcnstler der Welt.<\/p>\n\n\n\n<figure class=\"wp-block-gallery has-nested-images columns-default is-cropped wp-block-gallery-4 is-layout-flex wp-block-gallery-is-layout-flex\">\n<figure class=\"wp-block-image size-large\"><img loading=\"lazy\" decoding=\"async\" width=\"800\" height=\"450\" data-id=\"13353\" src=\"https:\/\/jblanz.de\/WP\/wp-content\/uploads\/2022\/07\/Deutschland_22_918-1.jpg\" alt=\"\" class=\"wp-image-13353\" srcset=\"https:\/\/jblanz.de\/WP\/wp-content\/uploads\/2022\/07\/Deutschland_22_918-1.jpg 800w, https:\/\/jblanz.de\/WP\/wp-content\/uploads\/2022\/07\/Deutschland_22_918-1-300x169.jpg 300w, https:\/\/jblanz.de\/WP\/wp-content\/uploads\/2022\/07\/Deutschland_22_918-1-768x432.jpg 768w\" sizes=\"auto, (max-width: 800px) 100vw, 800px\" \/><\/figure>\n\n\n\n<figure class=\"wp-block-image size-large\"><img loading=\"lazy\" decoding=\"async\" width=\"800\" height=\"450\" data-id=\"13354\" src=\"https:\/\/jblanz.de\/WP\/wp-content\/uploads\/2022\/07\/Deutschland_22_915_916-1.jpg\" alt=\"\" class=\"wp-image-13354\" srcset=\"https:\/\/jblanz.de\/WP\/wp-content\/uploads\/2022\/07\/Deutschland_22_915_916-1.jpg 800w, https:\/\/jblanz.de\/WP\/wp-content\/uploads\/2022\/07\/Deutschland_22_915_916-1-300x169.jpg 300w, https:\/\/jblanz.de\/WP\/wp-content\/uploads\/2022\/07\/Deutschland_22_915_916-1-768x432.jpg 768w\" sizes=\"auto, (max-width: 800px) 100vw, 800px\" \/><\/figure>\n<\/figure>\n\n\n\n<figure class=\"wp-block-video\"><video height=\"1080\" style=\"aspect-ratio: 1920 \/ 1080;\" width=\"1920\" controls src=\"https:\/\/jblanz.de\/WP\/wp-content\/uploads\/2022\/07\/Deutschland_22_924.mp4\"><\/video><\/figure>\n\n\n\n<p>Auf Ebene 1 fand eine Ausstellung der Werke von Eva Aeppli mit dem Titel &#8222;La mus\u00e9e sentimental&#8220;. Sie war 9 Jahre mit Jean Tinguely verheiratet und daher gab es auch ein paar Gemeinschaftswerke zu sehen.<\/p>\n\n\n\n<figure class=\"wp-block-gallery has-nested-images columns-2 is-cropped wp-block-gallery-5 is-layout-flex wp-block-gallery-is-layout-flex\">\n<figure class=\"wp-block-image size-large\"><img loading=\"lazy\" decoding=\"async\" width=\"800\" height=\"450\" data-id=\"13330\" src=\"https:\/\/jblanz.de\/WP\/wp-content\/uploads\/2022\/07\/Deutschland_22_927.jpg\" alt=\"\" class=\"wp-image-13330\" srcset=\"https:\/\/jblanz.de\/WP\/wp-content\/uploads\/2022\/07\/Deutschland_22_927.jpg 800w, https:\/\/jblanz.de\/WP\/wp-content\/uploads\/2022\/07\/Deutschland_22_927-300x169.jpg 300w, https:\/\/jblanz.de\/WP\/wp-content\/uploads\/2022\/07\/Deutschland_22_927-768x432.jpg 768w\" sizes=\"auto, (max-width: 800px) 100vw, 800px\" \/><\/figure>\n\n\n\n<figure class=\"wp-block-image size-large\"><img loading=\"lazy\" decoding=\"async\" width=\"800\" height=\"450\" data-id=\"13323\" src=\"https:\/\/jblanz.de\/WP\/wp-content\/uploads\/2022\/07\/Deutschland_22_928.jpg\" alt=\"\" class=\"wp-image-13323\" srcset=\"https:\/\/jblanz.de\/WP\/wp-content\/uploads\/2022\/07\/Deutschland_22_928.jpg 800w, https:\/\/jblanz.de\/WP\/wp-content\/uploads\/2022\/07\/Deutschland_22_928-300x169.jpg 300w, https:\/\/jblanz.de\/WP\/wp-content\/uploads\/2022\/07\/Deutschland_22_928-768x432.jpg 768w\" sizes=\"auto, (max-width: 800px) 100vw, 800px\" \/><\/figure>\n\n\n\n<figure class=\"wp-block-image size-large\"><img loading=\"lazy\" decoding=\"async\" width=\"800\" height=\"450\" data-id=\"13328\" src=\"https:\/\/jblanz.de\/WP\/wp-content\/uploads\/2022\/07\/Deutschland_22_929.jpg\" alt=\"\" class=\"wp-image-13328\" srcset=\"https:\/\/jblanz.de\/WP\/wp-content\/uploads\/2022\/07\/Deutschland_22_929.jpg 800w, https:\/\/jblanz.de\/WP\/wp-content\/uploads\/2022\/07\/Deutschland_22_929-300x169.jpg 300w, https:\/\/jblanz.de\/WP\/wp-content\/uploads\/2022\/07\/Deutschland_22_929-768x432.jpg 768w\" sizes=\"auto, (max-width: 800px) 100vw, 800px\" \/><\/figure>\n\n\n\n<figure class=\"wp-block-image size-large\"><img loading=\"lazy\" decoding=\"async\" width=\"800\" height=\"450\" data-id=\"13321\" src=\"https:\/\/jblanz.de\/WP\/wp-content\/uploads\/2022\/07\/Deutschland_22_931.jpg\" alt=\"\" class=\"wp-image-13321\" srcset=\"https:\/\/jblanz.de\/WP\/wp-content\/uploads\/2022\/07\/Deutschland_22_931.jpg 800w, https:\/\/jblanz.de\/WP\/wp-content\/uploads\/2022\/07\/Deutschland_22_931-300x169.jpg 300w, https:\/\/jblanz.de\/WP\/wp-content\/uploads\/2022\/07\/Deutschland_22_931-768x432.jpg 768w\" sizes=\"auto, (max-width: 800px) 100vw, 800px\" \/><\/figure>\n\n\n\n<figure class=\"wp-block-image size-large\"><img loading=\"lazy\" decoding=\"async\" width=\"800\" height=\"450\" data-id=\"13327\" src=\"https:\/\/jblanz.de\/WP\/wp-content\/uploads\/2022\/07\/Deutschland_22_932.jpg\" alt=\"\" class=\"wp-image-13327\" srcset=\"https:\/\/jblanz.de\/WP\/wp-content\/uploads\/2022\/07\/Deutschland_22_932.jpg 800w, https:\/\/jblanz.de\/WP\/wp-content\/uploads\/2022\/07\/Deutschland_22_932-300x169.jpg 300w, https:\/\/jblanz.de\/WP\/wp-content\/uploads\/2022\/07\/Deutschland_22_932-768x432.jpg 768w\" sizes=\"auto, (max-width: 800px) 100vw, 800px\" \/><\/figure>\n\n\n\n<figure class=\"wp-block-image size-large\"><img loading=\"lazy\" decoding=\"async\" width=\"800\" height=\"450\" data-id=\"13324\" src=\"https:\/\/jblanz.de\/WP\/wp-content\/uploads\/2022\/07\/Deutschland_22_933.jpg\" alt=\"\" class=\"wp-image-13324\" srcset=\"https:\/\/jblanz.de\/WP\/wp-content\/uploads\/2022\/07\/Deutschland_22_933.jpg 800w, https:\/\/jblanz.de\/WP\/wp-content\/uploads\/2022\/07\/Deutschland_22_933-300x169.jpg 300w, https:\/\/jblanz.de\/WP\/wp-content\/uploads\/2022\/07\/Deutschland_22_933-768x432.jpg 768w\" sizes=\"auto, (max-width: 800px) 100vw, 800px\" \/><\/figure>\n\n\n\n<figure class=\"wp-block-image size-large\"><img loading=\"lazy\" decoding=\"async\" width=\"800\" height=\"450\" data-id=\"13331\" src=\"https:\/\/jblanz.de\/WP\/wp-content\/uploads\/2022\/07\/Deutschland_22_936.jpg\" alt=\"\" class=\"wp-image-13331\" srcset=\"https:\/\/jblanz.de\/WP\/wp-content\/uploads\/2022\/07\/Deutschland_22_936.jpg 800w, https:\/\/jblanz.de\/WP\/wp-content\/uploads\/2022\/07\/Deutschland_22_936-300x169.jpg 300w, https:\/\/jblanz.de\/WP\/wp-content\/uploads\/2022\/07\/Deutschland_22_936-768x432.jpg 768w\" sizes=\"auto, (max-width: 800px) 100vw, 800px\" \/><\/figure>\n\n\n\n<figure class=\"wp-block-image size-large\"><img loading=\"lazy\" decoding=\"async\" width=\"800\" height=\"450\" data-id=\"13329\" src=\"https:\/\/jblanz.de\/WP\/wp-content\/uploads\/2022\/07\/Deutschland_22_937.jpg\" alt=\"\" class=\"wp-image-13329\" srcset=\"https:\/\/jblanz.de\/WP\/wp-content\/uploads\/2022\/07\/Deutschland_22_937.jpg 800w, https:\/\/jblanz.de\/WP\/wp-content\/uploads\/2022\/07\/Deutschland_22_937-300x169.jpg 300w, https:\/\/jblanz.de\/WP\/wp-content\/uploads\/2022\/07\/Deutschland_22_937-768x432.jpg 768w\" sizes=\"auto, (max-width: 800px) 100vw, 800px\" \/><\/figure>\n\n\n\n<figure class=\"wp-block-image size-large\"><img loading=\"lazy\" decoding=\"async\" width=\"800\" height=\"450\" data-id=\"13322\" src=\"https:\/\/jblanz.de\/WP\/wp-content\/uploads\/2022\/07\/Deutschland_22_938.jpg\" alt=\"\" class=\"wp-image-13322\" srcset=\"https:\/\/jblanz.de\/WP\/wp-content\/uploads\/2022\/07\/Deutschland_22_938.jpg 800w, https:\/\/jblanz.de\/WP\/wp-content\/uploads\/2022\/07\/Deutschland_22_938-300x169.jpg 300w, https:\/\/jblanz.de\/WP\/wp-content\/uploads\/2022\/07\/Deutschland_22_938-768x432.jpg 768w\" sizes=\"auto, (max-width: 800px) 100vw, 800px\" \/><\/figure>\n\n\n\n<figure class=\"wp-block-image size-large\"><img loading=\"lazy\" decoding=\"async\" width=\"800\" height=\"450\" data-id=\"13326\" src=\"https:\/\/jblanz.de\/WP\/wp-content\/uploads\/2022\/07\/Deutschland_22_940.jpg\" alt=\"\" class=\"wp-image-13326\" srcset=\"https:\/\/jblanz.de\/WP\/wp-content\/uploads\/2022\/07\/Deutschland_22_940.jpg 800w, https:\/\/jblanz.de\/WP\/wp-content\/uploads\/2022\/07\/Deutschland_22_940-300x169.jpg 300w, https:\/\/jblanz.de\/WP\/wp-content\/uploads\/2022\/07\/Deutschland_22_940-768x432.jpg 768w\" sizes=\"auto, (max-width: 800px) 100vw, 800px\" \/><\/figure>\n\n\n\n<figure class=\"wp-block-image size-large\"><img loading=\"lazy\" decoding=\"async\" width=\"800\" height=\"450\" data-id=\"13332\" src=\"https:\/\/jblanz.de\/WP\/wp-content\/uploads\/2022\/07\/Deutschland_22_941.jpg\" alt=\"\" class=\"wp-image-13332\" srcset=\"https:\/\/jblanz.de\/WP\/wp-content\/uploads\/2022\/07\/Deutschland_22_941.jpg 800w, https:\/\/jblanz.de\/WP\/wp-content\/uploads\/2022\/07\/Deutschland_22_941-300x169.jpg 300w, https:\/\/jblanz.de\/WP\/wp-content\/uploads\/2022\/07\/Deutschland_22_941-768x432.jpg 768w\" sizes=\"auto, (max-width: 800px) 100vw, 800px\" \/><\/figure>\n\n\n\n<figure class=\"wp-block-image size-large\"><img loading=\"lazy\" decoding=\"async\" width=\"800\" height=\"450\" data-id=\"13325\" src=\"https:\/\/jblanz.de\/WP\/wp-content\/uploads\/2022\/07\/Deutschland_22_943.jpg\" alt=\"\" class=\"wp-image-13325\" srcset=\"https:\/\/jblanz.de\/WP\/wp-content\/uploads\/2022\/07\/Deutschland_22_943.jpg 800w, https:\/\/jblanz.de\/WP\/wp-content\/uploads\/2022\/07\/Deutschland_22_943-300x169.jpg 300w, https:\/\/jblanz.de\/WP\/wp-content\/uploads\/2022\/07\/Deutschland_22_943-768x432.jpg 768w\" sizes=\"auto, (max-width: 800px) 100vw, 800px\" \/><\/figure>\n<\/figure>\n\n\n\n<p>Auf Ebene 2 wurden moderne M\u00f6bel gezeigt, sehr extravagante Teile und auf Ebene 3 ging es um Kunst lernen. Der Stuhl sah aus als ob er aus Eiskristallen zusammengefroren w\u00e4re. Dagegen sah die gr\u00fcne Sitzecke sehr bequem aus.<\/p>\n\n\n\n<figure class=\"wp-block-gallery has-nested-images columns-2 is-cropped wp-block-gallery-6 is-layout-flex wp-block-gallery-is-layout-flex\">\n<figure class=\"wp-block-image size-large\"><img loading=\"lazy\" decoding=\"async\" width=\"800\" height=\"450\" data-id=\"13338\" src=\"https:\/\/jblanz.de\/WP\/wp-content\/uploads\/2022\/07\/Deutschland_22_946.jpg\" alt=\"\" class=\"wp-image-13338\" srcset=\"https:\/\/jblanz.de\/WP\/wp-content\/uploads\/2022\/07\/Deutschland_22_946.jpg 800w, https:\/\/jblanz.de\/WP\/wp-content\/uploads\/2022\/07\/Deutschland_22_946-300x169.jpg 300w, https:\/\/jblanz.de\/WP\/wp-content\/uploads\/2022\/07\/Deutschland_22_946-768x432.jpg 768w\" sizes=\"auto, (max-width: 800px) 100vw, 800px\" \/><\/figure>\n\n\n\n<figure class=\"wp-block-image size-large\"><img loading=\"lazy\" decoding=\"async\" width=\"800\" height=\"450\" data-id=\"13336\" src=\"https:\/\/jblanz.de\/WP\/wp-content\/uploads\/2022\/07\/Deutschland_22_948.jpg\" alt=\"\" class=\"wp-image-13336\" srcset=\"https:\/\/jblanz.de\/WP\/wp-content\/uploads\/2022\/07\/Deutschland_22_948.jpg 800w, https:\/\/jblanz.de\/WP\/wp-content\/uploads\/2022\/07\/Deutschland_22_948-300x169.jpg 300w, https:\/\/jblanz.de\/WP\/wp-content\/uploads\/2022\/07\/Deutschland_22_948-768x432.jpg 768w\" sizes=\"auto, (max-width: 800px) 100vw, 800px\" \/><\/figure>\n\n\n\n<figure class=\"wp-block-image size-large\"><img loading=\"lazy\" decoding=\"async\" width=\"800\" height=\"450\" data-id=\"13337\" src=\"https:\/\/jblanz.de\/WP\/wp-content\/uploads\/2022\/07\/Deutschland_22_949.jpg\" alt=\"\" class=\"wp-image-13337\" srcset=\"https:\/\/jblanz.de\/WP\/wp-content\/uploads\/2022\/07\/Deutschland_22_949.jpg 800w, https:\/\/jblanz.de\/WP\/wp-content\/uploads\/2022\/07\/Deutschland_22_949-300x169.jpg 300w, https:\/\/jblanz.de\/WP\/wp-content\/uploads\/2022\/07\/Deutschland_22_949-768x432.jpg 768w\" sizes=\"auto, (max-width: 800px) 100vw, 800px\" \/><\/figure>\n\n\n\n<figure class=\"wp-block-image size-large\"><img loading=\"lazy\" decoding=\"async\" width=\"800\" height=\"450\" data-id=\"13339\" src=\"https:\/\/jblanz.de\/WP\/wp-content\/uploads\/2022\/07\/Deutschland_22_947.jpg\" alt=\"\" class=\"wp-image-13339\" srcset=\"https:\/\/jblanz.de\/WP\/wp-content\/uploads\/2022\/07\/Deutschland_22_947.jpg 800w, https:\/\/jblanz.de\/WP\/wp-content\/uploads\/2022\/07\/Deutschland_22_947-300x169.jpg 300w, https:\/\/jblanz.de\/WP\/wp-content\/uploads\/2022\/07\/Deutschland_22_947-768x432.jpg 768w\" sizes=\"auto, (max-width: 800px) 100vw, 800px\" \/><\/figure>\n<\/figure>\n\n\n\n<p>Nach der Besichtigung der Ausstellungen packte uns der Hunger. Wir suchten in der N\u00e4he, also in der Neustadt, ein Restaurant, das Essen nach unserem Geschmack anbot. Wir wurden f\u00fcndig, allerdings gab es eine Schwierigkeit, man konnte das Essen nur an einem Terminal bestellen. Auf franz\u00f6sisch gestaltete sich das etwas schwierig. Bereits auf der 2.Seite scheiterten wir, da wir das Wort &#8222;le bipeur&#8220; nicht kannten und eine Nummer eingeben sollten. Dann entdeckten wir den Sprachauswahl-Button ganz rechts oben und siehe da, deutsch wurde ebenfalls angeboten. Jetzt erschloss sich uns auch das Wort bipeur das Piepser bedeutet. Und tats\u00e4chlich standen mehrere dieser Piepser neben den beiden Terminals und sie zeigten eine Nummer an, die man hier eingeben musste. Jetzt ging alles wie von selbst, Essen w\u00e4hlen, Getr\u00e4nke w\u00e4hlen, weiter, bezahlen. Inzwischen bezahlte ich alles nur noch mit dem Handy, hinhalten, zweimal rechts klicken und mit Face ID identifizieren und schon wird wunderbarerweise das Geld abgebucht. Geht nat\u00fcrlich nicht mit Maske, aber manchmal sind die Orte, an die man das Handy heben muss schon ziemlich umst\u00e4ndlich an der Seite angebracht. Da macht Face ID dann besonders Spass. Ja, wir haben auf dieser Reise auch Einiges dazugelernt. Vor dem Restaurant spielten 2 M\u00e4dchen an einem Springbrunnen. Obwohl sie schon schlotterten, rannten sie st\u00e4ndig zwischen den Font\u00e4nen herum und probierten alles M\u00f6gliche aus.<\/p>\n\n\n\n<figure class=\"wp-block-gallery has-nested-images columns-default is-cropped wp-block-gallery-7 is-layout-flex wp-block-gallery-is-layout-flex\">\n<figure class=\"wp-block-image size-large\"><img loading=\"lazy\" decoding=\"async\" width=\"800\" height=\"450\" data-id=\"13305\" src=\"https:\/\/jblanz.de\/WP\/wp-content\/uploads\/2022\/07\/Deutschland_22_955.jpg\" alt=\"\" class=\"wp-image-13305\" srcset=\"https:\/\/jblanz.de\/WP\/wp-content\/uploads\/2022\/07\/Deutschland_22_955.jpg 800w, https:\/\/jblanz.de\/WP\/wp-content\/uploads\/2022\/07\/Deutschland_22_955-300x169.jpg 300w, https:\/\/jblanz.de\/WP\/wp-content\/uploads\/2022\/07\/Deutschland_22_955-768x432.jpg 768w\" sizes=\"auto, (max-width: 800px) 100vw, 800px\" \/><\/figure>\n\n\n\n<figure class=\"wp-block-image size-large\"><img loading=\"lazy\" decoding=\"async\" width=\"800\" height=\"450\" data-id=\"13306\" src=\"https:\/\/jblanz.de\/WP\/wp-content\/uploads\/2022\/07\/Deutschland_22_957.jpg\" alt=\"\" class=\"wp-image-13306\" srcset=\"https:\/\/jblanz.de\/WP\/wp-content\/uploads\/2022\/07\/Deutschland_22_957.jpg 800w, https:\/\/jblanz.de\/WP\/wp-content\/uploads\/2022\/07\/Deutschland_22_957-300x169.jpg 300w, https:\/\/jblanz.de\/WP\/wp-content\/uploads\/2022\/07\/Deutschland_22_957-768x432.jpg 768w\" sizes=\"auto, (max-width: 800px) 100vw, 800px\" \/><\/figure>\n<\/figure>\n\n\n\n<p>EIn typischer Strassenzug in Metz und nat\u00fcrlich warfen wir zum Abschluss unseres Besuchs auch einen Blick in die gotische Kathedrale von Metz.<\/p>\n\n\n\n<figure class=\"wp-block-gallery has-nested-images columns-2 is-cropped wp-block-gallery-8 is-layout-flex wp-block-gallery-is-layout-flex\">\n<figure class=\"wp-block-image size-large\"><img loading=\"lazy\" decoding=\"async\" width=\"800\" height=\"450\" data-id=\"13299\" src=\"https:\/\/jblanz.de\/WP\/wp-content\/uploads\/2022\/07\/Deutschland_22_959.jpg\" alt=\"\" class=\"wp-image-13299\" srcset=\"https:\/\/jblanz.de\/WP\/wp-content\/uploads\/2022\/07\/Deutschland_22_959.jpg 800w, https:\/\/jblanz.de\/WP\/wp-content\/uploads\/2022\/07\/Deutschland_22_959-300x169.jpg 300w, https:\/\/jblanz.de\/WP\/wp-content\/uploads\/2022\/07\/Deutschland_22_959-768x432.jpg 768w\" sizes=\"auto, (max-width: 800px) 100vw, 800px\" \/><\/figure>\n\n\n\n<figure class=\"wp-block-image size-large\"><img loading=\"lazy\" decoding=\"async\" width=\"800\" height=\"450\" data-id=\"13302\" src=\"https:\/\/jblanz.de\/WP\/wp-content\/uploads\/2022\/07\/Deutschland_22_960.jpg\" alt=\"\" class=\"wp-image-13302\" srcset=\"https:\/\/jblanz.de\/WP\/wp-content\/uploads\/2022\/07\/Deutschland_22_960.jpg 800w, https:\/\/jblanz.de\/WP\/wp-content\/uploads\/2022\/07\/Deutschland_22_960-300x169.jpg 300w, https:\/\/jblanz.de\/WP\/wp-content\/uploads\/2022\/07\/Deutschland_22_960-768x432.jpg 768w\" sizes=\"auto, (max-width: 800px) 100vw, 800px\" \/><\/figure>\n\n\n\n<figure class=\"wp-block-image size-large\"><img loading=\"lazy\" decoding=\"async\" width=\"800\" height=\"450\" data-id=\"13300\" src=\"https:\/\/jblanz.de\/WP\/wp-content\/uploads\/2022\/07\/Deutschland_22_962.jpg\" alt=\"\" class=\"wp-image-13300\" srcset=\"https:\/\/jblanz.de\/WP\/wp-content\/uploads\/2022\/07\/Deutschland_22_962.jpg 800w, https:\/\/jblanz.de\/WP\/wp-content\/uploads\/2022\/07\/Deutschland_22_962-300x169.jpg 300w, https:\/\/jblanz.de\/WP\/wp-content\/uploads\/2022\/07\/Deutschland_22_962-768x432.jpg 768w\" sizes=\"auto, (max-width: 800px) 100vw, 800px\" \/><\/figure>\n\n\n\n<figure class=\"wp-block-image size-large\"><img loading=\"lazy\" decoding=\"async\" width=\"800\" height=\"450\" data-id=\"13301\" src=\"https:\/\/jblanz.de\/WP\/wp-content\/uploads\/2022\/07\/Deutschland_22_963.jpg\" alt=\"\" class=\"wp-image-13301\" srcset=\"https:\/\/jblanz.de\/WP\/wp-content\/uploads\/2022\/07\/Deutschland_22_963.jpg 800w, https:\/\/jblanz.de\/WP\/wp-content\/uploads\/2022\/07\/Deutschland_22_963-300x169.jpg 300w, https:\/\/jblanz.de\/WP\/wp-content\/uploads\/2022\/07\/Deutschland_22_963-768x432.jpg 768w\" sizes=\"auto, (max-width: 800px) 100vw, 800px\" \/><\/figure>\n<\/figure>\n\n\n\n<p>Am Bus \u00fcberlegten wir, ob wir wirklich hier noch \u00fcbernachten wollten. Wollten wir nicht. Also sind wir von Metz heimgefahren und kamen Nachts um 23 Uhr wieder nach Steinen. So, hier endet jetzt unsere Reisebeschreibung &#8211; insgesamt sind wir rund 3000 km gefahren. <\/p>\n\n\n\n<figure class=\"wp-block-image size-full\"><img loading=\"lazy\" decoding=\"async\" width=\"800\" height=\"450\" src=\"https:\/\/jblanz.de\/WP\/wp-content\/uploads\/2022\/07\/Route1.jpg\" alt=\"\" class=\"wp-image-13309\" srcset=\"https:\/\/jblanz.de\/WP\/wp-content\/uploads\/2022\/07\/Route1.jpg 800w, https:\/\/jblanz.de\/WP\/wp-content\/uploads\/2022\/07\/Route1-300x169.jpg 300w, https:\/\/jblanz.de\/WP\/wp-content\/uploads\/2022\/07\/Route1-768x432.jpg 768w\" sizes=\"auto, (max-width: 800px) 100vw, 800px\" \/><\/figure>\n","protected":false},"excerpt":{"rendered":"<p>Uns interessierte besonders das Centre Pompidou-Metz in Metz, da es als Zentrum f\u00fcr alle Formen zeitgen\u00f6ssischer Kunst eine Dependance des<\/p>\n","protected":false},"author":1,"featured_media":13281,"comment_status":"open","ping_status":"open","sticky":false,"template":"","format":"standard","meta":{"colormag_page_container_layout":"default_layout","colormag_page_sidebar_layout":"default_layout","_monsterinsights_skip_tracking":false,"_monsterinsights_sitenote_active":false,"_monsterinsights_sitenote_note":"","_monsterinsights_sitenote_category":0,"footnotes":""},"categories":[245,159,241],"tags":[],"class_list":["post-13206","post","type-post","status-publish","format-standard","has-post-thumbnail","hentry","category-245","category-europa","category-frankreich"],"yoast_head":"<!-- This site is optimized with the Yoast SEO plugin v27.4 - https:\/\/yoast.com\/product\/yoast-seo-wordpress\/ -->\n<title>25. Juli 2022 - Metz und R\u00fcckfahrt - Reiseblog von Karin &amp; Joachim<\/title>\n<meta name=\"robots\" content=\"index, follow, max-snippet:-1, max-image-preview:large, max-video-preview:-1\" \/>\n<link rel=\"canonical\" href=\"https:\/\/jblanz.de\/WP\/25-juli-2022-metz-und-rueckfahrt\/\" \/>\n<meta property=\"og:locale\" content=\"de_DE\" \/>\n<meta property=\"og:type\" content=\"article\" \/>\n<meta property=\"og:title\" content=\"25. Juli 2022 - Metz und R\u00fcckfahrt - Reiseblog von Karin &amp; Joachim\" \/>\n<meta property=\"og:description\" content=\"Uns interessierte besonders das Centre Pompidou-Metz in Metz, da es als Zentrum f\u00fcr alle Formen zeitgen\u00f6ssischer Kunst eine Dependance des\" \/>\n<meta property=\"og:url\" content=\"https:\/\/jblanz.de\/WP\/25-juli-2022-metz-und-rueckfahrt\/\" \/>\n<meta property=\"og:site_name\" content=\"Reiseblog von Karin &amp; Joachim\" \/>\n<meta property=\"article:published_time\" content=\"2022-07-26T09:34:57+00:00\" \/>\n<meta property=\"article:modified_time\" content=\"2022-07-28T15:10:46+00:00\" \/>\n<meta property=\"og:image\" content=\"https:\/\/jblanz.de\/WP\/wp-content\/uploads\/2022\/07\/Deutschland_22_910.jpg\" \/>\n\t<meta property=\"og:image:width\" content=\"800\" \/>\n\t<meta property=\"og:image:height\" content=\"450\" \/>\n\t<meta property=\"og:image:type\" content=\"image\/jpeg\" \/>\n<meta name=\"author\" content=\"Achim\" \/>\n<meta name=\"twitter:card\" content=\"summary_large_image\" \/>\n<meta name=\"twitter:label1\" content=\"Verfasst von\" \/>\n\t<meta name=\"twitter:data1\" content=\"Achim\" \/>\n\t<meta name=\"twitter:label2\" content=\"Gesch\u00e4tzte Lesezeit\" \/>\n\t<meta name=\"twitter:data2\" content=\"12\u00a0Minuten\" \/>\n<script type=\"application\/ld+json\" class=\"yoast-schema-graph\">{\"@context\":\"https:\\\/\\\/schema.org\",\"@graph\":[{\"@type\":\"Article\",\"@id\":\"https:\\\/\\\/jblanz.de\\\/WP\\\/25-juli-2022-metz-und-rueckfahrt\\\/#article\",\"isPartOf\":{\"@id\":\"https:\\\/\\\/jblanz.de\\\/WP\\\/25-juli-2022-metz-und-rueckfahrt\\\/\"},\"author\":{\"name\":\"Achim\",\"@id\":\"https:\\\/\\\/jblanz.de\\\/WP\\\/#\\\/schema\\\/person\\\/17a70f07162e42bc0b181c22397286e0\"},\"headline\":\"25. Juli 2022 &#8211; Metz und R\u00fcckfahrt\",\"datePublished\":\"2022-07-26T09:34:57+00:00\",\"dateModified\":\"2022-07-28T15:10:46+00:00\",\"mainEntityOfPage\":{\"@id\":\"https:\\\/\\\/jblanz.de\\\/WP\\\/25-juli-2022-metz-und-rueckfahrt\\\/\"},\"wordCount\":772,\"commentCount\":0,\"publisher\":{\"@id\":\"https:\\\/\\\/jblanz.de\\\/WP\\\/#\\\/schema\\\/person\\\/17a70f07162e42bc0b181c22397286e0\"},\"image\":{\"@id\":\"https:\\\/\\\/jblanz.de\\\/WP\\\/25-juli-2022-metz-und-rueckfahrt\\\/#primaryimage\"},\"thumbnailUrl\":\"https:\\\/\\\/jblanz.de\\\/WP\\\/wp-content\\\/uploads\\\/2022\\\/07\\\/Deutschland_22_910.jpg\",\"articleSection\":[\"2022\",\"Europa\",\"Frankreich\"],\"inLanguage\":\"de\",\"potentialAction\":[{\"@type\":\"CommentAction\",\"name\":\"Comment\",\"target\":[\"https:\\\/\\\/jblanz.de\\\/WP\\\/25-juli-2022-metz-und-rueckfahrt\\\/#respond\"]}]},{\"@type\":\"WebPage\",\"@id\":\"https:\\\/\\\/jblanz.de\\\/WP\\\/25-juli-2022-metz-und-rueckfahrt\\\/\",\"url\":\"https:\\\/\\\/jblanz.de\\\/WP\\\/25-juli-2022-metz-und-rueckfahrt\\\/\",\"name\":\"25. Juli 2022 - Metz und R\u00fcckfahrt - Reiseblog von Karin &amp; Joachim\",\"isPartOf\":{\"@id\":\"https:\\\/\\\/jblanz.de\\\/WP\\\/#website\"},\"primaryImageOfPage\":{\"@id\":\"https:\\\/\\\/jblanz.de\\\/WP\\\/25-juli-2022-metz-und-rueckfahrt\\\/#primaryimage\"},\"image\":{\"@id\":\"https:\\\/\\\/jblanz.de\\\/WP\\\/25-juli-2022-metz-und-rueckfahrt\\\/#primaryimage\"},\"thumbnailUrl\":\"https:\\\/\\\/jblanz.de\\\/WP\\\/wp-content\\\/uploads\\\/2022\\\/07\\\/Deutschland_22_910.jpg\",\"datePublished\":\"2022-07-26T09:34:57+00:00\",\"dateModified\":\"2022-07-28T15:10:46+00:00\",\"breadcrumb\":{\"@id\":\"https:\\\/\\\/jblanz.de\\\/WP\\\/25-juli-2022-metz-und-rueckfahrt\\\/#breadcrumb\"},\"inLanguage\":\"de\",\"potentialAction\":[{\"@type\":\"ReadAction\",\"target\":[\"https:\\\/\\\/jblanz.de\\\/WP\\\/25-juli-2022-metz-und-rueckfahrt\\\/\"]}]},{\"@type\":\"ImageObject\",\"inLanguage\":\"de\",\"@id\":\"https:\\\/\\\/jblanz.de\\\/WP\\\/25-juli-2022-metz-und-rueckfahrt\\\/#primaryimage\",\"url\":\"https:\\\/\\\/jblanz.de\\\/WP\\\/wp-content\\\/uploads\\\/2022\\\/07\\\/Deutschland_22_910.jpg\",\"contentUrl\":\"https:\\\/\\\/jblanz.de\\\/WP\\\/wp-content\\\/uploads\\\/2022\\\/07\\\/Deutschland_22_910.jpg\",\"width\":800,\"height\":450},{\"@type\":\"BreadcrumbList\",\"@id\":\"https:\\\/\\\/jblanz.de\\\/WP\\\/25-juli-2022-metz-und-rueckfahrt\\\/#breadcrumb\",\"itemListElement\":[{\"@type\":\"ListItem\",\"position\":1,\"name\":\"Startseite\",\"item\":\"https:\\\/\\\/jblanz.de\\\/WP\\\/\"},{\"@type\":\"ListItem\",\"position\":2,\"name\":\"25. Juli 2022 &#8211; Metz und R\u00fcckfahrt\"}]},{\"@type\":\"WebSite\",\"@id\":\"https:\\\/\\\/jblanz.de\\\/WP\\\/#website\",\"url\":\"https:\\\/\\\/jblanz.de\\\/WP\\\/\",\"name\":\"Reiseblog von Karin & Joachim\",\"description\":\"Wir schreiben den Blog f\u00fcr uns als Erinnerung - f\u00fcr euch als Inspiration\",\"publisher\":{\"@id\":\"https:\\\/\\\/jblanz.de\\\/WP\\\/#\\\/schema\\\/person\\\/17a70f07162e42bc0b181c22397286e0\"},\"potentialAction\":[{\"@type\":\"SearchAction\",\"target\":{\"@type\":\"EntryPoint\",\"urlTemplate\":\"https:\\\/\\\/jblanz.de\\\/WP\\\/?s={search_term_string}\"},\"query-input\":{\"@type\":\"PropertyValueSpecification\",\"valueRequired\":true,\"valueName\":\"search_term_string\"}}],\"inLanguage\":\"de\"},{\"@type\":[\"Person\",\"Organization\"],\"@id\":\"https:\\\/\\\/jblanz.de\\\/WP\\\/#\\\/schema\\\/person\\\/17a70f07162e42bc0b181c22397286e0\",\"name\":\"Achim\",\"image\":{\"@type\":\"ImageObject\",\"inLanguage\":\"de\",\"@id\":\"https:\\\/\\\/secure.gravatar.com\\\/avatar\\\/b7ab31bc55956af4a9bebf7fd034761212b11b803b7e39464914d6abeefb12f3?s=96&d=mm&r=g\",\"url\":\"https:\\\/\\\/secure.gravatar.com\\\/avatar\\\/b7ab31bc55956af4a9bebf7fd034761212b11b803b7e39464914d6abeefb12f3?s=96&d=mm&r=g\",\"contentUrl\":\"https:\\\/\\\/secure.gravatar.com\\\/avatar\\\/b7ab31bc55956af4a9bebf7fd034761212b11b803b7e39464914d6abeefb12f3?s=96&d=mm&r=g\",\"caption\":\"Achim\"},\"logo\":{\"@id\":\"https:\\\/\\\/secure.gravatar.com\\\/avatar\\\/b7ab31bc55956af4a9bebf7fd034761212b11b803b7e39464914d6abeefb12f3?s=96&d=mm&r=g\"},\"url\":\"https:\\\/\\\/jblanz.de\\\/WP\\\/author\\\/achim\\\/\"}]}<\/script>\n<!-- \/ Yoast SEO plugin. -->","yoast_head_json":{"title":"25. Juli 2022 - Metz und R\u00fcckfahrt - Reiseblog von Karin &amp; Joachim","robots":{"index":"index","follow":"follow","max-snippet":"max-snippet:-1","max-image-preview":"max-image-preview:large","max-video-preview":"max-video-preview:-1"},"canonical":"https:\/\/jblanz.de\/WP\/25-juli-2022-metz-und-rueckfahrt\/","og_locale":"de_DE","og_type":"article","og_title":"25. Juli 2022 - Metz und R\u00fcckfahrt - Reiseblog von Karin &amp; Joachim","og_description":"Uns interessierte besonders das Centre Pompidou-Metz in Metz, da es als Zentrum f\u00fcr alle Formen zeitgen\u00f6ssischer Kunst eine Dependance des","og_url":"https:\/\/jblanz.de\/WP\/25-juli-2022-metz-und-rueckfahrt\/","og_site_name":"Reiseblog von Karin &amp; Joachim","article_published_time":"2022-07-26T09:34:57+00:00","article_modified_time":"2022-07-28T15:10:46+00:00","og_image":[{"width":800,"height":450,"url":"https:\/\/jblanz.de\/WP\/wp-content\/uploads\/2022\/07\/Deutschland_22_910.jpg","type":"image\/jpeg"}],"author":"Achim","twitter_card":"summary_large_image","twitter_misc":{"Verfasst von":"Achim","Gesch\u00e4tzte Lesezeit":"12\u00a0Minuten"},"schema":{"@context":"https:\/\/schema.org","@graph":[{"@type":"Article","@id":"https:\/\/jblanz.de\/WP\/25-juli-2022-metz-und-rueckfahrt\/#article","isPartOf":{"@id":"https:\/\/jblanz.de\/WP\/25-juli-2022-metz-und-rueckfahrt\/"},"author":{"name":"Achim","@id":"https:\/\/jblanz.de\/WP\/#\/schema\/person\/17a70f07162e42bc0b181c22397286e0"},"headline":"25. Juli 2022 &#8211; Metz und R\u00fcckfahrt","datePublished":"2022-07-26T09:34:57+00:00","dateModified":"2022-07-28T15:10:46+00:00","mainEntityOfPage":{"@id":"https:\/\/jblanz.de\/WP\/25-juli-2022-metz-und-rueckfahrt\/"},"wordCount":772,"commentCount":0,"publisher":{"@id":"https:\/\/jblanz.de\/WP\/#\/schema\/person\/17a70f07162e42bc0b181c22397286e0"},"image":{"@id":"https:\/\/jblanz.de\/WP\/25-juli-2022-metz-und-rueckfahrt\/#primaryimage"},"thumbnailUrl":"https:\/\/jblanz.de\/WP\/wp-content\/uploads\/2022\/07\/Deutschland_22_910.jpg","articleSection":["2022","Europa","Frankreich"],"inLanguage":"de","potentialAction":[{"@type":"CommentAction","name":"Comment","target":["https:\/\/jblanz.de\/WP\/25-juli-2022-metz-und-rueckfahrt\/#respond"]}]},{"@type":"WebPage","@id":"https:\/\/jblanz.de\/WP\/25-juli-2022-metz-und-rueckfahrt\/","url":"https:\/\/jblanz.de\/WP\/25-juli-2022-metz-und-rueckfahrt\/","name":"25. Juli 2022 - Metz und R\u00fcckfahrt - Reiseblog von Karin &amp; Joachim","isPartOf":{"@id":"https:\/\/jblanz.de\/WP\/#website"},"primaryImageOfPage":{"@id":"https:\/\/jblanz.de\/WP\/25-juli-2022-metz-und-rueckfahrt\/#primaryimage"},"image":{"@id":"https:\/\/jblanz.de\/WP\/25-juli-2022-metz-und-rueckfahrt\/#primaryimage"},"thumbnailUrl":"https:\/\/jblanz.de\/WP\/wp-content\/uploads\/2022\/07\/Deutschland_22_910.jpg","datePublished":"2022-07-26T09:34:57+00:00","dateModified":"2022-07-28T15:10:46+00:00","breadcrumb":{"@id":"https:\/\/jblanz.de\/WP\/25-juli-2022-metz-und-rueckfahrt\/#breadcrumb"},"inLanguage":"de","potentialAction":[{"@type":"ReadAction","target":["https:\/\/jblanz.de\/WP\/25-juli-2022-metz-und-rueckfahrt\/"]}]},{"@type":"ImageObject","inLanguage":"de","@id":"https:\/\/jblanz.de\/WP\/25-juli-2022-metz-und-rueckfahrt\/#primaryimage","url":"https:\/\/jblanz.de\/WP\/wp-content\/uploads\/2022\/07\/Deutschland_22_910.jpg","contentUrl":"https:\/\/jblanz.de\/WP\/wp-content\/uploads\/2022\/07\/Deutschland_22_910.jpg","width":800,"height":450},{"@type":"BreadcrumbList","@id":"https:\/\/jblanz.de\/WP\/25-juli-2022-metz-und-rueckfahrt\/#breadcrumb","itemListElement":[{"@type":"ListItem","position":1,"name":"Startseite","item":"https:\/\/jblanz.de\/WP\/"},{"@type":"ListItem","position":2,"name":"25. Juli 2022 &#8211; Metz und R\u00fcckfahrt"}]},{"@type":"WebSite","@id":"https:\/\/jblanz.de\/WP\/#website","url":"https:\/\/jblanz.de\/WP\/","name":"Reiseblog von Karin & Joachim","description":"Wir schreiben den Blog f\u00fcr uns als Erinnerung - f\u00fcr euch als Inspiration","publisher":{"@id":"https:\/\/jblanz.de\/WP\/#\/schema\/person\/17a70f07162e42bc0b181c22397286e0"},"potentialAction":[{"@type":"SearchAction","target":{"@type":"EntryPoint","urlTemplate":"https:\/\/jblanz.de\/WP\/?s={search_term_string}"},"query-input":{"@type":"PropertyValueSpecification","valueRequired":true,"valueName":"search_term_string"}}],"inLanguage":"de"},{"@type":["Person","Organization"],"@id":"https:\/\/jblanz.de\/WP\/#\/schema\/person\/17a70f07162e42bc0b181c22397286e0","name":"Achim","image":{"@type":"ImageObject","inLanguage":"de","@id":"https:\/\/secure.gravatar.com\/avatar\/b7ab31bc55956af4a9bebf7fd034761212b11b803b7e39464914d6abeefb12f3?s=96&d=mm&r=g","url":"https:\/\/secure.gravatar.com\/avatar\/b7ab31bc55956af4a9bebf7fd034761212b11b803b7e39464914d6abeefb12f3?s=96&d=mm&r=g","contentUrl":"https:\/\/secure.gravatar.com\/avatar\/b7ab31bc55956af4a9bebf7fd034761212b11b803b7e39464914d6abeefb12f3?s=96&d=mm&r=g","caption":"Achim"},"logo":{"@id":"https:\/\/secure.gravatar.com\/avatar\/b7ab31bc55956af4a9bebf7fd034761212b11b803b7e39464914d6abeefb12f3?s=96&d=mm&r=g"},"url":"https:\/\/jblanz.de\/WP\/author\/achim\/"}]}},"_links":{"self":[{"href":"https:\/\/jblanz.de\/WP\/wp-json\/wp\/v2\/posts\/13206","targetHints":{"allow":["GET"]}}],"collection":[{"href":"https:\/\/jblanz.de\/WP\/wp-json\/wp\/v2\/posts"}],"about":[{"href":"https:\/\/jblanz.de\/WP\/wp-json\/wp\/v2\/types\/post"}],"author":[{"embeddable":true,"href":"https:\/\/jblanz.de\/WP\/wp-json\/wp\/v2\/users\/1"}],"replies":[{"embeddable":true,"href":"https:\/\/jblanz.de\/WP\/wp-json\/wp\/v2\/comments?post=13206"}],"version-history":[{"count":0,"href":"https:\/\/jblanz.de\/WP\/wp-json\/wp\/v2\/posts\/13206\/revisions"}],"wp:featuredmedia":[{"embeddable":true,"href":"https:\/\/jblanz.de\/WP\/wp-json\/wp\/v2\/media\/13281"}],"wp:attachment":[{"href":"https:\/\/jblanz.de\/WP\/wp-json\/wp\/v2\/media?parent=13206"}],"wp:term":[{"taxonomy":"category","embeddable":true,"href":"https:\/\/jblanz.de\/WP\/wp-json\/wp\/v2\/categories?post=13206"},{"taxonomy":"post_tag","embeddable":true,"href":"https:\/\/jblanz.de\/WP\/wp-json\/wp\/v2\/tags?post=13206"}],"curies":[{"name":"wp","href":"https:\/\/api.w.org\/{rel}","templated":true}]}}