{"id":13364,"date":"2022-09-04T19:07:15","date_gmt":"2022-09-04T17:07:15","guid":{"rendered":"https:\/\/jblanz.de\/WP\/?p=13364"},"modified":"2022-09-05T16:54:53","modified_gmt":"2022-09-05T14:54:53","slug":"2-september-2022-fahrt-nach-italien","status":"publish","type":"post","link":"https:\/\/jblanz.de\/WP\/2-september-2022-fahrt-nach-italien\/","title":{"rendered":"02. September 2022 &#8211; Fahrt nach Italien"},"content":{"rendered":"\n<p>Um etwa 12 Uhr hatten wir alles gepackt und fuhren los. Bis zum Gotthard-Tunnel lief der Verkehr problemlos, dann 45 Minuten Stau vor dem Tunnel. Nach Lugano eine Baustelle mit Stau, dann ein ewig langer Stau vor der Grenze. Es ging praktisch nicht vorw\u00e4rts. Nach einer gef\u00fchlten Unendlichkeit entdeckte Karin, dass es eine dritte Spur f\u00fcr Wohnwagen und Busse gibt, die niemand benutzt. WIr nutzten sie dann und fuhren an dem Stau vorbei bis kurz vor den Grenz\u00fcbergang. Dort endete die Spur und wir mu\u00dften uns einordnen. Zum Gl\u00fcck liess man uns sofort einscheren und flups waren wir \u00fcber die Grenze. Der bip&amp;go Tranponder bew\u00e4hrte sich, wir konnten ohne Halt durch alle Mautstellen fahren und kamen gut vorw\u00e4rts. Bis zum n\u00e4chsten Stau, dann zum \u00fcbern\u00e4chsten Stau &#8230; Auf der Gegenspur war es viel schlimmer, dort war um Mailand praktisch nur Stau. Wir schafften es bis Modena, kamen um etwa 20.30 Uhr nach 526 km Fahrt auf dem Area Camper Club Mutina an. Es war mit Gittertoren verschlossen und sah richtig zu aus. Aber wenn man an einer S\u00e4ule den richtigen Knopf dr\u00fcckte, kam eine Karte raus und die Tore \u00f6ffneten sich wie von Geisterhand. Das Camp bot Platz f\u00fcr 40 Wohnmobile und wir hatten Gl\u00fcck, dass noch 2 Stellpl\u00e4tze frei waren. Also direkt rein, Motor abstellen und Abendessen. Danach waren wir so m\u00fcde, dass wir gleich schlafen gingen.<\/p>\n","protected":false},"excerpt":{"rendered":"<p>Um etwa 12 Uhr hatten wir alles gepackt und fuhren los. Bis zum Gotthard-Tunnel lief der Verkehr problemlos, dann 45<\/p>\n","protected":false},"author":1,"featured_media":13409,"comment_status":"open","ping_status":"open","sticky":false,"template":"","format":"standard","meta":{"colormag_page_container_layout":"default_layout","colormag_page_sidebar_layout":"default_layout","_monsterinsights_skip_tracking":false,"_monsterinsights_sitenote_active":false,"_monsterinsights_sitenote_note":"","_monsterinsights_sitenote_category":0,"footnotes":""},"categories":[245,159,167],"tags":[],"class_list":["post-13364","post","type-post","status-publish","format-standard","has-post-thumbnail","hentry","category-245","category-europa","category-italien"],"yoast_head":"<!-- This site is optimized with the Yoast SEO plugin v27.4 - https:\/\/yoast.com\/product\/yoast-seo-wordpress\/ -->\n<title>02. September 2022 - Fahrt nach Italien - Reiseblog von Karin &amp; Joachim<\/title>\n<meta name=\"robots\" content=\"index, follow, max-snippet:-1, max-image-preview:large, max-video-preview:-1\" \/>\n<link rel=\"canonical\" href=\"https:\/\/jblanz.de\/WP\/2-september-2022-fahrt-nach-italien\/\" \/>\n<meta property=\"og:locale\" content=\"de_DE\" \/>\n<meta property=\"og:type\" content=\"article\" \/>\n<meta property=\"og:title\" content=\"02. September 2022 - Fahrt nach Italien - Reiseblog von Karin &amp; Joachim\" \/>\n<meta property=\"og:description\" content=\"Um etwa 12 Uhr hatten wir alles gepackt und fuhren los. Bis zum Gotthard-Tunnel lief der Verkehr problemlos, dann 45\" \/>\n<meta property=\"og:url\" content=\"https:\/\/jblanz.de\/WP\/2-september-2022-fahrt-nach-italien\/\" \/>\n<meta property=\"og:site_name\" content=\"Reiseblog von Karin &amp; Joachim\" \/>\n<meta property=\"article:published_time\" content=\"2022-09-04T17:07:15+00:00\" \/>\n<meta property=\"article:modified_time\" content=\"2022-09-05T14:54:53+00:00\" \/>\n<meta property=\"og:image\" content=\"https:\/\/jblanz.de\/WP\/wp-content\/uploads\/2022\/09\/Italien_22_001.jpg\" \/>\n\t<meta property=\"og:image:width\" content=\"800\" \/>\n\t<meta property=\"og:image:height\" content=\"450\" \/>\n\t<meta property=\"og:image:type\" content=\"image\/jpeg\" \/>\n<meta name=\"author\" content=\"Achim\" \/>\n<meta name=\"twitter:card\" content=\"summary_large_image\" \/>\n<meta name=\"twitter:label1\" content=\"Verfasst von\" \/>\n\t<meta name=\"twitter:data1\" content=\"Achim\" \/>\n\t<meta name=\"twitter:label2\" content=\"Gesch\u00e4tzte Lesezeit\" \/>\n\t<meta name=\"twitter:data2\" content=\"2\u00a0Minuten\" \/>\n<script type=\"application\/ld+json\" class=\"yoast-schema-graph\">{\"@context\":\"https:\\\/\\\/schema.org\",\"@graph\":[{\"@type\":\"Article\",\"@id\":\"https:\\\/\\\/jblanz.de\\\/WP\\\/2-september-2022-fahrt-nach-italien\\\/#article\",\"isPartOf\":{\"@id\":\"https:\\\/\\\/jblanz.de\\\/WP\\\/2-september-2022-fahrt-nach-italien\\\/\"},\"author\":{\"name\":\"Achim\",\"@id\":\"https:\\\/\\\/jblanz.de\\\/WP\\\/#\\\/schema\\\/person\\\/17a70f07162e42bc0b181c22397286e0\"},\"headline\":\"02. September 2022 &#8211; Fahrt nach Italien\",\"datePublished\":\"2022-09-04T17:07:15+00:00\",\"dateModified\":\"2022-09-05T14:54:53+00:00\",\"mainEntityOfPage\":{\"@id\":\"https:\\\/\\\/jblanz.de\\\/WP\\\/2-september-2022-fahrt-nach-italien\\\/\"},\"wordCount\":244,\"commentCount\":0,\"publisher\":{\"@id\":\"https:\\\/\\\/jblanz.de\\\/WP\\\/#\\\/schema\\\/person\\\/17a70f07162e42bc0b181c22397286e0\"},\"image\":{\"@id\":\"https:\\\/\\\/jblanz.de\\\/WP\\\/2-september-2022-fahrt-nach-italien\\\/#primaryimage\"},\"thumbnailUrl\":\"https:\\\/\\\/jblanz.de\\\/WP\\\/wp-content\\\/uploads\\\/2022\\\/09\\\/Italien_22_001.jpg\",\"articleSection\":[\"2022\",\"Europa\",\"Italien\"],\"inLanguage\":\"de\",\"potentialAction\":[{\"@type\":\"CommentAction\",\"name\":\"Comment\",\"target\":[\"https:\\\/\\\/jblanz.de\\\/WP\\\/2-september-2022-fahrt-nach-italien\\\/#respond\"]}]},{\"@type\":\"WebPage\",\"@id\":\"https:\\\/\\\/jblanz.de\\\/WP\\\/2-september-2022-fahrt-nach-italien\\\/\",\"url\":\"https:\\\/\\\/jblanz.de\\\/WP\\\/2-september-2022-fahrt-nach-italien\\\/\",\"name\":\"02. September 2022 - Fahrt nach Italien - Reiseblog von Karin &amp; Joachim\",\"isPartOf\":{\"@id\":\"https:\\\/\\\/jblanz.de\\\/WP\\\/#website\"},\"primaryImageOfPage\":{\"@id\":\"https:\\\/\\\/jblanz.de\\\/WP\\\/2-september-2022-fahrt-nach-italien\\\/#primaryimage\"},\"image\":{\"@id\":\"https:\\\/\\\/jblanz.de\\\/WP\\\/2-september-2022-fahrt-nach-italien\\\/#primaryimage\"},\"thumbnailUrl\":\"https:\\\/\\\/jblanz.de\\\/WP\\\/wp-content\\\/uploads\\\/2022\\\/09\\\/Italien_22_001.jpg\",\"datePublished\":\"2022-09-04T17:07:15+00:00\",\"dateModified\":\"2022-09-05T14:54:53+00:00\",\"breadcrumb\":{\"@id\":\"https:\\\/\\\/jblanz.de\\\/WP\\\/2-september-2022-fahrt-nach-italien\\\/#breadcrumb\"},\"inLanguage\":\"de\",\"potentialAction\":[{\"@type\":\"ReadAction\",\"target\":[\"https:\\\/\\\/jblanz.de\\\/WP\\\/2-september-2022-fahrt-nach-italien\\\/\"]}]},{\"@type\":\"ImageObject\",\"inLanguage\":\"de\",\"@id\":\"https:\\\/\\\/jblanz.de\\\/WP\\\/2-september-2022-fahrt-nach-italien\\\/#primaryimage\",\"url\":\"https:\\\/\\\/jblanz.de\\\/WP\\\/wp-content\\\/uploads\\\/2022\\\/09\\\/Italien_22_001.jpg\",\"contentUrl\":\"https:\\\/\\\/jblanz.de\\\/WP\\\/wp-content\\\/uploads\\\/2022\\\/09\\\/Italien_22_001.jpg\",\"width\":800,\"height\":450},{\"@type\":\"BreadcrumbList\",\"@id\":\"https:\\\/\\\/jblanz.de\\\/WP\\\/2-september-2022-fahrt-nach-italien\\\/#breadcrumb\",\"itemListElement\":[{\"@type\":\"ListItem\",\"position\":1,\"name\":\"Startseite\",\"item\":\"https:\\\/\\\/jblanz.de\\\/WP\\\/\"},{\"@type\":\"ListItem\",\"position\":2,\"name\":\"02. September 2022 &#8211; Fahrt nach Italien\"}]},{\"@type\":\"WebSite\",\"@id\":\"https:\\\/\\\/jblanz.de\\\/WP\\\/#website\",\"url\":\"https:\\\/\\\/jblanz.de\\\/WP\\\/\",\"name\":\"Reiseblog von Karin & Joachim\",\"description\":\"Wir schreiben den Blog f\u00fcr uns als Erinnerung - f\u00fcr euch als Inspiration\",\"publisher\":{\"@id\":\"https:\\\/\\\/jblanz.de\\\/WP\\\/#\\\/schema\\\/person\\\/17a70f07162e42bc0b181c22397286e0\"},\"potentialAction\":[{\"@type\":\"SearchAction\",\"target\":{\"@type\":\"EntryPoint\",\"urlTemplate\":\"https:\\\/\\\/jblanz.de\\\/WP\\\/?s={search_term_string}\"},\"query-input\":{\"@type\":\"PropertyValueSpecification\",\"valueRequired\":true,\"valueName\":\"search_term_string\"}}],\"inLanguage\":\"de\"},{\"@type\":[\"Person\",\"Organization\"],\"@id\":\"https:\\\/\\\/jblanz.de\\\/WP\\\/#\\\/schema\\\/person\\\/17a70f07162e42bc0b181c22397286e0\",\"name\":\"Achim\",\"image\":{\"@type\":\"ImageObject\",\"inLanguage\":\"de\",\"@id\":\"https:\\\/\\\/secure.gravatar.com\\\/avatar\\\/b7ab31bc55956af4a9bebf7fd034761212b11b803b7e39464914d6abeefb12f3?s=96&d=mm&r=g\",\"url\":\"https:\\\/\\\/secure.gravatar.com\\\/avatar\\\/b7ab31bc55956af4a9bebf7fd034761212b11b803b7e39464914d6abeefb12f3?s=96&d=mm&r=g\",\"contentUrl\":\"https:\\\/\\\/secure.gravatar.com\\\/avatar\\\/b7ab31bc55956af4a9bebf7fd034761212b11b803b7e39464914d6abeefb12f3?s=96&d=mm&r=g\",\"caption\":\"Achim\"},\"logo\":{\"@id\":\"https:\\\/\\\/secure.gravatar.com\\\/avatar\\\/b7ab31bc55956af4a9bebf7fd034761212b11b803b7e39464914d6abeefb12f3?s=96&d=mm&r=g\"},\"url\":\"https:\\\/\\\/jblanz.de\\\/WP\\\/author\\\/achim\\\/\"}]}<\/script>\n<!-- \/ Yoast SEO plugin. -->","yoast_head_json":{"title":"02. September 2022 - Fahrt nach Italien - Reiseblog von Karin &amp; Joachim","robots":{"index":"index","follow":"follow","max-snippet":"max-snippet:-1","max-image-preview":"max-image-preview:large","max-video-preview":"max-video-preview:-1"},"canonical":"https:\/\/jblanz.de\/WP\/2-september-2022-fahrt-nach-italien\/","og_locale":"de_DE","og_type":"article","og_title":"02. September 2022 - Fahrt nach Italien - Reiseblog von Karin &amp; Joachim","og_description":"Um etwa 12 Uhr hatten wir alles gepackt und fuhren los. Bis zum Gotthard-Tunnel lief der Verkehr problemlos, dann 45","og_url":"https:\/\/jblanz.de\/WP\/2-september-2022-fahrt-nach-italien\/","og_site_name":"Reiseblog von Karin &amp; Joachim","article_published_time":"2022-09-04T17:07:15+00:00","article_modified_time":"2022-09-05T14:54:53+00:00","og_image":[{"width":800,"height":450,"url":"https:\/\/jblanz.de\/WP\/wp-content\/uploads\/2022\/09\/Italien_22_001.jpg","type":"image\/jpeg"}],"author":"Achim","twitter_card":"summary_large_image","twitter_misc":{"Verfasst von":"Achim","Gesch\u00e4tzte Lesezeit":"2\u00a0Minuten"},"schema":{"@context":"https:\/\/schema.org","@graph":[{"@type":"Article","@id":"https:\/\/jblanz.de\/WP\/2-september-2022-fahrt-nach-italien\/#article","isPartOf":{"@id":"https:\/\/jblanz.de\/WP\/2-september-2022-fahrt-nach-italien\/"},"author":{"name":"Achim","@id":"https:\/\/jblanz.de\/WP\/#\/schema\/person\/17a70f07162e42bc0b181c22397286e0"},"headline":"02. September 2022 &#8211; Fahrt nach Italien","datePublished":"2022-09-04T17:07:15+00:00","dateModified":"2022-09-05T14:54:53+00:00","mainEntityOfPage":{"@id":"https:\/\/jblanz.de\/WP\/2-september-2022-fahrt-nach-italien\/"},"wordCount":244,"commentCount":0,"publisher":{"@id":"https:\/\/jblanz.de\/WP\/#\/schema\/person\/17a70f07162e42bc0b181c22397286e0"},"image":{"@id":"https:\/\/jblanz.de\/WP\/2-september-2022-fahrt-nach-italien\/#primaryimage"},"thumbnailUrl":"https:\/\/jblanz.de\/WP\/wp-content\/uploads\/2022\/09\/Italien_22_001.jpg","articleSection":["2022","Europa","Italien"],"inLanguage":"de","potentialAction":[{"@type":"CommentAction","name":"Comment","target":["https:\/\/jblanz.de\/WP\/2-september-2022-fahrt-nach-italien\/#respond"]}]},{"@type":"WebPage","@id":"https:\/\/jblanz.de\/WP\/2-september-2022-fahrt-nach-italien\/","url":"https:\/\/jblanz.de\/WP\/2-september-2022-fahrt-nach-italien\/","name":"02. September 2022 - Fahrt nach Italien - Reiseblog von Karin &amp; Joachim","isPartOf":{"@id":"https:\/\/jblanz.de\/WP\/#website"},"primaryImageOfPage":{"@id":"https:\/\/jblanz.de\/WP\/2-september-2022-fahrt-nach-italien\/#primaryimage"},"image":{"@id":"https:\/\/jblanz.de\/WP\/2-september-2022-fahrt-nach-italien\/#primaryimage"},"thumbnailUrl":"https:\/\/jblanz.de\/WP\/wp-content\/uploads\/2022\/09\/Italien_22_001.jpg","datePublished":"2022-09-04T17:07:15+00:00","dateModified":"2022-09-05T14:54:53+00:00","breadcrumb":{"@id":"https:\/\/jblanz.de\/WP\/2-september-2022-fahrt-nach-italien\/#breadcrumb"},"inLanguage":"de","potentialAction":[{"@type":"ReadAction","target":["https:\/\/jblanz.de\/WP\/2-september-2022-fahrt-nach-italien\/"]}]},{"@type":"ImageObject","inLanguage":"de","@id":"https:\/\/jblanz.de\/WP\/2-september-2022-fahrt-nach-italien\/#primaryimage","url":"https:\/\/jblanz.de\/WP\/wp-content\/uploads\/2022\/09\/Italien_22_001.jpg","contentUrl":"https:\/\/jblanz.de\/WP\/wp-content\/uploads\/2022\/09\/Italien_22_001.jpg","width":800,"height":450},{"@type":"BreadcrumbList","@id":"https:\/\/jblanz.de\/WP\/2-september-2022-fahrt-nach-italien\/#breadcrumb","itemListElement":[{"@type":"ListItem","position":1,"name":"Startseite","item":"https:\/\/jblanz.de\/WP\/"},{"@type":"ListItem","position":2,"name":"02. September 2022 &#8211; Fahrt nach Italien"}]},{"@type":"WebSite","@id":"https:\/\/jblanz.de\/WP\/#website","url":"https:\/\/jblanz.de\/WP\/","name":"Reiseblog von Karin & Joachim","description":"Wir schreiben den Blog f\u00fcr uns als Erinnerung - f\u00fcr euch als Inspiration","publisher":{"@id":"https:\/\/jblanz.de\/WP\/#\/schema\/person\/17a70f07162e42bc0b181c22397286e0"},"potentialAction":[{"@type":"SearchAction","target":{"@type":"EntryPoint","urlTemplate":"https:\/\/jblanz.de\/WP\/?s={search_term_string}"},"query-input":{"@type":"PropertyValueSpecification","valueRequired":true,"valueName":"search_term_string"}}],"inLanguage":"de"},{"@type":["Person","Organization"],"@id":"https:\/\/jblanz.de\/WP\/#\/schema\/person\/17a70f07162e42bc0b181c22397286e0","name":"Achim","image":{"@type":"ImageObject","inLanguage":"de","@id":"https:\/\/secure.gravatar.com\/avatar\/b7ab31bc55956af4a9bebf7fd034761212b11b803b7e39464914d6abeefb12f3?s=96&d=mm&r=g","url":"https:\/\/secure.gravatar.com\/avatar\/b7ab31bc55956af4a9bebf7fd034761212b11b803b7e39464914d6abeefb12f3?s=96&d=mm&r=g","contentUrl":"https:\/\/secure.gravatar.com\/avatar\/b7ab31bc55956af4a9bebf7fd034761212b11b803b7e39464914d6abeefb12f3?s=96&d=mm&r=g","caption":"Achim"},"logo":{"@id":"https:\/\/secure.gravatar.com\/avatar\/b7ab31bc55956af4a9bebf7fd034761212b11b803b7e39464914d6abeefb12f3?s=96&d=mm&r=g"},"url":"https:\/\/jblanz.de\/WP\/author\/achim\/"}]}},"_links":{"self":[{"href":"https:\/\/jblanz.de\/WP\/wp-json\/wp\/v2\/posts\/13364","targetHints":{"allow":["GET"]}}],"collection":[{"href":"https:\/\/jblanz.de\/WP\/wp-json\/wp\/v2\/posts"}],"about":[{"href":"https:\/\/jblanz.de\/WP\/wp-json\/wp\/v2\/types\/post"}],"author":[{"embeddable":true,"href":"https:\/\/jblanz.de\/WP\/wp-json\/wp\/v2\/users\/1"}],"replies":[{"embeddable":true,"href":"https:\/\/jblanz.de\/WP\/wp-json\/wp\/v2\/comments?post=13364"}],"version-history":[{"count":0,"href":"https:\/\/jblanz.de\/WP\/wp-json\/wp\/v2\/posts\/13364\/revisions"}],"wp:featuredmedia":[{"embeddable":true,"href":"https:\/\/jblanz.de\/WP\/wp-json\/wp\/v2\/media\/13409"}],"wp:attachment":[{"href":"https:\/\/jblanz.de\/WP\/wp-json\/wp\/v2\/media?parent=13364"}],"wp:term":[{"taxonomy":"category","embeddable":true,"href":"https:\/\/jblanz.de\/WP\/wp-json\/wp\/v2\/categories?post=13364"},{"taxonomy":"post_tag","embeddable":true,"href":"https:\/\/jblanz.de\/WP\/wp-json\/wp\/v2\/tags?post=13364"}],"curies":[{"name":"wp","href":"https:\/\/api.w.org\/{rel}","templated":true}]}}