{"id":13374,"date":"2022-09-04T19:41:22","date_gmt":"2022-09-04T17:41:22","guid":{"rendered":"https:\/\/jblanz.de\/WP\/?p=13374"},"modified":"2022-09-05T17:09:27","modified_gmt":"2022-09-05T15:09:27","slug":"3-september-2022-modena-und-fahrt-ans-meer","status":"publish","type":"post","link":"https:\/\/jblanz.de\/WP\/3-september-2022-modena-und-fahrt-ans-meer\/","title":{"rendered":"03. September 2022 &#8211; Modena und Fahrt ans Meer"},"content":{"rendered":"\n<p>WIr waren noch nie in Modena. Daher nutzten wir die Chance mit dem Fahrrad in die nur 6 km entfernte Altstadt zu fahren. Die Radwege waren, wie sehr vieles in Italien, reparaturbed\u00fcrftig, aber es gab immerhin Radwege. Koomot leitete uns wie immer durch die Stadt und wir kamen direkt an der Via Emilia, der Einkaufsmeile von Modena an. \u00dcberraschenerweise waren relativ wenige Menschen unterwegs und viele Leute trugen noch FFP2-Masken. Die, im Vergleich zu Deutschland, sehr heftige Corona-Krise hat ihre Spuren hinterlassen. Selbst im Freien tragen viele \u00e4ltere Menschen noch Maske. WIe immer liessen wir uns durch die Stadt treiben. Erst kamen wir an einen Markt auf dem allerlei Pflanzen verkauft wurden &#8211; Mooskugeln mit Sukkulenten, fleischfressende Kannenpflanzen und Venusfliegenfallen. Nebenan vergn\u00fcgten sich Kinder auf einem Karussell. Am zentralen Platz kauften wir in dem ehrw\u00fcrdigen Laden von Guiseppe Giusti Balsamico de Modena, den wir nat\u00fcrlich vorher verkosten durften. Die Verk\u00e4uferin sprach ziemlich gut deutsch. Viele kleinere Gesch\u00e4fte schienen endg\u00fcltig geschlossen (auch wegen Corona ?). <\/p>\n\n\n\n<figure class=\"wp-block-gallery has-nested-images columns-2 is-cropped wp-block-gallery-2 is-layout-flex wp-block-gallery-is-layout-flex\">\n<figure class=\"wp-block-image size-full\"><img loading=\"lazy\" decoding=\"async\" width=\"800\" height=\"450\" data-id=\"13412\" src=\"https:\/\/jblanz.de\/WP\/wp-content\/uploads\/2022\/09\/Italien_22_003.jpg\" alt=\"\" class=\"wp-image-13412\" srcset=\"https:\/\/jblanz.de\/WP\/wp-content\/uploads\/2022\/09\/Italien_22_003.jpg 800w, https:\/\/jblanz.de\/WP\/wp-content\/uploads\/2022\/09\/Italien_22_003-300x169.jpg 300w, https:\/\/jblanz.de\/WP\/wp-content\/uploads\/2022\/09\/Italien_22_003-768x432.jpg 768w\" sizes=\"auto, (max-width: 800px) 100vw, 800px\" \/><\/figure>\n\n\n\n<figure class=\"wp-block-image size-full\"><img loading=\"lazy\" decoding=\"async\" width=\"800\" height=\"450\" data-id=\"13414\" src=\"https:\/\/jblanz.de\/WP\/wp-content\/uploads\/2022\/09\/Italien_22_008.jpg\" alt=\"\" class=\"wp-image-13414\" srcset=\"https:\/\/jblanz.de\/WP\/wp-content\/uploads\/2022\/09\/Italien_22_008.jpg 800w, https:\/\/jblanz.de\/WP\/wp-content\/uploads\/2022\/09\/Italien_22_008-300x169.jpg 300w, https:\/\/jblanz.de\/WP\/wp-content\/uploads\/2022\/09\/Italien_22_008-768x432.jpg 768w\" sizes=\"auto, (max-width: 800px) 100vw, 800px\" \/><\/figure>\n\n\n\n<figure class=\"wp-block-image size-full\"><img loading=\"lazy\" decoding=\"async\" width=\"800\" height=\"450\" data-id=\"13416\" src=\"https:\/\/jblanz.de\/WP\/wp-content\/uploads\/2022\/09\/Italien_22_004.jpg\" alt=\"\" class=\"wp-image-13416\" srcset=\"https:\/\/jblanz.de\/WP\/wp-content\/uploads\/2022\/09\/Italien_22_004.jpg 800w, https:\/\/jblanz.de\/WP\/wp-content\/uploads\/2022\/09\/Italien_22_004-300x169.jpg 300w, https:\/\/jblanz.de\/WP\/wp-content\/uploads\/2022\/09\/Italien_22_004-768x432.jpg 768w\" sizes=\"auto, (max-width: 800px) 100vw, 800px\" \/><\/figure>\n\n\n\n<figure class=\"wp-block-image size-full\"><img loading=\"lazy\" decoding=\"async\" width=\"800\" height=\"450\" data-id=\"13419\" src=\"https:\/\/jblanz.de\/WP\/wp-content\/uploads\/2022\/09\/Italien_22_005.jpg\" alt=\"\" class=\"wp-image-13419\" srcset=\"https:\/\/jblanz.de\/WP\/wp-content\/uploads\/2022\/09\/Italien_22_005.jpg 800w, https:\/\/jblanz.de\/WP\/wp-content\/uploads\/2022\/09\/Italien_22_005-300x169.jpg 300w, https:\/\/jblanz.de\/WP\/wp-content\/uploads\/2022\/09\/Italien_22_005-768x432.jpg 768w\" sizes=\"auto, (max-width: 800px) 100vw, 800px\" \/><\/figure>\n\n\n\n<figure class=\"wp-block-image size-full\"><img loading=\"lazy\" decoding=\"async\" width=\"800\" height=\"450\" data-id=\"13420\" src=\"https:\/\/jblanz.de\/WP\/wp-content\/uploads\/2022\/09\/Italien_22_006.jpg\" alt=\"\" class=\"wp-image-13420\" srcset=\"https:\/\/jblanz.de\/WP\/wp-content\/uploads\/2022\/09\/Italien_22_006.jpg 800w, https:\/\/jblanz.de\/WP\/wp-content\/uploads\/2022\/09\/Italien_22_006-300x169.jpg 300w, https:\/\/jblanz.de\/WP\/wp-content\/uploads\/2022\/09\/Italien_22_006-768x432.jpg 768w\" sizes=\"auto, (max-width: 800px) 100vw, 800px\" \/><\/figure>\n\n\n\n<figure class=\"wp-block-image size-full\"><img loading=\"lazy\" decoding=\"async\" width=\"800\" height=\"450\" data-id=\"13421\" src=\"https:\/\/jblanz.de\/WP\/wp-content\/uploads\/2022\/09\/Italien_22_007.jpg\" alt=\"\" class=\"wp-image-13421\" srcset=\"https:\/\/jblanz.de\/WP\/wp-content\/uploads\/2022\/09\/Italien_22_007.jpg 800w, https:\/\/jblanz.de\/WP\/wp-content\/uploads\/2022\/09\/Italien_22_007-300x169.jpg 300w, https:\/\/jblanz.de\/WP\/wp-content\/uploads\/2022\/09\/Italien_22_007-768x432.jpg 768w\" sizes=\"auto, (max-width: 800px) 100vw, 800px\" \/><\/figure>\n\n\n\n<figure class=\"wp-block-image size-full\"><img loading=\"lazy\" decoding=\"async\" width=\"800\" height=\"450\" data-id=\"13415\" src=\"https:\/\/jblanz.de\/WP\/wp-content\/uploads\/2022\/09\/Italien_22_009.jpg\" alt=\"\" class=\"wp-image-13415\" srcset=\"https:\/\/jblanz.de\/WP\/wp-content\/uploads\/2022\/09\/Italien_22_009.jpg 800w, https:\/\/jblanz.de\/WP\/wp-content\/uploads\/2022\/09\/Italien_22_009-300x169.jpg 300w, https:\/\/jblanz.de\/WP\/wp-content\/uploads\/2022\/09\/Italien_22_009-768x432.jpg 768w\" sizes=\"auto, (max-width: 800px) 100vw, 800px\" \/><\/figure>\n\n\n\n<figure class=\"wp-block-image size-full\"><img loading=\"lazy\" decoding=\"async\" width=\"800\" height=\"450\" data-id=\"13413\" src=\"https:\/\/jblanz.de\/WP\/wp-content\/uploads\/2022\/09\/Italien_22_017.jpg\" alt=\"\" class=\"wp-image-13413\" srcset=\"https:\/\/jblanz.de\/WP\/wp-content\/uploads\/2022\/09\/Italien_22_017.jpg 800w, https:\/\/jblanz.de\/WP\/wp-content\/uploads\/2022\/09\/Italien_22_017-300x169.jpg 300w, https:\/\/jblanz.de\/WP\/wp-content\/uploads\/2022\/09\/Italien_22_017-768x432.jpg 768w\" sizes=\"auto, (max-width: 800px) 100vw, 800px\" \/><\/figure>\n\n\n\n<figure class=\"wp-block-image size-full\"><img loading=\"lazy\" decoding=\"async\" width=\"800\" height=\"450\" data-id=\"13424\" src=\"https:\/\/jblanz.de\/WP\/wp-content\/uploads\/2022\/09\/Italien_22_012.jpg\" alt=\"\" class=\"wp-image-13424\" srcset=\"https:\/\/jblanz.de\/WP\/wp-content\/uploads\/2022\/09\/Italien_22_012.jpg 800w, https:\/\/jblanz.de\/WP\/wp-content\/uploads\/2022\/09\/Italien_22_012-300x169.jpg 300w, https:\/\/jblanz.de\/WP\/wp-content\/uploads\/2022\/09\/Italien_22_012-768x432.jpg 768w\" sizes=\"auto, (max-width: 800px) 100vw, 800px\" \/><\/figure>\n\n\n\n<figure class=\"wp-block-image size-full\"><img loading=\"lazy\" decoding=\"async\" width=\"800\" height=\"450\" data-id=\"13418\" src=\"https:\/\/jblanz.de\/WP\/wp-content\/uploads\/2022\/09\/Italien_22_014.jpg\" alt=\"\" class=\"wp-image-13418\" srcset=\"https:\/\/jblanz.de\/WP\/wp-content\/uploads\/2022\/09\/Italien_22_014.jpg 800w, https:\/\/jblanz.de\/WP\/wp-content\/uploads\/2022\/09\/Italien_22_014-300x169.jpg 300w, https:\/\/jblanz.de\/WP\/wp-content\/uploads\/2022\/09\/Italien_22_014-768x432.jpg 768w\" sizes=\"auto, (max-width: 800px) 100vw, 800px\" \/><\/figure>\n\n\n\n<figure class=\"wp-block-image size-full\"><img loading=\"lazy\" decoding=\"async\" width=\"800\" height=\"450\" data-id=\"13417\" src=\"https:\/\/jblanz.de\/WP\/wp-content\/uploads\/2022\/09\/Italien_22_015.jpg\" alt=\"\" class=\"wp-image-13417\" srcset=\"https:\/\/jblanz.de\/WP\/wp-content\/uploads\/2022\/09\/Italien_22_015.jpg 800w, https:\/\/jblanz.de\/WP\/wp-content\/uploads\/2022\/09\/Italien_22_015-300x169.jpg 300w, https:\/\/jblanz.de\/WP\/wp-content\/uploads\/2022\/09\/Italien_22_015-768x432.jpg 768w\" sizes=\"auto, (max-width: 800px) 100vw, 800px\" \/><\/figure>\n\n\n\n<figure class=\"wp-block-image size-full\"><img loading=\"lazy\" decoding=\"async\" width=\"675\" height=\"450\" data-id=\"13427\" src=\"https:\/\/jblanz.de\/WP\/wp-content\/uploads\/2022\/09\/Italien_22_020.jpg\" alt=\"\" class=\"wp-image-13427\" srcset=\"https:\/\/jblanz.de\/WP\/wp-content\/uploads\/2022\/09\/Italien_22_020.jpg 675w, https:\/\/jblanz.de\/WP\/wp-content\/uploads\/2022\/09\/Italien_22_020-300x200.jpg 300w\" sizes=\"auto, (max-width: 675px) 100vw, 675px\" \/><\/figure>\n<\/figure>\n\n\n\n<p>Schliesslich fanden wir die Markthalle, warteten 15 Kunden lang an einem kleinen K\u00e4sestand und erstanden 30 Jahre alten Parmigiano, ger\u00e4ucherten Scamorza-K\u00e4se und Crema de Parmigiano. Das Restaurant am Markt hatte zwar Nudeln mit Crema de Parmigiano auf der Speisekarte, brauchte aber noch etwa eine Stunde bis die K\u00fcche bereit war. Daher suchten und fanden wir ein anderes Restaurant. Dort durfte man das Essen aus vorgekochten Platten aussuchen, es wurde nochmals erhitzt und dann am Tisch serviert. Zusammen mit einem Gl\u00e4schen Weisswein hat das Essen sehr gut geschmeckt. Karin a\u00df mit Spinat und Ricotta gef\u00fcllte Ravioli und gebratene Aubergine, ich hatte H\u00fchnchen in Balsamicosauce mit Rosmarinkartoffeln ausgesucht. Satt machten wir uns auf den R\u00fcckweg zum Bus, erledigten die notwendigen Arbeiten vor der Abfahrt und fuhren gegen 14 Uhr weiter Richtung Ancona. <\/p>\n\n\n\n<figure class=\"wp-block-gallery has-nested-images columns-2 is-cropped wp-block-gallery-3 is-layout-flex wp-block-gallery-is-layout-flex\">\n<figure class=\"wp-block-image size-large\"><img loading=\"lazy\" decoding=\"async\" width=\"800\" height=\"450\" data-id=\"13431\" src=\"https:\/\/jblanz.de\/WP\/wp-content\/uploads\/2022\/09\/Italien_22_021.jpg\" alt=\"\" class=\"wp-image-13431\" srcset=\"https:\/\/jblanz.de\/WP\/wp-content\/uploads\/2022\/09\/Italien_22_021.jpg 800w, https:\/\/jblanz.de\/WP\/wp-content\/uploads\/2022\/09\/Italien_22_021-300x169.jpg 300w, https:\/\/jblanz.de\/WP\/wp-content\/uploads\/2022\/09\/Italien_22_021-768x432.jpg 768w\" sizes=\"auto, (max-width: 800px) 100vw, 800px\" \/><\/figure>\n\n\n\n<figure class=\"wp-block-image size-large\"><img loading=\"lazy\" decoding=\"async\" width=\"800\" height=\"450\" data-id=\"13429\" src=\"https:\/\/jblanz.de\/WP\/wp-content\/uploads\/2022\/09\/Italien_22_022.jpg\" alt=\"\" class=\"wp-image-13429\" srcset=\"https:\/\/jblanz.de\/WP\/wp-content\/uploads\/2022\/09\/Italien_22_022.jpg 800w, https:\/\/jblanz.de\/WP\/wp-content\/uploads\/2022\/09\/Italien_22_022-300x169.jpg 300w, https:\/\/jblanz.de\/WP\/wp-content\/uploads\/2022\/09\/Italien_22_022-768x432.jpg 768w\" sizes=\"auto, (max-width: 800px) 100vw, 800px\" \/><\/figure>\n\n\n\n<figure class=\"wp-block-image size-large\"><img loading=\"lazy\" decoding=\"async\" width=\"800\" height=\"450\" data-id=\"13434\" src=\"https:\/\/jblanz.de\/WP\/wp-content\/uploads\/2022\/09\/Italien_22_023.jpg\" alt=\"\" class=\"wp-image-13434\" srcset=\"https:\/\/jblanz.de\/WP\/wp-content\/uploads\/2022\/09\/Italien_22_023.jpg 800w, https:\/\/jblanz.de\/WP\/wp-content\/uploads\/2022\/09\/Italien_22_023-300x169.jpg 300w, https:\/\/jblanz.de\/WP\/wp-content\/uploads\/2022\/09\/Italien_22_023-768x432.jpg 768w\" sizes=\"auto, (max-width: 800px) 100vw, 800px\" \/><\/figure>\n\n\n\n<figure class=\"wp-block-image size-full\"><img loading=\"lazy\" decoding=\"async\" width=\"800\" height=\"450\" data-id=\"13432\" src=\"https:\/\/jblanz.de\/WP\/wp-content\/uploads\/2022\/09\/Italien_22_018.jpg\" alt=\"\" class=\"wp-image-13432\" srcset=\"https:\/\/jblanz.de\/WP\/wp-content\/uploads\/2022\/09\/Italien_22_018.jpg 800w, https:\/\/jblanz.de\/WP\/wp-content\/uploads\/2022\/09\/Italien_22_018-300x169.jpg 300w, https:\/\/jblanz.de\/WP\/wp-content\/uploads\/2022\/09\/Italien_22_018-768x432.jpg 768w\" sizes=\"auto, (max-width: 800px) 100vw, 800px\" \/><\/figure>\n\n\n\n<figure class=\"wp-block-image size-large\"><img loading=\"lazy\" decoding=\"async\" width=\"800\" height=\"450\" data-id=\"13430\" src=\"https:\/\/jblanz.de\/WP\/wp-content\/uploads\/2022\/09\/Italien_22_024-2.jpg\" alt=\"\" class=\"wp-image-13430\" srcset=\"https:\/\/jblanz.de\/WP\/wp-content\/uploads\/2022\/09\/Italien_22_024-2.jpg 800w, https:\/\/jblanz.de\/WP\/wp-content\/uploads\/2022\/09\/Italien_22_024-2-300x169.jpg 300w, https:\/\/jblanz.de\/WP\/wp-content\/uploads\/2022\/09\/Italien_22_024-2-768x432.jpg 768w\" sizes=\"auto, (max-width: 800px) 100vw, 800px\" \/><\/figure>\n\n\n\n<figure class=\"wp-block-image size-large\"><img loading=\"lazy\" decoding=\"async\" width=\"800\" height=\"450\" data-id=\"13428\" src=\"https:\/\/jblanz.de\/WP\/wp-content\/uploads\/2022\/09\/Italien_22_024.jpg\" alt=\"\" class=\"wp-image-13428\" srcset=\"https:\/\/jblanz.de\/WP\/wp-content\/uploads\/2022\/09\/Italien_22_024.jpg 800w, https:\/\/jblanz.de\/WP\/wp-content\/uploads\/2022\/09\/Italien_22_024-300x169.jpg 300w, https:\/\/jblanz.de\/WP\/wp-content\/uploads\/2022\/09\/Italien_22_024-768x432.jpg 768w\" sizes=\"auto, (max-width: 800px) 100vw, 800px\" \/><\/figure>\n<\/figure>\n\n\n\n<p>In CamperContact hatten wir einen Camping in Cologna Spiaggia ausgesucht, den wir nach kurzer Suche fanden und der mehrere freie Pl\u00e4tze hatte. Ohne langes Suchen, der Camping bestand nur aus 2 Reihen &#8211; rechts und links standen nur WoMos mit italienischen Kennzeichen, nahmen wir einen der Pl\u00e4tze. 2 Tage zuvor hatte hier ein Sturm gew\u00fctet, in einigen Campings sahen wir noch grosse Wasserlachen. Die Besitzer des Campings waren sehr nett. In den vorderen Reihen fanden sich festinstallierte Wohnmobile und Wohnw\u00e4gen, die teils unter einem Sonnenzelt standen. Ob das bei grosser Hitze gut oder schlecht ist, k\u00f6nnen wir nicht beurteilen. An der Strandbar gab es f\u00fcr uns erst mal einen Campari Soda. Ein paar Fussballbegeisterte schauten dort das Spiel Inter Mailand gegen AC Mailand auf einem kleinen Laptop an. Bei jedem Anlass des Spiels st\u00f6hnten, jubelten, kommentierten, diskutierten sie. Das Str\u00e4ndchen begeisterte uns nicht so, daher beschlossen wir am n\u00e4chsten Tag weiterzufahren. <\/p>\n","protected":false},"excerpt":{"rendered":"<p>WIr waren noch nie in Modena. Daher nutzten wir die Chance mit dem Fahrrad in die nur 6 km entfernte<\/p>\n","protected":false},"author":1,"featured_media":13433,"comment_status":"open","ping_status":"open","sticky":false,"template":"","format":"standard","meta":{"colormag_page_container_layout":"default_layout","colormag_page_sidebar_layout":"default_layout","_monsterinsights_skip_tracking":false,"_monsterinsights_sitenote_active":false,"_monsterinsights_sitenote_note":"","_monsterinsights_sitenote_category":0,"footnotes":""},"categories":[245,159,167],"tags":[],"class_list":["post-13374","post","type-post","status-publish","format-standard","has-post-thumbnail","hentry","category-245","category-europa","category-italien"],"yoast_head":"<!-- This site is optimized with the Yoast SEO plugin v27.4 - https:\/\/yoast.com\/product\/yoast-seo-wordpress\/ -->\n<title>03. September 2022 - Modena und Fahrt ans Meer - Reiseblog von Karin &amp; Joachim<\/title>\n<meta name=\"robots\" content=\"index, follow, max-snippet:-1, max-image-preview:large, max-video-preview:-1\" \/>\n<link rel=\"canonical\" href=\"https:\/\/jblanz.de\/WP\/3-september-2022-modena-und-fahrt-ans-meer\/\" \/>\n<meta property=\"og:locale\" content=\"de_DE\" \/>\n<meta property=\"og:type\" content=\"article\" \/>\n<meta property=\"og:title\" content=\"03. September 2022 - Modena und Fahrt ans Meer - Reiseblog von Karin &amp; Joachim\" \/>\n<meta property=\"og:description\" content=\"WIr waren noch nie in Modena. Daher nutzten wir die Chance mit dem Fahrrad in die nur 6 km entfernte\" \/>\n<meta property=\"og:url\" content=\"https:\/\/jblanz.de\/WP\/3-september-2022-modena-und-fahrt-ans-meer\/\" \/>\n<meta property=\"og:site_name\" content=\"Reiseblog von Karin &amp; Joachim\" \/>\n<meta property=\"article:published_time\" content=\"2022-09-04T17:41:22+00:00\" \/>\n<meta property=\"article:modified_time\" content=\"2022-09-05T15:09:27+00:00\" \/>\n<meta property=\"og:image\" content=\"https:\/\/jblanz.de\/WP\/wp-content\/uploads\/2022\/09\/Italien_22_019.jpg\" \/>\n\t<meta property=\"og:image:width\" content=\"800\" \/>\n\t<meta property=\"og:image:height\" content=\"450\" \/>\n\t<meta property=\"og:image:type\" content=\"image\/jpeg\" \/>\n<meta name=\"author\" content=\"Achim\" \/>\n<meta name=\"twitter:card\" content=\"summary_large_image\" \/>\n<meta name=\"twitter:label1\" content=\"Verfasst von\" \/>\n\t<meta name=\"twitter:data1\" content=\"Achim\" \/>\n\t<meta name=\"twitter:label2\" content=\"Gesch\u00e4tzte Lesezeit\" \/>\n\t<meta name=\"twitter:data2\" content=\"7\u00a0Minuten\" \/>\n<script type=\"application\/ld+json\" class=\"yoast-schema-graph\">{\"@context\":\"https:\\\/\\\/schema.org\",\"@graph\":[{\"@type\":\"Article\",\"@id\":\"https:\\\/\\\/jblanz.de\\\/WP\\\/3-september-2022-modena-und-fahrt-ans-meer\\\/#article\",\"isPartOf\":{\"@id\":\"https:\\\/\\\/jblanz.de\\\/WP\\\/3-september-2022-modena-und-fahrt-ans-meer\\\/\"},\"author\":{\"name\":\"Achim\",\"@id\":\"https:\\\/\\\/jblanz.de\\\/WP\\\/#\\\/schema\\\/person\\\/17a70f07162e42bc0b181c22397286e0\"},\"headline\":\"03. September 2022 &#8211; Modena und Fahrt ans Meer\",\"datePublished\":\"2022-09-04T17:41:22+00:00\",\"dateModified\":\"2022-09-05T15:09:27+00:00\",\"mainEntityOfPage\":{\"@id\":\"https:\\\/\\\/jblanz.de\\\/WP\\\/3-september-2022-modena-und-fahrt-ans-meer\\\/\"},\"wordCount\":470,\"commentCount\":0,\"publisher\":{\"@id\":\"https:\\\/\\\/jblanz.de\\\/WP\\\/#\\\/schema\\\/person\\\/17a70f07162e42bc0b181c22397286e0\"},\"image\":{\"@id\":\"https:\\\/\\\/jblanz.de\\\/WP\\\/3-september-2022-modena-und-fahrt-ans-meer\\\/#primaryimage\"},\"thumbnailUrl\":\"https:\\\/\\\/jblanz.de\\\/WP\\\/wp-content\\\/uploads\\\/2022\\\/09\\\/Italien_22_019.jpg\",\"articleSection\":[\"2022\",\"Europa\",\"Italien\"],\"inLanguage\":\"de\",\"potentialAction\":[{\"@type\":\"CommentAction\",\"name\":\"Comment\",\"target\":[\"https:\\\/\\\/jblanz.de\\\/WP\\\/3-september-2022-modena-und-fahrt-ans-meer\\\/#respond\"]}]},{\"@type\":\"WebPage\",\"@id\":\"https:\\\/\\\/jblanz.de\\\/WP\\\/3-september-2022-modena-und-fahrt-ans-meer\\\/\",\"url\":\"https:\\\/\\\/jblanz.de\\\/WP\\\/3-september-2022-modena-und-fahrt-ans-meer\\\/\",\"name\":\"03. September 2022 - Modena und Fahrt ans Meer - Reiseblog von Karin &amp; Joachim\",\"isPartOf\":{\"@id\":\"https:\\\/\\\/jblanz.de\\\/WP\\\/#website\"},\"primaryImageOfPage\":{\"@id\":\"https:\\\/\\\/jblanz.de\\\/WP\\\/3-september-2022-modena-und-fahrt-ans-meer\\\/#primaryimage\"},\"image\":{\"@id\":\"https:\\\/\\\/jblanz.de\\\/WP\\\/3-september-2022-modena-und-fahrt-ans-meer\\\/#primaryimage\"},\"thumbnailUrl\":\"https:\\\/\\\/jblanz.de\\\/WP\\\/wp-content\\\/uploads\\\/2022\\\/09\\\/Italien_22_019.jpg\",\"datePublished\":\"2022-09-04T17:41:22+00:00\",\"dateModified\":\"2022-09-05T15:09:27+00:00\",\"breadcrumb\":{\"@id\":\"https:\\\/\\\/jblanz.de\\\/WP\\\/3-september-2022-modena-und-fahrt-ans-meer\\\/#breadcrumb\"},\"inLanguage\":\"de\",\"potentialAction\":[{\"@type\":\"ReadAction\",\"target\":[\"https:\\\/\\\/jblanz.de\\\/WP\\\/3-september-2022-modena-und-fahrt-ans-meer\\\/\"]}]},{\"@type\":\"ImageObject\",\"inLanguage\":\"de\",\"@id\":\"https:\\\/\\\/jblanz.de\\\/WP\\\/3-september-2022-modena-und-fahrt-ans-meer\\\/#primaryimage\",\"url\":\"https:\\\/\\\/jblanz.de\\\/WP\\\/wp-content\\\/uploads\\\/2022\\\/09\\\/Italien_22_019.jpg\",\"contentUrl\":\"https:\\\/\\\/jblanz.de\\\/WP\\\/wp-content\\\/uploads\\\/2022\\\/09\\\/Italien_22_019.jpg\",\"width\":800,\"height\":450},{\"@type\":\"BreadcrumbList\",\"@id\":\"https:\\\/\\\/jblanz.de\\\/WP\\\/3-september-2022-modena-und-fahrt-ans-meer\\\/#breadcrumb\",\"itemListElement\":[{\"@type\":\"ListItem\",\"position\":1,\"name\":\"Startseite\",\"item\":\"https:\\\/\\\/jblanz.de\\\/WP\\\/\"},{\"@type\":\"ListItem\",\"position\":2,\"name\":\"03. September 2022 &#8211; Modena und Fahrt ans Meer\"}]},{\"@type\":\"WebSite\",\"@id\":\"https:\\\/\\\/jblanz.de\\\/WP\\\/#website\",\"url\":\"https:\\\/\\\/jblanz.de\\\/WP\\\/\",\"name\":\"Reiseblog von Karin & Joachim\",\"description\":\"Wir schreiben den Blog f\u00fcr uns als Erinnerung - f\u00fcr euch als Inspiration\",\"publisher\":{\"@id\":\"https:\\\/\\\/jblanz.de\\\/WP\\\/#\\\/schema\\\/person\\\/17a70f07162e42bc0b181c22397286e0\"},\"potentialAction\":[{\"@type\":\"SearchAction\",\"target\":{\"@type\":\"EntryPoint\",\"urlTemplate\":\"https:\\\/\\\/jblanz.de\\\/WP\\\/?s={search_term_string}\"},\"query-input\":{\"@type\":\"PropertyValueSpecification\",\"valueRequired\":true,\"valueName\":\"search_term_string\"}}],\"inLanguage\":\"de\"},{\"@type\":[\"Person\",\"Organization\"],\"@id\":\"https:\\\/\\\/jblanz.de\\\/WP\\\/#\\\/schema\\\/person\\\/17a70f07162e42bc0b181c22397286e0\",\"name\":\"Achim\",\"image\":{\"@type\":\"ImageObject\",\"inLanguage\":\"de\",\"@id\":\"https:\\\/\\\/secure.gravatar.com\\\/avatar\\\/b7ab31bc55956af4a9bebf7fd034761212b11b803b7e39464914d6abeefb12f3?s=96&d=mm&r=g\",\"url\":\"https:\\\/\\\/secure.gravatar.com\\\/avatar\\\/b7ab31bc55956af4a9bebf7fd034761212b11b803b7e39464914d6abeefb12f3?s=96&d=mm&r=g\",\"contentUrl\":\"https:\\\/\\\/secure.gravatar.com\\\/avatar\\\/b7ab31bc55956af4a9bebf7fd034761212b11b803b7e39464914d6abeefb12f3?s=96&d=mm&r=g\",\"caption\":\"Achim\"},\"logo\":{\"@id\":\"https:\\\/\\\/secure.gravatar.com\\\/avatar\\\/b7ab31bc55956af4a9bebf7fd034761212b11b803b7e39464914d6abeefb12f3?s=96&d=mm&r=g\"},\"url\":\"https:\\\/\\\/jblanz.de\\\/WP\\\/author\\\/achim\\\/\"}]}<\/script>\n<!-- \/ Yoast SEO plugin. -->","yoast_head_json":{"title":"03. September 2022 - Modena und Fahrt ans Meer - Reiseblog von Karin &amp; Joachim","robots":{"index":"index","follow":"follow","max-snippet":"max-snippet:-1","max-image-preview":"max-image-preview:large","max-video-preview":"max-video-preview:-1"},"canonical":"https:\/\/jblanz.de\/WP\/3-september-2022-modena-und-fahrt-ans-meer\/","og_locale":"de_DE","og_type":"article","og_title":"03. September 2022 - Modena und Fahrt ans Meer - Reiseblog von Karin &amp; Joachim","og_description":"WIr waren noch nie in Modena. Daher nutzten wir die Chance mit dem Fahrrad in die nur 6 km entfernte","og_url":"https:\/\/jblanz.de\/WP\/3-september-2022-modena-und-fahrt-ans-meer\/","og_site_name":"Reiseblog von Karin &amp; Joachim","article_published_time":"2022-09-04T17:41:22+00:00","article_modified_time":"2022-09-05T15:09:27+00:00","og_image":[{"width":800,"height":450,"url":"https:\/\/jblanz.de\/WP\/wp-content\/uploads\/2022\/09\/Italien_22_019.jpg","type":"image\/jpeg"}],"author":"Achim","twitter_card":"summary_large_image","twitter_misc":{"Verfasst von":"Achim","Gesch\u00e4tzte Lesezeit":"7\u00a0Minuten"},"schema":{"@context":"https:\/\/schema.org","@graph":[{"@type":"Article","@id":"https:\/\/jblanz.de\/WP\/3-september-2022-modena-und-fahrt-ans-meer\/#article","isPartOf":{"@id":"https:\/\/jblanz.de\/WP\/3-september-2022-modena-und-fahrt-ans-meer\/"},"author":{"name":"Achim","@id":"https:\/\/jblanz.de\/WP\/#\/schema\/person\/17a70f07162e42bc0b181c22397286e0"},"headline":"03. September 2022 &#8211; Modena und Fahrt ans Meer","datePublished":"2022-09-04T17:41:22+00:00","dateModified":"2022-09-05T15:09:27+00:00","mainEntityOfPage":{"@id":"https:\/\/jblanz.de\/WP\/3-september-2022-modena-und-fahrt-ans-meer\/"},"wordCount":470,"commentCount":0,"publisher":{"@id":"https:\/\/jblanz.de\/WP\/#\/schema\/person\/17a70f07162e42bc0b181c22397286e0"},"image":{"@id":"https:\/\/jblanz.de\/WP\/3-september-2022-modena-und-fahrt-ans-meer\/#primaryimage"},"thumbnailUrl":"https:\/\/jblanz.de\/WP\/wp-content\/uploads\/2022\/09\/Italien_22_019.jpg","articleSection":["2022","Europa","Italien"],"inLanguage":"de","potentialAction":[{"@type":"CommentAction","name":"Comment","target":["https:\/\/jblanz.de\/WP\/3-september-2022-modena-und-fahrt-ans-meer\/#respond"]}]},{"@type":"WebPage","@id":"https:\/\/jblanz.de\/WP\/3-september-2022-modena-und-fahrt-ans-meer\/","url":"https:\/\/jblanz.de\/WP\/3-september-2022-modena-und-fahrt-ans-meer\/","name":"03. September 2022 - Modena und Fahrt ans Meer - Reiseblog von Karin &amp; Joachim","isPartOf":{"@id":"https:\/\/jblanz.de\/WP\/#website"},"primaryImageOfPage":{"@id":"https:\/\/jblanz.de\/WP\/3-september-2022-modena-und-fahrt-ans-meer\/#primaryimage"},"image":{"@id":"https:\/\/jblanz.de\/WP\/3-september-2022-modena-und-fahrt-ans-meer\/#primaryimage"},"thumbnailUrl":"https:\/\/jblanz.de\/WP\/wp-content\/uploads\/2022\/09\/Italien_22_019.jpg","datePublished":"2022-09-04T17:41:22+00:00","dateModified":"2022-09-05T15:09:27+00:00","breadcrumb":{"@id":"https:\/\/jblanz.de\/WP\/3-september-2022-modena-und-fahrt-ans-meer\/#breadcrumb"},"inLanguage":"de","potentialAction":[{"@type":"ReadAction","target":["https:\/\/jblanz.de\/WP\/3-september-2022-modena-und-fahrt-ans-meer\/"]}]},{"@type":"ImageObject","inLanguage":"de","@id":"https:\/\/jblanz.de\/WP\/3-september-2022-modena-und-fahrt-ans-meer\/#primaryimage","url":"https:\/\/jblanz.de\/WP\/wp-content\/uploads\/2022\/09\/Italien_22_019.jpg","contentUrl":"https:\/\/jblanz.de\/WP\/wp-content\/uploads\/2022\/09\/Italien_22_019.jpg","width":800,"height":450},{"@type":"BreadcrumbList","@id":"https:\/\/jblanz.de\/WP\/3-september-2022-modena-und-fahrt-ans-meer\/#breadcrumb","itemListElement":[{"@type":"ListItem","position":1,"name":"Startseite","item":"https:\/\/jblanz.de\/WP\/"},{"@type":"ListItem","position":2,"name":"03. September 2022 &#8211; Modena und Fahrt ans Meer"}]},{"@type":"WebSite","@id":"https:\/\/jblanz.de\/WP\/#website","url":"https:\/\/jblanz.de\/WP\/","name":"Reiseblog von Karin & Joachim","description":"Wir schreiben den Blog f\u00fcr uns als Erinnerung - f\u00fcr euch als Inspiration","publisher":{"@id":"https:\/\/jblanz.de\/WP\/#\/schema\/person\/17a70f07162e42bc0b181c22397286e0"},"potentialAction":[{"@type":"SearchAction","target":{"@type":"EntryPoint","urlTemplate":"https:\/\/jblanz.de\/WP\/?s={search_term_string}"},"query-input":{"@type":"PropertyValueSpecification","valueRequired":true,"valueName":"search_term_string"}}],"inLanguage":"de"},{"@type":["Person","Organization"],"@id":"https:\/\/jblanz.de\/WP\/#\/schema\/person\/17a70f07162e42bc0b181c22397286e0","name":"Achim","image":{"@type":"ImageObject","inLanguage":"de","@id":"https:\/\/secure.gravatar.com\/avatar\/b7ab31bc55956af4a9bebf7fd034761212b11b803b7e39464914d6abeefb12f3?s=96&d=mm&r=g","url":"https:\/\/secure.gravatar.com\/avatar\/b7ab31bc55956af4a9bebf7fd034761212b11b803b7e39464914d6abeefb12f3?s=96&d=mm&r=g","contentUrl":"https:\/\/secure.gravatar.com\/avatar\/b7ab31bc55956af4a9bebf7fd034761212b11b803b7e39464914d6abeefb12f3?s=96&d=mm&r=g","caption":"Achim"},"logo":{"@id":"https:\/\/secure.gravatar.com\/avatar\/b7ab31bc55956af4a9bebf7fd034761212b11b803b7e39464914d6abeefb12f3?s=96&d=mm&r=g"},"url":"https:\/\/jblanz.de\/WP\/author\/achim\/"}]}},"_links":{"self":[{"href":"https:\/\/jblanz.de\/WP\/wp-json\/wp\/v2\/posts\/13374","targetHints":{"allow":["GET"]}}],"collection":[{"href":"https:\/\/jblanz.de\/WP\/wp-json\/wp\/v2\/posts"}],"about":[{"href":"https:\/\/jblanz.de\/WP\/wp-json\/wp\/v2\/types\/post"}],"author":[{"embeddable":true,"href":"https:\/\/jblanz.de\/WP\/wp-json\/wp\/v2\/users\/1"}],"replies":[{"embeddable":true,"href":"https:\/\/jblanz.de\/WP\/wp-json\/wp\/v2\/comments?post=13374"}],"version-history":[{"count":0,"href":"https:\/\/jblanz.de\/WP\/wp-json\/wp\/v2\/posts\/13374\/revisions"}],"wp:featuredmedia":[{"embeddable":true,"href":"https:\/\/jblanz.de\/WP\/wp-json\/wp\/v2\/media\/13433"}],"wp:attachment":[{"href":"https:\/\/jblanz.de\/WP\/wp-json\/wp\/v2\/media?parent=13374"}],"wp:term":[{"taxonomy":"category","embeddable":true,"href":"https:\/\/jblanz.de\/WP\/wp-json\/wp\/v2\/categories?post=13374"},{"taxonomy":"post_tag","embeddable":true,"href":"https:\/\/jblanz.de\/WP\/wp-json\/wp\/v2\/tags?post=13374"}],"curies":[{"name":"wp","href":"https:\/\/api.w.org\/{rel}","templated":true}]}}