{"id":13531,"date":"2022-09-06T17:48:08","date_gmt":"2022-09-06T15:48:08","guid":{"rendered":"https:\/\/jblanz.de\/WP\/?p=13531"},"modified":"2022-09-06T18:24:01","modified_gmt":"2022-09-06T16:24:01","slug":"06-september-2022-lago-di-barrea","status":"publish","type":"post","link":"https:\/\/jblanz.de\/WP\/06-september-2022-lago-di-barrea\/","title":{"rendered":"06. September 2022 &#8211; Lago di Barrea"},"content":{"rendered":"\n<p>Wir beginnen unseren Hochzeitstag mit einem sch\u00f6nen Fr\u00fchst\u00fcck neben dem Bus. Wolkenloser Himmel und sch\u00f6nster Sonnenschein. Dann fahren wir mit dem Fahrr\u00e4dern hoch in das Dorf Barrea. Dank unserer Ebikes ging das erstaunlich einfach. Der Minimarket hatte ge\u00f6ffnet und so konnten wir dieses Mal einkaufen, Brot, Milch, Nudeln, Steinpilz-Creme und es gab sogar Gran Rag\u00f9 Classico der Firma Star, das mich immer an meine Kindheit erinnert. Dieses Rag\u00f9 gab es bereits vor mehr als 60 Jahren und schmeckt heute so gut wie damals. Wir fuhren noch etwas den Berg hoch und entdeckten einen weiteren Supermarkt, der auch S\u00fcssigkeiten verkaufte. Also gleich 4 Cornetti mit Schokoladencreme (kleine Croissants) und 2 kleine T\u00f6rtchen mit Aprikosen- und Himbeermarmelade erworben. Und schliesslich entdeckten wir sogar noch einen Obst- und Gem\u00fcseh\u00e4ndler, indem Karin Trauben und eine kleine Melone kaufte. Kurz zuvor hatte uns die Nachricht erreicht, dass Lisa ihre Pr\u00fcfung bestanden hatte. In der Bar, vor der wir sassen und einen Kaffee tranken, bestellten wir noch einen Crodino um auf Lisa&#8217;s Erfolg anzustossen.<\/p>\n\n\n\n<figure class=\"wp-block-gallery has-nested-images columns-2 is-cropped wp-block-gallery-2 is-layout-flex wp-block-gallery-is-layout-flex\">\n<figure class=\"wp-block-image size-large\"><img loading=\"lazy\" decoding=\"async\" width=\"800\" height=\"450\" data-id=\"13540\" src=\"https:\/\/jblanz.de\/WP\/wp-content\/uploads\/2022\/09\/Italien_22_127.jpg\" alt=\"\" class=\"wp-image-13540\" srcset=\"https:\/\/jblanz.de\/WP\/wp-content\/uploads\/2022\/09\/Italien_22_127.jpg 800w, https:\/\/jblanz.de\/WP\/wp-content\/uploads\/2022\/09\/Italien_22_127-300x169.jpg 300w, https:\/\/jblanz.de\/WP\/wp-content\/uploads\/2022\/09\/Italien_22_127-768x432.jpg 768w\" sizes=\"auto, (max-width: 800px) 100vw, 800px\" \/><\/figure>\n\n\n\n<figure class=\"wp-block-image size-large\"><img loading=\"lazy\" decoding=\"async\" width=\"800\" height=\"450\" data-id=\"13549\" src=\"https:\/\/jblanz.de\/WP\/wp-content\/uploads\/2022\/09\/Italien_22_129.jpg\" alt=\"\" class=\"wp-image-13549\" srcset=\"https:\/\/jblanz.de\/WP\/wp-content\/uploads\/2022\/09\/Italien_22_129.jpg 800w, https:\/\/jblanz.de\/WP\/wp-content\/uploads\/2022\/09\/Italien_22_129-300x169.jpg 300w, https:\/\/jblanz.de\/WP\/wp-content\/uploads\/2022\/09\/Italien_22_129-768x432.jpg 768w\" sizes=\"auto, (max-width: 800px) 100vw, 800px\" \/><\/figure>\n\n\n\n<figure class=\"wp-block-image size-large\"><img loading=\"lazy\" decoding=\"async\" width=\"800\" height=\"450\" data-id=\"13539\" src=\"https:\/\/jblanz.de\/WP\/wp-content\/uploads\/2022\/09\/Italien_22_131.jpg\" alt=\"\" class=\"wp-image-13539\" srcset=\"https:\/\/jblanz.de\/WP\/wp-content\/uploads\/2022\/09\/Italien_22_131.jpg 800w, https:\/\/jblanz.de\/WP\/wp-content\/uploads\/2022\/09\/Italien_22_131-300x169.jpg 300w, https:\/\/jblanz.de\/WP\/wp-content\/uploads\/2022\/09\/Italien_22_131-768x432.jpg 768w\" sizes=\"auto, (max-width: 800px) 100vw, 800px\" \/><\/figure>\n\n\n\n<figure class=\"wp-block-image size-large\"><img loading=\"lazy\" decoding=\"async\" width=\"800\" height=\"450\" data-id=\"13541\" src=\"https:\/\/jblanz.de\/WP\/wp-content\/uploads\/2022\/09\/Italien_22_133.jpg\" alt=\"\" class=\"wp-image-13541\" srcset=\"https:\/\/jblanz.de\/WP\/wp-content\/uploads\/2022\/09\/Italien_22_133.jpg 800w, https:\/\/jblanz.de\/WP\/wp-content\/uploads\/2022\/09\/Italien_22_133-300x169.jpg 300w, https:\/\/jblanz.de\/WP\/wp-content\/uploads\/2022\/09\/Italien_22_133-768x432.jpg 768w\" sizes=\"auto, (max-width: 800px) 100vw, 800px\" \/><figcaption>Barrea<\/figcaption><\/figure>\n\n\n\n<figure class=\"wp-block-image size-large\"><img loading=\"lazy\" decoding=\"async\" width=\"800\" height=\"450\" data-id=\"13546\" src=\"https:\/\/jblanz.de\/WP\/wp-content\/uploads\/2022\/09\/Italien_22_137.jpg\" alt=\"\" class=\"wp-image-13546\" srcset=\"https:\/\/jblanz.de\/WP\/wp-content\/uploads\/2022\/09\/Italien_22_137.jpg 800w, https:\/\/jblanz.de\/WP\/wp-content\/uploads\/2022\/09\/Italien_22_137-300x169.jpg 300w, https:\/\/jblanz.de\/WP\/wp-content\/uploads\/2022\/09\/Italien_22_137-768x432.jpg 768w\" sizes=\"auto, (max-width: 800px) 100vw, 800px\" \/><\/figure>\n\n\n\n<figure class=\"wp-block-image size-large\"><img loading=\"lazy\" decoding=\"async\" width=\"800\" height=\"450\" data-id=\"13547\" src=\"https:\/\/jblanz.de\/WP\/wp-content\/uploads\/2022\/09\/Italien_22_140.jpg\" alt=\"\" class=\"wp-image-13547\" srcset=\"https:\/\/jblanz.de\/WP\/wp-content\/uploads\/2022\/09\/Italien_22_140.jpg 800w, https:\/\/jblanz.de\/WP\/wp-content\/uploads\/2022\/09\/Italien_22_140-300x169.jpg 300w, https:\/\/jblanz.de\/WP\/wp-content\/uploads\/2022\/09\/Italien_22_140-768x432.jpg 768w\" sizes=\"auto, (max-width: 800px) 100vw, 800px\" \/><\/figure>\n\n\n\n<figure class=\"wp-block-image size-large\"><img loading=\"lazy\" decoding=\"async\" width=\"800\" height=\"450\" data-id=\"13545\" src=\"https:\/\/jblanz.de\/WP\/wp-content\/uploads\/2022\/09\/Italien_22_141.jpg\" alt=\"\" class=\"wp-image-13545\" srcset=\"https:\/\/jblanz.de\/WP\/wp-content\/uploads\/2022\/09\/Italien_22_141.jpg 800w, https:\/\/jblanz.de\/WP\/wp-content\/uploads\/2022\/09\/Italien_22_141-300x169.jpg 300w, https:\/\/jblanz.de\/WP\/wp-content\/uploads\/2022\/09\/Italien_22_141-768x432.jpg 768w\" sizes=\"auto, (max-width: 800px) 100vw, 800px\" \/><\/figure>\n\n\n\n<figure class=\"wp-block-image size-large\"><img loading=\"lazy\" decoding=\"async\" width=\"800\" height=\"450\" data-id=\"13548\" src=\"https:\/\/jblanz.de\/WP\/wp-content\/uploads\/2022\/09\/Italien_22_143.jpg\" alt=\"\" class=\"wp-image-13548\" srcset=\"https:\/\/jblanz.de\/WP\/wp-content\/uploads\/2022\/09\/Italien_22_143.jpg 800w, https:\/\/jblanz.de\/WP\/wp-content\/uploads\/2022\/09\/Italien_22_143-300x169.jpg 300w, https:\/\/jblanz.de\/WP\/wp-content\/uploads\/2022\/09\/Italien_22_143-768x432.jpg 768w\" sizes=\"auto, (max-width: 800px) 100vw, 800px\" \/><figcaption>Barrea<\/figcaption><\/figure>\n\n\n\n<figure class=\"wp-block-image size-large\"><img loading=\"lazy\" decoding=\"async\" width=\"800\" height=\"450\" data-id=\"13544\" src=\"https:\/\/jblanz.de\/WP\/wp-content\/uploads\/2022\/09\/Italien_22_146.jpg\" alt=\"\" class=\"wp-image-13544\" srcset=\"https:\/\/jblanz.de\/WP\/wp-content\/uploads\/2022\/09\/Italien_22_146.jpg 800w, https:\/\/jblanz.de\/WP\/wp-content\/uploads\/2022\/09\/Italien_22_146-300x169.jpg 300w, https:\/\/jblanz.de\/WP\/wp-content\/uploads\/2022\/09\/Italien_22_146-768x432.jpg 768w\" sizes=\"auto, (max-width: 800px) 100vw, 800px\" \/><\/figure>\n\n\n\n<figure class=\"wp-block-image size-large\"><img loading=\"lazy\" decoding=\"async\" width=\"800\" height=\"450\" data-id=\"13543\" src=\"https:\/\/jblanz.de\/WP\/wp-content\/uploads\/2022\/09\/Italien_22_152.jpg\" alt=\"\" class=\"wp-image-13543\" srcset=\"https:\/\/jblanz.de\/WP\/wp-content\/uploads\/2022\/09\/Italien_22_152.jpg 800w, https:\/\/jblanz.de\/WP\/wp-content\/uploads\/2022\/09\/Italien_22_152-300x169.jpg 300w, https:\/\/jblanz.de\/WP\/wp-content\/uploads\/2022\/09\/Italien_22_152-768x432.jpg 768w\" sizes=\"auto, (max-width: 800px) 100vw, 800px\" \/><\/figure>\n<\/figure>\n\n\n\n<p>Zur\u00fcck am Camping luden wir die Eink\u00e4ufe ab und fuhren mit dem Rad eine Runde um den See, erst auf einem holprigen Schotterweg, dann auf der Strasse zur\u00fcck nach Barrea. Unterwegs fanden wir eine nette Stelle zum Baden und am Ende des &#8222;Radwegs&#8220; ein Restaurant an dem wir ein Eis a\u00dfen. Im See sprangen immer wieder Fische aus dem Wasser, um nach Fliegen zu schnappen. Es dauerte einige Zeit, bis wir die Fische vor die Linse bekamen.<\/p>\n\n\n\n<figure class=\"wp-block-gallery has-nested-images columns-default is-cropped wp-block-gallery-3 is-layout-flex wp-block-gallery-is-layout-flex\">\n<figure class=\"wp-block-image size-large\"><img loading=\"lazy\" decoding=\"async\" width=\"800\" height=\"450\" data-id=\"13553\" src=\"https:\/\/jblanz.de\/WP\/wp-content\/uploads\/2022\/09\/Italien_22_151.jpg\" alt=\"\" class=\"wp-image-13553\" srcset=\"https:\/\/jblanz.de\/WP\/wp-content\/uploads\/2022\/09\/Italien_22_151.jpg 800w, https:\/\/jblanz.de\/WP\/wp-content\/uploads\/2022\/09\/Italien_22_151-300x169.jpg 300w, https:\/\/jblanz.de\/WP\/wp-content\/uploads\/2022\/09\/Italien_22_151-768x432.jpg 768w\" sizes=\"auto, (max-width: 800px) 100vw, 800px\" \/><\/figure>\n\n\n\n<figure class=\"wp-block-image size-large\"><img loading=\"lazy\" decoding=\"async\" width=\"800\" height=\"450\" data-id=\"13552\" src=\"https:\/\/jblanz.de\/WP\/wp-content\/uploads\/2022\/09\/Italien_22_156.jpg\" alt=\"\" class=\"wp-image-13552\" srcset=\"https:\/\/jblanz.de\/WP\/wp-content\/uploads\/2022\/09\/Italien_22_156.jpg 800w, https:\/\/jblanz.de\/WP\/wp-content\/uploads\/2022\/09\/Italien_22_156-300x169.jpg 300w, https:\/\/jblanz.de\/WP\/wp-content\/uploads\/2022\/09\/Italien_22_156-768x432.jpg 768w\" sizes=\"auto, (max-width: 800px) 100vw, 800px\" \/><\/figure>\n<\/figure>\n","protected":false},"excerpt":{"rendered":"<p>Wir beginnen unseren Hochzeitstag mit einem sch\u00f6nen Fr\u00fchst\u00fcck neben dem Bus. Wolkenloser Himmel und sch\u00f6nster Sonnenschein. Dann fahren wir mit<\/p>\n","protected":false},"author":1,"featured_media":13533,"comment_status":"open","ping_status":"open","sticky":false,"template":"","format":"standard","meta":{"colormag_page_container_layout":"default_layout","colormag_page_sidebar_layout":"default_layout","_monsterinsights_skip_tracking":false,"_monsterinsights_sitenote_active":false,"_monsterinsights_sitenote_note":"","_monsterinsights_sitenote_category":0,"footnotes":""},"categories":[245,159,167],"tags":[],"class_list":["post-13531","post","type-post","status-publish","format-standard","has-post-thumbnail","hentry","category-245","category-europa","category-italien"],"yoast_head":"<!-- This site is optimized with the Yoast SEO plugin v27.4 - https:\/\/yoast.com\/product\/yoast-seo-wordpress\/ -->\n<title>06. September 2022 - Lago di Barrea - Reiseblog von Karin &amp; Joachim<\/title>\n<meta name=\"robots\" content=\"index, follow, max-snippet:-1, max-image-preview:large, max-video-preview:-1\" \/>\n<link rel=\"canonical\" href=\"https:\/\/jblanz.de\/WP\/06-september-2022-lago-di-barrea\/\" \/>\n<meta property=\"og:locale\" content=\"de_DE\" \/>\n<meta property=\"og:type\" content=\"article\" \/>\n<meta property=\"og:title\" content=\"06. September 2022 - Lago di Barrea - Reiseblog von Karin &amp; Joachim\" \/>\n<meta property=\"og:description\" content=\"Wir beginnen unseren Hochzeitstag mit einem sch\u00f6nen Fr\u00fchst\u00fcck neben dem Bus. Wolkenloser Himmel und sch\u00f6nster Sonnenschein. Dann fahren wir mit\" \/>\n<meta property=\"og:url\" content=\"https:\/\/jblanz.de\/WP\/06-september-2022-lago-di-barrea\/\" \/>\n<meta property=\"og:site_name\" content=\"Reiseblog von Karin &amp; Joachim\" \/>\n<meta property=\"article:published_time\" content=\"2022-09-06T15:48:08+00:00\" \/>\n<meta property=\"article:modified_time\" content=\"2022-09-06T16:24:01+00:00\" \/>\n<meta property=\"og:image\" content=\"https:\/\/jblanz.de\/WP\/wp-content\/uploads\/2022\/09\/Italien_22_135.jpg\" \/>\n\t<meta property=\"og:image:width\" content=\"800\" \/>\n\t<meta property=\"og:image:height\" content=\"450\" \/>\n\t<meta property=\"og:image:type\" content=\"image\/jpeg\" \/>\n<meta name=\"author\" content=\"Achim\" \/>\n<meta name=\"twitter:card\" content=\"summary_large_image\" \/>\n<meta name=\"twitter:label1\" content=\"Verfasst von\" \/>\n\t<meta name=\"twitter:data1\" content=\"Achim\" \/>\n\t<meta name=\"twitter:label2\" content=\"Gesch\u00e4tzte Lesezeit\" \/>\n\t<meta name=\"twitter:data2\" content=\"4\u00a0Minuten\" \/>\n<script type=\"application\/ld+json\" class=\"yoast-schema-graph\">{\"@context\":\"https:\\\/\\\/schema.org\",\"@graph\":[{\"@type\":\"Article\",\"@id\":\"https:\\\/\\\/jblanz.de\\\/WP\\\/06-september-2022-lago-di-barrea\\\/#article\",\"isPartOf\":{\"@id\":\"https:\\\/\\\/jblanz.de\\\/WP\\\/06-september-2022-lago-di-barrea\\\/\"},\"author\":{\"name\":\"Achim\",\"@id\":\"https:\\\/\\\/jblanz.de\\\/WP\\\/#\\\/schema\\\/person\\\/17a70f07162e42bc0b181c22397286e0\"},\"headline\":\"06. September 2022 &#8211; Lago di Barrea\",\"datePublished\":\"2022-09-06T15:48:08+00:00\",\"dateModified\":\"2022-09-06T16:24:01+00:00\",\"mainEntityOfPage\":{\"@id\":\"https:\\\/\\\/jblanz.de\\\/WP\\\/06-september-2022-lago-di-barrea\\\/\"},\"wordCount\":265,\"commentCount\":0,\"publisher\":{\"@id\":\"https:\\\/\\\/jblanz.de\\\/WP\\\/#\\\/schema\\\/person\\\/17a70f07162e42bc0b181c22397286e0\"},\"image\":{\"@id\":\"https:\\\/\\\/jblanz.de\\\/WP\\\/06-september-2022-lago-di-barrea\\\/#primaryimage\"},\"thumbnailUrl\":\"https:\\\/\\\/jblanz.de\\\/WP\\\/wp-content\\\/uploads\\\/2022\\\/09\\\/Italien_22_135.jpg\",\"articleSection\":[\"2022\",\"Europa\",\"Italien\"],\"inLanguage\":\"de\",\"potentialAction\":[{\"@type\":\"CommentAction\",\"name\":\"Comment\",\"target\":[\"https:\\\/\\\/jblanz.de\\\/WP\\\/06-september-2022-lago-di-barrea\\\/#respond\"]}]},{\"@type\":\"WebPage\",\"@id\":\"https:\\\/\\\/jblanz.de\\\/WP\\\/06-september-2022-lago-di-barrea\\\/\",\"url\":\"https:\\\/\\\/jblanz.de\\\/WP\\\/06-september-2022-lago-di-barrea\\\/\",\"name\":\"06. September 2022 - Lago di Barrea - Reiseblog von Karin &amp; Joachim\",\"isPartOf\":{\"@id\":\"https:\\\/\\\/jblanz.de\\\/WP\\\/#website\"},\"primaryImageOfPage\":{\"@id\":\"https:\\\/\\\/jblanz.de\\\/WP\\\/06-september-2022-lago-di-barrea\\\/#primaryimage\"},\"image\":{\"@id\":\"https:\\\/\\\/jblanz.de\\\/WP\\\/06-september-2022-lago-di-barrea\\\/#primaryimage\"},\"thumbnailUrl\":\"https:\\\/\\\/jblanz.de\\\/WP\\\/wp-content\\\/uploads\\\/2022\\\/09\\\/Italien_22_135.jpg\",\"datePublished\":\"2022-09-06T15:48:08+00:00\",\"dateModified\":\"2022-09-06T16:24:01+00:00\",\"breadcrumb\":{\"@id\":\"https:\\\/\\\/jblanz.de\\\/WP\\\/06-september-2022-lago-di-barrea\\\/#breadcrumb\"},\"inLanguage\":\"de\",\"potentialAction\":[{\"@type\":\"ReadAction\",\"target\":[\"https:\\\/\\\/jblanz.de\\\/WP\\\/06-september-2022-lago-di-barrea\\\/\"]}]},{\"@type\":\"ImageObject\",\"inLanguage\":\"de\",\"@id\":\"https:\\\/\\\/jblanz.de\\\/WP\\\/06-september-2022-lago-di-barrea\\\/#primaryimage\",\"url\":\"https:\\\/\\\/jblanz.de\\\/WP\\\/wp-content\\\/uploads\\\/2022\\\/09\\\/Italien_22_135.jpg\",\"contentUrl\":\"https:\\\/\\\/jblanz.de\\\/WP\\\/wp-content\\\/uploads\\\/2022\\\/09\\\/Italien_22_135.jpg\",\"width\":800,\"height\":450},{\"@type\":\"BreadcrumbList\",\"@id\":\"https:\\\/\\\/jblanz.de\\\/WP\\\/06-september-2022-lago-di-barrea\\\/#breadcrumb\",\"itemListElement\":[{\"@type\":\"ListItem\",\"position\":1,\"name\":\"Startseite\",\"item\":\"https:\\\/\\\/jblanz.de\\\/WP\\\/\"},{\"@type\":\"ListItem\",\"position\":2,\"name\":\"06. September 2022 &#8211; Lago di Barrea\"}]},{\"@type\":\"WebSite\",\"@id\":\"https:\\\/\\\/jblanz.de\\\/WP\\\/#website\",\"url\":\"https:\\\/\\\/jblanz.de\\\/WP\\\/\",\"name\":\"Reiseblog von Karin & Joachim\",\"description\":\"Wir schreiben den Blog f\u00fcr uns als Erinnerung - f\u00fcr euch als Inspiration\",\"publisher\":{\"@id\":\"https:\\\/\\\/jblanz.de\\\/WP\\\/#\\\/schema\\\/person\\\/17a70f07162e42bc0b181c22397286e0\"},\"potentialAction\":[{\"@type\":\"SearchAction\",\"target\":{\"@type\":\"EntryPoint\",\"urlTemplate\":\"https:\\\/\\\/jblanz.de\\\/WP\\\/?s={search_term_string}\"},\"query-input\":{\"@type\":\"PropertyValueSpecification\",\"valueRequired\":true,\"valueName\":\"search_term_string\"}}],\"inLanguage\":\"de\"},{\"@type\":[\"Person\",\"Organization\"],\"@id\":\"https:\\\/\\\/jblanz.de\\\/WP\\\/#\\\/schema\\\/person\\\/17a70f07162e42bc0b181c22397286e0\",\"name\":\"Achim\",\"image\":{\"@type\":\"ImageObject\",\"inLanguage\":\"de\",\"@id\":\"https:\\\/\\\/secure.gravatar.com\\\/avatar\\\/b7ab31bc55956af4a9bebf7fd034761212b11b803b7e39464914d6abeefb12f3?s=96&d=mm&r=g\",\"url\":\"https:\\\/\\\/secure.gravatar.com\\\/avatar\\\/b7ab31bc55956af4a9bebf7fd034761212b11b803b7e39464914d6abeefb12f3?s=96&d=mm&r=g\",\"contentUrl\":\"https:\\\/\\\/secure.gravatar.com\\\/avatar\\\/b7ab31bc55956af4a9bebf7fd034761212b11b803b7e39464914d6abeefb12f3?s=96&d=mm&r=g\",\"caption\":\"Achim\"},\"logo\":{\"@id\":\"https:\\\/\\\/secure.gravatar.com\\\/avatar\\\/b7ab31bc55956af4a9bebf7fd034761212b11b803b7e39464914d6abeefb12f3?s=96&d=mm&r=g\"},\"url\":\"https:\\\/\\\/jblanz.de\\\/WP\\\/author\\\/achim\\\/\"}]}<\/script>\n<!-- \/ Yoast SEO plugin. -->","yoast_head_json":{"title":"06. September 2022 - Lago di Barrea - Reiseblog von Karin &amp; Joachim","robots":{"index":"index","follow":"follow","max-snippet":"max-snippet:-1","max-image-preview":"max-image-preview:large","max-video-preview":"max-video-preview:-1"},"canonical":"https:\/\/jblanz.de\/WP\/06-september-2022-lago-di-barrea\/","og_locale":"de_DE","og_type":"article","og_title":"06. September 2022 - Lago di Barrea - Reiseblog von Karin &amp; Joachim","og_description":"Wir beginnen unseren Hochzeitstag mit einem sch\u00f6nen Fr\u00fchst\u00fcck neben dem Bus. Wolkenloser Himmel und sch\u00f6nster Sonnenschein. Dann fahren wir mit","og_url":"https:\/\/jblanz.de\/WP\/06-september-2022-lago-di-barrea\/","og_site_name":"Reiseblog von Karin &amp; Joachim","article_published_time":"2022-09-06T15:48:08+00:00","article_modified_time":"2022-09-06T16:24:01+00:00","og_image":[{"width":800,"height":450,"url":"https:\/\/jblanz.de\/WP\/wp-content\/uploads\/2022\/09\/Italien_22_135.jpg","type":"image\/jpeg"}],"author":"Achim","twitter_card":"summary_large_image","twitter_misc":{"Verfasst von":"Achim","Gesch\u00e4tzte Lesezeit":"4\u00a0Minuten"},"schema":{"@context":"https:\/\/schema.org","@graph":[{"@type":"Article","@id":"https:\/\/jblanz.de\/WP\/06-september-2022-lago-di-barrea\/#article","isPartOf":{"@id":"https:\/\/jblanz.de\/WP\/06-september-2022-lago-di-barrea\/"},"author":{"name":"Achim","@id":"https:\/\/jblanz.de\/WP\/#\/schema\/person\/17a70f07162e42bc0b181c22397286e0"},"headline":"06. September 2022 &#8211; Lago di Barrea","datePublished":"2022-09-06T15:48:08+00:00","dateModified":"2022-09-06T16:24:01+00:00","mainEntityOfPage":{"@id":"https:\/\/jblanz.de\/WP\/06-september-2022-lago-di-barrea\/"},"wordCount":265,"commentCount":0,"publisher":{"@id":"https:\/\/jblanz.de\/WP\/#\/schema\/person\/17a70f07162e42bc0b181c22397286e0"},"image":{"@id":"https:\/\/jblanz.de\/WP\/06-september-2022-lago-di-barrea\/#primaryimage"},"thumbnailUrl":"https:\/\/jblanz.de\/WP\/wp-content\/uploads\/2022\/09\/Italien_22_135.jpg","articleSection":["2022","Europa","Italien"],"inLanguage":"de","potentialAction":[{"@type":"CommentAction","name":"Comment","target":["https:\/\/jblanz.de\/WP\/06-september-2022-lago-di-barrea\/#respond"]}]},{"@type":"WebPage","@id":"https:\/\/jblanz.de\/WP\/06-september-2022-lago-di-barrea\/","url":"https:\/\/jblanz.de\/WP\/06-september-2022-lago-di-barrea\/","name":"06. September 2022 - Lago di Barrea - Reiseblog von Karin &amp; Joachim","isPartOf":{"@id":"https:\/\/jblanz.de\/WP\/#website"},"primaryImageOfPage":{"@id":"https:\/\/jblanz.de\/WP\/06-september-2022-lago-di-barrea\/#primaryimage"},"image":{"@id":"https:\/\/jblanz.de\/WP\/06-september-2022-lago-di-barrea\/#primaryimage"},"thumbnailUrl":"https:\/\/jblanz.de\/WP\/wp-content\/uploads\/2022\/09\/Italien_22_135.jpg","datePublished":"2022-09-06T15:48:08+00:00","dateModified":"2022-09-06T16:24:01+00:00","breadcrumb":{"@id":"https:\/\/jblanz.de\/WP\/06-september-2022-lago-di-barrea\/#breadcrumb"},"inLanguage":"de","potentialAction":[{"@type":"ReadAction","target":["https:\/\/jblanz.de\/WP\/06-september-2022-lago-di-barrea\/"]}]},{"@type":"ImageObject","inLanguage":"de","@id":"https:\/\/jblanz.de\/WP\/06-september-2022-lago-di-barrea\/#primaryimage","url":"https:\/\/jblanz.de\/WP\/wp-content\/uploads\/2022\/09\/Italien_22_135.jpg","contentUrl":"https:\/\/jblanz.de\/WP\/wp-content\/uploads\/2022\/09\/Italien_22_135.jpg","width":800,"height":450},{"@type":"BreadcrumbList","@id":"https:\/\/jblanz.de\/WP\/06-september-2022-lago-di-barrea\/#breadcrumb","itemListElement":[{"@type":"ListItem","position":1,"name":"Startseite","item":"https:\/\/jblanz.de\/WP\/"},{"@type":"ListItem","position":2,"name":"06. September 2022 &#8211; Lago di Barrea"}]},{"@type":"WebSite","@id":"https:\/\/jblanz.de\/WP\/#website","url":"https:\/\/jblanz.de\/WP\/","name":"Reiseblog von Karin & Joachim","description":"Wir schreiben den Blog f\u00fcr uns als Erinnerung - f\u00fcr euch als Inspiration","publisher":{"@id":"https:\/\/jblanz.de\/WP\/#\/schema\/person\/17a70f07162e42bc0b181c22397286e0"},"potentialAction":[{"@type":"SearchAction","target":{"@type":"EntryPoint","urlTemplate":"https:\/\/jblanz.de\/WP\/?s={search_term_string}"},"query-input":{"@type":"PropertyValueSpecification","valueRequired":true,"valueName":"search_term_string"}}],"inLanguage":"de"},{"@type":["Person","Organization"],"@id":"https:\/\/jblanz.de\/WP\/#\/schema\/person\/17a70f07162e42bc0b181c22397286e0","name":"Achim","image":{"@type":"ImageObject","inLanguage":"de","@id":"https:\/\/secure.gravatar.com\/avatar\/b7ab31bc55956af4a9bebf7fd034761212b11b803b7e39464914d6abeefb12f3?s=96&d=mm&r=g","url":"https:\/\/secure.gravatar.com\/avatar\/b7ab31bc55956af4a9bebf7fd034761212b11b803b7e39464914d6abeefb12f3?s=96&d=mm&r=g","contentUrl":"https:\/\/secure.gravatar.com\/avatar\/b7ab31bc55956af4a9bebf7fd034761212b11b803b7e39464914d6abeefb12f3?s=96&d=mm&r=g","caption":"Achim"},"logo":{"@id":"https:\/\/secure.gravatar.com\/avatar\/b7ab31bc55956af4a9bebf7fd034761212b11b803b7e39464914d6abeefb12f3?s=96&d=mm&r=g"},"url":"https:\/\/jblanz.de\/WP\/author\/achim\/"}]}},"_links":{"self":[{"href":"https:\/\/jblanz.de\/WP\/wp-json\/wp\/v2\/posts\/13531","targetHints":{"allow":["GET"]}}],"collection":[{"href":"https:\/\/jblanz.de\/WP\/wp-json\/wp\/v2\/posts"}],"about":[{"href":"https:\/\/jblanz.de\/WP\/wp-json\/wp\/v2\/types\/post"}],"author":[{"embeddable":true,"href":"https:\/\/jblanz.de\/WP\/wp-json\/wp\/v2\/users\/1"}],"replies":[{"embeddable":true,"href":"https:\/\/jblanz.de\/WP\/wp-json\/wp\/v2\/comments?post=13531"}],"version-history":[{"count":0,"href":"https:\/\/jblanz.de\/WP\/wp-json\/wp\/v2\/posts\/13531\/revisions"}],"wp:featuredmedia":[{"embeddable":true,"href":"https:\/\/jblanz.de\/WP\/wp-json\/wp\/v2\/media\/13533"}],"wp:attachment":[{"href":"https:\/\/jblanz.de\/WP\/wp-json\/wp\/v2\/media?parent=13531"}],"wp:term":[{"taxonomy":"category","embeddable":true,"href":"https:\/\/jblanz.de\/WP\/wp-json\/wp\/v2\/categories?post=13531"},{"taxonomy":"post_tag","embeddable":true,"href":"https:\/\/jblanz.de\/WP\/wp-json\/wp\/v2\/tags?post=13531"}],"curies":[{"name":"wp","href":"https:\/\/api.w.org\/{rel}","templated":true}]}}