{"id":14478,"date":"2023-06-02T22:27:48","date_gmt":"2023-06-02T20:27:48","guid":{"rendered":"https:\/\/jblanz.de\/WP\/?p=14478"},"modified":"2023-06-04T18:08:13","modified_gmt":"2023-06-04T16:08:13","slug":"31-mai-2023-fahrt-nach-muensingen","status":"publish","type":"post","link":"https:\/\/jblanz.de\/WP\/31-mai-2023-fahrt-nach-muensingen\/","title":{"rendered":"31. Mai 2023 &#8211; Fahrt nach M\u00fcnsingen"},"content":{"rendered":"\n<p>Morgens besichtigen wir Trochtelfingen, sch\u00f6ne Innenstadt mit Fachwerkh\u00e4usern aus dem 17. Jahrhundert. Wir bezahlen 3 \u20ac Standgeb\u00fchren am Tourismusb\u00fcro (hat nat\u00fcrlich heute geschlossen, wir bekommen ein Kuvert von der Friseurin, damit wir den Stellplatz bezahlen k\u00f6nnen). Karin will eine <span class=\"h2 d-inline\">Busch-Wolfsmilch-Pflanze<\/span> (Euphorbia martinii), die sie schon lange gesucht hat, kaufen. Just in dem Moment, in dem sie eine Pflanze nehmen will, kommt die Verk\u00e4uferin mit einer anderen Kundin und nimmt genau die Pflanze, die Karin sich ausgesucht hatte. Murphy&#8217;s law hat mal wieder zugeschlagen. Wir suchen dann doch noch eine Pflanze aus und jetzt begleitet sie uns nach Hause.<\/p>\n<p>Wir fahren mit den Fahrr\u00e4dern weiter zum Lauchertsee in M\u00e4gerkingen. Leider ist das aber kein Badesee und wir radeln, nachdem wir Familie Schwan mit 4 Jungen beobachtet hatten, weiter zum ehemaligen Kloster Mariaberg. Das Kloster ist seit 1863 zu einer Heil- und Pflegeanstalt umgestaltet worden. Auf dem R\u00fcckweg nehmen wir noch einen Kaffee am Seerestaurant.<\/p>\n\n\n\n<figure class=\"wp-block-gallery has-nested-images columns-default is-cropped wp-block-gallery-2 is-layout-flex wp-block-gallery-is-layout-flex\">\n<figure class=\"wp-block-image size-large\"><img loading=\"lazy\" decoding=\"async\" width=\"800\" height=\"450\" data-id=\"14511\" src=\"https:\/\/jblanz.de\/WP\/wp-content\/uploads\/2023\/06\/Stellplatz1.jpg\" alt=\"\" class=\"wp-image-14511\" srcset=\"https:\/\/jblanz.de\/WP\/wp-content\/uploads\/2023\/06\/Stellplatz1.jpg 800w, https:\/\/jblanz.de\/WP\/wp-content\/uploads\/2023\/06\/Stellplatz1-300x169.jpg 300w, https:\/\/jblanz.de\/WP\/wp-content\/uploads\/2023\/06\/Stellplatz1-768x432.jpg 768w\" sizes=\"auto, (max-width: 800px) 100vw, 800px\" \/><\/figure>\n\n\n\n<figure class=\"wp-block-image size-large\"><img loading=\"lazy\" decoding=\"async\" width=\"800\" height=\"450\" data-id=\"14510\" src=\"https:\/\/jblanz.de\/WP\/wp-content\/uploads\/2023\/06\/Lauchertsee2.jpg\" alt=\"\" class=\"wp-image-14510\" srcset=\"https:\/\/jblanz.de\/WP\/wp-content\/uploads\/2023\/06\/Lauchertsee2.jpg 800w, https:\/\/jblanz.de\/WP\/wp-content\/uploads\/2023\/06\/Lauchertsee2-300x169.jpg 300w, https:\/\/jblanz.de\/WP\/wp-content\/uploads\/2023\/06\/Lauchertsee2-768x432.jpg 768w\" sizes=\"auto, (max-width: 800px) 100vw, 800px\" \/><\/figure>\n<\/figure>\n\n\n\n<p>Da wir am Hofgut Hopfenburg f\u00fcr 2 N\u00e4chte gebucht hatten, fuhren wir quer \u00fcber die Alb nach Hayingen-Indelhausen und entlang der Lauter nach M\u00fcnsingen. Kurz vor Gundelfingen entdeckten wir den Wohnmobilstellplatz Heiligental, an den eine grosse Wiese mit 2 Feuerstellen angrenzt. Ideal f\u00fcr ein Treffen, das wir am 17. &#8211; 19. Juni mit Freunden vreinbart haben. Am Hofgut Hopfenburg treffen wir Veronika und Winfried, die 10 Minuten vor uns angekommen waren. Der Platzwart hatte uns 2 benachbarte Stellpl\u00e4tze reserviert und so konnten wir eine kleine &#8222;Wagenburg&#8220; aufstellen. Nach der ersten Aktion &#8211; ein Glas Cremant trinken &#8211; schwangen wir uns auf die R\u00e4der und besichtigten M\u00fcnsingen. Da die Metzgereien schon geschlossen hatten, mussten wir bei Rewe Fleisch zum Grillen einkaufen. Abends gab es Spargel mit Sauce Hollandaise, Pfannkuchen und die Grillade &#8211; superfein.<\/p>\n\n\n\n<figure class=\"wp-block-gallery has-nested-images columns-default is-cropped wp-block-gallery-3 is-layout-flex wp-block-gallery-is-layout-flex\">\n<figure class=\"wp-block-image size-large\"><img loading=\"lazy\" decoding=\"async\" width=\"800\" height=\"450\" data-id=\"14527\" src=\"https:\/\/jblanz.de\/WP\/wp-content\/uploads\/2023\/06\/Hopfenburg2.jpg\" alt=\"\" class=\"wp-image-14527\" srcset=\"https:\/\/jblanz.de\/WP\/wp-content\/uploads\/2023\/06\/Hopfenburg2.jpg 800w, https:\/\/jblanz.de\/WP\/wp-content\/uploads\/2023\/06\/Hopfenburg2-300x169.jpg 300w, https:\/\/jblanz.de\/WP\/wp-content\/uploads\/2023\/06\/Hopfenburg2-768x432.jpg 768w\" sizes=\"auto, (max-width: 800px) 100vw, 800px\" \/><\/figure>\n\n\n\n<figure class=\"wp-block-image size-large\"><img loading=\"lazy\" decoding=\"async\" width=\"800\" height=\"450\" data-id=\"14526\" src=\"https:\/\/jblanz.de\/WP\/wp-content\/uploads\/2023\/06\/Spargel1.jpg\" alt=\"\" class=\"wp-image-14526\" srcset=\"https:\/\/jblanz.de\/WP\/wp-content\/uploads\/2023\/06\/Spargel1.jpg 800w, https:\/\/jblanz.de\/WP\/wp-content\/uploads\/2023\/06\/Spargel1-300x169.jpg 300w, https:\/\/jblanz.de\/WP\/wp-content\/uploads\/2023\/06\/Spargel1-768x432.jpg 768w\" sizes=\"auto, (max-width: 800px) 100vw, 800px\" \/><\/figure>\n<\/figure>\n","protected":false},"excerpt":{"rendered":"<p>Morgens besichtigen wir Trochtelfingen, sch\u00f6ne Innenstadt mit Fachwerkh\u00e4usern aus dem 17. Jahrhundert. Wir bezahlen 3 \u20ac Standgeb\u00fchren am Tourismusb\u00fcro (hat<\/p>\n","protected":false},"author":1,"featured_media":14513,"comment_status":"open","ping_status":"open","sticky":false,"template":"","format":"standard","meta":{"colormag_page_container_layout":"default_layout","colormag_page_sidebar_layout":"default_layout","_monsterinsights_skip_tracking":false,"_monsterinsights_sitenote_active":false,"_monsterinsights_sitenote_note":"","_monsterinsights_sitenote_category":0,"footnotes":""},"categories":[262,225,159],"tags":[],"class_list":["post-14478","post","type-post","status-publish","format-standard","has-post-thumbnail","hentry","category-262","category-deutschland","category-europa"],"yoast_head":"<!-- This site is optimized with the Yoast SEO plugin v27.4 - https:\/\/yoast.com\/product\/yoast-seo-wordpress\/ -->\n<title>31. Mai 2023 - Fahrt nach M\u00fcnsingen - Reiseblog von Karin &amp; Joachim<\/title>\n<meta name=\"robots\" content=\"index, follow, max-snippet:-1, max-image-preview:large, max-video-preview:-1\" \/>\n<link rel=\"canonical\" href=\"https:\/\/jblanz.de\/WP\/31-mai-2023-fahrt-nach-muensingen\/\" \/>\n<meta property=\"og:locale\" content=\"de_DE\" \/>\n<meta property=\"og:type\" content=\"article\" \/>\n<meta property=\"og:title\" content=\"31. Mai 2023 - Fahrt nach M\u00fcnsingen - Reiseblog von Karin &amp; Joachim\" \/>\n<meta property=\"og:description\" content=\"Morgens besichtigen wir Trochtelfingen, sch\u00f6ne Innenstadt mit Fachwerkh\u00e4usern aus dem 17. Jahrhundert. Wir bezahlen 3 \u20ac Standgeb\u00fchren am Tourismusb\u00fcro (hat\" \/>\n<meta property=\"og:url\" content=\"https:\/\/jblanz.de\/WP\/31-mai-2023-fahrt-nach-muensingen\/\" \/>\n<meta property=\"og:site_name\" content=\"Reiseblog von Karin &amp; Joachim\" \/>\n<meta property=\"article:published_time\" content=\"2023-06-02T20:27:48+00:00\" \/>\n<meta property=\"article:modified_time\" content=\"2023-06-04T16:08:13+00:00\" \/>\n<meta property=\"og:image\" content=\"https:\/\/jblanz.de\/WP\/wp-content\/uploads\/2023\/06\/Lauchertsee1.jpg\" \/>\n\t<meta property=\"og:image:width\" content=\"800\" \/>\n\t<meta property=\"og:image:height\" content=\"450\" \/>\n\t<meta property=\"og:image:type\" content=\"image\/jpeg\" \/>\n<meta name=\"author\" content=\"Achim\" \/>\n<meta name=\"twitter:card\" content=\"summary_large_image\" \/>\n<meta name=\"twitter:label1\" content=\"Verfasst von\" \/>\n\t<meta name=\"twitter:data1\" content=\"Achim\" \/>\n\t<meta name=\"twitter:label2\" content=\"Gesch\u00e4tzte Lesezeit\" \/>\n\t<meta name=\"twitter:data2\" content=\"3\u00a0Minuten\" \/>\n<script type=\"application\/ld+json\" class=\"yoast-schema-graph\">{\"@context\":\"https:\\\/\\\/schema.org\",\"@graph\":[{\"@type\":\"Article\",\"@id\":\"https:\\\/\\\/jblanz.de\\\/WP\\\/31-mai-2023-fahrt-nach-muensingen\\\/#article\",\"isPartOf\":{\"@id\":\"https:\\\/\\\/jblanz.de\\\/WP\\\/31-mai-2023-fahrt-nach-muensingen\\\/\"},\"author\":{\"name\":\"Achim\",\"@id\":\"https:\\\/\\\/jblanz.de\\\/WP\\\/#\\\/schema\\\/person\\\/17a70f07162e42bc0b181c22397286e0\"},\"headline\":\"31. Mai 2023 &#8211; Fahrt nach M\u00fcnsingen\",\"datePublished\":\"2023-06-02T20:27:48+00:00\",\"dateModified\":\"2023-06-04T16:08:13+00:00\",\"mainEntityOfPage\":{\"@id\":\"https:\\\/\\\/jblanz.de\\\/WP\\\/31-mai-2023-fahrt-nach-muensingen\\\/\"},\"wordCount\":299,\"commentCount\":0,\"publisher\":{\"@id\":\"https:\\\/\\\/jblanz.de\\\/WP\\\/#\\\/schema\\\/person\\\/17a70f07162e42bc0b181c22397286e0\"},\"image\":{\"@id\":\"https:\\\/\\\/jblanz.de\\\/WP\\\/31-mai-2023-fahrt-nach-muensingen\\\/#primaryimage\"},\"thumbnailUrl\":\"https:\\\/\\\/jblanz.de\\\/WP\\\/wp-content\\\/uploads\\\/2023\\\/06\\\/Lauchertsee1.jpg\",\"articleSection\":[\"2023\",\"Deutschland\",\"Europa\"],\"inLanguage\":\"de\",\"potentialAction\":[{\"@type\":\"CommentAction\",\"name\":\"Comment\",\"target\":[\"https:\\\/\\\/jblanz.de\\\/WP\\\/31-mai-2023-fahrt-nach-muensingen\\\/#respond\"]}]},{\"@type\":\"WebPage\",\"@id\":\"https:\\\/\\\/jblanz.de\\\/WP\\\/31-mai-2023-fahrt-nach-muensingen\\\/\",\"url\":\"https:\\\/\\\/jblanz.de\\\/WP\\\/31-mai-2023-fahrt-nach-muensingen\\\/\",\"name\":\"31. Mai 2023 - Fahrt nach M\u00fcnsingen - Reiseblog von Karin &amp; Joachim\",\"isPartOf\":{\"@id\":\"https:\\\/\\\/jblanz.de\\\/WP\\\/#website\"},\"primaryImageOfPage\":{\"@id\":\"https:\\\/\\\/jblanz.de\\\/WP\\\/31-mai-2023-fahrt-nach-muensingen\\\/#primaryimage\"},\"image\":{\"@id\":\"https:\\\/\\\/jblanz.de\\\/WP\\\/31-mai-2023-fahrt-nach-muensingen\\\/#primaryimage\"},\"thumbnailUrl\":\"https:\\\/\\\/jblanz.de\\\/WP\\\/wp-content\\\/uploads\\\/2023\\\/06\\\/Lauchertsee1.jpg\",\"datePublished\":\"2023-06-02T20:27:48+00:00\",\"dateModified\":\"2023-06-04T16:08:13+00:00\",\"breadcrumb\":{\"@id\":\"https:\\\/\\\/jblanz.de\\\/WP\\\/31-mai-2023-fahrt-nach-muensingen\\\/#breadcrumb\"},\"inLanguage\":\"de\",\"potentialAction\":[{\"@type\":\"ReadAction\",\"target\":[\"https:\\\/\\\/jblanz.de\\\/WP\\\/31-mai-2023-fahrt-nach-muensingen\\\/\"]}]},{\"@type\":\"ImageObject\",\"inLanguage\":\"de\",\"@id\":\"https:\\\/\\\/jblanz.de\\\/WP\\\/31-mai-2023-fahrt-nach-muensingen\\\/#primaryimage\",\"url\":\"https:\\\/\\\/jblanz.de\\\/WP\\\/wp-content\\\/uploads\\\/2023\\\/06\\\/Lauchertsee1.jpg\",\"contentUrl\":\"https:\\\/\\\/jblanz.de\\\/WP\\\/wp-content\\\/uploads\\\/2023\\\/06\\\/Lauchertsee1.jpg\",\"width\":800,\"height\":450},{\"@type\":\"BreadcrumbList\",\"@id\":\"https:\\\/\\\/jblanz.de\\\/WP\\\/31-mai-2023-fahrt-nach-muensingen\\\/#breadcrumb\",\"itemListElement\":[{\"@type\":\"ListItem\",\"position\":1,\"name\":\"Startseite\",\"item\":\"https:\\\/\\\/jblanz.de\\\/WP\\\/\"},{\"@type\":\"ListItem\",\"position\":2,\"name\":\"31. Mai 2023 &#8211; Fahrt nach M\u00fcnsingen\"}]},{\"@type\":\"WebSite\",\"@id\":\"https:\\\/\\\/jblanz.de\\\/WP\\\/#website\",\"url\":\"https:\\\/\\\/jblanz.de\\\/WP\\\/\",\"name\":\"Reiseblog von Karin & Joachim\",\"description\":\"Wir schreiben den Blog f\u00fcr uns als Erinnerung - f\u00fcr euch als Inspiration\",\"publisher\":{\"@id\":\"https:\\\/\\\/jblanz.de\\\/WP\\\/#\\\/schema\\\/person\\\/17a70f07162e42bc0b181c22397286e0\"},\"potentialAction\":[{\"@type\":\"SearchAction\",\"target\":{\"@type\":\"EntryPoint\",\"urlTemplate\":\"https:\\\/\\\/jblanz.de\\\/WP\\\/?s={search_term_string}\"},\"query-input\":{\"@type\":\"PropertyValueSpecification\",\"valueRequired\":true,\"valueName\":\"search_term_string\"}}],\"inLanguage\":\"de\"},{\"@type\":[\"Person\",\"Organization\"],\"@id\":\"https:\\\/\\\/jblanz.de\\\/WP\\\/#\\\/schema\\\/person\\\/17a70f07162e42bc0b181c22397286e0\",\"name\":\"Achim\",\"image\":{\"@type\":\"ImageObject\",\"inLanguage\":\"de\",\"@id\":\"https:\\\/\\\/secure.gravatar.com\\\/avatar\\\/b7ab31bc55956af4a9bebf7fd034761212b11b803b7e39464914d6abeefb12f3?s=96&d=mm&r=g\",\"url\":\"https:\\\/\\\/secure.gravatar.com\\\/avatar\\\/b7ab31bc55956af4a9bebf7fd034761212b11b803b7e39464914d6abeefb12f3?s=96&d=mm&r=g\",\"contentUrl\":\"https:\\\/\\\/secure.gravatar.com\\\/avatar\\\/b7ab31bc55956af4a9bebf7fd034761212b11b803b7e39464914d6abeefb12f3?s=96&d=mm&r=g\",\"caption\":\"Achim\"},\"logo\":{\"@id\":\"https:\\\/\\\/secure.gravatar.com\\\/avatar\\\/b7ab31bc55956af4a9bebf7fd034761212b11b803b7e39464914d6abeefb12f3?s=96&d=mm&r=g\"},\"url\":\"https:\\\/\\\/jblanz.de\\\/WP\\\/author\\\/achim\\\/\"}]}<\/script>\n<!-- \/ Yoast SEO plugin. -->","yoast_head_json":{"title":"31. Mai 2023 - Fahrt nach M\u00fcnsingen - Reiseblog von Karin &amp; Joachim","robots":{"index":"index","follow":"follow","max-snippet":"max-snippet:-1","max-image-preview":"max-image-preview:large","max-video-preview":"max-video-preview:-1"},"canonical":"https:\/\/jblanz.de\/WP\/31-mai-2023-fahrt-nach-muensingen\/","og_locale":"de_DE","og_type":"article","og_title":"31. Mai 2023 - Fahrt nach M\u00fcnsingen - Reiseblog von Karin &amp; Joachim","og_description":"Morgens besichtigen wir Trochtelfingen, sch\u00f6ne Innenstadt mit Fachwerkh\u00e4usern aus dem 17. Jahrhundert. Wir bezahlen 3 \u20ac Standgeb\u00fchren am Tourismusb\u00fcro (hat","og_url":"https:\/\/jblanz.de\/WP\/31-mai-2023-fahrt-nach-muensingen\/","og_site_name":"Reiseblog von Karin &amp; Joachim","article_published_time":"2023-06-02T20:27:48+00:00","article_modified_time":"2023-06-04T16:08:13+00:00","og_image":[{"width":800,"height":450,"url":"https:\/\/jblanz.de\/WP\/wp-content\/uploads\/2023\/06\/Lauchertsee1.jpg","type":"image\/jpeg"}],"author":"Achim","twitter_card":"summary_large_image","twitter_misc":{"Verfasst von":"Achim","Gesch\u00e4tzte Lesezeit":"3\u00a0Minuten"},"schema":{"@context":"https:\/\/schema.org","@graph":[{"@type":"Article","@id":"https:\/\/jblanz.de\/WP\/31-mai-2023-fahrt-nach-muensingen\/#article","isPartOf":{"@id":"https:\/\/jblanz.de\/WP\/31-mai-2023-fahrt-nach-muensingen\/"},"author":{"name":"Achim","@id":"https:\/\/jblanz.de\/WP\/#\/schema\/person\/17a70f07162e42bc0b181c22397286e0"},"headline":"31. Mai 2023 &#8211; Fahrt nach M\u00fcnsingen","datePublished":"2023-06-02T20:27:48+00:00","dateModified":"2023-06-04T16:08:13+00:00","mainEntityOfPage":{"@id":"https:\/\/jblanz.de\/WP\/31-mai-2023-fahrt-nach-muensingen\/"},"wordCount":299,"commentCount":0,"publisher":{"@id":"https:\/\/jblanz.de\/WP\/#\/schema\/person\/17a70f07162e42bc0b181c22397286e0"},"image":{"@id":"https:\/\/jblanz.de\/WP\/31-mai-2023-fahrt-nach-muensingen\/#primaryimage"},"thumbnailUrl":"https:\/\/jblanz.de\/WP\/wp-content\/uploads\/2023\/06\/Lauchertsee1.jpg","articleSection":["2023","Deutschland","Europa"],"inLanguage":"de","potentialAction":[{"@type":"CommentAction","name":"Comment","target":["https:\/\/jblanz.de\/WP\/31-mai-2023-fahrt-nach-muensingen\/#respond"]}]},{"@type":"WebPage","@id":"https:\/\/jblanz.de\/WP\/31-mai-2023-fahrt-nach-muensingen\/","url":"https:\/\/jblanz.de\/WP\/31-mai-2023-fahrt-nach-muensingen\/","name":"31. Mai 2023 - Fahrt nach M\u00fcnsingen - Reiseblog von Karin &amp; Joachim","isPartOf":{"@id":"https:\/\/jblanz.de\/WP\/#website"},"primaryImageOfPage":{"@id":"https:\/\/jblanz.de\/WP\/31-mai-2023-fahrt-nach-muensingen\/#primaryimage"},"image":{"@id":"https:\/\/jblanz.de\/WP\/31-mai-2023-fahrt-nach-muensingen\/#primaryimage"},"thumbnailUrl":"https:\/\/jblanz.de\/WP\/wp-content\/uploads\/2023\/06\/Lauchertsee1.jpg","datePublished":"2023-06-02T20:27:48+00:00","dateModified":"2023-06-04T16:08:13+00:00","breadcrumb":{"@id":"https:\/\/jblanz.de\/WP\/31-mai-2023-fahrt-nach-muensingen\/#breadcrumb"},"inLanguage":"de","potentialAction":[{"@type":"ReadAction","target":["https:\/\/jblanz.de\/WP\/31-mai-2023-fahrt-nach-muensingen\/"]}]},{"@type":"ImageObject","inLanguage":"de","@id":"https:\/\/jblanz.de\/WP\/31-mai-2023-fahrt-nach-muensingen\/#primaryimage","url":"https:\/\/jblanz.de\/WP\/wp-content\/uploads\/2023\/06\/Lauchertsee1.jpg","contentUrl":"https:\/\/jblanz.de\/WP\/wp-content\/uploads\/2023\/06\/Lauchertsee1.jpg","width":800,"height":450},{"@type":"BreadcrumbList","@id":"https:\/\/jblanz.de\/WP\/31-mai-2023-fahrt-nach-muensingen\/#breadcrumb","itemListElement":[{"@type":"ListItem","position":1,"name":"Startseite","item":"https:\/\/jblanz.de\/WP\/"},{"@type":"ListItem","position":2,"name":"31. Mai 2023 &#8211; Fahrt nach M\u00fcnsingen"}]},{"@type":"WebSite","@id":"https:\/\/jblanz.de\/WP\/#website","url":"https:\/\/jblanz.de\/WP\/","name":"Reiseblog von Karin & Joachim","description":"Wir schreiben den Blog f\u00fcr uns als Erinnerung - f\u00fcr euch als Inspiration","publisher":{"@id":"https:\/\/jblanz.de\/WP\/#\/schema\/person\/17a70f07162e42bc0b181c22397286e0"},"potentialAction":[{"@type":"SearchAction","target":{"@type":"EntryPoint","urlTemplate":"https:\/\/jblanz.de\/WP\/?s={search_term_string}"},"query-input":{"@type":"PropertyValueSpecification","valueRequired":true,"valueName":"search_term_string"}}],"inLanguage":"de"},{"@type":["Person","Organization"],"@id":"https:\/\/jblanz.de\/WP\/#\/schema\/person\/17a70f07162e42bc0b181c22397286e0","name":"Achim","image":{"@type":"ImageObject","inLanguage":"de","@id":"https:\/\/secure.gravatar.com\/avatar\/b7ab31bc55956af4a9bebf7fd034761212b11b803b7e39464914d6abeefb12f3?s=96&d=mm&r=g","url":"https:\/\/secure.gravatar.com\/avatar\/b7ab31bc55956af4a9bebf7fd034761212b11b803b7e39464914d6abeefb12f3?s=96&d=mm&r=g","contentUrl":"https:\/\/secure.gravatar.com\/avatar\/b7ab31bc55956af4a9bebf7fd034761212b11b803b7e39464914d6abeefb12f3?s=96&d=mm&r=g","caption":"Achim"},"logo":{"@id":"https:\/\/secure.gravatar.com\/avatar\/b7ab31bc55956af4a9bebf7fd034761212b11b803b7e39464914d6abeefb12f3?s=96&d=mm&r=g"},"url":"https:\/\/jblanz.de\/WP\/author\/achim\/"}]}},"_links":{"self":[{"href":"https:\/\/jblanz.de\/WP\/wp-json\/wp\/v2\/posts\/14478","targetHints":{"allow":["GET"]}}],"collection":[{"href":"https:\/\/jblanz.de\/WP\/wp-json\/wp\/v2\/posts"}],"about":[{"href":"https:\/\/jblanz.de\/WP\/wp-json\/wp\/v2\/types\/post"}],"author":[{"embeddable":true,"href":"https:\/\/jblanz.de\/WP\/wp-json\/wp\/v2\/users\/1"}],"replies":[{"embeddable":true,"href":"https:\/\/jblanz.de\/WP\/wp-json\/wp\/v2\/comments?post=14478"}],"version-history":[{"count":0,"href":"https:\/\/jblanz.de\/WP\/wp-json\/wp\/v2\/posts\/14478\/revisions"}],"wp:featuredmedia":[{"embeddable":true,"href":"https:\/\/jblanz.de\/WP\/wp-json\/wp\/v2\/media\/14513"}],"wp:attachment":[{"href":"https:\/\/jblanz.de\/WP\/wp-json\/wp\/v2\/media?parent=14478"}],"wp:term":[{"taxonomy":"category","embeddable":true,"href":"https:\/\/jblanz.de\/WP\/wp-json\/wp\/v2\/categories?post=14478"},{"taxonomy":"post_tag","embeddable":true,"href":"https:\/\/jblanz.de\/WP\/wp-json\/wp\/v2\/tags?post=14478"}],"curies":[{"name":"wp","href":"https:\/\/api.w.org\/{rel}","templated":true}]}}