{"id":14611,"date":"2023-07-09T17:08:40","date_gmt":"2023-07-09T15:08:40","guid":{"rendered":"https:\/\/jblanz.de\/WP\/?p=14611"},"modified":"2023-07-09T17:35:49","modified_gmt":"2023-07-09T15:35:49","slug":"08-juli-2023-fahrt-nach-finsterau","status":"publish","type":"post","link":"https:\/\/jblanz.de\/WP\/08-juli-2023-fahrt-nach-finsterau\/","title":{"rendered":"08. Juli 2023 &#8211; Fahrt nach Finsterau"},"content":{"rendered":"\n<p>Dann hei\u00dft es Abschied nehmen, doch bevor wir abreisen, schauen wir noch in Sams Werkstatt vorbei, in der er den Sprinter f\u00fcr seine Eltern ausbaut. Gegen elf Uhr fahren wir Richtung &#8222;Bayerischer Wald&#8220;. In Landsberg am Lech gehen wir kurz einkaufen, um uns etwas Vorr\u00e4te anzulegen. Kurz vor M\u00fcnchen rufen wir der netten Frau mit der begehrten Autokralle an, um uns anzuk\u00fcndigen. Leider erfahren wir, dass sie nicht mehr mit uns gerechnet hat und jetzt erst wieder gegen 18 Uhr da sein kann\ud83e\udd74\ud83e\udd74\ud83e\udd74 So ein sh\u2026 Wenn man erst den Sicherheitsgedanken im Kopf hat, muss man einfach warten. Wir fahren bis zu ihrem Haus, parken dort in einem Schattenpl\u00e4tzchen, essen was und beschlie\u00dfen, mit den Fahrr\u00e4dern zur Isar zu fahren.<\/p>\n\n\n\n<p>Am Radweg der Isar entlang finden wir einen kleinen Strand. Ein ziemlich steiler Abstieg zwar, aber das k\u00fchle Wasser gleich nach den Stomschnellen zieht uns m\u00e4chtig an. Wir k\u00fchlen uns runter, verbringen einige Zeit dort und Achim fotographiert mit dem iphone blaue Libellen. <\/p>\n\n\n\n<figure class=\"wp-block-gallery has-nested-images columns-2 is-cropped wp-block-gallery-2 is-layout-flex wp-block-gallery-is-layout-flex\">\n<figure class=\"wp-block-image size-large\"><img loading=\"lazy\" decoding=\"async\" width=\"800\" height=\"450\" data-id=\"14621\" src=\"https:\/\/jblanz.de\/WP\/wp-content\/uploads\/2023\/07\/Tschechien23-63.jpg\" alt=\"\" class=\"wp-image-14621\" srcset=\"https:\/\/jblanz.de\/WP\/wp-content\/uploads\/2023\/07\/Tschechien23-63.jpg 800w, https:\/\/jblanz.de\/WP\/wp-content\/uploads\/2023\/07\/Tschechien23-63-300x169.jpg 300w, https:\/\/jblanz.de\/WP\/wp-content\/uploads\/2023\/07\/Tschechien23-63-768x432.jpg 768w\" sizes=\"auto, (max-width: 800px) 100vw, 800px\" \/><\/figure>\n\n\n\n<figure class=\"wp-block-image size-full\"><img loading=\"lazy\" decoding=\"async\" width=\"800\" height=\"450\" data-id=\"14619\" src=\"https:\/\/jblanz.de\/WP\/wp-content\/uploads\/2023\/07\/Tschechien23-61.jpg\" alt=\"\" class=\"wp-image-14619\" srcset=\"https:\/\/jblanz.de\/WP\/wp-content\/uploads\/2023\/07\/Tschechien23-61.jpg 800w, https:\/\/jblanz.de\/WP\/wp-content\/uploads\/2023\/07\/Tschechien23-61-300x169.jpg 300w, https:\/\/jblanz.de\/WP\/wp-content\/uploads\/2023\/07\/Tschechien23-61-768x432.jpg 768w\" sizes=\"auto, (max-width: 800px) 100vw, 800px\" \/><\/figure>\n\n\n\n<figure class=\"wp-block-image size-large\"><img loading=\"lazy\" decoding=\"async\" width=\"800\" height=\"450\" data-id=\"14620\" src=\"https:\/\/jblanz.de\/WP\/wp-content\/uploads\/2023\/07\/Tschechien23-62.jpg\" alt=\"\" class=\"wp-image-14620\" srcset=\"https:\/\/jblanz.de\/WP\/wp-content\/uploads\/2023\/07\/Tschechien23-62.jpg 800w, https:\/\/jblanz.de\/WP\/wp-content\/uploads\/2023\/07\/Tschechien23-62-300x169.jpg 300w, https:\/\/jblanz.de\/WP\/wp-content\/uploads\/2023\/07\/Tschechien23-62-768x432.jpg 768w\" sizes=\"auto, (max-width: 800px) 100vw, 800px\" \/><\/figure>\n\n\n\n<figure class=\"wp-block-image size-large\"><img loading=\"lazy\" decoding=\"async\" width=\"800\" height=\"450\" data-id=\"14625\" src=\"https:\/\/jblanz.de\/WP\/wp-content\/uploads\/2023\/07\/Tschechien23-64.jpg\" alt=\"\" class=\"wp-image-14625\" srcset=\"https:\/\/jblanz.de\/WP\/wp-content\/uploads\/2023\/07\/Tschechien23-64.jpg 800w, https:\/\/jblanz.de\/WP\/wp-content\/uploads\/2023\/07\/Tschechien23-64-300x169.jpg 300w, https:\/\/jblanz.de\/WP\/wp-content\/uploads\/2023\/07\/Tschechien23-64-768x432.jpg 768w\" sizes=\"auto, (max-width: 800px) 100vw, 800px\" \/><\/figure>\n<\/figure>\n\n\n\n<p>Gegen halb f\u00fcnf klettern wir wieder hoch und fahren wir langsam zur\u00fcck zum Bus. Als wir gerade am Flughafen vorbeifahren und ein Flugzeug \u00fcber uns hinwegdonnert, meldet sie sich und gibt uns Bescheid, dass sie schon zur\u00fcck sei. Super! Als wir ankommen, montiert sie schon die Kralle an unserem Bus, entschuldigt sich vielmals und kl\u00e4rt uns auf, dass in Bayern \u201emittags\u201c zwischen halb zw\u00f6lf und halb eins bedeutet und wir waren ja erst um 14 Uhr da. Egal, wir bekommen eine sehr gute Einweisung in die Super-Autokralle und kaufen noch zus\u00e4tzlich eine Lenkradwegfahrsperre, um auch f\u00fcr kurze Eink\u00e4ufe visuelle Abschreckung zu demonstrieren. So ausger\u00fcstet starten wir Richtung Mauth zum \u201eAnderswo\u201c Campingplatz in Finsterau. Die Fahrt wird am Ende doch noch m\u00fchsam, da es eine lange Umleitung gibt und die Strasse bergaufw\u00e4rts immer kurvenreicher wird.<br>Endlich da beziehen wir unseren reservierten Platz, braten Th\u00fcringer Bratw\u00fcrste an und essen sie zusammen mit den gef\u00fcllten Paprika, die vom Vortrag \u00fcbrig waren. Dazu eine gro\u00dfe Sch\u00fcssel Salat, schauen noch ein wenig in die Sterne und dann ab ins Bett. War schon bissle aufregend und anstrengend dieser Tag und wir schlafen wunderbar.<\/p>\n\n\n\n<p><\/p>\n","protected":false},"excerpt":{"rendered":"<p>Dann hei\u00dft es Abschied nehmen, doch bevor wir abreisen, schauen wir noch in Sams Werkstatt vorbei, in der er den<\/p>\n","protected":false},"author":1,"featured_media":14623,"comment_status":"open","ping_status":"open","sticky":false,"template":"","format":"standard","meta":{"colormag_page_container_layout":"default_layout","colormag_page_sidebar_layout":"default_layout","_monsterinsights_skip_tracking":false,"_monsterinsights_sitenote_active":false,"_monsterinsights_sitenote_note":"","_monsterinsights_sitenote_category":0,"footnotes":""},"categories":[262,225,159],"tags":[],"class_list":["post-14611","post","type-post","status-publish","format-standard","has-post-thumbnail","hentry","category-262","category-deutschland","category-europa"],"yoast_head":"<!-- This site is optimized with the Yoast SEO plugin v27.4 - https:\/\/yoast.com\/product\/yoast-seo-wordpress\/ -->\n<title>08. Juli 2023 - Fahrt nach Finsterau - Reiseblog von Karin &amp; Joachim<\/title>\n<meta name=\"robots\" content=\"index, follow, max-snippet:-1, max-image-preview:large, max-video-preview:-1\" \/>\n<link rel=\"canonical\" href=\"https:\/\/jblanz.de\/WP\/08-juli-2023-fahrt-nach-finsterau\/\" \/>\n<meta property=\"og:locale\" content=\"de_DE\" \/>\n<meta property=\"og:type\" content=\"article\" \/>\n<meta property=\"og:title\" content=\"08. Juli 2023 - Fahrt nach Finsterau - Reiseblog von Karin &amp; Joachim\" \/>\n<meta property=\"og:description\" content=\"Dann hei\u00dft es Abschied nehmen, doch bevor wir abreisen, schauen wir noch in Sams Werkstatt vorbei, in der er den\" \/>\n<meta property=\"og:url\" content=\"https:\/\/jblanz.de\/WP\/08-juli-2023-fahrt-nach-finsterau\/\" \/>\n<meta property=\"og:site_name\" content=\"Reiseblog von Karin &amp; Joachim\" \/>\n<meta property=\"article:published_time\" content=\"2023-07-09T15:08:40+00:00\" \/>\n<meta property=\"article:modified_time\" content=\"2023-07-09T15:35:49+00:00\" \/>\n<meta property=\"og:image\" content=\"https:\/\/jblanz.de\/WP\/wp-content\/uploads\/2023\/07\/Tschechien23-73.jpg\" \/>\n\t<meta property=\"og:image:width\" content=\"800\" \/>\n\t<meta property=\"og:image:height\" content=\"450\" \/>\n\t<meta property=\"og:image:type\" content=\"image\/jpeg\" \/>\n<meta name=\"author\" content=\"Achim\" \/>\n<meta name=\"twitter:card\" content=\"summary_large_image\" \/>\n<meta name=\"twitter:label1\" content=\"Verfasst von\" \/>\n\t<meta name=\"twitter:data1\" content=\"Achim\" \/>\n\t<meta name=\"twitter:label2\" content=\"Gesch\u00e4tzte Lesezeit\" \/>\n\t<meta name=\"twitter:data2\" content=\"3\u00a0Minuten\" \/>\n<script type=\"application\/ld+json\" class=\"yoast-schema-graph\">{\"@context\":\"https:\\\/\\\/schema.org\",\"@graph\":[{\"@type\":\"Article\",\"@id\":\"https:\\\/\\\/jblanz.de\\\/WP\\\/08-juli-2023-fahrt-nach-finsterau\\\/#article\",\"isPartOf\":{\"@id\":\"https:\\\/\\\/jblanz.de\\\/WP\\\/08-juli-2023-fahrt-nach-finsterau\\\/\"},\"author\":{\"name\":\"Achim\",\"@id\":\"https:\\\/\\\/jblanz.de\\\/WP\\\/#\\\/schema\\\/person\\\/17a70f07162e42bc0b181c22397286e0\"},\"headline\":\"08. Juli 2023 &#8211; Fahrt nach Finsterau\",\"datePublished\":\"2023-07-09T15:08:40+00:00\",\"dateModified\":\"2023-07-09T15:35:49+00:00\",\"mainEntityOfPage\":{\"@id\":\"https:\\\/\\\/jblanz.de\\\/WP\\\/08-juli-2023-fahrt-nach-finsterau\\\/\"},\"wordCount\":380,\"commentCount\":0,\"publisher\":{\"@id\":\"https:\\\/\\\/jblanz.de\\\/WP\\\/#\\\/schema\\\/person\\\/17a70f07162e42bc0b181c22397286e0\"},\"image\":{\"@id\":\"https:\\\/\\\/jblanz.de\\\/WP\\\/08-juli-2023-fahrt-nach-finsterau\\\/#primaryimage\"},\"thumbnailUrl\":\"https:\\\/\\\/jblanz.de\\\/WP\\\/wp-content\\\/uploads\\\/2023\\\/07\\\/Tschechien23-73.jpg\",\"articleSection\":[\"2023\",\"Deutschland\",\"Europa\"],\"inLanguage\":\"de\",\"potentialAction\":[{\"@type\":\"CommentAction\",\"name\":\"Comment\",\"target\":[\"https:\\\/\\\/jblanz.de\\\/WP\\\/08-juli-2023-fahrt-nach-finsterau\\\/#respond\"]}]},{\"@type\":\"WebPage\",\"@id\":\"https:\\\/\\\/jblanz.de\\\/WP\\\/08-juli-2023-fahrt-nach-finsterau\\\/\",\"url\":\"https:\\\/\\\/jblanz.de\\\/WP\\\/08-juli-2023-fahrt-nach-finsterau\\\/\",\"name\":\"08. Juli 2023 - Fahrt nach Finsterau - Reiseblog von Karin &amp; Joachim\",\"isPartOf\":{\"@id\":\"https:\\\/\\\/jblanz.de\\\/WP\\\/#website\"},\"primaryImageOfPage\":{\"@id\":\"https:\\\/\\\/jblanz.de\\\/WP\\\/08-juli-2023-fahrt-nach-finsterau\\\/#primaryimage\"},\"image\":{\"@id\":\"https:\\\/\\\/jblanz.de\\\/WP\\\/08-juli-2023-fahrt-nach-finsterau\\\/#primaryimage\"},\"thumbnailUrl\":\"https:\\\/\\\/jblanz.de\\\/WP\\\/wp-content\\\/uploads\\\/2023\\\/07\\\/Tschechien23-73.jpg\",\"datePublished\":\"2023-07-09T15:08:40+00:00\",\"dateModified\":\"2023-07-09T15:35:49+00:00\",\"breadcrumb\":{\"@id\":\"https:\\\/\\\/jblanz.de\\\/WP\\\/08-juli-2023-fahrt-nach-finsterau\\\/#breadcrumb\"},\"inLanguage\":\"de\",\"potentialAction\":[{\"@type\":\"ReadAction\",\"target\":[\"https:\\\/\\\/jblanz.de\\\/WP\\\/08-juli-2023-fahrt-nach-finsterau\\\/\"]}]},{\"@type\":\"ImageObject\",\"inLanguage\":\"de\",\"@id\":\"https:\\\/\\\/jblanz.de\\\/WP\\\/08-juli-2023-fahrt-nach-finsterau\\\/#primaryimage\",\"url\":\"https:\\\/\\\/jblanz.de\\\/WP\\\/wp-content\\\/uploads\\\/2023\\\/07\\\/Tschechien23-73.jpg\",\"contentUrl\":\"https:\\\/\\\/jblanz.de\\\/WP\\\/wp-content\\\/uploads\\\/2023\\\/07\\\/Tschechien23-73.jpg\",\"width\":800,\"height\":450},{\"@type\":\"BreadcrumbList\",\"@id\":\"https:\\\/\\\/jblanz.de\\\/WP\\\/08-juli-2023-fahrt-nach-finsterau\\\/#breadcrumb\",\"itemListElement\":[{\"@type\":\"ListItem\",\"position\":1,\"name\":\"Startseite\",\"item\":\"https:\\\/\\\/jblanz.de\\\/WP\\\/\"},{\"@type\":\"ListItem\",\"position\":2,\"name\":\"08. Juli 2023 &#8211; Fahrt nach Finsterau\"}]},{\"@type\":\"WebSite\",\"@id\":\"https:\\\/\\\/jblanz.de\\\/WP\\\/#website\",\"url\":\"https:\\\/\\\/jblanz.de\\\/WP\\\/\",\"name\":\"Reiseblog von Karin & Joachim\",\"description\":\"Wir schreiben den Blog f\u00fcr uns als Erinnerung - f\u00fcr euch als Inspiration\",\"publisher\":{\"@id\":\"https:\\\/\\\/jblanz.de\\\/WP\\\/#\\\/schema\\\/person\\\/17a70f07162e42bc0b181c22397286e0\"},\"potentialAction\":[{\"@type\":\"SearchAction\",\"target\":{\"@type\":\"EntryPoint\",\"urlTemplate\":\"https:\\\/\\\/jblanz.de\\\/WP\\\/?s={search_term_string}\"},\"query-input\":{\"@type\":\"PropertyValueSpecification\",\"valueRequired\":true,\"valueName\":\"search_term_string\"}}],\"inLanguage\":\"de\"},{\"@type\":[\"Person\",\"Organization\"],\"@id\":\"https:\\\/\\\/jblanz.de\\\/WP\\\/#\\\/schema\\\/person\\\/17a70f07162e42bc0b181c22397286e0\",\"name\":\"Achim\",\"image\":{\"@type\":\"ImageObject\",\"inLanguage\":\"de\",\"@id\":\"https:\\\/\\\/secure.gravatar.com\\\/avatar\\\/b7ab31bc55956af4a9bebf7fd034761212b11b803b7e39464914d6abeefb12f3?s=96&d=mm&r=g\",\"url\":\"https:\\\/\\\/secure.gravatar.com\\\/avatar\\\/b7ab31bc55956af4a9bebf7fd034761212b11b803b7e39464914d6abeefb12f3?s=96&d=mm&r=g\",\"contentUrl\":\"https:\\\/\\\/secure.gravatar.com\\\/avatar\\\/b7ab31bc55956af4a9bebf7fd034761212b11b803b7e39464914d6abeefb12f3?s=96&d=mm&r=g\",\"caption\":\"Achim\"},\"logo\":{\"@id\":\"https:\\\/\\\/secure.gravatar.com\\\/avatar\\\/b7ab31bc55956af4a9bebf7fd034761212b11b803b7e39464914d6abeefb12f3?s=96&d=mm&r=g\"},\"url\":\"https:\\\/\\\/jblanz.de\\\/WP\\\/author\\\/achim\\\/\"}]}<\/script>\n<!-- \/ Yoast SEO plugin. -->","yoast_head_json":{"title":"08. Juli 2023 - Fahrt nach Finsterau - Reiseblog von Karin &amp; Joachim","robots":{"index":"index","follow":"follow","max-snippet":"max-snippet:-1","max-image-preview":"max-image-preview:large","max-video-preview":"max-video-preview:-1"},"canonical":"https:\/\/jblanz.de\/WP\/08-juli-2023-fahrt-nach-finsterau\/","og_locale":"de_DE","og_type":"article","og_title":"08. Juli 2023 - Fahrt nach Finsterau - Reiseblog von Karin &amp; Joachim","og_description":"Dann hei\u00dft es Abschied nehmen, doch bevor wir abreisen, schauen wir noch in Sams Werkstatt vorbei, in der er den","og_url":"https:\/\/jblanz.de\/WP\/08-juli-2023-fahrt-nach-finsterau\/","og_site_name":"Reiseblog von Karin &amp; Joachim","article_published_time":"2023-07-09T15:08:40+00:00","article_modified_time":"2023-07-09T15:35:49+00:00","og_image":[{"width":800,"height":450,"url":"https:\/\/jblanz.de\/WP\/wp-content\/uploads\/2023\/07\/Tschechien23-73.jpg","type":"image\/jpeg"}],"author":"Achim","twitter_card":"summary_large_image","twitter_misc":{"Verfasst von":"Achim","Gesch\u00e4tzte Lesezeit":"3\u00a0Minuten"},"schema":{"@context":"https:\/\/schema.org","@graph":[{"@type":"Article","@id":"https:\/\/jblanz.de\/WP\/08-juli-2023-fahrt-nach-finsterau\/#article","isPartOf":{"@id":"https:\/\/jblanz.de\/WP\/08-juli-2023-fahrt-nach-finsterau\/"},"author":{"name":"Achim","@id":"https:\/\/jblanz.de\/WP\/#\/schema\/person\/17a70f07162e42bc0b181c22397286e0"},"headline":"08. Juli 2023 &#8211; Fahrt nach Finsterau","datePublished":"2023-07-09T15:08:40+00:00","dateModified":"2023-07-09T15:35:49+00:00","mainEntityOfPage":{"@id":"https:\/\/jblanz.de\/WP\/08-juli-2023-fahrt-nach-finsterau\/"},"wordCount":380,"commentCount":0,"publisher":{"@id":"https:\/\/jblanz.de\/WP\/#\/schema\/person\/17a70f07162e42bc0b181c22397286e0"},"image":{"@id":"https:\/\/jblanz.de\/WP\/08-juli-2023-fahrt-nach-finsterau\/#primaryimage"},"thumbnailUrl":"https:\/\/jblanz.de\/WP\/wp-content\/uploads\/2023\/07\/Tschechien23-73.jpg","articleSection":["2023","Deutschland","Europa"],"inLanguage":"de","potentialAction":[{"@type":"CommentAction","name":"Comment","target":["https:\/\/jblanz.de\/WP\/08-juli-2023-fahrt-nach-finsterau\/#respond"]}]},{"@type":"WebPage","@id":"https:\/\/jblanz.de\/WP\/08-juli-2023-fahrt-nach-finsterau\/","url":"https:\/\/jblanz.de\/WP\/08-juli-2023-fahrt-nach-finsterau\/","name":"08. Juli 2023 - Fahrt nach Finsterau - Reiseblog von Karin &amp; Joachim","isPartOf":{"@id":"https:\/\/jblanz.de\/WP\/#website"},"primaryImageOfPage":{"@id":"https:\/\/jblanz.de\/WP\/08-juli-2023-fahrt-nach-finsterau\/#primaryimage"},"image":{"@id":"https:\/\/jblanz.de\/WP\/08-juli-2023-fahrt-nach-finsterau\/#primaryimage"},"thumbnailUrl":"https:\/\/jblanz.de\/WP\/wp-content\/uploads\/2023\/07\/Tschechien23-73.jpg","datePublished":"2023-07-09T15:08:40+00:00","dateModified":"2023-07-09T15:35:49+00:00","breadcrumb":{"@id":"https:\/\/jblanz.de\/WP\/08-juli-2023-fahrt-nach-finsterau\/#breadcrumb"},"inLanguage":"de","potentialAction":[{"@type":"ReadAction","target":["https:\/\/jblanz.de\/WP\/08-juli-2023-fahrt-nach-finsterau\/"]}]},{"@type":"ImageObject","inLanguage":"de","@id":"https:\/\/jblanz.de\/WP\/08-juli-2023-fahrt-nach-finsterau\/#primaryimage","url":"https:\/\/jblanz.de\/WP\/wp-content\/uploads\/2023\/07\/Tschechien23-73.jpg","contentUrl":"https:\/\/jblanz.de\/WP\/wp-content\/uploads\/2023\/07\/Tschechien23-73.jpg","width":800,"height":450},{"@type":"BreadcrumbList","@id":"https:\/\/jblanz.de\/WP\/08-juli-2023-fahrt-nach-finsterau\/#breadcrumb","itemListElement":[{"@type":"ListItem","position":1,"name":"Startseite","item":"https:\/\/jblanz.de\/WP\/"},{"@type":"ListItem","position":2,"name":"08. Juli 2023 &#8211; Fahrt nach Finsterau"}]},{"@type":"WebSite","@id":"https:\/\/jblanz.de\/WP\/#website","url":"https:\/\/jblanz.de\/WP\/","name":"Reiseblog von Karin & Joachim","description":"Wir schreiben den Blog f\u00fcr uns als Erinnerung - f\u00fcr euch als Inspiration","publisher":{"@id":"https:\/\/jblanz.de\/WP\/#\/schema\/person\/17a70f07162e42bc0b181c22397286e0"},"potentialAction":[{"@type":"SearchAction","target":{"@type":"EntryPoint","urlTemplate":"https:\/\/jblanz.de\/WP\/?s={search_term_string}"},"query-input":{"@type":"PropertyValueSpecification","valueRequired":true,"valueName":"search_term_string"}}],"inLanguage":"de"},{"@type":["Person","Organization"],"@id":"https:\/\/jblanz.de\/WP\/#\/schema\/person\/17a70f07162e42bc0b181c22397286e0","name":"Achim","image":{"@type":"ImageObject","inLanguage":"de","@id":"https:\/\/secure.gravatar.com\/avatar\/b7ab31bc55956af4a9bebf7fd034761212b11b803b7e39464914d6abeefb12f3?s=96&d=mm&r=g","url":"https:\/\/secure.gravatar.com\/avatar\/b7ab31bc55956af4a9bebf7fd034761212b11b803b7e39464914d6abeefb12f3?s=96&d=mm&r=g","contentUrl":"https:\/\/secure.gravatar.com\/avatar\/b7ab31bc55956af4a9bebf7fd034761212b11b803b7e39464914d6abeefb12f3?s=96&d=mm&r=g","caption":"Achim"},"logo":{"@id":"https:\/\/secure.gravatar.com\/avatar\/b7ab31bc55956af4a9bebf7fd034761212b11b803b7e39464914d6abeefb12f3?s=96&d=mm&r=g"},"url":"https:\/\/jblanz.de\/WP\/author\/achim\/"}]}},"_links":{"self":[{"href":"https:\/\/jblanz.de\/WP\/wp-json\/wp\/v2\/posts\/14611","targetHints":{"allow":["GET"]}}],"collection":[{"href":"https:\/\/jblanz.de\/WP\/wp-json\/wp\/v2\/posts"}],"about":[{"href":"https:\/\/jblanz.de\/WP\/wp-json\/wp\/v2\/types\/post"}],"author":[{"embeddable":true,"href":"https:\/\/jblanz.de\/WP\/wp-json\/wp\/v2\/users\/1"}],"replies":[{"embeddable":true,"href":"https:\/\/jblanz.de\/WP\/wp-json\/wp\/v2\/comments?post=14611"}],"version-history":[{"count":0,"href":"https:\/\/jblanz.de\/WP\/wp-json\/wp\/v2\/posts\/14611\/revisions"}],"wp:featuredmedia":[{"embeddable":true,"href":"https:\/\/jblanz.de\/WP\/wp-json\/wp\/v2\/media\/14623"}],"wp:attachment":[{"href":"https:\/\/jblanz.de\/WP\/wp-json\/wp\/v2\/media?parent=14611"}],"wp:term":[{"taxonomy":"category","embeddable":true,"href":"https:\/\/jblanz.de\/WP\/wp-json\/wp\/v2\/categories?post=14611"},{"taxonomy":"post_tag","embeddable":true,"href":"https:\/\/jblanz.de\/WP\/wp-json\/wp\/v2\/tags?post=14611"}],"curies":[{"name":"wp","href":"https:\/\/api.w.org\/{rel}","templated":true}]}}