{"id":14744,"date":"2023-07-12T21:02:07","date_gmt":"2023-07-12T19:02:07","guid":{"rendered":"https:\/\/jblanz.de\/WP\/?p=14744"},"modified":"2023-07-14T07:35:57","modified_gmt":"2023-07-14T05:35:57","slug":"12-juli-2023-sturm-rozmberk-hluboka-telc","status":"publish","type":"post","link":"https:\/\/jblanz.de\/WP\/12-juli-2023-sturm-rozmberk-hluboka-telc\/","title":{"rendered":"12. Juli 2023 &#8211; Sturm, Ro\u017emberk, Hlubok\u00e1, Tel\u010d"},"content":{"rendered":"\n<p>Als wir gestern abend schlafen gingen, diskutierten wir noch, ob wir die Markise ausgefahren lassen. Es war ein sch\u00f6ner Sommerabend ohne Wolken am Himmel mit einem tollen Sonnenuntergang \u00fcber dem See. Wir entschieden die Markise reinzufahren und alles rund ums Auto einzupacken. Nur einen Stuhl, den Tisch und die Fahrr\u00e4der liessen wir stehen. Morgens um kurz nach 2 Uhr wurde ich von einer Sturmb\u00f6e wach, die das ganze Auto beben liess. Ich h\u00f6rte Karin, die im Hochdach schlief, alles zusammenpacken und schon kam sie die Leiter herunter. Wir versuchten sofort das Hochdach herunterzuziehen, aber der Windwiderstand war einfach zu stark. Als der Wind kurz etwas abnahm, reichte unsere Kraft, um das Dach zu schlie\u00dfen. Wir sahen krasse Blitze, die aber weit entfernt waren &#8211; man konnte keinen Donner h\u00f6ren. Der Wind pfiff unentwegt \u00fcber das ganze Gel\u00e4nde und unsere Nachbarn nebenan versuchten noch ihr Zelt zu retten, aber umsonst. Wider Erwarten blieb unser Tisch stehen und selbst die Fahrr\u00e4der fielen nicht um. Am Uferrand ging krachend ein grosser Ast zu Boden. Der Sturm sch\u00fcttelte unser Auto mehr als eine Stunde, zwischendurch regnete es auch noch heftig. An Schlafen war w\u00e4hrend dieser Zeit nicht zu denken.\u00a0<\/p>\n<p>Am n\u00e4chsten Morgen war Schadensaufnahme. Unser Nachbar legte den Inhalt seines zerfetzten Zelts zum Trocknen auf und ringsum h\u00f6rte man Heringe einschlagen, um Markisen wieder aufzustellen. Nach dem Fr\u00fchst\u00fcck verliessen wir den Camping Richtung im SchlosshofRo\u017emberk. Das Navi f\u00fchrte uns auf schmalen Str\u00e4\u00dfchen durch Waldgebiete, immer wieder lagen umgefallene zers\u00e4gte B\u00e4ume am Wegrand und der Strassenbelag war \u00fcbers\u00e4t mit kleinen herabgefallenen \u00c4sten und Laub. Es gab Abschnitte, in denen der Sturm noch heftiger gew\u00fctet haben muss, als bei uns. Aber die Strasse war frei und wir kamen problemlos in Ro\u017emberk (dt. Rosenberg) an. Rosenberg wurde in der ersten H\u00e4lfte des 13. Jahrhunderts gegr\u00fcndet und ist eng verbunden mit dem gleichnamigen Geschlecht der Rosenberger. Die Stadt liegt nur 10 km von der \u00f6sterreichischen Grenze entfernt im Tal der Moldau. \u00dcber der Stadt thront das Schloss. Wir finden sofort die Auffahrt zum Schlossberg und parken am Eingang der Strasse, die zum Schloss f\u00fchrt. Nach etwa 150 m Fussweg sind wir an der Zugbr\u00fccke. Das Schloss darf nur im Rahmen einer F\u00fchrung besichtigt werden, die leider nur auf tschechisch angeboten wird. Wir bekamen den Ausdruck der F\u00fchrung in deutsch und warten ca 15 Minuten, bis die F\u00fchrung beginnt. Dank des Ausdrucks konnten wir die Erl\u00e4uterungen gut mitverfolgen. Der Zugang zum Schlosshof ist mit Holz gepflastert, sieht gut aus. Im Schloss durfte nicht fotographiert werden, was aber niemanden sonderlich interessierte. Daher erlaubten wir uns auch ein paar Bilder des sehr sch\u00f6nen Inventars und der unglaublichen W\u00e4nde und Decken. Wer Lust hat kann die Geschichte des Schlosses in Wikipedia nachlesen.<\/p>\n\n\n\n<figure class=\"wp-block-gallery has-nested-images columns-2 is-cropped wp-block-gallery-2 is-layout-flex wp-block-gallery-is-layout-flex\">\n<figure class=\"wp-block-image size-large\"><img loading=\"lazy\" decoding=\"async\" width=\"800\" height=\"450\" data-id=\"14776\" src=\"https:\/\/jblanz.de\/WP\/wp-content\/uploads\/2023\/07\/Tschechien23-189-1.jpg\" alt=\"\" class=\"wp-image-14776\" srcset=\"https:\/\/jblanz.de\/WP\/wp-content\/uploads\/2023\/07\/Tschechien23-189-1.jpg 800w, https:\/\/jblanz.de\/WP\/wp-content\/uploads\/2023\/07\/Tschechien23-189-1-300x169.jpg 300w, https:\/\/jblanz.de\/WP\/wp-content\/uploads\/2023\/07\/Tschechien23-189-1-768x432.jpg 768w\" sizes=\"auto, (max-width: 800px) 100vw, 800px\" \/><\/figure>\n\n\n\n<figure class=\"wp-block-image size-large\"><img loading=\"lazy\" decoding=\"async\" width=\"800\" height=\"450\" data-id=\"14786\" src=\"https:\/\/jblanz.de\/WP\/wp-content\/uploads\/2023\/07\/Tschechien23-167.jpg\" alt=\"\" class=\"wp-image-14786\" srcset=\"https:\/\/jblanz.de\/WP\/wp-content\/uploads\/2023\/07\/Tschechien23-167.jpg 800w, https:\/\/jblanz.de\/WP\/wp-content\/uploads\/2023\/07\/Tschechien23-167-300x169.jpg 300w, https:\/\/jblanz.de\/WP\/wp-content\/uploads\/2023\/07\/Tschechien23-167-768x432.jpg 768w\" sizes=\"auto, (max-width: 800px) 100vw, 800px\" \/><\/figure>\n\n\n\n<figure class=\"wp-block-image size-large\"><img loading=\"lazy\" decoding=\"async\" width=\"800\" height=\"450\" data-id=\"14782\" src=\"https:\/\/jblanz.de\/WP\/wp-content\/uploads\/2023\/07\/Tschechien23-185.jpg\" alt=\"\" class=\"wp-image-14782\" srcset=\"https:\/\/jblanz.de\/WP\/wp-content\/uploads\/2023\/07\/Tschechien23-185.jpg 800w, https:\/\/jblanz.de\/WP\/wp-content\/uploads\/2023\/07\/Tschechien23-185-300x169.jpg 300w, https:\/\/jblanz.de\/WP\/wp-content\/uploads\/2023\/07\/Tschechien23-185-768x432.jpg 768w\" sizes=\"auto, (max-width: 800px) 100vw, 800px\" \/><\/figure>\n\n\n\n<figure class=\"wp-block-image size-large\"><img loading=\"lazy\" decoding=\"async\" width=\"800\" height=\"450\" data-id=\"14774\" src=\"https:\/\/jblanz.de\/WP\/wp-content\/uploads\/2023\/07\/Tschechien23-184-1.jpg\" alt=\"\" class=\"wp-image-14774\" srcset=\"https:\/\/jblanz.de\/WP\/wp-content\/uploads\/2023\/07\/Tschechien23-184-1.jpg 800w, https:\/\/jblanz.de\/WP\/wp-content\/uploads\/2023\/07\/Tschechien23-184-1-300x169.jpg 300w, https:\/\/jblanz.de\/WP\/wp-content\/uploads\/2023\/07\/Tschechien23-184-1-768x432.jpg 768w\" sizes=\"auto, (max-width: 800px) 100vw, 800px\" \/><\/figure>\n\n\n\n<figure class=\"wp-block-image size-large\"><img loading=\"lazy\" decoding=\"async\" width=\"800\" height=\"450\" data-id=\"14784\" src=\"https:\/\/jblanz.de\/WP\/wp-content\/uploads\/2023\/07\/Tschechien23-186-1.jpg\" alt=\"\" class=\"wp-image-14784\" srcset=\"https:\/\/jblanz.de\/WP\/wp-content\/uploads\/2023\/07\/Tschechien23-186-1.jpg 800w, https:\/\/jblanz.de\/WP\/wp-content\/uploads\/2023\/07\/Tschechien23-186-1-300x169.jpg 300w, https:\/\/jblanz.de\/WP\/wp-content\/uploads\/2023\/07\/Tschechien23-186-1-768x432.jpg 768w\" sizes=\"auto, (max-width: 800px) 100vw, 800px\" \/><\/figure>\n\n\n\n<figure class=\"wp-block-image size-large\"><img loading=\"lazy\" decoding=\"async\" width=\"800\" height=\"450\" data-id=\"14785\" src=\"https:\/\/jblanz.de\/WP\/wp-content\/uploads\/2023\/07\/Tschechien23-166.jpg\" alt=\"\" class=\"wp-image-14785\" srcset=\"https:\/\/jblanz.de\/WP\/wp-content\/uploads\/2023\/07\/Tschechien23-166.jpg 800w, https:\/\/jblanz.de\/WP\/wp-content\/uploads\/2023\/07\/Tschechien23-166-300x169.jpg 300w, https:\/\/jblanz.de\/WP\/wp-content\/uploads\/2023\/07\/Tschechien23-166-768x432.jpg 768w\" sizes=\"auto, (max-width: 800px) 100vw, 800px\" \/><\/figure>\n\n\n\n<figure class=\"wp-block-image size-large\"><img loading=\"lazy\" decoding=\"async\" width=\"800\" height=\"450\" data-id=\"14778\" src=\"https:\/\/jblanz.de\/WP\/wp-content\/uploads\/2023\/07\/Tschechien23-165-1.jpg\" alt=\"\" class=\"wp-image-14778\" srcset=\"https:\/\/jblanz.de\/WP\/wp-content\/uploads\/2023\/07\/Tschechien23-165-1.jpg 800w, https:\/\/jblanz.de\/WP\/wp-content\/uploads\/2023\/07\/Tschechien23-165-1-300x169.jpg 300w, https:\/\/jblanz.de\/WP\/wp-content\/uploads\/2023\/07\/Tschechien23-165-1-768x432.jpg 768w\" sizes=\"auto, (max-width: 800px) 100vw, 800px\" \/><\/figure>\n\n\n\n<figure class=\"wp-block-image size-large\"><img loading=\"lazy\" decoding=\"async\" width=\"800\" height=\"450\" data-id=\"14783\" src=\"https:\/\/jblanz.de\/WP\/wp-content\/uploads\/2023\/07\/Tschechien23-168-1.jpg\" alt=\"\" class=\"wp-image-14783\" srcset=\"https:\/\/jblanz.de\/WP\/wp-content\/uploads\/2023\/07\/Tschechien23-168-1.jpg 800w, https:\/\/jblanz.de\/WP\/wp-content\/uploads\/2023\/07\/Tschechien23-168-1-300x169.jpg 300w, https:\/\/jblanz.de\/WP\/wp-content\/uploads\/2023\/07\/Tschechien23-168-1-768x432.jpg 768w\" sizes=\"auto, (max-width: 800px) 100vw, 800px\" \/><\/figure>\n\n\n\n<figure class=\"wp-block-image size-large\"><img loading=\"lazy\" decoding=\"async\" width=\"800\" height=\"450\" data-id=\"14781\" src=\"https:\/\/jblanz.de\/WP\/wp-content\/uploads\/2023\/07\/Tschechien23-188-jblanz-2.jpg\" alt=\"\" class=\"wp-image-14781\" srcset=\"https:\/\/jblanz.de\/WP\/wp-content\/uploads\/2023\/07\/Tschechien23-188-jblanz-2.jpg 800w, https:\/\/jblanz.de\/WP\/wp-content\/uploads\/2023\/07\/Tschechien23-188-jblanz-2-300x169.jpg 300w, https:\/\/jblanz.de\/WP\/wp-content\/uploads\/2023\/07\/Tschechien23-188-jblanz-2-768x432.jpg 768w\" sizes=\"auto, (max-width: 800px) 100vw, 800px\" \/><\/figure>\n\n\n\n<figure class=\"wp-block-image size-large\"><img loading=\"lazy\" decoding=\"async\" width=\"800\" height=\"450\" data-id=\"14780\" src=\"https:\/\/jblanz.de\/WP\/wp-content\/uploads\/2023\/07\/Tschechien23-183.jpg\" alt=\"\" class=\"wp-image-14780\" srcset=\"https:\/\/jblanz.de\/WP\/wp-content\/uploads\/2023\/07\/Tschechien23-183.jpg 800w, https:\/\/jblanz.de\/WP\/wp-content\/uploads\/2023\/07\/Tschechien23-183-300x169.jpg 300w, https:\/\/jblanz.de\/WP\/wp-content\/uploads\/2023\/07\/Tschechien23-183-768x432.jpg 768w\" sizes=\"auto, (max-width: 800px) 100vw, 800px\" \/><\/figure>\n\n\n\n<figure class=\"wp-block-image size-large\"><img loading=\"lazy\" decoding=\"async\" width=\"800\" height=\"450\" data-id=\"14787\" src=\"https:\/\/jblanz.de\/WP\/wp-content\/uploads\/2023\/07\/Tschechien23-169-1.jpg\" alt=\"\" class=\"wp-image-14787\" srcset=\"https:\/\/jblanz.de\/WP\/wp-content\/uploads\/2023\/07\/Tschechien23-169-1.jpg 800w, https:\/\/jblanz.de\/WP\/wp-content\/uploads\/2023\/07\/Tschechien23-169-1-300x169.jpg 300w, https:\/\/jblanz.de\/WP\/wp-content\/uploads\/2023\/07\/Tschechien23-169-1-768x432.jpg 768w\" sizes=\"auto, (max-width: 800px) 100vw, 800px\" \/><\/figure>\n\n\n\n<figure class=\"wp-block-image size-large\"><img loading=\"lazy\" decoding=\"async\" width=\"800\" height=\"450\" data-id=\"14779\" src=\"https:\/\/jblanz.de\/WP\/wp-content\/uploads\/2023\/07\/Tschechien23-172.jpg\" alt=\"\" class=\"wp-image-14779\" srcset=\"https:\/\/jblanz.de\/WP\/wp-content\/uploads\/2023\/07\/Tschechien23-172.jpg 800w, https:\/\/jblanz.de\/WP\/wp-content\/uploads\/2023\/07\/Tschechien23-172-300x169.jpg 300w, https:\/\/jblanz.de\/WP\/wp-content\/uploads\/2023\/07\/Tschechien23-172-768x432.jpg 768w\" sizes=\"auto, (max-width: 800px) 100vw, 800px\" \/><\/figure>\n\n\n\n<figure class=\"wp-block-image size-large\"><img loading=\"lazy\" decoding=\"async\" width=\"800\" height=\"450\" data-id=\"14777\" src=\"https:\/\/jblanz.de\/WP\/wp-content\/uploads\/2023\/07\/Tschechien23-173.jpg\" alt=\"\" class=\"wp-image-14777\" srcset=\"https:\/\/jblanz.de\/WP\/wp-content\/uploads\/2023\/07\/Tschechien23-173.jpg 800w, https:\/\/jblanz.de\/WP\/wp-content\/uploads\/2023\/07\/Tschechien23-173-300x169.jpg 300w, https:\/\/jblanz.de\/WP\/wp-content\/uploads\/2023\/07\/Tschechien23-173-768x432.jpg 768w\" sizes=\"auto, (max-width: 800px) 100vw, 800px\" \/><\/figure>\n\n\n\n<figure class=\"wp-block-image size-large\"><img loading=\"lazy\" decoding=\"async\" width=\"800\" height=\"450\" data-id=\"14775\" src=\"https:\/\/jblanz.de\/WP\/wp-content\/uploads\/2023\/07\/Tschechien23-181.jpg\" alt=\"\" class=\"wp-image-14775\" srcset=\"https:\/\/jblanz.de\/WP\/wp-content\/uploads\/2023\/07\/Tschechien23-181.jpg 800w, https:\/\/jblanz.de\/WP\/wp-content\/uploads\/2023\/07\/Tschechien23-181-300x169.jpg 300w, https:\/\/jblanz.de\/WP\/wp-content\/uploads\/2023\/07\/Tschechien23-181-768x432.jpg 768w\" sizes=\"auto, (max-width: 800px) 100vw, 800px\" \/><\/figure>\n<\/figure>\n\n\n\n<p>Nach der Schlossbesichtigung fahren wir entlang der Moldau zur\u00fcck nach Krumau. Am Ufer sind oft Zeltcamps, bei denen man Boote mieten kann, um auf der Moldau Richtung oder sogar bis Krumau zu paddeln. Der Fluss ist nicht sehr tief und man muss mehrere der Rutschen benutzen, die wir in Krumau fotographiert haben. Aber es scheint ein beliebtes Freizeitvergn\u00fcgen zu sein. Jedenfalls haben wir viele Boote beobachten k\u00f6nnen. Von Krumau ging es an Budwei vorbei zum Schloss Hlubok\u00e1 (dt Schloss Frauenberg), dem M\u00e4rchenschloss Tschechiens. Wir fanden schnell einen Parkplatz und wanderten zu Fuss den Berg hoch. Die Fassade des Schlosses ist schon verwunderlich. Auch hier ist die Besichtigung nur mit F\u00fchrer m\u00f6glich. Nach 5 Minuten Warten bekamen wir quasi eine Privatf\u00fchrung in deutsch, denn ausser uns war an diesem Termin nur eine weitere Familie dabei. Das Schloss geh\u00f6rt seit Ewigkeiten dem Geschlecht Schwarzenberg. Auf dem Anwesen stand zun\u00e4chst eine fr\u00fchgotische Burg aus der zweiten H\u00e4lfte des 13. Jahrhunderts. Im zweiten Drittel des 19. Jahrhunderts wurden die alten Geb\u00e4ude abgetragen und an deren Stelle dieses malerische Schloss im Tudorgotikstil errichtet. Vorbild war Schloss Windsor, das der F\u00fcrst besichtigt hatte. F\u00fcrst Adolph Schwarzenberg wurde 1939 von den deutschen Besatzern enteignet, da er ein entschiedener Gegner des Nazi-Regimes war. ER floh in die USA und erhielt seinen Besitz in der dritten tschechoslowakischen Republik 1945 zur\u00fcck. 1947 wurde er mit der Lex Schwarzenberg von den Kommunisten enteignet. Dieses ausschliesslich gegen ihn gerichtete Gesetz \u00fcberf\u00fchrte seinen tschechoslowakischen Besitz ohne Entsch\u00e4digung in Staatseigentum. Das Schloss wurde durch eine Warmluftheizung vom Keller aus geheizt und wurde bereits 1910 mit Strom versorgt, der von einem eigenen Wasserkraftwerk erzeugt wurde. Decken, W\u00e4nde und Mobiliar waren nat\u00fcrlich nur vom Feinsten. In einer Ecke stand ein Staubsauger, der Anfang des 20. Jahrhunderts gebaut wurde. Er wurde von der Firma S. Mestitz &amp; Sohn aus Raudnitz im ehemaligen B\u00f6hmen gefertigt und musste von zwei Personen angetrieben werden \u2013 einer bediente das seitliche Antriebsrad, der andere \u00fcbernahm das Saugen.<\/p>\n\n\n\n<figure class=\"wp-block-gallery has-nested-images columns-2 is-cropped wp-block-gallery-3 is-layout-flex wp-block-gallery-is-layout-flex\">\n<figure class=\"wp-block-image size-large\"><img loading=\"lazy\" decoding=\"async\" width=\"800\" height=\"450\" data-id=\"14803\" src=\"https:\/\/jblanz.de\/WP\/wp-content\/uploads\/2023\/07\/Tschechien23-202.jpg\" alt=\"\" class=\"wp-image-14803\" srcset=\"https:\/\/jblanz.de\/WP\/wp-content\/uploads\/2023\/07\/Tschechien23-202.jpg 800w, https:\/\/jblanz.de\/WP\/wp-content\/uploads\/2023\/07\/Tschechien23-202-300x169.jpg 300w, https:\/\/jblanz.de\/WP\/wp-content\/uploads\/2023\/07\/Tschechien23-202-768x432.jpg 768w\" sizes=\"auto, (max-width: 800px) 100vw, 800px\" \/><\/figure>\n\n\n\n<figure class=\"wp-block-image size-large\"><img loading=\"lazy\" decoding=\"async\" width=\"675\" height=\"450\" data-id=\"14801\" src=\"https:\/\/jblanz.de\/WP\/wp-content\/uploads\/2023\/07\/Tschechien23-199.jpg\" alt=\"\" class=\"wp-image-14801\" srcset=\"https:\/\/jblanz.de\/WP\/wp-content\/uploads\/2023\/07\/Tschechien23-199.jpg 675w, https:\/\/jblanz.de\/WP\/wp-content\/uploads\/2023\/07\/Tschechien23-199-300x200.jpg 300w\" sizes=\"auto, (max-width: 675px) 100vw, 675px\" \/><\/figure>\n\n\n\n<figure class=\"wp-block-image size-large\"><img loading=\"lazy\" decoding=\"async\" width=\"800\" height=\"450\" data-id=\"14802\" src=\"https:\/\/jblanz.de\/WP\/wp-content\/uploads\/2023\/07\/Tschechien23-194.jpg\" alt=\"\" class=\"wp-image-14802\" srcset=\"https:\/\/jblanz.de\/WP\/wp-content\/uploads\/2023\/07\/Tschechien23-194.jpg 800w, https:\/\/jblanz.de\/WP\/wp-content\/uploads\/2023\/07\/Tschechien23-194-300x169.jpg 300w, https:\/\/jblanz.de\/WP\/wp-content\/uploads\/2023\/07\/Tschechien23-194-768x432.jpg 768w\" sizes=\"auto, (max-width: 800px) 100vw, 800px\" \/><\/figure>\n\n\n\n<figure class=\"wp-block-image size-large\"><img loading=\"lazy\" decoding=\"async\" width=\"338\" height=\"450\" data-id=\"14800\" src=\"https:\/\/jblanz.de\/WP\/wp-content\/uploads\/2023\/07\/Tschechien23-200.jpg\" alt=\"\" class=\"wp-image-14800\" srcset=\"https:\/\/jblanz.de\/WP\/wp-content\/uploads\/2023\/07\/Tschechien23-200.jpg 338w, https:\/\/jblanz.de\/WP\/wp-content\/uploads\/2023\/07\/Tschechien23-200-225x300.jpg 225w\" sizes=\"auto, (max-width: 338px) 100vw, 338px\" \/><\/figure>\n<\/figure>\n\n\n\n<p>Nach der Besichtigung fahren wir weiter zum 94 km entfernt liegenden Tel\u010d (dt. Teltsch), das in die Liste des Weltkulturerbes der UNESCO aufgenommen wurde. In Tel\u010d gibt es leider keinen Camping, sondern nur einen Stellplatz auf einem Parkplatz (P1) neben einer Tankstelle. Aber man kann f\u00fcr 200 Kronen ein 24 Stunden Parkticket l\u00f6sen und hier \u00fcbernachten. Bevor wir den Marktplatz besuchen, gehen wir im Hotel Anton, das neben unserem Parkplatz liegt, essen. In Tschechien muss man abends fr\u00fchzeitig ins Restaurant, denn um 20 Uhr ist meist Zapfenstreich. Um ca 19.30 Uhr erreichen wir den Marktplatz. Es sind kaum Leute auf dem Platz und auch die Caf\u00e9s und Restaurant sind nur d\u00fcrftig besetzt. Tel\u010d ist es irgendwie gelungen, allen Zerst\u00f6rungen der letzten Jahrhunderte zu entkommen. 30-j\u00e4hriger Krieg, Weltkriege, kommunistische St\u00e4dteplanung und Massentourismus sind an der Stadt fast spurlos vor\u00fcber gegangen. Der Marktplatz ist ein langgezogenes Viereck, rundum ges\u00e4umt von Fassaden. <\/p>\n\n\n\n<figure class=\"wp-block-gallery has-nested-images columns-2 is-cropped wp-block-gallery-4 is-layout-flex wp-block-gallery-is-layout-flex\">\n<figure class=\"wp-block-image size-full\"><img loading=\"lazy\" decoding=\"async\" width=\"800\" height=\"450\" data-id=\"14819\" src=\"https:\/\/jblanz.de\/WP\/wp-content\/uploads\/2023\/07\/Tschechien23-204.jpg\" alt=\"\" class=\"wp-image-14819\" srcset=\"https:\/\/jblanz.de\/WP\/wp-content\/uploads\/2023\/07\/Tschechien23-204.jpg 800w, https:\/\/jblanz.de\/WP\/wp-content\/uploads\/2023\/07\/Tschechien23-204-300x169.jpg 300w, https:\/\/jblanz.de\/WP\/wp-content\/uploads\/2023\/07\/Tschechien23-204-768x432.jpg 768w\" sizes=\"auto, (max-width: 800px) 100vw, 800px\" \/><\/figure>\n\n\n\n<figure class=\"wp-block-image size-full\"><img loading=\"lazy\" decoding=\"async\" width=\"800\" height=\"450\" data-id=\"14822\" src=\"https:\/\/jblanz.de\/WP\/wp-content\/uploads\/2023\/07\/Tschechien23-228.jpg\" alt=\"\" class=\"wp-image-14822\" srcset=\"https:\/\/jblanz.de\/WP\/wp-content\/uploads\/2023\/07\/Tschechien23-228.jpg 800w, https:\/\/jblanz.de\/WP\/wp-content\/uploads\/2023\/07\/Tschechien23-228-300x169.jpg 300w, https:\/\/jblanz.de\/WP\/wp-content\/uploads\/2023\/07\/Tschechien23-228-768x432.jpg 768w\" sizes=\"auto, (max-width: 800px) 100vw, 800px\" \/><\/figure>\n\n\n\n<figure class=\"wp-block-image size-full\"><img loading=\"lazy\" decoding=\"async\" width=\"800\" height=\"450\" data-id=\"14823\" src=\"https:\/\/jblanz.de\/WP\/wp-content\/uploads\/2023\/07\/Tschechien23-205.jpg\" alt=\"\" class=\"wp-image-14823\" srcset=\"https:\/\/jblanz.de\/WP\/wp-content\/uploads\/2023\/07\/Tschechien23-205.jpg 800w, https:\/\/jblanz.de\/WP\/wp-content\/uploads\/2023\/07\/Tschechien23-205-300x169.jpg 300w, https:\/\/jblanz.de\/WP\/wp-content\/uploads\/2023\/07\/Tschechien23-205-768x432.jpg 768w\" sizes=\"auto, (max-width: 800px) 100vw, 800px\" \/><\/figure>\n\n\n\n<figure class=\"wp-block-image size-full\"><img loading=\"lazy\" decoding=\"async\" width=\"800\" height=\"450\" data-id=\"14820\" src=\"https:\/\/jblanz.de\/WP\/wp-content\/uploads\/2023\/07\/Tschechien23-222.jpg\" alt=\"\" class=\"wp-image-14820\" srcset=\"https:\/\/jblanz.de\/WP\/wp-content\/uploads\/2023\/07\/Tschechien23-222.jpg 800w, https:\/\/jblanz.de\/WP\/wp-content\/uploads\/2023\/07\/Tschechien23-222-300x169.jpg 300w, https:\/\/jblanz.de\/WP\/wp-content\/uploads\/2023\/07\/Tschechien23-222-768x432.jpg 768w\" sizes=\"auto, (max-width: 800px) 100vw, 800px\" \/><\/figure>\n\n\n\n<figure class=\"wp-block-image size-full\"><img loading=\"lazy\" decoding=\"async\" width=\"800\" height=\"450\" data-id=\"14816\" src=\"https:\/\/jblanz.de\/WP\/wp-content\/uploads\/2023\/07\/Tschechien23-224.jpg\" alt=\"\" class=\"wp-image-14816\" srcset=\"https:\/\/jblanz.de\/WP\/wp-content\/uploads\/2023\/07\/Tschechien23-224.jpg 800w, https:\/\/jblanz.de\/WP\/wp-content\/uploads\/2023\/07\/Tschechien23-224-300x169.jpg 300w, https:\/\/jblanz.de\/WP\/wp-content\/uploads\/2023\/07\/Tschechien23-224-768x432.jpg 768w\" sizes=\"auto, (max-width: 800px) 100vw, 800px\" \/><\/figure>\n\n\n\n<figure class=\"wp-block-image size-full\"><img loading=\"lazy\" decoding=\"async\" width=\"800\" height=\"450\" data-id=\"14817\" src=\"https:\/\/jblanz.de\/WP\/wp-content\/uploads\/2023\/07\/Tschechien23-225.jpg\" alt=\"\" class=\"wp-image-14817\" srcset=\"https:\/\/jblanz.de\/WP\/wp-content\/uploads\/2023\/07\/Tschechien23-225.jpg 800w, https:\/\/jblanz.de\/WP\/wp-content\/uploads\/2023\/07\/Tschechien23-225-300x169.jpg 300w, https:\/\/jblanz.de\/WP\/wp-content\/uploads\/2023\/07\/Tschechien23-225-768x432.jpg 768w\" sizes=\"auto, (max-width: 800px) 100vw, 800px\" \/><\/figure>\n\n\n\n<figure class=\"wp-block-image size-full\"><img loading=\"lazy\" decoding=\"async\" width=\"800\" height=\"450\" data-id=\"14818\" src=\"https:\/\/jblanz.de\/WP\/wp-content\/uploads\/2023\/07\/Tschechien23-226.jpg\" alt=\"\" class=\"wp-image-14818\" srcset=\"https:\/\/jblanz.de\/WP\/wp-content\/uploads\/2023\/07\/Tschechien23-226.jpg 800w, https:\/\/jblanz.de\/WP\/wp-content\/uploads\/2023\/07\/Tschechien23-226-300x169.jpg 300w, https:\/\/jblanz.de\/WP\/wp-content\/uploads\/2023\/07\/Tschechien23-226-768x432.jpg 768w\" sizes=\"auto, (max-width: 800px) 100vw, 800px\" \/><\/figure>\n\n\n\n<figure class=\"wp-block-image size-full\"><img loading=\"lazy\" decoding=\"async\" width=\"800\" height=\"450\" data-id=\"14821\" src=\"https:\/\/jblanz.de\/WP\/wp-content\/uploads\/2023\/07\/Tschechien23-227.jpg\" alt=\"\" class=\"wp-image-14821\" srcset=\"https:\/\/jblanz.de\/WP\/wp-content\/uploads\/2023\/07\/Tschechien23-227.jpg 800w, https:\/\/jblanz.de\/WP\/wp-content\/uploads\/2023\/07\/Tschechien23-227-300x169.jpg 300w, https:\/\/jblanz.de\/WP\/wp-content\/uploads\/2023\/07\/Tschechien23-227-768x432.jpg 768w\" sizes=\"auto, (max-width: 800px) 100vw, 800px\" \/><\/figure>\n<\/figure>\n\n\n\n<p>Da es um 21.30 Uhr immer noch recht warm ist, sitzen wir neben dem Bus und ich schreibe diesen Blog. Ein Schwarm Juni-K\u00e4fer (oder so was \u00e4hnliches) summt um uns herum und ein sch\u00f6nes Abendrot beendet den Tag.<\/p>\n","protected":false},"excerpt":{"rendered":"<p>Als wir gestern abend schlafen gingen, diskutierten wir noch, ob wir die Markise ausgefahren lassen. Es war ein sch\u00f6ner Sommerabend<\/p>\n","protected":false},"author":1,"featured_media":14796,"comment_status":"open","ping_status":"open","sticky":false,"template":"","format":"standard","meta":{"colormag_page_container_layout":"no_sidebar_full_width","colormag_page_sidebar_layout":"right_sidebar","_monsterinsights_skip_tracking":false,"_monsterinsights_sitenote_active":false,"_monsterinsights_sitenote_note":"","_monsterinsights_sitenote_category":0,"footnotes":""},"categories":[262,159,263],"tags":[],"class_list":["post-14744","post","type-post","status-publish","format-standard","has-post-thumbnail","hentry","category-262","category-europa","category-tschechien"],"yoast_head":"<!-- This site is optimized with the Yoast SEO plugin v27.4 - https:\/\/yoast.com\/product\/yoast-seo-wordpress\/ -->\n<title>12. Juli 2023 - Sturm, Ro\u017emberk, Hlubok\u00e1, Tel\u010d - Reiseblog von Karin &amp; Joachim<\/title>\n<meta name=\"robots\" content=\"index, follow, max-snippet:-1, max-image-preview:large, max-video-preview:-1\" \/>\n<link rel=\"canonical\" href=\"https:\/\/jblanz.de\/WP\/12-juli-2023-sturm-rozmberk-hluboka-telc\/\" \/>\n<meta property=\"og:locale\" content=\"de_DE\" \/>\n<meta property=\"og:type\" content=\"article\" \/>\n<meta property=\"og:title\" content=\"12. Juli 2023 - Sturm, Ro\u017emberk, Hlubok\u00e1, Tel\u010d - Reiseblog von Karin &amp; Joachim\" \/>\n<meta property=\"og:description\" content=\"Als wir gestern abend schlafen gingen, diskutierten wir noch, ob wir die Markise ausgefahren lassen. Es war ein sch\u00f6ner Sommerabend\" \/>\n<meta property=\"og:url\" content=\"https:\/\/jblanz.de\/WP\/12-juli-2023-sturm-rozmberk-hluboka-telc\/\" \/>\n<meta property=\"og:site_name\" content=\"Reiseblog von Karin &amp; Joachim\" \/>\n<meta property=\"article:published_time\" content=\"2023-07-12T19:02:07+00:00\" \/>\n<meta property=\"article:modified_time\" content=\"2023-07-14T05:35:57+00:00\" \/>\n<meta property=\"og:image\" content=\"https:\/\/jblanz.de\/WP\/wp-content\/uploads\/2023\/07\/Tschechien23-190.jpg\" \/>\n\t<meta property=\"og:image:width\" content=\"800\" \/>\n\t<meta property=\"og:image:height\" content=\"450\" \/>\n\t<meta property=\"og:image:type\" content=\"image\/jpeg\" \/>\n<meta name=\"author\" content=\"Achim\" \/>\n<meta name=\"twitter:card\" content=\"summary_large_image\" \/>\n<meta name=\"twitter:label1\" content=\"Verfasst von\" \/>\n\t<meta name=\"twitter:data1\" content=\"Achim\" \/>\n\t<meta name=\"twitter:label2\" content=\"Gesch\u00e4tzte Lesezeit\" \/>\n\t<meta name=\"twitter:data2\" content=\"11\u00a0Minuten\" \/>\n<script type=\"application\/ld+json\" class=\"yoast-schema-graph\">{\"@context\":\"https:\\\/\\\/schema.org\",\"@graph\":[{\"@type\":\"Article\",\"@id\":\"https:\\\/\\\/jblanz.de\\\/WP\\\/12-juli-2023-sturm-rozmberk-hluboka-telc\\\/#article\",\"isPartOf\":{\"@id\":\"https:\\\/\\\/jblanz.de\\\/WP\\\/12-juli-2023-sturm-rozmberk-hluboka-telc\\\/\"},\"author\":{\"name\":\"Achim\",\"@id\":\"https:\\\/\\\/jblanz.de\\\/WP\\\/#\\\/schema\\\/person\\\/17a70f07162e42bc0b181c22397286e0\"},\"headline\":\"12. Juli 2023 &#8211; Sturm, Ro\u017emberk, Hlubok\u00e1, Tel\u010d\",\"datePublished\":\"2023-07-12T19:02:07+00:00\",\"dateModified\":\"2023-07-14T05:35:57+00:00\",\"mainEntityOfPage\":{\"@id\":\"https:\\\/\\\/jblanz.de\\\/WP\\\/12-juli-2023-sturm-rozmberk-hluboka-telc\\\/\"},\"wordCount\":1013,\"commentCount\":0,\"publisher\":{\"@id\":\"https:\\\/\\\/jblanz.de\\\/WP\\\/#\\\/schema\\\/person\\\/17a70f07162e42bc0b181c22397286e0\"},\"image\":{\"@id\":\"https:\\\/\\\/jblanz.de\\\/WP\\\/12-juli-2023-sturm-rozmberk-hluboka-telc\\\/#primaryimage\"},\"thumbnailUrl\":\"https:\\\/\\\/jblanz.de\\\/WP\\\/wp-content\\\/uploads\\\/2023\\\/07\\\/Tschechien23-190.jpg\",\"articleSection\":[\"2023\",\"Europa\",\"Tschechien\"],\"inLanguage\":\"de\",\"potentialAction\":[{\"@type\":\"CommentAction\",\"name\":\"Comment\",\"target\":[\"https:\\\/\\\/jblanz.de\\\/WP\\\/12-juli-2023-sturm-rozmberk-hluboka-telc\\\/#respond\"]}]},{\"@type\":\"WebPage\",\"@id\":\"https:\\\/\\\/jblanz.de\\\/WP\\\/12-juli-2023-sturm-rozmberk-hluboka-telc\\\/\",\"url\":\"https:\\\/\\\/jblanz.de\\\/WP\\\/12-juli-2023-sturm-rozmberk-hluboka-telc\\\/\",\"name\":\"12. Juli 2023 - Sturm, Ro\u017emberk, Hlubok\u00e1, Tel\u010d - Reiseblog von Karin &amp; Joachim\",\"isPartOf\":{\"@id\":\"https:\\\/\\\/jblanz.de\\\/WP\\\/#website\"},\"primaryImageOfPage\":{\"@id\":\"https:\\\/\\\/jblanz.de\\\/WP\\\/12-juli-2023-sturm-rozmberk-hluboka-telc\\\/#primaryimage\"},\"image\":{\"@id\":\"https:\\\/\\\/jblanz.de\\\/WP\\\/12-juli-2023-sturm-rozmberk-hluboka-telc\\\/#primaryimage\"},\"thumbnailUrl\":\"https:\\\/\\\/jblanz.de\\\/WP\\\/wp-content\\\/uploads\\\/2023\\\/07\\\/Tschechien23-190.jpg\",\"datePublished\":\"2023-07-12T19:02:07+00:00\",\"dateModified\":\"2023-07-14T05:35:57+00:00\",\"breadcrumb\":{\"@id\":\"https:\\\/\\\/jblanz.de\\\/WP\\\/12-juli-2023-sturm-rozmberk-hluboka-telc\\\/#breadcrumb\"},\"inLanguage\":\"de\",\"potentialAction\":[{\"@type\":\"ReadAction\",\"target\":[\"https:\\\/\\\/jblanz.de\\\/WP\\\/12-juli-2023-sturm-rozmberk-hluboka-telc\\\/\"]}]},{\"@type\":\"ImageObject\",\"inLanguage\":\"de\",\"@id\":\"https:\\\/\\\/jblanz.de\\\/WP\\\/12-juli-2023-sturm-rozmberk-hluboka-telc\\\/#primaryimage\",\"url\":\"https:\\\/\\\/jblanz.de\\\/WP\\\/wp-content\\\/uploads\\\/2023\\\/07\\\/Tschechien23-190.jpg\",\"contentUrl\":\"https:\\\/\\\/jblanz.de\\\/WP\\\/wp-content\\\/uploads\\\/2023\\\/07\\\/Tschechien23-190.jpg\",\"width\":800,\"height\":450},{\"@type\":\"BreadcrumbList\",\"@id\":\"https:\\\/\\\/jblanz.de\\\/WP\\\/12-juli-2023-sturm-rozmberk-hluboka-telc\\\/#breadcrumb\",\"itemListElement\":[{\"@type\":\"ListItem\",\"position\":1,\"name\":\"Startseite\",\"item\":\"https:\\\/\\\/jblanz.de\\\/WP\\\/\"},{\"@type\":\"ListItem\",\"position\":2,\"name\":\"12. Juli 2023 &#8211; Sturm, Ro\u017emberk, Hlubok\u00e1, Tel\u010d\"}]},{\"@type\":\"WebSite\",\"@id\":\"https:\\\/\\\/jblanz.de\\\/WP\\\/#website\",\"url\":\"https:\\\/\\\/jblanz.de\\\/WP\\\/\",\"name\":\"Reiseblog von Karin & Joachim\",\"description\":\"Wir schreiben den Blog f\u00fcr uns als Erinnerung - f\u00fcr euch als Inspiration\",\"publisher\":{\"@id\":\"https:\\\/\\\/jblanz.de\\\/WP\\\/#\\\/schema\\\/person\\\/17a70f07162e42bc0b181c22397286e0\"},\"potentialAction\":[{\"@type\":\"SearchAction\",\"target\":{\"@type\":\"EntryPoint\",\"urlTemplate\":\"https:\\\/\\\/jblanz.de\\\/WP\\\/?s={search_term_string}\"},\"query-input\":{\"@type\":\"PropertyValueSpecification\",\"valueRequired\":true,\"valueName\":\"search_term_string\"}}],\"inLanguage\":\"de\"},{\"@type\":[\"Person\",\"Organization\"],\"@id\":\"https:\\\/\\\/jblanz.de\\\/WP\\\/#\\\/schema\\\/person\\\/17a70f07162e42bc0b181c22397286e0\",\"name\":\"Achim\",\"image\":{\"@type\":\"ImageObject\",\"inLanguage\":\"de\",\"@id\":\"https:\\\/\\\/secure.gravatar.com\\\/avatar\\\/b7ab31bc55956af4a9bebf7fd034761212b11b803b7e39464914d6abeefb12f3?s=96&d=mm&r=g\",\"url\":\"https:\\\/\\\/secure.gravatar.com\\\/avatar\\\/b7ab31bc55956af4a9bebf7fd034761212b11b803b7e39464914d6abeefb12f3?s=96&d=mm&r=g\",\"contentUrl\":\"https:\\\/\\\/secure.gravatar.com\\\/avatar\\\/b7ab31bc55956af4a9bebf7fd034761212b11b803b7e39464914d6abeefb12f3?s=96&d=mm&r=g\",\"caption\":\"Achim\"},\"logo\":{\"@id\":\"https:\\\/\\\/secure.gravatar.com\\\/avatar\\\/b7ab31bc55956af4a9bebf7fd034761212b11b803b7e39464914d6abeefb12f3?s=96&d=mm&r=g\"},\"url\":\"https:\\\/\\\/jblanz.de\\\/WP\\\/author\\\/achim\\\/\"}]}<\/script>\n<!-- \/ Yoast SEO plugin. -->","yoast_head_json":{"title":"12. Juli 2023 - Sturm, Ro\u017emberk, Hlubok\u00e1, Tel\u010d - Reiseblog von Karin &amp; Joachim","robots":{"index":"index","follow":"follow","max-snippet":"max-snippet:-1","max-image-preview":"max-image-preview:large","max-video-preview":"max-video-preview:-1"},"canonical":"https:\/\/jblanz.de\/WP\/12-juli-2023-sturm-rozmberk-hluboka-telc\/","og_locale":"de_DE","og_type":"article","og_title":"12. Juli 2023 - Sturm, Ro\u017emberk, Hlubok\u00e1, Tel\u010d - Reiseblog von Karin &amp; Joachim","og_description":"Als wir gestern abend schlafen gingen, diskutierten wir noch, ob wir die Markise ausgefahren lassen. Es war ein sch\u00f6ner Sommerabend","og_url":"https:\/\/jblanz.de\/WP\/12-juli-2023-sturm-rozmberk-hluboka-telc\/","og_site_name":"Reiseblog von Karin &amp; Joachim","article_published_time":"2023-07-12T19:02:07+00:00","article_modified_time":"2023-07-14T05:35:57+00:00","og_image":[{"width":800,"height":450,"url":"https:\/\/jblanz.de\/WP\/wp-content\/uploads\/2023\/07\/Tschechien23-190.jpg","type":"image\/jpeg"}],"author":"Achim","twitter_card":"summary_large_image","twitter_misc":{"Verfasst von":"Achim","Gesch\u00e4tzte Lesezeit":"11\u00a0Minuten"},"schema":{"@context":"https:\/\/schema.org","@graph":[{"@type":"Article","@id":"https:\/\/jblanz.de\/WP\/12-juli-2023-sturm-rozmberk-hluboka-telc\/#article","isPartOf":{"@id":"https:\/\/jblanz.de\/WP\/12-juli-2023-sturm-rozmberk-hluboka-telc\/"},"author":{"name":"Achim","@id":"https:\/\/jblanz.de\/WP\/#\/schema\/person\/17a70f07162e42bc0b181c22397286e0"},"headline":"12. Juli 2023 &#8211; Sturm, Ro\u017emberk, Hlubok\u00e1, Tel\u010d","datePublished":"2023-07-12T19:02:07+00:00","dateModified":"2023-07-14T05:35:57+00:00","mainEntityOfPage":{"@id":"https:\/\/jblanz.de\/WP\/12-juli-2023-sturm-rozmberk-hluboka-telc\/"},"wordCount":1013,"commentCount":0,"publisher":{"@id":"https:\/\/jblanz.de\/WP\/#\/schema\/person\/17a70f07162e42bc0b181c22397286e0"},"image":{"@id":"https:\/\/jblanz.de\/WP\/12-juli-2023-sturm-rozmberk-hluboka-telc\/#primaryimage"},"thumbnailUrl":"https:\/\/jblanz.de\/WP\/wp-content\/uploads\/2023\/07\/Tschechien23-190.jpg","articleSection":["2023","Europa","Tschechien"],"inLanguage":"de","potentialAction":[{"@type":"CommentAction","name":"Comment","target":["https:\/\/jblanz.de\/WP\/12-juli-2023-sturm-rozmberk-hluboka-telc\/#respond"]}]},{"@type":"WebPage","@id":"https:\/\/jblanz.de\/WP\/12-juli-2023-sturm-rozmberk-hluboka-telc\/","url":"https:\/\/jblanz.de\/WP\/12-juli-2023-sturm-rozmberk-hluboka-telc\/","name":"12. Juli 2023 - Sturm, Ro\u017emberk, Hlubok\u00e1, Tel\u010d - Reiseblog von Karin &amp; Joachim","isPartOf":{"@id":"https:\/\/jblanz.de\/WP\/#website"},"primaryImageOfPage":{"@id":"https:\/\/jblanz.de\/WP\/12-juli-2023-sturm-rozmberk-hluboka-telc\/#primaryimage"},"image":{"@id":"https:\/\/jblanz.de\/WP\/12-juli-2023-sturm-rozmberk-hluboka-telc\/#primaryimage"},"thumbnailUrl":"https:\/\/jblanz.de\/WP\/wp-content\/uploads\/2023\/07\/Tschechien23-190.jpg","datePublished":"2023-07-12T19:02:07+00:00","dateModified":"2023-07-14T05:35:57+00:00","breadcrumb":{"@id":"https:\/\/jblanz.de\/WP\/12-juli-2023-sturm-rozmberk-hluboka-telc\/#breadcrumb"},"inLanguage":"de","potentialAction":[{"@type":"ReadAction","target":["https:\/\/jblanz.de\/WP\/12-juli-2023-sturm-rozmberk-hluboka-telc\/"]}]},{"@type":"ImageObject","inLanguage":"de","@id":"https:\/\/jblanz.de\/WP\/12-juli-2023-sturm-rozmberk-hluboka-telc\/#primaryimage","url":"https:\/\/jblanz.de\/WP\/wp-content\/uploads\/2023\/07\/Tschechien23-190.jpg","contentUrl":"https:\/\/jblanz.de\/WP\/wp-content\/uploads\/2023\/07\/Tschechien23-190.jpg","width":800,"height":450},{"@type":"BreadcrumbList","@id":"https:\/\/jblanz.de\/WP\/12-juli-2023-sturm-rozmberk-hluboka-telc\/#breadcrumb","itemListElement":[{"@type":"ListItem","position":1,"name":"Startseite","item":"https:\/\/jblanz.de\/WP\/"},{"@type":"ListItem","position":2,"name":"12. Juli 2023 &#8211; Sturm, Ro\u017emberk, Hlubok\u00e1, Tel\u010d"}]},{"@type":"WebSite","@id":"https:\/\/jblanz.de\/WP\/#website","url":"https:\/\/jblanz.de\/WP\/","name":"Reiseblog von Karin & Joachim","description":"Wir schreiben den Blog f\u00fcr uns als Erinnerung - f\u00fcr euch als Inspiration","publisher":{"@id":"https:\/\/jblanz.de\/WP\/#\/schema\/person\/17a70f07162e42bc0b181c22397286e0"},"potentialAction":[{"@type":"SearchAction","target":{"@type":"EntryPoint","urlTemplate":"https:\/\/jblanz.de\/WP\/?s={search_term_string}"},"query-input":{"@type":"PropertyValueSpecification","valueRequired":true,"valueName":"search_term_string"}}],"inLanguage":"de"},{"@type":["Person","Organization"],"@id":"https:\/\/jblanz.de\/WP\/#\/schema\/person\/17a70f07162e42bc0b181c22397286e0","name":"Achim","image":{"@type":"ImageObject","inLanguage":"de","@id":"https:\/\/secure.gravatar.com\/avatar\/b7ab31bc55956af4a9bebf7fd034761212b11b803b7e39464914d6abeefb12f3?s=96&d=mm&r=g","url":"https:\/\/secure.gravatar.com\/avatar\/b7ab31bc55956af4a9bebf7fd034761212b11b803b7e39464914d6abeefb12f3?s=96&d=mm&r=g","contentUrl":"https:\/\/secure.gravatar.com\/avatar\/b7ab31bc55956af4a9bebf7fd034761212b11b803b7e39464914d6abeefb12f3?s=96&d=mm&r=g","caption":"Achim"},"logo":{"@id":"https:\/\/secure.gravatar.com\/avatar\/b7ab31bc55956af4a9bebf7fd034761212b11b803b7e39464914d6abeefb12f3?s=96&d=mm&r=g"},"url":"https:\/\/jblanz.de\/WP\/author\/achim\/"}]}},"_links":{"self":[{"href":"https:\/\/jblanz.de\/WP\/wp-json\/wp\/v2\/posts\/14744","targetHints":{"allow":["GET"]}}],"collection":[{"href":"https:\/\/jblanz.de\/WP\/wp-json\/wp\/v2\/posts"}],"about":[{"href":"https:\/\/jblanz.de\/WP\/wp-json\/wp\/v2\/types\/post"}],"author":[{"embeddable":true,"href":"https:\/\/jblanz.de\/WP\/wp-json\/wp\/v2\/users\/1"}],"replies":[{"embeddable":true,"href":"https:\/\/jblanz.de\/WP\/wp-json\/wp\/v2\/comments?post=14744"}],"version-history":[{"count":0,"href":"https:\/\/jblanz.de\/WP\/wp-json\/wp\/v2\/posts\/14744\/revisions"}],"wp:featuredmedia":[{"embeddable":true,"href":"https:\/\/jblanz.de\/WP\/wp-json\/wp\/v2\/media\/14796"}],"wp:attachment":[{"href":"https:\/\/jblanz.de\/WP\/wp-json\/wp\/v2\/media?parent=14744"}],"wp:term":[{"taxonomy":"category","embeddable":true,"href":"https:\/\/jblanz.de\/WP\/wp-json\/wp\/v2\/categories?post=14744"},{"taxonomy":"post_tag","embeddable":true,"href":"https:\/\/jblanz.de\/WP\/wp-json\/wp\/v2\/tags?post=14744"}],"curies":[{"name":"wp","href":"https:\/\/api.w.org\/{rel}","templated":true}]}}