{"id":15120,"date":"2023-07-17T17:59:49","date_gmt":"2023-07-17T15:59:49","guid":{"rendered":"https:\/\/jblanz.de\/WP\/?p=15120"},"modified":"2023-07-18T08:13:59","modified_gmt":"2023-07-18T06:13:59","slug":"17-juli-2023-krakau","status":"publish","type":"post","link":"https:\/\/jblanz.de\/WP\/17-juli-2023-krakau\/","title":{"rendered":"17. Juli 2023 &#8211; Krakau"},"content":{"rendered":"\n<p>Wie von Achim prophezeit, beginnt es heute morgen zu regnen und zu st\u00fcrmen. Nur in der Uhrzeit hat er sich etwas vertan, es beginnt schon um acht anstatt um zehn Uhr. Nach unseren bisherigen Erfahrungen klappen wir schnell das Hochdach ein. Nach einiger Zeit h\u00f6rt es auf und wir k\u00f6nnen sogar drau\u00dfen fr\u00fchst\u00fccken. Wir planen unsere Tour f\u00fcr Krakau noch einmal, Vieles haben wir gestern nur fl\u00fcchtig gesehen.Der Himmel ist bedeckt und die Temperatur ist massiv gefallen. Wir ziehen lange Hosen, seit langem mal wieder Socken und Schuhe und eine Windjacke an, sonst w\u00e4re es auf dem Rad zu kalt. Den Weg in die Innenstadt finden wir inzwischen ohne Hilfe von Komoot. Und hier das versprochene Foto der Fahrradtreppe, die man bequem abw\u00e4rts und aufw\u00e4rts nutzen kann.<\/p>\n\n\n\n<figure class=\"wp-block-image size-full\"><img loading=\"lazy\" decoding=\"async\" width=\"800\" height=\"450\" src=\"https:\/\/jblanz.de\/WP\/wp-content\/uploads\/2023\/07\/Tschechien23-431.jpg\" alt=\"\" class=\"wp-image-15123\" srcset=\"https:\/\/jblanz.de\/WP\/wp-content\/uploads\/2023\/07\/Tschechien23-431.jpg 800w, https:\/\/jblanz.de\/WP\/wp-content\/uploads\/2023\/07\/Tschechien23-431-300x169.jpg 300w, https:\/\/jblanz.de\/WP\/wp-content\/uploads\/2023\/07\/Tschechien23-431-768x432.jpg 768w\" sizes=\"auto, (max-width: 800px) 100vw, 800px\" \/><\/figure>\n\n\n\n<p>Den Eingang zur historischen Innenstadt zieren 2 bemerkenswerte Geb\u00e4ude.<\/p>\n\n\n\n<figure class=\"wp-block-gallery has-nested-images columns-default is-cropped wp-block-gallery-2 is-layout-flex wp-block-gallery-is-layout-flex\">\n<figure class=\"wp-block-image size-large\"><img loading=\"lazy\" decoding=\"async\" width=\"800\" height=\"450\" data-id=\"15137\" src=\"https:\/\/jblanz.de\/WP\/wp-content\/uploads\/2023\/07\/Tschechien23-432.jpg\" alt=\"\" class=\"wp-image-15137\" srcset=\"https:\/\/jblanz.de\/WP\/wp-content\/uploads\/2023\/07\/Tschechien23-432.jpg 800w, https:\/\/jblanz.de\/WP\/wp-content\/uploads\/2023\/07\/Tschechien23-432-300x169.jpg 300w, https:\/\/jblanz.de\/WP\/wp-content\/uploads\/2023\/07\/Tschechien23-432-768x432.jpg 768w\" sizes=\"auto, (max-width: 800px) 100vw, 800px\" \/><\/figure>\n\n\n\n<figure class=\"wp-block-image size-large\"><img loading=\"lazy\" decoding=\"async\" width=\"800\" height=\"450\" data-id=\"15136\" src=\"https:\/\/jblanz.de\/WP\/wp-content\/uploads\/2023\/07\/Tschechien23-435.jpg\" alt=\"\" class=\"wp-image-15136\" srcset=\"https:\/\/jblanz.de\/WP\/wp-content\/uploads\/2023\/07\/Tschechien23-435.jpg 800w, https:\/\/jblanz.de\/WP\/wp-content\/uploads\/2023\/07\/Tschechien23-435-300x169.jpg 300w, https:\/\/jblanz.de\/WP\/wp-content\/uploads\/2023\/07\/Tschechien23-435-768x432.jpg 768w\" sizes=\"auto, (max-width: 800px) 100vw, 800px\" \/><\/figure>\n<\/figure>\n\n\n\n<p>Erste Station ist die Adalbertkirche, die etwas verloren auf dem Platz steht. Sie stammt aus dem 10. Jahrhundert, wie die kleine unterirdische Ausstellung der Ausgrabungen unter der Kirche zeigt. Danach besichtigen wir die Tuchhallen, in denen die H\u00e4ndler fr\u00fcher ihre Waren feilgeboten haben. Heute gibt es dort nur Ramsch f\u00fcr Touristen. <\/p>\n\n\n\n<figure class=\"wp-block-gallery has-nested-images columns-2 is-cropped wp-block-gallery-3 is-layout-flex wp-block-gallery-is-layout-flex\">\n<figure class=\"wp-block-image size-large\"><img loading=\"lazy\" decoding=\"async\" width=\"800\" height=\"450\" data-id=\"15130\" src=\"https:\/\/jblanz.de\/WP\/wp-content\/uploads\/2023\/07\/Tschechien23-437.jpg\" alt=\"\" class=\"wp-image-15130\" srcset=\"https:\/\/jblanz.de\/WP\/wp-content\/uploads\/2023\/07\/Tschechien23-437.jpg 800w, https:\/\/jblanz.de\/WP\/wp-content\/uploads\/2023\/07\/Tschechien23-437-300x169.jpg 300w, https:\/\/jblanz.de\/WP\/wp-content\/uploads\/2023\/07\/Tschechien23-437-768x432.jpg 768w\" sizes=\"auto, (max-width: 800px) 100vw, 800px\" \/><\/figure>\n\n\n\n<figure class=\"wp-block-image size-large\"><img loading=\"lazy\" decoding=\"async\" width=\"800\" height=\"450\" data-id=\"15127\" src=\"https:\/\/jblanz.de\/WP\/wp-content\/uploads\/2023\/07\/Tschechien23-438.jpg\" alt=\"\" class=\"wp-image-15127\" srcset=\"https:\/\/jblanz.de\/WP\/wp-content\/uploads\/2023\/07\/Tschechien23-438.jpg 800w, https:\/\/jblanz.de\/WP\/wp-content\/uploads\/2023\/07\/Tschechien23-438-300x169.jpg 300w, https:\/\/jblanz.de\/WP\/wp-content\/uploads\/2023\/07\/Tschechien23-438-768x432.jpg 768w\" sizes=\"auto, (max-width: 800px) 100vw, 800px\" \/><\/figure>\n\n\n\n<figure class=\"wp-block-image size-large\"><img loading=\"lazy\" decoding=\"async\" width=\"800\" height=\"450\" data-id=\"15128\" src=\"https:\/\/jblanz.de\/WP\/wp-content\/uploads\/2023\/07\/Tschechien23-439.jpg\" alt=\"\" class=\"wp-image-15128\" srcset=\"https:\/\/jblanz.de\/WP\/wp-content\/uploads\/2023\/07\/Tschechien23-439.jpg 800w, https:\/\/jblanz.de\/WP\/wp-content\/uploads\/2023\/07\/Tschechien23-439-300x169.jpg 300w, https:\/\/jblanz.de\/WP\/wp-content\/uploads\/2023\/07\/Tschechien23-439-768x432.jpg 768w\" sizes=\"auto, (max-width: 800px) 100vw, 800px\" \/><\/figure>\n\n\n\n<figure class=\"wp-block-image size-large\"><img loading=\"lazy\" decoding=\"async\" width=\"800\" height=\"450\" data-id=\"15129\" src=\"https:\/\/jblanz.de\/WP\/wp-content\/uploads\/2023\/07\/Tschechien23-440.jpg\" alt=\"\" class=\"wp-image-15129\" srcset=\"https:\/\/jblanz.de\/WP\/wp-content\/uploads\/2023\/07\/Tschechien23-440.jpg 800w, https:\/\/jblanz.de\/WP\/wp-content\/uploads\/2023\/07\/Tschechien23-440-300x169.jpg 300w, https:\/\/jblanz.de\/WP\/wp-content\/uploads\/2023\/07\/Tschechien23-440-768x432.jpg 768w\" sizes=\"auto, (max-width: 800px) 100vw, 800px\" \/><\/figure>\n\n\n\n<figure class=\"wp-block-image size-large\"><img loading=\"lazy\" decoding=\"async\" width=\"800\" height=\"450\" data-id=\"15131\" src=\"https:\/\/jblanz.de\/WP\/wp-content\/uploads\/2023\/07\/Tschechien23-443.jpg\" alt=\"\" class=\"wp-image-15131\" srcset=\"https:\/\/jblanz.de\/WP\/wp-content\/uploads\/2023\/07\/Tschechien23-443.jpg 800w, https:\/\/jblanz.de\/WP\/wp-content\/uploads\/2023\/07\/Tschechien23-443-300x169.jpg 300w, https:\/\/jblanz.de\/WP\/wp-content\/uploads\/2023\/07\/Tschechien23-443-768x432.jpg 768w\" sizes=\"auto, (max-width: 800px) 100vw, 800px\" \/><\/figure>\n\n\n\n<figure class=\"wp-block-image size-large\"><img loading=\"lazy\" decoding=\"async\" width=\"800\" height=\"450\" data-id=\"15126\" src=\"https:\/\/jblanz.de\/WP\/wp-content\/uploads\/2023\/07\/Tschechien23-444.jpg\" alt=\"\" class=\"wp-image-15126\" srcset=\"https:\/\/jblanz.de\/WP\/wp-content\/uploads\/2023\/07\/Tschechien23-444.jpg 800w, https:\/\/jblanz.de\/WP\/wp-content\/uploads\/2023\/07\/Tschechien23-444-300x169.jpg 300w, https:\/\/jblanz.de\/WP\/wp-content\/uploads\/2023\/07\/Tschechien23-444-768x432.jpg 768w\" sizes=\"auto, (max-width: 800px) 100vw, 800px\" \/><\/figure>\n<\/figure>\n\n\n\n<p>Auf dem Marktplatz steht auch die Marienkirche, die in seiner heutigen Form 1355 &#8211; 1408 erbaut wurde. Die beiden unterschiedlichen T\u00fcrme der Basilika f\u00fchrten einer Legende nach zu einem Brudermord. Zwei Br\u00fcdern wetteiferten, wer den h\u00f6chsten Turm bauen k\u00f6nnte. Der Unterlegene erstach danach seinen Bruder.<\/p>\n\n\n\n<figure class=\"wp-block-gallery has-nested-images columns-default is-cropped wp-block-gallery-4 is-layout-flex wp-block-gallery-is-layout-flex\">\n<figure class=\"wp-block-image size-large\"><img loading=\"lazy\" decoding=\"async\" width=\"800\" height=\"450\" data-id=\"15135\" src=\"https:\/\/jblanz.de\/WP\/wp-content\/uploads\/2023\/07\/Tschechien23-446.jpg\" alt=\"\" class=\"wp-image-15135\" srcset=\"https:\/\/jblanz.de\/WP\/wp-content\/uploads\/2023\/07\/Tschechien23-446.jpg 800w, https:\/\/jblanz.de\/WP\/wp-content\/uploads\/2023\/07\/Tschechien23-446-300x169.jpg 300w, https:\/\/jblanz.de\/WP\/wp-content\/uploads\/2023\/07\/Tschechien23-446-768x432.jpg 768w\" sizes=\"auto, (max-width: 800px) 100vw, 800px\" \/><\/figure>\n\n\n\n<figure class=\"wp-block-image size-large\"><img loading=\"lazy\" decoding=\"async\" width=\"800\" height=\"450\" data-id=\"15134\" src=\"https:\/\/jblanz.de\/WP\/wp-content\/uploads\/2023\/07\/Tschechien23-448.jpg\" alt=\"\" class=\"wp-image-15134\" srcset=\"https:\/\/jblanz.de\/WP\/wp-content\/uploads\/2023\/07\/Tschechien23-448.jpg 800w, https:\/\/jblanz.de\/WP\/wp-content\/uploads\/2023\/07\/Tschechien23-448-300x169.jpg 300w, https:\/\/jblanz.de\/WP\/wp-content\/uploads\/2023\/07\/Tschechien23-448-768x432.jpg 768w\" sizes=\"auto, (max-width: 800px) 100vw, 800px\" \/><\/figure>\n<\/figure>\n\n\n\n<p>Aus den kleinen Fenstern des Turms mit den Spitzen wird mit einer Trompete zur vollen Stunde der Alarmruf geblasen. Wir waren gerade da und mansieht die goldene Trompete im mittleren Fenster (rechtes Bild). Dieses Ritual geht auf einen Mongolenangriff 1287 zur\u00fcck den der Trompeter damals als Erster entdeckte. Sein Alarm warnte die Bewohner gerade noch rechtzeitig, dann traf ihn ein mongolischer Pfeil in die Kehle. <\/p>\n\n\n\n<p>Die Franziskanerkirche ist oben mit sch\u00f6nen Jugendstil Glasfenstern best\u00fcckt und die W\u00e4nde sind ebenso mit Jugendstil Motiven bemalt. Auch hier hat die digitale Zeit Einzug gehalten, Spendern k\u00f6nnen per online Abbuchung gleich gemacht werden, nix mehr mit Klingelbeutel und so.<\/p>\n\n\n\n<figure class=\"wp-block-gallery has-nested-images columns-2 is-cropped wp-block-gallery-5 is-layout-flex wp-block-gallery-is-layout-flex\">\n<figure class=\"wp-block-image size-large\"><img loading=\"lazy\" decoding=\"async\" width=\"800\" height=\"450\" data-id=\"15147\" src=\"https:\/\/jblanz.de\/WP\/wp-content\/uploads\/2023\/07\/Tschechien23-450.jpg\" alt=\"\" class=\"wp-image-15147\" srcset=\"https:\/\/jblanz.de\/WP\/wp-content\/uploads\/2023\/07\/Tschechien23-450.jpg 800w, https:\/\/jblanz.de\/WP\/wp-content\/uploads\/2023\/07\/Tschechien23-450-300x169.jpg 300w, https:\/\/jblanz.de\/WP\/wp-content\/uploads\/2023\/07\/Tschechien23-450-768x432.jpg 768w\" sizes=\"auto, (max-width: 800px) 100vw, 800px\" \/><\/figure>\n\n\n\n<figure class=\"wp-block-image size-large\"><img loading=\"lazy\" decoding=\"async\" width=\"800\" height=\"450\" data-id=\"15151\" src=\"https:\/\/jblanz.de\/WP\/wp-content\/uploads\/2023\/07\/Tschechien23-452.jpg\" alt=\"\" class=\"wp-image-15151\" srcset=\"https:\/\/jblanz.de\/WP\/wp-content\/uploads\/2023\/07\/Tschechien23-452.jpg 800w, https:\/\/jblanz.de\/WP\/wp-content\/uploads\/2023\/07\/Tschechien23-452-300x169.jpg 300w, https:\/\/jblanz.de\/WP\/wp-content\/uploads\/2023\/07\/Tschechien23-452-768x432.jpg 768w\" sizes=\"auto, (max-width: 800px) 100vw, 800px\" \/><\/figure>\n\n\n\n<figure class=\"wp-block-image size-large\"><img loading=\"lazy\" decoding=\"async\" width=\"800\" height=\"450\" data-id=\"15150\" src=\"https:\/\/jblanz.de\/WP\/wp-content\/uploads\/2023\/07\/Tschechien23-453.jpg\" alt=\"\" class=\"wp-image-15150\" srcset=\"https:\/\/jblanz.de\/WP\/wp-content\/uploads\/2023\/07\/Tschechien23-453.jpg 800w, https:\/\/jblanz.de\/WP\/wp-content\/uploads\/2023\/07\/Tschechien23-453-300x169.jpg 300w, https:\/\/jblanz.de\/WP\/wp-content\/uploads\/2023\/07\/Tschechien23-453-768x432.jpg 768w\" sizes=\"auto, (max-width: 800px) 100vw, 800px\" \/><\/figure>\n\n\n\n<figure class=\"wp-block-image size-large\"><img loading=\"lazy\" decoding=\"async\" width=\"800\" height=\"450\" data-id=\"15146\" src=\"https:\/\/jblanz.de\/WP\/wp-content\/uploads\/2023\/07\/Tschechien23-456.jpg\" alt=\"\" class=\"wp-image-15146\" srcset=\"https:\/\/jblanz.de\/WP\/wp-content\/uploads\/2023\/07\/Tschechien23-456.jpg 800w, https:\/\/jblanz.de\/WP\/wp-content\/uploads\/2023\/07\/Tschechien23-456-300x169.jpg 300w, https:\/\/jblanz.de\/WP\/wp-content\/uploads\/2023\/07\/Tschechien23-456-768x432.jpg 768w\" sizes=\"auto, (max-width: 800px) 100vw, 800px\" \/><\/figure>\n\n\n\n<figure class=\"wp-block-image size-large\"><img loading=\"lazy\" decoding=\"async\" width=\"675\" height=\"450\" data-id=\"15144\" src=\"https:\/\/jblanz.de\/WP\/wp-content\/uploads\/2023\/07\/Tschechien23-457.jpg\" alt=\"\" class=\"wp-image-15144\" srcset=\"https:\/\/jblanz.de\/WP\/wp-content\/uploads\/2023\/07\/Tschechien23-457.jpg 675w, https:\/\/jblanz.de\/WP\/wp-content\/uploads\/2023\/07\/Tschechien23-457-300x200.jpg 300w\" sizes=\"auto, (max-width: 675px) 100vw, 675px\" \/><\/figure>\n\n\n\n<figure class=\"wp-block-image size-large\"><img loading=\"lazy\" decoding=\"async\" width=\"800\" height=\"450\" data-id=\"15148\" src=\"https:\/\/jblanz.de\/WP\/wp-content\/uploads\/2023\/07\/Tschechien23-458.jpg\" alt=\"\" class=\"wp-image-15148\" srcset=\"https:\/\/jblanz.de\/WP\/wp-content\/uploads\/2023\/07\/Tschechien23-458.jpg 800w, https:\/\/jblanz.de\/WP\/wp-content\/uploads\/2023\/07\/Tschechien23-458-300x169.jpg 300w, https:\/\/jblanz.de\/WP\/wp-content\/uploads\/2023\/07\/Tschechien23-458-768x432.jpg 768w\" sizes=\"auto, (max-width: 800px) 100vw, 800px\" \/><\/figure>\n\n\n\n<figure class=\"wp-block-image size-large\"><img loading=\"lazy\" decoding=\"async\" width=\"800\" height=\"450\" data-id=\"15145\" src=\"https:\/\/jblanz.de\/WP\/wp-content\/uploads\/2023\/07\/Tschechien23-459.jpg\" alt=\"\" class=\"wp-image-15145\" srcset=\"https:\/\/jblanz.de\/WP\/wp-content\/uploads\/2023\/07\/Tschechien23-459.jpg 800w, https:\/\/jblanz.de\/WP\/wp-content\/uploads\/2023\/07\/Tschechien23-459-300x169.jpg 300w, https:\/\/jblanz.de\/WP\/wp-content\/uploads\/2023\/07\/Tschechien23-459-768x432.jpg 768w\" sizes=\"auto, (max-width: 800px) 100vw, 800px\" \/><\/figure>\n\n\n\n<figure class=\"wp-block-image size-large\"><img loading=\"lazy\" decoding=\"async\" width=\"800\" height=\"450\" data-id=\"15149\" src=\"https:\/\/jblanz.de\/WP\/wp-content\/uploads\/2023\/07\/Tschechien23-460.jpg\" alt=\"\" class=\"wp-image-15149\" srcset=\"https:\/\/jblanz.de\/WP\/wp-content\/uploads\/2023\/07\/Tschechien23-460.jpg 800w, https:\/\/jblanz.de\/WP\/wp-content\/uploads\/2023\/07\/Tschechien23-460-300x169.jpg 300w, https:\/\/jblanz.de\/WP\/wp-content\/uploads\/2023\/07\/Tschechien23-460-768x432.jpg 768w\" sizes=\"auto, (max-width: 800px) 100vw, 800px\" \/><\/figure>\n<\/figure>\n\n\n\n<p><br>Mit dem Fahrrad kann man sich einfach super in der Stadt fortbewegen. Wir fahren wir auf dem Uferweg an der Weichsel entlang, bestaunen einen festgezurten Fesselballon, die Restaurantschiffe am Ufer und die Appartements auf Hausbooten, die wohl \u00fcber airbnb vermietet werden. An einer zweispurigen Fahrrad-Br\u00fccke, die vom Stadtteil Kazimierz nach Podg\u00f3rze f\u00fchrt und deren Gel\u00e4nder mit Schl\u00f6ssern \u00fcbers\u00e4t sind, kommen wir \u00fcber eine Rampe wieder auf das Niveau der Strasse. In der Aufh\u00e4ngung der Br\u00fccke sind merkw\u00fcrdige Figuren trapiert. Kazimierz ist das fr\u00fchere Judenviertel und ist inzwischen das Szeneviertel Krakaus geworden. Eine grosse Anzahl Restaurants und urigen Kneipen wartet auf Kunden.<\/p>\n\n\n\n<figure class=\"wp-block-gallery has-nested-images columns-2 is-cropped wp-block-gallery-6 is-layout-flex wp-block-gallery-is-layout-flex\">\n<figure class=\"wp-block-image size-large\"><img loading=\"lazy\" decoding=\"async\" width=\"800\" height=\"450\" data-id=\"15159\" src=\"https:\/\/jblanz.de\/WP\/wp-content\/uploads\/2023\/07\/Tschechien23-466.jpg\" alt=\"\" class=\"wp-image-15159\" srcset=\"https:\/\/jblanz.de\/WP\/wp-content\/uploads\/2023\/07\/Tschechien23-466.jpg 800w, https:\/\/jblanz.de\/WP\/wp-content\/uploads\/2023\/07\/Tschechien23-466-300x169.jpg 300w, https:\/\/jblanz.de\/WP\/wp-content\/uploads\/2023\/07\/Tschechien23-466-768x432.jpg 768w\" sizes=\"auto, (max-width: 800px) 100vw, 800px\" \/><\/figure>\n\n\n\n<figure class=\"wp-block-image size-large\"><img loading=\"lazy\" decoding=\"async\" width=\"800\" height=\"450\" data-id=\"15157\" src=\"https:\/\/jblanz.de\/WP\/wp-content\/uploads\/2023\/07\/Tschechien23-467.jpg\" alt=\"\" class=\"wp-image-15157\" srcset=\"https:\/\/jblanz.de\/WP\/wp-content\/uploads\/2023\/07\/Tschechien23-467.jpg 800w, https:\/\/jblanz.de\/WP\/wp-content\/uploads\/2023\/07\/Tschechien23-467-300x169.jpg 300w, https:\/\/jblanz.de\/WP\/wp-content\/uploads\/2023\/07\/Tschechien23-467-768x432.jpg 768w\" sizes=\"auto, (max-width: 800px) 100vw, 800px\" \/><\/figure>\n\n\n\n<figure class=\"wp-block-image size-large\"><img loading=\"lazy\" decoding=\"async\" width=\"800\" height=\"450\" data-id=\"15156\" src=\"https:\/\/jblanz.de\/WP\/wp-content\/uploads\/2023\/07\/Tschechien23-468.jpg\" alt=\"\" class=\"wp-image-15156\" srcset=\"https:\/\/jblanz.de\/WP\/wp-content\/uploads\/2023\/07\/Tschechien23-468.jpg 800w, https:\/\/jblanz.de\/WP\/wp-content\/uploads\/2023\/07\/Tschechien23-468-300x169.jpg 300w, https:\/\/jblanz.de\/WP\/wp-content\/uploads\/2023\/07\/Tschechien23-468-768x432.jpg 768w\" sizes=\"auto, (max-width: 800px) 100vw, 800px\" \/><\/figure>\n\n\n\n<figure class=\"wp-block-image size-large\"><img loading=\"lazy\" decoding=\"async\" width=\"800\" height=\"450\" data-id=\"15158\" src=\"https:\/\/jblanz.de\/WP\/wp-content\/uploads\/2023\/07\/Tschechien23-469.jpg\" alt=\"\" class=\"wp-image-15158\" srcset=\"https:\/\/jblanz.de\/WP\/wp-content\/uploads\/2023\/07\/Tschechien23-469.jpg 800w, https:\/\/jblanz.de\/WP\/wp-content\/uploads\/2023\/07\/Tschechien23-469-300x169.jpg 300w, https:\/\/jblanz.de\/WP\/wp-content\/uploads\/2023\/07\/Tschechien23-469-768x432.jpg 768w\" sizes=\"auto, (max-width: 800px) 100vw, 800px\" \/><\/figure>\n\n\n\n<figure class=\"wp-block-image size-large\"><img loading=\"lazy\" decoding=\"async\" width=\"800\" height=\"450\" data-id=\"15155\" src=\"https:\/\/jblanz.de\/WP\/wp-content\/uploads\/2023\/07\/Tschechien23-470.jpg\" alt=\"\" class=\"wp-image-15155\" srcset=\"https:\/\/jblanz.de\/WP\/wp-content\/uploads\/2023\/07\/Tschechien23-470.jpg 800w, https:\/\/jblanz.de\/WP\/wp-content\/uploads\/2023\/07\/Tschechien23-470-300x169.jpg 300w, https:\/\/jblanz.de\/WP\/wp-content\/uploads\/2023\/07\/Tschechien23-470-768x432.jpg 768w\" sizes=\"auto, (max-width: 800px) 100vw, 800px\" \/><\/figure>\n\n\n\n<figure class=\"wp-block-image size-large\"><img loading=\"lazy\" decoding=\"async\" width=\"800\" height=\"450\" data-id=\"15154\" src=\"https:\/\/jblanz.de\/WP\/wp-content\/uploads\/2023\/07\/Tschechien23-471.jpg\" alt=\"\" class=\"wp-image-15154\" srcset=\"https:\/\/jblanz.de\/WP\/wp-content\/uploads\/2023\/07\/Tschechien23-471.jpg 800w, https:\/\/jblanz.de\/WP\/wp-content\/uploads\/2023\/07\/Tschechien23-471-300x169.jpg 300w, https:\/\/jblanz.de\/WP\/wp-content\/uploads\/2023\/07\/Tschechien23-471-768x432.jpg 768w\" sizes=\"auto, (max-width: 800px) 100vw, 800px\" \/><\/figure>\n<\/figure>\n\n\n\n<p>Inzwischen ist es Mittagszeit und wir suchen ein Restaurant, in dem wir essen k\u00f6nnen und vor dem drohenden Gewitter Unterschlupf finden. Achims Sp\u00fcrnase f\u00fchrt uns ins WREGA, wie sich herausstellt, eine super Wahl. Ich entscheide mich f\u00fcr Piroggen, gef\u00fcllt mit Spinat, Achim f\u00fcr H\u00fchnchenrouladen, auch mit Spinatf\u00fcllung und Reis. Beides schmeckt vorz\u00fcglich! Das dunkle Bier hatte es in sich &#8211; 10 % Alkohol. Als Kr\u00f6nung gibts noch einen Espresso und einen K\u00e4sekuchen, wie er noch nie einen gegessen hat. Seht selbst.<\/p>\n\n\n\n<figure class=\"wp-block-gallery has-nested-images columns-2 is-cropped wp-block-gallery-7 is-layout-flex wp-block-gallery-is-layout-flex\">\n<figure class=\"wp-block-image size-large\"><img loading=\"lazy\" decoding=\"async\" width=\"800\" height=\"450\" data-id=\"15169\" src=\"https:\/\/jblanz.de\/WP\/wp-content\/uploads\/2023\/07\/Tschechien23-475.jpg\" alt=\"\" class=\"wp-image-15169\" srcset=\"https:\/\/jblanz.de\/WP\/wp-content\/uploads\/2023\/07\/Tschechien23-475.jpg 800w, https:\/\/jblanz.de\/WP\/wp-content\/uploads\/2023\/07\/Tschechien23-475-300x169.jpg 300w, https:\/\/jblanz.de\/WP\/wp-content\/uploads\/2023\/07\/Tschechien23-475-768x432.jpg 768w\" sizes=\"auto, (max-width: 800px) 100vw, 800px\" \/><\/figure>\n\n\n\n<figure class=\"wp-block-image size-large\"><img loading=\"lazy\" decoding=\"async\" width=\"800\" height=\"450\" data-id=\"15166\" src=\"https:\/\/jblanz.de\/WP\/wp-content\/uploads\/2023\/07\/Tschechien23-463.jpg\" alt=\"\" class=\"wp-image-15166\" srcset=\"https:\/\/jblanz.de\/WP\/wp-content\/uploads\/2023\/07\/Tschechien23-463.jpg 800w, https:\/\/jblanz.de\/WP\/wp-content\/uploads\/2023\/07\/Tschechien23-463-300x169.jpg 300w, https:\/\/jblanz.de\/WP\/wp-content\/uploads\/2023\/07\/Tschechien23-463-768x432.jpg 768w\" sizes=\"auto, (max-width: 800px) 100vw, 800px\" \/><\/figure>\n\n\n\n<figure class=\"wp-block-image size-large\"><img loading=\"lazy\" decoding=\"async\" width=\"800\" height=\"450\" data-id=\"15168\" src=\"https:\/\/jblanz.de\/WP\/wp-content\/uploads\/2023\/07\/Tschechien23-465.jpg\" alt=\"\" class=\"wp-image-15168\" srcset=\"https:\/\/jblanz.de\/WP\/wp-content\/uploads\/2023\/07\/Tschechien23-465.jpg 800w, https:\/\/jblanz.de\/WP\/wp-content\/uploads\/2023\/07\/Tschechien23-465-300x169.jpg 300w, https:\/\/jblanz.de\/WP\/wp-content\/uploads\/2023\/07\/Tschechien23-465-768x432.jpg 768w\" sizes=\"auto, (max-width: 800px) 100vw, 800px\" \/><\/figure>\n\n\n\n<figure class=\"wp-block-image size-large\"><img loading=\"lazy\" decoding=\"async\" width=\"800\" height=\"450\" data-id=\"15167\" src=\"https:\/\/jblanz.de\/WP\/wp-content\/uploads\/2023\/07\/Tschechien23-474.jpg\" alt=\"\" class=\"wp-image-15167\" srcset=\"https:\/\/jblanz.de\/WP\/wp-content\/uploads\/2023\/07\/Tschechien23-474.jpg 800w, https:\/\/jblanz.de\/WP\/wp-content\/uploads\/2023\/07\/Tschechien23-474-300x169.jpg 300w, https:\/\/jblanz.de\/WP\/wp-content\/uploads\/2023\/07\/Tschechien23-474-768x432.jpg 768w\" sizes=\"auto, (max-width: 800px) 100vw, 800px\" \/><\/figure>\n<\/figure>\n\n\n\n<p>Leider beginnt es wirklich zu gewittern und wir sitzen erstmal fest! Die Wettervoraussage von Wetteronline teilt uns mit, dass das Gewitter lange andauern wird und der Regen erst in 3 Stunden aufh\u00f6ren wird. So lange k\u00f6nnen wir nicht sitzenbleiben. Wir fahren bei leichtem Regen los. Leider bleibt es nicht dabei, sondern der Regen wird st\u00e4rker und wir kommen ziemlich nass am Bus an. Wetteronline hat das Ende des Regens pr\u00e4zise vorausgesagt, Punkt 17 Uhr endet er und die Sonne beginnt wieder zu scheinen. Gerade waren wir Einkaufen in einem polnischen Supermarkt. Man k\u00f6nnte glauben, dass man zuhause einkauft. Alle deutschen Markenprodukte sind vertreten, selbst Milka und Ritter Schokolade, und zu einem sehr \u00e4hnlichen Preis wie in Deutschland. Nur der Sprachaufdruck ist bei manchen Produkten auf Polnisch.  <\/p>\n","protected":false},"excerpt":{"rendered":"<p>Wie von Achim prophezeit, beginnt es heute morgen zu regnen und zu st\u00fcrmen. Nur in der Uhrzeit hat er sich<\/p>\n","protected":false},"author":1,"featured_media":15169,"comment_status":"open","ping_status":"open","sticky":false,"template":"","format":"standard","meta":{"colormag_page_container_layout":"default_layout","colormag_page_sidebar_layout":"default_layout","_monsterinsights_skip_tracking":false,"_monsterinsights_sitenote_active":false,"_monsterinsights_sitenote_note":"","_monsterinsights_sitenote_category":0,"footnotes":""},"categories":[262,159,264],"tags":[],"class_list":["post-15120","post","type-post","status-publish","format-standard","has-post-thumbnail","hentry","category-262","category-europa","category-polen"],"yoast_head":"<!-- This site is optimized with the Yoast SEO plugin v27.4 - https:\/\/yoast.com\/product\/yoast-seo-wordpress\/ -->\n<title>17. Juli 2023 - Krakau - Reiseblog von Karin &amp; Joachim<\/title>\n<meta name=\"robots\" content=\"index, follow, max-snippet:-1, max-image-preview:large, max-video-preview:-1\" \/>\n<link rel=\"canonical\" href=\"https:\/\/jblanz.de\/WP\/17-juli-2023-krakau\/\" \/>\n<meta property=\"og:locale\" content=\"de_DE\" \/>\n<meta property=\"og:type\" content=\"article\" \/>\n<meta property=\"og:title\" content=\"17. Juli 2023 - Krakau - Reiseblog von Karin &amp; Joachim\" \/>\n<meta property=\"og:description\" content=\"Wie von Achim prophezeit, beginnt es heute morgen zu regnen und zu st\u00fcrmen. Nur in der Uhrzeit hat er sich\" \/>\n<meta property=\"og:url\" content=\"https:\/\/jblanz.de\/WP\/17-juli-2023-krakau\/\" \/>\n<meta property=\"og:site_name\" content=\"Reiseblog von Karin &amp; Joachim\" \/>\n<meta property=\"article:published_time\" content=\"2023-07-17T15:59:49+00:00\" \/>\n<meta property=\"article:modified_time\" content=\"2023-07-18T06:13:59+00:00\" \/>\n<meta property=\"og:image\" content=\"https:\/\/jblanz.de\/WP\/wp-content\/uploads\/2023\/07\/Tschechien23-475.jpg\" \/>\n\t<meta property=\"og:image:width\" content=\"800\" \/>\n\t<meta property=\"og:image:height\" content=\"450\" \/>\n\t<meta property=\"og:image:type\" content=\"image\/jpeg\" \/>\n<meta name=\"author\" content=\"Achim\" \/>\n<meta name=\"twitter:card\" content=\"summary_large_image\" \/>\n<meta name=\"twitter:label1\" content=\"Verfasst von\" \/>\n\t<meta name=\"twitter:data1\" content=\"Achim\" \/>\n\t<meta name=\"twitter:label2\" content=\"Gesch\u00e4tzte Lesezeit\" \/>\n\t<meta name=\"twitter:data2\" content=\"10\u00a0Minuten\" \/>\n<script type=\"application\/ld+json\" class=\"yoast-schema-graph\">{\"@context\":\"https:\\\/\\\/schema.org\",\"@graph\":[{\"@type\":\"Article\",\"@id\":\"https:\\\/\\\/jblanz.de\\\/WP\\\/17-juli-2023-krakau\\\/#article\",\"isPartOf\":{\"@id\":\"https:\\\/\\\/jblanz.de\\\/WP\\\/17-juli-2023-krakau\\\/\"},\"author\":{\"name\":\"Achim\",\"@id\":\"https:\\\/\\\/jblanz.de\\\/WP\\\/#\\\/schema\\\/person\\\/17a70f07162e42bc0b181c22397286e0\"},\"headline\":\"17. Juli 2023 &#8211; Krakau\",\"datePublished\":\"2023-07-17T15:59:49+00:00\",\"dateModified\":\"2023-07-18T06:13:59+00:00\",\"mainEntityOfPage\":{\"@id\":\"https:\\\/\\\/jblanz.de\\\/WP\\\/17-juli-2023-krakau\\\/\"},\"wordCount\":691,\"commentCount\":0,\"publisher\":{\"@id\":\"https:\\\/\\\/jblanz.de\\\/WP\\\/#\\\/schema\\\/person\\\/17a70f07162e42bc0b181c22397286e0\"},\"image\":{\"@id\":\"https:\\\/\\\/jblanz.de\\\/WP\\\/17-juli-2023-krakau\\\/#primaryimage\"},\"thumbnailUrl\":\"https:\\\/\\\/jblanz.de\\\/WP\\\/wp-content\\\/uploads\\\/2023\\\/07\\\/Tschechien23-475.jpg\",\"articleSection\":[\"2023\",\"Europa\",\"Polen\"],\"inLanguage\":\"de\",\"potentialAction\":[{\"@type\":\"CommentAction\",\"name\":\"Comment\",\"target\":[\"https:\\\/\\\/jblanz.de\\\/WP\\\/17-juli-2023-krakau\\\/#respond\"]}]},{\"@type\":\"WebPage\",\"@id\":\"https:\\\/\\\/jblanz.de\\\/WP\\\/17-juli-2023-krakau\\\/\",\"url\":\"https:\\\/\\\/jblanz.de\\\/WP\\\/17-juli-2023-krakau\\\/\",\"name\":\"17. Juli 2023 - Krakau - Reiseblog von Karin &amp; Joachim\",\"isPartOf\":{\"@id\":\"https:\\\/\\\/jblanz.de\\\/WP\\\/#website\"},\"primaryImageOfPage\":{\"@id\":\"https:\\\/\\\/jblanz.de\\\/WP\\\/17-juli-2023-krakau\\\/#primaryimage\"},\"image\":{\"@id\":\"https:\\\/\\\/jblanz.de\\\/WP\\\/17-juli-2023-krakau\\\/#primaryimage\"},\"thumbnailUrl\":\"https:\\\/\\\/jblanz.de\\\/WP\\\/wp-content\\\/uploads\\\/2023\\\/07\\\/Tschechien23-475.jpg\",\"datePublished\":\"2023-07-17T15:59:49+00:00\",\"dateModified\":\"2023-07-18T06:13:59+00:00\",\"breadcrumb\":{\"@id\":\"https:\\\/\\\/jblanz.de\\\/WP\\\/17-juli-2023-krakau\\\/#breadcrumb\"},\"inLanguage\":\"de\",\"potentialAction\":[{\"@type\":\"ReadAction\",\"target\":[\"https:\\\/\\\/jblanz.de\\\/WP\\\/17-juli-2023-krakau\\\/\"]}]},{\"@type\":\"ImageObject\",\"inLanguage\":\"de\",\"@id\":\"https:\\\/\\\/jblanz.de\\\/WP\\\/17-juli-2023-krakau\\\/#primaryimage\",\"url\":\"https:\\\/\\\/jblanz.de\\\/WP\\\/wp-content\\\/uploads\\\/2023\\\/07\\\/Tschechien23-475.jpg\",\"contentUrl\":\"https:\\\/\\\/jblanz.de\\\/WP\\\/wp-content\\\/uploads\\\/2023\\\/07\\\/Tschechien23-475.jpg\",\"width\":800,\"height\":450},{\"@type\":\"BreadcrumbList\",\"@id\":\"https:\\\/\\\/jblanz.de\\\/WP\\\/17-juli-2023-krakau\\\/#breadcrumb\",\"itemListElement\":[{\"@type\":\"ListItem\",\"position\":1,\"name\":\"Startseite\",\"item\":\"https:\\\/\\\/jblanz.de\\\/WP\\\/\"},{\"@type\":\"ListItem\",\"position\":2,\"name\":\"17. Juli 2023 &#8211; Krakau\"}]},{\"@type\":\"WebSite\",\"@id\":\"https:\\\/\\\/jblanz.de\\\/WP\\\/#website\",\"url\":\"https:\\\/\\\/jblanz.de\\\/WP\\\/\",\"name\":\"Reiseblog von Karin & Joachim\",\"description\":\"Wir schreiben den Blog f\u00fcr uns als Erinnerung - f\u00fcr euch als Inspiration\",\"publisher\":{\"@id\":\"https:\\\/\\\/jblanz.de\\\/WP\\\/#\\\/schema\\\/person\\\/17a70f07162e42bc0b181c22397286e0\"},\"potentialAction\":[{\"@type\":\"SearchAction\",\"target\":{\"@type\":\"EntryPoint\",\"urlTemplate\":\"https:\\\/\\\/jblanz.de\\\/WP\\\/?s={search_term_string}\"},\"query-input\":{\"@type\":\"PropertyValueSpecification\",\"valueRequired\":true,\"valueName\":\"search_term_string\"}}],\"inLanguage\":\"de\"},{\"@type\":[\"Person\",\"Organization\"],\"@id\":\"https:\\\/\\\/jblanz.de\\\/WP\\\/#\\\/schema\\\/person\\\/17a70f07162e42bc0b181c22397286e0\",\"name\":\"Achim\",\"image\":{\"@type\":\"ImageObject\",\"inLanguage\":\"de\",\"@id\":\"https:\\\/\\\/secure.gravatar.com\\\/avatar\\\/b7ab31bc55956af4a9bebf7fd034761212b11b803b7e39464914d6abeefb12f3?s=96&d=mm&r=g\",\"url\":\"https:\\\/\\\/secure.gravatar.com\\\/avatar\\\/b7ab31bc55956af4a9bebf7fd034761212b11b803b7e39464914d6abeefb12f3?s=96&d=mm&r=g\",\"contentUrl\":\"https:\\\/\\\/secure.gravatar.com\\\/avatar\\\/b7ab31bc55956af4a9bebf7fd034761212b11b803b7e39464914d6abeefb12f3?s=96&d=mm&r=g\",\"caption\":\"Achim\"},\"logo\":{\"@id\":\"https:\\\/\\\/secure.gravatar.com\\\/avatar\\\/b7ab31bc55956af4a9bebf7fd034761212b11b803b7e39464914d6abeefb12f3?s=96&d=mm&r=g\"},\"url\":\"https:\\\/\\\/jblanz.de\\\/WP\\\/author\\\/achim\\\/\"}]}<\/script>\n<!-- \/ Yoast SEO plugin. -->","yoast_head_json":{"title":"17. Juli 2023 - Krakau - Reiseblog von Karin &amp; Joachim","robots":{"index":"index","follow":"follow","max-snippet":"max-snippet:-1","max-image-preview":"max-image-preview:large","max-video-preview":"max-video-preview:-1"},"canonical":"https:\/\/jblanz.de\/WP\/17-juli-2023-krakau\/","og_locale":"de_DE","og_type":"article","og_title":"17. Juli 2023 - Krakau - Reiseblog von Karin &amp; Joachim","og_description":"Wie von Achim prophezeit, beginnt es heute morgen zu regnen und zu st\u00fcrmen. Nur in der Uhrzeit hat er sich","og_url":"https:\/\/jblanz.de\/WP\/17-juli-2023-krakau\/","og_site_name":"Reiseblog von Karin &amp; Joachim","article_published_time":"2023-07-17T15:59:49+00:00","article_modified_time":"2023-07-18T06:13:59+00:00","og_image":[{"width":800,"height":450,"url":"https:\/\/jblanz.de\/WP\/wp-content\/uploads\/2023\/07\/Tschechien23-475.jpg","type":"image\/jpeg"}],"author":"Achim","twitter_card":"summary_large_image","twitter_misc":{"Verfasst von":"Achim","Gesch\u00e4tzte Lesezeit":"10\u00a0Minuten"},"schema":{"@context":"https:\/\/schema.org","@graph":[{"@type":"Article","@id":"https:\/\/jblanz.de\/WP\/17-juli-2023-krakau\/#article","isPartOf":{"@id":"https:\/\/jblanz.de\/WP\/17-juli-2023-krakau\/"},"author":{"name":"Achim","@id":"https:\/\/jblanz.de\/WP\/#\/schema\/person\/17a70f07162e42bc0b181c22397286e0"},"headline":"17. Juli 2023 &#8211; Krakau","datePublished":"2023-07-17T15:59:49+00:00","dateModified":"2023-07-18T06:13:59+00:00","mainEntityOfPage":{"@id":"https:\/\/jblanz.de\/WP\/17-juli-2023-krakau\/"},"wordCount":691,"commentCount":0,"publisher":{"@id":"https:\/\/jblanz.de\/WP\/#\/schema\/person\/17a70f07162e42bc0b181c22397286e0"},"image":{"@id":"https:\/\/jblanz.de\/WP\/17-juli-2023-krakau\/#primaryimage"},"thumbnailUrl":"https:\/\/jblanz.de\/WP\/wp-content\/uploads\/2023\/07\/Tschechien23-475.jpg","articleSection":["2023","Europa","Polen"],"inLanguage":"de","potentialAction":[{"@type":"CommentAction","name":"Comment","target":["https:\/\/jblanz.de\/WP\/17-juli-2023-krakau\/#respond"]}]},{"@type":"WebPage","@id":"https:\/\/jblanz.de\/WP\/17-juli-2023-krakau\/","url":"https:\/\/jblanz.de\/WP\/17-juli-2023-krakau\/","name":"17. Juli 2023 - Krakau - Reiseblog von Karin &amp; Joachim","isPartOf":{"@id":"https:\/\/jblanz.de\/WP\/#website"},"primaryImageOfPage":{"@id":"https:\/\/jblanz.de\/WP\/17-juli-2023-krakau\/#primaryimage"},"image":{"@id":"https:\/\/jblanz.de\/WP\/17-juli-2023-krakau\/#primaryimage"},"thumbnailUrl":"https:\/\/jblanz.de\/WP\/wp-content\/uploads\/2023\/07\/Tschechien23-475.jpg","datePublished":"2023-07-17T15:59:49+00:00","dateModified":"2023-07-18T06:13:59+00:00","breadcrumb":{"@id":"https:\/\/jblanz.de\/WP\/17-juli-2023-krakau\/#breadcrumb"},"inLanguage":"de","potentialAction":[{"@type":"ReadAction","target":["https:\/\/jblanz.de\/WP\/17-juli-2023-krakau\/"]}]},{"@type":"ImageObject","inLanguage":"de","@id":"https:\/\/jblanz.de\/WP\/17-juli-2023-krakau\/#primaryimage","url":"https:\/\/jblanz.de\/WP\/wp-content\/uploads\/2023\/07\/Tschechien23-475.jpg","contentUrl":"https:\/\/jblanz.de\/WP\/wp-content\/uploads\/2023\/07\/Tschechien23-475.jpg","width":800,"height":450},{"@type":"BreadcrumbList","@id":"https:\/\/jblanz.de\/WP\/17-juli-2023-krakau\/#breadcrumb","itemListElement":[{"@type":"ListItem","position":1,"name":"Startseite","item":"https:\/\/jblanz.de\/WP\/"},{"@type":"ListItem","position":2,"name":"17. Juli 2023 &#8211; Krakau"}]},{"@type":"WebSite","@id":"https:\/\/jblanz.de\/WP\/#website","url":"https:\/\/jblanz.de\/WP\/","name":"Reiseblog von Karin & Joachim","description":"Wir schreiben den Blog f\u00fcr uns als Erinnerung - f\u00fcr euch als Inspiration","publisher":{"@id":"https:\/\/jblanz.de\/WP\/#\/schema\/person\/17a70f07162e42bc0b181c22397286e0"},"potentialAction":[{"@type":"SearchAction","target":{"@type":"EntryPoint","urlTemplate":"https:\/\/jblanz.de\/WP\/?s={search_term_string}"},"query-input":{"@type":"PropertyValueSpecification","valueRequired":true,"valueName":"search_term_string"}}],"inLanguage":"de"},{"@type":["Person","Organization"],"@id":"https:\/\/jblanz.de\/WP\/#\/schema\/person\/17a70f07162e42bc0b181c22397286e0","name":"Achim","image":{"@type":"ImageObject","inLanguage":"de","@id":"https:\/\/secure.gravatar.com\/avatar\/b7ab31bc55956af4a9bebf7fd034761212b11b803b7e39464914d6abeefb12f3?s=96&d=mm&r=g","url":"https:\/\/secure.gravatar.com\/avatar\/b7ab31bc55956af4a9bebf7fd034761212b11b803b7e39464914d6abeefb12f3?s=96&d=mm&r=g","contentUrl":"https:\/\/secure.gravatar.com\/avatar\/b7ab31bc55956af4a9bebf7fd034761212b11b803b7e39464914d6abeefb12f3?s=96&d=mm&r=g","caption":"Achim"},"logo":{"@id":"https:\/\/secure.gravatar.com\/avatar\/b7ab31bc55956af4a9bebf7fd034761212b11b803b7e39464914d6abeefb12f3?s=96&d=mm&r=g"},"url":"https:\/\/jblanz.de\/WP\/author\/achim\/"}]}},"_links":{"self":[{"href":"https:\/\/jblanz.de\/WP\/wp-json\/wp\/v2\/posts\/15120","targetHints":{"allow":["GET"]}}],"collection":[{"href":"https:\/\/jblanz.de\/WP\/wp-json\/wp\/v2\/posts"}],"about":[{"href":"https:\/\/jblanz.de\/WP\/wp-json\/wp\/v2\/types\/post"}],"author":[{"embeddable":true,"href":"https:\/\/jblanz.de\/WP\/wp-json\/wp\/v2\/users\/1"}],"replies":[{"embeddable":true,"href":"https:\/\/jblanz.de\/WP\/wp-json\/wp\/v2\/comments?post=15120"}],"version-history":[{"count":0,"href":"https:\/\/jblanz.de\/WP\/wp-json\/wp\/v2\/posts\/15120\/revisions"}],"wp:featuredmedia":[{"embeddable":true,"href":"https:\/\/jblanz.de\/WP\/wp-json\/wp\/v2\/media\/15169"}],"wp:attachment":[{"href":"https:\/\/jblanz.de\/WP\/wp-json\/wp\/v2\/media?parent=15120"}],"wp:term":[{"taxonomy":"category","embeddable":true,"href":"https:\/\/jblanz.de\/WP\/wp-json\/wp\/v2\/categories?post=15120"},{"taxonomy":"post_tag","embeddable":true,"href":"https:\/\/jblanz.de\/WP\/wp-json\/wp\/v2\/tags?post=15120"}],"curies":[{"name":"wp","href":"https:\/\/api.w.org\/{rel}","templated":true}]}}