{"id":15631,"date":"2023-07-24T14:11:04","date_gmt":"2023-07-24T12:11:04","guid":{"rendered":"https:\/\/jblanz.de\/WP\/?p=15631"},"modified":"2023-07-25T06:29:33","modified_gmt":"2023-07-25T04:29:33","slug":"24-juli-2023-fahrt-nach-torun","status":"publish","type":"post","link":"https:\/\/jblanz.de\/WP\/24-juli-2023-fahrt-nach-torun\/","title":{"rendered":"24. Juli 2023 &#8211; Fahrt nach Toru\u0144"},"content":{"rendered":"\n<p>Beide Bremsen meines Fahrrads haben total abgenutzte Bremskl\u00f6tze. Jedes Mal, wenn ich bremsen muss, kreischen die Bremsen, dass es in den Ohren schmerzt. Also fahren wir heute morgen erst mal das n\u00e4chste Decathlon an in der Hoffnung, dass man dort Ersatz Bremskl\u00f6tze kaufen kann. Der Service ist super, der Mitarbeiter erledigt den Wechsel sofort und der Austausch kostet 20 PLN = 5 \u20ac Arbeitszeit und 35 PLN pro Rad f\u00fcr das Ersatzteil. Das ist fast geschenkt, verglichen mit den Preisen in Steinen.<\/p>\n<p>Von Breslau sind es 360 km nach Torun. Der erste Teil verl\u00e4uft \u00fcber eine super ausgebaute, kostenfreie Autobahn. Etwa 80 km vor Torun wechselt die Route auf eine Landstrasse. Viele LKWs verl\u00e4ngern die Fahrzeit. Wir lassen Posen aus, da uns WoMo-Nachbarn auf dem Campingplatz berichteten, dass die Altstadt von Posen eine einzige Baustelle ist. In Torun fahren wir direkt den einzigen Camping an.<\/p>\n<p>Toru\u0144 (dt. Thorn) ist eine der beiden Hauptst\u00e4dte der Woiwodschaft Kujawien-Pommern. Es liegt an der Weichsel und ist umgeben von ausgedehnten Waldgebieten. Die Landschaft ist flach und nur wenig gegliedert, die H\u00f6henunterschiede liegen bei 10 Meter. Thorn ist die \u00e4lteste Stadt Preussens, es entstand 1231. Gegr\u00fcndet wurde sie von Mitgliedern des Deutschen Ordens an der Weichsel. 1234 erhielt die Stadt das Stadtrecht \u2013 als erste Stadt in Preu\u00dfen. Im 14. Jahrhundert wurde Thorn eine Hansestadt. Die ganze Altstadt wird dabei umgeben von der mittelalterlichen Stadtmauer, die bis heute erhalten geblieben ist. <b><\/b>Vom Camping f\u00fchrt eine ewig lange Br\u00fccke \u00fcber die Weichselauen.<\/p>\n\n\n\n<figure class=\"wp-block-gallery has-nested-images columns-2 is-cropped wp-block-gallery-2 is-layout-flex wp-block-gallery-is-layout-flex\">\n<figure class=\"wp-block-image size-full\"><img loading=\"lazy\" decoding=\"async\" width=\"800\" height=\"450\" data-id=\"15653\" src=\"https:\/\/jblanz.de\/WP\/wp-content\/uploads\/2023\/07\/Tschechien23-876.jpg\" alt=\"\" class=\"wp-image-15653\" srcset=\"https:\/\/jblanz.de\/WP\/wp-content\/uploads\/2023\/07\/Tschechien23-876.jpg 800w, https:\/\/jblanz.de\/WP\/wp-content\/uploads\/2023\/07\/Tschechien23-876-300x169.jpg 300w, https:\/\/jblanz.de\/WP\/wp-content\/uploads\/2023\/07\/Tschechien23-876-768x432.jpg 768w\" sizes=\"auto, (max-width: 800px) 100vw, 800px\" \/><\/figure>\n\n\n\n<figure class=\"wp-block-image size-full\"><img loading=\"lazy\" decoding=\"async\" width=\"800\" height=\"450\" data-id=\"15652\" src=\"https:\/\/jblanz.de\/WP\/wp-content\/uploads\/2023\/07\/Tschechien23-869.jpg\" alt=\"\" class=\"wp-image-15652\" srcset=\"https:\/\/jblanz.de\/WP\/wp-content\/uploads\/2023\/07\/Tschechien23-869.jpg 800w, https:\/\/jblanz.de\/WP\/wp-content\/uploads\/2023\/07\/Tschechien23-869-300x169.jpg 300w, https:\/\/jblanz.de\/WP\/wp-content\/uploads\/2023\/07\/Tschechien23-869-768x432.jpg 768w\" sizes=\"auto, (max-width: 800px) 100vw, 800px\" \/><\/figure>\n\n\n\n<figure class=\"wp-block-image size-full\"><img loading=\"lazy\" decoding=\"async\" width=\"800\" height=\"450\" data-id=\"15657\" src=\"https:\/\/jblanz.de\/WP\/wp-content\/uploads\/2023\/07\/Tschechien23-877.jpg\" alt=\"\" class=\"wp-image-15657\" srcset=\"https:\/\/jblanz.de\/WP\/wp-content\/uploads\/2023\/07\/Tschechien23-877.jpg 800w, https:\/\/jblanz.de\/WP\/wp-content\/uploads\/2023\/07\/Tschechien23-877-300x169.jpg 300w, https:\/\/jblanz.de\/WP\/wp-content\/uploads\/2023\/07\/Tschechien23-877-768x432.jpg 768w\" sizes=\"auto, (max-width: 800px) 100vw, 800px\" \/><\/figure>\n\n\n\n<figure class=\"wp-block-image size-full\"><img loading=\"lazy\" decoding=\"async\" width=\"800\" height=\"450\" data-id=\"15651\" src=\"https:\/\/jblanz.de\/WP\/wp-content\/uploads\/2023\/07\/Tschechien23-878.jpg\" alt=\"\" class=\"wp-image-15651\" srcset=\"https:\/\/jblanz.de\/WP\/wp-content\/uploads\/2023\/07\/Tschechien23-878.jpg 800w, https:\/\/jblanz.de\/WP\/wp-content\/uploads\/2023\/07\/Tschechien23-878-300x169.jpg 300w, https:\/\/jblanz.de\/WP\/wp-content\/uploads\/2023\/07\/Tschechien23-878-768x432.jpg 768w\" sizes=\"auto, (max-width: 800px) 100vw, 800px\" \/><\/figure>\n\n\n\n<figure class=\"wp-block-image size-full\"><img loading=\"lazy\" decoding=\"async\" width=\"800\" height=\"450\" data-id=\"15656\" src=\"https:\/\/jblanz.de\/WP\/wp-content\/uploads\/2023\/07\/Tschechien23-879.jpg\" alt=\"\" class=\"wp-image-15656\" srcset=\"https:\/\/jblanz.de\/WP\/wp-content\/uploads\/2023\/07\/Tschechien23-879.jpg 800w, https:\/\/jblanz.de\/WP\/wp-content\/uploads\/2023\/07\/Tschechien23-879-300x169.jpg 300w, https:\/\/jblanz.de\/WP\/wp-content\/uploads\/2023\/07\/Tschechien23-879-768x432.jpg 768w\" sizes=\"auto, (max-width: 800px) 100vw, 800px\" \/><\/figure>\n\n\n\n<figure class=\"wp-block-image size-full\"><img loading=\"lazy\" decoding=\"async\" width=\"800\" height=\"450\" data-id=\"15654\" src=\"https:\/\/jblanz.de\/WP\/wp-content\/uploads\/2023\/07\/Tschechien23-880.jpg\" alt=\"\" class=\"wp-image-15654\" srcset=\"https:\/\/jblanz.de\/WP\/wp-content\/uploads\/2023\/07\/Tschechien23-880.jpg 800w, https:\/\/jblanz.de\/WP\/wp-content\/uploads\/2023\/07\/Tschechien23-880-300x169.jpg 300w, https:\/\/jblanz.de\/WP\/wp-content\/uploads\/2023\/07\/Tschechien23-880-768x432.jpg 768w\" sizes=\"auto, (max-width: 800px) 100vw, 800px\" \/><\/figure>\n<\/figure>\n\n\n\n<figure class=\"wp-block-gallery has-nested-images columns-2 is-cropped wp-block-gallery-3 is-layout-flex wp-block-gallery-is-layout-flex\">\n<figure class=\"wp-block-image size-large\"><img loading=\"lazy\" decoding=\"async\" width=\"800\" height=\"450\" data-id=\"15639\" src=\"https:\/\/jblanz.de\/WP\/wp-content\/uploads\/2023\/07\/Tschechien23-867.jpg\" alt=\"\" class=\"wp-image-15639\" srcset=\"https:\/\/jblanz.de\/WP\/wp-content\/uploads\/2023\/07\/Tschechien23-867.jpg 800w, https:\/\/jblanz.de\/WP\/wp-content\/uploads\/2023\/07\/Tschechien23-867-300x169.jpg 300w, https:\/\/jblanz.de\/WP\/wp-content\/uploads\/2023\/07\/Tschechien23-867-768x432.jpg 768w\" sizes=\"auto, (max-width: 800px) 100vw, 800px\" \/><figcaption class=\"wp-element-caption\">Innenhof Rathaus<\/figcaption><\/figure>\n\n\n\n<figure class=\"wp-block-image size-large\"><img loading=\"lazy\" decoding=\"async\" width=\"800\" height=\"450\" data-id=\"15640\" src=\"https:\/\/jblanz.de\/WP\/wp-content\/uploads\/2023\/07\/Tschechien23-910.jpg\" alt=\"\" class=\"wp-image-15640\" srcset=\"https:\/\/jblanz.de\/WP\/wp-content\/uploads\/2023\/07\/Tschechien23-910.jpg 800w, https:\/\/jblanz.de\/WP\/wp-content\/uploads\/2023\/07\/Tschechien23-910-300x169.jpg 300w, https:\/\/jblanz.de\/WP\/wp-content\/uploads\/2023\/07\/Tschechien23-910-768x432.jpg 768w\" sizes=\"auto, (max-width: 800px) 100vw, 800px\" \/><\/figure>\n\n\n\n<figure class=\"wp-block-image size-large\"><img loading=\"lazy\" decoding=\"async\" width=\"800\" height=\"450\" data-id=\"15642\" src=\"https:\/\/jblanz.de\/WP\/wp-content\/uploads\/2023\/07\/Tschechien23-913.jpg\" alt=\"\" class=\"wp-image-15642\" srcset=\"https:\/\/jblanz.de\/WP\/wp-content\/uploads\/2023\/07\/Tschechien23-913.jpg 800w, https:\/\/jblanz.de\/WP\/wp-content\/uploads\/2023\/07\/Tschechien23-913-300x169.jpg 300w, https:\/\/jblanz.de\/WP\/wp-content\/uploads\/2023\/07\/Tschechien23-913-768x432.jpg 768w\" sizes=\"auto, (max-width: 800px) 100vw, 800px\" \/><figcaption class=\"wp-element-caption\">Artushaus<\/figcaption><\/figure>\n\n\n\n<figure class=\"wp-block-image size-large\"><img loading=\"lazy\" decoding=\"async\" width=\"800\" height=\"450\" data-id=\"15638\" src=\"https:\/\/jblanz.de\/WP\/wp-content\/uploads\/2023\/07\/Tschechien23-914.jpg\" alt=\"\" class=\"wp-image-15638\" srcset=\"https:\/\/jblanz.de\/WP\/wp-content\/uploads\/2023\/07\/Tschechien23-914.jpg 800w, https:\/\/jblanz.de\/WP\/wp-content\/uploads\/2023\/07\/Tschechien23-914-300x169.jpg 300w, https:\/\/jblanz.de\/WP\/wp-content\/uploads\/2023\/07\/Tschechien23-914-768x432.jpg 768w\" sizes=\"auto, (max-width: 800px) 100vw, 800px\" \/><figcaption class=\"wp-element-caption\">Kopernikus Museum<\/figcaption><\/figure>\n\n\n\n<figure class=\"wp-block-image size-large\"><img loading=\"lazy\" decoding=\"async\" width=\"800\" height=\"450\" data-id=\"15643\" src=\"https:\/\/jblanz.de\/WP\/wp-content\/uploads\/2023\/07\/Tschechien23-915.jpg\" alt=\"\" class=\"wp-image-15643\" srcset=\"https:\/\/jblanz.de\/WP\/wp-content\/uploads\/2023\/07\/Tschechien23-915.jpg 800w, https:\/\/jblanz.de\/WP\/wp-content\/uploads\/2023\/07\/Tschechien23-915-300x169.jpg 300w, https:\/\/jblanz.de\/WP\/wp-content\/uploads\/2023\/07\/Tschechien23-915-768x432.jpg 768w\" sizes=\"auto, (max-width: 800px) 100vw, 800px\" \/><\/figure>\n\n\n\n<figure class=\"wp-block-image size-large\"><img loading=\"lazy\" decoding=\"async\" width=\"800\" height=\"450\" data-id=\"15641\" src=\"https:\/\/jblanz.de\/WP\/wp-content\/uploads\/2023\/07\/Tschechien23-916.jpg\" alt=\"\" class=\"wp-image-15641\" srcset=\"https:\/\/jblanz.de\/WP\/wp-content\/uploads\/2023\/07\/Tschechien23-916.jpg 800w, https:\/\/jblanz.de\/WP\/wp-content\/uploads\/2023\/07\/Tschechien23-916-300x169.jpg 300w, https:\/\/jblanz.de\/WP\/wp-content\/uploads\/2023\/07\/Tschechien23-916-768x432.jpg 768w\" sizes=\"auto, (max-width: 800px) 100vw, 800px\" \/><\/figure>\n<\/figure>\n\n\n\n<p>Nat\u00fcrlich wollen wir wieder polnisch essen. Ich w\u00e4hle ein Gericht aus der Kategorie &#8222;Placuchy Ziemniaczame&#8220; namens &#8222;Ko\u0142o M\u0142ynskie&#8220; (linkes Bild). Karin entscheidet sich f\u00fcr vegetarische Piroggen mit Champignon- und Himbeersauce (rechtes Bild). Der Buchstabe \u0142 wird \u00fcbrigens wie wh in where ausgesprochen.<\/p>\n\n\n\n<figure class=\"wp-block-gallery has-nested-images columns-default is-cropped wp-block-gallery-4 is-layout-flex wp-block-gallery-is-layout-flex\">\n<figure class=\"wp-block-image size-large\"><img loading=\"lazy\" decoding=\"async\" width=\"800\" height=\"450\" data-id=\"15648\" src=\"https:\/\/jblanz.de\/WP\/wp-content\/uploads\/2023\/07\/Tschechien23-908.jpg\" alt=\"\" class=\"wp-image-15648\" srcset=\"https:\/\/jblanz.de\/WP\/wp-content\/uploads\/2023\/07\/Tschechien23-908.jpg 800w, https:\/\/jblanz.de\/WP\/wp-content\/uploads\/2023\/07\/Tschechien23-908-300x169.jpg 300w, https:\/\/jblanz.de\/WP\/wp-content\/uploads\/2023\/07\/Tschechien23-908-768x432.jpg 768w\" sizes=\"auto, (max-width: 800px) 100vw, 800px\" \/><\/figure>\n\n\n\n<figure class=\"wp-block-image size-large\"><img loading=\"lazy\" decoding=\"async\" width=\"800\" height=\"450\" data-id=\"15647\" src=\"https:\/\/jblanz.de\/WP\/wp-content\/uploads\/2023\/07\/Tschechien23-909.jpg\" alt=\"\" class=\"wp-image-15647\" srcset=\"https:\/\/jblanz.de\/WP\/wp-content\/uploads\/2023\/07\/Tschechien23-909.jpg 800w, https:\/\/jblanz.de\/WP\/wp-content\/uploads\/2023\/07\/Tschechien23-909-300x169.jpg 300w, https:\/\/jblanz.de\/WP\/wp-content\/uploads\/2023\/07\/Tschechien23-909-768x432.jpg 768w\" sizes=\"auto, (max-width: 800px) 100vw, 800px\" \/><\/figure>\n<\/figure>\n\n\n\n<p>In einer Strasse f\u00e4llt uns dieses Geb\u00e4ude mit einer Holzfassade auf, dessen Zweck wir nicht herausfinden konnten &#8211; Puppenspieltheater ?<\/p>\n\n\n\n<figure class=\"wp-block-gallery has-nested-images columns-2 is-cropped wp-block-gallery-5 is-layout-flex wp-block-gallery-is-layout-flex\">\n<figure class=\"wp-block-image size-large\"><img loading=\"lazy\" decoding=\"async\" width=\"800\" height=\"450\" data-id=\"15663\" src=\"https:\/\/jblanz.de\/WP\/wp-content\/uploads\/2023\/07\/Tschechien23-889.jpg\" alt=\"\" class=\"wp-image-15663\" srcset=\"https:\/\/jblanz.de\/WP\/wp-content\/uploads\/2023\/07\/Tschechien23-889.jpg 800w, https:\/\/jblanz.de\/WP\/wp-content\/uploads\/2023\/07\/Tschechien23-889-300x169.jpg 300w, https:\/\/jblanz.de\/WP\/wp-content\/uploads\/2023\/07\/Tschechien23-889-768x432.jpg 768w\" sizes=\"auto, (max-width: 800px) 100vw, 800px\" \/><\/figure>\n\n\n\n<figure class=\"wp-block-image size-large\"><img loading=\"lazy\" decoding=\"async\" width=\"800\" height=\"450\" data-id=\"15664\" src=\"https:\/\/jblanz.de\/WP\/wp-content\/uploads\/2023\/07\/Tschechien23-868-1.jpg\" alt=\"\" class=\"wp-image-15664\" srcset=\"https:\/\/jblanz.de\/WP\/wp-content\/uploads\/2023\/07\/Tschechien23-868-1.jpg 800w, https:\/\/jblanz.de\/WP\/wp-content\/uploads\/2023\/07\/Tschechien23-868-1-300x169.jpg 300w, https:\/\/jblanz.de\/WP\/wp-content\/uploads\/2023\/07\/Tschechien23-868-1-768x432.jpg 768w\" sizes=\"auto, (max-width: 800px) 100vw, 800px\" \/><\/figure>\n\n\n\n<figure class=\"wp-block-image size-large\"><img loading=\"lazy\" decoding=\"async\" width=\"800\" height=\"450\" data-id=\"15662\" src=\"https:\/\/jblanz.de\/WP\/wp-content\/uploads\/2023\/07\/Tschechien23-894.jpg\" alt=\"\" class=\"wp-image-15662\" srcset=\"https:\/\/jblanz.de\/WP\/wp-content\/uploads\/2023\/07\/Tschechien23-894.jpg 800w, https:\/\/jblanz.de\/WP\/wp-content\/uploads\/2023\/07\/Tschechien23-894-300x169.jpg 300w, https:\/\/jblanz.de\/WP\/wp-content\/uploads\/2023\/07\/Tschechien23-894-768x432.jpg 768w\" sizes=\"auto, (max-width: 800px) 100vw, 800px\" \/><\/figure>\n\n\n\n<figure class=\"wp-block-image size-large\"><img loading=\"lazy\" decoding=\"async\" width=\"800\" height=\"450\" data-id=\"15665\" src=\"https:\/\/jblanz.de\/WP\/wp-content\/uploads\/2023\/07\/Tschechien23-893.jpg\" alt=\"\" class=\"wp-image-15665\" srcset=\"https:\/\/jblanz.de\/WP\/wp-content\/uploads\/2023\/07\/Tschechien23-893.jpg 800w, https:\/\/jblanz.de\/WP\/wp-content\/uploads\/2023\/07\/Tschechien23-893-300x169.jpg 300w, https:\/\/jblanz.de\/WP\/wp-content\/uploads\/2023\/07\/Tschechien23-893-768x432.jpg 768w\" sizes=\"auto, (max-width: 800px) 100vw, 800px\" \/><\/figure>\n<\/figure>\n\n\n\n<p>Kopernikus wurde 1473 in Torun geboren. Er ist f\u00fcr seine Theorie eines heliozentrischen Weltbildes bekannt, also die Theorie, das die Erde um die Sonne kreist. Torun ist bekannt f\u00fcr seine Lebkuchen, die bereits seit der Zeit der Kreuzz\u00fcge hier gebacken werden. Torun hat das brutalste Kopfsteinplaster, das wir je gesp\u00fcrt haben. Ach ja, es gibt noch die Sage um den Thorner Drachen. &#8222;Der Zimmermeister Johann Georg Hleronimi und die Ehefrau eines Stadtsoldaten Kataharina Storchin bezeugten am 13. August 1746 in der Stadtkanzlei in Thon, dass sie im Fr\u00fchling 1746 einen Drachen sahen. Der Drache konnte fliegen und schwlmmen. Er war 2 Meter lang und hatte einen dunkelgrauen Kopf und Rumpf sowie einen hellbraunen und gl\u00e4nzenden Schwanz. Der Flugdrache erschien in der N\u00e4he von Thorner Bach in der Vorburg und flog In die Rlchtung der Ruinen der Kreuzritterburg hin.&#8220;<\/p>\n\n\n\n<figure class=\"wp-block-gallery has-nested-images columns-default is-cropped wp-block-gallery-6 is-layout-flex wp-block-gallery-is-layout-flex\">\n<figure class=\"wp-block-image size-large\"><img loading=\"lazy\" decoding=\"async\" width=\"800\" height=\"450\" data-id=\"15696\" src=\"https:\/\/jblanz.de\/WP\/wp-content\/uploads\/2023\/07\/Tschechien23-902.jpg\" alt=\"\" class=\"wp-image-15696\" srcset=\"https:\/\/jblanz.de\/WP\/wp-content\/uploads\/2023\/07\/Tschechien23-902.jpg 800w, https:\/\/jblanz.de\/WP\/wp-content\/uploads\/2023\/07\/Tschechien23-902-300x169.jpg 300w, https:\/\/jblanz.de\/WP\/wp-content\/uploads\/2023\/07\/Tschechien23-902-768x432.jpg 768w\" sizes=\"auto, (max-width: 800px) 100vw, 800px\" \/><\/figure>\n\n\n\n<figure class=\"wp-block-image size-large\"><img loading=\"lazy\" decoding=\"async\" width=\"800\" height=\"450\" data-id=\"15695\" src=\"https:\/\/jblanz.de\/WP\/wp-content\/uploads\/2023\/07\/Tschechien23-904.jpg\" alt=\"\" class=\"wp-image-15695\" srcset=\"https:\/\/jblanz.de\/WP\/wp-content\/uploads\/2023\/07\/Tschechien23-904.jpg 800w, https:\/\/jblanz.de\/WP\/wp-content\/uploads\/2023\/07\/Tschechien23-904-300x169.jpg 300w, https:\/\/jblanz.de\/WP\/wp-content\/uploads\/2023\/07\/Tschechien23-904-768x432.jpg 768w\" sizes=\"auto, (max-width: 800px) 100vw, 800px\" \/><\/figure>\n<\/figure>\n\n\n\n<figure class=\"wp-block-gallery has-nested-images columns-2 is-cropped wp-block-gallery-7 is-layout-flex wp-block-gallery-is-layout-flex\">\n<figure class=\"wp-block-image size-large\"><img loading=\"lazy\" decoding=\"async\" width=\"800\" height=\"450\" data-id=\"15672\" src=\"https:\/\/jblanz.de\/WP\/wp-content\/uploads\/2023\/07\/Tschechien23-917.jpg\" alt=\"\" class=\"wp-image-15672\" srcset=\"https:\/\/jblanz.de\/WP\/wp-content\/uploads\/2023\/07\/Tschechien23-917.jpg 800w, https:\/\/jblanz.de\/WP\/wp-content\/uploads\/2023\/07\/Tschechien23-917-300x169.jpg 300w, https:\/\/jblanz.de\/WP\/wp-content\/uploads\/2023\/07\/Tschechien23-917-768x432.jpg 768w\" sizes=\"auto, (max-width: 800px) 100vw, 800px\" \/><\/figure>\n\n\n\n<figure class=\"wp-block-image size-large\"><img loading=\"lazy\" decoding=\"async\" width=\"800\" height=\"450\" data-id=\"15675\" src=\"https:\/\/jblanz.de\/WP\/wp-content\/uploads\/2023\/07\/Tschechien23-918.jpg\" alt=\"\" class=\"wp-image-15675\" srcset=\"https:\/\/jblanz.de\/WP\/wp-content\/uploads\/2023\/07\/Tschechien23-918.jpg 800w, https:\/\/jblanz.de\/WP\/wp-content\/uploads\/2023\/07\/Tschechien23-918-300x169.jpg 300w, https:\/\/jblanz.de\/WP\/wp-content\/uploads\/2023\/07\/Tschechien23-918-768x432.jpg 768w\" sizes=\"auto, (max-width: 800px) 100vw, 800px\" \/><figcaption class=\"wp-element-caption\">Planetarium und Jakobskirche<\/figcaption><\/figure>\n\n\n\n<figure class=\"wp-block-image size-large\"><img loading=\"lazy\" decoding=\"async\" width=\"800\" height=\"450\" data-id=\"15673\" src=\"https:\/\/jblanz.de\/WP\/wp-content\/uploads\/2023\/07\/Tschechien23-919.jpg\" alt=\"\" class=\"wp-image-15673\" srcset=\"https:\/\/jblanz.de\/WP\/wp-content\/uploads\/2023\/07\/Tschechien23-919.jpg 800w, https:\/\/jblanz.de\/WP\/wp-content\/uploads\/2023\/07\/Tschechien23-919-300x169.jpg 300w, https:\/\/jblanz.de\/WP\/wp-content\/uploads\/2023\/07\/Tschechien23-919-768x432.jpg 768w\" sizes=\"auto, (max-width: 800px) 100vw, 800px\" \/><\/figure>\n\n\n\n<figure class=\"wp-block-image size-large\"><img loading=\"lazy\" decoding=\"async\" width=\"800\" height=\"450\" data-id=\"15676\" src=\"https:\/\/jblanz.de\/WP\/wp-content\/uploads\/2023\/07\/Tschechien23-920.jpg\" alt=\"\" class=\"wp-image-15676\" srcset=\"https:\/\/jblanz.de\/WP\/wp-content\/uploads\/2023\/07\/Tschechien23-920.jpg 800w, https:\/\/jblanz.de\/WP\/wp-content\/uploads\/2023\/07\/Tschechien23-920-300x169.jpg 300w, https:\/\/jblanz.de\/WP\/wp-content\/uploads\/2023\/07\/Tschechien23-920-768x432.jpg 768w\" sizes=\"auto, (max-width: 800px) 100vw, 800px\" \/><figcaption class=\"wp-element-caption\">Rathaus am Altstadtmarkt<\/figcaption><\/figure>\n\n\n\n<figure class=\"wp-block-image size-large\"><img loading=\"lazy\" decoding=\"async\" width=\"800\" height=\"450\" data-id=\"15671\" src=\"https:\/\/jblanz.de\/WP\/wp-content\/uploads\/2023\/07\/Tschechien23-921.jpg\" alt=\"\" class=\"wp-image-15671\" srcset=\"https:\/\/jblanz.de\/WP\/wp-content\/uploads\/2023\/07\/Tschechien23-921.jpg 800w, https:\/\/jblanz.de\/WP\/wp-content\/uploads\/2023\/07\/Tschechien23-921-300x169.jpg 300w, https:\/\/jblanz.de\/WP\/wp-content\/uploads\/2023\/07\/Tschechien23-921-768x432.jpg 768w\" sizes=\"auto, (max-width: 800px) 100vw, 800px\" \/><figcaption class=\"wp-element-caption\">Schiefer Turm<\/figcaption><\/figure>\n\n\n\n<figure class=\"wp-block-image size-full\"><img loading=\"lazy\" decoding=\"async\" width=\"800\" height=\"450\" data-id=\"15677\" src=\"https:\/\/jblanz.de\/WP\/wp-content\/uploads\/2023\/07\/Tschechien23-901.jpg\" alt=\"\" class=\"wp-image-15677\" srcset=\"https:\/\/jblanz.de\/WP\/wp-content\/uploads\/2023\/07\/Tschechien23-901.jpg 800w, https:\/\/jblanz.de\/WP\/wp-content\/uploads\/2023\/07\/Tschechien23-901-300x169.jpg 300w, https:\/\/jblanz.de\/WP\/wp-content\/uploads\/2023\/07\/Tschechien23-901-768x432.jpg 768w\" sizes=\"auto, (max-width: 800px) 100vw, 800px\" \/><\/figure>\n<\/figure>\n\n\n","protected":false},"excerpt":{"rendered":"<p>Beide Bremsen meines Fahrrads haben total abgenutzte Bremskl\u00f6tze. Jedes Mal, wenn ich bremsen muss, kreischen die Bremsen, dass es in<\/p>\n","protected":false},"author":1,"featured_media":15640,"comment_status":"open","ping_status":"open","sticky":false,"template":"","format":"standard","meta":{"colormag_page_container_layout":"default_layout","colormag_page_sidebar_layout":"default_layout","_monsterinsights_skip_tracking":false,"_monsterinsights_sitenote_active":false,"_monsterinsights_sitenote_note":"","_monsterinsights_sitenote_category":0,"footnotes":""},"categories":[262,159,264],"tags":[],"class_list":["post-15631","post","type-post","status-publish","format-standard","has-post-thumbnail","hentry","category-262","category-europa","category-polen"],"yoast_head":"<!-- This site is optimized with the Yoast SEO plugin v27.4 - https:\/\/yoast.com\/product\/yoast-seo-wordpress\/ -->\n<title>24. Juli 2023 - Fahrt nach Toru\u0144 - Reiseblog von Karin &amp; Joachim<\/title>\n<meta name=\"robots\" content=\"index, follow, max-snippet:-1, max-image-preview:large, max-video-preview:-1\" \/>\n<link rel=\"canonical\" href=\"https:\/\/jblanz.de\/WP\/24-juli-2023-fahrt-nach-torun\/\" \/>\n<meta property=\"og:locale\" content=\"de_DE\" \/>\n<meta property=\"og:type\" content=\"article\" \/>\n<meta property=\"og:title\" content=\"24. Juli 2023 - Fahrt nach Toru\u0144 - Reiseblog von Karin &amp; Joachim\" \/>\n<meta property=\"og:description\" content=\"Beide Bremsen meines Fahrrads haben total abgenutzte Bremskl\u00f6tze. Jedes Mal, wenn ich bremsen muss, kreischen die Bremsen, dass es in\" \/>\n<meta property=\"og:url\" content=\"https:\/\/jblanz.de\/WP\/24-juli-2023-fahrt-nach-torun\/\" \/>\n<meta property=\"og:site_name\" content=\"Reiseblog von Karin &amp; Joachim\" \/>\n<meta property=\"article:published_time\" content=\"2023-07-24T12:11:04+00:00\" \/>\n<meta property=\"article:modified_time\" content=\"2023-07-25T04:29:33+00:00\" \/>\n<meta property=\"og:image\" content=\"https:\/\/jblanz.de\/WP\/wp-content\/uploads\/2023\/07\/Tschechien23-910.jpg\" \/>\n\t<meta property=\"og:image:width\" content=\"800\" \/>\n\t<meta property=\"og:image:height\" content=\"450\" \/>\n\t<meta property=\"og:image:type\" content=\"image\/jpeg\" \/>\n<meta name=\"author\" content=\"Achim\" \/>\n<meta name=\"twitter:card\" content=\"summary_large_image\" \/>\n<meta name=\"twitter:label1\" content=\"Verfasst von\" \/>\n\t<meta name=\"twitter:data1\" content=\"Achim\" \/>\n\t<meta name=\"twitter:label2\" content=\"Gesch\u00e4tzte Lesezeit\" \/>\n\t<meta name=\"twitter:data2\" content=\"8\u00a0Minuten\" \/>\n<script type=\"application\/ld+json\" class=\"yoast-schema-graph\">{\"@context\":\"https:\\\/\\\/schema.org\",\"@graph\":[{\"@type\":\"Article\",\"@id\":\"https:\\\/\\\/jblanz.de\\\/WP\\\/24-juli-2023-fahrt-nach-torun\\\/#article\",\"isPartOf\":{\"@id\":\"https:\\\/\\\/jblanz.de\\\/WP\\\/24-juli-2023-fahrt-nach-torun\\\/\"},\"author\":{\"name\":\"Achim\",\"@id\":\"https:\\\/\\\/jblanz.de\\\/WP\\\/#\\\/schema\\\/person\\\/17a70f07162e42bc0b181c22397286e0\"},\"headline\":\"24. Juli 2023 &#8211; Fahrt nach Toru\u0144\",\"datePublished\":\"2023-07-24T12:11:04+00:00\",\"dateModified\":\"2023-07-25T04:29:33+00:00\",\"mainEntityOfPage\":{\"@id\":\"https:\\\/\\\/jblanz.de\\\/WP\\\/24-juli-2023-fahrt-nach-torun\\\/\"},\"wordCount\":471,\"commentCount\":0,\"publisher\":{\"@id\":\"https:\\\/\\\/jblanz.de\\\/WP\\\/#\\\/schema\\\/person\\\/17a70f07162e42bc0b181c22397286e0\"},\"image\":{\"@id\":\"https:\\\/\\\/jblanz.de\\\/WP\\\/24-juli-2023-fahrt-nach-torun\\\/#primaryimage\"},\"thumbnailUrl\":\"https:\\\/\\\/jblanz.de\\\/WP\\\/wp-content\\\/uploads\\\/2023\\\/07\\\/Tschechien23-910.jpg\",\"articleSection\":[\"2023\",\"Europa\",\"Polen\"],\"inLanguage\":\"de\",\"potentialAction\":[{\"@type\":\"CommentAction\",\"name\":\"Comment\",\"target\":[\"https:\\\/\\\/jblanz.de\\\/WP\\\/24-juli-2023-fahrt-nach-torun\\\/#respond\"]}]},{\"@type\":\"WebPage\",\"@id\":\"https:\\\/\\\/jblanz.de\\\/WP\\\/24-juli-2023-fahrt-nach-torun\\\/\",\"url\":\"https:\\\/\\\/jblanz.de\\\/WP\\\/24-juli-2023-fahrt-nach-torun\\\/\",\"name\":\"24. Juli 2023 - Fahrt nach Toru\u0144 - Reiseblog von Karin &amp; Joachim\",\"isPartOf\":{\"@id\":\"https:\\\/\\\/jblanz.de\\\/WP\\\/#website\"},\"primaryImageOfPage\":{\"@id\":\"https:\\\/\\\/jblanz.de\\\/WP\\\/24-juli-2023-fahrt-nach-torun\\\/#primaryimage\"},\"image\":{\"@id\":\"https:\\\/\\\/jblanz.de\\\/WP\\\/24-juli-2023-fahrt-nach-torun\\\/#primaryimage\"},\"thumbnailUrl\":\"https:\\\/\\\/jblanz.de\\\/WP\\\/wp-content\\\/uploads\\\/2023\\\/07\\\/Tschechien23-910.jpg\",\"datePublished\":\"2023-07-24T12:11:04+00:00\",\"dateModified\":\"2023-07-25T04:29:33+00:00\",\"breadcrumb\":{\"@id\":\"https:\\\/\\\/jblanz.de\\\/WP\\\/24-juli-2023-fahrt-nach-torun\\\/#breadcrumb\"},\"inLanguage\":\"de\",\"potentialAction\":[{\"@type\":\"ReadAction\",\"target\":[\"https:\\\/\\\/jblanz.de\\\/WP\\\/24-juli-2023-fahrt-nach-torun\\\/\"]}]},{\"@type\":\"ImageObject\",\"inLanguage\":\"de\",\"@id\":\"https:\\\/\\\/jblanz.de\\\/WP\\\/24-juli-2023-fahrt-nach-torun\\\/#primaryimage\",\"url\":\"https:\\\/\\\/jblanz.de\\\/WP\\\/wp-content\\\/uploads\\\/2023\\\/07\\\/Tschechien23-910.jpg\",\"contentUrl\":\"https:\\\/\\\/jblanz.de\\\/WP\\\/wp-content\\\/uploads\\\/2023\\\/07\\\/Tschechien23-910.jpg\",\"width\":800,\"height\":450},{\"@type\":\"BreadcrumbList\",\"@id\":\"https:\\\/\\\/jblanz.de\\\/WP\\\/24-juli-2023-fahrt-nach-torun\\\/#breadcrumb\",\"itemListElement\":[{\"@type\":\"ListItem\",\"position\":1,\"name\":\"Startseite\",\"item\":\"https:\\\/\\\/jblanz.de\\\/WP\\\/\"},{\"@type\":\"ListItem\",\"position\":2,\"name\":\"24. Juli 2023 &#8211; Fahrt nach Toru\u0144\"}]},{\"@type\":\"WebSite\",\"@id\":\"https:\\\/\\\/jblanz.de\\\/WP\\\/#website\",\"url\":\"https:\\\/\\\/jblanz.de\\\/WP\\\/\",\"name\":\"Reiseblog von Karin & Joachim\",\"description\":\"Wir schreiben den Blog f\u00fcr uns als Erinnerung - f\u00fcr euch als Inspiration\",\"publisher\":{\"@id\":\"https:\\\/\\\/jblanz.de\\\/WP\\\/#\\\/schema\\\/person\\\/17a70f07162e42bc0b181c22397286e0\"},\"potentialAction\":[{\"@type\":\"SearchAction\",\"target\":{\"@type\":\"EntryPoint\",\"urlTemplate\":\"https:\\\/\\\/jblanz.de\\\/WP\\\/?s={search_term_string}\"},\"query-input\":{\"@type\":\"PropertyValueSpecification\",\"valueRequired\":true,\"valueName\":\"search_term_string\"}}],\"inLanguage\":\"de\"},{\"@type\":[\"Person\",\"Organization\"],\"@id\":\"https:\\\/\\\/jblanz.de\\\/WP\\\/#\\\/schema\\\/person\\\/17a70f07162e42bc0b181c22397286e0\",\"name\":\"Achim\",\"image\":{\"@type\":\"ImageObject\",\"inLanguage\":\"de\",\"@id\":\"https:\\\/\\\/secure.gravatar.com\\\/avatar\\\/b7ab31bc55956af4a9bebf7fd034761212b11b803b7e39464914d6abeefb12f3?s=96&d=mm&r=g\",\"url\":\"https:\\\/\\\/secure.gravatar.com\\\/avatar\\\/b7ab31bc55956af4a9bebf7fd034761212b11b803b7e39464914d6abeefb12f3?s=96&d=mm&r=g\",\"contentUrl\":\"https:\\\/\\\/secure.gravatar.com\\\/avatar\\\/b7ab31bc55956af4a9bebf7fd034761212b11b803b7e39464914d6abeefb12f3?s=96&d=mm&r=g\",\"caption\":\"Achim\"},\"logo\":{\"@id\":\"https:\\\/\\\/secure.gravatar.com\\\/avatar\\\/b7ab31bc55956af4a9bebf7fd034761212b11b803b7e39464914d6abeefb12f3?s=96&d=mm&r=g\"},\"url\":\"https:\\\/\\\/jblanz.de\\\/WP\\\/author\\\/achim\\\/\"}]}<\/script>\n<!-- \/ Yoast SEO plugin. -->","yoast_head_json":{"title":"24. Juli 2023 - Fahrt nach Toru\u0144 - Reiseblog von Karin &amp; Joachim","robots":{"index":"index","follow":"follow","max-snippet":"max-snippet:-1","max-image-preview":"max-image-preview:large","max-video-preview":"max-video-preview:-1"},"canonical":"https:\/\/jblanz.de\/WP\/24-juli-2023-fahrt-nach-torun\/","og_locale":"de_DE","og_type":"article","og_title":"24. Juli 2023 - Fahrt nach Toru\u0144 - Reiseblog von Karin &amp; Joachim","og_description":"Beide Bremsen meines Fahrrads haben total abgenutzte Bremskl\u00f6tze. Jedes Mal, wenn ich bremsen muss, kreischen die Bremsen, dass es in","og_url":"https:\/\/jblanz.de\/WP\/24-juli-2023-fahrt-nach-torun\/","og_site_name":"Reiseblog von Karin &amp; Joachim","article_published_time":"2023-07-24T12:11:04+00:00","article_modified_time":"2023-07-25T04:29:33+00:00","og_image":[{"width":800,"height":450,"url":"https:\/\/jblanz.de\/WP\/wp-content\/uploads\/2023\/07\/Tschechien23-910.jpg","type":"image\/jpeg"}],"author":"Achim","twitter_card":"summary_large_image","twitter_misc":{"Verfasst von":"Achim","Gesch\u00e4tzte Lesezeit":"8\u00a0Minuten"},"schema":{"@context":"https:\/\/schema.org","@graph":[{"@type":"Article","@id":"https:\/\/jblanz.de\/WP\/24-juli-2023-fahrt-nach-torun\/#article","isPartOf":{"@id":"https:\/\/jblanz.de\/WP\/24-juli-2023-fahrt-nach-torun\/"},"author":{"name":"Achim","@id":"https:\/\/jblanz.de\/WP\/#\/schema\/person\/17a70f07162e42bc0b181c22397286e0"},"headline":"24. Juli 2023 &#8211; Fahrt nach Toru\u0144","datePublished":"2023-07-24T12:11:04+00:00","dateModified":"2023-07-25T04:29:33+00:00","mainEntityOfPage":{"@id":"https:\/\/jblanz.de\/WP\/24-juli-2023-fahrt-nach-torun\/"},"wordCount":471,"commentCount":0,"publisher":{"@id":"https:\/\/jblanz.de\/WP\/#\/schema\/person\/17a70f07162e42bc0b181c22397286e0"},"image":{"@id":"https:\/\/jblanz.de\/WP\/24-juli-2023-fahrt-nach-torun\/#primaryimage"},"thumbnailUrl":"https:\/\/jblanz.de\/WP\/wp-content\/uploads\/2023\/07\/Tschechien23-910.jpg","articleSection":["2023","Europa","Polen"],"inLanguage":"de","potentialAction":[{"@type":"CommentAction","name":"Comment","target":["https:\/\/jblanz.de\/WP\/24-juli-2023-fahrt-nach-torun\/#respond"]}]},{"@type":"WebPage","@id":"https:\/\/jblanz.de\/WP\/24-juli-2023-fahrt-nach-torun\/","url":"https:\/\/jblanz.de\/WP\/24-juli-2023-fahrt-nach-torun\/","name":"24. Juli 2023 - Fahrt nach Toru\u0144 - Reiseblog von Karin &amp; Joachim","isPartOf":{"@id":"https:\/\/jblanz.de\/WP\/#website"},"primaryImageOfPage":{"@id":"https:\/\/jblanz.de\/WP\/24-juli-2023-fahrt-nach-torun\/#primaryimage"},"image":{"@id":"https:\/\/jblanz.de\/WP\/24-juli-2023-fahrt-nach-torun\/#primaryimage"},"thumbnailUrl":"https:\/\/jblanz.de\/WP\/wp-content\/uploads\/2023\/07\/Tschechien23-910.jpg","datePublished":"2023-07-24T12:11:04+00:00","dateModified":"2023-07-25T04:29:33+00:00","breadcrumb":{"@id":"https:\/\/jblanz.de\/WP\/24-juli-2023-fahrt-nach-torun\/#breadcrumb"},"inLanguage":"de","potentialAction":[{"@type":"ReadAction","target":["https:\/\/jblanz.de\/WP\/24-juli-2023-fahrt-nach-torun\/"]}]},{"@type":"ImageObject","inLanguage":"de","@id":"https:\/\/jblanz.de\/WP\/24-juli-2023-fahrt-nach-torun\/#primaryimage","url":"https:\/\/jblanz.de\/WP\/wp-content\/uploads\/2023\/07\/Tschechien23-910.jpg","contentUrl":"https:\/\/jblanz.de\/WP\/wp-content\/uploads\/2023\/07\/Tschechien23-910.jpg","width":800,"height":450},{"@type":"BreadcrumbList","@id":"https:\/\/jblanz.de\/WP\/24-juli-2023-fahrt-nach-torun\/#breadcrumb","itemListElement":[{"@type":"ListItem","position":1,"name":"Startseite","item":"https:\/\/jblanz.de\/WP\/"},{"@type":"ListItem","position":2,"name":"24. Juli 2023 &#8211; Fahrt nach Toru\u0144"}]},{"@type":"WebSite","@id":"https:\/\/jblanz.de\/WP\/#website","url":"https:\/\/jblanz.de\/WP\/","name":"Reiseblog von Karin & Joachim","description":"Wir schreiben den Blog f\u00fcr uns als Erinnerung - f\u00fcr euch als Inspiration","publisher":{"@id":"https:\/\/jblanz.de\/WP\/#\/schema\/person\/17a70f07162e42bc0b181c22397286e0"},"potentialAction":[{"@type":"SearchAction","target":{"@type":"EntryPoint","urlTemplate":"https:\/\/jblanz.de\/WP\/?s={search_term_string}"},"query-input":{"@type":"PropertyValueSpecification","valueRequired":true,"valueName":"search_term_string"}}],"inLanguage":"de"},{"@type":["Person","Organization"],"@id":"https:\/\/jblanz.de\/WP\/#\/schema\/person\/17a70f07162e42bc0b181c22397286e0","name":"Achim","image":{"@type":"ImageObject","inLanguage":"de","@id":"https:\/\/secure.gravatar.com\/avatar\/b7ab31bc55956af4a9bebf7fd034761212b11b803b7e39464914d6abeefb12f3?s=96&d=mm&r=g","url":"https:\/\/secure.gravatar.com\/avatar\/b7ab31bc55956af4a9bebf7fd034761212b11b803b7e39464914d6abeefb12f3?s=96&d=mm&r=g","contentUrl":"https:\/\/secure.gravatar.com\/avatar\/b7ab31bc55956af4a9bebf7fd034761212b11b803b7e39464914d6abeefb12f3?s=96&d=mm&r=g","caption":"Achim"},"logo":{"@id":"https:\/\/secure.gravatar.com\/avatar\/b7ab31bc55956af4a9bebf7fd034761212b11b803b7e39464914d6abeefb12f3?s=96&d=mm&r=g"},"url":"https:\/\/jblanz.de\/WP\/author\/achim\/"}]}},"_links":{"self":[{"href":"https:\/\/jblanz.de\/WP\/wp-json\/wp\/v2\/posts\/15631","targetHints":{"allow":["GET"]}}],"collection":[{"href":"https:\/\/jblanz.de\/WP\/wp-json\/wp\/v2\/posts"}],"about":[{"href":"https:\/\/jblanz.de\/WP\/wp-json\/wp\/v2\/types\/post"}],"author":[{"embeddable":true,"href":"https:\/\/jblanz.de\/WP\/wp-json\/wp\/v2\/users\/1"}],"replies":[{"embeddable":true,"href":"https:\/\/jblanz.de\/WP\/wp-json\/wp\/v2\/comments?post=15631"}],"version-history":[{"count":0,"href":"https:\/\/jblanz.de\/WP\/wp-json\/wp\/v2\/posts\/15631\/revisions"}],"wp:featuredmedia":[{"embeddable":true,"href":"https:\/\/jblanz.de\/WP\/wp-json\/wp\/v2\/media\/15640"}],"wp:attachment":[{"href":"https:\/\/jblanz.de\/WP\/wp-json\/wp\/v2\/media?parent=15631"}],"wp:term":[{"taxonomy":"category","embeddable":true,"href":"https:\/\/jblanz.de\/WP\/wp-json\/wp\/v2\/categories?post=15631"},{"taxonomy":"post_tag","embeddable":true,"href":"https:\/\/jblanz.de\/WP\/wp-json\/wp\/v2\/tags?post=15631"}],"curies":[{"name":"wp","href":"https:\/\/api.w.org\/{rel}","templated":true}]}}