{"id":15789,"date":"2023-07-26T16:32:39","date_gmt":"2023-07-26T14:32:39","guid":{"rendered":"https:\/\/jblanz.de\/WP\/?p=15789"},"modified":"2023-07-26T18:07:23","modified_gmt":"2023-07-26T16:07:23","slug":"26-juli-2023-oberlandkanal","status":"publish","type":"post","link":"https:\/\/jblanz.de\/WP\/26-juli-2023-oberlandkanal\/","title":{"rendered":"26. Juli 2023 &#8211; Oberlandkanal"},"content":{"rendered":"\n<p>Gestern Abend versuchen wir Tickets f\u00fcr eine Bootsfahrt auf dem Oberlandkanal zu bekommen. Leider sind alle Pl\u00e4tze f\u00fcr die morgentlichen Touren von Elbing nach Buczyniec (dt. Buchwalde) ausverkauft. Vielleicht war es Schicksal, denn als wir heute morgen losfahren, regnet es in Str\u00f6men und Temperatur ist auf 15 \u00b0C gesunken. Zum Gl\u00fcck dauern die Schauer nur kurze Zeit. Wir fahren zur Endstation der 4Std 40 Min dauernden Tour in Buchwalde. Direkt am Kanal liegt ein kleiner Camping und wir d\u00fcrfen nach Absprache mit dem Besitzer f\u00fcr 10 PLN solange parken, wie wir wollen. <\/p>\n\n\n\n<p>Der Osterode-Elbinger Kanal, auch Elbinger Kanal genannt, bildet ein einzigartiges Wasserwegsystem, das die westmasurischen (oberl\u00e4ndischen) Seen mit dem Frischen Haff verbindet. Baubeginn war 1844 und offizielle Er\u00f6ffnung im Jahr 1860. Seine Besonderheit beruht auf der \u00dcberwindung eines ca. 100 m gro\u00dfen Wasserstandunterschiedes mithilfe vom Schleusen- und Rollbergensystem. Die Rollberge sind Schienenaufzugsanlagen, die mechanisch mit der Wasserdurchflusskraft angetrieben werden. Die Geschichte des Kanals kann unter <a href=\"https:\/\/www.zegluga.com.pl\/de\/unsere-geschichte\/\" target=\"_blank\" rel=\"noreferrer noopener\">https:\/\/www.zegluga.com.pl\/de\/unsere-geschichte\/<\/a> nachgelesen werden.<\/p>\n\n\n\n<p>Kaum da, beginnt das Spektakel. Der Campingbesitzer erkl\u00e4rt uns in gutem Englisch, dass st\u00e4ndig Schiffe bef\u00f6rdert werden. Es fahren 11 kommerzielle Ausflugsschiffe und die Aufz\u00fcge k\u00f6nnen auch von privaten Schiffen und sogar von Paddlern genutzt werden. Wir m\u00fcssten nicht lange warten. Und tats\u00e4chlich setzten sich die dicken Stahlseile nach wenigen Minuten in Bewegung und wie von Geisterhand wuchs aus dem Wasser ein Stahlgestell hervor, das sich bergauf bewegte. Bald darauf erschien am oberen Ende ein Schiff huckepack auf so einem Bef\u00f6rderungsschlitten, glitt langsam an uns vorbei und tauchte unten wieder ins Wasser ein. Kaum im Wasser schwamm das Schiff frei und fuhr weiter. Die Passagier blieben an Bord. Der Transport von oben nach unten dauerte nur etwa 5 Minuten.<\/p>\n\n\n\n<figure class=\"wp-block-gallery has-nested-images columns-2 is-cropped wp-block-gallery-2 is-layout-flex wp-block-gallery-is-layout-flex\">\n<figure class=\"wp-block-image size-large\"><img loading=\"lazy\" decoding=\"async\" width=\"800\" height=\"450\" data-id=\"15800\" src=\"https:\/\/jblanz.de\/WP\/wp-content\/uploads\/2023\/07\/Tschechien23-992.jpg\" alt=\"\" class=\"wp-image-15800\" srcset=\"https:\/\/jblanz.de\/WP\/wp-content\/uploads\/2023\/07\/Tschechien23-992.jpg 800w, https:\/\/jblanz.de\/WP\/wp-content\/uploads\/2023\/07\/Tschechien23-992-300x169.jpg 300w, https:\/\/jblanz.de\/WP\/wp-content\/uploads\/2023\/07\/Tschechien23-992-768x432.jpg 768w\" sizes=\"auto, (max-width: 800px) 100vw, 800px\" \/><\/figure>\n\n\n\n<figure class=\"wp-block-image size-large\"><img loading=\"lazy\" decoding=\"async\" width=\"800\" height=\"450\" data-id=\"15801\" src=\"https:\/\/jblanz.de\/WP\/wp-content\/uploads\/2023\/07\/Tschechien23-994.jpg\" alt=\"\" class=\"wp-image-15801\" srcset=\"https:\/\/jblanz.de\/WP\/wp-content\/uploads\/2023\/07\/Tschechien23-994.jpg 800w, https:\/\/jblanz.de\/WP\/wp-content\/uploads\/2023\/07\/Tschechien23-994-300x169.jpg 300w, https:\/\/jblanz.de\/WP\/wp-content\/uploads\/2023\/07\/Tschechien23-994-768x432.jpg 768w\" sizes=\"auto, (max-width: 800px) 100vw, 800px\" \/><\/figure>\n\n\n\n<figure class=\"wp-block-image size-large\"><img loading=\"lazy\" decoding=\"async\" width=\"800\" height=\"450\" data-id=\"15803\" src=\"https:\/\/jblanz.de\/WP\/wp-content\/uploads\/2023\/07\/Tschechien23-993.jpg\" alt=\"\" class=\"wp-image-15803\" srcset=\"https:\/\/jblanz.de\/WP\/wp-content\/uploads\/2023\/07\/Tschechien23-993.jpg 800w, https:\/\/jblanz.de\/WP\/wp-content\/uploads\/2023\/07\/Tschechien23-993-300x169.jpg 300w, https:\/\/jblanz.de\/WP\/wp-content\/uploads\/2023\/07\/Tschechien23-993-768x432.jpg 768w\" sizes=\"auto, (max-width: 800px) 100vw, 800px\" \/><\/figure>\n\n\n\n<figure class=\"wp-block-image size-large\"><img loading=\"lazy\" decoding=\"async\" width=\"800\" height=\"450\" data-id=\"15804\" src=\"https:\/\/jblanz.de\/WP\/wp-content\/uploads\/2023\/07\/Tschechien23-1001.jpg\" alt=\"\" class=\"wp-image-15804\" srcset=\"https:\/\/jblanz.de\/WP\/wp-content\/uploads\/2023\/07\/Tschechien23-1001.jpg 800w, https:\/\/jblanz.de\/WP\/wp-content\/uploads\/2023\/07\/Tschechien23-1001-300x169.jpg 300w, https:\/\/jblanz.de\/WP\/wp-content\/uploads\/2023\/07\/Tschechien23-1001-768x432.jpg 768w\" sizes=\"auto, (max-width: 800px) 100vw, 800px\" \/><\/figure>\n\n\n\n<figure class=\"wp-block-image size-large\"><img loading=\"lazy\" decoding=\"async\" width=\"800\" height=\"450\" data-id=\"15799\" src=\"https:\/\/jblanz.de\/WP\/wp-content\/uploads\/2023\/07\/Tschechien23-1003.jpg\" alt=\"\" class=\"wp-image-15799\" srcset=\"https:\/\/jblanz.de\/WP\/wp-content\/uploads\/2023\/07\/Tschechien23-1003.jpg 800w, https:\/\/jblanz.de\/WP\/wp-content\/uploads\/2023\/07\/Tschechien23-1003-300x169.jpg 300w, https:\/\/jblanz.de\/WP\/wp-content\/uploads\/2023\/07\/Tschechien23-1003-768x432.jpg 768w\" sizes=\"auto, (max-width: 800px) 100vw, 800px\" \/><\/figure>\n\n\n\n<figure class=\"wp-block-image size-large\"><img loading=\"lazy\" decoding=\"async\" width=\"800\" height=\"450\" data-id=\"15802\" src=\"https:\/\/jblanz.de\/WP\/wp-content\/uploads\/2023\/07\/Tschechien23-1006.jpg\" alt=\"\" class=\"wp-image-15802\" srcset=\"https:\/\/jblanz.de\/WP\/wp-content\/uploads\/2023\/07\/Tschechien23-1006.jpg 800w, https:\/\/jblanz.de\/WP\/wp-content\/uploads\/2023\/07\/Tschechien23-1006-300x169.jpg 300w, https:\/\/jblanz.de\/WP\/wp-content\/uploads\/2023\/07\/Tschechien23-1006-768x432.jpg 768w\" sizes=\"auto, (max-width: 800px) 100vw, 800px\" \/><\/figure>\n<\/figure>\n\n\n\n<p>Unten wartete bereits ein gr\u00f6sseres Ausflugsschiff, das am Morgen in Elbing losgefahren war. <\/p>\n\n\n\n<figure class=\"wp-block-gallery has-nested-images columns-2 is-cropped wp-block-gallery-3 is-layout-flex wp-block-gallery-is-layout-flex\">\n<figure class=\"wp-block-image size-large\"><img loading=\"lazy\" decoding=\"async\" width=\"800\" height=\"450\" data-id=\"15813\" src=\"https:\/\/jblanz.de\/WP\/wp-content\/uploads\/2023\/07\/Tschechien23-1007.jpg\" alt=\"\" class=\"wp-image-15813\" srcset=\"https:\/\/jblanz.de\/WP\/wp-content\/uploads\/2023\/07\/Tschechien23-1007.jpg 800w, https:\/\/jblanz.de\/WP\/wp-content\/uploads\/2023\/07\/Tschechien23-1007-300x169.jpg 300w, https:\/\/jblanz.de\/WP\/wp-content\/uploads\/2023\/07\/Tschechien23-1007-768x432.jpg 768w\" sizes=\"auto, (max-width: 800px) 100vw, 800px\" \/><\/figure>\n\n\n\n<figure class=\"wp-block-image size-large\"><img loading=\"lazy\" decoding=\"async\" width=\"800\" height=\"450\" data-id=\"15815\" src=\"https:\/\/jblanz.de\/WP\/wp-content\/uploads\/2023\/07\/Tschechien23-1008.jpg\" alt=\"\" class=\"wp-image-15815\" srcset=\"https:\/\/jblanz.de\/WP\/wp-content\/uploads\/2023\/07\/Tschechien23-1008.jpg 800w, https:\/\/jblanz.de\/WP\/wp-content\/uploads\/2023\/07\/Tschechien23-1008-300x169.jpg 300w, https:\/\/jblanz.de\/WP\/wp-content\/uploads\/2023\/07\/Tschechien23-1008-768x432.jpg 768w\" sizes=\"auto, (max-width: 800px) 100vw, 800px\" \/><\/figure>\n\n\n\n<figure class=\"wp-block-image size-large\"><img loading=\"lazy\" decoding=\"async\" width=\"675\" height=\"450\" data-id=\"15810\" src=\"https:\/\/jblanz.de\/WP\/wp-content\/uploads\/2023\/07\/Tschechien23-1009.jpg\" alt=\"\" class=\"wp-image-15810\" srcset=\"https:\/\/jblanz.de\/WP\/wp-content\/uploads\/2023\/07\/Tschechien23-1009.jpg 675w, https:\/\/jblanz.de\/WP\/wp-content\/uploads\/2023\/07\/Tschechien23-1009-300x200.jpg 300w\" sizes=\"auto, (max-width: 675px) 100vw, 675px\" \/><\/figure>\n\n\n\n<figure class=\"wp-block-image size-large\"><img loading=\"lazy\" decoding=\"async\" width=\"800\" height=\"450\" data-id=\"15808\" src=\"https:\/\/jblanz.de\/WP\/wp-content\/uploads\/2023\/07\/Tschechien23-1010.jpg\" alt=\"\" class=\"wp-image-15808\" srcset=\"https:\/\/jblanz.de\/WP\/wp-content\/uploads\/2023\/07\/Tschechien23-1010.jpg 800w, https:\/\/jblanz.de\/WP\/wp-content\/uploads\/2023\/07\/Tschechien23-1010-300x169.jpg 300w, https:\/\/jblanz.de\/WP\/wp-content\/uploads\/2023\/07\/Tschechien23-1010-768x432.jpg 768w\" sizes=\"auto, (max-width: 800px) 100vw, 800px\" \/><\/figure>\n\n\n\n<figure class=\"wp-block-image size-large\"><img loading=\"lazy\" decoding=\"async\" width=\"675\" height=\"450\" data-id=\"15812\" src=\"https:\/\/jblanz.de\/WP\/wp-content\/uploads\/2023\/07\/Tschechien23-1011.jpg\" alt=\"\" class=\"wp-image-15812\" srcset=\"https:\/\/jblanz.de\/WP\/wp-content\/uploads\/2023\/07\/Tschechien23-1011.jpg 675w, https:\/\/jblanz.de\/WP\/wp-content\/uploads\/2023\/07\/Tschechien23-1011-300x200.jpg 300w\" sizes=\"auto, (max-width: 675px) 100vw, 675px\" \/><\/figure>\n\n\n\n<figure class=\"wp-block-image size-large\"><img loading=\"lazy\" decoding=\"async\" width=\"800\" height=\"450\" data-id=\"15809\" src=\"https:\/\/jblanz.de\/WP\/wp-content\/uploads\/2023\/07\/Tschechien23-1012.jpg\" alt=\"\" class=\"wp-image-15809\" srcset=\"https:\/\/jblanz.de\/WP\/wp-content\/uploads\/2023\/07\/Tschechien23-1012.jpg 800w, https:\/\/jblanz.de\/WP\/wp-content\/uploads\/2023\/07\/Tschechien23-1012-300x169.jpg 300w, https:\/\/jblanz.de\/WP\/wp-content\/uploads\/2023\/07\/Tschechien23-1012-768x432.jpg 768w\" sizes=\"auto, (max-width: 800px) 100vw, 800px\" \/><\/figure>\n\n\n\n<figure class=\"wp-block-image size-large\"><img loading=\"lazy\" decoding=\"async\" width=\"800\" height=\"450\" data-id=\"15807\" src=\"https:\/\/jblanz.de\/WP\/wp-content\/uploads\/2023\/07\/Tschechien23-1014.jpg\" alt=\"\" class=\"wp-image-15807\" srcset=\"https:\/\/jblanz.de\/WP\/wp-content\/uploads\/2023\/07\/Tschechien23-1014.jpg 800w, https:\/\/jblanz.de\/WP\/wp-content\/uploads\/2023\/07\/Tschechien23-1014-300x169.jpg 300w, https:\/\/jblanz.de\/WP\/wp-content\/uploads\/2023\/07\/Tschechien23-1014-768x432.jpg 768w\" sizes=\"auto, (max-width: 800px) 100vw, 800px\" \/><\/figure>\n\n\n\n<figure class=\"wp-block-image size-full\"><img loading=\"lazy\" decoding=\"async\" width=\"800\" height=\"450\" data-id=\"15811\" src=\"https:\/\/jblanz.de\/WP\/wp-content\/uploads\/2023\/07\/Tschechien23-1015.jpg\" alt=\"\" class=\"wp-image-15811\" srcset=\"https:\/\/jblanz.de\/WP\/wp-content\/uploads\/2023\/07\/Tschechien23-1015.jpg 800w, https:\/\/jblanz.de\/WP\/wp-content\/uploads\/2023\/07\/Tschechien23-1015-300x169.jpg 300w, https:\/\/jblanz.de\/WP\/wp-content\/uploads\/2023\/07\/Tschechien23-1015-768x432.jpg 768w\" sizes=\"auto, (max-width: 800px) 100vw, 800px\" \/><\/figure>\n<\/figure>\n\n\n\n<p>Wir gehen den Hang hoch, um die obere Austiegsstelle zu besichtigen. Jetzt geht es Schlag auf Schlag. Das Gestell wird sofort wieder beladen, denn oben warten mehrere Boote. Das Ausflugsboot dreht um, entl\u00e4sst seine Passagiere denn hier ist Endstation und die Passagiere zur\u00fcck nach Elbing warten schon. Der Schlitten bergauf sieht skuril aus, denn nur ein Kajak mit 2 Personen wird bef\u00f6rdert. Die Passagiere beider Schlitten winken sich fr\u00f6hlich zu, als sie sich begegnen.<\/p>\n\n\n\n<figure class=\"wp-block-gallery has-nested-images columns-default is-cropped wp-block-gallery-4 is-layout-flex wp-block-gallery-is-layout-flex\">\n<figure class=\"wp-block-image size-large\"><img loading=\"lazy\" decoding=\"async\" width=\"800\" height=\"450\" data-id=\"15818\" src=\"https:\/\/jblanz.de\/WP\/wp-content\/uploads\/2023\/07\/Tschechien23-1028.jpg\" alt=\"\" class=\"wp-image-15818\" srcset=\"https:\/\/jblanz.de\/WP\/wp-content\/uploads\/2023\/07\/Tschechien23-1028.jpg 800w, https:\/\/jblanz.de\/WP\/wp-content\/uploads\/2023\/07\/Tschechien23-1028-300x169.jpg 300w, https:\/\/jblanz.de\/WP\/wp-content\/uploads\/2023\/07\/Tschechien23-1028-768x432.jpg 768w\" sizes=\"auto, (max-width: 800px) 100vw, 800px\" \/><\/figure>\n\n\n\n<figure class=\"wp-block-image size-large\"><img loading=\"lazy\" decoding=\"async\" width=\"800\" height=\"450\" data-id=\"15819\" src=\"https:\/\/jblanz.de\/WP\/wp-content\/uploads\/2023\/07\/Tschechien23-1032.jpg\" alt=\"\" class=\"wp-image-15819\" srcset=\"https:\/\/jblanz.de\/WP\/wp-content\/uploads\/2023\/07\/Tschechien23-1032.jpg 800w, https:\/\/jblanz.de\/WP\/wp-content\/uploads\/2023\/07\/Tschechien23-1032-300x169.jpg 300w, https:\/\/jblanz.de\/WP\/wp-content\/uploads\/2023\/07\/Tschechien23-1032-768x432.jpg 768w\" sizes=\"auto, (max-width: 800px) 100vw, 800px\" \/><\/figure>\n<\/figure>\n\n\n\n<p>Wir haben uns entschlossen noch etwas in Masuren zu bleiben und an einem See zu \u00fcbernachten. Leider sind die Strassen zwischen den Ortschaften hundeschlecht. Die st\u00e4ndigen Flicken und Schlagl\u00f6cher sind eine Belastungsprobe f\u00fcr unser ganzes Fahrzeug. Immer wieder fallen Gegenst\u00e4nde fast herunter, die wir nur auf das Bett gelegt haben. Aber wir fahren durch sehr sch\u00f6ne Alleen mit alten Eichen. Auf beiden Seiten der Strasse steht oft noch der Winterraps oder wir fahren durch dichte Waldabschnitte.<\/p>\n\n\n\n<figure class=\"wp-block-gallery has-nested-images columns-2 is-cropped wp-block-gallery-5 is-layout-flex wp-block-gallery-is-layout-flex\">\n<figure class=\"wp-block-image size-large\"><img loading=\"lazy\" decoding=\"async\" width=\"800\" height=\"450\" data-id=\"15823\" src=\"https:\/\/jblanz.de\/WP\/wp-content\/uploads\/2023\/07\/Tschechien23-1035.jpg\" alt=\"\" class=\"wp-image-15823\" srcset=\"https:\/\/jblanz.de\/WP\/wp-content\/uploads\/2023\/07\/Tschechien23-1035.jpg 800w, https:\/\/jblanz.de\/WP\/wp-content\/uploads\/2023\/07\/Tschechien23-1035-300x169.jpg 300w, https:\/\/jblanz.de\/WP\/wp-content\/uploads\/2023\/07\/Tschechien23-1035-768x432.jpg 768w\" sizes=\"auto, (max-width: 800px) 100vw, 800px\" \/><\/figure>\n\n\n\n<figure class=\"wp-block-image size-large\"><img loading=\"lazy\" decoding=\"async\" width=\"675\" height=\"450\" data-id=\"15824\" src=\"https:\/\/jblanz.de\/WP\/wp-content\/uploads\/2023\/07\/Tschechien23-1041.jpg\" alt=\"\" class=\"wp-image-15824\" srcset=\"https:\/\/jblanz.de\/WP\/wp-content\/uploads\/2023\/07\/Tschechien23-1041.jpg 675w, https:\/\/jblanz.de\/WP\/wp-content\/uploads\/2023\/07\/Tschechien23-1041-300x200.jpg 300w\" sizes=\"auto, (max-width: 675px) 100vw, 675px\" \/><\/figure>\n\n\n\n<figure class=\"wp-block-image size-large\"><img loading=\"lazy\" decoding=\"async\" width=\"800\" height=\"450\" data-id=\"15826\" src=\"https:\/\/jblanz.de\/WP\/wp-content\/uploads\/2023\/07\/Tschechien23-1037.jpg\" alt=\"\" class=\"wp-image-15826\" srcset=\"https:\/\/jblanz.de\/WP\/wp-content\/uploads\/2023\/07\/Tschechien23-1037.jpg 800w, https:\/\/jblanz.de\/WP\/wp-content\/uploads\/2023\/07\/Tschechien23-1037-300x169.jpg 300w, https:\/\/jblanz.de\/WP\/wp-content\/uploads\/2023\/07\/Tschechien23-1037-768x432.jpg 768w\" sizes=\"auto, (max-width: 800px) 100vw, 800px\" \/><\/figure>\n\n\n\n<figure class=\"wp-block-image size-large\"><img loading=\"lazy\" decoding=\"async\" width=\"800\" height=\"450\" data-id=\"15825\" src=\"https:\/\/jblanz.de\/WP\/wp-content\/uploads\/2023\/07\/Tschechien23-1039.jpg\" alt=\"\" class=\"wp-image-15825\" srcset=\"https:\/\/jblanz.de\/WP\/wp-content\/uploads\/2023\/07\/Tschechien23-1039.jpg 800w, https:\/\/jblanz.de\/WP\/wp-content\/uploads\/2023\/07\/Tschechien23-1039-300x169.jpg 300w, https:\/\/jblanz.de\/WP\/wp-content\/uploads\/2023\/07\/Tschechien23-1039-768x432.jpg 768w\" sizes=\"auto, (max-width: 800px) 100vw, 800px\" \/><\/figure>\n<\/figure>\n\n\n\n<p>Schliesslich finden wir einen einfachen Camping am See Jeziorak in Siemiany, der jedoch auf einer schr\u00e4g abfallenden Wiese liegt. Nur mit M\u00fche k\u00f6nnen wir einen Platz finden, der einigermassen eben ist. Wir gehen gleich in einer Art Biergarten essen. Selbstbedienung, gl\u00fccklicherweise kann eine K\u00f6chin gut englisch und wir k\u00f6nnen einfach bestellen und werden sogar benachrichtigt, als unser Essen fertig ist. Eine Sonderbehandlung, denn die anderen G\u00e4ste werden nur per Nummer \u00fcber einen Lautsprecher informiert, wenn ihr Essen abholbereit ist. Es gibt Schweinebraten mit Kartoffelkl\u00f6ssen und Kartoffelpuffer mit Sauerrahm. W\u00e4hrend des Essens schwirren Schw\u00e4rme von kleinen K\u00e4fern um uns herum und landen immer wieder im Bier und im Essen. Die G\u00e4ste sind weitgehend Segler, die wegen des bescheidenen Wetters in der Marine vor Anker gehen. Der See ist der l\u00e4ngste See Polens, 25 km lang. Leider ist das Wasser am Ufer nicht besonders einladend und bei Temperaturen von weniger als 20 \u00b0C verzichten wir auf ein Bad.<\/p>\n\n\n\n<figure class=\"wp-block-gallery has-nested-images columns-2 is-cropped wp-block-gallery-6 is-layout-flex wp-block-gallery-is-layout-flex\">\n<figure class=\"wp-block-image size-large\"><img loading=\"lazy\" decoding=\"async\" width=\"800\" height=\"450\" data-id=\"15832\" src=\"https:\/\/jblanz.de\/WP\/wp-content\/uploads\/2023\/07\/Tschechien23-1042.jpg\" alt=\"\" class=\"wp-image-15832\" srcset=\"https:\/\/jblanz.de\/WP\/wp-content\/uploads\/2023\/07\/Tschechien23-1042.jpg 800w, https:\/\/jblanz.de\/WP\/wp-content\/uploads\/2023\/07\/Tschechien23-1042-300x169.jpg 300w, https:\/\/jblanz.de\/WP\/wp-content\/uploads\/2023\/07\/Tschechien23-1042-768x432.jpg 768w\" sizes=\"auto, (max-width: 800px) 100vw, 800px\" \/><\/figure>\n\n\n\n<figure class=\"wp-block-image size-large\"><img loading=\"lazy\" decoding=\"async\" width=\"800\" height=\"450\" data-id=\"15830\" src=\"https:\/\/jblanz.de\/WP\/wp-content\/uploads\/2023\/07\/Tschechien23-1044.jpg\" alt=\"\" class=\"wp-image-15830\" srcset=\"https:\/\/jblanz.de\/WP\/wp-content\/uploads\/2023\/07\/Tschechien23-1044.jpg 800w, https:\/\/jblanz.de\/WP\/wp-content\/uploads\/2023\/07\/Tschechien23-1044-300x169.jpg 300w, https:\/\/jblanz.de\/WP\/wp-content\/uploads\/2023\/07\/Tschechien23-1044-768x432.jpg 768w\" sizes=\"auto, (max-width: 800px) 100vw, 800px\" \/><\/figure>\n\n\n\n<figure class=\"wp-block-image size-large\"><img loading=\"lazy\" decoding=\"async\" width=\"800\" height=\"450\" data-id=\"15831\" src=\"https:\/\/jblanz.de\/WP\/wp-content\/uploads\/2023\/07\/Tschechien23-1045.jpg\" alt=\"\" class=\"wp-image-15831\" srcset=\"https:\/\/jblanz.de\/WP\/wp-content\/uploads\/2023\/07\/Tschechien23-1045.jpg 800w, https:\/\/jblanz.de\/WP\/wp-content\/uploads\/2023\/07\/Tschechien23-1045-300x169.jpg 300w, https:\/\/jblanz.de\/WP\/wp-content\/uploads\/2023\/07\/Tschechien23-1045-768x432.jpg 768w\" sizes=\"auto, (max-width: 800px) 100vw, 800px\" \/><\/figure>\n\n\n\n<figure class=\"wp-block-image size-large\"><img loading=\"lazy\" decoding=\"async\" width=\"800\" height=\"450\" data-id=\"15829\" src=\"https:\/\/jblanz.de\/WP\/wp-content\/uploads\/2023\/07\/Tschechien23-1046.jpg\" alt=\"\" class=\"wp-image-15829\" srcset=\"https:\/\/jblanz.de\/WP\/wp-content\/uploads\/2023\/07\/Tschechien23-1046.jpg 800w, https:\/\/jblanz.de\/WP\/wp-content\/uploads\/2023\/07\/Tschechien23-1046-300x169.jpg 300w, https:\/\/jblanz.de\/WP\/wp-content\/uploads\/2023\/07\/Tschechien23-1046-768x432.jpg 768w\" sizes=\"auto, (max-width: 800px) 100vw, 800px\" \/><\/figure>\n<\/figure>\n\n\n\n<p>Noch eine Geschichte am Rande. In Torun ging Karin in einer B\u00e4ckerei Brot kaufen und liess es gleich in Scheiben schneiden. Zu unserem Erstaunen wiesen die Scheiben rote Flecken auf. Wir dachten erst, dass rote Johannisbeeren im Teig eingebacken w\u00e4ren. Eine genauere geschmackliche Untersuchung ergab jedoch, dass die roten Flecken von Rote Beete St\u00fcckchen herr\u00fchren. Sieht auf jeden Fall interessant aus.<\/p>\n\n\n\n<figure class=\"wp-block-image size-full\"><img loading=\"lazy\" decoding=\"async\" width=\"800\" height=\"450\" src=\"https:\/\/jblanz.de\/WP\/wp-content\/uploads\/2023\/07\/Tschechien23-985.jpg\" alt=\"\" class=\"wp-image-15794\" srcset=\"https:\/\/jblanz.de\/WP\/wp-content\/uploads\/2023\/07\/Tschechien23-985.jpg 800w, https:\/\/jblanz.de\/WP\/wp-content\/uploads\/2023\/07\/Tschechien23-985-300x169.jpg 300w, https:\/\/jblanz.de\/WP\/wp-content\/uploads\/2023\/07\/Tschechien23-985-768x432.jpg 768w\" sizes=\"auto, (max-width: 800px) 100vw, 800px\" \/><\/figure>\n","protected":false},"excerpt":{"rendered":"<p>Gestern Abend versuchen wir Tickets f\u00fcr eine Bootsfahrt auf dem Oberlandkanal zu bekommen. Leider sind alle Pl\u00e4tze f\u00fcr die morgentlichen<\/p>\n","protected":false},"author":1,"featured_media":15811,"comment_status":"open","ping_status":"open","sticky":false,"template":"","format":"standard","meta":{"colormag_page_container_layout":"default_layout","colormag_page_sidebar_layout":"default_layout","_monsterinsights_skip_tracking":false,"_monsterinsights_sitenote_active":false,"_monsterinsights_sitenote_note":"","_monsterinsights_sitenote_category":0,"footnotes":""},"categories":[262,159,264],"tags":[],"class_list":["post-15789","post","type-post","status-publish","format-standard","has-post-thumbnail","hentry","category-262","category-europa","category-polen"],"yoast_head":"<!-- This site is optimized with the Yoast SEO plugin v27.4 - https:\/\/yoast.com\/product\/yoast-seo-wordpress\/ -->\n<title>26. Juli 2023 - Oberlandkanal - Reiseblog von Karin &amp; Joachim<\/title>\n<meta name=\"robots\" content=\"index, follow, max-snippet:-1, max-image-preview:large, max-video-preview:-1\" \/>\n<link rel=\"canonical\" href=\"https:\/\/jblanz.de\/WP\/26-juli-2023-oberlandkanal\/\" \/>\n<meta property=\"og:locale\" content=\"de_DE\" \/>\n<meta property=\"og:type\" content=\"article\" \/>\n<meta property=\"og:title\" content=\"26. Juli 2023 - Oberlandkanal - Reiseblog von Karin &amp; Joachim\" \/>\n<meta property=\"og:description\" content=\"Gestern Abend versuchen wir Tickets f\u00fcr eine Bootsfahrt auf dem Oberlandkanal zu bekommen. Leider sind alle Pl\u00e4tze f\u00fcr die morgentlichen\" \/>\n<meta property=\"og:url\" content=\"https:\/\/jblanz.de\/WP\/26-juli-2023-oberlandkanal\/\" \/>\n<meta property=\"og:site_name\" content=\"Reiseblog von Karin &amp; Joachim\" \/>\n<meta property=\"article:published_time\" content=\"2023-07-26T14:32:39+00:00\" \/>\n<meta property=\"article:modified_time\" content=\"2023-07-26T16:07:23+00:00\" \/>\n<meta property=\"og:image\" content=\"https:\/\/jblanz.de\/WP\/wp-content\/uploads\/2023\/07\/Tschechien23-1015.jpg\" \/>\n\t<meta property=\"og:image:width\" content=\"800\" \/>\n\t<meta property=\"og:image:height\" content=\"450\" \/>\n\t<meta property=\"og:image:type\" content=\"image\/jpeg\" \/>\n<meta name=\"author\" content=\"Achim\" \/>\n<meta name=\"twitter:card\" content=\"summary_large_image\" \/>\n<meta name=\"twitter:label1\" content=\"Verfasst von\" \/>\n\t<meta name=\"twitter:data1\" content=\"Achim\" \/>\n\t<meta name=\"twitter:label2\" content=\"Gesch\u00e4tzte Lesezeit\" \/>\n\t<meta name=\"twitter:data2\" content=\"9\u00a0Minuten\" \/>\n<script type=\"application\/ld+json\" class=\"yoast-schema-graph\">{\"@context\":\"https:\\\/\\\/schema.org\",\"@graph\":[{\"@type\":\"Article\",\"@id\":\"https:\\\/\\\/jblanz.de\\\/WP\\\/26-juli-2023-oberlandkanal\\\/#article\",\"isPartOf\":{\"@id\":\"https:\\\/\\\/jblanz.de\\\/WP\\\/26-juli-2023-oberlandkanal\\\/\"},\"author\":{\"name\":\"Achim\",\"@id\":\"https:\\\/\\\/jblanz.de\\\/WP\\\/#\\\/schema\\\/person\\\/17a70f07162e42bc0b181c22397286e0\"},\"headline\":\"26. Juli 2023 &#8211; Oberlandkanal\",\"datePublished\":\"2023-07-26T14:32:39+00:00\",\"dateModified\":\"2023-07-26T16:07:23+00:00\",\"mainEntityOfPage\":{\"@id\":\"https:\\\/\\\/jblanz.de\\\/WP\\\/26-juli-2023-oberlandkanal\\\/\"},\"wordCount\":701,\"commentCount\":0,\"publisher\":{\"@id\":\"https:\\\/\\\/jblanz.de\\\/WP\\\/#\\\/schema\\\/person\\\/17a70f07162e42bc0b181c22397286e0\"},\"image\":{\"@id\":\"https:\\\/\\\/jblanz.de\\\/WP\\\/26-juli-2023-oberlandkanal\\\/#primaryimage\"},\"thumbnailUrl\":\"https:\\\/\\\/jblanz.de\\\/WP\\\/wp-content\\\/uploads\\\/2023\\\/07\\\/Tschechien23-1015.jpg\",\"articleSection\":[\"2023\",\"Europa\",\"Polen\"],\"inLanguage\":\"de\",\"potentialAction\":[{\"@type\":\"CommentAction\",\"name\":\"Comment\",\"target\":[\"https:\\\/\\\/jblanz.de\\\/WP\\\/26-juli-2023-oberlandkanal\\\/#respond\"]}]},{\"@type\":\"WebPage\",\"@id\":\"https:\\\/\\\/jblanz.de\\\/WP\\\/26-juli-2023-oberlandkanal\\\/\",\"url\":\"https:\\\/\\\/jblanz.de\\\/WP\\\/26-juli-2023-oberlandkanal\\\/\",\"name\":\"26. Juli 2023 - Oberlandkanal - Reiseblog von Karin &amp; Joachim\",\"isPartOf\":{\"@id\":\"https:\\\/\\\/jblanz.de\\\/WP\\\/#website\"},\"primaryImageOfPage\":{\"@id\":\"https:\\\/\\\/jblanz.de\\\/WP\\\/26-juli-2023-oberlandkanal\\\/#primaryimage\"},\"image\":{\"@id\":\"https:\\\/\\\/jblanz.de\\\/WP\\\/26-juli-2023-oberlandkanal\\\/#primaryimage\"},\"thumbnailUrl\":\"https:\\\/\\\/jblanz.de\\\/WP\\\/wp-content\\\/uploads\\\/2023\\\/07\\\/Tschechien23-1015.jpg\",\"datePublished\":\"2023-07-26T14:32:39+00:00\",\"dateModified\":\"2023-07-26T16:07:23+00:00\",\"breadcrumb\":{\"@id\":\"https:\\\/\\\/jblanz.de\\\/WP\\\/26-juli-2023-oberlandkanal\\\/#breadcrumb\"},\"inLanguage\":\"de\",\"potentialAction\":[{\"@type\":\"ReadAction\",\"target\":[\"https:\\\/\\\/jblanz.de\\\/WP\\\/26-juli-2023-oberlandkanal\\\/\"]}]},{\"@type\":\"ImageObject\",\"inLanguage\":\"de\",\"@id\":\"https:\\\/\\\/jblanz.de\\\/WP\\\/26-juli-2023-oberlandkanal\\\/#primaryimage\",\"url\":\"https:\\\/\\\/jblanz.de\\\/WP\\\/wp-content\\\/uploads\\\/2023\\\/07\\\/Tschechien23-1015.jpg\",\"contentUrl\":\"https:\\\/\\\/jblanz.de\\\/WP\\\/wp-content\\\/uploads\\\/2023\\\/07\\\/Tschechien23-1015.jpg\",\"width\":800,\"height\":450},{\"@type\":\"BreadcrumbList\",\"@id\":\"https:\\\/\\\/jblanz.de\\\/WP\\\/26-juli-2023-oberlandkanal\\\/#breadcrumb\",\"itemListElement\":[{\"@type\":\"ListItem\",\"position\":1,\"name\":\"Startseite\",\"item\":\"https:\\\/\\\/jblanz.de\\\/WP\\\/\"},{\"@type\":\"ListItem\",\"position\":2,\"name\":\"26. Juli 2023 &#8211; Oberlandkanal\"}]},{\"@type\":\"WebSite\",\"@id\":\"https:\\\/\\\/jblanz.de\\\/WP\\\/#website\",\"url\":\"https:\\\/\\\/jblanz.de\\\/WP\\\/\",\"name\":\"Reiseblog von Karin & Joachim\",\"description\":\"Wir schreiben den Blog f\u00fcr uns als Erinnerung - f\u00fcr euch als Inspiration\",\"publisher\":{\"@id\":\"https:\\\/\\\/jblanz.de\\\/WP\\\/#\\\/schema\\\/person\\\/17a70f07162e42bc0b181c22397286e0\"},\"potentialAction\":[{\"@type\":\"SearchAction\",\"target\":{\"@type\":\"EntryPoint\",\"urlTemplate\":\"https:\\\/\\\/jblanz.de\\\/WP\\\/?s={search_term_string}\"},\"query-input\":{\"@type\":\"PropertyValueSpecification\",\"valueRequired\":true,\"valueName\":\"search_term_string\"}}],\"inLanguage\":\"de\"},{\"@type\":[\"Person\",\"Organization\"],\"@id\":\"https:\\\/\\\/jblanz.de\\\/WP\\\/#\\\/schema\\\/person\\\/17a70f07162e42bc0b181c22397286e0\",\"name\":\"Achim\",\"image\":{\"@type\":\"ImageObject\",\"inLanguage\":\"de\",\"@id\":\"https:\\\/\\\/secure.gravatar.com\\\/avatar\\\/b7ab31bc55956af4a9bebf7fd034761212b11b803b7e39464914d6abeefb12f3?s=96&d=mm&r=g\",\"url\":\"https:\\\/\\\/secure.gravatar.com\\\/avatar\\\/b7ab31bc55956af4a9bebf7fd034761212b11b803b7e39464914d6abeefb12f3?s=96&d=mm&r=g\",\"contentUrl\":\"https:\\\/\\\/secure.gravatar.com\\\/avatar\\\/b7ab31bc55956af4a9bebf7fd034761212b11b803b7e39464914d6abeefb12f3?s=96&d=mm&r=g\",\"caption\":\"Achim\"},\"logo\":{\"@id\":\"https:\\\/\\\/secure.gravatar.com\\\/avatar\\\/b7ab31bc55956af4a9bebf7fd034761212b11b803b7e39464914d6abeefb12f3?s=96&d=mm&r=g\"},\"url\":\"https:\\\/\\\/jblanz.de\\\/WP\\\/author\\\/achim\\\/\"}]}<\/script>\n<!-- \/ Yoast SEO plugin. -->","yoast_head_json":{"title":"26. Juli 2023 - Oberlandkanal - Reiseblog von Karin &amp; Joachim","robots":{"index":"index","follow":"follow","max-snippet":"max-snippet:-1","max-image-preview":"max-image-preview:large","max-video-preview":"max-video-preview:-1"},"canonical":"https:\/\/jblanz.de\/WP\/26-juli-2023-oberlandkanal\/","og_locale":"de_DE","og_type":"article","og_title":"26. Juli 2023 - Oberlandkanal - Reiseblog von Karin &amp; Joachim","og_description":"Gestern Abend versuchen wir Tickets f\u00fcr eine Bootsfahrt auf dem Oberlandkanal zu bekommen. Leider sind alle Pl\u00e4tze f\u00fcr die morgentlichen","og_url":"https:\/\/jblanz.de\/WP\/26-juli-2023-oberlandkanal\/","og_site_name":"Reiseblog von Karin &amp; Joachim","article_published_time":"2023-07-26T14:32:39+00:00","article_modified_time":"2023-07-26T16:07:23+00:00","og_image":[{"width":800,"height":450,"url":"https:\/\/jblanz.de\/WP\/wp-content\/uploads\/2023\/07\/Tschechien23-1015.jpg","type":"image\/jpeg"}],"author":"Achim","twitter_card":"summary_large_image","twitter_misc":{"Verfasst von":"Achim","Gesch\u00e4tzte Lesezeit":"9\u00a0Minuten"},"schema":{"@context":"https:\/\/schema.org","@graph":[{"@type":"Article","@id":"https:\/\/jblanz.de\/WP\/26-juli-2023-oberlandkanal\/#article","isPartOf":{"@id":"https:\/\/jblanz.de\/WP\/26-juli-2023-oberlandkanal\/"},"author":{"name":"Achim","@id":"https:\/\/jblanz.de\/WP\/#\/schema\/person\/17a70f07162e42bc0b181c22397286e0"},"headline":"26. Juli 2023 &#8211; Oberlandkanal","datePublished":"2023-07-26T14:32:39+00:00","dateModified":"2023-07-26T16:07:23+00:00","mainEntityOfPage":{"@id":"https:\/\/jblanz.de\/WP\/26-juli-2023-oberlandkanal\/"},"wordCount":701,"commentCount":0,"publisher":{"@id":"https:\/\/jblanz.de\/WP\/#\/schema\/person\/17a70f07162e42bc0b181c22397286e0"},"image":{"@id":"https:\/\/jblanz.de\/WP\/26-juli-2023-oberlandkanal\/#primaryimage"},"thumbnailUrl":"https:\/\/jblanz.de\/WP\/wp-content\/uploads\/2023\/07\/Tschechien23-1015.jpg","articleSection":["2023","Europa","Polen"],"inLanguage":"de","potentialAction":[{"@type":"CommentAction","name":"Comment","target":["https:\/\/jblanz.de\/WP\/26-juli-2023-oberlandkanal\/#respond"]}]},{"@type":"WebPage","@id":"https:\/\/jblanz.de\/WP\/26-juli-2023-oberlandkanal\/","url":"https:\/\/jblanz.de\/WP\/26-juli-2023-oberlandkanal\/","name":"26. Juli 2023 - Oberlandkanal - Reiseblog von Karin &amp; Joachim","isPartOf":{"@id":"https:\/\/jblanz.de\/WP\/#website"},"primaryImageOfPage":{"@id":"https:\/\/jblanz.de\/WP\/26-juli-2023-oberlandkanal\/#primaryimage"},"image":{"@id":"https:\/\/jblanz.de\/WP\/26-juli-2023-oberlandkanal\/#primaryimage"},"thumbnailUrl":"https:\/\/jblanz.de\/WP\/wp-content\/uploads\/2023\/07\/Tschechien23-1015.jpg","datePublished":"2023-07-26T14:32:39+00:00","dateModified":"2023-07-26T16:07:23+00:00","breadcrumb":{"@id":"https:\/\/jblanz.de\/WP\/26-juli-2023-oberlandkanal\/#breadcrumb"},"inLanguage":"de","potentialAction":[{"@type":"ReadAction","target":["https:\/\/jblanz.de\/WP\/26-juli-2023-oberlandkanal\/"]}]},{"@type":"ImageObject","inLanguage":"de","@id":"https:\/\/jblanz.de\/WP\/26-juli-2023-oberlandkanal\/#primaryimage","url":"https:\/\/jblanz.de\/WP\/wp-content\/uploads\/2023\/07\/Tschechien23-1015.jpg","contentUrl":"https:\/\/jblanz.de\/WP\/wp-content\/uploads\/2023\/07\/Tschechien23-1015.jpg","width":800,"height":450},{"@type":"BreadcrumbList","@id":"https:\/\/jblanz.de\/WP\/26-juli-2023-oberlandkanal\/#breadcrumb","itemListElement":[{"@type":"ListItem","position":1,"name":"Startseite","item":"https:\/\/jblanz.de\/WP\/"},{"@type":"ListItem","position":2,"name":"26. Juli 2023 &#8211; Oberlandkanal"}]},{"@type":"WebSite","@id":"https:\/\/jblanz.de\/WP\/#website","url":"https:\/\/jblanz.de\/WP\/","name":"Reiseblog von Karin & Joachim","description":"Wir schreiben den Blog f\u00fcr uns als Erinnerung - f\u00fcr euch als Inspiration","publisher":{"@id":"https:\/\/jblanz.de\/WP\/#\/schema\/person\/17a70f07162e42bc0b181c22397286e0"},"potentialAction":[{"@type":"SearchAction","target":{"@type":"EntryPoint","urlTemplate":"https:\/\/jblanz.de\/WP\/?s={search_term_string}"},"query-input":{"@type":"PropertyValueSpecification","valueRequired":true,"valueName":"search_term_string"}}],"inLanguage":"de"},{"@type":["Person","Organization"],"@id":"https:\/\/jblanz.de\/WP\/#\/schema\/person\/17a70f07162e42bc0b181c22397286e0","name":"Achim","image":{"@type":"ImageObject","inLanguage":"de","@id":"https:\/\/secure.gravatar.com\/avatar\/b7ab31bc55956af4a9bebf7fd034761212b11b803b7e39464914d6abeefb12f3?s=96&d=mm&r=g","url":"https:\/\/secure.gravatar.com\/avatar\/b7ab31bc55956af4a9bebf7fd034761212b11b803b7e39464914d6abeefb12f3?s=96&d=mm&r=g","contentUrl":"https:\/\/secure.gravatar.com\/avatar\/b7ab31bc55956af4a9bebf7fd034761212b11b803b7e39464914d6abeefb12f3?s=96&d=mm&r=g","caption":"Achim"},"logo":{"@id":"https:\/\/secure.gravatar.com\/avatar\/b7ab31bc55956af4a9bebf7fd034761212b11b803b7e39464914d6abeefb12f3?s=96&d=mm&r=g"},"url":"https:\/\/jblanz.de\/WP\/author\/achim\/"}]}},"_links":{"self":[{"href":"https:\/\/jblanz.de\/WP\/wp-json\/wp\/v2\/posts\/15789","targetHints":{"allow":["GET"]}}],"collection":[{"href":"https:\/\/jblanz.de\/WP\/wp-json\/wp\/v2\/posts"}],"about":[{"href":"https:\/\/jblanz.de\/WP\/wp-json\/wp\/v2\/types\/post"}],"author":[{"embeddable":true,"href":"https:\/\/jblanz.de\/WP\/wp-json\/wp\/v2\/users\/1"}],"replies":[{"embeddable":true,"href":"https:\/\/jblanz.de\/WP\/wp-json\/wp\/v2\/comments?post=15789"}],"version-history":[{"count":0,"href":"https:\/\/jblanz.de\/WP\/wp-json\/wp\/v2\/posts\/15789\/revisions"}],"wp:featuredmedia":[{"embeddable":true,"href":"https:\/\/jblanz.de\/WP\/wp-json\/wp\/v2\/media\/15811"}],"wp:attachment":[{"href":"https:\/\/jblanz.de\/WP\/wp-json\/wp\/v2\/media?parent=15789"}],"wp:term":[{"taxonomy":"category","embeddable":true,"href":"https:\/\/jblanz.de\/WP\/wp-json\/wp\/v2\/categories?post=15789"},{"taxonomy":"post_tag","embeddable":true,"href":"https:\/\/jblanz.de\/WP\/wp-json\/wp\/v2\/tags?post=15789"}],"curies":[{"name":"wp","href":"https:\/\/api.w.org\/{rel}","templated":true}]}}