{"id":15840,"date":"2023-07-27T17:46:12","date_gmt":"2023-07-27T15:46:12","guid":{"rendered":"https:\/\/jblanz.de\/WP\/?p=15840"},"modified":"2023-07-27T20:02:15","modified_gmt":"2023-07-27T18:02:15","slug":"27-juli-2023-sopot-bei-danzig","status":"publish","type":"post","link":"https:\/\/jblanz.de\/WP\/27-juli-2023-sopot-bei-danzig\/","title":{"rendered":"27. Juli 2023 &#8211; Sopot bei Danzig"},"content":{"rendered":"\n<p>Neben unserem Bus ist die Feuerstelle des Camps, die auch diesen Abend genutzt wurde, um W\u00fcrste zu grillen. Gegen 20.30 Uhr beginnt es allerdings pl\u00f6tzlich zu regnen und wir verziehen uns in den Bus. Die Polen sitzen den Regen aus und grillen weiter. Das Feuer brennt noch lange in der Nacht. Wir hingegen sitzen im Bus und schauen auf dem iPad eine Serie an. Der Regen ist nur kurz, aber es wird empfindlich kalt.<\/p>\n\n\n\n<p>Am n\u00e4chsten Morgen haben wir wieder strahlenden Sonnenschein. Karin hatte eine unruhige Nacht, da morgens um 5.20 Uhr eine Gruppe von M\u00e4dels und Jungs auf dem Spielplatz nebenan rumgr\u00f6hlten. Kurz darauf legt ein Motorboot ab, &#8230; Ihre Nachtruhe war beendet. Eine Gruppe Segelboote legt ab und wir setzen uns zum Fr\u00fchst\u00fcck auf eine Sitzbank, die um die Feuerstelle herum gebaut ist und fr\u00fchst\u00fccken in der Sonne mit Blick auf den See. Das kleine Dorf hat in seiner Marina eine Veranstaltungsarena, die wirklich beeindruckend ist. <\/p>\n\n\n\n<figure class=\"wp-block-image aligncenter size-full\"><img loading=\"lazy\" decoding=\"async\" width=\"800\" height=\"450\" src=\"https:\/\/jblanz.de\/WP\/wp-content\/uploads\/2023\/07\/Tschechien23-1047.jpg\" alt=\"\" class=\"wp-image-15845\" srcset=\"https:\/\/jblanz.de\/WP\/wp-content\/uploads\/2023\/07\/Tschechien23-1047.jpg 800w, https:\/\/jblanz.de\/WP\/wp-content\/uploads\/2023\/07\/Tschechien23-1047-300x169.jpg 300w, https:\/\/jblanz.de\/WP\/wp-content\/uploads\/2023\/07\/Tschechien23-1047-768x432.jpg 768w\" sizes=\"auto, (max-width: 800px) 100vw, 800px\" \/><\/figure>\n\n\n\n<p>Dann m\u00fcssen wir wieder die Holperstrasse fahren, um nach etwa 20 km auf die kostenlose Autobahn Warschau-Danzig zu stossen. Super Strasse, die Strecke (136 km) nach Danzig h\u00e4tten wir in knapp 2 Stunden erledigt, wenn nicht kurz vor Danzig ein Unfall einen l\u00e4ngeren Stau verursacht h\u00e4tte. Entlang der Autobahn durften wir die Autobahnbr\u00fccke und das Danziger Stadion bewunderten. <\/p>\n\n\n\n<figure class=\"wp-block-gallery has-nested-images columns-default is-cropped wp-block-gallery-2 is-layout-flex wp-block-gallery-is-layout-flex\">\n<figure class=\"wp-block-image size-large\"><img loading=\"lazy\" decoding=\"async\" width=\"800\" height=\"450\" data-id=\"15848\" src=\"https:\/\/jblanz.de\/WP\/wp-content\/uploads\/2023\/07\/Tschechien23-1050.jpg\" alt=\"\" class=\"wp-image-15848\" srcset=\"https:\/\/jblanz.de\/WP\/wp-content\/uploads\/2023\/07\/Tschechien23-1050.jpg 800w, https:\/\/jblanz.de\/WP\/wp-content\/uploads\/2023\/07\/Tschechien23-1050-300x169.jpg 300w, https:\/\/jblanz.de\/WP\/wp-content\/uploads\/2023\/07\/Tschechien23-1050-768x432.jpg 768w\" sizes=\"auto, (max-width: 800px) 100vw, 800px\" \/><\/figure>\n\n\n\n<figure class=\"wp-block-image size-large\"><img loading=\"lazy\" decoding=\"async\" width=\"800\" height=\"450\" data-id=\"15847\" src=\"https:\/\/jblanz.de\/WP\/wp-content\/uploads\/2023\/07\/Tschechien23-1052.jpg\" alt=\"\" class=\"wp-image-15847\" srcset=\"https:\/\/jblanz.de\/WP\/wp-content\/uploads\/2023\/07\/Tschechien23-1052.jpg 800w, https:\/\/jblanz.de\/WP\/wp-content\/uploads\/2023\/07\/Tschechien23-1052-300x169.jpg 300w, https:\/\/jblanz.de\/WP\/wp-content\/uploads\/2023\/07\/Tschechien23-1052-768x432.jpg 768w\" sizes=\"auto, (max-width: 800px) 100vw, 800px\" \/><\/figure>\n<\/figure>\n\n\n\n<p>Wir fahren direkt zum Camping Park 45 in Sopot, einem Vorort von Danzig. Mit einem Golf-Mobil werden wir \u00fcber den Camping gefahren, um einen Platz auszusuchen. Nach einige Zumutungen, was die Platzwahl angeht, finden wir jedoch einen ganz netten Platz neben dem Sanit\u00e4rtrakt. Es gibt hier keine festen Pl\u00e4tze, sondern mn stellt sich rein, wo genug Platz ist. Als h\u00e4tte das Schicksal mitgewirkt, entdecke ich, dass ein Becher Schlagsahne im K\u00fchlschrank fast vollkommen ausgelaufen war. Eine gr\u00f6ssere Putzaktion verz\u00f6gert daher den Gang zum Sandstrand, der vom Camping nur durch einen Radweg getrennt ist. Wir m\u00fcssen den ganzen Kram nur 5 m tragen, um alles absp\u00fclen zu k\u00f6nnen.<\/p>\n\n\n\n<figure class=\"wp-block-image aligncenter size-full\"><img loading=\"lazy\" decoding=\"async\" width=\"800\" height=\"450\" src=\"https:\/\/jblanz.de\/WP\/wp-content\/uploads\/2023\/07\/Tschechien23-1055.jpg\" alt=\"\" class=\"wp-image-15849\" srcset=\"https:\/\/jblanz.de\/WP\/wp-content\/uploads\/2023\/07\/Tschechien23-1055.jpg 800w, https:\/\/jblanz.de\/WP\/wp-content\/uploads\/2023\/07\/Tschechien23-1055-300x169.jpg 300w, https:\/\/jblanz.de\/WP\/wp-content\/uploads\/2023\/07\/Tschechien23-1055-768x432.jpg 768w\" sizes=\"auto, (max-width: 800px) 100vw, 800px\" \/><\/figure>\n\n\n\n<p>Danach geht es aber wirklich zum Strand. Wir gehen auch gleich ins Wasser, das ziemlich kalt ist (nur 19 \u00b0C). Trotzdem rein, denn die Sonne brennt und Abk\u00fchlung ist immer gut. Eine Wolke bedeckt die Sonne. Deshalb m\u00fcssen wir l\u00e4nger im Wasser bleiben, bis wieder die Sonne scheint. Karin stellt fest, dass das Meerwasser kaum Salz enth\u00e4lt und im Internet finden wir, dass in dieser Gegend der Ostsee nur 0,7 % betr\u00e4gt, w\u00e4hrend er in der Nordsee 3,5 % betr\u00e4gt. Die Ursache f\u00fcr den geringen Salzgehalt sind die grossen Wassermengen, die Oder, Weichsel und Neisse in die Ostsee einleiten und der geringe Wasseraustausch mit der Nordsee. In diesem Meeresteil k\u00f6nen sogar typische S\u00fcsswasserfische, wie Hecht leben. Dieses Wasser k\u00f6nnte man als Schiffsbr\u00fcchiger sogar trinken, denn der Salzgehalt liegt unter dem Salzgehalt der K\u00f6rperfl\u00fcssigkeiten des Menschen.<\/p>\n\n\n\n<p>Wir liegen vielleicht eine Stunde am Strand, dann ziehen dunkle Wolken auf. Sie ziehen aber auf das Meer hinaus und es regnet wieder einmal nur einige Minuten. Diesem Wetterph\u00e4nomen sind wir des \u00f6fteren begegnet &#8211; bedrohlich aussehende Wolken, die sich aber ohne Regen aufl\u00f6sen. Wir gehen trotzdem zur\u00fcck zum Bus und fahren ins Dorf zum Einkaufen. Sopot ist nett angelegt, hinter dem langen Sandstrand verl\u00e4uft eine Fussg\u00e4ngerzone mit extra Radweg. Danach kommen Restaurants und ein grosser sch\u00f6ner Park. Zum Einkaufen m\u00fcssen wir mehr Richtung der Plattenbauten fahren. Entlang der Strasse sind viele Hotels, auch bekannte Marken. Heute kochen wir im Bus und kaum sind wir fertig geht ein Regenschauer nieder. Aber wir k\u00f6nnen ja in unseren Bus sitzen und es uns gem\u00fctlich machen. <\/p>\n\n\n\n<figure class=\"wp-block-image size-full\"><img loading=\"lazy\" decoding=\"async\" width=\"800\" height=\"450\" src=\"https:\/\/jblanz.de\/WP\/wp-content\/uploads\/2023\/07\/Tschechien23-1053.jpg\" alt=\"\" class=\"wp-image-15846\" srcset=\"https:\/\/jblanz.de\/WP\/wp-content\/uploads\/2023\/07\/Tschechien23-1053.jpg 800w, https:\/\/jblanz.de\/WP\/wp-content\/uploads\/2023\/07\/Tschechien23-1053-300x169.jpg 300w, https:\/\/jblanz.de\/WP\/wp-content\/uploads\/2023\/07\/Tschechien23-1053-768x432.jpg 768w\" sizes=\"auto, (max-width: 800px) 100vw, 800px\" \/><\/figure>\n","protected":false},"excerpt":{"rendered":"<p>Neben unserem Bus ist die Feuerstelle des Camps, die auch diesen Abend genutzt wurde, um W\u00fcrste zu grillen. Gegen 20.30<\/p>\n","protected":false},"author":1,"featured_media":15846,"comment_status":"open","ping_status":"open","sticky":false,"template":"","format":"standard","meta":{"colormag_page_container_layout":"default_layout","colormag_page_sidebar_layout":"default_layout","_monsterinsights_skip_tracking":false,"_monsterinsights_sitenote_active":false,"_monsterinsights_sitenote_note":"","_monsterinsights_sitenote_category":0,"footnotes":""},"categories":[262,159,264],"tags":[],"class_list":["post-15840","post","type-post","status-publish","format-standard","has-post-thumbnail","hentry","category-262","category-europa","category-polen"],"yoast_head":"<!-- This site is optimized with the Yoast SEO plugin v27.4 - https:\/\/yoast.com\/product\/yoast-seo-wordpress\/ -->\n<title>27. Juli 2023 - Sopot bei Danzig - Reiseblog von Karin &amp; Joachim<\/title>\n<meta name=\"robots\" content=\"index, follow, max-snippet:-1, max-image-preview:large, max-video-preview:-1\" \/>\n<link rel=\"canonical\" href=\"https:\/\/jblanz.de\/WP\/27-juli-2023-sopot-bei-danzig\/\" \/>\n<meta property=\"og:locale\" content=\"de_DE\" \/>\n<meta property=\"og:type\" content=\"article\" \/>\n<meta property=\"og:title\" content=\"27. Juli 2023 - Sopot bei Danzig - Reiseblog von Karin &amp; Joachim\" \/>\n<meta property=\"og:description\" content=\"Neben unserem Bus ist die Feuerstelle des Camps, die auch diesen Abend genutzt wurde, um W\u00fcrste zu grillen. Gegen 20.30\" \/>\n<meta property=\"og:url\" content=\"https:\/\/jblanz.de\/WP\/27-juli-2023-sopot-bei-danzig\/\" \/>\n<meta property=\"og:site_name\" content=\"Reiseblog von Karin &amp; Joachim\" \/>\n<meta property=\"article:published_time\" content=\"2023-07-27T15:46:12+00:00\" \/>\n<meta property=\"article:modified_time\" content=\"2023-07-27T18:02:15+00:00\" \/>\n<meta property=\"og:image\" content=\"https:\/\/jblanz.de\/WP\/wp-content\/uploads\/2023\/07\/Tschechien23-1053.jpg\" \/>\n\t<meta property=\"og:image:width\" content=\"800\" \/>\n\t<meta property=\"og:image:height\" content=\"450\" \/>\n\t<meta property=\"og:image:type\" content=\"image\/jpeg\" \/>\n<meta name=\"author\" content=\"Achim\" \/>\n<meta name=\"twitter:card\" content=\"summary_large_image\" \/>\n<meta name=\"twitter:label1\" content=\"Verfasst von\" \/>\n\t<meta name=\"twitter:data1\" content=\"Achim\" \/>\n\t<meta name=\"twitter:label2\" content=\"Gesch\u00e4tzte Lesezeit\" \/>\n\t<meta name=\"twitter:data2\" content=\"5\u00a0Minuten\" \/>\n<script type=\"application\/ld+json\" class=\"yoast-schema-graph\">{\"@context\":\"https:\\\/\\\/schema.org\",\"@graph\":[{\"@type\":\"Article\",\"@id\":\"https:\\\/\\\/jblanz.de\\\/WP\\\/27-juli-2023-sopot-bei-danzig\\\/#article\",\"isPartOf\":{\"@id\":\"https:\\\/\\\/jblanz.de\\\/WP\\\/27-juli-2023-sopot-bei-danzig\\\/\"},\"author\":{\"name\":\"Achim\",\"@id\":\"https:\\\/\\\/jblanz.de\\\/WP\\\/#\\\/schema\\\/person\\\/17a70f07162e42bc0b181c22397286e0\"},\"headline\":\"27. Juli 2023 &#8211; Sopot bei Danzig\",\"datePublished\":\"2023-07-27T15:46:12+00:00\",\"dateModified\":\"2023-07-27T18:02:15+00:00\",\"mainEntityOfPage\":{\"@id\":\"https:\\\/\\\/jblanz.de\\\/WP\\\/27-juli-2023-sopot-bei-danzig\\\/\"},\"wordCount\":619,\"commentCount\":0,\"publisher\":{\"@id\":\"https:\\\/\\\/jblanz.de\\\/WP\\\/#\\\/schema\\\/person\\\/17a70f07162e42bc0b181c22397286e0\"},\"image\":{\"@id\":\"https:\\\/\\\/jblanz.de\\\/WP\\\/27-juli-2023-sopot-bei-danzig\\\/#primaryimage\"},\"thumbnailUrl\":\"https:\\\/\\\/jblanz.de\\\/WP\\\/wp-content\\\/uploads\\\/2023\\\/07\\\/Tschechien23-1053.jpg\",\"articleSection\":[\"2023\",\"Europa\",\"Polen\"],\"inLanguage\":\"de\",\"potentialAction\":[{\"@type\":\"CommentAction\",\"name\":\"Comment\",\"target\":[\"https:\\\/\\\/jblanz.de\\\/WP\\\/27-juli-2023-sopot-bei-danzig\\\/#respond\"]}]},{\"@type\":\"WebPage\",\"@id\":\"https:\\\/\\\/jblanz.de\\\/WP\\\/27-juli-2023-sopot-bei-danzig\\\/\",\"url\":\"https:\\\/\\\/jblanz.de\\\/WP\\\/27-juli-2023-sopot-bei-danzig\\\/\",\"name\":\"27. Juli 2023 - Sopot bei Danzig - Reiseblog von Karin &amp; Joachim\",\"isPartOf\":{\"@id\":\"https:\\\/\\\/jblanz.de\\\/WP\\\/#website\"},\"primaryImageOfPage\":{\"@id\":\"https:\\\/\\\/jblanz.de\\\/WP\\\/27-juli-2023-sopot-bei-danzig\\\/#primaryimage\"},\"image\":{\"@id\":\"https:\\\/\\\/jblanz.de\\\/WP\\\/27-juli-2023-sopot-bei-danzig\\\/#primaryimage\"},\"thumbnailUrl\":\"https:\\\/\\\/jblanz.de\\\/WP\\\/wp-content\\\/uploads\\\/2023\\\/07\\\/Tschechien23-1053.jpg\",\"datePublished\":\"2023-07-27T15:46:12+00:00\",\"dateModified\":\"2023-07-27T18:02:15+00:00\",\"breadcrumb\":{\"@id\":\"https:\\\/\\\/jblanz.de\\\/WP\\\/27-juli-2023-sopot-bei-danzig\\\/#breadcrumb\"},\"inLanguage\":\"de\",\"potentialAction\":[{\"@type\":\"ReadAction\",\"target\":[\"https:\\\/\\\/jblanz.de\\\/WP\\\/27-juli-2023-sopot-bei-danzig\\\/\"]}]},{\"@type\":\"ImageObject\",\"inLanguage\":\"de\",\"@id\":\"https:\\\/\\\/jblanz.de\\\/WP\\\/27-juli-2023-sopot-bei-danzig\\\/#primaryimage\",\"url\":\"https:\\\/\\\/jblanz.de\\\/WP\\\/wp-content\\\/uploads\\\/2023\\\/07\\\/Tschechien23-1053.jpg\",\"contentUrl\":\"https:\\\/\\\/jblanz.de\\\/WP\\\/wp-content\\\/uploads\\\/2023\\\/07\\\/Tschechien23-1053.jpg\",\"width\":800,\"height\":450},{\"@type\":\"BreadcrumbList\",\"@id\":\"https:\\\/\\\/jblanz.de\\\/WP\\\/27-juli-2023-sopot-bei-danzig\\\/#breadcrumb\",\"itemListElement\":[{\"@type\":\"ListItem\",\"position\":1,\"name\":\"Startseite\",\"item\":\"https:\\\/\\\/jblanz.de\\\/WP\\\/\"},{\"@type\":\"ListItem\",\"position\":2,\"name\":\"27. Juli 2023 &#8211; Sopot bei Danzig\"}]},{\"@type\":\"WebSite\",\"@id\":\"https:\\\/\\\/jblanz.de\\\/WP\\\/#website\",\"url\":\"https:\\\/\\\/jblanz.de\\\/WP\\\/\",\"name\":\"Reiseblog von Karin & Joachim\",\"description\":\"Wir schreiben den Blog f\u00fcr uns als Erinnerung - f\u00fcr euch als Inspiration\",\"publisher\":{\"@id\":\"https:\\\/\\\/jblanz.de\\\/WP\\\/#\\\/schema\\\/person\\\/17a70f07162e42bc0b181c22397286e0\"},\"potentialAction\":[{\"@type\":\"SearchAction\",\"target\":{\"@type\":\"EntryPoint\",\"urlTemplate\":\"https:\\\/\\\/jblanz.de\\\/WP\\\/?s={search_term_string}\"},\"query-input\":{\"@type\":\"PropertyValueSpecification\",\"valueRequired\":true,\"valueName\":\"search_term_string\"}}],\"inLanguage\":\"de\"},{\"@type\":[\"Person\",\"Organization\"],\"@id\":\"https:\\\/\\\/jblanz.de\\\/WP\\\/#\\\/schema\\\/person\\\/17a70f07162e42bc0b181c22397286e0\",\"name\":\"Achim\",\"image\":{\"@type\":\"ImageObject\",\"inLanguage\":\"de\",\"@id\":\"https:\\\/\\\/secure.gravatar.com\\\/avatar\\\/b7ab31bc55956af4a9bebf7fd034761212b11b803b7e39464914d6abeefb12f3?s=96&d=mm&r=g\",\"url\":\"https:\\\/\\\/secure.gravatar.com\\\/avatar\\\/b7ab31bc55956af4a9bebf7fd034761212b11b803b7e39464914d6abeefb12f3?s=96&d=mm&r=g\",\"contentUrl\":\"https:\\\/\\\/secure.gravatar.com\\\/avatar\\\/b7ab31bc55956af4a9bebf7fd034761212b11b803b7e39464914d6abeefb12f3?s=96&d=mm&r=g\",\"caption\":\"Achim\"},\"logo\":{\"@id\":\"https:\\\/\\\/secure.gravatar.com\\\/avatar\\\/b7ab31bc55956af4a9bebf7fd034761212b11b803b7e39464914d6abeefb12f3?s=96&d=mm&r=g\"},\"url\":\"https:\\\/\\\/jblanz.de\\\/WP\\\/author\\\/achim\\\/\"}]}<\/script>\n<!-- \/ Yoast SEO plugin. -->","yoast_head_json":{"title":"27. Juli 2023 - Sopot bei Danzig - Reiseblog von Karin &amp; Joachim","robots":{"index":"index","follow":"follow","max-snippet":"max-snippet:-1","max-image-preview":"max-image-preview:large","max-video-preview":"max-video-preview:-1"},"canonical":"https:\/\/jblanz.de\/WP\/27-juli-2023-sopot-bei-danzig\/","og_locale":"de_DE","og_type":"article","og_title":"27. Juli 2023 - Sopot bei Danzig - Reiseblog von Karin &amp; Joachim","og_description":"Neben unserem Bus ist die Feuerstelle des Camps, die auch diesen Abend genutzt wurde, um W\u00fcrste zu grillen. Gegen 20.30","og_url":"https:\/\/jblanz.de\/WP\/27-juli-2023-sopot-bei-danzig\/","og_site_name":"Reiseblog von Karin &amp; Joachim","article_published_time":"2023-07-27T15:46:12+00:00","article_modified_time":"2023-07-27T18:02:15+00:00","og_image":[{"width":800,"height":450,"url":"https:\/\/jblanz.de\/WP\/wp-content\/uploads\/2023\/07\/Tschechien23-1053.jpg","type":"image\/jpeg"}],"author":"Achim","twitter_card":"summary_large_image","twitter_misc":{"Verfasst von":"Achim","Gesch\u00e4tzte Lesezeit":"5\u00a0Minuten"},"schema":{"@context":"https:\/\/schema.org","@graph":[{"@type":"Article","@id":"https:\/\/jblanz.de\/WP\/27-juli-2023-sopot-bei-danzig\/#article","isPartOf":{"@id":"https:\/\/jblanz.de\/WP\/27-juli-2023-sopot-bei-danzig\/"},"author":{"name":"Achim","@id":"https:\/\/jblanz.de\/WP\/#\/schema\/person\/17a70f07162e42bc0b181c22397286e0"},"headline":"27. Juli 2023 &#8211; Sopot bei Danzig","datePublished":"2023-07-27T15:46:12+00:00","dateModified":"2023-07-27T18:02:15+00:00","mainEntityOfPage":{"@id":"https:\/\/jblanz.de\/WP\/27-juli-2023-sopot-bei-danzig\/"},"wordCount":619,"commentCount":0,"publisher":{"@id":"https:\/\/jblanz.de\/WP\/#\/schema\/person\/17a70f07162e42bc0b181c22397286e0"},"image":{"@id":"https:\/\/jblanz.de\/WP\/27-juli-2023-sopot-bei-danzig\/#primaryimage"},"thumbnailUrl":"https:\/\/jblanz.de\/WP\/wp-content\/uploads\/2023\/07\/Tschechien23-1053.jpg","articleSection":["2023","Europa","Polen"],"inLanguage":"de","potentialAction":[{"@type":"CommentAction","name":"Comment","target":["https:\/\/jblanz.de\/WP\/27-juli-2023-sopot-bei-danzig\/#respond"]}]},{"@type":"WebPage","@id":"https:\/\/jblanz.de\/WP\/27-juli-2023-sopot-bei-danzig\/","url":"https:\/\/jblanz.de\/WP\/27-juli-2023-sopot-bei-danzig\/","name":"27. Juli 2023 - Sopot bei Danzig - Reiseblog von Karin &amp; Joachim","isPartOf":{"@id":"https:\/\/jblanz.de\/WP\/#website"},"primaryImageOfPage":{"@id":"https:\/\/jblanz.de\/WP\/27-juli-2023-sopot-bei-danzig\/#primaryimage"},"image":{"@id":"https:\/\/jblanz.de\/WP\/27-juli-2023-sopot-bei-danzig\/#primaryimage"},"thumbnailUrl":"https:\/\/jblanz.de\/WP\/wp-content\/uploads\/2023\/07\/Tschechien23-1053.jpg","datePublished":"2023-07-27T15:46:12+00:00","dateModified":"2023-07-27T18:02:15+00:00","breadcrumb":{"@id":"https:\/\/jblanz.de\/WP\/27-juli-2023-sopot-bei-danzig\/#breadcrumb"},"inLanguage":"de","potentialAction":[{"@type":"ReadAction","target":["https:\/\/jblanz.de\/WP\/27-juli-2023-sopot-bei-danzig\/"]}]},{"@type":"ImageObject","inLanguage":"de","@id":"https:\/\/jblanz.de\/WP\/27-juli-2023-sopot-bei-danzig\/#primaryimage","url":"https:\/\/jblanz.de\/WP\/wp-content\/uploads\/2023\/07\/Tschechien23-1053.jpg","contentUrl":"https:\/\/jblanz.de\/WP\/wp-content\/uploads\/2023\/07\/Tschechien23-1053.jpg","width":800,"height":450},{"@type":"BreadcrumbList","@id":"https:\/\/jblanz.de\/WP\/27-juli-2023-sopot-bei-danzig\/#breadcrumb","itemListElement":[{"@type":"ListItem","position":1,"name":"Startseite","item":"https:\/\/jblanz.de\/WP\/"},{"@type":"ListItem","position":2,"name":"27. Juli 2023 &#8211; Sopot bei Danzig"}]},{"@type":"WebSite","@id":"https:\/\/jblanz.de\/WP\/#website","url":"https:\/\/jblanz.de\/WP\/","name":"Reiseblog von Karin & Joachim","description":"Wir schreiben den Blog f\u00fcr uns als Erinnerung - f\u00fcr euch als Inspiration","publisher":{"@id":"https:\/\/jblanz.de\/WP\/#\/schema\/person\/17a70f07162e42bc0b181c22397286e0"},"potentialAction":[{"@type":"SearchAction","target":{"@type":"EntryPoint","urlTemplate":"https:\/\/jblanz.de\/WP\/?s={search_term_string}"},"query-input":{"@type":"PropertyValueSpecification","valueRequired":true,"valueName":"search_term_string"}}],"inLanguage":"de"},{"@type":["Person","Organization"],"@id":"https:\/\/jblanz.de\/WP\/#\/schema\/person\/17a70f07162e42bc0b181c22397286e0","name":"Achim","image":{"@type":"ImageObject","inLanguage":"de","@id":"https:\/\/secure.gravatar.com\/avatar\/b7ab31bc55956af4a9bebf7fd034761212b11b803b7e39464914d6abeefb12f3?s=96&d=mm&r=g","url":"https:\/\/secure.gravatar.com\/avatar\/b7ab31bc55956af4a9bebf7fd034761212b11b803b7e39464914d6abeefb12f3?s=96&d=mm&r=g","contentUrl":"https:\/\/secure.gravatar.com\/avatar\/b7ab31bc55956af4a9bebf7fd034761212b11b803b7e39464914d6abeefb12f3?s=96&d=mm&r=g","caption":"Achim"},"logo":{"@id":"https:\/\/secure.gravatar.com\/avatar\/b7ab31bc55956af4a9bebf7fd034761212b11b803b7e39464914d6abeefb12f3?s=96&d=mm&r=g"},"url":"https:\/\/jblanz.de\/WP\/author\/achim\/"}]}},"_links":{"self":[{"href":"https:\/\/jblanz.de\/WP\/wp-json\/wp\/v2\/posts\/15840","targetHints":{"allow":["GET"]}}],"collection":[{"href":"https:\/\/jblanz.de\/WP\/wp-json\/wp\/v2\/posts"}],"about":[{"href":"https:\/\/jblanz.de\/WP\/wp-json\/wp\/v2\/types\/post"}],"author":[{"embeddable":true,"href":"https:\/\/jblanz.de\/WP\/wp-json\/wp\/v2\/users\/1"}],"replies":[{"embeddable":true,"href":"https:\/\/jblanz.de\/WP\/wp-json\/wp\/v2\/comments?post=15840"}],"version-history":[{"count":0,"href":"https:\/\/jblanz.de\/WP\/wp-json\/wp\/v2\/posts\/15840\/revisions"}],"wp:featuredmedia":[{"embeddable":true,"href":"https:\/\/jblanz.de\/WP\/wp-json\/wp\/v2\/media\/15846"}],"wp:attachment":[{"href":"https:\/\/jblanz.de\/WP\/wp-json\/wp\/v2\/media?parent=15840"}],"wp:term":[{"taxonomy":"category","embeddable":true,"href":"https:\/\/jblanz.de\/WP\/wp-json\/wp\/v2\/categories?post=15840"},{"taxonomy":"post_tag","embeddable":true,"href":"https:\/\/jblanz.de\/WP\/wp-json\/wp\/v2\/tags?post=15840"}],"curies":[{"name":"wp","href":"https:\/\/api.w.org\/{rel}","templated":true}]}}