{"id":16623,"date":"2009-05-29T17:52:00","date_gmt":"2009-05-29T15:52:00","guid":{"rendered":"https:\/\/jblanz.de\/WP\/?p=16623"},"modified":"2023-11-26T17:36:45","modified_gmt":"2023-11-26T16:36:45","slug":"29-mai-2009-fahrt-zur-ziz-schlucht","status":"publish","type":"post","link":"https:\/\/jblanz.de\/WP\/29-mai-2009-fahrt-zur-ziz-schlucht\/","title":{"rendered":"29. Mai 2009 &#8211; Fahrt zur Ziz-Schlucht"},"content":{"rendered":"\n<p>Am n\u00e4chsten Morgen fahren wir weiter und kommen in das Tal des Oued Ziz. Der Fluss f\u00fchrt gen\u00fcgend Wasser f\u00fcr ein erfrischendes Bad. <\/p>\n\n\n\n<figure class=\"wp-block-gallery has-nested-images columns-2 is-cropped wp-block-gallery-2 is-layout-flex wp-block-gallery-is-layout-flex\">\n<figure class=\"wp-block-image size-full\"><img loading=\"lazy\" decoding=\"async\" width=\"1920\" height=\"1080\" data-id=\"16802\" src=\"https:\/\/jblanz.de\/WP\/wp-content\/uploads\/2009\/05\/Maroc_0147_TV.jpg\" alt=\"\" class=\"wp-image-16802\" srcset=\"https:\/\/jblanz.de\/WP\/wp-content\/uploads\/2009\/05\/Maroc_0147_TV.jpg 1920w, https:\/\/jblanz.de\/WP\/wp-content\/uploads\/2009\/05\/Maroc_0147_TV-300x169.jpg 300w, https:\/\/jblanz.de\/WP\/wp-content\/uploads\/2009\/05\/Maroc_0147_TV-1024x576.jpg 1024w, https:\/\/jblanz.de\/WP\/wp-content\/uploads\/2009\/05\/Maroc_0147_TV-768x432.jpg 768w, https:\/\/jblanz.de\/WP\/wp-content\/uploads\/2009\/05\/Maroc_0147_TV-1536x864.jpg 1536w\" sizes=\"auto, (max-width: 1920px) 100vw, 1920px\" \/><\/figure>\n\n\n\n<figure class=\"wp-block-image size-large\"><img loading=\"lazy\" decoding=\"async\" width=\"1024\" height=\"576\" data-id=\"16803\" src=\"https:\/\/jblanz.de\/WP\/wp-content\/uploads\/2009\/05\/Maroc_0150_TV-1024x576.jpg\" alt=\"\" class=\"wp-image-16803\" srcset=\"https:\/\/jblanz.de\/WP\/wp-content\/uploads\/2009\/05\/Maroc_0150_TV-1024x576.jpg 1024w, https:\/\/jblanz.de\/WP\/wp-content\/uploads\/2009\/05\/Maroc_0150_TV-300x169.jpg 300w, https:\/\/jblanz.de\/WP\/wp-content\/uploads\/2009\/05\/Maroc_0150_TV-768x432.jpg 768w, https:\/\/jblanz.de\/WP\/wp-content\/uploads\/2009\/05\/Maroc_0150_TV-1536x864.jpg 1536w, https:\/\/jblanz.de\/WP\/wp-content\/uploads\/2009\/05\/Maroc_0150_TV.jpg 1920w\" sizes=\"auto, (max-width: 1024px) 100vw, 1024px\" \/><\/figure>\n\n\n\n<figure class=\"wp-block-image size-large\"><img loading=\"lazy\" decoding=\"async\" width=\"1024\" height=\"576\" data-id=\"16804\" src=\"https:\/\/jblanz.de\/WP\/wp-content\/uploads\/2009\/05\/Maroc_0152_TV-1024x576.jpg\" alt=\"\" class=\"wp-image-16804\" srcset=\"https:\/\/jblanz.de\/WP\/wp-content\/uploads\/2009\/05\/Maroc_0152_TV-1024x576.jpg 1024w, https:\/\/jblanz.de\/WP\/wp-content\/uploads\/2009\/05\/Maroc_0152_TV-300x169.jpg 300w, https:\/\/jblanz.de\/WP\/wp-content\/uploads\/2009\/05\/Maroc_0152_TV-768x432.jpg 768w, https:\/\/jblanz.de\/WP\/wp-content\/uploads\/2009\/05\/Maroc_0152_TV-1536x864.jpg 1536w, https:\/\/jblanz.de\/WP\/wp-content\/uploads\/2009\/05\/Maroc_0152_TV.jpg 1920w\" sizes=\"auto, (max-width: 1024px) 100vw, 1024px\" \/><\/figure>\n\n\n\n<figure class=\"wp-block-image size-large\"><img loading=\"lazy\" decoding=\"async\" width=\"1024\" height=\"576\" data-id=\"16805\" src=\"https:\/\/jblanz.de\/WP\/wp-content\/uploads\/2009\/05\/Maroc_0162_TV-1024x576.jpg\" alt=\"\" class=\"wp-image-16805\" srcset=\"https:\/\/jblanz.de\/WP\/wp-content\/uploads\/2009\/05\/Maroc_0162_TV-1024x576.jpg 1024w, https:\/\/jblanz.de\/WP\/wp-content\/uploads\/2009\/05\/Maroc_0162_TV-300x169.jpg 300w, https:\/\/jblanz.de\/WP\/wp-content\/uploads\/2009\/05\/Maroc_0162_TV-768x432.jpg 768w, https:\/\/jblanz.de\/WP\/wp-content\/uploads\/2009\/05\/Maroc_0162_TV-1536x864.jpg 1536w, https:\/\/jblanz.de\/WP\/wp-content\/uploads\/2009\/05\/Maroc_0162_TV.jpg 1920w\" sizes=\"auto, (max-width: 1024px) 100vw, 1024px\" \/><\/figure>\n\n\n\n<figure class=\"wp-block-image size-large\"><img loading=\"lazy\" decoding=\"async\" width=\"1024\" height=\"576\" data-id=\"16806\" src=\"https:\/\/jblanz.de\/WP\/wp-content\/uploads\/2009\/05\/Maroc_0163_TV-1024x576.jpg\" alt=\"\" class=\"wp-image-16806\" srcset=\"https:\/\/jblanz.de\/WP\/wp-content\/uploads\/2009\/05\/Maroc_0163_TV-1024x576.jpg 1024w, https:\/\/jblanz.de\/WP\/wp-content\/uploads\/2009\/05\/Maroc_0163_TV-300x169.jpg 300w, https:\/\/jblanz.de\/WP\/wp-content\/uploads\/2009\/05\/Maroc_0163_TV-768x432.jpg 768w, https:\/\/jblanz.de\/WP\/wp-content\/uploads\/2009\/05\/Maroc_0163_TV-1536x864.jpg 1536w, https:\/\/jblanz.de\/WP\/wp-content\/uploads\/2009\/05\/Maroc_0163_TV.jpg 1920w\" sizes=\"auto, (max-width: 1024px) 100vw, 1024px\" \/><\/figure>\n\n\n\n<figure class=\"wp-block-image size-large\"><img loading=\"lazy\" decoding=\"async\" width=\"1024\" height=\"576\" data-id=\"16807\" src=\"https:\/\/jblanz.de\/WP\/wp-content\/uploads\/2009\/05\/Maroc_0164_TV-1024x576.jpg\" alt=\"\" class=\"wp-image-16807\" srcset=\"https:\/\/jblanz.de\/WP\/wp-content\/uploads\/2009\/05\/Maroc_0164_TV-1024x576.jpg 1024w, https:\/\/jblanz.de\/WP\/wp-content\/uploads\/2009\/05\/Maroc_0164_TV-300x169.jpg 300w, https:\/\/jblanz.de\/WP\/wp-content\/uploads\/2009\/05\/Maroc_0164_TV-768x432.jpg 768w, https:\/\/jblanz.de\/WP\/wp-content\/uploads\/2009\/05\/Maroc_0164_TV-1536x864.jpg 1536w, https:\/\/jblanz.de\/WP\/wp-content\/uploads\/2009\/05\/Maroc_0164_TV.jpg 1920w\" sizes=\"auto, (max-width: 1024px) 100vw, 1024px\" \/><\/figure>\n\n\n\n<figure class=\"wp-block-image size-large\"><img loading=\"lazy\" decoding=\"async\" width=\"1024\" height=\"576\" data-id=\"16808\" src=\"https:\/\/jblanz.de\/WP\/wp-content\/uploads\/2009\/05\/Maroc_0166_TV-1024x576.jpg\" alt=\"\" class=\"wp-image-16808\" srcset=\"https:\/\/jblanz.de\/WP\/wp-content\/uploads\/2009\/05\/Maroc_0166_TV-1024x576.jpg 1024w, https:\/\/jblanz.de\/WP\/wp-content\/uploads\/2009\/05\/Maroc_0166_TV-300x169.jpg 300w, https:\/\/jblanz.de\/WP\/wp-content\/uploads\/2009\/05\/Maroc_0166_TV-768x432.jpg 768w, https:\/\/jblanz.de\/WP\/wp-content\/uploads\/2009\/05\/Maroc_0166_TV-1536x864.jpg 1536w, https:\/\/jblanz.de\/WP\/wp-content\/uploads\/2009\/05\/Maroc_0166_TV.jpg 1920w\" sizes=\"auto, (max-width: 1024px) 100vw, 1024px\" \/><\/figure>\n\n\n\n<figure class=\"wp-block-image size-large\"><img loading=\"lazy\" decoding=\"async\" width=\"1024\" height=\"576\" data-id=\"16809\" src=\"https:\/\/jblanz.de\/WP\/wp-content\/uploads\/2009\/05\/Maroc_0168_TV-1024x576.jpg\" alt=\"\" class=\"wp-image-16809\" srcset=\"https:\/\/jblanz.de\/WP\/wp-content\/uploads\/2009\/05\/Maroc_0168_TV-1024x576.jpg 1024w, https:\/\/jblanz.de\/WP\/wp-content\/uploads\/2009\/05\/Maroc_0168_TV-300x169.jpg 300w, https:\/\/jblanz.de\/WP\/wp-content\/uploads\/2009\/05\/Maroc_0168_TV-768x432.jpg 768w, https:\/\/jblanz.de\/WP\/wp-content\/uploads\/2009\/05\/Maroc_0168_TV-1536x864.jpg 1536w, https:\/\/jblanz.de\/WP\/wp-content\/uploads\/2009\/05\/Maroc_0168_TV.jpg 1920w\" sizes=\"auto, (max-width: 1024px) 100vw, 1024px\" \/><\/figure>\n\n\n\n<figure class=\"wp-block-image size-large\"><img loading=\"lazy\" decoding=\"async\" width=\"1024\" height=\"576\" data-id=\"16810\" src=\"https:\/\/jblanz.de\/WP\/wp-content\/uploads\/2009\/05\/Maroc_0171_TV-1024x576.jpg\" alt=\"\" class=\"wp-image-16810\" srcset=\"https:\/\/jblanz.de\/WP\/wp-content\/uploads\/2009\/05\/Maroc_0171_TV-1024x576.jpg 1024w, https:\/\/jblanz.de\/WP\/wp-content\/uploads\/2009\/05\/Maroc_0171_TV-300x169.jpg 300w, https:\/\/jblanz.de\/WP\/wp-content\/uploads\/2009\/05\/Maroc_0171_TV-768x432.jpg 768w, https:\/\/jblanz.de\/WP\/wp-content\/uploads\/2009\/05\/Maroc_0171_TV-1536x864.jpg 1536w, https:\/\/jblanz.de\/WP\/wp-content\/uploads\/2009\/05\/Maroc_0171_TV.jpg 1920w\" sizes=\"auto, (max-width: 1024px) 100vw, 1024px\" \/><\/figure>\n\n\n\n<figure class=\"wp-block-image size-large\"><img loading=\"lazy\" decoding=\"async\" width=\"1024\" height=\"576\" data-id=\"16811\" src=\"https:\/\/jblanz.de\/WP\/wp-content\/uploads\/2009\/05\/Maroc_0172_TV-1024x576.jpg\" alt=\"\" class=\"wp-image-16811\" srcset=\"https:\/\/jblanz.de\/WP\/wp-content\/uploads\/2009\/05\/Maroc_0172_TV-1024x576.jpg 1024w, https:\/\/jblanz.de\/WP\/wp-content\/uploads\/2009\/05\/Maroc_0172_TV-300x169.jpg 300w, https:\/\/jblanz.de\/WP\/wp-content\/uploads\/2009\/05\/Maroc_0172_TV-768x432.jpg 768w, https:\/\/jblanz.de\/WP\/wp-content\/uploads\/2009\/05\/Maroc_0172_TV-1536x864.jpg 1536w, https:\/\/jblanz.de\/WP\/wp-content\/uploads\/2009\/05\/Maroc_0172_TV.jpg 1920w\" sizes=\"auto, (max-width: 1024px) 100vw, 1024px\" \/><\/figure>\n\n\n\n<figure class=\"wp-block-image size-large\"><img loading=\"lazy\" decoding=\"async\" width=\"1024\" height=\"576\" data-id=\"16812\" src=\"https:\/\/jblanz.de\/WP\/wp-content\/uploads\/2009\/05\/Maroc_0173_TV-1024x576.jpg\" alt=\"\" class=\"wp-image-16812\" srcset=\"https:\/\/jblanz.de\/WP\/wp-content\/uploads\/2009\/05\/Maroc_0173_TV-1024x576.jpg 1024w, https:\/\/jblanz.de\/WP\/wp-content\/uploads\/2009\/05\/Maroc_0173_TV-300x169.jpg 300w, https:\/\/jblanz.de\/WP\/wp-content\/uploads\/2009\/05\/Maroc_0173_TV-768x432.jpg 768w, https:\/\/jblanz.de\/WP\/wp-content\/uploads\/2009\/05\/Maroc_0173_TV-1536x864.jpg 1536w, https:\/\/jblanz.de\/WP\/wp-content\/uploads\/2009\/05\/Maroc_0173_TV.jpg 1920w\" sizes=\"auto, (max-width: 1024px) 100vw, 1024px\" \/><\/figure>\n\n\n\n<figure class=\"wp-block-image size-large\"><img loading=\"lazy\" decoding=\"async\" width=\"1024\" height=\"576\" data-id=\"16813\" src=\"https:\/\/jblanz.de\/WP\/wp-content\/uploads\/2009\/05\/Maroc_0174_TV-1024x576.jpg\" alt=\"\" class=\"wp-image-16813\" srcset=\"https:\/\/jblanz.de\/WP\/wp-content\/uploads\/2009\/05\/Maroc_0174_TV-1024x576.jpg 1024w, https:\/\/jblanz.de\/WP\/wp-content\/uploads\/2009\/05\/Maroc_0174_TV-300x169.jpg 300w, https:\/\/jblanz.de\/WP\/wp-content\/uploads\/2009\/05\/Maroc_0174_TV-768x432.jpg 768w, https:\/\/jblanz.de\/WP\/wp-content\/uploads\/2009\/05\/Maroc_0174_TV-1536x864.jpg 1536w, https:\/\/jblanz.de\/WP\/wp-content\/uploads\/2009\/05\/Maroc_0174_TV.jpg 1920w\" sizes=\"auto, (max-width: 1024px) 100vw, 1024px\" \/><\/figure>\n\n\n\n<figure class=\"wp-block-image size-large\"><img loading=\"lazy\" decoding=\"async\" width=\"1024\" height=\"576\" data-id=\"16814\" src=\"https:\/\/jblanz.de\/WP\/wp-content\/uploads\/2009\/05\/Maroc_0176_TV-1024x576.jpg\" alt=\"\" class=\"wp-image-16814\" srcset=\"https:\/\/jblanz.de\/WP\/wp-content\/uploads\/2009\/05\/Maroc_0176_TV-1024x576.jpg 1024w, https:\/\/jblanz.de\/WP\/wp-content\/uploads\/2009\/05\/Maroc_0176_TV-300x169.jpg 300w, https:\/\/jblanz.de\/WP\/wp-content\/uploads\/2009\/05\/Maroc_0176_TV-768x432.jpg 768w, https:\/\/jblanz.de\/WP\/wp-content\/uploads\/2009\/05\/Maroc_0176_TV-1536x864.jpg 1536w, https:\/\/jblanz.de\/WP\/wp-content\/uploads\/2009\/05\/Maroc_0176_TV.jpg 1920w\" sizes=\"auto, (max-width: 1024px) 100vw, 1024px\" \/><\/figure>\n\n\n\n<figure class=\"wp-block-image size-large\"><img loading=\"lazy\" decoding=\"async\" width=\"1024\" height=\"576\" data-id=\"16815\" src=\"https:\/\/jblanz.de\/WP\/wp-content\/uploads\/2009\/05\/Maroc_0178_TV-1024x576.jpg\" alt=\"\" class=\"wp-image-16815\" srcset=\"https:\/\/jblanz.de\/WP\/wp-content\/uploads\/2009\/05\/Maroc_0178_TV-1024x576.jpg 1024w, https:\/\/jblanz.de\/WP\/wp-content\/uploads\/2009\/05\/Maroc_0178_TV-300x169.jpg 300w, https:\/\/jblanz.de\/WP\/wp-content\/uploads\/2009\/05\/Maroc_0178_TV-768x432.jpg 768w, https:\/\/jblanz.de\/WP\/wp-content\/uploads\/2009\/05\/Maroc_0178_TV-1536x864.jpg 1536w, https:\/\/jblanz.de\/WP\/wp-content\/uploads\/2009\/05\/Maroc_0178_TV.jpg 1920w\" sizes=\"auto, (max-width: 1024px) 100vw, 1024px\" \/><\/figure>\n\n\n\n<figure class=\"wp-block-image size-large\"><img loading=\"lazy\" decoding=\"async\" width=\"1024\" height=\"576\" data-id=\"16816\" src=\"https:\/\/jblanz.de\/WP\/wp-content\/uploads\/2009\/05\/Maroc_0181_TV-1024x576.jpg\" alt=\"\" class=\"wp-image-16816\" srcset=\"https:\/\/jblanz.de\/WP\/wp-content\/uploads\/2009\/05\/Maroc_0181_TV-1024x576.jpg 1024w, https:\/\/jblanz.de\/WP\/wp-content\/uploads\/2009\/05\/Maroc_0181_TV-300x169.jpg 300w, https:\/\/jblanz.de\/WP\/wp-content\/uploads\/2009\/05\/Maroc_0181_TV-768x432.jpg 768w, https:\/\/jblanz.de\/WP\/wp-content\/uploads\/2009\/05\/Maroc_0181_TV-1536x864.jpg 1536w, https:\/\/jblanz.de\/WP\/wp-content\/uploads\/2009\/05\/Maroc_0181_TV.jpg 1920w\" sizes=\"auto, (max-width: 1024px) 100vw, 1024px\" \/><\/figure>\n\n\n\n<figure class=\"wp-block-image size-large\"><img loading=\"lazy\" decoding=\"async\" width=\"1024\" height=\"576\" data-id=\"16817\" src=\"https:\/\/jblanz.de\/WP\/wp-content\/uploads\/2009\/05\/Maroc_0195_TV-1024x576.jpg\" alt=\"\" class=\"wp-image-16817\" srcset=\"https:\/\/jblanz.de\/WP\/wp-content\/uploads\/2009\/05\/Maroc_0195_TV-1024x576.jpg 1024w, https:\/\/jblanz.de\/WP\/wp-content\/uploads\/2009\/05\/Maroc_0195_TV-300x169.jpg 300w, https:\/\/jblanz.de\/WP\/wp-content\/uploads\/2009\/05\/Maroc_0195_TV-768x432.jpg 768w, https:\/\/jblanz.de\/WP\/wp-content\/uploads\/2009\/05\/Maroc_0195_TV-1536x864.jpg 1536w, https:\/\/jblanz.de\/WP\/wp-content\/uploads\/2009\/05\/Maroc_0195_TV.jpg 1920w\" sizes=\"auto, (max-width: 1024px) 100vw, 1024px\" \/><\/figure>\n<\/figure>\n\n\n\n<p>Als wir den Fluss entlangfahren, entdecken wir eine Kasbah, das au\u00dfergew\u00f6hnliche Hotel Jurassique, und fragen nach, ob noch ein Zimmer frei ist. Au\u00dfer einem franz\u00f6sischen Paar sind wir die einzigen G\u00e4ste und k\u00f6nnen w\u00e4hlen, welches Zimmer wir nehmen wollen. WIr entscheiden uns f\u00fcr ein Zimmer in einem der T\u00fcrmchen und geniessen noch das Essen.<\/p>\n\n\n\n<figure class=\"wp-block-gallery has-nested-images columns-2 is-cropped wp-block-gallery-3 is-layout-flex wp-block-gallery-is-layout-flex\">\n<figure class=\"wp-block-image size-full\"><img loading=\"lazy\" decoding=\"async\" width=\"1920\" height=\"1080\" data-id=\"16822\" src=\"https:\/\/jblanz.de\/WP\/wp-content\/uploads\/2023\/11\/Maroc_0218_TV.jpg\" alt=\"\" class=\"wp-image-16822\" srcset=\"https:\/\/jblanz.de\/WP\/wp-content\/uploads\/2023\/11\/Maroc_0218_TV.jpg 1920w, https:\/\/jblanz.de\/WP\/wp-content\/uploads\/2023\/11\/Maroc_0218_TV-300x169.jpg 300w, https:\/\/jblanz.de\/WP\/wp-content\/uploads\/2023\/11\/Maroc_0218_TV-1024x576.jpg 1024w, https:\/\/jblanz.de\/WP\/wp-content\/uploads\/2023\/11\/Maroc_0218_TV-768x432.jpg 768w, https:\/\/jblanz.de\/WP\/wp-content\/uploads\/2023\/11\/Maroc_0218_TV-1536x864.jpg 1536w\" sizes=\"auto, (max-width: 1920px) 100vw, 1920px\" \/><\/figure>\n\n\n\n<figure class=\"wp-block-image size-full\"><img loading=\"lazy\" decoding=\"async\" width=\"1920\" height=\"1080\" data-id=\"16820\" src=\"https:\/\/jblanz.de\/WP\/wp-content\/uploads\/2023\/11\/Maroc_0217_TV.jpg\" alt=\"\" class=\"wp-image-16820\" srcset=\"https:\/\/jblanz.de\/WP\/wp-content\/uploads\/2023\/11\/Maroc_0217_TV.jpg 1920w, https:\/\/jblanz.de\/WP\/wp-content\/uploads\/2023\/11\/Maroc_0217_TV-300x169.jpg 300w, https:\/\/jblanz.de\/WP\/wp-content\/uploads\/2023\/11\/Maroc_0217_TV-1024x576.jpg 1024w, https:\/\/jblanz.de\/WP\/wp-content\/uploads\/2023\/11\/Maroc_0217_TV-768x432.jpg 768w, https:\/\/jblanz.de\/WP\/wp-content\/uploads\/2023\/11\/Maroc_0217_TV-1536x864.jpg 1536w\" sizes=\"auto, (max-width: 1920px) 100vw, 1920px\" \/><\/figure>\n\n\n\n<figure class=\"wp-block-image size-full\"><img loading=\"lazy\" decoding=\"async\" width=\"1920\" height=\"1080\" data-id=\"16821\" src=\"https:\/\/jblanz.de\/WP\/wp-content\/uploads\/2023\/11\/Maroc_0214_TV.jpg\" alt=\"\" class=\"wp-image-16821\" srcset=\"https:\/\/jblanz.de\/WP\/wp-content\/uploads\/2023\/11\/Maroc_0214_TV.jpg 1920w, https:\/\/jblanz.de\/WP\/wp-content\/uploads\/2023\/11\/Maroc_0214_TV-300x169.jpg 300w, https:\/\/jblanz.de\/WP\/wp-content\/uploads\/2023\/11\/Maroc_0214_TV-1024x576.jpg 1024w, https:\/\/jblanz.de\/WP\/wp-content\/uploads\/2023\/11\/Maroc_0214_TV-768x432.jpg 768w, https:\/\/jblanz.de\/WP\/wp-content\/uploads\/2023\/11\/Maroc_0214_TV-1536x864.jpg 1536w\" sizes=\"auto, (max-width: 1920px) 100vw, 1920px\" \/><\/figure>\n\n\n\n<figure class=\"wp-block-image size-full\"><img loading=\"lazy\" decoding=\"async\" width=\"1920\" height=\"1080\" data-id=\"16818\" src=\"https:\/\/jblanz.de\/WP\/wp-content\/uploads\/2023\/11\/Maroc_0200_TV.jpg\" alt=\"\" class=\"wp-image-16818\" srcset=\"https:\/\/jblanz.de\/WP\/wp-content\/uploads\/2023\/11\/Maroc_0200_TV.jpg 1920w, https:\/\/jblanz.de\/WP\/wp-content\/uploads\/2023\/11\/Maroc_0200_TV-300x169.jpg 300w, https:\/\/jblanz.de\/WP\/wp-content\/uploads\/2023\/11\/Maroc_0200_TV-1024x576.jpg 1024w, https:\/\/jblanz.de\/WP\/wp-content\/uploads\/2023\/11\/Maroc_0200_TV-768x432.jpg 768w, https:\/\/jblanz.de\/WP\/wp-content\/uploads\/2023\/11\/Maroc_0200_TV-1536x864.jpg 1536w\" sizes=\"auto, (max-width: 1920px) 100vw, 1920px\" \/><\/figure>\n\n\n\n<figure class=\"wp-block-image size-full\"><img loading=\"lazy\" decoding=\"async\" width=\"1920\" height=\"1080\" data-id=\"16819\" src=\"https:\/\/jblanz.de\/WP\/wp-content\/uploads\/2023\/11\/Maroc_0204_TV.jpg\" alt=\"\" class=\"wp-image-16819\" srcset=\"https:\/\/jblanz.de\/WP\/wp-content\/uploads\/2023\/11\/Maroc_0204_TV.jpg 1920w, https:\/\/jblanz.de\/WP\/wp-content\/uploads\/2023\/11\/Maroc_0204_TV-300x169.jpg 300w, https:\/\/jblanz.de\/WP\/wp-content\/uploads\/2023\/11\/Maroc_0204_TV-1024x576.jpg 1024w, https:\/\/jblanz.de\/WP\/wp-content\/uploads\/2023\/11\/Maroc_0204_TV-768x432.jpg 768w, https:\/\/jblanz.de\/WP\/wp-content\/uploads\/2023\/11\/Maroc_0204_TV-1536x864.jpg 1536w\" sizes=\"auto, (max-width: 1920px) 100vw, 1920px\" \/><\/figure>\n\n\n\n<figure class=\"wp-block-image size-full\"><img loading=\"lazy\" decoding=\"async\" width=\"1920\" height=\"1080\" data-id=\"16824\" src=\"https:\/\/jblanz.de\/WP\/wp-content\/uploads\/2023\/11\/Maroc_0202_TV.jpg\" alt=\"\" class=\"wp-image-16824\" srcset=\"https:\/\/jblanz.de\/WP\/wp-content\/uploads\/2023\/11\/Maroc_0202_TV.jpg 1920w, https:\/\/jblanz.de\/WP\/wp-content\/uploads\/2023\/11\/Maroc_0202_TV-300x169.jpg 300w, https:\/\/jblanz.de\/WP\/wp-content\/uploads\/2023\/11\/Maroc_0202_TV-1024x576.jpg 1024w, https:\/\/jblanz.de\/WP\/wp-content\/uploads\/2023\/11\/Maroc_0202_TV-768x432.jpg 768w, https:\/\/jblanz.de\/WP\/wp-content\/uploads\/2023\/11\/Maroc_0202_TV-1536x864.jpg 1536w\" sizes=\"auto, (max-width: 1920px) 100vw, 1920px\" \/><\/figure>\n\n\n\n<figure class=\"wp-block-image size-full\"><img loading=\"lazy\" decoding=\"async\" width=\"1920\" height=\"1080\" data-id=\"16823\" src=\"https:\/\/jblanz.de\/WP\/wp-content\/uploads\/2023\/11\/Maroc_0201_TV.jpg\" alt=\"\" class=\"wp-image-16823\" srcset=\"https:\/\/jblanz.de\/WP\/wp-content\/uploads\/2023\/11\/Maroc_0201_TV.jpg 1920w, https:\/\/jblanz.de\/WP\/wp-content\/uploads\/2023\/11\/Maroc_0201_TV-300x169.jpg 300w, https:\/\/jblanz.de\/WP\/wp-content\/uploads\/2023\/11\/Maroc_0201_TV-1024x576.jpg 1024w, https:\/\/jblanz.de\/WP\/wp-content\/uploads\/2023\/11\/Maroc_0201_TV-768x432.jpg 768w, https:\/\/jblanz.de\/WP\/wp-content\/uploads\/2023\/11\/Maroc_0201_TV-1536x864.jpg 1536w\" sizes=\"auto, (max-width: 1920px) 100vw, 1920px\" \/><\/figure>\n\n\n\n<figure class=\"wp-block-image size-full\"><img loading=\"lazy\" decoding=\"async\" width=\"2560\" height=\"1707\" data-id=\"16825\" src=\"https:\/\/jblanz.de\/WP\/wp-content\/uploads\/2023\/11\/Maroc_0206_TV-scaled.jpg\" alt=\"\" class=\"wp-image-16825\" srcset=\"https:\/\/jblanz.de\/WP\/wp-content\/uploads\/2023\/11\/Maroc_0206_TV-scaled.jpg 2560w, https:\/\/jblanz.de\/WP\/wp-content\/uploads\/2023\/11\/Maroc_0206_TV-300x200.jpg 300w, https:\/\/jblanz.de\/WP\/wp-content\/uploads\/2023\/11\/Maroc_0206_TV-1024x683.jpg 1024w, https:\/\/jblanz.de\/WP\/wp-content\/uploads\/2023\/11\/Maroc_0206_TV-768x512.jpg 768w, https:\/\/jblanz.de\/WP\/wp-content\/uploads\/2023\/11\/Maroc_0206_TV-1536x1024.jpg 1536w, https:\/\/jblanz.de\/WP\/wp-content\/uploads\/2023\/11\/Maroc_0206_TV-2048x1365.jpg 2048w\" sizes=\"auto, (max-width: 2560px) 100vw, 2560px\" \/><\/figure>\n<\/figure>\n","protected":false},"excerpt":{"rendered":"<p>Am n\u00e4chsten Morgen fahren wir weiter und kommen in das Tal des Oued Ziz. Der Fluss f\u00fchrt gen\u00fcgend Wasser f\u00fcr<\/p>\n","protected":false},"author":1,"featured_media":16822,"comment_status":"open","ping_status":"open","sticky":false,"template":"","format":"standard","meta":{"colormag_page_container_layout":"default_layout","colormag_page_sidebar_layout":"default_layout","_monsterinsights_skip_tracking":false,"_monsterinsights_sitenote_active":false,"_monsterinsights_sitenote_note":"","_monsterinsights_sitenote_category":0,"footnotes":""},"categories":[209,236,234,239],"tags":[],"class_list":["post-16623","post","type-post","status-publish","format-standard","has-post-thumbnail","hentry","category-209","category-afrika","category-marokko","category-marokko-2009"],"yoast_head":"<!-- This site is optimized with the Yoast SEO plugin v27.4 - https:\/\/yoast.com\/product\/yoast-seo-wordpress\/ -->\n<title>29. Mai 2009 - Fahrt zur Ziz-Schlucht - Reiseblog von Karin &amp; Joachim<\/title>\n<meta name=\"robots\" content=\"index, follow, max-snippet:-1, max-image-preview:large, max-video-preview:-1\" \/>\n<link rel=\"canonical\" href=\"https:\/\/jblanz.de\/WP\/29-mai-2009-fahrt-zur-ziz-schlucht\/\" \/>\n<meta property=\"og:locale\" content=\"de_DE\" \/>\n<meta property=\"og:type\" content=\"article\" \/>\n<meta property=\"og:title\" content=\"29. Mai 2009 - Fahrt zur Ziz-Schlucht - Reiseblog von Karin &amp; Joachim\" \/>\n<meta property=\"og:description\" content=\"Am n\u00e4chsten Morgen fahren wir weiter und kommen in das Tal des Oued Ziz. Der Fluss f\u00fchrt gen\u00fcgend Wasser f\u00fcr\" \/>\n<meta property=\"og:url\" content=\"https:\/\/jblanz.de\/WP\/29-mai-2009-fahrt-zur-ziz-schlucht\/\" \/>\n<meta property=\"og:site_name\" content=\"Reiseblog von Karin &amp; Joachim\" \/>\n<meta property=\"article:published_time\" content=\"2009-05-29T15:52:00+00:00\" \/>\n<meta property=\"article:modified_time\" content=\"2023-11-26T16:36:45+00:00\" \/>\n<meta property=\"og:image\" content=\"https:\/\/jblanz.de\/WP\/wp-content\/uploads\/2023\/11\/Maroc_0218_TV.jpg\" \/>\n\t<meta property=\"og:image:width\" content=\"1920\" \/>\n\t<meta property=\"og:image:height\" content=\"1080\" \/>\n\t<meta property=\"og:image:type\" content=\"image\/jpeg\" \/>\n<meta name=\"author\" content=\"Achim\" \/>\n<meta name=\"twitter:card\" content=\"summary_large_image\" \/>\n<meta name=\"twitter:label1\" content=\"Verfasst von\" \/>\n\t<meta name=\"twitter:data1\" content=\"Achim\" \/>\n\t<meta name=\"twitter:label2\" content=\"Gesch\u00e4tzte Lesezeit\" \/>\n\t<meta name=\"twitter:data2\" content=\"6\u00a0Minuten\" \/>\n<script type=\"application\/ld+json\" class=\"yoast-schema-graph\">{\"@context\":\"https:\\\/\\\/schema.org\",\"@graph\":[{\"@type\":\"Article\",\"@id\":\"https:\\\/\\\/jblanz.de\\\/WP\\\/29-mai-2009-fahrt-zur-ziz-schlucht\\\/#article\",\"isPartOf\":{\"@id\":\"https:\\\/\\\/jblanz.de\\\/WP\\\/29-mai-2009-fahrt-zur-ziz-schlucht\\\/\"},\"author\":{\"name\":\"Achim\",\"@id\":\"https:\\\/\\\/jblanz.de\\\/WP\\\/#\\\/schema\\\/person\\\/17a70f07162e42bc0b181c22397286e0\"},\"headline\":\"29. Mai 2009 &#8211; Fahrt zur Ziz-Schlucht\",\"datePublished\":\"2009-05-29T15:52:00+00:00\",\"dateModified\":\"2023-11-26T16:36:45+00:00\",\"mainEntityOfPage\":{\"@id\":\"https:\\\/\\\/jblanz.de\\\/WP\\\/29-mai-2009-fahrt-zur-ziz-schlucht\\\/\"},\"wordCount\":95,\"commentCount\":0,\"publisher\":{\"@id\":\"https:\\\/\\\/jblanz.de\\\/WP\\\/#\\\/schema\\\/person\\\/17a70f07162e42bc0b181c22397286e0\"},\"image\":{\"@id\":\"https:\\\/\\\/jblanz.de\\\/WP\\\/29-mai-2009-fahrt-zur-ziz-schlucht\\\/#primaryimage\"},\"thumbnailUrl\":\"https:\\\/\\\/jblanz.de\\\/WP\\\/wp-content\\\/uploads\\\/2023\\\/11\\\/Maroc_0218_TV.jpg\",\"articleSection\":[\"2009\",\"Afrika\",\"Marokko\",\"Marokko 2009\"],\"inLanguage\":\"de\",\"potentialAction\":[{\"@type\":\"CommentAction\",\"name\":\"Comment\",\"target\":[\"https:\\\/\\\/jblanz.de\\\/WP\\\/29-mai-2009-fahrt-zur-ziz-schlucht\\\/#respond\"]}]},{\"@type\":\"WebPage\",\"@id\":\"https:\\\/\\\/jblanz.de\\\/WP\\\/29-mai-2009-fahrt-zur-ziz-schlucht\\\/\",\"url\":\"https:\\\/\\\/jblanz.de\\\/WP\\\/29-mai-2009-fahrt-zur-ziz-schlucht\\\/\",\"name\":\"29. Mai 2009 - Fahrt zur Ziz-Schlucht - Reiseblog von Karin &amp; Joachim\",\"isPartOf\":{\"@id\":\"https:\\\/\\\/jblanz.de\\\/WP\\\/#website\"},\"primaryImageOfPage\":{\"@id\":\"https:\\\/\\\/jblanz.de\\\/WP\\\/29-mai-2009-fahrt-zur-ziz-schlucht\\\/#primaryimage\"},\"image\":{\"@id\":\"https:\\\/\\\/jblanz.de\\\/WP\\\/29-mai-2009-fahrt-zur-ziz-schlucht\\\/#primaryimage\"},\"thumbnailUrl\":\"https:\\\/\\\/jblanz.de\\\/WP\\\/wp-content\\\/uploads\\\/2023\\\/11\\\/Maroc_0218_TV.jpg\",\"datePublished\":\"2009-05-29T15:52:00+00:00\",\"dateModified\":\"2023-11-26T16:36:45+00:00\",\"breadcrumb\":{\"@id\":\"https:\\\/\\\/jblanz.de\\\/WP\\\/29-mai-2009-fahrt-zur-ziz-schlucht\\\/#breadcrumb\"},\"inLanguage\":\"de\",\"potentialAction\":[{\"@type\":\"ReadAction\",\"target\":[\"https:\\\/\\\/jblanz.de\\\/WP\\\/29-mai-2009-fahrt-zur-ziz-schlucht\\\/\"]}]},{\"@type\":\"ImageObject\",\"inLanguage\":\"de\",\"@id\":\"https:\\\/\\\/jblanz.de\\\/WP\\\/29-mai-2009-fahrt-zur-ziz-schlucht\\\/#primaryimage\",\"url\":\"https:\\\/\\\/jblanz.de\\\/WP\\\/wp-content\\\/uploads\\\/2023\\\/11\\\/Maroc_0218_TV.jpg\",\"contentUrl\":\"https:\\\/\\\/jblanz.de\\\/WP\\\/wp-content\\\/uploads\\\/2023\\\/11\\\/Maroc_0218_TV.jpg\",\"width\":1920,\"height\":1080},{\"@type\":\"BreadcrumbList\",\"@id\":\"https:\\\/\\\/jblanz.de\\\/WP\\\/29-mai-2009-fahrt-zur-ziz-schlucht\\\/#breadcrumb\",\"itemListElement\":[{\"@type\":\"ListItem\",\"position\":1,\"name\":\"Startseite\",\"item\":\"https:\\\/\\\/jblanz.de\\\/WP\\\/\"},{\"@type\":\"ListItem\",\"position\":2,\"name\":\"29. Mai 2009 &#8211; Fahrt zur Ziz-Schlucht\"}]},{\"@type\":\"WebSite\",\"@id\":\"https:\\\/\\\/jblanz.de\\\/WP\\\/#website\",\"url\":\"https:\\\/\\\/jblanz.de\\\/WP\\\/\",\"name\":\"Reiseblog von Karin & Joachim\",\"description\":\"Wir schreiben den Blog f\u00fcr uns als Erinnerung - f\u00fcr euch als Inspiration\",\"publisher\":{\"@id\":\"https:\\\/\\\/jblanz.de\\\/WP\\\/#\\\/schema\\\/person\\\/17a70f07162e42bc0b181c22397286e0\"},\"potentialAction\":[{\"@type\":\"SearchAction\",\"target\":{\"@type\":\"EntryPoint\",\"urlTemplate\":\"https:\\\/\\\/jblanz.de\\\/WP\\\/?s={search_term_string}\"},\"query-input\":{\"@type\":\"PropertyValueSpecification\",\"valueRequired\":true,\"valueName\":\"search_term_string\"}}],\"inLanguage\":\"de\"},{\"@type\":[\"Person\",\"Organization\"],\"@id\":\"https:\\\/\\\/jblanz.de\\\/WP\\\/#\\\/schema\\\/person\\\/17a70f07162e42bc0b181c22397286e0\",\"name\":\"Achim\",\"image\":{\"@type\":\"ImageObject\",\"inLanguage\":\"de\",\"@id\":\"https:\\\/\\\/secure.gravatar.com\\\/avatar\\\/b7ab31bc55956af4a9bebf7fd034761212b11b803b7e39464914d6abeefb12f3?s=96&d=mm&r=g\",\"url\":\"https:\\\/\\\/secure.gravatar.com\\\/avatar\\\/b7ab31bc55956af4a9bebf7fd034761212b11b803b7e39464914d6abeefb12f3?s=96&d=mm&r=g\",\"contentUrl\":\"https:\\\/\\\/secure.gravatar.com\\\/avatar\\\/b7ab31bc55956af4a9bebf7fd034761212b11b803b7e39464914d6abeefb12f3?s=96&d=mm&r=g\",\"caption\":\"Achim\"},\"logo\":{\"@id\":\"https:\\\/\\\/secure.gravatar.com\\\/avatar\\\/b7ab31bc55956af4a9bebf7fd034761212b11b803b7e39464914d6abeefb12f3?s=96&d=mm&r=g\"},\"url\":\"https:\\\/\\\/jblanz.de\\\/WP\\\/author\\\/achim\\\/\"}]}<\/script>\n<!-- \/ Yoast SEO plugin. -->","yoast_head_json":{"title":"29. Mai 2009 - Fahrt zur Ziz-Schlucht - Reiseblog von Karin &amp; Joachim","robots":{"index":"index","follow":"follow","max-snippet":"max-snippet:-1","max-image-preview":"max-image-preview:large","max-video-preview":"max-video-preview:-1"},"canonical":"https:\/\/jblanz.de\/WP\/29-mai-2009-fahrt-zur-ziz-schlucht\/","og_locale":"de_DE","og_type":"article","og_title":"29. Mai 2009 - Fahrt zur Ziz-Schlucht - Reiseblog von Karin &amp; Joachim","og_description":"Am n\u00e4chsten Morgen fahren wir weiter und kommen in das Tal des Oued Ziz. Der Fluss f\u00fchrt gen\u00fcgend Wasser f\u00fcr","og_url":"https:\/\/jblanz.de\/WP\/29-mai-2009-fahrt-zur-ziz-schlucht\/","og_site_name":"Reiseblog von Karin &amp; Joachim","article_published_time":"2009-05-29T15:52:00+00:00","article_modified_time":"2023-11-26T16:36:45+00:00","og_image":[{"width":1920,"height":1080,"url":"https:\/\/jblanz.de\/WP\/wp-content\/uploads\/2023\/11\/Maroc_0218_TV.jpg","type":"image\/jpeg"}],"author":"Achim","twitter_card":"summary_large_image","twitter_misc":{"Verfasst von":"Achim","Gesch\u00e4tzte Lesezeit":"6\u00a0Minuten"},"schema":{"@context":"https:\/\/schema.org","@graph":[{"@type":"Article","@id":"https:\/\/jblanz.de\/WP\/29-mai-2009-fahrt-zur-ziz-schlucht\/#article","isPartOf":{"@id":"https:\/\/jblanz.de\/WP\/29-mai-2009-fahrt-zur-ziz-schlucht\/"},"author":{"name":"Achim","@id":"https:\/\/jblanz.de\/WP\/#\/schema\/person\/17a70f07162e42bc0b181c22397286e0"},"headline":"29. Mai 2009 &#8211; Fahrt zur Ziz-Schlucht","datePublished":"2009-05-29T15:52:00+00:00","dateModified":"2023-11-26T16:36:45+00:00","mainEntityOfPage":{"@id":"https:\/\/jblanz.de\/WP\/29-mai-2009-fahrt-zur-ziz-schlucht\/"},"wordCount":95,"commentCount":0,"publisher":{"@id":"https:\/\/jblanz.de\/WP\/#\/schema\/person\/17a70f07162e42bc0b181c22397286e0"},"image":{"@id":"https:\/\/jblanz.de\/WP\/29-mai-2009-fahrt-zur-ziz-schlucht\/#primaryimage"},"thumbnailUrl":"https:\/\/jblanz.de\/WP\/wp-content\/uploads\/2023\/11\/Maroc_0218_TV.jpg","articleSection":["2009","Afrika","Marokko","Marokko 2009"],"inLanguage":"de","potentialAction":[{"@type":"CommentAction","name":"Comment","target":["https:\/\/jblanz.de\/WP\/29-mai-2009-fahrt-zur-ziz-schlucht\/#respond"]}]},{"@type":"WebPage","@id":"https:\/\/jblanz.de\/WP\/29-mai-2009-fahrt-zur-ziz-schlucht\/","url":"https:\/\/jblanz.de\/WP\/29-mai-2009-fahrt-zur-ziz-schlucht\/","name":"29. Mai 2009 - Fahrt zur Ziz-Schlucht - Reiseblog von Karin &amp; Joachim","isPartOf":{"@id":"https:\/\/jblanz.de\/WP\/#website"},"primaryImageOfPage":{"@id":"https:\/\/jblanz.de\/WP\/29-mai-2009-fahrt-zur-ziz-schlucht\/#primaryimage"},"image":{"@id":"https:\/\/jblanz.de\/WP\/29-mai-2009-fahrt-zur-ziz-schlucht\/#primaryimage"},"thumbnailUrl":"https:\/\/jblanz.de\/WP\/wp-content\/uploads\/2023\/11\/Maroc_0218_TV.jpg","datePublished":"2009-05-29T15:52:00+00:00","dateModified":"2023-11-26T16:36:45+00:00","breadcrumb":{"@id":"https:\/\/jblanz.de\/WP\/29-mai-2009-fahrt-zur-ziz-schlucht\/#breadcrumb"},"inLanguage":"de","potentialAction":[{"@type":"ReadAction","target":["https:\/\/jblanz.de\/WP\/29-mai-2009-fahrt-zur-ziz-schlucht\/"]}]},{"@type":"ImageObject","inLanguage":"de","@id":"https:\/\/jblanz.de\/WP\/29-mai-2009-fahrt-zur-ziz-schlucht\/#primaryimage","url":"https:\/\/jblanz.de\/WP\/wp-content\/uploads\/2023\/11\/Maroc_0218_TV.jpg","contentUrl":"https:\/\/jblanz.de\/WP\/wp-content\/uploads\/2023\/11\/Maroc_0218_TV.jpg","width":1920,"height":1080},{"@type":"BreadcrumbList","@id":"https:\/\/jblanz.de\/WP\/29-mai-2009-fahrt-zur-ziz-schlucht\/#breadcrumb","itemListElement":[{"@type":"ListItem","position":1,"name":"Startseite","item":"https:\/\/jblanz.de\/WP\/"},{"@type":"ListItem","position":2,"name":"29. Mai 2009 &#8211; Fahrt zur Ziz-Schlucht"}]},{"@type":"WebSite","@id":"https:\/\/jblanz.de\/WP\/#website","url":"https:\/\/jblanz.de\/WP\/","name":"Reiseblog von Karin & Joachim","description":"Wir schreiben den Blog f\u00fcr uns als Erinnerung - f\u00fcr euch als Inspiration","publisher":{"@id":"https:\/\/jblanz.de\/WP\/#\/schema\/person\/17a70f07162e42bc0b181c22397286e0"},"potentialAction":[{"@type":"SearchAction","target":{"@type":"EntryPoint","urlTemplate":"https:\/\/jblanz.de\/WP\/?s={search_term_string}"},"query-input":{"@type":"PropertyValueSpecification","valueRequired":true,"valueName":"search_term_string"}}],"inLanguage":"de"},{"@type":["Person","Organization"],"@id":"https:\/\/jblanz.de\/WP\/#\/schema\/person\/17a70f07162e42bc0b181c22397286e0","name":"Achim","image":{"@type":"ImageObject","inLanguage":"de","@id":"https:\/\/secure.gravatar.com\/avatar\/b7ab31bc55956af4a9bebf7fd034761212b11b803b7e39464914d6abeefb12f3?s=96&d=mm&r=g","url":"https:\/\/secure.gravatar.com\/avatar\/b7ab31bc55956af4a9bebf7fd034761212b11b803b7e39464914d6abeefb12f3?s=96&d=mm&r=g","contentUrl":"https:\/\/secure.gravatar.com\/avatar\/b7ab31bc55956af4a9bebf7fd034761212b11b803b7e39464914d6abeefb12f3?s=96&d=mm&r=g","caption":"Achim"},"logo":{"@id":"https:\/\/secure.gravatar.com\/avatar\/b7ab31bc55956af4a9bebf7fd034761212b11b803b7e39464914d6abeefb12f3?s=96&d=mm&r=g"},"url":"https:\/\/jblanz.de\/WP\/author\/achim\/"}]}},"_links":{"self":[{"href":"https:\/\/jblanz.de\/WP\/wp-json\/wp\/v2\/posts\/16623","targetHints":{"allow":["GET"]}}],"collection":[{"href":"https:\/\/jblanz.de\/WP\/wp-json\/wp\/v2\/posts"}],"about":[{"href":"https:\/\/jblanz.de\/WP\/wp-json\/wp\/v2\/types\/post"}],"author":[{"embeddable":true,"href":"https:\/\/jblanz.de\/WP\/wp-json\/wp\/v2\/users\/1"}],"replies":[{"embeddable":true,"href":"https:\/\/jblanz.de\/WP\/wp-json\/wp\/v2\/comments?post=16623"}],"version-history":[{"count":0,"href":"https:\/\/jblanz.de\/WP\/wp-json\/wp\/v2\/posts\/16623\/revisions"}],"wp:featuredmedia":[{"embeddable":true,"href":"https:\/\/jblanz.de\/WP\/wp-json\/wp\/v2\/media\/16822"}],"wp:attachment":[{"href":"https:\/\/jblanz.de\/WP\/wp-json\/wp\/v2\/media?parent=16623"}],"wp:term":[{"taxonomy":"category","embeddable":true,"href":"https:\/\/jblanz.de\/WP\/wp-json\/wp\/v2\/categories?post=16623"},{"taxonomy":"post_tag","embeddable":true,"href":"https:\/\/jblanz.de\/WP\/wp-json\/wp\/v2\/tags?post=16623"}],"curies":[{"name":"wp","href":"https:\/\/api.w.org\/{rel}","templated":true}]}}