{"id":186,"date":"2015-08-30T05:43:00","date_gmt":"2015-08-30T03:43:00","guid":{"rendered":"http:\/\/jblanz.de\/WP\/2015\/08\/30\/5-tauchtag-in-lembe\/"},"modified":"2021-01-17T18:13:16","modified_gmt":"2021-01-17T17:13:16","slug":"tauchtag-in-lembeh-2","status":"publish","type":"post","link":"https:\/\/jblanz.de\/WP\/tauchtag-in-lembeh-2\/","title":{"rendered":"30. August 2015 &#8211; 5. Tauchtag in Lembeh"},"content":{"rendered":"<div>Wir haben noch garnicht beschrieben, wie unsere tage hier beginnen. Zwischen halb sechs und sechs f\u00e4ngt es neben mir an zu nesteln und schnaufen und dann kr\u00e4chzt der boden, die t\u00fcr knarrt erst einmal, dann am bad, danach an der &#8220; haust\u00fcr&#8220;. Danach ist wieder stille. Oder relative stille, denn die einsitzerboote, die aus den philippinen importiert wurden, knatten lautstark in verschiedene richtungen. Wahrscheinlich kommen sie vom markt zur\u00fcck.<\/div>\n<div>Ja, ihr habt richtig geraten. Der knarzwurz ist achim, den die senile bettflucht schon ereilt hat. Er sitzt dann entwder vor dem bungalow oder am jetty und schreibt den blog oder macht bilder, bis er mich dann um viertel vor sieben weckt, sofern ich nochmal einschlafen konnte?????<\/div>\n<div><\/div>\n<div>Heute hatten wir uns die 4. Variante der Pygm\u00e4en-Seepferdchen f\u00fcr den ersten Tauchgang gew\u00fcnscht. Jenly &#8211; Jeff hat heute seinen freien Tag &#8211; wurde schnell f\u00fcndig. Nudi Retreat heisst der Tauchplatz und in 10 m Tiefe gibt es grosse Gorgonien, an den man suchen muss. 20 Fotos gemacht und nur auf einem Foto war das Seepferdchen scharf abgebildet.<\/div>\n<div><\/div>\n<div>\n<div class=\"separator\" style=\"clear: both;\"><a style=\"margin-left: 1em; margin-right: 1em;\" href=\"https:\/\/lh3.googleusercontent.com\/-owtHN2eQN8Q\/VeKZXwyFftI\/AAAAAAAABBg\/hyRYYm1Thjc\/s640\/blogger-image-779532849.jpg\" data-rel=\"lightbox-image-0\" data-rl_title=\"\" data-rl_caption=\"\" title=\"\"><img decoding=\"async\" src=\"https:\/\/lh3.googleusercontent.com\/-owtHN2eQN8Q\/VeKZXwyFftI\/AAAAAAAABBg\/hyRYYm1Thjc\/s640\/blogger-image-779532849.jpg\" alt=\"\" border=\"0\"><\/a><\/div>\n<div class=\"separator\" style=\"clear: both;\"><\/div>\n<div class=\"separator\" style=\"clear: both;\">Ein weiteres Highlight war ein grosser Tag-Oktopus, heisst so weil er tagaktiv ist, im Gegensatz zu seinen Artgenossen. Er war superschnell und wir verfolgten ihn bis in 22 m Tiefe. Dort verschwand er in einer H\u00f6hle, luggte aber immer mal wieder neugierig raus, sobald wir in etwas gr\u00f6\u00dferer Entfernung waren. Er war ziemlich gross, so dass ich ihn nicht unbedingt aus der N\u00e4he h\u00e4tte sehen wollen. Sonst hielt der Name des Tauchplatzes nicht was er versprach, Schnecken gab es nicht sehr viele.<\/div>\n<div class=\"separator\" style=\"clear: both;\"><\/div>\n<div class=\"separator\" style=\"clear: both;\">In der Pause am Pool schl\u00e4gt sich Karin am Liegestuhl den mittleren Zehen an, der daraufhin sofort auf das doppelte anschwillt und blau anl\u00e4uft. Inzwischen hat sie einen weiteren grossen Zeh, so dick ist er geworden?<\/div>\n<div class=\"separator\" style=\"clear: both;\"><\/div>\n<div class=\"separator\" style=\"clear: both;\">\n<div class=\"separator\" style=\"clear: both;\">\n<div class=\"separator\" style=\"clear: both;\"><a style=\"margin-left: 1em; margin-right: 1em;\" href=\"https:\/\/lh3.googleusercontent.com\/-KGkxYiT0CcI\/VePPPEa2_GI\/AAAAAAAABB4\/ZnDxP5YLFJk\/s640\/blogger-image--78403030.jpg\" data-rel=\"lightbox-image-1\" data-rl_title=\"\" data-rl_caption=\"\" title=\"\"><img decoding=\"async\" src=\"https:\/\/lh3.googleusercontent.com\/-KGkxYiT0CcI\/VePPPEa2_GI\/AAAAAAAABB4\/ZnDxP5YLFJk\/s640\/blogger-image--78403030.jpg\" alt=\"\" border=\"0\"><\/a><\/div>\n<\/div>\n<\/div>\n<div class=\"separator\" style=\"clear: both;\">Der Nachmittagstauchgang ging zum Muck-Tauchen (=Schmuddeltauchen), d.h. man taucht auf einem Sand-Untergrund, der mit einer feinen Schicht aus Staub und Algen bedeckt ist. Jeder Flossenschlag wirbelt unendlich viele Feinteilchen auf, die die Sicht st\u00e4ndig verschlechtern und man muss sehr achtgeben, dass das so wenig viel m\u00f6glich passiert. Da es unvermeidlich ist, f\u00e4ngt man m\u00f6glichst tief an und arbeitet sich zickzack-f\u00f6rmig langsam hoch. Der aufgewirbelte Staub bleibt so stets unterhalb des n\u00e4chsten Abschnitts. So die Theorie, aber wenn man in mehreren Grupen taucht oder wenn man beim Abtauchen bereits etwas interessantes sieht, &#8230;. Und dieses Mal sahen wir zwei schwarze &#8222;hairy frog fish&#8220;, haarige schwarze Anglerfische, direkt beim Abtauchen, da mussten wir einfach 15 Minuten bleiben und diesen Kreaturen zuschauen, wie sie gegen die leichte Str\u00f6mung k\u00e4mpften.<\/div>\n<div class=\"separator\" style=\"clear: both;\">Es war echt sooo s\u00fcss, wie das kleine, wir vermuten, es waren mutter und kind, hinter seiner mama hergedackelt ist, immer bem\u00fcht mit ihr schritt zu halten. Es sah echt anstrengend aus!! Und dann auch noch die bl\u00f6den taucher, die alles filmen und fotographieren m\u00fcssen?<\/div>\n<div class=\"separator\" style=\"clear: both;\"><\/div>\n<div class=\"separator\" style=\"clear: both;\">\n<div class=\"separator\" style=\"clear: both;\">\n<div class=\"separator\" style=\"clear: both;\">\n<div class=\"separator\" style=\"clear: both;\"><a style=\"margin-left: 1em; margin-right: 1em;\" href=\"https:\/\/lh3.googleusercontent.com\/-f20ECYDJkCE\/VePQ2YACsMI\/AAAAAAAABCM\/FZn9TwbPXrU\/s640\/blogger-image--300149154.jpg\" data-rel=\"lightbox-image-2\" data-rl_title=\"\" data-rl_caption=\"\" title=\"\"><img decoding=\"async\" src=\"https:\/\/lh3.googleusercontent.com\/-f20ECYDJkCE\/VePQ2YACsMI\/AAAAAAAABCM\/FZn9TwbPXrU\/s640\/blogger-image--300149154.jpg\" alt=\"\" border=\"0\"><\/a><\/div>\n<div class=\"separator\" style=\"clear: both;\">\n<div class=\"separator\" style=\"clear: both;\"><a style=\"margin-left: 1em; margin-right: 1em;\" href=\"https:\/\/lh3.googleusercontent.com\/-RgpuQt436bU\/VePQzJJunXI\/AAAAAAAABCE\/4IbqD48T_F0\/s640\/blogger-image--762748589.jpg\" data-rel=\"lightbox-image-3\" data-rl_title=\"\" data-rl_caption=\"\" title=\"\"><img decoding=\"async\" src=\"https:\/\/lh3.googleusercontent.com\/-RgpuQt436bU\/VePQzJJunXI\/AAAAAAAABCE\/4IbqD48T_F0\/s640\/blogger-image--762748589.jpg\" alt=\"\" border=\"0\"><\/a><\/div>\n<\/div>\n<\/div>\n<\/div>\n<\/div>\n<div class=\"separator\" style=\"clear: both;\"><\/div>\n<div class=\"separator\" style=\"clear: both;\">Etwas weiter lagen zwei Ambon-Skorpoinsfische, ein weiterer Frog-Fisch und ein Pygm\u00e4en-Frog-Fisch, kaum 1-2 cm gross. Mehrere kleine Dragonnet-Fische, Tintenfische, &#8230;.<\/div>\n<div class=\"separator\" style=\"clear: both;\"><\/div>\n<div class=\"separator\" style=\"clear: both;\">F\u00fcr abends um 17 Uhr hatten wir uns noch zum Mandarin-Dive angemeldet. Es ging zu zwei grossen Schiffen, die fr\u00fcher zu live-a-boards genutzt wurden, inzwischen aber veraltet sind und seit Jahren nur rumstehen. Bei Abtauchen sahen wir, dass wir uns \u00fcber einem Geweihkorallenfeld befanden, \u00fcberall grosse Seeigel, die sich auf die Nachtwanderung machten. Jenly, unser Guide, wies uns an, uns am Ende der Korallen auf die Knie niederzulassen und abzuwarten. Es dauerte nicht lange bis die ersten Mandarin-Fische auftauchten, neugierig alles begutachteten und sich auf die Suche nach den kleineren Weibchen machten. Es sind wirklich toll aussehende Fische, die sich sp\u00e4ter dann vor unseren Augen paarten ( speedy popping beim aufsteigen im wasser, dauert etwa 5 sekunden??)<\/div>\n<div class=\"separator\" style=\"clear: both;\"><\/div>\n<div class=\"separator\" style=\"clear: both;\">\n<div class=\"separator\" style=\"clear: both;\"><a style=\"margin-left: 1em; margin-right: 1em;\" href=\"https:\/\/lh3.googleusercontent.com\/-FfC3rhdGRFY\/VeRCSkWvUlI\/AAAAAAAABCc\/Mjf7cI48rds\/s640\/blogger-image-1987116958.jpg\" data-rel=\"lightbox-image-4\" data-rl_title=\"\" data-rl_caption=\"\" title=\"\"><img decoding=\"async\" src=\"https:\/\/lh3.googleusercontent.com\/-FfC3rhdGRFY\/VeRCSkWvUlI\/AAAAAAAABCc\/Mjf7cI48rds\/s640\/blogger-image-1987116958.jpg\" alt=\"\" border=\"0\"><\/a><\/div>\n<div class=\"separator\" style=\"clear: both;\"><\/div>\n<div class=\"separator\" style=\"clear: both;\"><a style=\"margin-left: 1em; margin-right: 1em;\" href=\"https:\/\/lh3.googleusercontent.com\/-vyma839PwVU\/VeRFNPfrYXI\/AAAAAAAABCo\/fzAQ9nCXpdg\/s640\/blogger-image-934813245.jpg\" data-rel=\"lightbox-image-5\" data-rl_title=\"\" data-rl_caption=\"\" title=\"\"><img decoding=\"async\" src=\"https:\/\/lh3.googleusercontent.com\/-vyma839PwVU\/VeRFNPfrYXI\/AAAAAAAABCo\/fzAQ9nCXpdg\/s640\/blogger-image-934813245.jpg\" alt=\"\" border=\"0\"><\/a><\/div>\n<p>Zwischendurch wurde es immer dunkler und wir machten uns auf die Suche nach anderen interessanten Objekten. Schnell wurde uns klar, dass hier das Eldorado der Nacktschnecken war. Es ging von einer zur anderen, zwischendurch Pipefische, Rotfeuerfische, Mur\u00e4nen, und die anderen Fische schauten uns alle zu, hatte man den Eindruck. Sie schienen bereits zu schlafen und viele hingen bewegungslos zwischen den Korallenst\u00f6cken. Je dunkler es wurde, desto gespenstischer sahen die Geweihkorallen mit den dazwischen h\u00e4ngenden Fischen im Restlicht aus. Die zwei Seenadeln da oben lugten neugierig um die Ecke, als ob sie sich \u00fcber das viele Licht beschweren wollten.<\/p>\n<\/div>\n<div class=\"separator\" style=\"clear: both;\"><\/div>\n<div class=\"separator\" style=\"clear: both;\">\n<div class=\"separator\" style=\"clear: both;\">\n<div class=\"separator\" style=\"clear: both;\"><a style=\"margin-left: 1em; margin-right: 1em;\" href=\"https:\/\/lh3.googleusercontent.com\/--sqoghedgSM\/VeRUrhVu17I\/AAAAAAAABC4\/bs3U7FKy5Nc\/s640\/blogger-image--1112847560.jpg\" data-rel=\"lightbox-image-6\" data-rl_title=\"\" data-rl_caption=\"\" title=\"\"><img decoding=\"async\" src=\"https:\/\/lh3.googleusercontent.com\/--sqoghedgSM\/VeRUrhVu17I\/AAAAAAAABC4\/bs3U7FKy5Nc\/s640\/blogger-image--1112847560.jpg\" alt=\"\" border=\"0\"><\/a><\/div>\n<\/div>\n<\/div>\n<div class=\"separator\" style=\"clear: both;\">Auch heute waren wir wieder mehr als drei Stunden unter Wasser. Nach dem Abendessen gingen wir todm\u00fcde ins Bett.<\/div>\n<div class=\"separator\" style=\"clear: both;\"><\/div>\n<div class=\"separator\" style=\"clear: both;\">&#8230;aber nein!!!! Achim hat ein weiteres highlight unterschlagen. Ich hatte noch eine verabredung zu einer hot stone massage.<\/div>\n<div class=\"separator\" style=\"clear: both;\">Kaum war ich raus aus der heissen dusche, klingelte auch schon das telefon und eine nette stimme meinte, im spa w\u00fcrden sie auf Miss Karin warten. Also nix wie hin, raus aus den klamotten und dann ein stunde lang aaaaaaahhhhhhh und ooohhhhhhhhhh und mhhhhhhhhh. Ich lag auf einer doppelreihe heisser steine und wurde dann erst mit den h\u00e4nden und danach immer mit den heissen, flachen steinen massiert, einmal rundum. Es f\u00fchlt sich echt super an, vor allem nach einem solch ausgiebigen tauchtag mit drei stunden im wasser und viel geschnatter.<\/div>\n<div class=\"separator\" style=\"clear: both;\">Also ich kann es nur empfehlen, falls ihr also mal hierher kommen solltet&#8230;&#8230;.<\/div>\n<\/div>\n","protected":false},"excerpt":{"rendered":"<p>Wir haben noch garnicht beschrieben, wie unsere tage hier beginnen. Zwischen halb sechs und sechs f\u00e4ngt es neben mir an<\/p>\n","protected":false},"author":1,"featured_media":214,"comment_status":"open","ping_status":"open","sticky":false,"template":"","format":"standard","meta":{"colormag_page_container_layout":"default_layout","colormag_page_sidebar_layout":"default_layout","_monsterinsights_skip_tracking":false,"_monsterinsights_sitenote_active":false,"_monsterinsights_sitenote_note":"","_monsterinsights_sitenote_category":0,"footnotes":""},"categories":[13,7,12],"tags":[61,58,59,60,17],"class_list":["post-186","post","type-post","status-publish","format-standard","has-post-thumbnail","hentry","category-13","category-indonesien","category-sulawesi2015","tag-indonesien","tag-kungkungan","tag-lembeh-strait","tag-sulawesi","tag-tauchen"],"yoast_head":"<!-- This site is optimized with the Yoast SEO plugin v27.4 - https:\/\/yoast.com\/product\/yoast-seo-wordpress\/ -->\n<title>30. August 2015 - 5. Tauchtag in Lembeh - Reiseblog von Karin &amp; Joachim<\/title>\n<meta name=\"robots\" content=\"index, follow, max-snippet:-1, max-image-preview:large, max-video-preview:-1\" \/>\n<link rel=\"canonical\" href=\"https:\/\/jblanz.de\/WP\/tauchtag-in-lembeh-2\/\" \/>\n<meta property=\"og:locale\" content=\"de_DE\" \/>\n<meta property=\"og:type\" content=\"article\" \/>\n<meta property=\"og:title\" content=\"30. August 2015 - 5. Tauchtag in Lembeh - Reiseblog von Karin &amp; Joachim\" \/>\n<meta property=\"og:description\" content=\"Wir haben noch garnicht beschrieben, wie unsere tage hier beginnen. Zwischen halb sechs und sechs f\u00e4ngt es neben mir an\" \/>\n<meta property=\"og:url\" content=\"https:\/\/jblanz.de\/WP\/tauchtag-in-lembeh-2\/\" \/>\n<meta property=\"og:site_name\" content=\"Reiseblog von Karin &amp; Joachim\" \/>\n<meta property=\"article:published_time\" content=\"2015-08-30T03:43:00+00:00\" \/>\n<meta property=\"article:modified_time\" content=\"2021-01-17T17:13:16+00:00\" \/>\n<meta property=\"og:image\" content=\"https:\/\/jblanz.de\/WP\/wp-content\/uploads\/2015\/08\/blogger-image-779532849-1.jpg\" \/>\n\t<meta property=\"og:image:width\" content=\"640\" \/>\n\t<meta property=\"og:image:height\" content=\"361\" \/>\n\t<meta property=\"og:image:type\" content=\"image\/jpeg\" \/>\n<meta name=\"author\" content=\"Achim\" \/>\n<meta name=\"twitter:card\" content=\"summary_large_image\" \/>\n<meta name=\"twitter:label1\" content=\"Verfasst von\" \/>\n\t<meta name=\"twitter:data1\" content=\"Achim\" \/>\n\t<meta name=\"twitter:label2\" content=\"Gesch\u00e4tzte Lesezeit\" \/>\n\t<meta name=\"twitter:data2\" content=\"6\u00a0Minuten\" \/>\n<script type=\"application\/ld+json\" class=\"yoast-schema-graph\">{\"@context\":\"https:\\\/\\\/schema.org\",\"@graph\":[{\"@type\":\"Article\",\"@id\":\"https:\\\/\\\/jblanz.de\\\/WP\\\/tauchtag-in-lembeh-2\\\/#article\",\"isPartOf\":{\"@id\":\"https:\\\/\\\/jblanz.de\\\/WP\\\/tauchtag-in-lembeh-2\\\/\"},\"author\":{\"name\":\"Achim\",\"@id\":\"https:\\\/\\\/jblanz.de\\\/WP\\\/#\\\/schema\\\/person\\\/17a70f07162e42bc0b181c22397286e0\"},\"headline\":\"30. August 2015 &#8211; 5. Tauchtag in Lembeh\",\"datePublished\":\"2015-08-30T03:43:00+00:00\",\"dateModified\":\"2021-01-17T17:13:16+00:00\",\"mainEntityOfPage\":{\"@id\":\"https:\\\/\\\/jblanz.de\\\/WP\\\/tauchtag-in-lembeh-2\\\/\"},\"wordCount\":871,\"commentCount\":0,\"publisher\":{\"@id\":\"https:\\\/\\\/jblanz.de\\\/WP\\\/#\\\/schema\\\/person\\\/17a70f07162e42bc0b181c22397286e0\"},\"image\":{\"@id\":\"https:\\\/\\\/jblanz.de\\\/WP\\\/tauchtag-in-lembeh-2\\\/#primaryimage\"},\"thumbnailUrl\":\"https:\\\/\\\/jblanz.de\\\/WP\\\/wp-content\\\/uploads\\\/2015\\\/08\\\/blogger-image-779532849-1.jpg\",\"keywords\":[\"Indonesien\",\"Kungkungan\",\"Lembeh Strait\",\"Sulawesi\",\"Tauchen\"],\"articleSection\":[\"2015\",\"Indonesien\",\"Sulawesi 2015\"],\"inLanguage\":\"de\",\"potentialAction\":[{\"@type\":\"CommentAction\",\"name\":\"Comment\",\"target\":[\"https:\\\/\\\/jblanz.de\\\/WP\\\/tauchtag-in-lembeh-2\\\/#respond\"]}]},{\"@type\":\"WebPage\",\"@id\":\"https:\\\/\\\/jblanz.de\\\/WP\\\/tauchtag-in-lembeh-2\\\/\",\"url\":\"https:\\\/\\\/jblanz.de\\\/WP\\\/tauchtag-in-lembeh-2\\\/\",\"name\":\"30. August 2015 - 5. Tauchtag in Lembeh - Reiseblog von Karin &amp; Joachim\",\"isPartOf\":{\"@id\":\"https:\\\/\\\/jblanz.de\\\/WP\\\/#website\"},\"primaryImageOfPage\":{\"@id\":\"https:\\\/\\\/jblanz.de\\\/WP\\\/tauchtag-in-lembeh-2\\\/#primaryimage\"},\"image\":{\"@id\":\"https:\\\/\\\/jblanz.de\\\/WP\\\/tauchtag-in-lembeh-2\\\/#primaryimage\"},\"thumbnailUrl\":\"https:\\\/\\\/jblanz.de\\\/WP\\\/wp-content\\\/uploads\\\/2015\\\/08\\\/blogger-image-779532849-1.jpg\",\"datePublished\":\"2015-08-30T03:43:00+00:00\",\"dateModified\":\"2021-01-17T17:13:16+00:00\",\"breadcrumb\":{\"@id\":\"https:\\\/\\\/jblanz.de\\\/WP\\\/tauchtag-in-lembeh-2\\\/#breadcrumb\"},\"inLanguage\":\"de\",\"potentialAction\":[{\"@type\":\"ReadAction\",\"target\":[\"https:\\\/\\\/jblanz.de\\\/WP\\\/tauchtag-in-lembeh-2\\\/\"]}]},{\"@type\":\"ImageObject\",\"inLanguage\":\"de\",\"@id\":\"https:\\\/\\\/jblanz.de\\\/WP\\\/tauchtag-in-lembeh-2\\\/#primaryimage\",\"url\":\"https:\\\/\\\/jblanz.de\\\/WP\\\/wp-content\\\/uploads\\\/2015\\\/08\\\/blogger-image-779532849-1.jpg\",\"contentUrl\":\"https:\\\/\\\/jblanz.de\\\/WP\\\/wp-content\\\/uploads\\\/2015\\\/08\\\/blogger-image-779532849-1.jpg\",\"width\":640,\"height\":361},{\"@type\":\"BreadcrumbList\",\"@id\":\"https:\\\/\\\/jblanz.de\\\/WP\\\/tauchtag-in-lembeh-2\\\/#breadcrumb\",\"itemListElement\":[{\"@type\":\"ListItem\",\"position\":1,\"name\":\"Startseite\",\"item\":\"https:\\\/\\\/jblanz.de\\\/WP\\\/\"},{\"@type\":\"ListItem\",\"position\":2,\"name\":\"30. August 2015 &#8211; 5. Tauchtag in Lembeh\"}]},{\"@type\":\"WebSite\",\"@id\":\"https:\\\/\\\/jblanz.de\\\/WP\\\/#website\",\"url\":\"https:\\\/\\\/jblanz.de\\\/WP\\\/\",\"name\":\"Reiseblog von Karin & Joachim\",\"description\":\"Wir schreiben den Blog f\u00fcr uns als Erinnerung - f\u00fcr euch als Inspiration\",\"publisher\":{\"@id\":\"https:\\\/\\\/jblanz.de\\\/WP\\\/#\\\/schema\\\/person\\\/17a70f07162e42bc0b181c22397286e0\"},\"potentialAction\":[{\"@type\":\"SearchAction\",\"target\":{\"@type\":\"EntryPoint\",\"urlTemplate\":\"https:\\\/\\\/jblanz.de\\\/WP\\\/?s={search_term_string}\"},\"query-input\":{\"@type\":\"PropertyValueSpecification\",\"valueRequired\":true,\"valueName\":\"search_term_string\"}}],\"inLanguage\":\"de\"},{\"@type\":[\"Person\",\"Organization\"],\"@id\":\"https:\\\/\\\/jblanz.de\\\/WP\\\/#\\\/schema\\\/person\\\/17a70f07162e42bc0b181c22397286e0\",\"name\":\"Achim\",\"image\":{\"@type\":\"ImageObject\",\"inLanguage\":\"de\",\"@id\":\"https:\\\/\\\/secure.gravatar.com\\\/avatar\\\/b7ab31bc55956af4a9bebf7fd034761212b11b803b7e39464914d6abeefb12f3?s=96&d=mm&r=g\",\"url\":\"https:\\\/\\\/secure.gravatar.com\\\/avatar\\\/b7ab31bc55956af4a9bebf7fd034761212b11b803b7e39464914d6abeefb12f3?s=96&d=mm&r=g\",\"contentUrl\":\"https:\\\/\\\/secure.gravatar.com\\\/avatar\\\/b7ab31bc55956af4a9bebf7fd034761212b11b803b7e39464914d6abeefb12f3?s=96&d=mm&r=g\",\"caption\":\"Achim\"},\"logo\":{\"@id\":\"https:\\\/\\\/secure.gravatar.com\\\/avatar\\\/b7ab31bc55956af4a9bebf7fd034761212b11b803b7e39464914d6abeefb12f3?s=96&d=mm&r=g\"},\"url\":\"https:\\\/\\\/jblanz.de\\\/WP\\\/author\\\/achim\\\/\"}]}<\/script>\n<!-- \/ Yoast SEO plugin. -->","yoast_head_json":{"title":"30. August 2015 - 5. Tauchtag in Lembeh - Reiseblog von Karin &amp; Joachim","robots":{"index":"index","follow":"follow","max-snippet":"max-snippet:-1","max-image-preview":"max-image-preview:large","max-video-preview":"max-video-preview:-1"},"canonical":"https:\/\/jblanz.de\/WP\/tauchtag-in-lembeh-2\/","og_locale":"de_DE","og_type":"article","og_title":"30. August 2015 - 5. Tauchtag in Lembeh - Reiseblog von Karin &amp; Joachim","og_description":"Wir haben noch garnicht beschrieben, wie unsere tage hier beginnen. Zwischen halb sechs und sechs f\u00e4ngt es neben mir an","og_url":"https:\/\/jblanz.de\/WP\/tauchtag-in-lembeh-2\/","og_site_name":"Reiseblog von Karin &amp; Joachim","article_published_time":"2015-08-30T03:43:00+00:00","article_modified_time":"2021-01-17T17:13:16+00:00","og_image":[{"width":640,"height":361,"url":"https:\/\/jblanz.de\/WP\/wp-content\/uploads\/2015\/08\/blogger-image-779532849-1.jpg","type":"image\/jpeg"}],"author":"Achim","twitter_card":"summary_large_image","twitter_misc":{"Verfasst von":"Achim","Gesch\u00e4tzte Lesezeit":"6\u00a0Minuten"},"schema":{"@context":"https:\/\/schema.org","@graph":[{"@type":"Article","@id":"https:\/\/jblanz.de\/WP\/tauchtag-in-lembeh-2\/#article","isPartOf":{"@id":"https:\/\/jblanz.de\/WP\/tauchtag-in-lembeh-2\/"},"author":{"name":"Achim","@id":"https:\/\/jblanz.de\/WP\/#\/schema\/person\/17a70f07162e42bc0b181c22397286e0"},"headline":"30. August 2015 &#8211; 5. Tauchtag in Lembeh","datePublished":"2015-08-30T03:43:00+00:00","dateModified":"2021-01-17T17:13:16+00:00","mainEntityOfPage":{"@id":"https:\/\/jblanz.de\/WP\/tauchtag-in-lembeh-2\/"},"wordCount":871,"commentCount":0,"publisher":{"@id":"https:\/\/jblanz.de\/WP\/#\/schema\/person\/17a70f07162e42bc0b181c22397286e0"},"image":{"@id":"https:\/\/jblanz.de\/WP\/tauchtag-in-lembeh-2\/#primaryimage"},"thumbnailUrl":"https:\/\/jblanz.de\/WP\/wp-content\/uploads\/2015\/08\/blogger-image-779532849-1.jpg","keywords":["Indonesien","Kungkungan","Lembeh Strait","Sulawesi","Tauchen"],"articleSection":["2015","Indonesien","Sulawesi 2015"],"inLanguage":"de","potentialAction":[{"@type":"CommentAction","name":"Comment","target":["https:\/\/jblanz.de\/WP\/tauchtag-in-lembeh-2\/#respond"]}]},{"@type":"WebPage","@id":"https:\/\/jblanz.de\/WP\/tauchtag-in-lembeh-2\/","url":"https:\/\/jblanz.de\/WP\/tauchtag-in-lembeh-2\/","name":"30. August 2015 - 5. Tauchtag in Lembeh - Reiseblog von Karin &amp; Joachim","isPartOf":{"@id":"https:\/\/jblanz.de\/WP\/#website"},"primaryImageOfPage":{"@id":"https:\/\/jblanz.de\/WP\/tauchtag-in-lembeh-2\/#primaryimage"},"image":{"@id":"https:\/\/jblanz.de\/WP\/tauchtag-in-lembeh-2\/#primaryimage"},"thumbnailUrl":"https:\/\/jblanz.de\/WP\/wp-content\/uploads\/2015\/08\/blogger-image-779532849-1.jpg","datePublished":"2015-08-30T03:43:00+00:00","dateModified":"2021-01-17T17:13:16+00:00","breadcrumb":{"@id":"https:\/\/jblanz.de\/WP\/tauchtag-in-lembeh-2\/#breadcrumb"},"inLanguage":"de","potentialAction":[{"@type":"ReadAction","target":["https:\/\/jblanz.de\/WP\/tauchtag-in-lembeh-2\/"]}]},{"@type":"ImageObject","inLanguage":"de","@id":"https:\/\/jblanz.de\/WP\/tauchtag-in-lembeh-2\/#primaryimage","url":"https:\/\/jblanz.de\/WP\/wp-content\/uploads\/2015\/08\/blogger-image-779532849-1.jpg","contentUrl":"https:\/\/jblanz.de\/WP\/wp-content\/uploads\/2015\/08\/blogger-image-779532849-1.jpg","width":640,"height":361},{"@type":"BreadcrumbList","@id":"https:\/\/jblanz.de\/WP\/tauchtag-in-lembeh-2\/#breadcrumb","itemListElement":[{"@type":"ListItem","position":1,"name":"Startseite","item":"https:\/\/jblanz.de\/WP\/"},{"@type":"ListItem","position":2,"name":"30. August 2015 &#8211; 5. Tauchtag in Lembeh"}]},{"@type":"WebSite","@id":"https:\/\/jblanz.de\/WP\/#website","url":"https:\/\/jblanz.de\/WP\/","name":"Reiseblog von Karin & Joachim","description":"Wir schreiben den Blog f\u00fcr uns als Erinnerung - f\u00fcr euch als Inspiration","publisher":{"@id":"https:\/\/jblanz.de\/WP\/#\/schema\/person\/17a70f07162e42bc0b181c22397286e0"},"potentialAction":[{"@type":"SearchAction","target":{"@type":"EntryPoint","urlTemplate":"https:\/\/jblanz.de\/WP\/?s={search_term_string}"},"query-input":{"@type":"PropertyValueSpecification","valueRequired":true,"valueName":"search_term_string"}}],"inLanguage":"de"},{"@type":["Person","Organization"],"@id":"https:\/\/jblanz.de\/WP\/#\/schema\/person\/17a70f07162e42bc0b181c22397286e0","name":"Achim","image":{"@type":"ImageObject","inLanguage":"de","@id":"https:\/\/secure.gravatar.com\/avatar\/b7ab31bc55956af4a9bebf7fd034761212b11b803b7e39464914d6abeefb12f3?s=96&d=mm&r=g","url":"https:\/\/secure.gravatar.com\/avatar\/b7ab31bc55956af4a9bebf7fd034761212b11b803b7e39464914d6abeefb12f3?s=96&d=mm&r=g","contentUrl":"https:\/\/secure.gravatar.com\/avatar\/b7ab31bc55956af4a9bebf7fd034761212b11b803b7e39464914d6abeefb12f3?s=96&d=mm&r=g","caption":"Achim"},"logo":{"@id":"https:\/\/secure.gravatar.com\/avatar\/b7ab31bc55956af4a9bebf7fd034761212b11b803b7e39464914d6abeefb12f3?s=96&d=mm&r=g"},"url":"https:\/\/jblanz.de\/WP\/author\/achim\/"}]}},"_links":{"self":[{"href":"https:\/\/jblanz.de\/WP\/wp-json\/wp\/v2\/posts\/186","targetHints":{"allow":["GET"]}}],"collection":[{"href":"https:\/\/jblanz.de\/WP\/wp-json\/wp\/v2\/posts"}],"about":[{"href":"https:\/\/jblanz.de\/WP\/wp-json\/wp\/v2\/types\/post"}],"author":[{"embeddable":true,"href":"https:\/\/jblanz.de\/WP\/wp-json\/wp\/v2\/users\/1"}],"replies":[{"embeddable":true,"href":"https:\/\/jblanz.de\/WP\/wp-json\/wp\/v2\/comments?post=186"}],"version-history":[{"count":0,"href":"https:\/\/jblanz.de\/WP\/wp-json\/wp\/v2\/posts\/186\/revisions"}],"wp:featuredmedia":[{"embeddable":true,"href":"https:\/\/jblanz.de\/WP\/wp-json\/wp\/v2\/media\/214"}],"wp:attachment":[{"href":"https:\/\/jblanz.de\/WP\/wp-json\/wp\/v2\/media?parent=186"}],"wp:term":[{"taxonomy":"category","embeddable":true,"href":"https:\/\/jblanz.de\/WP\/wp-json\/wp\/v2\/categories?post=186"},{"taxonomy":"post_tag","embeddable":true,"href":"https:\/\/jblanz.de\/WP\/wp-json\/wp\/v2\/tags?post=186"}],"curies":[{"name":"wp","href":"https:\/\/api.w.org\/{rel}","templated":true}]}}