{"id":18954,"date":"2006-03-22T19:55:00","date_gmt":"2006-03-22T18:55:00","guid":{"rendered":"https:\/\/jblanz.de\/WP\/?p=18954"},"modified":"2024-02-25T20:39:32","modified_gmt":"2024-02-25T19:39:32","slug":"22-maerz-2006-reise-nach-kairo","status":"publish","type":"post","link":"https:\/\/jblanz.de\/WP\/22-maerz-2006-reise-nach-kairo\/","title":{"rendered":"22. M\u00e4rz 2006 &#8211; Reise nach Kairo"},"content":{"rendered":"\n<p>Nachdem ich meinen Job bei Syngenta gek\u00fcndigt hatte, musste ich noch eine Woche Urlaub abfeiern, bis meine n\u00e4chste Anstellung am 1. April startete. Da Karin zu der Zeit arbeitete, musste ich allein verreisen und w\u00e4hlte Kairo aus, da ich schon immer die Pyramiden sehen wollte. Der Flug nach Kairo ging von Basel nach M\u00fcnchen und von dort direkt nach Kairo. Am Flughafen wurden ich vom Auto des Hotels abgeholt. Aber ich war nicht alleine im Hoteltaxi, sondern ein P\u00e4rchen aus M\u00fcnchen hatte den gleichen Weg. So lernte ich zwei nette Menschen kennen, die auch im Golden Tulip Flamenco Hotel wohnten. Das Hotel lag auf einer Insel namens Gezira und beherbergt den Ortsteil Zamalek mitten im Nil, der rechts und links vorbeiflo\u00df. Ein Gro\u00dfteil der n\u00e4chsten Tage verbrachten wir zusammen. Wir beschlossen auch gleich uns f\u00fcr \u00fcbermorgen einen F\u00fchrer zu bestellen, der uns Kairo und die Pyramiden zeigt. Am anderen Ufer des Nilarms waren Hausboote anget\u00e4ut.<br \/>Mein Zimmer war in einem der obersten Stockwerk. Man hatte einen phantastischen Blick \u00fcber einen Nilarm hinweg auf die Stadt. Die pittoreske Moschee am anderen Ufer brachte leider mit sich, dass man morgens bei Sonnenaufgang, also noch vor 6 Uhr durch den Ruf des Muezzin geweckt wurde. Morgen wird die n\u00e4here Umgebung erkundet.<\/p>\n\n\n\n<figure class=\"wp-block-gallery has-nested-images columns-2 is-cropped wp-block-gallery-2 is-layout-flex wp-block-gallery-is-layout-flex\">\n<figure class=\"wp-block-image size-large\"><img loading=\"lazy\" decoding=\"async\" width=\"1024\" height=\"576\" data-id=\"18792\" src=\"https:\/\/jblanz.de\/WP\/wp-content\/uploads\/2024\/02\/Kairo06_0007-1024x576.jpg\" alt=\"\" class=\"wp-image-18792\" srcset=\"https:\/\/jblanz.de\/WP\/wp-content\/uploads\/2024\/02\/Kairo06_0007-1024x576.jpg 1024w, https:\/\/jblanz.de\/WP\/wp-content\/uploads\/2024\/02\/Kairo06_0007-300x169.jpg 300w, https:\/\/jblanz.de\/WP\/wp-content\/uploads\/2024\/02\/Kairo06_0007-768x432.jpg 768w, https:\/\/jblanz.de\/WP\/wp-content\/uploads\/2024\/02\/Kairo06_0007-1536x864.jpg 1536w, https:\/\/jblanz.de\/WP\/wp-content\/uploads\/2024\/02\/Kairo06_0007-2048x1152.jpg 2048w\" sizes=\"auto, (max-width: 1024px) 100vw, 1024px\" \/><\/figure>\n\n\n\n<figure class=\"wp-block-image size-large\"><img loading=\"lazy\" decoding=\"async\" width=\"1024\" height=\"576\" data-id=\"18791\" src=\"https:\/\/jblanz.de\/WP\/wp-content\/uploads\/2024\/02\/Kairo06_0002-1024x576.jpg\" alt=\"\" class=\"wp-image-18791\" srcset=\"https:\/\/jblanz.de\/WP\/wp-content\/uploads\/2024\/02\/Kairo06_0002-1024x576.jpg 1024w, https:\/\/jblanz.de\/WP\/wp-content\/uploads\/2024\/02\/Kairo06_0002-300x169.jpg 300w, https:\/\/jblanz.de\/WP\/wp-content\/uploads\/2024\/02\/Kairo06_0002-768x432.jpg 768w, https:\/\/jblanz.de\/WP\/wp-content\/uploads\/2024\/02\/Kairo06_0002-1536x864.jpg 1536w, https:\/\/jblanz.de\/WP\/wp-content\/uploads\/2024\/02\/Kairo06_0002-2048x1152.jpg 2048w\" sizes=\"auto, (max-width: 1024px) 100vw, 1024px\" \/><\/figure>\n\n\n\n<figure class=\"wp-block-image size-large\"><img loading=\"lazy\" decoding=\"async\" width=\"1024\" height=\"576\" data-id=\"18794\" src=\"https:\/\/jblanz.de\/WP\/wp-content\/uploads\/2024\/02\/Kairo06_0001-1024x576.jpg\" alt=\"\" class=\"wp-image-18794\" srcset=\"https:\/\/jblanz.de\/WP\/wp-content\/uploads\/2024\/02\/Kairo06_0001-1024x576.jpg 1024w, https:\/\/jblanz.de\/WP\/wp-content\/uploads\/2024\/02\/Kairo06_0001-300x169.jpg 300w, https:\/\/jblanz.de\/WP\/wp-content\/uploads\/2024\/02\/Kairo06_0001-768x432.jpg 768w, https:\/\/jblanz.de\/WP\/wp-content\/uploads\/2024\/02\/Kairo06_0001-1536x864.jpg 1536w, https:\/\/jblanz.de\/WP\/wp-content\/uploads\/2024\/02\/Kairo06_0001-2048x1152.jpg 2048w\" sizes=\"auto, (max-width: 1024px) 100vw, 1024px\" \/><\/figure>\n\n\n\n<figure class=\"wp-block-image size-large\"><img loading=\"lazy\" decoding=\"async\" width=\"1024\" height=\"576\" data-id=\"18795\" src=\"https:\/\/jblanz.de\/WP\/wp-content\/uploads\/2024\/02\/Kairo06_0005-Edit-1024x576.jpg\" alt=\"\" class=\"wp-image-18795\" srcset=\"https:\/\/jblanz.de\/WP\/wp-content\/uploads\/2024\/02\/Kairo06_0005-Edit-1024x576.jpg 1024w, https:\/\/jblanz.de\/WP\/wp-content\/uploads\/2024\/02\/Kairo06_0005-Edit-300x169.jpg 300w, https:\/\/jblanz.de\/WP\/wp-content\/uploads\/2024\/02\/Kairo06_0005-Edit-768x432.jpg 768w, https:\/\/jblanz.de\/WP\/wp-content\/uploads\/2024\/02\/Kairo06_0005-Edit-1536x864.jpg 1536w, https:\/\/jblanz.de\/WP\/wp-content\/uploads\/2024\/02\/Kairo06_0005-Edit-2048x1152.jpg 2048w\" sizes=\"auto, (max-width: 1024px) 100vw, 1024px\" \/><\/figure>\n<\/figure>\n","protected":false},"excerpt":{"rendered":"<p>Nachdem ich meinen Job bei Syngenta gek\u00fcndigt hatte, musste ich noch eine Woche Urlaub abfeiern, bis meine n\u00e4chste Anstellung am<\/p>\n","protected":false},"author":1,"featured_media":18794,"comment_status":"open","ping_status":"open","sticky":false,"template":"","format":"standard","meta":{"colormag_page_container_layout":"default_layout","colormag_page_sidebar_layout":"default_layout","_monsterinsights_skip_tracking":false,"_monsterinsights_sitenote_active":false,"_monsterinsights_sitenote_note":"","_monsterinsights_sitenote_category":0,"footnotes":""},"categories":[206,236,290],"tags":[],"class_list":["post-18954","post","type-post","status-publish","format-standard","has-post-thumbnail","hentry","category-206","category-afrika","category-aegypten"],"yoast_head":"<!-- This site is optimized with the Yoast SEO plugin v27.4 - https:\/\/yoast.com\/product\/yoast-seo-wordpress\/ -->\n<title>22. M\u00e4rz 2006 - Reise nach Kairo - Reiseblog von Karin &amp; Joachim<\/title>\n<meta name=\"robots\" content=\"index, follow, max-snippet:-1, max-image-preview:large, max-video-preview:-1\" \/>\n<link rel=\"canonical\" href=\"https:\/\/jblanz.de\/WP\/22-maerz-2006-reise-nach-kairo\/\" \/>\n<meta property=\"og:locale\" content=\"de_DE\" \/>\n<meta property=\"og:type\" content=\"article\" \/>\n<meta property=\"og:title\" content=\"22. M\u00e4rz 2006 - Reise nach Kairo - Reiseblog von Karin &amp; Joachim\" \/>\n<meta property=\"og:description\" content=\"Nachdem ich meinen Job bei Syngenta gek\u00fcndigt hatte, musste ich noch eine Woche Urlaub abfeiern, bis meine n\u00e4chste Anstellung am\" \/>\n<meta property=\"og:url\" content=\"https:\/\/jblanz.de\/WP\/22-maerz-2006-reise-nach-kairo\/\" \/>\n<meta property=\"og:site_name\" content=\"Reiseblog von Karin &amp; Joachim\" \/>\n<meta property=\"article:published_time\" content=\"2006-03-22T18:55:00+00:00\" \/>\n<meta property=\"article:modified_time\" content=\"2024-02-25T19:39:32+00:00\" \/>\n<meta property=\"og:image\" content=\"https:\/\/jblanz.de\/WP\/wp-content\/uploads\/2024\/02\/Kairo06_0001.jpg\" \/>\n\t<meta property=\"og:image:width\" content=\"2480\" \/>\n\t<meta property=\"og:image:height\" content=\"1395\" \/>\n\t<meta property=\"og:image:type\" content=\"image\/jpeg\" \/>\n<meta name=\"author\" content=\"Achim\" \/>\n<meta name=\"twitter:card\" content=\"summary_large_image\" \/>\n<meta name=\"twitter:label1\" content=\"Verfasst von\" \/>\n\t<meta name=\"twitter:data1\" content=\"Achim\" \/>\n\t<meta name=\"twitter:label2\" content=\"Gesch\u00e4tzte Lesezeit\" \/>\n\t<meta name=\"twitter:data2\" content=\"3\u00a0Minuten\" \/>\n<script type=\"application\/ld+json\" class=\"yoast-schema-graph\">{\"@context\":\"https:\\\/\\\/schema.org\",\"@graph\":[{\"@type\":\"Article\",\"@id\":\"https:\\\/\\\/jblanz.de\\\/WP\\\/22-maerz-2006-reise-nach-kairo\\\/#article\",\"isPartOf\":{\"@id\":\"https:\\\/\\\/jblanz.de\\\/WP\\\/22-maerz-2006-reise-nach-kairo\\\/\"},\"author\":{\"name\":\"Achim\",\"@id\":\"https:\\\/\\\/jblanz.de\\\/WP\\\/#\\\/schema\\\/person\\\/17a70f07162e42bc0b181c22397286e0\"},\"headline\":\"22. M\u00e4rz 2006 &#8211; Reise nach Kairo\",\"datePublished\":\"2006-03-22T18:55:00+00:00\",\"dateModified\":\"2024-02-25T19:39:32+00:00\",\"mainEntityOfPage\":{\"@id\":\"https:\\\/\\\/jblanz.de\\\/WP\\\/22-maerz-2006-reise-nach-kairo\\\/\"},\"wordCount\":224,\"commentCount\":0,\"publisher\":{\"@id\":\"https:\\\/\\\/jblanz.de\\\/WP\\\/#\\\/schema\\\/person\\\/17a70f07162e42bc0b181c22397286e0\"},\"image\":{\"@id\":\"https:\\\/\\\/jblanz.de\\\/WP\\\/22-maerz-2006-reise-nach-kairo\\\/#primaryimage\"},\"thumbnailUrl\":\"https:\\\/\\\/jblanz.de\\\/WP\\\/wp-content\\\/uploads\\\/2024\\\/02\\\/Kairo06_0001.jpg\",\"articleSection\":[\"2006\",\"Afrika\",\"\u00c4gypten\"],\"inLanguage\":\"de\",\"potentialAction\":[{\"@type\":\"CommentAction\",\"name\":\"Comment\",\"target\":[\"https:\\\/\\\/jblanz.de\\\/WP\\\/22-maerz-2006-reise-nach-kairo\\\/#respond\"]}]},{\"@type\":\"WebPage\",\"@id\":\"https:\\\/\\\/jblanz.de\\\/WP\\\/22-maerz-2006-reise-nach-kairo\\\/\",\"url\":\"https:\\\/\\\/jblanz.de\\\/WP\\\/22-maerz-2006-reise-nach-kairo\\\/\",\"name\":\"22. M\u00e4rz 2006 - Reise nach Kairo - Reiseblog von Karin &amp; Joachim\",\"isPartOf\":{\"@id\":\"https:\\\/\\\/jblanz.de\\\/WP\\\/#website\"},\"primaryImageOfPage\":{\"@id\":\"https:\\\/\\\/jblanz.de\\\/WP\\\/22-maerz-2006-reise-nach-kairo\\\/#primaryimage\"},\"image\":{\"@id\":\"https:\\\/\\\/jblanz.de\\\/WP\\\/22-maerz-2006-reise-nach-kairo\\\/#primaryimage\"},\"thumbnailUrl\":\"https:\\\/\\\/jblanz.de\\\/WP\\\/wp-content\\\/uploads\\\/2024\\\/02\\\/Kairo06_0001.jpg\",\"datePublished\":\"2006-03-22T18:55:00+00:00\",\"dateModified\":\"2024-02-25T19:39:32+00:00\",\"breadcrumb\":{\"@id\":\"https:\\\/\\\/jblanz.de\\\/WP\\\/22-maerz-2006-reise-nach-kairo\\\/#breadcrumb\"},\"inLanguage\":\"de\",\"potentialAction\":[{\"@type\":\"ReadAction\",\"target\":[\"https:\\\/\\\/jblanz.de\\\/WP\\\/22-maerz-2006-reise-nach-kairo\\\/\"]}]},{\"@type\":\"ImageObject\",\"inLanguage\":\"de\",\"@id\":\"https:\\\/\\\/jblanz.de\\\/WP\\\/22-maerz-2006-reise-nach-kairo\\\/#primaryimage\",\"url\":\"https:\\\/\\\/jblanz.de\\\/WP\\\/wp-content\\\/uploads\\\/2024\\\/02\\\/Kairo06_0001.jpg\",\"contentUrl\":\"https:\\\/\\\/jblanz.de\\\/WP\\\/wp-content\\\/uploads\\\/2024\\\/02\\\/Kairo06_0001.jpg\",\"width\":2480,\"height\":1395},{\"@type\":\"BreadcrumbList\",\"@id\":\"https:\\\/\\\/jblanz.de\\\/WP\\\/22-maerz-2006-reise-nach-kairo\\\/#breadcrumb\",\"itemListElement\":[{\"@type\":\"ListItem\",\"position\":1,\"name\":\"Startseite\",\"item\":\"https:\\\/\\\/jblanz.de\\\/WP\\\/\"},{\"@type\":\"ListItem\",\"position\":2,\"name\":\"22. M\u00e4rz 2006 &#8211; Reise nach Kairo\"}]},{\"@type\":\"WebSite\",\"@id\":\"https:\\\/\\\/jblanz.de\\\/WP\\\/#website\",\"url\":\"https:\\\/\\\/jblanz.de\\\/WP\\\/\",\"name\":\"Reiseblog von Karin & Joachim\",\"description\":\"Wir schreiben den Blog f\u00fcr uns als Erinnerung - f\u00fcr euch als Inspiration\",\"publisher\":{\"@id\":\"https:\\\/\\\/jblanz.de\\\/WP\\\/#\\\/schema\\\/person\\\/17a70f07162e42bc0b181c22397286e0\"},\"potentialAction\":[{\"@type\":\"SearchAction\",\"target\":{\"@type\":\"EntryPoint\",\"urlTemplate\":\"https:\\\/\\\/jblanz.de\\\/WP\\\/?s={search_term_string}\"},\"query-input\":{\"@type\":\"PropertyValueSpecification\",\"valueRequired\":true,\"valueName\":\"search_term_string\"}}],\"inLanguage\":\"de\"},{\"@type\":[\"Person\",\"Organization\"],\"@id\":\"https:\\\/\\\/jblanz.de\\\/WP\\\/#\\\/schema\\\/person\\\/17a70f07162e42bc0b181c22397286e0\",\"name\":\"Achim\",\"image\":{\"@type\":\"ImageObject\",\"inLanguage\":\"de\",\"@id\":\"https:\\\/\\\/secure.gravatar.com\\\/avatar\\\/b7ab31bc55956af4a9bebf7fd034761212b11b803b7e39464914d6abeefb12f3?s=96&d=mm&r=g\",\"url\":\"https:\\\/\\\/secure.gravatar.com\\\/avatar\\\/b7ab31bc55956af4a9bebf7fd034761212b11b803b7e39464914d6abeefb12f3?s=96&d=mm&r=g\",\"contentUrl\":\"https:\\\/\\\/secure.gravatar.com\\\/avatar\\\/b7ab31bc55956af4a9bebf7fd034761212b11b803b7e39464914d6abeefb12f3?s=96&d=mm&r=g\",\"caption\":\"Achim\"},\"logo\":{\"@id\":\"https:\\\/\\\/secure.gravatar.com\\\/avatar\\\/b7ab31bc55956af4a9bebf7fd034761212b11b803b7e39464914d6abeefb12f3?s=96&d=mm&r=g\"},\"url\":\"https:\\\/\\\/jblanz.de\\\/WP\\\/author\\\/achim\\\/\"}]}<\/script>\n<!-- \/ Yoast SEO plugin. -->","yoast_head_json":{"title":"22. M\u00e4rz 2006 - Reise nach Kairo - Reiseblog von Karin &amp; Joachim","robots":{"index":"index","follow":"follow","max-snippet":"max-snippet:-1","max-image-preview":"max-image-preview:large","max-video-preview":"max-video-preview:-1"},"canonical":"https:\/\/jblanz.de\/WP\/22-maerz-2006-reise-nach-kairo\/","og_locale":"de_DE","og_type":"article","og_title":"22. M\u00e4rz 2006 - Reise nach Kairo - Reiseblog von Karin &amp; Joachim","og_description":"Nachdem ich meinen Job bei Syngenta gek\u00fcndigt hatte, musste ich noch eine Woche Urlaub abfeiern, bis meine n\u00e4chste Anstellung am","og_url":"https:\/\/jblanz.de\/WP\/22-maerz-2006-reise-nach-kairo\/","og_site_name":"Reiseblog von Karin &amp; Joachim","article_published_time":"2006-03-22T18:55:00+00:00","article_modified_time":"2024-02-25T19:39:32+00:00","og_image":[{"width":2480,"height":1395,"url":"https:\/\/jblanz.de\/WP\/wp-content\/uploads\/2024\/02\/Kairo06_0001.jpg","type":"image\/jpeg"}],"author":"Achim","twitter_card":"summary_large_image","twitter_misc":{"Verfasst von":"Achim","Gesch\u00e4tzte Lesezeit":"3\u00a0Minuten"},"schema":{"@context":"https:\/\/schema.org","@graph":[{"@type":"Article","@id":"https:\/\/jblanz.de\/WP\/22-maerz-2006-reise-nach-kairo\/#article","isPartOf":{"@id":"https:\/\/jblanz.de\/WP\/22-maerz-2006-reise-nach-kairo\/"},"author":{"name":"Achim","@id":"https:\/\/jblanz.de\/WP\/#\/schema\/person\/17a70f07162e42bc0b181c22397286e0"},"headline":"22. M\u00e4rz 2006 &#8211; Reise nach Kairo","datePublished":"2006-03-22T18:55:00+00:00","dateModified":"2024-02-25T19:39:32+00:00","mainEntityOfPage":{"@id":"https:\/\/jblanz.de\/WP\/22-maerz-2006-reise-nach-kairo\/"},"wordCount":224,"commentCount":0,"publisher":{"@id":"https:\/\/jblanz.de\/WP\/#\/schema\/person\/17a70f07162e42bc0b181c22397286e0"},"image":{"@id":"https:\/\/jblanz.de\/WP\/22-maerz-2006-reise-nach-kairo\/#primaryimage"},"thumbnailUrl":"https:\/\/jblanz.de\/WP\/wp-content\/uploads\/2024\/02\/Kairo06_0001.jpg","articleSection":["2006","Afrika","\u00c4gypten"],"inLanguage":"de","potentialAction":[{"@type":"CommentAction","name":"Comment","target":["https:\/\/jblanz.de\/WP\/22-maerz-2006-reise-nach-kairo\/#respond"]}]},{"@type":"WebPage","@id":"https:\/\/jblanz.de\/WP\/22-maerz-2006-reise-nach-kairo\/","url":"https:\/\/jblanz.de\/WP\/22-maerz-2006-reise-nach-kairo\/","name":"22. M\u00e4rz 2006 - Reise nach Kairo - Reiseblog von Karin &amp; Joachim","isPartOf":{"@id":"https:\/\/jblanz.de\/WP\/#website"},"primaryImageOfPage":{"@id":"https:\/\/jblanz.de\/WP\/22-maerz-2006-reise-nach-kairo\/#primaryimage"},"image":{"@id":"https:\/\/jblanz.de\/WP\/22-maerz-2006-reise-nach-kairo\/#primaryimage"},"thumbnailUrl":"https:\/\/jblanz.de\/WP\/wp-content\/uploads\/2024\/02\/Kairo06_0001.jpg","datePublished":"2006-03-22T18:55:00+00:00","dateModified":"2024-02-25T19:39:32+00:00","breadcrumb":{"@id":"https:\/\/jblanz.de\/WP\/22-maerz-2006-reise-nach-kairo\/#breadcrumb"},"inLanguage":"de","potentialAction":[{"@type":"ReadAction","target":["https:\/\/jblanz.de\/WP\/22-maerz-2006-reise-nach-kairo\/"]}]},{"@type":"ImageObject","inLanguage":"de","@id":"https:\/\/jblanz.de\/WP\/22-maerz-2006-reise-nach-kairo\/#primaryimage","url":"https:\/\/jblanz.de\/WP\/wp-content\/uploads\/2024\/02\/Kairo06_0001.jpg","contentUrl":"https:\/\/jblanz.de\/WP\/wp-content\/uploads\/2024\/02\/Kairo06_0001.jpg","width":2480,"height":1395},{"@type":"BreadcrumbList","@id":"https:\/\/jblanz.de\/WP\/22-maerz-2006-reise-nach-kairo\/#breadcrumb","itemListElement":[{"@type":"ListItem","position":1,"name":"Startseite","item":"https:\/\/jblanz.de\/WP\/"},{"@type":"ListItem","position":2,"name":"22. M\u00e4rz 2006 &#8211; Reise nach Kairo"}]},{"@type":"WebSite","@id":"https:\/\/jblanz.de\/WP\/#website","url":"https:\/\/jblanz.de\/WP\/","name":"Reiseblog von Karin & Joachim","description":"Wir schreiben den Blog f\u00fcr uns als Erinnerung - f\u00fcr euch als Inspiration","publisher":{"@id":"https:\/\/jblanz.de\/WP\/#\/schema\/person\/17a70f07162e42bc0b181c22397286e0"},"potentialAction":[{"@type":"SearchAction","target":{"@type":"EntryPoint","urlTemplate":"https:\/\/jblanz.de\/WP\/?s={search_term_string}"},"query-input":{"@type":"PropertyValueSpecification","valueRequired":true,"valueName":"search_term_string"}}],"inLanguage":"de"},{"@type":["Person","Organization"],"@id":"https:\/\/jblanz.de\/WP\/#\/schema\/person\/17a70f07162e42bc0b181c22397286e0","name":"Achim","image":{"@type":"ImageObject","inLanguage":"de","@id":"https:\/\/secure.gravatar.com\/avatar\/b7ab31bc55956af4a9bebf7fd034761212b11b803b7e39464914d6abeefb12f3?s=96&d=mm&r=g","url":"https:\/\/secure.gravatar.com\/avatar\/b7ab31bc55956af4a9bebf7fd034761212b11b803b7e39464914d6abeefb12f3?s=96&d=mm&r=g","contentUrl":"https:\/\/secure.gravatar.com\/avatar\/b7ab31bc55956af4a9bebf7fd034761212b11b803b7e39464914d6abeefb12f3?s=96&d=mm&r=g","caption":"Achim"},"logo":{"@id":"https:\/\/secure.gravatar.com\/avatar\/b7ab31bc55956af4a9bebf7fd034761212b11b803b7e39464914d6abeefb12f3?s=96&d=mm&r=g"},"url":"https:\/\/jblanz.de\/WP\/author\/achim\/"}]}},"_links":{"self":[{"href":"https:\/\/jblanz.de\/WP\/wp-json\/wp\/v2\/posts\/18954","targetHints":{"allow":["GET"]}}],"collection":[{"href":"https:\/\/jblanz.de\/WP\/wp-json\/wp\/v2\/posts"}],"about":[{"href":"https:\/\/jblanz.de\/WP\/wp-json\/wp\/v2\/types\/post"}],"author":[{"embeddable":true,"href":"https:\/\/jblanz.de\/WP\/wp-json\/wp\/v2\/users\/1"}],"replies":[{"embeddable":true,"href":"https:\/\/jblanz.de\/WP\/wp-json\/wp\/v2\/comments?post=18954"}],"version-history":[{"count":0,"href":"https:\/\/jblanz.de\/WP\/wp-json\/wp\/v2\/posts\/18954\/revisions"}],"wp:featuredmedia":[{"embeddable":true,"href":"https:\/\/jblanz.de\/WP\/wp-json\/wp\/v2\/media\/18794"}],"wp:attachment":[{"href":"https:\/\/jblanz.de\/WP\/wp-json\/wp\/v2\/media?parent=18954"}],"wp:term":[{"taxonomy":"category","embeddable":true,"href":"https:\/\/jblanz.de\/WP\/wp-json\/wp\/v2\/categories?post=18954"},{"taxonomy":"post_tag","embeddable":true,"href":"https:\/\/jblanz.de\/WP\/wp-json\/wp\/v2\/tags?post=18954"}],"curies":[{"name":"wp","href":"https:\/\/api.w.org\/{rel}","templated":true}]}}