{"id":194,"date":"2015-08-19T23:34:00","date_gmt":"2015-08-19T21:34:00","guid":{"rendered":"http:\/\/jblanz.de\/WP\/2015\/08\/19\/flug-nach-manado-pulisan\/"},"modified":"2021-01-17T18:05:48","modified_gmt":"2021-01-17T17:05:48","slug":"flug-nach-manado-pulisan","status":"publish","type":"post","link":"https:\/\/jblanz.de\/WP\/flug-nach-manado-pulisan\/","title":{"rendered":"20. August 2015 &#8211; Flug nach Manado &#8211; Pulisan"},"content":{"rendered":"<p>Karin hatte eine unruhige Nacht. Da sie auch noch Fieber bekam und die \u00dcbelkeit nicht wegging, entschlossen wir uns am Abend ein Antibiotikum zu verwenden. Heute morgen hatte sie zumindest kein Fieber und die \u00dcbelkeit war auch weg. Also konnte es losgehen. Wir waren um 7 Uhr in der Abflughalle, da wir eine grosse Schlange annahmen. Wie immer wenn man genug Zeit hat, ist die Abfertigung schnell, 10 min sp\u00e4ter sassen wir am Abfluggate. Naja, noch 1:30 Uhr warten bis zum Boarding. Der Flughafen in Makassar ist super modern, Sicherheitskontrollen sind lax. Aber wieviele Flugzeuge sind schon wegen Attentaten abgest\u00fcrzt ?<\/p>\n<div><\/div>\n<div>\n<div class=\"separator\" style=\"clear: both;\"><a href=\"https:\/\/lh3.googleusercontent.com\/-hJncQoWCztI\/VdUUbcSHpuI\/AAAAAAAAA58\/VayB0PmZ7BU\/s640\/blogger-image--1636095980.jpg\" imageanchor=\"1\" style=\"margin-left: 1em; margin-right: 1em;\" data-rel=\"lightbox-image-0\" data-rl_title=\"\" data-rl_caption=\"\" title=\"\"><img decoding=\"async\" src=\"https:\/\/lh3.googleusercontent.com\/-hJncQoWCztI\/VdUUbcSHpuI\/AAAAAAAAA58\/VayB0PmZ7BU\/s640\/blogger-image--1636095980.jpg\" border=\"0\"><\/a><\/div>\n<div class=\"separator\" style=\"clear: both;\"><\/div>\n<div class=\"separator\" style=\"clear: both;\">\n<div class=\"separator\" style=\"clear: both;\"><a href=\"https:\/\/lh3.googleusercontent.com\/-SQeUZ38amss\/VdUUchpg0WI\/AAAAAAAAA6E\/UeQfv6KrDI8\/s640\/blogger-image-1092026782.jpg\" imageanchor=\"1\" style=\"margin-left: 1em; margin-right: 1em;\" data-rel=\"lightbox-image-1\" data-rl_title=\"\" data-rl_caption=\"\" title=\"\"><img decoding=\"async\" src=\"https:\/\/lh3.googleusercontent.com\/-SQeUZ38amss\/VdUUchpg0WI\/AAAAAAAAA6E\/UeQfv6KrDI8\/s640\/blogger-image-1092026782.jpg\" border=\"0\"><\/a><\/div>\n<div class=\"separator\" style=\"clear: both;\"><\/div>\n<div class=\"separator\" style=\"clear: both;\">Der Flug verlief unspektakul\u00e4r, mal \u00fcbers Meer, dann wieder l\u00e4ngere Strecken \u00fcber gebirgiges Land. In der N\u00e4he von Manado flogen wir an 2 Vulkanen vorbei. Einer davon war aktiv, jedenfalls konnte man die Rauchschwaden \u00fcber dem Gipfel gut erkennen. Nach 1:35 Stunden landeten wir und wurden am Ausgang direkt von Katrin, der Besitzerin des Pulisan Jungle Resorts, begr\u00fcsst. Wir fuhren noch schnell an einer Apotheke vorbei, um Elektrolyte f\u00fcr die schlappe Karin zu kaufen. Dann ging es etwa 1.5 Stunden durch viele D\u00f6rfer, auf mehr oder weniger schlechten Strassen. In jedem Dorf gibt es Schwellen, an denen Leute sitzen, die f\u00fcr den Bau der Kirche(n) &nbsp;Geld sammeln. Selbst in einem kleinen Dorf gibt es mehrere Kirchen. Da es in der evangelischen Kirche, Katholiken gibt es in der Gegend nicht, verschiedene Richtungen gibt wie z.B. die Adventisten, braucht jede Richtung ihre eigene Kirche und Gemeinden sind im Wettstreit, wer die sch\u00f6nste, gr\u00f6sste Kirche hat. Diese Informationen sind von Katrin, die seit mehr als 20 Jahren in Indonesien lebt. Sie war als Dozentin an der Hochschule in Manado (Ethnologie) und ist dann hier geblieben.&nbsp;<\/div>\n<div class=\"separator\" style=\"clear: both;\"><\/div>\n<div class=\"separator\" style=\"clear: both;\">Hier geht der Internet Zugang leider nicht bzw. sehr sehr langsam. Daher k\u00f6nnen wir den Blog erst am 25. August weiterschreiben. Bis dann.<\/div>\n<\/div>\n<\/div>\n","protected":false},"excerpt":{"rendered":"<p>Karin hatte eine unruhige Nacht. Da sie auch noch Fieber bekam und die \u00dcbelkeit nicht wegging, entschlossen wir uns am<\/p>\n","protected":false},"author":1,"featured_media":230,"comment_status":"open","ping_status":"open","sticky":false,"template":"","format":"standard","meta":{"colormag_page_container_layout":"default_layout","colormag_page_sidebar_layout":"default_layout","_monsterinsights_skip_tracking":false,"_monsterinsights_sitenote_active":false,"_monsterinsights_sitenote_note":"","_monsterinsights_sitenote_category":0,"footnotes":""},"categories":[13,7,12],"tags":[],"class_list":["post-194","post","type-post","status-publish","format-standard","has-post-thumbnail","hentry","category-13","category-indonesien","category-sulawesi2015"],"yoast_head":"<!-- This site is optimized with the Yoast SEO plugin v27.4 - https:\/\/yoast.com\/product\/yoast-seo-wordpress\/ -->\n<title>20. August 2015 - Flug nach Manado - Pulisan - Reiseblog von Karin &amp; Joachim<\/title>\n<meta name=\"robots\" content=\"index, follow, max-snippet:-1, max-image-preview:large, max-video-preview:-1\" \/>\n<link rel=\"canonical\" href=\"https:\/\/jblanz.de\/WP\/flug-nach-manado-pulisan\/\" \/>\n<meta property=\"og:locale\" content=\"de_DE\" \/>\n<meta property=\"og:type\" content=\"article\" \/>\n<meta property=\"og:title\" content=\"20. August 2015 - Flug nach Manado - Pulisan - Reiseblog von Karin &amp; Joachim\" \/>\n<meta property=\"og:description\" content=\"Karin hatte eine unruhige Nacht. Da sie auch noch Fieber bekam und die \u00dcbelkeit nicht wegging, entschlossen wir uns am\" \/>\n<meta property=\"og:url\" content=\"https:\/\/jblanz.de\/WP\/flug-nach-manado-pulisan\/\" \/>\n<meta property=\"og:site_name\" content=\"Reiseblog von Karin &amp; Joachim\" \/>\n<meta property=\"article:published_time\" content=\"2015-08-19T21:34:00+00:00\" \/>\n<meta property=\"article:modified_time\" content=\"2021-01-17T17:05:48+00:00\" \/>\n<meta property=\"og:image\" content=\"https:\/\/jblanz.de\/WP\/wp-content\/uploads\/2015\/08\/blogger-image-1636095980-1.jpg\" \/>\n\t<meta property=\"og:image:width\" content=\"640\" \/>\n\t<meta property=\"og:image:height\" content=\"479\" \/>\n\t<meta property=\"og:image:type\" content=\"image\/jpeg\" \/>\n<meta name=\"author\" content=\"Achim\" \/>\n<meta name=\"twitter:card\" content=\"summary_large_image\" \/>\n<meta name=\"twitter:label1\" content=\"Verfasst von\" \/>\n\t<meta name=\"twitter:data1\" content=\"Achim\" \/>\n\t<meta name=\"twitter:label2\" content=\"Gesch\u00e4tzte Lesezeit\" \/>\n\t<meta name=\"twitter:data2\" content=\"2\u00a0Minuten\" \/>\n<script type=\"application\/ld+json\" class=\"yoast-schema-graph\">{\"@context\":\"https:\\\/\\\/schema.org\",\"@graph\":[{\"@type\":\"Article\",\"@id\":\"https:\\\/\\\/jblanz.de\\\/WP\\\/flug-nach-manado-pulisan\\\/#article\",\"isPartOf\":{\"@id\":\"https:\\\/\\\/jblanz.de\\\/WP\\\/flug-nach-manado-pulisan\\\/\"},\"author\":{\"name\":\"Achim\",\"@id\":\"https:\\\/\\\/jblanz.de\\\/WP\\\/#\\\/schema\\\/person\\\/17a70f07162e42bc0b181c22397286e0\"},\"headline\":\"20. August 2015 &#8211; Flug nach Manado &#8211; Pulisan\",\"datePublished\":\"2015-08-19T21:34:00+00:00\",\"dateModified\":\"2021-01-17T17:05:48+00:00\",\"mainEntityOfPage\":{\"@id\":\"https:\\\/\\\/jblanz.de\\\/WP\\\/flug-nach-manado-pulisan\\\/\"},\"wordCount\":320,\"commentCount\":0,\"publisher\":{\"@id\":\"https:\\\/\\\/jblanz.de\\\/WP\\\/#\\\/schema\\\/person\\\/17a70f07162e42bc0b181c22397286e0\"},\"image\":{\"@id\":\"https:\\\/\\\/jblanz.de\\\/WP\\\/flug-nach-manado-pulisan\\\/#primaryimage\"},\"thumbnailUrl\":\"https:\\\/\\\/jblanz.de\\\/WP\\\/wp-content\\\/uploads\\\/2015\\\/08\\\/blogger-image-1636095980-1.jpg\",\"articleSection\":[\"2015\",\"Indonesien\",\"Sulawesi 2015\"],\"inLanguage\":\"de\",\"potentialAction\":[{\"@type\":\"CommentAction\",\"name\":\"Comment\",\"target\":[\"https:\\\/\\\/jblanz.de\\\/WP\\\/flug-nach-manado-pulisan\\\/#respond\"]}]},{\"@type\":\"WebPage\",\"@id\":\"https:\\\/\\\/jblanz.de\\\/WP\\\/flug-nach-manado-pulisan\\\/\",\"url\":\"https:\\\/\\\/jblanz.de\\\/WP\\\/flug-nach-manado-pulisan\\\/\",\"name\":\"20. August 2015 - Flug nach Manado - Pulisan - Reiseblog von Karin &amp; Joachim\",\"isPartOf\":{\"@id\":\"https:\\\/\\\/jblanz.de\\\/WP\\\/#website\"},\"primaryImageOfPage\":{\"@id\":\"https:\\\/\\\/jblanz.de\\\/WP\\\/flug-nach-manado-pulisan\\\/#primaryimage\"},\"image\":{\"@id\":\"https:\\\/\\\/jblanz.de\\\/WP\\\/flug-nach-manado-pulisan\\\/#primaryimage\"},\"thumbnailUrl\":\"https:\\\/\\\/jblanz.de\\\/WP\\\/wp-content\\\/uploads\\\/2015\\\/08\\\/blogger-image-1636095980-1.jpg\",\"datePublished\":\"2015-08-19T21:34:00+00:00\",\"dateModified\":\"2021-01-17T17:05:48+00:00\",\"breadcrumb\":{\"@id\":\"https:\\\/\\\/jblanz.de\\\/WP\\\/flug-nach-manado-pulisan\\\/#breadcrumb\"},\"inLanguage\":\"de\",\"potentialAction\":[{\"@type\":\"ReadAction\",\"target\":[\"https:\\\/\\\/jblanz.de\\\/WP\\\/flug-nach-manado-pulisan\\\/\"]}]},{\"@type\":\"ImageObject\",\"inLanguage\":\"de\",\"@id\":\"https:\\\/\\\/jblanz.de\\\/WP\\\/flug-nach-manado-pulisan\\\/#primaryimage\",\"url\":\"https:\\\/\\\/jblanz.de\\\/WP\\\/wp-content\\\/uploads\\\/2015\\\/08\\\/blogger-image-1636095980-1.jpg\",\"contentUrl\":\"https:\\\/\\\/jblanz.de\\\/WP\\\/wp-content\\\/uploads\\\/2015\\\/08\\\/blogger-image-1636095980-1.jpg\",\"width\":640,\"height\":479},{\"@type\":\"BreadcrumbList\",\"@id\":\"https:\\\/\\\/jblanz.de\\\/WP\\\/flug-nach-manado-pulisan\\\/#breadcrumb\",\"itemListElement\":[{\"@type\":\"ListItem\",\"position\":1,\"name\":\"Startseite\",\"item\":\"https:\\\/\\\/jblanz.de\\\/WP\\\/\"},{\"@type\":\"ListItem\",\"position\":2,\"name\":\"20. August 2015 &#8211; Flug nach Manado &#8211; Pulisan\"}]},{\"@type\":\"WebSite\",\"@id\":\"https:\\\/\\\/jblanz.de\\\/WP\\\/#website\",\"url\":\"https:\\\/\\\/jblanz.de\\\/WP\\\/\",\"name\":\"Reiseblog von Karin & Joachim\",\"description\":\"Wir schreiben den Blog f\u00fcr uns als Erinnerung - f\u00fcr euch als Inspiration\",\"publisher\":{\"@id\":\"https:\\\/\\\/jblanz.de\\\/WP\\\/#\\\/schema\\\/person\\\/17a70f07162e42bc0b181c22397286e0\"},\"potentialAction\":[{\"@type\":\"SearchAction\",\"target\":{\"@type\":\"EntryPoint\",\"urlTemplate\":\"https:\\\/\\\/jblanz.de\\\/WP\\\/?s={search_term_string}\"},\"query-input\":{\"@type\":\"PropertyValueSpecification\",\"valueRequired\":true,\"valueName\":\"search_term_string\"}}],\"inLanguage\":\"de\"},{\"@type\":[\"Person\",\"Organization\"],\"@id\":\"https:\\\/\\\/jblanz.de\\\/WP\\\/#\\\/schema\\\/person\\\/17a70f07162e42bc0b181c22397286e0\",\"name\":\"Achim\",\"image\":{\"@type\":\"ImageObject\",\"inLanguage\":\"de\",\"@id\":\"https:\\\/\\\/secure.gravatar.com\\\/avatar\\\/b7ab31bc55956af4a9bebf7fd034761212b11b803b7e39464914d6abeefb12f3?s=96&d=mm&r=g\",\"url\":\"https:\\\/\\\/secure.gravatar.com\\\/avatar\\\/b7ab31bc55956af4a9bebf7fd034761212b11b803b7e39464914d6abeefb12f3?s=96&d=mm&r=g\",\"contentUrl\":\"https:\\\/\\\/secure.gravatar.com\\\/avatar\\\/b7ab31bc55956af4a9bebf7fd034761212b11b803b7e39464914d6abeefb12f3?s=96&d=mm&r=g\",\"caption\":\"Achim\"},\"logo\":{\"@id\":\"https:\\\/\\\/secure.gravatar.com\\\/avatar\\\/b7ab31bc55956af4a9bebf7fd034761212b11b803b7e39464914d6abeefb12f3?s=96&d=mm&r=g\"},\"url\":\"https:\\\/\\\/jblanz.de\\\/WP\\\/author\\\/achim\\\/\"}]}<\/script>\n<!-- \/ Yoast SEO plugin. -->","yoast_head_json":{"title":"20. August 2015 - Flug nach Manado - Pulisan - Reiseblog von Karin &amp; Joachim","robots":{"index":"index","follow":"follow","max-snippet":"max-snippet:-1","max-image-preview":"max-image-preview:large","max-video-preview":"max-video-preview:-1"},"canonical":"https:\/\/jblanz.de\/WP\/flug-nach-manado-pulisan\/","og_locale":"de_DE","og_type":"article","og_title":"20. August 2015 - Flug nach Manado - Pulisan - Reiseblog von Karin &amp; Joachim","og_description":"Karin hatte eine unruhige Nacht. Da sie auch noch Fieber bekam und die \u00dcbelkeit nicht wegging, entschlossen wir uns am","og_url":"https:\/\/jblanz.de\/WP\/flug-nach-manado-pulisan\/","og_site_name":"Reiseblog von Karin &amp; Joachim","article_published_time":"2015-08-19T21:34:00+00:00","article_modified_time":"2021-01-17T17:05:48+00:00","og_image":[{"width":640,"height":479,"url":"https:\/\/jblanz.de\/WP\/wp-content\/uploads\/2015\/08\/blogger-image-1636095980-1.jpg","type":"image\/jpeg"}],"author":"Achim","twitter_card":"summary_large_image","twitter_misc":{"Verfasst von":"Achim","Gesch\u00e4tzte Lesezeit":"2\u00a0Minuten"},"schema":{"@context":"https:\/\/schema.org","@graph":[{"@type":"Article","@id":"https:\/\/jblanz.de\/WP\/flug-nach-manado-pulisan\/#article","isPartOf":{"@id":"https:\/\/jblanz.de\/WP\/flug-nach-manado-pulisan\/"},"author":{"name":"Achim","@id":"https:\/\/jblanz.de\/WP\/#\/schema\/person\/17a70f07162e42bc0b181c22397286e0"},"headline":"20. August 2015 &#8211; Flug nach Manado &#8211; Pulisan","datePublished":"2015-08-19T21:34:00+00:00","dateModified":"2021-01-17T17:05:48+00:00","mainEntityOfPage":{"@id":"https:\/\/jblanz.de\/WP\/flug-nach-manado-pulisan\/"},"wordCount":320,"commentCount":0,"publisher":{"@id":"https:\/\/jblanz.de\/WP\/#\/schema\/person\/17a70f07162e42bc0b181c22397286e0"},"image":{"@id":"https:\/\/jblanz.de\/WP\/flug-nach-manado-pulisan\/#primaryimage"},"thumbnailUrl":"https:\/\/jblanz.de\/WP\/wp-content\/uploads\/2015\/08\/blogger-image-1636095980-1.jpg","articleSection":["2015","Indonesien","Sulawesi 2015"],"inLanguage":"de","potentialAction":[{"@type":"CommentAction","name":"Comment","target":["https:\/\/jblanz.de\/WP\/flug-nach-manado-pulisan\/#respond"]}]},{"@type":"WebPage","@id":"https:\/\/jblanz.de\/WP\/flug-nach-manado-pulisan\/","url":"https:\/\/jblanz.de\/WP\/flug-nach-manado-pulisan\/","name":"20. August 2015 - Flug nach Manado - Pulisan - Reiseblog von Karin &amp; Joachim","isPartOf":{"@id":"https:\/\/jblanz.de\/WP\/#website"},"primaryImageOfPage":{"@id":"https:\/\/jblanz.de\/WP\/flug-nach-manado-pulisan\/#primaryimage"},"image":{"@id":"https:\/\/jblanz.de\/WP\/flug-nach-manado-pulisan\/#primaryimage"},"thumbnailUrl":"https:\/\/jblanz.de\/WP\/wp-content\/uploads\/2015\/08\/blogger-image-1636095980-1.jpg","datePublished":"2015-08-19T21:34:00+00:00","dateModified":"2021-01-17T17:05:48+00:00","breadcrumb":{"@id":"https:\/\/jblanz.de\/WP\/flug-nach-manado-pulisan\/#breadcrumb"},"inLanguage":"de","potentialAction":[{"@type":"ReadAction","target":["https:\/\/jblanz.de\/WP\/flug-nach-manado-pulisan\/"]}]},{"@type":"ImageObject","inLanguage":"de","@id":"https:\/\/jblanz.de\/WP\/flug-nach-manado-pulisan\/#primaryimage","url":"https:\/\/jblanz.de\/WP\/wp-content\/uploads\/2015\/08\/blogger-image-1636095980-1.jpg","contentUrl":"https:\/\/jblanz.de\/WP\/wp-content\/uploads\/2015\/08\/blogger-image-1636095980-1.jpg","width":640,"height":479},{"@type":"BreadcrumbList","@id":"https:\/\/jblanz.de\/WP\/flug-nach-manado-pulisan\/#breadcrumb","itemListElement":[{"@type":"ListItem","position":1,"name":"Startseite","item":"https:\/\/jblanz.de\/WP\/"},{"@type":"ListItem","position":2,"name":"20. August 2015 &#8211; Flug nach Manado &#8211; Pulisan"}]},{"@type":"WebSite","@id":"https:\/\/jblanz.de\/WP\/#website","url":"https:\/\/jblanz.de\/WP\/","name":"Reiseblog von Karin & Joachim","description":"Wir schreiben den Blog f\u00fcr uns als Erinnerung - f\u00fcr euch als Inspiration","publisher":{"@id":"https:\/\/jblanz.de\/WP\/#\/schema\/person\/17a70f07162e42bc0b181c22397286e0"},"potentialAction":[{"@type":"SearchAction","target":{"@type":"EntryPoint","urlTemplate":"https:\/\/jblanz.de\/WP\/?s={search_term_string}"},"query-input":{"@type":"PropertyValueSpecification","valueRequired":true,"valueName":"search_term_string"}}],"inLanguage":"de"},{"@type":["Person","Organization"],"@id":"https:\/\/jblanz.de\/WP\/#\/schema\/person\/17a70f07162e42bc0b181c22397286e0","name":"Achim","image":{"@type":"ImageObject","inLanguage":"de","@id":"https:\/\/secure.gravatar.com\/avatar\/b7ab31bc55956af4a9bebf7fd034761212b11b803b7e39464914d6abeefb12f3?s=96&d=mm&r=g","url":"https:\/\/secure.gravatar.com\/avatar\/b7ab31bc55956af4a9bebf7fd034761212b11b803b7e39464914d6abeefb12f3?s=96&d=mm&r=g","contentUrl":"https:\/\/secure.gravatar.com\/avatar\/b7ab31bc55956af4a9bebf7fd034761212b11b803b7e39464914d6abeefb12f3?s=96&d=mm&r=g","caption":"Achim"},"logo":{"@id":"https:\/\/secure.gravatar.com\/avatar\/b7ab31bc55956af4a9bebf7fd034761212b11b803b7e39464914d6abeefb12f3?s=96&d=mm&r=g"},"url":"https:\/\/jblanz.de\/WP\/author\/achim\/"}]}},"_links":{"self":[{"href":"https:\/\/jblanz.de\/WP\/wp-json\/wp\/v2\/posts\/194","targetHints":{"allow":["GET"]}}],"collection":[{"href":"https:\/\/jblanz.de\/WP\/wp-json\/wp\/v2\/posts"}],"about":[{"href":"https:\/\/jblanz.de\/WP\/wp-json\/wp\/v2\/types\/post"}],"author":[{"embeddable":true,"href":"https:\/\/jblanz.de\/WP\/wp-json\/wp\/v2\/users\/1"}],"replies":[{"embeddable":true,"href":"https:\/\/jblanz.de\/WP\/wp-json\/wp\/v2\/comments?post=194"}],"version-history":[{"count":0,"href":"https:\/\/jblanz.de\/WP\/wp-json\/wp\/v2\/posts\/194\/revisions"}],"wp:featuredmedia":[{"embeddable":true,"href":"https:\/\/jblanz.de\/WP\/wp-json\/wp\/v2\/media\/230"}],"wp:attachment":[{"href":"https:\/\/jblanz.de\/WP\/wp-json\/wp\/v2\/media?parent=194"}],"wp:term":[{"taxonomy":"category","embeddable":true,"href":"https:\/\/jblanz.de\/WP\/wp-json\/wp\/v2\/categories?post=194"},{"taxonomy":"post_tag","embeddable":true,"href":"https:\/\/jblanz.de\/WP\/wp-json\/wp\/v2\/tags?post=194"}],"curies":[{"name":"wp","href":"https:\/\/api.w.org\/{rel}","templated":true}]}}