{"id":199,"date":"2015-08-15T13:45:00","date_gmt":"2015-08-15T11:45:00","guid":{"rendered":"http:\/\/jblanz.de\/WP\/2015\/08\/15\/toraja-international-festiva\/"},"modified":"2021-01-17T18:00:34","modified_gmt":"2021-01-17T17:00:34","slug":"toraja-international-festiva","status":"publish","type":"post","link":"https:\/\/jblanz.de\/WP\/toraja-international-festiva\/","title":{"rendered":"15. August 2015 &#8211; Toraja International Festival"},"content":{"rendered":"<p>Gestern Abend sind wir noch zum Festival gefahren, waren um 18 Uhr dort. Das war auch gut so, denn als wir um 20.45 Uhr gehen wollten, war die H\u00f6lle los. Ein endloser Strom von Leuten dr\u00e4ngte sich in Richtung Festivalplatz, der aber eigentlich schon voll war. Geboten wurde in wirklich einmaligem Ambiente auf dem Platz eines Toraja-Dorfs erst eine Rock-Gruppe aus Makassar, dann etwas Folklore aus dem Torajaland. Schliesslich die erste Internationale Gruppe &#8222;Helga &amp; Ron Reeves&#8220;, verpoppte Gypsy Musik und dann ein Tanzgruppe aus Usbekistan (kaum zu glauben, oder ?). F\u00fcr die Torajas war Helga glaube ich eher ein Schock. Es klatschte fast niemand, obwohl die Musik gut war und der Sound auch gestimmt hat. Die meisten Besucher waren auch h\u00f6chstens 18 Jahre alt und konnten mit dieser Musik gar nichts anfangen. Stattdessen haben sie alles mal aufs Hand gebannt. Die meisten kamen mit dem Moped, viele haben nicht mal den Sturzhelm abgenommen.<\/p>\n<div>\n<div class=\"separator\" style=\"clear: both;\"><\/div>\n<div class=\"separator\" style=\"clear: both;\"><\/div>\n<div class=\"separator\" style=\"clear: both;\">\n<a href=\"https:\/\/lh3.googleusercontent.com\/-hw--4NMuKvc\/Vc9P3m8u1qI\/AAAAAAAAAzQ\/2BqsYwB2fLw\/s640\/blogger-image-1694883732.jpg\" imageanchor=\"1\" style=\"margin-left: 1em; margin-right: 1em;\" data-rel=\"lightbox-image-0\" data-rl_title=\"\" data-rl_caption=\"\" title=\"\"><img decoding=\"async\" src=\"http:\/\/lh3.googleusercontent.com\/-hw--4NMuKvc\/Vc9P3m8u1qI\/AAAAAAAAAzQ\/2BqsYwB2fLw\/s640\/blogger-image-1694883732.jpg\" border=\"0\"><\/a><\/div>\n<div class=\"separator\" style=\"clear: both;\">\n<a href=\"https:\/\/lh3.googleusercontent.com\/-DDXaq2AKPEE\/Vc9P6BtSNKI\/AAAAAAAAAzY\/nG-bYMuqSTQ\/s640\/blogger-image-400314310.jpg\" imageanchor=\"1\" style=\"margin-left: 1em; margin-right: 1em;\" data-rel=\"lightbox-image-1\" data-rl_title=\"\" data-rl_caption=\"\" title=\"\"><img decoding=\"async\" src=\"http:\/\/lh3.googleusercontent.com\/-DDXaq2AKPEE\/Vc9P6BtSNKI\/AAAAAAAAAzY\/nG-bYMuqSTQ\/s640\/blogger-image-400314310.jpg\" border=\"0\"><\/a><\/div>\n<div>\nUnd wir waren die meistgebuchten Fotomodelle !!! Facebook muss voll von uns sein. Selbst die toll angezogenen jungen Frauen der Folklore-Gruppe konnten gegen uns abstinken. Aber wir hatten auch andere Fans, lauter junge M\u00e4dchen, die unbedingt ein Foto mit entweder Karin alleine oder mit uns gemeinsam ein Bild wollten. Haben wir gerne mitgemacht. Es ergab sich immer ein lustiges Gespr\u00e4ch, zwar Kauderwelsch, aber die Leute hier haben keine Ber\u00fchrungs\u00e4ngste.&nbsp;<\/div>\n<div><\/div>\n<div>\nTrotz des riesigen Chaos hat uns&nbsp;unser Fahrer sofort gefunden. Als wir aus dem Eingang raus kamen, stand er schon vor uns. Er hat es auch nicht schwer uns zu finden. Ich rage mit meiner Gr\u00f6\u00dfe aus dem ganzen Volk mindestens einen Kopf heraus. In Indonesien g\u00e4be es keine Sarg in meiner Gr\u00f6\u00dfe und die Sarglochklopfer der Felsengr\u00e4ber in den Megalithen w\u00fcrden ganz schon fluchen, wenn ich hier begraben werden m\u00fcsste.<\/div>\n<\/div>\n<div><\/div>\n","protected":false},"excerpt":{"rendered":"<p>Gestern Abend sind wir noch zum Festival gefahren, waren um 18 Uhr dort. Das war auch gut so, denn als<\/p>\n","protected":false},"author":1,"featured_media":240,"comment_status":"open","ping_status":"open","sticky":false,"template":"","format":"standard","meta":{"colormag_page_container_layout":"default_layout","colormag_page_sidebar_layout":"default_layout","_monsterinsights_skip_tracking":false,"_monsterinsights_sitenote_active":false,"_monsterinsights_sitenote_note":"","_monsterinsights_sitenote_category":0,"footnotes":""},"categories":[13,7,12],"tags":[],"class_list":["post-199","post","type-post","status-publish","format-standard","has-post-thumbnail","hentry","category-13","category-indonesien","category-sulawesi2015"],"yoast_head":"<!-- This site is optimized with the Yoast SEO plugin v27.4 - https:\/\/yoast.com\/product\/yoast-seo-wordpress\/ -->\n<title>15. August 2015 - Toraja International Festival - Reiseblog von Karin &amp; Joachim<\/title>\n<meta name=\"robots\" content=\"index, follow, max-snippet:-1, max-image-preview:large, max-video-preview:-1\" \/>\n<link rel=\"canonical\" href=\"https:\/\/jblanz.de\/WP\/toraja-international-festiva\/\" \/>\n<meta property=\"og:locale\" content=\"de_DE\" \/>\n<meta property=\"og:type\" content=\"article\" \/>\n<meta property=\"og:title\" content=\"15. August 2015 - Toraja International Festival - Reiseblog von Karin &amp; Joachim\" \/>\n<meta property=\"og:description\" content=\"Gestern Abend sind wir noch zum Festival gefahren, waren um 18 Uhr dort. Das war auch gut so, denn als\" \/>\n<meta property=\"og:url\" content=\"https:\/\/jblanz.de\/WP\/toraja-international-festiva\/\" \/>\n<meta property=\"og:site_name\" content=\"Reiseblog von Karin &amp; Joachim\" \/>\n<meta property=\"article:published_time\" content=\"2015-08-15T11:45:00+00:00\" \/>\n<meta property=\"article:modified_time\" content=\"2021-01-17T17:00:34+00:00\" \/>\n<meta property=\"og:image\" content=\"https:\/\/jblanz.de\/WP\/wp-content\/uploads\/2015\/08\/blogger-image-1694883732-2.jpg\" \/>\n\t<meta property=\"og:image:width\" content=\"640\" \/>\n\t<meta property=\"og:image:height\" content=\"480\" \/>\n\t<meta property=\"og:image:type\" content=\"image\/jpeg\" \/>\n<meta name=\"author\" content=\"Achim\" \/>\n<meta name=\"twitter:card\" content=\"summary_large_image\" \/>\n<meta name=\"twitter:label1\" content=\"Verfasst von\" \/>\n\t<meta name=\"twitter:data1\" content=\"Achim\" \/>\n\t<meta name=\"twitter:label2\" content=\"Gesch\u00e4tzte Lesezeit\" \/>\n\t<meta name=\"twitter:data2\" content=\"2\u00a0Minuten\" \/>\n<script type=\"application\/ld+json\" class=\"yoast-schema-graph\">{\"@context\":\"https:\\\/\\\/schema.org\",\"@graph\":[{\"@type\":\"Article\",\"@id\":\"https:\\\/\\\/jblanz.de\\\/WP\\\/toraja-international-festiva\\\/#article\",\"isPartOf\":{\"@id\":\"https:\\\/\\\/jblanz.de\\\/WP\\\/toraja-international-festiva\\\/\"},\"author\":{\"name\":\"Achim\",\"@id\":\"https:\\\/\\\/jblanz.de\\\/WP\\\/#\\\/schema\\\/person\\\/17a70f07162e42bc0b181c22397286e0\"},\"headline\":\"15. August 2015 &#8211; Toraja International Festival\",\"datePublished\":\"2015-08-15T11:45:00+00:00\",\"dateModified\":\"2021-01-17T17:00:34+00:00\",\"mainEntityOfPage\":{\"@id\":\"https:\\\/\\\/jblanz.de\\\/WP\\\/toraja-international-festiva\\\/\"},\"wordCount\":310,\"commentCount\":0,\"publisher\":{\"@id\":\"https:\\\/\\\/jblanz.de\\\/WP\\\/#\\\/schema\\\/person\\\/17a70f07162e42bc0b181c22397286e0\"},\"image\":{\"@id\":\"https:\\\/\\\/jblanz.de\\\/WP\\\/toraja-international-festiva\\\/#primaryimage\"},\"thumbnailUrl\":\"https:\\\/\\\/jblanz.de\\\/WP\\\/wp-content\\\/uploads\\\/2015\\\/08\\\/blogger-image-1694883732-2.jpg\",\"articleSection\":[\"2015\",\"Indonesien\",\"Sulawesi 2015\"],\"inLanguage\":\"de\",\"potentialAction\":[{\"@type\":\"CommentAction\",\"name\":\"Comment\",\"target\":[\"https:\\\/\\\/jblanz.de\\\/WP\\\/toraja-international-festiva\\\/#respond\"]}]},{\"@type\":\"WebPage\",\"@id\":\"https:\\\/\\\/jblanz.de\\\/WP\\\/toraja-international-festiva\\\/\",\"url\":\"https:\\\/\\\/jblanz.de\\\/WP\\\/toraja-international-festiva\\\/\",\"name\":\"15. August 2015 - Toraja International Festival - Reiseblog von Karin &amp; Joachim\",\"isPartOf\":{\"@id\":\"https:\\\/\\\/jblanz.de\\\/WP\\\/#website\"},\"primaryImageOfPage\":{\"@id\":\"https:\\\/\\\/jblanz.de\\\/WP\\\/toraja-international-festiva\\\/#primaryimage\"},\"image\":{\"@id\":\"https:\\\/\\\/jblanz.de\\\/WP\\\/toraja-international-festiva\\\/#primaryimage\"},\"thumbnailUrl\":\"https:\\\/\\\/jblanz.de\\\/WP\\\/wp-content\\\/uploads\\\/2015\\\/08\\\/blogger-image-1694883732-2.jpg\",\"datePublished\":\"2015-08-15T11:45:00+00:00\",\"dateModified\":\"2021-01-17T17:00:34+00:00\",\"breadcrumb\":{\"@id\":\"https:\\\/\\\/jblanz.de\\\/WP\\\/toraja-international-festiva\\\/#breadcrumb\"},\"inLanguage\":\"de\",\"potentialAction\":[{\"@type\":\"ReadAction\",\"target\":[\"https:\\\/\\\/jblanz.de\\\/WP\\\/toraja-international-festiva\\\/\"]}]},{\"@type\":\"ImageObject\",\"inLanguage\":\"de\",\"@id\":\"https:\\\/\\\/jblanz.de\\\/WP\\\/toraja-international-festiva\\\/#primaryimage\",\"url\":\"https:\\\/\\\/jblanz.de\\\/WP\\\/wp-content\\\/uploads\\\/2015\\\/08\\\/blogger-image-1694883732-2.jpg\",\"contentUrl\":\"https:\\\/\\\/jblanz.de\\\/WP\\\/wp-content\\\/uploads\\\/2015\\\/08\\\/blogger-image-1694883732-2.jpg\",\"width\":640,\"height\":480},{\"@type\":\"BreadcrumbList\",\"@id\":\"https:\\\/\\\/jblanz.de\\\/WP\\\/toraja-international-festiva\\\/#breadcrumb\",\"itemListElement\":[{\"@type\":\"ListItem\",\"position\":1,\"name\":\"Startseite\",\"item\":\"https:\\\/\\\/jblanz.de\\\/WP\\\/\"},{\"@type\":\"ListItem\",\"position\":2,\"name\":\"15. August 2015 &#8211; Toraja International Festival\"}]},{\"@type\":\"WebSite\",\"@id\":\"https:\\\/\\\/jblanz.de\\\/WP\\\/#website\",\"url\":\"https:\\\/\\\/jblanz.de\\\/WP\\\/\",\"name\":\"Reiseblog von Karin & Joachim\",\"description\":\"Wir schreiben den Blog f\u00fcr uns als Erinnerung - f\u00fcr euch als Inspiration\",\"publisher\":{\"@id\":\"https:\\\/\\\/jblanz.de\\\/WP\\\/#\\\/schema\\\/person\\\/17a70f07162e42bc0b181c22397286e0\"},\"potentialAction\":[{\"@type\":\"SearchAction\",\"target\":{\"@type\":\"EntryPoint\",\"urlTemplate\":\"https:\\\/\\\/jblanz.de\\\/WP\\\/?s={search_term_string}\"},\"query-input\":{\"@type\":\"PropertyValueSpecification\",\"valueRequired\":true,\"valueName\":\"search_term_string\"}}],\"inLanguage\":\"de\"},{\"@type\":[\"Person\",\"Organization\"],\"@id\":\"https:\\\/\\\/jblanz.de\\\/WP\\\/#\\\/schema\\\/person\\\/17a70f07162e42bc0b181c22397286e0\",\"name\":\"Achim\",\"image\":{\"@type\":\"ImageObject\",\"inLanguage\":\"de\",\"@id\":\"https:\\\/\\\/secure.gravatar.com\\\/avatar\\\/b7ab31bc55956af4a9bebf7fd034761212b11b803b7e39464914d6abeefb12f3?s=96&d=mm&r=g\",\"url\":\"https:\\\/\\\/secure.gravatar.com\\\/avatar\\\/b7ab31bc55956af4a9bebf7fd034761212b11b803b7e39464914d6abeefb12f3?s=96&d=mm&r=g\",\"contentUrl\":\"https:\\\/\\\/secure.gravatar.com\\\/avatar\\\/b7ab31bc55956af4a9bebf7fd034761212b11b803b7e39464914d6abeefb12f3?s=96&d=mm&r=g\",\"caption\":\"Achim\"},\"logo\":{\"@id\":\"https:\\\/\\\/secure.gravatar.com\\\/avatar\\\/b7ab31bc55956af4a9bebf7fd034761212b11b803b7e39464914d6abeefb12f3?s=96&d=mm&r=g\"},\"url\":\"https:\\\/\\\/jblanz.de\\\/WP\\\/author\\\/achim\\\/\"}]}<\/script>\n<!-- \/ Yoast SEO plugin. -->","yoast_head_json":{"title":"15. August 2015 - Toraja International Festival - Reiseblog von Karin &amp; Joachim","robots":{"index":"index","follow":"follow","max-snippet":"max-snippet:-1","max-image-preview":"max-image-preview:large","max-video-preview":"max-video-preview:-1"},"canonical":"https:\/\/jblanz.de\/WP\/toraja-international-festiva\/","og_locale":"de_DE","og_type":"article","og_title":"15. August 2015 - Toraja International Festival - Reiseblog von Karin &amp; Joachim","og_description":"Gestern Abend sind wir noch zum Festival gefahren, waren um 18 Uhr dort. Das war auch gut so, denn als","og_url":"https:\/\/jblanz.de\/WP\/toraja-international-festiva\/","og_site_name":"Reiseblog von Karin &amp; Joachim","article_published_time":"2015-08-15T11:45:00+00:00","article_modified_time":"2021-01-17T17:00:34+00:00","og_image":[{"width":640,"height":480,"url":"https:\/\/jblanz.de\/WP\/wp-content\/uploads\/2015\/08\/blogger-image-1694883732-2.jpg","type":"image\/jpeg"}],"author":"Achim","twitter_card":"summary_large_image","twitter_misc":{"Verfasst von":"Achim","Gesch\u00e4tzte Lesezeit":"2\u00a0Minuten"},"schema":{"@context":"https:\/\/schema.org","@graph":[{"@type":"Article","@id":"https:\/\/jblanz.de\/WP\/toraja-international-festiva\/#article","isPartOf":{"@id":"https:\/\/jblanz.de\/WP\/toraja-international-festiva\/"},"author":{"name":"Achim","@id":"https:\/\/jblanz.de\/WP\/#\/schema\/person\/17a70f07162e42bc0b181c22397286e0"},"headline":"15. August 2015 &#8211; Toraja International Festival","datePublished":"2015-08-15T11:45:00+00:00","dateModified":"2021-01-17T17:00:34+00:00","mainEntityOfPage":{"@id":"https:\/\/jblanz.de\/WP\/toraja-international-festiva\/"},"wordCount":310,"commentCount":0,"publisher":{"@id":"https:\/\/jblanz.de\/WP\/#\/schema\/person\/17a70f07162e42bc0b181c22397286e0"},"image":{"@id":"https:\/\/jblanz.de\/WP\/toraja-international-festiva\/#primaryimage"},"thumbnailUrl":"https:\/\/jblanz.de\/WP\/wp-content\/uploads\/2015\/08\/blogger-image-1694883732-2.jpg","articleSection":["2015","Indonesien","Sulawesi 2015"],"inLanguage":"de","potentialAction":[{"@type":"CommentAction","name":"Comment","target":["https:\/\/jblanz.de\/WP\/toraja-international-festiva\/#respond"]}]},{"@type":"WebPage","@id":"https:\/\/jblanz.de\/WP\/toraja-international-festiva\/","url":"https:\/\/jblanz.de\/WP\/toraja-international-festiva\/","name":"15. August 2015 - Toraja International Festival - Reiseblog von Karin &amp; Joachim","isPartOf":{"@id":"https:\/\/jblanz.de\/WP\/#website"},"primaryImageOfPage":{"@id":"https:\/\/jblanz.de\/WP\/toraja-international-festiva\/#primaryimage"},"image":{"@id":"https:\/\/jblanz.de\/WP\/toraja-international-festiva\/#primaryimage"},"thumbnailUrl":"https:\/\/jblanz.de\/WP\/wp-content\/uploads\/2015\/08\/blogger-image-1694883732-2.jpg","datePublished":"2015-08-15T11:45:00+00:00","dateModified":"2021-01-17T17:00:34+00:00","breadcrumb":{"@id":"https:\/\/jblanz.de\/WP\/toraja-international-festiva\/#breadcrumb"},"inLanguage":"de","potentialAction":[{"@type":"ReadAction","target":["https:\/\/jblanz.de\/WP\/toraja-international-festiva\/"]}]},{"@type":"ImageObject","inLanguage":"de","@id":"https:\/\/jblanz.de\/WP\/toraja-international-festiva\/#primaryimage","url":"https:\/\/jblanz.de\/WP\/wp-content\/uploads\/2015\/08\/blogger-image-1694883732-2.jpg","contentUrl":"https:\/\/jblanz.de\/WP\/wp-content\/uploads\/2015\/08\/blogger-image-1694883732-2.jpg","width":640,"height":480},{"@type":"BreadcrumbList","@id":"https:\/\/jblanz.de\/WP\/toraja-international-festiva\/#breadcrumb","itemListElement":[{"@type":"ListItem","position":1,"name":"Startseite","item":"https:\/\/jblanz.de\/WP\/"},{"@type":"ListItem","position":2,"name":"15. August 2015 &#8211; Toraja International Festival"}]},{"@type":"WebSite","@id":"https:\/\/jblanz.de\/WP\/#website","url":"https:\/\/jblanz.de\/WP\/","name":"Reiseblog von Karin & Joachim","description":"Wir schreiben den Blog f\u00fcr uns als Erinnerung - f\u00fcr euch als Inspiration","publisher":{"@id":"https:\/\/jblanz.de\/WP\/#\/schema\/person\/17a70f07162e42bc0b181c22397286e0"},"potentialAction":[{"@type":"SearchAction","target":{"@type":"EntryPoint","urlTemplate":"https:\/\/jblanz.de\/WP\/?s={search_term_string}"},"query-input":{"@type":"PropertyValueSpecification","valueRequired":true,"valueName":"search_term_string"}}],"inLanguage":"de"},{"@type":["Person","Organization"],"@id":"https:\/\/jblanz.de\/WP\/#\/schema\/person\/17a70f07162e42bc0b181c22397286e0","name":"Achim","image":{"@type":"ImageObject","inLanguage":"de","@id":"https:\/\/secure.gravatar.com\/avatar\/b7ab31bc55956af4a9bebf7fd034761212b11b803b7e39464914d6abeefb12f3?s=96&d=mm&r=g","url":"https:\/\/secure.gravatar.com\/avatar\/b7ab31bc55956af4a9bebf7fd034761212b11b803b7e39464914d6abeefb12f3?s=96&d=mm&r=g","contentUrl":"https:\/\/secure.gravatar.com\/avatar\/b7ab31bc55956af4a9bebf7fd034761212b11b803b7e39464914d6abeefb12f3?s=96&d=mm&r=g","caption":"Achim"},"logo":{"@id":"https:\/\/secure.gravatar.com\/avatar\/b7ab31bc55956af4a9bebf7fd034761212b11b803b7e39464914d6abeefb12f3?s=96&d=mm&r=g"},"url":"https:\/\/jblanz.de\/WP\/author\/achim\/"}]}},"_links":{"self":[{"href":"https:\/\/jblanz.de\/WP\/wp-json\/wp\/v2\/posts\/199","targetHints":{"allow":["GET"]}}],"collection":[{"href":"https:\/\/jblanz.de\/WP\/wp-json\/wp\/v2\/posts"}],"about":[{"href":"https:\/\/jblanz.de\/WP\/wp-json\/wp\/v2\/types\/post"}],"author":[{"embeddable":true,"href":"https:\/\/jblanz.de\/WP\/wp-json\/wp\/v2\/users\/1"}],"replies":[{"embeddable":true,"href":"https:\/\/jblanz.de\/WP\/wp-json\/wp\/v2\/comments?post=199"}],"version-history":[{"count":0,"href":"https:\/\/jblanz.de\/WP\/wp-json\/wp\/v2\/posts\/199\/revisions"}],"wp:featuredmedia":[{"embeddable":true,"href":"https:\/\/jblanz.de\/WP\/wp-json\/wp\/v2\/media\/240"}],"wp:attachment":[{"href":"https:\/\/jblanz.de\/WP\/wp-json\/wp\/v2\/media?parent=199"}],"wp:term":[{"taxonomy":"category","embeddable":true,"href":"https:\/\/jblanz.de\/WP\/wp-json\/wp\/v2\/categories?post=199"},{"taxonomy":"post_tag","embeddable":true,"href":"https:\/\/jblanz.de\/WP\/wp-json\/wp\/v2\/tags?post=199"}],"curies":[{"name":"wp","href":"https:\/\/api.w.org\/{rel}","templated":true}]}}