{"id":200,"date":"2015-08-15T06:25:00","date_gmt":"2015-08-15T04:25:00","guid":{"rendered":"http:\/\/jblanz.de\/WP\/2015\/08\/15\/viehmarkt-und-festival-in-rantepao\/"},"modified":"2021-01-17T18:00:10","modified_gmt":"2021-01-17T17:00:10","slug":"viehmarkt-und-festival-in-rantepao","status":"publish","type":"post","link":"https:\/\/jblanz.de\/WP\/viehmarkt-und-festival-in-rantepao\/","title":{"rendered":"15. August 2015 &#8211; Viehmarkt und Festival in Rantepao"},"content":{"rendered":"<p>&nbsp;Schon wieder klingelt der wecker quasi mitten in der nacht um 6.30 uhr. Heute wollen wir auf den viehmarkt, wo b\u00fcffel und schweine ihre halter wechseln sollen. Also vorhang auf und&#8230;.\u00fcberraschung&#8230;.draussen ist es grau in grau und es regnet?\u2614\ufe0f?<\/p>\n<div>\nOje, das wird eine sch\u00f6ne matsche werden, also was anziehen? Wanderschuhe und hose hochkrempeln oder gleich die flip flops? Ich entscheide mich f\u00fcr wanderschuhe an und flip flops mitnehmen und dann mal schaun. Aber bis wir gefr\u00fchst\u00fcckt haben, scheint schon die sonne und unser fahrer wartet auch schon.<\/div>\n<div>\nDann gehts durch einige gassen und nach ein paar minuten sieht man schon das verkehrschaos, weil schon viele pickups dort sind und immer noch mehr dazu kommen. Auf einem riesigen platz sind ziemlich viele b\u00fcffel samt halter zu sehen und manchmal steht eine kleine ansammlung m\u00e4nner drum rum. Wir nehmen an, sie feilschen um den preis. Anscheinend sind die weissen oder halbweissen b\u00fcffel die wertvollsten, sie haben supersch\u00f6ne blaue augen.<\/div>\n<div><\/div>\n<div>\n<div class=\"separator\" style=\"clear: both;\">\n<a href=\"https:\/\/lh3.googleusercontent.com\/-FrqzSjdGBBY\/Vc7tpS8L8rI\/AAAAAAAAAvs\/eKC1Bv4_6qA\/s640\/blogger-image-1192775781.jpg\" imageanchor=\"1\" style=\"margin-left: 1em; margin-right: 1em;\" data-rel=\"lightbox-image-0\" data-rl_title=\"\" data-rl_caption=\"\" title=\"\"><img decoding=\"async\" src=\"http:\/\/lh3.googleusercontent.com\/-FrqzSjdGBBY\/Vc7tpS8L8rI\/AAAAAAAAAvs\/eKC1Bv4_6qA\/s640\/blogger-image-1192775781.jpg\" border=\"0\"><\/a><\/div>\n<\/div>\n<div>\nRings um den platz stehen weitere hunderte b\u00fcffel in allen gr\u00f6ssen, die werden noch gewaschen und geb\u00fcrstet vorher, um dann auf den verkaufsplatz zu kommen, zumindest vermuten wir das. Keine ahnung, wie viele der tiere verkauft werden an so einem tag und wie viele wieder nach Hause transportiert werden, bis zum n\u00e4chsten markt.<\/div>\n<div><\/div>\n<div>\n<div class=\"separator\" style=\"clear: both;\">\n<a href=\"https:\/\/lh3.googleusercontent.com\/-5C2JZ3VChoc\/Vc7tyr5SohI\/AAAAAAAAAwE\/Z_PR6oy0ubE\/s640\/blogger-image-1125389700.jpg\" imageanchor=\"1\" style=\"margin-left: 1em; margin-right: 1em;\" data-rel=\"lightbox-image-1\" data-rl_title=\"\" data-rl_caption=\"\" title=\"\"><img decoding=\"async\" src=\"http:\/\/lh3.googleusercontent.com\/-5C2JZ3VChoc\/Vc7tyr5SohI\/AAAAAAAAAwE\/Z_PR6oy0ubE\/s640\/blogger-image-1125389700.jpg\" border=\"0\"><\/a><\/div>\n<\/div>\n<div>\nAlles ist total ruhig, man h\u00f6rt kein muhen und nix von den tieren, nur autol\u00e4rm und das brummen einer drone, die ein typ \u00fcber dem platz kreisen l\u00e4sst.<\/div>\n<div>\nDas \u00e4ndert sich schlagartig, als wir in den &#8222;schweinebereich&#8220; kommen. Ferkel quieken auf lastwagen &nbsp;und viele der auf bambusstangen gebundenen schweine schreien zum herzerweichen. Ich kann es kaum aushalten, die schreie gehen mir durch und durch.&nbsp;<\/div>\n<div><\/div>\n<div>\n<div class=\"separator\" style=\"clear: both;\"><\/div>\n<div class=\"separator\" style=\"clear: both;\">\n<a href=\"https:\/\/lh3.googleusercontent.com\/-qQGJA6-RxzI\/Vc8DXKov2pI\/AAAAAAAAAyg\/HjGKoplVQ78\/s640\/blogger-image--1945176472.jpg\" imageanchor=\"1\" style=\"margin-left: 1em; margin-right: 1em;\" data-rel=\"lightbox-image-2\" data-rl_title=\"\" data-rl_caption=\"\" title=\"\"><img decoding=\"async\" src=\"http:\/\/lh3.googleusercontent.com\/-qQGJA6-RxzI\/Vc8DXKov2pI\/AAAAAAAAAyg\/HjGKoplVQ78\/s640\/blogger-image--1945176472.jpg\" border=\"0\"><\/a><\/div>\n<div class=\"separator\" style=\"clear: both;\"><\/div>\n<div class=\"separator\" style=\"clear: both;\"><\/div>\n<div class=\"separator\" style=\"clear: both;\">\n<a href=\"https:\/\/lh3.googleusercontent.com\/-U1rI4FGQEuM\/Vc8C67rhjuI\/AAAAAAAAAxg\/wpfGDOqSW9I\/s640\/blogger-image-1329907478.jpg\" imageanchor=\"1\" style=\"margin-left: 1em; margin-right: 1em;\" data-rel=\"lightbox-image-3\" data-rl_title=\"\" data-rl_caption=\"\" title=\"\"><img decoding=\"async\" src=\"http:\/\/lh3.googleusercontent.com\/-U1rI4FGQEuM\/Vc8C67rhjuI\/AAAAAAAAAxg\/wpfGDOqSW9I\/s640\/blogger-image-1329907478.jpg\" border=\"0\"><\/a><\/div>\n<\/div>\n<div>\n<div class=\"separator\" style=\"clear: both;\"><\/div>\n<\/div>\n<div>\nWelche sau nicht auf einem laster transportiert werden kann, wird kurzerhand aufs moped gebunden und ab gehts, entweder wieder nach hause oder ins neue heim.<\/div>\n<div><\/div>\n<div>\nIch bin mir danach absolut sicher, dass ich keine schlachtzeremonie sehen will. Ich achte die tradition der torajas und sicher ist es f\u00fcr die tiere nicht einen bruchteil so schrecklich, wie f\u00fcr unsere zu hause in den schlachth\u00f6fen, aber ich muss es nicht sehen.<\/div>\n<div><\/div>\n<div>\nWir wandern wieder zur\u00fcck zu den b\u00fcffeln und dann weiter zum markt. Es ist immer wieder erstaunlich, welche vielfalt an fr\u00fcchten, gem\u00fcsen und gew\u00fcrzen man zu sehen bekommt und immer wieder ist auch etwas dabei, was wir noch nicht kennen. Diese frucht oder was es auch immer ist. Also falls einer von euch das kennt, informiert uns?<\/div>\n<div><\/div>\n<div>\n<div class=\"separator\" style=\"clear: both;\">\n<a href=\"https:\/\/lh3.googleusercontent.com\/-anDykthWCAs\/Vc7t6j6dtfI\/AAAAAAAAAwU\/xjp95sb1MB8\/s640\/blogger-image-665401159.jpg\" imageanchor=\"1\" style=\"margin-left: 1em; margin-right: 1em;\" data-rel=\"lightbox-image-4\" data-rl_title=\"\" data-rl_caption=\"\" title=\"\"><img decoding=\"async\" src=\"http:\/\/lh3.googleusercontent.com\/-anDykthWCAs\/Vc7t6j6dtfI\/AAAAAAAAAwU\/xjp95sb1MB8\/s640\/blogger-image-665401159.jpg\" border=\"0\"><\/a><\/div>\n<\/div>\n<div>\nAchim ersp\u00e4ht sofort seine lieblingsfrucht, die Tamarillo, die zu Hause bei uns gerade das erste mal bl\u00fcht und muss nat\u00fcrlich sofort zugreifen! Vielleicht bekommen wir ja im n\u00e4chsten jahr sogar eigene fr\u00fcchte, das w\u00e4re super. Der saft, den sie hier daraus machen, schmeckt wirklich sehr lecker.<\/div>\n<div><\/div>\n<div>\n<div class=\"separator\" style=\"clear: both;\"><\/div>\n<div class=\"separator\" style=\"clear: both;\">\n<a href=\"https:\/\/lh3.googleusercontent.com\/-ixx5XEn5rTk\/Vc7tsIuMywI\/AAAAAAAAAv0\/OwJuS3Zc_nA\/s640\/blogger-image--901240613.jpg\" imageanchor=\"1\" style=\"margin-left: 1em; margin-right: 1em;\" data-rel=\"lightbox-image-5\" data-rl_title=\"\" data-rl_caption=\"\" title=\"\"><img decoding=\"async\" src=\"http:\/\/lh3.googleusercontent.com\/-ixx5XEn5rTk\/Vc7tsIuMywI\/AAAAAAAAAv0\/OwJuS3Zc_nA\/s640\/blogger-image--901240613.jpg\" border=\"0\"><\/a><\/div>\n<\/div>\n<div>\nZum abschluss kommen wir noch am &#8222;gockelverkaufsplatz&#8220; vorbei. Das war ein bild!! Lauter stolze m\u00e4nner, die mit ihrem gockel herumlaufen und ihn anpreisen. Manche lassen ihn mit einem anderen ein bisschen k\u00e4mpfen, andere tragen ihn wie ein baby im arm spazieren und man k\u00f6nnte glauben, es ist ein verliebtes p\u00e4rchen ?? wer ist mehr gockel???? &nbsp;<\/div>\n<div>\n<div class=\"separator\" style=\"clear: both;\">\n<a href=\"https:\/\/lh3.googleusercontent.com\/-vkC_HuM0gf0\/Vc7tvKy6WUI\/AAAAAAAAAv8\/JXUnVOkSSbQ\/s640\/blogger-image--23089273.jpg\" imageanchor=\"1\" style=\"margin-left: 1em; margin-right: 1em;\" data-rel=\"lightbox-image-6\" data-rl_title=\"\" data-rl_caption=\"\" title=\"\"><img decoding=\"async\" src=\"http:\/\/lh3.googleusercontent.com\/-vkC_HuM0gf0\/Vc7tvKy6WUI\/AAAAAAAAAv8\/JXUnVOkSSbQ\/s640\/blogger-image--23089273.jpg\" border=\"0\"><\/a><\/div>\n<\/div>\n<div class=\"separator\" style=\"clear: both;\"><\/div>\n<div class=\"separator\" style=\"clear: both;\"><\/div>\n<div class=\"separator\" style=\"clear: both;\">\n<a href=\"https:\/\/lh3.googleusercontent.com\/-unuaBimhPIM\/Vc8DKZBFXDI\/AAAAAAAAAyI\/UOLnIsKJ04I\/s640\/blogger-image-1641751990.jpg\" imageanchor=\"1\" style=\"margin-left: 1em; margin-right: 1em;\" data-rel=\"lightbox-image-7\" data-rl_title=\"\" data-rl_caption=\"\" title=\"\"><img decoding=\"async\" src=\"http:\/\/lh3.googleusercontent.com\/-unuaBimhPIM\/Vc8DKZBFXDI\/AAAAAAAAAyI\/UOLnIsKJ04I\/s640\/blogger-image-1641751990.jpg\" border=\"0\"><\/a><\/div>\n<div class=\"separator\" style=\"clear: both;\"><\/div>\n<div class=\"separator\" style=\"clear: both;\"><\/div>\n<div class=\"separator\" style=\"clear: both;\">\n<a href=\"https:\/\/lh3.googleusercontent.com\/-rEtItsYaJUs\/Vc8DO6wSh2I\/AAAAAAAAAyQ\/4hpjjMTATcc\/s640\/blogger-image--375234315.jpg\" imageanchor=\"1\" style=\"margin-left: 1em; margin-right: 1em;\" data-rel=\"lightbox-image-8\" data-rl_title=\"\" data-rl_caption=\"\" title=\"\"><img decoding=\"async\" src=\"http:\/\/lh3.googleusercontent.com\/-rEtItsYaJUs\/Vc8DO6wSh2I\/AAAAAAAAAyQ\/4hpjjMTATcc\/s640\/blogger-image--375234315.jpg\" border=\"0\"><\/a><\/div>\n<div class=\"separator\" style=\"clear: both;\"><\/div>\n<div class=\"separator\" style=\"clear: both;\">\nVom Markt fuhren wir nach Bori, wo es Felsengr\u00e4ber und einen Megalithenzirkel zu sehen gibt. Am Vortag gab es dort wohl ein Opferritual. Einige Stellen waren voller Blut und in einer Lache tummelten sich tausende von kleinen W\u00fcrmern, die sich \u00fcber die Reste hermachten. Die Trib\u00fcnen f\u00fcr die Zuschauer waren noch rund um die Megalithe aufgebaut und gaben dem Ort was mystisches. Im Hintergrund waren die Hammerschl\u00e4ge des Grabaush\u00f6hlers zu h\u00f6ren. Der ganze Ort war von einzelstehenden runden Basaltfelsen dominiert, in denen jeweils einige Gr\u00e4ber untergebracht sind. Ganz Alte und ganz Neue.&nbsp;<\/div>\n<div class=\"separator\" style=\"clear: both;\"><\/div>\n<div class=\"separator\" style=\"clear: both;\"><\/div>\n<div class=\"separator\" style=\"clear: both;\">\n<a href=\"https:\/\/lh3.googleusercontent.com\/-Xx1G1h4rnTU\/Vc8DbHKph9I\/AAAAAAAAAyo\/ojEI7OqgdPs\/s640\/blogger-image-1761598126.jpg\" imageanchor=\"1\" style=\"margin-left: 1em; margin-right: 1em;\" data-rel=\"lightbox-image-9\" data-rl_title=\"\" data-rl_caption=\"\" title=\"\"><img decoding=\"async\" src=\"http:\/\/lh3.googleusercontent.com\/-Xx1G1h4rnTU\/Vc8DbHKph9I\/AAAAAAAAAyo\/ojEI7OqgdPs\/s640\/blogger-image-1761598126.jpg\" border=\"0\"><\/a><\/div>\n<div class=\"separator\" style=\"clear: both;\"><\/div>\n<div class=\"separator\" style=\"clear: both;\"><\/div>\n<div class=\"separator\" style=\"clear: both;\">\n<a href=\"https:\/\/lh3.googleusercontent.com\/-Ua9mumo92sE\/Vc8DBJ-TnPI\/AAAAAAAAAxw\/6Th4RrMynSs\/s640\/blogger-image--344420860.jpg\" imageanchor=\"1\" style=\"margin-left: 1em; margin-right: 1em;\" data-rel=\"lightbox-image-10\" data-rl_title=\"\" data-rl_caption=\"\" title=\"\"><img decoding=\"async\" src=\"http:\/\/lh3.googleusercontent.com\/-Ua9mumo92sE\/Vc8DBJ-TnPI\/AAAAAAAAAxw\/6Th4RrMynSs\/s640\/blogger-image--344420860.jpg\" border=\"0\"><\/a><\/div>\n<div class=\"separator\" style=\"clear: both;\"><\/div>\n<div class=\"separator\" style=\"clear: both;\"><\/div>\n<div class=\"separator\" style=\"clear: both;\">\n<a href=\"https:\/\/lh3.googleusercontent.com\/-AxjEjhHftwI\/Vc8DDyH05mI\/AAAAAAAAAx4\/widE7_ks7FU\/s640\/blogger-image-567638975.jpg\" imageanchor=\"1\" style=\"margin-left: 1em; margin-right: 1em;\" data-rel=\"lightbox-image-11\" data-rl_title=\"\" data-rl_caption=\"\" title=\"\"><img decoding=\"async\" src=\"http:\/\/lh3.googleusercontent.com\/-AxjEjhHftwI\/Vc8DDyH05mI\/AAAAAAAAAx4\/widE7_ks7FU\/s640\/blogger-image-567638975.jpg\" border=\"0\"><\/a><\/div>\n<div>\nUnterhalb der Grabst\u00e4tte ist eine grosse Ebene, auf der Reis angebaut wird. Die Reisernte ist gerade voll im Gang, \u00fcberall schneiden Frauen die Reisrispen mit einem Messer ab, b\u00fcndeln die Rispen, Kinder tragen die B\u00fcndel zu anderen Frauen oder M\u00e4nnern, die dann die B\u00fcndel gegen einen Holzkasten dreschen. Die Reisk\u00f6rner aus dem Kasten werden in den Wind gesch\u00fcttet, um nach Gewicht zu trennen. Denn wird der Reis auf Planen getrocknet, in S\u00e4cke gef\u00fcllt und abtransportiert. Alles ist Handarbeit. Auf den abgeernteten Feldern grasen dann noch die Wasserb\u00fcffel. Die ausgedroschenen Rispen werden am Ende angez\u00fcndet und \u00fcber den Feldern entwickeln sich Rauchschwaden. Gibt in der Abendsonne ein malerisches Bild.<\/div>\n<div><\/div>\n<div>\n<div class=\"separator\" style=\"clear: both;\">\n<a href=\"https:\/\/lh3.googleusercontent.com\/-aPp74uZB9uw\/Vc8De2PVMyI\/AAAAAAAAAyw\/Ia8mdRmGmCs\/s640\/blogger-image-1157224263.jpg\" imageanchor=\"1\" style=\"margin-left: 1em; margin-right: 1em;\" data-rel=\"lightbox-image-12\" data-rl_title=\"\" data-rl_caption=\"\" title=\"\"><img decoding=\"async\" src=\"http:\/\/lh3.googleusercontent.com\/-aPp74uZB9uw\/Vc8De2PVMyI\/AAAAAAAAAyw\/Ia8mdRmGmCs\/s640\/blogger-image-1157224263.jpg\" border=\"0\"><\/a><\/div>\n<div class=\"separator\" style=\"clear: both;\"><\/div>\n<div class=\"separator\" style=\"clear: both;\"><\/div>\n<div class=\"separator\" style=\"clear: both;\">\n<a href=\"https:\/\/lh3.googleusercontent.com\/-ZEBLXTTu5kg\/Vc8DGv7FEVI\/AAAAAAAAAyA\/YjNXqm9R_jk\/s640\/blogger-image-48535063.jpg\" imageanchor=\"1\" style=\"margin-left: 1em; margin-right: 1em;\" data-rel=\"lightbox-image-13\" data-rl_title=\"\" data-rl_caption=\"\" title=\"\"><img decoding=\"async\" src=\"http:\/\/lh3.googleusercontent.com\/-ZEBLXTTu5kg\/Vc8DGv7FEVI\/AAAAAAAAAyA\/YjNXqm9R_jk\/s640\/blogger-image-48535063.jpg\" border=\"0\"><\/a><\/div>\n<div class=\"separator\" style=\"clear: both;\"><\/div>\n<div class=\"separator\" style=\"clear: both;\"><\/div>\n<div class=\"separator\" style=\"clear: both;\">\n<a href=\"https:\/\/lh3.googleusercontent.com\/--unCPJZdiJc\/Vc8C9uoVQHI\/AAAAAAAAAxo\/52ZHLNHiHZA\/s640\/blogger-image--1108527113.jpg\" imageanchor=\"1\" style=\"margin-left: 1em; margin-right: 1em;\" data-rel=\"lightbox-image-14\" data-rl_title=\"\" data-rl_caption=\"\" title=\"\"><img decoding=\"async\" src=\"http:\/\/lh3.googleusercontent.com\/--unCPJZdiJc\/Vc8C9uoVQHI\/AAAAAAAAAxo\/52ZHLNHiHZA\/s640\/blogger-image--1108527113.jpg\" border=\"0\"><\/a><\/div>\n<div class=\"separator\" style=\"clear: both;\"><\/div>\n<div class=\"separator\" style=\"clear: both;\"><\/div>\n<div class=\"separator\" style=\"clear: both;\">\n<a href=\"https:\/\/lh3.googleusercontent.com\/-kVXy3mPiu-c\/Vc8DSzFlJ2I\/AAAAAAAAAyY\/-AgFZ3o6kp8\/s640\/blogger-image-516194876.jpg\" imageanchor=\"1\" style=\"margin-left: 1em; margin-right: 1em;\" data-rel=\"lightbox-image-15\" data-rl_title=\"\" data-rl_caption=\"\" title=\"\"><img decoding=\"async\" src=\"http:\/\/lh3.googleusercontent.com\/-kVXy3mPiu-c\/Vc8DSzFlJ2I\/AAAAAAAAAyY\/-AgFZ3o6kp8\/s640\/blogger-image-516194876.jpg\" border=\"0\"><\/a><\/div>\n<div class=\"separator\" style=\"clear: both;\"><\/div>\n<div class=\"separator\" style=\"clear: both;\"><\/div>\n<div class=\"separator\" style=\"clear: both;\">\n<a href=\"https:\/\/lh3.googleusercontent.com\/-Coq86Gu_-fw\/Vc8MyhShfyI\/AAAAAAAAAzA\/ClV_ALkxhv4\/s640\/blogger-image--416909869.jpg\" imageanchor=\"1\" style=\"margin-left: 1em; margin-right: 1em;\" data-rel=\"lightbox-image-16\" data-rl_title=\"\" data-rl_caption=\"\" title=\"\"><img decoding=\"async\" src=\"http:\/\/lh3.googleusercontent.com\/-Coq86Gu_-fw\/Vc8MyhShfyI\/AAAAAAAAAzA\/ClV_ALkxhv4\/s640\/blogger-image--416909869.jpg\" border=\"0\"><\/a><\/div>\n<p>&nbsp; &nbsp; &nbsp; &nbsp; &nbsp; &nbsp; &nbsp; &nbsp; &nbsp; &nbsp; &nbsp; &nbsp; &nbsp; &nbsp; &nbsp; &nbsp; &nbsp; &nbsp;Das ist schwarzer, wei\u00dfer und brauner Reis<\/p>\n<\/div>\n<div><\/div>\n","protected":false},"excerpt":{"rendered":"<p>&nbsp;Schon wieder klingelt der wecker quasi mitten in der nacht um 6.30 uhr. Heute wollen wir auf den viehmarkt, wo<\/p>\n","protected":false},"author":1,"featured_media":242,"comment_status":"open","ping_status":"open","sticky":false,"template":"","format":"standard","meta":{"colormag_page_container_layout":"default_layout","colormag_page_sidebar_layout":"default_layout","_monsterinsights_skip_tracking":false,"_monsterinsights_sitenote_active":false,"_monsterinsights_sitenote_note":"","_monsterinsights_sitenote_category":0,"footnotes":""},"categories":[13,7,12],"tags":[],"class_list":["post-200","post","type-post","status-publish","format-standard","has-post-thumbnail","hentry","category-13","category-indonesien","category-sulawesi2015"],"yoast_head":"<!-- This site is optimized with the Yoast SEO plugin v27.4 - https:\/\/yoast.com\/product\/yoast-seo-wordpress\/ -->\n<title>15. August 2015 - Viehmarkt und Festival in Rantepao - Reiseblog von Karin &amp; Joachim<\/title>\n<meta name=\"robots\" content=\"index, follow, max-snippet:-1, max-image-preview:large, max-video-preview:-1\" \/>\n<link rel=\"canonical\" href=\"https:\/\/jblanz.de\/WP\/viehmarkt-und-festival-in-rantepao\/\" \/>\n<meta property=\"og:locale\" content=\"de_DE\" \/>\n<meta property=\"og:type\" content=\"article\" \/>\n<meta property=\"og:title\" content=\"15. August 2015 - Viehmarkt und Festival in Rantepao - Reiseblog von Karin &amp; Joachim\" \/>\n<meta property=\"og:description\" content=\"&nbsp;Schon wieder klingelt der wecker quasi mitten in der nacht um 6.30 uhr. Heute wollen wir auf den viehmarkt, wo\" \/>\n<meta property=\"og:url\" content=\"https:\/\/jblanz.de\/WP\/viehmarkt-und-festival-in-rantepao\/\" \/>\n<meta property=\"og:site_name\" content=\"Reiseblog von Karin &amp; Joachim\" \/>\n<meta property=\"article:published_time\" content=\"2015-08-15T04:25:00+00:00\" \/>\n<meta property=\"article:modified_time\" content=\"2021-01-17T17:00:10+00:00\" \/>\n<meta property=\"og:image\" content=\"https:\/\/jblanz.de\/WP\/wp-content\/uploads\/2015\/08\/blogger-image-1192775781-2.jpg\" \/>\n\t<meta property=\"og:image:width\" content=\"640\" \/>\n\t<meta property=\"og:image:height\" content=\"480\" \/>\n\t<meta property=\"og:image:type\" content=\"image\/jpeg\" \/>\n<meta name=\"author\" content=\"Achim\" \/>\n<meta name=\"twitter:card\" content=\"summary_large_image\" \/>\n<meta name=\"twitter:label1\" content=\"Verfasst von\" \/>\n\t<meta name=\"twitter:data1\" content=\"Achim\" \/>\n\t<meta name=\"twitter:label2\" content=\"Gesch\u00e4tzte Lesezeit\" \/>\n\t<meta name=\"twitter:data2\" content=\"7\u00a0Minuten\" \/>\n<script type=\"application\/ld+json\" class=\"yoast-schema-graph\">{\"@context\":\"https:\\\/\\\/schema.org\",\"@graph\":[{\"@type\":\"Article\",\"@id\":\"https:\\\/\\\/jblanz.de\\\/WP\\\/viehmarkt-und-festival-in-rantepao\\\/#article\",\"isPartOf\":{\"@id\":\"https:\\\/\\\/jblanz.de\\\/WP\\\/viehmarkt-und-festival-in-rantepao\\\/\"},\"author\":{\"name\":\"Achim\",\"@id\":\"https:\\\/\\\/jblanz.de\\\/WP\\\/#\\\/schema\\\/person\\\/17a70f07162e42bc0b181c22397286e0\"},\"headline\":\"15. August 2015 &#8211; Viehmarkt und Festival in Rantepao\",\"datePublished\":\"2015-08-15T04:25:00+00:00\",\"dateModified\":\"2021-01-17T17:00:10+00:00\",\"mainEntityOfPage\":{\"@id\":\"https:\\\/\\\/jblanz.de\\\/WP\\\/viehmarkt-und-festival-in-rantepao\\\/\"},\"wordCount\":792,\"commentCount\":0,\"publisher\":{\"@id\":\"https:\\\/\\\/jblanz.de\\\/WP\\\/#\\\/schema\\\/person\\\/17a70f07162e42bc0b181c22397286e0\"},\"image\":{\"@id\":\"https:\\\/\\\/jblanz.de\\\/WP\\\/viehmarkt-und-festival-in-rantepao\\\/#primaryimage\"},\"thumbnailUrl\":\"https:\\\/\\\/jblanz.de\\\/WP\\\/wp-content\\\/uploads\\\/2015\\\/08\\\/blogger-image-1192775781-2.jpg\",\"articleSection\":[\"2015\",\"Indonesien\",\"Sulawesi 2015\"],\"inLanguage\":\"de\",\"potentialAction\":[{\"@type\":\"CommentAction\",\"name\":\"Comment\",\"target\":[\"https:\\\/\\\/jblanz.de\\\/WP\\\/viehmarkt-und-festival-in-rantepao\\\/#respond\"]}]},{\"@type\":\"WebPage\",\"@id\":\"https:\\\/\\\/jblanz.de\\\/WP\\\/viehmarkt-und-festival-in-rantepao\\\/\",\"url\":\"https:\\\/\\\/jblanz.de\\\/WP\\\/viehmarkt-und-festival-in-rantepao\\\/\",\"name\":\"15. August 2015 - Viehmarkt und Festival in Rantepao - Reiseblog von Karin &amp; Joachim\",\"isPartOf\":{\"@id\":\"https:\\\/\\\/jblanz.de\\\/WP\\\/#website\"},\"primaryImageOfPage\":{\"@id\":\"https:\\\/\\\/jblanz.de\\\/WP\\\/viehmarkt-und-festival-in-rantepao\\\/#primaryimage\"},\"image\":{\"@id\":\"https:\\\/\\\/jblanz.de\\\/WP\\\/viehmarkt-und-festival-in-rantepao\\\/#primaryimage\"},\"thumbnailUrl\":\"https:\\\/\\\/jblanz.de\\\/WP\\\/wp-content\\\/uploads\\\/2015\\\/08\\\/blogger-image-1192775781-2.jpg\",\"datePublished\":\"2015-08-15T04:25:00+00:00\",\"dateModified\":\"2021-01-17T17:00:10+00:00\",\"breadcrumb\":{\"@id\":\"https:\\\/\\\/jblanz.de\\\/WP\\\/viehmarkt-und-festival-in-rantepao\\\/#breadcrumb\"},\"inLanguage\":\"de\",\"potentialAction\":[{\"@type\":\"ReadAction\",\"target\":[\"https:\\\/\\\/jblanz.de\\\/WP\\\/viehmarkt-und-festival-in-rantepao\\\/\"]}]},{\"@type\":\"ImageObject\",\"inLanguage\":\"de\",\"@id\":\"https:\\\/\\\/jblanz.de\\\/WP\\\/viehmarkt-und-festival-in-rantepao\\\/#primaryimage\",\"url\":\"https:\\\/\\\/jblanz.de\\\/WP\\\/wp-content\\\/uploads\\\/2015\\\/08\\\/blogger-image-1192775781-2.jpg\",\"contentUrl\":\"https:\\\/\\\/jblanz.de\\\/WP\\\/wp-content\\\/uploads\\\/2015\\\/08\\\/blogger-image-1192775781-2.jpg\",\"width\":640,\"height\":480},{\"@type\":\"BreadcrumbList\",\"@id\":\"https:\\\/\\\/jblanz.de\\\/WP\\\/viehmarkt-und-festival-in-rantepao\\\/#breadcrumb\",\"itemListElement\":[{\"@type\":\"ListItem\",\"position\":1,\"name\":\"Startseite\",\"item\":\"https:\\\/\\\/jblanz.de\\\/WP\\\/\"},{\"@type\":\"ListItem\",\"position\":2,\"name\":\"15. August 2015 &#8211; Viehmarkt und Festival in Rantepao\"}]},{\"@type\":\"WebSite\",\"@id\":\"https:\\\/\\\/jblanz.de\\\/WP\\\/#website\",\"url\":\"https:\\\/\\\/jblanz.de\\\/WP\\\/\",\"name\":\"Reiseblog von Karin & Joachim\",\"description\":\"Wir schreiben den Blog f\u00fcr uns als Erinnerung - f\u00fcr euch als Inspiration\",\"publisher\":{\"@id\":\"https:\\\/\\\/jblanz.de\\\/WP\\\/#\\\/schema\\\/person\\\/17a70f07162e42bc0b181c22397286e0\"},\"potentialAction\":[{\"@type\":\"SearchAction\",\"target\":{\"@type\":\"EntryPoint\",\"urlTemplate\":\"https:\\\/\\\/jblanz.de\\\/WP\\\/?s={search_term_string}\"},\"query-input\":{\"@type\":\"PropertyValueSpecification\",\"valueRequired\":true,\"valueName\":\"search_term_string\"}}],\"inLanguage\":\"de\"},{\"@type\":[\"Person\",\"Organization\"],\"@id\":\"https:\\\/\\\/jblanz.de\\\/WP\\\/#\\\/schema\\\/person\\\/17a70f07162e42bc0b181c22397286e0\",\"name\":\"Achim\",\"image\":{\"@type\":\"ImageObject\",\"inLanguage\":\"de\",\"@id\":\"https:\\\/\\\/secure.gravatar.com\\\/avatar\\\/b7ab31bc55956af4a9bebf7fd034761212b11b803b7e39464914d6abeefb12f3?s=96&d=mm&r=g\",\"url\":\"https:\\\/\\\/secure.gravatar.com\\\/avatar\\\/b7ab31bc55956af4a9bebf7fd034761212b11b803b7e39464914d6abeefb12f3?s=96&d=mm&r=g\",\"contentUrl\":\"https:\\\/\\\/secure.gravatar.com\\\/avatar\\\/b7ab31bc55956af4a9bebf7fd034761212b11b803b7e39464914d6abeefb12f3?s=96&d=mm&r=g\",\"caption\":\"Achim\"},\"logo\":{\"@id\":\"https:\\\/\\\/secure.gravatar.com\\\/avatar\\\/b7ab31bc55956af4a9bebf7fd034761212b11b803b7e39464914d6abeefb12f3?s=96&d=mm&r=g\"},\"url\":\"https:\\\/\\\/jblanz.de\\\/WP\\\/author\\\/achim\\\/\"}]}<\/script>\n<!-- \/ Yoast SEO plugin. -->","yoast_head_json":{"title":"15. August 2015 - Viehmarkt und Festival in Rantepao - Reiseblog von Karin &amp; Joachim","robots":{"index":"index","follow":"follow","max-snippet":"max-snippet:-1","max-image-preview":"max-image-preview:large","max-video-preview":"max-video-preview:-1"},"canonical":"https:\/\/jblanz.de\/WP\/viehmarkt-und-festival-in-rantepao\/","og_locale":"de_DE","og_type":"article","og_title":"15. August 2015 - Viehmarkt und Festival in Rantepao - Reiseblog von Karin &amp; Joachim","og_description":"&nbsp;Schon wieder klingelt der wecker quasi mitten in der nacht um 6.30 uhr. Heute wollen wir auf den viehmarkt, wo","og_url":"https:\/\/jblanz.de\/WP\/viehmarkt-und-festival-in-rantepao\/","og_site_name":"Reiseblog von Karin &amp; Joachim","article_published_time":"2015-08-15T04:25:00+00:00","article_modified_time":"2021-01-17T17:00:10+00:00","og_image":[{"width":640,"height":480,"url":"https:\/\/jblanz.de\/WP\/wp-content\/uploads\/2015\/08\/blogger-image-1192775781-2.jpg","type":"image\/jpeg"}],"author":"Achim","twitter_card":"summary_large_image","twitter_misc":{"Verfasst von":"Achim","Gesch\u00e4tzte Lesezeit":"7\u00a0Minuten"},"schema":{"@context":"https:\/\/schema.org","@graph":[{"@type":"Article","@id":"https:\/\/jblanz.de\/WP\/viehmarkt-und-festival-in-rantepao\/#article","isPartOf":{"@id":"https:\/\/jblanz.de\/WP\/viehmarkt-und-festival-in-rantepao\/"},"author":{"name":"Achim","@id":"https:\/\/jblanz.de\/WP\/#\/schema\/person\/17a70f07162e42bc0b181c22397286e0"},"headline":"15. August 2015 &#8211; Viehmarkt und Festival in Rantepao","datePublished":"2015-08-15T04:25:00+00:00","dateModified":"2021-01-17T17:00:10+00:00","mainEntityOfPage":{"@id":"https:\/\/jblanz.de\/WP\/viehmarkt-und-festival-in-rantepao\/"},"wordCount":792,"commentCount":0,"publisher":{"@id":"https:\/\/jblanz.de\/WP\/#\/schema\/person\/17a70f07162e42bc0b181c22397286e0"},"image":{"@id":"https:\/\/jblanz.de\/WP\/viehmarkt-und-festival-in-rantepao\/#primaryimage"},"thumbnailUrl":"https:\/\/jblanz.de\/WP\/wp-content\/uploads\/2015\/08\/blogger-image-1192775781-2.jpg","articleSection":["2015","Indonesien","Sulawesi 2015"],"inLanguage":"de","potentialAction":[{"@type":"CommentAction","name":"Comment","target":["https:\/\/jblanz.de\/WP\/viehmarkt-und-festival-in-rantepao\/#respond"]}]},{"@type":"WebPage","@id":"https:\/\/jblanz.de\/WP\/viehmarkt-und-festival-in-rantepao\/","url":"https:\/\/jblanz.de\/WP\/viehmarkt-und-festival-in-rantepao\/","name":"15. August 2015 - Viehmarkt und Festival in Rantepao - Reiseblog von Karin &amp; Joachim","isPartOf":{"@id":"https:\/\/jblanz.de\/WP\/#website"},"primaryImageOfPage":{"@id":"https:\/\/jblanz.de\/WP\/viehmarkt-und-festival-in-rantepao\/#primaryimage"},"image":{"@id":"https:\/\/jblanz.de\/WP\/viehmarkt-und-festival-in-rantepao\/#primaryimage"},"thumbnailUrl":"https:\/\/jblanz.de\/WP\/wp-content\/uploads\/2015\/08\/blogger-image-1192775781-2.jpg","datePublished":"2015-08-15T04:25:00+00:00","dateModified":"2021-01-17T17:00:10+00:00","breadcrumb":{"@id":"https:\/\/jblanz.de\/WP\/viehmarkt-und-festival-in-rantepao\/#breadcrumb"},"inLanguage":"de","potentialAction":[{"@type":"ReadAction","target":["https:\/\/jblanz.de\/WP\/viehmarkt-und-festival-in-rantepao\/"]}]},{"@type":"ImageObject","inLanguage":"de","@id":"https:\/\/jblanz.de\/WP\/viehmarkt-und-festival-in-rantepao\/#primaryimage","url":"https:\/\/jblanz.de\/WP\/wp-content\/uploads\/2015\/08\/blogger-image-1192775781-2.jpg","contentUrl":"https:\/\/jblanz.de\/WP\/wp-content\/uploads\/2015\/08\/blogger-image-1192775781-2.jpg","width":640,"height":480},{"@type":"BreadcrumbList","@id":"https:\/\/jblanz.de\/WP\/viehmarkt-und-festival-in-rantepao\/#breadcrumb","itemListElement":[{"@type":"ListItem","position":1,"name":"Startseite","item":"https:\/\/jblanz.de\/WP\/"},{"@type":"ListItem","position":2,"name":"15. August 2015 &#8211; Viehmarkt und Festival in Rantepao"}]},{"@type":"WebSite","@id":"https:\/\/jblanz.de\/WP\/#website","url":"https:\/\/jblanz.de\/WP\/","name":"Reiseblog von Karin & Joachim","description":"Wir schreiben den Blog f\u00fcr uns als Erinnerung - f\u00fcr euch als Inspiration","publisher":{"@id":"https:\/\/jblanz.de\/WP\/#\/schema\/person\/17a70f07162e42bc0b181c22397286e0"},"potentialAction":[{"@type":"SearchAction","target":{"@type":"EntryPoint","urlTemplate":"https:\/\/jblanz.de\/WP\/?s={search_term_string}"},"query-input":{"@type":"PropertyValueSpecification","valueRequired":true,"valueName":"search_term_string"}}],"inLanguage":"de"},{"@type":["Person","Organization"],"@id":"https:\/\/jblanz.de\/WP\/#\/schema\/person\/17a70f07162e42bc0b181c22397286e0","name":"Achim","image":{"@type":"ImageObject","inLanguage":"de","@id":"https:\/\/secure.gravatar.com\/avatar\/b7ab31bc55956af4a9bebf7fd034761212b11b803b7e39464914d6abeefb12f3?s=96&d=mm&r=g","url":"https:\/\/secure.gravatar.com\/avatar\/b7ab31bc55956af4a9bebf7fd034761212b11b803b7e39464914d6abeefb12f3?s=96&d=mm&r=g","contentUrl":"https:\/\/secure.gravatar.com\/avatar\/b7ab31bc55956af4a9bebf7fd034761212b11b803b7e39464914d6abeefb12f3?s=96&d=mm&r=g","caption":"Achim"},"logo":{"@id":"https:\/\/secure.gravatar.com\/avatar\/b7ab31bc55956af4a9bebf7fd034761212b11b803b7e39464914d6abeefb12f3?s=96&d=mm&r=g"},"url":"https:\/\/jblanz.de\/WP\/author\/achim\/"}]}},"_links":{"self":[{"href":"https:\/\/jblanz.de\/WP\/wp-json\/wp\/v2\/posts\/200","targetHints":{"allow":["GET"]}}],"collection":[{"href":"https:\/\/jblanz.de\/WP\/wp-json\/wp\/v2\/posts"}],"about":[{"href":"https:\/\/jblanz.de\/WP\/wp-json\/wp\/v2\/types\/post"}],"author":[{"embeddable":true,"href":"https:\/\/jblanz.de\/WP\/wp-json\/wp\/v2\/users\/1"}],"replies":[{"embeddable":true,"href":"https:\/\/jblanz.de\/WP\/wp-json\/wp\/v2\/comments?post=200"}],"version-history":[{"count":0,"href":"https:\/\/jblanz.de\/WP\/wp-json\/wp\/v2\/posts\/200\/revisions"}],"wp:featuredmedia":[{"embeddable":true,"href":"https:\/\/jblanz.de\/WP\/wp-json\/wp\/v2\/media\/242"}],"wp:attachment":[{"href":"https:\/\/jblanz.de\/WP\/wp-json\/wp\/v2\/media?parent=200"}],"wp:term":[{"taxonomy":"category","embeddable":true,"href":"https:\/\/jblanz.de\/WP\/wp-json\/wp\/v2\/categories?post=200"},{"taxonomy":"post_tag","embeddable":true,"href":"https:\/\/jblanz.de\/WP\/wp-json\/wp\/v2\/tags?post=200"}],"curies":[{"name":"wp","href":"https:\/\/api.w.org\/{rel}","templated":true}]}}