{"id":22437,"date":"2024-06-25T11:05:39","date_gmt":"2024-06-25T09:05:39","guid":{"rendered":"https:\/\/jblanz.de\/WP\/?p=22437"},"modified":"2024-06-25T17:04:16","modified_gmt":"2024-06-25T15:04:16","slug":"24-25-juni-2024-lac-de-vouglans","status":"publish","type":"post","link":"https:\/\/jblanz.de\/WP\/24-25-juni-2024-lac-de-vouglans\/","title":{"rendered":"24. &#8211; 25. Juni 2024 &#8211; Lac de Vouglans"},"content":{"rendered":"\n<p>24. Juni &#8211; Gegen 11:30 Uhr fuhren wir los. Es ging \u00fcber Mulhouse, Belford, Besan\u00e7on, Lon-le-Saunier an den Stausee Lac de Vouglans. Am Camping Surchauffant f\u00fcr 2 N\u00e4chte bezahlt (50,50 \u20ac). Herrliches Wetter, 27 \u00b0C und abends am Plage de Surchauffant das erste Bad im See.\u00a0Das Wasser war angenehm warm. Wir machten noch eine kurze Fahrradtour zum Pont de la Pyle, der Br\u00fccke, die \u00fcber den See hinwegf\u00fchrt. Leider kann man nur auf der Hauptstrasse fahren, die recht stark frequentiert ist. Abends auf dem iPad das Fussballspiel England &#8211; Kroatien angeschaut.<\/p>\n\n\n\n<figure class=\"wp-block-gallery has-nested-images columns-2 is-cropped wp-block-gallery-2 is-layout-flex wp-block-gallery-is-layout-flex\">\n<figure class=\"wp-block-image size-large\"><img loading=\"lazy\" decoding=\"async\" width=\"1024\" height=\"576\" data-id=\"22444\" src=\"https:\/\/jblanz.de\/WP\/wp-content\/uploads\/2024\/06\/24Lac-4-1024x576.jpg\" alt=\"\" class=\"wp-image-22444\" srcset=\"https:\/\/jblanz.de\/WP\/wp-content\/uploads\/2024\/06\/24Lac-4-1024x576.jpg 1024w, https:\/\/jblanz.de\/WP\/wp-content\/uploads\/2024\/06\/24Lac-4-300x169.jpg 300w, https:\/\/jblanz.de\/WP\/wp-content\/uploads\/2024\/06\/24Lac-4-768x432.jpg 768w, https:\/\/jblanz.de\/WP\/wp-content\/uploads\/2024\/06\/24Lac-4-1536x864.jpg 1536w, https:\/\/jblanz.de\/WP\/wp-content\/uploads\/2024\/06\/24Lac-4-2048x1152.jpg 2048w\" sizes=\"auto, (max-width: 1024px) 100vw, 1024px\" \/><\/figure>\n\n\n\n<figure class=\"wp-block-image size-large\"><img loading=\"lazy\" decoding=\"async\" width=\"1024\" height=\"576\" data-id=\"22447\" src=\"https:\/\/jblanz.de\/WP\/wp-content\/uploads\/2024\/06\/24Lac-1-1024x576.jpg\" alt=\"\" class=\"wp-image-22447\" srcset=\"https:\/\/jblanz.de\/WP\/wp-content\/uploads\/2024\/06\/24Lac-1-1024x576.jpg 1024w, https:\/\/jblanz.de\/WP\/wp-content\/uploads\/2024\/06\/24Lac-1-300x169.jpg 300w, https:\/\/jblanz.de\/WP\/wp-content\/uploads\/2024\/06\/24Lac-1-768x432.jpg 768w, https:\/\/jblanz.de\/WP\/wp-content\/uploads\/2024\/06\/24Lac-1-1536x864.jpg 1536w, https:\/\/jblanz.de\/WP\/wp-content\/uploads\/2024\/06\/24Lac-1-2048x1152.jpg 2048w\" sizes=\"auto, (max-width: 1024px) 100vw, 1024px\" \/><\/figure>\n\n\n\n<figure class=\"wp-block-image size-large\"><img loading=\"lazy\" decoding=\"async\" width=\"1024\" height=\"576\" data-id=\"22443\" src=\"https:\/\/jblanz.de\/WP\/wp-content\/uploads\/2024\/06\/24Lac-3-1024x576.jpg\" alt=\"\" class=\"wp-image-22443\" srcset=\"https:\/\/jblanz.de\/WP\/wp-content\/uploads\/2024\/06\/24Lac-3-1024x576.jpg 1024w, https:\/\/jblanz.de\/WP\/wp-content\/uploads\/2024\/06\/24Lac-3-300x169.jpg 300w, https:\/\/jblanz.de\/WP\/wp-content\/uploads\/2024\/06\/24Lac-3-768x432.jpg 768w, https:\/\/jblanz.de\/WP\/wp-content\/uploads\/2024\/06\/24Lac-3-1536x864.jpg 1536w, https:\/\/jblanz.de\/WP\/wp-content\/uploads\/2024\/06\/24Lac-3-2048x1152.jpg 2048w\" sizes=\"auto, (max-width: 1024px) 100vw, 1024px\" \/><\/figure>\n\n\n\n<figure class=\"wp-block-image size-large\"><img loading=\"lazy\" decoding=\"async\" width=\"1024\" height=\"576\" data-id=\"22446\" src=\"https:\/\/jblanz.de\/WP\/wp-content\/uploads\/2024\/06\/24Lac-2-1024x576.jpg\" alt=\"\" class=\"wp-image-22446\" srcset=\"https:\/\/jblanz.de\/WP\/wp-content\/uploads\/2024\/06\/24Lac-2-1024x576.jpg 1024w, https:\/\/jblanz.de\/WP\/wp-content\/uploads\/2024\/06\/24Lac-2-300x169.jpg 300w, https:\/\/jblanz.de\/WP\/wp-content\/uploads\/2024\/06\/24Lac-2-768x432.jpg 768w, https:\/\/jblanz.de\/WP\/wp-content\/uploads\/2024\/06\/24Lac-2-1536x864.jpg 1536w, https:\/\/jblanz.de\/WP\/wp-content\/uploads\/2024\/06\/24Lac-2-2048x1152.jpg 2048w\" sizes=\"auto, (max-width: 1024px) 100vw, 1024px\" \/><\/figure>\n\n\n\n<figure class=\"wp-block-image size-large\"><img loading=\"lazy\" decoding=\"async\" width=\"1024\" height=\"576\" data-id=\"22441\" src=\"https:\/\/jblanz.de\/WP\/wp-content\/uploads\/2024\/06\/24Lac-7-1024x576.jpg\" alt=\"\" class=\"wp-image-22441\" srcset=\"https:\/\/jblanz.de\/WP\/wp-content\/uploads\/2024\/06\/24Lac-7-1024x576.jpg 1024w, https:\/\/jblanz.de\/WP\/wp-content\/uploads\/2024\/06\/24Lac-7-300x169.jpg 300w, https:\/\/jblanz.de\/WP\/wp-content\/uploads\/2024\/06\/24Lac-7-768x432.jpg 768w, https:\/\/jblanz.de\/WP\/wp-content\/uploads\/2024\/06\/24Lac-7-1536x864.jpg 1536w, https:\/\/jblanz.de\/WP\/wp-content\/uploads\/2024\/06\/24Lac-7-2048x1152.jpg 2048w\" sizes=\"auto, (max-width: 1024px) 100vw, 1024px\" \/><\/figure>\n\n\n\n<figure class=\"wp-block-image size-large\"><img loading=\"lazy\" decoding=\"async\" width=\"1024\" height=\"576\" data-id=\"22442\" src=\"https:\/\/jblanz.de\/WP\/wp-content\/uploads\/2024\/06\/24Lac-5-1024x576.jpg\" alt=\"\" class=\"wp-image-22442\" srcset=\"https:\/\/jblanz.de\/WP\/wp-content\/uploads\/2024\/06\/24Lac-5-1024x576.jpg 1024w, https:\/\/jblanz.de\/WP\/wp-content\/uploads\/2024\/06\/24Lac-5-300x169.jpg 300w, https:\/\/jblanz.de\/WP\/wp-content\/uploads\/2024\/06\/24Lac-5-768x432.jpg 768w, https:\/\/jblanz.de\/WP\/wp-content\/uploads\/2024\/06\/24Lac-5-1536x864.jpg 1536w, https:\/\/jblanz.de\/WP\/wp-content\/uploads\/2024\/06\/24Lac-5-2048x1152.jpg 2048w\" sizes=\"auto, (max-width: 1024px) 100vw, 1024px\" \/><\/figure>\n\n\n\n<figure class=\"wp-block-image size-large\"><img loading=\"lazy\" decoding=\"async\" width=\"1024\" height=\"576\" data-id=\"22440\" src=\"https:\/\/jblanz.de\/WP\/wp-content\/uploads\/2024\/06\/24Lac-6-1024x576.jpg\" alt=\"\" class=\"wp-image-22440\" srcset=\"https:\/\/jblanz.de\/WP\/wp-content\/uploads\/2024\/06\/24Lac-6-1024x576.jpg 1024w, https:\/\/jblanz.de\/WP\/wp-content\/uploads\/2024\/06\/24Lac-6-300x169.jpg 300w, https:\/\/jblanz.de\/WP\/wp-content\/uploads\/2024\/06\/24Lac-6-768x432.jpg 768w, https:\/\/jblanz.de\/WP\/wp-content\/uploads\/2024\/06\/24Lac-6-1536x864.jpg 1536w, https:\/\/jblanz.de\/WP\/wp-content\/uploads\/2024\/06\/24Lac-6-2048x1152.jpg 2048w\" sizes=\"auto, (max-width: 1024px) 100vw, 1024px\" \/><\/figure>\n\n\n\n<figure class=\"wp-block-image size-full\"><img loading=\"lazy\" decoding=\"async\" width=\"2560\" height=\"1440\" data-id=\"22445\" src=\"https:\/\/jblanz.de\/WP\/wp-content\/uploads\/2024\/06\/24Lac-8-scaled.jpg\" alt=\"\" class=\"wp-image-22445\" srcset=\"https:\/\/jblanz.de\/WP\/wp-content\/uploads\/2024\/06\/24Lac-8-scaled.jpg 2560w, https:\/\/jblanz.de\/WP\/wp-content\/uploads\/2024\/06\/24Lac-8-300x169.jpg 300w, https:\/\/jblanz.de\/WP\/wp-content\/uploads\/2024\/06\/24Lac-8-1024x576.jpg 1024w, https:\/\/jblanz.de\/WP\/wp-content\/uploads\/2024\/06\/24Lac-8-768x432.jpg 768w, https:\/\/jblanz.de\/WP\/wp-content\/uploads\/2024\/06\/24Lac-8-1536x864.jpg 1536w, https:\/\/jblanz.de\/WP\/wp-content\/uploads\/2024\/06\/24Lac-8-2048x1152.jpg 2048w\" sizes=\"auto, (max-width: 2560px) 100vw, 2560px\" \/><\/figure>\n<\/figure>\n\n\n\n<p>25. Juni &#8211; Wir wachten bei wolkenlosem Himmel auf, fr\u00fchst\u00fcckten und suchten uns in Komoot eine Fahrradtour aus, die am See entlang f\u00fchrte. Erst hatten wir M\u00fche den Trail zu finden und dann stellte sich schnell heraus, dass diese Strecke mit unseren R\u00e4dern nicht machbar war. Es war nur ein Wanderweg, matschig und mit grossen Steinen in steilen Anstiegen. <\/p>\n\n\n\n<figure class=\"wp-block-gallery has-nested-images columns-default is-cropped wp-block-gallery-3 is-layout-flex wp-block-gallery-is-layout-flex\">\n<figure class=\"wp-block-image size-large\"><img loading=\"lazy\" decoding=\"async\" width=\"1024\" height=\"576\" data-id=\"22450\" src=\"https:\/\/jblanz.de\/WP\/wp-content\/uploads\/2024\/06\/24Lac-11-1024x576.jpg\" alt=\"\" class=\"wp-image-22450\" srcset=\"https:\/\/jblanz.de\/WP\/wp-content\/uploads\/2024\/06\/24Lac-11-1024x576.jpg 1024w, https:\/\/jblanz.de\/WP\/wp-content\/uploads\/2024\/06\/24Lac-11-300x169.jpg 300w, https:\/\/jblanz.de\/WP\/wp-content\/uploads\/2024\/06\/24Lac-11-768x432.jpg 768w, https:\/\/jblanz.de\/WP\/wp-content\/uploads\/2024\/06\/24Lac-11-1536x864.jpg 1536w, https:\/\/jblanz.de\/WP\/wp-content\/uploads\/2024\/06\/24Lac-11-2048x1152.jpg 2048w\" sizes=\"auto, (max-width: 1024px) 100vw, 1024px\" \/><\/figure>\n\n\n\n<figure class=\"wp-block-image size-large\"><img loading=\"lazy\" decoding=\"async\" width=\"1024\" height=\"576\" data-id=\"22451\" src=\"https:\/\/jblanz.de\/WP\/wp-content\/uploads\/2024\/06\/24Lac-12-1024x576.jpg\" alt=\"\" class=\"wp-image-22451\" srcset=\"https:\/\/jblanz.de\/WP\/wp-content\/uploads\/2024\/06\/24Lac-12-1024x576.jpg 1024w, https:\/\/jblanz.de\/WP\/wp-content\/uploads\/2024\/06\/24Lac-12-300x169.jpg 300w, https:\/\/jblanz.de\/WP\/wp-content\/uploads\/2024\/06\/24Lac-12-768x432.jpg 768w, https:\/\/jblanz.de\/WP\/wp-content\/uploads\/2024\/06\/24Lac-12-1536x864.jpg 1536w, https:\/\/jblanz.de\/WP\/wp-content\/uploads\/2024\/06\/24Lac-12-2048x1152.jpg 2048w\" sizes=\"auto, (max-width: 1024px) 100vw, 1024px\" \/><\/figure>\n<\/figure>\n\n\n\n<p>Wir entschlossen uns stattdessen zum Dorf La Tour-du-Meix zu fahren, das nur ein paar Kilometer entfernt lag. Das Strassenschild zu dessen Sehensw\u00fcrdigkeit, der Kirche Saint-Christophe (Existenz wurde bereits im Jahr 858 erstmals erw\u00e4hnt), deutete auf eine Strasse, die mit 18 % Steigung den Berg hinauf f\u00fchrte. Trotz der Steigung fuhren wir hoch, f\u00fcr Karin einfach, f\u00fcr mich war das letzte St\u00fcck zu steil. Ich musste schieben, aber Karin half und fuhr mit meinem Rad die restliche Strecke hinauf. Nach der grossen Steigung ging es nochmals einige 100 m langsam bergauf, bis wir an der Kirche ankamen. Leider war das Geb\u00e4ude geschlossen, wie wir aus dem Internet entnehmen h\u00e4tten k\u00f6nnen, ist die Kirche nur im Juli\/August f\u00fcr Besichtigungen ge\u00f6ffnet. Im Kirchgarten gab es ein paar Sitzgelegenheiten mit sch\u00f6ner Aussicht, die wir f\u00fcr ein Vesper nutzen.<\/p>\n\n\n\n<figure class=\"wp-block-gallery has-nested-images columns-2 is-cropped wp-block-gallery-4 is-layout-flex wp-block-gallery-is-layout-flex\">\n<figure class=\"wp-block-image size-full\"><img loading=\"lazy\" decoding=\"async\" width=\"2560\" height=\"1440\" data-id=\"22461\" src=\"https:\/\/jblanz.de\/WP\/wp-content\/uploads\/2024\/06\/24Lac-33-scaled.jpg\" alt=\"\" class=\"wp-image-22461\" srcset=\"https:\/\/jblanz.de\/WP\/wp-content\/uploads\/2024\/06\/24Lac-33-scaled.jpg 2560w, https:\/\/jblanz.de\/WP\/wp-content\/uploads\/2024\/06\/24Lac-33-300x169.jpg 300w, https:\/\/jblanz.de\/WP\/wp-content\/uploads\/2024\/06\/24Lac-33-1024x576.jpg 1024w, https:\/\/jblanz.de\/WP\/wp-content\/uploads\/2024\/06\/24Lac-33-768x432.jpg 768w, https:\/\/jblanz.de\/WP\/wp-content\/uploads\/2024\/06\/24Lac-33-1536x864.jpg 1536w, https:\/\/jblanz.de\/WP\/wp-content\/uploads\/2024\/06\/24Lac-33-2048x1152.jpg 2048w\" sizes=\"auto, (max-width: 2560px) 100vw, 2560px\" \/><\/figure>\n\n\n\n<figure class=\"wp-block-image size-full\"><img loading=\"lazy\" decoding=\"async\" width=\"2560\" height=\"1440\" data-id=\"22462\" src=\"https:\/\/jblanz.de\/WP\/wp-content\/uploads\/2024\/06\/24Lac-17-scaled.jpg\" alt=\"\" class=\"wp-image-22462\" srcset=\"https:\/\/jblanz.de\/WP\/wp-content\/uploads\/2024\/06\/24Lac-17-scaled.jpg 2560w, https:\/\/jblanz.de\/WP\/wp-content\/uploads\/2024\/06\/24Lac-17-300x169.jpg 300w, https:\/\/jblanz.de\/WP\/wp-content\/uploads\/2024\/06\/24Lac-17-1024x576.jpg 1024w, https:\/\/jblanz.de\/WP\/wp-content\/uploads\/2024\/06\/24Lac-17-768x432.jpg 768w, https:\/\/jblanz.de\/WP\/wp-content\/uploads\/2024\/06\/24Lac-17-1536x864.jpg 1536w, https:\/\/jblanz.de\/WP\/wp-content\/uploads\/2024\/06\/24Lac-17-2048x1152.jpg 2048w\" sizes=\"auto, (max-width: 2560px) 100vw, 2560px\" \/><\/figure>\n\n\n\n<figure class=\"wp-block-image size-full\"><img loading=\"lazy\" decoding=\"async\" width=\"1775\" height=\"998\" data-id=\"22459\" src=\"https:\/\/jblanz.de\/WP\/wp-content\/uploads\/2024\/06\/24Lac-18.jpg\" alt=\"\" class=\"wp-image-22459\" srcset=\"https:\/\/jblanz.de\/WP\/wp-content\/uploads\/2024\/06\/24Lac-18.jpg 1775w, https:\/\/jblanz.de\/WP\/wp-content\/uploads\/2024\/06\/24Lac-18-300x169.jpg 300w, https:\/\/jblanz.de\/WP\/wp-content\/uploads\/2024\/06\/24Lac-18-1024x576.jpg 1024w, https:\/\/jblanz.de\/WP\/wp-content\/uploads\/2024\/06\/24Lac-18-768x432.jpg 768w, https:\/\/jblanz.de\/WP\/wp-content\/uploads\/2024\/06\/24Lac-18-1536x864.jpg 1536w\" sizes=\"auto, (max-width: 1775px) 100vw, 1775px\" \/><\/figure>\n\n\n\n<figure class=\"wp-block-image size-full\"><img loading=\"lazy\" decoding=\"async\" width=\"2560\" height=\"1440\" data-id=\"22458\" src=\"https:\/\/jblanz.de\/WP\/wp-content\/uploads\/2024\/06\/24Lac-14-scaled.jpg\" alt=\"\" class=\"wp-image-22458\" srcset=\"https:\/\/jblanz.de\/WP\/wp-content\/uploads\/2024\/06\/24Lac-14-scaled.jpg 2560w, https:\/\/jblanz.de\/WP\/wp-content\/uploads\/2024\/06\/24Lac-14-300x169.jpg 300w, https:\/\/jblanz.de\/WP\/wp-content\/uploads\/2024\/06\/24Lac-14-1024x576.jpg 1024w, https:\/\/jblanz.de\/WP\/wp-content\/uploads\/2024\/06\/24Lac-14-768x432.jpg 768w, https:\/\/jblanz.de\/WP\/wp-content\/uploads\/2024\/06\/24Lac-14-1536x864.jpg 1536w, https:\/\/jblanz.de\/WP\/wp-content\/uploads\/2024\/06\/24Lac-14-2048x1152.jpg 2048w\" sizes=\"auto, (max-width: 2560px) 100vw, 2560px\" \/><\/figure>\n\n\n\n<figure class=\"wp-block-image size-full\"><img loading=\"lazy\" decoding=\"async\" width=\"2560\" height=\"1440\" data-id=\"22467\" src=\"https:\/\/jblanz.de\/WP\/wp-content\/uploads\/2024\/06\/24Lac-26-scaled.jpg\" alt=\"\" class=\"wp-image-22467\" srcset=\"https:\/\/jblanz.de\/WP\/wp-content\/uploads\/2024\/06\/24Lac-26-scaled.jpg 2560w, https:\/\/jblanz.de\/WP\/wp-content\/uploads\/2024\/06\/24Lac-26-300x169.jpg 300w, https:\/\/jblanz.de\/WP\/wp-content\/uploads\/2024\/06\/24Lac-26-1024x576.jpg 1024w, https:\/\/jblanz.de\/WP\/wp-content\/uploads\/2024\/06\/24Lac-26-768x432.jpg 768w, https:\/\/jblanz.de\/WP\/wp-content\/uploads\/2024\/06\/24Lac-26-1536x864.jpg 1536w, https:\/\/jblanz.de\/WP\/wp-content\/uploads\/2024\/06\/24Lac-26-2048x1152.jpg 2048w\" sizes=\"auto, (max-width: 2560px) 100vw, 2560px\" \/><\/figure>\n\n\n\n<figure class=\"wp-block-image size-full\"><img loading=\"lazy\" decoding=\"async\" width=\"2560\" height=\"1440\" data-id=\"22468\" src=\"https:\/\/jblanz.de\/WP\/wp-content\/uploads\/2024\/06\/24Lac-10-scaled.jpg\" alt=\"\" class=\"wp-image-22468\" srcset=\"https:\/\/jblanz.de\/WP\/wp-content\/uploads\/2024\/06\/24Lac-10-scaled.jpg 2560w, https:\/\/jblanz.de\/WP\/wp-content\/uploads\/2024\/06\/24Lac-10-300x169.jpg 300w, https:\/\/jblanz.de\/WP\/wp-content\/uploads\/2024\/06\/24Lac-10-1024x576.jpg 1024w, https:\/\/jblanz.de\/WP\/wp-content\/uploads\/2024\/06\/24Lac-10-768x432.jpg 768w, https:\/\/jblanz.de\/WP\/wp-content\/uploads\/2024\/06\/24Lac-10-1536x864.jpg 1536w, https:\/\/jblanz.de\/WP\/wp-content\/uploads\/2024\/06\/24Lac-10-2048x1152.jpg 2048w\" sizes=\"auto, (max-width: 2560px) 100vw, 2560px\" \/><\/figure>\n\n\n\n<figure class=\"wp-block-image size-full\"><img loading=\"lazy\" decoding=\"async\" width=\"2560\" height=\"1440\" data-id=\"22460\" src=\"https:\/\/jblanz.de\/WP\/wp-content\/uploads\/2024\/06\/24Lac-20-scaled.jpg\" alt=\"\" class=\"wp-image-22460\" srcset=\"https:\/\/jblanz.de\/WP\/wp-content\/uploads\/2024\/06\/24Lac-20-scaled.jpg 2560w, https:\/\/jblanz.de\/WP\/wp-content\/uploads\/2024\/06\/24Lac-20-300x169.jpg 300w, https:\/\/jblanz.de\/WP\/wp-content\/uploads\/2024\/06\/24Lac-20-1024x576.jpg 1024w, https:\/\/jblanz.de\/WP\/wp-content\/uploads\/2024\/06\/24Lac-20-768x432.jpg 768w, https:\/\/jblanz.de\/WP\/wp-content\/uploads\/2024\/06\/24Lac-20-1536x864.jpg 1536w, https:\/\/jblanz.de\/WP\/wp-content\/uploads\/2024\/06\/24Lac-20-2048x1152.jpg 2048w\" sizes=\"auto, (max-width: 2560px) 100vw, 2560px\" \/><\/figure>\n<\/figure>\n\n\n\n<p>Auf der anderen Seite der Kirche war der Friedhof der Gemeinde, der auch bemerkenswerte Grabst\u00e4tten enthielt.<\/p>\n\n\n\n<figure class=\"wp-block-gallery has-nested-images columns-2 is-cropped wp-block-gallery-5 is-layout-flex wp-block-gallery-is-layout-flex\">\n<figure class=\"wp-block-image size-large\"><img loading=\"lazy\" decoding=\"async\" width=\"1024\" height=\"576\" data-id=\"22466\" src=\"https:\/\/jblanz.de\/WP\/wp-content\/uploads\/2024\/06\/24Lac-28-1024x576.jpg\" alt=\"\" class=\"wp-image-22466\" srcset=\"https:\/\/jblanz.de\/WP\/wp-content\/uploads\/2024\/06\/24Lac-28-1024x576.jpg 1024w, https:\/\/jblanz.de\/WP\/wp-content\/uploads\/2024\/06\/24Lac-28-300x169.jpg 300w, https:\/\/jblanz.de\/WP\/wp-content\/uploads\/2024\/06\/24Lac-28-768x432.jpg 768w, https:\/\/jblanz.de\/WP\/wp-content\/uploads\/2024\/06\/24Lac-28-1536x864.jpg 1536w, https:\/\/jblanz.de\/WP\/wp-content\/uploads\/2024\/06\/24Lac-28-2048x1152.jpg 2048w\" sizes=\"auto, (max-width: 1024px) 100vw, 1024px\" \/><\/figure>\n\n\n\n<figure class=\"wp-block-image size-large\"><img loading=\"lazy\" decoding=\"async\" width=\"1024\" height=\"576\" data-id=\"22463\" src=\"https:\/\/jblanz.de\/WP\/wp-content\/uploads\/2024\/06\/24Lac-29-1024x576.jpg\" alt=\"\" class=\"wp-image-22463\" srcset=\"https:\/\/jblanz.de\/WP\/wp-content\/uploads\/2024\/06\/24Lac-29-1024x576.jpg 1024w, https:\/\/jblanz.de\/WP\/wp-content\/uploads\/2024\/06\/24Lac-29-300x169.jpg 300w, https:\/\/jblanz.de\/WP\/wp-content\/uploads\/2024\/06\/24Lac-29-768x432.jpg 768w, https:\/\/jblanz.de\/WP\/wp-content\/uploads\/2024\/06\/24Lac-29-1536x864.jpg 1536w, https:\/\/jblanz.de\/WP\/wp-content\/uploads\/2024\/06\/24Lac-29-2048x1152.jpg 2048w\" sizes=\"auto, (max-width: 1024px) 100vw, 1024px\" \/><\/figure>\n\n\n\n<figure class=\"wp-block-image size-large\"><img loading=\"lazy\" decoding=\"async\" width=\"1024\" height=\"576\" data-id=\"22464\" src=\"https:\/\/jblanz.de\/WP\/wp-content\/uploads\/2024\/06\/24Lac-31-1024x576.jpg\" alt=\"\" class=\"wp-image-22464\" srcset=\"https:\/\/jblanz.de\/WP\/wp-content\/uploads\/2024\/06\/24Lac-31-1024x576.jpg 1024w, https:\/\/jblanz.de\/WP\/wp-content\/uploads\/2024\/06\/24Lac-31-300x169.jpg 300w, https:\/\/jblanz.de\/WP\/wp-content\/uploads\/2024\/06\/24Lac-31-768x432.jpg 768w, https:\/\/jblanz.de\/WP\/wp-content\/uploads\/2024\/06\/24Lac-31-1536x864.jpg 1536w, https:\/\/jblanz.de\/WP\/wp-content\/uploads\/2024\/06\/24Lac-31-2048x1152.jpg 2048w\" sizes=\"auto, (max-width: 1024px) 100vw, 1024px\" \/><\/figure>\n\n\n\n<figure class=\"wp-block-image size-large\"><img loading=\"lazy\" decoding=\"async\" width=\"1024\" height=\"576\" data-id=\"22465\" src=\"https:\/\/jblanz.de\/WP\/wp-content\/uploads\/2024\/06\/24Lac-30-1024x576.jpg\" alt=\"\" class=\"wp-image-22465\" srcset=\"https:\/\/jblanz.de\/WP\/wp-content\/uploads\/2024\/06\/24Lac-30-1024x576.jpg 1024w, https:\/\/jblanz.de\/WP\/wp-content\/uploads\/2024\/06\/24Lac-30-300x169.jpg 300w, https:\/\/jblanz.de\/WP\/wp-content\/uploads\/2024\/06\/24Lac-30-768x432.jpg 768w, https:\/\/jblanz.de\/WP\/wp-content\/uploads\/2024\/06\/24Lac-30-1536x864.jpg 1536w, https:\/\/jblanz.de\/WP\/wp-content\/uploads\/2024\/06\/24Lac-30-2048x1152.jpg 2048w\" sizes=\"auto, (max-width: 1024px) 100vw, 1024px\" \/><\/figure>\n<\/figure>\n\n\n\n<p>Auf dem R\u00fcckweg entdeckte Karin noch diese Orchideen am Strassenrand. Es handelt sich um das Pyramiden-Knabenkraut (<em>Anacamptis pyramidalis<\/em>), das auch Pyramiden-Hundswurz genannt wird. Als die B\u00f6schung gem\u00e4ht wurde, hat man diese Pflanzen extra stehenlassen. Im ganzen Ort waren Fallen f\u00fcr die afrikanische Hornisse aufgestellt.<\/p>\n\n\n\n<p>Der Kiosk vor dem Camping hatte heute ge\u00f6ffnet. Als wir zur\u00fcckkamen, a\u00dfen wir dort zusammen eine Pizza, tranken am Bus Kaffee und gingen dann zum See, um ein Bad zu nehmen. F\u00fcr nachmittags ist ein Gewitter angek\u00fcndigt, das auch langsam aufzieht. Bis jetzt blieben wir aber vom Regen verschont.<\/p>\n\n\n\n<figure class=\"wp-block-gallery has-nested-images columns-default is-cropped wp-block-gallery-6 is-layout-flex wp-block-gallery-is-layout-flex\">\n<figure class=\"wp-block-image size-large\"><img loading=\"lazy\" decoding=\"async\" width=\"1024\" height=\"576\" data-id=\"22456\" src=\"https:\/\/jblanz.de\/WP\/wp-content\/uploads\/2024\/06\/24Lac-38-1024x576.jpg\" alt=\"\" class=\"wp-image-22456\" srcset=\"https:\/\/jblanz.de\/WP\/wp-content\/uploads\/2024\/06\/24Lac-38-1024x576.jpg 1024w, https:\/\/jblanz.de\/WP\/wp-content\/uploads\/2024\/06\/24Lac-38-300x169.jpg 300w, https:\/\/jblanz.de\/WP\/wp-content\/uploads\/2024\/06\/24Lac-38-768x432.jpg 768w, https:\/\/jblanz.de\/WP\/wp-content\/uploads\/2024\/06\/24Lac-38-1536x864.jpg 1536w, https:\/\/jblanz.de\/WP\/wp-content\/uploads\/2024\/06\/24Lac-38-2048x1152.jpg 2048w\" sizes=\"auto, (max-width: 1024px) 100vw, 1024px\" \/><\/figure>\n\n\n\n<figure class=\"wp-block-image size-large\"><img loading=\"lazy\" decoding=\"async\" width=\"1024\" height=\"576\" data-id=\"22455\" src=\"https:\/\/jblanz.de\/WP\/wp-content\/uploads\/2024\/06\/24Lac-40-1024x576.jpg\" alt=\"\" class=\"wp-image-22455\" srcset=\"https:\/\/jblanz.de\/WP\/wp-content\/uploads\/2024\/06\/24Lac-40-1024x576.jpg 1024w, https:\/\/jblanz.de\/WP\/wp-content\/uploads\/2024\/06\/24Lac-40-300x169.jpg 300w, https:\/\/jblanz.de\/WP\/wp-content\/uploads\/2024\/06\/24Lac-40-768x432.jpg 768w, https:\/\/jblanz.de\/WP\/wp-content\/uploads\/2024\/06\/24Lac-40-1536x864.jpg 1536w, https:\/\/jblanz.de\/WP\/wp-content\/uploads\/2024\/06\/24Lac-40-2048x1152.jpg 2048w\" sizes=\"auto, (max-width: 1024px) 100vw, 1024px\" \/><\/figure>\n<\/figure>\n","protected":false},"excerpt":{"rendered":"<p>24. Juni &#8211; Gegen 11:30 Uhr fuhren wir los. Es ging \u00fcber Mulhouse, Belford, Besan\u00e7on, Lon-le-Saunier an den Stausee Lac<\/p>\n","protected":false},"author":1,"featured_media":22445,"comment_status":"open","ping_status":"open","sticky":false,"template":"","format":"standard","meta":{"colormag_page_container_layout":"default_layout","colormag_page_sidebar_layout":"default_layout","_monsterinsights_skip_tracking":false,"_monsterinsights_sitenote_active":false,"_monsterinsights_sitenote_note":"","_monsterinsights_sitenote_category":0,"footnotes":""},"categories":[269,276,284,306,159,241],"tags":[],"class_list":["post-22437","post","type-post","status-publish","format-standard","has-post-thumbnail","hentry","category-2020-jahr","category-276","category-2024-2","category-a-j","category-europa","category-frankreich"],"yoast_head":"<!-- This site is optimized with the Yoast SEO plugin v27.4 - https:\/\/yoast.com\/product\/yoast-seo-wordpress\/ -->\n<title>24. - 25. Juni 2024 - Lac de Vouglans - Reiseblog von Karin &amp; Joachim<\/title>\n<meta name=\"robots\" content=\"index, follow, max-snippet:-1, max-image-preview:large, max-video-preview:-1\" \/>\n<link rel=\"canonical\" href=\"https:\/\/jblanz.de\/WP\/24-25-juni-2024-lac-de-vouglans\/\" \/>\n<meta property=\"og:locale\" content=\"de_DE\" \/>\n<meta property=\"og:type\" content=\"article\" \/>\n<meta property=\"og:title\" content=\"24. - 25. Juni 2024 - Lac de Vouglans - Reiseblog von Karin &amp; Joachim\" \/>\n<meta property=\"og:description\" content=\"24. Juni &#8211; Gegen 11:30 Uhr fuhren wir los. Es ging \u00fcber Mulhouse, Belford, Besan\u00e7on, Lon-le-Saunier an den Stausee Lac\" \/>\n<meta property=\"og:url\" content=\"https:\/\/jblanz.de\/WP\/24-25-juni-2024-lac-de-vouglans\/\" \/>\n<meta property=\"og:site_name\" content=\"Reiseblog von Karin &amp; Joachim\" \/>\n<meta property=\"article:published_time\" content=\"2024-06-25T09:05:39+00:00\" \/>\n<meta property=\"article:modified_time\" content=\"2024-06-25T15:04:16+00:00\" \/>\n<meta property=\"og:image\" content=\"https:\/\/jblanz.de\/WP\/wp-content\/uploads\/2024\/06\/24Lac-8-scaled.jpg\" \/>\n\t<meta property=\"og:image:width\" content=\"2560\" \/>\n\t<meta property=\"og:image:height\" content=\"1440\" \/>\n\t<meta property=\"og:image:type\" content=\"image\/jpeg\" \/>\n<meta name=\"author\" content=\"Achim\" \/>\n<meta name=\"twitter:card\" content=\"summary_large_image\" \/>\n<meta name=\"twitter:label1\" content=\"Verfasst von\" \/>\n\t<meta name=\"twitter:data1\" content=\"Achim\" \/>\n\t<meta name=\"twitter:label2\" content=\"Gesch\u00e4tzte Lesezeit\" \/>\n\t<meta name=\"twitter:data2\" content=\"7\u00a0Minuten\" \/>\n<script type=\"application\/ld+json\" class=\"yoast-schema-graph\">{\"@context\":\"https:\\\/\\\/schema.org\",\"@graph\":[{\"@type\":\"Article\",\"@id\":\"https:\\\/\\\/jblanz.de\\\/WP\\\/24-25-juni-2024-lac-de-vouglans\\\/#article\",\"isPartOf\":{\"@id\":\"https:\\\/\\\/jblanz.de\\\/WP\\\/24-25-juni-2024-lac-de-vouglans\\\/\"},\"author\":{\"name\":\"Achim\",\"@id\":\"https:\\\/\\\/jblanz.de\\\/WP\\\/#\\\/schema\\\/person\\\/17a70f07162e42bc0b181c22397286e0\"},\"headline\":\"24. &#8211; 25. Juni 2024 &#8211; Lac de Vouglans\",\"datePublished\":\"2024-06-25T09:05:39+00:00\",\"dateModified\":\"2024-06-25T15:04:16+00:00\",\"mainEntityOfPage\":{\"@id\":\"https:\\\/\\\/jblanz.de\\\/WP\\\/24-25-juni-2024-lac-de-vouglans\\\/\"},\"wordCount\":423,\"commentCount\":0,\"publisher\":{\"@id\":\"https:\\\/\\\/jblanz.de\\\/WP\\\/#\\\/schema\\\/person\\\/17a70f07162e42bc0b181c22397286e0\"},\"image\":{\"@id\":\"https:\\\/\\\/jblanz.de\\\/WP\\\/24-25-juni-2024-lac-de-vouglans\\\/#primaryimage\"},\"thumbnailUrl\":\"https:\\\/\\\/jblanz.de\\\/WP\\\/wp-content\\\/uploads\\\/2024\\\/06\\\/24Lac-8-scaled.jpg\",\"articleSection\":[\"2020+\",\"2024\",\"2024\",\"A-J\",\"Europa\",\"Frankreich\"],\"inLanguage\":\"de\",\"potentialAction\":[{\"@type\":\"CommentAction\",\"name\":\"Comment\",\"target\":[\"https:\\\/\\\/jblanz.de\\\/WP\\\/24-25-juni-2024-lac-de-vouglans\\\/#respond\"]}]},{\"@type\":\"WebPage\",\"@id\":\"https:\\\/\\\/jblanz.de\\\/WP\\\/24-25-juni-2024-lac-de-vouglans\\\/\",\"url\":\"https:\\\/\\\/jblanz.de\\\/WP\\\/24-25-juni-2024-lac-de-vouglans\\\/\",\"name\":\"24. - 25. Juni 2024 - Lac de Vouglans - Reiseblog von Karin &amp; Joachim\",\"isPartOf\":{\"@id\":\"https:\\\/\\\/jblanz.de\\\/WP\\\/#website\"},\"primaryImageOfPage\":{\"@id\":\"https:\\\/\\\/jblanz.de\\\/WP\\\/24-25-juni-2024-lac-de-vouglans\\\/#primaryimage\"},\"image\":{\"@id\":\"https:\\\/\\\/jblanz.de\\\/WP\\\/24-25-juni-2024-lac-de-vouglans\\\/#primaryimage\"},\"thumbnailUrl\":\"https:\\\/\\\/jblanz.de\\\/WP\\\/wp-content\\\/uploads\\\/2024\\\/06\\\/24Lac-8-scaled.jpg\",\"datePublished\":\"2024-06-25T09:05:39+00:00\",\"dateModified\":\"2024-06-25T15:04:16+00:00\",\"breadcrumb\":{\"@id\":\"https:\\\/\\\/jblanz.de\\\/WP\\\/24-25-juni-2024-lac-de-vouglans\\\/#breadcrumb\"},\"inLanguage\":\"de\",\"potentialAction\":[{\"@type\":\"ReadAction\",\"target\":[\"https:\\\/\\\/jblanz.de\\\/WP\\\/24-25-juni-2024-lac-de-vouglans\\\/\"]}]},{\"@type\":\"ImageObject\",\"inLanguage\":\"de\",\"@id\":\"https:\\\/\\\/jblanz.de\\\/WP\\\/24-25-juni-2024-lac-de-vouglans\\\/#primaryimage\",\"url\":\"https:\\\/\\\/jblanz.de\\\/WP\\\/wp-content\\\/uploads\\\/2024\\\/06\\\/24Lac-8-scaled.jpg\",\"contentUrl\":\"https:\\\/\\\/jblanz.de\\\/WP\\\/wp-content\\\/uploads\\\/2024\\\/06\\\/24Lac-8-scaled.jpg\",\"width\":2560,\"height\":1440},{\"@type\":\"BreadcrumbList\",\"@id\":\"https:\\\/\\\/jblanz.de\\\/WP\\\/24-25-juni-2024-lac-de-vouglans\\\/#breadcrumb\",\"itemListElement\":[{\"@type\":\"ListItem\",\"position\":1,\"name\":\"Startseite\",\"item\":\"https:\\\/\\\/jblanz.de\\\/WP\\\/\"},{\"@type\":\"ListItem\",\"position\":2,\"name\":\"24. &#8211; 25. Juni 2024 &#8211; Lac de Vouglans\"}]},{\"@type\":\"WebSite\",\"@id\":\"https:\\\/\\\/jblanz.de\\\/WP\\\/#website\",\"url\":\"https:\\\/\\\/jblanz.de\\\/WP\\\/\",\"name\":\"Reiseblog von Karin & Joachim\",\"description\":\"Wir schreiben den Blog f\u00fcr uns als Erinnerung - f\u00fcr euch als Inspiration\",\"publisher\":{\"@id\":\"https:\\\/\\\/jblanz.de\\\/WP\\\/#\\\/schema\\\/person\\\/17a70f07162e42bc0b181c22397286e0\"},\"potentialAction\":[{\"@type\":\"SearchAction\",\"target\":{\"@type\":\"EntryPoint\",\"urlTemplate\":\"https:\\\/\\\/jblanz.de\\\/WP\\\/?s={search_term_string}\"},\"query-input\":{\"@type\":\"PropertyValueSpecification\",\"valueRequired\":true,\"valueName\":\"search_term_string\"}}],\"inLanguage\":\"de\"},{\"@type\":[\"Person\",\"Organization\"],\"@id\":\"https:\\\/\\\/jblanz.de\\\/WP\\\/#\\\/schema\\\/person\\\/17a70f07162e42bc0b181c22397286e0\",\"name\":\"Achim\",\"image\":{\"@type\":\"ImageObject\",\"inLanguage\":\"de\",\"@id\":\"https:\\\/\\\/secure.gravatar.com\\\/avatar\\\/b7ab31bc55956af4a9bebf7fd034761212b11b803b7e39464914d6abeefb12f3?s=96&d=mm&r=g\",\"url\":\"https:\\\/\\\/secure.gravatar.com\\\/avatar\\\/b7ab31bc55956af4a9bebf7fd034761212b11b803b7e39464914d6abeefb12f3?s=96&d=mm&r=g\",\"contentUrl\":\"https:\\\/\\\/secure.gravatar.com\\\/avatar\\\/b7ab31bc55956af4a9bebf7fd034761212b11b803b7e39464914d6abeefb12f3?s=96&d=mm&r=g\",\"caption\":\"Achim\"},\"logo\":{\"@id\":\"https:\\\/\\\/secure.gravatar.com\\\/avatar\\\/b7ab31bc55956af4a9bebf7fd034761212b11b803b7e39464914d6abeefb12f3?s=96&d=mm&r=g\"},\"url\":\"https:\\\/\\\/jblanz.de\\\/WP\\\/author\\\/achim\\\/\"}]}<\/script>\n<!-- \/ Yoast SEO plugin. -->","yoast_head_json":{"title":"24. - 25. Juni 2024 - Lac de Vouglans - Reiseblog von Karin &amp; Joachim","robots":{"index":"index","follow":"follow","max-snippet":"max-snippet:-1","max-image-preview":"max-image-preview:large","max-video-preview":"max-video-preview:-1"},"canonical":"https:\/\/jblanz.de\/WP\/24-25-juni-2024-lac-de-vouglans\/","og_locale":"de_DE","og_type":"article","og_title":"24. - 25. Juni 2024 - Lac de Vouglans - Reiseblog von Karin &amp; Joachim","og_description":"24. Juni &#8211; Gegen 11:30 Uhr fuhren wir los. Es ging \u00fcber Mulhouse, Belford, Besan\u00e7on, Lon-le-Saunier an den Stausee Lac","og_url":"https:\/\/jblanz.de\/WP\/24-25-juni-2024-lac-de-vouglans\/","og_site_name":"Reiseblog von Karin &amp; Joachim","article_published_time":"2024-06-25T09:05:39+00:00","article_modified_time":"2024-06-25T15:04:16+00:00","og_image":[{"width":2560,"height":1440,"url":"https:\/\/jblanz.de\/WP\/wp-content\/uploads\/2024\/06\/24Lac-8-scaled.jpg","type":"image\/jpeg"}],"author":"Achim","twitter_card":"summary_large_image","twitter_misc":{"Verfasst von":"Achim","Gesch\u00e4tzte Lesezeit":"7\u00a0Minuten"},"schema":{"@context":"https:\/\/schema.org","@graph":[{"@type":"Article","@id":"https:\/\/jblanz.de\/WP\/24-25-juni-2024-lac-de-vouglans\/#article","isPartOf":{"@id":"https:\/\/jblanz.de\/WP\/24-25-juni-2024-lac-de-vouglans\/"},"author":{"name":"Achim","@id":"https:\/\/jblanz.de\/WP\/#\/schema\/person\/17a70f07162e42bc0b181c22397286e0"},"headline":"24. &#8211; 25. Juni 2024 &#8211; Lac de Vouglans","datePublished":"2024-06-25T09:05:39+00:00","dateModified":"2024-06-25T15:04:16+00:00","mainEntityOfPage":{"@id":"https:\/\/jblanz.de\/WP\/24-25-juni-2024-lac-de-vouglans\/"},"wordCount":423,"commentCount":0,"publisher":{"@id":"https:\/\/jblanz.de\/WP\/#\/schema\/person\/17a70f07162e42bc0b181c22397286e0"},"image":{"@id":"https:\/\/jblanz.de\/WP\/24-25-juni-2024-lac-de-vouglans\/#primaryimage"},"thumbnailUrl":"https:\/\/jblanz.de\/WP\/wp-content\/uploads\/2024\/06\/24Lac-8-scaled.jpg","articleSection":["2020+","2024","2024","A-J","Europa","Frankreich"],"inLanguage":"de","potentialAction":[{"@type":"CommentAction","name":"Comment","target":["https:\/\/jblanz.de\/WP\/24-25-juni-2024-lac-de-vouglans\/#respond"]}]},{"@type":"WebPage","@id":"https:\/\/jblanz.de\/WP\/24-25-juni-2024-lac-de-vouglans\/","url":"https:\/\/jblanz.de\/WP\/24-25-juni-2024-lac-de-vouglans\/","name":"24. - 25. Juni 2024 - Lac de Vouglans - Reiseblog von Karin &amp; Joachim","isPartOf":{"@id":"https:\/\/jblanz.de\/WP\/#website"},"primaryImageOfPage":{"@id":"https:\/\/jblanz.de\/WP\/24-25-juni-2024-lac-de-vouglans\/#primaryimage"},"image":{"@id":"https:\/\/jblanz.de\/WP\/24-25-juni-2024-lac-de-vouglans\/#primaryimage"},"thumbnailUrl":"https:\/\/jblanz.de\/WP\/wp-content\/uploads\/2024\/06\/24Lac-8-scaled.jpg","datePublished":"2024-06-25T09:05:39+00:00","dateModified":"2024-06-25T15:04:16+00:00","breadcrumb":{"@id":"https:\/\/jblanz.de\/WP\/24-25-juni-2024-lac-de-vouglans\/#breadcrumb"},"inLanguage":"de","potentialAction":[{"@type":"ReadAction","target":["https:\/\/jblanz.de\/WP\/24-25-juni-2024-lac-de-vouglans\/"]}]},{"@type":"ImageObject","inLanguage":"de","@id":"https:\/\/jblanz.de\/WP\/24-25-juni-2024-lac-de-vouglans\/#primaryimage","url":"https:\/\/jblanz.de\/WP\/wp-content\/uploads\/2024\/06\/24Lac-8-scaled.jpg","contentUrl":"https:\/\/jblanz.de\/WP\/wp-content\/uploads\/2024\/06\/24Lac-8-scaled.jpg","width":2560,"height":1440},{"@type":"BreadcrumbList","@id":"https:\/\/jblanz.de\/WP\/24-25-juni-2024-lac-de-vouglans\/#breadcrumb","itemListElement":[{"@type":"ListItem","position":1,"name":"Startseite","item":"https:\/\/jblanz.de\/WP\/"},{"@type":"ListItem","position":2,"name":"24. &#8211; 25. Juni 2024 &#8211; Lac de Vouglans"}]},{"@type":"WebSite","@id":"https:\/\/jblanz.de\/WP\/#website","url":"https:\/\/jblanz.de\/WP\/","name":"Reiseblog von Karin & Joachim","description":"Wir schreiben den Blog f\u00fcr uns als Erinnerung - f\u00fcr euch als Inspiration","publisher":{"@id":"https:\/\/jblanz.de\/WP\/#\/schema\/person\/17a70f07162e42bc0b181c22397286e0"},"potentialAction":[{"@type":"SearchAction","target":{"@type":"EntryPoint","urlTemplate":"https:\/\/jblanz.de\/WP\/?s={search_term_string}"},"query-input":{"@type":"PropertyValueSpecification","valueRequired":true,"valueName":"search_term_string"}}],"inLanguage":"de"},{"@type":["Person","Organization"],"@id":"https:\/\/jblanz.de\/WP\/#\/schema\/person\/17a70f07162e42bc0b181c22397286e0","name":"Achim","image":{"@type":"ImageObject","inLanguage":"de","@id":"https:\/\/secure.gravatar.com\/avatar\/b7ab31bc55956af4a9bebf7fd034761212b11b803b7e39464914d6abeefb12f3?s=96&d=mm&r=g","url":"https:\/\/secure.gravatar.com\/avatar\/b7ab31bc55956af4a9bebf7fd034761212b11b803b7e39464914d6abeefb12f3?s=96&d=mm&r=g","contentUrl":"https:\/\/secure.gravatar.com\/avatar\/b7ab31bc55956af4a9bebf7fd034761212b11b803b7e39464914d6abeefb12f3?s=96&d=mm&r=g","caption":"Achim"},"logo":{"@id":"https:\/\/secure.gravatar.com\/avatar\/b7ab31bc55956af4a9bebf7fd034761212b11b803b7e39464914d6abeefb12f3?s=96&d=mm&r=g"},"url":"https:\/\/jblanz.de\/WP\/author\/achim\/"}]}},"_links":{"self":[{"href":"https:\/\/jblanz.de\/WP\/wp-json\/wp\/v2\/posts\/22437","targetHints":{"allow":["GET"]}}],"collection":[{"href":"https:\/\/jblanz.de\/WP\/wp-json\/wp\/v2\/posts"}],"about":[{"href":"https:\/\/jblanz.de\/WP\/wp-json\/wp\/v2\/types\/post"}],"author":[{"embeddable":true,"href":"https:\/\/jblanz.de\/WP\/wp-json\/wp\/v2\/users\/1"}],"replies":[{"embeddable":true,"href":"https:\/\/jblanz.de\/WP\/wp-json\/wp\/v2\/comments?post=22437"}],"version-history":[{"count":0,"href":"https:\/\/jblanz.de\/WP\/wp-json\/wp\/v2\/posts\/22437\/revisions"}],"wp:featuredmedia":[{"embeddable":true,"href":"https:\/\/jblanz.de\/WP\/wp-json\/wp\/v2\/media\/22445"}],"wp:attachment":[{"href":"https:\/\/jblanz.de\/WP\/wp-json\/wp\/v2\/media?parent=22437"}],"wp:term":[{"taxonomy":"category","embeddable":true,"href":"https:\/\/jblanz.de\/WP\/wp-json\/wp\/v2\/categories?post=22437"},{"taxonomy":"post_tag","embeddable":true,"href":"https:\/\/jblanz.de\/WP\/wp-json\/wp\/v2\/tags?post=22437"}],"curies":[{"name":"wp","href":"https:\/\/api.w.org\/{rel}","templated":true}]}}