{"id":24871,"date":"2025-02-12T22:16:28","date_gmt":"2025-02-12T21:16:28","guid":{"rendered":"https:\/\/jblanz.de\/WP\/?p=24871"},"modified":"2025-02-13T07:34:27","modified_gmt":"2025-02-13T06:34:27","slug":"12-februar-2025-fahrt-nach-beziers","status":"publish","type":"post","link":"https:\/\/jblanz.de\/WP\/12-februar-2025-fahrt-nach-beziers\/","title":{"rendered":"12. Februar 2025 &#8211; Fahrt nach Beziers"},"content":{"rendered":"\n<p>Heute morgen um 10:30 Uhr fuhren wir los. Um 13:30 Uhr \u00fcberquerten wir nach Genf die Grenze zu Frankreich. In der Innerschweiz war die ganze Zeit Nebel, Inversionswetterlage. Kurz nach der Grenze kletterte die Aussentemperatur von 8 auf 14 \u00b0C und die Sonne schien. Wir fuhren Richtung Grenoble, dann an der Is\u00e8re entlang nach Valence. Neben der Autobahn waren grosse Plantagen von Walnussb\u00e4umen, mal junge B\u00e4ume und dann wieder 20-30 Jahre alte B\u00e4ume.<\/p>\n\n\n\n<figure class=\"wp-block-gallery has-nested-images columns-default is-cropped wp-block-gallery-2 is-layout-flex wp-block-gallery-is-layout-flex\">\n<figure class=\"wp-block-image size-large\"><img loading=\"lazy\" decoding=\"async\" width=\"1024\" height=\"576\" data-id=\"24885\" src=\"https:\/\/jblanz.de\/WP\/wp-content\/uploads\/2025\/02\/25Spanien-2-1024x576.jpg\" alt=\"\" class=\"wp-image-24885\" srcset=\"https:\/\/jblanz.de\/WP\/wp-content\/uploads\/2025\/02\/25Spanien-2-1024x576.jpg 1024w, https:\/\/jblanz.de\/WP\/wp-content\/uploads\/2025\/02\/25Spanien-2-300x169.jpg 300w, https:\/\/jblanz.de\/WP\/wp-content\/uploads\/2025\/02\/25Spanien-2-768x432.jpg 768w, https:\/\/jblanz.de\/WP\/wp-content\/uploads\/2025\/02\/25Spanien-2-1536x864.jpg 1536w, https:\/\/jblanz.de\/WP\/wp-content\/uploads\/2025\/02\/25Spanien-2-2048x1152.jpg 2048w\" sizes=\"auto, (max-width: 1024px) 100vw, 1024px\" \/><\/figure>\n\n\n\n<figure class=\"wp-block-image size-large\"><img loading=\"lazy\" decoding=\"async\" width=\"1024\" height=\"576\" data-id=\"24884\" src=\"https:\/\/jblanz.de\/WP\/wp-content\/uploads\/2025\/02\/25Spanien-3-1024x576.jpg\" alt=\"\" class=\"wp-image-24884\" srcset=\"https:\/\/jblanz.de\/WP\/wp-content\/uploads\/2025\/02\/25Spanien-3-1024x576.jpg 1024w, https:\/\/jblanz.de\/WP\/wp-content\/uploads\/2025\/02\/25Spanien-3-300x169.jpg 300w, https:\/\/jblanz.de\/WP\/wp-content\/uploads\/2025\/02\/25Spanien-3-768x432.jpg 768w, https:\/\/jblanz.de\/WP\/wp-content\/uploads\/2025\/02\/25Spanien-3-1536x864.jpg 1536w, https:\/\/jblanz.de\/WP\/wp-content\/uploads\/2025\/02\/25Spanien-3-2048x1152.jpg 2048w\" sizes=\"auto, (max-width: 1024px) 100vw, 1024px\" \/><\/figure>\n<\/figure>\n\n\n\n<p>Die Fahrt ging auf der Autobahn weiter Richtung Montpellier. Hinter Montpellier verliessen wir die Autobahn und fuhren zu einem Stellplatz in M\u00e8ze, der zum Campingcar-Park geh\u00f6rt, einem internationalen Netzwerk von Stellpl\u00e4tzen. Vor Jahren haben wir uns eine Karte dieses Netzwerks besorgt, Geld aufgeladen und m\u00fcssen jetzt nur noch die Karte einsetzen, um Eingang zu bekommen. Genial einfach, moderate Preise und Entsorgungsm\u00f6glichkeit inklusive. Am Eingsng stand ein deutsches Wohnmobil vor uns, dem es nicht gelang, den Check-In ohne Campingcar-Park Karte durchzuf\u00fchren. Ist eigentlich selbsterkl\u00e4rend und in deutscher Sprache, aber bei manchen Leuten klappt es halt nicht.<\/p>\n","protected":false},"excerpt":{"rendered":"<p>Heute morgen um 10:30 Uhr fuhren wir los. Um 13:30 Uhr \u00fcberquerten wir nach Genf die Grenze zu Frankreich. In<\/p>\n","protected":false},"author":1,"featured_media":24880,"comment_status":"open","ping_status":"open","sticky":false,"template":"","format":"standard","meta":{"colormag_page_container_layout":"default_layout","colormag_page_sidebar_layout":"default_layout","_monsterinsights_skip_tracking":false,"_monsterinsights_sitenote_active":false,"_monsterinsights_sitenote_note":"","_monsterinsights_sitenote_category":0,"footnotes":""},"categories":[269,314,315,306,241,197],"tags":[],"class_list":["post-24871","post","type-post","status-publish","format-standard","has-post-thumbnail","hentry","category-2020-jahr","category-314","category-2025-2020-jahr","category-a-j","category-frankreich","category-spanien"],"yoast_head":"<!-- This site is optimized with the Yoast SEO plugin v27.4 - https:\/\/yoast.com\/product\/yoast-seo-wordpress\/ -->\n<title>12. Februar 2025 - Fahrt nach Beziers - Reiseblog von Karin &amp; Joachim<\/title>\n<meta name=\"robots\" content=\"index, follow, max-snippet:-1, max-image-preview:large, max-video-preview:-1\" \/>\n<link rel=\"canonical\" href=\"https:\/\/jblanz.de\/WP\/12-februar-2025-fahrt-nach-beziers\/\" \/>\n<meta property=\"og:locale\" content=\"de_DE\" \/>\n<meta property=\"og:type\" content=\"article\" \/>\n<meta property=\"og:title\" content=\"12. Februar 2025 - Fahrt nach Beziers - Reiseblog von Karin &amp; Joachim\" \/>\n<meta property=\"og:description\" content=\"Heute morgen um 10:30 Uhr fuhren wir los. Um 13:30 Uhr \u00fcberquerten wir nach Genf die Grenze zu Frankreich. In\" \/>\n<meta property=\"og:url\" content=\"https:\/\/jblanz.de\/WP\/12-februar-2025-fahrt-nach-beziers\/\" \/>\n<meta property=\"og:site_name\" content=\"Reiseblog von Karin &amp; Joachim\" \/>\n<meta property=\"article:published_time\" content=\"2025-02-12T21:16:28+00:00\" \/>\n<meta property=\"article:modified_time\" content=\"2025-02-13T06:34:27+00:00\" \/>\n<meta name=\"author\" content=\"Achim\" \/>\n<meta name=\"twitter:card\" content=\"summary_large_image\" \/>\n<meta name=\"twitter:label1\" content=\"Verfasst von\" \/>\n\t<meta name=\"twitter:data1\" content=\"Achim\" \/>\n\t<meta name=\"twitter:label2\" content=\"Gesch\u00e4tzte Lesezeit\" \/>\n\t<meta name=\"twitter:data2\" content=\"2\u00a0Minuten\" \/>\n<script type=\"application\/ld+json\" class=\"yoast-schema-graph\">{\"@context\":\"https:\\\/\\\/schema.org\",\"@graph\":[{\"@type\":\"Article\",\"@id\":\"https:\\\/\\\/jblanz.de\\\/WP\\\/12-februar-2025-fahrt-nach-beziers\\\/#article\",\"isPartOf\":{\"@id\":\"https:\\\/\\\/jblanz.de\\\/WP\\\/12-februar-2025-fahrt-nach-beziers\\\/\"},\"author\":{\"name\":\"Achim\",\"@id\":\"https:\\\/\\\/jblanz.de\\\/WP\\\/#\\\/schema\\\/person\\\/17a70f07162e42bc0b181c22397286e0\"},\"headline\":\"12. Februar 2025 &#8211; Fahrt nach Beziers\",\"datePublished\":\"2025-02-12T21:16:28+00:00\",\"dateModified\":\"2025-02-13T06:34:27+00:00\",\"mainEntityOfPage\":{\"@id\":\"https:\\\/\\\/jblanz.de\\\/WP\\\/12-februar-2025-fahrt-nach-beziers\\\/\"},\"wordCount\":180,\"commentCount\":0,\"publisher\":{\"@id\":\"https:\\\/\\\/jblanz.de\\\/WP\\\/#\\\/schema\\\/person\\\/17a70f07162e42bc0b181c22397286e0\"},\"image\":{\"@id\":\"https:\\\/\\\/jblanz.de\\\/WP\\\/12-februar-2025-fahrt-nach-beziers\\\/#primaryimage\"},\"thumbnailUrl\":\"https:\\\/\\\/jblanz.de\\\/WP\\\/wp-content\\\/uploads\\\/2025\\\/02\\\/25Spanien-1-scaled.jpg\",\"articleSection\":[\"2020+\",\"2025\",\"2025\",\"A-J\",\"Frankreich\",\"Spanien\"],\"inLanguage\":\"de\",\"potentialAction\":[{\"@type\":\"CommentAction\",\"name\":\"Comment\",\"target\":[\"https:\\\/\\\/jblanz.de\\\/WP\\\/12-februar-2025-fahrt-nach-beziers\\\/#respond\"]}]},{\"@type\":\"WebPage\",\"@id\":\"https:\\\/\\\/jblanz.de\\\/WP\\\/12-februar-2025-fahrt-nach-beziers\\\/\",\"url\":\"https:\\\/\\\/jblanz.de\\\/WP\\\/12-februar-2025-fahrt-nach-beziers\\\/\",\"name\":\"12. Februar 2025 - Fahrt nach Beziers - Reiseblog von Karin &amp; Joachim\",\"isPartOf\":{\"@id\":\"https:\\\/\\\/jblanz.de\\\/WP\\\/#website\"},\"primaryImageOfPage\":{\"@id\":\"https:\\\/\\\/jblanz.de\\\/WP\\\/12-februar-2025-fahrt-nach-beziers\\\/#primaryimage\"},\"image\":{\"@id\":\"https:\\\/\\\/jblanz.de\\\/WP\\\/12-februar-2025-fahrt-nach-beziers\\\/#primaryimage\"},\"thumbnailUrl\":\"https:\\\/\\\/jblanz.de\\\/WP\\\/wp-content\\\/uploads\\\/2025\\\/02\\\/25Spanien-1-scaled.jpg\",\"datePublished\":\"2025-02-12T21:16:28+00:00\",\"dateModified\":\"2025-02-13T06:34:27+00:00\",\"breadcrumb\":{\"@id\":\"https:\\\/\\\/jblanz.de\\\/WP\\\/12-februar-2025-fahrt-nach-beziers\\\/#breadcrumb\"},\"inLanguage\":\"de\",\"potentialAction\":[{\"@type\":\"ReadAction\",\"target\":[\"https:\\\/\\\/jblanz.de\\\/WP\\\/12-februar-2025-fahrt-nach-beziers\\\/\"]}]},{\"@type\":\"ImageObject\",\"inLanguage\":\"de\",\"@id\":\"https:\\\/\\\/jblanz.de\\\/WP\\\/12-februar-2025-fahrt-nach-beziers\\\/#primaryimage\",\"url\":\"https:\\\/\\\/jblanz.de\\\/WP\\\/wp-content\\\/uploads\\\/2025\\\/02\\\/25Spanien-1-scaled.jpg\",\"contentUrl\":\"https:\\\/\\\/jblanz.de\\\/WP\\\/wp-content\\\/uploads\\\/2025\\\/02\\\/25Spanien-1-scaled.jpg\",\"width\":2560,\"height\":1440},{\"@type\":\"BreadcrumbList\",\"@id\":\"https:\\\/\\\/jblanz.de\\\/WP\\\/12-februar-2025-fahrt-nach-beziers\\\/#breadcrumb\",\"itemListElement\":[{\"@type\":\"ListItem\",\"position\":1,\"name\":\"Startseite\",\"item\":\"https:\\\/\\\/jblanz.de\\\/WP\\\/\"},{\"@type\":\"ListItem\",\"position\":2,\"name\":\"12. Februar 2025 &#8211; Fahrt nach Beziers\"}]},{\"@type\":\"WebSite\",\"@id\":\"https:\\\/\\\/jblanz.de\\\/WP\\\/#website\",\"url\":\"https:\\\/\\\/jblanz.de\\\/WP\\\/\",\"name\":\"Reiseblog von Karin & Joachim\",\"description\":\"Wir schreiben den Blog f\u00fcr uns als Erinnerung - f\u00fcr euch als Inspiration\",\"publisher\":{\"@id\":\"https:\\\/\\\/jblanz.de\\\/WP\\\/#\\\/schema\\\/person\\\/17a70f07162e42bc0b181c22397286e0\"},\"potentialAction\":[{\"@type\":\"SearchAction\",\"target\":{\"@type\":\"EntryPoint\",\"urlTemplate\":\"https:\\\/\\\/jblanz.de\\\/WP\\\/?s={search_term_string}\"},\"query-input\":{\"@type\":\"PropertyValueSpecification\",\"valueRequired\":true,\"valueName\":\"search_term_string\"}}],\"inLanguage\":\"de\"},{\"@type\":[\"Person\",\"Organization\"],\"@id\":\"https:\\\/\\\/jblanz.de\\\/WP\\\/#\\\/schema\\\/person\\\/17a70f07162e42bc0b181c22397286e0\",\"name\":\"Achim\",\"image\":{\"@type\":\"ImageObject\",\"inLanguage\":\"de\",\"@id\":\"https:\\\/\\\/secure.gravatar.com\\\/avatar\\\/b7ab31bc55956af4a9bebf7fd034761212b11b803b7e39464914d6abeefb12f3?s=96&d=mm&r=g\",\"url\":\"https:\\\/\\\/secure.gravatar.com\\\/avatar\\\/b7ab31bc55956af4a9bebf7fd034761212b11b803b7e39464914d6abeefb12f3?s=96&d=mm&r=g\",\"contentUrl\":\"https:\\\/\\\/secure.gravatar.com\\\/avatar\\\/b7ab31bc55956af4a9bebf7fd034761212b11b803b7e39464914d6abeefb12f3?s=96&d=mm&r=g\",\"caption\":\"Achim\"},\"logo\":{\"@id\":\"https:\\\/\\\/secure.gravatar.com\\\/avatar\\\/b7ab31bc55956af4a9bebf7fd034761212b11b803b7e39464914d6abeefb12f3?s=96&d=mm&r=g\"},\"url\":\"https:\\\/\\\/jblanz.de\\\/WP\\\/author\\\/achim\\\/\"}]}<\/script>\n<!-- \/ Yoast SEO plugin. -->","yoast_head_json":{"title":"12. Februar 2025 - Fahrt nach Beziers - Reiseblog von Karin &amp; Joachim","robots":{"index":"index","follow":"follow","max-snippet":"max-snippet:-1","max-image-preview":"max-image-preview:large","max-video-preview":"max-video-preview:-1"},"canonical":"https:\/\/jblanz.de\/WP\/12-februar-2025-fahrt-nach-beziers\/","og_locale":"de_DE","og_type":"article","og_title":"12. Februar 2025 - Fahrt nach Beziers - Reiseblog von Karin &amp; Joachim","og_description":"Heute morgen um 10:30 Uhr fuhren wir los. Um 13:30 Uhr \u00fcberquerten wir nach Genf die Grenze zu Frankreich. In","og_url":"https:\/\/jblanz.de\/WP\/12-februar-2025-fahrt-nach-beziers\/","og_site_name":"Reiseblog von Karin &amp; Joachim","article_published_time":"2025-02-12T21:16:28+00:00","article_modified_time":"2025-02-13T06:34:27+00:00","author":"Achim","twitter_card":"summary_large_image","twitter_misc":{"Verfasst von":"Achim","Gesch\u00e4tzte Lesezeit":"2\u00a0Minuten"},"schema":{"@context":"https:\/\/schema.org","@graph":[{"@type":"Article","@id":"https:\/\/jblanz.de\/WP\/12-februar-2025-fahrt-nach-beziers\/#article","isPartOf":{"@id":"https:\/\/jblanz.de\/WP\/12-februar-2025-fahrt-nach-beziers\/"},"author":{"name":"Achim","@id":"https:\/\/jblanz.de\/WP\/#\/schema\/person\/17a70f07162e42bc0b181c22397286e0"},"headline":"12. Februar 2025 &#8211; Fahrt nach Beziers","datePublished":"2025-02-12T21:16:28+00:00","dateModified":"2025-02-13T06:34:27+00:00","mainEntityOfPage":{"@id":"https:\/\/jblanz.de\/WP\/12-februar-2025-fahrt-nach-beziers\/"},"wordCount":180,"commentCount":0,"publisher":{"@id":"https:\/\/jblanz.de\/WP\/#\/schema\/person\/17a70f07162e42bc0b181c22397286e0"},"image":{"@id":"https:\/\/jblanz.de\/WP\/12-februar-2025-fahrt-nach-beziers\/#primaryimage"},"thumbnailUrl":"https:\/\/jblanz.de\/WP\/wp-content\/uploads\/2025\/02\/25Spanien-1-scaled.jpg","articleSection":["2020+","2025","2025","A-J","Frankreich","Spanien"],"inLanguage":"de","potentialAction":[{"@type":"CommentAction","name":"Comment","target":["https:\/\/jblanz.de\/WP\/12-februar-2025-fahrt-nach-beziers\/#respond"]}]},{"@type":"WebPage","@id":"https:\/\/jblanz.de\/WP\/12-februar-2025-fahrt-nach-beziers\/","url":"https:\/\/jblanz.de\/WP\/12-februar-2025-fahrt-nach-beziers\/","name":"12. Februar 2025 - Fahrt nach Beziers - Reiseblog von Karin &amp; Joachim","isPartOf":{"@id":"https:\/\/jblanz.de\/WP\/#website"},"primaryImageOfPage":{"@id":"https:\/\/jblanz.de\/WP\/12-februar-2025-fahrt-nach-beziers\/#primaryimage"},"image":{"@id":"https:\/\/jblanz.de\/WP\/12-februar-2025-fahrt-nach-beziers\/#primaryimage"},"thumbnailUrl":"https:\/\/jblanz.de\/WP\/wp-content\/uploads\/2025\/02\/25Spanien-1-scaled.jpg","datePublished":"2025-02-12T21:16:28+00:00","dateModified":"2025-02-13T06:34:27+00:00","breadcrumb":{"@id":"https:\/\/jblanz.de\/WP\/12-februar-2025-fahrt-nach-beziers\/#breadcrumb"},"inLanguage":"de","potentialAction":[{"@type":"ReadAction","target":["https:\/\/jblanz.de\/WP\/12-februar-2025-fahrt-nach-beziers\/"]}]},{"@type":"ImageObject","inLanguage":"de","@id":"https:\/\/jblanz.de\/WP\/12-februar-2025-fahrt-nach-beziers\/#primaryimage","url":"https:\/\/jblanz.de\/WP\/wp-content\/uploads\/2025\/02\/25Spanien-1-scaled.jpg","contentUrl":"https:\/\/jblanz.de\/WP\/wp-content\/uploads\/2025\/02\/25Spanien-1-scaled.jpg","width":2560,"height":1440},{"@type":"BreadcrumbList","@id":"https:\/\/jblanz.de\/WP\/12-februar-2025-fahrt-nach-beziers\/#breadcrumb","itemListElement":[{"@type":"ListItem","position":1,"name":"Startseite","item":"https:\/\/jblanz.de\/WP\/"},{"@type":"ListItem","position":2,"name":"12. Februar 2025 &#8211; Fahrt nach Beziers"}]},{"@type":"WebSite","@id":"https:\/\/jblanz.de\/WP\/#website","url":"https:\/\/jblanz.de\/WP\/","name":"Reiseblog von Karin & Joachim","description":"Wir schreiben den Blog f\u00fcr uns als Erinnerung - f\u00fcr euch als Inspiration","publisher":{"@id":"https:\/\/jblanz.de\/WP\/#\/schema\/person\/17a70f07162e42bc0b181c22397286e0"},"potentialAction":[{"@type":"SearchAction","target":{"@type":"EntryPoint","urlTemplate":"https:\/\/jblanz.de\/WP\/?s={search_term_string}"},"query-input":{"@type":"PropertyValueSpecification","valueRequired":true,"valueName":"search_term_string"}}],"inLanguage":"de"},{"@type":["Person","Organization"],"@id":"https:\/\/jblanz.de\/WP\/#\/schema\/person\/17a70f07162e42bc0b181c22397286e0","name":"Achim","image":{"@type":"ImageObject","inLanguage":"de","@id":"https:\/\/secure.gravatar.com\/avatar\/b7ab31bc55956af4a9bebf7fd034761212b11b803b7e39464914d6abeefb12f3?s=96&d=mm&r=g","url":"https:\/\/secure.gravatar.com\/avatar\/b7ab31bc55956af4a9bebf7fd034761212b11b803b7e39464914d6abeefb12f3?s=96&d=mm&r=g","contentUrl":"https:\/\/secure.gravatar.com\/avatar\/b7ab31bc55956af4a9bebf7fd034761212b11b803b7e39464914d6abeefb12f3?s=96&d=mm&r=g","caption":"Achim"},"logo":{"@id":"https:\/\/secure.gravatar.com\/avatar\/b7ab31bc55956af4a9bebf7fd034761212b11b803b7e39464914d6abeefb12f3?s=96&d=mm&r=g"},"url":"https:\/\/jblanz.de\/WP\/author\/achim\/"}]}},"_links":{"self":[{"href":"https:\/\/jblanz.de\/WP\/wp-json\/wp\/v2\/posts\/24871","targetHints":{"allow":["GET"]}}],"collection":[{"href":"https:\/\/jblanz.de\/WP\/wp-json\/wp\/v2\/posts"}],"about":[{"href":"https:\/\/jblanz.de\/WP\/wp-json\/wp\/v2\/types\/post"}],"author":[{"embeddable":true,"href":"https:\/\/jblanz.de\/WP\/wp-json\/wp\/v2\/users\/1"}],"replies":[{"embeddable":true,"href":"https:\/\/jblanz.de\/WP\/wp-json\/wp\/v2\/comments?post=24871"}],"version-history":[{"count":0,"href":"https:\/\/jblanz.de\/WP\/wp-json\/wp\/v2\/posts\/24871\/revisions"}],"wp:featuredmedia":[{"embeddable":true,"href":"https:\/\/jblanz.de\/WP\/wp-json\/wp\/v2\/media\/24880"}],"wp:attachment":[{"href":"https:\/\/jblanz.de\/WP\/wp-json\/wp\/v2\/media?parent=24871"}],"wp:term":[{"taxonomy":"category","embeddable":true,"href":"https:\/\/jblanz.de\/WP\/wp-json\/wp\/v2\/categories?post=24871"},{"taxonomy":"post_tag","embeddable":true,"href":"https:\/\/jblanz.de\/WP\/wp-json\/wp\/v2\/tags?post=24871"}],"curies":[{"name":"wp","href":"https:\/\/api.w.org\/{rel}","templated":true}]}}