{"id":25035,"date":"2025-02-15T19:25:27","date_gmt":"2025-02-15T18:25:27","guid":{"rendered":"https:\/\/jblanz.de\/WP\/?p=25035"},"modified":"2025-02-16T20:40:59","modified_gmt":"2025-02-16T19:40:59","slug":"15-februar-2025-zaragoza","status":"publish","type":"post","link":"https:\/\/jblanz.de\/WP\/15-februar-2025-zaragoza\/","title":{"rendered":"15. Februar 2025 &#8211; Zaragoza"},"content":{"rendered":"\n<p>Heute morgen wachten wir wieder bei sch\u00f6nstem Sonnenschein auf. Die ersten Bilder zeigen den Stellplatz, auf dem wir \u00fcbernachtet haben und ein paar Impressionen des neuen Belchite. Nachts waren es nur ca 8 \u00b0C. Um Gas zu sparen, heizten wir mit einem kleinen elektrischen Heizl\u00fcfter. Nach dem Leeren des Abwassertanks und des Clos fuhren wir nach Zaragoza (etwa 50 km). Rechts und links kamen immer wieder W\u00fcstenlandschaften. Auf allen Strommasten und selbst auf Masten der Eisenbahn waren Storchennester &#8211; jedes mit 2 St\u00f6rchen besetzt.<\/p>\n\n\n\n<figure class=\"wp-block-gallery has-nested-images columns-2 is-cropped wp-block-gallery-2 is-layout-flex wp-block-gallery-is-layout-flex\">\n<figure class=\"wp-block-image size-large\"><img loading=\"lazy\" decoding=\"async\" width=\"1024\" height=\"576\" data-id=\"25053\" src=\"https:\/\/jblanz.de\/WP\/wp-content\/uploads\/2025\/02\/25Spanien-282-1024x576.jpg\" alt=\"\" class=\"wp-image-25053\" srcset=\"https:\/\/jblanz.de\/WP\/wp-content\/uploads\/2025\/02\/25Spanien-282-1024x576.jpg 1024w, https:\/\/jblanz.de\/WP\/wp-content\/uploads\/2025\/02\/25Spanien-282-300x169.jpg 300w, https:\/\/jblanz.de\/WP\/wp-content\/uploads\/2025\/02\/25Spanien-282-768x432.jpg 768w, https:\/\/jblanz.de\/WP\/wp-content\/uploads\/2025\/02\/25Spanien-282-1536x864.jpg 1536w, https:\/\/jblanz.de\/WP\/wp-content\/uploads\/2025\/02\/25Spanien-282-2048x1152.jpg 2048w\" sizes=\"auto, (max-width: 1024px) 100vw, 1024px\" \/><figcaption class=\"wp-element-caption\">Stellplatz Belchite<\/figcaption><\/figure>\n\n\n\n<figure class=\"wp-block-image size-large\"><img loading=\"lazy\" decoding=\"async\" width=\"1024\" height=\"576\" data-id=\"25051\" src=\"https:\/\/jblanz.de\/WP\/wp-content\/uploads\/2025\/02\/25Spanien-281-1024x576.jpg\" alt=\"\" class=\"wp-image-25051\" srcset=\"https:\/\/jblanz.de\/WP\/wp-content\/uploads\/2025\/02\/25Spanien-281-1024x576.jpg 1024w, https:\/\/jblanz.de\/WP\/wp-content\/uploads\/2025\/02\/25Spanien-281-300x169.jpg 300w, https:\/\/jblanz.de\/WP\/wp-content\/uploads\/2025\/02\/25Spanien-281-768x432.jpg 768w, https:\/\/jblanz.de\/WP\/wp-content\/uploads\/2025\/02\/25Spanien-281-1536x864.jpg 1536w, https:\/\/jblanz.de\/WP\/wp-content\/uploads\/2025\/02\/25Spanien-281-2048x1152.jpg 2048w\" sizes=\"auto, (max-width: 1024px) 100vw, 1024px\" \/><\/figure>\n\n\n\n<figure class=\"wp-block-image size-large\"><img loading=\"lazy\" decoding=\"async\" width=\"1024\" height=\"576\" data-id=\"25050\" src=\"https:\/\/jblanz.de\/WP\/wp-content\/uploads\/2025\/02\/25Spanien-280-1024x576.jpg\" alt=\"\" class=\"wp-image-25050\" srcset=\"https:\/\/jblanz.de\/WP\/wp-content\/uploads\/2025\/02\/25Spanien-280-1024x576.jpg 1024w, https:\/\/jblanz.de\/WP\/wp-content\/uploads\/2025\/02\/25Spanien-280-300x169.jpg 300w, https:\/\/jblanz.de\/WP\/wp-content\/uploads\/2025\/02\/25Spanien-280-768x432.jpg 768w, https:\/\/jblanz.de\/WP\/wp-content\/uploads\/2025\/02\/25Spanien-280-1536x864.jpg 1536w, https:\/\/jblanz.de\/WP\/wp-content\/uploads\/2025\/02\/25Spanien-280-2048x1152.jpg 2048w\" sizes=\"auto, (max-width: 1024px) 100vw, 1024px\" \/><\/figure>\n\n\n\n<figure class=\"wp-block-image size-large\"><img loading=\"lazy\" decoding=\"async\" width=\"1024\" height=\"576\" data-id=\"25048\" src=\"https:\/\/jblanz.de\/WP\/wp-content\/uploads\/2025\/02\/25Spanien-285-1024x576.jpg\" alt=\"\" class=\"wp-image-25048\" srcset=\"https:\/\/jblanz.de\/WP\/wp-content\/uploads\/2025\/02\/25Spanien-285-1024x576.jpg 1024w, https:\/\/jblanz.de\/WP\/wp-content\/uploads\/2025\/02\/25Spanien-285-300x169.jpg 300w, https:\/\/jblanz.de\/WP\/wp-content\/uploads\/2025\/02\/25Spanien-285-768x432.jpg 768w, https:\/\/jblanz.de\/WP\/wp-content\/uploads\/2025\/02\/25Spanien-285-1536x864.jpg 1536w, https:\/\/jblanz.de\/WP\/wp-content\/uploads\/2025\/02\/25Spanien-285-2048x1152.jpg 2048w\" sizes=\"auto, (max-width: 1024px) 100vw, 1024px\" \/><\/figure>\n\n\n\n<figure class=\"wp-block-image size-large\"><img loading=\"lazy\" decoding=\"async\" width=\"1024\" height=\"576\" data-id=\"25052\" src=\"https:\/\/jblanz.de\/WP\/wp-content\/uploads\/2025\/02\/25Spanien-284-1024x576.jpg\" alt=\"\" class=\"wp-image-25052\" srcset=\"https:\/\/jblanz.de\/WP\/wp-content\/uploads\/2025\/02\/25Spanien-284-1024x576.jpg 1024w, https:\/\/jblanz.de\/WP\/wp-content\/uploads\/2025\/02\/25Spanien-284-300x169.jpg 300w, https:\/\/jblanz.de\/WP\/wp-content\/uploads\/2025\/02\/25Spanien-284-768x432.jpg 768w, https:\/\/jblanz.de\/WP\/wp-content\/uploads\/2025\/02\/25Spanien-284-1536x864.jpg 1536w, https:\/\/jblanz.de\/WP\/wp-content\/uploads\/2025\/02\/25Spanien-284-2048x1152.jpg 2048w\" sizes=\"auto, (max-width: 1024px) 100vw, 1024px\" \/><\/figure>\n\n\n\n<figure class=\"wp-block-image size-large\"><img loading=\"lazy\" decoding=\"async\" width=\"1024\" height=\"576\" data-id=\"25047\" src=\"https:\/\/jblanz.de\/WP\/wp-content\/uploads\/2025\/02\/25Spanien-286-1024x576.jpg\" alt=\"\" class=\"wp-image-25047\" srcset=\"https:\/\/jblanz.de\/WP\/wp-content\/uploads\/2025\/02\/25Spanien-286-1024x576.jpg 1024w, https:\/\/jblanz.de\/WP\/wp-content\/uploads\/2025\/02\/25Spanien-286-300x169.jpg 300w, https:\/\/jblanz.de\/WP\/wp-content\/uploads\/2025\/02\/25Spanien-286-768x432.jpg 768w, https:\/\/jblanz.de\/WP\/wp-content\/uploads\/2025\/02\/25Spanien-286-1536x864.jpg 1536w, https:\/\/jblanz.de\/WP\/wp-content\/uploads\/2025\/02\/25Spanien-286.jpg 1732w\" sizes=\"auto, (max-width: 1024px) 100vw, 1024px\" \/><\/figure>\n\n\n\n<figure class=\"wp-block-image size-large\"><img loading=\"lazy\" decoding=\"async\" width=\"1024\" height=\"576\" data-id=\"25049\" src=\"https:\/\/jblanz.de\/WP\/wp-content\/uploads\/2025\/02\/25Spanien-289-1024x576.jpg\" alt=\"\" class=\"wp-image-25049\" srcset=\"https:\/\/jblanz.de\/WP\/wp-content\/uploads\/2025\/02\/25Spanien-289-1024x576.jpg 1024w, https:\/\/jblanz.de\/WP\/wp-content\/uploads\/2025\/02\/25Spanien-289-300x169.jpg 300w, https:\/\/jblanz.de\/WP\/wp-content\/uploads\/2025\/02\/25Spanien-289-768x432.jpg 768w, https:\/\/jblanz.de\/WP\/wp-content\/uploads\/2025\/02\/25Spanien-289-1536x864.jpg 1536w, https:\/\/jblanz.de\/WP\/wp-content\/uploads\/2025\/02\/25Spanien-289.jpg 1888w\" sizes=\"auto, (max-width: 1024px) 100vw, 1024px\" \/><\/figure>\n\n\n\n<figure class=\"wp-block-image size-large\"><img loading=\"lazy\" decoding=\"async\" width=\"1024\" height=\"576\" data-id=\"25046\" src=\"https:\/\/jblanz.de\/WP\/wp-content\/uploads\/2025\/02\/25Spanien-290-1024x576.jpg\" alt=\"\" class=\"wp-image-25046\" srcset=\"https:\/\/jblanz.de\/WP\/wp-content\/uploads\/2025\/02\/25Spanien-290-1024x576.jpg 1024w, https:\/\/jblanz.de\/WP\/wp-content\/uploads\/2025\/02\/25Spanien-290-300x169.jpg 300w, https:\/\/jblanz.de\/WP\/wp-content\/uploads\/2025\/02\/25Spanien-290-768x432.jpg 768w, https:\/\/jblanz.de\/WP\/wp-content\/uploads\/2025\/02\/25Spanien-290.jpg 1200w\" sizes=\"auto, (max-width: 1024px) 100vw, 1024px\" \/><\/figure>\n<\/figure>\n\n\n\n<p>Um 12 Uhr kamen wir am Camping Municipal an. Schnelle Anmeldung und dann radeln wir schon in die Stadtmitte (ca 8 km). Wenn man in eine Gro\u00dfstadt kommt, ist es immer schwierig sich zu orientieren. Wir kurvten etwas rum und landeten schliesslich an der Markthalle. Nach deren Besichtigung bekam Karin das Bed\u00fcrfnis schnell ihren Hunger zu stillen. Wir fuhren in der Stadt herum, aber alle Kneipen schienen geschlossen zu haben. Schliesslich fanden wir eine Kneipe die Tapas anbot. Alle Tische auf der Terrasse waren besetzt, aber ein Tisch wurde gerade frei. Wir schnappten uns diesen Tisch, Karin ging rein und kam mit 2 Tapas und einem Espresso zur\u00fcck. Dann ging ich rein und w\u00e4hlte aus den verschiedenen Tapas einmal gef\u00fcllte Aubergine und ein Gem\u00fcsespiesschen aus. Jedes Tapa kostete 3 \u20ac. Das reichte mir aber nicht, so holte ich Nachschub &#8211; Kr\u00e4cker mit Guacamole und Lachsstreifen und eine Garnele umwickelt mit K\u00e4se und Schinken. <\/p>\n\n\n\n<figure class=\"wp-block-gallery has-nested-images columns-2 is-cropped wp-block-gallery-3 is-layout-flex wp-block-gallery-is-layout-flex\">\n<figure class=\"wp-block-image size-large\"><img loading=\"lazy\" decoding=\"async\" width=\"1024\" height=\"576\" data-id=\"25059\" src=\"https:\/\/jblanz.de\/WP\/wp-content\/uploads\/2025\/02\/25Spanien-299-1024x576.jpg\" alt=\"\" class=\"wp-image-25059\" srcset=\"https:\/\/jblanz.de\/WP\/wp-content\/uploads\/2025\/02\/25Spanien-299-1024x576.jpg 1024w, https:\/\/jblanz.de\/WP\/wp-content\/uploads\/2025\/02\/25Spanien-299-300x169.jpg 300w, https:\/\/jblanz.de\/WP\/wp-content\/uploads\/2025\/02\/25Spanien-299-768x432.jpg 768w, https:\/\/jblanz.de\/WP\/wp-content\/uploads\/2025\/02\/25Spanien-299-1536x864.jpg 1536w, https:\/\/jblanz.de\/WP\/wp-content\/uploads\/2025\/02\/25Spanien-299-2048x1152.jpg 2048w\" sizes=\"auto, (max-width: 1024px) 100vw, 1024px\" \/><\/figure>\n\n\n\n<figure class=\"wp-block-image size-large\"><img loading=\"lazy\" decoding=\"async\" width=\"1024\" height=\"576\" data-id=\"25062\" src=\"https:\/\/jblanz.de\/WP\/wp-content\/uploads\/2025\/02\/25Spanien-294-1024x576.jpg\" alt=\"\" class=\"wp-image-25062\" srcset=\"https:\/\/jblanz.de\/WP\/wp-content\/uploads\/2025\/02\/25Spanien-294-1024x576.jpg 1024w, https:\/\/jblanz.de\/WP\/wp-content\/uploads\/2025\/02\/25Spanien-294-300x169.jpg 300w, https:\/\/jblanz.de\/WP\/wp-content\/uploads\/2025\/02\/25Spanien-294-768x432.jpg 768w, https:\/\/jblanz.de\/WP\/wp-content\/uploads\/2025\/02\/25Spanien-294-1536x864.jpg 1536w, https:\/\/jblanz.de\/WP\/wp-content\/uploads\/2025\/02\/25Spanien-294-2048x1152.jpg 2048w\" sizes=\"auto, (max-width: 1024px) 100vw, 1024px\" \/><\/figure>\n\n\n\n<figure class=\"wp-block-image size-large\"><img loading=\"lazy\" decoding=\"async\" width=\"1024\" height=\"576\" data-id=\"25061\" src=\"https:\/\/jblanz.de\/WP\/wp-content\/uploads\/2025\/02\/25Spanien-296-1024x576.jpg\" alt=\"\" class=\"wp-image-25061\" srcset=\"https:\/\/jblanz.de\/WP\/wp-content\/uploads\/2025\/02\/25Spanien-296-1024x576.jpg 1024w, https:\/\/jblanz.de\/WP\/wp-content\/uploads\/2025\/02\/25Spanien-296-300x169.jpg 300w, https:\/\/jblanz.de\/WP\/wp-content\/uploads\/2025\/02\/25Spanien-296-768x432.jpg 768w, https:\/\/jblanz.de\/WP\/wp-content\/uploads\/2025\/02\/25Spanien-296-1536x864.jpg 1536w, https:\/\/jblanz.de\/WP\/wp-content\/uploads\/2025\/02\/25Spanien-296-2048x1152.jpg 2048w\" sizes=\"auto, (max-width: 1024px) 100vw, 1024px\" \/><\/figure>\n\n\n\n<figure class=\"wp-block-image size-large\"><img loading=\"lazy\" decoding=\"async\" width=\"1024\" height=\"576\" data-id=\"25060\" src=\"https:\/\/jblanz.de\/WP\/wp-content\/uploads\/2025\/02\/25Spanien-292-1024x576.jpg\" alt=\"\" class=\"wp-image-25060\" srcset=\"https:\/\/jblanz.de\/WP\/wp-content\/uploads\/2025\/02\/25Spanien-292-1024x576.jpg 1024w, https:\/\/jblanz.de\/WP\/wp-content\/uploads\/2025\/02\/25Spanien-292-300x169.jpg 300w, https:\/\/jblanz.de\/WP\/wp-content\/uploads\/2025\/02\/25Spanien-292-768x432.jpg 768w, https:\/\/jblanz.de\/WP\/wp-content\/uploads\/2025\/02\/25Spanien-292-1536x864.jpg 1536w, https:\/\/jblanz.de\/WP\/wp-content\/uploads\/2025\/02\/25Spanien-292-2048x1152.jpg 2048w\" sizes=\"auto, (max-width: 1024px) 100vw, 1024px\" \/><\/figure>\n\n\n\n<figure class=\"wp-block-image size-full\"><img loading=\"lazy\" decoding=\"async\" width=\"2560\" height=\"1440\" data-id=\"25063\" src=\"https:\/\/jblanz.de\/WP\/wp-content\/uploads\/2025\/02\/25Spanien-302-scaled.jpg\" alt=\"\" class=\"wp-image-25063\" srcset=\"https:\/\/jblanz.de\/WP\/wp-content\/uploads\/2025\/02\/25Spanien-302-scaled.jpg 2560w, https:\/\/jblanz.de\/WP\/wp-content\/uploads\/2025\/02\/25Spanien-302-300x169.jpg 300w, https:\/\/jblanz.de\/WP\/wp-content\/uploads\/2025\/02\/25Spanien-302-1024x576.jpg 1024w, https:\/\/jblanz.de\/WP\/wp-content\/uploads\/2025\/02\/25Spanien-302-768x432.jpg 768w, https:\/\/jblanz.de\/WP\/wp-content\/uploads\/2025\/02\/25Spanien-302-1536x864.jpg 1536w, https:\/\/jblanz.de\/WP\/wp-content\/uploads\/2025\/02\/25Spanien-302-2048x1152.jpg 2048w\" sizes=\"auto, (max-width: 2560px) 100vw, 2560px\" \/><\/figure>\n\n\n\n<figure class=\"wp-block-image size-large\"><img loading=\"lazy\" decoding=\"async\" width=\"1024\" height=\"576\" data-id=\"25058\" src=\"https:\/\/jblanz.de\/WP\/wp-content\/uploads\/2025\/02\/25Spanien-301-1024x576.jpg\" alt=\"\" class=\"wp-image-25058\" srcset=\"https:\/\/jblanz.de\/WP\/wp-content\/uploads\/2025\/02\/25Spanien-301-1024x576.jpg 1024w, https:\/\/jblanz.de\/WP\/wp-content\/uploads\/2025\/02\/25Spanien-301-300x169.jpg 300w, https:\/\/jblanz.de\/WP\/wp-content\/uploads\/2025\/02\/25Spanien-301-768x432.jpg 768w, https:\/\/jblanz.de\/WP\/wp-content\/uploads\/2025\/02\/25Spanien-301-1536x864.jpg 1536w, https:\/\/jblanz.de\/WP\/wp-content\/uploads\/2025\/02\/25Spanien-301-2048x1152.jpg 2048w\" sizes=\"auto, (max-width: 1024px) 100vw, 1024px\" \/><\/figure>\n<\/figure>\n\n\n\n<p>Ges\u00e4ttigt fuhren wir zur maurischen Burg Aljafer\u00eda, die zum Weltkulturerbe z\u00e4hlt. Der Palast hat einen grob quadratischen Grundriss und ist von Wehrmauern und einem Graben umgeben. Die \u00e4ltesten Teile stammen aus der Zeit der maurischen Herrschaft (ab 1065), im Laufe der Jahrhunderte wurden mehrfach Teile hinzugef\u00fcgt und ver\u00e4ndert. Seit 1987 tagen die <i>Cortes de Arag\u00f3n<\/i>, das aragonesische Parlament, in einem Saal der Burg. Im Obergeschoss war eine Ausstellung dem Maler Goya gewidmet. Besonders eindrucksvoll waren die bemalten Decken einiger S\u00e4le.<\/p>\n\n\n\n<figure class=\"wp-block-gallery has-nested-images columns-2 is-cropped wp-block-gallery-4 is-layout-flex wp-block-gallery-is-layout-flex\">\n<figure class=\"wp-block-image size-full\"><img loading=\"lazy\" decoding=\"async\" width=\"2560\" height=\"1440\" data-id=\"25068\" src=\"https:\/\/jblanz.de\/WP\/wp-content\/uploads\/2025\/02\/25Spanien-306-scaled.jpg\" alt=\"\" class=\"wp-image-25068\" srcset=\"https:\/\/jblanz.de\/WP\/wp-content\/uploads\/2025\/02\/25Spanien-306-scaled.jpg 2560w, https:\/\/jblanz.de\/WP\/wp-content\/uploads\/2025\/02\/25Spanien-306-300x169.jpg 300w, https:\/\/jblanz.de\/WP\/wp-content\/uploads\/2025\/02\/25Spanien-306-1024x576.jpg 1024w, https:\/\/jblanz.de\/WP\/wp-content\/uploads\/2025\/02\/25Spanien-306-768x432.jpg 768w, https:\/\/jblanz.de\/WP\/wp-content\/uploads\/2025\/02\/25Spanien-306-1536x864.jpg 1536w, https:\/\/jblanz.de\/WP\/wp-content\/uploads\/2025\/02\/25Spanien-306-2048x1152.jpg 2048w\" sizes=\"auto, (max-width: 2560px) 100vw, 2560px\" \/><\/figure>\n\n\n\n<figure class=\"wp-block-image size-full\"><img loading=\"lazy\" decoding=\"async\" width=\"2560\" height=\"1440\" data-id=\"25079\" src=\"https:\/\/jblanz.de\/WP\/wp-content\/uploads\/2025\/02\/25Spanien-308-scaled.jpg\" alt=\"\" class=\"wp-image-25079\" srcset=\"https:\/\/jblanz.de\/WP\/wp-content\/uploads\/2025\/02\/25Spanien-308-scaled.jpg 2560w, https:\/\/jblanz.de\/WP\/wp-content\/uploads\/2025\/02\/25Spanien-308-300x169.jpg 300w, https:\/\/jblanz.de\/WP\/wp-content\/uploads\/2025\/02\/25Spanien-308-1024x576.jpg 1024w, https:\/\/jblanz.de\/WP\/wp-content\/uploads\/2025\/02\/25Spanien-308-768x432.jpg 768w, https:\/\/jblanz.de\/WP\/wp-content\/uploads\/2025\/02\/25Spanien-308-1536x864.jpg 1536w, https:\/\/jblanz.de\/WP\/wp-content\/uploads\/2025\/02\/25Spanien-308-2048x1152.jpg 2048w\" sizes=\"auto, (max-width: 2560px) 100vw, 2560px\" \/><\/figure>\n\n\n\n<figure class=\"wp-block-image size-full\"><img loading=\"lazy\" decoding=\"async\" width=\"2560\" height=\"1440\" data-id=\"25070\" src=\"https:\/\/jblanz.de\/WP\/wp-content\/uploads\/2025\/02\/25Spanien-309-Edit-scaled.jpg\" alt=\"\" class=\"wp-image-25070\" srcset=\"https:\/\/jblanz.de\/WP\/wp-content\/uploads\/2025\/02\/25Spanien-309-Edit-scaled.jpg 2560w, https:\/\/jblanz.de\/WP\/wp-content\/uploads\/2025\/02\/25Spanien-309-Edit-300x169.jpg 300w, https:\/\/jblanz.de\/WP\/wp-content\/uploads\/2025\/02\/25Spanien-309-Edit-1024x576.jpg 1024w, https:\/\/jblanz.de\/WP\/wp-content\/uploads\/2025\/02\/25Spanien-309-Edit-768x432.jpg 768w, https:\/\/jblanz.de\/WP\/wp-content\/uploads\/2025\/02\/25Spanien-309-Edit-1536x864.jpg 1536w, https:\/\/jblanz.de\/WP\/wp-content\/uploads\/2025\/02\/25Spanien-309-Edit-2048x1152.jpg 2048w\" sizes=\"auto, (max-width: 2560px) 100vw, 2560px\" \/><\/figure>\n\n\n\n<figure class=\"wp-block-image size-full\"><img loading=\"lazy\" decoding=\"async\" width=\"2560\" height=\"1440\" data-id=\"25084\" src=\"https:\/\/jblanz.de\/WP\/wp-content\/uploads\/2025\/02\/25Spanien-310-scaled.jpg\" alt=\"\" class=\"wp-image-25084\" srcset=\"https:\/\/jblanz.de\/WP\/wp-content\/uploads\/2025\/02\/25Spanien-310-scaled.jpg 2560w, https:\/\/jblanz.de\/WP\/wp-content\/uploads\/2025\/02\/25Spanien-310-300x169.jpg 300w, https:\/\/jblanz.de\/WP\/wp-content\/uploads\/2025\/02\/25Spanien-310-1024x576.jpg 1024w, https:\/\/jblanz.de\/WP\/wp-content\/uploads\/2025\/02\/25Spanien-310-768x432.jpg 768w, https:\/\/jblanz.de\/WP\/wp-content\/uploads\/2025\/02\/25Spanien-310-1536x864.jpg 1536w, https:\/\/jblanz.de\/WP\/wp-content\/uploads\/2025\/02\/25Spanien-310-2048x1152.jpg 2048w\" sizes=\"auto, (max-width: 2560px) 100vw, 2560px\" \/><\/figure>\n\n\n\n<figure class=\"wp-block-image size-full\"><img loading=\"lazy\" decoding=\"async\" width=\"2242\" height=\"1261\" data-id=\"25069\" src=\"https:\/\/jblanz.de\/WP\/wp-content\/uploads\/2025\/02\/25Spanien-311.jpg\" alt=\"\" class=\"wp-image-25069\" srcset=\"https:\/\/jblanz.de\/WP\/wp-content\/uploads\/2025\/02\/25Spanien-311.jpg 2242w, https:\/\/jblanz.de\/WP\/wp-content\/uploads\/2025\/02\/25Spanien-311-300x169.jpg 300w, https:\/\/jblanz.de\/WP\/wp-content\/uploads\/2025\/02\/25Spanien-311-1024x576.jpg 1024w, https:\/\/jblanz.de\/WP\/wp-content\/uploads\/2025\/02\/25Spanien-311-768x432.jpg 768w, https:\/\/jblanz.de\/WP\/wp-content\/uploads\/2025\/02\/25Spanien-311-1536x864.jpg 1536w, https:\/\/jblanz.de\/WP\/wp-content\/uploads\/2025\/02\/25Spanien-311-2048x1152.jpg 2048w\" sizes=\"auto, (max-width: 2242px) 100vw, 2242px\" \/><\/figure>\n\n\n\n<figure class=\"wp-block-image size-full\"><img loading=\"lazy\" decoding=\"async\" width=\"2093\" height=\"1177\" data-id=\"25072\" src=\"https:\/\/jblanz.de\/WP\/wp-content\/uploads\/2025\/02\/25Spanien-313.jpg\" alt=\"\" class=\"wp-image-25072\" srcset=\"https:\/\/jblanz.de\/WP\/wp-content\/uploads\/2025\/02\/25Spanien-313.jpg 2093w, https:\/\/jblanz.de\/WP\/wp-content\/uploads\/2025\/02\/25Spanien-313-300x169.jpg 300w, https:\/\/jblanz.de\/WP\/wp-content\/uploads\/2025\/02\/25Spanien-313-1024x576.jpg 1024w, https:\/\/jblanz.de\/WP\/wp-content\/uploads\/2025\/02\/25Spanien-313-768x432.jpg 768w, https:\/\/jblanz.de\/WP\/wp-content\/uploads\/2025\/02\/25Spanien-313-1536x864.jpg 1536w, https:\/\/jblanz.de\/WP\/wp-content\/uploads\/2025\/02\/25Spanien-313-2048x1152.jpg 2048w\" sizes=\"auto, (max-width: 2093px) 100vw, 2093px\" \/><\/figure>\n\n\n\n<figure class=\"wp-block-image size-full\"><img loading=\"lazy\" decoding=\"async\" width=\"2560\" height=\"1440\" data-id=\"25071\" src=\"https:\/\/jblanz.de\/WP\/wp-content\/uploads\/2025\/02\/25Spanien-314-scaled.jpg\" alt=\"\" class=\"wp-image-25071\" srcset=\"https:\/\/jblanz.de\/WP\/wp-content\/uploads\/2025\/02\/25Spanien-314-scaled.jpg 2560w, https:\/\/jblanz.de\/WP\/wp-content\/uploads\/2025\/02\/25Spanien-314-300x169.jpg 300w, https:\/\/jblanz.de\/WP\/wp-content\/uploads\/2025\/02\/25Spanien-314-1024x576.jpg 1024w, https:\/\/jblanz.de\/WP\/wp-content\/uploads\/2025\/02\/25Spanien-314-768x432.jpg 768w, https:\/\/jblanz.de\/WP\/wp-content\/uploads\/2025\/02\/25Spanien-314-1536x864.jpg 1536w, https:\/\/jblanz.de\/WP\/wp-content\/uploads\/2025\/02\/25Spanien-314-2048x1152.jpg 2048w\" sizes=\"auto, (max-width: 2560px) 100vw, 2560px\" \/><\/figure>\n\n\n\n<figure class=\"wp-block-image size-full\"><img loading=\"lazy\" decoding=\"async\" width=\"2560\" height=\"1440\" data-id=\"25078\" src=\"https:\/\/jblanz.de\/WP\/wp-content\/uploads\/2025\/02\/25Spanien-316-scaled.jpg\" alt=\"\" class=\"wp-image-25078\" srcset=\"https:\/\/jblanz.de\/WP\/wp-content\/uploads\/2025\/02\/25Spanien-316-scaled.jpg 2560w, https:\/\/jblanz.de\/WP\/wp-content\/uploads\/2025\/02\/25Spanien-316-300x169.jpg 300w, https:\/\/jblanz.de\/WP\/wp-content\/uploads\/2025\/02\/25Spanien-316-1024x576.jpg 1024w, https:\/\/jblanz.de\/WP\/wp-content\/uploads\/2025\/02\/25Spanien-316-768x432.jpg 768w, https:\/\/jblanz.de\/WP\/wp-content\/uploads\/2025\/02\/25Spanien-316-1536x864.jpg 1536w, https:\/\/jblanz.de\/WP\/wp-content\/uploads\/2025\/02\/25Spanien-316-2048x1152.jpg 2048w\" sizes=\"auto, (max-width: 2560px) 100vw, 2560px\" \/><\/figure>\n\n\n\n<figure class=\"wp-block-image size-full\"><img loading=\"lazy\" decoding=\"async\" width=\"2560\" height=\"1440\" data-id=\"25081\" src=\"https:\/\/jblanz.de\/WP\/wp-content\/uploads\/2025\/02\/25Spanien-317-scaled.jpg\" alt=\"\" class=\"wp-image-25081\" srcset=\"https:\/\/jblanz.de\/WP\/wp-content\/uploads\/2025\/02\/25Spanien-317-scaled.jpg 2560w, https:\/\/jblanz.de\/WP\/wp-content\/uploads\/2025\/02\/25Spanien-317-300x169.jpg 300w, https:\/\/jblanz.de\/WP\/wp-content\/uploads\/2025\/02\/25Spanien-317-1024x576.jpg 1024w, https:\/\/jblanz.de\/WP\/wp-content\/uploads\/2025\/02\/25Spanien-317-768x432.jpg 768w, https:\/\/jblanz.de\/WP\/wp-content\/uploads\/2025\/02\/25Spanien-317-1536x864.jpg 1536w, https:\/\/jblanz.de\/WP\/wp-content\/uploads\/2025\/02\/25Spanien-317-2048x1152.jpg 2048w\" sizes=\"auto, (max-width: 2560px) 100vw, 2560px\" \/><\/figure>\n\n\n\n<figure class=\"wp-block-image size-full\"><img loading=\"lazy\" decoding=\"async\" width=\"2560\" height=\"1440\" data-id=\"25075\" src=\"https:\/\/jblanz.de\/WP\/wp-content\/uploads\/2025\/02\/25Spanien-318-scaled.jpg\" alt=\"\" class=\"wp-image-25075\" srcset=\"https:\/\/jblanz.de\/WP\/wp-content\/uploads\/2025\/02\/25Spanien-318-scaled.jpg 2560w, https:\/\/jblanz.de\/WP\/wp-content\/uploads\/2025\/02\/25Spanien-318-300x169.jpg 300w, https:\/\/jblanz.de\/WP\/wp-content\/uploads\/2025\/02\/25Spanien-318-1024x576.jpg 1024w, https:\/\/jblanz.de\/WP\/wp-content\/uploads\/2025\/02\/25Spanien-318-768x432.jpg 768w, https:\/\/jblanz.de\/WP\/wp-content\/uploads\/2025\/02\/25Spanien-318-1536x864.jpg 1536w, https:\/\/jblanz.de\/WP\/wp-content\/uploads\/2025\/02\/25Spanien-318-2048x1152.jpg 2048w\" sizes=\"auto, (max-width: 2560px) 100vw, 2560px\" \/><\/figure>\n\n\n\n<figure class=\"wp-block-image size-full\"><img loading=\"lazy\" decoding=\"async\" width=\"2560\" height=\"1440\" data-id=\"25074\" src=\"https:\/\/jblanz.de\/WP\/wp-content\/uploads\/2025\/02\/25Spanien-322-scaled.jpg\" alt=\"\" class=\"wp-image-25074\" srcset=\"https:\/\/jblanz.de\/WP\/wp-content\/uploads\/2025\/02\/25Spanien-322-scaled.jpg 2560w, https:\/\/jblanz.de\/WP\/wp-content\/uploads\/2025\/02\/25Spanien-322-300x169.jpg 300w, https:\/\/jblanz.de\/WP\/wp-content\/uploads\/2025\/02\/25Spanien-322-1024x576.jpg 1024w, https:\/\/jblanz.de\/WP\/wp-content\/uploads\/2025\/02\/25Spanien-322-768x432.jpg 768w, https:\/\/jblanz.de\/WP\/wp-content\/uploads\/2025\/02\/25Spanien-322-1536x864.jpg 1536w, https:\/\/jblanz.de\/WP\/wp-content\/uploads\/2025\/02\/25Spanien-322-2048x1152.jpg 2048w\" sizes=\"auto, (max-width: 2560px) 100vw, 2560px\" \/><\/figure>\n\n\n\n<figure class=\"wp-block-image size-full\"><img loading=\"lazy\" decoding=\"async\" width=\"2560\" height=\"1440\" data-id=\"25082\" src=\"https:\/\/jblanz.de\/WP\/wp-content\/uploads\/2025\/02\/25Spanien-324-scaled.jpg\" alt=\"\" class=\"wp-image-25082\" srcset=\"https:\/\/jblanz.de\/WP\/wp-content\/uploads\/2025\/02\/25Spanien-324-scaled.jpg 2560w, https:\/\/jblanz.de\/WP\/wp-content\/uploads\/2025\/02\/25Spanien-324-300x169.jpg 300w, https:\/\/jblanz.de\/WP\/wp-content\/uploads\/2025\/02\/25Spanien-324-1024x576.jpg 1024w, https:\/\/jblanz.de\/WP\/wp-content\/uploads\/2025\/02\/25Spanien-324-768x432.jpg 768w, https:\/\/jblanz.de\/WP\/wp-content\/uploads\/2025\/02\/25Spanien-324-1536x864.jpg 1536w, https:\/\/jblanz.de\/WP\/wp-content\/uploads\/2025\/02\/25Spanien-324-2048x1152.jpg 2048w\" sizes=\"auto, (max-width: 2560px) 100vw, 2560px\" \/><\/figure>\n\n\n\n<figure class=\"wp-block-image size-full\"><img loading=\"lazy\" decoding=\"async\" width=\"2560\" height=\"1440\" data-id=\"25077\" src=\"https:\/\/jblanz.de\/WP\/wp-content\/uploads\/2025\/02\/25Spanien-325-scaled.jpg\" alt=\"\" class=\"wp-image-25077\" srcset=\"https:\/\/jblanz.de\/WP\/wp-content\/uploads\/2025\/02\/25Spanien-325-scaled.jpg 2560w, https:\/\/jblanz.de\/WP\/wp-content\/uploads\/2025\/02\/25Spanien-325-300x169.jpg 300w, https:\/\/jblanz.de\/WP\/wp-content\/uploads\/2025\/02\/25Spanien-325-1024x576.jpg 1024w, https:\/\/jblanz.de\/WP\/wp-content\/uploads\/2025\/02\/25Spanien-325-768x432.jpg 768w, https:\/\/jblanz.de\/WP\/wp-content\/uploads\/2025\/02\/25Spanien-325-1536x864.jpg 1536w, https:\/\/jblanz.de\/WP\/wp-content\/uploads\/2025\/02\/25Spanien-325-2048x1152.jpg 2048w\" sizes=\"auto, (max-width: 2560px) 100vw, 2560px\" \/><\/figure>\n\n\n\n<figure class=\"wp-block-image size-full\"><img loading=\"lazy\" decoding=\"async\" width=\"2560\" height=\"1440\" data-id=\"25083\" src=\"https:\/\/jblanz.de\/WP\/wp-content\/uploads\/2025\/02\/25Spanien-326-scaled.jpg\" alt=\"\" class=\"wp-image-25083\" srcset=\"https:\/\/jblanz.de\/WP\/wp-content\/uploads\/2025\/02\/25Spanien-326-scaled.jpg 2560w, https:\/\/jblanz.de\/WP\/wp-content\/uploads\/2025\/02\/25Spanien-326-300x169.jpg 300w, https:\/\/jblanz.de\/WP\/wp-content\/uploads\/2025\/02\/25Spanien-326-1024x576.jpg 1024w, https:\/\/jblanz.de\/WP\/wp-content\/uploads\/2025\/02\/25Spanien-326-768x432.jpg 768w, https:\/\/jblanz.de\/WP\/wp-content\/uploads\/2025\/02\/25Spanien-326-1536x864.jpg 1536w, https:\/\/jblanz.de\/WP\/wp-content\/uploads\/2025\/02\/25Spanien-326-2048x1152.jpg 2048w\" sizes=\"auto, (max-width: 2560px) 100vw, 2560px\" \/><\/figure>\n\n\n\n<figure class=\"wp-block-image size-full\"><img loading=\"lazy\" decoding=\"async\" width=\"2560\" height=\"1440\" data-id=\"25076\" src=\"https:\/\/jblanz.de\/WP\/wp-content\/uploads\/2025\/02\/25Spanien-328-scaled.jpg\" alt=\"\" class=\"wp-image-25076\" srcset=\"https:\/\/jblanz.de\/WP\/wp-content\/uploads\/2025\/02\/25Spanien-328-scaled.jpg 2560w, https:\/\/jblanz.de\/WP\/wp-content\/uploads\/2025\/02\/25Spanien-328-300x169.jpg 300w, https:\/\/jblanz.de\/WP\/wp-content\/uploads\/2025\/02\/25Spanien-328-1024x576.jpg 1024w, https:\/\/jblanz.de\/WP\/wp-content\/uploads\/2025\/02\/25Spanien-328-768x432.jpg 768w, https:\/\/jblanz.de\/WP\/wp-content\/uploads\/2025\/02\/25Spanien-328-1536x864.jpg 1536w, https:\/\/jblanz.de\/WP\/wp-content\/uploads\/2025\/02\/25Spanien-328-2048x1152.jpg 2048w\" sizes=\"auto, (max-width: 2560px) 100vw, 2560px\" \/><\/figure>\n\n\n\n<figure class=\"wp-block-image size-full\"><img loading=\"lazy\" decoding=\"async\" width=\"2560\" height=\"1440\" data-id=\"25073\" src=\"https:\/\/jblanz.de\/WP\/wp-content\/uploads\/2025\/02\/25Spanien-329-scaled.jpg\" alt=\"\" class=\"wp-image-25073\" srcset=\"https:\/\/jblanz.de\/WP\/wp-content\/uploads\/2025\/02\/25Spanien-329-scaled.jpg 2560w, https:\/\/jblanz.de\/WP\/wp-content\/uploads\/2025\/02\/25Spanien-329-300x169.jpg 300w, https:\/\/jblanz.de\/WP\/wp-content\/uploads\/2025\/02\/25Spanien-329-1024x576.jpg 1024w, https:\/\/jblanz.de\/WP\/wp-content\/uploads\/2025\/02\/25Spanien-329-768x432.jpg 768w, https:\/\/jblanz.de\/WP\/wp-content\/uploads\/2025\/02\/25Spanien-329-1536x864.jpg 1536w, https:\/\/jblanz.de\/WP\/wp-content\/uploads\/2025\/02\/25Spanien-329-2048x1152.jpg 2048w\" sizes=\"auto, (max-width: 2560px) 100vw, 2560px\" \/><\/figure>\n\n\n\n<figure class=\"wp-block-image size-full\"><img loading=\"lazy\" decoding=\"async\" width=\"2560\" height=\"1440\" data-id=\"25080\" src=\"https:\/\/jblanz.de\/WP\/wp-content\/uploads\/2025\/02\/25Spanien-327-scaled.jpg\" alt=\"\" class=\"wp-image-25080\" srcset=\"https:\/\/jblanz.de\/WP\/wp-content\/uploads\/2025\/02\/25Spanien-327-scaled.jpg 2560w, https:\/\/jblanz.de\/WP\/wp-content\/uploads\/2025\/02\/25Spanien-327-300x169.jpg 300w, https:\/\/jblanz.de\/WP\/wp-content\/uploads\/2025\/02\/25Spanien-327-1024x576.jpg 1024w, https:\/\/jblanz.de\/WP\/wp-content\/uploads\/2025\/02\/25Spanien-327-768x432.jpg 768w, https:\/\/jblanz.de\/WP\/wp-content\/uploads\/2025\/02\/25Spanien-327-1536x864.jpg 1536w, https:\/\/jblanz.de\/WP\/wp-content\/uploads\/2025\/02\/25Spanien-327-2048x1152.jpg 2048w\" sizes=\"auto, (max-width: 2560px) 100vw, 2560px\" \/><\/figure>\n<\/figure>\n\n\n\n<p>Auf dem grossen Platz vor der Basilika trafen sich hunderte Leute, die zu einer Musik aus dem Lautsprecher Kastagnetten<a href=\"https:\/\/www.google.com\/search?client=firefox-b-d&amp;sca_esv=1f7d421d0a8742ec&amp;sxsrf=AHTn8zq2lUmLR7DK75MdnH_cXv9J2BRUtw:1739699409584&amp;q=Kastagnetten&amp;spell=1&amp;sa=X&amp;ved=2ahUKEwj00cuq9ceLAxVk2QIHHXR7APsQkeECKAB6BAgKEAE\"><strong><em> <\/em><\/strong><\/a>spielten und dazu tanzten. Der Zweck der Veranstaltung war uns nicht ersichtlich. <\/p>\n\n\n\n<figure class=\"wp-block-video\"><video height=\"1080\" style=\"aspect-ratio: 1920 \/ 1080;\" width=\"1920\" controls src=\"https:\/\/jblanz.de\/WP\/wp-content\/uploads\/2025\/02\/Kastanetten.mp4\" playsinline><\/video><\/figure>\n\n\n\n<p>Da sich die Vorbereitungen f\u00fcr den Event hinzogen, besichtigten wir zwischendurch die Basilika de Nuestra Se\u00f1ora del Pilar.<\/p>\n\n\n\n<figure class=\"wp-block-gallery has-nested-images columns-2 is-cropped wp-block-gallery-5 is-layout-flex wp-block-gallery-is-layout-flex\">\n<figure class=\"wp-block-image size-full\"><img loading=\"lazy\" decoding=\"async\" width=\"2560\" height=\"1440\" data-id=\"25092\" src=\"https:\/\/jblanz.de\/WP\/wp-content\/uploads\/2025\/02\/25Spanien-332-scaled.jpg\" alt=\"\" class=\"wp-image-25092\" srcset=\"https:\/\/jblanz.de\/WP\/wp-content\/uploads\/2025\/02\/25Spanien-332-scaled.jpg 2560w, https:\/\/jblanz.de\/WP\/wp-content\/uploads\/2025\/02\/25Spanien-332-300x169.jpg 300w, https:\/\/jblanz.de\/WP\/wp-content\/uploads\/2025\/02\/25Spanien-332-1024x576.jpg 1024w, https:\/\/jblanz.de\/WP\/wp-content\/uploads\/2025\/02\/25Spanien-332-768x432.jpg 768w, https:\/\/jblanz.de\/WP\/wp-content\/uploads\/2025\/02\/25Spanien-332-1536x864.jpg 1536w, https:\/\/jblanz.de\/WP\/wp-content\/uploads\/2025\/02\/25Spanien-332-2048x1152.jpg 2048w\" sizes=\"auto, (max-width: 2560px) 100vw, 2560px\" \/><\/figure>\n\n\n\n<figure class=\"wp-block-image size-full\"><img loading=\"lazy\" decoding=\"async\" width=\"2560\" height=\"1440\" data-id=\"25091\" src=\"https:\/\/jblanz.de\/WP\/wp-content\/uploads\/2025\/02\/25Spanien-333-Edit-scaled.jpg\" alt=\"\" class=\"wp-image-25091\" srcset=\"https:\/\/jblanz.de\/WP\/wp-content\/uploads\/2025\/02\/25Spanien-333-Edit-scaled.jpg 2560w, https:\/\/jblanz.de\/WP\/wp-content\/uploads\/2025\/02\/25Spanien-333-Edit-300x169.jpg 300w, https:\/\/jblanz.de\/WP\/wp-content\/uploads\/2025\/02\/25Spanien-333-Edit-1024x576.jpg 1024w, https:\/\/jblanz.de\/WP\/wp-content\/uploads\/2025\/02\/25Spanien-333-Edit-768x432.jpg 768w, https:\/\/jblanz.de\/WP\/wp-content\/uploads\/2025\/02\/25Spanien-333-Edit-1536x864.jpg 1536w, https:\/\/jblanz.de\/WP\/wp-content\/uploads\/2025\/02\/25Spanien-333-Edit-2048x1152.jpg 2048w\" sizes=\"auto, (max-width: 2560px) 100vw, 2560px\" \/><\/figure>\n\n\n\n<figure class=\"wp-block-image size-full\"><img loading=\"lazy\" decoding=\"async\" width=\"2560\" height=\"1440\" data-id=\"25090\" src=\"https:\/\/jblanz.de\/WP\/wp-content\/uploads\/2025\/02\/25Spanien-334-scaled.jpg\" alt=\"\" class=\"wp-image-25090\" srcset=\"https:\/\/jblanz.de\/WP\/wp-content\/uploads\/2025\/02\/25Spanien-334-scaled.jpg 2560w, https:\/\/jblanz.de\/WP\/wp-content\/uploads\/2025\/02\/25Spanien-334-300x169.jpg 300w, https:\/\/jblanz.de\/WP\/wp-content\/uploads\/2025\/02\/25Spanien-334-1024x576.jpg 1024w, https:\/\/jblanz.de\/WP\/wp-content\/uploads\/2025\/02\/25Spanien-334-768x432.jpg 768w, https:\/\/jblanz.de\/WP\/wp-content\/uploads\/2025\/02\/25Spanien-334-1536x864.jpg 1536w, https:\/\/jblanz.de\/WP\/wp-content\/uploads\/2025\/02\/25Spanien-334-2048x1152.jpg 2048w\" sizes=\"auto, (max-width: 2560px) 100vw, 2560px\" \/><\/figure>\n\n\n\n<figure class=\"wp-block-image size-full\"><img loading=\"lazy\" decoding=\"async\" width=\"2560\" height=\"1440\" data-id=\"25093\" src=\"https:\/\/jblanz.de\/WP\/wp-content\/uploads\/2025\/02\/25Spanien-331-scaled.jpg\" alt=\"\" class=\"wp-image-25093\" srcset=\"https:\/\/jblanz.de\/WP\/wp-content\/uploads\/2025\/02\/25Spanien-331-scaled.jpg 2560w, https:\/\/jblanz.de\/WP\/wp-content\/uploads\/2025\/02\/25Spanien-331-300x169.jpg 300w, https:\/\/jblanz.de\/WP\/wp-content\/uploads\/2025\/02\/25Spanien-331-1024x576.jpg 1024w, https:\/\/jblanz.de\/WP\/wp-content\/uploads\/2025\/02\/25Spanien-331-768x432.jpg 768w, https:\/\/jblanz.de\/WP\/wp-content\/uploads\/2025\/02\/25Spanien-331-1536x864.jpg 1536w, https:\/\/jblanz.de\/WP\/wp-content\/uploads\/2025\/02\/25Spanien-331-2048x1152.jpg 2048w\" sizes=\"auto, (max-width: 2560px) 100vw, 2560px\" \/><\/figure>\n\n\n\n<figure class=\"wp-block-image size-full\"><img loading=\"lazy\" decoding=\"async\" width=\"2560\" height=\"1440\" data-id=\"25094\" src=\"https:\/\/jblanz.de\/WP\/wp-content\/uploads\/2025\/02\/25Spanien-336-scaled.jpg\" alt=\"\" class=\"wp-image-25094\" srcset=\"https:\/\/jblanz.de\/WP\/wp-content\/uploads\/2025\/02\/25Spanien-336-scaled.jpg 2560w, https:\/\/jblanz.de\/WP\/wp-content\/uploads\/2025\/02\/25Spanien-336-300x169.jpg 300w, https:\/\/jblanz.de\/WP\/wp-content\/uploads\/2025\/02\/25Spanien-336-1024x576.jpg 1024w, https:\/\/jblanz.de\/WP\/wp-content\/uploads\/2025\/02\/25Spanien-336-768x432.jpg 768w, https:\/\/jblanz.de\/WP\/wp-content\/uploads\/2025\/02\/25Spanien-336-1536x864.jpg 1536w, https:\/\/jblanz.de\/WP\/wp-content\/uploads\/2025\/02\/25Spanien-336-2048x1152.jpg 2048w\" sizes=\"auto, (max-width: 2560px) 100vw, 2560px\" \/><\/figure>\n\n\n\n<figure class=\"wp-block-image size-full\"><img loading=\"lazy\" decoding=\"async\" width=\"2560\" height=\"1440\" data-id=\"25089\" src=\"https:\/\/jblanz.de\/WP\/wp-content\/uploads\/2025\/02\/25Spanien-342-scaled.jpg\" alt=\"\" class=\"wp-image-25089\" srcset=\"https:\/\/jblanz.de\/WP\/wp-content\/uploads\/2025\/02\/25Spanien-342-scaled.jpg 2560w, https:\/\/jblanz.de\/WP\/wp-content\/uploads\/2025\/02\/25Spanien-342-300x169.jpg 300w, https:\/\/jblanz.de\/WP\/wp-content\/uploads\/2025\/02\/25Spanien-342-1024x576.jpg 1024w, https:\/\/jblanz.de\/WP\/wp-content\/uploads\/2025\/02\/25Spanien-342-768x432.jpg 768w, https:\/\/jblanz.de\/WP\/wp-content\/uploads\/2025\/02\/25Spanien-342-1536x864.jpg 1536w, https:\/\/jblanz.de\/WP\/wp-content\/uploads\/2025\/02\/25Spanien-342-2048x1152.jpg 2048w\" sizes=\"auto, (max-width: 2560px) 100vw, 2560px\" \/><\/figure>\n<\/figure>\n\n\n\n<p>Die R\u00fcckfahrt war leider ziemlich aufregend. Karins Computer am Fahrrad fiel st\u00e4ndig aus und sie muss ohne Motorunterst\u00fctzung weite Teile des R\u00fcckwegs fahren. Bei der Ankunft war sie ziemlich fertig und brauchte sofort eine Dusche. Und der Zukunft fahren wir nie mehr ohne Powerbank und passendem Kabel los. Zus\u00e4tzlich funktionierte die Aufladung meines iphones am Halter meines Fahrrads nicht, so dass die Route nur noch \u00fcber Karins Handy anzeigbar war. <\/p>\n\n\n","protected":false},"excerpt":{"rendered":"<p>Heute morgen wachten wir wieder bei sch\u00f6nstem Sonnenschein auf. Die ersten Bilder zeigen den Stellplatz, auf dem wir \u00fcbernachtet haben<\/p>\n","protected":false},"author":1,"featured_media":25089,"comment_status":"open","ping_status":"open","sticky":false,"template":"","format":"standard","meta":{"colormag_page_container_layout":"default_layout","colormag_page_sidebar_layout":"default_layout","_monsterinsights_skip_tracking":false,"_monsterinsights_sitenote_active":false,"_monsterinsights_sitenote_note":"","_monsterinsights_sitenote_category":0,"footnotes":""},"categories":[269,314,315,159,268,307,197],"tags":[],"class_list":["post-25035","post","type-post","status-publish","format-standard","has-post-thumbnail","hentry","category-2020-jahr","category-314","category-2025-2020-jahr","category-europa","category-jahr","category-k-z","category-spanien"],"yoast_head":"<!-- This site is optimized with the Yoast SEO plugin v27.4 - https:\/\/yoast.com\/product\/yoast-seo-wordpress\/ -->\n<title>15. Februar 2025 - Zaragoza - Reiseblog von Karin &amp; Joachim<\/title>\n<meta name=\"robots\" content=\"index, follow, max-snippet:-1, max-image-preview:large, max-video-preview:-1\" \/>\n<link rel=\"canonical\" href=\"https:\/\/jblanz.de\/WP\/15-februar-2025-zaragoza\/\" \/>\n<meta property=\"og:locale\" content=\"de_DE\" \/>\n<meta property=\"og:type\" content=\"article\" \/>\n<meta property=\"og:title\" content=\"15. Februar 2025 - Zaragoza - Reiseblog von Karin &amp; Joachim\" \/>\n<meta property=\"og:description\" content=\"Heute morgen wachten wir wieder bei sch\u00f6nstem Sonnenschein auf. Die ersten Bilder zeigen den Stellplatz, auf dem wir \u00fcbernachtet haben\" \/>\n<meta property=\"og:url\" content=\"https:\/\/jblanz.de\/WP\/15-februar-2025-zaragoza\/\" \/>\n<meta property=\"og:site_name\" content=\"Reiseblog von Karin &amp; Joachim\" \/>\n<meta property=\"article:published_time\" content=\"2025-02-15T18:25:27+00:00\" \/>\n<meta property=\"article:modified_time\" content=\"2025-02-16T19:40:59+00:00\" \/>\n<meta property=\"og:image\" content=\"https:\/\/jblanz.de\/WP\/wp-content\/uploads\/2025\/02\/25Spanien-342-scaled.jpg\" \/>\n\t<meta property=\"og:image:width\" content=\"2560\" \/>\n\t<meta property=\"og:image:height\" content=\"1440\" \/>\n\t<meta property=\"og:image:type\" content=\"image\/jpeg\" \/>\n<meta name=\"author\" content=\"Achim\" \/>\n<meta name=\"twitter:card\" content=\"summary_large_image\" \/>\n<meta name=\"twitter:label1\" content=\"Verfasst von\" \/>\n\t<meta name=\"twitter:data1\" content=\"Achim\" \/>\n\t<meta name=\"twitter:label2\" content=\"Gesch\u00e4tzte Lesezeit\" \/>\n\t<meta name=\"twitter:data2\" content=\"10\u00a0Minuten\" \/>\n<script type=\"application\/ld+json\" class=\"yoast-schema-graph\">{\"@context\":\"https:\\\/\\\/schema.org\",\"@graph\":[{\"@type\":\"Article\",\"@id\":\"https:\\\/\\\/jblanz.de\\\/WP\\\/15-februar-2025-zaragoza\\\/#article\",\"isPartOf\":{\"@id\":\"https:\\\/\\\/jblanz.de\\\/WP\\\/15-februar-2025-zaragoza\\\/\"},\"author\":{\"name\":\"Achim\",\"@id\":\"https:\\\/\\\/jblanz.de\\\/WP\\\/#\\\/schema\\\/person\\\/17a70f07162e42bc0b181c22397286e0\"},\"headline\":\"15. Februar 2025 &#8211; Zaragoza\",\"datePublished\":\"2025-02-15T18:25:27+00:00\",\"dateModified\":\"2025-02-16T19:40:59+00:00\",\"mainEntityOfPage\":{\"@id\":\"https:\\\/\\\/jblanz.de\\\/WP\\\/15-februar-2025-zaragoza\\\/\"},\"wordCount\":457,\"commentCount\":0,\"publisher\":{\"@id\":\"https:\\\/\\\/jblanz.de\\\/WP\\\/#\\\/schema\\\/person\\\/17a70f07162e42bc0b181c22397286e0\"},\"image\":{\"@id\":\"https:\\\/\\\/jblanz.de\\\/WP\\\/15-februar-2025-zaragoza\\\/#primaryimage\"},\"thumbnailUrl\":\"https:\\\/\\\/jblanz.de\\\/WP\\\/wp-content\\\/uploads\\\/2025\\\/02\\\/25Spanien-342-scaled.jpg\",\"articleSection\":[\"2020+\",\"2025\",\"2025\",\"Europa\",\"Jahr\",\"K-Z\",\"Spanien\"],\"inLanguage\":\"de\",\"potentialAction\":[{\"@type\":\"CommentAction\",\"name\":\"Comment\",\"target\":[\"https:\\\/\\\/jblanz.de\\\/WP\\\/15-februar-2025-zaragoza\\\/#respond\"]}]},{\"@type\":\"WebPage\",\"@id\":\"https:\\\/\\\/jblanz.de\\\/WP\\\/15-februar-2025-zaragoza\\\/\",\"url\":\"https:\\\/\\\/jblanz.de\\\/WP\\\/15-februar-2025-zaragoza\\\/\",\"name\":\"15. Februar 2025 - Zaragoza - Reiseblog von Karin &amp; Joachim\",\"isPartOf\":{\"@id\":\"https:\\\/\\\/jblanz.de\\\/WP\\\/#website\"},\"primaryImageOfPage\":{\"@id\":\"https:\\\/\\\/jblanz.de\\\/WP\\\/15-februar-2025-zaragoza\\\/#primaryimage\"},\"image\":{\"@id\":\"https:\\\/\\\/jblanz.de\\\/WP\\\/15-februar-2025-zaragoza\\\/#primaryimage\"},\"thumbnailUrl\":\"https:\\\/\\\/jblanz.de\\\/WP\\\/wp-content\\\/uploads\\\/2025\\\/02\\\/25Spanien-342-scaled.jpg\",\"datePublished\":\"2025-02-15T18:25:27+00:00\",\"dateModified\":\"2025-02-16T19:40:59+00:00\",\"breadcrumb\":{\"@id\":\"https:\\\/\\\/jblanz.de\\\/WP\\\/15-februar-2025-zaragoza\\\/#breadcrumb\"},\"inLanguage\":\"de\",\"potentialAction\":[{\"@type\":\"ReadAction\",\"target\":[\"https:\\\/\\\/jblanz.de\\\/WP\\\/15-februar-2025-zaragoza\\\/\"]}]},{\"@type\":\"ImageObject\",\"inLanguage\":\"de\",\"@id\":\"https:\\\/\\\/jblanz.de\\\/WP\\\/15-februar-2025-zaragoza\\\/#primaryimage\",\"url\":\"https:\\\/\\\/jblanz.de\\\/WP\\\/wp-content\\\/uploads\\\/2025\\\/02\\\/25Spanien-342-scaled.jpg\",\"contentUrl\":\"https:\\\/\\\/jblanz.de\\\/WP\\\/wp-content\\\/uploads\\\/2025\\\/02\\\/25Spanien-342-scaled.jpg\",\"width\":2560,\"height\":1440},{\"@type\":\"BreadcrumbList\",\"@id\":\"https:\\\/\\\/jblanz.de\\\/WP\\\/15-februar-2025-zaragoza\\\/#breadcrumb\",\"itemListElement\":[{\"@type\":\"ListItem\",\"position\":1,\"name\":\"Startseite\",\"item\":\"https:\\\/\\\/jblanz.de\\\/WP\\\/\"},{\"@type\":\"ListItem\",\"position\":2,\"name\":\"15. Februar 2025 &#8211; Zaragoza\"}]},{\"@type\":\"WebSite\",\"@id\":\"https:\\\/\\\/jblanz.de\\\/WP\\\/#website\",\"url\":\"https:\\\/\\\/jblanz.de\\\/WP\\\/\",\"name\":\"Reiseblog von Karin & Joachim\",\"description\":\"Wir schreiben den Blog f\u00fcr uns als Erinnerung - f\u00fcr euch als Inspiration\",\"publisher\":{\"@id\":\"https:\\\/\\\/jblanz.de\\\/WP\\\/#\\\/schema\\\/person\\\/17a70f07162e42bc0b181c22397286e0\"},\"potentialAction\":[{\"@type\":\"SearchAction\",\"target\":{\"@type\":\"EntryPoint\",\"urlTemplate\":\"https:\\\/\\\/jblanz.de\\\/WP\\\/?s={search_term_string}\"},\"query-input\":{\"@type\":\"PropertyValueSpecification\",\"valueRequired\":true,\"valueName\":\"search_term_string\"}}],\"inLanguage\":\"de\"},{\"@type\":[\"Person\",\"Organization\"],\"@id\":\"https:\\\/\\\/jblanz.de\\\/WP\\\/#\\\/schema\\\/person\\\/17a70f07162e42bc0b181c22397286e0\",\"name\":\"Achim\",\"image\":{\"@type\":\"ImageObject\",\"inLanguage\":\"de\",\"@id\":\"https:\\\/\\\/secure.gravatar.com\\\/avatar\\\/b7ab31bc55956af4a9bebf7fd034761212b11b803b7e39464914d6abeefb12f3?s=96&d=mm&r=g\",\"url\":\"https:\\\/\\\/secure.gravatar.com\\\/avatar\\\/b7ab31bc55956af4a9bebf7fd034761212b11b803b7e39464914d6abeefb12f3?s=96&d=mm&r=g\",\"contentUrl\":\"https:\\\/\\\/secure.gravatar.com\\\/avatar\\\/b7ab31bc55956af4a9bebf7fd034761212b11b803b7e39464914d6abeefb12f3?s=96&d=mm&r=g\",\"caption\":\"Achim\"},\"logo\":{\"@id\":\"https:\\\/\\\/secure.gravatar.com\\\/avatar\\\/b7ab31bc55956af4a9bebf7fd034761212b11b803b7e39464914d6abeefb12f3?s=96&d=mm&r=g\"},\"url\":\"https:\\\/\\\/jblanz.de\\\/WP\\\/author\\\/achim\\\/\"}]}<\/script>\n<!-- \/ Yoast SEO plugin. -->","yoast_head_json":{"title":"15. Februar 2025 - Zaragoza - Reiseblog von Karin &amp; Joachim","robots":{"index":"index","follow":"follow","max-snippet":"max-snippet:-1","max-image-preview":"max-image-preview:large","max-video-preview":"max-video-preview:-1"},"canonical":"https:\/\/jblanz.de\/WP\/15-februar-2025-zaragoza\/","og_locale":"de_DE","og_type":"article","og_title":"15. Februar 2025 - Zaragoza - Reiseblog von Karin &amp; Joachim","og_description":"Heute morgen wachten wir wieder bei sch\u00f6nstem Sonnenschein auf. Die ersten Bilder zeigen den Stellplatz, auf dem wir \u00fcbernachtet haben","og_url":"https:\/\/jblanz.de\/WP\/15-februar-2025-zaragoza\/","og_site_name":"Reiseblog von Karin &amp; Joachim","article_published_time":"2025-02-15T18:25:27+00:00","article_modified_time":"2025-02-16T19:40:59+00:00","og_image":[{"width":2560,"height":1440,"url":"https:\/\/jblanz.de\/WP\/wp-content\/uploads\/2025\/02\/25Spanien-342-scaled.jpg","type":"image\/jpeg"}],"author":"Achim","twitter_card":"summary_large_image","twitter_misc":{"Verfasst von":"Achim","Gesch\u00e4tzte Lesezeit":"10\u00a0Minuten"},"schema":{"@context":"https:\/\/schema.org","@graph":[{"@type":"Article","@id":"https:\/\/jblanz.de\/WP\/15-februar-2025-zaragoza\/#article","isPartOf":{"@id":"https:\/\/jblanz.de\/WP\/15-februar-2025-zaragoza\/"},"author":{"name":"Achim","@id":"https:\/\/jblanz.de\/WP\/#\/schema\/person\/17a70f07162e42bc0b181c22397286e0"},"headline":"15. Februar 2025 &#8211; Zaragoza","datePublished":"2025-02-15T18:25:27+00:00","dateModified":"2025-02-16T19:40:59+00:00","mainEntityOfPage":{"@id":"https:\/\/jblanz.de\/WP\/15-februar-2025-zaragoza\/"},"wordCount":457,"commentCount":0,"publisher":{"@id":"https:\/\/jblanz.de\/WP\/#\/schema\/person\/17a70f07162e42bc0b181c22397286e0"},"image":{"@id":"https:\/\/jblanz.de\/WP\/15-februar-2025-zaragoza\/#primaryimage"},"thumbnailUrl":"https:\/\/jblanz.de\/WP\/wp-content\/uploads\/2025\/02\/25Spanien-342-scaled.jpg","articleSection":["2020+","2025","2025","Europa","Jahr","K-Z","Spanien"],"inLanguage":"de","potentialAction":[{"@type":"CommentAction","name":"Comment","target":["https:\/\/jblanz.de\/WP\/15-februar-2025-zaragoza\/#respond"]}]},{"@type":"WebPage","@id":"https:\/\/jblanz.de\/WP\/15-februar-2025-zaragoza\/","url":"https:\/\/jblanz.de\/WP\/15-februar-2025-zaragoza\/","name":"15. Februar 2025 - Zaragoza - Reiseblog von Karin &amp; Joachim","isPartOf":{"@id":"https:\/\/jblanz.de\/WP\/#website"},"primaryImageOfPage":{"@id":"https:\/\/jblanz.de\/WP\/15-februar-2025-zaragoza\/#primaryimage"},"image":{"@id":"https:\/\/jblanz.de\/WP\/15-februar-2025-zaragoza\/#primaryimage"},"thumbnailUrl":"https:\/\/jblanz.de\/WP\/wp-content\/uploads\/2025\/02\/25Spanien-342-scaled.jpg","datePublished":"2025-02-15T18:25:27+00:00","dateModified":"2025-02-16T19:40:59+00:00","breadcrumb":{"@id":"https:\/\/jblanz.de\/WP\/15-februar-2025-zaragoza\/#breadcrumb"},"inLanguage":"de","potentialAction":[{"@type":"ReadAction","target":["https:\/\/jblanz.de\/WP\/15-februar-2025-zaragoza\/"]}]},{"@type":"ImageObject","inLanguage":"de","@id":"https:\/\/jblanz.de\/WP\/15-februar-2025-zaragoza\/#primaryimage","url":"https:\/\/jblanz.de\/WP\/wp-content\/uploads\/2025\/02\/25Spanien-342-scaled.jpg","contentUrl":"https:\/\/jblanz.de\/WP\/wp-content\/uploads\/2025\/02\/25Spanien-342-scaled.jpg","width":2560,"height":1440},{"@type":"BreadcrumbList","@id":"https:\/\/jblanz.de\/WP\/15-februar-2025-zaragoza\/#breadcrumb","itemListElement":[{"@type":"ListItem","position":1,"name":"Startseite","item":"https:\/\/jblanz.de\/WP\/"},{"@type":"ListItem","position":2,"name":"15. Februar 2025 &#8211; Zaragoza"}]},{"@type":"WebSite","@id":"https:\/\/jblanz.de\/WP\/#website","url":"https:\/\/jblanz.de\/WP\/","name":"Reiseblog von Karin & Joachim","description":"Wir schreiben den Blog f\u00fcr uns als Erinnerung - f\u00fcr euch als Inspiration","publisher":{"@id":"https:\/\/jblanz.de\/WP\/#\/schema\/person\/17a70f07162e42bc0b181c22397286e0"},"potentialAction":[{"@type":"SearchAction","target":{"@type":"EntryPoint","urlTemplate":"https:\/\/jblanz.de\/WP\/?s={search_term_string}"},"query-input":{"@type":"PropertyValueSpecification","valueRequired":true,"valueName":"search_term_string"}}],"inLanguage":"de"},{"@type":["Person","Organization"],"@id":"https:\/\/jblanz.de\/WP\/#\/schema\/person\/17a70f07162e42bc0b181c22397286e0","name":"Achim","image":{"@type":"ImageObject","inLanguage":"de","@id":"https:\/\/secure.gravatar.com\/avatar\/b7ab31bc55956af4a9bebf7fd034761212b11b803b7e39464914d6abeefb12f3?s=96&d=mm&r=g","url":"https:\/\/secure.gravatar.com\/avatar\/b7ab31bc55956af4a9bebf7fd034761212b11b803b7e39464914d6abeefb12f3?s=96&d=mm&r=g","contentUrl":"https:\/\/secure.gravatar.com\/avatar\/b7ab31bc55956af4a9bebf7fd034761212b11b803b7e39464914d6abeefb12f3?s=96&d=mm&r=g","caption":"Achim"},"logo":{"@id":"https:\/\/secure.gravatar.com\/avatar\/b7ab31bc55956af4a9bebf7fd034761212b11b803b7e39464914d6abeefb12f3?s=96&d=mm&r=g"},"url":"https:\/\/jblanz.de\/WP\/author\/achim\/"}]}},"_links":{"self":[{"href":"https:\/\/jblanz.de\/WP\/wp-json\/wp\/v2\/posts\/25035","targetHints":{"allow":["GET"]}}],"collection":[{"href":"https:\/\/jblanz.de\/WP\/wp-json\/wp\/v2\/posts"}],"about":[{"href":"https:\/\/jblanz.de\/WP\/wp-json\/wp\/v2\/types\/post"}],"author":[{"embeddable":true,"href":"https:\/\/jblanz.de\/WP\/wp-json\/wp\/v2\/users\/1"}],"replies":[{"embeddable":true,"href":"https:\/\/jblanz.de\/WP\/wp-json\/wp\/v2\/comments?post=25035"}],"version-history":[{"count":0,"href":"https:\/\/jblanz.de\/WP\/wp-json\/wp\/v2\/posts\/25035\/revisions"}],"wp:featuredmedia":[{"embeddable":true,"href":"https:\/\/jblanz.de\/WP\/wp-json\/wp\/v2\/media\/25089"}],"wp:attachment":[{"href":"https:\/\/jblanz.de\/WP\/wp-json\/wp\/v2\/media?parent=25035"}],"wp:term":[{"taxonomy":"category","embeddable":true,"href":"https:\/\/jblanz.de\/WP\/wp-json\/wp\/v2\/categories?post=25035"},{"taxonomy":"post_tag","embeddable":true,"href":"https:\/\/jblanz.de\/WP\/wp-json\/wp\/v2\/tags?post=25035"}],"curies":[{"name":"wp","href":"https:\/\/api.w.org\/{rel}","templated":true}]}}