{"id":25202,"date":"2025-02-18T22:30:28","date_gmt":"2025-02-18T21:30:28","guid":{"rendered":"https:\/\/jblanz.de\/WP\/?p=25202"},"modified":"2025-02-20T09:09:46","modified_gmt":"2025-02-20T08:09:46","slug":"18-februar-2025-sigueenza","status":"publish","type":"post","link":"https:\/\/jblanz.de\/WP\/18-februar-2025-sigueenza\/","title":{"rendered":"18. Februar 2025 &#8211; Sig\u00fcenza"},"content":{"rendered":"\n<p>Heute Morgen war der Himmel bew\u00f6lkt. Wir fuhren gegen 11 Uhr los Richtung Madrid. Die Strasse zwischen Fusti\u00f1ana und Tauste verlief am Rand der Bardenas und bot einen sehr sch\u00f6nen Blick auf die letzte Reihe der Sandsteinberge. Dann ging es auf die Autobahn, die wir bei Mal\u00e9n verliessen, um sp\u00e4ter auf die A-2 zu stossen, die von Zaragoza nach Madrid f\u00fchrt. <span class=\"wEvh0b\">Von der Autobahn sahn wir ganze H\u00e4nge von bl\u00fchenden Mandelb\u00e4umen, Sandsteinberge mit kreisenden Geiern, bei Alhama de Arag\u00f3n eine krasse W\u00fcstenlandschaft und Schw\u00e4rme von Geiern hoch \u00fcber der Strasse. Bei Monteagudo de las Vicar\u00edas entschieden wir uns die Autobahn zu verlassen und mehr durch das Land zu fahren. Wir passierten das Castillo de la Rayo bevor wir in den Ort Monteagudo de las Vicar\u00edas kamen. Am Ortseingang k\u00fcndigte ein Schild an, dass dieser Ort zu den sch\u00f6nsten Orten Spaniens geh\u00f6rt. Wir parkten und betraten den Ort durch das imposante Eingangstor. Sehr sch\u00f6ne alte G\u00e4sschen,\u00a0 die zu einer Burg aus dem 16. Jh f\u00fchrte. Sie war leider geschlossen. \u00dcberhaupt begegneten wir in dem Dorf nur einer einzigen Person, Siestazeit. <\/span><\/p>\n\n\n\n<figure class=\"wp-block-gallery has-nested-images columns-2 is-cropped wp-block-gallery-2 is-layout-flex wp-block-gallery-is-layout-flex\">\n<figure class=\"wp-block-image size-large\"><img loading=\"lazy\" decoding=\"async\" width=\"1024\" height=\"576\" data-id=\"25315\" src=\"https:\/\/jblanz.de\/WP\/wp-content\/uploads\/2025\/02\/25Spanien-771-1024x576.jpg\" alt=\"\" class=\"wp-image-25315\" srcset=\"https:\/\/jblanz.de\/WP\/wp-content\/uploads\/2025\/02\/25Spanien-771-1024x576.jpg 1024w, https:\/\/jblanz.de\/WP\/wp-content\/uploads\/2025\/02\/25Spanien-771-300x169.jpg 300w, https:\/\/jblanz.de\/WP\/wp-content\/uploads\/2025\/02\/25Spanien-771-768x432.jpg 768w, https:\/\/jblanz.de\/WP\/wp-content\/uploads\/2025\/02\/25Spanien-771-1536x864.jpg 1536w, https:\/\/jblanz.de\/WP\/wp-content\/uploads\/2025\/02\/25Spanien-771-2048x1152.jpg 2048w\" sizes=\"auto, (max-width: 1024px) 100vw, 1024px\" \/><\/figure>\n\n\n\n<figure class=\"wp-block-image size-large\"><img loading=\"lazy\" decoding=\"async\" width=\"1024\" height=\"576\" data-id=\"25310\" src=\"https:\/\/jblanz.de\/WP\/wp-content\/uploads\/2025\/02\/25Spanien-734-1024x576.jpg\" alt=\"\" class=\"wp-image-25310\" srcset=\"https:\/\/jblanz.de\/WP\/wp-content\/uploads\/2025\/02\/25Spanien-734-1024x576.jpg 1024w, https:\/\/jblanz.de\/WP\/wp-content\/uploads\/2025\/02\/25Spanien-734-300x169.jpg 300w, https:\/\/jblanz.de\/WP\/wp-content\/uploads\/2025\/02\/25Spanien-734-768x432.jpg 768w, https:\/\/jblanz.de\/WP\/wp-content\/uploads\/2025\/02\/25Spanien-734-1536x864.jpg 1536w, https:\/\/jblanz.de\/WP\/wp-content\/uploads\/2025\/02\/25Spanien-734-2048x1152.jpg 2048w\" sizes=\"auto, (max-width: 1024px) 100vw, 1024px\" \/><\/figure>\n\n\n\n<figure class=\"wp-block-image size-large\"><img loading=\"lazy\" decoding=\"async\" width=\"1024\" height=\"576\" data-id=\"25308\" src=\"https:\/\/jblanz.de\/WP\/wp-content\/uploads\/2025\/02\/25Spanien-735-1024x576.jpg\" alt=\"\" class=\"wp-image-25308\" srcset=\"https:\/\/jblanz.de\/WP\/wp-content\/uploads\/2025\/02\/25Spanien-735-1024x576.jpg 1024w, https:\/\/jblanz.de\/WP\/wp-content\/uploads\/2025\/02\/25Spanien-735-300x169.jpg 300w, https:\/\/jblanz.de\/WP\/wp-content\/uploads\/2025\/02\/25Spanien-735-768x432.jpg 768w, https:\/\/jblanz.de\/WP\/wp-content\/uploads\/2025\/02\/25Spanien-735-1536x864.jpg 1536w, https:\/\/jblanz.de\/WP\/wp-content\/uploads\/2025\/02\/25Spanien-735-2048x1152.jpg 2048w\" sizes=\"auto, (max-width: 1024px) 100vw, 1024px\" \/><\/figure>\n\n\n\n<figure class=\"wp-block-image size-large\"><img loading=\"lazy\" decoding=\"async\" width=\"1024\" height=\"576\" data-id=\"25307\" src=\"https:\/\/jblanz.de\/WP\/wp-content\/uploads\/2025\/02\/25Spanien-736-1024x576.jpg\" alt=\"\" class=\"wp-image-25307\" srcset=\"https:\/\/jblanz.de\/WP\/wp-content\/uploads\/2025\/02\/25Spanien-736-1024x576.jpg 1024w, https:\/\/jblanz.de\/WP\/wp-content\/uploads\/2025\/02\/25Spanien-736-300x169.jpg 300w, https:\/\/jblanz.de\/WP\/wp-content\/uploads\/2025\/02\/25Spanien-736-768x432.jpg 768w, https:\/\/jblanz.de\/WP\/wp-content\/uploads\/2025\/02\/25Spanien-736-1536x864.jpg 1536w, https:\/\/jblanz.de\/WP\/wp-content\/uploads\/2025\/02\/25Spanien-736-2048x1152.jpg 2048w\" sizes=\"auto, (max-width: 1024px) 100vw, 1024px\" \/><\/figure>\n\n\n\n<figure class=\"wp-block-image size-large\"><img loading=\"lazy\" decoding=\"async\" width=\"1024\" height=\"576\" data-id=\"25305\" src=\"https:\/\/jblanz.de\/WP\/wp-content\/uploads\/2025\/02\/25Spanien-745-1024x576.jpg\" alt=\"\" class=\"wp-image-25305\" srcset=\"https:\/\/jblanz.de\/WP\/wp-content\/uploads\/2025\/02\/25Spanien-745-1024x576.jpg 1024w, https:\/\/jblanz.de\/WP\/wp-content\/uploads\/2025\/02\/25Spanien-745-300x169.jpg 300w, https:\/\/jblanz.de\/WP\/wp-content\/uploads\/2025\/02\/25Spanien-745-768x432.jpg 768w, https:\/\/jblanz.de\/WP\/wp-content\/uploads\/2025\/02\/25Spanien-745-1536x864.jpg 1536w, https:\/\/jblanz.de\/WP\/wp-content\/uploads\/2025\/02\/25Spanien-745-2048x1152.jpg 2048w\" sizes=\"auto, (max-width: 1024px) 100vw, 1024px\" \/><\/figure>\n\n\n\n<figure class=\"wp-block-image size-large\"><img loading=\"lazy\" decoding=\"async\" width=\"1024\" height=\"576\" data-id=\"25306\" src=\"https:\/\/jblanz.de\/WP\/wp-content\/uploads\/2025\/02\/25Spanien-747-1024x576.jpg\" alt=\"\" class=\"wp-image-25306\" srcset=\"https:\/\/jblanz.de\/WP\/wp-content\/uploads\/2025\/02\/25Spanien-747-1024x576.jpg 1024w, https:\/\/jblanz.de\/WP\/wp-content\/uploads\/2025\/02\/25Spanien-747-300x169.jpg 300w, https:\/\/jblanz.de\/WP\/wp-content\/uploads\/2025\/02\/25Spanien-747-768x432.jpg 768w, https:\/\/jblanz.de\/WP\/wp-content\/uploads\/2025\/02\/25Spanien-747-1536x864.jpg 1536w, https:\/\/jblanz.de\/WP\/wp-content\/uploads\/2025\/02\/25Spanien-747-2048x1152.jpg 2048w\" sizes=\"auto, (max-width: 1024px) 100vw, 1024px\" \/><\/figure>\n\n\n\n<figure class=\"wp-block-image size-large\"><img loading=\"lazy\" decoding=\"async\" width=\"1024\" height=\"576\" data-id=\"25313\" src=\"https:\/\/jblanz.de\/WP\/wp-content\/uploads\/2025\/02\/25Spanien-749-1024x576.jpg\" alt=\"\" class=\"wp-image-25313\" srcset=\"https:\/\/jblanz.de\/WP\/wp-content\/uploads\/2025\/02\/25Spanien-749-1024x576.jpg 1024w, https:\/\/jblanz.de\/WP\/wp-content\/uploads\/2025\/02\/25Spanien-749-300x169.jpg 300w, https:\/\/jblanz.de\/WP\/wp-content\/uploads\/2025\/02\/25Spanien-749-768x432.jpg 768w, https:\/\/jblanz.de\/WP\/wp-content\/uploads\/2025\/02\/25Spanien-749-1536x864.jpg 1536w, https:\/\/jblanz.de\/WP\/wp-content\/uploads\/2025\/02\/25Spanien-749-2048x1152.jpg 2048w\" sizes=\"auto, (max-width: 1024px) 100vw, 1024px\" \/><\/figure>\n\n\n\n<figure class=\"wp-block-image size-large\"><img loading=\"lazy\" decoding=\"async\" width=\"1024\" height=\"576\" data-id=\"25312\" src=\"https:\/\/jblanz.de\/WP\/wp-content\/uploads\/2025\/02\/25Spanien-750-1024x576.jpg\" alt=\"\" class=\"wp-image-25312\" srcset=\"https:\/\/jblanz.de\/WP\/wp-content\/uploads\/2025\/02\/25Spanien-750-1024x576.jpg 1024w, https:\/\/jblanz.de\/WP\/wp-content\/uploads\/2025\/02\/25Spanien-750-300x169.jpg 300w, https:\/\/jblanz.de\/WP\/wp-content\/uploads\/2025\/02\/25Spanien-750-768x432.jpg 768w, https:\/\/jblanz.de\/WP\/wp-content\/uploads\/2025\/02\/25Spanien-750-1536x864.jpg 1536w, https:\/\/jblanz.de\/WP\/wp-content\/uploads\/2025\/02\/25Spanien-750-2048x1152.jpg 2048w\" sizes=\"auto, (max-width: 1024px) 100vw, 1024px\" \/><\/figure>\n\n\n\n<figure class=\"wp-block-image size-large\"><img loading=\"lazy\" decoding=\"async\" width=\"1024\" height=\"576\" data-id=\"25318\" src=\"https:\/\/jblanz.de\/WP\/wp-content\/uploads\/2025\/02\/25Spanien-751-1024x576.jpg\" alt=\"\" class=\"wp-image-25318\" srcset=\"https:\/\/jblanz.de\/WP\/wp-content\/uploads\/2025\/02\/25Spanien-751-1024x576.jpg 1024w, https:\/\/jblanz.de\/WP\/wp-content\/uploads\/2025\/02\/25Spanien-751-300x169.jpg 300w, https:\/\/jblanz.de\/WP\/wp-content\/uploads\/2025\/02\/25Spanien-751-768x432.jpg 768w, https:\/\/jblanz.de\/WP\/wp-content\/uploads\/2025\/02\/25Spanien-751-1536x864.jpg 1536w, https:\/\/jblanz.de\/WP\/wp-content\/uploads\/2025\/02\/25Spanien-751-2048x1152.jpg 2048w\" sizes=\"auto, (max-width: 1024px) 100vw, 1024px\" \/><\/figure>\n\n\n\n<figure class=\"wp-block-image size-large\"><img loading=\"lazy\" decoding=\"async\" width=\"1024\" height=\"576\" data-id=\"25319\" src=\"https:\/\/jblanz.de\/WP\/wp-content\/uploads\/2025\/02\/25Spanien-752-1024x576.jpg\" alt=\"\" class=\"wp-image-25319\" srcset=\"https:\/\/jblanz.de\/WP\/wp-content\/uploads\/2025\/02\/25Spanien-752-1024x576.jpg 1024w, https:\/\/jblanz.de\/WP\/wp-content\/uploads\/2025\/02\/25Spanien-752-300x169.jpg 300w, https:\/\/jblanz.de\/WP\/wp-content\/uploads\/2025\/02\/25Spanien-752-768x432.jpg 768w, https:\/\/jblanz.de\/WP\/wp-content\/uploads\/2025\/02\/25Spanien-752-1536x864.jpg 1536w, https:\/\/jblanz.de\/WP\/wp-content\/uploads\/2025\/02\/25Spanien-752-2048x1152.jpg 2048w\" sizes=\"auto, (max-width: 1024px) 100vw, 1024px\" \/><\/figure>\n\n\n\n<figure class=\"wp-block-image size-large\"><img loading=\"lazy\" decoding=\"async\" width=\"1024\" height=\"576\" data-id=\"25314\" src=\"https:\/\/jblanz.de\/WP\/wp-content\/uploads\/2025\/02\/25Spanien-754-1024x576.jpg\" alt=\"\" class=\"wp-image-25314\" srcset=\"https:\/\/jblanz.de\/WP\/wp-content\/uploads\/2025\/02\/25Spanien-754-1024x576.jpg 1024w, https:\/\/jblanz.de\/WP\/wp-content\/uploads\/2025\/02\/25Spanien-754-300x169.jpg 300w, https:\/\/jblanz.de\/WP\/wp-content\/uploads\/2025\/02\/25Spanien-754-768x432.jpg 768w, https:\/\/jblanz.de\/WP\/wp-content\/uploads\/2025\/02\/25Spanien-754-1536x864.jpg 1536w, https:\/\/jblanz.de\/WP\/wp-content\/uploads\/2025\/02\/25Spanien-754-2048x1152.jpg 2048w\" sizes=\"auto, (max-width: 1024px) 100vw, 1024px\" \/><\/figure>\n\n\n\n<figure class=\"wp-block-image size-large\"><img loading=\"lazy\" decoding=\"async\" width=\"1024\" height=\"576\" data-id=\"25311\" src=\"https:\/\/jblanz.de\/WP\/wp-content\/uploads\/2025\/02\/25Spanien-756-1024x576.jpg\" alt=\"\" class=\"wp-image-25311\" srcset=\"https:\/\/jblanz.de\/WP\/wp-content\/uploads\/2025\/02\/25Spanien-756-1024x576.jpg 1024w, https:\/\/jblanz.de\/WP\/wp-content\/uploads\/2025\/02\/25Spanien-756-300x169.jpg 300w, https:\/\/jblanz.de\/WP\/wp-content\/uploads\/2025\/02\/25Spanien-756-768x432.jpg 768w, https:\/\/jblanz.de\/WP\/wp-content\/uploads\/2025\/02\/25Spanien-756-1536x864.jpg 1536w, https:\/\/jblanz.de\/WP\/wp-content\/uploads\/2025\/02\/25Spanien-756-2048x1152.jpg 2048w\" sizes=\"auto, (max-width: 1024px) 100vw, 1024px\" \/><\/figure>\n\n\n\n<figure class=\"wp-block-image size-large\"><img loading=\"lazy\" decoding=\"async\" width=\"1024\" height=\"576\" data-id=\"25322\" src=\"https:\/\/jblanz.de\/WP\/wp-content\/uploads\/2025\/02\/25Spanien-759-1024x576.jpg\" alt=\"\" class=\"wp-image-25322\" srcset=\"https:\/\/jblanz.de\/WP\/wp-content\/uploads\/2025\/02\/25Spanien-759-1024x576.jpg 1024w, https:\/\/jblanz.de\/WP\/wp-content\/uploads\/2025\/02\/25Spanien-759-300x169.jpg 300w, https:\/\/jblanz.de\/WP\/wp-content\/uploads\/2025\/02\/25Spanien-759-768x432.jpg 768w, https:\/\/jblanz.de\/WP\/wp-content\/uploads\/2025\/02\/25Spanien-759-1536x864.jpg 1536w, https:\/\/jblanz.de\/WP\/wp-content\/uploads\/2025\/02\/25Spanien-759-2048x1152.jpg 2048w\" sizes=\"auto, (max-width: 1024px) 100vw, 1024px\" \/><\/figure>\n\n\n\n<figure class=\"wp-block-image size-large\"><img loading=\"lazy\" decoding=\"async\" width=\"1024\" height=\"576\" data-id=\"25321\" src=\"https:\/\/jblanz.de\/WP\/wp-content\/uploads\/2025\/02\/25Spanien-760-1024x576.jpg\" alt=\"\" class=\"wp-image-25321\" srcset=\"https:\/\/jblanz.de\/WP\/wp-content\/uploads\/2025\/02\/25Spanien-760-1024x576.jpg 1024w, https:\/\/jblanz.de\/WP\/wp-content\/uploads\/2025\/02\/25Spanien-760-300x169.jpg 300w, https:\/\/jblanz.de\/WP\/wp-content\/uploads\/2025\/02\/25Spanien-760-768x432.jpg 768w, https:\/\/jblanz.de\/WP\/wp-content\/uploads\/2025\/02\/25Spanien-760-1536x864.jpg 1536w, https:\/\/jblanz.de\/WP\/wp-content\/uploads\/2025\/02\/25Spanien-760-2048x1152.jpg 2048w\" sizes=\"auto, (max-width: 1024px) 100vw, 1024px\" \/><\/figure>\n\n\n\n<figure class=\"wp-block-image size-large\"><img loading=\"lazy\" decoding=\"async\" width=\"1024\" height=\"576\" data-id=\"25317\" src=\"https:\/\/jblanz.de\/WP\/wp-content\/uploads\/2025\/02\/25Spanien-763-1024x576.jpg\" alt=\"\" class=\"wp-image-25317\" srcset=\"https:\/\/jblanz.de\/WP\/wp-content\/uploads\/2025\/02\/25Spanien-763-1024x576.jpg 1024w, https:\/\/jblanz.de\/WP\/wp-content\/uploads\/2025\/02\/25Spanien-763-300x169.jpg 300w, https:\/\/jblanz.de\/WP\/wp-content\/uploads\/2025\/02\/25Spanien-763-768x432.jpg 768w, https:\/\/jblanz.de\/WP\/wp-content\/uploads\/2025\/02\/25Spanien-763-1536x864.jpg 1536w, https:\/\/jblanz.de\/WP\/wp-content\/uploads\/2025\/02\/25Spanien-763-2048x1152.jpg 2048w\" sizes=\"auto, (max-width: 1024px) 100vw, 1024px\" \/><\/figure>\n\n\n\n<figure class=\"wp-block-image size-large\"><img loading=\"lazy\" decoding=\"async\" width=\"1024\" height=\"576\" data-id=\"25320\" src=\"https:\/\/jblanz.de\/WP\/wp-content\/uploads\/2025\/02\/25Spanien-765-1024x576.jpg\" alt=\"\" class=\"wp-image-25320\" srcset=\"https:\/\/jblanz.de\/WP\/wp-content\/uploads\/2025\/02\/25Spanien-765-1024x576.jpg 1024w, https:\/\/jblanz.de\/WP\/wp-content\/uploads\/2025\/02\/25Spanien-765-300x169.jpg 300w, https:\/\/jblanz.de\/WP\/wp-content\/uploads\/2025\/02\/25Spanien-765-768x432.jpg 768w, https:\/\/jblanz.de\/WP\/wp-content\/uploads\/2025\/02\/25Spanien-765-1536x864.jpg 1536w, https:\/\/jblanz.de\/WP\/wp-content\/uploads\/2025\/02\/25Spanien-765-2048x1152.jpg 2048w\" sizes=\"auto, (max-width: 1024px) 100vw, 1024px\" \/><\/figure>\n<\/figure>\n\n\n\n<p>Weiter ging es \u00fcber\u00a0Cabanillas zur\u00fcck auf eine Autobahn, die wir sp\u00e4ter wieder verliessen, um \u00fcber Mi\u00f1o de Medinaceli auf engen Strassen durch Hochebenen zu fahren. \u00dcber die Strasse GU-128 n\u00e4herten wir uns Sig\u00fcenza, fuhren kurz vorher durch eine Schlucht, in der oberhalb der Strasse die &#8222;Cuevas de Harzal&#8220;, grosse H\u00f6hlen waren. In Sig\u00fcenza steuerten wir direkt den Stellplatz der Gemeinde an, entluden unsere Fahrr\u00e4der vom Hecktr\u00e4ger, stellten fest, dass diese total verstaut waren, reinigten sie mit Kehrbesen und Wasser, tranken Kaffee und fuhren dann in die Kleinstadt.<\/p>\n\n\n\n<figure class=\"wp-block-gallery has-nested-images columns-default is-cropped wp-block-gallery-3 is-layout-flex wp-block-gallery-is-layout-flex\">\n<figure class=\"wp-block-image size-large\"><img loading=\"lazy\" decoding=\"async\" width=\"1024\" height=\"576\" data-id=\"25309\" src=\"https:\/\/jblanz.de\/WP\/wp-content\/uploads\/2025\/02\/25Spanien-768-1024x576.jpg\" alt=\"\" class=\"wp-image-25309\" srcset=\"https:\/\/jblanz.de\/WP\/wp-content\/uploads\/2025\/02\/25Spanien-768-1024x576.jpg 1024w, https:\/\/jblanz.de\/WP\/wp-content\/uploads\/2025\/02\/25Spanien-768-300x169.jpg 300w, https:\/\/jblanz.de\/WP\/wp-content\/uploads\/2025\/02\/25Spanien-768-768x432.jpg 768w, https:\/\/jblanz.de\/WP\/wp-content\/uploads\/2025\/02\/25Spanien-768-1536x864.jpg 1536w, https:\/\/jblanz.de\/WP\/wp-content\/uploads\/2025\/02\/25Spanien-768-2048x1152.jpg 2048w\" sizes=\"auto, (max-width: 1024px) 100vw, 1024px\" \/><\/figure>\n\n\n\n<figure class=\"wp-block-image size-large\"><img loading=\"lazy\" decoding=\"async\" width=\"1024\" height=\"576\" data-id=\"25316\" src=\"https:\/\/jblanz.de\/WP\/wp-content\/uploads\/2025\/02\/25Spanien-770-1024x576.jpg\" alt=\"\" class=\"wp-image-25316\" srcset=\"https:\/\/jblanz.de\/WP\/wp-content\/uploads\/2025\/02\/25Spanien-770-1024x576.jpg 1024w, https:\/\/jblanz.de\/WP\/wp-content\/uploads\/2025\/02\/25Spanien-770-300x169.jpg 300w, https:\/\/jblanz.de\/WP\/wp-content\/uploads\/2025\/02\/25Spanien-770-768x432.jpg 768w, https:\/\/jblanz.de\/WP\/wp-content\/uploads\/2025\/02\/25Spanien-770-1536x864.jpg 1536w, https:\/\/jblanz.de\/WP\/wp-content\/uploads\/2025\/02\/25Spanien-770-2048x1152.jpg 2048w\" sizes=\"auto, (max-width: 1024px) 100vw, 1024px\" \/><\/figure>\n<\/figure>\n\n\n\n<p>Die Stadt \u00fcberraschte uns. Sie hat eine riesige Kathedrale und eine Burg aus dem 12. Jh., die Innenstadt, der Hauptplatz (Plaza Mayor) und alle Strassen sind urspr\u00fcnglich und sehen toll aus. Wir besichtigen erst die Basilika. Als Einf\u00fchrung gab es eine virtuelle Realit\u00e4t. Man zog die VR-Brille auf und flog rasend schnell durch eine Schlucht, \u00fcber die Stadt in die Kathedrale hinein. Mit der Brille war man mitten drin und konnte nach oben, unten, rechts und links schauen. Wir beide erleben diese Technik zum ersten Mal. Dann schwebten wir durch die Kirche und bekamen Erkl\u00e4rungen auf deutsch !! Wir bekamen auch noch einen Audiof\u00fchrer, der ebenfalls in deutscher Sprache alle wichtigen Teile der Kirche erl\u00e4uterte. In der Kirche ging es dann noch ins angeschlossene Museum, das unter anderem riesige Wandteppiche (4 x 4 m) aus dem 16. Jahrhundert zeigte. Zwei Fotos dieser Galerie zeigen die Laternen, die bei einem Umzug bis heute verwendet werden. <\/p>\n\n\n\n<figure class=\"wp-block-gallery has-nested-images columns-2 is-cropped wp-block-gallery-4 is-layout-flex wp-block-gallery-is-layout-flex\">\n<figure class=\"wp-block-image size-large\"><img loading=\"lazy\" decoding=\"async\" width=\"1024\" height=\"576\" data-id=\"25303\" src=\"https:\/\/jblanz.de\/WP\/wp-content\/uploads\/2025\/02\/25Spanien-775-1-1024x576.jpg\" alt=\"\" class=\"wp-image-25303\" srcset=\"https:\/\/jblanz.de\/WP\/wp-content\/uploads\/2025\/02\/25Spanien-775-1-1024x576.jpg 1024w, https:\/\/jblanz.de\/WP\/wp-content\/uploads\/2025\/02\/25Spanien-775-1-300x169.jpg 300w, https:\/\/jblanz.de\/WP\/wp-content\/uploads\/2025\/02\/25Spanien-775-1-768x432.jpg 768w, https:\/\/jblanz.de\/WP\/wp-content\/uploads\/2025\/02\/25Spanien-775-1-1536x864.jpg 1536w, https:\/\/jblanz.de\/WP\/wp-content\/uploads\/2025\/02\/25Spanien-775-1-2048x1152.jpg 2048w\" sizes=\"auto, (max-width: 1024px) 100vw, 1024px\" \/><\/figure>\n\n\n\n<figure class=\"wp-block-image size-large\"><img loading=\"lazy\" decoding=\"async\" width=\"1024\" height=\"576\" data-id=\"25296\" src=\"https:\/\/jblanz.de\/WP\/wp-content\/uploads\/2025\/02\/25Spanien-776-1-1024x576.jpg\" alt=\"\" class=\"wp-image-25296\" srcset=\"https:\/\/jblanz.de\/WP\/wp-content\/uploads\/2025\/02\/25Spanien-776-1-1024x576.jpg 1024w, https:\/\/jblanz.de\/WP\/wp-content\/uploads\/2025\/02\/25Spanien-776-1-300x169.jpg 300w, https:\/\/jblanz.de\/WP\/wp-content\/uploads\/2025\/02\/25Spanien-776-1-768x432.jpg 768w, https:\/\/jblanz.de\/WP\/wp-content\/uploads\/2025\/02\/25Spanien-776-1-1536x864.jpg 1536w, https:\/\/jblanz.de\/WP\/wp-content\/uploads\/2025\/02\/25Spanien-776-1-2048x1152.jpg 2048w\" sizes=\"auto, (max-width: 1024px) 100vw, 1024px\" \/><\/figure>\n\n\n\n<figure class=\"wp-block-image size-large\"><img loading=\"lazy\" decoding=\"async\" width=\"1024\" height=\"576\" data-id=\"25289\" src=\"https:\/\/jblanz.de\/WP\/wp-content\/uploads\/2025\/02\/25Spanien-777-1-1024x576.jpg\" alt=\"\" class=\"wp-image-25289\" srcset=\"https:\/\/jblanz.de\/WP\/wp-content\/uploads\/2025\/02\/25Spanien-777-1-1024x576.jpg 1024w, https:\/\/jblanz.de\/WP\/wp-content\/uploads\/2025\/02\/25Spanien-777-1-300x169.jpg 300w, https:\/\/jblanz.de\/WP\/wp-content\/uploads\/2025\/02\/25Spanien-777-1-768x432.jpg 768w, https:\/\/jblanz.de\/WP\/wp-content\/uploads\/2025\/02\/25Spanien-777-1-1536x864.jpg 1536w, https:\/\/jblanz.de\/WP\/wp-content\/uploads\/2025\/02\/25Spanien-777-1-2048x1152.jpg 2048w\" sizes=\"auto, (max-width: 1024px) 100vw, 1024px\" \/><\/figure>\n\n\n\n<figure class=\"wp-block-image size-large\"><img loading=\"lazy\" decoding=\"async\" width=\"1024\" height=\"576\" data-id=\"25294\" src=\"https:\/\/jblanz.de\/WP\/wp-content\/uploads\/2025\/02\/25Spanien-780-1-1024x576.jpg\" alt=\"\" class=\"wp-image-25294\" srcset=\"https:\/\/jblanz.de\/WP\/wp-content\/uploads\/2025\/02\/25Spanien-780-1-1024x576.jpg 1024w, https:\/\/jblanz.de\/WP\/wp-content\/uploads\/2025\/02\/25Spanien-780-1-300x169.jpg 300w, https:\/\/jblanz.de\/WP\/wp-content\/uploads\/2025\/02\/25Spanien-780-1-768x432.jpg 768w, https:\/\/jblanz.de\/WP\/wp-content\/uploads\/2025\/02\/25Spanien-780-1-1536x864.jpg 1536w, https:\/\/jblanz.de\/WP\/wp-content\/uploads\/2025\/02\/25Spanien-780-1-2048x1152.jpg 2048w\" sizes=\"auto, (max-width: 1024px) 100vw, 1024px\" \/><\/figure>\n\n\n\n<figure class=\"wp-block-image size-large\"><img loading=\"lazy\" decoding=\"async\" width=\"1024\" height=\"576\" data-id=\"25288\" src=\"https:\/\/jblanz.de\/WP\/wp-content\/uploads\/2025\/02\/25Spanien-781-1-1024x576.jpg\" alt=\"\" class=\"wp-image-25288\" srcset=\"https:\/\/jblanz.de\/WP\/wp-content\/uploads\/2025\/02\/25Spanien-781-1-1024x576.jpg 1024w, https:\/\/jblanz.de\/WP\/wp-content\/uploads\/2025\/02\/25Spanien-781-1-300x169.jpg 300w, https:\/\/jblanz.de\/WP\/wp-content\/uploads\/2025\/02\/25Spanien-781-1-768x432.jpg 768w, https:\/\/jblanz.de\/WP\/wp-content\/uploads\/2025\/02\/25Spanien-781-1-1536x864.jpg 1536w, https:\/\/jblanz.de\/WP\/wp-content\/uploads\/2025\/02\/25Spanien-781-1-2048x1152.jpg 2048w\" sizes=\"auto, (max-width: 1024px) 100vw, 1024px\" \/><\/figure>\n\n\n\n<figure class=\"wp-block-image size-large\"><img loading=\"lazy\" decoding=\"async\" width=\"1024\" height=\"576\" data-id=\"25284\" src=\"https:\/\/jblanz.de\/WP\/wp-content\/uploads\/2025\/02\/25Spanien-782-1-1024x576.jpg\" alt=\"\" class=\"wp-image-25284\" srcset=\"https:\/\/jblanz.de\/WP\/wp-content\/uploads\/2025\/02\/25Spanien-782-1-1024x576.jpg 1024w, https:\/\/jblanz.de\/WP\/wp-content\/uploads\/2025\/02\/25Spanien-782-1-300x169.jpg 300w, https:\/\/jblanz.de\/WP\/wp-content\/uploads\/2025\/02\/25Spanien-782-1-768x432.jpg 768w, https:\/\/jblanz.de\/WP\/wp-content\/uploads\/2025\/02\/25Spanien-782-1-1536x864.jpg 1536w, https:\/\/jblanz.de\/WP\/wp-content\/uploads\/2025\/02\/25Spanien-782-1-2048x1152.jpg 2048w\" sizes=\"auto, (max-width: 1024px) 100vw, 1024px\" \/><\/figure>\n\n\n\n<figure class=\"wp-block-image size-large\"><img loading=\"lazy\" decoding=\"async\" width=\"1024\" height=\"576\" data-id=\"25300\" src=\"https:\/\/jblanz.de\/WP\/wp-content\/uploads\/2025\/02\/25Spanien-783-1-1024x576.jpg\" alt=\"\" class=\"wp-image-25300\" srcset=\"https:\/\/jblanz.de\/WP\/wp-content\/uploads\/2025\/02\/25Spanien-783-1-1024x576.jpg 1024w, https:\/\/jblanz.de\/WP\/wp-content\/uploads\/2025\/02\/25Spanien-783-1-300x169.jpg 300w, https:\/\/jblanz.de\/WP\/wp-content\/uploads\/2025\/02\/25Spanien-783-1-768x432.jpg 768w, https:\/\/jblanz.de\/WP\/wp-content\/uploads\/2025\/02\/25Spanien-783-1-1536x864.jpg 1536w, https:\/\/jblanz.de\/WP\/wp-content\/uploads\/2025\/02\/25Spanien-783-1-2048x1152.jpg 2048w\" sizes=\"auto, (max-width: 1024px) 100vw, 1024px\" \/><\/figure>\n\n\n\n<figure class=\"wp-block-image size-large\"><img loading=\"lazy\" decoding=\"async\" width=\"1024\" height=\"576\" data-id=\"25293\" src=\"https:\/\/jblanz.de\/WP\/wp-content\/uploads\/2025\/02\/25Spanien-785-1-1024x576.jpg\" alt=\"\" class=\"wp-image-25293\" srcset=\"https:\/\/jblanz.de\/WP\/wp-content\/uploads\/2025\/02\/25Spanien-785-1-1024x576.jpg 1024w, https:\/\/jblanz.de\/WP\/wp-content\/uploads\/2025\/02\/25Spanien-785-1-300x169.jpg 300w, https:\/\/jblanz.de\/WP\/wp-content\/uploads\/2025\/02\/25Spanien-785-1-768x432.jpg 768w, https:\/\/jblanz.de\/WP\/wp-content\/uploads\/2025\/02\/25Spanien-785-1-1536x864.jpg 1536w, https:\/\/jblanz.de\/WP\/wp-content\/uploads\/2025\/02\/25Spanien-785-1-2048x1152.jpg 2048w\" sizes=\"auto, (max-width: 1024px) 100vw, 1024px\" \/><\/figure>\n\n\n\n<figure class=\"wp-block-image size-large\"><img loading=\"lazy\" decoding=\"async\" width=\"1024\" height=\"576\" data-id=\"25286\" src=\"https:\/\/jblanz.de\/WP\/wp-content\/uploads\/2025\/02\/25Spanien-787-1-1024x576.jpg\" alt=\"\" class=\"wp-image-25286\" srcset=\"https:\/\/jblanz.de\/WP\/wp-content\/uploads\/2025\/02\/25Spanien-787-1-1024x576.jpg 1024w, https:\/\/jblanz.de\/WP\/wp-content\/uploads\/2025\/02\/25Spanien-787-1-300x169.jpg 300w, https:\/\/jblanz.de\/WP\/wp-content\/uploads\/2025\/02\/25Spanien-787-1-768x432.jpg 768w, https:\/\/jblanz.de\/WP\/wp-content\/uploads\/2025\/02\/25Spanien-787-1-1536x864.jpg 1536w, https:\/\/jblanz.de\/WP\/wp-content\/uploads\/2025\/02\/25Spanien-787-1-2048x1152.jpg 2048w\" sizes=\"auto, (max-width: 1024px) 100vw, 1024px\" \/><\/figure>\n\n\n\n<figure class=\"wp-block-image size-large\"><img loading=\"lazy\" decoding=\"async\" width=\"1024\" height=\"576\" data-id=\"25301\" src=\"https:\/\/jblanz.de\/WP\/wp-content\/uploads\/2025\/02\/25Spanien-788-1-1024x576.jpg\" alt=\"\" class=\"wp-image-25301\" srcset=\"https:\/\/jblanz.de\/WP\/wp-content\/uploads\/2025\/02\/25Spanien-788-1-1024x576.jpg 1024w, https:\/\/jblanz.de\/WP\/wp-content\/uploads\/2025\/02\/25Spanien-788-1-300x169.jpg 300w, https:\/\/jblanz.de\/WP\/wp-content\/uploads\/2025\/02\/25Spanien-788-1-768x432.jpg 768w, https:\/\/jblanz.de\/WP\/wp-content\/uploads\/2025\/02\/25Spanien-788-1-1536x864.jpg 1536w, https:\/\/jblanz.de\/WP\/wp-content\/uploads\/2025\/02\/25Spanien-788-1-2048x1152.jpg 2048w\" sizes=\"auto, (max-width: 1024px) 100vw, 1024px\" \/><\/figure>\n\n\n\n<figure class=\"wp-block-image size-large\"><img loading=\"lazy\" decoding=\"async\" width=\"1024\" height=\"576\" data-id=\"25297\" src=\"https:\/\/jblanz.de\/WP\/wp-content\/uploads\/2025\/02\/25Spanien-790-1-1024x576.jpg\" alt=\"\" class=\"wp-image-25297\" srcset=\"https:\/\/jblanz.de\/WP\/wp-content\/uploads\/2025\/02\/25Spanien-790-1-1024x576.jpg 1024w, https:\/\/jblanz.de\/WP\/wp-content\/uploads\/2025\/02\/25Spanien-790-1-300x169.jpg 300w, https:\/\/jblanz.de\/WP\/wp-content\/uploads\/2025\/02\/25Spanien-790-1-768x432.jpg 768w, https:\/\/jblanz.de\/WP\/wp-content\/uploads\/2025\/02\/25Spanien-790-1-1536x864.jpg 1536w, https:\/\/jblanz.de\/WP\/wp-content\/uploads\/2025\/02\/25Spanien-790-1-2048x1152.jpg 2048w\" sizes=\"auto, (max-width: 1024px) 100vw, 1024px\" \/><\/figure>\n\n\n\n<figure class=\"wp-block-image size-large\"><img loading=\"lazy\" decoding=\"async\" width=\"1024\" height=\"576\" data-id=\"25298\" src=\"https:\/\/jblanz.de\/WP\/wp-content\/uploads\/2025\/02\/25Spanien-792-1-1024x576.jpg\" alt=\"\" class=\"wp-image-25298\" srcset=\"https:\/\/jblanz.de\/WP\/wp-content\/uploads\/2025\/02\/25Spanien-792-1-1024x576.jpg 1024w, https:\/\/jblanz.de\/WP\/wp-content\/uploads\/2025\/02\/25Spanien-792-1-300x169.jpg 300w, https:\/\/jblanz.de\/WP\/wp-content\/uploads\/2025\/02\/25Spanien-792-1-768x432.jpg 768w, https:\/\/jblanz.de\/WP\/wp-content\/uploads\/2025\/02\/25Spanien-792-1-1536x864.jpg 1536w, https:\/\/jblanz.de\/WP\/wp-content\/uploads\/2025\/02\/25Spanien-792-1-2048x1152.jpg 2048w\" sizes=\"auto, (max-width: 1024px) 100vw, 1024px\" \/><\/figure>\n\n\n\n<figure class=\"wp-block-image size-large\"><img loading=\"lazy\" decoding=\"async\" width=\"1024\" height=\"576\" data-id=\"25292\" src=\"https:\/\/jblanz.de\/WP\/wp-content\/uploads\/2025\/02\/25Spanien-793-1-1024x576.jpg\" alt=\"\" class=\"wp-image-25292\" srcset=\"https:\/\/jblanz.de\/WP\/wp-content\/uploads\/2025\/02\/25Spanien-793-1-1024x576.jpg 1024w, https:\/\/jblanz.de\/WP\/wp-content\/uploads\/2025\/02\/25Spanien-793-1-300x169.jpg 300w, https:\/\/jblanz.de\/WP\/wp-content\/uploads\/2025\/02\/25Spanien-793-1-768x432.jpg 768w, https:\/\/jblanz.de\/WP\/wp-content\/uploads\/2025\/02\/25Spanien-793-1-1536x864.jpg 1536w, https:\/\/jblanz.de\/WP\/wp-content\/uploads\/2025\/02\/25Spanien-793-1-2048x1152.jpg 2048w\" sizes=\"auto, (max-width: 1024px) 100vw, 1024px\" \/><\/figure>\n\n\n\n<figure class=\"wp-block-image size-large\"><img loading=\"lazy\" decoding=\"async\" width=\"1024\" height=\"576\" data-id=\"25295\" src=\"https:\/\/jblanz.de\/WP\/wp-content\/uploads\/2025\/02\/25Spanien-795-1-1024x576.jpg\" alt=\"\" class=\"wp-image-25295\" srcset=\"https:\/\/jblanz.de\/WP\/wp-content\/uploads\/2025\/02\/25Spanien-795-1-1024x576.jpg 1024w, https:\/\/jblanz.de\/WP\/wp-content\/uploads\/2025\/02\/25Spanien-795-1-300x169.jpg 300w, https:\/\/jblanz.de\/WP\/wp-content\/uploads\/2025\/02\/25Spanien-795-1-768x432.jpg 768w, https:\/\/jblanz.de\/WP\/wp-content\/uploads\/2025\/02\/25Spanien-795-1-1536x864.jpg 1536w, https:\/\/jblanz.de\/WP\/wp-content\/uploads\/2025\/02\/25Spanien-795-1-2048x1152.jpg 2048w\" sizes=\"auto, (max-width: 1024px) 100vw, 1024px\" \/><\/figure>\n\n\n\n<figure class=\"wp-block-image size-full\"><img loading=\"lazy\" decoding=\"async\" width=\"2560\" height=\"1440\" data-id=\"25285\" src=\"https:\/\/jblanz.de\/WP\/wp-content\/uploads\/2025\/02\/25Spanien-797-1-scaled.jpg\" alt=\"\" class=\"wp-image-25285\" srcset=\"https:\/\/jblanz.de\/WP\/wp-content\/uploads\/2025\/02\/25Spanien-797-1-scaled.jpg 2560w, https:\/\/jblanz.de\/WP\/wp-content\/uploads\/2025\/02\/25Spanien-797-1-300x169.jpg 300w, https:\/\/jblanz.de\/WP\/wp-content\/uploads\/2025\/02\/25Spanien-797-1-1024x576.jpg 1024w, https:\/\/jblanz.de\/WP\/wp-content\/uploads\/2025\/02\/25Spanien-797-1-768x432.jpg 768w, https:\/\/jblanz.de\/WP\/wp-content\/uploads\/2025\/02\/25Spanien-797-1-1536x864.jpg 1536w, https:\/\/jblanz.de\/WP\/wp-content\/uploads\/2025\/02\/25Spanien-797-1-2048x1152.jpg 2048w\" sizes=\"auto, (max-width: 2560px) 100vw, 2560px\" \/><\/figure>\n\n\n\n<figure class=\"wp-block-image size-large\"><img loading=\"lazy\" decoding=\"async\" width=\"1024\" height=\"576\" data-id=\"25299\" src=\"https:\/\/jblanz.de\/WP\/wp-content\/uploads\/2025\/02\/25Spanien-801-1-1024x576.jpg\" alt=\"\" class=\"wp-image-25299\" srcset=\"https:\/\/jblanz.de\/WP\/wp-content\/uploads\/2025\/02\/25Spanien-801-1-1024x576.jpg 1024w, https:\/\/jblanz.de\/WP\/wp-content\/uploads\/2025\/02\/25Spanien-801-1-300x169.jpg 300w, https:\/\/jblanz.de\/WP\/wp-content\/uploads\/2025\/02\/25Spanien-801-1-768x432.jpg 768w, https:\/\/jblanz.de\/WP\/wp-content\/uploads\/2025\/02\/25Spanien-801-1-1536x864.jpg 1536w, https:\/\/jblanz.de\/WP\/wp-content\/uploads\/2025\/02\/25Spanien-801-1-2048x1152.jpg 2048w\" sizes=\"auto, (max-width: 1024px) 100vw, 1024px\" \/><\/figure>\n\n\n\n<figure class=\"wp-block-image size-large\"><img loading=\"lazy\" decoding=\"async\" width=\"1024\" height=\"576\" data-id=\"25304\" src=\"https:\/\/jblanz.de\/WP\/wp-content\/uploads\/2025\/02\/25Spanien-802-1-1024x576.jpg\" alt=\"\" class=\"wp-image-25304\" srcset=\"https:\/\/jblanz.de\/WP\/wp-content\/uploads\/2025\/02\/25Spanien-802-1-1024x576.jpg 1024w, https:\/\/jblanz.de\/WP\/wp-content\/uploads\/2025\/02\/25Spanien-802-1-300x169.jpg 300w, https:\/\/jblanz.de\/WP\/wp-content\/uploads\/2025\/02\/25Spanien-802-1-768x432.jpg 768w, https:\/\/jblanz.de\/WP\/wp-content\/uploads\/2025\/02\/25Spanien-802-1-1536x864.jpg 1536w, https:\/\/jblanz.de\/WP\/wp-content\/uploads\/2025\/02\/25Spanien-802-1-2048x1152.jpg 2048w\" sizes=\"auto, (max-width: 1024px) 100vw, 1024px\" \/><\/figure>\n\n\n\n<figure class=\"wp-block-image size-large\"><img loading=\"lazy\" decoding=\"async\" width=\"1024\" height=\"576\" data-id=\"25302\" src=\"https:\/\/jblanz.de\/WP\/wp-content\/uploads\/2025\/02\/25Spanien-805-1-1024x576.jpg\" alt=\"\" class=\"wp-image-25302\" srcset=\"https:\/\/jblanz.de\/WP\/wp-content\/uploads\/2025\/02\/25Spanien-805-1-1024x576.jpg 1024w, https:\/\/jblanz.de\/WP\/wp-content\/uploads\/2025\/02\/25Spanien-805-1-300x169.jpg 300w, https:\/\/jblanz.de\/WP\/wp-content\/uploads\/2025\/02\/25Spanien-805-1-768x432.jpg 768w, https:\/\/jblanz.de\/WP\/wp-content\/uploads\/2025\/02\/25Spanien-805-1-1536x864.jpg 1536w, https:\/\/jblanz.de\/WP\/wp-content\/uploads\/2025\/02\/25Spanien-805-1-2048x1152.jpg 2048w\" sizes=\"auto, (max-width: 1024px) 100vw, 1024px\" \/><\/figure>\n\n\n\n<figure class=\"wp-block-image size-large\"><img loading=\"lazy\" decoding=\"async\" width=\"1024\" height=\"576\" data-id=\"25290\" src=\"https:\/\/jblanz.de\/WP\/wp-content\/uploads\/2025\/02\/25Spanien-808-1-1024x576.jpg\" alt=\"\" class=\"wp-image-25290\" srcset=\"https:\/\/jblanz.de\/WP\/wp-content\/uploads\/2025\/02\/25Spanien-808-1-1024x576.jpg 1024w, https:\/\/jblanz.de\/WP\/wp-content\/uploads\/2025\/02\/25Spanien-808-1-300x169.jpg 300w, https:\/\/jblanz.de\/WP\/wp-content\/uploads\/2025\/02\/25Spanien-808-1-768x432.jpg 768w, https:\/\/jblanz.de\/WP\/wp-content\/uploads\/2025\/02\/25Spanien-808-1-1536x864.jpg 1536w, https:\/\/jblanz.de\/WP\/wp-content\/uploads\/2025\/02\/25Spanien-808-1-2048x1152.jpg 2048w\" sizes=\"auto, (max-width: 1024px) 100vw, 1024px\" \/><\/figure>\n\n\n\n<figure class=\"wp-block-image size-large\"><img loading=\"lazy\" decoding=\"async\" width=\"1024\" height=\"576\" data-id=\"25287\" src=\"https:\/\/jblanz.de\/WP\/wp-content\/uploads\/2025\/02\/25Spanien-806-1-1024x576.jpg\" alt=\"\" class=\"wp-image-25287\" srcset=\"https:\/\/jblanz.de\/WP\/wp-content\/uploads\/2025\/02\/25Spanien-806-1-1024x576.jpg 1024w, https:\/\/jblanz.de\/WP\/wp-content\/uploads\/2025\/02\/25Spanien-806-1-300x169.jpg 300w, https:\/\/jblanz.de\/WP\/wp-content\/uploads\/2025\/02\/25Spanien-806-1-768x432.jpg 768w, https:\/\/jblanz.de\/WP\/wp-content\/uploads\/2025\/02\/25Spanien-806-1-1536x864.jpg 1536w, https:\/\/jblanz.de\/WP\/wp-content\/uploads\/2025\/02\/25Spanien-806-1-2048x1152.jpg 2048w\" sizes=\"auto, (max-width: 1024px) 100vw, 1024px\" \/><\/figure>\n<\/figure>\n\n\n\n<p>Gegen\u00fcber der Kathedrale besichtigten wir noch das Museo Diocesano, das vor allem eindrucksvolle religi\u00f6se Kunst von der Romanik bis zum Barock zeigt. Im Lone Planet-Reisef\u00fchrer steht nichts \u00fcber diese Stadt !! Wir fuhren noch einige Zeit durch die Gassen und hoch zur Burg. Sie wurde gerade renoviert und war f\u00fcr Besucher geschlossen. Auf dem R\u00fcchweg gingen wir noch im Supemarkt einkaufen. Abends fuhren wir nochmals in die Stadt. Wir a\u00dfen in einem Restaurant am Plaza Mayor in einem Hinterzimmer. Karin a\u00df wieder gemischten Salat &#8222;mit Thunfisch&#8220; ! und Patatas Bravas (die sich als Pommes mit einer scharfen Sosse entpuppten) und ich entschied mich f\u00fcr einen Hamburger, dazu ein Cola und ein Glas Wein (zusammen 32,50 \u20ac). Einige Spanier sassen neben Gasheizungen noch in den Arkaden. Als wir bezahlten, kam noch eine der Gruppen in den &#8222;Speisesaal&#8220;. Wir machten noch ein paar Fotos von den n\u00e4chtlich beleuchteten Geb\u00e4uden und fuhren zur\u00fcck. Ich fror auf dem Fahrrad ziemlich und konnte die K\u00e4lte erst im Bett mit Hilfe von Karins W\u00e4rmeflasche absch\u00fctteln. Draussen waren vielleicht noch 3 \u00b0C.<\/p>\n<p>\u00a0<\/p>\n<p>\u00a0<\/p>\n\n\n","protected":false},"excerpt":{"rendered":"<p>Heute Morgen war der Himmel bew\u00f6lkt. Wir fuhren gegen 11 Uhr los Richtung Madrid. Die Strasse zwischen Fusti\u00f1ana und Tauste<\/p>\n","protected":false},"author":1,"featured_media":25297,"comment_status":"open","ping_status":"open","sticky":false,"template":"","format":"standard","meta":{"colormag_page_container_layout":"default_layout","colormag_page_sidebar_layout":"default_layout","_monsterinsights_skip_tracking":false,"_monsterinsights_sitenote_active":false,"_monsterinsights_sitenote_note":"","_monsterinsights_sitenote_category":0,"footnotes":""},"categories":[269,314,315,159,268,307,197],"tags":[],"class_list":["post-25202","post","type-post","status-publish","format-standard","has-post-thumbnail","hentry","category-2020-jahr","category-314","category-2025-2020-jahr","category-europa","category-jahr","category-k-z","category-spanien"],"yoast_head":"<!-- This site is optimized with the Yoast SEO plugin v27.4 - https:\/\/yoast.com\/product\/yoast-seo-wordpress\/ -->\n<title>18. Februar 2025 - Sig\u00fcenza - Reiseblog von Karin &amp; Joachim<\/title>\n<meta name=\"robots\" content=\"index, follow, max-snippet:-1, max-image-preview:large, max-video-preview:-1\" \/>\n<link rel=\"canonical\" href=\"https:\/\/jblanz.de\/WP\/18-februar-2025-sigueenza\/\" \/>\n<meta property=\"og:locale\" content=\"de_DE\" \/>\n<meta property=\"og:type\" content=\"article\" \/>\n<meta property=\"og:title\" content=\"18. Februar 2025 - Sig\u00fcenza - Reiseblog von Karin &amp; Joachim\" \/>\n<meta property=\"og:description\" content=\"Heute Morgen war der Himmel bew\u00f6lkt. Wir fuhren gegen 11 Uhr los Richtung Madrid. Die Strasse zwischen Fusti\u00f1ana und Tauste\" \/>\n<meta property=\"og:url\" content=\"https:\/\/jblanz.de\/WP\/18-februar-2025-sigueenza\/\" \/>\n<meta property=\"og:site_name\" content=\"Reiseblog von Karin &amp; Joachim\" \/>\n<meta property=\"article:published_time\" content=\"2025-02-18T21:30:28+00:00\" \/>\n<meta property=\"article:modified_time\" content=\"2025-02-20T08:09:46+00:00\" \/>\n<meta property=\"og:image\" content=\"https:\/\/jblanz.de\/WP\/wp-content\/uploads\/2025\/02\/25Spanien-790-1-scaled.jpg\" \/>\n\t<meta property=\"og:image:width\" content=\"2560\" \/>\n\t<meta property=\"og:image:height\" content=\"1440\" \/>\n\t<meta property=\"og:image:type\" content=\"image\/jpeg\" \/>\n<meta name=\"author\" content=\"Achim\" \/>\n<meta name=\"twitter:card\" content=\"summary_large_image\" \/>\n<meta name=\"twitter:label1\" content=\"Verfasst von\" \/>\n\t<meta name=\"twitter:data1\" content=\"Achim\" \/>\n\t<meta name=\"twitter:label2\" content=\"Gesch\u00e4tzte Lesezeit\" \/>\n\t<meta name=\"twitter:data2\" content=\"12\u00a0Minuten\" \/>\n<script type=\"application\/ld+json\" class=\"yoast-schema-graph\">{\"@context\":\"https:\\\/\\\/schema.org\",\"@graph\":[{\"@type\":\"Article\",\"@id\":\"https:\\\/\\\/jblanz.de\\\/WP\\\/18-februar-2025-sigueenza\\\/#article\",\"isPartOf\":{\"@id\":\"https:\\\/\\\/jblanz.de\\\/WP\\\/18-februar-2025-sigueenza\\\/\"},\"author\":{\"name\":\"Achim\",\"@id\":\"https:\\\/\\\/jblanz.de\\\/WP\\\/#\\\/schema\\\/person\\\/17a70f07162e42bc0b181c22397286e0\"},\"headline\":\"18. Februar 2025 &#8211; Sig\u00fcenza\",\"datePublished\":\"2025-02-18T21:30:28+00:00\",\"dateModified\":\"2025-02-20T08:09:46+00:00\",\"mainEntityOfPage\":{\"@id\":\"https:\\\/\\\/jblanz.de\\\/WP\\\/18-februar-2025-sigueenza\\\/\"},\"wordCount\":636,\"commentCount\":0,\"publisher\":{\"@id\":\"https:\\\/\\\/jblanz.de\\\/WP\\\/#\\\/schema\\\/person\\\/17a70f07162e42bc0b181c22397286e0\"},\"image\":{\"@id\":\"https:\\\/\\\/jblanz.de\\\/WP\\\/18-februar-2025-sigueenza\\\/#primaryimage\"},\"thumbnailUrl\":\"https:\\\/\\\/jblanz.de\\\/WP\\\/wp-content\\\/uploads\\\/2025\\\/02\\\/25Spanien-790-1-scaled.jpg\",\"articleSection\":[\"2020+\",\"2025\",\"2025\",\"Europa\",\"Jahr\",\"K-Z\",\"Spanien\"],\"inLanguage\":\"de\",\"potentialAction\":[{\"@type\":\"CommentAction\",\"name\":\"Comment\",\"target\":[\"https:\\\/\\\/jblanz.de\\\/WP\\\/18-februar-2025-sigueenza\\\/#respond\"]}]},{\"@type\":\"WebPage\",\"@id\":\"https:\\\/\\\/jblanz.de\\\/WP\\\/18-februar-2025-sigueenza\\\/\",\"url\":\"https:\\\/\\\/jblanz.de\\\/WP\\\/18-februar-2025-sigueenza\\\/\",\"name\":\"18. Februar 2025 - Sig\u00fcenza - Reiseblog von Karin &amp; Joachim\",\"isPartOf\":{\"@id\":\"https:\\\/\\\/jblanz.de\\\/WP\\\/#website\"},\"primaryImageOfPage\":{\"@id\":\"https:\\\/\\\/jblanz.de\\\/WP\\\/18-februar-2025-sigueenza\\\/#primaryimage\"},\"image\":{\"@id\":\"https:\\\/\\\/jblanz.de\\\/WP\\\/18-februar-2025-sigueenza\\\/#primaryimage\"},\"thumbnailUrl\":\"https:\\\/\\\/jblanz.de\\\/WP\\\/wp-content\\\/uploads\\\/2025\\\/02\\\/25Spanien-790-1-scaled.jpg\",\"datePublished\":\"2025-02-18T21:30:28+00:00\",\"dateModified\":\"2025-02-20T08:09:46+00:00\",\"breadcrumb\":{\"@id\":\"https:\\\/\\\/jblanz.de\\\/WP\\\/18-februar-2025-sigueenza\\\/#breadcrumb\"},\"inLanguage\":\"de\",\"potentialAction\":[{\"@type\":\"ReadAction\",\"target\":[\"https:\\\/\\\/jblanz.de\\\/WP\\\/18-februar-2025-sigueenza\\\/\"]}]},{\"@type\":\"ImageObject\",\"inLanguage\":\"de\",\"@id\":\"https:\\\/\\\/jblanz.de\\\/WP\\\/18-februar-2025-sigueenza\\\/#primaryimage\",\"url\":\"https:\\\/\\\/jblanz.de\\\/WP\\\/wp-content\\\/uploads\\\/2025\\\/02\\\/25Spanien-790-1-scaled.jpg\",\"contentUrl\":\"https:\\\/\\\/jblanz.de\\\/WP\\\/wp-content\\\/uploads\\\/2025\\\/02\\\/25Spanien-790-1-scaled.jpg\",\"width\":2560,\"height\":1440},{\"@type\":\"BreadcrumbList\",\"@id\":\"https:\\\/\\\/jblanz.de\\\/WP\\\/18-februar-2025-sigueenza\\\/#breadcrumb\",\"itemListElement\":[{\"@type\":\"ListItem\",\"position\":1,\"name\":\"Startseite\",\"item\":\"https:\\\/\\\/jblanz.de\\\/WP\\\/\"},{\"@type\":\"ListItem\",\"position\":2,\"name\":\"18. Februar 2025 &#8211; Sig\u00fcenza\"}]},{\"@type\":\"WebSite\",\"@id\":\"https:\\\/\\\/jblanz.de\\\/WP\\\/#website\",\"url\":\"https:\\\/\\\/jblanz.de\\\/WP\\\/\",\"name\":\"Reiseblog von Karin & Joachim\",\"description\":\"Wir schreiben den Blog f\u00fcr uns als Erinnerung - f\u00fcr euch als Inspiration\",\"publisher\":{\"@id\":\"https:\\\/\\\/jblanz.de\\\/WP\\\/#\\\/schema\\\/person\\\/17a70f07162e42bc0b181c22397286e0\"},\"potentialAction\":[{\"@type\":\"SearchAction\",\"target\":{\"@type\":\"EntryPoint\",\"urlTemplate\":\"https:\\\/\\\/jblanz.de\\\/WP\\\/?s={search_term_string}\"},\"query-input\":{\"@type\":\"PropertyValueSpecification\",\"valueRequired\":true,\"valueName\":\"search_term_string\"}}],\"inLanguage\":\"de\"},{\"@type\":[\"Person\",\"Organization\"],\"@id\":\"https:\\\/\\\/jblanz.de\\\/WP\\\/#\\\/schema\\\/person\\\/17a70f07162e42bc0b181c22397286e0\",\"name\":\"Achim\",\"image\":{\"@type\":\"ImageObject\",\"inLanguage\":\"de\",\"@id\":\"https:\\\/\\\/secure.gravatar.com\\\/avatar\\\/b7ab31bc55956af4a9bebf7fd034761212b11b803b7e39464914d6abeefb12f3?s=96&d=mm&r=g\",\"url\":\"https:\\\/\\\/secure.gravatar.com\\\/avatar\\\/b7ab31bc55956af4a9bebf7fd034761212b11b803b7e39464914d6abeefb12f3?s=96&d=mm&r=g\",\"contentUrl\":\"https:\\\/\\\/secure.gravatar.com\\\/avatar\\\/b7ab31bc55956af4a9bebf7fd034761212b11b803b7e39464914d6abeefb12f3?s=96&d=mm&r=g\",\"caption\":\"Achim\"},\"logo\":{\"@id\":\"https:\\\/\\\/secure.gravatar.com\\\/avatar\\\/b7ab31bc55956af4a9bebf7fd034761212b11b803b7e39464914d6abeefb12f3?s=96&d=mm&r=g\"},\"url\":\"https:\\\/\\\/jblanz.de\\\/WP\\\/author\\\/achim\\\/\"}]}<\/script>\n<!-- \/ Yoast SEO plugin. -->","yoast_head_json":{"title":"18. Februar 2025 - Sig\u00fcenza - Reiseblog von Karin &amp; Joachim","robots":{"index":"index","follow":"follow","max-snippet":"max-snippet:-1","max-image-preview":"max-image-preview:large","max-video-preview":"max-video-preview:-1"},"canonical":"https:\/\/jblanz.de\/WP\/18-februar-2025-sigueenza\/","og_locale":"de_DE","og_type":"article","og_title":"18. Februar 2025 - Sig\u00fcenza - Reiseblog von Karin &amp; Joachim","og_description":"Heute Morgen war der Himmel bew\u00f6lkt. Wir fuhren gegen 11 Uhr los Richtung Madrid. Die Strasse zwischen Fusti\u00f1ana und Tauste","og_url":"https:\/\/jblanz.de\/WP\/18-februar-2025-sigueenza\/","og_site_name":"Reiseblog von Karin &amp; Joachim","article_published_time":"2025-02-18T21:30:28+00:00","article_modified_time":"2025-02-20T08:09:46+00:00","og_image":[{"width":2560,"height":1440,"url":"https:\/\/jblanz.de\/WP\/wp-content\/uploads\/2025\/02\/25Spanien-790-1-scaled.jpg","type":"image\/jpeg"}],"author":"Achim","twitter_card":"summary_large_image","twitter_misc":{"Verfasst von":"Achim","Gesch\u00e4tzte Lesezeit":"12\u00a0Minuten"},"schema":{"@context":"https:\/\/schema.org","@graph":[{"@type":"Article","@id":"https:\/\/jblanz.de\/WP\/18-februar-2025-sigueenza\/#article","isPartOf":{"@id":"https:\/\/jblanz.de\/WP\/18-februar-2025-sigueenza\/"},"author":{"name":"Achim","@id":"https:\/\/jblanz.de\/WP\/#\/schema\/person\/17a70f07162e42bc0b181c22397286e0"},"headline":"18. Februar 2025 &#8211; Sig\u00fcenza","datePublished":"2025-02-18T21:30:28+00:00","dateModified":"2025-02-20T08:09:46+00:00","mainEntityOfPage":{"@id":"https:\/\/jblanz.de\/WP\/18-februar-2025-sigueenza\/"},"wordCount":636,"commentCount":0,"publisher":{"@id":"https:\/\/jblanz.de\/WP\/#\/schema\/person\/17a70f07162e42bc0b181c22397286e0"},"image":{"@id":"https:\/\/jblanz.de\/WP\/18-februar-2025-sigueenza\/#primaryimage"},"thumbnailUrl":"https:\/\/jblanz.de\/WP\/wp-content\/uploads\/2025\/02\/25Spanien-790-1-scaled.jpg","articleSection":["2020+","2025","2025","Europa","Jahr","K-Z","Spanien"],"inLanguage":"de","potentialAction":[{"@type":"CommentAction","name":"Comment","target":["https:\/\/jblanz.de\/WP\/18-februar-2025-sigueenza\/#respond"]}]},{"@type":"WebPage","@id":"https:\/\/jblanz.de\/WP\/18-februar-2025-sigueenza\/","url":"https:\/\/jblanz.de\/WP\/18-februar-2025-sigueenza\/","name":"18. Februar 2025 - Sig\u00fcenza - Reiseblog von Karin &amp; Joachim","isPartOf":{"@id":"https:\/\/jblanz.de\/WP\/#website"},"primaryImageOfPage":{"@id":"https:\/\/jblanz.de\/WP\/18-februar-2025-sigueenza\/#primaryimage"},"image":{"@id":"https:\/\/jblanz.de\/WP\/18-februar-2025-sigueenza\/#primaryimage"},"thumbnailUrl":"https:\/\/jblanz.de\/WP\/wp-content\/uploads\/2025\/02\/25Spanien-790-1-scaled.jpg","datePublished":"2025-02-18T21:30:28+00:00","dateModified":"2025-02-20T08:09:46+00:00","breadcrumb":{"@id":"https:\/\/jblanz.de\/WP\/18-februar-2025-sigueenza\/#breadcrumb"},"inLanguage":"de","potentialAction":[{"@type":"ReadAction","target":["https:\/\/jblanz.de\/WP\/18-februar-2025-sigueenza\/"]}]},{"@type":"ImageObject","inLanguage":"de","@id":"https:\/\/jblanz.de\/WP\/18-februar-2025-sigueenza\/#primaryimage","url":"https:\/\/jblanz.de\/WP\/wp-content\/uploads\/2025\/02\/25Spanien-790-1-scaled.jpg","contentUrl":"https:\/\/jblanz.de\/WP\/wp-content\/uploads\/2025\/02\/25Spanien-790-1-scaled.jpg","width":2560,"height":1440},{"@type":"BreadcrumbList","@id":"https:\/\/jblanz.de\/WP\/18-februar-2025-sigueenza\/#breadcrumb","itemListElement":[{"@type":"ListItem","position":1,"name":"Startseite","item":"https:\/\/jblanz.de\/WP\/"},{"@type":"ListItem","position":2,"name":"18. Februar 2025 &#8211; Sig\u00fcenza"}]},{"@type":"WebSite","@id":"https:\/\/jblanz.de\/WP\/#website","url":"https:\/\/jblanz.de\/WP\/","name":"Reiseblog von Karin & Joachim","description":"Wir schreiben den Blog f\u00fcr uns als Erinnerung - f\u00fcr euch als Inspiration","publisher":{"@id":"https:\/\/jblanz.de\/WP\/#\/schema\/person\/17a70f07162e42bc0b181c22397286e0"},"potentialAction":[{"@type":"SearchAction","target":{"@type":"EntryPoint","urlTemplate":"https:\/\/jblanz.de\/WP\/?s={search_term_string}"},"query-input":{"@type":"PropertyValueSpecification","valueRequired":true,"valueName":"search_term_string"}}],"inLanguage":"de"},{"@type":["Person","Organization"],"@id":"https:\/\/jblanz.de\/WP\/#\/schema\/person\/17a70f07162e42bc0b181c22397286e0","name":"Achim","image":{"@type":"ImageObject","inLanguage":"de","@id":"https:\/\/secure.gravatar.com\/avatar\/b7ab31bc55956af4a9bebf7fd034761212b11b803b7e39464914d6abeefb12f3?s=96&d=mm&r=g","url":"https:\/\/secure.gravatar.com\/avatar\/b7ab31bc55956af4a9bebf7fd034761212b11b803b7e39464914d6abeefb12f3?s=96&d=mm&r=g","contentUrl":"https:\/\/secure.gravatar.com\/avatar\/b7ab31bc55956af4a9bebf7fd034761212b11b803b7e39464914d6abeefb12f3?s=96&d=mm&r=g","caption":"Achim"},"logo":{"@id":"https:\/\/secure.gravatar.com\/avatar\/b7ab31bc55956af4a9bebf7fd034761212b11b803b7e39464914d6abeefb12f3?s=96&d=mm&r=g"},"url":"https:\/\/jblanz.de\/WP\/author\/achim\/"}]}},"_links":{"self":[{"href":"https:\/\/jblanz.de\/WP\/wp-json\/wp\/v2\/posts\/25202","targetHints":{"allow":["GET"]}}],"collection":[{"href":"https:\/\/jblanz.de\/WP\/wp-json\/wp\/v2\/posts"}],"about":[{"href":"https:\/\/jblanz.de\/WP\/wp-json\/wp\/v2\/types\/post"}],"author":[{"embeddable":true,"href":"https:\/\/jblanz.de\/WP\/wp-json\/wp\/v2\/users\/1"}],"replies":[{"embeddable":true,"href":"https:\/\/jblanz.de\/WP\/wp-json\/wp\/v2\/comments?post=25202"}],"version-history":[{"count":0,"href":"https:\/\/jblanz.de\/WP\/wp-json\/wp\/v2\/posts\/25202\/revisions"}],"wp:featuredmedia":[{"embeddable":true,"href":"https:\/\/jblanz.de\/WP\/wp-json\/wp\/v2\/media\/25297"}],"wp:attachment":[{"href":"https:\/\/jblanz.de\/WP\/wp-json\/wp\/v2\/media?parent=25202"}],"wp:term":[{"taxonomy":"category","embeddable":true,"href":"https:\/\/jblanz.de\/WP\/wp-json\/wp\/v2\/categories?post=25202"},{"taxonomy":"post_tag","embeddable":true,"href":"https:\/\/jblanz.de\/WP\/wp-json\/wp\/v2\/tags?post=25202"}],"curies":[{"name":"wp","href":"https:\/\/api.w.org\/{rel}","templated":true}]}}