{"id":25680,"date":"2025-02-24T18:58:33","date_gmt":"2025-02-24T17:58:33","guid":{"rendered":"https:\/\/jblanz.de\/WP\/?p=25680"},"modified":"2025-03-09T18:51:58","modified_gmt":"2025-03-09T17:51:58","slug":"24-februar-2025-avila","status":"publish","type":"post","link":"https:\/\/jblanz.de\/WP\/24-februar-2025-avila\/","title":{"rendered":"24. Februar 2025 &#8211; \u00c1vila"},"content":{"rendered":"\n<p>Heute Morgen ging es schnurstracks zu der Hymerwerkstatt Roulot. Niemand sprach englisch, aber mit dem Google \u00dcbersetzer funktionierte es gut. Ohne viel zu sagen, machte sich ein Mechaniker sofort an die Arbeit und 30 Minuten sp\u00e4ter war alles repariert. Er hatte einen neuen Siphon eingebaut, das Rohr verl\u00e4ngert und alles verklebt. Wir bezahlten 59,51 \u20ac (Arbeitszeit kostete dort 69 \u20ac\/Stunde).<\/p>\n\n\n\n<p>Google Maps schlug f\u00fcr die Weiterfahrt zum Valle de Jerte, unserem n\u00e4chsten anvisierten Ziel, ein Route vor, die an \u00c1vila vorbeif\u00fchrte. Aber Vorbeifahren an so einer Stadt kam nicht in Frage. Wir verliessen die Autobahn und fuhren zu einem wenig erbaulichen, aber stadtnahen Stellplatz. Er kostete f\u00fcr eine Nacht 18 \u20ac inkl. Strom. <\/p>\n\n\n\n<figure class=\"wp-block-image aligncenter size-full\"><img loading=\"lazy\" decoding=\"async\" width=\"2560\" height=\"413\" src=\"https:\/\/jblanz.de\/WP\/wp-content\/uploads\/2025\/02\/25Spanien-1112-scaled.jpg\" alt=\"\" class=\"wp-image-25685\" srcset=\"https:\/\/jblanz.de\/WP\/wp-content\/uploads\/2025\/02\/25Spanien-1112-scaled.jpg 2560w, https:\/\/jblanz.de\/WP\/wp-content\/uploads\/2025\/02\/25Spanien-1112-300x48.jpg 300w, https:\/\/jblanz.de\/WP\/wp-content\/uploads\/2025\/02\/25Spanien-1112-1024x165.jpg 1024w, https:\/\/jblanz.de\/WP\/wp-content\/uploads\/2025\/02\/25Spanien-1112-768x124.jpg 768w, https:\/\/jblanz.de\/WP\/wp-content\/uploads\/2025\/02\/25Spanien-1112-1536x248.jpg 1536w, https:\/\/jblanz.de\/WP\/wp-content\/uploads\/2025\/02\/25Spanien-1112-2048x330.jpg 2048w\" sizes=\"auto, (max-width: 2560px) 100vw, 2560px\" \/><\/figure>\n\n\n\n<p>Die Stadt hat eine sehr gut erhaltene Stadtmauer, die sie vollkommen umgibt. Die Mauer ist 2516 m lang, hat 87 T\u00fcrme und 9 Tore. Es ist in ihrer Art die am besten erhaltene Stadtmauer der Welt. Der Bau der Mauer begann im 5. Jahrhundert und wurde immer wieder verbessert bis ins Mittelalter hinein. Im Hinterland gab es noch schneebedeckte Berge<\/p>\n\n\n\n<figure class=\"wp-block-image aligncenter size-full\"><img loading=\"lazy\" decoding=\"async\" width=\"2560\" height=\"1229\" src=\"https:\/\/jblanz.de\/WP\/wp-content\/uploads\/2025\/02\/25Spanien-1140-scaled.jpg\" alt=\"\" class=\"wp-image-25689\" srcset=\"https:\/\/jblanz.de\/WP\/wp-content\/uploads\/2025\/02\/25Spanien-1140-scaled.jpg 2560w, https:\/\/jblanz.de\/WP\/wp-content\/uploads\/2025\/02\/25Spanien-1140-300x144.jpg 300w, https:\/\/jblanz.de\/WP\/wp-content\/uploads\/2025\/02\/25Spanien-1140-1024x491.jpg 1024w, https:\/\/jblanz.de\/WP\/wp-content\/uploads\/2025\/02\/25Spanien-1140-768x369.jpg 768w, https:\/\/jblanz.de\/WP\/wp-content\/uploads\/2025\/02\/25Spanien-1140-1536x737.jpg 1536w, https:\/\/jblanz.de\/WP\/wp-content\/uploads\/2025\/02\/25Spanien-1140-2048x983.jpg 2048w\" sizes=\"auto, (max-width: 2560px) 100vw, 2560px\" \/><\/figure>\n\n\n\n<p>Vor der Stadtbesichtigung suchten wir uns noch das Restaurant &#8222;Soul Kitchen&#8220; aus und a\u00dfen dort zu Mittag. Karin nahm einen vegetarischen Falafel-Burger und ich bestellte das Men\u00fc del Dia (erster und letzter Punkt im Men\u00fc), das mit Nachtisch (Schokomus auf Joghurtcreme) 16,50 \u20ac kostete. Schmeckte sehr gut, nur Karins Falafel war etwas trocken.<\/p>\n\n\n\n<figure class=\"wp-block-gallery has-nested-images columns-2 is-cropped wp-block-gallery-2 is-layout-flex wp-block-gallery-is-layout-flex\">\n<figure class=\"wp-block-image size-full\"><img loading=\"lazy\" decoding=\"async\" width=\"2560\" height=\"1440\" data-id=\"25700\" src=\"https:\/\/jblanz.de\/WP\/wp-content\/uploads\/2025\/02\/25Spanien-1114-scaled.jpg\" alt=\"\" class=\"wp-image-25700\" srcset=\"https:\/\/jblanz.de\/WP\/wp-content\/uploads\/2025\/02\/25Spanien-1114-scaled.jpg 2560w, https:\/\/jblanz.de\/WP\/wp-content\/uploads\/2025\/02\/25Spanien-1114-300x169.jpg 300w, https:\/\/jblanz.de\/WP\/wp-content\/uploads\/2025\/02\/25Spanien-1114-1024x576.jpg 1024w, https:\/\/jblanz.de\/WP\/wp-content\/uploads\/2025\/02\/25Spanien-1114-768x432.jpg 768w, https:\/\/jblanz.de\/WP\/wp-content\/uploads\/2025\/02\/25Spanien-1114-1536x864.jpg 1536w, https:\/\/jblanz.de\/WP\/wp-content\/uploads\/2025\/02\/25Spanien-1114-2048x1152.jpg 2048w\" sizes=\"auto, (max-width: 2560px) 100vw, 2560px\" \/><\/figure>\n\n\n\n<figure class=\"wp-block-image size-full\"><img loading=\"lazy\" decoding=\"async\" width=\"2560\" height=\"1440\" data-id=\"25695\" src=\"https:\/\/jblanz.de\/WP\/wp-content\/uploads\/2025\/02\/25Spanien-1123-scaled.jpg\" alt=\"\" class=\"wp-image-25695\" srcset=\"https:\/\/jblanz.de\/WP\/wp-content\/uploads\/2025\/02\/25Spanien-1123-scaled.jpg 2560w, https:\/\/jblanz.de\/WP\/wp-content\/uploads\/2025\/02\/25Spanien-1123-300x169.jpg 300w, https:\/\/jblanz.de\/WP\/wp-content\/uploads\/2025\/02\/25Spanien-1123-1024x576.jpg 1024w, https:\/\/jblanz.de\/WP\/wp-content\/uploads\/2025\/02\/25Spanien-1123-768x432.jpg 768w, https:\/\/jblanz.de\/WP\/wp-content\/uploads\/2025\/02\/25Spanien-1123-1536x864.jpg 1536w, https:\/\/jblanz.de\/WP\/wp-content\/uploads\/2025\/02\/25Spanien-1123-2048x1152.jpg 2048w\" sizes=\"auto, (max-width: 2560px) 100vw, 2560px\" \/><\/figure>\n\n\n\n<figure class=\"wp-block-image size-full\"><img loading=\"lazy\" decoding=\"async\" width=\"2560\" height=\"1440\" data-id=\"25693\" src=\"https:\/\/jblanz.de\/WP\/wp-content\/uploads\/2025\/02\/25Spanien-1122-scaled.jpg\" alt=\"\" class=\"wp-image-25693\" srcset=\"https:\/\/jblanz.de\/WP\/wp-content\/uploads\/2025\/02\/25Spanien-1122-scaled.jpg 2560w, https:\/\/jblanz.de\/WP\/wp-content\/uploads\/2025\/02\/25Spanien-1122-300x169.jpg 300w, https:\/\/jblanz.de\/WP\/wp-content\/uploads\/2025\/02\/25Spanien-1122-1024x576.jpg 1024w, https:\/\/jblanz.de\/WP\/wp-content\/uploads\/2025\/02\/25Spanien-1122-768x432.jpg 768w, https:\/\/jblanz.de\/WP\/wp-content\/uploads\/2025\/02\/25Spanien-1122-1536x864.jpg 1536w, https:\/\/jblanz.de\/WP\/wp-content\/uploads\/2025\/02\/25Spanien-1122-2048x1152.jpg 2048w\" sizes=\"auto, (max-width: 2560px) 100vw, 2560px\" \/><\/figure>\n\n\n\n<figure class=\"wp-block-image size-full\"><img loading=\"lazy\" decoding=\"async\" width=\"2560\" height=\"1440\" data-id=\"25697\" src=\"https:\/\/jblanz.de\/WP\/wp-content\/uploads\/2025\/02\/25Spanien-1119-scaled.jpg\" alt=\"\" class=\"wp-image-25697\" srcset=\"https:\/\/jblanz.de\/WP\/wp-content\/uploads\/2025\/02\/25Spanien-1119-scaled.jpg 2560w, https:\/\/jblanz.de\/WP\/wp-content\/uploads\/2025\/02\/25Spanien-1119-300x169.jpg 300w, https:\/\/jblanz.de\/WP\/wp-content\/uploads\/2025\/02\/25Spanien-1119-1024x576.jpg 1024w, https:\/\/jblanz.de\/WP\/wp-content\/uploads\/2025\/02\/25Spanien-1119-768x432.jpg 768w, https:\/\/jblanz.de\/WP\/wp-content\/uploads\/2025\/02\/25Spanien-1119-1536x864.jpg 1536w, https:\/\/jblanz.de\/WP\/wp-content\/uploads\/2025\/02\/25Spanien-1119-2048x1152.jpg 2048w\" sizes=\"auto, (max-width: 2560px) 100vw, 2560px\" \/><\/figure>\n\n\n\n<figure class=\"wp-block-image size-full\"><img loading=\"lazy\" decoding=\"async\" width=\"2268\" height=\"1276\" data-id=\"25694\" src=\"https:\/\/jblanz.de\/WP\/wp-content\/uploads\/2025\/02\/25Spanien-1117.jpg\" alt=\"\" class=\"wp-image-25694\" srcset=\"https:\/\/jblanz.de\/WP\/wp-content\/uploads\/2025\/02\/25Spanien-1117.jpg 2268w, https:\/\/jblanz.de\/WP\/wp-content\/uploads\/2025\/02\/25Spanien-1117-300x169.jpg 300w, https:\/\/jblanz.de\/WP\/wp-content\/uploads\/2025\/02\/25Spanien-1117-1024x576.jpg 1024w, https:\/\/jblanz.de\/WP\/wp-content\/uploads\/2025\/02\/25Spanien-1117-768x432.jpg 768w, https:\/\/jblanz.de\/WP\/wp-content\/uploads\/2025\/02\/25Spanien-1117-1536x864.jpg 1536w, https:\/\/jblanz.de\/WP\/wp-content\/uploads\/2025\/02\/25Spanien-1117-2048x1152.jpg 2048w\" sizes=\"auto, (max-width: 2268px) 100vw, 2268px\" \/><\/figure>\n\n\n\n<figure class=\"wp-block-image size-full\"><img loading=\"lazy\" decoding=\"async\" width=\"2560\" height=\"1525\" data-id=\"25696\" src=\"https:\/\/jblanz.de\/WP\/wp-content\/uploads\/2025\/02\/25Spanien-1120-scaled.jpg\" alt=\"\" class=\"wp-image-25696\" srcset=\"https:\/\/jblanz.de\/WP\/wp-content\/uploads\/2025\/02\/25Spanien-1120-scaled.jpg 2560w, https:\/\/jblanz.de\/WP\/wp-content\/uploads\/2025\/02\/25Spanien-1120-300x179.jpg 300w, https:\/\/jblanz.de\/WP\/wp-content\/uploads\/2025\/02\/25Spanien-1120-1024x610.jpg 1024w, https:\/\/jblanz.de\/WP\/wp-content\/uploads\/2025\/02\/25Spanien-1120-768x458.jpg 768w, https:\/\/jblanz.de\/WP\/wp-content\/uploads\/2025\/02\/25Spanien-1120-1536x915.jpg 1536w, https:\/\/jblanz.de\/WP\/wp-content\/uploads\/2025\/02\/25Spanien-1120-2048x1220.jpg 2048w\" sizes=\"auto, (max-width: 2560px) 100vw, 2560px\" \/><\/figure>\n\n\n\n<figure class=\"wp-block-image size-full\"><img loading=\"lazy\" decoding=\"async\" width=\"2560\" height=\"1440\" data-id=\"25699\" src=\"https:\/\/jblanz.de\/WP\/wp-content\/uploads\/2025\/02\/25Spanien-1121-scaled.jpg\" alt=\"\" class=\"wp-image-25699\" srcset=\"https:\/\/jblanz.de\/WP\/wp-content\/uploads\/2025\/02\/25Spanien-1121-scaled.jpg 2560w, https:\/\/jblanz.de\/WP\/wp-content\/uploads\/2025\/02\/25Spanien-1121-300x169.jpg 300w, https:\/\/jblanz.de\/WP\/wp-content\/uploads\/2025\/02\/25Spanien-1121-1024x576.jpg 1024w, https:\/\/jblanz.de\/WP\/wp-content\/uploads\/2025\/02\/25Spanien-1121-768x432.jpg 768w, https:\/\/jblanz.de\/WP\/wp-content\/uploads\/2025\/02\/25Spanien-1121-1536x864.jpg 1536w, https:\/\/jblanz.de\/WP\/wp-content\/uploads\/2025\/02\/25Spanien-1121-2048x1152.jpg 2048w\" sizes=\"auto, (max-width: 2560px) 100vw, 2560px\" \/><\/figure>\n\n\n\n<figure class=\"wp-block-image size-full\"><img loading=\"lazy\" decoding=\"async\" width=\"2560\" height=\"1440\" data-id=\"25949\" src=\"https:\/\/jblanz.de\/WP\/wp-content\/uploads\/2025\/02\/25Spanien_Avila-1-scaled.jpg\" alt=\"\" class=\"wp-image-25949\" srcset=\"https:\/\/jblanz.de\/WP\/wp-content\/uploads\/2025\/02\/25Spanien_Avila-1-scaled.jpg 2560w, https:\/\/jblanz.de\/WP\/wp-content\/uploads\/2025\/02\/25Spanien_Avila-1-300x169.jpg 300w, https:\/\/jblanz.de\/WP\/wp-content\/uploads\/2025\/02\/25Spanien_Avila-1-1024x576.jpg 1024w, https:\/\/jblanz.de\/WP\/wp-content\/uploads\/2025\/02\/25Spanien_Avila-1-768x432.jpg 768w, https:\/\/jblanz.de\/WP\/wp-content\/uploads\/2025\/02\/25Spanien_Avila-1-1536x864.jpg 1536w, https:\/\/jblanz.de\/WP\/wp-content\/uploads\/2025\/02\/25Spanien_Avila-1-2048x1152.jpg 2048w\" sizes=\"auto, (max-width: 2560px) 100vw, 2560px\" \/><\/figure>\n\n\n\n<figure class=\"wp-block-image size-full\"><img loading=\"lazy\" decoding=\"async\" width=\"2560\" height=\"1440\" data-id=\"25698\" src=\"https:\/\/jblanz.de\/WP\/wp-content\/uploads\/2025\/02\/25Spanien-1118-scaled.jpg\" alt=\"\" class=\"wp-image-25698\" srcset=\"https:\/\/jblanz.de\/WP\/wp-content\/uploads\/2025\/02\/25Spanien-1118-scaled.jpg 2560w, https:\/\/jblanz.de\/WP\/wp-content\/uploads\/2025\/02\/25Spanien-1118-300x169.jpg 300w, https:\/\/jblanz.de\/WP\/wp-content\/uploads\/2025\/02\/25Spanien-1118-1024x576.jpg 1024w, https:\/\/jblanz.de\/WP\/wp-content\/uploads\/2025\/02\/25Spanien-1118-768x432.jpg 768w, https:\/\/jblanz.de\/WP\/wp-content\/uploads\/2025\/02\/25Spanien-1118-1536x864.jpg 1536w, https:\/\/jblanz.de\/WP\/wp-content\/uploads\/2025\/02\/25Spanien-1118-2048x1152.jpg 2048w\" sizes=\"auto, (max-width: 2560px) 100vw, 2560px\" \/><\/figure>\n<\/figure>\n\n\n\n<p>Dann schoben wir unsere R\u00e4der durch die Fussg\u00e4ngerzone und fuhren fast die ganze Statdmauer ab. <\/p>\n\n\n\n<figure class=\"wp-block-gallery has-nested-images columns-2 is-cropped wp-block-gallery-3 is-layout-flex wp-block-gallery-is-layout-flex\">\n<figure class=\"wp-block-image size-full\"><img loading=\"lazy\" decoding=\"async\" width=\"2560\" height=\"1440\" data-id=\"25708\" src=\"https:\/\/jblanz.de\/WP\/wp-content\/uploads\/2025\/02\/25Spanien-1149-scaled.jpg\" alt=\"\" class=\"wp-image-25708\" srcset=\"https:\/\/jblanz.de\/WP\/wp-content\/uploads\/2025\/02\/25Spanien-1149-scaled.jpg 2560w, https:\/\/jblanz.de\/WP\/wp-content\/uploads\/2025\/02\/25Spanien-1149-300x169.jpg 300w, https:\/\/jblanz.de\/WP\/wp-content\/uploads\/2025\/02\/25Spanien-1149-1024x576.jpg 1024w, https:\/\/jblanz.de\/WP\/wp-content\/uploads\/2025\/02\/25Spanien-1149-768x432.jpg 768w, https:\/\/jblanz.de\/WP\/wp-content\/uploads\/2025\/02\/25Spanien-1149-1536x864.jpg 1536w, https:\/\/jblanz.de\/WP\/wp-content\/uploads\/2025\/02\/25Spanien-1149-2048x1152.jpg 2048w\" sizes=\"auto, (max-width: 2560px) 100vw, 2560px\" \/><\/figure>\n\n\n\n<figure class=\"wp-block-image size-full\"><img loading=\"lazy\" decoding=\"async\" width=\"2560\" height=\"1440\" data-id=\"25711\" src=\"https:\/\/jblanz.de\/WP\/wp-content\/uploads\/2025\/02\/25Spanien-1145-scaled.jpg\" alt=\"\" class=\"wp-image-25711\" srcset=\"https:\/\/jblanz.de\/WP\/wp-content\/uploads\/2025\/02\/25Spanien-1145-scaled.jpg 2560w, https:\/\/jblanz.de\/WP\/wp-content\/uploads\/2025\/02\/25Spanien-1145-300x169.jpg 300w, https:\/\/jblanz.de\/WP\/wp-content\/uploads\/2025\/02\/25Spanien-1145-1024x576.jpg 1024w, https:\/\/jblanz.de\/WP\/wp-content\/uploads\/2025\/02\/25Spanien-1145-768x432.jpg 768w, https:\/\/jblanz.de\/WP\/wp-content\/uploads\/2025\/02\/25Spanien-1145-1536x864.jpg 1536w, https:\/\/jblanz.de\/WP\/wp-content\/uploads\/2025\/02\/25Spanien-1145-2048x1152.jpg 2048w\" sizes=\"auto, (max-width: 2560px) 100vw, 2560px\" \/><\/figure>\n\n\n\n<figure class=\"wp-block-image size-full\"><img loading=\"lazy\" decoding=\"async\" width=\"2560\" height=\"1440\" data-id=\"25709\" src=\"https:\/\/jblanz.de\/WP\/wp-content\/uploads\/2025\/02\/25Spanien-1142-scaled.jpg\" alt=\"\" class=\"wp-image-25709\" srcset=\"https:\/\/jblanz.de\/WP\/wp-content\/uploads\/2025\/02\/25Spanien-1142-scaled.jpg 2560w, https:\/\/jblanz.de\/WP\/wp-content\/uploads\/2025\/02\/25Spanien-1142-300x169.jpg 300w, https:\/\/jblanz.de\/WP\/wp-content\/uploads\/2025\/02\/25Spanien-1142-1024x576.jpg 1024w, https:\/\/jblanz.de\/WP\/wp-content\/uploads\/2025\/02\/25Spanien-1142-768x432.jpg 768w, https:\/\/jblanz.de\/WP\/wp-content\/uploads\/2025\/02\/25Spanien-1142-1536x864.jpg 1536w, https:\/\/jblanz.de\/WP\/wp-content\/uploads\/2025\/02\/25Spanien-1142-2048x1152.jpg 2048w\" sizes=\"auto, (max-width: 2560px) 100vw, 2560px\" \/><\/figure>\n\n\n\n<figure class=\"wp-block-image size-full\"><img loading=\"lazy\" decoding=\"async\" width=\"2560\" height=\"1440\" data-id=\"25710\" src=\"https:\/\/jblanz.de\/WP\/wp-content\/uploads\/2025\/02\/25Spanien-1133-scaled.jpg\" alt=\"\" class=\"wp-image-25710\" srcset=\"https:\/\/jblanz.de\/WP\/wp-content\/uploads\/2025\/02\/25Spanien-1133-scaled.jpg 2560w, https:\/\/jblanz.de\/WP\/wp-content\/uploads\/2025\/02\/25Spanien-1133-300x169.jpg 300w, https:\/\/jblanz.de\/WP\/wp-content\/uploads\/2025\/02\/25Spanien-1133-1024x576.jpg 1024w, https:\/\/jblanz.de\/WP\/wp-content\/uploads\/2025\/02\/25Spanien-1133-768x432.jpg 768w, https:\/\/jblanz.de\/WP\/wp-content\/uploads\/2025\/02\/25Spanien-1133-1536x864.jpg 1536w, https:\/\/jblanz.de\/WP\/wp-content\/uploads\/2025\/02\/25Spanien-1133-2048x1152.jpg 2048w\" sizes=\"auto, (max-width: 2560px) 100vw, 2560px\" \/><\/figure>\n\n\n\n<figure class=\"wp-block-image size-full\"><img loading=\"lazy\" decoding=\"async\" width=\"2560\" height=\"1440\" data-id=\"25715\" src=\"https:\/\/jblanz.de\/WP\/wp-content\/uploads\/2025\/02\/25Spanien-1130-scaled.jpg\" alt=\"\" class=\"wp-image-25715\" srcset=\"https:\/\/jblanz.de\/WP\/wp-content\/uploads\/2025\/02\/25Spanien-1130-scaled.jpg 2560w, https:\/\/jblanz.de\/WP\/wp-content\/uploads\/2025\/02\/25Spanien-1130-300x169.jpg 300w, https:\/\/jblanz.de\/WP\/wp-content\/uploads\/2025\/02\/25Spanien-1130-1024x576.jpg 1024w, https:\/\/jblanz.de\/WP\/wp-content\/uploads\/2025\/02\/25Spanien-1130-768x432.jpg 768w, https:\/\/jblanz.de\/WP\/wp-content\/uploads\/2025\/02\/25Spanien-1130-1536x864.jpg 1536w, https:\/\/jblanz.de\/WP\/wp-content\/uploads\/2025\/02\/25Spanien-1130-2048x1152.jpg 2048w\" sizes=\"auto, (max-width: 2560px) 100vw, 2560px\" \/><\/figure>\n\n\n\n<figure class=\"wp-block-image size-full\"><img loading=\"lazy\" decoding=\"async\" width=\"2560\" height=\"1440\" data-id=\"25716\" src=\"https:\/\/jblanz.de\/WP\/wp-content\/uploads\/2025\/02\/25Spanien-1128-scaled.jpg\" alt=\"\" class=\"wp-image-25716\" srcset=\"https:\/\/jblanz.de\/WP\/wp-content\/uploads\/2025\/02\/25Spanien-1128-scaled.jpg 2560w, https:\/\/jblanz.de\/WP\/wp-content\/uploads\/2025\/02\/25Spanien-1128-300x169.jpg 300w, https:\/\/jblanz.de\/WP\/wp-content\/uploads\/2025\/02\/25Spanien-1128-1024x576.jpg 1024w, https:\/\/jblanz.de\/WP\/wp-content\/uploads\/2025\/02\/25Spanien-1128-768x432.jpg 768w, https:\/\/jblanz.de\/WP\/wp-content\/uploads\/2025\/02\/25Spanien-1128-1536x864.jpg 1536w, https:\/\/jblanz.de\/WP\/wp-content\/uploads\/2025\/02\/25Spanien-1128-2048x1152.jpg 2048w\" sizes=\"auto, (max-width: 2560px) 100vw, 2560px\" \/><\/figure>\n\n\n\n<figure class=\"wp-block-image size-full\"><img loading=\"lazy\" decoding=\"async\" width=\"2560\" height=\"1440\" data-id=\"25717\" src=\"https:\/\/jblanz.de\/WP\/wp-content\/uploads\/2025\/02\/25Spanien-1125-scaled.jpg\" alt=\"\" class=\"wp-image-25717\" srcset=\"https:\/\/jblanz.de\/WP\/wp-content\/uploads\/2025\/02\/25Spanien-1125-scaled.jpg 2560w, https:\/\/jblanz.de\/WP\/wp-content\/uploads\/2025\/02\/25Spanien-1125-300x169.jpg 300w, https:\/\/jblanz.de\/WP\/wp-content\/uploads\/2025\/02\/25Spanien-1125-1024x576.jpg 1024w, https:\/\/jblanz.de\/WP\/wp-content\/uploads\/2025\/02\/25Spanien-1125-768x432.jpg 768w, https:\/\/jblanz.de\/WP\/wp-content\/uploads\/2025\/02\/25Spanien-1125-1536x864.jpg 1536w, https:\/\/jblanz.de\/WP\/wp-content\/uploads\/2025\/02\/25Spanien-1125-2048x1152.jpg 2048w\" sizes=\"auto, (max-width: 2560px) 100vw, 2560px\" \/><\/figure>\n\n\n\n<figure class=\"wp-block-image size-full\"><img loading=\"lazy\" decoding=\"async\" width=\"2560\" height=\"1440\" data-id=\"25718\" src=\"https:\/\/jblanz.de\/WP\/wp-content\/uploads\/2025\/02\/25Spanien-1124-scaled.jpg\" alt=\"\" class=\"wp-image-25718\" srcset=\"https:\/\/jblanz.de\/WP\/wp-content\/uploads\/2025\/02\/25Spanien-1124-scaled.jpg 2560w, https:\/\/jblanz.de\/WP\/wp-content\/uploads\/2025\/02\/25Spanien-1124-300x169.jpg 300w, https:\/\/jblanz.de\/WP\/wp-content\/uploads\/2025\/02\/25Spanien-1124-1024x576.jpg 1024w, https:\/\/jblanz.de\/WP\/wp-content\/uploads\/2025\/02\/25Spanien-1124-768x432.jpg 768w, https:\/\/jblanz.de\/WP\/wp-content\/uploads\/2025\/02\/25Spanien-1124-1536x864.jpg 1536w, https:\/\/jblanz.de\/WP\/wp-content\/uploads\/2025\/02\/25Spanien-1124-2048x1152.jpg 2048w\" sizes=\"auto, (max-width: 2560px) 100vw, 2560px\" \/><\/figure>\n\n\n\n<figure class=\"wp-block-image size-full\"><img loading=\"lazy\" decoding=\"async\" width=\"2560\" height=\"1440\" data-id=\"25713\" src=\"https:\/\/jblanz.de\/WP\/wp-content\/uploads\/2025\/02\/25Spanien-1127-scaled.jpg\" alt=\"\" class=\"wp-image-25713\" srcset=\"https:\/\/jblanz.de\/WP\/wp-content\/uploads\/2025\/02\/25Spanien-1127-scaled.jpg 2560w, https:\/\/jblanz.de\/WP\/wp-content\/uploads\/2025\/02\/25Spanien-1127-300x169.jpg 300w, https:\/\/jblanz.de\/WP\/wp-content\/uploads\/2025\/02\/25Spanien-1127-1024x576.jpg 1024w, https:\/\/jblanz.de\/WP\/wp-content\/uploads\/2025\/02\/25Spanien-1127-768x432.jpg 768w, https:\/\/jblanz.de\/WP\/wp-content\/uploads\/2025\/02\/25Spanien-1127-1536x864.jpg 1536w, https:\/\/jblanz.de\/WP\/wp-content\/uploads\/2025\/02\/25Spanien-1127-2048x1152.jpg 2048w\" sizes=\"auto, (max-width: 2560px) 100vw, 2560px\" \/><\/figure>\n\n\n\n<figure class=\"wp-block-image size-full\"><img loading=\"lazy\" decoding=\"async\" width=\"2560\" height=\"1416\" data-id=\"25712\" src=\"https:\/\/jblanz.de\/WP\/wp-content\/uploads\/2025\/02\/25Spanien-1115-scaled.jpg\" alt=\"\" class=\"wp-image-25712\" srcset=\"https:\/\/jblanz.de\/WP\/wp-content\/uploads\/2025\/02\/25Spanien-1115-scaled.jpg 2560w, https:\/\/jblanz.de\/WP\/wp-content\/uploads\/2025\/02\/25Spanien-1115-300x166.jpg 300w, https:\/\/jblanz.de\/WP\/wp-content\/uploads\/2025\/02\/25Spanien-1115-1024x566.jpg 1024w, https:\/\/jblanz.de\/WP\/wp-content\/uploads\/2025\/02\/25Spanien-1115-768x425.jpg 768w, https:\/\/jblanz.de\/WP\/wp-content\/uploads\/2025\/02\/25Spanien-1115-1536x849.jpg 1536w, https:\/\/jblanz.de\/WP\/wp-content\/uploads\/2025\/02\/25Spanien-1115-2048x1132.jpg 2048w\" sizes=\"auto, (max-width: 2560px) 100vw, 2560px\" \/><\/figure>\n<\/figure>\n\n\n\n<p>Und nat\u00fcrlich mussten wir auch die Kathedrale von \u00c1vila besichtigen. Wie \u00fcblich ziemlich viel kirchlicher Pomp. Der kleine schwarze Punkt am unteren Rand rechts neben dem Eingangstor ist \u00fcbrigens Karin. Wieder gab es eine VR-Brille und Karin flog durch die Kirche. Meine Brille funktionierte leider nicht. Von oben ist der Blick auf unseren Stellplatz schon ern\u00fcchternd, aber wir sind ja praktisch ab 18 Uhr in unserem Wohnmobil, da die Temperaturen abends recht schnell unangenehm werden. <\/p>\n\n\n\n<figure class=\"wp-block-gallery has-nested-images columns-2 is-cropped wp-block-gallery-4 is-layout-flex wp-block-gallery-is-layout-flex\">\n<figure class=\"wp-block-image size-full\"><img loading=\"lazy\" decoding=\"async\" width=\"2560\" height=\"1440\" data-id=\"25733\" src=\"https:\/\/jblanz.de\/WP\/wp-content\/uploads\/2025\/02\/25Spanien-1148-scaled.jpg\" alt=\"\" class=\"wp-image-25733\" srcset=\"https:\/\/jblanz.de\/WP\/wp-content\/uploads\/2025\/02\/25Spanien-1148-scaled.jpg 2560w, https:\/\/jblanz.de\/WP\/wp-content\/uploads\/2025\/02\/25Spanien-1148-300x169.jpg 300w, https:\/\/jblanz.de\/WP\/wp-content\/uploads\/2025\/02\/25Spanien-1148-1024x576.jpg 1024w, https:\/\/jblanz.de\/WP\/wp-content\/uploads\/2025\/02\/25Spanien-1148-768x432.jpg 768w, https:\/\/jblanz.de\/WP\/wp-content\/uploads\/2025\/02\/25Spanien-1148-1536x864.jpg 1536w, https:\/\/jblanz.de\/WP\/wp-content\/uploads\/2025\/02\/25Spanien-1148-2048x1152.jpg 2048w\" sizes=\"auto, (max-width: 2560px) 100vw, 2560px\" \/><\/figure>\n\n\n\n<figure class=\"wp-block-image size-full\"><img loading=\"lazy\" decoding=\"async\" width=\"2560\" height=\"1440\" data-id=\"25738\" src=\"https:\/\/jblanz.de\/WP\/wp-content\/uploads\/2025\/02\/25Spanien-1162-scaled.jpg\" alt=\"\" class=\"wp-image-25738\" srcset=\"https:\/\/jblanz.de\/WP\/wp-content\/uploads\/2025\/02\/25Spanien-1162-scaled.jpg 2560w, https:\/\/jblanz.de\/WP\/wp-content\/uploads\/2025\/02\/25Spanien-1162-300x169.jpg 300w, https:\/\/jblanz.de\/WP\/wp-content\/uploads\/2025\/02\/25Spanien-1162-1024x576.jpg 1024w, https:\/\/jblanz.de\/WP\/wp-content\/uploads\/2025\/02\/25Spanien-1162-768x432.jpg 768w, https:\/\/jblanz.de\/WP\/wp-content\/uploads\/2025\/02\/25Spanien-1162-1536x864.jpg 1536w, https:\/\/jblanz.de\/WP\/wp-content\/uploads\/2025\/02\/25Spanien-1162-2048x1152.jpg 2048w\" sizes=\"auto, (max-width: 2560px) 100vw, 2560px\" \/><\/figure>\n\n\n\n<figure class=\"wp-block-image size-full\"><img loading=\"lazy\" decoding=\"async\" width=\"2560\" height=\"1440\" data-id=\"25727\" src=\"https:\/\/jblanz.de\/WP\/wp-content\/uploads\/2025\/02\/25Spanien-1161-scaled.jpg\" alt=\"\" class=\"wp-image-25727\" srcset=\"https:\/\/jblanz.de\/WP\/wp-content\/uploads\/2025\/02\/25Spanien-1161-scaled.jpg 2560w, https:\/\/jblanz.de\/WP\/wp-content\/uploads\/2025\/02\/25Spanien-1161-300x169.jpg 300w, https:\/\/jblanz.de\/WP\/wp-content\/uploads\/2025\/02\/25Spanien-1161-1024x576.jpg 1024w, https:\/\/jblanz.de\/WP\/wp-content\/uploads\/2025\/02\/25Spanien-1161-768x432.jpg 768w, https:\/\/jblanz.de\/WP\/wp-content\/uploads\/2025\/02\/25Spanien-1161-1536x864.jpg 1536w, https:\/\/jblanz.de\/WP\/wp-content\/uploads\/2025\/02\/25Spanien-1161-2048x1152.jpg 2048w\" sizes=\"auto, (max-width: 2560px) 100vw, 2560px\" \/><\/figure>\n\n\n\n<figure class=\"wp-block-image size-full\"><img loading=\"lazy\" decoding=\"async\" width=\"2560\" height=\"1440\" data-id=\"25739\" src=\"https:\/\/jblanz.de\/WP\/wp-content\/uploads\/2025\/02\/25Spanien-1159-scaled.jpg\" alt=\"\" class=\"wp-image-25739\" srcset=\"https:\/\/jblanz.de\/WP\/wp-content\/uploads\/2025\/02\/25Spanien-1159-scaled.jpg 2560w, https:\/\/jblanz.de\/WP\/wp-content\/uploads\/2025\/02\/25Spanien-1159-300x169.jpg 300w, https:\/\/jblanz.de\/WP\/wp-content\/uploads\/2025\/02\/25Spanien-1159-1024x576.jpg 1024w, https:\/\/jblanz.de\/WP\/wp-content\/uploads\/2025\/02\/25Spanien-1159-768x432.jpg 768w, https:\/\/jblanz.de\/WP\/wp-content\/uploads\/2025\/02\/25Spanien-1159-1536x864.jpg 1536w, https:\/\/jblanz.de\/WP\/wp-content\/uploads\/2025\/02\/25Spanien-1159-2048x1152.jpg 2048w\" sizes=\"auto, (max-width: 2560px) 100vw, 2560px\" \/><\/figure>\n\n\n\n<figure class=\"wp-block-image size-full\"><img loading=\"lazy\" decoding=\"async\" width=\"2560\" height=\"1440\" data-id=\"25729\" src=\"https:\/\/jblanz.de\/WP\/wp-content\/uploads\/2025\/02\/25Spanien-1157-scaled.jpg\" alt=\"\" class=\"wp-image-25729\" srcset=\"https:\/\/jblanz.de\/WP\/wp-content\/uploads\/2025\/02\/25Spanien-1157-scaled.jpg 2560w, https:\/\/jblanz.de\/WP\/wp-content\/uploads\/2025\/02\/25Spanien-1157-300x169.jpg 300w, https:\/\/jblanz.de\/WP\/wp-content\/uploads\/2025\/02\/25Spanien-1157-1024x576.jpg 1024w, https:\/\/jblanz.de\/WP\/wp-content\/uploads\/2025\/02\/25Spanien-1157-768x432.jpg 768w, https:\/\/jblanz.de\/WP\/wp-content\/uploads\/2025\/02\/25Spanien-1157-1536x864.jpg 1536w, https:\/\/jblanz.de\/WP\/wp-content\/uploads\/2025\/02\/25Spanien-1157-2048x1152.jpg 2048w\" sizes=\"auto, (max-width: 2560px) 100vw, 2560px\" \/><\/figure>\n\n\n\n<figure class=\"wp-block-image size-full\"><img loading=\"lazy\" decoding=\"async\" width=\"2560\" height=\"1440\" data-id=\"25736\" src=\"https:\/\/jblanz.de\/WP\/wp-content\/uploads\/2025\/02\/25Spanien-1156-scaled.jpg\" alt=\"\" class=\"wp-image-25736\" srcset=\"https:\/\/jblanz.de\/WP\/wp-content\/uploads\/2025\/02\/25Spanien-1156-scaled.jpg 2560w, https:\/\/jblanz.de\/WP\/wp-content\/uploads\/2025\/02\/25Spanien-1156-300x169.jpg 300w, https:\/\/jblanz.de\/WP\/wp-content\/uploads\/2025\/02\/25Spanien-1156-1024x576.jpg 1024w, https:\/\/jblanz.de\/WP\/wp-content\/uploads\/2025\/02\/25Spanien-1156-768x432.jpg 768w, https:\/\/jblanz.de\/WP\/wp-content\/uploads\/2025\/02\/25Spanien-1156-1536x864.jpg 1536w, https:\/\/jblanz.de\/WP\/wp-content\/uploads\/2025\/02\/25Spanien-1156-2048x1152.jpg 2048w\" sizes=\"auto, (max-width: 2560px) 100vw, 2560px\" \/><\/figure>\n\n\n\n<figure class=\"wp-block-image size-full\"><img loading=\"lazy\" decoding=\"async\" width=\"1832\" height=\"1031\" data-id=\"25726\" src=\"https:\/\/jblanz.de\/WP\/wp-content\/uploads\/2025\/02\/25Spanien-1154.jpg\" alt=\"\" class=\"wp-image-25726\" srcset=\"https:\/\/jblanz.de\/WP\/wp-content\/uploads\/2025\/02\/25Spanien-1154.jpg 1832w, https:\/\/jblanz.de\/WP\/wp-content\/uploads\/2025\/02\/25Spanien-1154-300x169.jpg 300w, https:\/\/jblanz.de\/WP\/wp-content\/uploads\/2025\/02\/25Spanien-1154-1024x576.jpg 1024w, https:\/\/jblanz.de\/WP\/wp-content\/uploads\/2025\/02\/25Spanien-1154-768x432.jpg 768w, https:\/\/jblanz.de\/WP\/wp-content\/uploads\/2025\/02\/25Spanien-1154-1536x864.jpg 1536w\" sizes=\"auto, (max-width: 1832px) 100vw, 1832px\" \/><\/figure>\n\n\n\n<figure class=\"wp-block-image size-full\"><img loading=\"lazy\" decoding=\"async\" width=\"2560\" height=\"1440\" data-id=\"25728\" src=\"https:\/\/jblanz.de\/WP\/wp-content\/uploads\/2025\/02\/25Spanien-1153-scaled.jpg\" alt=\"\" class=\"wp-image-25728\" srcset=\"https:\/\/jblanz.de\/WP\/wp-content\/uploads\/2025\/02\/25Spanien-1153-scaled.jpg 2560w, https:\/\/jblanz.de\/WP\/wp-content\/uploads\/2025\/02\/25Spanien-1153-300x169.jpg 300w, https:\/\/jblanz.de\/WP\/wp-content\/uploads\/2025\/02\/25Spanien-1153-1024x576.jpg 1024w, https:\/\/jblanz.de\/WP\/wp-content\/uploads\/2025\/02\/25Spanien-1153-768x432.jpg 768w, https:\/\/jblanz.de\/WP\/wp-content\/uploads\/2025\/02\/25Spanien-1153-1536x864.jpg 1536w, https:\/\/jblanz.de\/WP\/wp-content\/uploads\/2025\/02\/25Spanien-1153-2048x1152.jpg 2048w\" sizes=\"auto, (max-width: 2560px) 100vw, 2560px\" \/><\/figure>\n\n\n\n<figure class=\"wp-block-image size-full\"><img loading=\"lazy\" decoding=\"async\" width=\"2560\" height=\"1440\" data-id=\"25722\" src=\"https:\/\/jblanz.de\/WP\/wp-content\/uploads\/2025\/02\/25Spanien-1151-scaled.jpg\" alt=\"\" class=\"wp-image-25722\" srcset=\"https:\/\/jblanz.de\/WP\/wp-content\/uploads\/2025\/02\/25Spanien-1151-scaled.jpg 2560w, https:\/\/jblanz.de\/WP\/wp-content\/uploads\/2025\/02\/25Spanien-1151-300x169.jpg 300w, https:\/\/jblanz.de\/WP\/wp-content\/uploads\/2025\/02\/25Spanien-1151-1024x576.jpg 1024w, https:\/\/jblanz.de\/WP\/wp-content\/uploads\/2025\/02\/25Spanien-1151-768x432.jpg 768w, https:\/\/jblanz.de\/WP\/wp-content\/uploads\/2025\/02\/25Spanien-1151-1536x864.jpg 1536w, https:\/\/jblanz.de\/WP\/wp-content\/uploads\/2025\/02\/25Spanien-1151-2048x1152.jpg 2048w\" sizes=\"auto, (max-width: 2560px) 100vw, 2560px\" \/><\/figure>\n\n\n\n<figure class=\"wp-block-image size-full\"><img loading=\"lazy\" decoding=\"async\" width=\"2560\" height=\"1440\" data-id=\"25734\" src=\"https:\/\/jblanz.de\/WP\/wp-content\/uploads\/2025\/02\/25Spanien-1165-scaled.jpg\" alt=\"\" class=\"wp-image-25734\" srcset=\"https:\/\/jblanz.de\/WP\/wp-content\/uploads\/2025\/02\/25Spanien-1165-scaled.jpg 2560w, https:\/\/jblanz.de\/WP\/wp-content\/uploads\/2025\/02\/25Spanien-1165-300x169.jpg 300w, https:\/\/jblanz.de\/WP\/wp-content\/uploads\/2025\/02\/25Spanien-1165-1024x576.jpg 1024w, https:\/\/jblanz.de\/WP\/wp-content\/uploads\/2025\/02\/25Spanien-1165-768x432.jpg 768w, https:\/\/jblanz.de\/WP\/wp-content\/uploads\/2025\/02\/25Spanien-1165-1536x864.jpg 1536w, https:\/\/jblanz.de\/WP\/wp-content\/uploads\/2025\/02\/25Spanien-1165-2048x1152.jpg 2048w\" sizes=\"auto, (max-width: 2560px) 100vw, 2560px\" \/><\/figure>\n\n\n\n<figure class=\"wp-block-image size-full\"><img loading=\"lazy\" decoding=\"async\" width=\"2560\" height=\"1440\" data-id=\"25735\" src=\"https:\/\/jblanz.de\/WP\/wp-content\/uploads\/2025\/02\/25Spanien-1169-scaled.jpg\" alt=\"\" class=\"wp-image-25735\" srcset=\"https:\/\/jblanz.de\/WP\/wp-content\/uploads\/2025\/02\/25Spanien-1169-scaled.jpg 2560w, https:\/\/jblanz.de\/WP\/wp-content\/uploads\/2025\/02\/25Spanien-1169-300x169.jpg 300w, https:\/\/jblanz.de\/WP\/wp-content\/uploads\/2025\/02\/25Spanien-1169-1024x576.jpg 1024w, https:\/\/jblanz.de\/WP\/wp-content\/uploads\/2025\/02\/25Spanien-1169-768x432.jpg 768w, https:\/\/jblanz.de\/WP\/wp-content\/uploads\/2025\/02\/25Spanien-1169-1536x864.jpg 1536w, https:\/\/jblanz.de\/WP\/wp-content\/uploads\/2025\/02\/25Spanien-1169-2048x1152.jpg 2048w\" sizes=\"auto, (max-width: 2560px) 100vw, 2560px\" \/><\/figure>\n\n\n\n<figure class=\"wp-block-image size-full\"><img loading=\"lazy\" decoding=\"async\" width=\"2560\" height=\"1440\" data-id=\"25732\" src=\"https:\/\/jblanz.de\/WP\/wp-content\/uploads\/2025\/02\/25Spanien-1172-scaled.jpg\" alt=\"\" class=\"wp-image-25732\" srcset=\"https:\/\/jblanz.de\/WP\/wp-content\/uploads\/2025\/02\/25Spanien-1172-scaled.jpg 2560w, https:\/\/jblanz.de\/WP\/wp-content\/uploads\/2025\/02\/25Spanien-1172-300x169.jpg 300w, https:\/\/jblanz.de\/WP\/wp-content\/uploads\/2025\/02\/25Spanien-1172-1024x576.jpg 1024w, https:\/\/jblanz.de\/WP\/wp-content\/uploads\/2025\/02\/25Spanien-1172-768x432.jpg 768w, https:\/\/jblanz.de\/WP\/wp-content\/uploads\/2025\/02\/25Spanien-1172-1536x864.jpg 1536w, https:\/\/jblanz.de\/WP\/wp-content\/uploads\/2025\/02\/25Spanien-1172-2048x1152.jpg 2048w\" sizes=\"auto, (max-width: 2560px) 100vw, 2560px\" \/><\/figure>\n\n\n\n<figure class=\"wp-block-image size-full\"><img loading=\"lazy\" decoding=\"async\" width=\"2560\" height=\"1440\" data-id=\"25737\" src=\"https:\/\/jblanz.de\/WP\/wp-content\/uploads\/2025\/02\/25Spanien-1166-scaled.jpg\" alt=\"\" class=\"wp-image-25737\" srcset=\"https:\/\/jblanz.de\/WP\/wp-content\/uploads\/2025\/02\/25Spanien-1166-scaled.jpg 2560w, https:\/\/jblanz.de\/WP\/wp-content\/uploads\/2025\/02\/25Spanien-1166-300x169.jpg 300w, https:\/\/jblanz.de\/WP\/wp-content\/uploads\/2025\/02\/25Spanien-1166-1024x576.jpg 1024w, https:\/\/jblanz.de\/WP\/wp-content\/uploads\/2025\/02\/25Spanien-1166-768x432.jpg 768w, https:\/\/jblanz.de\/WP\/wp-content\/uploads\/2025\/02\/25Spanien-1166-1536x864.jpg 1536w, https:\/\/jblanz.de\/WP\/wp-content\/uploads\/2025\/02\/25Spanien-1166-2048x1152.jpg 2048w\" sizes=\"auto, (max-width: 2560px) 100vw, 2560px\" \/><\/figure>\n\n\n\n<figure class=\"wp-block-image size-full\"><img loading=\"lazy\" decoding=\"async\" width=\"2560\" height=\"1440\" data-id=\"25725\" src=\"https:\/\/jblanz.de\/WP\/wp-content\/uploads\/2025\/02\/25Spanien-1175-scaled.jpg\" alt=\"\" class=\"wp-image-25725\" srcset=\"https:\/\/jblanz.de\/WP\/wp-content\/uploads\/2025\/02\/25Spanien-1175-scaled.jpg 2560w, https:\/\/jblanz.de\/WP\/wp-content\/uploads\/2025\/02\/25Spanien-1175-300x169.jpg 300w, https:\/\/jblanz.de\/WP\/wp-content\/uploads\/2025\/02\/25Spanien-1175-1024x576.jpg 1024w, https:\/\/jblanz.de\/WP\/wp-content\/uploads\/2025\/02\/25Spanien-1175-768x432.jpg 768w, https:\/\/jblanz.de\/WP\/wp-content\/uploads\/2025\/02\/25Spanien-1175-1536x864.jpg 1536w, https:\/\/jblanz.de\/WP\/wp-content\/uploads\/2025\/02\/25Spanien-1175-2048x1152.jpg 2048w\" sizes=\"auto, (max-width: 2560px) 100vw, 2560px\" \/><\/figure>\n\n\n\n<figure class=\"wp-block-image size-full\"><img loading=\"lazy\" decoding=\"async\" width=\"2560\" height=\"1440\" data-id=\"25724\" src=\"https:\/\/jblanz.de\/WP\/wp-content\/uploads\/2025\/02\/25Spanien-1174-scaled.jpg\" alt=\"\" class=\"wp-image-25724\" srcset=\"https:\/\/jblanz.de\/WP\/wp-content\/uploads\/2025\/02\/25Spanien-1174-scaled.jpg 2560w, https:\/\/jblanz.de\/WP\/wp-content\/uploads\/2025\/02\/25Spanien-1174-300x169.jpg 300w, https:\/\/jblanz.de\/WP\/wp-content\/uploads\/2025\/02\/25Spanien-1174-1024x576.jpg 1024w, https:\/\/jblanz.de\/WP\/wp-content\/uploads\/2025\/02\/25Spanien-1174-768x432.jpg 768w, https:\/\/jblanz.de\/WP\/wp-content\/uploads\/2025\/02\/25Spanien-1174-1536x864.jpg 1536w, https:\/\/jblanz.de\/WP\/wp-content\/uploads\/2025\/02\/25Spanien-1174-2048x1152.jpg 2048w\" sizes=\"auto, (max-width: 2560px) 100vw, 2560px\" \/><\/figure>\n\n\n\n<figure class=\"wp-block-image size-full\"><img loading=\"lazy\" decoding=\"async\" width=\"2560\" height=\"1440\" data-id=\"25731\" src=\"https:\/\/jblanz.de\/WP\/wp-content\/uploads\/2025\/02\/25Spanien-1173-scaled.jpg\" alt=\"\" class=\"wp-image-25731\" srcset=\"https:\/\/jblanz.de\/WP\/wp-content\/uploads\/2025\/02\/25Spanien-1173-scaled.jpg 2560w, https:\/\/jblanz.de\/WP\/wp-content\/uploads\/2025\/02\/25Spanien-1173-300x169.jpg 300w, https:\/\/jblanz.de\/WP\/wp-content\/uploads\/2025\/02\/25Spanien-1173-1024x576.jpg 1024w, https:\/\/jblanz.de\/WP\/wp-content\/uploads\/2025\/02\/25Spanien-1173-768x432.jpg 768w, https:\/\/jblanz.de\/WP\/wp-content\/uploads\/2025\/02\/25Spanien-1173-1536x864.jpg 1536w, https:\/\/jblanz.de\/WP\/wp-content\/uploads\/2025\/02\/25Spanien-1173-2048x1152.jpg 2048w\" sizes=\"auto, (max-width: 2560px) 100vw, 2560px\" \/><\/figure>\n\n\n\n<figure class=\"wp-block-image size-full\"><img loading=\"lazy\" decoding=\"async\" width=\"2560\" height=\"1440\" data-id=\"25730\" src=\"https:\/\/jblanz.de\/WP\/wp-content\/uploads\/2025\/02\/25Spanien-1168-scaled.jpg\" alt=\"\" class=\"wp-image-25730\" srcset=\"https:\/\/jblanz.de\/WP\/wp-content\/uploads\/2025\/02\/25Spanien-1168-scaled.jpg 2560w, https:\/\/jblanz.de\/WP\/wp-content\/uploads\/2025\/02\/25Spanien-1168-300x169.jpg 300w, https:\/\/jblanz.de\/WP\/wp-content\/uploads\/2025\/02\/25Spanien-1168-1024x576.jpg 1024w, https:\/\/jblanz.de\/WP\/wp-content\/uploads\/2025\/02\/25Spanien-1168-768x432.jpg 768w, https:\/\/jblanz.de\/WP\/wp-content\/uploads\/2025\/02\/25Spanien-1168-1536x864.jpg 1536w, https:\/\/jblanz.de\/WP\/wp-content\/uploads\/2025\/02\/25Spanien-1168-2048x1152.jpg 2048w\" sizes=\"auto, (max-width: 2560px) 100vw, 2560px\" \/><\/figure>\n\n\n\n<figure class=\"wp-block-image size-full\"><img loading=\"lazy\" decoding=\"async\" width=\"2560\" height=\"1440\" data-id=\"25723\" src=\"https:\/\/jblanz.de\/WP\/wp-content\/uploads\/2025\/02\/25Spanien-1170-scaled.jpg\" alt=\"\" class=\"wp-image-25723\" srcset=\"https:\/\/jblanz.de\/WP\/wp-content\/uploads\/2025\/02\/25Spanien-1170-scaled.jpg 2560w, https:\/\/jblanz.de\/WP\/wp-content\/uploads\/2025\/02\/25Spanien-1170-300x169.jpg 300w, https:\/\/jblanz.de\/WP\/wp-content\/uploads\/2025\/02\/25Spanien-1170-1024x576.jpg 1024w, https:\/\/jblanz.de\/WP\/wp-content\/uploads\/2025\/02\/25Spanien-1170-768x432.jpg 768w, https:\/\/jblanz.de\/WP\/wp-content\/uploads\/2025\/02\/25Spanien-1170-1536x864.jpg 1536w, https:\/\/jblanz.de\/WP\/wp-content\/uploads\/2025\/02\/25Spanien-1170-2048x1152.jpg 2048w\" sizes=\"auto, (max-width: 2560px) 100vw, 2560px\" \/><\/figure>\n<\/figure>\n","protected":false},"excerpt":{"rendered":"<p>Heute Morgen ging es schnurstracks zu der Hymerwerkstatt Roulot. Niemand sprach englisch, aber mit dem Google \u00dcbersetzer funktionierte es gut.<\/p>\n","protected":false},"author":1,"featured_media":25712,"comment_status":"open","ping_status":"open","sticky":false,"template":"","format":"standard","meta":{"colormag_page_container_layout":"default_layout","colormag_page_sidebar_layout":"default_layout","_monsterinsights_skip_tracking":false,"_monsterinsights_sitenote_active":false,"_monsterinsights_sitenote_note":"","_monsterinsights_sitenote_category":0,"footnotes":""},"categories":[269,314,315,159,268,307,197],"tags":[],"class_list":["post-25680","post","type-post","status-publish","format-standard","has-post-thumbnail","hentry","category-2020-jahr","category-314","category-2025-2020-jahr","category-europa","category-jahr","category-k-z","category-spanien"],"yoast_head":"<!-- This site is optimized with the Yoast SEO plugin v27.4 - https:\/\/yoast.com\/product\/yoast-seo-wordpress\/ -->\n<title>24. Februar 2025 - \u00c1vila - Reiseblog von Karin &amp; Joachim<\/title>\n<meta name=\"robots\" content=\"index, follow, max-snippet:-1, max-image-preview:large, max-video-preview:-1\" \/>\n<link rel=\"canonical\" href=\"https:\/\/jblanz.de\/WP\/24-februar-2025-avila\/\" \/>\n<meta property=\"og:locale\" content=\"de_DE\" \/>\n<meta property=\"og:type\" content=\"article\" \/>\n<meta property=\"og:title\" content=\"24. Februar 2025 - \u00c1vila - Reiseblog von Karin &amp; Joachim\" \/>\n<meta property=\"og:description\" content=\"Heute Morgen ging es schnurstracks zu der Hymerwerkstatt Roulot. Niemand sprach englisch, aber mit dem Google \u00dcbersetzer funktionierte es gut.\" \/>\n<meta property=\"og:url\" content=\"https:\/\/jblanz.de\/WP\/24-februar-2025-avila\/\" \/>\n<meta property=\"og:site_name\" content=\"Reiseblog von Karin &amp; Joachim\" \/>\n<meta property=\"article:published_time\" content=\"2025-02-24T17:58:33+00:00\" \/>\n<meta property=\"article:modified_time\" content=\"2025-03-09T17:51:58+00:00\" \/>\n<meta property=\"og:image\" content=\"https:\/\/jblanz.de\/WP\/wp-content\/uploads\/2025\/02\/25Spanien-1115-scaled.jpg\" \/>\n\t<meta property=\"og:image:width\" content=\"2560\" \/>\n\t<meta property=\"og:image:height\" content=\"1416\" \/>\n\t<meta property=\"og:image:type\" content=\"image\/jpeg\" \/>\n<meta name=\"author\" content=\"Achim\" \/>\n<meta name=\"twitter:card\" content=\"summary_large_image\" \/>\n<meta name=\"twitter:label1\" content=\"Verfasst von\" \/>\n\t<meta name=\"twitter:data1\" content=\"Achim\" \/>\n\t<meta name=\"twitter:label2\" content=\"Gesch\u00e4tzte Lesezeit\" \/>\n\t<meta name=\"twitter:data2\" content=\"10\u00a0Minuten\" \/>\n<script type=\"application\/ld+json\" class=\"yoast-schema-graph\">{\"@context\":\"https:\\\/\\\/schema.org\",\"@graph\":[{\"@type\":\"Article\",\"@id\":\"https:\\\/\\\/jblanz.de\\\/WP\\\/24-februar-2025-avila\\\/#article\",\"isPartOf\":{\"@id\":\"https:\\\/\\\/jblanz.de\\\/WP\\\/24-februar-2025-avila\\\/\"},\"author\":{\"name\":\"Achim\",\"@id\":\"https:\\\/\\\/jblanz.de\\\/WP\\\/#\\\/schema\\\/person\\\/17a70f07162e42bc0b181c22397286e0\"},\"headline\":\"24. Februar 2025 &#8211; \u00c1vila\",\"datePublished\":\"2025-02-24T17:58:33+00:00\",\"dateModified\":\"2025-03-09T17:51:58+00:00\",\"mainEntityOfPage\":{\"@id\":\"https:\\\/\\\/jblanz.de\\\/WP\\\/24-februar-2025-avila\\\/\"},\"wordCount\":318,\"commentCount\":0,\"publisher\":{\"@id\":\"https:\\\/\\\/jblanz.de\\\/WP\\\/#\\\/schema\\\/person\\\/17a70f07162e42bc0b181c22397286e0\"},\"image\":{\"@id\":\"https:\\\/\\\/jblanz.de\\\/WP\\\/24-februar-2025-avila\\\/#primaryimage\"},\"thumbnailUrl\":\"https:\\\/\\\/jblanz.de\\\/WP\\\/wp-content\\\/uploads\\\/2025\\\/02\\\/25Spanien-1115-scaled.jpg\",\"articleSection\":[\"2020+\",\"2025\",\"2025\",\"Europa\",\"Jahr\",\"K-Z\",\"Spanien\"],\"inLanguage\":\"de\",\"potentialAction\":[{\"@type\":\"CommentAction\",\"name\":\"Comment\",\"target\":[\"https:\\\/\\\/jblanz.de\\\/WP\\\/24-februar-2025-avila\\\/#respond\"]}]},{\"@type\":\"WebPage\",\"@id\":\"https:\\\/\\\/jblanz.de\\\/WP\\\/24-februar-2025-avila\\\/\",\"url\":\"https:\\\/\\\/jblanz.de\\\/WP\\\/24-februar-2025-avila\\\/\",\"name\":\"24. Februar 2025 - \u00c1vila - Reiseblog von Karin &amp; Joachim\",\"isPartOf\":{\"@id\":\"https:\\\/\\\/jblanz.de\\\/WP\\\/#website\"},\"primaryImageOfPage\":{\"@id\":\"https:\\\/\\\/jblanz.de\\\/WP\\\/24-februar-2025-avila\\\/#primaryimage\"},\"image\":{\"@id\":\"https:\\\/\\\/jblanz.de\\\/WP\\\/24-februar-2025-avila\\\/#primaryimage\"},\"thumbnailUrl\":\"https:\\\/\\\/jblanz.de\\\/WP\\\/wp-content\\\/uploads\\\/2025\\\/02\\\/25Spanien-1115-scaled.jpg\",\"datePublished\":\"2025-02-24T17:58:33+00:00\",\"dateModified\":\"2025-03-09T17:51:58+00:00\",\"breadcrumb\":{\"@id\":\"https:\\\/\\\/jblanz.de\\\/WP\\\/24-februar-2025-avila\\\/#breadcrumb\"},\"inLanguage\":\"de\",\"potentialAction\":[{\"@type\":\"ReadAction\",\"target\":[\"https:\\\/\\\/jblanz.de\\\/WP\\\/24-februar-2025-avila\\\/\"]}]},{\"@type\":\"ImageObject\",\"inLanguage\":\"de\",\"@id\":\"https:\\\/\\\/jblanz.de\\\/WP\\\/24-februar-2025-avila\\\/#primaryimage\",\"url\":\"https:\\\/\\\/jblanz.de\\\/WP\\\/wp-content\\\/uploads\\\/2025\\\/02\\\/25Spanien-1115-scaled.jpg\",\"contentUrl\":\"https:\\\/\\\/jblanz.de\\\/WP\\\/wp-content\\\/uploads\\\/2025\\\/02\\\/25Spanien-1115-scaled.jpg\",\"width\":2560,\"height\":1416},{\"@type\":\"BreadcrumbList\",\"@id\":\"https:\\\/\\\/jblanz.de\\\/WP\\\/24-februar-2025-avila\\\/#breadcrumb\",\"itemListElement\":[{\"@type\":\"ListItem\",\"position\":1,\"name\":\"Startseite\",\"item\":\"https:\\\/\\\/jblanz.de\\\/WP\\\/\"},{\"@type\":\"ListItem\",\"position\":2,\"name\":\"24. Februar 2025 &#8211; \u00c1vila\"}]},{\"@type\":\"WebSite\",\"@id\":\"https:\\\/\\\/jblanz.de\\\/WP\\\/#website\",\"url\":\"https:\\\/\\\/jblanz.de\\\/WP\\\/\",\"name\":\"Reiseblog von Karin & Joachim\",\"description\":\"Wir schreiben den Blog f\u00fcr uns als Erinnerung - f\u00fcr euch als Inspiration\",\"publisher\":{\"@id\":\"https:\\\/\\\/jblanz.de\\\/WP\\\/#\\\/schema\\\/person\\\/17a70f07162e42bc0b181c22397286e0\"},\"potentialAction\":[{\"@type\":\"SearchAction\",\"target\":{\"@type\":\"EntryPoint\",\"urlTemplate\":\"https:\\\/\\\/jblanz.de\\\/WP\\\/?s={search_term_string}\"},\"query-input\":{\"@type\":\"PropertyValueSpecification\",\"valueRequired\":true,\"valueName\":\"search_term_string\"}}],\"inLanguage\":\"de\"},{\"@type\":[\"Person\",\"Organization\"],\"@id\":\"https:\\\/\\\/jblanz.de\\\/WP\\\/#\\\/schema\\\/person\\\/17a70f07162e42bc0b181c22397286e0\",\"name\":\"Achim\",\"image\":{\"@type\":\"ImageObject\",\"inLanguage\":\"de\",\"@id\":\"https:\\\/\\\/secure.gravatar.com\\\/avatar\\\/b7ab31bc55956af4a9bebf7fd034761212b11b803b7e39464914d6abeefb12f3?s=96&d=mm&r=g\",\"url\":\"https:\\\/\\\/secure.gravatar.com\\\/avatar\\\/b7ab31bc55956af4a9bebf7fd034761212b11b803b7e39464914d6abeefb12f3?s=96&d=mm&r=g\",\"contentUrl\":\"https:\\\/\\\/secure.gravatar.com\\\/avatar\\\/b7ab31bc55956af4a9bebf7fd034761212b11b803b7e39464914d6abeefb12f3?s=96&d=mm&r=g\",\"caption\":\"Achim\"},\"logo\":{\"@id\":\"https:\\\/\\\/secure.gravatar.com\\\/avatar\\\/b7ab31bc55956af4a9bebf7fd034761212b11b803b7e39464914d6abeefb12f3?s=96&d=mm&r=g\"},\"url\":\"https:\\\/\\\/jblanz.de\\\/WP\\\/author\\\/achim\\\/\"}]}<\/script>\n<!-- \/ Yoast SEO plugin. -->","yoast_head_json":{"title":"24. Februar 2025 - \u00c1vila - Reiseblog von Karin &amp; Joachim","robots":{"index":"index","follow":"follow","max-snippet":"max-snippet:-1","max-image-preview":"max-image-preview:large","max-video-preview":"max-video-preview:-1"},"canonical":"https:\/\/jblanz.de\/WP\/24-februar-2025-avila\/","og_locale":"de_DE","og_type":"article","og_title":"24. Februar 2025 - \u00c1vila - Reiseblog von Karin &amp; Joachim","og_description":"Heute Morgen ging es schnurstracks zu der Hymerwerkstatt Roulot. Niemand sprach englisch, aber mit dem Google \u00dcbersetzer funktionierte es gut.","og_url":"https:\/\/jblanz.de\/WP\/24-februar-2025-avila\/","og_site_name":"Reiseblog von Karin &amp; Joachim","article_published_time":"2025-02-24T17:58:33+00:00","article_modified_time":"2025-03-09T17:51:58+00:00","og_image":[{"width":2560,"height":1416,"url":"https:\/\/jblanz.de\/WP\/wp-content\/uploads\/2025\/02\/25Spanien-1115-scaled.jpg","type":"image\/jpeg"}],"author":"Achim","twitter_card":"summary_large_image","twitter_misc":{"Verfasst von":"Achim","Gesch\u00e4tzte Lesezeit":"10\u00a0Minuten"},"schema":{"@context":"https:\/\/schema.org","@graph":[{"@type":"Article","@id":"https:\/\/jblanz.de\/WP\/24-februar-2025-avila\/#article","isPartOf":{"@id":"https:\/\/jblanz.de\/WP\/24-februar-2025-avila\/"},"author":{"name":"Achim","@id":"https:\/\/jblanz.de\/WP\/#\/schema\/person\/17a70f07162e42bc0b181c22397286e0"},"headline":"24. Februar 2025 &#8211; \u00c1vila","datePublished":"2025-02-24T17:58:33+00:00","dateModified":"2025-03-09T17:51:58+00:00","mainEntityOfPage":{"@id":"https:\/\/jblanz.de\/WP\/24-februar-2025-avila\/"},"wordCount":318,"commentCount":0,"publisher":{"@id":"https:\/\/jblanz.de\/WP\/#\/schema\/person\/17a70f07162e42bc0b181c22397286e0"},"image":{"@id":"https:\/\/jblanz.de\/WP\/24-februar-2025-avila\/#primaryimage"},"thumbnailUrl":"https:\/\/jblanz.de\/WP\/wp-content\/uploads\/2025\/02\/25Spanien-1115-scaled.jpg","articleSection":["2020+","2025","2025","Europa","Jahr","K-Z","Spanien"],"inLanguage":"de","potentialAction":[{"@type":"CommentAction","name":"Comment","target":["https:\/\/jblanz.de\/WP\/24-februar-2025-avila\/#respond"]}]},{"@type":"WebPage","@id":"https:\/\/jblanz.de\/WP\/24-februar-2025-avila\/","url":"https:\/\/jblanz.de\/WP\/24-februar-2025-avila\/","name":"24. Februar 2025 - \u00c1vila - Reiseblog von Karin &amp; Joachim","isPartOf":{"@id":"https:\/\/jblanz.de\/WP\/#website"},"primaryImageOfPage":{"@id":"https:\/\/jblanz.de\/WP\/24-februar-2025-avila\/#primaryimage"},"image":{"@id":"https:\/\/jblanz.de\/WP\/24-februar-2025-avila\/#primaryimage"},"thumbnailUrl":"https:\/\/jblanz.de\/WP\/wp-content\/uploads\/2025\/02\/25Spanien-1115-scaled.jpg","datePublished":"2025-02-24T17:58:33+00:00","dateModified":"2025-03-09T17:51:58+00:00","breadcrumb":{"@id":"https:\/\/jblanz.de\/WP\/24-februar-2025-avila\/#breadcrumb"},"inLanguage":"de","potentialAction":[{"@type":"ReadAction","target":["https:\/\/jblanz.de\/WP\/24-februar-2025-avila\/"]}]},{"@type":"ImageObject","inLanguage":"de","@id":"https:\/\/jblanz.de\/WP\/24-februar-2025-avila\/#primaryimage","url":"https:\/\/jblanz.de\/WP\/wp-content\/uploads\/2025\/02\/25Spanien-1115-scaled.jpg","contentUrl":"https:\/\/jblanz.de\/WP\/wp-content\/uploads\/2025\/02\/25Spanien-1115-scaled.jpg","width":2560,"height":1416},{"@type":"BreadcrumbList","@id":"https:\/\/jblanz.de\/WP\/24-februar-2025-avila\/#breadcrumb","itemListElement":[{"@type":"ListItem","position":1,"name":"Startseite","item":"https:\/\/jblanz.de\/WP\/"},{"@type":"ListItem","position":2,"name":"24. Februar 2025 &#8211; \u00c1vila"}]},{"@type":"WebSite","@id":"https:\/\/jblanz.de\/WP\/#website","url":"https:\/\/jblanz.de\/WP\/","name":"Reiseblog von Karin & Joachim","description":"Wir schreiben den Blog f\u00fcr uns als Erinnerung - f\u00fcr euch als Inspiration","publisher":{"@id":"https:\/\/jblanz.de\/WP\/#\/schema\/person\/17a70f07162e42bc0b181c22397286e0"},"potentialAction":[{"@type":"SearchAction","target":{"@type":"EntryPoint","urlTemplate":"https:\/\/jblanz.de\/WP\/?s={search_term_string}"},"query-input":{"@type":"PropertyValueSpecification","valueRequired":true,"valueName":"search_term_string"}}],"inLanguage":"de"},{"@type":["Person","Organization"],"@id":"https:\/\/jblanz.de\/WP\/#\/schema\/person\/17a70f07162e42bc0b181c22397286e0","name":"Achim","image":{"@type":"ImageObject","inLanguage":"de","@id":"https:\/\/secure.gravatar.com\/avatar\/b7ab31bc55956af4a9bebf7fd034761212b11b803b7e39464914d6abeefb12f3?s=96&d=mm&r=g","url":"https:\/\/secure.gravatar.com\/avatar\/b7ab31bc55956af4a9bebf7fd034761212b11b803b7e39464914d6abeefb12f3?s=96&d=mm&r=g","contentUrl":"https:\/\/secure.gravatar.com\/avatar\/b7ab31bc55956af4a9bebf7fd034761212b11b803b7e39464914d6abeefb12f3?s=96&d=mm&r=g","caption":"Achim"},"logo":{"@id":"https:\/\/secure.gravatar.com\/avatar\/b7ab31bc55956af4a9bebf7fd034761212b11b803b7e39464914d6abeefb12f3?s=96&d=mm&r=g"},"url":"https:\/\/jblanz.de\/WP\/author\/achim\/"}]}},"_links":{"self":[{"href":"https:\/\/jblanz.de\/WP\/wp-json\/wp\/v2\/posts\/25680","targetHints":{"allow":["GET"]}}],"collection":[{"href":"https:\/\/jblanz.de\/WP\/wp-json\/wp\/v2\/posts"}],"about":[{"href":"https:\/\/jblanz.de\/WP\/wp-json\/wp\/v2\/types\/post"}],"author":[{"embeddable":true,"href":"https:\/\/jblanz.de\/WP\/wp-json\/wp\/v2\/users\/1"}],"replies":[{"embeddable":true,"href":"https:\/\/jblanz.de\/WP\/wp-json\/wp\/v2\/comments?post=25680"}],"version-history":[{"count":0,"href":"https:\/\/jblanz.de\/WP\/wp-json\/wp\/v2\/posts\/25680\/revisions"}],"wp:featuredmedia":[{"embeddable":true,"href":"https:\/\/jblanz.de\/WP\/wp-json\/wp\/v2\/media\/25712"}],"wp:attachment":[{"href":"https:\/\/jblanz.de\/WP\/wp-json\/wp\/v2\/media?parent=25680"}],"wp:term":[{"taxonomy":"category","embeddable":true,"href":"https:\/\/jblanz.de\/WP\/wp-json\/wp\/v2\/categories?post=25680"},{"taxonomy":"post_tag","embeddable":true,"href":"https:\/\/jblanz.de\/WP\/wp-json\/wp\/v2\/tags?post=25680"}],"curies":[{"name":"wp","href":"https:\/\/api.w.org\/{rel}","templated":true}]}}