{"id":25938,"date":"2025-02-28T16:20:51","date_gmt":"2025-02-28T15:20:51","guid":{"rendered":"https:\/\/jblanz.de\/WP\/?p=25938"},"modified":"2025-02-28T21:33:45","modified_gmt":"2025-02-28T20:33:45","slug":"28-februar-2025-caceres","status":"publish","type":"post","link":"https:\/\/jblanz.de\/WP\/28-februar-2025-caceres\/","title":{"rendered":"28. Februar 2025 &#8211; C\u00e1ceres"},"content":{"rendered":"\n<p>Gleich nach dem Aufstehen und Duschen im privaten Badeh\u00e4uschen riefen wir Christel &amp; Gert an, die heute Geburtstag feierten. Obwohl die Vorhersage recht schlechtes Wetter angek\u00fcndigt hatte und es in der NAcht etwas regnete, kam gegen 10 Uhr die Sonne und es wurde ein sch\u00f6ner warmer Tag. Wir radelten in die Stadt, erst entlang einer Parallelstrasse zur Ringautobahn. Dann kamen wir auf einen Radweg, der parallel zur Autobahn verlief und direkt ins Zentrum f\u00fchrte. Da C\u00e1ceres auf einem H\u00fcgel liegt, war wieder ein kurzer Anstieg notwendig, bevor uns Koomot direkt auf den Plaza Mayor f\u00fchrte. Dort war eine grosse Menschenmenge, es wurde getrommelt und getanzt. Mitten auf dem Platz wurde gerade die Attrappe eines Mannes auf einen Stuhl drapiert, der mit Stroh umgeben war. Nach etwa 10 Minuten, die Honoratioren &#8211; eine Frau in Tracht mit einer vollkommen unpassenden Sonnenbrille &#8211; mussten noch vom Fernsehen interviewt werden, kam ein Feuerwehrmann in voller Montur, der einen Benzinkanister dabei hatte und leerte etwas Benzin auf das Stroh. Die Frau durfte dann mit einer langen Stange das Feuer anz\u00fcnden. Die Kinder und Erwachsenen bejubelten den symbolischen Scheiterhaufen. Das traditionelle Fest heisst &#8222;Las Lavanderas y quema del pelele&#8220; und ist der Beginn des Karnevals. Die beliebte Aktion, die auf die Zeit zur\u00fcckgeht, als die W\u00e4schereien der Stadt das Ende des harten Winters mit dem Spaziergang und dem Verbrennen einer Stoffpuppe, der Pelele, feierten. Sie beendet symbolisch die schlimmste Jahreszeit.<\/p>\n\n\n\n<figure class=\"wp-block-gallery has-nested-images columns-2 is-cropped wp-block-gallery-2 is-layout-flex wp-block-gallery-is-layout-flex\">\n<figure class=\"wp-block-image size-full\"><img loading=\"lazy\" decoding=\"async\" width=\"2560\" height=\"1440\" data-id=\"25971\" src=\"https:\/\/jblanz.de\/WP\/wp-content\/uploads\/2025\/02\/25Spanien-1745-scaled.jpg\" alt=\"\" class=\"wp-image-25971\" srcset=\"https:\/\/jblanz.de\/WP\/wp-content\/uploads\/2025\/02\/25Spanien-1745-scaled.jpg 2560w, https:\/\/jblanz.de\/WP\/wp-content\/uploads\/2025\/02\/25Spanien-1745-300x169.jpg 300w, https:\/\/jblanz.de\/WP\/wp-content\/uploads\/2025\/02\/25Spanien-1745-1024x576.jpg 1024w, https:\/\/jblanz.de\/WP\/wp-content\/uploads\/2025\/02\/25Spanien-1745-768x432.jpg 768w, https:\/\/jblanz.de\/WP\/wp-content\/uploads\/2025\/02\/25Spanien-1745-1536x864.jpg 1536w, https:\/\/jblanz.de\/WP\/wp-content\/uploads\/2025\/02\/25Spanien-1745-2048x1152.jpg 2048w\" sizes=\"auto, (max-width: 2560px) 100vw, 2560px\" \/><\/figure>\n\n\n\n<figure class=\"wp-block-image size-full\"><img loading=\"lazy\" decoding=\"async\" width=\"2560\" height=\"1440\" data-id=\"25967\" src=\"https:\/\/jblanz.de\/WP\/wp-content\/uploads\/2025\/02\/25Spanien-1744-scaled.jpg\" alt=\"\" class=\"wp-image-25967\" srcset=\"https:\/\/jblanz.de\/WP\/wp-content\/uploads\/2025\/02\/25Spanien-1744-scaled.jpg 2560w, https:\/\/jblanz.de\/WP\/wp-content\/uploads\/2025\/02\/25Spanien-1744-300x169.jpg 300w, https:\/\/jblanz.de\/WP\/wp-content\/uploads\/2025\/02\/25Spanien-1744-1024x576.jpg 1024w, https:\/\/jblanz.de\/WP\/wp-content\/uploads\/2025\/02\/25Spanien-1744-768x432.jpg 768w, https:\/\/jblanz.de\/WP\/wp-content\/uploads\/2025\/02\/25Spanien-1744-1536x864.jpg 1536w, https:\/\/jblanz.de\/WP\/wp-content\/uploads\/2025\/02\/25Spanien-1744-2048x1152.jpg 2048w\" sizes=\"auto, (max-width: 2560px) 100vw, 2560px\" \/><\/figure>\n\n\n\n<figure class=\"wp-block-image size-full\"><img loading=\"lazy\" decoding=\"async\" width=\"2560\" height=\"1440\" data-id=\"25968\" src=\"https:\/\/jblanz.de\/WP\/wp-content\/uploads\/2025\/02\/25Spanien-1747-scaled.jpg\" alt=\"\" class=\"wp-image-25968\" srcset=\"https:\/\/jblanz.de\/WP\/wp-content\/uploads\/2025\/02\/25Spanien-1747-scaled.jpg 2560w, https:\/\/jblanz.de\/WP\/wp-content\/uploads\/2025\/02\/25Spanien-1747-300x169.jpg 300w, https:\/\/jblanz.de\/WP\/wp-content\/uploads\/2025\/02\/25Spanien-1747-1024x576.jpg 1024w, https:\/\/jblanz.de\/WP\/wp-content\/uploads\/2025\/02\/25Spanien-1747-768x432.jpg 768w, https:\/\/jblanz.de\/WP\/wp-content\/uploads\/2025\/02\/25Spanien-1747-1536x864.jpg 1536w, https:\/\/jblanz.de\/WP\/wp-content\/uploads\/2025\/02\/25Spanien-1747-2048x1152.jpg 2048w\" sizes=\"auto, (max-width: 2560px) 100vw, 2560px\" \/><\/figure>\n\n\n\n<figure class=\"wp-block-image size-full\"><img loading=\"lazy\" decoding=\"async\" width=\"2512\" height=\"1413\" data-id=\"25972\" src=\"https:\/\/jblanz.de\/WP\/wp-content\/uploads\/2025\/02\/25Spanien-1751.jpg\" alt=\"\" class=\"wp-image-25972\" srcset=\"https:\/\/jblanz.de\/WP\/wp-content\/uploads\/2025\/02\/25Spanien-1751.jpg 2512w, https:\/\/jblanz.de\/WP\/wp-content\/uploads\/2025\/02\/25Spanien-1751-300x169.jpg 300w, https:\/\/jblanz.de\/WP\/wp-content\/uploads\/2025\/02\/25Spanien-1751-1024x576.jpg 1024w, https:\/\/jblanz.de\/WP\/wp-content\/uploads\/2025\/02\/25Spanien-1751-768x432.jpg 768w, https:\/\/jblanz.de\/WP\/wp-content\/uploads\/2025\/02\/25Spanien-1751-1536x864.jpg 1536w, https:\/\/jblanz.de\/WP\/wp-content\/uploads\/2025\/02\/25Spanien-1751-2048x1152.jpg 2048w\" sizes=\"auto, (max-width: 2512px) 100vw, 2512px\" \/><\/figure>\n\n\n\n<figure class=\"wp-block-image size-full\"><img loading=\"lazy\" decoding=\"async\" width=\"2560\" height=\"1440\" data-id=\"25969\" src=\"https:\/\/jblanz.de\/WP\/wp-content\/uploads\/2025\/02\/25Spanien-1759-scaled.jpg\" alt=\"\" class=\"wp-image-25969\" srcset=\"https:\/\/jblanz.de\/WP\/wp-content\/uploads\/2025\/02\/25Spanien-1759-scaled.jpg 2560w, https:\/\/jblanz.de\/WP\/wp-content\/uploads\/2025\/02\/25Spanien-1759-300x169.jpg 300w, https:\/\/jblanz.de\/WP\/wp-content\/uploads\/2025\/02\/25Spanien-1759-1024x576.jpg 1024w, https:\/\/jblanz.de\/WP\/wp-content\/uploads\/2025\/02\/25Spanien-1759-768x432.jpg 768w, https:\/\/jblanz.de\/WP\/wp-content\/uploads\/2025\/02\/25Spanien-1759-1536x864.jpg 1536w, https:\/\/jblanz.de\/WP\/wp-content\/uploads\/2025\/02\/25Spanien-1759-2048x1152.jpg 2048w\" sizes=\"auto, (max-width: 2560px) 100vw, 2560px\" \/><\/figure>\n\n\n\n<figure class=\"wp-block-image size-full\"><img loading=\"lazy\" decoding=\"async\" width=\"2179\" height=\"1226\" data-id=\"25973\" src=\"https:\/\/jblanz.de\/WP\/wp-content\/uploads\/2025\/02\/25Spanien-1746.jpg\" alt=\"\" class=\"wp-image-25973\" srcset=\"https:\/\/jblanz.de\/WP\/wp-content\/uploads\/2025\/02\/25Spanien-1746.jpg 2179w, https:\/\/jblanz.de\/WP\/wp-content\/uploads\/2025\/02\/25Spanien-1746-300x169.jpg 300w, https:\/\/jblanz.de\/WP\/wp-content\/uploads\/2025\/02\/25Spanien-1746-1024x576.jpg 1024w, https:\/\/jblanz.de\/WP\/wp-content\/uploads\/2025\/02\/25Spanien-1746-768x432.jpg 768w, https:\/\/jblanz.de\/WP\/wp-content\/uploads\/2025\/02\/25Spanien-1746-1536x864.jpg 1536w, https:\/\/jblanz.de\/WP\/wp-content\/uploads\/2025\/02\/25Spanien-1746-2048x1152.jpg 2048w\" sizes=\"auto, (max-width: 2179px) 100vw, 2179px\" \/><\/figure>\n\n\n\n<figure class=\"wp-block-image size-full\"><img loading=\"lazy\" decoding=\"async\" width=\"2560\" height=\"1440\" data-id=\"25970\" src=\"https:\/\/jblanz.de\/WP\/wp-content\/uploads\/2025\/02\/25Spanien-1763-Edit-scaled.jpg\" alt=\"\" class=\"wp-image-25970\" srcset=\"https:\/\/jblanz.de\/WP\/wp-content\/uploads\/2025\/02\/25Spanien-1763-Edit-scaled.jpg 2560w, https:\/\/jblanz.de\/WP\/wp-content\/uploads\/2025\/02\/25Spanien-1763-Edit-300x169.jpg 300w, https:\/\/jblanz.de\/WP\/wp-content\/uploads\/2025\/02\/25Spanien-1763-Edit-1024x576.jpg 1024w, https:\/\/jblanz.de\/WP\/wp-content\/uploads\/2025\/02\/25Spanien-1763-Edit-768x432.jpg 768w, https:\/\/jblanz.de\/WP\/wp-content\/uploads\/2025\/02\/25Spanien-1763-Edit-1536x864.jpg 1536w, https:\/\/jblanz.de\/WP\/wp-content\/uploads\/2025\/02\/25Spanien-1763-Edit-2048x1152.jpg 2048w\" sizes=\"auto, (max-width: 2560px) 100vw, 2560px\" \/><\/figure>\n<\/figure>\n\n\n\n<p>Und das Ganze noch als Video &#8230;<\/p>\n\n\n\n<figure class=\"wp-block-video\"><video height=\"1080\" style=\"aspect-ratio: 1920 \/ 1080;\" width=\"1920\" controls src=\"https:\/\/jblanz.de\/WP\/wp-content\/uploads\/2025\/02\/feuer.mp4\" playsinline><\/video><\/figure>\n\n\n\n<p>Anschliessend gingen wir durch die Altstadt, besuchten dieses Mal nicht die Kathedrale, sondern gingen in das Museum hinter der Kirche. <\/p>\n\n\n\n<figure class=\"wp-block-gallery has-nested-images columns-2 is-cropped wp-block-gallery-3 is-layout-flex wp-block-gallery-is-layout-flex\">\n<figure class=\"wp-block-image size-full\"><img loading=\"lazy\" decoding=\"async\" width=\"2560\" height=\"1440\" data-id=\"25981\" src=\"https:\/\/jblanz.de\/WP\/wp-content\/uploads\/2025\/02\/25Spanien-1770-scaled.jpg\" alt=\"\" class=\"wp-image-25981\" srcset=\"https:\/\/jblanz.de\/WP\/wp-content\/uploads\/2025\/02\/25Spanien-1770-scaled.jpg 2560w, https:\/\/jblanz.de\/WP\/wp-content\/uploads\/2025\/02\/25Spanien-1770-300x169.jpg 300w, https:\/\/jblanz.de\/WP\/wp-content\/uploads\/2025\/02\/25Spanien-1770-1024x576.jpg 1024w, https:\/\/jblanz.de\/WP\/wp-content\/uploads\/2025\/02\/25Spanien-1770-768x432.jpg 768w, https:\/\/jblanz.de\/WP\/wp-content\/uploads\/2025\/02\/25Spanien-1770-1536x864.jpg 1536w, https:\/\/jblanz.de\/WP\/wp-content\/uploads\/2025\/02\/25Spanien-1770-2048x1152.jpg 2048w\" sizes=\"auto, (max-width: 2560px) 100vw, 2560px\" \/><\/figure>\n\n\n\n<figure class=\"wp-block-image size-full\"><img loading=\"lazy\" decoding=\"async\" width=\"2560\" height=\"1440\" data-id=\"25998\" src=\"https:\/\/jblanz.de\/WP\/wp-content\/uploads\/2025\/02\/25Spanien-1766-scaled.jpg\" alt=\"\" class=\"wp-image-25998\" srcset=\"https:\/\/jblanz.de\/WP\/wp-content\/uploads\/2025\/02\/25Spanien-1766-scaled.jpg 2560w, https:\/\/jblanz.de\/WP\/wp-content\/uploads\/2025\/02\/25Spanien-1766-300x169.jpg 300w, https:\/\/jblanz.de\/WP\/wp-content\/uploads\/2025\/02\/25Spanien-1766-1024x576.jpg 1024w, https:\/\/jblanz.de\/WP\/wp-content\/uploads\/2025\/02\/25Spanien-1766-768x432.jpg 768w, https:\/\/jblanz.de\/WP\/wp-content\/uploads\/2025\/02\/25Spanien-1766-1536x864.jpg 1536w, https:\/\/jblanz.de\/WP\/wp-content\/uploads\/2025\/02\/25Spanien-1766-2048x1152.jpg 2048w\" sizes=\"auto, (max-width: 2560px) 100vw, 2560px\" \/><\/figure>\n\n\n\n<figure class=\"wp-block-image size-full\"><img loading=\"lazy\" decoding=\"async\" width=\"2560\" height=\"1440\" data-id=\"25980\" src=\"https:\/\/jblanz.de\/WP\/wp-content\/uploads\/2025\/02\/25Spanien-1794-scaled.jpg\" alt=\"\" class=\"wp-image-25980\" srcset=\"https:\/\/jblanz.de\/WP\/wp-content\/uploads\/2025\/02\/25Spanien-1794-scaled.jpg 2560w, https:\/\/jblanz.de\/WP\/wp-content\/uploads\/2025\/02\/25Spanien-1794-300x169.jpg 300w, https:\/\/jblanz.de\/WP\/wp-content\/uploads\/2025\/02\/25Spanien-1794-1024x576.jpg 1024w, https:\/\/jblanz.de\/WP\/wp-content\/uploads\/2025\/02\/25Spanien-1794-768x432.jpg 768w, https:\/\/jblanz.de\/WP\/wp-content\/uploads\/2025\/02\/25Spanien-1794-1536x864.jpg 1536w, https:\/\/jblanz.de\/WP\/wp-content\/uploads\/2025\/02\/25Spanien-1794-2048x1152.jpg 2048w\" sizes=\"auto, (max-width: 2560px) 100vw, 2560px\" \/><\/figure>\n\n\n\n<figure class=\"wp-block-image size-full\"><img loading=\"lazy\" decoding=\"async\" width=\"2560\" height=\"1440\" data-id=\"25984\" src=\"https:\/\/jblanz.de\/WP\/wp-content\/uploads\/2025\/02\/25Spanien-1793-scaled.jpg\" alt=\"\" class=\"wp-image-25984\" srcset=\"https:\/\/jblanz.de\/WP\/wp-content\/uploads\/2025\/02\/25Spanien-1793-scaled.jpg 2560w, https:\/\/jblanz.de\/WP\/wp-content\/uploads\/2025\/02\/25Spanien-1793-300x169.jpg 300w, https:\/\/jblanz.de\/WP\/wp-content\/uploads\/2025\/02\/25Spanien-1793-1024x576.jpg 1024w, https:\/\/jblanz.de\/WP\/wp-content\/uploads\/2025\/02\/25Spanien-1793-768x432.jpg 768w, https:\/\/jblanz.de\/WP\/wp-content\/uploads\/2025\/02\/25Spanien-1793-1536x864.jpg 1536w, https:\/\/jblanz.de\/WP\/wp-content\/uploads\/2025\/02\/25Spanien-1793-2048x1152.jpg 2048w\" sizes=\"auto, (max-width: 2560px) 100vw, 2560px\" \/><\/figure>\n\n\n\n<figure class=\"wp-block-image size-full\"><img loading=\"lazy\" decoding=\"async\" width=\"2560\" height=\"1440\" data-id=\"25996\" src=\"https:\/\/jblanz.de\/WP\/wp-content\/uploads\/2025\/02\/25Spanien-1789-scaled.jpg\" alt=\"\" class=\"wp-image-25996\" srcset=\"https:\/\/jblanz.de\/WP\/wp-content\/uploads\/2025\/02\/25Spanien-1789-scaled.jpg 2560w, https:\/\/jblanz.de\/WP\/wp-content\/uploads\/2025\/02\/25Spanien-1789-300x169.jpg 300w, https:\/\/jblanz.de\/WP\/wp-content\/uploads\/2025\/02\/25Spanien-1789-1024x576.jpg 1024w, https:\/\/jblanz.de\/WP\/wp-content\/uploads\/2025\/02\/25Spanien-1789-768x432.jpg 768w, https:\/\/jblanz.de\/WP\/wp-content\/uploads\/2025\/02\/25Spanien-1789-1536x864.jpg 1536w, https:\/\/jblanz.de\/WP\/wp-content\/uploads\/2025\/02\/25Spanien-1789-2048x1152.jpg 2048w\" sizes=\"auto, (max-width: 2560px) 100vw, 2560px\" \/><\/figure>\n\n\n\n<figure class=\"wp-block-image size-full\"><img loading=\"lazy\" decoding=\"async\" width=\"2560\" height=\"1440\" data-id=\"25986\" src=\"https:\/\/jblanz.de\/WP\/wp-content\/uploads\/2025\/02\/25Spanien-1790-scaled.jpg\" alt=\"\" class=\"wp-image-25986\" srcset=\"https:\/\/jblanz.de\/WP\/wp-content\/uploads\/2025\/02\/25Spanien-1790-scaled.jpg 2560w, https:\/\/jblanz.de\/WP\/wp-content\/uploads\/2025\/02\/25Spanien-1790-300x169.jpg 300w, https:\/\/jblanz.de\/WP\/wp-content\/uploads\/2025\/02\/25Spanien-1790-1024x576.jpg 1024w, https:\/\/jblanz.de\/WP\/wp-content\/uploads\/2025\/02\/25Spanien-1790-768x432.jpg 768w, https:\/\/jblanz.de\/WP\/wp-content\/uploads\/2025\/02\/25Spanien-1790-1536x864.jpg 1536w, https:\/\/jblanz.de\/WP\/wp-content\/uploads\/2025\/02\/25Spanien-1790-2048x1152.jpg 2048w\" sizes=\"auto, (max-width: 2560px) 100vw, 2560px\" \/><\/figure>\n\n\n\n<figure class=\"wp-block-image size-full\"><img loading=\"lazy\" decoding=\"async\" width=\"2560\" height=\"1440\" data-id=\"25976\" src=\"https:\/\/jblanz.de\/WP\/wp-content\/uploads\/2025\/02\/25Spanien-1788-scaled.jpg\" alt=\"\" class=\"wp-image-25976\" srcset=\"https:\/\/jblanz.de\/WP\/wp-content\/uploads\/2025\/02\/25Spanien-1788-scaled.jpg 2560w, https:\/\/jblanz.de\/WP\/wp-content\/uploads\/2025\/02\/25Spanien-1788-300x169.jpg 300w, https:\/\/jblanz.de\/WP\/wp-content\/uploads\/2025\/02\/25Spanien-1788-1024x576.jpg 1024w, https:\/\/jblanz.de\/WP\/wp-content\/uploads\/2025\/02\/25Spanien-1788-768x432.jpg 768w, https:\/\/jblanz.de\/WP\/wp-content\/uploads\/2025\/02\/25Spanien-1788-1536x864.jpg 1536w, https:\/\/jblanz.de\/WP\/wp-content\/uploads\/2025\/02\/25Spanien-1788-2048x1152.jpg 2048w\" sizes=\"auto, (max-width: 2560px) 100vw, 2560px\" \/><\/figure>\n\n\n\n<figure class=\"wp-block-image size-full\"><img loading=\"lazy\" decoding=\"async\" width=\"2560\" height=\"1440\" data-id=\"25992\" src=\"https:\/\/jblanz.de\/WP\/wp-content\/uploads\/2025\/02\/25Spanien-1786-scaled.jpg\" alt=\"\" class=\"wp-image-25992\" srcset=\"https:\/\/jblanz.de\/WP\/wp-content\/uploads\/2025\/02\/25Spanien-1786-scaled.jpg 2560w, https:\/\/jblanz.de\/WP\/wp-content\/uploads\/2025\/02\/25Spanien-1786-300x169.jpg 300w, https:\/\/jblanz.de\/WP\/wp-content\/uploads\/2025\/02\/25Spanien-1786-1024x576.jpg 1024w, https:\/\/jblanz.de\/WP\/wp-content\/uploads\/2025\/02\/25Spanien-1786-768x432.jpg 768w, https:\/\/jblanz.de\/WP\/wp-content\/uploads\/2025\/02\/25Spanien-1786-1536x864.jpg 1536w, https:\/\/jblanz.de\/WP\/wp-content\/uploads\/2025\/02\/25Spanien-1786-2048x1152.jpg 2048w\" sizes=\"auto, (max-width: 2560px) 100vw, 2560px\" \/><\/figure>\n\n\n\n<figure class=\"wp-block-image size-full\"><img loading=\"lazy\" decoding=\"async\" width=\"2560\" height=\"1440\" data-id=\"25983\" src=\"https:\/\/jblanz.de\/WP\/wp-content\/uploads\/2025\/02\/25Spanien-1787-Edit-scaled.jpg\" alt=\"\" class=\"wp-image-25983\" srcset=\"https:\/\/jblanz.de\/WP\/wp-content\/uploads\/2025\/02\/25Spanien-1787-Edit-scaled.jpg 2560w, https:\/\/jblanz.de\/WP\/wp-content\/uploads\/2025\/02\/25Spanien-1787-Edit-300x169.jpg 300w, https:\/\/jblanz.de\/WP\/wp-content\/uploads\/2025\/02\/25Spanien-1787-Edit-1024x576.jpg 1024w, https:\/\/jblanz.de\/WP\/wp-content\/uploads\/2025\/02\/25Spanien-1787-Edit-768x432.jpg 768w, https:\/\/jblanz.de\/WP\/wp-content\/uploads\/2025\/02\/25Spanien-1787-Edit-1536x864.jpg 1536w, https:\/\/jblanz.de\/WP\/wp-content\/uploads\/2025\/02\/25Spanien-1787-Edit-2048x1152.jpg 2048w\" sizes=\"auto, (max-width: 2560px) 100vw, 2560px\" \/><\/figure>\n\n\n\n<figure class=\"wp-block-image size-full\"><img loading=\"lazy\" decoding=\"async\" width=\"2560\" height=\"1440\" data-id=\"25987\" src=\"https:\/\/jblanz.de\/WP\/wp-content\/uploads\/2025\/02\/25Spanien-1785-Edit-scaled.jpg\" alt=\"\" class=\"wp-image-25987\" srcset=\"https:\/\/jblanz.de\/WP\/wp-content\/uploads\/2025\/02\/25Spanien-1785-Edit-scaled.jpg 2560w, https:\/\/jblanz.de\/WP\/wp-content\/uploads\/2025\/02\/25Spanien-1785-Edit-300x169.jpg 300w, https:\/\/jblanz.de\/WP\/wp-content\/uploads\/2025\/02\/25Spanien-1785-Edit-1024x576.jpg 1024w, https:\/\/jblanz.de\/WP\/wp-content\/uploads\/2025\/02\/25Spanien-1785-Edit-768x432.jpg 768w, https:\/\/jblanz.de\/WP\/wp-content\/uploads\/2025\/02\/25Spanien-1785-Edit-1536x864.jpg 1536w, https:\/\/jblanz.de\/WP\/wp-content\/uploads\/2025\/02\/25Spanien-1785-Edit-2048x1152.jpg 2048w\" sizes=\"auto, (max-width: 2560px) 100vw, 2560px\" \/><\/figure>\n\n\n\n<figure class=\"wp-block-image size-full\"><img loading=\"lazy\" decoding=\"async\" width=\"2560\" height=\"1440\" data-id=\"25977\" src=\"https:\/\/jblanz.de\/WP\/wp-content\/uploads\/2025\/02\/25Spanien-1783-scaled.jpg\" alt=\"\" class=\"wp-image-25977\" srcset=\"https:\/\/jblanz.de\/WP\/wp-content\/uploads\/2025\/02\/25Spanien-1783-scaled.jpg 2560w, https:\/\/jblanz.de\/WP\/wp-content\/uploads\/2025\/02\/25Spanien-1783-300x169.jpg 300w, https:\/\/jblanz.de\/WP\/wp-content\/uploads\/2025\/02\/25Spanien-1783-1024x576.jpg 1024w, https:\/\/jblanz.de\/WP\/wp-content\/uploads\/2025\/02\/25Spanien-1783-768x432.jpg 768w, https:\/\/jblanz.de\/WP\/wp-content\/uploads\/2025\/02\/25Spanien-1783-1536x864.jpg 1536w, https:\/\/jblanz.de\/WP\/wp-content\/uploads\/2025\/02\/25Spanien-1783-2048x1152.jpg 2048w\" sizes=\"auto, (max-width: 2560px) 100vw, 2560px\" \/><\/figure>\n\n\n\n<figure class=\"wp-block-image size-full\"><img loading=\"lazy\" decoding=\"async\" width=\"1546\" height=\"870\" data-id=\"25978\" src=\"https:\/\/jblanz.de\/WP\/wp-content\/uploads\/2025\/02\/25Spanien-1784.jpg\" alt=\"\" class=\"wp-image-25978\" srcset=\"https:\/\/jblanz.de\/WP\/wp-content\/uploads\/2025\/02\/25Spanien-1784.jpg 1546w, https:\/\/jblanz.de\/WP\/wp-content\/uploads\/2025\/02\/25Spanien-1784-300x169.jpg 300w, https:\/\/jblanz.de\/WP\/wp-content\/uploads\/2025\/02\/25Spanien-1784-1024x576.jpg 1024w, https:\/\/jblanz.de\/WP\/wp-content\/uploads\/2025\/02\/25Spanien-1784-768x432.jpg 768w, https:\/\/jblanz.de\/WP\/wp-content\/uploads\/2025\/02\/25Spanien-1784-1536x864.jpg 1536w\" sizes=\"auto, (max-width: 1546px) 100vw, 1546px\" \/><\/figure>\n\n\n\n<figure class=\"wp-block-image size-full\"><img loading=\"lazy\" decoding=\"async\" width=\"2560\" height=\"1440\" data-id=\"25991\" src=\"https:\/\/jblanz.de\/WP\/wp-content\/uploads\/2025\/02\/25Spanien-1781-scaled.jpg\" alt=\"\" class=\"wp-image-25991\" srcset=\"https:\/\/jblanz.de\/WP\/wp-content\/uploads\/2025\/02\/25Spanien-1781-scaled.jpg 2560w, https:\/\/jblanz.de\/WP\/wp-content\/uploads\/2025\/02\/25Spanien-1781-300x169.jpg 300w, https:\/\/jblanz.de\/WP\/wp-content\/uploads\/2025\/02\/25Spanien-1781-1024x576.jpg 1024w, https:\/\/jblanz.de\/WP\/wp-content\/uploads\/2025\/02\/25Spanien-1781-768x432.jpg 768w, https:\/\/jblanz.de\/WP\/wp-content\/uploads\/2025\/02\/25Spanien-1781-1536x864.jpg 1536w, https:\/\/jblanz.de\/WP\/wp-content\/uploads\/2025\/02\/25Spanien-1781-2048x1152.jpg 2048w\" sizes=\"auto, (max-width: 2560px) 100vw, 2560px\" \/><\/figure>\n\n\n\n<figure class=\"wp-block-image size-full\"><img loading=\"lazy\" decoding=\"async\" width=\"2560\" height=\"1440\" data-id=\"25982\" src=\"https:\/\/jblanz.de\/WP\/wp-content\/uploads\/2025\/02\/25Spanien-1780-scaled.jpg\" alt=\"\" class=\"wp-image-25982\" srcset=\"https:\/\/jblanz.de\/WP\/wp-content\/uploads\/2025\/02\/25Spanien-1780-scaled.jpg 2560w, https:\/\/jblanz.de\/WP\/wp-content\/uploads\/2025\/02\/25Spanien-1780-300x169.jpg 300w, https:\/\/jblanz.de\/WP\/wp-content\/uploads\/2025\/02\/25Spanien-1780-1024x576.jpg 1024w, https:\/\/jblanz.de\/WP\/wp-content\/uploads\/2025\/02\/25Spanien-1780-768x432.jpg 768w, https:\/\/jblanz.de\/WP\/wp-content\/uploads\/2025\/02\/25Spanien-1780-1536x864.jpg 1536w, https:\/\/jblanz.de\/WP\/wp-content\/uploads\/2025\/02\/25Spanien-1780-2048x1152.jpg 2048w\" sizes=\"auto, (max-width: 2560px) 100vw, 2560px\" \/><\/figure>\n\n\n\n<figure class=\"wp-block-image size-full\"><img loading=\"lazy\" decoding=\"async\" width=\"2560\" height=\"1440\" data-id=\"25979\" src=\"https:\/\/jblanz.de\/WP\/wp-content\/uploads\/2025\/02\/25Spanien-1778-scaled.jpg\" alt=\"\" class=\"wp-image-25979\" srcset=\"https:\/\/jblanz.de\/WP\/wp-content\/uploads\/2025\/02\/25Spanien-1778-scaled.jpg 2560w, https:\/\/jblanz.de\/WP\/wp-content\/uploads\/2025\/02\/25Spanien-1778-300x169.jpg 300w, https:\/\/jblanz.de\/WP\/wp-content\/uploads\/2025\/02\/25Spanien-1778-1024x576.jpg 1024w, https:\/\/jblanz.de\/WP\/wp-content\/uploads\/2025\/02\/25Spanien-1778-768x432.jpg 768w, https:\/\/jblanz.de\/WP\/wp-content\/uploads\/2025\/02\/25Spanien-1778-1536x864.jpg 1536w, https:\/\/jblanz.de\/WP\/wp-content\/uploads\/2025\/02\/25Spanien-1778-2048x1152.jpg 2048w\" sizes=\"auto, (max-width: 2560px) 100vw, 2560px\" \/><\/figure>\n\n\n\n<figure class=\"wp-block-image size-full\"><img loading=\"lazy\" decoding=\"async\" width=\"2560\" height=\"1440\" data-id=\"25989\" src=\"https:\/\/jblanz.de\/WP\/wp-content\/uploads\/2025\/02\/25Spanien-1779-scaled.jpg\" alt=\"\" class=\"wp-image-25989\" srcset=\"https:\/\/jblanz.de\/WP\/wp-content\/uploads\/2025\/02\/25Spanien-1779-scaled.jpg 2560w, https:\/\/jblanz.de\/WP\/wp-content\/uploads\/2025\/02\/25Spanien-1779-300x169.jpg 300w, https:\/\/jblanz.de\/WP\/wp-content\/uploads\/2025\/02\/25Spanien-1779-1024x576.jpg 1024w, https:\/\/jblanz.de\/WP\/wp-content\/uploads\/2025\/02\/25Spanien-1779-768x432.jpg 768w, https:\/\/jblanz.de\/WP\/wp-content\/uploads\/2025\/02\/25Spanien-1779-1536x864.jpg 1536w, https:\/\/jblanz.de\/WP\/wp-content\/uploads\/2025\/02\/25Spanien-1779-2048x1152.jpg 2048w\" sizes=\"auto, (max-width: 2560px) 100vw, 2560px\" \/><\/figure>\n\n\n\n<figure class=\"wp-block-image size-full\"><img loading=\"lazy\" decoding=\"async\" width=\"2560\" height=\"1440\" data-id=\"25990\" src=\"https:\/\/jblanz.de\/WP\/wp-content\/uploads\/2025\/02\/25Spanien-1776-scaled.jpg\" alt=\"\" class=\"wp-image-25990\" srcset=\"https:\/\/jblanz.de\/WP\/wp-content\/uploads\/2025\/02\/25Spanien-1776-scaled.jpg 2560w, https:\/\/jblanz.de\/WP\/wp-content\/uploads\/2025\/02\/25Spanien-1776-300x169.jpg 300w, https:\/\/jblanz.de\/WP\/wp-content\/uploads\/2025\/02\/25Spanien-1776-1024x576.jpg 1024w, https:\/\/jblanz.de\/WP\/wp-content\/uploads\/2025\/02\/25Spanien-1776-768x432.jpg 768w, https:\/\/jblanz.de\/WP\/wp-content\/uploads\/2025\/02\/25Spanien-1776-1536x864.jpg 1536w, https:\/\/jblanz.de\/WP\/wp-content\/uploads\/2025\/02\/25Spanien-1776-2048x1152.jpg 2048w\" sizes=\"auto, (max-width: 2560px) 100vw, 2560px\" \/><\/figure>\n\n\n\n<figure class=\"wp-block-image size-full\"><img loading=\"lazy\" decoding=\"async\" width=\"1222\" height=\"687\" data-id=\"25994\" src=\"https:\/\/jblanz.de\/WP\/wp-content\/uploads\/2025\/02\/25Spanien-1775.jpg\" alt=\"\" class=\"wp-image-25994\" srcset=\"https:\/\/jblanz.de\/WP\/wp-content\/uploads\/2025\/02\/25Spanien-1775.jpg 1222w, https:\/\/jblanz.de\/WP\/wp-content\/uploads\/2025\/02\/25Spanien-1775-300x169.jpg 300w, https:\/\/jblanz.de\/WP\/wp-content\/uploads\/2025\/02\/25Spanien-1775-1024x576.jpg 1024w, https:\/\/jblanz.de\/WP\/wp-content\/uploads\/2025\/02\/25Spanien-1775-768x432.jpg 768w\" sizes=\"auto, (max-width: 1222px) 100vw, 1222px\" \/><\/figure>\n\n\n\n<figure class=\"wp-block-image size-full\"><img loading=\"lazy\" decoding=\"async\" width=\"2560\" height=\"1440\" data-id=\"25985\" src=\"https:\/\/jblanz.de\/WP\/wp-content\/uploads\/2025\/02\/25Spanien-1774-scaled.jpg\" alt=\"\" class=\"wp-image-25985\" srcset=\"https:\/\/jblanz.de\/WP\/wp-content\/uploads\/2025\/02\/25Spanien-1774-scaled.jpg 2560w, https:\/\/jblanz.de\/WP\/wp-content\/uploads\/2025\/02\/25Spanien-1774-300x169.jpg 300w, https:\/\/jblanz.de\/WP\/wp-content\/uploads\/2025\/02\/25Spanien-1774-1024x576.jpg 1024w, https:\/\/jblanz.de\/WP\/wp-content\/uploads\/2025\/02\/25Spanien-1774-768x432.jpg 768w, https:\/\/jblanz.de\/WP\/wp-content\/uploads\/2025\/02\/25Spanien-1774-1536x864.jpg 1536w, https:\/\/jblanz.de\/WP\/wp-content\/uploads\/2025\/02\/25Spanien-1774-2048x1152.jpg 2048w\" sizes=\"auto, (max-width: 2560px) 100vw, 2560px\" \/><\/figure>\n\n\n\n<figure class=\"wp-block-image size-full\"><img loading=\"lazy\" decoding=\"async\" width=\"2560\" height=\"1440\" data-id=\"25993\" src=\"https:\/\/jblanz.de\/WP\/wp-content\/uploads\/2025\/02\/25Spanien-1773-scaled.jpg\" alt=\"\" class=\"wp-image-25993\" srcset=\"https:\/\/jblanz.de\/WP\/wp-content\/uploads\/2025\/02\/25Spanien-1773-scaled.jpg 2560w, https:\/\/jblanz.de\/WP\/wp-content\/uploads\/2025\/02\/25Spanien-1773-300x169.jpg 300w, https:\/\/jblanz.de\/WP\/wp-content\/uploads\/2025\/02\/25Spanien-1773-1024x576.jpg 1024w, https:\/\/jblanz.de\/WP\/wp-content\/uploads\/2025\/02\/25Spanien-1773-768x432.jpg 768w, https:\/\/jblanz.de\/WP\/wp-content\/uploads\/2025\/02\/25Spanien-1773-1536x864.jpg 1536w, https:\/\/jblanz.de\/WP\/wp-content\/uploads\/2025\/02\/25Spanien-1773-2048x1152.jpg 2048w\" sizes=\"auto, (max-width: 2560px) 100vw, 2560px\" \/><\/figure>\n\n\n\n<figure class=\"wp-block-image size-full\"><img loading=\"lazy\" decoding=\"async\" width=\"2560\" height=\"1440\" data-id=\"25988\" src=\"https:\/\/jblanz.de\/WP\/wp-content\/uploads\/2025\/02\/25Spanien-1768-scaled.jpg\" alt=\"\" class=\"wp-image-25988\" srcset=\"https:\/\/jblanz.de\/WP\/wp-content\/uploads\/2025\/02\/25Spanien-1768-scaled.jpg 2560w, https:\/\/jblanz.de\/WP\/wp-content\/uploads\/2025\/02\/25Spanien-1768-300x169.jpg 300w, https:\/\/jblanz.de\/WP\/wp-content\/uploads\/2025\/02\/25Spanien-1768-1024x576.jpg 1024w, https:\/\/jblanz.de\/WP\/wp-content\/uploads\/2025\/02\/25Spanien-1768-768x432.jpg 768w, https:\/\/jblanz.de\/WP\/wp-content\/uploads\/2025\/02\/25Spanien-1768-1536x864.jpg 1536w, https:\/\/jblanz.de\/WP\/wp-content\/uploads\/2025\/02\/25Spanien-1768-2048x1152.jpg 2048w\" sizes=\"auto, (max-width: 2560px) 100vw, 2560px\" \/><\/figure>\n\n\n\n<figure class=\"wp-block-image size-full\"><img loading=\"lazy\" decoding=\"async\" width=\"2560\" height=\"1440\" data-id=\"25997\" src=\"https:\/\/jblanz.de\/WP\/wp-content\/uploads\/2025\/02\/25Spanien-1767-Edit-scaled.jpg\" alt=\"\" class=\"wp-image-25997\" srcset=\"https:\/\/jblanz.de\/WP\/wp-content\/uploads\/2025\/02\/25Spanien-1767-Edit-scaled.jpg 2560w, https:\/\/jblanz.de\/WP\/wp-content\/uploads\/2025\/02\/25Spanien-1767-Edit-300x169.jpg 300w, https:\/\/jblanz.de\/WP\/wp-content\/uploads\/2025\/02\/25Spanien-1767-Edit-1024x576.jpg 1024w, https:\/\/jblanz.de\/WP\/wp-content\/uploads\/2025\/02\/25Spanien-1767-Edit-768x432.jpg 768w, https:\/\/jblanz.de\/WP\/wp-content\/uploads\/2025\/02\/25Spanien-1767-Edit-1536x864.jpg 1536w, https:\/\/jblanz.de\/WP\/wp-content\/uploads\/2025\/02\/25Spanien-1767-Edit-2048x1152.jpg 2048w\" sizes=\"auto, (max-width: 2560px) 100vw, 2560px\" \/><\/figure>\n\n\n\n<figure class=\"wp-block-image size-full\"><img loading=\"lazy\" decoding=\"async\" width=\"2560\" height=\"1440\" data-id=\"25995\" src=\"https:\/\/jblanz.de\/WP\/wp-content\/uploads\/2025\/02\/25Spanien-1771-scaled.jpg\" alt=\"\" class=\"wp-image-25995\" srcset=\"https:\/\/jblanz.de\/WP\/wp-content\/uploads\/2025\/02\/25Spanien-1771-scaled.jpg 2560w, https:\/\/jblanz.de\/WP\/wp-content\/uploads\/2025\/02\/25Spanien-1771-300x169.jpg 300w, https:\/\/jblanz.de\/WP\/wp-content\/uploads\/2025\/02\/25Spanien-1771-1024x576.jpg 1024w, https:\/\/jblanz.de\/WP\/wp-content\/uploads\/2025\/02\/25Spanien-1771-768x432.jpg 768w, https:\/\/jblanz.de\/WP\/wp-content\/uploads\/2025\/02\/25Spanien-1771-1536x864.jpg 1536w, https:\/\/jblanz.de\/WP\/wp-content\/uploads\/2025\/02\/25Spanien-1771-2048x1152.jpg 2048w\" sizes=\"auto, (max-width: 2560px) 100vw, 2560px\" \/><\/figure>\n<\/figure>\n\n\n\n<p>Es wurden Funde gezeigt, die in Serradilla gemacht wurden. Goldschmuck aus dem 5. &#8211; 6. Jahrhundert <strong>vor<\/strong> Christus begeisterte uns besonders. Keine Ahnung, wie diese Juwelen zu dieser Zeit geschaffen werden konnten. Das Pferd mit dem Reiter ist ca 4 cm hoch.<\/p>\n\n\n\n<figure class=\"wp-block-gallery has-nested-images columns-2 is-cropped wp-block-gallery-4 is-layout-flex wp-block-gallery-is-layout-flex\">\n<figure class=\"wp-block-image size-full\"><img loading=\"lazy\" decoding=\"async\" width=\"2560\" height=\"1440\" data-id=\"26008\" src=\"https:\/\/jblanz.de\/WP\/wp-content\/uploads\/2025\/02\/25Spanien-1796-scaled.jpg\" alt=\"\" class=\"wp-image-26008\" srcset=\"https:\/\/jblanz.de\/WP\/wp-content\/uploads\/2025\/02\/25Spanien-1796-scaled.jpg 2560w, https:\/\/jblanz.de\/WP\/wp-content\/uploads\/2025\/02\/25Spanien-1796-300x169.jpg 300w, https:\/\/jblanz.de\/WP\/wp-content\/uploads\/2025\/02\/25Spanien-1796-1024x576.jpg 1024w, https:\/\/jblanz.de\/WP\/wp-content\/uploads\/2025\/02\/25Spanien-1796-768x432.jpg 768w, https:\/\/jblanz.de\/WP\/wp-content\/uploads\/2025\/02\/25Spanien-1796-1536x864.jpg 1536w, https:\/\/jblanz.de\/WP\/wp-content\/uploads\/2025\/02\/25Spanien-1796-2048x1152.jpg 2048w\" sizes=\"auto, (max-width: 2560px) 100vw, 2560px\" \/><\/figure>\n\n\n\n<figure class=\"wp-block-image size-full\"><img loading=\"lazy\" decoding=\"async\" width=\"2560\" height=\"1440\" data-id=\"26009\" src=\"https:\/\/jblanz.de\/WP\/wp-content\/uploads\/2025\/02\/25Spanien-1801-Edit-scaled.jpg\" alt=\"\" class=\"wp-image-26009\" srcset=\"https:\/\/jblanz.de\/WP\/wp-content\/uploads\/2025\/02\/25Spanien-1801-Edit-scaled.jpg 2560w, https:\/\/jblanz.de\/WP\/wp-content\/uploads\/2025\/02\/25Spanien-1801-Edit-300x169.jpg 300w, https:\/\/jblanz.de\/WP\/wp-content\/uploads\/2025\/02\/25Spanien-1801-Edit-1024x576.jpg 1024w, https:\/\/jblanz.de\/WP\/wp-content\/uploads\/2025\/02\/25Spanien-1801-Edit-768x432.jpg 768w, https:\/\/jblanz.de\/WP\/wp-content\/uploads\/2025\/02\/25Spanien-1801-Edit-1536x864.jpg 1536w, https:\/\/jblanz.de\/WP\/wp-content\/uploads\/2025\/02\/25Spanien-1801-Edit-2048x1152.jpg 2048w\" sizes=\"auto, (max-width: 2560px) 100vw, 2560px\" \/><\/figure>\n\n\n\n<figure class=\"wp-block-image size-full\"><img loading=\"lazy\" decoding=\"async\" width=\"1909\" height=\"1076\" data-id=\"26007\" src=\"https:\/\/jblanz.de\/WP\/wp-content\/uploads\/2025\/02\/25Spanien-1795-2.jpg\" alt=\"\" class=\"wp-image-26007\" srcset=\"https:\/\/jblanz.de\/WP\/wp-content\/uploads\/2025\/02\/25Spanien-1795-2.jpg 1909w, https:\/\/jblanz.de\/WP\/wp-content\/uploads\/2025\/02\/25Spanien-1795-2-300x169.jpg 300w, https:\/\/jblanz.de\/WP\/wp-content\/uploads\/2025\/02\/25Spanien-1795-2-1024x577.jpg 1024w, https:\/\/jblanz.de\/WP\/wp-content\/uploads\/2025\/02\/25Spanien-1795-2-768x433.jpg 768w, https:\/\/jblanz.de\/WP\/wp-content\/uploads\/2025\/02\/25Spanien-1795-2-1536x866.jpg 1536w\" sizes=\"auto, (max-width: 1909px) 100vw, 1909px\" \/><\/figure>\n<\/figure>\n\n\n\n<p>Wir konnten noch die Zisterne aus der Zeit der Mauren besichtigen und gingen anschliessend noch etwas durch die Altstadt. <\/p>\n\n\n\n<figure class=\"wp-block-gallery has-nested-images columns-2 is-cropped wp-block-gallery-5 is-layout-flex wp-block-gallery-is-layout-flex\">\n<figure class=\"wp-block-image size-full\"><img loading=\"lazy\" decoding=\"async\" width=\"2560\" height=\"1440\" data-id=\"26002\" src=\"https:\/\/jblanz.de\/WP\/wp-content\/uploads\/2025\/02\/25Spanien-1803-scaled.jpg\" alt=\"\" class=\"wp-image-26002\" srcset=\"https:\/\/jblanz.de\/WP\/wp-content\/uploads\/2025\/02\/25Spanien-1803-scaled.jpg 2560w, https:\/\/jblanz.de\/WP\/wp-content\/uploads\/2025\/02\/25Spanien-1803-300x169.jpg 300w, https:\/\/jblanz.de\/WP\/wp-content\/uploads\/2025\/02\/25Spanien-1803-1024x576.jpg 1024w, https:\/\/jblanz.de\/WP\/wp-content\/uploads\/2025\/02\/25Spanien-1803-768x432.jpg 768w, https:\/\/jblanz.de\/WP\/wp-content\/uploads\/2025\/02\/25Spanien-1803-1536x864.jpg 1536w, https:\/\/jblanz.de\/WP\/wp-content\/uploads\/2025\/02\/25Spanien-1803-2048x1152.jpg 2048w\" sizes=\"auto, (max-width: 2560px) 100vw, 2560px\" \/><\/figure>\n\n\n\n<figure class=\"wp-block-image size-full\"><img loading=\"lazy\" decoding=\"async\" width=\"2560\" height=\"1440\" data-id=\"26000\" src=\"https:\/\/jblanz.de\/WP\/wp-content\/uploads\/2025\/02\/25Spanien-1802-scaled.jpg\" alt=\"\" class=\"wp-image-26000\" srcset=\"https:\/\/jblanz.de\/WP\/wp-content\/uploads\/2025\/02\/25Spanien-1802-scaled.jpg 2560w, https:\/\/jblanz.de\/WP\/wp-content\/uploads\/2025\/02\/25Spanien-1802-300x169.jpg 300w, https:\/\/jblanz.de\/WP\/wp-content\/uploads\/2025\/02\/25Spanien-1802-1024x576.jpg 1024w, https:\/\/jblanz.de\/WP\/wp-content\/uploads\/2025\/02\/25Spanien-1802-768x432.jpg 768w, https:\/\/jblanz.de\/WP\/wp-content\/uploads\/2025\/02\/25Spanien-1802-1536x864.jpg 1536w, https:\/\/jblanz.de\/WP\/wp-content\/uploads\/2025\/02\/25Spanien-1802-2048x1152.jpg 2048w\" sizes=\"auto, (max-width: 2560px) 100vw, 2560px\" \/><\/figure>\n\n\n\n<figure class=\"wp-block-image size-full\"><img loading=\"lazy\" decoding=\"async\" width=\"2560\" height=\"1440\" data-id=\"26004\" src=\"https:\/\/jblanz.de\/WP\/wp-content\/uploads\/2025\/02\/25Spanien-1806-scaled.jpg\" alt=\"\" class=\"wp-image-26004\" srcset=\"https:\/\/jblanz.de\/WP\/wp-content\/uploads\/2025\/02\/25Spanien-1806-scaled.jpg 2560w, https:\/\/jblanz.de\/WP\/wp-content\/uploads\/2025\/02\/25Spanien-1806-300x169.jpg 300w, https:\/\/jblanz.de\/WP\/wp-content\/uploads\/2025\/02\/25Spanien-1806-1024x576.jpg 1024w, https:\/\/jblanz.de\/WP\/wp-content\/uploads\/2025\/02\/25Spanien-1806-768x432.jpg 768w, https:\/\/jblanz.de\/WP\/wp-content\/uploads\/2025\/02\/25Spanien-1806-1536x864.jpg 1536w, https:\/\/jblanz.de\/WP\/wp-content\/uploads\/2025\/02\/25Spanien-1806-2048x1152.jpg 2048w\" sizes=\"auto, (max-width: 2560px) 100vw, 2560px\" \/><\/figure>\n\n\n\n<figure class=\"wp-block-image size-full\"><img loading=\"lazy\" decoding=\"async\" width=\"2560\" height=\"1440\" data-id=\"26003\" src=\"https:\/\/jblanz.de\/WP\/wp-content\/uploads\/2025\/02\/25Spanien-1805-scaled.jpg\" alt=\"\" class=\"wp-image-26003\" srcset=\"https:\/\/jblanz.de\/WP\/wp-content\/uploads\/2025\/02\/25Spanien-1805-scaled.jpg 2560w, https:\/\/jblanz.de\/WP\/wp-content\/uploads\/2025\/02\/25Spanien-1805-300x169.jpg 300w, https:\/\/jblanz.de\/WP\/wp-content\/uploads\/2025\/02\/25Spanien-1805-1024x576.jpg 1024w, https:\/\/jblanz.de\/WP\/wp-content\/uploads\/2025\/02\/25Spanien-1805-768x432.jpg 768w, https:\/\/jblanz.de\/WP\/wp-content\/uploads\/2025\/02\/25Spanien-1805-1536x864.jpg 1536w, https:\/\/jblanz.de\/WP\/wp-content\/uploads\/2025\/02\/25Spanien-1805-2048x1152.jpg 2048w\" sizes=\"auto, (max-width: 2560px) 100vw, 2560px\" \/><\/figure>\n\n\n\n<figure class=\"wp-block-image size-full\"><img loading=\"lazy\" decoding=\"async\" width=\"2560\" height=\"1440\" data-id=\"26001\" src=\"https:\/\/jblanz.de\/WP\/wp-content\/uploads\/2025\/02\/25Spanien-1804-scaled.jpg\" alt=\"\" class=\"wp-image-26001\" srcset=\"https:\/\/jblanz.de\/WP\/wp-content\/uploads\/2025\/02\/25Spanien-1804-scaled.jpg 2560w, https:\/\/jblanz.de\/WP\/wp-content\/uploads\/2025\/02\/25Spanien-1804-300x169.jpg 300w, https:\/\/jblanz.de\/WP\/wp-content\/uploads\/2025\/02\/25Spanien-1804-1024x576.jpg 1024w, https:\/\/jblanz.de\/WP\/wp-content\/uploads\/2025\/02\/25Spanien-1804-768x432.jpg 768w, https:\/\/jblanz.de\/WP\/wp-content\/uploads\/2025\/02\/25Spanien-1804-1536x864.jpg 1536w, https:\/\/jblanz.de\/WP\/wp-content\/uploads\/2025\/02\/25Spanien-1804-2048x1152.jpg 2048w\" sizes=\"auto, (max-width: 2560px) 100vw, 2560px\" \/><\/figure>\n<\/figure>\n\n\n\n<figure class=\"wp-block-gallery has-nested-images columns-2 is-cropped wp-block-gallery-6 is-layout-flex wp-block-gallery-is-layout-flex\">\n<figure class=\"wp-block-image size-full\"><img loading=\"lazy\" decoding=\"async\" width=\"2445\" height=\"1375\" data-id=\"26012\" src=\"https:\/\/jblanz.de\/WP\/wp-content\/uploads\/2025\/02\/25Spanien-1811.jpg\" alt=\"\" class=\"wp-image-26012\" srcset=\"https:\/\/jblanz.de\/WP\/wp-content\/uploads\/2025\/02\/25Spanien-1811.jpg 2445w, https:\/\/jblanz.de\/WP\/wp-content\/uploads\/2025\/02\/25Spanien-1811-300x169.jpg 300w, https:\/\/jblanz.de\/WP\/wp-content\/uploads\/2025\/02\/25Spanien-1811-1024x576.jpg 1024w, https:\/\/jblanz.de\/WP\/wp-content\/uploads\/2025\/02\/25Spanien-1811-768x432.jpg 768w, https:\/\/jblanz.de\/WP\/wp-content\/uploads\/2025\/02\/25Spanien-1811-1536x864.jpg 1536w, https:\/\/jblanz.de\/WP\/wp-content\/uploads\/2025\/02\/25Spanien-1811-2048x1152.jpg 2048w\" sizes=\"auto, (max-width: 2445px) 100vw, 2445px\" \/><\/figure>\n\n\n\n<figure class=\"wp-block-image size-full\"><img loading=\"lazy\" decoding=\"async\" width=\"2560\" height=\"1440\" data-id=\"26014\" src=\"https:\/\/jblanz.de\/WP\/wp-content\/uploads\/2025\/02\/25Spanien-1809-scaled.jpg\" alt=\"\" class=\"wp-image-26014\" srcset=\"https:\/\/jblanz.de\/WP\/wp-content\/uploads\/2025\/02\/25Spanien-1809-scaled.jpg 2560w, https:\/\/jblanz.de\/WP\/wp-content\/uploads\/2025\/02\/25Spanien-1809-300x169.jpg 300w, https:\/\/jblanz.de\/WP\/wp-content\/uploads\/2025\/02\/25Spanien-1809-1024x576.jpg 1024w, https:\/\/jblanz.de\/WP\/wp-content\/uploads\/2025\/02\/25Spanien-1809-768x432.jpg 768w, https:\/\/jblanz.de\/WP\/wp-content\/uploads\/2025\/02\/25Spanien-1809-1536x864.jpg 1536w, https:\/\/jblanz.de\/WP\/wp-content\/uploads\/2025\/02\/25Spanien-1809-2048x1152.jpg 2048w\" sizes=\"auto, (max-width: 2560px) 100vw, 2560px\" \/><\/figure>\n\n\n\n<figure class=\"wp-block-image size-full\"><img loading=\"lazy\" decoding=\"async\" width=\"2560\" height=\"1440\" data-id=\"26015\" src=\"https:\/\/jblanz.de\/WP\/wp-content\/uploads\/2025\/02\/25Spanien-1807-scaled.jpg\" alt=\"\" class=\"wp-image-26015\" srcset=\"https:\/\/jblanz.de\/WP\/wp-content\/uploads\/2025\/02\/25Spanien-1807-scaled.jpg 2560w, https:\/\/jblanz.de\/WP\/wp-content\/uploads\/2025\/02\/25Spanien-1807-300x169.jpg 300w, https:\/\/jblanz.de\/WP\/wp-content\/uploads\/2025\/02\/25Spanien-1807-1024x576.jpg 1024w, https:\/\/jblanz.de\/WP\/wp-content\/uploads\/2025\/02\/25Spanien-1807-768x432.jpg 768w, https:\/\/jblanz.de\/WP\/wp-content\/uploads\/2025\/02\/25Spanien-1807-1536x864.jpg 1536w, https:\/\/jblanz.de\/WP\/wp-content\/uploads\/2025\/02\/25Spanien-1807-2048x1152.jpg 2048w\" sizes=\"auto, (max-width: 2560px) 100vw, 2560px\" \/><\/figure>\n\n\n\n<figure class=\"wp-block-image size-full\"><img loading=\"lazy\" decoding=\"async\" width=\"2560\" height=\"1440\" data-id=\"26013\" src=\"https:\/\/jblanz.de\/WP\/wp-content\/uploads\/2025\/02\/25Spanien-1810-scaled.jpg\" alt=\"\" class=\"wp-image-26013\" srcset=\"https:\/\/jblanz.de\/WP\/wp-content\/uploads\/2025\/02\/25Spanien-1810-scaled.jpg 2560w, https:\/\/jblanz.de\/WP\/wp-content\/uploads\/2025\/02\/25Spanien-1810-300x169.jpg 300w, https:\/\/jblanz.de\/WP\/wp-content\/uploads\/2025\/02\/25Spanien-1810-1024x576.jpg 1024w, https:\/\/jblanz.de\/WP\/wp-content\/uploads\/2025\/02\/25Spanien-1810-768x432.jpg 768w, https:\/\/jblanz.de\/WP\/wp-content\/uploads\/2025\/02\/25Spanien-1810-1536x864.jpg 1536w, https:\/\/jblanz.de\/WP\/wp-content\/uploads\/2025\/02\/25Spanien-1810-2048x1152.jpg 2048w\" sizes=\"auto, (max-width: 2560px) 100vw, 2560px\" \/><\/figure>\n<\/figure>\n\n\n\n<p>Bald landeten wir in der Fussg\u00e4ngerzone und es war wieder Mittagessenzeit. Karin trank ein &#8222;Alhambra Radler&#8220; und a\u00df einen Rotebeete-Salat mit Ziegenk\u00e4se. Ich trank ein Bier und Secreto vom Schwein mit Champignons und Kartoffeln. Beides liess etwas W\u00fcrze vermissen. <\/p>\n\n\n\n<figure class=\"wp-block-gallery has-nested-images columns-2 is-cropped wp-block-gallery-7 is-layout-flex wp-block-gallery-is-layout-flex\">\n<figure class=\"wp-block-image size-full\"><img loading=\"lazy\" decoding=\"async\" width=\"2560\" height=\"1440\" data-id=\"25952\" src=\"https:\/\/jblanz.de\/WP\/wp-content\/uploads\/2025\/02\/25Spanien-1825-scaled.jpg\" alt=\"\" class=\"wp-image-25952\" srcset=\"https:\/\/jblanz.de\/WP\/wp-content\/uploads\/2025\/02\/25Spanien-1825-scaled.jpg 2560w, https:\/\/jblanz.de\/WP\/wp-content\/uploads\/2025\/02\/25Spanien-1825-300x169.jpg 300w, https:\/\/jblanz.de\/WP\/wp-content\/uploads\/2025\/02\/25Spanien-1825-1024x576.jpg 1024w, https:\/\/jblanz.de\/WP\/wp-content\/uploads\/2025\/02\/25Spanien-1825-768x432.jpg 768w, https:\/\/jblanz.de\/WP\/wp-content\/uploads\/2025\/02\/25Spanien-1825-1536x864.jpg 1536w, https:\/\/jblanz.de\/WP\/wp-content\/uploads\/2025\/02\/25Spanien-1825-2048x1152.jpg 2048w\" sizes=\"auto, (max-width: 2560px) 100vw, 2560px\" \/><\/figure>\n\n\n\n<figure class=\"wp-block-image size-full\"><img loading=\"lazy\" decoding=\"async\" width=\"2333\" height=\"1312\" data-id=\"25955\" src=\"https:\/\/jblanz.de\/WP\/wp-content\/uploads\/2025\/02\/25Spanien-1823.jpg\" alt=\"\" class=\"wp-image-25955\" srcset=\"https:\/\/jblanz.de\/WP\/wp-content\/uploads\/2025\/02\/25Spanien-1823.jpg 2333w, https:\/\/jblanz.de\/WP\/wp-content\/uploads\/2025\/02\/25Spanien-1823-300x169.jpg 300w, https:\/\/jblanz.de\/WP\/wp-content\/uploads\/2025\/02\/25Spanien-1823-1024x576.jpg 1024w, https:\/\/jblanz.de\/WP\/wp-content\/uploads\/2025\/02\/25Spanien-1823-768x432.jpg 768w, https:\/\/jblanz.de\/WP\/wp-content\/uploads\/2025\/02\/25Spanien-1823-1536x864.jpg 1536w, https:\/\/jblanz.de\/WP\/wp-content\/uploads\/2025\/02\/25Spanien-1823-2048x1152.jpg 2048w\" sizes=\"auto, (max-width: 2333px) 100vw, 2333px\" \/><\/figure>\n\n\n\n<figure class=\"wp-block-image size-full\"><img loading=\"lazy\" decoding=\"async\" width=\"2560\" height=\"1440\" data-id=\"25953\" src=\"https:\/\/jblanz.de\/WP\/wp-content\/uploads\/2025\/02\/25Spanien-1822-scaled.jpg\" alt=\"\" class=\"wp-image-25953\" srcset=\"https:\/\/jblanz.de\/WP\/wp-content\/uploads\/2025\/02\/25Spanien-1822-scaled.jpg 2560w, https:\/\/jblanz.de\/WP\/wp-content\/uploads\/2025\/02\/25Spanien-1822-300x169.jpg 300w, https:\/\/jblanz.de\/WP\/wp-content\/uploads\/2025\/02\/25Spanien-1822-1024x576.jpg 1024w, https:\/\/jblanz.de\/WP\/wp-content\/uploads\/2025\/02\/25Spanien-1822-768x432.jpg 768w, https:\/\/jblanz.de\/WP\/wp-content\/uploads\/2025\/02\/25Spanien-1822-1536x864.jpg 1536w, https:\/\/jblanz.de\/WP\/wp-content\/uploads\/2025\/02\/25Spanien-1822-2048x1152.jpg 2048w\" sizes=\"auto, (max-width: 2560px) 100vw, 2560px\" \/><\/figure>\n\n\n\n<figure class=\"wp-block-image size-full\"><img loading=\"lazy\" decoding=\"async\" width=\"2560\" height=\"1440\" data-id=\"25954\" src=\"https:\/\/jblanz.de\/WP\/wp-content\/uploads\/2025\/02\/25Spanien-1821-scaled.jpg\" alt=\"\" class=\"wp-image-25954\" srcset=\"https:\/\/jblanz.de\/WP\/wp-content\/uploads\/2025\/02\/25Spanien-1821-scaled.jpg 2560w, https:\/\/jblanz.de\/WP\/wp-content\/uploads\/2025\/02\/25Spanien-1821-300x169.jpg 300w, https:\/\/jblanz.de\/WP\/wp-content\/uploads\/2025\/02\/25Spanien-1821-1024x576.jpg 1024w, https:\/\/jblanz.de\/WP\/wp-content\/uploads\/2025\/02\/25Spanien-1821-768x432.jpg 768w, https:\/\/jblanz.de\/WP\/wp-content\/uploads\/2025\/02\/25Spanien-1821-1536x864.jpg 1536w, https:\/\/jblanz.de\/WP\/wp-content\/uploads\/2025\/02\/25Spanien-1821-2048x1152.jpg 2048w\" sizes=\"auto, (max-width: 2560px) 100vw, 2560px\" \/><\/figure>\n<\/figure>\n\n\n\n<p>Wir gingen noch einen Kaffee trinken und kauften im gegen\u00fcber liegenden Carrefour ein. Dann ging es die selbe Strecke zum Camping.<\/p>\n\n\n\n<figure class=\"wp-block-gallery has-nested-images columns-2 is-cropped wp-block-gallery-8 is-layout-flex wp-block-gallery-is-layout-flex\">\n<figure class=\"wp-block-image size-full\"><img loading=\"lazy\" decoding=\"async\" width=\"2560\" height=\"1440\" data-id=\"25962\" src=\"https:\/\/jblanz.de\/WP\/wp-content\/uploads\/2025\/02\/25Spanien-1813-scaled.jpg\" alt=\"\" class=\"wp-image-25962\" srcset=\"https:\/\/jblanz.de\/WP\/wp-content\/uploads\/2025\/02\/25Spanien-1813-scaled.jpg 2560w, https:\/\/jblanz.de\/WP\/wp-content\/uploads\/2025\/02\/25Spanien-1813-300x169.jpg 300w, https:\/\/jblanz.de\/WP\/wp-content\/uploads\/2025\/02\/25Spanien-1813-1024x576.jpg 1024w, https:\/\/jblanz.de\/WP\/wp-content\/uploads\/2025\/02\/25Spanien-1813-768x432.jpg 768w, https:\/\/jblanz.de\/WP\/wp-content\/uploads\/2025\/02\/25Spanien-1813-1536x864.jpg 1536w, https:\/\/jblanz.de\/WP\/wp-content\/uploads\/2025\/02\/25Spanien-1813-2048x1152.jpg 2048w\" sizes=\"auto, (max-width: 2560px) 100vw, 2560px\" \/><\/figure>\n\n\n\n<figure class=\"wp-block-image size-full\"><img loading=\"lazy\" decoding=\"async\" width=\"2560\" height=\"1440\" data-id=\"25960\" src=\"https:\/\/jblanz.de\/WP\/wp-content\/uploads\/2025\/02\/25Spanien-1814-scaled.jpg\" alt=\"\" class=\"wp-image-25960\" srcset=\"https:\/\/jblanz.de\/WP\/wp-content\/uploads\/2025\/02\/25Spanien-1814-scaled.jpg 2560w, https:\/\/jblanz.de\/WP\/wp-content\/uploads\/2025\/02\/25Spanien-1814-300x169.jpg 300w, https:\/\/jblanz.de\/WP\/wp-content\/uploads\/2025\/02\/25Spanien-1814-1024x576.jpg 1024w, https:\/\/jblanz.de\/WP\/wp-content\/uploads\/2025\/02\/25Spanien-1814-768x432.jpg 768w, https:\/\/jblanz.de\/WP\/wp-content\/uploads\/2025\/02\/25Spanien-1814-1536x864.jpg 1536w, https:\/\/jblanz.de\/WP\/wp-content\/uploads\/2025\/02\/25Spanien-1814-2048x1152.jpg 2048w\" sizes=\"auto, (max-width: 2560px) 100vw, 2560px\" \/><\/figure>\n\n\n\n<figure class=\"wp-block-image size-full\"><img loading=\"lazy\" decoding=\"async\" width=\"2560\" height=\"1440\" data-id=\"25961\" src=\"https:\/\/jblanz.de\/WP\/wp-content\/uploads\/2025\/02\/25Spanien-1819-scaled.jpg\" alt=\"\" class=\"wp-image-25961\" srcset=\"https:\/\/jblanz.de\/WP\/wp-content\/uploads\/2025\/02\/25Spanien-1819-scaled.jpg 2560w, https:\/\/jblanz.de\/WP\/wp-content\/uploads\/2025\/02\/25Spanien-1819-300x169.jpg 300w, https:\/\/jblanz.de\/WP\/wp-content\/uploads\/2025\/02\/25Spanien-1819-1024x576.jpg 1024w, https:\/\/jblanz.de\/WP\/wp-content\/uploads\/2025\/02\/25Spanien-1819-768x432.jpg 768w, https:\/\/jblanz.de\/WP\/wp-content\/uploads\/2025\/02\/25Spanien-1819-1536x864.jpg 1536w, https:\/\/jblanz.de\/WP\/wp-content\/uploads\/2025\/02\/25Spanien-1819-2048x1152.jpg 2048w\" sizes=\"auto, (max-width: 2560px) 100vw, 2560px\" \/><\/figure>\n\n\n\n<figure class=\"wp-block-image size-full\"><img loading=\"lazy\" decoding=\"async\" width=\"2560\" height=\"1440\" data-id=\"25963\" src=\"https:\/\/jblanz.de\/WP\/wp-content\/uploads\/2025\/02\/25Spanien-1815-scaled.jpg\" alt=\"\" class=\"wp-image-25963\" srcset=\"https:\/\/jblanz.de\/WP\/wp-content\/uploads\/2025\/02\/25Spanien-1815-scaled.jpg 2560w, https:\/\/jblanz.de\/WP\/wp-content\/uploads\/2025\/02\/25Spanien-1815-300x169.jpg 300w, https:\/\/jblanz.de\/WP\/wp-content\/uploads\/2025\/02\/25Spanien-1815-1024x576.jpg 1024w, https:\/\/jblanz.de\/WP\/wp-content\/uploads\/2025\/02\/25Spanien-1815-768x432.jpg 768w, https:\/\/jblanz.de\/WP\/wp-content\/uploads\/2025\/02\/25Spanien-1815-1536x864.jpg 1536w, https:\/\/jblanz.de\/WP\/wp-content\/uploads\/2025\/02\/25Spanien-1815-2048x1152.jpg 2048w\" sizes=\"auto, (max-width: 2560px) 100vw, 2560px\" \/><\/figure>\n\n\n\n<figure class=\"wp-block-image size-full\"><img loading=\"lazy\" decoding=\"async\" width=\"2560\" height=\"1440\" data-id=\"25964\" src=\"https:\/\/jblanz.de\/WP\/wp-content\/uploads\/2025\/02\/25Spanien-1818-Edit-scaled.jpg\" alt=\"\" class=\"wp-image-25964\" srcset=\"https:\/\/jblanz.de\/WP\/wp-content\/uploads\/2025\/02\/25Spanien-1818-Edit-scaled.jpg 2560w, https:\/\/jblanz.de\/WP\/wp-content\/uploads\/2025\/02\/25Spanien-1818-Edit-300x169.jpg 300w, https:\/\/jblanz.de\/WP\/wp-content\/uploads\/2025\/02\/25Spanien-1818-Edit-1024x576.jpg 1024w, https:\/\/jblanz.de\/WP\/wp-content\/uploads\/2025\/02\/25Spanien-1818-Edit-768x432.jpg 768w, https:\/\/jblanz.de\/WP\/wp-content\/uploads\/2025\/02\/25Spanien-1818-Edit-1536x864.jpg 1536w, https:\/\/jblanz.de\/WP\/wp-content\/uploads\/2025\/02\/25Spanien-1818-Edit-2048x1152.jpg 2048w\" sizes=\"auto, (max-width: 2560px) 100vw, 2560px\" \/><\/figure>\n<\/figure>\n\n\n","protected":false},"excerpt":{"rendered":"<p>Gleich nach dem Aufstehen und Duschen im privaten Badeh\u00e4uschen riefen wir Christel &amp; Gert an, die heute Geburtstag feierten. Obwohl<\/p>\n","protected":false},"author":1,"featured_media":25969,"comment_status":"open","ping_status":"open","sticky":false,"template":"","format":"standard","meta":{"colormag_page_container_layout":"default_layout","colormag_page_sidebar_layout":"default_layout","_monsterinsights_skip_tracking":false,"_monsterinsights_sitenote_active":false,"_monsterinsights_sitenote_note":"","_monsterinsights_sitenote_category":0,"footnotes":""},"categories":[269,314,315,159,268,307,197],"tags":[],"class_list":["post-25938","post","type-post","status-publish","format-standard","has-post-thumbnail","hentry","category-2020-jahr","category-314","category-2025-2020-jahr","category-europa","category-jahr","category-k-z","category-spanien"],"yoast_head":"<!-- This site is optimized with the Yoast SEO plugin v27.4 - https:\/\/yoast.com\/product\/yoast-seo-wordpress\/ -->\n<title>28. Februar 2025 - C\u00e1ceres - Reiseblog von Karin &amp; Joachim<\/title>\n<meta name=\"robots\" content=\"index, follow, max-snippet:-1, max-image-preview:large, max-video-preview:-1\" \/>\n<link rel=\"canonical\" href=\"https:\/\/jblanz.de\/WP\/28-februar-2025-caceres\/\" \/>\n<meta property=\"og:locale\" content=\"de_DE\" \/>\n<meta property=\"og:type\" content=\"article\" \/>\n<meta property=\"og:title\" content=\"28. Februar 2025 - C\u00e1ceres - Reiseblog von Karin &amp; Joachim\" \/>\n<meta property=\"og:description\" content=\"Gleich nach dem Aufstehen und Duschen im privaten Badeh\u00e4uschen riefen wir Christel &amp; Gert an, die heute Geburtstag feierten. Obwohl\" \/>\n<meta property=\"og:url\" content=\"https:\/\/jblanz.de\/WP\/28-februar-2025-caceres\/\" \/>\n<meta property=\"og:site_name\" content=\"Reiseblog von Karin &amp; Joachim\" \/>\n<meta property=\"article:published_time\" content=\"2025-02-28T15:20:51+00:00\" \/>\n<meta property=\"article:modified_time\" content=\"2025-02-28T20:33:45+00:00\" \/>\n<meta property=\"og:image\" content=\"https:\/\/jblanz.de\/WP\/wp-content\/uploads\/2025\/02\/25Spanien-1759-scaled.jpg\" \/>\n\t<meta property=\"og:image:width\" content=\"2560\" \/>\n\t<meta property=\"og:image:height\" content=\"1440\" \/>\n\t<meta property=\"og:image:type\" content=\"image\/jpeg\" \/>\n<meta name=\"author\" content=\"Achim\" \/>\n<meta name=\"twitter:card\" content=\"summary_large_image\" \/>\n<meta name=\"twitter:label1\" content=\"Verfasst von\" \/>\n\t<meta name=\"twitter:data1\" content=\"Achim\" \/>\n\t<meta name=\"twitter:label2\" content=\"Gesch\u00e4tzte Lesezeit\" \/>\n\t<meta name=\"twitter:data2\" content=\"13\u00a0Minuten\" \/>\n<script type=\"application\/ld+json\" class=\"yoast-schema-graph\">{\"@context\":\"https:\\\/\\\/schema.org\",\"@graph\":[{\"@type\":\"Article\",\"@id\":\"https:\\\/\\\/jblanz.de\\\/WP\\\/28-februar-2025-caceres\\\/#article\",\"isPartOf\":{\"@id\":\"https:\\\/\\\/jblanz.de\\\/WP\\\/28-februar-2025-caceres\\\/\"},\"author\":{\"name\":\"Achim\",\"@id\":\"https:\\\/\\\/jblanz.de\\\/WP\\\/#\\\/schema\\\/person\\\/17a70f07162e42bc0b181c22397286e0\"},\"headline\":\"28. Februar 2025 &#8211; C\u00e1ceres\",\"datePublished\":\"2025-02-28T15:20:51+00:00\",\"dateModified\":\"2025-02-28T20:33:45+00:00\",\"mainEntityOfPage\":{\"@id\":\"https:\\\/\\\/jblanz.de\\\/WP\\\/28-februar-2025-caceres\\\/\"},\"wordCount\":395,\"commentCount\":0,\"publisher\":{\"@id\":\"https:\\\/\\\/jblanz.de\\\/WP\\\/#\\\/schema\\\/person\\\/17a70f07162e42bc0b181c22397286e0\"},\"image\":{\"@id\":\"https:\\\/\\\/jblanz.de\\\/WP\\\/28-februar-2025-caceres\\\/#primaryimage\"},\"thumbnailUrl\":\"https:\\\/\\\/jblanz.de\\\/WP\\\/wp-content\\\/uploads\\\/2025\\\/02\\\/25Spanien-1759-scaled.jpg\",\"articleSection\":[\"2020+\",\"2025\",\"2025\",\"Europa\",\"Jahr\",\"K-Z\",\"Spanien\"],\"inLanguage\":\"de\",\"potentialAction\":[{\"@type\":\"CommentAction\",\"name\":\"Comment\",\"target\":[\"https:\\\/\\\/jblanz.de\\\/WP\\\/28-februar-2025-caceres\\\/#respond\"]}]},{\"@type\":\"WebPage\",\"@id\":\"https:\\\/\\\/jblanz.de\\\/WP\\\/28-februar-2025-caceres\\\/\",\"url\":\"https:\\\/\\\/jblanz.de\\\/WP\\\/28-februar-2025-caceres\\\/\",\"name\":\"28. Februar 2025 - C\u00e1ceres - Reiseblog von Karin &amp; Joachim\",\"isPartOf\":{\"@id\":\"https:\\\/\\\/jblanz.de\\\/WP\\\/#website\"},\"primaryImageOfPage\":{\"@id\":\"https:\\\/\\\/jblanz.de\\\/WP\\\/28-februar-2025-caceres\\\/#primaryimage\"},\"image\":{\"@id\":\"https:\\\/\\\/jblanz.de\\\/WP\\\/28-februar-2025-caceres\\\/#primaryimage\"},\"thumbnailUrl\":\"https:\\\/\\\/jblanz.de\\\/WP\\\/wp-content\\\/uploads\\\/2025\\\/02\\\/25Spanien-1759-scaled.jpg\",\"datePublished\":\"2025-02-28T15:20:51+00:00\",\"dateModified\":\"2025-02-28T20:33:45+00:00\",\"breadcrumb\":{\"@id\":\"https:\\\/\\\/jblanz.de\\\/WP\\\/28-februar-2025-caceres\\\/#breadcrumb\"},\"inLanguage\":\"de\",\"potentialAction\":[{\"@type\":\"ReadAction\",\"target\":[\"https:\\\/\\\/jblanz.de\\\/WP\\\/28-februar-2025-caceres\\\/\"]}]},{\"@type\":\"ImageObject\",\"inLanguage\":\"de\",\"@id\":\"https:\\\/\\\/jblanz.de\\\/WP\\\/28-februar-2025-caceres\\\/#primaryimage\",\"url\":\"https:\\\/\\\/jblanz.de\\\/WP\\\/wp-content\\\/uploads\\\/2025\\\/02\\\/25Spanien-1759-scaled.jpg\",\"contentUrl\":\"https:\\\/\\\/jblanz.de\\\/WP\\\/wp-content\\\/uploads\\\/2025\\\/02\\\/25Spanien-1759-scaled.jpg\",\"width\":2560,\"height\":1440},{\"@type\":\"BreadcrumbList\",\"@id\":\"https:\\\/\\\/jblanz.de\\\/WP\\\/28-februar-2025-caceres\\\/#breadcrumb\",\"itemListElement\":[{\"@type\":\"ListItem\",\"position\":1,\"name\":\"Startseite\",\"item\":\"https:\\\/\\\/jblanz.de\\\/WP\\\/\"},{\"@type\":\"ListItem\",\"position\":2,\"name\":\"28. Februar 2025 &#8211; C\u00e1ceres\"}]},{\"@type\":\"WebSite\",\"@id\":\"https:\\\/\\\/jblanz.de\\\/WP\\\/#website\",\"url\":\"https:\\\/\\\/jblanz.de\\\/WP\\\/\",\"name\":\"Reiseblog von Karin & Joachim\",\"description\":\"Wir schreiben den Blog f\u00fcr uns als Erinnerung - f\u00fcr euch als Inspiration\",\"publisher\":{\"@id\":\"https:\\\/\\\/jblanz.de\\\/WP\\\/#\\\/schema\\\/person\\\/17a70f07162e42bc0b181c22397286e0\"},\"potentialAction\":[{\"@type\":\"SearchAction\",\"target\":{\"@type\":\"EntryPoint\",\"urlTemplate\":\"https:\\\/\\\/jblanz.de\\\/WP\\\/?s={search_term_string}\"},\"query-input\":{\"@type\":\"PropertyValueSpecification\",\"valueRequired\":true,\"valueName\":\"search_term_string\"}}],\"inLanguage\":\"de\"},{\"@type\":[\"Person\",\"Organization\"],\"@id\":\"https:\\\/\\\/jblanz.de\\\/WP\\\/#\\\/schema\\\/person\\\/17a70f07162e42bc0b181c22397286e0\",\"name\":\"Achim\",\"image\":{\"@type\":\"ImageObject\",\"inLanguage\":\"de\",\"@id\":\"https:\\\/\\\/secure.gravatar.com\\\/avatar\\\/b7ab31bc55956af4a9bebf7fd034761212b11b803b7e39464914d6abeefb12f3?s=96&d=mm&r=g\",\"url\":\"https:\\\/\\\/secure.gravatar.com\\\/avatar\\\/b7ab31bc55956af4a9bebf7fd034761212b11b803b7e39464914d6abeefb12f3?s=96&d=mm&r=g\",\"contentUrl\":\"https:\\\/\\\/secure.gravatar.com\\\/avatar\\\/b7ab31bc55956af4a9bebf7fd034761212b11b803b7e39464914d6abeefb12f3?s=96&d=mm&r=g\",\"caption\":\"Achim\"},\"logo\":{\"@id\":\"https:\\\/\\\/secure.gravatar.com\\\/avatar\\\/b7ab31bc55956af4a9bebf7fd034761212b11b803b7e39464914d6abeefb12f3?s=96&d=mm&r=g\"},\"url\":\"https:\\\/\\\/jblanz.de\\\/WP\\\/author\\\/achim\\\/\"}]}<\/script>\n<!-- \/ Yoast SEO plugin. -->","yoast_head_json":{"title":"28. Februar 2025 - C\u00e1ceres - Reiseblog von Karin &amp; Joachim","robots":{"index":"index","follow":"follow","max-snippet":"max-snippet:-1","max-image-preview":"max-image-preview:large","max-video-preview":"max-video-preview:-1"},"canonical":"https:\/\/jblanz.de\/WP\/28-februar-2025-caceres\/","og_locale":"de_DE","og_type":"article","og_title":"28. Februar 2025 - C\u00e1ceres - Reiseblog von Karin &amp; Joachim","og_description":"Gleich nach dem Aufstehen und Duschen im privaten Badeh\u00e4uschen riefen wir Christel &amp; Gert an, die heute Geburtstag feierten. Obwohl","og_url":"https:\/\/jblanz.de\/WP\/28-februar-2025-caceres\/","og_site_name":"Reiseblog von Karin &amp; Joachim","article_published_time":"2025-02-28T15:20:51+00:00","article_modified_time":"2025-02-28T20:33:45+00:00","og_image":[{"width":2560,"height":1440,"url":"https:\/\/jblanz.de\/WP\/wp-content\/uploads\/2025\/02\/25Spanien-1759-scaled.jpg","type":"image\/jpeg"}],"author":"Achim","twitter_card":"summary_large_image","twitter_misc":{"Verfasst von":"Achim","Gesch\u00e4tzte Lesezeit":"13\u00a0Minuten"},"schema":{"@context":"https:\/\/schema.org","@graph":[{"@type":"Article","@id":"https:\/\/jblanz.de\/WP\/28-februar-2025-caceres\/#article","isPartOf":{"@id":"https:\/\/jblanz.de\/WP\/28-februar-2025-caceres\/"},"author":{"name":"Achim","@id":"https:\/\/jblanz.de\/WP\/#\/schema\/person\/17a70f07162e42bc0b181c22397286e0"},"headline":"28. Februar 2025 &#8211; C\u00e1ceres","datePublished":"2025-02-28T15:20:51+00:00","dateModified":"2025-02-28T20:33:45+00:00","mainEntityOfPage":{"@id":"https:\/\/jblanz.de\/WP\/28-februar-2025-caceres\/"},"wordCount":395,"commentCount":0,"publisher":{"@id":"https:\/\/jblanz.de\/WP\/#\/schema\/person\/17a70f07162e42bc0b181c22397286e0"},"image":{"@id":"https:\/\/jblanz.de\/WP\/28-februar-2025-caceres\/#primaryimage"},"thumbnailUrl":"https:\/\/jblanz.de\/WP\/wp-content\/uploads\/2025\/02\/25Spanien-1759-scaled.jpg","articleSection":["2020+","2025","2025","Europa","Jahr","K-Z","Spanien"],"inLanguage":"de","potentialAction":[{"@type":"CommentAction","name":"Comment","target":["https:\/\/jblanz.de\/WP\/28-februar-2025-caceres\/#respond"]}]},{"@type":"WebPage","@id":"https:\/\/jblanz.de\/WP\/28-februar-2025-caceres\/","url":"https:\/\/jblanz.de\/WP\/28-februar-2025-caceres\/","name":"28. Februar 2025 - C\u00e1ceres - Reiseblog von Karin &amp; Joachim","isPartOf":{"@id":"https:\/\/jblanz.de\/WP\/#website"},"primaryImageOfPage":{"@id":"https:\/\/jblanz.de\/WP\/28-februar-2025-caceres\/#primaryimage"},"image":{"@id":"https:\/\/jblanz.de\/WP\/28-februar-2025-caceres\/#primaryimage"},"thumbnailUrl":"https:\/\/jblanz.de\/WP\/wp-content\/uploads\/2025\/02\/25Spanien-1759-scaled.jpg","datePublished":"2025-02-28T15:20:51+00:00","dateModified":"2025-02-28T20:33:45+00:00","breadcrumb":{"@id":"https:\/\/jblanz.de\/WP\/28-februar-2025-caceres\/#breadcrumb"},"inLanguage":"de","potentialAction":[{"@type":"ReadAction","target":["https:\/\/jblanz.de\/WP\/28-februar-2025-caceres\/"]}]},{"@type":"ImageObject","inLanguage":"de","@id":"https:\/\/jblanz.de\/WP\/28-februar-2025-caceres\/#primaryimage","url":"https:\/\/jblanz.de\/WP\/wp-content\/uploads\/2025\/02\/25Spanien-1759-scaled.jpg","contentUrl":"https:\/\/jblanz.de\/WP\/wp-content\/uploads\/2025\/02\/25Spanien-1759-scaled.jpg","width":2560,"height":1440},{"@type":"BreadcrumbList","@id":"https:\/\/jblanz.de\/WP\/28-februar-2025-caceres\/#breadcrumb","itemListElement":[{"@type":"ListItem","position":1,"name":"Startseite","item":"https:\/\/jblanz.de\/WP\/"},{"@type":"ListItem","position":2,"name":"28. Februar 2025 &#8211; C\u00e1ceres"}]},{"@type":"WebSite","@id":"https:\/\/jblanz.de\/WP\/#website","url":"https:\/\/jblanz.de\/WP\/","name":"Reiseblog von Karin & Joachim","description":"Wir schreiben den Blog f\u00fcr uns als Erinnerung - f\u00fcr euch als Inspiration","publisher":{"@id":"https:\/\/jblanz.de\/WP\/#\/schema\/person\/17a70f07162e42bc0b181c22397286e0"},"potentialAction":[{"@type":"SearchAction","target":{"@type":"EntryPoint","urlTemplate":"https:\/\/jblanz.de\/WP\/?s={search_term_string}"},"query-input":{"@type":"PropertyValueSpecification","valueRequired":true,"valueName":"search_term_string"}}],"inLanguage":"de"},{"@type":["Person","Organization"],"@id":"https:\/\/jblanz.de\/WP\/#\/schema\/person\/17a70f07162e42bc0b181c22397286e0","name":"Achim","image":{"@type":"ImageObject","inLanguage":"de","@id":"https:\/\/secure.gravatar.com\/avatar\/b7ab31bc55956af4a9bebf7fd034761212b11b803b7e39464914d6abeefb12f3?s=96&d=mm&r=g","url":"https:\/\/secure.gravatar.com\/avatar\/b7ab31bc55956af4a9bebf7fd034761212b11b803b7e39464914d6abeefb12f3?s=96&d=mm&r=g","contentUrl":"https:\/\/secure.gravatar.com\/avatar\/b7ab31bc55956af4a9bebf7fd034761212b11b803b7e39464914d6abeefb12f3?s=96&d=mm&r=g","caption":"Achim"},"logo":{"@id":"https:\/\/secure.gravatar.com\/avatar\/b7ab31bc55956af4a9bebf7fd034761212b11b803b7e39464914d6abeefb12f3?s=96&d=mm&r=g"},"url":"https:\/\/jblanz.de\/WP\/author\/achim\/"}]}},"_links":{"self":[{"href":"https:\/\/jblanz.de\/WP\/wp-json\/wp\/v2\/posts\/25938","targetHints":{"allow":["GET"]}}],"collection":[{"href":"https:\/\/jblanz.de\/WP\/wp-json\/wp\/v2\/posts"}],"about":[{"href":"https:\/\/jblanz.de\/WP\/wp-json\/wp\/v2\/types\/post"}],"author":[{"embeddable":true,"href":"https:\/\/jblanz.de\/WP\/wp-json\/wp\/v2\/users\/1"}],"replies":[{"embeddable":true,"href":"https:\/\/jblanz.de\/WP\/wp-json\/wp\/v2\/comments?post=25938"}],"version-history":[{"count":0,"href":"https:\/\/jblanz.de\/WP\/wp-json\/wp\/v2\/posts\/25938\/revisions"}],"wp:featuredmedia":[{"embeddable":true,"href":"https:\/\/jblanz.de\/WP\/wp-json\/wp\/v2\/media\/25969"}],"wp:attachment":[{"href":"https:\/\/jblanz.de\/WP\/wp-json\/wp\/v2\/media?parent=25938"}],"wp:term":[{"taxonomy":"category","embeddable":true,"href":"https:\/\/jblanz.de\/WP\/wp-json\/wp\/v2\/categories?post=25938"},{"taxonomy":"post_tag","embeddable":true,"href":"https:\/\/jblanz.de\/WP\/wp-json\/wp\/v2\/tags?post=25938"}],"curies":[{"name":"wp","href":"https:\/\/api.w.org\/{rel}","templated":true}]}}