{"id":26366,"date":"2025-03-04T20:28:25","date_gmt":"2025-03-04T19:28:25","guid":{"rendered":"https:\/\/jblanz.de\/WP\/?p=26366"},"modified":"2025-03-05T08:33:35","modified_gmt":"2025-03-05T07:33:35","slug":"04-maerz-2025-mertola-mina-de-sao-domingos-nirwana","status":"publish","type":"post","link":"https:\/\/jblanz.de\/WP\/04-maerz-2025-mertola-mina-de-sao-domingos-nirwana\/","title":{"rendered":"04. M\u00e4rz 2025 &#8211; M\u00e9rtola &amp; Mina de S\u00e3o Domingos &amp; Nirwana in Spanien"},"content":{"rendered":"\n<p>Am Vorabend wollten wir noch zeigen, wie es aussieht, wenn Karin ihr Bett im Hochdach macht.<\/p>\n\n\n\n<figure class=\"wp-block-gallery has-nested-images columns-default is-cropped wp-block-gallery-2 is-layout-flex wp-block-gallery-is-layout-flex\">\n<figure class=\"wp-block-image size-full\"><img loading=\"lazy\" decoding=\"async\" width=\"2560\" height=\"1440\" data-id=\"26400\" src=\"https:\/\/jblanz.de\/WP\/wp-content\/uploads\/2025\/03\/25Spanien-2108-scaled.jpg\" alt=\"\" class=\"wp-image-26400\" srcset=\"https:\/\/jblanz.de\/WP\/wp-content\/uploads\/2025\/03\/25Spanien-2108-scaled.jpg 2560w, https:\/\/jblanz.de\/WP\/wp-content\/uploads\/2025\/03\/25Spanien-2108-300x169.jpg 300w, https:\/\/jblanz.de\/WP\/wp-content\/uploads\/2025\/03\/25Spanien-2108-1024x576.jpg 1024w, https:\/\/jblanz.de\/WP\/wp-content\/uploads\/2025\/03\/25Spanien-2108-768x432.jpg 768w, https:\/\/jblanz.de\/WP\/wp-content\/uploads\/2025\/03\/25Spanien-2108-1536x864.jpg 1536w, https:\/\/jblanz.de\/WP\/wp-content\/uploads\/2025\/03\/25Spanien-2108-2048x1152.jpg 2048w\" sizes=\"auto, (max-width: 2560px) 100vw, 2560px\" \/><\/figure>\n\n\n\n<figure class=\"wp-block-image size-full\"><img loading=\"lazy\" decoding=\"async\" width=\"2560\" height=\"1440\" data-id=\"26401\" src=\"https:\/\/jblanz.de\/WP\/wp-content\/uploads\/2025\/03\/25Spanien-2111-scaled.jpg\" alt=\"\" class=\"wp-image-26401\" srcset=\"https:\/\/jblanz.de\/WP\/wp-content\/uploads\/2025\/03\/25Spanien-2111-scaled.jpg 2560w, https:\/\/jblanz.de\/WP\/wp-content\/uploads\/2025\/03\/25Spanien-2111-300x169.jpg 300w, https:\/\/jblanz.de\/WP\/wp-content\/uploads\/2025\/03\/25Spanien-2111-1024x576.jpg 1024w, https:\/\/jblanz.de\/WP\/wp-content\/uploads\/2025\/03\/25Spanien-2111-768x432.jpg 768w, https:\/\/jblanz.de\/WP\/wp-content\/uploads\/2025\/03\/25Spanien-2111-1536x864.jpg 1536w, https:\/\/jblanz.de\/WP\/wp-content\/uploads\/2025\/03\/25Spanien-2111-2048x1152.jpg 2048w\" sizes=\"auto, (max-width: 2560px) 100vw, 2560px\" \/><\/figure>\n<\/figure>\n\n\n\n<p>Morgens gingen immer wieder Paddler mit ihren Kayaks am Bus vorbei. Sie wurden mit dem Auto flussabw\u00e4rts gefahren und kamen gegen 12 Uhr wieder angepaddelt. Der Rio Guadiana ist ein Fluss, der sehr wenig Gef\u00e4lle hat. Da er ins Meer m\u00fcndet, kann man die Gezeiten am Meer im Fluss sp\u00fcren. Bei Flut fliesst das Wasser Richtung Inland, bei Ebbe Richtung Meer. Die Paddler nutzten diese Str\u00f6mung.<\/p>\n\n\n\n<p>Wir besichtigten M\u00e9rtola, d.h. wir gingen erst die Treppen und dann den Berg hoch, bis wir an der Burg ankamen. Nach der Besichtigung der Kirche, kurz vor der Burg, und des kleinen Museums der Kirche, gingen wir zur Burg hinauf. Neben der Burg fanden gerade Ausgrabungen statt. Insgesamt ist M\u00e9rtola zwar sch\u00f6n, aber auch recht klein. Nach etwas mehr als einer Stunde kamen wir an der Touristeninformation vorbei. Wir fragten, ob sie uns Tipps geben k\u00f6nnte f\u00fcr Vogelbeobachtungstellen. Sie zog sofort einen Prospekt hervor, zeigte uns die Stellen und wie man hinkommt. Perfekte Beratung.<\/p>\n\n\n\n<figure class=\"wp-block-gallery has-nested-images columns-2 is-cropped wp-block-gallery-3 is-layout-flex wp-block-gallery-is-layout-flex\">\n<figure class=\"wp-block-image size-full\"><img loading=\"lazy\" decoding=\"async\" width=\"2560\" height=\"1440\" data-id=\"26409\" src=\"https:\/\/jblanz.de\/WP\/wp-content\/uploads\/2025\/03\/25Spanien-2115-scaled.jpg\" alt=\"\" class=\"wp-image-26409\" srcset=\"https:\/\/jblanz.de\/WP\/wp-content\/uploads\/2025\/03\/25Spanien-2115-scaled.jpg 2560w, https:\/\/jblanz.de\/WP\/wp-content\/uploads\/2025\/03\/25Spanien-2115-300x169.jpg 300w, https:\/\/jblanz.de\/WP\/wp-content\/uploads\/2025\/03\/25Spanien-2115-1024x576.jpg 1024w, https:\/\/jblanz.de\/WP\/wp-content\/uploads\/2025\/03\/25Spanien-2115-768x432.jpg 768w, https:\/\/jblanz.de\/WP\/wp-content\/uploads\/2025\/03\/25Spanien-2115-1536x864.jpg 1536w, https:\/\/jblanz.de\/WP\/wp-content\/uploads\/2025\/03\/25Spanien-2115-2048x1152.jpg 2048w\" sizes=\"auto, (max-width: 2560px) 100vw, 2560px\" \/><\/figure>\n\n\n\n<figure class=\"wp-block-image size-full\"><img loading=\"lazy\" decoding=\"async\" width=\"2560\" height=\"1440\" data-id=\"26407\" src=\"https:\/\/jblanz.de\/WP\/wp-content\/uploads\/2025\/03\/25Spanien-2119-1-scaled.jpg\" alt=\"\" class=\"wp-image-26407\" srcset=\"https:\/\/jblanz.de\/WP\/wp-content\/uploads\/2025\/03\/25Spanien-2119-1-scaled.jpg 2560w, https:\/\/jblanz.de\/WP\/wp-content\/uploads\/2025\/03\/25Spanien-2119-1-300x169.jpg 300w, https:\/\/jblanz.de\/WP\/wp-content\/uploads\/2025\/03\/25Spanien-2119-1-1024x576.jpg 1024w, https:\/\/jblanz.de\/WP\/wp-content\/uploads\/2025\/03\/25Spanien-2119-1-768x432.jpg 768w, https:\/\/jblanz.de\/WP\/wp-content\/uploads\/2025\/03\/25Spanien-2119-1-1536x864.jpg 1536w, https:\/\/jblanz.de\/WP\/wp-content\/uploads\/2025\/03\/25Spanien-2119-1-2048x1152.jpg 2048w\" sizes=\"auto, (max-width: 2560px) 100vw, 2560px\" \/><\/figure>\n\n\n\n<figure class=\"wp-block-image size-full\"><img loading=\"lazy\" decoding=\"async\" width=\"2560\" height=\"1440\" data-id=\"26410\" src=\"https:\/\/jblanz.de\/WP\/wp-content\/uploads\/2025\/03\/25Spanien-2123-1-scaled.jpg\" alt=\"\" class=\"wp-image-26410\" srcset=\"https:\/\/jblanz.de\/WP\/wp-content\/uploads\/2025\/03\/25Spanien-2123-1-scaled.jpg 2560w, https:\/\/jblanz.de\/WP\/wp-content\/uploads\/2025\/03\/25Spanien-2123-1-300x169.jpg 300w, https:\/\/jblanz.de\/WP\/wp-content\/uploads\/2025\/03\/25Spanien-2123-1-1024x576.jpg 1024w, https:\/\/jblanz.de\/WP\/wp-content\/uploads\/2025\/03\/25Spanien-2123-1-768x432.jpg 768w, https:\/\/jblanz.de\/WP\/wp-content\/uploads\/2025\/03\/25Spanien-2123-1-1536x864.jpg 1536w, https:\/\/jblanz.de\/WP\/wp-content\/uploads\/2025\/03\/25Spanien-2123-1-2048x1152.jpg 2048w\" sizes=\"auto, (max-width: 2560px) 100vw, 2560px\" \/><\/figure>\n\n\n\n<figure class=\"wp-block-image size-full\"><img loading=\"lazy\" decoding=\"async\" width=\"2560\" height=\"1440\" data-id=\"26408\" src=\"https:\/\/jblanz.de\/WP\/wp-content\/uploads\/2025\/03\/25Spanien-2124-1-scaled.jpg\" alt=\"\" class=\"wp-image-26408\" srcset=\"https:\/\/jblanz.de\/WP\/wp-content\/uploads\/2025\/03\/25Spanien-2124-1-scaled.jpg 2560w, https:\/\/jblanz.de\/WP\/wp-content\/uploads\/2025\/03\/25Spanien-2124-1-300x169.jpg 300w, https:\/\/jblanz.de\/WP\/wp-content\/uploads\/2025\/03\/25Spanien-2124-1-1024x576.jpg 1024w, https:\/\/jblanz.de\/WP\/wp-content\/uploads\/2025\/03\/25Spanien-2124-1-768x432.jpg 768w, https:\/\/jblanz.de\/WP\/wp-content\/uploads\/2025\/03\/25Spanien-2124-1-1536x864.jpg 1536w, https:\/\/jblanz.de\/WP\/wp-content\/uploads\/2025\/03\/25Spanien-2124-1-2048x1152.jpg 2048w\" sizes=\"auto, (max-width: 2560px) 100vw, 2560px\" \/><\/figure>\n<\/figure>\n\n\n\n<p>Es fing an zu regnen, als wir losfuhren. Wir fuhren 20 km nach Mina de S\u00e3o Domingos, dem gr\u00f6ssten Bergbaugebiet Portugals. Trotz Informationsschildern fuhren wir immer im Kreis und fanden den Weg zur Mine einfach nicht. Von oben hatten wir immerhin einen sch\u00f6nen Blick auf den Krater der Mine.<\/p>\n\n\n\n<figure class=\"wp-block-image aligncenter size-full\"><img loading=\"lazy\" decoding=\"async\" width=\"2560\" height=\"562\" src=\"https:\/\/jblanz.de\/WP\/wp-content\/uploads\/2025\/03\/25Spanien-2125-Pano-Edit-scaled.jpg\" alt=\"\" class=\"wp-image-26378\" srcset=\"https:\/\/jblanz.de\/WP\/wp-content\/uploads\/2025\/03\/25Spanien-2125-Pano-Edit-scaled.jpg 2560w, https:\/\/jblanz.de\/WP\/wp-content\/uploads\/2025\/03\/25Spanien-2125-Pano-Edit-300x66.jpg 300w, https:\/\/jblanz.de\/WP\/wp-content\/uploads\/2025\/03\/25Spanien-2125-Pano-Edit-1024x225.jpg 1024w, https:\/\/jblanz.de\/WP\/wp-content\/uploads\/2025\/03\/25Spanien-2125-Pano-Edit-768x169.jpg 768w, https:\/\/jblanz.de\/WP\/wp-content\/uploads\/2025\/03\/25Spanien-2125-Pano-Edit-1536x337.jpg 1536w, https:\/\/jblanz.de\/WP\/wp-content\/uploads\/2025\/03\/25Spanien-2125-Pano-Edit-2048x450.jpg 2048w\" sizes=\"auto, (max-width: 2560px) 100vw, 2560px\" \/><\/figure>\n\n\n\n<p>Da gerade Essenszeit war, entschlossen wir uns erst mal in der &#8222;Casa de Pasto A Taberna&#8220; am Ort einzukehren. Wir verstanden nichts auf der Speisekarte, die handgeschrieben war. Also bestellten wir einfach das erste Gericht f\u00fcr Karin und das 3. Gericht f\u00fcr mich, vegetarisch war heute nicht drin. Auf der Rechnung konnten wir dann die Namen der Gerichte lesen &#8211; Karin a\u00df Cozido de Gr\u00e3o a Alentejana und ich hatte Vitela a Estufada. Beides kostete jeweols 7 \u20ac. Cozido de Gr\u00e3o a Alentejana (Getreideeintopf nach Alentejo-Art) war eine Suppe aus Brot und Kichererbsen in einer Fleischbr\u00fche und in einem 2. Teller kam noch Kichererbsen mit verschiedenen sehr fettigen Fleischst\u00fcckchen dazu. Vitela a Estufada war geschmortes Kalbfleisch mit Reis und Pommes frites. Zusammen mit dem 1\/2 l Vino de Casa f\u00fcr 3,50 \u20ac schmeckte das alles ganz lecker. Und zum Schluss noch einen Karameleierstich als Sobremesa = Nachtisch zum Espresso.<\/p>\n\n\n\n<figure class=\"wp-block-gallery has-nested-images columns-2 is-cropped wp-block-gallery-4 is-layout-flex wp-block-gallery-is-layout-flex\">\n<figure class=\"wp-block-image size-full\"><img loading=\"lazy\" decoding=\"async\" width=\"2560\" height=\"1440\" data-id=\"26386\" src=\"https:\/\/jblanz.de\/WP\/wp-content\/uploads\/2025\/03\/25Spanien-2179-scaled.jpg\" alt=\"\" class=\"wp-image-26386\" srcset=\"https:\/\/jblanz.de\/WP\/wp-content\/uploads\/2025\/03\/25Spanien-2179-scaled.jpg 2560w, https:\/\/jblanz.de\/WP\/wp-content\/uploads\/2025\/03\/25Spanien-2179-300x169.jpg 300w, https:\/\/jblanz.de\/WP\/wp-content\/uploads\/2025\/03\/25Spanien-2179-1024x576.jpg 1024w, https:\/\/jblanz.de\/WP\/wp-content\/uploads\/2025\/03\/25Spanien-2179-768x432.jpg 768w, https:\/\/jblanz.de\/WP\/wp-content\/uploads\/2025\/03\/25Spanien-2179-1536x864.jpg 1536w, https:\/\/jblanz.de\/WP\/wp-content\/uploads\/2025\/03\/25Spanien-2179-2048x1152.jpg 2048w\" sizes=\"auto, (max-width: 2560px) 100vw, 2560px\" \/><\/figure>\n\n\n\n<figure class=\"wp-block-image size-full\"><img loading=\"lazy\" decoding=\"async\" width=\"2560\" height=\"1440\" data-id=\"26382\" src=\"https:\/\/jblanz.de\/WP\/wp-content\/uploads\/2025\/03\/25Spanien-2139-scaled.jpg\" alt=\"\" class=\"wp-image-26382\" srcset=\"https:\/\/jblanz.de\/WP\/wp-content\/uploads\/2025\/03\/25Spanien-2139-scaled.jpg 2560w, https:\/\/jblanz.de\/WP\/wp-content\/uploads\/2025\/03\/25Spanien-2139-300x169.jpg 300w, https:\/\/jblanz.de\/WP\/wp-content\/uploads\/2025\/03\/25Spanien-2139-1024x576.jpg 1024w, https:\/\/jblanz.de\/WP\/wp-content\/uploads\/2025\/03\/25Spanien-2139-768x432.jpg 768w, https:\/\/jblanz.de\/WP\/wp-content\/uploads\/2025\/03\/25Spanien-2139-1536x864.jpg 1536w, https:\/\/jblanz.de\/WP\/wp-content\/uploads\/2025\/03\/25Spanien-2139-2048x1152.jpg 2048w\" sizes=\"auto, (max-width: 2560px) 100vw, 2560px\" \/><\/figure>\n\n\n\n<figure class=\"wp-block-image size-full\"><img loading=\"lazy\" decoding=\"async\" width=\"2560\" height=\"1440\" data-id=\"26384\" src=\"https:\/\/jblanz.de\/WP\/wp-content\/uploads\/2025\/03\/25Spanien-2141-scaled.jpg\" alt=\"\" class=\"wp-image-26384\" srcset=\"https:\/\/jblanz.de\/WP\/wp-content\/uploads\/2025\/03\/25Spanien-2141-scaled.jpg 2560w, https:\/\/jblanz.de\/WP\/wp-content\/uploads\/2025\/03\/25Spanien-2141-300x169.jpg 300w, https:\/\/jblanz.de\/WP\/wp-content\/uploads\/2025\/03\/25Spanien-2141-1024x576.jpg 1024w, https:\/\/jblanz.de\/WP\/wp-content\/uploads\/2025\/03\/25Spanien-2141-768x432.jpg 768w, https:\/\/jblanz.de\/WP\/wp-content\/uploads\/2025\/03\/25Spanien-2141-1536x864.jpg 1536w, https:\/\/jblanz.de\/WP\/wp-content\/uploads\/2025\/03\/25Spanien-2141-2048x1152.jpg 2048w\" sizes=\"auto, (max-width: 2560px) 100vw, 2560px\" \/><\/figure>\n\n\n\n<figure class=\"wp-block-image size-full\"><img loading=\"lazy\" decoding=\"async\" width=\"2560\" height=\"1440\" data-id=\"26380\" src=\"https:\/\/jblanz.de\/WP\/wp-content\/uploads\/2025\/03\/25Spanien-2143-scaled.jpg\" alt=\"\" class=\"wp-image-26380\" srcset=\"https:\/\/jblanz.de\/WP\/wp-content\/uploads\/2025\/03\/25Spanien-2143-scaled.jpg 2560w, https:\/\/jblanz.de\/WP\/wp-content\/uploads\/2025\/03\/25Spanien-2143-300x169.jpg 300w, https:\/\/jblanz.de\/WP\/wp-content\/uploads\/2025\/03\/25Spanien-2143-1024x576.jpg 1024w, https:\/\/jblanz.de\/WP\/wp-content\/uploads\/2025\/03\/25Spanien-2143-768x432.jpg 768w, https:\/\/jblanz.de\/WP\/wp-content\/uploads\/2025\/03\/25Spanien-2143-1536x864.jpg 1536w, https:\/\/jblanz.de\/WP\/wp-content\/uploads\/2025\/03\/25Spanien-2143-2048x1152.jpg 2048w\" sizes=\"auto, (max-width: 2560px) 100vw, 2560px\" \/><\/figure>\n\n\n\n<figure class=\"wp-block-image size-full\"><img loading=\"lazy\" decoding=\"async\" width=\"1167\" height=\"656\" data-id=\"26381\" src=\"https:\/\/jblanz.de\/WP\/wp-content\/uploads\/2025\/03\/25Spanien-2144.jpg\" alt=\"\" class=\"wp-image-26381\" srcset=\"https:\/\/jblanz.de\/WP\/wp-content\/uploads\/2025\/03\/25Spanien-2144.jpg 1167w, https:\/\/jblanz.de\/WP\/wp-content\/uploads\/2025\/03\/25Spanien-2144-300x169.jpg 300w, https:\/\/jblanz.de\/WP\/wp-content\/uploads\/2025\/03\/25Spanien-2144-1024x576.jpg 1024w, https:\/\/jblanz.de\/WP\/wp-content\/uploads\/2025\/03\/25Spanien-2144-768x432.jpg 768w\" sizes=\"auto, (max-width: 1167px) 100vw, 1167px\" \/><\/figure>\n\n\n\n<figure class=\"wp-block-image size-full\"><img loading=\"lazy\" decoding=\"async\" width=\"2560\" height=\"1440\" data-id=\"26383\" src=\"https:\/\/jblanz.de\/WP\/wp-content\/uploads\/2025\/03\/25Spanien-2147-scaled.jpg\" alt=\"\" class=\"wp-image-26383\" srcset=\"https:\/\/jblanz.de\/WP\/wp-content\/uploads\/2025\/03\/25Spanien-2147-scaled.jpg 2560w, https:\/\/jblanz.de\/WP\/wp-content\/uploads\/2025\/03\/25Spanien-2147-300x169.jpg 300w, https:\/\/jblanz.de\/WP\/wp-content\/uploads\/2025\/03\/25Spanien-2147-1024x576.jpg 1024w, https:\/\/jblanz.de\/WP\/wp-content\/uploads\/2025\/03\/25Spanien-2147-768x432.jpg 768w, https:\/\/jblanz.de\/WP\/wp-content\/uploads\/2025\/03\/25Spanien-2147-1536x864.jpg 1536w, https:\/\/jblanz.de\/WP\/wp-content\/uploads\/2025\/03\/25Spanien-2147-2048x1152.jpg 2048w\" sizes=\"auto, (max-width: 2560px) 100vw, 2560px\" \/><\/figure>\n<\/figure>\n\n\n\n<p>Frisch gest\u00e4rkt gingen wir den Berg runter zur Mine. Auf halber H\u00f6he begr\u00fcsste uns ein \u00e4lterer Herr mit &#8222;Guten Tag&#8220;. Als ich fragte, woher er deutsch kann, erkl\u00e4rte er, dass er Deutscher ist und nur den Winter \u00fcber in M\u00e9rtola lebt. Sein Vater war Bergmann in Deutschland und deshalb zieht es ihn immer mal wieder zu dieser Mine. Unsere Wege trennten sich, als er nach links und wir den rechten Weg nehmen wollten. Er wollte wohl nur mal wieder deutsch sprechen. <\/p>\n\n\n\n<p>Die letzte Bergbauperiode im Ort begann im Jahre 1858 mit der industriellen Ausbeutung der Lagerst\u00e4tte durch die Firma Manson and Barry, die die <em>Sabina Mining Company<\/em> gr\u00fcndete. Sie betrieb das Bergwerk bis zur Schlie\u00dfung im Jahre 1966. 25 Millionen Tonnen Erz wurden hier abgebaut und per Eisenbahn zum Hafen Pomar\u00e3o gebracht. Der See in der Mine ist stark sauer und mit Eisen und Kupfer kontaminiert, <strong>erste<\/strong> Sanierungsmassnahmen begannen 2017. <\/p>\n\n\n\n<figure class=\"wp-block-gallery has-nested-images columns-2 is-cropped wp-block-gallery-5 is-layout-flex wp-block-gallery-is-layout-flex\">\n<figure class=\"wp-block-image size-large\"><img loading=\"lazy\" decoding=\"async\" width=\"1024\" height=\"576\" data-id=\"26421\" src=\"https:\/\/jblanz.de\/WP\/wp-content\/uploads\/2025\/03\/25Spanien-2170-1024x576.jpg\" alt=\"\" class=\"wp-image-26421\" srcset=\"https:\/\/jblanz.de\/WP\/wp-content\/uploads\/2025\/03\/25Spanien-2170-1024x576.jpg 1024w, https:\/\/jblanz.de\/WP\/wp-content\/uploads\/2025\/03\/25Spanien-2170-300x169.jpg 300w, https:\/\/jblanz.de\/WP\/wp-content\/uploads\/2025\/03\/25Spanien-2170-768x432.jpg 768w, https:\/\/jblanz.de\/WP\/wp-content\/uploads\/2025\/03\/25Spanien-2170-1536x864.jpg 1536w, https:\/\/jblanz.de\/WP\/wp-content\/uploads\/2025\/03\/25Spanien-2170-2048x1152.jpg 2048w\" sizes=\"auto, (max-width: 1024px) 100vw, 1024px\" \/><\/figure>\n\n\n\n<figure class=\"wp-block-image size-large\"><img loading=\"lazy\" decoding=\"async\" width=\"1024\" height=\"576\" data-id=\"26423\" src=\"https:\/\/jblanz.de\/WP\/wp-content\/uploads\/2025\/03\/25Spanien-2138-1024x576.jpg\" alt=\"\" class=\"wp-image-26423\" srcset=\"https:\/\/jblanz.de\/WP\/wp-content\/uploads\/2025\/03\/25Spanien-2138-1024x576.jpg 1024w, https:\/\/jblanz.de\/WP\/wp-content\/uploads\/2025\/03\/25Spanien-2138-300x169.jpg 300w, https:\/\/jblanz.de\/WP\/wp-content\/uploads\/2025\/03\/25Spanien-2138-768x432.jpg 768w, https:\/\/jblanz.de\/WP\/wp-content\/uploads\/2025\/03\/25Spanien-2138-1536x864.jpg 1536w, https:\/\/jblanz.de\/WP\/wp-content\/uploads\/2025\/03\/25Spanien-2138-2048x1152.jpg 2048w\" sizes=\"auto, (max-width: 1024px) 100vw, 1024px\" \/><\/figure>\n\n\n\n<figure class=\"wp-block-image size-large\"><img loading=\"lazy\" decoding=\"async\" width=\"1024\" height=\"576\" data-id=\"26430\" src=\"https:\/\/jblanz.de\/WP\/wp-content\/uploads\/2025\/03\/25Spanien-2150-1024x576.jpg\" alt=\"\" class=\"wp-image-26430\" srcset=\"https:\/\/jblanz.de\/WP\/wp-content\/uploads\/2025\/03\/25Spanien-2150-1024x576.jpg 1024w, https:\/\/jblanz.de\/WP\/wp-content\/uploads\/2025\/03\/25Spanien-2150-300x169.jpg 300w, https:\/\/jblanz.de\/WP\/wp-content\/uploads\/2025\/03\/25Spanien-2150-768x432.jpg 768w, https:\/\/jblanz.de\/WP\/wp-content\/uploads\/2025\/03\/25Spanien-2150-1536x864.jpg 1536w, https:\/\/jblanz.de\/WP\/wp-content\/uploads\/2025\/03\/25Spanien-2150-2048x1152.jpg 2048w\" sizes=\"auto, (max-width: 1024px) 100vw, 1024px\" \/><\/figure>\n\n\n\n<figure class=\"wp-block-image size-large\"><img loading=\"lazy\" decoding=\"async\" width=\"1024\" height=\"576\" data-id=\"26429\" src=\"https:\/\/jblanz.de\/WP\/wp-content\/uploads\/2025\/03\/25Spanien-2153-1024x576.jpg\" alt=\"\" class=\"wp-image-26429\" srcset=\"https:\/\/jblanz.de\/WP\/wp-content\/uploads\/2025\/03\/25Spanien-2153-1024x576.jpg 1024w, https:\/\/jblanz.de\/WP\/wp-content\/uploads\/2025\/03\/25Spanien-2153-300x169.jpg 300w, https:\/\/jblanz.de\/WP\/wp-content\/uploads\/2025\/03\/25Spanien-2153-768x432.jpg 768w, https:\/\/jblanz.de\/WP\/wp-content\/uploads\/2025\/03\/25Spanien-2153-1536x864.jpg 1536w, https:\/\/jblanz.de\/WP\/wp-content\/uploads\/2025\/03\/25Spanien-2153-2048x1152.jpg 2048w\" sizes=\"auto, (max-width: 1024px) 100vw, 1024px\" \/><\/figure>\n\n\n\n<figure class=\"wp-block-image size-large\"><img loading=\"lazy\" decoding=\"async\" width=\"1024\" height=\"576\" data-id=\"26424\" src=\"https:\/\/jblanz.de\/WP\/wp-content\/uploads\/2025\/03\/25Spanien-2154-1024x576.jpg\" alt=\"\" class=\"wp-image-26424\" srcset=\"https:\/\/jblanz.de\/WP\/wp-content\/uploads\/2025\/03\/25Spanien-2154-1024x576.jpg 1024w, https:\/\/jblanz.de\/WP\/wp-content\/uploads\/2025\/03\/25Spanien-2154-300x169.jpg 300w, https:\/\/jblanz.de\/WP\/wp-content\/uploads\/2025\/03\/25Spanien-2154-768x432.jpg 768w, https:\/\/jblanz.de\/WP\/wp-content\/uploads\/2025\/03\/25Spanien-2154-1536x864.jpg 1536w, https:\/\/jblanz.de\/WP\/wp-content\/uploads\/2025\/03\/25Spanien-2154-2048x1152.jpg 2048w\" sizes=\"auto, (max-width: 1024px) 100vw, 1024px\" \/><\/figure>\n\n\n\n<figure class=\"wp-block-image size-large\"><img loading=\"lazy\" decoding=\"async\" width=\"1024\" height=\"576\" data-id=\"26432\" src=\"https:\/\/jblanz.de\/WP\/wp-content\/uploads\/2025\/03\/25Spanien-2156-1024x576.jpg\" alt=\"\" class=\"wp-image-26432\" srcset=\"https:\/\/jblanz.de\/WP\/wp-content\/uploads\/2025\/03\/25Spanien-2156-1024x576.jpg 1024w, https:\/\/jblanz.de\/WP\/wp-content\/uploads\/2025\/03\/25Spanien-2156-300x169.jpg 300w, https:\/\/jblanz.de\/WP\/wp-content\/uploads\/2025\/03\/25Spanien-2156-768x432.jpg 768w, https:\/\/jblanz.de\/WP\/wp-content\/uploads\/2025\/03\/25Spanien-2156-1536x864.jpg 1536w, https:\/\/jblanz.de\/WP\/wp-content\/uploads\/2025\/03\/25Spanien-2156-2048x1152.jpg 2048w\" sizes=\"auto, (max-width: 1024px) 100vw, 1024px\" \/><\/figure>\n\n\n\n<figure class=\"wp-block-image size-large\"><img loading=\"lazy\" decoding=\"async\" width=\"1024\" height=\"576\" data-id=\"26428\" src=\"https:\/\/jblanz.de\/WP\/wp-content\/uploads\/2025\/03\/25Spanien-2157-1024x576.jpg\" alt=\"\" class=\"wp-image-26428\" srcset=\"https:\/\/jblanz.de\/WP\/wp-content\/uploads\/2025\/03\/25Spanien-2157-1024x576.jpg 1024w, https:\/\/jblanz.de\/WP\/wp-content\/uploads\/2025\/03\/25Spanien-2157-300x169.jpg 300w, https:\/\/jblanz.de\/WP\/wp-content\/uploads\/2025\/03\/25Spanien-2157-768x432.jpg 768w, https:\/\/jblanz.de\/WP\/wp-content\/uploads\/2025\/03\/25Spanien-2157-1536x864.jpg 1536w, https:\/\/jblanz.de\/WP\/wp-content\/uploads\/2025\/03\/25Spanien-2157-2048x1152.jpg 2048w\" sizes=\"auto, (max-width: 1024px) 100vw, 1024px\" \/><\/figure>\n\n\n\n<figure class=\"wp-block-image size-large\"><img loading=\"lazy\" decoding=\"async\" width=\"1024\" height=\"576\" data-id=\"26426\" src=\"https:\/\/jblanz.de\/WP\/wp-content\/uploads\/2025\/03\/25Spanien-2161-1024x576.jpg\" alt=\"\" class=\"wp-image-26426\" srcset=\"https:\/\/jblanz.de\/WP\/wp-content\/uploads\/2025\/03\/25Spanien-2161-1024x576.jpg 1024w, https:\/\/jblanz.de\/WP\/wp-content\/uploads\/2025\/03\/25Spanien-2161-300x169.jpg 300w, https:\/\/jblanz.de\/WP\/wp-content\/uploads\/2025\/03\/25Spanien-2161-768x432.jpg 768w, https:\/\/jblanz.de\/WP\/wp-content\/uploads\/2025\/03\/25Spanien-2161-1536x864.jpg 1536w, https:\/\/jblanz.de\/WP\/wp-content\/uploads\/2025\/03\/25Spanien-2161-2048x1152.jpg 2048w\" sizes=\"auto, (max-width: 1024px) 100vw, 1024px\" \/><\/figure>\n\n\n\n<figure class=\"wp-block-image size-large\"><img loading=\"lazy\" decoding=\"async\" width=\"1024\" height=\"576\" data-id=\"26427\" src=\"https:\/\/jblanz.de\/WP\/wp-content\/uploads\/2025\/03\/25Spanien-2162-1024x576.jpg\" alt=\"\" class=\"wp-image-26427\" srcset=\"https:\/\/jblanz.de\/WP\/wp-content\/uploads\/2025\/03\/25Spanien-2162-1024x576.jpg 1024w, https:\/\/jblanz.de\/WP\/wp-content\/uploads\/2025\/03\/25Spanien-2162-300x169.jpg 300w, https:\/\/jblanz.de\/WP\/wp-content\/uploads\/2025\/03\/25Spanien-2162-768x432.jpg 768w, https:\/\/jblanz.de\/WP\/wp-content\/uploads\/2025\/03\/25Spanien-2162-1536x864.jpg 1536w, https:\/\/jblanz.de\/WP\/wp-content\/uploads\/2025\/03\/25Spanien-2162-2048x1152.jpg 2048w\" sizes=\"auto, (max-width: 1024px) 100vw, 1024px\" \/><\/figure>\n\n\n\n<figure class=\"wp-block-image size-large\"><img loading=\"lazy\" decoding=\"async\" width=\"1024\" height=\"576\" data-id=\"26422\" src=\"https:\/\/jblanz.de\/WP\/wp-content\/uploads\/2025\/03\/25Spanien-2164-1024x576.jpg\" alt=\"\" class=\"wp-image-26422\" srcset=\"https:\/\/jblanz.de\/WP\/wp-content\/uploads\/2025\/03\/25Spanien-2164-1024x576.jpg 1024w, https:\/\/jblanz.de\/WP\/wp-content\/uploads\/2025\/03\/25Spanien-2164-300x169.jpg 300w, https:\/\/jblanz.de\/WP\/wp-content\/uploads\/2025\/03\/25Spanien-2164-768x432.jpg 768w, https:\/\/jblanz.de\/WP\/wp-content\/uploads\/2025\/03\/25Spanien-2164-1536x864.jpg 1536w, https:\/\/jblanz.de\/WP\/wp-content\/uploads\/2025\/03\/25Spanien-2164-2048x1152.jpg 2048w\" sizes=\"auto, (max-width: 1024px) 100vw, 1024px\" \/><\/figure>\n\n\n\n<figure class=\"wp-block-image size-large\"><img loading=\"lazy\" decoding=\"async\" width=\"1024\" height=\"576\" data-id=\"26447\" src=\"https:\/\/jblanz.de\/WP\/wp-content\/uploads\/2025\/03\/25Spanien-2209-1024x576.jpg\" alt=\"\" class=\"wp-image-26447\" srcset=\"https:\/\/jblanz.de\/WP\/wp-content\/uploads\/2025\/03\/25Spanien-2209-1024x576.jpg 1024w, https:\/\/jblanz.de\/WP\/wp-content\/uploads\/2025\/03\/25Spanien-2209-300x169.jpg 300w, https:\/\/jblanz.de\/WP\/wp-content\/uploads\/2025\/03\/25Spanien-2209-768x432.jpg 768w, https:\/\/jblanz.de\/WP\/wp-content\/uploads\/2025\/03\/25Spanien-2209-1536x864.jpg 1536w, https:\/\/jblanz.de\/WP\/wp-content\/uploads\/2025\/03\/25Spanien-2209-2048x1152.jpg 2048w\" sizes=\"auto, (max-width: 1024px) 100vw, 1024px\" \/><\/figure>\n\n\n\n<figure class=\"wp-block-image size-large\"><img loading=\"lazy\" decoding=\"async\" width=\"1024\" height=\"576\" data-id=\"26431\" src=\"https:\/\/jblanz.de\/WP\/wp-content\/uploads\/2025\/03\/25Spanien-2169-1024x576.jpg\" alt=\"\" class=\"wp-image-26431\" srcset=\"https:\/\/jblanz.de\/WP\/wp-content\/uploads\/2025\/03\/25Spanien-2169-1024x576.jpg 1024w, https:\/\/jblanz.de\/WP\/wp-content\/uploads\/2025\/03\/25Spanien-2169-300x169.jpg 300w, https:\/\/jblanz.de\/WP\/wp-content\/uploads\/2025\/03\/25Spanien-2169-768x432.jpg 768w, https:\/\/jblanz.de\/WP\/wp-content\/uploads\/2025\/03\/25Spanien-2169-1536x864.jpg 1536w, https:\/\/jblanz.de\/WP\/wp-content\/uploads\/2025\/03\/25Spanien-2169-2048x1152.jpg 2048w\" sizes=\"auto, (max-width: 1024px) 100vw, 1024px\" \/><figcaption class=\"wp-element-caption\"><em>Erica andevalensis<\/em><\/figcaption><\/figure>\n\n\n\n<figure class=\"wp-block-image size-large\"><img loading=\"lazy\" decoding=\"async\" width=\"1024\" height=\"576\" data-id=\"26448\" src=\"https:\/\/jblanz.de\/WP\/wp-content\/uploads\/2025\/03\/25Spanien-2217-1024x576.jpg\" alt=\"\" class=\"wp-image-26448\" srcset=\"https:\/\/jblanz.de\/WP\/wp-content\/uploads\/2025\/03\/25Spanien-2217-1024x576.jpg 1024w, https:\/\/jblanz.de\/WP\/wp-content\/uploads\/2025\/03\/25Spanien-2217-300x169.jpg 300w, https:\/\/jblanz.de\/WP\/wp-content\/uploads\/2025\/03\/25Spanien-2217-768x432.jpg 768w, https:\/\/jblanz.de\/WP\/wp-content\/uploads\/2025\/03\/25Spanien-2217-1536x864.jpg 1536w, https:\/\/jblanz.de\/WP\/wp-content\/uploads\/2025\/03\/25Spanien-2217-2048x1152.jpg 2048w\" sizes=\"auto, (max-width: 1024px) 100vw, 1024px\" \/><\/figure>\n\n\n\n<figure class=\"wp-block-image size-large\"><img loading=\"lazy\" decoding=\"async\" width=\"1024\" height=\"576\" data-id=\"26449\" src=\"https:\/\/jblanz.de\/WP\/wp-content\/uploads\/2025\/03\/25Spanien-2212-1024x576.jpg\" alt=\"\" class=\"wp-image-26449\" srcset=\"https:\/\/jblanz.de\/WP\/wp-content\/uploads\/2025\/03\/25Spanien-2212-1024x576.jpg 1024w, https:\/\/jblanz.de\/WP\/wp-content\/uploads\/2025\/03\/25Spanien-2212-300x169.jpg 300w, https:\/\/jblanz.de\/WP\/wp-content\/uploads\/2025\/03\/25Spanien-2212-768x432.jpg 768w, https:\/\/jblanz.de\/WP\/wp-content\/uploads\/2025\/03\/25Spanien-2212-1536x864.jpg 1536w, https:\/\/jblanz.de\/WP\/wp-content\/uploads\/2025\/03\/25Spanien-2212-2048x1152.jpg 2048w\" sizes=\"auto, (max-width: 1024px) 100vw, 1024px\" \/><\/figure>\n<\/figure>\n\n\n\n<figure class=\"wp-block-image aligncenter size-full\"><img loading=\"lazy\" decoding=\"async\" width=\"2560\" height=\"885\" src=\"https:\/\/jblanz.de\/WP\/wp-content\/uploads\/2025\/03\/25Spanien-2191-Pano-scaled.jpg\" alt=\"\" class=\"wp-image-26435\" srcset=\"https:\/\/jblanz.de\/WP\/wp-content\/uploads\/2025\/03\/25Spanien-2191-Pano-scaled.jpg 2560w, https:\/\/jblanz.de\/WP\/wp-content\/uploads\/2025\/03\/25Spanien-2191-Pano-300x104.jpg 300w, https:\/\/jblanz.de\/WP\/wp-content\/uploads\/2025\/03\/25Spanien-2191-Pano-1024x354.jpg 1024w, https:\/\/jblanz.de\/WP\/wp-content\/uploads\/2025\/03\/25Spanien-2191-Pano-768x265.jpg 768w, https:\/\/jblanz.de\/WP\/wp-content\/uploads\/2025\/03\/25Spanien-2191-Pano-1536x531.jpg 1536w, https:\/\/jblanz.de\/WP\/wp-content\/uploads\/2025\/03\/25Spanien-2191-Pano-2048x708.jpg 2048w\" sizes=\"auto, (max-width: 2560px) 100vw, 2560px\" \/><\/figure>\n\n\n\n<p>Als wir gerade zum Bus zur\u00fcckkamen, fing es wieder zu regnet an. Wir hatten ja noch viel Zeit und fuhren daher nach Pomar\u00e3o an die spanische Grenze. Der Weg zum Ort ist als Schmugglerstrasse bekannt. An der Strasse waren besetzte Storchennester fast auf jedem Strommasten, Montbretien in voller Bl\u00fcte an einer sch\u00f6nen Allee. Zwischen den B\u00e4umen war der Rasen rot gef\u00e4rbt durch eine rote Grasart.<\/p>\n\n\n\n<figure class=\"wp-block-gallery has-nested-images columns-2 is-cropped wp-block-gallery-6 is-layout-flex wp-block-gallery-is-layout-flex\">\n<figure class=\"wp-block-image size-full\"><img loading=\"lazy\" decoding=\"async\" width=\"2560\" height=\"1440\" data-id=\"26443\" src=\"https:\/\/jblanz.de\/WP\/wp-content\/uploads\/2025\/03\/25Spanien-2226-scaled.jpg\" alt=\"\" class=\"wp-image-26443\" srcset=\"https:\/\/jblanz.de\/WP\/wp-content\/uploads\/2025\/03\/25Spanien-2226-scaled.jpg 2560w, https:\/\/jblanz.de\/WP\/wp-content\/uploads\/2025\/03\/25Spanien-2226-300x169.jpg 300w, https:\/\/jblanz.de\/WP\/wp-content\/uploads\/2025\/03\/25Spanien-2226-1024x576.jpg 1024w, https:\/\/jblanz.de\/WP\/wp-content\/uploads\/2025\/03\/25Spanien-2226-768x432.jpg 768w, https:\/\/jblanz.de\/WP\/wp-content\/uploads\/2025\/03\/25Spanien-2226-1536x864.jpg 1536w, https:\/\/jblanz.de\/WP\/wp-content\/uploads\/2025\/03\/25Spanien-2226-2048x1152.jpg 2048w\" sizes=\"auto, (max-width: 2560px) 100vw, 2560px\" \/><\/figure>\n\n\n\n<figure class=\"wp-block-image size-full\"><img loading=\"lazy\" decoding=\"async\" width=\"2560\" height=\"1440\" data-id=\"26442\" src=\"https:\/\/jblanz.de\/WP\/wp-content\/uploads\/2025\/03\/25Spanien-2227-scaled.jpg\" alt=\"\" class=\"wp-image-26442\" srcset=\"https:\/\/jblanz.de\/WP\/wp-content\/uploads\/2025\/03\/25Spanien-2227-scaled.jpg 2560w, https:\/\/jblanz.de\/WP\/wp-content\/uploads\/2025\/03\/25Spanien-2227-300x169.jpg 300w, https:\/\/jblanz.de\/WP\/wp-content\/uploads\/2025\/03\/25Spanien-2227-1024x576.jpg 1024w, https:\/\/jblanz.de\/WP\/wp-content\/uploads\/2025\/03\/25Spanien-2227-768x432.jpg 768w, https:\/\/jblanz.de\/WP\/wp-content\/uploads\/2025\/03\/25Spanien-2227-1536x864.jpg 1536w, https:\/\/jblanz.de\/WP\/wp-content\/uploads\/2025\/03\/25Spanien-2227-2048x1152.jpg 2048w\" sizes=\"auto, (max-width: 2560px) 100vw, 2560px\" \/><\/figure>\n\n\n\n<figure class=\"wp-block-image size-full\"><img loading=\"lazy\" decoding=\"async\" width=\"2560\" height=\"1440\" data-id=\"26444\" src=\"https:\/\/jblanz.de\/WP\/wp-content\/uploads\/2025\/03\/25Spanien-2228-scaled.jpg\" alt=\"\" class=\"wp-image-26444\" srcset=\"https:\/\/jblanz.de\/WP\/wp-content\/uploads\/2025\/03\/25Spanien-2228-scaled.jpg 2560w, https:\/\/jblanz.de\/WP\/wp-content\/uploads\/2025\/03\/25Spanien-2228-300x169.jpg 300w, https:\/\/jblanz.de\/WP\/wp-content\/uploads\/2025\/03\/25Spanien-2228-1024x576.jpg 1024w, https:\/\/jblanz.de\/WP\/wp-content\/uploads\/2025\/03\/25Spanien-2228-768x432.jpg 768w, https:\/\/jblanz.de\/WP\/wp-content\/uploads\/2025\/03\/25Spanien-2228-1536x864.jpg 1536w, https:\/\/jblanz.de\/WP\/wp-content\/uploads\/2025\/03\/25Spanien-2228-2048x1152.jpg 2048w\" sizes=\"auto, (max-width: 2560px) 100vw, 2560px\" \/><\/figure>\n\n\n\n<figure class=\"wp-block-image size-full\"><img loading=\"lazy\" decoding=\"async\" width=\"2560\" height=\"1440\" data-id=\"26441\" src=\"https:\/\/jblanz.de\/WP\/wp-content\/uploads\/2025\/03\/25Spanien-2229-scaled.jpg\" alt=\"\" class=\"wp-image-26441\" srcset=\"https:\/\/jblanz.de\/WP\/wp-content\/uploads\/2025\/03\/25Spanien-2229-scaled.jpg 2560w, https:\/\/jblanz.de\/WP\/wp-content\/uploads\/2025\/03\/25Spanien-2229-300x169.jpg 300w, https:\/\/jblanz.de\/WP\/wp-content\/uploads\/2025\/03\/25Spanien-2229-1024x576.jpg 1024w, https:\/\/jblanz.de\/WP\/wp-content\/uploads\/2025\/03\/25Spanien-2229-768x432.jpg 768w, https:\/\/jblanz.de\/WP\/wp-content\/uploads\/2025\/03\/25Spanien-2229-1536x864.jpg 1536w, https:\/\/jblanz.de\/WP\/wp-content\/uploads\/2025\/03\/25Spanien-2229-2048x1152.jpg 2048w\" sizes=\"auto, (max-width: 2560px) 100vw, 2560px\" \/><\/figure>\n\n\n\n<figure class=\"wp-block-image size-full\"><img loading=\"lazy\" decoding=\"async\" width=\"2560\" height=\"1440\" data-id=\"26453\" src=\"https:\/\/jblanz.de\/WP\/wp-content\/uploads\/2025\/03\/25Spanien-2223-scaled.jpg\" alt=\"\" class=\"wp-image-26453\" srcset=\"https:\/\/jblanz.de\/WP\/wp-content\/uploads\/2025\/03\/25Spanien-2223-scaled.jpg 2560w, https:\/\/jblanz.de\/WP\/wp-content\/uploads\/2025\/03\/25Spanien-2223-300x169.jpg 300w, https:\/\/jblanz.de\/WP\/wp-content\/uploads\/2025\/03\/25Spanien-2223-1024x576.jpg 1024w, https:\/\/jblanz.de\/WP\/wp-content\/uploads\/2025\/03\/25Spanien-2223-768x432.jpg 768w, https:\/\/jblanz.de\/WP\/wp-content\/uploads\/2025\/03\/25Spanien-2223-1536x864.jpg 1536w, https:\/\/jblanz.de\/WP\/wp-content\/uploads\/2025\/03\/25Spanien-2223-2048x1152.jpg 2048w\" sizes=\"auto, (max-width: 2560px) 100vw, 2560px\" \/><\/figure>\n<\/figure>\n\n\n\n<p>Auf Flussh\u00f6he standen einige Wohnmobile und wir stellten uns dazu. Beim diskutieren, was wir weiter machen, entschieden wir nach Spanien einzureisen und auf einen zuf\u00e4llig in Google Maps gefundenen Camping namens Nirwana zu gehen. Endlose gerade Strassen durch h\u00fcgelige Gegend f\u00fchrten erst nach El Granado, dann \u00fcber Villanueva de los Castillejos nach Villablanca (14 km bis zur portugisischen Grenze). Wir begl\u00fcckw\u00fcnschen Spanien f\u00fcr seine, verglichen mit Portugal, sehr gute Strassen. Die Strasse vor Villablanca f\u00fchrte entlang von riesigen Plantagen von Orangen- und Zitronenb\u00e4umen, die alle noch voller Fr\u00fcchte waren.<\/p>\n<p>Als wir ins Nirwana einfuhren, sass bereits eine Gruppe auf der Terrasse. Die Leiterin des Campings kam sofort zum Bus, meinte dass wir auf jeden Fall eine Nacht auf Platz 7 bleiben k\u00f6nnten. Wir sollten erst mal den Bus parken und dann zum Willkommensdrink und Check-in auf die Terrasse kommen (15 \u20ac \/ Nacht). Gemacht, dann sassen wir 2 Stunden bei Bier, Wein und Zitronen-Ingwer-Tee erst auf der Terrasse, dann in der Bar. Die Gruppe waren Deutsche, die schon lange unterwegs waren und sich schon vom Vorjahr kannten. Wir wurden schnell in die Gruppe aufgenommen und h\u00f6rten allerlei Geschichten, die die Anderen auf ihren Reisen erlebt hatten. Es gab auch einige Tipps, die wir vielleicht nutzen k\u00f6nnen. Gegen 20 Uhr verabschiedeten wir uns, um etwas zu Essen, denn der Alkohol auf n\u00fcchternen Magen machte sich bemerkbar. Nachts regnete es stark.<\/p>\n\n\n\n<figure class=\"wp-block-gallery has-nested-images columns-default is-cropped wp-block-gallery-7 is-layout-flex wp-block-gallery-is-layout-flex\">\n<figure class=\"wp-block-image size-full\"><img loading=\"lazy\" decoding=\"async\" width=\"2560\" height=\"1440\" data-id=\"26458\" src=\"https:\/\/jblanz.de\/WP\/wp-content\/uploads\/2025\/03\/25Spanien-2231-scaled.jpg\" alt=\"\" class=\"wp-image-26458\" srcset=\"https:\/\/jblanz.de\/WP\/wp-content\/uploads\/2025\/03\/25Spanien-2231-scaled.jpg 2560w, https:\/\/jblanz.de\/WP\/wp-content\/uploads\/2025\/03\/25Spanien-2231-300x169.jpg 300w, https:\/\/jblanz.de\/WP\/wp-content\/uploads\/2025\/03\/25Spanien-2231-1024x576.jpg 1024w, https:\/\/jblanz.de\/WP\/wp-content\/uploads\/2025\/03\/25Spanien-2231-768x432.jpg 768w, https:\/\/jblanz.de\/WP\/wp-content\/uploads\/2025\/03\/25Spanien-2231-1536x864.jpg 1536w, https:\/\/jblanz.de\/WP\/wp-content\/uploads\/2025\/03\/25Spanien-2231-2048x1152.jpg 2048w\" sizes=\"auto, (max-width: 2560px) 100vw, 2560px\" \/><\/figure>\n\n\n\n<figure class=\"wp-block-image size-full\"><img loading=\"lazy\" decoding=\"async\" width=\"2560\" height=\"1440\" data-id=\"26457\" src=\"https:\/\/jblanz.de\/WP\/wp-content\/uploads\/2025\/03\/25Spanien-2232-scaled.jpg\" alt=\"\" class=\"wp-image-26457\" srcset=\"https:\/\/jblanz.de\/WP\/wp-content\/uploads\/2025\/03\/25Spanien-2232-scaled.jpg 2560w, https:\/\/jblanz.de\/WP\/wp-content\/uploads\/2025\/03\/25Spanien-2232-300x169.jpg 300w, https:\/\/jblanz.de\/WP\/wp-content\/uploads\/2025\/03\/25Spanien-2232-1024x576.jpg 1024w, https:\/\/jblanz.de\/WP\/wp-content\/uploads\/2025\/03\/25Spanien-2232-768x432.jpg 768w, https:\/\/jblanz.de\/WP\/wp-content\/uploads\/2025\/03\/25Spanien-2232-1536x864.jpg 1536w, https:\/\/jblanz.de\/WP\/wp-content\/uploads\/2025\/03\/25Spanien-2232-2048x1152.jpg 2048w\" sizes=\"auto, (max-width: 2560px) 100vw, 2560px\" \/><\/figure>\n<\/figure>\n","protected":false},"excerpt":{"rendered":"<p>Am Vorabend wollten wir noch zeigen, wie es aussieht, wenn Karin ihr Bett im Hochdach macht. Morgens gingen immer wieder<\/p>\n","protected":false},"author":1,"featured_media":26396,"comment_status":"open","ping_status":"open","sticky":false,"template":"","format":"standard","meta":{"colormag_page_container_layout":"default_layout","colormag_page_sidebar_layout":"default_layout","_monsterinsights_skip_tracking":false,"_monsterinsights_sitenote_active":false,"_monsterinsights_sitenote_note":"","_monsterinsights_sitenote_category":0,"footnotes":""},"categories":[269,314,315,159,268,307,242,197],"tags":[],"class_list":["post-26366","post","type-post","status-publish","format-standard","has-post-thumbnail","hentry","category-2020-jahr","category-314","category-2025-2020-jahr","category-europa","category-jahr","category-k-z","category-portugal","category-spanien"],"yoast_head":"<!-- This site is optimized with the Yoast SEO plugin v27.4 - https:\/\/yoast.com\/product\/yoast-seo-wordpress\/ -->\n<title>04. M\u00e4rz 2025 - M\u00e9rtola &amp; Mina de S\u00e3o Domingos &amp; Nirwana in Spanien - Reiseblog von Karin &amp; Joachim<\/title>\n<meta name=\"robots\" content=\"index, follow, max-snippet:-1, max-image-preview:large, max-video-preview:-1\" \/>\n<link rel=\"canonical\" href=\"https:\/\/jblanz.de\/WP\/04-maerz-2025-mertola-mina-de-sao-domingos-nirwana\/\" \/>\n<meta property=\"og:locale\" content=\"de_DE\" \/>\n<meta property=\"og:type\" content=\"article\" \/>\n<meta property=\"og:title\" content=\"04. M\u00e4rz 2025 - M\u00e9rtola &amp; Mina de S\u00e3o Domingos &amp; Nirwana in Spanien - Reiseblog von Karin &amp; Joachim\" \/>\n<meta property=\"og:description\" content=\"Am Vorabend wollten wir noch zeigen, wie es aussieht, wenn Karin ihr Bett im Hochdach macht. Morgens gingen immer wieder\" \/>\n<meta property=\"og:url\" content=\"https:\/\/jblanz.de\/WP\/04-maerz-2025-mertola-mina-de-sao-domingos-nirwana\/\" \/>\n<meta property=\"og:site_name\" content=\"Reiseblog von Karin &amp; Joachim\" \/>\n<meta property=\"article:published_time\" content=\"2025-03-04T19:28:25+00:00\" \/>\n<meta property=\"article:modified_time\" content=\"2025-03-05T07:33:35+00:00\" \/>\n<meta property=\"og:image\" content=\"https:\/\/jblanz.de\/WP\/wp-content\/uploads\/2025\/03\/25Spanien-2155-scaled.jpg\" \/>\n\t<meta property=\"og:image:width\" content=\"2560\" \/>\n\t<meta property=\"og:image:height\" content=\"1440\" \/>\n\t<meta property=\"og:image:type\" content=\"image\/jpeg\" \/>\n<meta name=\"author\" content=\"Achim\" \/>\n<meta name=\"twitter:card\" content=\"summary_large_image\" \/>\n<meta name=\"twitter:label1\" content=\"Verfasst von\" \/>\n\t<meta name=\"twitter:data1\" content=\"Achim\" \/>\n\t<meta name=\"twitter:label2\" content=\"Gesch\u00e4tzte Lesezeit\" \/>\n\t<meta name=\"twitter:data2\" content=\"12\u00a0Minuten\" \/>\n<script type=\"application\/ld+json\" class=\"yoast-schema-graph\">{\"@context\":\"https:\\\/\\\/schema.org\",\"@graph\":[{\"@type\":\"Article\",\"@id\":\"https:\\\/\\\/jblanz.de\\\/WP\\\/04-maerz-2025-mertola-mina-de-sao-domingos-nirwana\\\/#article\",\"isPartOf\":{\"@id\":\"https:\\\/\\\/jblanz.de\\\/WP\\\/04-maerz-2025-mertola-mina-de-sao-domingos-nirwana\\\/\"},\"author\":{\"name\":\"Achim\",\"@id\":\"https:\\\/\\\/jblanz.de\\\/WP\\\/#\\\/schema\\\/person\\\/17a70f07162e42bc0b181c22397286e0\"},\"headline\":\"04. M\u00e4rz 2025 &#8211; M\u00e9rtola &amp; Mina de S\u00e3o Domingos &amp; Nirwana in Spanien\",\"datePublished\":\"2025-03-04T19:28:25+00:00\",\"dateModified\":\"2025-03-05T07:33:35+00:00\",\"mainEntityOfPage\":{\"@id\":\"https:\\\/\\\/jblanz.de\\\/WP\\\/04-maerz-2025-mertola-mina-de-sao-domingos-nirwana\\\/\"},\"wordCount\":864,\"commentCount\":0,\"publisher\":{\"@id\":\"https:\\\/\\\/jblanz.de\\\/WP\\\/#\\\/schema\\\/person\\\/17a70f07162e42bc0b181c22397286e0\"},\"image\":{\"@id\":\"https:\\\/\\\/jblanz.de\\\/WP\\\/04-maerz-2025-mertola-mina-de-sao-domingos-nirwana\\\/#primaryimage\"},\"thumbnailUrl\":\"https:\\\/\\\/jblanz.de\\\/WP\\\/wp-content\\\/uploads\\\/2025\\\/03\\\/25Spanien-2155-scaled.jpg\",\"articleSection\":[\"2020+\",\"2025\",\"2025\",\"Europa\",\"Jahr\",\"K-Z\",\"Portugal\",\"Spanien\"],\"inLanguage\":\"de\",\"potentialAction\":[{\"@type\":\"CommentAction\",\"name\":\"Comment\",\"target\":[\"https:\\\/\\\/jblanz.de\\\/WP\\\/04-maerz-2025-mertola-mina-de-sao-domingos-nirwana\\\/#respond\"]}]},{\"@type\":\"WebPage\",\"@id\":\"https:\\\/\\\/jblanz.de\\\/WP\\\/04-maerz-2025-mertola-mina-de-sao-domingos-nirwana\\\/\",\"url\":\"https:\\\/\\\/jblanz.de\\\/WP\\\/04-maerz-2025-mertola-mina-de-sao-domingos-nirwana\\\/\",\"name\":\"04. M\u00e4rz 2025 - M\u00e9rtola &amp; Mina de S\u00e3o Domingos &amp; Nirwana in Spanien - Reiseblog von Karin &amp; Joachim\",\"isPartOf\":{\"@id\":\"https:\\\/\\\/jblanz.de\\\/WP\\\/#website\"},\"primaryImageOfPage\":{\"@id\":\"https:\\\/\\\/jblanz.de\\\/WP\\\/04-maerz-2025-mertola-mina-de-sao-domingos-nirwana\\\/#primaryimage\"},\"image\":{\"@id\":\"https:\\\/\\\/jblanz.de\\\/WP\\\/04-maerz-2025-mertola-mina-de-sao-domingos-nirwana\\\/#primaryimage\"},\"thumbnailUrl\":\"https:\\\/\\\/jblanz.de\\\/WP\\\/wp-content\\\/uploads\\\/2025\\\/03\\\/25Spanien-2155-scaled.jpg\",\"datePublished\":\"2025-03-04T19:28:25+00:00\",\"dateModified\":\"2025-03-05T07:33:35+00:00\",\"breadcrumb\":{\"@id\":\"https:\\\/\\\/jblanz.de\\\/WP\\\/04-maerz-2025-mertola-mina-de-sao-domingos-nirwana\\\/#breadcrumb\"},\"inLanguage\":\"de\",\"potentialAction\":[{\"@type\":\"ReadAction\",\"target\":[\"https:\\\/\\\/jblanz.de\\\/WP\\\/04-maerz-2025-mertola-mina-de-sao-domingos-nirwana\\\/\"]}]},{\"@type\":\"ImageObject\",\"inLanguage\":\"de\",\"@id\":\"https:\\\/\\\/jblanz.de\\\/WP\\\/04-maerz-2025-mertola-mina-de-sao-domingos-nirwana\\\/#primaryimage\",\"url\":\"https:\\\/\\\/jblanz.de\\\/WP\\\/wp-content\\\/uploads\\\/2025\\\/03\\\/25Spanien-2155-scaled.jpg\",\"contentUrl\":\"https:\\\/\\\/jblanz.de\\\/WP\\\/wp-content\\\/uploads\\\/2025\\\/03\\\/25Spanien-2155-scaled.jpg\",\"width\":2560,\"height\":1440},{\"@type\":\"BreadcrumbList\",\"@id\":\"https:\\\/\\\/jblanz.de\\\/WP\\\/04-maerz-2025-mertola-mina-de-sao-domingos-nirwana\\\/#breadcrumb\",\"itemListElement\":[{\"@type\":\"ListItem\",\"position\":1,\"name\":\"Startseite\",\"item\":\"https:\\\/\\\/jblanz.de\\\/WP\\\/\"},{\"@type\":\"ListItem\",\"position\":2,\"name\":\"04. M\u00e4rz 2025 &#8211; M\u00e9rtola &amp; Mina de S\u00e3o Domingos &amp; Nirwana in Spanien\"}]},{\"@type\":\"WebSite\",\"@id\":\"https:\\\/\\\/jblanz.de\\\/WP\\\/#website\",\"url\":\"https:\\\/\\\/jblanz.de\\\/WP\\\/\",\"name\":\"Reiseblog von Karin & Joachim\",\"description\":\"Wir schreiben den Blog f\u00fcr uns als Erinnerung - f\u00fcr euch als Inspiration\",\"publisher\":{\"@id\":\"https:\\\/\\\/jblanz.de\\\/WP\\\/#\\\/schema\\\/person\\\/17a70f07162e42bc0b181c22397286e0\"},\"potentialAction\":[{\"@type\":\"SearchAction\",\"target\":{\"@type\":\"EntryPoint\",\"urlTemplate\":\"https:\\\/\\\/jblanz.de\\\/WP\\\/?s={search_term_string}\"},\"query-input\":{\"@type\":\"PropertyValueSpecification\",\"valueRequired\":true,\"valueName\":\"search_term_string\"}}],\"inLanguage\":\"de\"},{\"@type\":[\"Person\",\"Organization\"],\"@id\":\"https:\\\/\\\/jblanz.de\\\/WP\\\/#\\\/schema\\\/person\\\/17a70f07162e42bc0b181c22397286e0\",\"name\":\"Achim\",\"image\":{\"@type\":\"ImageObject\",\"inLanguage\":\"de\",\"@id\":\"https:\\\/\\\/secure.gravatar.com\\\/avatar\\\/b7ab31bc55956af4a9bebf7fd034761212b11b803b7e39464914d6abeefb12f3?s=96&d=mm&r=g\",\"url\":\"https:\\\/\\\/secure.gravatar.com\\\/avatar\\\/b7ab31bc55956af4a9bebf7fd034761212b11b803b7e39464914d6abeefb12f3?s=96&d=mm&r=g\",\"contentUrl\":\"https:\\\/\\\/secure.gravatar.com\\\/avatar\\\/b7ab31bc55956af4a9bebf7fd034761212b11b803b7e39464914d6abeefb12f3?s=96&d=mm&r=g\",\"caption\":\"Achim\"},\"logo\":{\"@id\":\"https:\\\/\\\/secure.gravatar.com\\\/avatar\\\/b7ab31bc55956af4a9bebf7fd034761212b11b803b7e39464914d6abeefb12f3?s=96&d=mm&r=g\"},\"url\":\"https:\\\/\\\/jblanz.de\\\/WP\\\/author\\\/achim\\\/\"}]}<\/script>\n<!-- \/ Yoast SEO plugin. -->","yoast_head_json":{"title":"04. M\u00e4rz 2025 - M\u00e9rtola &amp; Mina de S\u00e3o Domingos &amp; Nirwana in Spanien - Reiseblog von Karin &amp; Joachim","robots":{"index":"index","follow":"follow","max-snippet":"max-snippet:-1","max-image-preview":"max-image-preview:large","max-video-preview":"max-video-preview:-1"},"canonical":"https:\/\/jblanz.de\/WP\/04-maerz-2025-mertola-mina-de-sao-domingos-nirwana\/","og_locale":"de_DE","og_type":"article","og_title":"04. M\u00e4rz 2025 - M\u00e9rtola &amp; Mina de S\u00e3o Domingos &amp; Nirwana in Spanien - Reiseblog von Karin &amp; Joachim","og_description":"Am Vorabend wollten wir noch zeigen, wie es aussieht, wenn Karin ihr Bett im Hochdach macht. Morgens gingen immer wieder","og_url":"https:\/\/jblanz.de\/WP\/04-maerz-2025-mertola-mina-de-sao-domingos-nirwana\/","og_site_name":"Reiseblog von Karin &amp; Joachim","article_published_time":"2025-03-04T19:28:25+00:00","article_modified_time":"2025-03-05T07:33:35+00:00","og_image":[{"width":2560,"height":1440,"url":"https:\/\/jblanz.de\/WP\/wp-content\/uploads\/2025\/03\/25Spanien-2155-scaled.jpg","type":"image\/jpeg"}],"author":"Achim","twitter_card":"summary_large_image","twitter_misc":{"Verfasst von":"Achim","Gesch\u00e4tzte Lesezeit":"12\u00a0Minuten"},"schema":{"@context":"https:\/\/schema.org","@graph":[{"@type":"Article","@id":"https:\/\/jblanz.de\/WP\/04-maerz-2025-mertola-mina-de-sao-domingos-nirwana\/#article","isPartOf":{"@id":"https:\/\/jblanz.de\/WP\/04-maerz-2025-mertola-mina-de-sao-domingos-nirwana\/"},"author":{"name":"Achim","@id":"https:\/\/jblanz.de\/WP\/#\/schema\/person\/17a70f07162e42bc0b181c22397286e0"},"headline":"04. M\u00e4rz 2025 &#8211; M\u00e9rtola &amp; Mina de S\u00e3o Domingos &amp; Nirwana in Spanien","datePublished":"2025-03-04T19:28:25+00:00","dateModified":"2025-03-05T07:33:35+00:00","mainEntityOfPage":{"@id":"https:\/\/jblanz.de\/WP\/04-maerz-2025-mertola-mina-de-sao-domingos-nirwana\/"},"wordCount":864,"commentCount":0,"publisher":{"@id":"https:\/\/jblanz.de\/WP\/#\/schema\/person\/17a70f07162e42bc0b181c22397286e0"},"image":{"@id":"https:\/\/jblanz.de\/WP\/04-maerz-2025-mertola-mina-de-sao-domingos-nirwana\/#primaryimage"},"thumbnailUrl":"https:\/\/jblanz.de\/WP\/wp-content\/uploads\/2025\/03\/25Spanien-2155-scaled.jpg","articleSection":["2020+","2025","2025","Europa","Jahr","K-Z","Portugal","Spanien"],"inLanguage":"de","potentialAction":[{"@type":"CommentAction","name":"Comment","target":["https:\/\/jblanz.de\/WP\/04-maerz-2025-mertola-mina-de-sao-domingos-nirwana\/#respond"]}]},{"@type":"WebPage","@id":"https:\/\/jblanz.de\/WP\/04-maerz-2025-mertola-mina-de-sao-domingos-nirwana\/","url":"https:\/\/jblanz.de\/WP\/04-maerz-2025-mertola-mina-de-sao-domingos-nirwana\/","name":"04. M\u00e4rz 2025 - M\u00e9rtola &amp; Mina de S\u00e3o Domingos &amp; Nirwana in Spanien - Reiseblog von Karin &amp; Joachim","isPartOf":{"@id":"https:\/\/jblanz.de\/WP\/#website"},"primaryImageOfPage":{"@id":"https:\/\/jblanz.de\/WP\/04-maerz-2025-mertola-mina-de-sao-domingos-nirwana\/#primaryimage"},"image":{"@id":"https:\/\/jblanz.de\/WP\/04-maerz-2025-mertola-mina-de-sao-domingos-nirwana\/#primaryimage"},"thumbnailUrl":"https:\/\/jblanz.de\/WP\/wp-content\/uploads\/2025\/03\/25Spanien-2155-scaled.jpg","datePublished":"2025-03-04T19:28:25+00:00","dateModified":"2025-03-05T07:33:35+00:00","breadcrumb":{"@id":"https:\/\/jblanz.de\/WP\/04-maerz-2025-mertola-mina-de-sao-domingos-nirwana\/#breadcrumb"},"inLanguage":"de","potentialAction":[{"@type":"ReadAction","target":["https:\/\/jblanz.de\/WP\/04-maerz-2025-mertola-mina-de-sao-domingos-nirwana\/"]}]},{"@type":"ImageObject","inLanguage":"de","@id":"https:\/\/jblanz.de\/WP\/04-maerz-2025-mertola-mina-de-sao-domingos-nirwana\/#primaryimage","url":"https:\/\/jblanz.de\/WP\/wp-content\/uploads\/2025\/03\/25Spanien-2155-scaled.jpg","contentUrl":"https:\/\/jblanz.de\/WP\/wp-content\/uploads\/2025\/03\/25Spanien-2155-scaled.jpg","width":2560,"height":1440},{"@type":"BreadcrumbList","@id":"https:\/\/jblanz.de\/WP\/04-maerz-2025-mertola-mina-de-sao-domingos-nirwana\/#breadcrumb","itemListElement":[{"@type":"ListItem","position":1,"name":"Startseite","item":"https:\/\/jblanz.de\/WP\/"},{"@type":"ListItem","position":2,"name":"04. M\u00e4rz 2025 &#8211; M\u00e9rtola &amp; Mina de S\u00e3o Domingos &amp; Nirwana in Spanien"}]},{"@type":"WebSite","@id":"https:\/\/jblanz.de\/WP\/#website","url":"https:\/\/jblanz.de\/WP\/","name":"Reiseblog von Karin & Joachim","description":"Wir schreiben den Blog f\u00fcr uns als Erinnerung - f\u00fcr euch als Inspiration","publisher":{"@id":"https:\/\/jblanz.de\/WP\/#\/schema\/person\/17a70f07162e42bc0b181c22397286e0"},"potentialAction":[{"@type":"SearchAction","target":{"@type":"EntryPoint","urlTemplate":"https:\/\/jblanz.de\/WP\/?s={search_term_string}"},"query-input":{"@type":"PropertyValueSpecification","valueRequired":true,"valueName":"search_term_string"}}],"inLanguage":"de"},{"@type":["Person","Organization"],"@id":"https:\/\/jblanz.de\/WP\/#\/schema\/person\/17a70f07162e42bc0b181c22397286e0","name":"Achim","image":{"@type":"ImageObject","inLanguage":"de","@id":"https:\/\/secure.gravatar.com\/avatar\/b7ab31bc55956af4a9bebf7fd034761212b11b803b7e39464914d6abeefb12f3?s=96&d=mm&r=g","url":"https:\/\/secure.gravatar.com\/avatar\/b7ab31bc55956af4a9bebf7fd034761212b11b803b7e39464914d6abeefb12f3?s=96&d=mm&r=g","contentUrl":"https:\/\/secure.gravatar.com\/avatar\/b7ab31bc55956af4a9bebf7fd034761212b11b803b7e39464914d6abeefb12f3?s=96&d=mm&r=g","caption":"Achim"},"logo":{"@id":"https:\/\/secure.gravatar.com\/avatar\/b7ab31bc55956af4a9bebf7fd034761212b11b803b7e39464914d6abeefb12f3?s=96&d=mm&r=g"},"url":"https:\/\/jblanz.de\/WP\/author\/achim\/"}]}},"_links":{"self":[{"href":"https:\/\/jblanz.de\/WP\/wp-json\/wp\/v2\/posts\/26366","targetHints":{"allow":["GET"]}}],"collection":[{"href":"https:\/\/jblanz.de\/WP\/wp-json\/wp\/v2\/posts"}],"about":[{"href":"https:\/\/jblanz.de\/WP\/wp-json\/wp\/v2\/types\/post"}],"author":[{"embeddable":true,"href":"https:\/\/jblanz.de\/WP\/wp-json\/wp\/v2\/users\/1"}],"replies":[{"embeddable":true,"href":"https:\/\/jblanz.de\/WP\/wp-json\/wp\/v2\/comments?post=26366"}],"version-history":[{"count":0,"href":"https:\/\/jblanz.de\/WP\/wp-json\/wp\/v2\/posts\/26366\/revisions"}],"wp:featuredmedia":[{"embeddable":true,"href":"https:\/\/jblanz.de\/WP\/wp-json\/wp\/v2\/media\/26396"}],"wp:attachment":[{"href":"https:\/\/jblanz.de\/WP\/wp-json\/wp\/v2\/media?parent=26366"}],"wp:term":[{"taxonomy":"category","embeddable":true,"href":"https:\/\/jblanz.de\/WP\/wp-json\/wp\/v2\/categories?post=26366"},{"taxonomy":"post_tag","embeddable":true,"href":"https:\/\/jblanz.de\/WP\/wp-json\/wp\/v2\/tags?post=26366"}],"curies":[{"name":"wp","href":"https:\/\/api.w.org\/{rel}","templated":true}]}}