{"id":26469,"date":"2025-03-05T17:43:45","date_gmt":"2025-03-05T16:43:45","guid":{"rendered":"https:\/\/jblanz.de\/WP\/?p=26469"},"modified":"2025-03-07T00:10:45","modified_gmt":"2025-03-06T23:10:45","slug":"05-maerz-2025-tavira","status":"publish","type":"post","link":"https:\/\/jblanz.de\/WP\/05-maerz-2025-tavira\/","title":{"rendered":"05. M\u00e4rz 2025 &#8211; Tavira"},"content":{"rendered":"\n<p>Noch ein paar Impressionen vom Camping Nirwana, den wir gegen 11 Uhr verliessen. Das Moskitonetz, das \u00fcber dem Gest\u00e4nge der Kuppel hing, liess ahnen, wie es im Sommer mit Moskitos bestellt ist. Vor dem Camping waren wieder sch\u00f6n bl\u00fchende Str\u00e4ucher, die wir als Zistrosen identifiziert haben.<\/p>\n\n\n\n<figure class=\"wp-block-gallery has-nested-images columns-2 is-cropped wp-block-gallery-2 is-layout-flex wp-block-gallery-is-layout-flex\">\n<figure class=\"wp-block-image size-full\"><img loading=\"lazy\" decoding=\"async\" width=\"2560\" height=\"1440\" data-id=\"26480\" src=\"https:\/\/jblanz.de\/WP\/wp-content\/uploads\/2025\/03\/25Spanien-2234-scaled.jpg\" alt=\"\" class=\"wp-image-26480\" srcset=\"https:\/\/jblanz.de\/WP\/wp-content\/uploads\/2025\/03\/25Spanien-2234-scaled.jpg 2560w, https:\/\/jblanz.de\/WP\/wp-content\/uploads\/2025\/03\/25Spanien-2234-300x169.jpg 300w, https:\/\/jblanz.de\/WP\/wp-content\/uploads\/2025\/03\/25Spanien-2234-1024x576.jpg 1024w, https:\/\/jblanz.de\/WP\/wp-content\/uploads\/2025\/03\/25Spanien-2234-768x432.jpg 768w, https:\/\/jblanz.de\/WP\/wp-content\/uploads\/2025\/03\/25Spanien-2234-1536x864.jpg 1536w, https:\/\/jblanz.de\/WP\/wp-content\/uploads\/2025\/03\/25Spanien-2234-2048x1152.jpg 2048w\" sizes=\"auto, (max-width: 2560px) 100vw, 2560px\" \/><\/figure>\n\n\n\n<figure class=\"wp-block-image size-full\"><img loading=\"lazy\" decoding=\"async\" width=\"2560\" height=\"1440\" data-id=\"26476\" src=\"https:\/\/jblanz.de\/WP\/wp-content\/uploads\/2025\/03\/25Spanien-2235-scaled.jpg\" alt=\"\" class=\"wp-image-26476\" srcset=\"https:\/\/jblanz.de\/WP\/wp-content\/uploads\/2025\/03\/25Spanien-2235-scaled.jpg 2560w, https:\/\/jblanz.de\/WP\/wp-content\/uploads\/2025\/03\/25Spanien-2235-300x169.jpg 300w, https:\/\/jblanz.de\/WP\/wp-content\/uploads\/2025\/03\/25Spanien-2235-1024x576.jpg 1024w, https:\/\/jblanz.de\/WP\/wp-content\/uploads\/2025\/03\/25Spanien-2235-768x432.jpg 768w, https:\/\/jblanz.de\/WP\/wp-content\/uploads\/2025\/03\/25Spanien-2235-1536x864.jpg 1536w, https:\/\/jblanz.de\/WP\/wp-content\/uploads\/2025\/03\/25Spanien-2235-2048x1152.jpg 2048w\" sizes=\"auto, (max-width: 2560px) 100vw, 2560px\" \/><\/figure>\n\n\n\n<figure class=\"wp-block-image size-full\"><img loading=\"lazy\" decoding=\"async\" width=\"2560\" height=\"1440\" data-id=\"26478\" src=\"https:\/\/jblanz.de\/WP\/wp-content\/uploads\/2025\/03\/25Spanien-2237-scaled.jpg\" alt=\"\" class=\"wp-image-26478\" srcset=\"https:\/\/jblanz.de\/WP\/wp-content\/uploads\/2025\/03\/25Spanien-2237-scaled.jpg 2560w, https:\/\/jblanz.de\/WP\/wp-content\/uploads\/2025\/03\/25Spanien-2237-300x169.jpg 300w, https:\/\/jblanz.de\/WP\/wp-content\/uploads\/2025\/03\/25Spanien-2237-1024x576.jpg 1024w, https:\/\/jblanz.de\/WP\/wp-content\/uploads\/2025\/03\/25Spanien-2237-768x432.jpg 768w, https:\/\/jblanz.de\/WP\/wp-content\/uploads\/2025\/03\/25Spanien-2237-1536x864.jpg 1536w, https:\/\/jblanz.de\/WP\/wp-content\/uploads\/2025\/03\/25Spanien-2237-2048x1152.jpg 2048w\" sizes=\"auto, (max-width: 2560px) 100vw, 2560px\" \/><\/figure>\n\n\n\n<figure class=\"wp-block-image size-full\"><img loading=\"lazy\" decoding=\"async\" width=\"2560\" height=\"1440\" data-id=\"26475\" src=\"https:\/\/jblanz.de\/WP\/wp-content\/uploads\/2025\/03\/25Spanien-2236-scaled.jpg\" alt=\"\" class=\"wp-image-26475\" srcset=\"https:\/\/jblanz.de\/WP\/wp-content\/uploads\/2025\/03\/25Spanien-2236-scaled.jpg 2560w, https:\/\/jblanz.de\/WP\/wp-content\/uploads\/2025\/03\/25Spanien-2236-300x169.jpg 300w, https:\/\/jblanz.de\/WP\/wp-content\/uploads\/2025\/03\/25Spanien-2236-1024x576.jpg 1024w, https:\/\/jblanz.de\/WP\/wp-content\/uploads\/2025\/03\/25Spanien-2236-768x432.jpg 768w, https:\/\/jblanz.de\/WP\/wp-content\/uploads\/2025\/03\/25Spanien-2236-1536x864.jpg 1536w, https:\/\/jblanz.de\/WP\/wp-content\/uploads\/2025\/03\/25Spanien-2236-2048x1152.jpg 2048w\" sizes=\"auto, (max-width: 2560px) 100vw, 2560px\" \/><\/figure>\n\n\n\n<figure class=\"wp-block-image size-full\"><img loading=\"lazy\" decoding=\"async\" width=\"2560\" height=\"1440\" data-id=\"26474\" src=\"https:\/\/jblanz.de\/WP\/wp-content\/uploads\/2025\/03\/25Spanien-2233-scaled.jpg\" alt=\"\" class=\"wp-image-26474\" srcset=\"https:\/\/jblanz.de\/WP\/wp-content\/uploads\/2025\/03\/25Spanien-2233-scaled.jpg 2560w, https:\/\/jblanz.de\/WP\/wp-content\/uploads\/2025\/03\/25Spanien-2233-300x169.jpg 300w, https:\/\/jblanz.de\/WP\/wp-content\/uploads\/2025\/03\/25Spanien-2233-1024x576.jpg 1024w, https:\/\/jblanz.de\/WP\/wp-content\/uploads\/2025\/03\/25Spanien-2233-768x432.jpg 768w, https:\/\/jblanz.de\/WP\/wp-content\/uploads\/2025\/03\/25Spanien-2233-1536x864.jpg 1536w, https:\/\/jblanz.de\/WP\/wp-content\/uploads\/2025\/03\/25Spanien-2233-2048x1152.jpg 2048w\" sizes=\"auto, (max-width: 2560px) 100vw, 2560px\" \/><\/figure>\n\n\n\n<figure class=\"wp-block-image size-full\"><img loading=\"lazy\" decoding=\"async\" width=\"2560\" height=\"1440\" data-id=\"26479\" src=\"https:\/\/jblanz.de\/WP\/wp-content\/uploads\/2025\/03\/25Spanien-2238-scaled.jpg\" alt=\"\" class=\"wp-image-26479\" srcset=\"https:\/\/jblanz.de\/WP\/wp-content\/uploads\/2025\/03\/25Spanien-2238-scaled.jpg 2560w, https:\/\/jblanz.de\/WP\/wp-content\/uploads\/2025\/03\/25Spanien-2238-300x169.jpg 300w, https:\/\/jblanz.de\/WP\/wp-content\/uploads\/2025\/03\/25Spanien-2238-1024x576.jpg 1024w, https:\/\/jblanz.de\/WP\/wp-content\/uploads\/2025\/03\/25Spanien-2238-768x432.jpg 768w, https:\/\/jblanz.de\/WP\/wp-content\/uploads\/2025\/03\/25Spanien-2238-1536x864.jpg 1536w, https:\/\/jblanz.de\/WP\/wp-content\/uploads\/2025\/03\/25Spanien-2238-2048x1152.jpg 2048w\" sizes=\"auto, (max-width: 2560px) 100vw, 2560px\" \/><\/figure>\n\n\n\n<figure class=\"wp-block-image size-full\"><img loading=\"lazy\" decoding=\"async\" width=\"2560\" height=\"1440\" data-id=\"26477\" src=\"https:\/\/jblanz.de\/WP\/wp-content\/uploads\/2025\/03\/25Spanien-2239-scaled.jpg\" alt=\"\" class=\"wp-image-26477\" srcset=\"https:\/\/jblanz.de\/WP\/wp-content\/uploads\/2025\/03\/25Spanien-2239-scaled.jpg 2560w, https:\/\/jblanz.de\/WP\/wp-content\/uploads\/2025\/03\/25Spanien-2239-300x169.jpg 300w, https:\/\/jblanz.de\/WP\/wp-content\/uploads\/2025\/03\/25Spanien-2239-1024x576.jpg 1024w, https:\/\/jblanz.de\/WP\/wp-content\/uploads\/2025\/03\/25Spanien-2239-768x432.jpg 768w, https:\/\/jblanz.de\/WP\/wp-content\/uploads\/2025\/03\/25Spanien-2239-1536x864.jpg 1536w, https:\/\/jblanz.de\/WP\/wp-content\/uploads\/2025\/03\/25Spanien-2239-2048x1152.jpg 2048w\" sizes=\"auto, (max-width: 2560px) 100vw, 2560px\" \/><\/figure>\n<\/figure>\n\n\n\n<p>Wir fuhren \u00fcber die Autobahn wieder nach Portugal. Die Farbe des Himmels auf dem Foto mit dem Portugal-Schild l\u00e4sst erahnen, wie das Wetter war. Wir \u00fcberquerten den Rio Guadiana, der hier mehr als 100 m breit war, auf einer spektakul\u00e4ren Br\u00fccke.<\/p>\n\n\n\n<figure class=\"wp-block-gallery has-nested-images columns-2 is-cropped wp-block-gallery-3 is-layout-flex wp-block-gallery-is-layout-flex\">\n<figure class=\"wp-block-image size-full\"><img loading=\"lazy\" decoding=\"async\" width=\"2560\" height=\"1440\" data-id=\"26484\" src=\"https:\/\/jblanz.de\/WP\/wp-content\/uploads\/2025\/03\/25Spanien-2240-scaled.jpg\" alt=\"\" class=\"wp-image-26484\" srcset=\"https:\/\/jblanz.de\/WP\/wp-content\/uploads\/2025\/03\/25Spanien-2240-scaled.jpg 2560w, https:\/\/jblanz.de\/WP\/wp-content\/uploads\/2025\/03\/25Spanien-2240-300x169.jpg 300w, https:\/\/jblanz.de\/WP\/wp-content\/uploads\/2025\/03\/25Spanien-2240-1024x576.jpg 1024w, https:\/\/jblanz.de\/WP\/wp-content\/uploads\/2025\/03\/25Spanien-2240-768x432.jpg 768w, https:\/\/jblanz.de\/WP\/wp-content\/uploads\/2025\/03\/25Spanien-2240-1536x864.jpg 1536w, https:\/\/jblanz.de\/WP\/wp-content\/uploads\/2025\/03\/25Spanien-2240-2048x1152.jpg 2048w\" sizes=\"auto, (max-width: 2560px) 100vw, 2560px\" \/><\/figure>\n\n\n\n<figure class=\"wp-block-image size-full\"><img loading=\"lazy\" decoding=\"async\" width=\"2560\" height=\"1440\" data-id=\"26483\" src=\"https:\/\/jblanz.de\/WP\/wp-content\/uploads\/2025\/03\/25Spanien-2241-scaled.jpg\" alt=\"\" class=\"wp-image-26483\" srcset=\"https:\/\/jblanz.de\/WP\/wp-content\/uploads\/2025\/03\/25Spanien-2241-scaled.jpg 2560w, https:\/\/jblanz.de\/WP\/wp-content\/uploads\/2025\/03\/25Spanien-2241-300x169.jpg 300w, https:\/\/jblanz.de\/WP\/wp-content\/uploads\/2025\/03\/25Spanien-2241-1024x576.jpg 1024w, https:\/\/jblanz.de\/WP\/wp-content\/uploads\/2025\/03\/25Spanien-2241-768x432.jpg 768w, https:\/\/jblanz.de\/WP\/wp-content\/uploads\/2025\/03\/25Spanien-2241-1536x864.jpg 1536w, https:\/\/jblanz.de\/WP\/wp-content\/uploads\/2025\/03\/25Spanien-2241-2048x1152.jpg 2048w\" sizes=\"auto, (max-width: 2560px) 100vw, 2560px\" \/><\/figure>\n\n\n\n<figure class=\"wp-block-image size-full\"><img loading=\"lazy\" decoding=\"async\" width=\"2560\" height=\"1440\" data-id=\"26485\" src=\"https:\/\/jblanz.de\/WP\/wp-content\/uploads\/2025\/03\/25Spanien-2243-scaled.jpg\" alt=\"\" class=\"wp-image-26485\" srcset=\"https:\/\/jblanz.de\/WP\/wp-content\/uploads\/2025\/03\/25Spanien-2243-scaled.jpg 2560w, https:\/\/jblanz.de\/WP\/wp-content\/uploads\/2025\/03\/25Spanien-2243-300x169.jpg 300w, https:\/\/jblanz.de\/WP\/wp-content\/uploads\/2025\/03\/25Spanien-2243-1024x576.jpg 1024w, https:\/\/jblanz.de\/WP\/wp-content\/uploads\/2025\/03\/25Spanien-2243-768x432.jpg 768w, https:\/\/jblanz.de\/WP\/wp-content\/uploads\/2025\/03\/25Spanien-2243-1536x864.jpg 1536w, https:\/\/jblanz.de\/WP\/wp-content\/uploads\/2025\/03\/25Spanien-2243-2048x1152.jpg 2048w\" sizes=\"auto, (max-width: 2560px) 100vw, 2560px\" \/><\/figure>\n\n\n\n<figure class=\"wp-block-image size-full\"><img loading=\"lazy\" decoding=\"async\" width=\"2560\" height=\"1440\" data-id=\"26486\" src=\"https:\/\/jblanz.de\/WP\/wp-content\/uploads\/2025\/03\/25Spanien-2244-scaled.jpg\" alt=\"\" class=\"wp-image-26486\" srcset=\"https:\/\/jblanz.de\/WP\/wp-content\/uploads\/2025\/03\/25Spanien-2244-scaled.jpg 2560w, https:\/\/jblanz.de\/WP\/wp-content\/uploads\/2025\/03\/25Spanien-2244-300x169.jpg 300w, https:\/\/jblanz.de\/WP\/wp-content\/uploads\/2025\/03\/25Spanien-2244-1024x576.jpg 1024w, https:\/\/jblanz.de\/WP\/wp-content\/uploads\/2025\/03\/25Spanien-2244-768x432.jpg 768w, https:\/\/jblanz.de\/WP\/wp-content\/uploads\/2025\/03\/25Spanien-2244-1536x864.jpg 1536w, https:\/\/jblanz.de\/WP\/wp-content\/uploads\/2025\/03\/25Spanien-2244-2048x1152.jpg 2048w\" sizes=\"auto, (max-width: 2560px) 100vw, 2560px\" \/><\/figure>\n<\/figure>\n\n\n\n<p>Eigentlich sollte der Name des Beitrags nicht Tavira sein, denn wir sind lediglich einmal durch Tavira gefahren ohne viel zu sehen. Eine kurze Inspektion des Stellplatzes &#8222;Algarve Motorhome Park&#8220; in Tavira gen\u00fcgte, um zu wissen, dass wir da keinen Platz bekommen werden und dass wir dort auch nicht bleiben w\u00fcrden. Zig Wohnmobile auf einem Parkplatz &#8211; eine Ausstellung aller verf\u00fcgbaren Marken und Aufbauten &#8211; eng zusammengestellt, kein Baum, Schild in der Einfahrt &#8222;completo&#8220; &#8211; leider kein Foto gemacht. Wir fuhren daher etwas weiter auf einen anderen Platz &#8222;Quinta de Eira Antiga&#8220; in Prego &#8211; zwar keine Dusche oder Toilette, aber Entsorgungsm\u00f6glichkeit (10 \u20ac \/ Nacht, Strom inklusive). Der Empfang war herzlich, wenig englisch daf\u00fcr franz\u00f6sische Konversation. Wir durften einen Platz aussuchen, alle stehen kreuz und quer und es sind schon einige Wohnmobile auf dem Platz. Der Freund des Platzwarts gab uns Tipps, wo man in der N\u00e4he Essen gehen kann und wie man mit dem Fahrrad nach Tavira kommt. Angesichts des immer wieder einsetzenden Regens beschliessen wir direkt Essen zu gehen. Das Restaurant &#8222;Lu\u00eds do Prego&#8220; war nur 100 m die Strasse runter, also gingen wir zu Fuss. Wir bekamen einen Tisch. Zum Gl\u00fcck waren wir gleich gegangen, denn innerhalb weniger Minuten war das Lokal nahezu voll besetzt. Die Speisekarte hing an der Wand &#8211;\u00a0 auf portugisisch und auf englisch &#8211; wir sind in einem touristisch hoch frequentierten Gebiet.<\/p>\n\n\n\n<figure class=\"wp-block-gallery has-nested-images columns-2 is-cropped wp-block-gallery-4 is-layout-flex wp-block-gallery-is-layout-flex\">\n<figure class=\"wp-block-image size-full\"><img loading=\"lazy\" decoding=\"async\" width=\"2560\" height=\"1440\" data-id=\"26491\" src=\"https:\/\/jblanz.de\/WP\/wp-content\/uploads\/2025\/03\/25Spanien-2246-scaled.jpg\" alt=\"\" class=\"wp-image-26491\" srcset=\"https:\/\/jblanz.de\/WP\/wp-content\/uploads\/2025\/03\/25Spanien-2246-scaled.jpg 2560w, https:\/\/jblanz.de\/WP\/wp-content\/uploads\/2025\/03\/25Spanien-2246-300x169.jpg 300w, https:\/\/jblanz.de\/WP\/wp-content\/uploads\/2025\/03\/25Spanien-2246-1024x576.jpg 1024w, https:\/\/jblanz.de\/WP\/wp-content\/uploads\/2025\/03\/25Spanien-2246-768x432.jpg 768w, https:\/\/jblanz.de\/WP\/wp-content\/uploads\/2025\/03\/25Spanien-2246-1536x864.jpg 1536w, https:\/\/jblanz.de\/WP\/wp-content\/uploads\/2025\/03\/25Spanien-2246-2048x1152.jpg 2048w\" sizes=\"auto, (max-width: 2560px) 100vw, 2560px\" \/><\/figure>\n\n\n\n<figure class=\"wp-block-image size-full\"><img loading=\"lazy\" decoding=\"async\" width=\"2560\" height=\"1440\" data-id=\"26490\" src=\"https:\/\/jblanz.de\/WP\/wp-content\/uploads\/2025\/03\/25Spanien-2249-scaled.jpg\" alt=\"\" class=\"wp-image-26490\" srcset=\"https:\/\/jblanz.de\/WP\/wp-content\/uploads\/2025\/03\/25Spanien-2249-scaled.jpg 2560w, https:\/\/jblanz.de\/WP\/wp-content\/uploads\/2025\/03\/25Spanien-2249-300x169.jpg 300w, https:\/\/jblanz.de\/WP\/wp-content\/uploads\/2025\/03\/25Spanien-2249-1024x576.jpg 1024w, https:\/\/jblanz.de\/WP\/wp-content\/uploads\/2025\/03\/25Spanien-2249-768x432.jpg 768w, https:\/\/jblanz.de\/WP\/wp-content\/uploads\/2025\/03\/25Spanien-2249-1536x864.jpg 1536w, https:\/\/jblanz.de\/WP\/wp-content\/uploads\/2025\/03\/25Spanien-2249-2048x1152.jpg 2048w\" sizes=\"auto, (max-width: 2560px) 100vw, 2560px\" \/><\/figure>\n\n\n\n<figure class=\"wp-block-image size-full\"><img loading=\"lazy\" decoding=\"async\" width=\"2560\" height=\"1440\" data-id=\"26488\" src=\"https:\/\/jblanz.de\/WP\/wp-content\/uploads\/2025\/03\/25Spanien-2248-scaled.jpg\" alt=\"\" class=\"wp-image-26488\" srcset=\"https:\/\/jblanz.de\/WP\/wp-content\/uploads\/2025\/03\/25Spanien-2248-scaled.jpg 2560w, https:\/\/jblanz.de\/WP\/wp-content\/uploads\/2025\/03\/25Spanien-2248-300x169.jpg 300w, https:\/\/jblanz.de\/WP\/wp-content\/uploads\/2025\/03\/25Spanien-2248-1024x576.jpg 1024w, https:\/\/jblanz.de\/WP\/wp-content\/uploads\/2025\/03\/25Spanien-2248-768x432.jpg 768w, https:\/\/jblanz.de\/WP\/wp-content\/uploads\/2025\/03\/25Spanien-2248-1536x864.jpg 1536w, https:\/\/jblanz.de\/WP\/wp-content\/uploads\/2025\/03\/25Spanien-2248-2048x1152.jpg 2048w\" sizes=\"auto, (max-width: 2560px) 100vw, 2560px\" \/><\/figure>\n\n\n\n<figure class=\"wp-block-image size-full\"><img loading=\"lazy\" decoding=\"async\" width=\"2560\" height=\"1440\" data-id=\"26489\" src=\"https:\/\/jblanz.de\/WP\/wp-content\/uploads\/2025\/03\/25Spanien-2245-scaled.jpg\" alt=\"\" class=\"wp-image-26489\" srcset=\"https:\/\/jblanz.de\/WP\/wp-content\/uploads\/2025\/03\/25Spanien-2245-scaled.jpg 2560w, https:\/\/jblanz.de\/WP\/wp-content\/uploads\/2025\/03\/25Spanien-2245-300x169.jpg 300w, https:\/\/jblanz.de\/WP\/wp-content\/uploads\/2025\/03\/25Spanien-2245-1024x576.jpg 1024w, https:\/\/jblanz.de\/WP\/wp-content\/uploads\/2025\/03\/25Spanien-2245-768x432.jpg 768w, https:\/\/jblanz.de\/WP\/wp-content\/uploads\/2025\/03\/25Spanien-2245-1536x864.jpg 1536w, https:\/\/jblanz.de\/WP\/wp-content\/uploads\/2025\/03\/25Spanien-2245-2048x1152.jpg 2048w\" sizes=\"auto, (max-width: 2560px) 100vw, 2560px\" \/><\/figure>\n\n\n\n<figure class=\"wp-block-image size-full\"><img loading=\"lazy\" decoding=\"async\" width=\"1799\" height=\"1012\" data-id=\"26487\" src=\"https:\/\/jblanz.de\/WP\/wp-content\/uploads\/2025\/03\/25Spanien-2247.jpg\" alt=\"\" class=\"wp-image-26487\" srcset=\"https:\/\/jblanz.de\/WP\/wp-content\/uploads\/2025\/03\/25Spanien-2247.jpg 1799w, https:\/\/jblanz.de\/WP\/wp-content\/uploads\/2025\/03\/25Spanien-2247-300x169.jpg 300w, https:\/\/jblanz.de\/WP\/wp-content\/uploads\/2025\/03\/25Spanien-2247-1024x576.jpg 1024w, https:\/\/jblanz.de\/WP\/wp-content\/uploads\/2025\/03\/25Spanien-2247-768x432.jpg 768w, https:\/\/jblanz.de\/WP\/wp-content\/uploads\/2025\/03\/25Spanien-2247-1536x864.jpg 1536w\" sizes=\"auto, (max-width: 1799px) 100vw, 1799px\" \/><\/figure>\n<\/figure>\n\n\n\n<p>W\u00e4hrend wir auf das Essen warteten, schauten wir nach, wo der Caminito del Rey ist, den wir gerne noch besuchen w\u00fcrden. Als ich pr\u00fcfte, ob es noch Tickets gibt, musste ich feststellen, dass bis 17. M\u00e4rz ausverkauft ist. Tja, den Weg k\u00f6nnen wir uns sparen. Zur\u00fcck am Camp spielten wir eine Runde Billiard im Zelt des Camps, Karin gewann.<\/p>\n\n\n\n<figure class=\"wp-block-gallery has-nested-images columns-2 is-cropped wp-block-gallery-5 is-layout-flex wp-block-gallery-is-layout-flex\">\n<figure class=\"wp-block-image size-full\"><img loading=\"lazy\" decoding=\"async\" width=\"2202\" height=\"1016\" data-id=\"26493\" src=\"https:\/\/jblanz.de\/WP\/wp-content\/uploads\/2025\/03\/25Spanien-2251.jpg\" alt=\"\" class=\"wp-image-26493\" srcset=\"https:\/\/jblanz.de\/WP\/wp-content\/uploads\/2025\/03\/25Spanien-2251.jpg 2202w, https:\/\/jblanz.de\/WP\/wp-content\/uploads\/2025\/03\/25Spanien-2251-300x138.jpg 300w, https:\/\/jblanz.de\/WP\/wp-content\/uploads\/2025\/03\/25Spanien-2251-1024x472.jpg 1024w, https:\/\/jblanz.de\/WP\/wp-content\/uploads\/2025\/03\/25Spanien-2251-768x354.jpg 768w, https:\/\/jblanz.de\/WP\/wp-content\/uploads\/2025\/03\/25Spanien-2251-1536x709.jpg 1536w, https:\/\/jblanz.de\/WP\/wp-content\/uploads\/2025\/03\/25Spanien-2251-2048x945.jpg 2048w\" sizes=\"auto, (max-width: 2202px) 100vw, 2202px\" \/><figcaption class=\"wp-element-caption\">Screenshot<\/figcaption><\/figure>\n\n\n\n<figure class=\"wp-block-image size-full\"><img loading=\"lazy\" decoding=\"async\" width=\"2560\" height=\"1440\" data-id=\"26492\" src=\"https:\/\/jblanz.de\/WP\/wp-content\/uploads\/2025\/03\/25Spanien-2250-scaled.jpg\" alt=\"\" class=\"wp-image-26492\" srcset=\"https:\/\/jblanz.de\/WP\/wp-content\/uploads\/2025\/03\/25Spanien-2250-scaled.jpg 2560w, https:\/\/jblanz.de\/WP\/wp-content\/uploads\/2025\/03\/25Spanien-2250-300x169.jpg 300w, https:\/\/jblanz.de\/WP\/wp-content\/uploads\/2025\/03\/25Spanien-2250-1024x576.jpg 1024w, https:\/\/jblanz.de\/WP\/wp-content\/uploads\/2025\/03\/25Spanien-2250-768x432.jpg 768w, https:\/\/jblanz.de\/WP\/wp-content\/uploads\/2025\/03\/25Spanien-2250-1536x864.jpg 1536w, https:\/\/jblanz.de\/WP\/wp-content\/uploads\/2025\/03\/25Spanien-2250-2048x1152.jpg 2048w\" sizes=\"auto, (max-width: 2560px) 100vw, 2560px\" \/><\/figure>\n<\/figure>\n","protected":false},"excerpt":{"rendered":"<p>Noch ein paar Impressionen vom Camping Nirwana, den wir gegen 11 Uhr verliessen. Das Moskitonetz, das \u00fcber dem Gest\u00e4nge der<\/p>\n","protected":false},"author":1,"featured_media":26486,"comment_status":"open","ping_status":"open","sticky":false,"template":"","format":"standard","meta":{"colormag_page_container_layout":"default_layout","colormag_page_sidebar_layout":"default_layout","_monsterinsights_skip_tracking":false,"_monsterinsights_sitenote_active":false,"_monsterinsights_sitenote_note":"","_monsterinsights_sitenote_category":0,"footnotes":""},"categories":[269,314,315,159,268,307,242],"tags":[],"class_list":["post-26469","post","type-post","status-publish","format-standard","has-post-thumbnail","hentry","category-2020-jahr","category-314","category-2025-2020-jahr","category-europa","category-jahr","category-k-z","category-portugal"],"yoast_head":"<!-- This site is optimized with the Yoast SEO plugin v27.4 - https:\/\/yoast.com\/product\/yoast-seo-wordpress\/ -->\n<title>05. M\u00e4rz 2025 - Tavira - Reiseblog von Karin &amp; Joachim<\/title>\n<meta name=\"robots\" content=\"index, follow, max-snippet:-1, max-image-preview:large, max-video-preview:-1\" \/>\n<link rel=\"canonical\" href=\"https:\/\/jblanz.de\/WP\/05-maerz-2025-tavira\/\" \/>\n<meta property=\"og:locale\" content=\"de_DE\" \/>\n<meta property=\"og:type\" content=\"article\" \/>\n<meta property=\"og:title\" content=\"05. M\u00e4rz 2025 - Tavira - Reiseblog von Karin &amp; Joachim\" \/>\n<meta property=\"og:description\" content=\"Noch ein paar Impressionen vom Camping Nirwana, den wir gegen 11 Uhr verliessen. Das Moskitonetz, das \u00fcber dem Gest\u00e4nge der\" \/>\n<meta property=\"og:url\" content=\"https:\/\/jblanz.de\/WP\/05-maerz-2025-tavira\/\" \/>\n<meta property=\"og:site_name\" content=\"Reiseblog von Karin &amp; Joachim\" \/>\n<meta property=\"article:published_time\" content=\"2025-03-05T16:43:45+00:00\" \/>\n<meta property=\"article:modified_time\" content=\"2025-03-06T23:10:45+00:00\" \/>\n<meta property=\"og:image\" content=\"https:\/\/jblanz.de\/WP\/wp-content\/uploads\/2025\/03\/25Spanien-2244-scaled.jpg\" \/>\n\t<meta property=\"og:image:width\" content=\"2560\" \/>\n\t<meta property=\"og:image:height\" content=\"1440\" \/>\n\t<meta property=\"og:image:type\" content=\"image\/jpeg\" \/>\n<meta name=\"author\" content=\"Achim\" \/>\n<meta name=\"twitter:card\" content=\"summary_large_image\" \/>\n<meta name=\"twitter:label1\" content=\"Verfasst von\" \/>\n\t<meta name=\"twitter:data1\" content=\"Achim\" \/>\n\t<meta name=\"twitter:label2\" content=\"Gesch\u00e4tzte Lesezeit\" \/>\n\t<meta name=\"twitter:data2\" content=\"6\u00a0Minuten\" \/>\n<script type=\"application\/ld+json\" class=\"yoast-schema-graph\">{\"@context\":\"https:\\\/\\\/schema.org\",\"@graph\":[{\"@type\":\"Article\",\"@id\":\"https:\\\/\\\/jblanz.de\\\/WP\\\/05-maerz-2025-tavira\\\/#article\",\"isPartOf\":{\"@id\":\"https:\\\/\\\/jblanz.de\\\/WP\\\/05-maerz-2025-tavira\\\/\"},\"author\":{\"name\":\"Achim\",\"@id\":\"https:\\\/\\\/jblanz.de\\\/WP\\\/#\\\/schema\\\/person\\\/17a70f07162e42bc0b181c22397286e0\"},\"headline\":\"05. M\u00e4rz 2025 &#8211; Tavira\",\"datePublished\":\"2025-03-05T16:43:45+00:00\",\"dateModified\":\"2025-03-06T23:10:45+00:00\",\"mainEntityOfPage\":{\"@id\":\"https:\\\/\\\/jblanz.de\\\/WP\\\/05-maerz-2025-tavira\\\/\"},\"wordCount\":395,\"commentCount\":0,\"publisher\":{\"@id\":\"https:\\\/\\\/jblanz.de\\\/WP\\\/#\\\/schema\\\/person\\\/17a70f07162e42bc0b181c22397286e0\"},\"image\":{\"@id\":\"https:\\\/\\\/jblanz.de\\\/WP\\\/05-maerz-2025-tavira\\\/#primaryimage\"},\"thumbnailUrl\":\"https:\\\/\\\/jblanz.de\\\/WP\\\/wp-content\\\/uploads\\\/2025\\\/03\\\/25Spanien-2244-scaled.jpg\",\"articleSection\":[\"2020+\",\"2025\",\"2025\",\"Europa\",\"Jahr\",\"K-Z\",\"Portugal\"],\"inLanguage\":\"de\",\"potentialAction\":[{\"@type\":\"CommentAction\",\"name\":\"Comment\",\"target\":[\"https:\\\/\\\/jblanz.de\\\/WP\\\/05-maerz-2025-tavira\\\/#respond\"]}]},{\"@type\":\"WebPage\",\"@id\":\"https:\\\/\\\/jblanz.de\\\/WP\\\/05-maerz-2025-tavira\\\/\",\"url\":\"https:\\\/\\\/jblanz.de\\\/WP\\\/05-maerz-2025-tavira\\\/\",\"name\":\"05. M\u00e4rz 2025 - Tavira - Reiseblog von Karin &amp; Joachim\",\"isPartOf\":{\"@id\":\"https:\\\/\\\/jblanz.de\\\/WP\\\/#website\"},\"primaryImageOfPage\":{\"@id\":\"https:\\\/\\\/jblanz.de\\\/WP\\\/05-maerz-2025-tavira\\\/#primaryimage\"},\"image\":{\"@id\":\"https:\\\/\\\/jblanz.de\\\/WP\\\/05-maerz-2025-tavira\\\/#primaryimage\"},\"thumbnailUrl\":\"https:\\\/\\\/jblanz.de\\\/WP\\\/wp-content\\\/uploads\\\/2025\\\/03\\\/25Spanien-2244-scaled.jpg\",\"datePublished\":\"2025-03-05T16:43:45+00:00\",\"dateModified\":\"2025-03-06T23:10:45+00:00\",\"breadcrumb\":{\"@id\":\"https:\\\/\\\/jblanz.de\\\/WP\\\/05-maerz-2025-tavira\\\/#breadcrumb\"},\"inLanguage\":\"de\",\"potentialAction\":[{\"@type\":\"ReadAction\",\"target\":[\"https:\\\/\\\/jblanz.de\\\/WP\\\/05-maerz-2025-tavira\\\/\"]}]},{\"@type\":\"ImageObject\",\"inLanguage\":\"de\",\"@id\":\"https:\\\/\\\/jblanz.de\\\/WP\\\/05-maerz-2025-tavira\\\/#primaryimage\",\"url\":\"https:\\\/\\\/jblanz.de\\\/WP\\\/wp-content\\\/uploads\\\/2025\\\/03\\\/25Spanien-2244-scaled.jpg\",\"contentUrl\":\"https:\\\/\\\/jblanz.de\\\/WP\\\/wp-content\\\/uploads\\\/2025\\\/03\\\/25Spanien-2244-scaled.jpg\",\"width\":2560,\"height\":1440},{\"@type\":\"BreadcrumbList\",\"@id\":\"https:\\\/\\\/jblanz.de\\\/WP\\\/05-maerz-2025-tavira\\\/#breadcrumb\",\"itemListElement\":[{\"@type\":\"ListItem\",\"position\":1,\"name\":\"Startseite\",\"item\":\"https:\\\/\\\/jblanz.de\\\/WP\\\/\"},{\"@type\":\"ListItem\",\"position\":2,\"name\":\"05. M\u00e4rz 2025 &#8211; Tavira\"}]},{\"@type\":\"WebSite\",\"@id\":\"https:\\\/\\\/jblanz.de\\\/WP\\\/#website\",\"url\":\"https:\\\/\\\/jblanz.de\\\/WP\\\/\",\"name\":\"Reiseblog von Karin & Joachim\",\"description\":\"Wir schreiben den Blog f\u00fcr uns als Erinnerung - f\u00fcr euch als Inspiration\",\"publisher\":{\"@id\":\"https:\\\/\\\/jblanz.de\\\/WP\\\/#\\\/schema\\\/person\\\/17a70f07162e42bc0b181c22397286e0\"},\"potentialAction\":[{\"@type\":\"SearchAction\",\"target\":{\"@type\":\"EntryPoint\",\"urlTemplate\":\"https:\\\/\\\/jblanz.de\\\/WP\\\/?s={search_term_string}\"},\"query-input\":{\"@type\":\"PropertyValueSpecification\",\"valueRequired\":true,\"valueName\":\"search_term_string\"}}],\"inLanguage\":\"de\"},{\"@type\":[\"Person\",\"Organization\"],\"@id\":\"https:\\\/\\\/jblanz.de\\\/WP\\\/#\\\/schema\\\/person\\\/17a70f07162e42bc0b181c22397286e0\",\"name\":\"Achim\",\"image\":{\"@type\":\"ImageObject\",\"inLanguage\":\"de\",\"@id\":\"https:\\\/\\\/secure.gravatar.com\\\/avatar\\\/b7ab31bc55956af4a9bebf7fd034761212b11b803b7e39464914d6abeefb12f3?s=96&d=mm&r=g\",\"url\":\"https:\\\/\\\/secure.gravatar.com\\\/avatar\\\/b7ab31bc55956af4a9bebf7fd034761212b11b803b7e39464914d6abeefb12f3?s=96&d=mm&r=g\",\"contentUrl\":\"https:\\\/\\\/secure.gravatar.com\\\/avatar\\\/b7ab31bc55956af4a9bebf7fd034761212b11b803b7e39464914d6abeefb12f3?s=96&d=mm&r=g\",\"caption\":\"Achim\"},\"logo\":{\"@id\":\"https:\\\/\\\/secure.gravatar.com\\\/avatar\\\/b7ab31bc55956af4a9bebf7fd034761212b11b803b7e39464914d6abeefb12f3?s=96&d=mm&r=g\"},\"url\":\"https:\\\/\\\/jblanz.de\\\/WP\\\/author\\\/achim\\\/\"}]}<\/script>\n<!-- \/ Yoast SEO plugin. -->","yoast_head_json":{"title":"05. M\u00e4rz 2025 - Tavira - Reiseblog von Karin &amp; Joachim","robots":{"index":"index","follow":"follow","max-snippet":"max-snippet:-1","max-image-preview":"max-image-preview:large","max-video-preview":"max-video-preview:-1"},"canonical":"https:\/\/jblanz.de\/WP\/05-maerz-2025-tavira\/","og_locale":"de_DE","og_type":"article","og_title":"05. M\u00e4rz 2025 - Tavira - Reiseblog von Karin &amp; Joachim","og_description":"Noch ein paar Impressionen vom Camping Nirwana, den wir gegen 11 Uhr verliessen. Das Moskitonetz, das \u00fcber dem Gest\u00e4nge der","og_url":"https:\/\/jblanz.de\/WP\/05-maerz-2025-tavira\/","og_site_name":"Reiseblog von Karin &amp; Joachim","article_published_time":"2025-03-05T16:43:45+00:00","article_modified_time":"2025-03-06T23:10:45+00:00","og_image":[{"width":2560,"height":1440,"url":"https:\/\/jblanz.de\/WP\/wp-content\/uploads\/2025\/03\/25Spanien-2244-scaled.jpg","type":"image\/jpeg"}],"author":"Achim","twitter_card":"summary_large_image","twitter_misc":{"Verfasst von":"Achim","Gesch\u00e4tzte Lesezeit":"6\u00a0Minuten"},"schema":{"@context":"https:\/\/schema.org","@graph":[{"@type":"Article","@id":"https:\/\/jblanz.de\/WP\/05-maerz-2025-tavira\/#article","isPartOf":{"@id":"https:\/\/jblanz.de\/WP\/05-maerz-2025-tavira\/"},"author":{"name":"Achim","@id":"https:\/\/jblanz.de\/WP\/#\/schema\/person\/17a70f07162e42bc0b181c22397286e0"},"headline":"05. M\u00e4rz 2025 &#8211; Tavira","datePublished":"2025-03-05T16:43:45+00:00","dateModified":"2025-03-06T23:10:45+00:00","mainEntityOfPage":{"@id":"https:\/\/jblanz.de\/WP\/05-maerz-2025-tavira\/"},"wordCount":395,"commentCount":0,"publisher":{"@id":"https:\/\/jblanz.de\/WP\/#\/schema\/person\/17a70f07162e42bc0b181c22397286e0"},"image":{"@id":"https:\/\/jblanz.de\/WP\/05-maerz-2025-tavira\/#primaryimage"},"thumbnailUrl":"https:\/\/jblanz.de\/WP\/wp-content\/uploads\/2025\/03\/25Spanien-2244-scaled.jpg","articleSection":["2020+","2025","2025","Europa","Jahr","K-Z","Portugal"],"inLanguage":"de","potentialAction":[{"@type":"CommentAction","name":"Comment","target":["https:\/\/jblanz.de\/WP\/05-maerz-2025-tavira\/#respond"]}]},{"@type":"WebPage","@id":"https:\/\/jblanz.de\/WP\/05-maerz-2025-tavira\/","url":"https:\/\/jblanz.de\/WP\/05-maerz-2025-tavira\/","name":"05. M\u00e4rz 2025 - Tavira - Reiseblog von Karin &amp; Joachim","isPartOf":{"@id":"https:\/\/jblanz.de\/WP\/#website"},"primaryImageOfPage":{"@id":"https:\/\/jblanz.de\/WP\/05-maerz-2025-tavira\/#primaryimage"},"image":{"@id":"https:\/\/jblanz.de\/WP\/05-maerz-2025-tavira\/#primaryimage"},"thumbnailUrl":"https:\/\/jblanz.de\/WP\/wp-content\/uploads\/2025\/03\/25Spanien-2244-scaled.jpg","datePublished":"2025-03-05T16:43:45+00:00","dateModified":"2025-03-06T23:10:45+00:00","breadcrumb":{"@id":"https:\/\/jblanz.de\/WP\/05-maerz-2025-tavira\/#breadcrumb"},"inLanguage":"de","potentialAction":[{"@type":"ReadAction","target":["https:\/\/jblanz.de\/WP\/05-maerz-2025-tavira\/"]}]},{"@type":"ImageObject","inLanguage":"de","@id":"https:\/\/jblanz.de\/WP\/05-maerz-2025-tavira\/#primaryimage","url":"https:\/\/jblanz.de\/WP\/wp-content\/uploads\/2025\/03\/25Spanien-2244-scaled.jpg","contentUrl":"https:\/\/jblanz.de\/WP\/wp-content\/uploads\/2025\/03\/25Spanien-2244-scaled.jpg","width":2560,"height":1440},{"@type":"BreadcrumbList","@id":"https:\/\/jblanz.de\/WP\/05-maerz-2025-tavira\/#breadcrumb","itemListElement":[{"@type":"ListItem","position":1,"name":"Startseite","item":"https:\/\/jblanz.de\/WP\/"},{"@type":"ListItem","position":2,"name":"05. M\u00e4rz 2025 &#8211; Tavira"}]},{"@type":"WebSite","@id":"https:\/\/jblanz.de\/WP\/#website","url":"https:\/\/jblanz.de\/WP\/","name":"Reiseblog von Karin & Joachim","description":"Wir schreiben den Blog f\u00fcr uns als Erinnerung - f\u00fcr euch als Inspiration","publisher":{"@id":"https:\/\/jblanz.de\/WP\/#\/schema\/person\/17a70f07162e42bc0b181c22397286e0"},"potentialAction":[{"@type":"SearchAction","target":{"@type":"EntryPoint","urlTemplate":"https:\/\/jblanz.de\/WP\/?s={search_term_string}"},"query-input":{"@type":"PropertyValueSpecification","valueRequired":true,"valueName":"search_term_string"}}],"inLanguage":"de"},{"@type":["Person","Organization"],"@id":"https:\/\/jblanz.de\/WP\/#\/schema\/person\/17a70f07162e42bc0b181c22397286e0","name":"Achim","image":{"@type":"ImageObject","inLanguage":"de","@id":"https:\/\/secure.gravatar.com\/avatar\/b7ab31bc55956af4a9bebf7fd034761212b11b803b7e39464914d6abeefb12f3?s=96&d=mm&r=g","url":"https:\/\/secure.gravatar.com\/avatar\/b7ab31bc55956af4a9bebf7fd034761212b11b803b7e39464914d6abeefb12f3?s=96&d=mm&r=g","contentUrl":"https:\/\/secure.gravatar.com\/avatar\/b7ab31bc55956af4a9bebf7fd034761212b11b803b7e39464914d6abeefb12f3?s=96&d=mm&r=g","caption":"Achim"},"logo":{"@id":"https:\/\/secure.gravatar.com\/avatar\/b7ab31bc55956af4a9bebf7fd034761212b11b803b7e39464914d6abeefb12f3?s=96&d=mm&r=g"},"url":"https:\/\/jblanz.de\/WP\/author\/achim\/"}]}},"_links":{"self":[{"href":"https:\/\/jblanz.de\/WP\/wp-json\/wp\/v2\/posts\/26469","targetHints":{"allow":["GET"]}}],"collection":[{"href":"https:\/\/jblanz.de\/WP\/wp-json\/wp\/v2\/posts"}],"about":[{"href":"https:\/\/jblanz.de\/WP\/wp-json\/wp\/v2\/types\/post"}],"author":[{"embeddable":true,"href":"https:\/\/jblanz.de\/WP\/wp-json\/wp\/v2\/users\/1"}],"replies":[{"embeddable":true,"href":"https:\/\/jblanz.de\/WP\/wp-json\/wp\/v2\/comments?post=26469"}],"version-history":[{"count":0,"href":"https:\/\/jblanz.de\/WP\/wp-json\/wp\/v2\/posts\/26469\/revisions"}],"wp:featuredmedia":[{"embeddable":true,"href":"https:\/\/jblanz.de\/WP\/wp-json\/wp\/v2\/media\/26486"}],"wp:attachment":[{"href":"https:\/\/jblanz.de\/WP\/wp-json\/wp\/v2\/media?parent=26469"}],"wp:term":[{"taxonomy":"category","embeddable":true,"href":"https:\/\/jblanz.de\/WP\/wp-json\/wp\/v2\/categories?post=26469"},{"taxonomy":"post_tag","embeddable":true,"href":"https:\/\/jblanz.de\/WP\/wp-json\/wp\/v2\/tags?post=26469"}],"curies":[{"name":"wp","href":"https:\/\/api.w.org\/{rel}","templated":true}]}}