{"id":26585,"date":"2025-03-07T22:24:28","date_gmt":"2025-03-07T21:24:28","guid":{"rendered":"https:\/\/jblanz.de\/WP\/?p=26585"},"modified":"2025-03-09T08:13:34","modified_gmt":"2025-03-09T07:13:34","slug":"07-maerz-2025-setenil-de-las-bodegas","status":"publish","type":"post","link":"https:\/\/jblanz.de\/WP\/07-maerz-2025-setenil-de-las-bodegas\/","title":{"rendered":"07. M\u00e4rz 2025 &#8211; Setenil de las Bodegas"},"content":{"rendered":"\n<p>Es gab eine Warnwettermeldung f\u00fcr die Gegend, in der wir uns aufhielten. Zwei Tage heftiger Dauerregen am Samstag und Sonntag waren vorhergesagt. Wir entschlossen uns daher in Richtung Westen weiterzufahren. Ganz im Westen Spaniens war die Vorhersage g\u00fcnstiger. Es zogen bereits dicke Wolken auf, als wir Fr\u00fchst\u00fcckten. <\/p>\n\n\n\n<figure class=\"wp-block-gallery has-nested-images columns-2 is-cropped wp-block-gallery-2 is-layout-flex wp-block-gallery-is-layout-flex\">\n<figure class=\"wp-block-image size-full\"><img loading=\"lazy\" decoding=\"async\" width=\"2560\" height=\"1440\" data-id=\"26591\" src=\"https:\/\/jblanz.de\/WP\/wp-content\/uploads\/2025\/03\/IMG_1594-scaled.jpg\" alt=\"\" class=\"wp-image-26591\" srcset=\"https:\/\/jblanz.de\/WP\/wp-content\/uploads\/2025\/03\/IMG_1594-scaled.jpg 2560w, https:\/\/jblanz.de\/WP\/wp-content\/uploads\/2025\/03\/IMG_1594-300x169.jpg 300w, https:\/\/jblanz.de\/WP\/wp-content\/uploads\/2025\/03\/IMG_1594-1024x576.jpg 1024w, https:\/\/jblanz.de\/WP\/wp-content\/uploads\/2025\/03\/IMG_1594-768x432.jpg 768w, https:\/\/jblanz.de\/WP\/wp-content\/uploads\/2025\/03\/IMG_1594-1536x864.jpg 1536w, https:\/\/jblanz.de\/WP\/wp-content\/uploads\/2025\/03\/IMG_1594-2048x1152.jpg 2048w\" sizes=\"auto, (max-width: 2560px) 100vw, 2560px\" \/><\/figure>\n\n\n\n<figure class=\"wp-block-image size-full\"><img loading=\"lazy\" decoding=\"async\" width=\"2560\" height=\"1440\" data-id=\"26588\" src=\"https:\/\/jblanz.de\/WP\/wp-content\/uploads\/2025\/03\/IMG_1593-scaled.jpg\" alt=\"\" class=\"wp-image-26588\" srcset=\"https:\/\/jblanz.de\/WP\/wp-content\/uploads\/2025\/03\/IMG_1593-scaled.jpg 2560w, https:\/\/jblanz.de\/WP\/wp-content\/uploads\/2025\/03\/IMG_1593-300x169.jpg 300w, https:\/\/jblanz.de\/WP\/wp-content\/uploads\/2025\/03\/IMG_1593-1024x576.jpg 1024w, https:\/\/jblanz.de\/WP\/wp-content\/uploads\/2025\/03\/IMG_1593-768x432.jpg 768w, https:\/\/jblanz.de\/WP\/wp-content\/uploads\/2025\/03\/IMG_1593-1536x864.jpg 1536w, https:\/\/jblanz.de\/WP\/wp-content\/uploads\/2025\/03\/IMG_1593-2048x1152.jpg 2048w\" sizes=\"auto, (max-width: 2560px) 100vw, 2560px\" \/><\/figure>\n\n\n\n<figure class=\"wp-block-image size-full\"><img loading=\"lazy\" decoding=\"async\" width=\"2560\" height=\"1440\" data-id=\"26590\" src=\"https:\/\/jblanz.de\/WP\/wp-content\/uploads\/2025\/03\/IMG_1595-scaled.jpg\" alt=\"\" class=\"wp-image-26590\" srcset=\"https:\/\/jblanz.de\/WP\/wp-content\/uploads\/2025\/03\/IMG_1595-scaled.jpg 2560w, https:\/\/jblanz.de\/WP\/wp-content\/uploads\/2025\/03\/IMG_1595-300x169.jpg 300w, https:\/\/jblanz.de\/WP\/wp-content\/uploads\/2025\/03\/IMG_1595-1024x576.jpg 1024w, https:\/\/jblanz.de\/WP\/wp-content\/uploads\/2025\/03\/IMG_1595-768x432.jpg 768w, https:\/\/jblanz.de\/WP\/wp-content\/uploads\/2025\/03\/IMG_1595-1536x864.jpg 1536w, https:\/\/jblanz.de\/WP\/wp-content\/uploads\/2025\/03\/IMG_1595-2048x1152.jpg 2048w\" sizes=\"auto, (max-width: 2560px) 100vw, 2560px\" \/><\/figure>\n\n\n\n<figure class=\"wp-block-image size-full\"><img loading=\"lazy\" decoding=\"async\" width=\"2560\" height=\"1440\" data-id=\"26589\" src=\"https:\/\/jblanz.de\/WP\/wp-content\/uploads\/2025\/03\/IMG_2498-scaled.jpg\" alt=\"\" class=\"wp-image-26589\" srcset=\"https:\/\/jblanz.de\/WP\/wp-content\/uploads\/2025\/03\/IMG_2498-scaled.jpg 2560w, https:\/\/jblanz.de\/WP\/wp-content\/uploads\/2025\/03\/IMG_2498-300x169.jpg 300w, https:\/\/jblanz.de\/WP\/wp-content\/uploads\/2025\/03\/IMG_2498-1024x576.jpg 1024w, https:\/\/jblanz.de\/WP\/wp-content\/uploads\/2025\/03\/IMG_2498-768x432.jpg 768w, https:\/\/jblanz.de\/WP\/wp-content\/uploads\/2025\/03\/IMG_2498-1536x864.jpg 1536w, https:\/\/jblanz.de\/WP\/wp-content\/uploads\/2025\/03\/IMG_2498-2048x1152.jpg 2048w\" sizes=\"auto, (max-width: 2560px) 100vw, 2560px\" \/><\/figure>\n<\/figure>\n\n\n\n<p>Wir verliessen Portugal \u00fcber die Br\u00fccke am Rio Guadiana und fuhren Richtung Sevilla. Kurz nach Huelva wollten wir noch die Dolmen de Soto bei Trigueros anschauen. Im Internet war angek\u00fcndigt, dass der Besuch m\u00f6glich sei, nachdem eine Sanierung stattgefunden h\u00e4tte. Wir fuhren \u00fcber Trigueros an, da im Internet empfohlen wurde, bloss keinen anderen Weg zu nehmen. Es war ein 7 km langer geschotterter Feldweg mit vielen Schlagl\u00f6chern. Als wir endlich vor dem Eingang standen, war geschlossen. Nach ein paar Minuten kam von innen eine Frau, die uns das auch sagte und sich nicht erweichen liess uns f\u00fcr ein paar Minuten einzulassen. Die Fotos zeigen, was wir h\u00e4tten sehen k\u00f6nnen.<\/p>\n\n\n\n<figure class=\"wp-block-gallery has-nested-images columns-2 is-cropped wp-block-gallery-3 is-layout-flex wp-block-gallery-is-layout-flex\">\n<figure class=\"wp-block-image size-full\"><img loading=\"lazy\" decoding=\"async\" width=\"2560\" height=\"1440\" data-id=\"26596\" src=\"https:\/\/jblanz.de\/WP\/wp-content\/uploads\/2025\/03\/25Spanien-2380-scaled.jpg\" alt=\"\" class=\"wp-image-26596\" srcset=\"https:\/\/jblanz.de\/WP\/wp-content\/uploads\/2025\/03\/25Spanien-2380-scaled.jpg 2560w, https:\/\/jblanz.de\/WP\/wp-content\/uploads\/2025\/03\/25Spanien-2380-300x169.jpg 300w, https:\/\/jblanz.de\/WP\/wp-content\/uploads\/2025\/03\/25Spanien-2380-1024x576.jpg 1024w, https:\/\/jblanz.de\/WP\/wp-content\/uploads\/2025\/03\/25Spanien-2380-768x432.jpg 768w, https:\/\/jblanz.de\/WP\/wp-content\/uploads\/2025\/03\/25Spanien-2380-1536x864.jpg 1536w, https:\/\/jblanz.de\/WP\/wp-content\/uploads\/2025\/03\/25Spanien-2380-2048x1152.jpg 2048w\" sizes=\"auto, (max-width: 2560px) 100vw, 2560px\" \/><\/figure>\n\n\n\n<figure class=\"wp-block-image size-full\"><img loading=\"lazy\" decoding=\"async\" width=\"2560\" height=\"1440\" data-id=\"26598\" src=\"https:\/\/jblanz.de\/WP\/wp-content\/uploads\/2025\/03\/25Spanien-2381-scaled.jpg\" alt=\"\" class=\"wp-image-26598\" srcset=\"https:\/\/jblanz.de\/WP\/wp-content\/uploads\/2025\/03\/25Spanien-2381-scaled.jpg 2560w, https:\/\/jblanz.de\/WP\/wp-content\/uploads\/2025\/03\/25Spanien-2381-300x169.jpg 300w, https:\/\/jblanz.de\/WP\/wp-content\/uploads\/2025\/03\/25Spanien-2381-1024x576.jpg 1024w, https:\/\/jblanz.de\/WP\/wp-content\/uploads\/2025\/03\/25Spanien-2381-768x432.jpg 768w, https:\/\/jblanz.de\/WP\/wp-content\/uploads\/2025\/03\/25Spanien-2381-1536x864.jpg 1536w, https:\/\/jblanz.de\/WP\/wp-content\/uploads\/2025\/03\/25Spanien-2381-2048x1152.jpg 2048w\" sizes=\"auto, (max-width: 2560px) 100vw, 2560px\" \/><\/figure>\n\n\n\n<figure class=\"wp-block-image size-full\"><img loading=\"lazy\" decoding=\"async\" width=\"2560\" height=\"1440\" data-id=\"26595\" src=\"https:\/\/jblanz.de\/WP\/wp-content\/uploads\/2025\/03\/25Spanien-2385-scaled.jpg\" alt=\"\" class=\"wp-image-26595\" srcset=\"https:\/\/jblanz.de\/WP\/wp-content\/uploads\/2025\/03\/25Spanien-2385-scaled.jpg 2560w, https:\/\/jblanz.de\/WP\/wp-content\/uploads\/2025\/03\/25Spanien-2385-300x169.jpg 300w, https:\/\/jblanz.de\/WP\/wp-content\/uploads\/2025\/03\/25Spanien-2385-1024x576.jpg 1024w, https:\/\/jblanz.de\/WP\/wp-content\/uploads\/2025\/03\/25Spanien-2385-768x432.jpg 768w, https:\/\/jblanz.de\/WP\/wp-content\/uploads\/2025\/03\/25Spanien-2385-1536x864.jpg 1536w, https:\/\/jblanz.de\/WP\/wp-content\/uploads\/2025\/03\/25Spanien-2385-2048x1152.jpg 2048w\" sizes=\"auto, (max-width: 2560px) 100vw, 2560px\" \/><\/figure>\n\n\n\n<figure class=\"wp-block-image size-full\"><img loading=\"lazy\" decoding=\"async\" width=\"2560\" height=\"1440\" data-id=\"26594\" src=\"https:\/\/jblanz.de\/WP\/wp-content\/uploads\/2025\/03\/25Spanien-2387-scaled.jpg\" alt=\"\" class=\"wp-image-26594\" srcset=\"https:\/\/jblanz.de\/WP\/wp-content\/uploads\/2025\/03\/25Spanien-2387-scaled.jpg 2560w, https:\/\/jblanz.de\/WP\/wp-content\/uploads\/2025\/03\/25Spanien-2387-300x169.jpg 300w, https:\/\/jblanz.de\/WP\/wp-content\/uploads\/2025\/03\/25Spanien-2387-1024x576.jpg 1024w, https:\/\/jblanz.de\/WP\/wp-content\/uploads\/2025\/03\/25Spanien-2387-768x432.jpg 768w, https:\/\/jblanz.de\/WP\/wp-content\/uploads\/2025\/03\/25Spanien-2387-1536x864.jpg 1536w, https:\/\/jblanz.de\/WP\/wp-content\/uploads\/2025\/03\/25Spanien-2387-2048x1152.jpg 2048w\" sizes=\"auto, (max-width: 2560px) 100vw, 2560px\" \/><\/figure>\n\n\n\n<figure class=\"wp-block-image size-full\"><img loading=\"lazy\" decoding=\"async\" width=\"2560\" height=\"1440\" data-id=\"26597\" src=\"https:\/\/jblanz.de\/WP\/wp-content\/uploads\/2025\/03\/25Spanien-2388-scaled.jpg\" alt=\"\" class=\"wp-image-26597\" srcset=\"https:\/\/jblanz.de\/WP\/wp-content\/uploads\/2025\/03\/25Spanien-2388-scaled.jpg 2560w, https:\/\/jblanz.de\/WP\/wp-content\/uploads\/2025\/03\/25Spanien-2388-300x169.jpg 300w, https:\/\/jblanz.de\/WP\/wp-content\/uploads\/2025\/03\/25Spanien-2388-1024x576.jpg 1024w, https:\/\/jblanz.de\/WP\/wp-content\/uploads\/2025\/03\/25Spanien-2388-768x432.jpg 768w, https:\/\/jblanz.de\/WP\/wp-content\/uploads\/2025\/03\/25Spanien-2388-1536x864.jpg 1536w, https:\/\/jblanz.de\/WP\/wp-content\/uploads\/2025\/03\/25Spanien-2388-2048x1152.jpg 2048w\" sizes=\"auto, (max-width: 2560px) 100vw, 2560px\" \/><\/figure>\n\n\n\n<figure class=\"wp-block-image size-full\"><img loading=\"lazy\" decoding=\"async\" width=\"2560\" height=\"1440\" data-id=\"26599\" src=\"https:\/\/jblanz.de\/WP\/wp-content\/uploads\/2025\/03\/25Spanien-2389-scaled.jpg\" alt=\"\" class=\"wp-image-26599\" srcset=\"https:\/\/jblanz.de\/WP\/wp-content\/uploads\/2025\/03\/25Spanien-2389-scaled.jpg 2560w, https:\/\/jblanz.de\/WP\/wp-content\/uploads\/2025\/03\/25Spanien-2389-300x169.jpg 300w, https:\/\/jblanz.de\/WP\/wp-content\/uploads\/2025\/03\/25Spanien-2389-1024x576.jpg 1024w, https:\/\/jblanz.de\/WP\/wp-content\/uploads\/2025\/03\/25Spanien-2389-768x432.jpg 768w, https:\/\/jblanz.de\/WP\/wp-content\/uploads\/2025\/03\/25Spanien-2389-1536x864.jpg 1536w, https:\/\/jblanz.de\/WP\/wp-content\/uploads\/2025\/03\/25Spanien-2389-2048x1152.jpg 2048w\" sizes=\"auto, (max-width: 2560px) 100vw, 2560px\" \/><\/figure>\n<\/figure>\n\n\n\n<p>Das Wetter blieb stabil. Die ganze Fahrt \u00fcber Sevilla bis Setenil regnete es nicht, manchmal kam sogar die Sonne durch. Diese Etappe war rund 250 km. In Sevilla wurde gerade eine 5-spurige Br\u00fccke saniert. Das f\u00fchrte nat\u00fcrlich zu einem kleinen Stau. Die Landschaft wurde immer h\u00fcgeliger und viele Burgen standen auf den Anh\u00f6hen. Das Dorf Zahara-de-la-Sierra machte auf jeden Fall ein Foto n\u00f6tig. Als ich ausstieg bemerkten wir, dass unser Bus bis zu den T\u00fcrgriffen hoch mit einer grauen Dreckschicht \u00fcberzogen war. Auch die Fahrr\u00e4der waren grau in grau. Die Fahrt auf der Schotterpiste w\u00e4hrend des Regens hinterliess ihre Spuren.<\/p>\n\n\n\n<figure class=\"wp-block-gallery has-nested-images columns-2 is-cropped wp-block-gallery-4 is-layout-flex wp-block-gallery-is-layout-flex\">\n<figure class=\"wp-block-image size-full\"><img loading=\"lazy\" decoding=\"async\" width=\"2560\" height=\"1440\" data-id=\"26607\" src=\"https:\/\/jblanz.de\/WP\/wp-content\/uploads\/2025\/03\/25Spanien-2397-scaled.jpg\" alt=\"\" class=\"wp-image-26607\" srcset=\"https:\/\/jblanz.de\/WP\/wp-content\/uploads\/2025\/03\/25Spanien-2397-scaled.jpg 2560w, https:\/\/jblanz.de\/WP\/wp-content\/uploads\/2025\/03\/25Spanien-2397-300x169.jpg 300w, https:\/\/jblanz.de\/WP\/wp-content\/uploads\/2025\/03\/25Spanien-2397-1024x576.jpg 1024w, https:\/\/jblanz.de\/WP\/wp-content\/uploads\/2025\/03\/25Spanien-2397-768x432.jpg 768w, https:\/\/jblanz.de\/WP\/wp-content\/uploads\/2025\/03\/25Spanien-2397-1536x864.jpg 1536w, https:\/\/jblanz.de\/WP\/wp-content\/uploads\/2025\/03\/25Spanien-2397-2048x1152.jpg 2048w\" sizes=\"auto, (max-width: 2560px) 100vw, 2560px\" \/><\/figure>\n\n\n\n<figure class=\"wp-block-image size-full\"><img loading=\"lazy\" decoding=\"async\" width=\"2560\" height=\"1440\" data-id=\"26611\" src=\"https:\/\/jblanz.de\/WP\/wp-content\/uploads\/2025\/03\/25Spanien-2398-scaled.jpg\" alt=\"\" class=\"wp-image-26611\" srcset=\"https:\/\/jblanz.de\/WP\/wp-content\/uploads\/2025\/03\/25Spanien-2398-scaled.jpg 2560w, https:\/\/jblanz.de\/WP\/wp-content\/uploads\/2025\/03\/25Spanien-2398-300x169.jpg 300w, https:\/\/jblanz.de\/WP\/wp-content\/uploads\/2025\/03\/25Spanien-2398-1024x576.jpg 1024w, https:\/\/jblanz.de\/WP\/wp-content\/uploads\/2025\/03\/25Spanien-2398-768x432.jpg 768w, https:\/\/jblanz.de\/WP\/wp-content\/uploads\/2025\/03\/25Spanien-2398-1536x864.jpg 1536w, https:\/\/jblanz.de\/WP\/wp-content\/uploads\/2025\/03\/25Spanien-2398-2048x1152.jpg 2048w\" sizes=\"auto, (max-width: 2560px) 100vw, 2560px\" \/><\/figure>\n\n\n\n<figure class=\"wp-block-image size-full\"><img loading=\"lazy\" decoding=\"async\" width=\"2560\" height=\"1440\" data-id=\"26608\" src=\"https:\/\/jblanz.de\/WP\/wp-content\/uploads\/2025\/03\/25Spanien-2407-scaled.jpg\" alt=\"\" class=\"wp-image-26608\" srcset=\"https:\/\/jblanz.de\/WP\/wp-content\/uploads\/2025\/03\/25Spanien-2407-scaled.jpg 2560w, https:\/\/jblanz.de\/WP\/wp-content\/uploads\/2025\/03\/25Spanien-2407-300x169.jpg 300w, https:\/\/jblanz.de\/WP\/wp-content\/uploads\/2025\/03\/25Spanien-2407-1024x576.jpg 1024w, https:\/\/jblanz.de\/WP\/wp-content\/uploads\/2025\/03\/25Spanien-2407-768x432.jpg 768w, https:\/\/jblanz.de\/WP\/wp-content\/uploads\/2025\/03\/25Spanien-2407-1536x864.jpg 1536w, https:\/\/jblanz.de\/WP\/wp-content\/uploads\/2025\/03\/25Spanien-2407-2048x1152.jpg 2048w\" sizes=\"auto, (max-width: 2560px) 100vw, 2560px\" \/><\/figure>\n\n\n\n<figure class=\"wp-block-image size-full\"><img loading=\"lazy\" decoding=\"async\" width=\"2560\" height=\"1440\" data-id=\"26610\" src=\"https:\/\/jblanz.de\/WP\/wp-content\/uploads\/2025\/03\/25Spanien-2408-scaled.jpg\" alt=\"\" class=\"wp-image-26610\" srcset=\"https:\/\/jblanz.de\/WP\/wp-content\/uploads\/2025\/03\/25Spanien-2408-scaled.jpg 2560w, https:\/\/jblanz.de\/WP\/wp-content\/uploads\/2025\/03\/25Spanien-2408-300x169.jpg 300w, https:\/\/jblanz.de\/WP\/wp-content\/uploads\/2025\/03\/25Spanien-2408-1024x576.jpg 1024w, https:\/\/jblanz.de\/WP\/wp-content\/uploads\/2025\/03\/25Spanien-2408-768x432.jpg 768w, https:\/\/jblanz.de\/WP\/wp-content\/uploads\/2025\/03\/25Spanien-2408-1536x864.jpg 1536w, https:\/\/jblanz.de\/WP\/wp-content\/uploads\/2025\/03\/25Spanien-2408-2048x1152.jpg 2048w\" sizes=\"auto, (max-width: 2560px) 100vw, 2560px\" \/><\/figure>\n\n\n\n<figure class=\"wp-block-image size-full\"><img loading=\"lazy\" decoding=\"async\" width=\"2560\" height=\"1440\" data-id=\"26606\" src=\"https:\/\/jblanz.de\/WP\/wp-content\/uploads\/2025\/03\/25Spanien-2410-scaled.jpg\" alt=\"\" class=\"wp-image-26606\" srcset=\"https:\/\/jblanz.de\/WP\/wp-content\/uploads\/2025\/03\/25Spanien-2410-scaled.jpg 2560w, https:\/\/jblanz.de\/WP\/wp-content\/uploads\/2025\/03\/25Spanien-2410-300x169.jpg 300w, https:\/\/jblanz.de\/WP\/wp-content\/uploads\/2025\/03\/25Spanien-2410-1024x576.jpg 1024w, https:\/\/jblanz.de\/WP\/wp-content\/uploads\/2025\/03\/25Spanien-2410-768x432.jpg 768w, https:\/\/jblanz.de\/WP\/wp-content\/uploads\/2025\/03\/25Spanien-2410-1536x864.jpg 1536w, https:\/\/jblanz.de\/WP\/wp-content\/uploads\/2025\/03\/25Spanien-2410-2048x1152.jpg 2048w\" sizes=\"auto, (max-width: 2560px) 100vw, 2560px\" \/><\/figure>\n\n\n\n<figure class=\"wp-block-image size-full\"><img loading=\"lazy\" decoding=\"async\" width=\"2560\" height=\"1440\" data-id=\"26612\" src=\"https:\/\/jblanz.de\/WP\/wp-content\/uploads\/2025\/03\/25Spanien-2411-scaled.jpg\" alt=\"\" class=\"wp-image-26612\" srcset=\"https:\/\/jblanz.de\/WP\/wp-content\/uploads\/2025\/03\/25Spanien-2411-scaled.jpg 2560w, https:\/\/jblanz.de\/WP\/wp-content\/uploads\/2025\/03\/25Spanien-2411-300x169.jpg 300w, https:\/\/jblanz.de\/WP\/wp-content\/uploads\/2025\/03\/25Spanien-2411-1024x576.jpg 1024w, https:\/\/jblanz.de\/WP\/wp-content\/uploads\/2025\/03\/25Spanien-2411-768x432.jpg 768w, https:\/\/jblanz.de\/WP\/wp-content\/uploads\/2025\/03\/25Spanien-2411-1536x864.jpg 1536w, https:\/\/jblanz.de\/WP\/wp-content\/uploads\/2025\/03\/25Spanien-2411-2048x1152.jpg 2048w\" sizes=\"auto, (max-width: 2560px) 100vw, 2560px\" \/><\/figure>\n\n\n\n<figure class=\"wp-block-image size-full\"><img loading=\"lazy\" decoding=\"async\" width=\"2560\" height=\"1440\" data-id=\"26609\" src=\"https:\/\/jblanz.de\/WP\/wp-content\/uploads\/2025\/03\/25Spanien-2412-scaled.jpg\" alt=\"\" class=\"wp-image-26609\" srcset=\"https:\/\/jblanz.de\/WP\/wp-content\/uploads\/2025\/03\/25Spanien-2412-scaled.jpg 2560w, https:\/\/jblanz.de\/WP\/wp-content\/uploads\/2025\/03\/25Spanien-2412-300x169.jpg 300w, https:\/\/jblanz.de\/WP\/wp-content\/uploads\/2025\/03\/25Spanien-2412-1024x576.jpg 1024w, https:\/\/jblanz.de\/WP\/wp-content\/uploads\/2025\/03\/25Spanien-2412-768x432.jpg 768w, https:\/\/jblanz.de\/WP\/wp-content\/uploads\/2025\/03\/25Spanien-2412-1536x864.jpg 1536w, https:\/\/jblanz.de\/WP\/wp-content\/uploads\/2025\/03\/25Spanien-2412-2048x1152.jpg 2048w\" sizes=\"auto, (max-width: 2560px) 100vw, 2560px\" \/><\/figure>\n<\/figure>\n\n\n\n<p>Wir fuhren direkt zum Camping El Nogalejo, der kurz hinter Setenil liegt. Als wir durch das Dorf fuhren, sahen wir noch viele Touristen herumgehen. Nach dem Check-In musste ich erst unssere Fahrr\u00e4der abspritzen, denn so dreckig wie sie waren, konnten wir nicht aufsitzen. Da es am Stellplatz einen Wasseranschluss hatte, konnte ich einen unserer Schl\u00e4uche anschliessen und die R\u00e4der einigerma\u00dfen reinigen. Der feine Staub ging selbst mit dem Wasserstrahl nicht v\u00f6llig weg. Der Camping hat 20 Stellpl\u00e4tze auf die man nur mit einigem Rangieren kam. Wir hatten Gl\u00fcck, dass der Platz hinter uns frei war und frei blieb. Der Untergrund der Pl\u00e4tze war gelber Lehm, der durch den Regen nat\u00fcrlich auch an den Schuhen klebte. In der Mitte zwischen den Stellpl\u00e4tzen und den Bungalows war ein sch\u00f6ner Spielplatz und eine Boulebahn,<\/p>\n\n\n\n<p>Wie im Wetterbericht vorhergesagt, endete der Regen gegen 17 Uhr und wir konnten mit den Fahrr\u00e4dern in die Altstadt fahren. Jetzt waren nur noch sehr wenige Leute unterwegs und wir konnten uns das Dorf in aller Ruhe anschauen. Das Besondere des Dorfs sind die H\u00e4user, die in den Fels hineingebaut sind. Leider sind das inzwischen ohne Ausnahme entweder Restaurants oder Andenkenl\u00e4den. Die H\u00e4user, die an die Steilh\u00e4nge angebaut sind, sehen wirklch sch\u00f6n aus.<\/p>\n\n\n\n<figure class=\"wp-block-gallery has-nested-images columns-2 is-cropped wp-block-gallery-5 is-layout-flex wp-block-gallery-is-layout-flex\">\n<figure class=\"wp-block-image size-large\"><img loading=\"lazy\" decoding=\"async\" width=\"1024\" height=\"576\" data-id=\"26663\" src=\"https:\/\/jblanz.de\/WP\/wp-content\/uploads\/2025\/03\/25Spanien-2424-1024x576.jpg\" alt=\"\" class=\"wp-image-26663\" srcset=\"https:\/\/jblanz.de\/WP\/wp-content\/uploads\/2025\/03\/25Spanien-2424-1024x576.jpg 1024w, https:\/\/jblanz.de\/WP\/wp-content\/uploads\/2025\/03\/25Spanien-2424-300x169.jpg 300w, https:\/\/jblanz.de\/WP\/wp-content\/uploads\/2025\/03\/25Spanien-2424-768x432.jpg 768w, https:\/\/jblanz.de\/WP\/wp-content\/uploads\/2025\/03\/25Spanien-2424-1536x864.jpg 1536w, https:\/\/jblanz.de\/WP\/wp-content\/uploads\/2025\/03\/25Spanien-2424-2048x1152.jpg 2048w\" sizes=\"auto, (max-width: 1024px) 100vw, 1024px\" \/><\/figure>\n\n\n\n<figure class=\"wp-block-image size-large\"><img loading=\"lazy\" decoding=\"async\" width=\"1024\" height=\"576\" data-id=\"26633\" src=\"https:\/\/jblanz.de\/WP\/wp-content\/uploads\/2025\/03\/25Spanien-2428-1024x576.jpg\" alt=\"\" class=\"wp-image-26633\" srcset=\"https:\/\/jblanz.de\/WP\/wp-content\/uploads\/2025\/03\/25Spanien-2428-1024x576.jpg 1024w, https:\/\/jblanz.de\/WP\/wp-content\/uploads\/2025\/03\/25Spanien-2428-300x169.jpg 300w, https:\/\/jblanz.de\/WP\/wp-content\/uploads\/2025\/03\/25Spanien-2428-768x432.jpg 768w, https:\/\/jblanz.de\/WP\/wp-content\/uploads\/2025\/03\/25Spanien-2428-1536x864.jpg 1536w, https:\/\/jblanz.de\/WP\/wp-content\/uploads\/2025\/03\/25Spanien-2428-2048x1152.jpg 2048w\" sizes=\"auto, (max-width: 1024px) 100vw, 1024px\" \/><\/figure>\n\n\n\n<figure class=\"wp-block-image size-large\"><img loading=\"lazy\" decoding=\"async\" width=\"1024\" height=\"576\" data-id=\"26634\" src=\"https:\/\/jblanz.de\/WP\/wp-content\/uploads\/2025\/03\/25Spanien-2431-1024x576.jpg\" alt=\"\" class=\"wp-image-26634\" srcset=\"https:\/\/jblanz.de\/WP\/wp-content\/uploads\/2025\/03\/25Spanien-2431-1024x576.jpg 1024w, https:\/\/jblanz.de\/WP\/wp-content\/uploads\/2025\/03\/25Spanien-2431-300x169.jpg 300w, https:\/\/jblanz.de\/WP\/wp-content\/uploads\/2025\/03\/25Spanien-2431-768x432.jpg 768w, https:\/\/jblanz.de\/WP\/wp-content\/uploads\/2025\/03\/25Spanien-2431-1536x864.jpg 1536w, https:\/\/jblanz.de\/WP\/wp-content\/uploads\/2025\/03\/25Spanien-2431-2048x1152.jpg 2048w\" sizes=\"auto, (max-width: 1024px) 100vw, 1024px\" \/><\/figure>\n\n\n\n<figure class=\"wp-block-image size-large\"><img loading=\"lazy\" decoding=\"async\" width=\"1024\" height=\"576\" data-id=\"26632\" src=\"https:\/\/jblanz.de\/WP\/wp-content\/uploads\/2025\/03\/25Spanien-2433-1024x576.jpg\" alt=\"\" class=\"wp-image-26632\" srcset=\"https:\/\/jblanz.de\/WP\/wp-content\/uploads\/2025\/03\/25Spanien-2433-1024x576.jpg 1024w, https:\/\/jblanz.de\/WP\/wp-content\/uploads\/2025\/03\/25Spanien-2433-300x169.jpg 300w, https:\/\/jblanz.de\/WP\/wp-content\/uploads\/2025\/03\/25Spanien-2433-768x432.jpg 768w, https:\/\/jblanz.de\/WP\/wp-content\/uploads\/2025\/03\/25Spanien-2433-1536x864.jpg 1536w, https:\/\/jblanz.de\/WP\/wp-content\/uploads\/2025\/03\/25Spanien-2433-2048x1152.jpg 2048w\" sizes=\"auto, (max-width: 1024px) 100vw, 1024px\" \/><\/figure>\n\n\n\n<figure class=\"wp-block-image size-large\"><img loading=\"lazy\" decoding=\"async\" width=\"1024\" height=\"634\" data-id=\"26631\" src=\"https:\/\/jblanz.de\/WP\/wp-content\/uploads\/2025\/03\/25Spanien-2434-1024x634.jpg\" alt=\"\" class=\"wp-image-26631\" srcset=\"https:\/\/jblanz.de\/WP\/wp-content\/uploads\/2025\/03\/25Spanien-2434-1024x634.jpg 1024w, https:\/\/jblanz.de\/WP\/wp-content\/uploads\/2025\/03\/25Spanien-2434-300x186.jpg 300w, https:\/\/jblanz.de\/WP\/wp-content\/uploads\/2025\/03\/25Spanien-2434-768x475.jpg 768w, https:\/\/jblanz.de\/WP\/wp-content\/uploads\/2025\/03\/25Spanien-2434-1536x950.jpg 1536w, https:\/\/jblanz.de\/WP\/wp-content\/uploads\/2025\/03\/25Spanien-2434-2048x1267.jpg 2048w\" sizes=\"auto, (max-width: 1024px) 100vw, 1024px\" \/><\/figure>\n\n\n\n<figure class=\"wp-block-image size-large\"><img loading=\"lazy\" decoding=\"async\" width=\"1024\" height=\"576\" data-id=\"26630\" src=\"https:\/\/jblanz.de\/WP\/wp-content\/uploads\/2025\/03\/25Spanien-2437-1024x576.jpg\" alt=\"\" class=\"wp-image-26630\" srcset=\"https:\/\/jblanz.de\/WP\/wp-content\/uploads\/2025\/03\/25Spanien-2437-1024x576.jpg 1024w, https:\/\/jblanz.de\/WP\/wp-content\/uploads\/2025\/03\/25Spanien-2437-300x169.jpg 300w, https:\/\/jblanz.de\/WP\/wp-content\/uploads\/2025\/03\/25Spanien-2437-768x432.jpg 768w, https:\/\/jblanz.de\/WP\/wp-content\/uploads\/2025\/03\/25Spanien-2437-1536x864.jpg 1536w, https:\/\/jblanz.de\/WP\/wp-content\/uploads\/2025\/03\/25Spanien-2437-2048x1152.jpg 2048w\" sizes=\"auto, (max-width: 1024px) 100vw, 1024px\" \/><\/figure>\n\n\n\n<figure class=\"wp-block-image size-large\"><img loading=\"lazy\" decoding=\"async\" width=\"1024\" height=\"576\" data-id=\"26636\" src=\"https:\/\/jblanz.de\/WP\/wp-content\/uploads\/2025\/03\/25Spanien-2438-Edit-1024x576.jpg\" alt=\"\" class=\"wp-image-26636\" srcset=\"https:\/\/jblanz.de\/WP\/wp-content\/uploads\/2025\/03\/25Spanien-2438-Edit-1024x576.jpg 1024w, https:\/\/jblanz.de\/WP\/wp-content\/uploads\/2025\/03\/25Spanien-2438-Edit-300x169.jpg 300w, https:\/\/jblanz.de\/WP\/wp-content\/uploads\/2025\/03\/25Spanien-2438-Edit-768x432.jpg 768w, https:\/\/jblanz.de\/WP\/wp-content\/uploads\/2025\/03\/25Spanien-2438-Edit.jpg 1332w\" sizes=\"auto, (max-width: 1024px) 100vw, 1024px\" \/><\/figure>\n\n\n\n<figure class=\"wp-block-image size-large\"><img loading=\"lazy\" decoding=\"async\" width=\"1024\" height=\"576\" data-id=\"26638\" src=\"https:\/\/jblanz.de\/WP\/wp-content\/uploads\/2025\/03\/25Spanien-2441-Edit-1024x576.jpg\" alt=\"\" class=\"wp-image-26638\" srcset=\"https:\/\/jblanz.de\/WP\/wp-content\/uploads\/2025\/03\/25Spanien-2441-Edit-1024x576.jpg 1024w, https:\/\/jblanz.de\/WP\/wp-content\/uploads\/2025\/03\/25Spanien-2441-Edit-300x169.jpg 300w, https:\/\/jblanz.de\/WP\/wp-content\/uploads\/2025\/03\/25Spanien-2441-Edit-768x432.jpg 768w, https:\/\/jblanz.de\/WP\/wp-content\/uploads\/2025\/03\/25Spanien-2441-Edit-1536x864.jpg 1536w, https:\/\/jblanz.de\/WP\/wp-content\/uploads\/2025\/03\/25Spanien-2441-Edit-2048x1152.jpg 2048w\" sizes=\"auto, (max-width: 1024px) 100vw, 1024px\" \/><\/figure>\n\n\n\n<figure class=\"wp-block-image size-large\"><img loading=\"lazy\" decoding=\"async\" width=\"1024\" height=\"576\" data-id=\"26641\" src=\"https:\/\/jblanz.de\/WP\/wp-content\/uploads\/2025\/03\/25Spanien-2444-1024x576.jpg\" alt=\"\" class=\"wp-image-26641\" srcset=\"https:\/\/jblanz.de\/WP\/wp-content\/uploads\/2025\/03\/25Spanien-2444-1024x576.jpg 1024w, https:\/\/jblanz.de\/WP\/wp-content\/uploads\/2025\/03\/25Spanien-2444-300x169.jpg 300w, https:\/\/jblanz.de\/WP\/wp-content\/uploads\/2025\/03\/25Spanien-2444-768x432.jpg 768w, https:\/\/jblanz.de\/WP\/wp-content\/uploads\/2025\/03\/25Spanien-2444-1536x864.jpg 1536w, https:\/\/jblanz.de\/WP\/wp-content\/uploads\/2025\/03\/25Spanien-2444-2048x1152.jpg 2048w\" sizes=\"auto, (max-width: 1024px) 100vw, 1024px\" \/><\/figure>\n\n\n\n<figure class=\"wp-block-image size-large\"><img loading=\"lazy\" decoding=\"async\" width=\"1024\" height=\"576\" data-id=\"26643\" src=\"https:\/\/jblanz.de\/WP\/wp-content\/uploads\/2025\/03\/25Spanien-2447-1024x576.jpg\" alt=\"\" class=\"wp-image-26643\" srcset=\"https:\/\/jblanz.de\/WP\/wp-content\/uploads\/2025\/03\/25Spanien-2447-1024x576.jpg 1024w, https:\/\/jblanz.de\/WP\/wp-content\/uploads\/2025\/03\/25Spanien-2447-300x169.jpg 300w, https:\/\/jblanz.de\/WP\/wp-content\/uploads\/2025\/03\/25Spanien-2447-768x432.jpg 768w, https:\/\/jblanz.de\/WP\/wp-content\/uploads\/2025\/03\/25Spanien-2447-1536x864.jpg 1536w, https:\/\/jblanz.de\/WP\/wp-content\/uploads\/2025\/03\/25Spanien-2447-2048x1152.jpg 2048w\" sizes=\"auto, (max-width: 1024px) 100vw, 1024px\" \/><\/figure>\n\n\n\n<figure class=\"wp-block-image size-large\"><img loading=\"lazy\" decoding=\"async\" width=\"1024\" height=\"576\" data-id=\"26646\" src=\"https:\/\/jblanz.de\/WP\/wp-content\/uploads\/2025\/03\/25Spanien-2450-1024x576.jpg\" alt=\"\" class=\"wp-image-26646\" srcset=\"https:\/\/jblanz.de\/WP\/wp-content\/uploads\/2025\/03\/25Spanien-2450-1024x576.jpg 1024w, https:\/\/jblanz.de\/WP\/wp-content\/uploads\/2025\/03\/25Spanien-2450-300x169.jpg 300w, https:\/\/jblanz.de\/WP\/wp-content\/uploads\/2025\/03\/25Spanien-2450-768x432.jpg 768w, https:\/\/jblanz.de\/WP\/wp-content\/uploads\/2025\/03\/25Spanien-2450-1536x864.jpg 1536w, https:\/\/jblanz.de\/WP\/wp-content\/uploads\/2025\/03\/25Spanien-2450-2048x1152.jpg 2048w\" sizes=\"auto, (max-width: 1024px) 100vw, 1024px\" \/><\/figure>\n\n\n\n<figure class=\"wp-block-image size-large\"><img loading=\"lazy\" decoding=\"async\" width=\"1024\" height=\"576\" data-id=\"26647\" src=\"https:\/\/jblanz.de\/WP\/wp-content\/uploads\/2025\/03\/25Spanien-2451-1024x576.jpg\" alt=\"\" class=\"wp-image-26647\" srcset=\"https:\/\/jblanz.de\/WP\/wp-content\/uploads\/2025\/03\/25Spanien-2451-1024x576.jpg 1024w, https:\/\/jblanz.de\/WP\/wp-content\/uploads\/2025\/03\/25Spanien-2451-300x169.jpg 300w, https:\/\/jblanz.de\/WP\/wp-content\/uploads\/2025\/03\/25Spanien-2451-768x432.jpg 768w, https:\/\/jblanz.de\/WP\/wp-content\/uploads\/2025\/03\/25Spanien-2451-1536x864.jpg 1536w, https:\/\/jblanz.de\/WP\/wp-content\/uploads\/2025\/03\/25Spanien-2451-2048x1152.jpg 2048w\" sizes=\"auto, (max-width: 1024px) 100vw, 1024px\" \/><\/figure>\n\n\n\n<figure class=\"wp-block-image size-large\"><img loading=\"lazy\" decoding=\"async\" width=\"1024\" height=\"576\" data-id=\"26639\" src=\"https:\/\/jblanz.de\/WP\/wp-content\/uploads\/2025\/03\/25Spanien-2452-1024x576.jpg\" alt=\"\" class=\"wp-image-26639\" srcset=\"https:\/\/jblanz.de\/WP\/wp-content\/uploads\/2025\/03\/25Spanien-2452-1024x576.jpg 1024w, https:\/\/jblanz.de\/WP\/wp-content\/uploads\/2025\/03\/25Spanien-2452-300x169.jpg 300w, https:\/\/jblanz.de\/WP\/wp-content\/uploads\/2025\/03\/25Spanien-2452-768x432.jpg 768w, https:\/\/jblanz.de\/WP\/wp-content\/uploads\/2025\/03\/25Spanien-2452-1536x864.jpg 1536w, https:\/\/jblanz.de\/WP\/wp-content\/uploads\/2025\/03\/25Spanien-2452-2048x1152.jpg 2048w\" sizes=\"auto, (max-width: 1024px) 100vw, 1024px\" \/><\/figure>\n\n\n\n<figure class=\"wp-block-image size-large\"><img loading=\"lazy\" decoding=\"async\" width=\"1024\" height=\"576\" data-id=\"26645\" src=\"https:\/\/jblanz.de\/WP\/wp-content\/uploads\/2025\/03\/25Spanien-2453-1024x576.jpg\" alt=\"\" class=\"wp-image-26645\" srcset=\"https:\/\/jblanz.de\/WP\/wp-content\/uploads\/2025\/03\/25Spanien-2453-1024x576.jpg 1024w, https:\/\/jblanz.de\/WP\/wp-content\/uploads\/2025\/03\/25Spanien-2453-300x169.jpg 300w, https:\/\/jblanz.de\/WP\/wp-content\/uploads\/2025\/03\/25Spanien-2453-768x432.jpg 768w, https:\/\/jblanz.de\/WP\/wp-content\/uploads\/2025\/03\/25Spanien-2453-1536x864.jpg 1536w, https:\/\/jblanz.de\/WP\/wp-content\/uploads\/2025\/03\/25Spanien-2453-2048x1152.jpg 2048w\" sizes=\"auto, (max-width: 1024px) 100vw, 1024px\" \/><\/figure>\n\n\n\n<figure class=\"wp-block-image size-large\"><img loading=\"lazy\" decoding=\"async\" width=\"1024\" height=\"576\" data-id=\"26644\" src=\"https:\/\/jblanz.de\/WP\/wp-content\/uploads\/2025\/03\/25Spanien-2455-1024x576.jpg\" alt=\"\" class=\"wp-image-26644\" srcset=\"https:\/\/jblanz.de\/WP\/wp-content\/uploads\/2025\/03\/25Spanien-2455-1024x576.jpg 1024w, https:\/\/jblanz.de\/WP\/wp-content\/uploads\/2025\/03\/25Spanien-2455-300x169.jpg 300w, https:\/\/jblanz.de\/WP\/wp-content\/uploads\/2025\/03\/25Spanien-2455-768x432.jpg 768w, https:\/\/jblanz.de\/WP\/wp-content\/uploads\/2025\/03\/25Spanien-2455-1536x864.jpg 1536w, https:\/\/jblanz.de\/WP\/wp-content\/uploads\/2025\/03\/25Spanien-2455-2048x1152.jpg 2048w\" sizes=\"auto, (max-width: 1024px) 100vw, 1024px\" \/><\/figure>\n\n\n\n<figure class=\"wp-block-image size-large\"><img loading=\"lazy\" decoding=\"async\" width=\"1024\" height=\"576\" data-id=\"26642\" src=\"https:\/\/jblanz.de\/WP\/wp-content\/uploads\/2025\/03\/25Spanien-2458-1024x576.jpg\" alt=\"\" class=\"wp-image-26642\" srcset=\"https:\/\/jblanz.de\/WP\/wp-content\/uploads\/2025\/03\/25Spanien-2458-1024x576.jpg 1024w, https:\/\/jblanz.de\/WP\/wp-content\/uploads\/2025\/03\/25Spanien-2458-300x169.jpg 300w, https:\/\/jblanz.de\/WP\/wp-content\/uploads\/2025\/03\/25Spanien-2458-768x432.jpg 768w, https:\/\/jblanz.de\/WP\/wp-content\/uploads\/2025\/03\/25Spanien-2458-1536x864.jpg 1536w, https:\/\/jblanz.de\/WP\/wp-content\/uploads\/2025\/03\/25Spanien-2458-2048x1152.jpg 2048w\" sizes=\"auto, (max-width: 1024px) 100vw, 1024px\" \/><\/figure>\n\n\n\n<figure class=\"wp-block-image size-large\"><img loading=\"lazy\" decoding=\"async\" width=\"1024\" height=\"683\" data-id=\"26640\" src=\"https:\/\/jblanz.de\/WP\/wp-content\/uploads\/2025\/03\/25Spanien-2459-1024x683.jpg\" alt=\"\" class=\"wp-image-26640\" srcset=\"https:\/\/jblanz.de\/WP\/wp-content\/uploads\/2025\/03\/25Spanien-2459-1024x683.jpg 1024w, https:\/\/jblanz.de\/WP\/wp-content\/uploads\/2025\/03\/25Spanien-2459-300x200.jpg 300w, https:\/\/jblanz.de\/WP\/wp-content\/uploads\/2025\/03\/25Spanien-2459-768x512.jpg 768w, https:\/\/jblanz.de\/WP\/wp-content\/uploads\/2025\/03\/25Spanien-2459-1536x1024.jpg 1536w, https:\/\/jblanz.de\/WP\/wp-content\/uploads\/2025\/03\/25Spanien-2459-2048x1365.jpg 2048w\" sizes=\"auto, (max-width: 1024px) 100vw, 1024px\" \/><\/figure>\n\n\n\n<figure class=\"wp-block-image size-large\"><img loading=\"lazy\" decoding=\"async\" width=\"1024\" height=\"576\" data-id=\"26637\" src=\"https:\/\/jblanz.de\/WP\/wp-content\/uploads\/2025\/03\/25Spanien-2468-1024x576.jpg\" alt=\"\" class=\"wp-image-26637\" srcset=\"https:\/\/jblanz.de\/WP\/wp-content\/uploads\/2025\/03\/25Spanien-2468-1024x576.jpg 1024w, https:\/\/jblanz.de\/WP\/wp-content\/uploads\/2025\/03\/25Spanien-2468-300x169.jpg 300w, https:\/\/jblanz.de\/WP\/wp-content\/uploads\/2025\/03\/25Spanien-2468-768x432.jpg 768w, https:\/\/jblanz.de\/WP\/wp-content\/uploads\/2025\/03\/25Spanien-2468-1536x864.jpg 1536w, https:\/\/jblanz.de\/WP\/wp-content\/uploads\/2025\/03\/25Spanien-2468-2048x1152.jpg 2048w\" sizes=\"auto, (max-width: 1024px) 100vw, 1024px\" \/><\/figure>\n\n\n\n<figure class=\"wp-block-image size-large\"><img loading=\"lazy\" decoding=\"async\" width=\"1024\" height=\"576\" data-id=\"26657\" src=\"https:\/\/jblanz.de\/WP\/wp-content\/uploads\/2025\/03\/25Spanien-2469-1024x576.jpg\" alt=\"\" class=\"wp-image-26657\" srcset=\"https:\/\/jblanz.de\/WP\/wp-content\/uploads\/2025\/03\/25Spanien-2469-1024x576.jpg 1024w, https:\/\/jblanz.de\/WP\/wp-content\/uploads\/2025\/03\/25Spanien-2469-300x169.jpg 300w, https:\/\/jblanz.de\/WP\/wp-content\/uploads\/2025\/03\/25Spanien-2469-768x432.jpg 768w, https:\/\/jblanz.de\/WP\/wp-content\/uploads\/2025\/03\/25Spanien-2469-1536x864.jpg 1536w, https:\/\/jblanz.de\/WP\/wp-content\/uploads\/2025\/03\/25Spanien-2469-2048x1152.jpg 2048w\" sizes=\"auto, (max-width: 1024px) 100vw, 1024px\" \/><\/figure>\n\n\n\n<figure class=\"wp-block-image size-large\"><img loading=\"lazy\" decoding=\"async\" width=\"1024\" height=\"576\" data-id=\"26658\" src=\"https:\/\/jblanz.de\/WP\/wp-content\/uploads\/2025\/03\/25Spanien-2471-1024x576.jpg\" alt=\"\" class=\"wp-image-26658\" srcset=\"https:\/\/jblanz.de\/WP\/wp-content\/uploads\/2025\/03\/25Spanien-2471-1024x576.jpg 1024w, https:\/\/jblanz.de\/WP\/wp-content\/uploads\/2025\/03\/25Spanien-2471-300x169.jpg 300w, https:\/\/jblanz.de\/WP\/wp-content\/uploads\/2025\/03\/25Spanien-2471-768x432.jpg 768w, https:\/\/jblanz.de\/WP\/wp-content\/uploads\/2025\/03\/25Spanien-2471-1536x864.jpg 1536w, https:\/\/jblanz.de\/WP\/wp-content\/uploads\/2025\/03\/25Spanien-2471-2048x1152.jpg 2048w\" sizes=\"auto, (max-width: 1024px) 100vw, 1024px\" \/><\/figure>\n\n\n\n<figure class=\"wp-block-image size-large\"><img loading=\"lazy\" decoding=\"async\" width=\"1024\" height=\"576\" data-id=\"26659\" src=\"https:\/\/jblanz.de\/WP\/wp-content\/uploads\/2025\/03\/25Spanien-2474-1024x576.jpg\" alt=\"\" class=\"wp-image-26659\" srcset=\"https:\/\/jblanz.de\/WP\/wp-content\/uploads\/2025\/03\/25Spanien-2474-1024x576.jpg 1024w, https:\/\/jblanz.de\/WP\/wp-content\/uploads\/2025\/03\/25Spanien-2474-300x169.jpg 300w, https:\/\/jblanz.de\/WP\/wp-content\/uploads\/2025\/03\/25Spanien-2474-768x432.jpg 768w, https:\/\/jblanz.de\/WP\/wp-content\/uploads\/2025\/03\/25Spanien-2474-1536x864.jpg 1536w, https:\/\/jblanz.de\/WP\/wp-content\/uploads\/2025\/03\/25Spanien-2474-2048x1152.jpg 2048w\" sizes=\"auto, (max-width: 1024px) 100vw, 1024px\" \/><\/figure>\n\n\n\n<figure class=\"wp-block-image size-large\"><img loading=\"lazy\" decoding=\"async\" width=\"1024\" height=\"576\" data-id=\"26651\" src=\"https:\/\/jblanz.de\/WP\/wp-content\/uploads\/2025\/03\/25Spanien-2477-1024x576.jpg\" alt=\"\" class=\"wp-image-26651\" srcset=\"https:\/\/jblanz.de\/WP\/wp-content\/uploads\/2025\/03\/25Spanien-2477-1024x576.jpg 1024w, https:\/\/jblanz.de\/WP\/wp-content\/uploads\/2025\/03\/25Spanien-2477-300x169.jpg 300w, https:\/\/jblanz.de\/WP\/wp-content\/uploads\/2025\/03\/25Spanien-2477-768x432.jpg 768w, https:\/\/jblanz.de\/WP\/wp-content\/uploads\/2025\/03\/25Spanien-2477-1536x864.jpg 1536w, https:\/\/jblanz.de\/WP\/wp-content\/uploads\/2025\/03\/25Spanien-2477-2048x1152.jpg 2048w\" sizes=\"auto, (max-width: 1024px) 100vw, 1024px\" \/><\/figure>\n\n\n\n<figure class=\"wp-block-image size-large\"><img loading=\"lazy\" decoding=\"async\" width=\"1024\" height=\"683\" data-id=\"26660\" src=\"https:\/\/jblanz.de\/WP\/wp-content\/uploads\/2025\/03\/25Spanien-2478-1024x683.jpg\" alt=\"\" class=\"wp-image-26660\" srcset=\"https:\/\/jblanz.de\/WP\/wp-content\/uploads\/2025\/03\/25Spanien-2478-1024x683.jpg 1024w, https:\/\/jblanz.de\/WP\/wp-content\/uploads\/2025\/03\/25Spanien-2478-300x200.jpg 300w, https:\/\/jblanz.de\/WP\/wp-content\/uploads\/2025\/03\/25Spanien-2478-768x512.jpg 768w, https:\/\/jblanz.de\/WP\/wp-content\/uploads\/2025\/03\/25Spanien-2478-1536x1024.jpg 1536w, https:\/\/jblanz.de\/WP\/wp-content\/uploads\/2025\/03\/25Spanien-2478-2048x1365.jpg 2048w\" sizes=\"auto, (max-width: 1024px) 100vw, 1024px\" \/><\/figure>\n\n\n\n<figure class=\"wp-block-image size-large\"><img loading=\"lazy\" decoding=\"async\" width=\"1024\" height=\"576\" data-id=\"26656\" src=\"https:\/\/jblanz.de\/WP\/wp-content\/uploads\/2025\/03\/25Spanien-2482-1024x576.jpg\" alt=\"\" class=\"wp-image-26656\" srcset=\"https:\/\/jblanz.de\/WP\/wp-content\/uploads\/2025\/03\/25Spanien-2482-1024x576.jpg 1024w, https:\/\/jblanz.de\/WP\/wp-content\/uploads\/2025\/03\/25Spanien-2482-300x169.jpg 300w, https:\/\/jblanz.de\/WP\/wp-content\/uploads\/2025\/03\/25Spanien-2482-768x432.jpg 768w, https:\/\/jblanz.de\/WP\/wp-content\/uploads\/2025\/03\/25Spanien-2482-1536x864.jpg 1536w, https:\/\/jblanz.de\/WP\/wp-content\/uploads\/2025\/03\/25Spanien-2482-2048x1152.jpg 2048w\" sizes=\"auto, (max-width: 1024px) 100vw, 1024px\" \/><\/figure>\n\n\n\n<figure class=\"wp-block-image size-large\"><img loading=\"lazy\" decoding=\"async\" width=\"1024\" height=\"576\" data-id=\"26655\" src=\"https:\/\/jblanz.de\/WP\/wp-content\/uploads\/2025\/03\/25Spanien-2483-1024x576.jpg\" alt=\"\" class=\"wp-image-26655\" srcset=\"https:\/\/jblanz.de\/WP\/wp-content\/uploads\/2025\/03\/25Spanien-2483-1024x576.jpg 1024w, https:\/\/jblanz.de\/WP\/wp-content\/uploads\/2025\/03\/25Spanien-2483-300x169.jpg 300w, https:\/\/jblanz.de\/WP\/wp-content\/uploads\/2025\/03\/25Spanien-2483-768x432.jpg 768w, https:\/\/jblanz.de\/WP\/wp-content\/uploads\/2025\/03\/25Spanien-2483-1536x864.jpg 1536w, https:\/\/jblanz.de\/WP\/wp-content\/uploads\/2025\/03\/25Spanien-2483-2048x1152.jpg 2048w\" sizes=\"auto, (max-width: 1024px) 100vw, 1024px\" \/><\/figure>\n\n\n\n<figure class=\"wp-block-image size-large\"><img loading=\"lazy\" decoding=\"async\" width=\"1024\" height=\"576\" data-id=\"26649\" src=\"https:\/\/jblanz.de\/WP\/wp-content\/uploads\/2025\/03\/25Spanien-2484-1024x576.jpg\" alt=\"\" class=\"wp-image-26649\" srcset=\"https:\/\/jblanz.de\/WP\/wp-content\/uploads\/2025\/03\/25Spanien-2484-1024x576.jpg 1024w, https:\/\/jblanz.de\/WP\/wp-content\/uploads\/2025\/03\/25Spanien-2484-300x169.jpg 300w, https:\/\/jblanz.de\/WP\/wp-content\/uploads\/2025\/03\/25Spanien-2484-768x432.jpg 768w, https:\/\/jblanz.de\/WP\/wp-content\/uploads\/2025\/03\/25Spanien-2484-1536x864.jpg 1536w, https:\/\/jblanz.de\/WP\/wp-content\/uploads\/2025\/03\/25Spanien-2484-2048x1152.jpg 2048w\" sizes=\"auto, (max-width: 1024px) 100vw, 1024px\" \/><\/figure>\n\n\n\n<figure class=\"wp-block-image size-large\"><img loading=\"lazy\" decoding=\"async\" width=\"1024\" height=\"576\" data-id=\"26661\" src=\"https:\/\/jblanz.de\/WP\/wp-content\/uploads\/2025\/03\/25Spanien-2487-1024x576.jpg\" alt=\"\" class=\"wp-image-26661\" srcset=\"https:\/\/jblanz.de\/WP\/wp-content\/uploads\/2025\/03\/25Spanien-2487-1024x576.jpg 1024w, https:\/\/jblanz.de\/WP\/wp-content\/uploads\/2025\/03\/25Spanien-2487-300x169.jpg 300w, https:\/\/jblanz.de\/WP\/wp-content\/uploads\/2025\/03\/25Spanien-2487-768x432.jpg 768w, https:\/\/jblanz.de\/WP\/wp-content\/uploads\/2025\/03\/25Spanien-2487-1536x864.jpg 1536w, https:\/\/jblanz.de\/WP\/wp-content\/uploads\/2025\/03\/25Spanien-2487-2048x1152.jpg 2048w\" sizes=\"auto, (max-width: 1024px) 100vw, 1024px\" \/><\/figure>\n\n\n\n<figure class=\"wp-block-image size-large\"><img loading=\"lazy\" decoding=\"async\" width=\"1024\" height=\"576\" data-id=\"26654\" src=\"https:\/\/jblanz.de\/WP\/wp-content\/uploads\/2025\/03\/25Spanien-2489-1024x576.jpg\" alt=\"\" class=\"wp-image-26654\" srcset=\"https:\/\/jblanz.de\/WP\/wp-content\/uploads\/2025\/03\/25Spanien-2489-1024x576.jpg 1024w, https:\/\/jblanz.de\/WP\/wp-content\/uploads\/2025\/03\/25Spanien-2489-300x169.jpg 300w, https:\/\/jblanz.de\/WP\/wp-content\/uploads\/2025\/03\/25Spanien-2489-768x432.jpg 768w, https:\/\/jblanz.de\/WP\/wp-content\/uploads\/2025\/03\/25Spanien-2489-1536x864.jpg 1536w, https:\/\/jblanz.de\/WP\/wp-content\/uploads\/2025\/03\/25Spanien-2489-2048x1152.jpg 2048w\" sizes=\"auto, (max-width: 1024px) 100vw, 1024px\" \/><\/figure>\n\n\n\n<figure class=\"wp-block-image size-large\"><img loading=\"lazy\" decoding=\"async\" width=\"1024\" height=\"576\" data-id=\"26648\" src=\"https:\/\/jblanz.de\/WP\/wp-content\/uploads\/2025\/03\/25Spanien-2490-Edit-1024x576.jpg\" alt=\"\" class=\"wp-image-26648\" srcset=\"https:\/\/jblanz.de\/WP\/wp-content\/uploads\/2025\/03\/25Spanien-2490-Edit-1024x576.jpg 1024w, https:\/\/jblanz.de\/WP\/wp-content\/uploads\/2025\/03\/25Spanien-2490-Edit-300x169.jpg 300w, https:\/\/jblanz.de\/WP\/wp-content\/uploads\/2025\/03\/25Spanien-2490-Edit-768x432.jpg 768w, https:\/\/jblanz.de\/WP\/wp-content\/uploads\/2025\/03\/25Spanien-2490-Edit-1536x864.jpg 1536w, https:\/\/jblanz.de\/WP\/wp-content\/uploads\/2025\/03\/25Spanien-2490-Edit-2048x1152.jpg 2048w\" sizes=\"auto, (max-width: 1024px) 100vw, 1024px\" \/><\/figure>\n\n\n\n<figure class=\"wp-block-image size-large\"><img loading=\"lazy\" decoding=\"async\" width=\"1024\" height=\"576\" data-id=\"26650\" src=\"https:\/\/jblanz.de\/WP\/wp-content\/uploads\/2025\/03\/25Spanien-2491-1024x576.jpg\" alt=\"\" class=\"wp-image-26650\" srcset=\"https:\/\/jblanz.de\/WP\/wp-content\/uploads\/2025\/03\/25Spanien-2491-1024x576.jpg 1024w, https:\/\/jblanz.de\/WP\/wp-content\/uploads\/2025\/03\/25Spanien-2491-300x169.jpg 300w, https:\/\/jblanz.de\/WP\/wp-content\/uploads\/2025\/03\/25Spanien-2491-768x432.jpg 768w, https:\/\/jblanz.de\/WP\/wp-content\/uploads\/2025\/03\/25Spanien-2491-1536x864.jpg 1536w, https:\/\/jblanz.de\/WP\/wp-content\/uploads\/2025\/03\/25Spanien-2491-2048x1152.jpg 2048w\" sizes=\"auto, (max-width: 1024px) 100vw, 1024px\" \/><\/figure>\n\n\n\n<figure class=\"wp-block-image size-large\"><img loading=\"lazy\" decoding=\"async\" width=\"1024\" height=\"576\" data-id=\"26635\" src=\"https:\/\/jblanz.de\/WP\/wp-content\/uploads\/2025\/03\/25Spanien-2429-1024x576.jpg\" alt=\"\" class=\"wp-image-26635\" srcset=\"https:\/\/jblanz.de\/WP\/wp-content\/uploads\/2025\/03\/25Spanien-2429-1024x576.jpg 1024w, https:\/\/jblanz.de\/WP\/wp-content\/uploads\/2025\/03\/25Spanien-2429-300x169.jpg 300w, https:\/\/jblanz.de\/WP\/wp-content\/uploads\/2025\/03\/25Spanien-2429-768x432.jpg 768w, https:\/\/jblanz.de\/WP\/wp-content\/uploads\/2025\/03\/25Spanien-2429-1536x864.jpg 1536w, https:\/\/jblanz.de\/WP\/wp-content\/uploads\/2025\/03\/25Spanien-2429-2048x1152.jpg 2048w\" sizes=\"auto, (max-width: 1024px) 100vw, 1024px\" \/><\/figure>\n<\/figure>\n\n\n\n<p>Um ca 18 Uhr hatten wir genug gesehen. Wir wollten Essen gehen, aber nicht in dem Touristennepp. Bergauf hatten wir ein normales Restaurant entdeckt, aber als wir fragten, ob es was zu Essen gibt, teilte man uns mit, dass sie erst um 20 Uhr \u00f6ffnen. Die Spanier essen halt erst sp\u00e4t zu Abend und wir hatten jetzt Hunger. Wir fuhren zur\u00fcck zum Camping und reinigten unsere R\u00e4der nochmals mit dem &#8222;Hochdruckreiniger&#8220;, der am Entsorgungsplatz vorhanden war. Dann gingen wir in das dortige Restaurant. Klar k\u00f6nnten wir jetzt essen, hiess es und es kam eine mehrseitige Speisekarte. Mein Schweinefilet auf Polenta mit Parmesan und Karins Risotto mit Zucchinisosse und Ente schmeckten vorz\u00fcglich. <\/p>\n\n\n\n<figure class=\"wp-block-gallery has-nested-images columns-default is-cropped wp-block-gallery-6 is-layout-flex wp-block-gallery-is-layout-flex\">\n<figure class=\"wp-block-image size-full\"><img loading=\"lazy\" decoding=\"async\" width=\"2560\" height=\"1440\" data-id=\"26628\" src=\"https:\/\/jblanz.de\/WP\/wp-content\/uploads\/2025\/03\/25Spanien-2496-scaled.jpg\" alt=\"\" class=\"wp-image-26628\" srcset=\"https:\/\/jblanz.de\/WP\/wp-content\/uploads\/2025\/03\/25Spanien-2496-scaled.jpg 2560w, https:\/\/jblanz.de\/WP\/wp-content\/uploads\/2025\/03\/25Spanien-2496-300x169.jpg 300w, https:\/\/jblanz.de\/WP\/wp-content\/uploads\/2025\/03\/25Spanien-2496-1024x576.jpg 1024w, https:\/\/jblanz.de\/WP\/wp-content\/uploads\/2025\/03\/25Spanien-2496-768x432.jpg 768w, https:\/\/jblanz.de\/WP\/wp-content\/uploads\/2025\/03\/25Spanien-2496-1536x864.jpg 1536w, https:\/\/jblanz.de\/WP\/wp-content\/uploads\/2025\/03\/25Spanien-2496-2048x1152.jpg 2048w\" sizes=\"auto, (max-width: 2560px) 100vw, 2560px\" \/><\/figure>\n\n\n\n<figure class=\"wp-block-image size-full\"><img loading=\"lazy\" decoding=\"async\" width=\"1846\" height=\"1038\" data-id=\"26627\" src=\"https:\/\/jblanz.de\/WP\/wp-content\/uploads\/2025\/03\/25Spanien-2497.jpg\" alt=\"\" class=\"wp-image-26627\" srcset=\"https:\/\/jblanz.de\/WP\/wp-content\/uploads\/2025\/03\/25Spanien-2497.jpg 1846w, https:\/\/jblanz.de\/WP\/wp-content\/uploads\/2025\/03\/25Spanien-2497-300x169.jpg 300w, https:\/\/jblanz.de\/WP\/wp-content\/uploads\/2025\/03\/25Spanien-2497-1024x576.jpg 1024w, https:\/\/jblanz.de\/WP\/wp-content\/uploads\/2025\/03\/25Spanien-2497-768x432.jpg 768w, https:\/\/jblanz.de\/WP\/wp-content\/uploads\/2025\/03\/25Spanien-2497-1536x864.jpg 1536w\" sizes=\"auto, (max-width: 1846px) 100vw, 1846px\" \/><\/figure>\n<\/figure>\n\n\n\n<figure class=\"wp-block-gallery has-nested-images columns-2 is-cropped wp-block-gallery-7 is-layout-flex wp-block-gallery-is-layout-flex\">\n<figure class=\"wp-block-image size-full\"><img loading=\"lazy\" decoding=\"async\" width=\"2560\" height=\"1494\" data-id=\"26622\" src=\"https:\/\/jblanz.de\/WP\/wp-content\/uploads\/2025\/03\/25Spanien-2505-scaled.jpg\" alt=\"\" class=\"wp-image-26622\" srcset=\"https:\/\/jblanz.de\/WP\/wp-content\/uploads\/2025\/03\/25Spanien-2505-scaled.jpg 2560w, https:\/\/jblanz.de\/WP\/wp-content\/uploads\/2025\/03\/25Spanien-2505-300x175.jpg 300w, https:\/\/jblanz.de\/WP\/wp-content\/uploads\/2025\/03\/25Spanien-2505-1024x598.jpg 1024w, https:\/\/jblanz.de\/WP\/wp-content\/uploads\/2025\/03\/25Spanien-2505-768x448.jpg 768w, https:\/\/jblanz.de\/WP\/wp-content\/uploads\/2025\/03\/25Spanien-2505-1536x897.jpg 1536w, https:\/\/jblanz.de\/WP\/wp-content\/uploads\/2025\/03\/25Spanien-2505-2048x1196.jpg 2048w\" sizes=\"auto, (max-width: 2560px) 100vw, 2560px\" \/><\/figure>\n\n\n\n<figure class=\"wp-block-image size-full\"><img loading=\"lazy\" decoding=\"async\" width=\"2560\" height=\"1440\" data-id=\"26625\" src=\"https:\/\/jblanz.de\/WP\/wp-content\/uploads\/2025\/03\/25Spanien-2502-scaled.jpg\" alt=\"\" class=\"wp-image-26625\" srcset=\"https:\/\/jblanz.de\/WP\/wp-content\/uploads\/2025\/03\/25Spanien-2502-scaled.jpg 2560w, https:\/\/jblanz.de\/WP\/wp-content\/uploads\/2025\/03\/25Spanien-2502-300x169.jpg 300w, https:\/\/jblanz.de\/WP\/wp-content\/uploads\/2025\/03\/25Spanien-2502-1024x576.jpg 1024w, https:\/\/jblanz.de\/WP\/wp-content\/uploads\/2025\/03\/25Spanien-2502-768x432.jpg 768w, https:\/\/jblanz.de\/WP\/wp-content\/uploads\/2025\/03\/25Spanien-2502-1536x864.jpg 1536w, https:\/\/jblanz.de\/WP\/wp-content\/uploads\/2025\/03\/25Spanien-2502-2048x1152.jpg 2048w\" sizes=\"auto, (max-width: 2560px) 100vw, 2560px\" \/><\/figure>\n\n\n\n<figure class=\"wp-block-image size-full\"><img loading=\"lazy\" decoding=\"async\" width=\"2560\" height=\"1440\" data-id=\"26623\" src=\"https:\/\/jblanz.de\/WP\/wp-content\/uploads\/2025\/03\/25Spanien-2503-scaled.jpg\" alt=\"\" class=\"wp-image-26623\" srcset=\"https:\/\/jblanz.de\/WP\/wp-content\/uploads\/2025\/03\/25Spanien-2503-scaled.jpg 2560w, https:\/\/jblanz.de\/WP\/wp-content\/uploads\/2025\/03\/25Spanien-2503-300x169.jpg 300w, https:\/\/jblanz.de\/WP\/wp-content\/uploads\/2025\/03\/25Spanien-2503-1024x576.jpg 1024w, https:\/\/jblanz.de\/WP\/wp-content\/uploads\/2025\/03\/25Spanien-2503-768x432.jpg 768w, https:\/\/jblanz.de\/WP\/wp-content\/uploads\/2025\/03\/25Spanien-2503-1536x864.jpg 1536w, https:\/\/jblanz.de\/WP\/wp-content\/uploads\/2025\/03\/25Spanien-2503-2048x1152.jpg 2048w\" sizes=\"auto, (max-width: 2560px) 100vw, 2560px\" \/><\/figure>\n\n\n\n<figure class=\"wp-block-image size-full\"><img loading=\"lazy\" decoding=\"async\" width=\"2560\" height=\"1440\" data-id=\"26624\" src=\"https:\/\/jblanz.de\/WP\/wp-content\/uploads\/2025\/03\/25Spanien-2504-scaled.jpg\" alt=\"\" class=\"wp-image-26624\" srcset=\"https:\/\/jblanz.de\/WP\/wp-content\/uploads\/2025\/03\/25Spanien-2504-scaled.jpg 2560w, https:\/\/jblanz.de\/WP\/wp-content\/uploads\/2025\/03\/25Spanien-2504-300x169.jpg 300w, https:\/\/jblanz.de\/WP\/wp-content\/uploads\/2025\/03\/25Spanien-2504-1024x576.jpg 1024w, https:\/\/jblanz.de\/WP\/wp-content\/uploads\/2025\/03\/25Spanien-2504-768x432.jpg 768w, https:\/\/jblanz.de\/WP\/wp-content\/uploads\/2025\/03\/25Spanien-2504-1536x864.jpg 1536w, https:\/\/jblanz.de\/WP\/wp-content\/uploads\/2025\/03\/25Spanien-2504-2048x1152.jpg 2048w\" sizes=\"auto, (max-width: 2560px) 100vw, 2560px\" \/><\/figure>\n<\/figure>\n\n\n\n<p>Nachts fing es an zu regnen und zu st\u00fcrmen.<\/p>\n","protected":false},"excerpt":{"rendered":"<p>Es gab eine Warnwettermeldung f\u00fcr die Gegend, in der wir uns aufhielten. Zwei Tage heftiger Dauerregen am Samstag und Sonntag<\/p>\n","protected":false},"author":1,"featured_media":26638,"comment_status":"open","ping_status":"open","sticky":false,"template":"","format":"standard","meta":{"colormag_page_container_layout":"default_layout","colormag_page_sidebar_layout":"default_layout","_monsterinsights_skip_tracking":false,"_monsterinsights_sitenote_active":false,"_monsterinsights_sitenote_note":"","_monsterinsights_sitenote_category":0,"footnotes":""},"categories":[269,314,315,159,268,307,197],"tags":[],"class_list":["post-26585","post","type-post","status-publish","format-standard","has-post-thumbnail","hentry","category-2020-jahr","category-314","category-2025-2020-jahr","category-europa","category-jahr","category-k-z","category-spanien"],"yoast_head":"<!-- This site is optimized with the Yoast SEO plugin v27.4 - https:\/\/yoast.com\/product\/yoast-seo-wordpress\/ -->\n<title>07. M\u00e4rz 2025 - Setenil de las Bodegas - Reiseblog von Karin &amp; Joachim<\/title>\n<meta name=\"robots\" content=\"index, follow, max-snippet:-1, max-image-preview:large, max-video-preview:-1\" \/>\n<link rel=\"canonical\" href=\"https:\/\/jblanz.de\/WP\/07-maerz-2025-setenil-de-las-bodegas\/\" \/>\n<meta property=\"og:locale\" content=\"de_DE\" \/>\n<meta property=\"og:type\" content=\"article\" \/>\n<meta property=\"og:title\" content=\"07. M\u00e4rz 2025 - Setenil de las Bodegas - Reiseblog von Karin &amp; Joachim\" \/>\n<meta property=\"og:description\" content=\"Es gab eine Warnwettermeldung f\u00fcr die Gegend, in der wir uns aufhielten. Zwei Tage heftiger Dauerregen am Samstag und Sonntag\" \/>\n<meta property=\"og:url\" content=\"https:\/\/jblanz.de\/WP\/07-maerz-2025-setenil-de-las-bodegas\/\" \/>\n<meta property=\"og:site_name\" content=\"Reiseblog von Karin &amp; Joachim\" \/>\n<meta property=\"article:published_time\" content=\"2025-03-07T21:24:28+00:00\" \/>\n<meta property=\"article:modified_time\" content=\"2025-03-09T07:13:34+00:00\" \/>\n<meta property=\"og:image\" content=\"https:\/\/jblanz.de\/WP\/wp-content\/uploads\/2025\/03\/25Spanien-2441-Edit-scaled.jpg\" \/>\n\t<meta property=\"og:image:width\" content=\"2560\" \/>\n\t<meta property=\"og:image:height\" content=\"1440\" \/>\n\t<meta property=\"og:image:type\" content=\"image\/jpeg\" \/>\n<meta name=\"author\" content=\"Achim\" \/>\n<meta name=\"twitter:card\" content=\"summary_large_image\" \/>\n<meta name=\"twitter:label1\" content=\"Verfasst von\" \/>\n\t<meta name=\"twitter:data1\" content=\"Achim\" \/>\n\t<meta name=\"twitter:label2\" content=\"Gesch\u00e4tzte Lesezeit\" \/>\n\t<meta name=\"twitter:data2\" content=\"5\u00a0Minuten\" \/>\n<script type=\"application\/ld+json\" class=\"yoast-schema-graph\">{\"@context\":\"https:\\\/\\\/schema.org\",\"@graph\":[{\"@type\":\"Article\",\"@id\":\"https:\\\/\\\/jblanz.de\\\/WP\\\/07-maerz-2025-setenil-de-las-bodegas\\\/#article\",\"isPartOf\":{\"@id\":\"https:\\\/\\\/jblanz.de\\\/WP\\\/07-maerz-2025-setenil-de-las-bodegas\\\/\"},\"author\":{\"name\":\"Achim\",\"@id\":\"https:\\\/\\\/jblanz.de\\\/WP\\\/#\\\/schema\\\/person\\\/17a70f07162e42bc0b181c22397286e0\"},\"headline\":\"07. M\u00e4rz 2025 &#8211; Setenil de las Bodegas\",\"datePublished\":\"2025-03-07T21:24:28+00:00\",\"dateModified\":\"2025-03-09T07:13:34+00:00\",\"mainEntityOfPage\":{\"@id\":\"https:\\\/\\\/jblanz.de\\\/WP\\\/07-maerz-2025-setenil-de-las-bodegas\\\/\"},\"wordCount\":625,\"commentCount\":0,\"publisher\":{\"@id\":\"https:\\\/\\\/jblanz.de\\\/WP\\\/#\\\/schema\\\/person\\\/17a70f07162e42bc0b181c22397286e0\"},\"image\":{\"@id\":\"https:\\\/\\\/jblanz.de\\\/WP\\\/07-maerz-2025-setenil-de-las-bodegas\\\/#primaryimage\"},\"thumbnailUrl\":\"https:\\\/\\\/jblanz.de\\\/WP\\\/wp-content\\\/uploads\\\/2025\\\/03\\\/25Spanien-2441-Edit-scaled.jpg\",\"articleSection\":[\"2020+\",\"2025\",\"2025\",\"Europa\",\"Jahr\",\"K-Z\",\"Spanien\"],\"inLanguage\":\"de\",\"potentialAction\":[{\"@type\":\"CommentAction\",\"name\":\"Comment\",\"target\":[\"https:\\\/\\\/jblanz.de\\\/WP\\\/07-maerz-2025-setenil-de-las-bodegas\\\/#respond\"]}]},{\"@type\":\"WebPage\",\"@id\":\"https:\\\/\\\/jblanz.de\\\/WP\\\/07-maerz-2025-setenil-de-las-bodegas\\\/\",\"url\":\"https:\\\/\\\/jblanz.de\\\/WP\\\/07-maerz-2025-setenil-de-las-bodegas\\\/\",\"name\":\"07. M\u00e4rz 2025 - Setenil de las Bodegas - Reiseblog von Karin &amp; Joachim\",\"isPartOf\":{\"@id\":\"https:\\\/\\\/jblanz.de\\\/WP\\\/#website\"},\"primaryImageOfPage\":{\"@id\":\"https:\\\/\\\/jblanz.de\\\/WP\\\/07-maerz-2025-setenil-de-las-bodegas\\\/#primaryimage\"},\"image\":{\"@id\":\"https:\\\/\\\/jblanz.de\\\/WP\\\/07-maerz-2025-setenil-de-las-bodegas\\\/#primaryimage\"},\"thumbnailUrl\":\"https:\\\/\\\/jblanz.de\\\/WP\\\/wp-content\\\/uploads\\\/2025\\\/03\\\/25Spanien-2441-Edit-scaled.jpg\",\"datePublished\":\"2025-03-07T21:24:28+00:00\",\"dateModified\":\"2025-03-09T07:13:34+00:00\",\"breadcrumb\":{\"@id\":\"https:\\\/\\\/jblanz.de\\\/WP\\\/07-maerz-2025-setenil-de-las-bodegas\\\/#breadcrumb\"},\"inLanguage\":\"de\",\"potentialAction\":[{\"@type\":\"ReadAction\",\"target\":[\"https:\\\/\\\/jblanz.de\\\/WP\\\/07-maerz-2025-setenil-de-las-bodegas\\\/\"]}]},{\"@type\":\"ImageObject\",\"inLanguage\":\"de\",\"@id\":\"https:\\\/\\\/jblanz.de\\\/WP\\\/07-maerz-2025-setenil-de-las-bodegas\\\/#primaryimage\",\"url\":\"https:\\\/\\\/jblanz.de\\\/WP\\\/wp-content\\\/uploads\\\/2025\\\/03\\\/25Spanien-2441-Edit-scaled.jpg\",\"contentUrl\":\"https:\\\/\\\/jblanz.de\\\/WP\\\/wp-content\\\/uploads\\\/2025\\\/03\\\/25Spanien-2441-Edit-scaled.jpg\",\"width\":2560,\"height\":1440},{\"@type\":\"BreadcrumbList\",\"@id\":\"https:\\\/\\\/jblanz.de\\\/WP\\\/07-maerz-2025-setenil-de-las-bodegas\\\/#breadcrumb\",\"itemListElement\":[{\"@type\":\"ListItem\",\"position\":1,\"name\":\"Startseite\",\"item\":\"https:\\\/\\\/jblanz.de\\\/WP\\\/\"},{\"@type\":\"ListItem\",\"position\":2,\"name\":\"07. M\u00e4rz 2025 &#8211; Setenil de las Bodegas\"}]},{\"@type\":\"WebSite\",\"@id\":\"https:\\\/\\\/jblanz.de\\\/WP\\\/#website\",\"url\":\"https:\\\/\\\/jblanz.de\\\/WP\\\/\",\"name\":\"Reiseblog von Karin & Joachim\",\"description\":\"Wir schreiben den Blog f\u00fcr uns als Erinnerung - f\u00fcr euch als Inspiration\",\"publisher\":{\"@id\":\"https:\\\/\\\/jblanz.de\\\/WP\\\/#\\\/schema\\\/person\\\/17a70f07162e42bc0b181c22397286e0\"},\"potentialAction\":[{\"@type\":\"SearchAction\",\"target\":{\"@type\":\"EntryPoint\",\"urlTemplate\":\"https:\\\/\\\/jblanz.de\\\/WP\\\/?s={search_term_string}\"},\"query-input\":{\"@type\":\"PropertyValueSpecification\",\"valueRequired\":true,\"valueName\":\"search_term_string\"}}],\"inLanguage\":\"de\"},{\"@type\":[\"Person\",\"Organization\"],\"@id\":\"https:\\\/\\\/jblanz.de\\\/WP\\\/#\\\/schema\\\/person\\\/17a70f07162e42bc0b181c22397286e0\",\"name\":\"Achim\",\"image\":{\"@type\":\"ImageObject\",\"inLanguage\":\"de\",\"@id\":\"https:\\\/\\\/secure.gravatar.com\\\/avatar\\\/b7ab31bc55956af4a9bebf7fd034761212b11b803b7e39464914d6abeefb12f3?s=96&d=mm&r=g\",\"url\":\"https:\\\/\\\/secure.gravatar.com\\\/avatar\\\/b7ab31bc55956af4a9bebf7fd034761212b11b803b7e39464914d6abeefb12f3?s=96&d=mm&r=g\",\"contentUrl\":\"https:\\\/\\\/secure.gravatar.com\\\/avatar\\\/b7ab31bc55956af4a9bebf7fd034761212b11b803b7e39464914d6abeefb12f3?s=96&d=mm&r=g\",\"caption\":\"Achim\"},\"logo\":{\"@id\":\"https:\\\/\\\/secure.gravatar.com\\\/avatar\\\/b7ab31bc55956af4a9bebf7fd034761212b11b803b7e39464914d6abeefb12f3?s=96&d=mm&r=g\"},\"url\":\"https:\\\/\\\/jblanz.de\\\/WP\\\/author\\\/achim\\\/\"}]}<\/script>\n<!-- \/ Yoast SEO plugin. -->","yoast_head_json":{"title":"07. M\u00e4rz 2025 - Setenil de las Bodegas - Reiseblog von Karin &amp; Joachim","robots":{"index":"index","follow":"follow","max-snippet":"max-snippet:-1","max-image-preview":"max-image-preview:large","max-video-preview":"max-video-preview:-1"},"canonical":"https:\/\/jblanz.de\/WP\/07-maerz-2025-setenil-de-las-bodegas\/","og_locale":"de_DE","og_type":"article","og_title":"07. M\u00e4rz 2025 - Setenil de las Bodegas - Reiseblog von Karin &amp; Joachim","og_description":"Es gab eine Warnwettermeldung f\u00fcr die Gegend, in der wir uns aufhielten. Zwei Tage heftiger Dauerregen am Samstag und Sonntag","og_url":"https:\/\/jblanz.de\/WP\/07-maerz-2025-setenil-de-las-bodegas\/","og_site_name":"Reiseblog von Karin &amp; Joachim","article_published_time":"2025-03-07T21:24:28+00:00","article_modified_time":"2025-03-09T07:13:34+00:00","og_image":[{"width":2560,"height":1440,"url":"https:\/\/jblanz.de\/WP\/wp-content\/uploads\/2025\/03\/25Spanien-2441-Edit-scaled.jpg","type":"image\/jpeg"}],"author":"Achim","twitter_card":"summary_large_image","twitter_misc":{"Verfasst von":"Achim","Gesch\u00e4tzte Lesezeit":"5\u00a0Minuten"},"schema":{"@context":"https:\/\/schema.org","@graph":[{"@type":"Article","@id":"https:\/\/jblanz.de\/WP\/07-maerz-2025-setenil-de-las-bodegas\/#article","isPartOf":{"@id":"https:\/\/jblanz.de\/WP\/07-maerz-2025-setenil-de-las-bodegas\/"},"author":{"name":"Achim","@id":"https:\/\/jblanz.de\/WP\/#\/schema\/person\/17a70f07162e42bc0b181c22397286e0"},"headline":"07. M\u00e4rz 2025 &#8211; Setenil de las Bodegas","datePublished":"2025-03-07T21:24:28+00:00","dateModified":"2025-03-09T07:13:34+00:00","mainEntityOfPage":{"@id":"https:\/\/jblanz.de\/WP\/07-maerz-2025-setenil-de-las-bodegas\/"},"wordCount":625,"commentCount":0,"publisher":{"@id":"https:\/\/jblanz.de\/WP\/#\/schema\/person\/17a70f07162e42bc0b181c22397286e0"},"image":{"@id":"https:\/\/jblanz.de\/WP\/07-maerz-2025-setenil-de-las-bodegas\/#primaryimage"},"thumbnailUrl":"https:\/\/jblanz.de\/WP\/wp-content\/uploads\/2025\/03\/25Spanien-2441-Edit-scaled.jpg","articleSection":["2020+","2025","2025","Europa","Jahr","K-Z","Spanien"],"inLanguage":"de","potentialAction":[{"@type":"CommentAction","name":"Comment","target":["https:\/\/jblanz.de\/WP\/07-maerz-2025-setenil-de-las-bodegas\/#respond"]}]},{"@type":"WebPage","@id":"https:\/\/jblanz.de\/WP\/07-maerz-2025-setenil-de-las-bodegas\/","url":"https:\/\/jblanz.de\/WP\/07-maerz-2025-setenil-de-las-bodegas\/","name":"07. M\u00e4rz 2025 - Setenil de las Bodegas - Reiseblog von Karin &amp; Joachim","isPartOf":{"@id":"https:\/\/jblanz.de\/WP\/#website"},"primaryImageOfPage":{"@id":"https:\/\/jblanz.de\/WP\/07-maerz-2025-setenil-de-las-bodegas\/#primaryimage"},"image":{"@id":"https:\/\/jblanz.de\/WP\/07-maerz-2025-setenil-de-las-bodegas\/#primaryimage"},"thumbnailUrl":"https:\/\/jblanz.de\/WP\/wp-content\/uploads\/2025\/03\/25Spanien-2441-Edit-scaled.jpg","datePublished":"2025-03-07T21:24:28+00:00","dateModified":"2025-03-09T07:13:34+00:00","breadcrumb":{"@id":"https:\/\/jblanz.de\/WP\/07-maerz-2025-setenil-de-las-bodegas\/#breadcrumb"},"inLanguage":"de","potentialAction":[{"@type":"ReadAction","target":["https:\/\/jblanz.de\/WP\/07-maerz-2025-setenil-de-las-bodegas\/"]}]},{"@type":"ImageObject","inLanguage":"de","@id":"https:\/\/jblanz.de\/WP\/07-maerz-2025-setenil-de-las-bodegas\/#primaryimage","url":"https:\/\/jblanz.de\/WP\/wp-content\/uploads\/2025\/03\/25Spanien-2441-Edit-scaled.jpg","contentUrl":"https:\/\/jblanz.de\/WP\/wp-content\/uploads\/2025\/03\/25Spanien-2441-Edit-scaled.jpg","width":2560,"height":1440},{"@type":"BreadcrumbList","@id":"https:\/\/jblanz.de\/WP\/07-maerz-2025-setenil-de-las-bodegas\/#breadcrumb","itemListElement":[{"@type":"ListItem","position":1,"name":"Startseite","item":"https:\/\/jblanz.de\/WP\/"},{"@type":"ListItem","position":2,"name":"07. M\u00e4rz 2025 &#8211; Setenil de las Bodegas"}]},{"@type":"WebSite","@id":"https:\/\/jblanz.de\/WP\/#website","url":"https:\/\/jblanz.de\/WP\/","name":"Reiseblog von Karin & Joachim","description":"Wir schreiben den Blog f\u00fcr uns als Erinnerung - f\u00fcr euch als Inspiration","publisher":{"@id":"https:\/\/jblanz.de\/WP\/#\/schema\/person\/17a70f07162e42bc0b181c22397286e0"},"potentialAction":[{"@type":"SearchAction","target":{"@type":"EntryPoint","urlTemplate":"https:\/\/jblanz.de\/WP\/?s={search_term_string}"},"query-input":{"@type":"PropertyValueSpecification","valueRequired":true,"valueName":"search_term_string"}}],"inLanguage":"de"},{"@type":["Person","Organization"],"@id":"https:\/\/jblanz.de\/WP\/#\/schema\/person\/17a70f07162e42bc0b181c22397286e0","name":"Achim","image":{"@type":"ImageObject","inLanguage":"de","@id":"https:\/\/secure.gravatar.com\/avatar\/b7ab31bc55956af4a9bebf7fd034761212b11b803b7e39464914d6abeefb12f3?s=96&d=mm&r=g","url":"https:\/\/secure.gravatar.com\/avatar\/b7ab31bc55956af4a9bebf7fd034761212b11b803b7e39464914d6abeefb12f3?s=96&d=mm&r=g","contentUrl":"https:\/\/secure.gravatar.com\/avatar\/b7ab31bc55956af4a9bebf7fd034761212b11b803b7e39464914d6abeefb12f3?s=96&d=mm&r=g","caption":"Achim"},"logo":{"@id":"https:\/\/secure.gravatar.com\/avatar\/b7ab31bc55956af4a9bebf7fd034761212b11b803b7e39464914d6abeefb12f3?s=96&d=mm&r=g"},"url":"https:\/\/jblanz.de\/WP\/author\/achim\/"}]}},"_links":{"self":[{"href":"https:\/\/jblanz.de\/WP\/wp-json\/wp\/v2\/posts\/26585","targetHints":{"allow":["GET"]}}],"collection":[{"href":"https:\/\/jblanz.de\/WP\/wp-json\/wp\/v2\/posts"}],"about":[{"href":"https:\/\/jblanz.de\/WP\/wp-json\/wp\/v2\/types\/post"}],"author":[{"embeddable":true,"href":"https:\/\/jblanz.de\/WP\/wp-json\/wp\/v2\/users\/1"}],"replies":[{"embeddable":true,"href":"https:\/\/jblanz.de\/WP\/wp-json\/wp\/v2\/comments?post=26585"}],"version-history":[{"count":0,"href":"https:\/\/jblanz.de\/WP\/wp-json\/wp\/v2\/posts\/26585\/revisions"}],"wp:featuredmedia":[{"embeddable":true,"href":"https:\/\/jblanz.de\/WP\/wp-json\/wp\/v2\/media\/26638"}],"wp:attachment":[{"href":"https:\/\/jblanz.de\/WP\/wp-json\/wp\/v2\/media?parent=26585"}],"wp:term":[{"taxonomy":"category","embeddable":true,"href":"https:\/\/jblanz.de\/WP\/wp-json\/wp\/v2\/categories?post=26585"},{"taxonomy":"post_tag","embeddable":true,"href":"https:\/\/jblanz.de\/WP\/wp-json\/wp\/v2\/tags?post=26585"}],"curies":[{"name":"wp","href":"https:\/\/api.w.org\/{rel}","templated":true}]}}