{"id":26871,"date":"2025-03-10T18:26:39","date_gmt":"2025-03-10T17:26:39","guid":{"rendered":"https:\/\/jblanz.de\/WP\/?p=26871"},"modified":"2025-03-11T12:17:16","modified_gmt":"2025-03-11T11:17:16","slug":"10-maerz-2025-wueste-von-tabernas","status":"publish","type":"post","link":"https:\/\/jblanz.de\/WP\/10-maerz-2025-wueste-von-tabernas\/","title":{"rendered":"10. M\u00e4rz 2025 &#8211; W\u00fcste von Tabernas"},"content":{"rendered":"\n<p>Heute wieder strahlender Sonnenschein beim Aufwachen. WIr stellten die St\u00fchle und Tisch raus, um draussen zu fr\u00fchst\u00fccken. Aber bis wir fertig waren, waren wieder Wolken aufgezogen und wir mussten etwas W\u00e4rmeres anziehen, um draussen sitzen bleiben zu k\u00f6nnen. Am Boden krabbelte ein grosser K\u00e4fer auf dem Boden, den wir noch nie gesehen hatten. Google Search sagt es w\u00e4re ein Berberomeloe majalis aus der Familie der \u00d6lk\u00e4fer &#8211; einer der gr\u00f6ssten K\u00e4fer Europas. Bis wir abfuhren, war die Sonne wieder da. Die Temperaturen stiegen heute auf 18 \u00b0C und es regnete nicht.<\/p>\n\n\n\n<figure class=\"wp-block-image size-full\"><img loading=\"lazy\" decoding=\"async\" width=\"2134\" height=\"1200\" src=\"https:\/\/jblanz.de\/WP\/wp-content\/uploads\/2025\/03\/25Spanien-2702.jpg\" alt=\"\" class=\"wp-image-26893\" srcset=\"https:\/\/jblanz.de\/WP\/wp-content\/uploads\/2025\/03\/25Spanien-2702.jpg 2134w, https:\/\/jblanz.de\/WP\/wp-content\/uploads\/2025\/03\/25Spanien-2702-300x169.jpg 300w, https:\/\/jblanz.de\/WP\/wp-content\/uploads\/2025\/03\/25Spanien-2702-1024x576.jpg 1024w, https:\/\/jblanz.de\/WP\/wp-content\/uploads\/2025\/03\/25Spanien-2702-768x432.jpg 768w, https:\/\/jblanz.de\/WP\/wp-content\/uploads\/2025\/03\/25Spanien-2702-1536x864.jpg 1536w, https:\/\/jblanz.de\/WP\/wp-content\/uploads\/2025\/03\/25Spanien-2702-2048x1152.jpg 2048w\" sizes=\"auto, (max-width: 2134px) 100vw, 2134px\" \/><\/figure>\n\n\n\n<p>Dann fuhren wir los die W\u00fcste von Tabernas zu umrunden. Allerdings gingen wir erst noch in Tabernas in den Supermarkt, um unsere Vorr\u00e4te aufzufrischen. Gleich hinter Tabernas wird die Landschaft imposant. Ein paar Beispiele.<\/p>\n\n\n\n<figure class=\"wp-block-image size-large\"><img loading=\"lazy\" decoding=\"async\" width=\"1024\" height=\"228\" src=\"https:\/\/jblanz.de\/WP\/wp-content\/uploads\/2025\/03\/25Spanien-2704-Pano-1-1024x228.jpg\" alt=\"\" class=\"wp-image-26899\" srcset=\"https:\/\/jblanz.de\/WP\/wp-content\/uploads\/2025\/03\/25Spanien-2704-Pano-1-1024x228.jpg 1024w, https:\/\/jblanz.de\/WP\/wp-content\/uploads\/2025\/03\/25Spanien-2704-Pano-1-300x67.jpg 300w, https:\/\/jblanz.de\/WP\/wp-content\/uploads\/2025\/03\/25Spanien-2704-Pano-1-768x171.jpg 768w, https:\/\/jblanz.de\/WP\/wp-content\/uploads\/2025\/03\/25Spanien-2704-Pano-1-1536x342.jpg 1536w, https:\/\/jblanz.de\/WP\/wp-content\/uploads\/2025\/03\/25Spanien-2704-Pano-1-2048x456.jpg 2048w\" sizes=\"auto, (max-width: 1024px) 100vw, 1024px\" \/><\/figure>\n\n\n\n<figure class=\"wp-block-gallery has-nested-images columns-2 is-cropped wp-block-gallery-2 is-layout-flex wp-block-gallery-is-layout-flex\">\n<figure class=\"wp-block-image size-full\"><img loading=\"lazy\" decoding=\"async\" width=\"2560\" height=\"1440\" data-id=\"26910\" src=\"https:\/\/jblanz.de\/WP\/wp-content\/uploads\/2025\/03\/25Spanien-2717-scaled.jpg\" alt=\"\" class=\"wp-image-26910\" srcset=\"https:\/\/jblanz.de\/WP\/wp-content\/uploads\/2025\/03\/25Spanien-2717-scaled.jpg 2560w, https:\/\/jblanz.de\/WP\/wp-content\/uploads\/2025\/03\/25Spanien-2717-300x169.jpg 300w, https:\/\/jblanz.de\/WP\/wp-content\/uploads\/2025\/03\/25Spanien-2717-1024x576.jpg 1024w, https:\/\/jblanz.de\/WP\/wp-content\/uploads\/2025\/03\/25Spanien-2717-768x432.jpg 768w, https:\/\/jblanz.de\/WP\/wp-content\/uploads\/2025\/03\/25Spanien-2717-1536x864.jpg 1536w, https:\/\/jblanz.de\/WP\/wp-content\/uploads\/2025\/03\/25Spanien-2717-2048x1152.jpg 2048w\" sizes=\"auto, (max-width: 2560px) 100vw, 2560px\" \/><\/figure>\n\n\n\n<figure class=\"wp-block-image size-full\"><img loading=\"lazy\" decoding=\"async\" width=\"2560\" height=\"1440\" data-id=\"26911\" src=\"https:\/\/jblanz.de\/WP\/wp-content\/uploads\/2025\/03\/25Spanien-2718-scaled.jpg\" alt=\"\" class=\"wp-image-26911\" srcset=\"https:\/\/jblanz.de\/WP\/wp-content\/uploads\/2025\/03\/25Spanien-2718-scaled.jpg 2560w, https:\/\/jblanz.de\/WP\/wp-content\/uploads\/2025\/03\/25Spanien-2718-300x169.jpg 300w, https:\/\/jblanz.de\/WP\/wp-content\/uploads\/2025\/03\/25Spanien-2718-1024x576.jpg 1024w, https:\/\/jblanz.de\/WP\/wp-content\/uploads\/2025\/03\/25Spanien-2718-768x432.jpg 768w, https:\/\/jblanz.de\/WP\/wp-content\/uploads\/2025\/03\/25Spanien-2718-1536x864.jpg 1536w, https:\/\/jblanz.de\/WP\/wp-content\/uploads\/2025\/03\/25Spanien-2718-2048x1152.jpg 2048w\" sizes=\"auto, (max-width: 2560px) 100vw, 2560px\" \/><\/figure>\n\n\n\n<figure class=\"wp-block-image size-full\"><img loading=\"lazy\" decoding=\"async\" width=\"2560\" height=\"1440\" data-id=\"26908\" src=\"https:\/\/jblanz.de\/WP\/wp-content\/uploads\/2025\/03\/IMG_2694-scaled.jpg\" alt=\"\" class=\"wp-image-26908\" srcset=\"https:\/\/jblanz.de\/WP\/wp-content\/uploads\/2025\/03\/IMG_2694-scaled.jpg 2560w, https:\/\/jblanz.de\/WP\/wp-content\/uploads\/2025\/03\/IMG_2694-300x169.jpg 300w, https:\/\/jblanz.de\/WP\/wp-content\/uploads\/2025\/03\/IMG_2694-1024x576.jpg 1024w, https:\/\/jblanz.de\/WP\/wp-content\/uploads\/2025\/03\/IMG_2694-768x432.jpg 768w, https:\/\/jblanz.de\/WP\/wp-content\/uploads\/2025\/03\/IMG_2694-1536x864.jpg 1536w, https:\/\/jblanz.de\/WP\/wp-content\/uploads\/2025\/03\/IMG_2694-2048x1152.jpg 2048w\" sizes=\"auto, (max-width: 2560px) 100vw, 2560px\" \/><\/figure>\n\n\n\n<figure class=\"wp-block-image size-full\"><img loading=\"lazy\" decoding=\"async\" width=\"2560\" height=\"1440\" data-id=\"26909\" src=\"https:\/\/jblanz.de\/WP\/wp-content\/uploads\/2025\/03\/IMG_2698-scaled.jpg\" alt=\"\" class=\"wp-image-26909\" srcset=\"https:\/\/jblanz.de\/WP\/wp-content\/uploads\/2025\/03\/IMG_2698-scaled.jpg 2560w, https:\/\/jblanz.de\/WP\/wp-content\/uploads\/2025\/03\/IMG_2698-300x169.jpg 300w, https:\/\/jblanz.de\/WP\/wp-content\/uploads\/2025\/03\/IMG_2698-1024x576.jpg 1024w, https:\/\/jblanz.de\/WP\/wp-content\/uploads\/2025\/03\/IMG_2698-768x432.jpg 768w, https:\/\/jblanz.de\/WP\/wp-content\/uploads\/2025\/03\/IMG_2698-1536x864.jpg 1536w, https:\/\/jblanz.de\/WP\/wp-content\/uploads\/2025\/03\/IMG_2698-2048x1152.jpg 2048w\" sizes=\"auto, (max-width: 2560px) 100vw, 2560px\" \/><\/figure>\n\n\n\n<figure class=\"wp-block-image size-full\"><img loading=\"lazy\" decoding=\"async\" width=\"2560\" height=\"1440\" data-id=\"26912\" src=\"https:\/\/jblanz.de\/WP\/wp-content\/uploads\/2025\/03\/25Spanien-2720-scaled.jpg\" alt=\"\" class=\"wp-image-26912\" srcset=\"https:\/\/jblanz.de\/WP\/wp-content\/uploads\/2025\/03\/25Spanien-2720-scaled.jpg 2560w, https:\/\/jblanz.de\/WP\/wp-content\/uploads\/2025\/03\/25Spanien-2720-300x169.jpg 300w, https:\/\/jblanz.de\/WP\/wp-content\/uploads\/2025\/03\/25Spanien-2720-1024x576.jpg 1024w, https:\/\/jblanz.de\/WP\/wp-content\/uploads\/2025\/03\/25Spanien-2720-768x432.jpg 768w, https:\/\/jblanz.de\/WP\/wp-content\/uploads\/2025\/03\/25Spanien-2720-1536x864.jpg 1536w, https:\/\/jblanz.de\/WP\/wp-content\/uploads\/2025\/03\/25Spanien-2720-2048x1152.jpg 2048w\" sizes=\"auto, (max-width: 2560px) 100vw, 2560px\" \/><\/figure>\n\n\n\n<figure class=\"wp-block-image size-full\"><img loading=\"lazy\" decoding=\"async\" width=\"2268\" height=\"1276\" data-id=\"26906\" src=\"https:\/\/jblanz.de\/WP\/wp-content\/uploads\/2025\/03\/IMG_2700.jpg\" alt=\"\" class=\"wp-image-26906\" srcset=\"https:\/\/jblanz.de\/WP\/wp-content\/uploads\/2025\/03\/IMG_2700.jpg 2268w, https:\/\/jblanz.de\/WP\/wp-content\/uploads\/2025\/03\/IMG_2700-300x169.jpg 300w, https:\/\/jblanz.de\/WP\/wp-content\/uploads\/2025\/03\/IMG_2700-1024x576.jpg 1024w, https:\/\/jblanz.de\/WP\/wp-content\/uploads\/2025\/03\/IMG_2700-768x432.jpg 768w, https:\/\/jblanz.de\/WP\/wp-content\/uploads\/2025\/03\/IMG_2700-1536x864.jpg 1536w, https:\/\/jblanz.de\/WP\/wp-content\/uploads\/2025\/03\/IMG_2700-2048x1152.jpg 2048w\" sizes=\"auto, (max-width: 2268px) 100vw, 2268px\" \/><figcaption class=\"wp-element-caption\">kretische Fagonie<\/figcaption><\/figure>\n\n\n\n<figure class=\"wp-block-image size-full\"><img loading=\"lazy\" decoding=\"async\" width=\"2560\" height=\"1306\" data-id=\"26905\" src=\"https:\/\/jblanz.de\/WP\/wp-content\/uploads\/2025\/03\/IMG_2696-scaled.jpg\" alt=\"\" class=\"wp-image-26905\" srcset=\"https:\/\/jblanz.de\/WP\/wp-content\/uploads\/2025\/03\/IMG_2696-scaled.jpg 2560w, https:\/\/jblanz.de\/WP\/wp-content\/uploads\/2025\/03\/IMG_2696-300x153.jpg 300w, https:\/\/jblanz.de\/WP\/wp-content\/uploads\/2025\/03\/IMG_2696-1024x522.jpg 1024w, https:\/\/jblanz.de\/WP\/wp-content\/uploads\/2025\/03\/IMG_2696-768x392.jpg 768w, https:\/\/jblanz.de\/WP\/wp-content\/uploads\/2025\/03\/IMG_2696-1536x783.jpg 1536w, https:\/\/jblanz.de\/WP\/wp-content\/uploads\/2025\/03\/IMG_2696-2048x1045.jpg 2048w\" sizes=\"auto, (max-width: 2560px) 100vw, 2560px\" \/><\/figure>\n\n\n\n<figure class=\"wp-block-image size-full\"><img loading=\"lazy\" decoding=\"async\" width=\"2011\" height=\"1131\" data-id=\"26904\" src=\"https:\/\/jblanz.de\/WP\/wp-content\/uploads\/2025\/03\/25Spanien-2716.jpg\" alt=\"\" class=\"wp-image-26904\" srcset=\"https:\/\/jblanz.de\/WP\/wp-content\/uploads\/2025\/03\/25Spanien-2716.jpg 2011w, https:\/\/jblanz.de\/WP\/wp-content\/uploads\/2025\/03\/25Spanien-2716-300x169.jpg 300w, https:\/\/jblanz.de\/WP\/wp-content\/uploads\/2025\/03\/25Spanien-2716-1024x576.jpg 1024w, https:\/\/jblanz.de\/WP\/wp-content\/uploads\/2025\/03\/25Spanien-2716-768x432.jpg 768w, https:\/\/jblanz.de\/WP\/wp-content\/uploads\/2025\/03\/25Spanien-2716-1536x864.jpg 1536w\" sizes=\"auto, (max-width: 2011px) 100vw, 2011px\" \/><\/figure>\n\n\n\n<figure class=\"wp-block-image size-full\"><img loading=\"lazy\" decoding=\"async\" width=\"2560\" height=\"1440\" data-id=\"26907\" src=\"https:\/\/jblanz.de\/WP\/wp-content\/uploads\/2025\/03\/IMG_2702-scaled.jpg\" alt=\"\" class=\"wp-image-26907\" srcset=\"https:\/\/jblanz.de\/WP\/wp-content\/uploads\/2025\/03\/IMG_2702-scaled.jpg 2560w, https:\/\/jblanz.de\/WP\/wp-content\/uploads\/2025\/03\/IMG_2702-300x169.jpg 300w, https:\/\/jblanz.de\/WP\/wp-content\/uploads\/2025\/03\/IMG_2702-1024x576.jpg 1024w, https:\/\/jblanz.de\/WP\/wp-content\/uploads\/2025\/03\/IMG_2702-768x432.jpg 768w, https:\/\/jblanz.de\/WP\/wp-content\/uploads\/2025\/03\/IMG_2702-1536x864.jpg 1536w, https:\/\/jblanz.de\/WP\/wp-content\/uploads\/2025\/03\/IMG_2702-2048x1152.jpg 2048w\" sizes=\"auto, (max-width: 2560px) 100vw, 2560px\" \/><\/figure>\n\n\n\n<figure class=\"wp-block-image size-full\"><img loading=\"lazy\" decoding=\"async\" width=\"2560\" height=\"1440\" data-id=\"26913\" src=\"https:\/\/jblanz.de\/WP\/wp-content\/uploads\/2025\/03\/IMG_2703-scaled.jpg\" alt=\"\" class=\"wp-image-26913\" srcset=\"https:\/\/jblanz.de\/WP\/wp-content\/uploads\/2025\/03\/IMG_2703-scaled.jpg 2560w, https:\/\/jblanz.de\/WP\/wp-content\/uploads\/2025\/03\/IMG_2703-300x169.jpg 300w, https:\/\/jblanz.de\/WP\/wp-content\/uploads\/2025\/03\/IMG_2703-1024x576.jpg 1024w, https:\/\/jblanz.de\/WP\/wp-content\/uploads\/2025\/03\/IMG_2703-768x432.jpg 768w, https:\/\/jblanz.de\/WP\/wp-content\/uploads\/2025\/03\/IMG_2703-1536x864.jpg 1536w, https:\/\/jblanz.de\/WP\/wp-content\/uploads\/2025\/03\/IMG_2703-2048x1152.jpg 2048w\" sizes=\"auto, (max-width: 2560px) 100vw, 2560px\" \/><\/figure>\n<\/figure>\n\n\n\n<figure class=\"wp-block-gallery has-nested-images columns-2 is-cropped wp-block-gallery-3 is-layout-flex wp-block-gallery-is-layout-flex\">\n<figure class=\"wp-block-image size-large\"><img loading=\"lazy\" decoding=\"async\" width=\"1024\" height=\"576\" data-id=\"26919\" src=\"https:\/\/jblanz.de\/WP\/wp-content\/uploads\/2025\/03\/25Spanien-2731-1024x576.jpg\" alt=\"\" class=\"wp-image-26919\" srcset=\"https:\/\/jblanz.de\/WP\/wp-content\/uploads\/2025\/03\/25Spanien-2731-1024x576.jpg 1024w, https:\/\/jblanz.de\/WP\/wp-content\/uploads\/2025\/03\/25Spanien-2731-300x169.jpg 300w, https:\/\/jblanz.de\/WP\/wp-content\/uploads\/2025\/03\/25Spanien-2731-768x432.jpg 768w, https:\/\/jblanz.de\/WP\/wp-content\/uploads\/2025\/03\/25Spanien-2731-1536x864.jpg 1536w, https:\/\/jblanz.de\/WP\/wp-content\/uploads\/2025\/03\/25Spanien-2731-2048x1152.jpg 2048w\" sizes=\"auto, (max-width: 1024px) 100vw, 1024px\" \/><\/figure>\n\n\n\n<figure class=\"wp-block-image size-large\"><img loading=\"lazy\" decoding=\"async\" width=\"1024\" height=\"576\" data-id=\"26920\" src=\"https:\/\/jblanz.de\/WP\/wp-content\/uploads\/2025\/03\/25Spanien-2732-1024x576.jpg\" alt=\"\" class=\"wp-image-26920\" srcset=\"https:\/\/jblanz.de\/WP\/wp-content\/uploads\/2025\/03\/25Spanien-2732-1024x576.jpg 1024w, https:\/\/jblanz.de\/WP\/wp-content\/uploads\/2025\/03\/25Spanien-2732-300x169.jpg 300w, https:\/\/jblanz.de\/WP\/wp-content\/uploads\/2025\/03\/25Spanien-2732-768x432.jpg 768w, https:\/\/jblanz.de\/WP\/wp-content\/uploads\/2025\/03\/25Spanien-2732-1536x864.jpg 1536w, https:\/\/jblanz.de\/WP\/wp-content\/uploads\/2025\/03\/25Spanien-2732-2048x1152.jpg 2048w\" sizes=\"auto, (max-width: 1024px) 100vw, 1024px\" \/><\/figure>\n\n\n\n<figure class=\"wp-block-image size-large\"><img loading=\"lazy\" decoding=\"async\" width=\"1024\" height=\"576\" data-id=\"26922\" src=\"https:\/\/jblanz.de\/WP\/wp-content\/uploads\/2025\/03\/25Spanien-2762-1024x576.jpg\" alt=\"\" class=\"wp-image-26922\" srcset=\"https:\/\/jblanz.de\/WP\/wp-content\/uploads\/2025\/03\/25Spanien-2762-1024x576.jpg 1024w, https:\/\/jblanz.de\/WP\/wp-content\/uploads\/2025\/03\/25Spanien-2762-300x169.jpg 300w, https:\/\/jblanz.de\/WP\/wp-content\/uploads\/2025\/03\/25Spanien-2762-768x432.jpg 768w, https:\/\/jblanz.de\/WP\/wp-content\/uploads\/2025\/03\/25Spanien-2762-1536x864.jpg 1536w, https:\/\/jblanz.de\/WP\/wp-content\/uploads\/2025\/03\/25Spanien-2762-2048x1152.jpg 2048w\" sizes=\"auto, (max-width: 1024px) 100vw, 1024px\" \/><\/figure>\n\n\n\n<figure class=\"wp-block-image size-large\"><img loading=\"lazy\" decoding=\"async\" width=\"1024\" height=\"576\" data-id=\"26921\" src=\"https:\/\/jblanz.de\/WP\/wp-content\/uploads\/2025\/03\/25Spanien-2763-1024x576.jpg\" alt=\"\" class=\"wp-image-26921\" srcset=\"https:\/\/jblanz.de\/WP\/wp-content\/uploads\/2025\/03\/25Spanien-2763-1024x576.jpg 1024w, https:\/\/jblanz.de\/WP\/wp-content\/uploads\/2025\/03\/25Spanien-2763-300x169.jpg 300w, https:\/\/jblanz.de\/WP\/wp-content\/uploads\/2025\/03\/25Spanien-2763-768x432.jpg 768w, https:\/\/jblanz.de\/WP\/wp-content\/uploads\/2025\/03\/25Spanien-2763-1536x864.jpg 1536w, https:\/\/jblanz.de\/WP\/wp-content\/uploads\/2025\/03\/25Spanien-2763-2048x1152.jpg 2048w\" sizes=\"auto, (max-width: 1024px) 100vw, 1024px\" \/><\/figure>\n<\/figure>\n\n\n\n<figure class=\"wp-block-image aligncenter size-full\"><img loading=\"lazy\" decoding=\"async\" width=\"2560\" height=\"815\" src=\"https:\/\/jblanz.de\/WP\/wp-content\/uploads\/2025\/03\/25Spanien-2730-Pano-scaled.jpg\" alt=\"\" class=\"wp-image-26878\" srcset=\"https:\/\/jblanz.de\/WP\/wp-content\/uploads\/2025\/03\/25Spanien-2730-Pano-scaled.jpg 2560w, https:\/\/jblanz.de\/WP\/wp-content\/uploads\/2025\/03\/25Spanien-2730-Pano-300x95.jpg 300w, https:\/\/jblanz.de\/WP\/wp-content\/uploads\/2025\/03\/25Spanien-2730-Pano-1024x326.jpg 1024w, https:\/\/jblanz.de\/WP\/wp-content\/uploads\/2025\/03\/25Spanien-2730-Pano-768x244.jpg 768w, https:\/\/jblanz.de\/WP\/wp-content\/uploads\/2025\/03\/25Spanien-2730-Pano-1536x489.jpg 1536w, https:\/\/jblanz.de\/WP\/wp-content\/uploads\/2025\/03\/25Spanien-2730-Pano-2048x652.jpg 2048w\" sizes=\"auto, (max-width: 2560px) 100vw, 2560px\" \/><\/figure>\n\n\n\n<figure class=\"wp-block-image size-full\"><img loading=\"lazy\" decoding=\"async\" width=\"2560\" height=\"818\" src=\"https:\/\/jblanz.de\/WP\/wp-content\/uploads\/2025\/03\/25Spanien-2785-scaled.jpg\" alt=\"\" class=\"wp-image-26880\" srcset=\"https:\/\/jblanz.de\/WP\/wp-content\/uploads\/2025\/03\/25Spanien-2785-scaled.jpg 2560w, https:\/\/jblanz.de\/WP\/wp-content\/uploads\/2025\/03\/25Spanien-2785-300x96.jpg 300w, https:\/\/jblanz.de\/WP\/wp-content\/uploads\/2025\/03\/25Spanien-2785-1024x327.jpg 1024w, https:\/\/jblanz.de\/WP\/wp-content\/uploads\/2025\/03\/25Spanien-2785-768x245.jpg 768w, https:\/\/jblanz.de\/WP\/wp-content\/uploads\/2025\/03\/25Spanien-2785-1536x491.jpg 1536w, https:\/\/jblanz.de\/WP\/wp-content\/uploads\/2025\/03\/25Spanien-2785-2048x654.jpg 2048w\" sizes=\"auto, (max-width: 2560px) 100vw, 2560px\" \/><\/figure>\n\n\n\n<figure class=\"wp-block-image size-full\"><img loading=\"lazy\" decoding=\"async\" width=\"2560\" height=\"500\" src=\"https:\/\/jblanz.de\/WP\/wp-content\/uploads\/2025\/03\/25Spanien-2760-scaled.jpg\" alt=\"\" class=\"wp-image-26881\" srcset=\"https:\/\/jblanz.de\/WP\/wp-content\/uploads\/2025\/03\/25Spanien-2760-scaled.jpg 2560w, https:\/\/jblanz.de\/WP\/wp-content\/uploads\/2025\/03\/25Spanien-2760-300x59.jpg 300w, https:\/\/jblanz.de\/WP\/wp-content\/uploads\/2025\/03\/25Spanien-2760-1024x200.jpg 1024w, https:\/\/jblanz.de\/WP\/wp-content\/uploads\/2025\/03\/25Spanien-2760-768x150.jpg 768w, https:\/\/jblanz.de\/WP\/wp-content\/uploads\/2025\/03\/25Spanien-2760-1536x300.jpg 1536w, https:\/\/jblanz.de\/WP\/wp-content\/uploads\/2025\/03\/25Spanien-2760-2048x400.jpg 2048w\" sizes=\"auto, (max-width: 2560px) 100vw, 2560px\" \/><\/figure>\n\n\n\n<figure class=\"wp-block-image aligncenter size-full\"><img loading=\"lazy\" decoding=\"async\" width=\"2560\" height=\"481\" src=\"https:\/\/jblanz.de\/WP\/wp-content\/uploads\/2025\/03\/25Spanien-2746-scaled.jpg\" alt=\"\" class=\"wp-image-26883\" srcset=\"https:\/\/jblanz.de\/WP\/wp-content\/uploads\/2025\/03\/25Spanien-2746-scaled.jpg 2560w, https:\/\/jblanz.de\/WP\/wp-content\/uploads\/2025\/03\/25Spanien-2746-300x56.jpg 300w, https:\/\/jblanz.de\/WP\/wp-content\/uploads\/2025\/03\/25Spanien-2746-1024x193.jpg 1024w, https:\/\/jblanz.de\/WP\/wp-content\/uploads\/2025\/03\/25Spanien-2746-768x144.jpg 768w, https:\/\/jblanz.de\/WP\/wp-content\/uploads\/2025\/03\/25Spanien-2746-1536x289.jpg 1536w, https:\/\/jblanz.de\/WP\/wp-content\/uploads\/2025\/03\/25Spanien-2746-2048x385.jpg 2048w\" sizes=\"auto, (max-width: 2560px) 100vw, 2560px\" \/><\/figure>\n\n\n\n<p>An der Strasse gibt es immer wieder Westernst\u00e4dte, in denen Shows vorgef\u00fchrt werden. Die W\u00fcste von Tabernas spielte in den 1960er und 70er-Jahren eine zentrale Rolle in der weltweiten Filmindustrie. Zu den ber\u00fchmtesten hier gedrehten Filme z\u00e4hlen Sergio Leones Dollar-Trilogie mit Clint Eastwood (\u00bbF\u00fcr eine Handvoll Dollar\u00ab, \u00bbF\u00fcr ein paar Dollar mehr\u00ab und \u00bbZwei glorreiche Halunken\u00ab) sowie \u00bbSpiel mir das Lied vom Tod\u00ab mit Henry Fonda, Claudia Cardinale und Charles Bronson. Aber auch bekannte Filme aus anderen Genres wie \u00bbLawrence von Arabien\u00ab, \u00bbCleopatra\u00ab, \u00bbConan der Barbar\u00ab und \u00bbDer letzte Kreuzzug\u00ab wurden hier gedreht.<\/p>\n\n\n\n<figure class=\"wp-block-image aligncenter size-full\"><img loading=\"lazy\" decoding=\"async\" width=\"2560\" height=\"752\" src=\"https:\/\/jblanz.de\/WP\/wp-content\/uploads\/2025\/03\/25Spanien-2773-scaled.jpg\" alt=\"\" class=\"wp-image-26886\" srcset=\"https:\/\/jblanz.de\/WP\/wp-content\/uploads\/2025\/03\/25Spanien-2773-scaled.jpg 2560w, https:\/\/jblanz.de\/WP\/wp-content\/uploads\/2025\/03\/25Spanien-2773-300x88.jpg 300w, https:\/\/jblanz.de\/WP\/wp-content\/uploads\/2025\/03\/25Spanien-2773-1024x301.jpg 1024w, https:\/\/jblanz.de\/WP\/wp-content\/uploads\/2025\/03\/25Spanien-2773-768x226.jpg 768w, https:\/\/jblanz.de\/WP\/wp-content\/uploads\/2025\/03\/25Spanien-2773-1536x451.jpg 1536w, https:\/\/jblanz.de\/WP\/wp-content\/uploads\/2025\/03\/25Spanien-2773-2048x602.jpg 2048w\" sizes=\"auto, (max-width: 2560px) 100vw, 2560px\" \/><\/figure>\n\n\n\n<p>Wir fuhren auf der alten Strasse entlang der Autobahn, dann zur\u00fcck auf der Autobahn bis zur Ausfahrt G\u00e1dor, dort  gingen wir Mittagessen. Auf dem Weg zum Restaurant sahen wir Eltern, die ihre Kinder von der Schule abholten. Die Strasse wurde daf\u00fcr abgesperrt.<\/p>\n\n\n\n<figure class=\"wp-block-image size-large\"><img loading=\"lazy\" decoding=\"async\" width=\"1024\" height=\"576\" src=\"https:\/\/jblanz.de\/WP\/wp-content\/uploads\/2025\/03\/IMG_2709-1024x576.jpg\" alt=\"\" class=\"wp-image-26934\" srcset=\"https:\/\/jblanz.de\/WP\/wp-content\/uploads\/2025\/03\/IMG_2709-1024x576.jpg 1024w, https:\/\/jblanz.de\/WP\/wp-content\/uploads\/2025\/03\/IMG_2709-300x169.jpg 300w, https:\/\/jblanz.de\/WP\/wp-content\/uploads\/2025\/03\/IMG_2709-768x432.jpg 768w, https:\/\/jblanz.de\/WP\/wp-content\/uploads\/2025\/03\/IMG_2709-1536x864.jpg 1536w, https:\/\/jblanz.de\/WP\/wp-content\/uploads\/2025\/03\/IMG_2709-2048x1152.jpg 2048w\" sizes=\"auto, (max-width: 1024px) 100vw, 1024px\" \/><\/figure>\n\n\n\n<figure class=\"wp-block-gallery has-nested-images columns-2 is-cropped wp-block-gallery-4 is-layout-flex wp-block-gallery-is-layout-flex\">\n<figure class=\"wp-block-image size-large\"><img loading=\"lazy\" decoding=\"async\" width=\"1024\" height=\"576\" data-id=\"26929\" src=\"https:\/\/jblanz.de\/WP\/wp-content\/uploads\/2025\/03\/25Spanien-2786-1024x576.jpg\" alt=\"\" class=\"wp-image-26929\" srcset=\"https:\/\/jblanz.de\/WP\/wp-content\/uploads\/2025\/03\/25Spanien-2786-1024x576.jpg 1024w, https:\/\/jblanz.de\/WP\/wp-content\/uploads\/2025\/03\/25Spanien-2786-300x169.jpg 300w, https:\/\/jblanz.de\/WP\/wp-content\/uploads\/2025\/03\/25Spanien-2786-768x432.jpg 768w, https:\/\/jblanz.de\/WP\/wp-content\/uploads\/2025\/03\/25Spanien-2786-1536x864.jpg 1536w, https:\/\/jblanz.de\/WP\/wp-content\/uploads\/2025\/03\/25Spanien-2786-2048x1152.jpg 2048w\" sizes=\"auto, (max-width: 1024px) 100vw, 1024px\" \/><\/figure>\n\n\n\n<figure class=\"wp-block-image size-large\"><img loading=\"lazy\" decoding=\"async\" width=\"1024\" height=\"576\" data-id=\"26927\" src=\"https:\/\/jblanz.de\/WP\/wp-content\/uploads\/2025\/03\/25Spanien-2787-1024x576.jpg\" alt=\"\" class=\"wp-image-26927\" srcset=\"https:\/\/jblanz.de\/WP\/wp-content\/uploads\/2025\/03\/25Spanien-2787-1024x576.jpg 1024w, https:\/\/jblanz.de\/WP\/wp-content\/uploads\/2025\/03\/25Spanien-2787-300x169.jpg 300w, https:\/\/jblanz.de\/WP\/wp-content\/uploads\/2025\/03\/25Spanien-2787-768x432.jpg 768w, https:\/\/jblanz.de\/WP\/wp-content\/uploads\/2025\/03\/25Spanien-2787-1536x864.jpg 1536w, https:\/\/jblanz.de\/WP\/wp-content\/uploads\/2025\/03\/25Spanien-2787-2048x1152.jpg 2048w\" sizes=\"auto, (max-width: 1024px) 100vw, 1024px\" \/><\/figure>\n\n\n\n<figure class=\"wp-block-image size-large\"><img loading=\"lazy\" decoding=\"async\" width=\"1024\" height=\"576\" data-id=\"26924\" src=\"https:\/\/jblanz.de\/WP\/wp-content\/uploads\/2025\/03\/25Spanien-2788-1024x576.jpg\" alt=\"\" class=\"wp-image-26924\" srcset=\"https:\/\/jblanz.de\/WP\/wp-content\/uploads\/2025\/03\/25Spanien-2788-1024x576.jpg 1024w, https:\/\/jblanz.de\/WP\/wp-content\/uploads\/2025\/03\/25Spanien-2788-300x169.jpg 300w, https:\/\/jblanz.de\/WP\/wp-content\/uploads\/2025\/03\/25Spanien-2788-768x432.jpg 768w, https:\/\/jblanz.de\/WP\/wp-content\/uploads\/2025\/03\/25Spanien-2788-1536x864.jpg 1536w, https:\/\/jblanz.de\/WP\/wp-content\/uploads\/2025\/03\/25Spanien-2788-2048x1152.jpg 2048w\" sizes=\"auto, (max-width: 1024px) 100vw, 1024px\" \/><\/figure>\n\n\n\n<figure class=\"wp-block-image size-large\"><img loading=\"lazy\" decoding=\"async\" width=\"1024\" height=\"576\" data-id=\"26925\" src=\"https:\/\/jblanz.de\/WP\/wp-content\/uploads\/2025\/03\/25Spanien-2789-1024x576.jpg\" alt=\"\" class=\"wp-image-26925\" srcset=\"https:\/\/jblanz.de\/WP\/wp-content\/uploads\/2025\/03\/25Spanien-2789-1024x576.jpg 1024w, https:\/\/jblanz.de\/WP\/wp-content\/uploads\/2025\/03\/25Spanien-2789-300x169.jpg 300w, https:\/\/jblanz.de\/WP\/wp-content\/uploads\/2025\/03\/25Spanien-2789-768x432.jpg 768w, https:\/\/jblanz.de\/WP\/wp-content\/uploads\/2025\/03\/25Spanien-2789-1536x864.jpg 1536w, https:\/\/jblanz.de\/WP\/wp-content\/uploads\/2025\/03\/25Spanien-2789-2048x1152.jpg 2048w\" sizes=\"auto, (max-width: 1024px) 100vw, 1024px\" \/><\/figure>\n\n\n\n<figure class=\"wp-block-image size-large\"><img loading=\"lazy\" decoding=\"async\" width=\"1024\" height=\"576\" data-id=\"26933\" src=\"https:\/\/jblanz.de\/WP\/wp-content\/uploads\/2025\/03\/25Spanien-2790-1024x576.jpg\" alt=\"\" class=\"wp-image-26933\" srcset=\"https:\/\/jblanz.de\/WP\/wp-content\/uploads\/2025\/03\/25Spanien-2790-1024x576.jpg 1024w, https:\/\/jblanz.de\/WP\/wp-content\/uploads\/2025\/03\/25Spanien-2790-300x169.jpg 300w, https:\/\/jblanz.de\/WP\/wp-content\/uploads\/2025\/03\/25Spanien-2790-768x432.jpg 768w, https:\/\/jblanz.de\/WP\/wp-content\/uploads\/2025\/03\/25Spanien-2790-1536x864.jpg 1536w, https:\/\/jblanz.de\/WP\/wp-content\/uploads\/2025\/03\/25Spanien-2790-2048x1152.jpg 2048w\" sizes=\"auto, (max-width: 1024px) 100vw, 1024px\" \/><\/figure>\n\n\n\n<figure class=\"wp-block-image size-large\"><img loading=\"lazy\" decoding=\"async\" width=\"1024\" height=\"576\" data-id=\"26930\" src=\"https:\/\/jblanz.de\/WP\/wp-content\/uploads\/2025\/03\/25Spanien-2791-1024x576.jpg\" alt=\"\" class=\"wp-image-26930\" srcset=\"https:\/\/jblanz.de\/WP\/wp-content\/uploads\/2025\/03\/25Spanien-2791-1024x576.jpg 1024w, https:\/\/jblanz.de\/WP\/wp-content\/uploads\/2025\/03\/25Spanien-2791-300x169.jpg 300w, https:\/\/jblanz.de\/WP\/wp-content\/uploads\/2025\/03\/25Spanien-2791-768x432.jpg 768w, https:\/\/jblanz.de\/WP\/wp-content\/uploads\/2025\/03\/25Spanien-2791-1536x864.jpg 1536w, https:\/\/jblanz.de\/WP\/wp-content\/uploads\/2025\/03\/25Spanien-2791-2048x1152.jpg 2048w\" sizes=\"auto, (max-width: 1024px) 100vw, 1024px\" \/><\/figure>\n\n\n\n<figure class=\"wp-block-image size-large\"><img loading=\"lazy\" decoding=\"async\" width=\"1024\" height=\"576\" data-id=\"26931\" src=\"https:\/\/jblanz.de\/WP\/wp-content\/uploads\/2025\/03\/25Spanien-2792-1024x576.jpg\" alt=\"\" class=\"wp-image-26931\" srcset=\"https:\/\/jblanz.de\/WP\/wp-content\/uploads\/2025\/03\/25Spanien-2792-1024x576.jpg 1024w, https:\/\/jblanz.de\/WP\/wp-content\/uploads\/2025\/03\/25Spanien-2792-300x169.jpg 300w, https:\/\/jblanz.de\/WP\/wp-content\/uploads\/2025\/03\/25Spanien-2792-768x432.jpg 768w, https:\/\/jblanz.de\/WP\/wp-content\/uploads\/2025\/03\/25Spanien-2792-1536x864.jpg 1536w, https:\/\/jblanz.de\/WP\/wp-content\/uploads\/2025\/03\/25Spanien-2792-2048x1152.jpg 2048w\" sizes=\"auto, (max-width: 1024px) 100vw, 1024px\" \/><\/figure>\n\n\n\n<figure class=\"wp-block-image size-large\"><img loading=\"lazy\" decoding=\"async\" width=\"1024\" height=\"576\" data-id=\"26932\" src=\"https:\/\/jblanz.de\/WP\/wp-content\/uploads\/2025\/03\/25Spanien-2793-1024x576.jpg\" alt=\"\" class=\"wp-image-26932\" srcset=\"https:\/\/jblanz.de\/WP\/wp-content\/uploads\/2025\/03\/25Spanien-2793-1024x576.jpg 1024w, https:\/\/jblanz.de\/WP\/wp-content\/uploads\/2025\/03\/25Spanien-2793-300x169.jpg 300w, https:\/\/jblanz.de\/WP\/wp-content\/uploads\/2025\/03\/25Spanien-2793-768x432.jpg 768w, https:\/\/jblanz.de\/WP\/wp-content\/uploads\/2025\/03\/25Spanien-2793-1536x864.jpg 1536w, https:\/\/jblanz.de\/WP\/wp-content\/uploads\/2025\/03\/25Spanien-2793-2048x1152.jpg 2048w\" sizes=\"auto, (max-width: 1024px) 100vw, 1024px\" \/><\/figure>\n\n\n\n<figure class=\"wp-block-image size-large\"><img loading=\"lazy\" decoding=\"async\" width=\"1024\" height=\"576\" data-id=\"26926\" src=\"https:\/\/jblanz.de\/WP\/wp-content\/uploads\/2025\/03\/25Spanien-2794-1024x576.jpg\" alt=\"\" class=\"wp-image-26926\" srcset=\"https:\/\/jblanz.de\/WP\/wp-content\/uploads\/2025\/03\/25Spanien-2794-1024x576.jpg 1024w, https:\/\/jblanz.de\/WP\/wp-content\/uploads\/2025\/03\/25Spanien-2794-300x169.jpg 300w, https:\/\/jblanz.de\/WP\/wp-content\/uploads\/2025\/03\/25Spanien-2794-768x432.jpg 768w, https:\/\/jblanz.de\/WP\/wp-content\/uploads\/2025\/03\/25Spanien-2794-1536x864.jpg 1536w, https:\/\/jblanz.de\/WP\/wp-content\/uploads\/2025\/03\/25Spanien-2794-2048x1152.jpg 2048w\" sizes=\"auto, (max-width: 1024px) 100vw, 1024px\" \/><\/figure>\n\n\n\n<figure class=\"wp-block-image size-large\"><img loading=\"lazy\" decoding=\"async\" width=\"1024\" height=\"576\" data-id=\"26928\" src=\"https:\/\/jblanz.de\/WP\/wp-content\/uploads\/2025\/03\/25Spanien-2795-1024x576.jpg\" alt=\"\" class=\"wp-image-26928\" srcset=\"https:\/\/jblanz.de\/WP\/wp-content\/uploads\/2025\/03\/25Spanien-2795-1024x576.jpg 1024w, https:\/\/jblanz.de\/WP\/wp-content\/uploads\/2025\/03\/25Spanien-2795-300x169.jpg 300w, https:\/\/jblanz.de\/WP\/wp-content\/uploads\/2025\/03\/25Spanien-2795-768x432.jpg 768w, https:\/\/jblanz.de\/WP\/wp-content\/uploads\/2025\/03\/25Spanien-2795-1536x864.jpg 1536w, https:\/\/jblanz.de\/WP\/wp-content\/uploads\/2025\/03\/25Spanien-2795-2048x1152.jpg 2048w\" sizes=\"auto, (max-width: 1024px) 100vw, 1024px\" \/><\/figure>\n<\/figure>\n\n\n\n<p>Die Fahrt ging weiter auf der A-1075 entlang des Flussbetts des Rio Andarax, der kein Wasser f\u00fchrte. Es ging lange einen Pass hoch, an einem Gebirge, das extrem br\u00fcchig aussah. Das letzte St\u00fcck bis zur Autobahn ging durch eine endlos scheinende Allee.<\/p>\n\n\n\n<figure class=\"wp-block-image aligncenter size-full\"><img loading=\"lazy\" decoding=\"async\" width=\"2560\" height=\"1073\" src=\"https:\/\/jblanz.de\/WP\/wp-content\/uploads\/2025\/03\/25Spanien-2796-Pano-scaled.jpg\" alt=\"\" class=\"wp-image-26879\" srcset=\"https:\/\/jblanz.de\/WP\/wp-content\/uploads\/2025\/03\/25Spanien-2796-Pano-scaled.jpg 2560w, https:\/\/jblanz.de\/WP\/wp-content\/uploads\/2025\/03\/25Spanien-2796-Pano-300x126.jpg 300w, https:\/\/jblanz.de\/WP\/wp-content\/uploads\/2025\/03\/25Spanien-2796-Pano-1024x429.jpg 1024w, https:\/\/jblanz.de\/WP\/wp-content\/uploads\/2025\/03\/25Spanien-2796-Pano-768x322.jpg 768w, https:\/\/jblanz.de\/WP\/wp-content\/uploads\/2025\/03\/25Spanien-2796-Pano-1536x644.jpg 1536w, https:\/\/jblanz.de\/WP\/wp-content\/uploads\/2025\/03\/25Spanien-2796-Pano-2048x858.jpg 2048w\" sizes=\"auto, (max-width: 2560px) 100vw, 2560px\" \/><\/figure>\n\n\n\n<figure class=\"wp-block-image size-full\"><img loading=\"lazy\" decoding=\"async\" width=\"2560\" height=\"561\" src=\"https:\/\/jblanz.de\/WP\/wp-content\/uploads\/2025\/03\/25Spanien-2798-scaled.jpg\" alt=\"\" class=\"wp-image-26890\" srcset=\"https:\/\/jblanz.de\/WP\/wp-content\/uploads\/2025\/03\/25Spanien-2798-scaled.jpg 2560w, https:\/\/jblanz.de\/WP\/wp-content\/uploads\/2025\/03\/25Spanien-2798-300x66.jpg 300w, https:\/\/jblanz.de\/WP\/wp-content\/uploads\/2025\/03\/25Spanien-2798-1024x224.jpg 1024w, https:\/\/jblanz.de\/WP\/wp-content\/uploads\/2025\/03\/25Spanien-2798-768x168.jpg 768w, https:\/\/jblanz.de\/WP\/wp-content\/uploads\/2025\/03\/25Spanien-2798-1536x336.jpg 1536w, https:\/\/jblanz.de\/WP\/wp-content\/uploads\/2025\/03\/25Spanien-2798-2048x449.jpg 2048w\" sizes=\"auto, (max-width: 2560px) 100vw, 2560px\" \/><\/figure>\n\n\n\n<figure class=\"wp-block-gallery has-nested-images columns-2 is-cropped wp-block-gallery-5 is-layout-flex wp-block-gallery-is-layout-flex\">\n<figure class=\"wp-block-image size-full\"><img loading=\"lazy\" decoding=\"async\" width=\"2560\" height=\"1440\" data-id=\"26943\" src=\"https:\/\/jblanz.de\/WP\/wp-content\/uploads\/2025\/03\/25Spanien-2801-scaled.jpg\" alt=\"\" class=\"wp-image-26943\" srcset=\"https:\/\/jblanz.de\/WP\/wp-content\/uploads\/2025\/03\/25Spanien-2801-scaled.jpg 2560w, https:\/\/jblanz.de\/WP\/wp-content\/uploads\/2025\/03\/25Spanien-2801-300x169.jpg 300w, https:\/\/jblanz.de\/WP\/wp-content\/uploads\/2025\/03\/25Spanien-2801-1024x576.jpg 1024w, https:\/\/jblanz.de\/WP\/wp-content\/uploads\/2025\/03\/25Spanien-2801-768x432.jpg 768w, https:\/\/jblanz.de\/WP\/wp-content\/uploads\/2025\/03\/25Spanien-2801-1536x864.jpg 1536w, https:\/\/jblanz.de\/WP\/wp-content\/uploads\/2025\/03\/25Spanien-2801-2048x1152.jpg 2048w\" sizes=\"auto, (max-width: 2560px) 100vw, 2560px\" \/><\/figure>\n\n\n\n<figure class=\"wp-block-image size-full\"><img loading=\"lazy\" decoding=\"async\" width=\"2560\" height=\"1440\" data-id=\"26945\" src=\"https:\/\/jblanz.de\/WP\/wp-content\/uploads\/2025\/03\/25Spanien-2804-scaled.jpg\" alt=\"\" class=\"wp-image-26945\" srcset=\"https:\/\/jblanz.de\/WP\/wp-content\/uploads\/2025\/03\/25Spanien-2804-scaled.jpg 2560w, https:\/\/jblanz.de\/WP\/wp-content\/uploads\/2025\/03\/25Spanien-2804-300x169.jpg 300w, https:\/\/jblanz.de\/WP\/wp-content\/uploads\/2025\/03\/25Spanien-2804-1024x576.jpg 1024w, https:\/\/jblanz.de\/WP\/wp-content\/uploads\/2025\/03\/25Spanien-2804-768x432.jpg 768w, https:\/\/jblanz.de\/WP\/wp-content\/uploads\/2025\/03\/25Spanien-2804-1536x864.jpg 1536w, https:\/\/jblanz.de\/WP\/wp-content\/uploads\/2025\/03\/25Spanien-2804-2048x1152.jpg 2048w\" sizes=\"auto, (max-width: 2560px) 100vw, 2560px\" \/><\/figure>\n\n\n\n<figure class=\"wp-block-image size-full\"><img loading=\"lazy\" decoding=\"async\" width=\"2560\" height=\"1440\" data-id=\"26946\" src=\"https:\/\/jblanz.de\/WP\/wp-content\/uploads\/2025\/03\/25Spanien-2805-scaled.jpg\" alt=\"\" class=\"wp-image-26946\" srcset=\"https:\/\/jblanz.de\/WP\/wp-content\/uploads\/2025\/03\/25Spanien-2805-scaled.jpg 2560w, https:\/\/jblanz.de\/WP\/wp-content\/uploads\/2025\/03\/25Spanien-2805-300x169.jpg 300w, https:\/\/jblanz.de\/WP\/wp-content\/uploads\/2025\/03\/25Spanien-2805-1024x576.jpg 1024w, https:\/\/jblanz.de\/WP\/wp-content\/uploads\/2025\/03\/25Spanien-2805-768x432.jpg 768w, https:\/\/jblanz.de\/WP\/wp-content\/uploads\/2025\/03\/25Spanien-2805-1536x864.jpg 1536w, https:\/\/jblanz.de\/WP\/wp-content\/uploads\/2025\/03\/25Spanien-2805-2048x1152.jpg 2048w\" sizes=\"auto, (max-width: 2560px) 100vw, 2560px\" \/><\/figure>\n\n\n\n<figure class=\"wp-block-image size-full\"><img loading=\"lazy\" decoding=\"async\" width=\"1616\" height=\"909\" data-id=\"26944\" src=\"https:\/\/jblanz.de\/WP\/wp-content\/uploads\/2025\/03\/25Spanien-2811-Edit.jpg\" alt=\"\" class=\"wp-image-26944\" srcset=\"https:\/\/jblanz.de\/WP\/wp-content\/uploads\/2025\/03\/25Spanien-2811-Edit.jpg 1616w, https:\/\/jblanz.de\/WP\/wp-content\/uploads\/2025\/03\/25Spanien-2811-Edit-300x169.jpg 300w, https:\/\/jblanz.de\/WP\/wp-content\/uploads\/2025\/03\/25Spanien-2811-Edit-1024x576.jpg 1024w, https:\/\/jblanz.de\/WP\/wp-content\/uploads\/2025\/03\/25Spanien-2811-Edit-768x432.jpg 768w, https:\/\/jblanz.de\/WP\/wp-content\/uploads\/2025\/03\/25Spanien-2811-Edit-1536x864.jpg 1536w\" sizes=\"auto, (max-width: 1616px) 100vw, 1616px\" \/><\/figure>\n<\/figure>\n\n\n\n<p>Das letzte Bild ist der Anblick, den man von der Autobahn kurz vor der Ausfahrt Tabernas hat. Wir fuhren zur\u00fcck zum Camping, genehmigten uns den ersten Sangria der Reise und sassen noch etwas im Restaurant in der Sonne. Jemand fragte, ob es f\u00fcr Langzeitcamper im Winter eine Reduktion der Stellplatzgeb\u00fchr (25 \u20ac) gibt. Das lehnte der Besitzer ab, denn er verdient sein Geld haupts\u00e4chlich im Winter, da es hier im Sommer sehr heiss wird. Ich spreche ihn darauf an, er meinte im Sommer h\u00e4tte es 40 \u00b0C und mehr, aber es w\u00e4re eine trockene Hitze und deshalb gut zu ertragen. Daf\u00fcr w\u00fcrde es am Abend auf 20 &#8211; 25 \u00b0C abk\u00fchlen und man k\u00f6nnte sehr gut schlafen. An der K\u00fcste h\u00e4tte es vielleicht 35 \u00b0C, aber feuchte Hitze und nachts Abk\u00fchlung nur auf 35 \u00b0C.   <\/p>\n\n\n\n<figure class=\"wp-block-image size-large\"><img loading=\"lazy\" decoding=\"async\" width=\"1024\" height=\"576\" src=\"https:\/\/jblanz.de\/WP\/wp-content\/uploads\/2025\/03\/IMG_2710-1024x576.jpg\" alt=\"\" class=\"wp-image-26951\" srcset=\"https:\/\/jblanz.de\/WP\/wp-content\/uploads\/2025\/03\/IMG_2710-1024x576.jpg 1024w, https:\/\/jblanz.de\/WP\/wp-content\/uploads\/2025\/03\/IMG_2710-300x169.jpg 300w, https:\/\/jblanz.de\/WP\/wp-content\/uploads\/2025\/03\/IMG_2710-768x432.jpg 768w, https:\/\/jblanz.de\/WP\/wp-content\/uploads\/2025\/03\/IMG_2710-1536x864.jpg 1536w, https:\/\/jblanz.de\/WP\/wp-content\/uploads\/2025\/03\/IMG_2710-2048x1152.jpg 2048w\" sizes=\"auto, (max-width: 1024px) 100vw, 1024px\" \/><\/figure>\n\n\n\n\n","protected":false},"excerpt":{"rendered":"<p>Heute wieder strahlender Sonnenschein beim Aufwachen. WIr stellten die St\u00fchle und Tisch raus, um draussen zu fr\u00fchst\u00fccken. Aber bis wir<\/p>\n","protected":false},"author":1,"featured_media":26915,"comment_status":"open","ping_status":"open","sticky":false,"template":"","format":"standard","meta":{"colormag_page_container_layout":"default_layout","colormag_page_sidebar_layout":"default_layout","_monsterinsights_skip_tracking":false,"_monsterinsights_sitenote_active":false,"_monsterinsights_sitenote_note":"","_monsterinsights_sitenote_category":0,"footnotes":""},"categories":[269,314,315,159,268,307,197],"tags":[],"class_list":["post-26871","post","type-post","status-publish","format-standard","has-post-thumbnail","hentry","category-2020-jahr","category-314","category-2025-2020-jahr","category-europa","category-jahr","category-k-z","category-spanien"],"yoast_head":"<!-- This site is optimized with the Yoast SEO plugin v27.4 - https:\/\/yoast.com\/product\/yoast-seo-wordpress\/ -->\n<title>10. M\u00e4rz 2025 - W\u00fcste von Tabernas - Reiseblog von Karin &amp; Joachim<\/title>\n<meta name=\"robots\" content=\"index, follow, max-snippet:-1, max-image-preview:large, max-video-preview:-1\" \/>\n<link rel=\"canonical\" href=\"https:\/\/jblanz.de\/WP\/10-maerz-2025-wueste-von-tabernas\/\" \/>\n<meta property=\"og:locale\" content=\"de_DE\" \/>\n<meta property=\"og:type\" content=\"article\" \/>\n<meta property=\"og:title\" content=\"10. M\u00e4rz 2025 - W\u00fcste von Tabernas - Reiseblog von Karin &amp; Joachim\" \/>\n<meta property=\"og:description\" content=\"Heute wieder strahlender Sonnenschein beim Aufwachen. WIr stellten die St\u00fchle und Tisch raus, um draussen zu fr\u00fchst\u00fccken. Aber bis wir\" \/>\n<meta property=\"og:url\" content=\"https:\/\/jblanz.de\/WP\/10-maerz-2025-wueste-von-tabernas\/\" \/>\n<meta property=\"og:site_name\" content=\"Reiseblog von Karin &amp; Joachim\" \/>\n<meta property=\"article:published_time\" content=\"2025-03-10T17:26:39+00:00\" \/>\n<meta property=\"article:modified_time\" content=\"2025-03-11T11:17:16+00:00\" \/>\n<meta property=\"og:image\" content=\"https:\/\/jblanz.de\/WP\/wp-content\/uploads\/2025\/03\/IMG_2704-scaled.jpg\" \/>\n\t<meta property=\"og:image:width\" content=\"2560\" \/>\n\t<meta property=\"og:image:height\" content=\"1440\" \/>\n\t<meta property=\"og:image:type\" content=\"image\/jpeg\" \/>\n<meta name=\"author\" content=\"Achim\" \/>\n<meta name=\"twitter:card\" content=\"summary_large_image\" \/>\n<meta name=\"twitter:label1\" content=\"Verfasst von\" \/>\n\t<meta name=\"twitter:data1\" content=\"Achim\" \/>\n\t<meta name=\"twitter:label2\" content=\"Gesch\u00e4tzte Lesezeit\" \/>\n\t<meta name=\"twitter:data2\" content=\"11\u00a0Minuten\" \/>\n<script type=\"application\/ld+json\" class=\"yoast-schema-graph\">{\"@context\":\"https:\\\/\\\/schema.org\",\"@graph\":[{\"@type\":\"Article\",\"@id\":\"https:\\\/\\\/jblanz.de\\\/WP\\\/10-maerz-2025-wueste-von-tabernas\\\/#article\",\"isPartOf\":{\"@id\":\"https:\\\/\\\/jblanz.de\\\/WP\\\/10-maerz-2025-wueste-von-tabernas\\\/\"},\"author\":{\"name\":\"Achim\",\"@id\":\"https:\\\/\\\/jblanz.de\\\/WP\\\/#\\\/schema\\\/person\\\/17a70f07162e42bc0b181c22397286e0\"},\"headline\":\"10. M\u00e4rz 2025 &#8211; W\u00fcste von Tabernas\",\"datePublished\":\"2025-03-10T17:26:39+00:00\",\"dateModified\":\"2025-03-11T11:17:16+00:00\",\"mainEntityOfPage\":{\"@id\":\"https:\\\/\\\/jblanz.de\\\/WP\\\/10-maerz-2025-wueste-von-tabernas\\\/\"},\"wordCount\":476,\"commentCount\":0,\"publisher\":{\"@id\":\"https:\\\/\\\/jblanz.de\\\/WP\\\/#\\\/schema\\\/person\\\/17a70f07162e42bc0b181c22397286e0\"},\"image\":{\"@id\":\"https:\\\/\\\/jblanz.de\\\/WP\\\/10-maerz-2025-wueste-von-tabernas\\\/#primaryimage\"},\"thumbnailUrl\":\"https:\\\/\\\/jblanz.de\\\/WP\\\/wp-content\\\/uploads\\\/2025\\\/03\\\/IMG_2704-scaled.jpg\",\"articleSection\":[\"2020+\",\"2025\",\"2025\",\"Europa\",\"Jahr\",\"K-Z\",\"Spanien\"],\"inLanguage\":\"de\",\"potentialAction\":[{\"@type\":\"CommentAction\",\"name\":\"Comment\",\"target\":[\"https:\\\/\\\/jblanz.de\\\/WP\\\/10-maerz-2025-wueste-von-tabernas\\\/#respond\"]}]},{\"@type\":\"WebPage\",\"@id\":\"https:\\\/\\\/jblanz.de\\\/WP\\\/10-maerz-2025-wueste-von-tabernas\\\/\",\"url\":\"https:\\\/\\\/jblanz.de\\\/WP\\\/10-maerz-2025-wueste-von-tabernas\\\/\",\"name\":\"10. M\u00e4rz 2025 - W\u00fcste von Tabernas - Reiseblog von Karin &amp; Joachim\",\"isPartOf\":{\"@id\":\"https:\\\/\\\/jblanz.de\\\/WP\\\/#website\"},\"primaryImageOfPage\":{\"@id\":\"https:\\\/\\\/jblanz.de\\\/WP\\\/10-maerz-2025-wueste-von-tabernas\\\/#primaryimage\"},\"image\":{\"@id\":\"https:\\\/\\\/jblanz.de\\\/WP\\\/10-maerz-2025-wueste-von-tabernas\\\/#primaryimage\"},\"thumbnailUrl\":\"https:\\\/\\\/jblanz.de\\\/WP\\\/wp-content\\\/uploads\\\/2025\\\/03\\\/IMG_2704-scaled.jpg\",\"datePublished\":\"2025-03-10T17:26:39+00:00\",\"dateModified\":\"2025-03-11T11:17:16+00:00\",\"breadcrumb\":{\"@id\":\"https:\\\/\\\/jblanz.de\\\/WP\\\/10-maerz-2025-wueste-von-tabernas\\\/#breadcrumb\"},\"inLanguage\":\"de\",\"potentialAction\":[{\"@type\":\"ReadAction\",\"target\":[\"https:\\\/\\\/jblanz.de\\\/WP\\\/10-maerz-2025-wueste-von-tabernas\\\/\"]}]},{\"@type\":\"ImageObject\",\"inLanguage\":\"de\",\"@id\":\"https:\\\/\\\/jblanz.de\\\/WP\\\/10-maerz-2025-wueste-von-tabernas\\\/#primaryimage\",\"url\":\"https:\\\/\\\/jblanz.de\\\/WP\\\/wp-content\\\/uploads\\\/2025\\\/03\\\/IMG_2704-scaled.jpg\",\"contentUrl\":\"https:\\\/\\\/jblanz.de\\\/WP\\\/wp-content\\\/uploads\\\/2025\\\/03\\\/IMG_2704-scaled.jpg\",\"width\":2560,\"height\":1440},{\"@type\":\"BreadcrumbList\",\"@id\":\"https:\\\/\\\/jblanz.de\\\/WP\\\/10-maerz-2025-wueste-von-tabernas\\\/#breadcrumb\",\"itemListElement\":[{\"@type\":\"ListItem\",\"position\":1,\"name\":\"Startseite\",\"item\":\"https:\\\/\\\/jblanz.de\\\/WP\\\/\"},{\"@type\":\"ListItem\",\"position\":2,\"name\":\"10. M\u00e4rz 2025 &#8211; W\u00fcste von Tabernas\"}]},{\"@type\":\"WebSite\",\"@id\":\"https:\\\/\\\/jblanz.de\\\/WP\\\/#website\",\"url\":\"https:\\\/\\\/jblanz.de\\\/WP\\\/\",\"name\":\"Reiseblog von Karin & Joachim\",\"description\":\"Wir schreiben den Blog f\u00fcr uns als Erinnerung - f\u00fcr euch als Inspiration\",\"publisher\":{\"@id\":\"https:\\\/\\\/jblanz.de\\\/WP\\\/#\\\/schema\\\/person\\\/17a70f07162e42bc0b181c22397286e0\"},\"potentialAction\":[{\"@type\":\"SearchAction\",\"target\":{\"@type\":\"EntryPoint\",\"urlTemplate\":\"https:\\\/\\\/jblanz.de\\\/WP\\\/?s={search_term_string}\"},\"query-input\":{\"@type\":\"PropertyValueSpecification\",\"valueRequired\":true,\"valueName\":\"search_term_string\"}}],\"inLanguage\":\"de\"},{\"@type\":[\"Person\",\"Organization\"],\"@id\":\"https:\\\/\\\/jblanz.de\\\/WP\\\/#\\\/schema\\\/person\\\/17a70f07162e42bc0b181c22397286e0\",\"name\":\"Achim\",\"image\":{\"@type\":\"ImageObject\",\"inLanguage\":\"de\",\"@id\":\"https:\\\/\\\/secure.gravatar.com\\\/avatar\\\/b7ab31bc55956af4a9bebf7fd034761212b11b803b7e39464914d6abeefb12f3?s=96&d=mm&r=g\",\"url\":\"https:\\\/\\\/secure.gravatar.com\\\/avatar\\\/b7ab31bc55956af4a9bebf7fd034761212b11b803b7e39464914d6abeefb12f3?s=96&d=mm&r=g\",\"contentUrl\":\"https:\\\/\\\/secure.gravatar.com\\\/avatar\\\/b7ab31bc55956af4a9bebf7fd034761212b11b803b7e39464914d6abeefb12f3?s=96&d=mm&r=g\",\"caption\":\"Achim\"},\"logo\":{\"@id\":\"https:\\\/\\\/secure.gravatar.com\\\/avatar\\\/b7ab31bc55956af4a9bebf7fd034761212b11b803b7e39464914d6abeefb12f3?s=96&d=mm&r=g\"},\"url\":\"https:\\\/\\\/jblanz.de\\\/WP\\\/author\\\/achim\\\/\"}]}<\/script>\n<!-- \/ Yoast SEO plugin. -->","yoast_head_json":{"title":"10. M\u00e4rz 2025 - W\u00fcste von Tabernas - Reiseblog von Karin &amp; Joachim","robots":{"index":"index","follow":"follow","max-snippet":"max-snippet:-1","max-image-preview":"max-image-preview:large","max-video-preview":"max-video-preview:-1"},"canonical":"https:\/\/jblanz.de\/WP\/10-maerz-2025-wueste-von-tabernas\/","og_locale":"de_DE","og_type":"article","og_title":"10. M\u00e4rz 2025 - W\u00fcste von Tabernas - Reiseblog von Karin &amp; Joachim","og_description":"Heute wieder strahlender Sonnenschein beim Aufwachen. WIr stellten die St\u00fchle und Tisch raus, um draussen zu fr\u00fchst\u00fccken. Aber bis wir","og_url":"https:\/\/jblanz.de\/WP\/10-maerz-2025-wueste-von-tabernas\/","og_site_name":"Reiseblog von Karin &amp; Joachim","article_published_time":"2025-03-10T17:26:39+00:00","article_modified_time":"2025-03-11T11:17:16+00:00","og_image":[{"width":2560,"height":1440,"url":"https:\/\/jblanz.de\/WP\/wp-content\/uploads\/2025\/03\/IMG_2704-scaled.jpg","type":"image\/jpeg"}],"author":"Achim","twitter_card":"summary_large_image","twitter_misc":{"Verfasst von":"Achim","Gesch\u00e4tzte Lesezeit":"11\u00a0Minuten"},"schema":{"@context":"https:\/\/schema.org","@graph":[{"@type":"Article","@id":"https:\/\/jblanz.de\/WP\/10-maerz-2025-wueste-von-tabernas\/#article","isPartOf":{"@id":"https:\/\/jblanz.de\/WP\/10-maerz-2025-wueste-von-tabernas\/"},"author":{"name":"Achim","@id":"https:\/\/jblanz.de\/WP\/#\/schema\/person\/17a70f07162e42bc0b181c22397286e0"},"headline":"10. M\u00e4rz 2025 &#8211; W\u00fcste von Tabernas","datePublished":"2025-03-10T17:26:39+00:00","dateModified":"2025-03-11T11:17:16+00:00","mainEntityOfPage":{"@id":"https:\/\/jblanz.de\/WP\/10-maerz-2025-wueste-von-tabernas\/"},"wordCount":476,"commentCount":0,"publisher":{"@id":"https:\/\/jblanz.de\/WP\/#\/schema\/person\/17a70f07162e42bc0b181c22397286e0"},"image":{"@id":"https:\/\/jblanz.de\/WP\/10-maerz-2025-wueste-von-tabernas\/#primaryimage"},"thumbnailUrl":"https:\/\/jblanz.de\/WP\/wp-content\/uploads\/2025\/03\/IMG_2704-scaled.jpg","articleSection":["2020+","2025","2025","Europa","Jahr","K-Z","Spanien"],"inLanguage":"de","potentialAction":[{"@type":"CommentAction","name":"Comment","target":["https:\/\/jblanz.de\/WP\/10-maerz-2025-wueste-von-tabernas\/#respond"]}]},{"@type":"WebPage","@id":"https:\/\/jblanz.de\/WP\/10-maerz-2025-wueste-von-tabernas\/","url":"https:\/\/jblanz.de\/WP\/10-maerz-2025-wueste-von-tabernas\/","name":"10. M\u00e4rz 2025 - W\u00fcste von Tabernas - Reiseblog von Karin &amp; Joachim","isPartOf":{"@id":"https:\/\/jblanz.de\/WP\/#website"},"primaryImageOfPage":{"@id":"https:\/\/jblanz.de\/WP\/10-maerz-2025-wueste-von-tabernas\/#primaryimage"},"image":{"@id":"https:\/\/jblanz.de\/WP\/10-maerz-2025-wueste-von-tabernas\/#primaryimage"},"thumbnailUrl":"https:\/\/jblanz.de\/WP\/wp-content\/uploads\/2025\/03\/IMG_2704-scaled.jpg","datePublished":"2025-03-10T17:26:39+00:00","dateModified":"2025-03-11T11:17:16+00:00","breadcrumb":{"@id":"https:\/\/jblanz.de\/WP\/10-maerz-2025-wueste-von-tabernas\/#breadcrumb"},"inLanguage":"de","potentialAction":[{"@type":"ReadAction","target":["https:\/\/jblanz.de\/WP\/10-maerz-2025-wueste-von-tabernas\/"]}]},{"@type":"ImageObject","inLanguage":"de","@id":"https:\/\/jblanz.de\/WP\/10-maerz-2025-wueste-von-tabernas\/#primaryimage","url":"https:\/\/jblanz.de\/WP\/wp-content\/uploads\/2025\/03\/IMG_2704-scaled.jpg","contentUrl":"https:\/\/jblanz.de\/WP\/wp-content\/uploads\/2025\/03\/IMG_2704-scaled.jpg","width":2560,"height":1440},{"@type":"BreadcrumbList","@id":"https:\/\/jblanz.de\/WP\/10-maerz-2025-wueste-von-tabernas\/#breadcrumb","itemListElement":[{"@type":"ListItem","position":1,"name":"Startseite","item":"https:\/\/jblanz.de\/WP\/"},{"@type":"ListItem","position":2,"name":"10. M\u00e4rz 2025 &#8211; W\u00fcste von Tabernas"}]},{"@type":"WebSite","@id":"https:\/\/jblanz.de\/WP\/#website","url":"https:\/\/jblanz.de\/WP\/","name":"Reiseblog von Karin & Joachim","description":"Wir schreiben den Blog f\u00fcr uns als Erinnerung - f\u00fcr euch als Inspiration","publisher":{"@id":"https:\/\/jblanz.de\/WP\/#\/schema\/person\/17a70f07162e42bc0b181c22397286e0"},"potentialAction":[{"@type":"SearchAction","target":{"@type":"EntryPoint","urlTemplate":"https:\/\/jblanz.de\/WP\/?s={search_term_string}"},"query-input":{"@type":"PropertyValueSpecification","valueRequired":true,"valueName":"search_term_string"}}],"inLanguage":"de"},{"@type":["Person","Organization"],"@id":"https:\/\/jblanz.de\/WP\/#\/schema\/person\/17a70f07162e42bc0b181c22397286e0","name":"Achim","image":{"@type":"ImageObject","inLanguage":"de","@id":"https:\/\/secure.gravatar.com\/avatar\/b7ab31bc55956af4a9bebf7fd034761212b11b803b7e39464914d6abeefb12f3?s=96&d=mm&r=g","url":"https:\/\/secure.gravatar.com\/avatar\/b7ab31bc55956af4a9bebf7fd034761212b11b803b7e39464914d6abeefb12f3?s=96&d=mm&r=g","contentUrl":"https:\/\/secure.gravatar.com\/avatar\/b7ab31bc55956af4a9bebf7fd034761212b11b803b7e39464914d6abeefb12f3?s=96&d=mm&r=g","caption":"Achim"},"logo":{"@id":"https:\/\/secure.gravatar.com\/avatar\/b7ab31bc55956af4a9bebf7fd034761212b11b803b7e39464914d6abeefb12f3?s=96&d=mm&r=g"},"url":"https:\/\/jblanz.de\/WP\/author\/achim\/"}]}},"_links":{"self":[{"href":"https:\/\/jblanz.de\/WP\/wp-json\/wp\/v2\/posts\/26871","targetHints":{"allow":["GET"]}}],"collection":[{"href":"https:\/\/jblanz.de\/WP\/wp-json\/wp\/v2\/posts"}],"about":[{"href":"https:\/\/jblanz.de\/WP\/wp-json\/wp\/v2\/types\/post"}],"author":[{"embeddable":true,"href":"https:\/\/jblanz.de\/WP\/wp-json\/wp\/v2\/users\/1"}],"replies":[{"embeddable":true,"href":"https:\/\/jblanz.de\/WP\/wp-json\/wp\/v2\/comments?post=26871"}],"version-history":[{"count":0,"href":"https:\/\/jblanz.de\/WP\/wp-json\/wp\/v2\/posts\/26871\/revisions"}],"wp:featuredmedia":[{"embeddable":true,"href":"https:\/\/jblanz.de\/WP\/wp-json\/wp\/v2\/media\/26915"}],"wp:attachment":[{"href":"https:\/\/jblanz.de\/WP\/wp-json\/wp\/v2\/media?parent=26871"}],"wp:term":[{"taxonomy":"category","embeddable":true,"href":"https:\/\/jblanz.de\/WP\/wp-json\/wp\/v2\/categories?post=26871"},{"taxonomy":"post_tag","embeddable":true,"href":"https:\/\/jblanz.de\/WP\/wp-json\/wp\/v2\/tags?post=26871"}],"curies":[{"name":"wp","href":"https:\/\/api.w.org\/{rel}","templated":true}]}}