{"id":27,"date":"2014-08-15T09:19:00","date_gmt":"2014-08-15T07:19:00","guid":{"rendered":"http:\/\/jblanz.de\/WP\/2014\/08\/15\/15-august-2014-prambanan-und-ratu-boko\/"},"modified":"2016-03-13T18:46:18","modified_gmt":"2016-03-13T17:46:18","slug":"15-august-2014-prambanan-und-ratu-boko","status":"publish","type":"post","link":"https:\/\/jblanz.de\/WP\/15-august-2014-prambanan-und-ratu-boko\/","title":{"rendered":"15. August 2014 &#8211; Prambanan und Ratu Boko"},"content":{"rendered":"<p>Ausgeschlafen, gut gefr\u00fchst\u00fcckt, Fehler gemacht. Nochmals ein Fahrrad gemietet. H\u00e3tten wir uns denken k\u00f6nnen, dass es bei der K\u00f6rpergr\u00f6sse der Indonesier von vielleicht 160-170 cm kein Fahrrad gibt, das mir auch nur ann\u00e4hernd passt. Also Schinderei zum Zweiten. Schon die Fahrt zum Tempel, vielleicht 2 km, da empfohlenen Umweg gemacht, reicht, um mit zitternden Beinen abzusteigen. Gl\u00fccklicherweise haben wir dann den Shuttle-Bus zum n\u00e4chsten auf einer Anh\u00f6he liegenden Tempel genommen. Wir w\u00e4ren mit diesen R\u00e4dern nie dort angekommen.<\/p>\n<div><\/div>\n<div>Da kann ich mich ausnahmsweise mal anschliessen! Zum fahren fand ich diesen drahtesel zwar viel besser, aber der sattel!!! Sagen wir mal ergonomisch nicht ausgereift, ich als fahrradkonstrukteuse h\u00e4tte da etliche verbesserungen eingebaut. Breitbeinig wie john wayne haben wir die ersten paar meter zur\u00fcckgelegt, kopf ultrahochroterhitzt und kurz vor dem umkippen.<\/div>\n<div><\/div>\n<div>Im shuttle zum ratu boko, das war die erste anlage, durften wir sogar vorne sitzen ( heute leider ohne beifall?) und am eingang gabs entweder gleich ein kaltes getr\u00e4nk im restaurant mit weitblick oder nach der besichtigung. Ich war f\u00fcr gleich als ich den aufstieg gesehen habe und das war auch gut so.<\/div>\n<div><\/div>\n<div>\n<div class=\"separator\" style=\"clear: both;\">\n<div class=\"separator\" style=\"clear: both;\"><a style=\"margin-left: 1em; margin-right: 1em;\" href=\"https:\/\/lh4.googleusercontent.com\/-Up0l9MebOTo\/U-3xurrAicI\/AAAAAAAAARk\/AMDA7kCThu8\/s640\/blogger-image--758549952.jpg\" data-rel=\"lightbox-image-0\" data-rl_title=\"\" data-rl_caption=\"\" title=\"\"><img decoding=\"async\" src=\"https:\/\/lh4.googleusercontent.com\/-Up0l9MebOTo\/U-3xurrAicI\/AAAAAAAAARk\/AMDA7kCThu8\/s640\/blogger-image--758549952.jpg\" alt=\"\" border=\"0\" \/><\/a><\/div>\n<\/div>\n<\/div>\n<div>\n<div class=\"separator\" style=\"clear: both;\"><a style=\"margin-left: 1em; margin-right: 1em;\" href=\"https:\/\/lh5.googleusercontent.com\/-LVjmeqkBV4k\/U-3xkp5900I\/AAAAAAAAARM\/T0XZIdvCy7w\/s640\/blogger-image--529073319.jpg\" data-rel=\"lightbox-image-1\" data-rl_title=\"\" data-rl_caption=\"\" title=\"\"><img decoding=\"async\" src=\"https:\/\/lh5.googleusercontent.com\/-LVjmeqkBV4k\/U-3xkp5900I\/AAAAAAAAARM\/T0XZIdvCy7w\/s640\/blogger-image--529073319.jpg\" alt=\"\" border=\"0\" \/><\/a><\/div>\n<div class=\"separator\" style=\"clear: both;\"><\/div>\n<div class=\"separator\" style=\"clear: both;\">\n<div class=\"separator\" style=\"clear: both;\"><a style=\"margin-left: 1em; margin-right: 1em;\" href=\"https:\/\/lh6.googleusercontent.com\/-u-3meLGmPVA\/U-3xqiP6bWI\/AAAAAAAAARU\/jvFxSVnUyXI\/s640\/blogger-image--303463319.jpg\" data-rel=\"lightbox-image-2\" data-rl_title=\"\" data-rl_caption=\"\" title=\"\"><img decoding=\"async\" src=\"https:\/\/lh6.googleusercontent.com\/-u-3meLGmPVA\/U-3xqiP6bWI\/AAAAAAAAARU\/jvFxSVnUyXI\/s640\/blogger-image--303463319.jpg\" alt=\"\" border=\"0\" \/><\/a><\/div>\n<\/div>\n<\/div>\n<div>So konnten wir nochmal ein wenig abk\u00fchlen, bevor es die vielen treppen und wege nach oben ging. Es waren nicht viele menschen unterwegs, eigentlich logisch bei der hitze und wir haben auch einen eher schnellen rundgang gemacht. Immer wieder \u00fcberkommt mich das mitleid, wenn ich die verschleierten muslimischen frauen sehe, manche sogar in schwarz&#8230;.. wie heiss mag es wohl unter diesen kutten sein?\u00a0Insgesamt gab es nicht sooooo viel zu sehen und die hitze trieb uns relativ z\u00fcgig wieder zur shuttle haltestelle.<\/div>\n<div>Auf dem gel\u00e4nde des prambanan tempels gibt es kaum schatten und die laufwege sind ziemlich weit,<\/div>\n<div>aber achim hat echt gl\u00fcck, dass er ein checkerbunny als frau dabei hat. Man konnte n\u00e4mlich die tour entweder gleich beginnen ( schwitz, schwitz und megaschwitz) oder erst ein video anschauen, wo die gesamte geschichte nochmal erz\u00e4hlt und die einzelnen tempel erkl\u00e4rt werden. Und ja, ihr ahnt es schon, ich war f\u00fcr die zweite version, denn erstens versteht man dann besser, was man nachher sieht<\/div>\n<div>( sofern man es sich merken kann) UND es ist k\u00fchl da drin. Allerdings auch dunkel und ich muss gestehen, bei all den G\u00f6tternamen und Inkarnationen und Reinkarnationen und Verwirrungen ist nicht nur achim ab und zu das auge zugefallen?.<\/div>\n<div><\/div>\n<div>\n<div class=\"separator\" style=\"clear: both;\"><a style=\"margin-left: 1em; margin-right: 1em;\" href=\"https:\/\/lh3.googleusercontent.com\/-1hkt3WDF_Qc\/U-3xso-XfpI\/AAAAAAAAARc\/PNwPJH8hSgw\/s640\/blogger-image-517630576.jpg\" data-rel=\"lightbox-image-3\" data-rl_title=\"\" data-rl_caption=\"\" title=\"\"><img decoding=\"async\" src=\"https:\/\/lh3.googleusercontent.com\/-1hkt3WDF_Qc\/U-3xso-XfpI\/AAAAAAAAARc\/PNwPJH8hSgw\/s640\/blogger-image-517630576.jpg\" alt=\"\" border=\"0\" \/><\/a><\/div>\n<\/div>\n<div><\/div>\n<div>Aber dann frisch erholt, abgek\u00fchlt und nahezu ausgeschlafen machten wir uns auf den weg. Irgendwie scheinen wir uns zu &#8222;immer-den-falschen-weg&#8220; touristen zu entwickeln, auf jeden fall haben wir hinten angefangen, haben also brahma, vishnu und shiva von hinten aufgerollt, aber tapfer einige der steilen treppen erklommen und immer, wenn es eine menschentraube gab, wussten wir, dort bl\u00e4st ein l\u00fcftchen und da machten wir auch immer rast. Nein, das ist jetzt ein bisschen \u00fcbertrieben, es geht hier eigentlich immer ein wind, ohne den w\u00e4re es echt nicht auszuhalten, aber zwischen den aufgeheizten steinen direkt in der sonne ist es schon heftig heiss.<\/div>\n<div><\/div>\n<div>Heute warteten wir auch nicht bis zum sonnenuntergang, sondern strebten schon fr\u00fcher dem ausgang entgegen. Unterwegs konnten wir noch beobachten, wie sie balustradensteine aufeinander stapeln und so bearbeiten, dass wieder eine art mauer entsteht.<\/div>\n<div><\/div>\n<div>\n<div class=\"separator\" style=\"clear: both;\"><a style=\"margin-left: 1em; margin-right: 1em;\" href=\"https:\/\/lh6.googleusercontent.com\/-yOMq1Oe4Jso\/U-7ZVXM2iYI\/AAAAAAAAAR8\/FxH4-ewPHUQ\/s640\/blogger-image--2021781259.jpg\" data-rel=\"lightbox-image-4\" data-rl_title=\"\" data-rl_caption=\"\" title=\"\"><img decoding=\"async\" src=\"https:\/\/lh6.googleusercontent.com\/-yOMq1Oe4Jso\/U-7ZVXM2iYI\/AAAAAAAAAR8\/FxH4-ewPHUQ\/s640\/blogger-image--2021781259.jpg\" alt=\"\" border=\"0\" \/><\/a><\/div>\n<div class=\"separator\" style=\"clear: both;\"><\/div>\n<div class=\"separator\" style=\"clear: both;\">\n<div class=\"separator\" style=\"clear: both;\"><a style=\"margin-left: 1em; margin-right: 1em;\" href=\"https:\/\/lh4.googleusercontent.com\/-LgSMMHin5tU\/U-7ZXkgLe7I\/AAAAAAAAASE\/iMRL_dO8YFA\/s640\/blogger-image--242670905.jpg\" data-rel=\"lightbox-image-5\" data-rl_title=\"\" data-rl_caption=\"\" title=\"\"><img decoding=\"async\" src=\"https:\/\/lh4.googleusercontent.com\/-LgSMMHin5tU\/U-7ZXkgLe7I\/AAAAAAAAASE\/iMRL_dO8YFA\/s640\/blogger-image--242670905.jpg\" alt=\"\" border=\"0\" \/><\/a><\/div>\n<\/div>\n<\/div>\n<div>Dann folgten wir brav dem schild keluar, was so viel wie ausgang bedeutet, dieses wollte uns dann jedoch nochmal um die halbe anlage f\u00fchren und unsere r\u00e4der standen nur etwa 20 m weg von dem eingang, an dem wir uns befanden. Der chef an den drehkreuzen hatte \u00fcberhaupt kein einsehen mit uns. Aussen rum sollten wir laufen und brav am ausgang rausgehen, aber nach mehrmaligem betteln und der androhung eines totalen zusammenbruchs meinerseits liess er sich dann doch erweichen und liess uns durch ein schmales gittertor entkommen.<\/div>\n<div><\/div>\n<div>Die r\u00e4der standen (leider, meinte achim) noch an ihrem platz und so schwangen wir uns wieder auf die tortursitze und fuhren richtung hotel. Hier die strasse zu \u00fcberqueren ist sicher tausendmal so gef\u00e4hrlich wie ein fallschirmsprung, aber wir hatten w\u00e4hrend der shuttlebusfahrt einen obststand mit mangos gesehen und da wollten wir hin.<\/div>\n<div>Wenn wir an der strasse stehen und r\u00fcber wollen, schauen wir ja erst nach links und dann nach rechts und da der mensch ja ein gewohnheitstier ist, machen wir das hier eben auch so. Fehler!!!!<\/div>\n<div>Wir zwei versuchen uns immer gegenseitig daran zu erinnern, denn einer denkt sicher nicht dran. Die gefahr kommt von rechts!! Aber alles ging gut und wir konnten mangos, minibananen, die auch wirklich wie bananen schmecken, sowas \u00e4hnliches wie lichies und ne art melone kaufen. Ich vermute mal, die frau hat das gesch\u00e4ft ihres lebens mit uns gemacht und sich nachher beeumelt, wie viel rupis solche ausl\u00e4nder f\u00fcr ein paar fr\u00fcchtchen bezahlen. Aber was soll&#8217;s, das geben wir gerne mehr.<\/div>\n<div><\/div>\n<div>\n<div class=\"separator\" style=\"clear: both;\"><a style=\"margin-left: 1em; margin-right: 1em;\" href=\"https:\/\/lh5.googleusercontent.com\/-Ru3NFgGbSfU\/U-7ZaMIaCYI\/AAAAAAAAASM\/kxQZ57r5u5I\/s640\/blogger-image--2142214434.jpg\" data-rel=\"lightbox-image-6\" data-rl_title=\"\" data-rl_caption=\"\" title=\"\"><img decoding=\"async\" src=\"https:\/\/lh5.googleusercontent.com\/-Ru3NFgGbSfU\/U-7ZaMIaCYI\/AAAAAAAAASM\/kxQZ57r5u5I\/s640\/blogger-image--2142214434.jpg\" alt=\"\" border=\"0\" \/><\/a><\/div>\n<div class=\"separator\" style=\"clear: both;\">\n<div class=\"separator\" style=\"clear: both;\"><a style=\"margin-left: 1em; margin-right: 1em;\" href=\"https:\/\/lh4.googleusercontent.com\/-dWzrfJjUFrA\/U-7ZTROYDGI\/AAAAAAAAAR0\/bA7rBAgLSok\/s640\/blogger-image-1573642044.jpg\" data-rel=\"lightbox-image-7\" data-rl_title=\"\" data-rl_caption=\"\" title=\"\"><img decoding=\"async\" src=\"https:\/\/lh4.googleusercontent.com\/-dWzrfJjUFrA\/U-7ZTROYDGI\/AAAAAAAAAR0\/bA7rBAgLSok\/s640\/blogger-image-1573642044.jpg\" alt=\"\" border=\"0\" \/><\/a><\/div>\n<\/div>\n<\/div>\n<div><\/div>\n<div>Zur\u00fcck am hotel musste sich achim samt hemd soooooofort unter die kalte dusche stellen und jetzt klingt der tag am pool,mit sonnenuntergang gratis, aus.<\/div>\n","protected":false},"excerpt":{"rendered":"<p>Ausgeschlafen, gut gefr\u00fchst\u00fcckt, Fehler gemacht. Nochmals ein Fahrrad gemietet. H\u00e3tten wir uns denken k\u00f6nnen, dass es bei der K\u00f6rpergr\u00f6sse der<\/p>\n","protected":false},"author":1,"featured_media":110,"comment_status":"open","ping_status":"open","sticky":false,"template":"","format":"standard","meta":{"colormag_page_container_layout":"default_layout","colormag_page_sidebar_layout":"default_layout","_monsterinsights_skip_tracking":false,"_monsterinsights_sitenote_active":false,"_monsterinsights_sitenote_note":"","_monsterinsights_sitenote_category":0,"footnotes":""},"categories":[14,7,9],"tags":[],"class_list":["post-27","post","type-post","status-publish","format-standard","has-post-thumbnail","hentry","category-14","category-indonesien","category-java2014"],"yoast_head":"<!-- This site is optimized with the Yoast SEO plugin v27.4 - https:\/\/yoast.com\/product\/yoast-seo-wordpress\/ -->\n<title>15. August 2014 - Prambanan und Ratu Boko - Reiseblog von Karin &amp; Joachim<\/title>\n<meta name=\"robots\" content=\"index, follow, max-snippet:-1, max-image-preview:large, max-video-preview:-1\" \/>\n<link rel=\"canonical\" href=\"https:\/\/jblanz.de\/WP\/15-august-2014-prambanan-und-ratu-boko\/\" \/>\n<meta property=\"og:locale\" content=\"de_DE\" \/>\n<meta property=\"og:type\" content=\"article\" \/>\n<meta property=\"og:title\" content=\"15. August 2014 - Prambanan und Ratu Boko - Reiseblog von Karin &amp; Joachim\" \/>\n<meta property=\"og:description\" content=\"Ausgeschlafen, gut gefr\u00fchst\u00fcckt, Fehler gemacht. Nochmals ein Fahrrad gemietet. H\u00e3tten wir uns denken k\u00f6nnen, dass es bei der K\u00f6rpergr\u00f6sse der\" \/>\n<meta property=\"og:url\" content=\"https:\/\/jblanz.de\/WP\/15-august-2014-prambanan-und-ratu-boko\/\" \/>\n<meta property=\"og:site_name\" content=\"Reiseblog von Karin &amp; Joachim\" \/>\n<meta property=\"article:published_time\" content=\"2014-08-15T07:19:00+00:00\" \/>\n<meta property=\"article:modified_time\" content=\"2016-03-13T17:46:18+00:00\" \/>\n<meta property=\"og:image\" content=\"https:\/\/jblanz.de\/WP\/wp-content\/uploads\/2014\/08\/blogger-image-758549952-2.jpg\" \/>\n\t<meta property=\"og:image:width\" content=\"640\" \/>\n\t<meta property=\"og:image:height\" content=\"427\" \/>\n\t<meta property=\"og:image:type\" content=\"image\/jpeg\" \/>\n<meta name=\"author\" content=\"Achim\" \/>\n<meta name=\"twitter:card\" content=\"summary_large_image\" \/>\n<meta name=\"twitter:label1\" content=\"Verfasst von\" \/>\n\t<meta name=\"twitter:data1\" content=\"Achim\" \/>\n\t<meta name=\"twitter:label2\" content=\"Gesch\u00e4tzte Lesezeit\" \/>\n\t<meta name=\"twitter:data2\" content=\"4\u00a0Minuten\" \/>\n<script type=\"application\/ld+json\" class=\"yoast-schema-graph\">{\"@context\":\"https:\\\/\\\/schema.org\",\"@graph\":[{\"@type\":\"Article\",\"@id\":\"https:\\\/\\\/jblanz.de\\\/WP\\\/15-august-2014-prambanan-und-ratu-boko\\\/#article\",\"isPartOf\":{\"@id\":\"https:\\\/\\\/jblanz.de\\\/WP\\\/15-august-2014-prambanan-und-ratu-boko\\\/\"},\"author\":{\"name\":\"Achim\",\"@id\":\"https:\\\/\\\/jblanz.de\\\/WP\\\/#\\\/schema\\\/person\\\/17a70f07162e42bc0b181c22397286e0\"},\"headline\":\"15. August 2014 &#8211; Prambanan und Ratu Boko\",\"datePublished\":\"2014-08-15T07:19:00+00:00\",\"dateModified\":\"2016-03-13T17:46:18+00:00\",\"mainEntityOfPage\":{\"@id\":\"https:\\\/\\\/jblanz.de\\\/WP\\\/15-august-2014-prambanan-und-ratu-boko\\\/\"},\"wordCount\":842,\"commentCount\":0,\"publisher\":{\"@id\":\"https:\\\/\\\/jblanz.de\\\/WP\\\/#\\\/schema\\\/person\\\/17a70f07162e42bc0b181c22397286e0\"},\"image\":{\"@id\":\"https:\\\/\\\/jblanz.de\\\/WP\\\/15-august-2014-prambanan-und-ratu-boko\\\/#primaryimage\"},\"thumbnailUrl\":\"https:\\\/\\\/jblanz.de\\\/WP\\\/wp-content\\\/uploads\\\/2014\\\/08\\\/blogger-image-758549952-2.jpg\",\"articleSection\":[\"2014\",\"Indonesien\",\"Java 2014\"],\"inLanguage\":\"de\",\"potentialAction\":[{\"@type\":\"CommentAction\",\"name\":\"Comment\",\"target\":[\"https:\\\/\\\/jblanz.de\\\/WP\\\/15-august-2014-prambanan-und-ratu-boko\\\/#respond\"]}]},{\"@type\":\"WebPage\",\"@id\":\"https:\\\/\\\/jblanz.de\\\/WP\\\/15-august-2014-prambanan-und-ratu-boko\\\/\",\"url\":\"https:\\\/\\\/jblanz.de\\\/WP\\\/15-august-2014-prambanan-und-ratu-boko\\\/\",\"name\":\"15. August 2014 - Prambanan und Ratu Boko - Reiseblog von Karin &amp; Joachim\",\"isPartOf\":{\"@id\":\"https:\\\/\\\/jblanz.de\\\/WP\\\/#website\"},\"primaryImageOfPage\":{\"@id\":\"https:\\\/\\\/jblanz.de\\\/WP\\\/15-august-2014-prambanan-und-ratu-boko\\\/#primaryimage\"},\"image\":{\"@id\":\"https:\\\/\\\/jblanz.de\\\/WP\\\/15-august-2014-prambanan-und-ratu-boko\\\/#primaryimage\"},\"thumbnailUrl\":\"https:\\\/\\\/jblanz.de\\\/WP\\\/wp-content\\\/uploads\\\/2014\\\/08\\\/blogger-image-758549952-2.jpg\",\"datePublished\":\"2014-08-15T07:19:00+00:00\",\"dateModified\":\"2016-03-13T17:46:18+00:00\",\"breadcrumb\":{\"@id\":\"https:\\\/\\\/jblanz.de\\\/WP\\\/15-august-2014-prambanan-und-ratu-boko\\\/#breadcrumb\"},\"inLanguage\":\"de\",\"potentialAction\":[{\"@type\":\"ReadAction\",\"target\":[\"https:\\\/\\\/jblanz.de\\\/WP\\\/15-august-2014-prambanan-und-ratu-boko\\\/\"]}]},{\"@type\":\"ImageObject\",\"inLanguage\":\"de\",\"@id\":\"https:\\\/\\\/jblanz.de\\\/WP\\\/15-august-2014-prambanan-und-ratu-boko\\\/#primaryimage\",\"url\":\"https:\\\/\\\/jblanz.de\\\/WP\\\/wp-content\\\/uploads\\\/2014\\\/08\\\/blogger-image-758549952-2.jpg\",\"contentUrl\":\"https:\\\/\\\/jblanz.de\\\/WP\\\/wp-content\\\/uploads\\\/2014\\\/08\\\/blogger-image-758549952-2.jpg\",\"width\":640,\"height\":427},{\"@type\":\"BreadcrumbList\",\"@id\":\"https:\\\/\\\/jblanz.de\\\/WP\\\/15-august-2014-prambanan-und-ratu-boko\\\/#breadcrumb\",\"itemListElement\":[{\"@type\":\"ListItem\",\"position\":1,\"name\":\"Startseite\",\"item\":\"https:\\\/\\\/jblanz.de\\\/WP\\\/\"},{\"@type\":\"ListItem\",\"position\":2,\"name\":\"15. August 2014 &#8211; Prambanan und Ratu Boko\"}]},{\"@type\":\"WebSite\",\"@id\":\"https:\\\/\\\/jblanz.de\\\/WP\\\/#website\",\"url\":\"https:\\\/\\\/jblanz.de\\\/WP\\\/\",\"name\":\"Reiseblog von Karin & Joachim\",\"description\":\"Wir schreiben den Blog f\u00fcr uns als Erinnerung - f\u00fcr euch als Inspiration\",\"publisher\":{\"@id\":\"https:\\\/\\\/jblanz.de\\\/WP\\\/#\\\/schema\\\/person\\\/17a70f07162e42bc0b181c22397286e0\"},\"potentialAction\":[{\"@type\":\"SearchAction\",\"target\":{\"@type\":\"EntryPoint\",\"urlTemplate\":\"https:\\\/\\\/jblanz.de\\\/WP\\\/?s={search_term_string}\"},\"query-input\":{\"@type\":\"PropertyValueSpecification\",\"valueRequired\":true,\"valueName\":\"search_term_string\"}}],\"inLanguage\":\"de\"},{\"@type\":[\"Person\",\"Organization\"],\"@id\":\"https:\\\/\\\/jblanz.de\\\/WP\\\/#\\\/schema\\\/person\\\/17a70f07162e42bc0b181c22397286e0\",\"name\":\"Achim\",\"image\":{\"@type\":\"ImageObject\",\"inLanguage\":\"de\",\"@id\":\"https:\\\/\\\/secure.gravatar.com\\\/avatar\\\/b7ab31bc55956af4a9bebf7fd034761212b11b803b7e39464914d6abeefb12f3?s=96&d=mm&r=g\",\"url\":\"https:\\\/\\\/secure.gravatar.com\\\/avatar\\\/b7ab31bc55956af4a9bebf7fd034761212b11b803b7e39464914d6abeefb12f3?s=96&d=mm&r=g\",\"contentUrl\":\"https:\\\/\\\/secure.gravatar.com\\\/avatar\\\/b7ab31bc55956af4a9bebf7fd034761212b11b803b7e39464914d6abeefb12f3?s=96&d=mm&r=g\",\"caption\":\"Achim\"},\"logo\":{\"@id\":\"https:\\\/\\\/secure.gravatar.com\\\/avatar\\\/b7ab31bc55956af4a9bebf7fd034761212b11b803b7e39464914d6abeefb12f3?s=96&d=mm&r=g\"},\"url\":\"https:\\\/\\\/jblanz.de\\\/WP\\\/author\\\/achim\\\/\"}]}<\/script>\n<!-- \/ Yoast SEO plugin. -->","yoast_head_json":{"title":"15. August 2014 - Prambanan und Ratu Boko - Reiseblog von Karin &amp; Joachim","robots":{"index":"index","follow":"follow","max-snippet":"max-snippet:-1","max-image-preview":"max-image-preview:large","max-video-preview":"max-video-preview:-1"},"canonical":"https:\/\/jblanz.de\/WP\/15-august-2014-prambanan-und-ratu-boko\/","og_locale":"de_DE","og_type":"article","og_title":"15. August 2014 - Prambanan und Ratu Boko - Reiseblog von Karin &amp; Joachim","og_description":"Ausgeschlafen, gut gefr\u00fchst\u00fcckt, Fehler gemacht. Nochmals ein Fahrrad gemietet. H\u00e3tten wir uns denken k\u00f6nnen, dass es bei der K\u00f6rpergr\u00f6sse der","og_url":"https:\/\/jblanz.de\/WP\/15-august-2014-prambanan-und-ratu-boko\/","og_site_name":"Reiseblog von Karin &amp; Joachim","article_published_time":"2014-08-15T07:19:00+00:00","article_modified_time":"2016-03-13T17:46:18+00:00","og_image":[{"width":640,"height":427,"url":"https:\/\/jblanz.de\/WP\/wp-content\/uploads\/2014\/08\/blogger-image-758549952-2.jpg","type":"image\/jpeg"}],"author":"Achim","twitter_card":"summary_large_image","twitter_misc":{"Verfasst von":"Achim","Gesch\u00e4tzte Lesezeit":"4\u00a0Minuten"},"schema":{"@context":"https:\/\/schema.org","@graph":[{"@type":"Article","@id":"https:\/\/jblanz.de\/WP\/15-august-2014-prambanan-und-ratu-boko\/#article","isPartOf":{"@id":"https:\/\/jblanz.de\/WP\/15-august-2014-prambanan-und-ratu-boko\/"},"author":{"name":"Achim","@id":"https:\/\/jblanz.de\/WP\/#\/schema\/person\/17a70f07162e42bc0b181c22397286e0"},"headline":"15. August 2014 &#8211; Prambanan und Ratu Boko","datePublished":"2014-08-15T07:19:00+00:00","dateModified":"2016-03-13T17:46:18+00:00","mainEntityOfPage":{"@id":"https:\/\/jblanz.de\/WP\/15-august-2014-prambanan-und-ratu-boko\/"},"wordCount":842,"commentCount":0,"publisher":{"@id":"https:\/\/jblanz.de\/WP\/#\/schema\/person\/17a70f07162e42bc0b181c22397286e0"},"image":{"@id":"https:\/\/jblanz.de\/WP\/15-august-2014-prambanan-und-ratu-boko\/#primaryimage"},"thumbnailUrl":"https:\/\/jblanz.de\/WP\/wp-content\/uploads\/2014\/08\/blogger-image-758549952-2.jpg","articleSection":["2014","Indonesien","Java 2014"],"inLanguage":"de","potentialAction":[{"@type":"CommentAction","name":"Comment","target":["https:\/\/jblanz.de\/WP\/15-august-2014-prambanan-und-ratu-boko\/#respond"]}]},{"@type":"WebPage","@id":"https:\/\/jblanz.de\/WP\/15-august-2014-prambanan-und-ratu-boko\/","url":"https:\/\/jblanz.de\/WP\/15-august-2014-prambanan-und-ratu-boko\/","name":"15. August 2014 - Prambanan und Ratu Boko - Reiseblog von Karin &amp; Joachim","isPartOf":{"@id":"https:\/\/jblanz.de\/WP\/#website"},"primaryImageOfPage":{"@id":"https:\/\/jblanz.de\/WP\/15-august-2014-prambanan-und-ratu-boko\/#primaryimage"},"image":{"@id":"https:\/\/jblanz.de\/WP\/15-august-2014-prambanan-und-ratu-boko\/#primaryimage"},"thumbnailUrl":"https:\/\/jblanz.de\/WP\/wp-content\/uploads\/2014\/08\/blogger-image-758549952-2.jpg","datePublished":"2014-08-15T07:19:00+00:00","dateModified":"2016-03-13T17:46:18+00:00","breadcrumb":{"@id":"https:\/\/jblanz.de\/WP\/15-august-2014-prambanan-und-ratu-boko\/#breadcrumb"},"inLanguage":"de","potentialAction":[{"@type":"ReadAction","target":["https:\/\/jblanz.de\/WP\/15-august-2014-prambanan-und-ratu-boko\/"]}]},{"@type":"ImageObject","inLanguage":"de","@id":"https:\/\/jblanz.de\/WP\/15-august-2014-prambanan-und-ratu-boko\/#primaryimage","url":"https:\/\/jblanz.de\/WP\/wp-content\/uploads\/2014\/08\/blogger-image-758549952-2.jpg","contentUrl":"https:\/\/jblanz.de\/WP\/wp-content\/uploads\/2014\/08\/blogger-image-758549952-2.jpg","width":640,"height":427},{"@type":"BreadcrumbList","@id":"https:\/\/jblanz.de\/WP\/15-august-2014-prambanan-und-ratu-boko\/#breadcrumb","itemListElement":[{"@type":"ListItem","position":1,"name":"Startseite","item":"https:\/\/jblanz.de\/WP\/"},{"@type":"ListItem","position":2,"name":"15. August 2014 &#8211; Prambanan und Ratu Boko"}]},{"@type":"WebSite","@id":"https:\/\/jblanz.de\/WP\/#website","url":"https:\/\/jblanz.de\/WP\/","name":"Reiseblog von Karin & Joachim","description":"Wir schreiben den Blog f\u00fcr uns als Erinnerung - f\u00fcr euch als Inspiration","publisher":{"@id":"https:\/\/jblanz.de\/WP\/#\/schema\/person\/17a70f07162e42bc0b181c22397286e0"},"potentialAction":[{"@type":"SearchAction","target":{"@type":"EntryPoint","urlTemplate":"https:\/\/jblanz.de\/WP\/?s={search_term_string}"},"query-input":{"@type":"PropertyValueSpecification","valueRequired":true,"valueName":"search_term_string"}}],"inLanguage":"de"},{"@type":["Person","Organization"],"@id":"https:\/\/jblanz.de\/WP\/#\/schema\/person\/17a70f07162e42bc0b181c22397286e0","name":"Achim","image":{"@type":"ImageObject","inLanguage":"de","@id":"https:\/\/secure.gravatar.com\/avatar\/b7ab31bc55956af4a9bebf7fd034761212b11b803b7e39464914d6abeefb12f3?s=96&d=mm&r=g","url":"https:\/\/secure.gravatar.com\/avatar\/b7ab31bc55956af4a9bebf7fd034761212b11b803b7e39464914d6abeefb12f3?s=96&d=mm&r=g","contentUrl":"https:\/\/secure.gravatar.com\/avatar\/b7ab31bc55956af4a9bebf7fd034761212b11b803b7e39464914d6abeefb12f3?s=96&d=mm&r=g","caption":"Achim"},"logo":{"@id":"https:\/\/secure.gravatar.com\/avatar\/b7ab31bc55956af4a9bebf7fd034761212b11b803b7e39464914d6abeefb12f3?s=96&d=mm&r=g"},"url":"https:\/\/jblanz.de\/WP\/author\/achim\/"}]}},"_links":{"self":[{"href":"https:\/\/jblanz.de\/WP\/wp-json\/wp\/v2\/posts\/27","targetHints":{"allow":["GET"]}}],"collection":[{"href":"https:\/\/jblanz.de\/WP\/wp-json\/wp\/v2\/posts"}],"about":[{"href":"https:\/\/jblanz.de\/WP\/wp-json\/wp\/v2\/types\/post"}],"author":[{"embeddable":true,"href":"https:\/\/jblanz.de\/WP\/wp-json\/wp\/v2\/users\/1"}],"replies":[{"embeddable":true,"href":"https:\/\/jblanz.de\/WP\/wp-json\/wp\/v2\/comments?post=27"}],"version-history":[{"count":0,"href":"https:\/\/jblanz.de\/WP\/wp-json\/wp\/v2\/posts\/27\/revisions"}],"wp:featuredmedia":[{"embeddable":true,"href":"https:\/\/jblanz.de\/WP\/wp-json\/wp\/v2\/media\/110"}],"wp:attachment":[{"href":"https:\/\/jblanz.de\/WP\/wp-json\/wp\/v2\/media?parent=27"}],"wp:term":[{"taxonomy":"category","embeddable":true,"href":"https:\/\/jblanz.de\/WP\/wp-json\/wp\/v2\/categories?post=27"},{"taxonomy":"post_tag","embeddable":true,"href":"https:\/\/jblanz.de\/WP\/wp-json\/wp\/v2\/tags?post=27"}],"curies":[{"name":"wp","href":"https:\/\/api.w.org\/{rel}","templated":true}]}}