{"id":27231,"date":"2025-03-15T18:43:38","date_gmt":"2025-03-15T17:43:38","guid":{"rendered":"https:\/\/jblanz.de\/WP\/?p=27231"},"modified":"2025-03-16T09:12:33","modified_gmt":"2025-03-16T08:12:33","slug":"15-maerz-2025-ebro-delta","status":"publish","type":"post","link":"https:\/\/jblanz.de\/WP\/15-maerz-2025-ebro-delta\/","title":{"rendered":"15. M\u00e4rz 2025 &#8211; Ebro-Delta"},"content":{"rendered":"\n<p>Nachdem es gestern den ganzen Tag geregnet hatte, wurde es \u00fcber Nacht klar und wir wachten mit blauem Himmel und Sonnenschein auf. Nach dem Fr\u00fchst\u00fcck ging es auf die R\u00e4der. Wir fuhren bei kaltem Wind am Meer entlang zu dem langen Sandstrand. Auf den Bergen, die mit 1450 m immerhin so hoch wie der Feldberg sind, hatte es heute Nacht geschneit. An den Radwegen standen \u00f6fters Vogelbeobachtungsh\u00fctten. Die Flamingos, die wir gestern noch recht nahe hatten, waren jetzt am Samstag in die Mitte des Sees gefl\u00fcchtet und meistens zu weit weg, um vern\u00fcnftige Fotos zu machen. Einer war aber doch fotoaffin. Wir wunderten uns, weshalb manche Olivenb\u00e4ume oben kahl geschnitten wurden. Die Wege waren teilweise ziemlich matschig nach dem Regen, ein St\u00fcck ging \u00fcber einen frisch geschotterten, noch nicht richtig planierten Weg. Ein Falke hatte keine Lust auf uns.<\/p>\n\n\n\n<figure class=\"wp-block-gallery has-nested-images columns-2 is-cropped wp-block-gallery-2 is-layout-flex wp-block-gallery-is-layout-flex\">\n<figure class=\"wp-block-image size-full\"><img loading=\"lazy\" decoding=\"async\" width=\"2560\" height=\"1440\" data-id=\"27239\" src=\"https:\/\/jblanz.de\/WP\/wp-content\/uploads\/2025\/03\/25Spanien-3224-scaled.jpg\" alt=\"\" class=\"wp-image-27239\" srcset=\"https:\/\/jblanz.de\/WP\/wp-content\/uploads\/2025\/03\/25Spanien-3224-scaled.jpg 2560w, https:\/\/jblanz.de\/WP\/wp-content\/uploads\/2025\/03\/25Spanien-3224-300x169.jpg 300w, https:\/\/jblanz.de\/WP\/wp-content\/uploads\/2025\/03\/25Spanien-3224-1024x576.jpg 1024w, https:\/\/jblanz.de\/WP\/wp-content\/uploads\/2025\/03\/25Spanien-3224-768x432.jpg 768w, https:\/\/jblanz.de\/WP\/wp-content\/uploads\/2025\/03\/25Spanien-3224-1536x864.jpg 1536w, https:\/\/jblanz.de\/WP\/wp-content\/uploads\/2025\/03\/25Spanien-3224-2048x1152.jpg 2048w\" sizes=\"auto, (max-width: 2560px) 100vw, 2560px\" \/><\/figure>\n\n\n\n<figure class=\"wp-block-image size-full\"><img loading=\"lazy\" decoding=\"async\" width=\"2560\" height=\"1440\" data-id=\"27236\" src=\"https:\/\/jblanz.de\/WP\/wp-content\/uploads\/2025\/03\/25Spanien-3225-scaled.jpg\" alt=\"\" class=\"wp-image-27236\" srcset=\"https:\/\/jblanz.de\/WP\/wp-content\/uploads\/2025\/03\/25Spanien-3225-scaled.jpg 2560w, https:\/\/jblanz.de\/WP\/wp-content\/uploads\/2025\/03\/25Spanien-3225-300x169.jpg 300w, https:\/\/jblanz.de\/WP\/wp-content\/uploads\/2025\/03\/25Spanien-3225-1024x576.jpg 1024w, https:\/\/jblanz.de\/WP\/wp-content\/uploads\/2025\/03\/25Spanien-3225-768x432.jpg 768w, https:\/\/jblanz.de\/WP\/wp-content\/uploads\/2025\/03\/25Spanien-3225-1536x864.jpg 1536w, https:\/\/jblanz.de\/WP\/wp-content\/uploads\/2025\/03\/25Spanien-3225-2048x1152.jpg 2048w\" sizes=\"auto, (max-width: 2560px) 100vw, 2560px\" \/><\/figure>\n\n\n\n<figure class=\"wp-block-image size-full\"><img loading=\"lazy\" decoding=\"async\" width=\"2560\" height=\"1440\" data-id=\"27240\" src=\"https:\/\/jblanz.de\/WP\/wp-content\/uploads\/2025\/03\/25Spanien-3226-scaled.jpg\" alt=\"\" class=\"wp-image-27240\" srcset=\"https:\/\/jblanz.de\/WP\/wp-content\/uploads\/2025\/03\/25Spanien-3226-scaled.jpg 2560w, https:\/\/jblanz.de\/WP\/wp-content\/uploads\/2025\/03\/25Spanien-3226-300x169.jpg 300w, https:\/\/jblanz.de\/WP\/wp-content\/uploads\/2025\/03\/25Spanien-3226-1024x576.jpg 1024w, https:\/\/jblanz.de\/WP\/wp-content\/uploads\/2025\/03\/25Spanien-3226-768x432.jpg 768w, https:\/\/jblanz.de\/WP\/wp-content\/uploads\/2025\/03\/25Spanien-3226-1536x864.jpg 1536w, https:\/\/jblanz.de\/WP\/wp-content\/uploads\/2025\/03\/25Spanien-3226-2048x1152.jpg 2048w\" sizes=\"auto, (max-width: 2560px) 100vw, 2560px\" \/><\/figure>\n\n\n\n<figure class=\"wp-block-image size-full\"><img loading=\"lazy\" decoding=\"async\" width=\"2320\" height=\"1305\" data-id=\"27235\" src=\"https:\/\/jblanz.de\/WP\/wp-content\/uploads\/2025\/03\/25Spanien-3227.jpg\" alt=\"\" class=\"wp-image-27235\" srcset=\"https:\/\/jblanz.de\/WP\/wp-content\/uploads\/2025\/03\/25Spanien-3227.jpg 2320w, https:\/\/jblanz.de\/WP\/wp-content\/uploads\/2025\/03\/25Spanien-3227-300x169.jpg 300w, https:\/\/jblanz.de\/WP\/wp-content\/uploads\/2025\/03\/25Spanien-3227-1024x576.jpg 1024w, https:\/\/jblanz.de\/WP\/wp-content\/uploads\/2025\/03\/25Spanien-3227-768x432.jpg 768w, https:\/\/jblanz.de\/WP\/wp-content\/uploads\/2025\/03\/25Spanien-3227-1536x864.jpg 1536w, https:\/\/jblanz.de\/WP\/wp-content\/uploads\/2025\/03\/25Spanien-3227-2048x1152.jpg 2048w\" sizes=\"auto, (max-width: 2320px) 100vw, 2320px\" \/><\/figure>\n\n\n\n<figure class=\"wp-block-image size-full\"><img loading=\"lazy\" decoding=\"async\" width=\"2560\" height=\"1440\" data-id=\"27234\" src=\"https:\/\/jblanz.de\/WP\/wp-content\/uploads\/2025\/03\/25Spanien-3228-scaled.jpg\" alt=\"\" class=\"wp-image-27234\" srcset=\"https:\/\/jblanz.de\/WP\/wp-content\/uploads\/2025\/03\/25Spanien-3228-scaled.jpg 2560w, https:\/\/jblanz.de\/WP\/wp-content\/uploads\/2025\/03\/25Spanien-3228-300x169.jpg 300w, https:\/\/jblanz.de\/WP\/wp-content\/uploads\/2025\/03\/25Spanien-3228-1024x576.jpg 1024w, https:\/\/jblanz.de\/WP\/wp-content\/uploads\/2025\/03\/25Spanien-3228-768x432.jpg 768w, https:\/\/jblanz.de\/WP\/wp-content\/uploads\/2025\/03\/25Spanien-3228-1536x864.jpg 1536w, https:\/\/jblanz.de\/WP\/wp-content\/uploads\/2025\/03\/25Spanien-3228-2048x1152.jpg 2048w\" sizes=\"auto, (max-width: 2560px) 100vw, 2560px\" \/><\/figure>\n\n\n\n<figure class=\"wp-block-image size-full\"><img loading=\"lazy\" decoding=\"async\" width=\"2560\" height=\"1440\" data-id=\"27237\" src=\"https:\/\/jblanz.de\/WP\/wp-content\/uploads\/2025\/03\/25Spanien-3229-scaled.jpg\" alt=\"\" class=\"wp-image-27237\" srcset=\"https:\/\/jblanz.de\/WP\/wp-content\/uploads\/2025\/03\/25Spanien-3229-scaled.jpg 2560w, https:\/\/jblanz.de\/WP\/wp-content\/uploads\/2025\/03\/25Spanien-3229-300x169.jpg 300w, https:\/\/jblanz.de\/WP\/wp-content\/uploads\/2025\/03\/25Spanien-3229-1024x576.jpg 1024w, https:\/\/jblanz.de\/WP\/wp-content\/uploads\/2025\/03\/25Spanien-3229-768x432.jpg 768w, https:\/\/jblanz.de\/WP\/wp-content\/uploads\/2025\/03\/25Spanien-3229-1536x864.jpg 1536w, https:\/\/jblanz.de\/WP\/wp-content\/uploads\/2025\/03\/25Spanien-3229-2048x1152.jpg 2048w\" sizes=\"auto, (max-width: 2560px) 100vw, 2560px\" \/><\/figure>\n\n\n\n<figure class=\"wp-block-image size-full\"><img loading=\"lazy\" decoding=\"async\" width=\"2560\" height=\"1440\" data-id=\"27238\" src=\"https:\/\/jblanz.de\/WP\/wp-content\/uploads\/2025\/03\/25Spanien-3230-scaled.jpg\" alt=\"\" class=\"wp-image-27238\" srcset=\"https:\/\/jblanz.de\/WP\/wp-content\/uploads\/2025\/03\/25Spanien-3230-scaled.jpg 2560w, https:\/\/jblanz.de\/WP\/wp-content\/uploads\/2025\/03\/25Spanien-3230-300x169.jpg 300w, https:\/\/jblanz.de\/WP\/wp-content\/uploads\/2025\/03\/25Spanien-3230-1024x576.jpg 1024w, https:\/\/jblanz.de\/WP\/wp-content\/uploads\/2025\/03\/25Spanien-3230-768x432.jpg 768w, https:\/\/jblanz.de\/WP\/wp-content\/uploads\/2025\/03\/25Spanien-3230-1536x864.jpg 1536w, https:\/\/jblanz.de\/WP\/wp-content\/uploads\/2025\/03\/25Spanien-3230-2048x1152.jpg 2048w\" sizes=\"auto, (max-width: 2560px) 100vw, 2560px\" \/><\/figure>\n\n\n\n<figure class=\"wp-block-image size-full\"><img loading=\"lazy\" decoding=\"async\" width=\"2560\" height=\"1440\" data-id=\"27250\" src=\"https:\/\/jblanz.de\/WP\/wp-content\/uploads\/2025\/03\/25Spanien-3233-scaled.jpg\" alt=\"\" class=\"wp-image-27250\" srcset=\"https:\/\/jblanz.de\/WP\/wp-content\/uploads\/2025\/03\/25Spanien-3233-scaled.jpg 2560w, https:\/\/jblanz.de\/WP\/wp-content\/uploads\/2025\/03\/25Spanien-3233-300x169.jpg 300w, https:\/\/jblanz.de\/WP\/wp-content\/uploads\/2025\/03\/25Spanien-3233-1024x576.jpg 1024w, https:\/\/jblanz.de\/WP\/wp-content\/uploads\/2025\/03\/25Spanien-3233-768x432.jpg 768w, https:\/\/jblanz.de\/WP\/wp-content\/uploads\/2025\/03\/25Spanien-3233-1536x864.jpg 1536w, https:\/\/jblanz.de\/WP\/wp-content\/uploads\/2025\/03\/25Spanien-3233-2048x1152.jpg 2048w\" sizes=\"auto, (max-width: 2560px) 100vw, 2560px\" \/><\/figure>\n\n\n\n<figure class=\"wp-block-image size-full\"><img loading=\"lazy\" decoding=\"async\" width=\"2560\" height=\"1440\" data-id=\"27248\" src=\"https:\/\/jblanz.de\/WP\/wp-content\/uploads\/2025\/03\/25Spanien-3247-scaled.jpg\" alt=\"\" class=\"wp-image-27248\" srcset=\"https:\/\/jblanz.de\/WP\/wp-content\/uploads\/2025\/03\/25Spanien-3247-scaled.jpg 2560w, https:\/\/jblanz.de\/WP\/wp-content\/uploads\/2025\/03\/25Spanien-3247-300x169.jpg 300w, https:\/\/jblanz.de\/WP\/wp-content\/uploads\/2025\/03\/25Spanien-3247-1024x576.jpg 1024w, https:\/\/jblanz.de\/WP\/wp-content\/uploads\/2025\/03\/25Spanien-3247-768x432.jpg 768w, https:\/\/jblanz.de\/WP\/wp-content\/uploads\/2025\/03\/25Spanien-3247-1536x864.jpg 1536w, https:\/\/jblanz.de\/WP\/wp-content\/uploads\/2025\/03\/25Spanien-3247-2048x1152.jpg 2048w\" sizes=\"auto, (max-width: 2560px) 100vw, 2560px\" \/><\/figure>\n\n\n\n<figure class=\"wp-block-image size-full\"><img loading=\"lazy\" decoding=\"async\" width=\"2560\" height=\"1440\" data-id=\"27249\" src=\"https:\/\/jblanz.de\/WP\/wp-content\/uploads\/2025\/03\/25Spanien-3248-scaled.jpg\" alt=\"\" class=\"wp-image-27249\" srcset=\"https:\/\/jblanz.de\/WP\/wp-content\/uploads\/2025\/03\/25Spanien-3248-scaled.jpg 2560w, https:\/\/jblanz.de\/WP\/wp-content\/uploads\/2025\/03\/25Spanien-3248-300x169.jpg 300w, https:\/\/jblanz.de\/WP\/wp-content\/uploads\/2025\/03\/25Spanien-3248-1024x576.jpg 1024w, https:\/\/jblanz.de\/WP\/wp-content\/uploads\/2025\/03\/25Spanien-3248-768x432.jpg 768w, https:\/\/jblanz.de\/WP\/wp-content\/uploads\/2025\/03\/25Spanien-3248-1536x864.jpg 1536w, https:\/\/jblanz.de\/WP\/wp-content\/uploads\/2025\/03\/25Spanien-3248-2048x1152.jpg 2048w\" sizes=\"auto, (max-width: 2560px) 100vw, 2560px\" \/><\/figure>\n\n\n\n<figure class=\"wp-block-image size-full\"><img loading=\"lazy\" decoding=\"async\" width=\"1261\" height=\"709\" data-id=\"27253\" src=\"https:\/\/jblanz.de\/WP\/wp-content\/uploads\/2025\/03\/25Spanien-3245-Edit.jpg\" alt=\"\" class=\"wp-image-27253\" srcset=\"https:\/\/jblanz.de\/WP\/wp-content\/uploads\/2025\/03\/25Spanien-3245-Edit.jpg 1261w, https:\/\/jblanz.de\/WP\/wp-content\/uploads\/2025\/03\/25Spanien-3245-Edit-300x169.jpg 300w, https:\/\/jblanz.de\/WP\/wp-content\/uploads\/2025\/03\/25Spanien-3245-Edit-1024x576.jpg 1024w, https:\/\/jblanz.de\/WP\/wp-content\/uploads\/2025\/03\/25Spanien-3245-Edit-768x432.jpg 768w\" sizes=\"auto, (max-width: 1261px) 100vw, 1261px\" \/><\/figure>\n\n\n\n<figure class=\"wp-block-image size-full\"><img loading=\"lazy\" decoding=\"async\" width=\"2560\" height=\"1440\" data-id=\"27254\" src=\"https:\/\/jblanz.de\/WP\/wp-content\/uploads\/2025\/03\/25Spanien-3252-scaled.jpg\" alt=\"\" class=\"wp-image-27254\" srcset=\"https:\/\/jblanz.de\/WP\/wp-content\/uploads\/2025\/03\/25Spanien-3252-scaled.jpg 2560w, https:\/\/jblanz.de\/WP\/wp-content\/uploads\/2025\/03\/25Spanien-3252-300x169.jpg 300w, https:\/\/jblanz.de\/WP\/wp-content\/uploads\/2025\/03\/25Spanien-3252-1024x576.jpg 1024w, https:\/\/jblanz.de\/WP\/wp-content\/uploads\/2025\/03\/25Spanien-3252-768x432.jpg 768w, https:\/\/jblanz.de\/WP\/wp-content\/uploads\/2025\/03\/25Spanien-3252-1536x864.jpg 1536w, https:\/\/jblanz.de\/WP\/wp-content\/uploads\/2025\/03\/25Spanien-3252-2048x1152.jpg 2048w\" sizes=\"auto, (max-width: 2560px) 100vw, 2560px\" \/><\/figure>\n\n\n\n<figure class=\"wp-block-image size-full\"><img loading=\"lazy\" decoding=\"async\" width=\"2056\" height=\"1156\" data-id=\"27247\" src=\"https:\/\/jblanz.de\/WP\/wp-content\/uploads\/2025\/03\/25Spanien-3255.jpg\" alt=\"\" class=\"wp-image-27247\" srcset=\"https:\/\/jblanz.de\/WP\/wp-content\/uploads\/2025\/03\/25Spanien-3255.jpg 2056w, https:\/\/jblanz.de\/WP\/wp-content\/uploads\/2025\/03\/25Spanien-3255-300x169.jpg 300w, https:\/\/jblanz.de\/WP\/wp-content\/uploads\/2025\/03\/25Spanien-3255-1024x576.jpg 1024w, https:\/\/jblanz.de\/WP\/wp-content\/uploads\/2025\/03\/25Spanien-3255-768x432.jpg 768w, https:\/\/jblanz.de\/WP\/wp-content\/uploads\/2025\/03\/25Spanien-3255-1536x864.jpg 1536w, https:\/\/jblanz.de\/WP\/wp-content\/uploads\/2025\/03\/25Spanien-3255-2048x1152.jpg 2048w\" sizes=\"auto, (max-width: 2056px) 100vw, 2056px\" \/><\/figure>\n\n\n\n<figure class=\"wp-block-image size-full\"><img loading=\"lazy\" decoding=\"async\" width=\"2560\" height=\"1440\" data-id=\"27246\" src=\"https:\/\/jblanz.de\/WP\/wp-content\/uploads\/2025\/03\/25Spanien-3261-scaled.jpg\" alt=\"\" class=\"wp-image-27246\" srcset=\"https:\/\/jblanz.de\/WP\/wp-content\/uploads\/2025\/03\/25Spanien-3261-scaled.jpg 2560w, https:\/\/jblanz.de\/WP\/wp-content\/uploads\/2025\/03\/25Spanien-3261-300x169.jpg 300w, https:\/\/jblanz.de\/WP\/wp-content\/uploads\/2025\/03\/25Spanien-3261-1024x576.jpg 1024w, https:\/\/jblanz.de\/WP\/wp-content\/uploads\/2025\/03\/25Spanien-3261-768x432.jpg 768w, https:\/\/jblanz.de\/WP\/wp-content\/uploads\/2025\/03\/25Spanien-3261-1536x864.jpg 1536w, https:\/\/jblanz.de\/WP\/wp-content\/uploads\/2025\/03\/25Spanien-3261-2048x1152.jpg 2048w\" sizes=\"auto, (max-width: 2560px) 100vw, 2560px\" \/><\/figure>\n\n\n\n<figure class=\"wp-block-image size-full\"><img loading=\"lazy\" decoding=\"async\" width=\"2560\" height=\"1440\" data-id=\"27299\" src=\"https:\/\/jblanz.de\/WP\/wp-content\/uploads\/2025\/03\/25Spanien-3355-scaled.jpg\" alt=\"\" class=\"wp-image-27299\" srcset=\"https:\/\/jblanz.de\/WP\/wp-content\/uploads\/2025\/03\/25Spanien-3355-scaled.jpg 2560w, https:\/\/jblanz.de\/WP\/wp-content\/uploads\/2025\/03\/25Spanien-3355-300x169.jpg 300w, https:\/\/jblanz.de\/WP\/wp-content\/uploads\/2025\/03\/25Spanien-3355-1024x576.jpg 1024w, https:\/\/jblanz.de\/WP\/wp-content\/uploads\/2025\/03\/25Spanien-3355-768x432.jpg 768w, https:\/\/jblanz.de\/WP\/wp-content\/uploads\/2025\/03\/25Spanien-3355-1536x864.jpg 1536w, https:\/\/jblanz.de\/WP\/wp-content\/uploads\/2025\/03\/25Spanien-3355-2048x1152.jpg 2048w\" sizes=\"auto, (max-width: 2560px) 100vw, 2560px\" \/><\/figure>\n<\/figure>\n\n\n\n<p>Dann kamen wir an den mehr als 50 km langen Sandstrand, der s\u00fcdlich an den Ebro anschliesst und bis zu der Halbinsel Costa de Fora geht, auf der eine Saline liegt. <\/p>\n\n\n\n<figure class=\"wp-block-image size-large\"><img loading=\"lazy\" decoding=\"async\" width=\"1024\" height=\"576\" src=\"https:\/\/jblanz.de\/WP\/wp-content\/uploads\/2025\/03\/25Spanien-3368-1024x576.jpg\" alt=\"\" class=\"wp-image-27313\" srcset=\"https:\/\/jblanz.de\/WP\/wp-content\/uploads\/2025\/03\/25Spanien-3368-1024x576.jpg 1024w, https:\/\/jblanz.de\/WP\/wp-content\/uploads\/2025\/03\/25Spanien-3368-300x169.jpg 300w, https:\/\/jblanz.de\/WP\/wp-content\/uploads\/2025\/03\/25Spanien-3368-768x432.jpg 768w, https:\/\/jblanz.de\/WP\/wp-content\/uploads\/2025\/03\/25Spanien-3368-1536x864.jpg 1536w, https:\/\/jblanz.de\/WP\/wp-content\/uploads\/2025\/03\/25Spanien-3368.jpg 1986w\" sizes=\"auto, (max-width: 1024px) 100vw, 1024px\" \/><\/figure>\n\n\n\n<p>Den Salzberg konnte man in der Ferne erahnen. Der Sand liess sich mit dem Fahrrad relativ gut befahren, auch wenn man immer wieder durch Pf\u00fctzen oder tiefere Furchen fahren muss. Als der Weg in riesige Pf\u00fctzen \u00fcbergeht, mussten wir absteigen. Ein \u00f6sterreichisches Wohnmobil war nat\u00fcrlich ebenfalls bis hier gefahren. Wir gratulierten Wolfi zum 60. Geburtstag vom Strand aus. <\/p>\n\n\n\n<figure class=\"wp-block-gallery has-nested-images columns-2 is-cropped wp-block-gallery-3 is-layout-flex wp-block-gallery-is-layout-flex\">\n<figure class=\"wp-block-image size-large\"><img loading=\"lazy\" decoding=\"async\" width=\"1024\" height=\"576\" data-id=\"27259\" src=\"https:\/\/jblanz.de\/WP\/wp-content\/uploads\/2025\/03\/25Spanien-3264-1024x576.jpg\" alt=\"\" class=\"wp-image-27259\" srcset=\"https:\/\/jblanz.de\/WP\/wp-content\/uploads\/2025\/03\/25Spanien-3264-1024x576.jpg 1024w, https:\/\/jblanz.de\/WP\/wp-content\/uploads\/2025\/03\/25Spanien-3264-300x169.jpg 300w, https:\/\/jblanz.de\/WP\/wp-content\/uploads\/2025\/03\/25Spanien-3264-768x432.jpg 768w, https:\/\/jblanz.de\/WP\/wp-content\/uploads\/2025\/03\/25Spanien-3264-1536x864.jpg 1536w, https:\/\/jblanz.de\/WP\/wp-content\/uploads\/2025\/03\/25Spanien-3264-2048x1152.jpg 2048w\" sizes=\"auto, (max-width: 1024px) 100vw, 1024px\" \/><\/figure>\n\n\n\n<figure class=\"wp-block-image size-large\"><img loading=\"lazy\" decoding=\"async\" width=\"1024\" height=\"576\" data-id=\"27265\" src=\"https:\/\/jblanz.de\/WP\/wp-content\/uploads\/2025\/03\/25Spanien-3265-1024x576.jpg\" alt=\"\" class=\"wp-image-27265\" srcset=\"https:\/\/jblanz.de\/WP\/wp-content\/uploads\/2025\/03\/25Spanien-3265-1024x576.jpg 1024w, https:\/\/jblanz.de\/WP\/wp-content\/uploads\/2025\/03\/25Spanien-3265-300x169.jpg 300w, https:\/\/jblanz.de\/WP\/wp-content\/uploads\/2025\/03\/25Spanien-3265-768x432.jpg 768w, https:\/\/jblanz.de\/WP\/wp-content\/uploads\/2025\/03\/25Spanien-3265-1536x864.jpg 1536w, https:\/\/jblanz.de\/WP\/wp-content\/uploads\/2025\/03\/25Spanien-3265-2048x1152.jpg 2048w\" sizes=\"auto, (max-width: 1024px) 100vw, 1024px\" \/><\/figure>\n\n\n\n<figure class=\"wp-block-image size-large\"><img loading=\"lazy\" decoding=\"async\" width=\"1024\" height=\"576\" data-id=\"27268\" src=\"https:\/\/jblanz.de\/WP\/wp-content\/uploads\/2025\/03\/25Spanien-3266-1024x576.jpg\" alt=\"\" class=\"wp-image-27268\" srcset=\"https:\/\/jblanz.de\/WP\/wp-content\/uploads\/2025\/03\/25Spanien-3266-1024x576.jpg 1024w, https:\/\/jblanz.de\/WP\/wp-content\/uploads\/2025\/03\/25Spanien-3266-300x169.jpg 300w, https:\/\/jblanz.de\/WP\/wp-content\/uploads\/2025\/03\/25Spanien-3266-768x432.jpg 768w, https:\/\/jblanz.de\/WP\/wp-content\/uploads\/2025\/03\/25Spanien-3266-1536x864.jpg 1536w, https:\/\/jblanz.de\/WP\/wp-content\/uploads\/2025\/03\/25Spanien-3266-2048x1152.jpg 2048w\" sizes=\"auto, (max-width: 1024px) 100vw, 1024px\" \/><\/figure>\n\n\n\n<figure class=\"wp-block-image size-large\"><img loading=\"lazy\" decoding=\"async\" width=\"1024\" height=\"576\" data-id=\"27267\" src=\"https:\/\/jblanz.de\/WP\/wp-content\/uploads\/2025\/03\/25Spanien-3267-1024x576.jpg\" alt=\"\" class=\"wp-image-27267\" srcset=\"https:\/\/jblanz.de\/WP\/wp-content\/uploads\/2025\/03\/25Spanien-3267-1024x576.jpg 1024w, https:\/\/jblanz.de\/WP\/wp-content\/uploads\/2025\/03\/25Spanien-3267-300x169.jpg 300w, https:\/\/jblanz.de\/WP\/wp-content\/uploads\/2025\/03\/25Spanien-3267-768x432.jpg 768w, https:\/\/jblanz.de\/WP\/wp-content\/uploads\/2025\/03\/25Spanien-3267-1536x864.jpg 1536w, https:\/\/jblanz.de\/WP\/wp-content\/uploads\/2025\/03\/25Spanien-3267-2048x1152.jpg 2048w\" sizes=\"auto, (max-width: 1024px) 100vw, 1024px\" \/><\/figure>\n\n\n\n<figure class=\"wp-block-image size-large\"><img loading=\"lazy\" decoding=\"async\" width=\"1024\" height=\"640\" data-id=\"27261\" src=\"https:\/\/jblanz.de\/WP\/wp-content\/uploads\/2025\/03\/25Spanien-3270-1024x640.jpg\" alt=\"\" class=\"wp-image-27261\" srcset=\"https:\/\/jblanz.de\/WP\/wp-content\/uploads\/2025\/03\/25Spanien-3270-1024x640.jpg 1024w, https:\/\/jblanz.de\/WP\/wp-content\/uploads\/2025\/03\/25Spanien-3270-300x187.jpg 300w, https:\/\/jblanz.de\/WP\/wp-content\/uploads\/2025\/03\/25Spanien-3270-768x480.jpg 768w, https:\/\/jblanz.de\/WP\/wp-content\/uploads\/2025\/03\/25Spanien-3270-1536x960.jpg 1536w, https:\/\/jblanz.de\/WP\/wp-content\/uploads\/2025\/03\/25Spanien-3270-2048x1280.jpg 2048w\" sizes=\"auto, (max-width: 1024px) 100vw, 1024px\" \/><\/figure>\n\n\n\n<figure class=\"wp-block-image size-full\"><img loading=\"lazy\" decoding=\"async\" width=\"2560\" height=\"1440\" data-id=\"27270\" src=\"https:\/\/jblanz.de\/WP\/wp-content\/uploads\/2025\/03\/25Spanien-3277-scaled.jpg\" alt=\"\" class=\"wp-image-27270\" srcset=\"https:\/\/jblanz.de\/WP\/wp-content\/uploads\/2025\/03\/25Spanien-3277-scaled.jpg 2560w, https:\/\/jblanz.de\/WP\/wp-content\/uploads\/2025\/03\/25Spanien-3277-300x169.jpg 300w, https:\/\/jblanz.de\/WP\/wp-content\/uploads\/2025\/03\/25Spanien-3277-1024x576.jpg 1024w, https:\/\/jblanz.de\/WP\/wp-content\/uploads\/2025\/03\/25Spanien-3277-768x432.jpg 768w, https:\/\/jblanz.de\/WP\/wp-content\/uploads\/2025\/03\/25Spanien-3277-1536x864.jpg 1536w, https:\/\/jblanz.de\/WP\/wp-content\/uploads\/2025\/03\/25Spanien-3277-2048x1152.jpg 2048w\" sizes=\"auto, (max-width: 2560px) 100vw, 2560px\" \/><\/figure>\n\n\n\n<figure class=\"wp-block-image size-large\"><img loading=\"lazy\" decoding=\"async\" width=\"1024\" height=\"576\" data-id=\"27263\" src=\"https:\/\/jblanz.de\/WP\/wp-content\/uploads\/2025\/03\/25Spanien-3271-1024x576.jpg\" alt=\"\" class=\"wp-image-27263\" srcset=\"https:\/\/jblanz.de\/WP\/wp-content\/uploads\/2025\/03\/25Spanien-3271-1024x576.jpg 1024w, https:\/\/jblanz.de\/WP\/wp-content\/uploads\/2025\/03\/25Spanien-3271-300x169.jpg 300w, https:\/\/jblanz.de\/WP\/wp-content\/uploads\/2025\/03\/25Spanien-3271-768x432.jpg 768w, https:\/\/jblanz.de\/WP\/wp-content\/uploads\/2025\/03\/25Spanien-3271-1536x864.jpg 1536w, https:\/\/jblanz.de\/WP\/wp-content\/uploads\/2025\/03\/25Spanien-3271-2048x1152.jpg 2048w\" sizes=\"auto, (max-width: 1024px) 100vw, 1024px\" \/><\/figure>\n\n\n\n<figure class=\"wp-block-image size-large\"><img loading=\"lazy\" decoding=\"async\" width=\"1024\" height=\"576\" data-id=\"27262\" src=\"https:\/\/jblanz.de\/WP\/wp-content\/uploads\/2025\/03\/25Spanien-3273-1024x576.jpg\" alt=\"\" class=\"wp-image-27262\" srcset=\"https:\/\/jblanz.de\/WP\/wp-content\/uploads\/2025\/03\/25Spanien-3273-1024x576.jpg 1024w, https:\/\/jblanz.de\/WP\/wp-content\/uploads\/2025\/03\/25Spanien-3273-300x169.jpg 300w, https:\/\/jblanz.de\/WP\/wp-content\/uploads\/2025\/03\/25Spanien-3273-768x432.jpg 768w, https:\/\/jblanz.de\/WP\/wp-content\/uploads\/2025\/03\/25Spanien-3273-1536x864.jpg 1536w, https:\/\/jblanz.de\/WP\/wp-content\/uploads\/2025\/03\/25Spanien-3273-2048x1152.jpg 2048w\" sizes=\"auto, (max-width: 1024px) 100vw, 1024px\" \/><\/figure>\n\n\n\n<figure class=\"wp-block-image size-large\"><img loading=\"lazy\" decoding=\"async\" width=\"1024\" height=\"576\" data-id=\"27266\" src=\"https:\/\/jblanz.de\/WP\/wp-content\/uploads\/2025\/03\/25Spanien-3274-1024x576.jpg\" alt=\"\" class=\"wp-image-27266\" srcset=\"https:\/\/jblanz.de\/WP\/wp-content\/uploads\/2025\/03\/25Spanien-3274-1024x576.jpg 1024w, https:\/\/jblanz.de\/WP\/wp-content\/uploads\/2025\/03\/25Spanien-3274-300x169.jpg 300w, https:\/\/jblanz.de\/WP\/wp-content\/uploads\/2025\/03\/25Spanien-3274-768x432.jpg 768w, https:\/\/jblanz.de\/WP\/wp-content\/uploads\/2025\/03\/25Spanien-3274-1536x864.jpg 1536w, https:\/\/jblanz.de\/WP\/wp-content\/uploads\/2025\/03\/25Spanien-3274-2048x1152.jpg 2048w\" sizes=\"auto, (max-width: 1024px) 100vw, 1024px\" \/><\/figure>\n\n\n\n<figure class=\"wp-block-image size-large\"><img loading=\"lazy\" decoding=\"async\" width=\"1024\" height=\"576\" data-id=\"27269\" src=\"https:\/\/jblanz.de\/WP\/wp-content\/uploads\/2025\/03\/25Spanien-3279-1024x576.jpg\" alt=\"\" class=\"wp-image-27269\" srcset=\"https:\/\/jblanz.de\/WP\/wp-content\/uploads\/2025\/03\/25Spanien-3279-1024x576.jpg 1024w, https:\/\/jblanz.de\/WP\/wp-content\/uploads\/2025\/03\/25Spanien-3279-300x169.jpg 300w, https:\/\/jblanz.de\/WP\/wp-content\/uploads\/2025\/03\/25Spanien-3279-768x432.jpg 768w, https:\/\/jblanz.de\/WP\/wp-content\/uploads\/2025\/03\/25Spanien-3279-1536x864.jpg 1536w, https:\/\/jblanz.de\/WP\/wp-content\/uploads\/2025\/03\/25Spanien-3279-2048x1152.jpg 2048w\" sizes=\"auto, (max-width: 1024px) 100vw, 1024px\" \/><\/figure>\n\n\n\n<figure class=\"wp-block-image size-large\"><img loading=\"lazy\" decoding=\"async\" width=\"1024\" height=\"576\" data-id=\"27260\" src=\"https:\/\/jblanz.de\/WP\/wp-content\/uploads\/2025\/03\/25Spanien-3280-1024x576.jpg\" alt=\"\" class=\"wp-image-27260\" srcset=\"https:\/\/jblanz.de\/WP\/wp-content\/uploads\/2025\/03\/25Spanien-3280-1024x576.jpg 1024w, https:\/\/jblanz.de\/WP\/wp-content\/uploads\/2025\/03\/25Spanien-3280-300x169.jpg 300w, https:\/\/jblanz.de\/WP\/wp-content\/uploads\/2025\/03\/25Spanien-3280-768x432.jpg 768w, https:\/\/jblanz.de\/WP\/wp-content\/uploads\/2025\/03\/25Spanien-3280-1536x864.jpg 1536w, https:\/\/jblanz.de\/WP\/wp-content\/uploads\/2025\/03\/25Spanien-3280-2048x1152.jpg 2048w\" sizes=\"auto, (max-width: 1024px) 100vw, 1024px\" \/><\/figure>\n\n\n\n<figure class=\"wp-block-image size-large\"><img loading=\"lazy\" decoding=\"async\" width=\"1024\" height=\"576\" data-id=\"27264\" src=\"https:\/\/jblanz.de\/WP\/wp-content\/uploads\/2025\/03\/25Spanien-3283-1024x576.jpg\" alt=\"\" class=\"wp-image-27264\" srcset=\"https:\/\/jblanz.de\/WP\/wp-content\/uploads\/2025\/03\/25Spanien-3283-1024x576.jpg 1024w, https:\/\/jblanz.de\/WP\/wp-content\/uploads\/2025\/03\/25Spanien-3283-300x169.jpg 300w, https:\/\/jblanz.de\/WP\/wp-content\/uploads\/2025\/03\/25Spanien-3283-768x432.jpg 768w, https:\/\/jblanz.de\/WP\/wp-content\/uploads\/2025\/03\/25Spanien-3283-1536x864.jpg 1536w, https:\/\/jblanz.de\/WP\/wp-content\/uploads\/2025\/03\/25Spanien-3283-2048x1152.jpg 2048w\" sizes=\"auto, (max-width: 1024px) 100vw, 1024px\" \/><\/figure>\n<\/figure>\n\n\n\n<p>Zur\u00fcck auf geteerter Strasse fuhren wir noch am See  &#8222;La tangcada&#8220; entlang, entdeckten noch den ein oder anderen Vogel. Der braune Sichler aus der Familie der Ibisse in seinem Prachtkleid.<\/p>\n\n\n\n<figure class=\"wp-block-gallery has-nested-images columns-2 is-cropped wp-block-gallery-4 is-layout-flex wp-block-gallery-is-layout-flex\">\n<figure class=\"wp-block-image size-full\"><img loading=\"lazy\" decoding=\"async\" width=\"2455\" height=\"1381\" data-id=\"27298\" src=\"https:\/\/jblanz.de\/WP\/wp-content\/uploads\/2025\/03\/25Spanien-3236-Edit.jpg\" alt=\"\" class=\"wp-image-27298\" srcset=\"https:\/\/jblanz.de\/WP\/wp-content\/uploads\/2025\/03\/25Spanien-3236-Edit.jpg 2455w, https:\/\/jblanz.de\/WP\/wp-content\/uploads\/2025\/03\/25Spanien-3236-Edit-300x169.jpg 300w, https:\/\/jblanz.de\/WP\/wp-content\/uploads\/2025\/03\/25Spanien-3236-Edit-1024x576.jpg 1024w, https:\/\/jblanz.de\/WP\/wp-content\/uploads\/2025\/03\/25Spanien-3236-Edit-768x432.jpg 768w, https:\/\/jblanz.de\/WP\/wp-content\/uploads\/2025\/03\/25Spanien-3236-Edit-1536x864.jpg 1536w, https:\/\/jblanz.de\/WP\/wp-content\/uploads\/2025\/03\/25Spanien-3236-Edit-2048x1152.jpg 2048w\" sizes=\"auto, (max-width: 2455px) 100vw, 2455px\" \/><\/figure>\n\n\n\n<figure class=\"wp-block-image size-full\"><img loading=\"lazy\" decoding=\"async\" width=\"2025\" height=\"1139\" data-id=\"27293\" src=\"https:\/\/jblanz.de\/WP\/wp-content\/uploads\/2025\/03\/25Spanien-3242-Edit.jpg\" alt=\"\" class=\"wp-image-27293\" srcset=\"https:\/\/jblanz.de\/WP\/wp-content\/uploads\/2025\/03\/25Spanien-3242-Edit.jpg 2025w, https:\/\/jblanz.de\/WP\/wp-content\/uploads\/2025\/03\/25Spanien-3242-Edit-300x169.jpg 300w, https:\/\/jblanz.de\/WP\/wp-content\/uploads\/2025\/03\/25Spanien-3242-Edit-1024x576.jpg 1024w, https:\/\/jblanz.de\/WP\/wp-content\/uploads\/2025\/03\/25Spanien-3242-Edit-768x432.jpg 768w, https:\/\/jblanz.de\/WP\/wp-content\/uploads\/2025\/03\/25Spanien-3242-Edit-1536x864.jpg 1536w\" sizes=\"auto, (max-width: 2025px) 100vw, 2025px\" \/><\/figure>\n\n\n\n<figure class=\"wp-block-image size-full\"><img loading=\"lazy\" decoding=\"async\" width=\"2560\" height=\"1440\" data-id=\"27290\" src=\"https:\/\/jblanz.de\/WP\/wp-content\/uploads\/2025\/03\/25Spanien-3288-Edit-scaled.jpg\" alt=\"\" class=\"wp-image-27290\" srcset=\"https:\/\/jblanz.de\/WP\/wp-content\/uploads\/2025\/03\/25Spanien-3288-Edit-scaled.jpg 2560w, https:\/\/jblanz.de\/WP\/wp-content\/uploads\/2025\/03\/25Spanien-3288-Edit-300x169.jpg 300w, https:\/\/jblanz.de\/WP\/wp-content\/uploads\/2025\/03\/25Spanien-3288-Edit-1024x576.jpg 1024w, https:\/\/jblanz.de\/WP\/wp-content\/uploads\/2025\/03\/25Spanien-3288-Edit-768x432.jpg 768w, https:\/\/jblanz.de\/WP\/wp-content\/uploads\/2025\/03\/25Spanien-3288-Edit-1536x864.jpg 1536w, https:\/\/jblanz.de\/WP\/wp-content\/uploads\/2025\/03\/25Spanien-3288-Edit-2048x1152.jpg 2048w\" sizes=\"auto, (max-width: 2560px) 100vw, 2560px\" \/><\/figure>\n\n\n\n<figure class=\"wp-block-image size-full\"><img loading=\"lazy\" decoding=\"async\" width=\"2093\" height=\"1177\" data-id=\"27288\" src=\"https:\/\/jblanz.de\/WP\/wp-content\/uploads\/2025\/03\/25Spanien-3289.jpg\" alt=\"\" class=\"wp-image-27288\" srcset=\"https:\/\/jblanz.de\/WP\/wp-content\/uploads\/2025\/03\/25Spanien-3289.jpg 2093w, https:\/\/jblanz.de\/WP\/wp-content\/uploads\/2025\/03\/25Spanien-3289-300x169.jpg 300w, https:\/\/jblanz.de\/WP\/wp-content\/uploads\/2025\/03\/25Spanien-3289-1024x576.jpg 1024w, https:\/\/jblanz.de\/WP\/wp-content\/uploads\/2025\/03\/25Spanien-3289-768x432.jpg 768w, https:\/\/jblanz.de\/WP\/wp-content\/uploads\/2025\/03\/25Spanien-3289-1536x864.jpg 1536w, https:\/\/jblanz.de\/WP\/wp-content\/uploads\/2025\/03\/25Spanien-3289-2048x1152.jpg 2048w\" sizes=\"auto, (max-width: 2093px) 100vw, 2093px\" \/><\/figure>\n\n\n\n<figure class=\"wp-block-image size-full\"><img loading=\"lazy\" decoding=\"async\" width=\"2359\" height=\"1327\" data-id=\"27289\" src=\"https:\/\/jblanz.de\/WP\/wp-content\/uploads\/2025\/03\/25Spanien-3307-Edit.jpg\" alt=\"\" class=\"wp-image-27289\" srcset=\"https:\/\/jblanz.de\/WP\/wp-content\/uploads\/2025\/03\/25Spanien-3307-Edit.jpg 2359w, https:\/\/jblanz.de\/WP\/wp-content\/uploads\/2025\/03\/25Spanien-3307-Edit-300x169.jpg 300w, https:\/\/jblanz.de\/WP\/wp-content\/uploads\/2025\/03\/25Spanien-3307-Edit-1024x576.jpg 1024w, https:\/\/jblanz.de\/WP\/wp-content\/uploads\/2025\/03\/25Spanien-3307-Edit-768x432.jpg 768w, https:\/\/jblanz.de\/WP\/wp-content\/uploads\/2025\/03\/25Spanien-3307-Edit-1536x864.jpg 1536w, https:\/\/jblanz.de\/WP\/wp-content\/uploads\/2025\/03\/25Spanien-3307-Edit-2048x1152.jpg 2048w\" sizes=\"auto, (max-width: 2359px) 100vw, 2359px\" \/><\/figure>\n\n\n\n<figure class=\"wp-block-image size-full\"><img loading=\"lazy\" decoding=\"async\" width=\"1829\" height=\"1029\" data-id=\"27294\" src=\"https:\/\/jblanz.de\/WP\/wp-content\/uploads\/2025\/03\/25Spanien-3308-Edit.jpg\" alt=\"\" class=\"wp-image-27294\" srcset=\"https:\/\/jblanz.de\/WP\/wp-content\/uploads\/2025\/03\/25Spanien-3308-Edit.jpg 1829w, https:\/\/jblanz.de\/WP\/wp-content\/uploads\/2025\/03\/25Spanien-3308-Edit-300x169.jpg 300w, https:\/\/jblanz.de\/WP\/wp-content\/uploads\/2025\/03\/25Spanien-3308-Edit-1024x576.jpg 1024w, https:\/\/jblanz.de\/WP\/wp-content\/uploads\/2025\/03\/25Spanien-3308-Edit-768x432.jpg 768w, https:\/\/jblanz.de\/WP\/wp-content\/uploads\/2025\/03\/25Spanien-3308-Edit-1536x864.jpg 1536w\" sizes=\"auto, (max-width: 1829px) 100vw, 1829px\" \/><\/figure>\n\n\n\n<figure class=\"wp-block-image size-full\"><img loading=\"lazy\" decoding=\"async\" width=\"1308\" height=\"736\" data-id=\"27296\" src=\"https:\/\/jblanz.de\/WP\/wp-content\/uploads\/2025\/03\/25Spanien-3316-Edit.jpg\" alt=\"\" class=\"wp-image-27296\" srcset=\"https:\/\/jblanz.de\/WP\/wp-content\/uploads\/2025\/03\/25Spanien-3316-Edit.jpg 1308w, https:\/\/jblanz.de\/WP\/wp-content\/uploads\/2025\/03\/25Spanien-3316-Edit-300x169.jpg 300w, https:\/\/jblanz.de\/WP\/wp-content\/uploads\/2025\/03\/25Spanien-3316-Edit-1024x576.jpg 1024w, https:\/\/jblanz.de\/WP\/wp-content\/uploads\/2025\/03\/25Spanien-3316-Edit-768x432.jpg 768w\" sizes=\"auto, (max-width: 1308px) 100vw, 1308px\" \/><\/figure>\n\n\n\n<figure class=\"wp-block-image size-full\"><img loading=\"lazy\" decoding=\"async\" width=\"959\" height=\"539\" data-id=\"27287\" src=\"https:\/\/jblanz.de\/WP\/wp-content\/uploads\/2025\/03\/25Spanien-3314-Edit.jpg\" alt=\"\" class=\"wp-image-27287\" srcset=\"https:\/\/jblanz.de\/WP\/wp-content\/uploads\/2025\/03\/25Spanien-3314-Edit.jpg 959w, https:\/\/jblanz.de\/WP\/wp-content\/uploads\/2025\/03\/25Spanien-3314-Edit-300x169.jpg 300w, https:\/\/jblanz.de\/WP\/wp-content\/uploads\/2025\/03\/25Spanien-3314-Edit-768x432.jpg 768w\" sizes=\"auto, (max-width: 959px) 100vw, 959px\" \/><\/figure>\n\n\n\n<figure class=\"wp-block-image size-full\"><img loading=\"lazy\" decoding=\"async\" width=\"2560\" height=\"1440\" data-id=\"27291\" src=\"https:\/\/jblanz.de\/WP\/wp-content\/uploads\/2025\/03\/25Spanien-3341-Edit-scaled.jpg\" alt=\"\" class=\"wp-image-27291\" srcset=\"https:\/\/jblanz.de\/WP\/wp-content\/uploads\/2025\/03\/25Spanien-3341-Edit-scaled.jpg 2560w, https:\/\/jblanz.de\/WP\/wp-content\/uploads\/2025\/03\/25Spanien-3341-Edit-300x169.jpg 300w, https:\/\/jblanz.de\/WP\/wp-content\/uploads\/2025\/03\/25Spanien-3341-Edit-1024x576.jpg 1024w, https:\/\/jblanz.de\/WP\/wp-content\/uploads\/2025\/03\/25Spanien-3341-Edit-768x432.jpg 768w, https:\/\/jblanz.de\/WP\/wp-content\/uploads\/2025\/03\/25Spanien-3341-Edit-1536x864.jpg 1536w, https:\/\/jblanz.de\/WP\/wp-content\/uploads\/2025\/03\/25Spanien-3341-Edit-2048x1152.jpg 2048w\" sizes=\"auto, (max-width: 2560px) 100vw, 2560px\" \/><\/figure>\n\n\n\n<figure class=\"wp-block-image size-full\"><img loading=\"lazy\" decoding=\"async\" width=\"2560\" height=\"1440\" data-id=\"27295\" src=\"https:\/\/jblanz.de\/WP\/wp-content\/uploads\/2025\/03\/25Spanien-3361-scaled.jpg\" alt=\"\" class=\"wp-image-27295\" srcset=\"https:\/\/jblanz.de\/WP\/wp-content\/uploads\/2025\/03\/25Spanien-3361-scaled.jpg 2560w, https:\/\/jblanz.de\/WP\/wp-content\/uploads\/2025\/03\/25Spanien-3361-300x169.jpg 300w, https:\/\/jblanz.de\/WP\/wp-content\/uploads\/2025\/03\/25Spanien-3361-1024x576.jpg 1024w, https:\/\/jblanz.de\/WP\/wp-content\/uploads\/2025\/03\/25Spanien-3361-768x432.jpg 768w, https:\/\/jblanz.de\/WP\/wp-content\/uploads\/2025\/03\/25Spanien-3361-1536x864.jpg 1536w, https:\/\/jblanz.de\/WP\/wp-content\/uploads\/2025\/03\/25Spanien-3361-2048x1152.jpg 2048w\" sizes=\"auto, (max-width: 2560px) 100vw, 2560px\" \/><\/figure>\n\n\n\n<figure class=\"wp-block-image size-full\"><img loading=\"lazy\" decoding=\"async\" width=\"1637\" height=\"921\" data-id=\"27292\" src=\"https:\/\/jblanz.de\/WP\/wp-content\/uploads\/2025\/03\/25Spanien-3334-Edit.jpg\" alt=\"\" class=\"wp-image-27292\" srcset=\"https:\/\/jblanz.de\/WP\/wp-content\/uploads\/2025\/03\/25Spanien-3334-Edit.jpg 1637w, https:\/\/jblanz.de\/WP\/wp-content\/uploads\/2025\/03\/25Spanien-3334-Edit-300x169.jpg 300w, https:\/\/jblanz.de\/WP\/wp-content\/uploads\/2025\/03\/25Spanien-3334-Edit-1024x576.jpg 1024w, https:\/\/jblanz.de\/WP\/wp-content\/uploads\/2025\/03\/25Spanien-3334-Edit-768x432.jpg 768w, https:\/\/jblanz.de\/WP\/wp-content\/uploads\/2025\/03\/25Spanien-3334-Edit-1536x864.jpg 1536w\" sizes=\"auto, (max-width: 1637px) 100vw, 1637px\" \/><figcaption class=\"wp-element-caption\">Rotschenkel<\/figcaption><\/figure>\n<\/figure>\n\n\n\n<p>Wir kehrten gegen 14:30 Uhr ans Restaurant &#8222;Casa de Fusta&#8220; unseres Stellplatzes zur\u00fcck. Der Parkplatz des Restaurants war komplett voll und entsprechend sah es im Inneren aus. Da wir nicht reserviert hatten, bekamen wir noch einen Platz in der Cafeteria. Auch dort wurden laufend neue G\u00e4ste untergebracht, so dass sie nach einigen Minuten ebenfalls voll war. Karin bestellte gegrilltes Gem\u00fcse und Pommes, w\u00e4hrend ich einen gegrillten Fisch nahm.<\/p>\n\n\n\n<figure class=\"wp-block-gallery has-nested-images columns-default is-cropped wp-block-gallery-5 is-layout-flex wp-block-gallery-is-layout-flex\">\n<figure class=\"wp-block-image size-full\"><img loading=\"lazy\" decoding=\"async\" width=\"2560\" height=\"1440\" data-id=\"27278\" src=\"https:\/\/jblanz.de\/WP\/wp-content\/uploads\/2025\/03\/25Spanien-3364-scaled.jpg\" alt=\"\" class=\"wp-image-27278\" srcset=\"https:\/\/jblanz.de\/WP\/wp-content\/uploads\/2025\/03\/25Spanien-3364-scaled.jpg 2560w, https:\/\/jblanz.de\/WP\/wp-content\/uploads\/2025\/03\/25Spanien-3364-300x169.jpg 300w, https:\/\/jblanz.de\/WP\/wp-content\/uploads\/2025\/03\/25Spanien-3364-1024x576.jpg 1024w, https:\/\/jblanz.de\/WP\/wp-content\/uploads\/2025\/03\/25Spanien-3364-768x432.jpg 768w, https:\/\/jblanz.de\/WP\/wp-content\/uploads\/2025\/03\/25Spanien-3364-1536x864.jpg 1536w, https:\/\/jblanz.de\/WP\/wp-content\/uploads\/2025\/03\/25Spanien-3364-2048x1152.jpg 2048w\" sizes=\"auto, (max-width: 2560px) 100vw, 2560px\" \/><\/figure>\n\n\n\n<figure class=\"wp-block-image size-full\"><img loading=\"lazy\" decoding=\"async\" width=\"2560\" height=\"1440\" data-id=\"27279\" src=\"https:\/\/jblanz.de\/WP\/wp-content\/uploads\/2025\/03\/25Spanien-3363-scaled.jpg\" alt=\"\" class=\"wp-image-27279\" srcset=\"https:\/\/jblanz.de\/WP\/wp-content\/uploads\/2025\/03\/25Spanien-3363-scaled.jpg 2560w, https:\/\/jblanz.de\/WP\/wp-content\/uploads\/2025\/03\/25Spanien-3363-300x169.jpg 300w, https:\/\/jblanz.de\/WP\/wp-content\/uploads\/2025\/03\/25Spanien-3363-1024x576.jpg 1024w, https:\/\/jblanz.de\/WP\/wp-content\/uploads\/2025\/03\/25Spanien-3363-768x432.jpg 768w, https:\/\/jblanz.de\/WP\/wp-content\/uploads\/2025\/03\/25Spanien-3363-1536x864.jpg 1536w, https:\/\/jblanz.de\/WP\/wp-content\/uploads\/2025\/03\/25Spanien-3363-2048x1152.jpg 2048w\" sizes=\"auto, (max-width: 2560px) 100vw, 2560px\" \/><\/figure>\n<\/figure>\n\n\n\n<p>Nach dem Essen tranken wir in unserem Bus Kaffee. Gegen 17:30 Uhr wollte ich nochmals aufs Fahrrad, um die Sonnenuntergangsstimmung noch f\u00fcr ein paar Bilder zu nutzen. Als wir zur\u00fcckkamen, war der Stellplatz geschlossen, alle 65 Pl\u00e4tze waren besetzt und immer noch kamen Wohnmobile an. Hier standen wieder einige der fahrenden H\u00e4user, die irgendwie keine Sympathie bekommen. Die Reisenden dieser Feudalmobile bekommt man fast nie zu sehen.<\/p>\n\n\n\n<figure class=\"wp-block-gallery has-nested-images columns-2 is-cropped wp-block-gallery-6 is-layout-flex wp-block-gallery-is-layout-flex\">\n<figure class=\"wp-block-image size-full\"><img loading=\"lazy\" decoding=\"async\" width=\"2493\" height=\"1402\" data-id=\"27318\" src=\"https:\/\/jblanz.de\/WP\/wp-content\/uploads\/2025\/03\/25Spanien-3374.jpg\" alt=\"\" class=\"wp-image-27318\" srcset=\"https:\/\/jblanz.de\/WP\/wp-content\/uploads\/2025\/03\/25Spanien-3374.jpg 2493w, https:\/\/jblanz.de\/WP\/wp-content\/uploads\/2025\/03\/25Spanien-3374-300x169.jpg 300w, https:\/\/jblanz.de\/WP\/wp-content\/uploads\/2025\/03\/25Spanien-3374-1024x576.jpg 1024w, https:\/\/jblanz.de\/WP\/wp-content\/uploads\/2025\/03\/25Spanien-3374-768x432.jpg 768w, https:\/\/jblanz.de\/WP\/wp-content\/uploads\/2025\/03\/25Spanien-3374-1536x864.jpg 1536w, https:\/\/jblanz.de\/WP\/wp-content\/uploads\/2025\/03\/25Spanien-3374-2048x1152.jpg 2048w\" sizes=\"auto, (max-width: 2493px) 100vw, 2493px\" \/><\/figure>\n\n\n\n<figure class=\"wp-block-image size-full\"><img loading=\"lazy\" decoding=\"async\" width=\"1339\" height=\"753\" data-id=\"27315\" src=\"https:\/\/jblanz.de\/WP\/wp-content\/uploads\/2025\/03\/25Spanien-3389.jpg\" alt=\"\" class=\"wp-image-27315\" srcset=\"https:\/\/jblanz.de\/WP\/wp-content\/uploads\/2025\/03\/25Spanien-3389.jpg 1339w, https:\/\/jblanz.de\/WP\/wp-content\/uploads\/2025\/03\/25Spanien-3389-300x169.jpg 300w, https:\/\/jblanz.de\/WP\/wp-content\/uploads\/2025\/03\/25Spanien-3389-1024x576.jpg 1024w, https:\/\/jblanz.de\/WP\/wp-content\/uploads\/2025\/03\/25Spanien-3389-768x432.jpg 768w\" sizes=\"auto, (max-width: 1339px) 100vw, 1339px\" \/><\/figure>\n\n\n\n<figure class=\"wp-block-image size-full\"><img loading=\"lazy\" decoding=\"async\" width=\"1936\" height=\"1089\" data-id=\"27317\" src=\"https:\/\/jblanz.de\/WP\/wp-content\/uploads\/2025\/03\/25Spanien-3396.jpg\" alt=\"\" class=\"wp-image-27317\" srcset=\"https:\/\/jblanz.de\/WP\/wp-content\/uploads\/2025\/03\/25Spanien-3396.jpg 1936w, https:\/\/jblanz.de\/WP\/wp-content\/uploads\/2025\/03\/25Spanien-3396-300x169.jpg 300w, https:\/\/jblanz.de\/WP\/wp-content\/uploads\/2025\/03\/25Spanien-3396-1024x576.jpg 1024w, https:\/\/jblanz.de\/WP\/wp-content\/uploads\/2025\/03\/25Spanien-3396-768x432.jpg 768w, https:\/\/jblanz.de\/WP\/wp-content\/uploads\/2025\/03\/25Spanien-3396-1536x864.jpg 1536w\" sizes=\"auto, (max-width: 1936px) 100vw, 1936px\" \/><\/figure>\n\n\n\n<figure class=\"wp-block-image size-full\"><img loading=\"lazy\" decoding=\"async\" width=\"1220\" height=\"686\" data-id=\"27316\" src=\"https:\/\/jblanz.de\/WP\/wp-content\/uploads\/2025\/03\/25Spanien-3402.jpg\" alt=\"\" class=\"wp-image-27316\" srcset=\"https:\/\/jblanz.de\/WP\/wp-content\/uploads\/2025\/03\/25Spanien-3402.jpg 1220w, https:\/\/jblanz.de\/WP\/wp-content\/uploads\/2025\/03\/25Spanien-3402-300x169.jpg 300w, https:\/\/jblanz.de\/WP\/wp-content\/uploads\/2025\/03\/25Spanien-3402-1024x576.jpg 1024w, https:\/\/jblanz.de\/WP\/wp-content\/uploads\/2025\/03\/25Spanien-3402-768x432.jpg 768w\" sizes=\"auto, (max-width: 1220px) 100vw, 1220px\" \/><\/figure>\n<\/figure>\n\n\n\n<p>Und so sah der Stellplatz am Abend aus. Unser Bus geh\u00f6rte zu den Kleinsten.<\/p>\n\n\n\n<figure class=\"wp-block-gallery has-nested-images columns-default is-cropped wp-block-gallery-7 is-layout-flex wp-block-gallery-is-layout-flex\">\n<figure class=\"wp-block-image size-full\"><img loading=\"lazy\" decoding=\"async\" width=\"2560\" height=\"1440\" data-id=\"27304\" src=\"https:\/\/jblanz.de\/WP\/wp-content\/uploads\/2025\/03\/25Spanien-3366-scaled.jpg\" alt=\"\" class=\"wp-image-27304\" srcset=\"https:\/\/jblanz.de\/WP\/wp-content\/uploads\/2025\/03\/25Spanien-3366-scaled.jpg 2560w, https:\/\/jblanz.de\/WP\/wp-content\/uploads\/2025\/03\/25Spanien-3366-300x169.jpg 300w, https:\/\/jblanz.de\/WP\/wp-content\/uploads\/2025\/03\/25Spanien-3366-1024x576.jpg 1024w, https:\/\/jblanz.de\/WP\/wp-content\/uploads\/2025\/03\/25Spanien-3366-768x432.jpg 768w, https:\/\/jblanz.de\/WP\/wp-content\/uploads\/2025\/03\/25Spanien-3366-1536x864.jpg 1536w, https:\/\/jblanz.de\/WP\/wp-content\/uploads\/2025\/03\/25Spanien-3366-2048x1152.jpg 2048w\" sizes=\"auto, (max-width: 2560px) 100vw, 2560px\" \/><\/figure>\n\n\n\n<figure class=\"wp-block-image size-full\"><img loading=\"lazy\" decoding=\"async\" width=\"1999\" height=\"1124\" data-id=\"27303\" src=\"https:\/\/jblanz.de\/WP\/wp-content\/uploads\/2025\/03\/25Spanien-3367.jpg\" alt=\"\" class=\"wp-image-27303\" srcset=\"https:\/\/jblanz.de\/WP\/wp-content\/uploads\/2025\/03\/25Spanien-3367.jpg 1999w, https:\/\/jblanz.de\/WP\/wp-content\/uploads\/2025\/03\/25Spanien-3367-300x169.jpg 300w, https:\/\/jblanz.de\/WP\/wp-content\/uploads\/2025\/03\/25Spanien-3367-1024x576.jpg 1024w, https:\/\/jblanz.de\/WP\/wp-content\/uploads\/2025\/03\/25Spanien-3367-768x432.jpg 768w, https:\/\/jblanz.de\/WP\/wp-content\/uploads\/2025\/03\/25Spanien-3367-1536x864.jpg 1536w\" sizes=\"auto, (max-width: 1999px) 100vw, 1999px\" \/><\/figure>\n<\/figure>\n","protected":false},"excerpt":{"rendered":"<p>Nachdem es gestern den ganzen Tag geregnet hatte, wurde es \u00fcber Nacht klar und wir wachten mit blauem Himmel und<\/p>\n","protected":false},"author":1,"featured_media":27239,"comment_status":"open","ping_status":"open","sticky":false,"template":"","format":"standard","meta":{"colormag_page_container_layout":"default_layout","colormag_page_sidebar_layout":"default_layout","_monsterinsights_skip_tracking":false,"_monsterinsights_sitenote_active":false,"_monsterinsights_sitenote_note":"","_monsterinsights_sitenote_category":0,"footnotes":""},"categories":[269,314,315,159,268,307,197],"tags":[],"class_list":["post-27231","post","type-post","status-publish","format-standard","has-post-thumbnail","hentry","category-2020-jahr","category-314","category-2025-2020-jahr","category-europa","category-jahr","category-k-z","category-spanien"],"yoast_head":"<!-- This site is optimized with the Yoast SEO plugin v27.4 - https:\/\/yoast.com\/product\/yoast-seo-wordpress\/ -->\n<title>15. M\u00e4rz 2025 - Ebro-Delta - Reiseblog von Karin &amp; Joachim<\/title>\n<meta name=\"robots\" content=\"index, follow, max-snippet:-1, max-image-preview:large, max-video-preview:-1\" \/>\n<link rel=\"canonical\" href=\"https:\/\/jblanz.de\/WP\/15-maerz-2025-ebro-delta\/\" \/>\n<meta property=\"og:locale\" content=\"de_DE\" \/>\n<meta property=\"og:type\" content=\"article\" \/>\n<meta property=\"og:title\" content=\"15. M\u00e4rz 2025 - Ebro-Delta - Reiseblog von Karin &amp; Joachim\" \/>\n<meta property=\"og:description\" content=\"Nachdem es gestern den ganzen Tag geregnet hatte, wurde es \u00fcber Nacht klar und wir wachten mit blauem Himmel und\" \/>\n<meta property=\"og:url\" content=\"https:\/\/jblanz.de\/WP\/15-maerz-2025-ebro-delta\/\" \/>\n<meta property=\"og:site_name\" content=\"Reiseblog von Karin &amp; Joachim\" \/>\n<meta property=\"article:published_time\" content=\"2025-03-15T17:43:38+00:00\" \/>\n<meta property=\"article:modified_time\" content=\"2025-03-16T08:12:33+00:00\" \/>\n<meta property=\"og:image\" content=\"https:\/\/jblanz.de\/WP\/wp-content\/uploads\/2025\/03\/25Spanien-3224-scaled.jpg\" \/>\n\t<meta property=\"og:image:width\" content=\"2560\" \/>\n\t<meta property=\"og:image:height\" content=\"1440\" \/>\n\t<meta property=\"og:image:type\" content=\"image\/jpeg\" \/>\n<meta name=\"author\" content=\"Achim\" \/>\n<meta name=\"twitter:card\" content=\"summary_large_image\" \/>\n<meta name=\"twitter:label1\" content=\"Verfasst von\" \/>\n\t<meta name=\"twitter:data1\" content=\"Achim\" \/>\n\t<meta name=\"twitter:label2\" content=\"Gesch\u00e4tzte Lesezeit\" \/>\n\t<meta name=\"twitter:data2\" content=\"12\u00a0Minuten\" \/>\n<script type=\"application\/ld+json\" class=\"yoast-schema-graph\">{\"@context\":\"https:\\\/\\\/schema.org\",\"@graph\":[{\"@type\":\"Article\",\"@id\":\"https:\\\/\\\/jblanz.de\\\/WP\\\/15-maerz-2025-ebro-delta\\\/#article\",\"isPartOf\":{\"@id\":\"https:\\\/\\\/jblanz.de\\\/WP\\\/15-maerz-2025-ebro-delta\\\/\"},\"author\":{\"name\":\"Achim\",\"@id\":\"https:\\\/\\\/jblanz.de\\\/WP\\\/#\\\/schema\\\/person\\\/17a70f07162e42bc0b181c22397286e0\"},\"headline\":\"15. M\u00e4rz 2025 &#8211; Ebro-Delta\",\"datePublished\":\"2025-03-15T17:43:38+00:00\",\"dateModified\":\"2025-03-16T08:12:33+00:00\",\"mainEntityOfPage\":{\"@id\":\"https:\\\/\\\/jblanz.de\\\/WP\\\/15-maerz-2025-ebro-delta\\\/\"},\"wordCount\":428,\"commentCount\":0,\"publisher\":{\"@id\":\"https:\\\/\\\/jblanz.de\\\/WP\\\/#\\\/schema\\\/person\\\/17a70f07162e42bc0b181c22397286e0\"},\"image\":{\"@id\":\"https:\\\/\\\/jblanz.de\\\/WP\\\/15-maerz-2025-ebro-delta\\\/#primaryimage\"},\"thumbnailUrl\":\"https:\\\/\\\/jblanz.de\\\/WP\\\/wp-content\\\/uploads\\\/2025\\\/03\\\/25Spanien-3224-scaled.jpg\",\"articleSection\":[\"2020+\",\"2025\",\"2025\",\"Europa\",\"Jahr\",\"K-Z\",\"Spanien\"],\"inLanguage\":\"de\",\"potentialAction\":[{\"@type\":\"CommentAction\",\"name\":\"Comment\",\"target\":[\"https:\\\/\\\/jblanz.de\\\/WP\\\/15-maerz-2025-ebro-delta\\\/#respond\"]}]},{\"@type\":\"WebPage\",\"@id\":\"https:\\\/\\\/jblanz.de\\\/WP\\\/15-maerz-2025-ebro-delta\\\/\",\"url\":\"https:\\\/\\\/jblanz.de\\\/WP\\\/15-maerz-2025-ebro-delta\\\/\",\"name\":\"15. M\u00e4rz 2025 - Ebro-Delta - Reiseblog von Karin &amp; Joachim\",\"isPartOf\":{\"@id\":\"https:\\\/\\\/jblanz.de\\\/WP\\\/#website\"},\"primaryImageOfPage\":{\"@id\":\"https:\\\/\\\/jblanz.de\\\/WP\\\/15-maerz-2025-ebro-delta\\\/#primaryimage\"},\"image\":{\"@id\":\"https:\\\/\\\/jblanz.de\\\/WP\\\/15-maerz-2025-ebro-delta\\\/#primaryimage\"},\"thumbnailUrl\":\"https:\\\/\\\/jblanz.de\\\/WP\\\/wp-content\\\/uploads\\\/2025\\\/03\\\/25Spanien-3224-scaled.jpg\",\"datePublished\":\"2025-03-15T17:43:38+00:00\",\"dateModified\":\"2025-03-16T08:12:33+00:00\",\"breadcrumb\":{\"@id\":\"https:\\\/\\\/jblanz.de\\\/WP\\\/15-maerz-2025-ebro-delta\\\/#breadcrumb\"},\"inLanguage\":\"de\",\"potentialAction\":[{\"@type\":\"ReadAction\",\"target\":[\"https:\\\/\\\/jblanz.de\\\/WP\\\/15-maerz-2025-ebro-delta\\\/\"]}]},{\"@type\":\"ImageObject\",\"inLanguage\":\"de\",\"@id\":\"https:\\\/\\\/jblanz.de\\\/WP\\\/15-maerz-2025-ebro-delta\\\/#primaryimage\",\"url\":\"https:\\\/\\\/jblanz.de\\\/WP\\\/wp-content\\\/uploads\\\/2025\\\/03\\\/25Spanien-3224-scaled.jpg\",\"contentUrl\":\"https:\\\/\\\/jblanz.de\\\/WP\\\/wp-content\\\/uploads\\\/2025\\\/03\\\/25Spanien-3224-scaled.jpg\",\"width\":2560,\"height\":1440},{\"@type\":\"BreadcrumbList\",\"@id\":\"https:\\\/\\\/jblanz.de\\\/WP\\\/15-maerz-2025-ebro-delta\\\/#breadcrumb\",\"itemListElement\":[{\"@type\":\"ListItem\",\"position\":1,\"name\":\"Startseite\",\"item\":\"https:\\\/\\\/jblanz.de\\\/WP\\\/\"},{\"@type\":\"ListItem\",\"position\":2,\"name\":\"15. M\u00e4rz 2025 &#8211; Ebro-Delta\"}]},{\"@type\":\"WebSite\",\"@id\":\"https:\\\/\\\/jblanz.de\\\/WP\\\/#website\",\"url\":\"https:\\\/\\\/jblanz.de\\\/WP\\\/\",\"name\":\"Reiseblog von Karin & Joachim\",\"description\":\"Wir schreiben den Blog f\u00fcr uns als Erinnerung - f\u00fcr euch als Inspiration\",\"publisher\":{\"@id\":\"https:\\\/\\\/jblanz.de\\\/WP\\\/#\\\/schema\\\/person\\\/17a70f07162e42bc0b181c22397286e0\"},\"potentialAction\":[{\"@type\":\"SearchAction\",\"target\":{\"@type\":\"EntryPoint\",\"urlTemplate\":\"https:\\\/\\\/jblanz.de\\\/WP\\\/?s={search_term_string}\"},\"query-input\":{\"@type\":\"PropertyValueSpecification\",\"valueRequired\":true,\"valueName\":\"search_term_string\"}}],\"inLanguage\":\"de\"},{\"@type\":[\"Person\",\"Organization\"],\"@id\":\"https:\\\/\\\/jblanz.de\\\/WP\\\/#\\\/schema\\\/person\\\/17a70f07162e42bc0b181c22397286e0\",\"name\":\"Achim\",\"image\":{\"@type\":\"ImageObject\",\"inLanguage\":\"de\",\"@id\":\"https:\\\/\\\/secure.gravatar.com\\\/avatar\\\/b7ab31bc55956af4a9bebf7fd034761212b11b803b7e39464914d6abeefb12f3?s=96&d=mm&r=g\",\"url\":\"https:\\\/\\\/secure.gravatar.com\\\/avatar\\\/b7ab31bc55956af4a9bebf7fd034761212b11b803b7e39464914d6abeefb12f3?s=96&d=mm&r=g\",\"contentUrl\":\"https:\\\/\\\/secure.gravatar.com\\\/avatar\\\/b7ab31bc55956af4a9bebf7fd034761212b11b803b7e39464914d6abeefb12f3?s=96&d=mm&r=g\",\"caption\":\"Achim\"},\"logo\":{\"@id\":\"https:\\\/\\\/secure.gravatar.com\\\/avatar\\\/b7ab31bc55956af4a9bebf7fd034761212b11b803b7e39464914d6abeefb12f3?s=96&d=mm&r=g\"},\"url\":\"https:\\\/\\\/jblanz.de\\\/WP\\\/author\\\/achim\\\/\"}]}<\/script>\n<!-- \/ Yoast SEO plugin. -->","yoast_head_json":{"title":"15. M\u00e4rz 2025 - Ebro-Delta - Reiseblog von Karin &amp; Joachim","robots":{"index":"index","follow":"follow","max-snippet":"max-snippet:-1","max-image-preview":"max-image-preview:large","max-video-preview":"max-video-preview:-1"},"canonical":"https:\/\/jblanz.de\/WP\/15-maerz-2025-ebro-delta\/","og_locale":"de_DE","og_type":"article","og_title":"15. M\u00e4rz 2025 - Ebro-Delta - Reiseblog von Karin &amp; Joachim","og_description":"Nachdem es gestern den ganzen Tag geregnet hatte, wurde es \u00fcber Nacht klar und wir wachten mit blauem Himmel und","og_url":"https:\/\/jblanz.de\/WP\/15-maerz-2025-ebro-delta\/","og_site_name":"Reiseblog von Karin &amp; Joachim","article_published_time":"2025-03-15T17:43:38+00:00","article_modified_time":"2025-03-16T08:12:33+00:00","og_image":[{"width":2560,"height":1440,"url":"https:\/\/jblanz.de\/WP\/wp-content\/uploads\/2025\/03\/25Spanien-3224-scaled.jpg","type":"image\/jpeg"}],"author":"Achim","twitter_card":"summary_large_image","twitter_misc":{"Verfasst von":"Achim","Gesch\u00e4tzte Lesezeit":"12\u00a0Minuten"},"schema":{"@context":"https:\/\/schema.org","@graph":[{"@type":"Article","@id":"https:\/\/jblanz.de\/WP\/15-maerz-2025-ebro-delta\/#article","isPartOf":{"@id":"https:\/\/jblanz.de\/WP\/15-maerz-2025-ebro-delta\/"},"author":{"name":"Achim","@id":"https:\/\/jblanz.de\/WP\/#\/schema\/person\/17a70f07162e42bc0b181c22397286e0"},"headline":"15. M\u00e4rz 2025 &#8211; Ebro-Delta","datePublished":"2025-03-15T17:43:38+00:00","dateModified":"2025-03-16T08:12:33+00:00","mainEntityOfPage":{"@id":"https:\/\/jblanz.de\/WP\/15-maerz-2025-ebro-delta\/"},"wordCount":428,"commentCount":0,"publisher":{"@id":"https:\/\/jblanz.de\/WP\/#\/schema\/person\/17a70f07162e42bc0b181c22397286e0"},"image":{"@id":"https:\/\/jblanz.de\/WP\/15-maerz-2025-ebro-delta\/#primaryimage"},"thumbnailUrl":"https:\/\/jblanz.de\/WP\/wp-content\/uploads\/2025\/03\/25Spanien-3224-scaled.jpg","articleSection":["2020+","2025","2025","Europa","Jahr","K-Z","Spanien"],"inLanguage":"de","potentialAction":[{"@type":"CommentAction","name":"Comment","target":["https:\/\/jblanz.de\/WP\/15-maerz-2025-ebro-delta\/#respond"]}]},{"@type":"WebPage","@id":"https:\/\/jblanz.de\/WP\/15-maerz-2025-ebro-delta\/","url":"https:\/\/jblanz.de\/WP\/15-maerz-2025-ebro-delta\/","name":"15. M\u00e4rz 2025 - Ebro-Delta - Reiseblog von Karin &amp; Joachim","isPartOf":{"@id":"https:\/\/jblanz.de\/WP\/#website"},"primaryImageOfPage":{"@id":"https:\/\/jblanz.de\/WP\/15-maerz-2025-ebro-delta\/#primaryimage"},"image":{"@id":"https:\/\/jblanz.de\/WP\/15-maerz-2025-ebro-delta\/#primaryimage"},"thumbnailUrl":"https:\/\/jblanz.de\/WP\/wp-content\/uploads\/2025\/03\/25Spanien-3224-scaled.jpg","datePublished":"2025-03-15T17:43:38+00:00","dateModified":"2025-03-16T08:12:33+00:00","breadcrumb":{"@id":"https:\/\/jblanz.de\/WP\/15-maerz-2025-ebro-delta\/#breadcrumb"},"inLanguage":"de","potentialAction":[{"@type":"ReadAction","target":["https:\/\/jblanz.de\/WP\/15-maerz-2025-ebro-delta\/"]}]},{"@type":"ImageObject","inLanguage":"de","@id":"https:\/\/jblanz.de\/WP\/15-maerz-2025-ebro-delta\/#primaryimage","url":"https:\/\/jblanz.de\/WP\/wp-content\/uploads\/2025\/03\/25Spanien-3224-scaled.jpg","contentUrl":"https:\/\/jblanz.de\/WP\/wp-content\/uploads\/2025\/03\/25Spanien-3224-scaled.jpg","width":2560,"height":1440},{"@type":"BreadcrumbList","@id":"https:\/\/jblanz.de\/WP\/15-maerz-2025-ebro-delta\/#breadcrumb","itemListElement":[{"@type":"ListItem","position":1,"name":"Startseite","item":"https:\/\/jblanz.de\/WP\/"},{"@type":"ListItem","position":2,"name":"15. M\u00e4rz 2025 &#8211; Ebro-Delta"}]},{"@type":"WebSite","@id":"https:\/\/jblanz.de\/WP\/#website","url":"https:\/\/jblanz.de\/WP\/","name":"Reiseblog von Karin & Joachim","description":"Wir schreiben den Blog f\u00fcr uns als Erinnerung - f\u00fcr euch als Inspiration","publisher":{"@id":"https:\/\/jblanz.de\/WP\/#\/schema\/person\/17a70f07162e42bc0b181c22397286e0"},"potentialAction":[{"@type":"SearchAction","target":{"@type":"EntryPoint","urlTemplate":"https:\/\/jblanz.de\/WP\/?s={search_term_string}"},"query-input":{"@type":"PropertyValueSpecification","valueRequired":true,"valueName":"search_term_string"}}],"inLanguage":"de"},{"@type":["Person","Organization"],"@id":"https:\/\/jblanz.de\/WP\/#\/schema\/person\/17a70f07162e42bc0b181c22397286e0","name":"Achim","image":{"@type":"ImageObject","inLanguage":"de","@id":"https:\/\/secure.gravatar.com\/avatar\/b7ab31bc55956af4a9bebf7fd034761212b11b803b7e39464914d6abeefb12f3?s=96&d=mm&r=g","url":"https:\/\/secure.gravatar.com\/avatar\/b7ab31bc55956af4a9bebf7fd034761212b11b803b7e39464914d6abeefb12f3?s=96&d=mm&r=g","contentUrl":"https:\/\/secure.gravatar.com\/avatar\/b7ab31bc55956af4a9bebf7fd034761212b11b803b7e39464914d6abeefb12f3?s=96&d=mm&r=g","caption":"Achim"},"logo":{"@id":"https:\/\/secure.gravatar.com\/avatar\/b7ab31bc55956af4a9bebf7fd034761212b11b803b7e39464914d6abeefb12f3?s=96&d=mm&r=g"},"url":"https:\/\/jblanz.de\/WP\/author\/achim\/"}]}},"_links":{"self":[{"href":"https:\/\/jblanz.de\/WP\/wp-json\/wp\/v2\/posts\/27231","targetHints":{"allow":["GET"]}}],"collection":[{"href":"https:\/\/jblanz.de\/WP\/wp-json\/wp\/v2\/posts"}],"about":[{"href":"https:\/\/jblanz.de\/WP\/wp-json\/wp\/v2\/types\/post"}],"author":[{"embeddable":true,"href":"https:\/\/jblanz.de\/WP\/wp-json\/wp\/v2\/users\/1"}],"replies":[{"embeddable":true,"href":"https:\/\/jblanz.de\/WP\/wp-json\/wp\/v2\/comments?post=27231"}],"version-history":[{"count":0,"href":"https:\/\/jblanz.de\/WP\/wp-json\/wp\/v2\/posts\/27231\/revisions"}],"wp:featuredmedia":[{"embeddable":true,"href":"https:\/\/jblanz.de\/WP\/wp-json\/wp\/v2\/media\/27239"}],"wp:attachment":[{"href":"https:\/\/jblanz.de\/WP\/wp-json\/wp\/v2\/media?parent=27231"}],"wp:term":[{"taxonomy":"category","embeddable":true,"href":"https:\/\/jblanz.de\/WP\/wp-json\/wp\/v2\/categories?post=27231"},{"taxonomy":"post_tag","embeddable":true,"href":"https:\/\/jblanz.de\/WP\/wp-json\/wp\/v2\/tags?post=27231"}],"curies":[{"name":"wp","href":"https:\/\/api.w.org\/{rel}","templated":true}]}}