{"id":27503,"date":"2025-05-09T21:04:32","date_gmt":"2025-05-09T19:04:32","guid":{"rendered":"https:\/\/jblanz.de\/WP\/?p=27503"},"modified":"2025-05-09T23:26:16","modified_gmt":"2025-05-09T21:26:16","slug":"07-09-mai-2025-reise-zur-donau-bei-ybbs","status":"publish","type":"post","link":"https:\/\/jblanz.de\/WP\/07-09-mai-2025-reise-zur-donau-bei-ybbs\/","title":{"rendered":"07. &#8211; 09. Mai 2025 &#8211; Reise zur Donau bei Ybbs"},"content":{"rendered":"\n<p>Am 07. Mai fuhren wir nach Wangen und besuchten Uschi. Zu einem sehr sch\u00f6nen Abendessen kamen auch Tine und Micha und so wurde es ein langer Abend. Am n\u00e4chsten Morgen fuhren wir Richtung Geblatsried, um Christel, Gert, Julie, Lotta und Mattea zu besuchen. Unterwegs besuchten wir noch die Rapunzelwelt in Legau, kauften nat\u00fcrlich einige &#8222;Kleinigkeiten&#8220; ein und a\u00dfen in der Cafeteria sehr leckere Pizza. Hinter dem Haupthaus waren ein sch\u00f6ner Spielplatz und ein Tropenhaus, in dem Pflanzen gezeigt wurden, die wir als Fr\u00fcchte und Gew\u00fcrze kennen.<\/p>\n\n\n\n<figure class=\"wp-block-gallery has-nested-images columns-2 is-cropped wp-block-gallery-2 is-layout-flex wp-block-gallery-is-layout-flex\">\n<figure class=\"wp-block-image size-full\"><img loading=\"lazy\" decoding=\"async\" width=\"2560\" height=\"1440\" data-id=\"27511\" src=\"https:\/\/jblanz.de\/WP\/wp-content\/uploads\/2025\/05\/25Slowakei-3-scaled.jpg\" alt=\"\" class=\"wp-image-27511\" srcset=\"https:\/\/jblanz.de\/WP\/wp-content\/uploads\/2025\/05\/25Slowakei-3-scaled.jpg 2560w, https:\/\/jblanz.de\/WP\/wp-content\/uploads\/2025\/05\/25Slowakei-3-300x169.jpg 300w, https:\/\/jblanz.de\/WP\/wp-content\/uploads\/2025\/05\/25Slowakei-3-1024x576.jpg 1024w, https:\/\/jblanz.de\/WP\/wp-content\/uploads\/2025\/05\/25Slowakei-3-768x432.jpg 768w, https:\/\/jblanz.de\/WP\/wp-content\/uploads\/2025\/05\/25Slowakei-3-1536x864.jpg 1536w, https:\/\/jblanz.de\/WP\/wp-content\/uploads\/2025\/05\/25Slowakei-3-2048x1152.jpg 2048w\" sizes=\"auto, (max-width: 2560px) 100vw, 2560px\" \/><\/figure>\n\n\n\n<figure class=\"wp-block-image size-full\"><img loading=\"lazy\" decoding=\"async\" width=\"2560\" height=\"1440\" data-id=\"27513\" src=\"https:\/\/jblanz.de\/WP\/wp-content\/uploads\/2025\/05\/25Slowakei-1-scaled.jpg\" alt=\"\" class=\"wp-image-27513\" srcset=\"https:\/\/jblanz.de\/WP\/wp-content\/uploads\/2025\/05\/25Slowakei-1-scaled.jpg 2560w, https:\/\/jblanz.de\/WP\/wp-content\/uploads\/2025\/05\/25Slowakei-1-300x169.jpg 300w, https:\/\/jblanz.de\/WP\/wp-content\/uploads\/2025\/05\/25Slowakei-1-1024x576.jpg 1024w, https:\/\/jblanz.de\/WP\/wp-content\/uploads\/2025\/05\/25Slowakei-1-768x432.jpg 768w, https:\/\/jblanz.de\/WP\/wp-content\/uploads\/2025\/05\/25Slowakei-1-1536x864.jpg 1536w, https:\/\/jblanz.de\/WP\/wp-content\/uploads\/2025\/05\/25Slowakei-1-2048x1152.jpg 2048w\" sizes=\"auto, (max-width: 2560px) 100vw, 2560px\" \/><\/figure>\n\n\n\n<figure class=\"wp-block-image size-full\"><img loading=\"lazy\" decoding=\"async\" width=\"2560\" height=\"1440\" data-id=\"27512\" src=\"https:\/\/jblanz.de\/WP\/wp-content\/uploads\/2025\/05\/25Slowakei-4-scaled.jpg\" alt=\"\" class=\"wp-image-27512\" srcset=\"https:\/\/jblanz.de\/WP\/wp-content\/uploads\/2025\/05\/25Slowakei-4-scaled.jpg 2560w, https:\/\/jblanz.de\/WP\/wp-content\/uploads\/2025\/05\/25Slowakei-4-300x169.jpg 300w, https:\/\/jblanz.de\/WP\/wp-content\/uploads\/2025\/05\/25Slowakei-4-1024x576.jpg 1024w, https:\/\/jblanz.de\/WP\/wp-content\/uploads\/2025\/05\/25Slowakei-4-768x432.jpg 768w, https:\/\/jblanz.de\/WP\/wp-content\/uploads\/2025\/05\/25Slowakei-4-1536x864.jpg 1536w, https:\/\/jblanz.de\/WP\/wp-content\/uploads\/2025\/05\/25Slowakei-4-2048x1152.jpg 2048w\" sizes=\"auto, (max-width: 2560px) 100vw, 2560px\" \/><\/figure>\n\n\n\n<figure class=\"wp-block-image size-full\"><img loading=\"lazy\" decoding=\"async\" width=\"2560\" height=\"1440\" data-id=\"27515\" src=\"https:\/\/jblanz.de\/WP\/wp-content\/uploads\/2025\/05\/25Slowakei-5-scaled.jpg\" alt=\"\" class=\"wp-image-27515\" srcset=\"https:\/\/jblanz.de\/WP\/wp-content\/uploads\/2025\/05\/25Slowakei-5-scaled.jpg 2560w, https:\/\/jblanz.de\/WP\/wp-content\/uploads\/2025\/05\/25Slowakei-5-300x169.jpg 300w, https:\/\/jblanz.de\/WP\/wp-content\/uploads\/2025\/05\/25Slowakei-5-1024x576.jpg 1024w, https:\/\/jblanz.de\/WP\/wp-content\/uploads\/2025\/05\/25Slowakei-5-768x432.jpg 768w, https:\/\/jblanz.de\/WP\/wp-content\/uploads\/2025\/05\/25Slowakei-5-1536x864.jpg 1536w, https:\/\/jblanz.de\/WP\/wp-content\/uploads\/2025\/05\/25Slowakei-5-2048x1152.jpg 2048w\" sizes=\"auto, (max-width: 2560px) 100vw, 2560px\" \/><\/figure>\n\n\n\n<figure class=\"wp-block-image size-full\"><img loading=\"lazy\" decoding=\"async\" width=\"2560\" height=\"1440\" data-id=\"27514\" src=\"https:\/\/jblanz.de\/WP\/wp-content\/uploads\/2025\/05\/25Slowakei-2-scaled.jpg\" alt=\"\" class=\"wp-image-27514\" srcset=\"https:\/\/jblanz.de\/WP\/wp-content\/uploads\/2025\/05\/25Slowakei-2-scaled.jpg 2560w, https:\/\/jblanz.de\/WP\/wp-content\/uploads\/2025\/05\/25Slowakei-2-300x169.jpg 300w, https:\/\/jblanz.de\/WP\/wp-content\/uploads\/2025\/05\/25Slowakei-2-1024x576.jpg 1024w, https:\/\/jblanz.de\/WP\/wp-content\/uploads\/2025\/05\/25Slowakei-2-768x432.jpg 768w, https:\/\/jblanz.de\/WP\/wp-content\/uploads\/2025\/05\/25Slowakei-2-1536x864.jpg 1536w, https:\/\/jblanz.de\/WP\/wp-content\/uploads\/2025\/05\/25Slowakei-2-2048x1152.jpg 2048w\" sizes=\"auto, (max-width: 2560px) 100vw, 2560px\" \/><\/figure>\n<\/figure>\n\n\n\n<p>In Geblatried war es nachts ziemlich kalt. Im Bus waren nur noch 6 \u00b0C und ausserhalb waren es wohl nur noch 3 \u00b0C. Die Wettervorhersage sagte f\u00fcr die n\u00e4chste Nacht Temperaturen in Steinen um den Gefrierpunkt voraus. Wir mussten daher die Familie Goy bitten, die vorgezogenen Tomaten und Physalis in den Keller zu r\u00e4umen. Wir selbst fuhren bei leichtem Regen los Richtung Mondsee und Attersee. Nach 2 Staus wegen Baustellen auf der A8, bei denen wir jeweils mehr als 30 Minuten im Schritttempo vorw\u00e4rts zuckelten, waren wir um 14:30 Uhr am Mondsee, machten eine Vesperpause. Glasklares Wasser, aber leider waren an unserem Parkplatz alle Zug\u00e4nge zum See Privateigentum und mit Vorh\u00e4ngeschl\u00f6ssern gesichert.<\/p>\n\n\n\n<figure class=\"wp-block-gallery has-nested-images columns-2 is-cropped wp-block-gallery-3 is-layout-flex wp-block-gallery-is-layout-flex\">\n<figure class=\"wp-block-image size-full\"><img loading=\"lazy\" decoding=\"async\" width=\"2560\" height=\"1440\" data-id=\"27524\" src=\"https:\/\/jblanz.de\/WP\/wp-content\/uploads\/2025\/05\/25Slowakei-6-scaled.jpg\" alt=\"\" class=\"wp-image-27524\" srcset=\"https:\/\/jblanz.de\/WP\/wp-content\/uploads\/2025\/05\/25Slowakei-6-scaled.jpg 2560w, https:\/\/jblanz.de\/WP\/wp-content\/uploads\/2025\/05\/25Slowakei-6-300x169.jpg 300w, https:\/\/jblanz.de\/WP\/wp-content\/uploads\/2025\/05\/25Slowakei-6-1024x576.jpg 1024w, https:\/\/jblanz.de\/WP\/wp-content\/uploads\/2025\/05\/25Slowakei-6-768x432.jpg 768w, https:\/\/jblanz.de\/WP\/wp-content\/uploads\/2025\/05\/25Slowakei-6-1536x864.jpg 1536w, https:\/\/jblanz.de\/WP\/wp-content\/uploads\/2025\/05\/25Slowakei-6-2048x1152.jpg 2048w\" sizes=\"auto, (max-width: 2560px) 100vw, 2560px\" \/><\/figure>\n\n\n\n<figure class=\"wp-block-image size-full\"><img loading=\"lazy\" decoding=\"async\" width=\"2560\" height=\"1440\" data-id=\"27526\" src=\"https:\/\/jblanz.de\/WP\/wp-content\/uploads\/2025\/05\/25Slowakei-9-scaled.jpg\" alt=\"\" class=\"wp-image-27526\" srcset=\"https:\/\/jblanz.de\/WP\/wp-content\/uploads\/2025\/05\/25Slowakei-9-scaled.jpg 2560w, https:\/\/jblanz.de\/WP\/wp-content\/uploads\/2025\/05\/25Slowakei-9-300x169.jpg 300w, https:\/\/jblanz.de\/WP\/wp-content\/uploads\/2025\/05\/25Slowakei-9-1024x576.jpg 1024w, https:\/\/jblanz.de\/WP\/wp-content\/uploads\/2025\/05\/25Slowakei-9-768x432.jpg 768w, https:\/\/jblanz.de\/WP\/wp-content\/uploads\/2025\/05\/25Slowakei-9-1536x864.jpg 1536w, https:\/\/jblanz.de\/WP\/wp-content\/uploads\/2025\/05\/25Slowakei-9-2048x1152.jpg 2048w\" sizes=\"auto, (max-width: 2560px) 100vw, 2560px\" \/><\/figure>\n\n\n\n<figure class=\"wp-block-image size-full\"><img loading=\"lazy\" decoding=\"async\" width=\"2466\" height=\"1387\" data-id=\"27523\" src=\"https:\/\/jblanz.de\/WP\/wp-content\/uploads\/2025\/05\/25Slowakei-11.jpg\" alt=\"\" class=\"wp-image-27523\" srcset=\"https:\/\/jblanz.de\/WP\/wp-content\/uploads\/2025\/05\/25Slowakei-11.jpg 2466w, https:\/\/jblanz.de\/WP\/wp-content\/uploads\/2025\/05\/25Slowakei-11-300x169.jpg 300w, https:\/\/jblanz.de\/WP\/wp-content\/uploads\/2025\/05\/25Slowakei-11-1024x576.jpg 1024w, https:\/\/jblanz.de\/WP\/wp-content\/uploads\/2025\/05\/25Slowakei-11-768x432.jpg 768w, https:\/\/jblanz.de\/WP\/wp-content\/uploads\/2025\/05\/25Slowakei-11-1536x864.jpg 1536w, https:\/\/jblanz.de\/WP\/wp-content\/uploads\/2025\/05\/25Slowakei-11-2048x1152.jpg 2048w\" sizes=\"auto, (max-width: 2466px) 100vw, 2466px\" \/><\/figure>\n\n\n\n<figure class=\"wp-block-image size-full\"><img loading=\"lazy\" decoding=\"async\" width=\"2560\" height=\"1440\" data-id=\"27525\" src=\"https:\/\/jblanz.de\/WP\/wp-content\/uploads\/2025\/05\/25Slowakei-10-scaled.jpg\" alt=\"\" class=\"wp-image-27525\" srcset=\"https:\/\/jblanz.de\/WP\/wp-content\/uploads\/2025\/05\/25Slowakei-10-scaled.jpg 2560w, https:\/\/jblanz.de\/WP\/wp-content\/uploads\/2025\/05\/25Slowakei-10-300x169.jpg 300w, https:\/\/jblanz.de\/WP\/wp-content\/uploads\/2025\/05\/25Slowakei-10-1024x576.jpg 1024w, https:\/\/jblanz.de\/WP\/wp-content\/uploads\/2025\/05\/25Slowakei-10-768x432.jpg 768w, https:\/\/jblanz.de\/WP\/wp-content\/uploads\/2025\/05\/25Slowakei-10-1536x864.jpg 1536w, https:\/\/jblanz.de\/WP\/wp-content\/uploads\/2025\/05\/25Slowakei-10-2048x1152.jpg 2048w\" sizes=\"auto, (max-width: 2560px) 100vw, 2560px\" \/><\/figure>\n\n\n\n<figure class=\"wp-block-image size-full\"><img loading=\"lazy\" decoding=\"async\" width=\"2560\" height=\"1440\" data-id=\"27527\" src=\"https:\/\/jblanz.de\/WP\/wp-content\/uploads\/2025\/05\/25Slowakei-8-scaled.jpg\" alt=\"\" class=\"wp-image-27527\" srcset=\"https:\/\/jblanz.de\/WP\/wp-content\/uploads\/2025\/05\/25Slowakei-8-scaled.jpg 2560w, https:\/\/jblanz.de\/WP\/wp-content\/uploads\/2025\/05\/25Slowakei-8-300x169.jpg 300w, https:\/\/jblanz.de\/WP\/wp-content\/uploads\/2025\/05\/25Slowakei-8-1024x576.jpg 1024w, https:\/\/jblanz.de\/WP\/wp-content\/uploads\/2025\/05\/25Slowakei-8-768x432.jpg 768w, https:\/\/jblanz.de\/WP\/wp-content\/uploads\/2025\/05\/25Slowakei-8-1536x864.jpg 1536w, https:\/\/jblanz.de\/WP\/wp-content\/uploads\/2025\/05\/25Slowakei-8-2048x1152.jpg 2048w\" sizes=\"auto, (max-width: 2560px) 100vw, 2560px\" \/><\/figure>\n<\/figure>\n\n\n\n<p>Der Himmel wurde etwas heller und als wir am rechten Ufer des Attersees entlang fuhren, gab es erste blaue Stellen am Himmel. Am Ufer des Attersees sahen wir eine Gruppe von Tauchern, die sich gerade f\u00fcr einen Tauchgang vorbereiteten. <\/p>\n\n\n\n<figure class=\"wp-block-gallery has-nested-images columns-2 is-cropped wp-block-gallery-4 is-layout-flex wp-block-gallery-is-layout-flex\">\n<figure class=\"wp-block-image size-full\"><img loading=\"lazy\" decoding=\"async\" width=\"2560\" height=\"1440\" data-id=\"27529\" src=\"https:\/\/jblanz.de\/WP\/wp-content\/uploads\/2025\/05\/25Slowakei-13-scaled.jpg\" alt=\"\" class=\"wp-image-27529\" srcset=\"https:\/\/jblanz.de\/WP\/wp-content\/uploads\/2025\/05\/25Slowakei-13-scaled.jpg 2560w, https:\/\/jblanz.de\/WP\/wp-content\/uploads\/2025\/05\/25Slowakei-13-300x169.jpg 300w, https:\/\/jblanz.de\/WP\/wp-content\/uploads\/2025\/05\/25Slowakei-13-1024x576.jpg 1024w, https:\/\/jblanz.de\/WP\/wp-content\/uploads\/2025\/05\/25Slowakei-13-768x432.jpg 768w, https:\/\/jblanz.de\/WP\/wp-content\/uploads\/2025\/05\/25Slowakei-13-1536x864.jpg 1536w, https:\/\/jblanz.de\/WP\/wp-content\/uploads\/2025\/05\/25Slowakei-13-2048x1152.jpg 2048w\" sizes=\"auto, (max-width: 2560px) 100vw, 2560px\" \/><\/figure>\n\n\n\n<figure class=\"wp-block-image size-full\"><img loading=\"lazy\" decoding=\"async\" width=\"2560\" height=\"1440\" data-id=\"27530\" src=\"https:\/\/jblanz.de\/WP\/wp-content\/uploads\/2025\/05\/25Slowakei-12-scaled.jpg\" alt=\"\" class=\"wp-image-27530\" srcset=\"https:\/\/jblanz.de\/WP\/wp-content\/uploads\/2025\/05\/25Slowakei-12-scaled.jpg 2560w, https:\/\/jblanz.de\/WP\/wp-content\/uploads\/2025\/05\/25Slowakei-12-300x169.jpg 300w, https:\/\/jblanz.de\/WP\/wp-content\/uploads\/2025\/05\/25Slowakei-12-1024x576.jpg 1024w, https:\/\/jblanz.de\/WP\/wp-content\/uploads\/2025\/05\/25Slowakei-12-768x432.jpg 768w, https:\/\/jblanz.de\/WP\/wp-content\/uploads\/2025\/05\/25Slowakei-12-1536x864.jpg 1536w, https:\/\/jblanz.de\/WP\/wp-content\/uploads\/2025\/05\/25Slowakei-12-2048x1152.jpg 2048w\" sizes=\"auto, (max-width: 2560px) 100vw, 2560px\" \/><\/figure>\n<\/figure>\n\n\n\n<p>Auf der Autobahn Richtung Wien h\u00f6rte der Regen dann vollst\u00e4ndig auf und wir genossen blauen Himmel. An der Ausfahrt Ybbs verliessen wir die Autobahn und fuhren zum Camping Marbach, einem kleine Camping direkt an der Donau (Ankunft 18:30 Uhr). Wir bekamen sogar einen Stellplatz mit unverstellbarem Blick auf den Fluss und kochten uns noch Spaghetti zum Abendessen.<\/p>\n\n\n\n<figure class=\"wp-block-image size-full\"><img loading=\"lazy\" decoding=\"async\" width=\"1600\" height=\"900\" src=\"https:\/\/jblanz.de\/WP\/wp-content\/uploads\/2025\/05\/25Slowakei-14.jpg\" alt=\"\" class=\"wp-image-27528\" srcset=\"https:\/\/jblanz.de\/WP\/wp-content\/uploads\/2025\/05\/25Slowakei-14.jpg 1600w, https:\/\/jblanz.de\/WP\/wp-content\/uploads\/2025\/05\/25Slowakei-14-300x169.jpg 300w, https:\/\/jblanz.de\/WP\/wp-content\/uploads\/2025\/05\/25Slowakei-14-1024x576.jpg 1024w, https:\/\/jblanz.de\/WP\/wp-content\/uploads\/2025\/05\/25Slowakei-14-768x432.jpg 768w, https:\/\/jblanz.de\/WP\/wp-content\/uploads\/2025\/05\/25Slowakei-14-1536x864.jpg 1536w\" sizes=\"auto, (max-width: 1600px) 100vw, 1600px\" \/><\/figure>\n","protected":false},"excerpt":{"rendered":"<p>Am 07. Mai fuhren wir nach Wangen und besuchten Uschi. Zu einem sehr sch\u00f6nen Abendessen kamen auch Tine und Micha<\/p>\n","protected":false},"author":1,"featured_media":27511,"comment_status":"open","ping_status":"open","sticky":false,"template":"","format":"standard","meta":{"colormag_page_container_layout":"default_layout","colormag_page_sidebar_layout":"default_layout","_monsterinsights_skip_tracking":false,"_monsterinsights_sitenote_active":false,"_monsterinsights_sitenote_note":"","_monsterinsights_sitenote_category":0,"footnotes":""},"categories":[269,314,315,159,268,307,318],"tags":[],"class_list":["post-27503","post","type-post","status-publish","format-standard","has-post-thumbnail","hentry","category-2020-jahr","category-314","category-2025-2020-jahr","category-europa","category-jahr","category-k-z","category-oesterreich"],"yoast_head":"<!-- This site is optimized with the Yoast SEO plugin v27.4 - https:\/\/yoast.com\/product\/yoast-seo-wordpress\/ -->\n<title>07. - 09. Mai 2025 - Reise zur Donau bei Ybbs - Reiseblog von Karin &amp; Joachim<\/title>\n<meta name=\"robots\" content=\"index, follow, max-snippet:-1, max-image-preview:large, max-video-preview:-1\" \/>\n<link rel=\"canonical\" href=\"https:\/\/jblanz.de\/WP\/07-09-mai-2025-reise-zur-donau-bei-ybbs\/\" \/>\n<meta property=\"og:locale\" content=\"de_DE\" \/>\n<meta property=\"og:type\" content=\"article\" \/>\n<meta property=\"og:title\" content=\"07. - 09. Mai 2025 - Reise zur Donau bei Ybbs - Reiseblog von Karin &amp; Joachim\" \/>\n<meta property=\"og:description\" content=\"Am 07. Mai fuhren wir nach Wangen und besuchten Uschi. Zu einem sehr sch\u00f6nen Abendessen kamen auch Tine und Micha\" \/>\n<meta property=\"og:url\" content=\"https:\/\/jblanz.de\/WP\/07-09-mai-2025-reise-zur-donau-bei-ybbs\/\" \/>\n<meta property=\"og:site_name\" content=\"Reiseblog von Karin &amp; Joachim\" \/>\n<meta property=\"article:published_time\" content=\"2025-05-09T19:04:32+00:00\" \/>\n<meta property=\"article:modified_time\" content=\"2025-05-09T21:26:16+00:00\" \/>\n<meta property=\"og:image\" content=\"https:\/\/jblanz.de\/WP\/wp-content\/uploads\/2025\/05\/25Slowakei-3-scaled.jpg\" \/>\n\t<meta property=\"og:image:width\" content=\"2560\" \/>\n\t<meta property=\"og:image:height\" content=\"1440\" \/>\n\t<meta property=\"og:image:type\" content=\"image\/jpeg\" \/>\n<meta name=\"author\" content=\"Achim\" \/>\n<meta name=\"twitter:card\" content=\"summary_large_image\" \/>\n<meta name=\"twitter:label1\" content=\"Verfasst von\" \/>\n\t<meta name=\"twitter:data1\" content=\"Achim\" \/>\n\t<meta name=\"twitter:label2\" content=\"Gesch\u00e4tzte Lesezeit\" \/>\n\t<meta name=\"twitter:data2\" content=\"5\u00a0Minuten\" \/>\n<script type=\"application\/ld+json\" class=\"yoast-schema-graph\">{\"@context\":\"https:\\\/\\\/schema.org\",\"@graph\":[{\"@type\":\"Article\",\"@id\":\"https:\\\/\\\/jblanz.de\\\/WP\\\/07-09-mai-2025-reise-zur-donau-bei-ybbs\\\/#article\",\"isPartOf\":{\"@id\":\"https:\\\/\\\/jblanz.de\\\/WP\\\/07-09-mai-2025-reise-zur-donau-bei-ybbs\\\/\"},\"author\":{\"name\":\"Achim\",\"@id\":\"https:\\\/\\\/jblanz.de\\\/WP\\\/#\\\/schema\\\/person\\\/17a70f07162e42bc0b181c22397286e0\"},\"headline\":\"07. &#8211; 09. Mai 2025 &#8211; Reise zur Donau bei Ybbs\",\"datePublished\":\"2025-05-09T19:04:32+00:00\",\"dateModified\":\"2025-05-09T21:26:16+00:00\",\"mainEntityOfPage\":{\"@id\":\"https:\\\/\\\/jblanz.de\\\/WP\\\/07-09-mai-2025-reise-zur-donau-bei-ybbs\\\/\"},\"wordCount\":312,\"commentCount\":0,\"publisher\":{\"@id\":\"https:\\\/\\\/jblanz.de\\\/WP\\\/#\\\/schema\\\/person\\\/17a70f07162e42bc0b181c22397286e0\"},\"image\":{\"@id\":\"https:\\\/\\\/jblanz.de\\\/WP\\\/07-09-mai-2025-reise-zur-donau-bei-ybbs\\\/#primaryimage\"},\"thumbnailUrl\":\"https:\\\/\\\/jblanz.de\\\/WP\\\/wp-content\\\/uploads\\\/2025\\\/05\\\/25Slowakei-3-scaled.jpg\",\"articleSection\":[\"2020+\",\"2025\",\"2025\",\"Europa\",\"Jahr\",\"K-Z\",\"\u00d6sterreich\"],\"inLanguage\":\"de\",\"potentialAction\":[{\"@type\":\"CommentAction\",\"name\":\"Comment\",\"target\":[\"https:\\\/\\\/jblanz.de\\\/WP\\\/07-09-mai-2025-reise-zur-donau-bei-ybbs\\\/#respond\"]}]},{\"@type\":\"WebPage\",\"@id\":\"https:\\\/\\\/jblanz.de\\\/WP\\\/07-09-mai-2025-reise-zur-donau-bei-ybbs\\\/\",\"url\":\"https:\\\/\\\/jblanz.de\\\/WP\\\/07-09-mai-2025-reise-zur-donau-bei-ybbs\\\/\",\"name\":\"07. - 09. Mai 2025 - Reise zur Donau bei Ybbs - Reiseblog von Karin &amp; Joachim\",\"isPartOf\":{\"@id\":\"https:\\\/\\\/jblanz.de\\\/WP\\\/#website\"},\"primaryImageOfPage\":{\"@id\":\"https:\\\/\\\/jblanz.de\\\/WP\\\/07-09-mai-2025-reise-zur-donau-bei-ybbs\\\/#primaryimage\"},\"image\":{\"@id\":\"https:\\\/\\\/jblanz.de\\\/WP\\\/07-09-mai-2025-reise-zur-donau-bei-ybbs\\\/#primaryimage\"},\"thumbnailUrl\":\"https:\\\/\\\/jblanz.de\\\/WP\\\/wp-content\\\/uploads\\\/2025\\\/05\\\/25Slowakei-3-scaled.jpg\",\"datePublished\":\"2025-05-09T19:04:32+00:00\",\"dateModified\":\"2025-05-09T21:26:16+00:00\",\"breadcrumb\":{\"@id\":\"https:\\\/\\\/jblanz.de\\\/WP\\\/07-09-mai-2025-reise-zur-donau-bei-ybbs\\\/#breadcrumb\"},\"inLanguage\":\"de\",\"potentialAction\":[{\"@type\":\"ReadAction\",\"target\":[\"https:\\\/\\\/jblanz.de\\\/WP\\\/07-09-mai-2025-reise-zur-donau-bei-ybbs\\\/\"]}]},{\"@type\":\"ImageObject\",\"inLanguage\":\"de\",\"@id\":\"https:\\\/\\\/jblanz.de\\\/WP\\\/07-09-mai-2025-reise-zur-donau-bei-ybbs\\\/#primaryimage\",\"url\":\"https:\\\/\\\/jblanz.de\\\/WP\\\/wp-content\\\/uploads\\\/2025\\\/05\\\/25Slowakei-3-scaled.jpg\",\"contentUrl\":\"https:\\\/\\\/jblanz.de\\\/WP\\\/wp-content\\\/uploads\\\/2025\\\/05\\\/25Slowakei-3-scaled.jpg\",\"width\":2560,\"height\":1440},{\"@type\":\"BreadcrumbList\",\"@id\":\"https:\\\/\\\/jblanz.de\\\/WP\\\/07-09-mai-2025-reise-zur-donau-bei-ybbs\\\/#breadcrumb\",\"itemListElement\":[{\"@type\":\"ListItem\",\"position\":1,\"name\":\"Startseite\",\"item\":\"https:\\\/\\\/jblanz.de\\\/WP\\\/\"},{\"@type\":\"ListItem\",\"position\":2,\"name\":\"07. &#8211; 09. Mai 2025 &#8211; Reise zur Donau bei Ybbs\"}]},{\"@type\":\"WebSite\",\"@id\":\"https:\\\/\\\/jblanz.de\\\/WP\\\/#website\",\"url\":\"https:\\\/\\\/jblanz.de\\\/WP\\\/\",\"name\":\"Reiseblog von Karin & Joachim\",\"description\":\"Wir schreiben den Blog f\u00fcr uns als Erinnerung - f\u00fcr euch als Inspiration\",\"publisher\":{\"@id\":\"https:\\\/\\\/jblanz.de\\\/WP\\\/#\\\/schema\\\/person\\\/17a70f07162e42bc0b181c22397286e0\"},\"potentialAction\":[{\"@type\":\"SearchAction\",\"target\":{\"@type\":\"EntryPoint\",\"urlTemplate\":\"https:\\\/\\\/jblanz.de\\\/WP\\\/?s={search_term_string}\"},\"query-input\":{\"@type\":\"PropertyValueSpecification\",\"valueRequired\":true,\"valueName\":\"search_term_string\"}}],\"inLanguage\":\"de\"},{\"@type\":[\"Person\",\"Organization\"],\"@id\":\"https:\\\/\\\/jblanz.de\\\/WP\\\/#\\\/schema\\\/person\\\/17a70f07162e42bc0b181c22397286e0\",\"name\":\"Achim\",\"image\":{\"@type\":\"ImageObject\",\"inLanguage\":\"de\",\"@id\":\"https:\\\/\\\/secure.gravatar.com\\\/avatar\\\/b7ab31bc55956af4a9bebf7fd034761212b11b803b7e39464914d6abeefb12f3?s=96&d=mm&r=g\",\"url\":\"https:\\\/\\\/secure.gravatar.com\\\/avatar\\\/b7ab31bc55956af4a9bebf7fd034761212b11b803b7e39464914d6abeefb12f3?s=96&d=mm&r=g\",\"contentUrl\":\"https:\\\/\\\/secure.gravatar.com\\\/avatar\\\/b7ab31bc55956af4a9bebf7fd034761212b11b803b7e39464914d6abeefb12f3?s=96&d=mm&r=g\",\"caption\":\"Achim\"},\"logo\":{\"@id\":\"https:\\\/\\\/secure.gravatar.com\\\/avatar\\\/b7ab31bc55956af4a9bebf7fd034761212b11b803b7e39464914d6abeefb12f3?s=96&d=mm&r=g\"},\"url\":\"https:\\\/\\\/jblanz.de\\\/WP\\\/author\\\/achim\\\/\"}]}<\/script>\n<!-- \/ Yoast SEO plugin. -->","yoast_head_json":{"title":"07. - 09. Mai 2025 - Reise zur Donau bei Ybbs - Reiseblog von Karin &amp; Joachim","robots":{"index":"index","follow":"follow","max-snippet":"max-snippet:-1","max-image-preview":"max-image-preview:large","max-video-preview":"max-video-preview:-1"},"canonical":"https:\/\/jblanz.de\/WP\/07-09-mai-2025-reise-zur-donau-bei-ybbs\/","og_locale":"de_DE","og_type":"article","og_title":"07. - 09. Mai 2025 - Reise zur Donau bei Ybbs - Reiseblog von Karin &amp; Joachim","og_description":"Am 07. Mai fuhren wir nach Wangen und besuchten Uschi. Zu einem sehr sch\u00f6nen Abendessen kamen auch Tine und Micha","og_url":"https:\/\/jblanz.de\/WP\/07-09-mai-2025-reise-zur-donau-bei-ybbs\/","og_site_name":"Reiseblog von Karin &amp; Joachim","article_published_time":"2025-05-09T19:04:32+00:00","article_modified_time":"2025-05-09T21:26:16+00:00","og_image":[{"width":2560,"height":1440,"url":"https:\/\/jblanz.de\/WP\/wp-content\/uploads\/2025\/05\/25Slowakei-3-scaled.jpg","type":"image\/jpeg"}],"author":"Achim","twitter_card":"summary_large_image","twitter_misc":{"Verfasst von":"Achim","Gesch\u00e4tzte Lesezeit":"5\u00a0Minuten"},"schema":{"@context":"https:\/\/schema.org","@graph":[{"@type":"Article","@id":"https:\/\/jblanz.de\/WP\/07-09-mai-2025-reise-zur-donau-bei-ybbs\/#article","isPartOf":{"@id":"https:\/\/jblanz.de\/WP\/07-09-mai-2025-reise-zur-donau-bei-ybbs\/"},"author":{"name":"Achim","@id":"https:\/\/jblanz.de\/WP\/#\/schema\/person\/17a70f07162e42bc0b181c22397286e0"},"headline":"07. &#8211; 09. Mai 2025 &#8211; Reise zur Donau bei Ybbs","datePublished":"2025-05-09T19:04:32+00:00","dateModified":"2025-05-09T21:26:16+00:00","mainEntityOfPage":{"@id":"https:\/\/jblanz.de\/WP\/07-09-mai-2025-reise-zur-donau-bei-ybbs\/"},"wordCount":312,"commentCount":0,"publisher":{"@id":"https:\/\/jblanz.de\/WP\/#\/schema\/person\/17a70f07162e42bc0b181c22397286e0"},"image":{"@id":"https:\/\/jblanz.de\/WP\/07-09-mai-2025-reise-zur-donau-bei-ybbs\/#primaryimage"},"thumbnailUrl":"https:\/\/jblanz.de\/WP\/wp-content\/uploads\/2025\/05\/25Slowakei-3-scaled.jpg","articleSection":["2020+","2025","2025","Europa","Jahr","K-Z","\u00d6sterreich"],"inLanguage":"de","potentialAction":[{"@type":"CommentAction","name":"Comment","target":["https:\/\/jblanz.de\/WP\/07-09-mai-2025-reise-zur-donau-bei-ybbs\/#respond"]}]},{"@type":"WebPage","@id":"https:\/\/jblanz.de\/WP\/07-09-mai-2025-reise-zur-donau-bei-ybbs\/","url":"https:\/\/jblanz.de\/WP\/07-09-mai-2025-reise-zur-donau-bei-ybbs\/","name":"07. - 09. Mai 2025 - Reise zur Donau bei Ybbs - Reiseblog von Karin &amp; Joachim","isPartOf":{"@id":"https:\/\/jblanz.de\/WP\/#website"},"primaryImageOfPage":{"@id":"https:\/\/jblanz.de\/WP\/07-09-mai-2025-reise-zur-donau-bei-ybbs\/#primaryimage"},"image":{"@id":"https:\/\/jblanz.de\/WP\/07-09-mai-2025-reise-zur-donau-bei-ybbs\/#primaryimage"},"thumbnailUrl":"https:\/\/jblanz.de\/WP\/wp-content\/uploads\/2025\/05\/25Slowakei-3-scaled.jpg","datePublished":"2025-05-09T19:04:32+00:00","dateModified":"2025-05-09T21:26:16+00:00","breadcrumb":{"@id":"https:\/\/jblanz.de\/WP\/07-09-mai-2025-reise-zur-donau-bei-ybbs\/#breadcrumb"},"inLanguage":"de","potentialAction":[{"@type":"ReadAction","target":["https:\/\/jblanz.de\/WP\/07-09-mai-2025-reise-zur-donau-bei-ybbs\/"]}]},{"@type":"ImageObject","inLanguage":"de","@id":"https:\/\/jblanz.de\/WP\/07-09-mai-2025-reise-zur-donau-bei-ybbs\/#primaryimage","url":"https:\/\/jblanz.de\/WP\/wp-content\/uploads\/2025\/05\/25Slowakei-3-scaled.jpg","contentUrl":"https:\/\/jblanz.de\/WP\/wp-content\/uploads\/2025\/05\/25Slowakei-3-scaled.jpg","width":2560,"height":1440},{"@type":"BreadcrumbList","@id":"https:\/\/jblanz.de\/WP\/07-09-mai-2025-reise-zur-donau-bei-ybbs\/#breadcrumb","itemListElement":[{"@type":"ListItem","position":1,"name":"Startseite","item":"https:\/\/jblanz.de\/WP\/"},{"@type":"ListItem","position":2,"name":"07. &#8211; 09. Mai 2025 &#8211; Reise zur Donau bei Ybbs"}]},{"@type":"WebSite","@id":"https:\/\/jblanz.de\/WP\/#website","url":"https:\/\/jblanz.de\/WP\/","name":"Reiseblog von Karin & Joachim","description":"Wir schreiben den Blog f\u00fcr uns als Erinnerung - f\u00fcr euch als Inspiration","publisher":{"@id":"https:\/\/jblanz.de\/WP\/#\/schema\/person\/17a70f07162e42bc0b181c22397286e0"},"potentialAction":[{"@type":"SearchAction","target":{"@type":"EntryPoint","urlTemplate":"https:\/\/jblanz.de\/WP\/?s={search_term_string}"},"query-input":{"@type":"PropertyValueSpecification","valueRequired":true,"valueName":"search_term_string"}}],"inLanguage":"de"},{"@type":["Person","Organization"],"@id":"https:\/\/jblanz.de\/WP\/#\/schema\/person\/17a70f07162e42bc0b181c22397286e0","name":"Achim","image":{"@type":"ImageObject","inLanguage":"de","@id":"https:\/\/secure.gravatar.com\/avatar\/b7ab31bc55956af4a9bebf7fd034761212b11b803b7e39464914d6abeefb12f3?s=96&d=mm&r=g","url":"https:\/\/secure.gravatar.com\/avatar\/b7ab31bc55956af4a9bebf7fd034761212b11b803b7e39464914d6abeefb12f3?s=96&d=mm&r=g","contentUrl":"https:\/\/secure.gravatar.com\/avatar\/b7ab31bc55956af4a9bebf7fd034761212b11b803b7e39464914d6abeefb12f3?s=96&d=mm&r=g","caption":"Achim"},"logo":{"@id":"https:\/\/secure.gravatar.com\/avatar\/b7ab31bc55956af4a9bebf7fd034761212b11b803b7e39464914d6abeefb12f3?s=96&d=mm&r=g"},"url":"https:\/\/jblanz.de\/WP\/author\/achim\/"}]}},"_links":{"self":[{"href":"https:\/\/jblanz.de\/WP\/wp-json\/wp\/v2\/posts\/27503","targetHints":{"allow":["GET"]}}],"collection":[{"href":"https:\/\/jblanz.de\/WP\/wp-json\/wp\/v2\/posts"}],"about":[{"href":"https:\/\/jblanz.de\/WP\/wp-json\/wp\/v2\/types\/post"}],"author":[{"embeddable":true,"href":"https:\/\/jblanz.de\/WP\/wp-json\/wp\/v2\/users\/1"}],"replies":[{"embeddable":true,"href":"https:\/\/jblanz.de\/WP\/wp-json\/wp\/v2\/comments?post=27503"}],"version-history":[{"count":0,"href":"https:\/\/jblanz.de\/WP\/wp-json\/wp\/v2\/posts\/27503\/revisions"}],"wp:featuredmedia":[{"embeddable":true,"href":"https:\/\/jblanz.de\/WP\/wp-json\/wp\/v2\/media\/27511"}],"wp:attachment":[{"href":"https:\/\/jblanz.de\/WP\/wp-json\/wp\/v2\/media?parent=27503"}],"wp:term":[{"taxonomy":"category","embeddable":true,"href":"https:\/\/jblanz.de\/WP\/wp-json\/wp\/v2\/categories?post=27503"},{"taxonomy":"post_tag","embeddable":true,"href":"https:\/\/jblanz.de\/WP\/wp-json\/wp\/v2\/tags?post=27503"}],"curies":[{"name":"wp","href":"https:\/\/api.w.org\/{rel}","templated":true}]}}