{"id":27597,"date":"2025-05-12T07:50:51","date_gmt":"2025-05-12T05:50:51","guid":{"rendered":"https:\/\/jblanz.de\/WP\/?p=27597"},"modified":"2025-05-14T20:12:00","modified_gmt":"2025-05-14T18:12:00","slug":"11-mai-2025-weiterfahrt-nach-krems-an-der-donau","status":"publish","type":"post","link":"https:\/\/jblanz.de\/WP\/11-mai-2025-weiterfahrt-nach-krems-an-der-donau\/","title":{"rendered":"11. Mai 2025 &#8211; Weiterfahrt nach Krems an der Donau"},"content":{"rendered":"\n<p>Vor der Abfahrt hatte Karin zum heutigen Muttertag ihre Mutter angerufen, die jedoch nur \u00fcber starke R\u00fcckenschmerzen klagte und uns Sorgen bereitete. Nach dem Fr\u00fchst\u00fcck fuhren wir mit dem Bus steil den Berg hinauf zum Ort Maria Taferl. Zu unserer \u00dcberraschung standen \u00fcberall an der Strasse Autos und alle Parkpl\u00e4tze waren voll. Wir wollten schon weiterfahren, als wir eine Wiese fanden, auf der Autos einparkten. Wie geschaffen f\u00fcr uns, also fuhren ebenfalls rein. Am Eingang stand ein ziemlich beleibter Mann, nur mit Badehose bekleidet und mit einer Flasche Wein in der Hand und meinte, dies w\u00e4re eine private Wiese und das Parken w\u00fcrde 2 \u20ac kosten. Wir k\u00f6nnten aber solange bleiben, wie wir wollten. Kaum geparkt, kam der Typ an und hielt ein Schw\u00e4tzchen mit uns. Er erz\u00e4hlte, dass das Luxushotel Schachner im Ort insolvent sei und alle Leute vermutlich in den n\u00e4chsten Wochen ihre Arbeit verlieren w\u00fcrden. Die Familie Schachner h\u00e4tte Jahrzehnte lang \u00fcber ihre Verh\u00e4ltnisse gelebt und sich im Ort wie K\u00f6nige aufgef\u00fchrt. Die Zukunft wird zeigen, ob seine Aussage wirklich stimmt. Wir gingen dann, ein St\u00fcck begleitet von einer Bachstelze, zur Basilika Maria Taferl, in der gerade der Sonntagsgottesdienst stattfand.<\/p>\n\n\n\n<figure class=\"wp-block-gallery has-nested-images columns-2 is-cropped wp-block-gallery-2 is-layout-flex wp-block-gallery-is-layout-flex\">\n<figure class=\"wp-block-image size-full\"><img loading=\"lazy\" decoding=\"async\" width=\"2560\" height=\"1440\" data-id=\"27604\" src=\"https:\/\/jblanz.de\/WP\/wp-content\/uploads\/2025\/05\/25Slowakei-100-scaled.jpg\" alt=\"\" class=\"wp-image-27604\" srcset=\"https:\/\/jblanz.de\/WP\/wp-content\/uploads\/2025\/05\/25Slowakei-100-scaled.jpg 2560w, https:\/\/jblanz.de\/WP\/wp-content\/uploads\/2025\/05\/25Slowakei-100-300x169.jpg 300w, https:\/\/jblanz.de\/WP\/wp-content\/uploads\/2025\/05\/25Slowakei-100-1024x576.jpg 1024w, https:\/\/jblanz.de\/WP\/wp-content\/uploads\/2025\/05\/25Slowakei-100-768x432.jpg 768w, https:\/\/jblanz.de\/WP\/wp-content\/uploads\/2025\/05\/25Slowakei-100-1536x864.jpg 1536w, https:\/\/jblanz.de\/WP\/wp-content\/uploads\/2025\/05\/25Slowakei-100-2048x1152.jpg 2048w\" sizes=\"auto, (max-width: 2560px) 100vw, 2560px\" \/><\/figure>\n\n\n\n<figure class=\"wp-block-image size-full\"><img loading=\"lazy\" decoding=\"async\" width=\"2560\" height=\"1440\" data-id=\"27608\" src=\"https:\/\/jblanz.de\/WP\/wp-content\/uploads\/2025\/05\/25Slowakei-103-scaled.jpg\" alt=\"\" class=\"wp-image-27608\" srcset=\"https:\/\/jblanz.de\/WP\/wp-content\/uploads\/2025\/05\/25Slowakei-103-scaled.jpg 2560w, https:\/\/jblanz.de\/WP\/wp-content\/uploads\/2025\/05\/25Slowakei-103-300x169.jpg 300w, https:\/\/jblanz.de\/WP\/wp-content\/uploads\/2025\/05\/25Slowakei-103-1024x576.jpg 1024w, https:\/\/jblanz.de\/WP\/wp-content\/uploads\/2025\/05\/25Slowakei-103-768x432.jpg 768w, https:\/\/jblanz.de\/WP\/wp-content\/uploads\/2025\/05\/25Slowakei-103-1536x864.jpg 1536w, https:\/\/jblanz.de\/WP\/wp-content\/uploads\/2025\/05\/25Slowakei-103-2048x1152.jpg 2048w\" sizes=\"auto, (max-width: 2560px) 100vw, 2560px\" \/><\/figure>\n\n\n\n<figure class=\"wp-block-image size-full\"><img loading=\"lazy\" decoding=\"async\" width=\"2560\" height=\"1440\" data-id=\"27605\" src=\"https:\/\/jblanz.de\/WP\/wp-content\/uploads\/2025\/05\/25Slowakei-104-scaled.jpg\" alt=\"\" class=\"wp-image-27605\" srcset=\"https:\/\/jblanz.de\/WP\/wp-content\/uploads\/2025\/05\/25Slowakei-104-scaled.jpg 2560w, https:\/\/jblanz.de\/WP\/wp-content\/uploads\/2025\/05\/25Slowakei-104-300x169.jpg 300w, https:\/\/jblanz.de\/WP\/wp-content\/uploads\/2025\/05\/25Slowakei-104-1024x576.jpg 1024w, https:\/\/jblanz.de\/WP\/wp-content\/uploads\/2025\/05\/25Slowakei-104-768x432.jpg 768w, https:\/\/jblanz.de\/WP\/wp-content\/uploads\/2025\/05\/25Slowakei-104-1536x864.jpg 1536w, https:\/\/jblanz.de\/WP\/wp-content\/uploads\/2025\/05\/25Slowakei-104-2048x1152.jpg 2048w\" sizes=\"auto, (max-width: 2560px) 100vw, 2560px\" \/><\/figure>\n\n\n\n<figure class=\"wp-block-image size-full\"><img loading=\"lazy\" decoding=\"async\" width=\"2560\" height=\"1440\" data-id=\"27607\" src=\"https:\/\/jblanz.de\/WP\/wp-content\/uploads\/2025\/05\/25Slowakei-105-scaled.jpg\" alt=\"\" class=\"wp-image-27607\" srcset=\"https:\/\/jblanz.de\/WP\/wp-content\/uploads\/2025\/05\/25Slowakei-105-scaled.jpg 2560w, https:\/\/jblanz.de\/WP\/wp-content\/uploads\/2025\/05\/25Slowakei-105-300x169.jpg 300w, https:\/\/jblanz.de\/WP\/wp-content\/uploads\/2025\/05\/25Slowakei-105-1024x576.jpg 1024w, https:\/\/jblanz.de\/WP\/wp-content\/uploads\/2025\/05\/25Slowakei-105-768x432.jpg 768w, https:\/\/jblanz.de\/WP\/wp-content\/uploads\/2025\/05\/25Slowakei-105-1536x864.jpg 1536w, https:\/\/jblanz.de\/WP\/wp-content\/uploads\/2025\/05\/25Slowakei-105-2048x1152.jpg 2048w\" sizes=\"auto, (max-width: 2560px) 100vw, 2560px\" \/><\/figure>\n\n\n\n<figure class=\"wp-block-image size-full\"><img loading=\"lazy\" decoding=\"async\" width=\"2560\" height=\"1440\" data-id=\"27606\" src=\"https:\/\/jblanz.de\/WP\/wp-content\/uploads\/2025\/05\/25Slowakei-106-scaled.jpg\" alt=\"\" class=\"wp-image-27606\" srcset=\"https:\/\/jblanz.de\/WP\/wp-content\/uploads\/2025\/05\/25Slowakei-106-scaled.jpg 2560w, https:\/\/jblanz.de\/WP\/wp-content\/uploads\/2025\/05\/25Slowakei-106-300x169.jpg 300w, https:\/\/jblanz.de\/WP\/wp-content\/uploads\/2025\/05\/25Slowakei-106-1024x576.jpg 1024w, https:\/\/jblanz.de\/WP\/wp-content\/uploads\/2025\/05\/25Slowakei-106-768x432.jpg 768w, https:\/\/jblanz.de\/WP\/wp-content\/uploads\/2025\/05\/25Slowakei-106-1536x864.jpg 1536w, https:\/\/jblanz.de\/WP\/wp-content\/uploads\/2025\/05\/25Slowakei-106-2048x1152.jpg 2048w\" sizes=\"auto, (max-width: 2560px) 100vw, 2560px\" \/><\/figure>\n\n\n\n<figure class=\"wp-block-image size-full\"><img loading=\"lazy\" decoding=\"async\" width=\"2560\" height=\"1440\" data-id=\"27609\" src=\"https:\/\/jblanz.de\/WP\/wp-content\/uploads\/2025\/05\/25Slowakei-108-scaled.jpg\" alt=\"\" class=\"wp-image-27609\" srcset=\"https:\/\/jblanz.de\/WP\/wp-content\/uploads\/2025\/05\/25Slowakei-108-scaled.jpg 2560w, https:\/\/jblanz.de\/WP\/wp-content\/uploads\/2025\/05\/25Slowakei-108-300x169.jpg 300w, https:\/\/jblanz.de\/WP\/wp-content\/uploads\/2025\/05\/25Slowakei-108-1024x576.jpg 1024w, https:\/\/jblanz.de\/WP\/wp-content\/uploads\/2025\/05\/25Slowakei-108-768x432.jpg 768w, https:\/\/jblanz.de\/WP\/wp-content\/uploads\/2025\/05\/25Slowakei-108-1536x864.jpg 1536w, https:\/\/jblanz.de\/WP\/wp-content\/uploads\/2025\/05\/25Slowakei-108-2048x1152.jpg 2048w\" sizes=\"auto, (max-width: 2560px) 100vw, 2560px\" \/><\/figure>\n\n\n\n<figure class=\"wp-block-image size-full\"><img loading=\"lazy\" decoding=\"async\" width=\"2560\" height=\"1440\" data-id=\"27603\" src=\"https:\/\/jblanz.de\/WP\/wp-content\/uploads\/2025\/05\/25Slowakei-109-scaled.jpg\" alt=\"\" class=\"wp-image-27603\" srcset=\"https:\/\/jblanz.de\/WP\/wp-content\/uploads\/2025\/05\/25Slowakei-109-scaled.jpg 2560w, https:\/\/jblanz.de\/WP\/wp-content\/uploads\/2025\/05\/25Slowakei-109-300x169.jpg 300w, https:\/\/jblanz.de\/WP\/wp-content\/uploads\/2025\/05\/25Slowakei-109-1024x576.jpg 1024w, https:\/\/jblanz.de\/WP\/wp-content\/uploads\/2025\/05\/25Slowakei-109-768x432.jpg 768w, https:\/\/jblanz.de\/WP\/wp-content\/uploads\/2025\/05\/25Slowakei-109-1536x864.jpg 1536w, https:\/\/jblanz.de\/WP\/wp-content\/uploads\/2025\/05\/25Slowakei-109-2048x1152.jpg 2048w\" sizes=\"auto, (max-width: 2560px) 100vw, 2560px\" \/><\/figure>\n<\/figure>\n\n\n\n<p>Wir h\u00f6rten dem letzten Gebet zu und besichtigten dann die Kirche. Vor der Basilika bot sich ein toller Blick auf das Donautal. Dann fuhren wir weiter zum Schloss Artstetten, in dem der Thronfolger Erzherzog Franz Ferdinand und seine Frau Sophie beigesetzt sind. Die Ermordung der beiden Adligen am 28. Juni 1914 in Sarajewo f\u00fchrte zum Ausbruch des 1. Weltkriegs. Das Museum im Schloss zeigt ihre Geschichte und die ihrer Kinder. An den Wegen entlang bl\u00fchten bereits Pfingstrosen mit sehr grossen Bl\u00fcten.<\/p>\n\n\n\n<figure class=\"wp-block-gallery has-nested-images columns-2 is-cropped wp-block-gallery-3 is-layout-flex wp-block-gallery-is-layout-flex\">\n<figure class=\"wp-block-image size-full\"><img loading=\"lazy\" decoding=\"async\" width=\"2560\" height=\"1440\" data-id=\"27764\" src=\"https:\/\/jblanz.de\/WP\/wp-content\/uploads\/2025\/05\/25Slowakei-113-scaled.jpg\" alt=\"\" class=\"wp-image-27764\" srcset=\"https:\/\/jblanz.de\/WP\/wp-content\/uploads\/2025\/05\/25Slowakei-113-scaled.jpg 2560w, https:\/\/jblanz.de\/WP\/wp-content\/uploads\/2025\/05\/25Slowakei-113-300x169.jpg 300w, https:\/\/jblanz.de\/WP\/wp-content\/uploads\/2025\/05\/25Slowakei-113-1024x576.jpg 1024w, https:\/\/jblanz.de\/WP\/wp-content\/uploads\/2025\/05\/25Slowakei-113-768x432.jpg 768w, https:\/\/jblanz.de\/WP\/wp-content\/uploads\/2025\/05\/25Slowakei-113-1536x864.jpg 1536w, https:\/\/jblanz.de\/WP\/wp-content\/uploads\/2025\/05\/25Slowakei-113-2048x1152.jpg 2048w\" sizes=\"auto, (max-width: 2560px) 100vw, 2560px\" \/><\/figure>\n\n\n\n<figure class=\"wp-block-image size-full\"><img loading=\"lazy\" decoding=\"async\" width=\"2560\" height=\"1440\" data-id=\"27763\" src=\"https:\/\/jblanz.de\/WP\/wp-content\/uploads\/2025\/05\/25Slowakei-111-scaled.jpg\" alt=\"\" class=\"wp-image-27763\" srcset=\"https:\/\/jblanz.de\/WP\/wp-content\/uploads\/2025\/05\/25Slowakei-111-scaled.jpg 2560w, https:\/\/jblanz.de\/WP\/wp-content\/uploads\/2025\/05\/25Slowakei-111-300x169.jpg 300w, https:\/\/jblanz.de\/WP\/wp-content\/uploads\/2025\/05\/25Slowakei-111-1024x576.jpg 1024w, https:\/\/jblanz.de\/WP\/wp-content\/uploads\/2025\/05\/25Slowakei-111-768x432.jpg 768w, https:\/\/jblanz.de\/WP\/wp-content\/uploads\/2025\/05\/25Slowakei-111-1536x864.jpg 1536w, https:\/\/jblanz.de\/WP\/wp-content\/uploads\/2025\/05\/25Slowakei-111-2048x1152.jpg 2048w\" sizes=\"auto, (max-width: 2560px) 100vw, 2560px\" \/><\/figure>\n\n\n\n<figure class=\"wp-block-image size-full\"><img loading=\"lazy\" decoding=\"async\" width=\"2560\" height=\"1440\" data-id=\"27761\" src=\"https:\/\/jblanz.de\/WP\/wp-content\/uploads\/2025\/05\/25Slowakei-115-scaled.jpg\" alt=\"\" class=\"wp-image-27761\" srcset=\"https:\/\/jblanz.de\/WP\/wp-content\/uploads\/2025\/05\/25Slowakei-115-scaled.jpg 2560w, https:\/\/jblanz.de\/WP\/wp-content\/uploads\/2025\/05\/25Slowakei-115-300x169.jpg 300w, https:\/\/jblanz.de\/WP\/wp-content\/uploads\/2025\/05\/25Slowakei-115-1024x576.jpg 1024w, https:\/\/jblanz.de\/WP\/wp-content\/uploads\/2025\/05\/25Slowakei-115-768x432.jpg 768w, https:\/\/jblanz.de\/WP\/wp-content\/uploads\/2025\/05\/25Slowakei-115-1536x864.jpg 1536w, https:\/\/jblanz.de\/WP\/wp-content\/uploads\/2025\/05\/25Slowakei-115-2048x1152.jpg 2048w\" sizes=\"auto, (max-width: 2560px) 100vw, 2560px\" \/><\/figure>\n\n\n\n<figure class=\"wp-block-image size-full\"><img loading=\"lazy\" decoding=\"async\" width=\"2560\" height=\"1440\" data-id=\"27762\" src=\"https:\/\/jblanz.de\/WP\/wp-content\/uploads\/2025\/05\/25Slowakei-116-scaled.jpg\" alt=\"\" class=\"wp-image-27762\" srcset=\"https:\/\/jblanz.de\/WP\/wp-content\/uploads\/2025\/05\/25Slowakei-116-scaled.jpg 2560w, https:\/\/jblanz.de\/WP\/wp-content\/uploads\/2025\/05\/25Slowakei-116-300x169.jpg 300w, https:\/\/jblanz.de\/WP\/wp-content\/uploads\/2025\/05\/25Slowakei-116-1024x576.jpg 1024w, https:\/\/jblanz.de\/WP\/wp-content\/uploads\/2025\/05\/25Slowakei-116-768x432.jpg 768w, https:\/\/jblanz.de\/WP\/wp-content\/uploads\/2025\/05\/25Slowakei-116-1536x864.jpg 1536w, https:\/\/jblanz.de\/WP\/wp-content\/uploads\/2025\/05\/25Slowakei-116-2048x1152.jpg 2048w\" sizes=\"auto, (max-width: 2560px) 100vw, 2560px\" \/><\/figure>\n<\/figure>\n\n\n\n<p>Nach der Besichtigung fuhren wir an der Donau entlang nach Krems, bezogen einen Platz auf dem Donaucamping und fuhren nach einem Snack in den Ort. Wir kamen direkt zur Kulturmeile Krems, an der mehrere Museen angesiedelt sind. Gleich daneben befindet sich aber auch das gr\u00f6sste Gef\u00e4ngnis \u00d6sterreichs. Wir fuhren erst zur Altstadt, gingen durch die lange Fussg\u00e4ngerzone, fuhren dann zur\u00fcck zum Kunstmuseum. Auf 2 Stockwerken wurde zeitgen\u00f6ssische Kunst gezeigt, im ersten Stock waren Bilder von Malern, die in Nieder\u00f6sterreich beheimatet waren.<\/p>\n\n\n\n<figure class=\"wp-block-gallery has-nested-images columns-2 is-cropped wp-block-gallery-4 is-layout-flex wp-block-gallery-is-layout-flex\">\n<figure class=\"wp-block-image size-full\"><img loading=\"lazy\" decoding=\"async\" width=\"2560\" height=\"1440\" data-id=\"27770\" src=\"https:\/\/jblanz.de\/WP\/wp-content\/uploads\/2025\/05\/25Slowakei-117-scaled.jpg\" alt=\"\" class=\"wp-image-27770\" srcset=\"https:\/\/jblanz.de\/WP\/wp-content\/uploads\/2025\/05\/25Slowakei-117-scaled.jpg 2560w, https:\/\/jblanz.de\/WP\/wp-content\/uploads\/2025\/05\/25Slowakei-117-300x169.jpg 300w, https:\/\/jblanz.de\/WP\/wp-content\/uploads\/2025\/05\/25Slowakei-117-1024x576.jpg 1024w, https:\/\/jblanz.de\/WP\/wp-content\/uploads\/2025\/05\/25Slowakei-117-768x432.jpg 768w, https:\/\/jblanz.de\/WP\/wp-content\/uploads\/2025\/05\/25Slowakei-117-1536x864.jpg 1536w, https:\/\/jblanz.de\/WP\/wp-content\/uploads\/2025\/05\/25Slowakei-117-2048x1152.jpg 2048w\" sizes=\"auto, (max-width: 2560px) 100vw, 2560px\" \/><\/figure>\n\n\n\n<figure class=\"wp-block-image size-full\"><img loading=\"lazy\" decoding=\"async\" width=\"2560\" height=\"1440\" data-id=\"27777\" src=\"https:\/\/jblanz.de\/WP\/wp-content\/uploads\/2025\/05\/25Slowakei-118-scaled.jpg\" alt=\"\" class=\"wp-image-27777\" srcset=\"https:\/\/jblanz.de\/WP\/wp-content\/uploads\/2025\/05\/25Slowakei-118-scaled.jpg 2560w, https:\/\/jblanz.de\/WP\/wp-content\/uploads\/2025\/05\/25Slowakei-118-300x169.jpg 300w, https:\/\/jblanz.de\/WP\/wp-content\/uploads\/2025\/05\/25Slowakei-118-1024x576.jpg 1024w, https:\/\/jblanz.de\/WP\/wp-content\/uploads\/2025\/05\/25Slowakei-118-768x432.jpg 768w, https:\/\/jblanz.de\/WP\/wp-content\/uploads\/2025\/05\/25Slowakei-118-1536x864.jpg 1536w, https:\/\/jblanz.de\/WP\/wp-content\/uploads\/2025\/05\/25Slowakei-118-2048x1152.jpg 2048w\" sizes=\"auto, (max-width: 2560px) 100vw, 2560px\" \/><\/figure>\n\n\n\n<figure class=\"wp-block-image size-full\"><img loading=\"lazy\" decoding=\"async\" width=\"2560\" height=\"1440\" data-id=\"27769\" src=\"https:\/\/jblanz.de\/WP\/wp-content\/uploads\/2025\/05\/25Slowakei-119-scaled.jpg\" alt=\"\" class=\"wp-image-27769\" srcset=\"https:\/\/jblanz.de\/WP\/wp-content\/uploads\/2025\/05\/25Slowakei-119-scaled.jpg 2560w, https:\/\/jblanz.de\/WP\/wp-content\/uploads\/2025\/05\/25Slowakei-119-300x169.jpg 300w, https:\/\/jblanz.de\/WP\/wp-content\/uploads\/2025\/05\/25Slowakei-119-1024x576.jpg 1024w, https:\/\/jblanz.de\/WP\/wp-content\/uploads\/2025\/05\/25Slowakei-119-768x432.jpg 768w, https:\/\/jblanz.de\/WP\/wp-content\/uploads\/2025\/05\/25Slowakei-119-1536x864.jpg 1536w, https:\/\/jblanz.de\/WP\/wp-content\/uploads\/2025\/05\/25Slowakei-119-2048x1152.jpg 2048w\" sizes=\"auto, (max-width: 2560px) 100vw, 2560px\" \/><\/figure>\n\n\n\n<figure class=\"wp-block-image size-full\"><img loading=\"lazy\" decoding=\"async\" width=\"2560\" height=\"1440\" data-id=\"27766\" src=\"https:\/\/jblanz.de\/WP\/wp-content\/uploads\/2025\/05\/25Slowakei-120-Edit-scaled.jpg\" alt=\"\" class=\"wp-image-27766\" srcset=\"https:\/\/jblanz.de\/WP\/wp-content\/uploads\/2025\/05\/25Slowakei-120-Edit-scaled.jpg 2560w, https:\/\/jblanz.de\/WP\/wp-content\/uploads\/2025\/05\/25Slowakei-120-Edit-300x169.jpg 300w, https:\/\/jblanz.de\/WP\/wp-content\/uploads\/2025\/05\/25Slowakei-120-Edit-1024x576.jpg 1024w, https:\/\/jblanz.de\/WP\/wp-content\/uploads\/2025\/05\/25Slowakei-120-Edit-768x432.jpg 768w, https:\/\/jblanz.de\/WP\/wp-content\/uploads\/2025\/05\/25Slowakei-120-Edit-1536x864.jpg 1536w, https:\/\/jblanz.de\/WP\/wp-content\/uploads\/2025\/05\/25Slowakei-120-Edit-2048x1152.jpg 2048w\" sizes=\"auto, (max-width: 2560px) 100vw, 2560px\" \/><\/figure>\n\n\n\n<figure class=\"wp-block-image size-full\"><img loading=\"lazy\" decoding=\"async\" width=\"2560\" height=\"1440\" data-id=\"27771\" src=\"https:\/\/jblanz.de\/WP\/wp-content\/uploads\/2025\/05\/25Slowakei-121-scaled.jpg\" alt=\"\" class=\"wp-image-27771\" srcset=\"https:\/\/jblanz.de\/WP\/wp-content\/uploads\/2025\/05\/25Slowakei-121-scaled.jpg 2560w, https:\/\/jblanz.de\/WP\/wp-content\/uploads\/2025\/05\/25Slowakei-121-300x169.jpg 300w, https:\/\/jblanz.de\/WP\/wp-content\/uploads\/2025\/05\/25Slowakei-121-1024x576.jpg 1024w, https:\/\/jblanz.de\/WP\/wp-content\/uploads\/2025\/05\/25Slowakei-121-768x432.jpg 768w, https:\/\/jblanz.de\/WP\/wp-content\/uploads\/2025\/05\/25Slowakei-121-1536x864.jpg 1536w, https:\/\/jblanz.de\/WP\/wp-content\/uploads\/2025\/05\/25Slowakei-121-2048x1152.jpg 2048w\" sizes=\"auto, (max-width: 2560px) 100vw, 2560px\" \/><\/figure>\n\n\n\n<figure class=\"wp-block-image size-full\"><img loading=\"lazy\" decoding=\"async\" width=\"2560\" height=\"1440\" data-id=\"27773\" src=\"https:\/\/jblanz.de\/WP\/wp-content\/uploads\/2025\/05\/25Slowakei-125-scaled.jpg\" alt=\"\" class=\"wp-image-27773\" srcset=\"https:\/\/jblanz.de\/WP\/wp-content\/uploads\/2025\/05\/25Slowakei-125-scaled.jpg 2560w, https:\/\/jblanz.de\/WP\/wp-content\/uploads\/2025\/05\/25Slowakei-125-300x169.jpg 300w, https:\/\/jblanz.de\/WP\/wp-content\/uploads\/2025\/05\/25Slowakei-125-1024x576.jpg 1024w, https:\/\/jblanz.de\/WP\/wp-content\/uploads\/2025\/05\/25Slowakei-125-768x432.jpg 768w, https:\/\/jblanz.de\/WP\/wp-content\/uploads\/2025\/05\/25Slowakei-125-1536x864.jpg 1536w, https:\/\/jblanz.de\/WP\/wp-content\/uploads\/2025\/05\/25Slowakei-125-2048x1152.jpg 2048w\" sizes=\"auto, (max-width: 2560px) 100vw, 2560px\" \/><\/figure>\n\n\n\n<figure class=\"wp-block-image size-full\"><img loading=\"lazy\" decoding=\"async\" width=\"2560\" height=\"1440\" data-id=\"27772\" src=\"https:\/\/jblanz.de\/WP\/wp-content\/uploads\/2025\/05\/25Slowakei-126-scaled.jpg\" alt=\"\" class=\"wp-image-27772\" srcset=\"https:\/\/jblanz.de\/WP\/wp-content\/uploads\/2025\/05\/25Slowakei-126-scaled.jpg 2560w, https:\/\/jblanz.de\/WP\/wp-content\/uploads\/2025\/05\/25Slowakei-126-300x169.jpg 300w, https:\/\/jblanz.de\/WP\/wp-content\/uploads\/2025\/05\/25Slowakei-126-1024x576.jpg 1024w, https:\/\/jblanz.de\/WP\/wp-content\/uploads\/2025\/05\/25Slowakei-126-768x432.jpg 768w, https:\/\/jblanz.de\/WP\/wp-content\/uploads\/2025\/05\/25Slowakei-126-1536x864.jpg 1536w, https:\/\/jblanz.de\/WP\/wp-content\/uploads\/2025\/05\/25Slowakei-126-2048x1152.jpg 2048w\" sizes=\"auto, (max-width: 2560px) 100vw, 2560px\" \/><\/figure>\n\n\n\n<figure class=\"wp-block-image size-full\"><img loading=\"lazy\" decoding=\"async\" width=\"2560\" height=\"1440\" data-id=\"27774\" src=\"https:\/\/jblanz.de\/WP\/wp-content\/uploads\/2025\/05\/25Slowakei-123-scaled.jpg\" alt=\"\" class=\"wp-image-27774\" srcset=\"https:\/\/jblanz.de\/WP\/wp-content\/uploads\/2025\/05\/25Slowakei-123-scaled.jpg 2560w, https:\/\/jblanz.de\/WP\/wp-content\/uploads\/2025\/05\/25Slowakei-123-300x169.jpg 300w, https:\/\/jblanz.de\/WP\/wp-content\/uploads\/2025\/05\/25Slowakei-123-1024x576.jpg 1024w, https:\/\/jblanz.de\/WP\/wp-content\/uploads\/2025\/05\/25Slowakei-123-768x432.jpg 768w, https:\/\/jblanz.de\/WP\/wp-content\/uploads\/2025\/05\/25Slowakei-123-1536x864.jpg 1536w, https:\/\/jblanz.de\/WP\/wp-content\/uploads\/2025\/05\/25Slowakei-123-2048x1152.jpg 2048w\" sizes=\"auto, (max-width: 2560px) 100vw, 2560px\" \/><\/figure>\n\n\n\n<figure class=\"wp-block-image size-full\"><img loading=\"lazy\" decoding=\"async\" width=\"2560\" height=\"1440\" data-id=\"27775\" src=\"https:\/\/jblanz.de\/WP\/wp-content\/uploads\/2025\/05\/25Slowakei-124-scaled.jpg\" alt=\"\" class=\"wp-image-27775\" srcset=\"https:\/\/jblanz.de\/WP\/wp-content\/uploads\/2025\/05\/25Slowakei-124-scaled.jpg 2560w, https:\/\/jblanz.de\/WP\/wp-content\/uploads\/2025\/05\/25Slowakei-124-300x169.jpg 300w, https:\/\/jblanz.de\/WP\/wp-content\/uploads\/2025\/05\/25Slowakei-124-1024x576.jpg 1024w, https:\/\/jblanz.de\/WP\/wp-content\/uploads\/2025\/05\/25Slowakei-124-768x432.jpg 768w, https:\/\/jblanz.de\/WP\/wp-content\/uploads\/2025\/05\/25Slowakei-124-1536x864.jpg 1536w, https:\/\/jblanz.de\/WP\/wp-content\/uploads\/2025\/05\/25Slowakei-124-2048x1152.jpg 2048w\" sizes=\"auto, (max-width: 2560px) 100vw, 2560px\" \/><\/figure>\n\n\n\n<figure class=\"wp-block-image size-full\"><img loading=\"lazy\" decoding=\"async\" width=\"2560\" height=\"1440\" data-id=\"27778\" src=\"https:\/\/jblanz.de\/WP\/wp-content\/uploads\/2025\/05\/25Slowakei-127-scaled.jpg\" alt=\"\" class=\"wp-image-27778\" srcset=\"https:\/\/jblanz.de\/WP\/wp-content\/uploads\/2025\/05\/25Slowakei-127-scaled.jpg 2560w, https:\/\/jblanz.de\/WP\/wp-content\/uploads\/2025\/05\/25Slowakei-127-300x169.jpg 300w, https:\/\/jblanz.de\/WP\/wp-content\/uploads\/2025\/05\/25Slowakei-127-1024x576.jpg 1024w, https:\/\/jblanz.de\/WP\/wp-content\/uploads\/2025\/05\/25Slowakei-127-768x432.jpg 768w, https:\/\/jblanz.de\/WP\/wp-content\/uploads\/2025\/05\/25Slowakei-127-1536x864.jpg 1536w, https:\/\/jblanz.de\/WP\/wp-content\/uploads\/2025\/05\/25Slowakei-127-2048x1152.jpg 2048w\" sizes=\"auto, (max-width: 2560px) 100vw, 2560px\" \/><\/figure>\n\n\n\n<figure class=\"wp-block-image size-full\"><img loading=\"lazy\" decoding=\"async\" width=\"2560\" height=\"1440\" data-id=\"27768\" src=\"https:\/\/jblanz.de\/WP\/wp-content\/uploads\/2025\/05\/25Slowakei-128-scaled.jpg\" alt=\"\" class=\"wp-image-27768\" srcset=\"https:\/\/jblanz.de\/WP\/wp-content\/uploads\/2025\/05\/25Slowakei-128-scaled.jpg 2560w, https:\/\/jblanz.de\/WP\/wp-content\/uploads\/2025\/05\/25Slowakei-128-300x169.jpg 300w, https:\/\/jblanz.de\/WP\/wp-content\/uploads\/2025\/05\/25Slowakei-128-1024x576.jpg 1024w, https:\/\/jblanz.de\/WP\/wp-content\/uploads\/2025\/05\/25Slowakei-128-768x432.jpg 768w, https:\/\/jblanz.de\/WP\/wp-content\/uploads\/2025\/05\/25Slowakei-128-1536x864.jpg 1536w, https:\/\/jblanz.de\/WP\/wp-content\/uploads\/2025\/05\/25Slowakei-128-2048x1152.jpg 2048w\" sizes=\"auto, (max-width: 2560px) 100vw, 2560px\" \/><\/figure>\n<\/figure>\n\n\n\n<figure class=\"wp-block-gallery has-nested-images columns-2 is-cropped wp-block-gallery-5 is-layout-flex wp-block-gallery-is-layout-flex\">\n<figure class=\"wp-block-image size-full\"><img loading=\"lazy\" decoding=\"async\" width=\"2560\" height=\"1440\" data-id=\"27783\" src=\"https:\/\/jblanz.de\/WP\/wp-content\/uploads\/2025\/05\/25Slowakei-129-scaled.jpg\" alt=\"\" class=\"wp-image-27783\" srcset=\"https:\/\/jblanz.de\/WP\/wp-content\/uploads\/2025\/05\/25Slowakei-129-scaled.jpg 2560w, https:\/\/jblanz.de\/WP\/wp-content\/uploads\/2025\/05\/25Slowakei-129-300x169.jpg 300w, https:\/\/jblanz.de\/WP\/wp-content\/uploads\/2025\/05\/25Slowakei-129-1024x576.jpg 1024w, https:\/\/jblanz.de\/WP\/wp-content\/uploads\/2025\/05\/25Slowakei-129-768x432.jpg 768w, https:\/\/jblanz.de\/WP\/wp-content\/uploads\/2025\/05\/25Slowakei-129-1536x864.jpg 1536w, https:\/\/jblanz.de\/WP\/wp-content\/uploads\/2025\/05\/25Slowakei-129-2048x1152.jpg 2048w\" sizes=\"auto, (max-width: 2560px) 100vw, 2560px\" \/><\/figure>\n\n\n\n<figure class=\"wp-block-image size-full\"><img loading=\"lazy\" decoding=\"async\" width=\"2560\" height=\"1440\" data-id=\"27780\" src=\"https:\/\/jblanz.de\/WP\/wp-content\/uploads\/2025\/05\/25Slowakei-136-scaled.jpg\" alt=\"\" class=\"wp-image-27780\" srcset=\"https:\/\/jblanz.de\/WP\/wp-content\/uploads\/2025\/05\/25Slowakei-136-scaled.jpg 2560w, https:\/\/jblanz.de\/WP\/wp-content\/uploads\/2025\/05\/25Slowakei-136-300x169.jpg 300w, https:\/\/jblanz.de\/WP\/wp-content\/uploads\/2025\/05\/25Slowakei-136-1024x576.jpg 1024w, https:\/\/jblanz.de\/WP\/wp-content\/uploads\/2025\/05\/25Slowakei-136-768x432.jpg 768w, https:\/\/jblanz.de\/WP\/wp-content\/uploads\/2025\/05\/25Slowakei-136-1536x864.jpg 1536w, https:\/\/jblanz.de\/WP\/wp-content\/uploads\/2025\/05\/25Slowakei-136-2048x1152.jpg 2048w\" sizes=\"auto, (max-width: 2560px) 100vw, 2560px\" \/><\/figure>\n\n\n\n<figure class=\"wp-block-image size-full\"><img loading=\"lazy\" decoding=\"async\" width=\"2560\" height=\"1440\" data-id=\"27782\" src=\"https:\/\/jblanz.de\/WP\/wp-content\/uploads\/2025\/05\/25Slowakei-130-scaled.jpg\" alt=\"\" class=\"wp-image-27782\" srcset=\"https:\/\/jblanz.de\/WP\/wp-content\/uploads\/2025\/05\/25Slowakei-130-scaled.jpg 2560w, https:\/\/jblanz.de\/WP\/wp-content\/uploads\/2025\/05\/25Slowakei-130-300x169.jpg 300w, https:\/\/jblanz.de\/WP\/wp-content\/uploads\/2025\/05\/25Slowakei-130-1024x576.jpg 1024w, https:\/\/jblanz.de\/WP\/wp-content\/uploads\/2025\/05\/25Slowakei-130-768x432.jpg 768w, https:\/\/jblanz.de\/WP\/wp-content\/uploads\/2025\/05\/25Slowakei-130-1536x864.jpg 1536w, https:\/\/jblanz.de\/WP\/wp-content\/uploads\/2025\/05\/25Slowakei-130-2048x1152.jpg 2048w\" sizes=\"auto, (max-width: 2560px) 100vw, 2560px\" \/><\/figure>\n\n\n\n<figure class=\"wp-block-image size-full\"><img loading=\"lazy\" decoding=\"async\" width=\"2560\" height=\"1440\" data-id=\"27781\" src=\"https:\/\/jblanz.de\/WP\/wp-content\/uploads\/2025\/05\/25Slowakei-131-scaled.jpg\" alt=\"\" class=\"wp-image-27781\" srcset=\"https:\/\/jblanz.de\/WP\/wp-content\/uploads\/2025\/05\/25Slowakei-131-scaled.jpg 2560w, https:\/\/jblanz.de\/WP\/wp-content\/uploads\/2025\/05\/25Slowakei-131-300x169.jpg 300w, https:\/\/jblanz.de\/WP\/wp-content\/uploads\/2025\/05\/25Slowakei-131-1024x576.jpg 1024w, https:\/\/jblanz.de\/WP\/wp-content\/uploads\/2025\/05\/25Slowakei-131-768x432.jpg 768w, https:\/\/jblanz.de\/WP\/wp-content\/uploads\/2025\/05\/25Slowakei-131-1536x864.jpg 1536w, https:\/\/jblanz.de\/WP\/wp-content\/uploads\/2025\/05\/25Slowakei-131-2048x1152.jpg 2048w\" sizes=\"auto, (max-width: 2560px) 100vw, 2560px\" \/><\/figure>\n\n\n\n<figure class=\"wp-block-image size-full\"><img loading=\"lazy\" decoding=\"async\" width=\"2560\" height=\"1440\" data-id=\"27784\" src=\"https:\/\/jblanz.de\/WP\/wp-content\/uploads\/2025\/05\/25Slowakei-133-scaled.jpg\" alt=\"\" class=\"wp-image-27784\" srcset=\"https:\/\/jblanz.de\/WP\/wp-content\/uploads\/2025\/05\/25Slowakei-133-scaled.jpg 2560w, https:\/\/jblanz.de\/WP\/wp-content\/uploads\/2025\/05\/25Slowakei-133-300x169.jpg 300w, https:\/\/jblanz.de\/WP\/wp-content\/uploads\/2025\/05\/25Slowakei-133-1024x576.jpg 1024w, https:\/\/jblanz.de\/WP\/wp-content\/uploads\/2025\/05\/25Slowakei-133-768x432.jpg 768w, https:\/\/jblanz.de\/WP\/wp-content\/uploads\/2025\/05\/25Slowakei-133-1536x864.jpg 1536w, https:\/\/jblanz.de\/WP\/wp-content\/uploads\/2025\/05\/25Slowakei-133-2048x1152.jpg 2048w\" sizes=\"auto, (max-width: 2560px) 100vw, 2560px\" \/><\/figure>\n\n\n\n<figure class=\"wp-block-image size-full\"><img loading=\"lazy\" decoding=\"async\" width=\"2560\" height=\"1440\" data-id=\"27785\" src=\"https:\/\/jblanz.de\/WP\/wp-content\/uploads\/2025\/05\/25Slowakei-134-scaled.jpg\" alt=\"\" class=\"wp-image-27785\" srcset=\"https:\/\/jblanz.de\/WP\/wp-content\/uploads\/2025\/05\/25Slowakei-134-scaled.jpg 2560w, https:\/\/jblanz.de\/WP\/wp-content\/uploads\/2025\/05\/25Slowakei-134-300x169.jpg 300w, https:\/\/jblanz.de\/WP\/wp-content\/uploads\/2025\/05\/25Slowakei-134-1024x576.jpg 1024w, https:\/\/jblanz.de\/WP\/wp-content\/uploads\/2025\/05\/25Slowakei-134-768x432.jpg 768w, https:\/\/jblanz.de\/WP\/wp-content\/uploads\/2025\/05\/25Slowakei-134-1536x864.jpg 1536w, https:\/\/jblanz.de\/WP\/wp-content\/uploads\/2025\/05\/25Slowakei-134-2048x1152.jpg 2048w\" sizes=\"auto, (max-width: 2560px) 100vw, 2560px\" \/><\/figure>\n<\/figure>\n\n\n\n<p>Auf der Suche nach einem Restaurant mussten wir feststellen, dass nahezu alle Restaurants in der Stadt am Samstag und Sonntag geschlossen haben. Nur Pizzerien und Imbisse sind ge\u00f6ffnet. Wir fanden schliesslich ein Restaurant namens Wellen-Spiel, das direkt an der Donau neben unserem Camping gelegen ist. F\u00fcr Draussen sitzen war es etwas zu k\u00fchl, aber wir bekamen einen sch\u00f6nen Tisch mit bequemen Ohrensesseln. Karin a\u00df Halloumi mit Salat und ich Wachauer H\u00fchnerleber mit Aprikosenchutney und Tr\u00fcffelpolenta.<\/p>\n\n\n\n<figure class=\"wp-block-gallery has-nested-images columns-2 is-cropped wp-block-gallery-6 is-layout-flex wp-block-gallery-is-layout-flex\">\n<figure class=\"wp-block-image size-full\"><img loading=\"lazy\" decoding=\"async\" width=\"2560\" height=\"1440\" data-id=\"27789\" src=\"https:\/\/jblanz.de\/WP\/wp-content\/uploads\/2025\/05\/25Slowakei-138-scaled.jpg\" alt=\"\" class=\"wp-image-27789\" srcset=\"https:\/\/jblanz.de\/WP\/wp-content\/uploads\/2025\/05\/25Slowakei-138-scaled.jpg 2560w, https:\/\/jblanz.de\/WP\/wp-content\/uploads\/2025\/05\/25Slowakei-138-300x169.jpg 300w, https:\/\/jblanz.de\/WP\/wp-content\/uploads\/2025\/05\/25Slowakei-138-1024x576.jpg 1024w, https:\/\/jblanz.de\/WP\/wp-content\/uploads\/2025\/05\/25Slowakei-138-768x432.jpg 768w, https:\/\/jblanz.de\/WP\/wp-content\/uploads\/2025\/05\/25Slowakei-138-1536x864.jpg 1536w, https:\/\/jblanz.de\/WP\/wp-content\/uploads\/2025\/05\/25Slowakei-138-2048x1152.jpg 2048w\" sizes=\"auto, (max-width: 2560px) 100vw, 2560px\" \/><\/figure>\n\n\n\n<figure class=\"wp-block-image size-full\"><img loading=\"lazy\" decoding=\"async\" width=\"2560\" height=\"1440\" data-id=\"27787\" src=\"https:\/\/jblanz.de\/WP\/wp-content\/uploads\/2025\/05\/25Slowakei-139-scaled.jpg\" alt=\"\" class=\"wp-image-27787\" srcset=\"https:\/\/jblanz.de\/WP\/wp-content\/uploads\/2025\/05\/25Slowakei-139-scaled.jpg 2560w, https:\/\/jblanz.de\/WP\/wp-content\/uploads\/2025\/05\/25Slowakei-139-300x169.jpg 300w, https:\/\/jblanz.de\/WP\/wp-content\/uploads\/2025\/05\/25Slowakei-139-1024x576.jpg 1024w, https:\/\/jblanz.de\/WP\/wp-content\/uploads\/2025\/05\/25Slowakei-139-768x432.jpg 768w, https:\/\/jblanz.de\/WP\/wp-content\/uploads\/2025\/05\/25Slowakei-139-1536x864.jpg 1536w, https:\/\/jblanz.de\/WP\/wp-content\/uploads\/2025\/05\/25Slowakei-139-2048x1152.jpg 2048w\" sizes=\"auto, (max-width: 2560px) 100vw, 2560px\" \/><\/figure>\n\n\n\n<figure class=\"wp-block-image size-full\"><img loading=\"lazy\" decoding=\"async\" width=\"2560\" height=\"1440\" data-id=\"27788\" src=\"https:\/\/jblanz.de\/WP\/wp-content\/uploads\/2025\/05\/25Slowakei-140-scaled.jpg\" alt=\"\" class=\"wp-image-27788\" srcset=\"https:\/\/jblanz.de\/WP\/wp-content\/uploads\/2025\/05\/25Slowakei-140-scaled.jpg 2560w, https:\/\/jblanz.de\/WP\/wp-content\/uploads\/2025\/05\/25Slowakei-140-300x169.jpg 300w, https:\/\/jblanz.de\/WP\/wp-content\/uploads\/2025\/05\/25Slowakei-140-1024x576.jpg 1024w, https:\/\/jblanz.de\/WP\/wp-content\/uploads\/2025\/05\/25Slowakei-140-768x432.jpg 768w, https:\/\/jblanz.de\/WP\/wp-content\/uploads\/2025\/05\/25Slowakei-140-1536x864.jpg 1536w, https:\/\/jblanz.de\/WP\/wp-content\/uploads\/2025\/05\/25Slowakei-140-2048x1152.jpg 2048w\" sizes=\"auto, (max-width: 2560px) 100vw, 2560px\" \/><\/figure>\n<\/figure>\n\n\n\n<p>Danach ging es zum Camping und fr\u00fch ins Bett. Vom Camping hatte man freie Sicht auf das Benediktinerstift G\u00f6ttweig.<\/p>\n","protected":false},"excerpt":{"rendered":"<p>Vor der Abfahrt hatte Karin zum heutigen Muttertag ihre Mutter angerufen, die jedoch nur \u00fcber starke R\u00fcckenschmerzen klagte und uns<\/p>\n","protected":false},"author":1,"featured_media":27605,"comment_status":"open","ping_status":"open","sticky":false,"template":"","format":"standard","meta":{"colormag_page_container_layout":"default_layout","colormag_page_sidebar_layout":"default_layout","_monsterinsights_skip_tracking":false,"_monsterinsights_sitenote_active":false,"_monsterinsights_sitenote_note":"","_monsterinsights_sitenote_category":0,"footnotes":""},"categories":[269,314,315,159,268,318],"tags":[],"class_list":["post-27597","post","type-post","status-publish","format-standard","has-post-thumbnail","hentry","category-2020-jahr","category-314","category-2025-2020-jahr","category-europa","category-jahr","category-oesterreich"],"yoast_head":"<!-- This site is optimized with the Yoast SEO plugin v27.4 - https:\/\/yoast.com\/product\/yoast-seo-wordpress\/ -->\n<title>11. Mai 2025 - Weiterfahrt nach Krems an der Donau - Reiseblog von Karin &amp; Joachim<\/title>\n<meta name=\"robots\" content=\"index, follow, max-snippet:-1, max-image-preview:large, max-video-preview:-1\" \/>\n<link rel=\"canonical\" href=\"https:\/\/jblanz.de\/WP\/11-mai-2025-weiterfahrt-nach-krems-an-der-donau\/\" \/>\n<meta property=\"og:locale\" content=\"de_DE\" \/>\n<meta property=\"og:type\" content=\"article\" \/>\n<meta property=\"og:title\" content=\"11. Mai 2025 - Weiterfahrt nach Krems an der Donau - Reiseblog von Karin &amp; Joachim\" \/>\n<meta property=\"og:description\" content=\"Vor der Abfahrt hatte Karin zum heutigen Muttertag ihre Mutter angerufen, die jedoch nur \u00fcber starke R\u00fcckenschmerzen klagte und uns\" \/>\n<meta property=\"og:url\" content=\"https:\/\/jblanz.de\/WP\/11-mai-2025-weiterfahrt-nach-krems-an-der-donau\/\" \/>\n<meta property=\"og:site_name\" content=\"Reiseblog von Karin &amp; Joachim\" \/>\n<meta property=\"article:published_time\" content=\"2025-05-12T05:50:51+00:00\" \/>\n<meta property=\"article:modified_time\" content=\"2025-05-14T18:12:00+00:00\" \/>\n<meta property=\"og:image\" content=\"https:\/\/jblanz.de\/WP\/wp-content\/uploads\/2025\/05\/25Slowakei-104-scaled.jpg\" \/>\n\t<meta property=\"og:image:width\" content=\"2560\" \/>\n\t<meta property=\"og:image:height\" content=\"1440\" \/>\n\t<meta property=\"og:image:type\" content=\"image\/jpeg\" \/>\n<meta name=\"author\" content=\"Achim\" \/>\n<meta name=\"twitter:card\" content=\"summary_large_image\" \/>\n<meta name=\"twitter:label1\" content=\"Verfasst von\" \/>\n\t<meta name=\"twitter:data1\" content=\"Achim\" \/>\n\t<meta name=\"twitter:label2\" content=\"Gesch\u00e4tzte Lesezeit\" \/>\n\t<meta name=\"twitter:data2\" content=\"9\u00a0Minuten\" \/>\n<script type=\"application\/ld+json\" class=\"yoast-schema-graph\">{\"@context\":\"https:\\\/\\\/schema.org\",\"@graph\":[{\"@type\":\"Article\",\"@id\":\"https:\\\/\\\/jblanz.de\\\/WP\\\/11-mai-2025-weiterfahrt-nach-krems-an-der-donau\\\/#article\",\"isPartOf\":{\"@id\":\"https:\\\/\\\/jblanz.de\\\/WP\\\/11-mai-2025-weiterfahrt-nach-krems-an-der-donau\\\/\"},\"author\":{\"name\":\"Achim\",\"@id\":\"https:\\\/\\\/jblanz.de\\\/WP\\\/#\\\/schema\\\/person\\\/17a70f07162e42bc0b181c22397286e0\"},\"headline\":\"11. Mai 2025 &#8211; Weiterfahrt nach Krems an der Donau\",\"datePublished\":\"2025-05-12T05:50:51+00:00\",\"dateModified\":\"2025-05-14T18:12:00+00:00\",\"mainEntityOfPage\":{\"@id\":\"https:\\\/\\\/jblanz.de\\\/WP\\\/11-mai-2025-weiterfahrt-nach-krems-an-der-donau\\\/\"},\"wordCount\":486,\"commentCount\":0,\"publisher\":{\"@id\":\"https:\\\/\\\/jblanz.de\\\/WP\\\/#\\\/schema\\\/person\\\/17a70f07162e42bc0b181c22397286e0\"},\"image\":{\"@id\":\"https:\\\/\\\/jblanz.de\\\/WP\\\/11-mai-2025-weiterfahrt-nach-krems-an-der-donau\\\/#primaryimage\"},\"thumbnailUrl\":\"https:\\\/\\\/jblanz.de\\\/WP\\\/wp-content\\\/uploads\\\/2025\\\/05\\\/25Slowakei-104-scaled.jpg\",\"articleSection\":[\"2020+\",\"2025\",\"2025\",\"Europa\",\"Jahr\",\"\u00d6sterreich\"],\"inLanguage\":\"de\",\"potentialAction\":[{\"@type\":\"CommentAction\",\"name\":\"Comment\",\"target\":[\"https:\\\/\\\/jblanz.de\\\/WP\\\/11-mai-2025-weiterfahrt-nach-krems-an-der-donau\\\/#respond\"]}]},{\"@type\":\"WebPage\",\"@id\":\"https:\\\/\\\/jblanz.de\\\/WP\\\/11-mai-2025-weiterfahrt-nach-krems-an-der-donau\\\/\",\"url\":\"https:\\\/\\\/jblanz.de\\\/WP\\\/11-mai-2025-weiterfahrt-nach-krems-an-der-donau\\\/\",\"name\":\"11. Mai 2025 - Weiterfahrt nach Krems an der Donau - Reiseblog von Karin &amp; Joachim\",\"isPartOf\":{\"@id\":\"https:\\\/\\\/jblanz.de\\\/WP\\\/#website\"},\"primaryImageOfPage\":{\"@id\":\"https:\\\/\\\/jblanz.de\\\/WP\\\/11-mai-2025-weiterfahrt-nach-krems-an-der-donau\\\/#primaryimage\"},\"image\":{\"@id\":\"https:\\\/\\\/jblanz.de\\\/WP\\\/11-mai-2025-weiterfahrt-nach-krems-an-der-donau\\\/#primaryimage\"},\"thumbnailUrl\":\"https:\\\/\\\/jblanz.de\\\/WP\\\/wp-content\\\/uploads\\\/2025\\\/05\\\/25Slowakei-104-scaled.jpg\",\"datePublished\":\"2025-05-12T05:50:51+00:00\",\"dateModified\":\"2025-05-14T18:12:00+00:00\",\"breadcrumb\":{\"@id\":\"https:\\\/\\\/jblanz.de\\\/WP\\\/11-mai-2025-weiterfahrt-nach-krems-an-der-donau\\\/#breadcrumb\"},\"inLanguage\":\"de\",\"potentialAction\":[{\"@type\":\"ReadAction\",\"target\":[\"https:\\\/\\\/jblanz.de\\\/WP\\\/11-mai-2025-weiterfahrt-nach-krems-an-der-donau\\\/\"]}]},{\"@type\":\"ImageObject\",\"inLanguage\":\"de\",\"@id\":\"https:\\\/\\\/jblanz.de\\\/WP\\\/11-mai-2025-weiterfahrt-nach-krems-an-der-donau\\\/#primaryimage\",\"url\":\"https:\\\/\\\/jblanz.de\\\/WP\\\/wp-content\\\/uploads\\\/2025\\\/05\\\/25Slowakei-104-scaled.jpg\",\"contentUrl\":\"https:\\\/\\\/jblanz.de\\\/WP\\\/wp-content\\\/uploads\\\/2025\\\/05\\\/25Slowakei-104-scaled.jpg\",\"width\":2560,\"height\":1440},{\"@type\":\"BreadcrumbList\",\"@id\":\"https:\\\/\\\/jblanz.de\\\/WP\\\/11-mai-2025-weiterfahrt-nach-krems-an-der-donau\\\/#breadcrumb\",\"itemListElement\":[{\"@type\":\"ListItem\",\"position\":1,\"name\":\"Startseite\",\"item\":\"https:\\\/\\\/jblanz.de\\\/WP\\\/\"},{\"@type\":\"ListItem\",\"position\":2,\"name\":\"11. Mai 2025 &#8211; Weiterfahrt nach Krems an der Donau\"}]},{\"@type\":\"WebSite\",\"@id\":\"https:\\\/\\\/jblanz.de\\\/WP\\\/#website\",\"url\":\"https:\\\/\\\/jblanz.de\\\/WP\\\/\",\"name\":\"Reiseblog von Karin & Joachim\",\"description\":\"Wir schreiben den Blog f\u00fcr uns als Erinnerung - f\u00fcr euch als Inspiration\",\"publisher\":{\"@id\":\"https:\\\/\\\/jblanz.de\\\/WP\\\/#\\\/schema\\\/person\\\/17a70f07162e42bc0b181c22397286e0\"},\"potentialAction\":[{\"@type\":\"SearchAction\",\"target\":{\"@type\":\"EntryPoint\",\"urlTemplate\":\"https:\\\/\\\/jblanz.de\\\/WP\\\/?s={search_term_string}\"},\"query-input\":{\"@type\":\"PropertyValueSpecification\",\"valueRequired\":true,\"valueName\":\"search_term_string\"}}],\"inLanguage\":\"de\"},{\"@type\":[\"Person\",\"Organization\"],\"@id\":\"https:\\\/\\\/jblanz.de\\\/WP\\\/#\\\/schema\\\/person\\\/17a70f07162e42bc0b181c22397286e0\",\"name\":\"Achim\",\"image\":{\"@type\":\"ImageObject\",\"inLanguage\":\"de\",\"@id\":\"https:\\\/\\\/secure.gravatar.com\\\/avatar\\\/b7ab31bc55956af4a9bebf7fd034761212b11b803b7e39464914d6abeefb12f3?s=96&d=mm&r=g\",\"url\":\"https:\\\/\\\/secure.gravatar.com\\\/avatar\\\/b7ab31bc55956af4a9bebf7fd034761212b11b803b7e39464914d6abeefb12f3?s=96&d=mm&r=g\",\"contentUrl\":\"https:\\\/\\\/secure.gravatar.com\\\/avatar\\\/b7ab31bc55956af4a9bebf7fd034761212b11b803b7e39464914d6abeefb12f3?s=96&d=mm&r=g\",\"caption\":\"Achim\"},\"logo\":{\"@id\":\"https:\\\/\\\/secure.gravatar.com\\\/avatar\\\/b7ab31bc55956af4a9bebf7fd034761212b11b803b7e39464914d6abeefb12f3?s=96&d=mm&r=g\"},\"url\":\"https:\\\/\\\/jblanz.de\\\/WP\\\/author\\\/achim\\\/\"}]}<\/script>\n<!-- \/ Yoast SEO plugin. -->","yoast_head_json":{"title":"11. Mai 2025 - Weiterfahrt nach Krems an der Donau - Reiseblog von Karin &amp; Joachim","robots":{"index":"index","follow":"follow","max-snippet":"max-snippet:-1","max-image-preview":"max-image-preview:large","max-video-preview":"max-video-preview:-1"},"canonical":"https:\/\/jblanz.de\/WP\/11-mai-2025-weiterfahrt-nach-krems-an-der-donau\/","og_locale":"de_DE","og_type":"article","og_title":"11. Mai 2025 - Weiterfahrt nach Krems an der Donau - Reiseblog von Karin &amp; Joachim","og_description":"Vor der Abfahrt hatte Karin zum heutigen Muttertag ihre Mutter angerufen, die jedoch nur \u00fcber starke R\u00fcckenschmerzen klagte und uns","og_url":"https:\/\/jblanz.de\/WP\/11-mai-2025-weiterfahrt-nach-krems-an-der-donau\/","og_site_name":"Reiseblog von Karin &amp; Joachim","article_published_time":"2025-05-12T05:50:51+00:00","article_modified_time":"2025-05-14T18:12:00+00:00","og_image":[{"width":2560,"height":1440,"url":"https:\/\/jblanz.de\/WP\/wp-content\/uploads\/2025\/05\/25Slowakei-104-scaled.jpg","type":"image\/jpeg"}],"author":"Achim","twitter_card":"summary_large_image","twitter_misc":{"Verfasst von":"Achim","Gesch\u00e4tzte Lesezeit":"9\u00a0Minuten"},"schema":{"@context":"https:\/\/schema.org","@graph":[{"@type":"Article","@id":"https:\/\/jblanz.de\/WP\/11-mai-2025-weiterfahrt-nach-krems-an-der-donau\/#article","isPartOf":{"@id":"https:\/\/jblanz.de\/WP\/11-mai-2025-weiterfahrt-nach-krems-an-der-donau\/"},"author":{"name":"Achim","@id":"https:\/\/jblanz.de\/WP\/#\/schema\/person\/17a70f07162e42bc0b181c22397286e0"},"headline":"11. Mai 2025 &#8211; Weiterfahrt nach Krems an der Donau","datePublished":"2025-05-12T05:50:51+00:00","dateModified":"2025-05-14T18:12:00+00:00","mainEntityOfPage":{"@id":"https:\/\/jblanz.de\/WP\/11-mai-2025-weiterfahrt-nach-krems-an-der-donau\/"},"wordCount":486,"commentCount":0,"publisher":{"@id":"https:\/\/jblanz.de\/WP\/#\/schema\/person\/17a70f07162e42bc0b181c22397286e0"},"image":{"@id":"https:\/\/jblanz.de\/WP\/11-mai-2025-weiterfahrt-nach-krems-an-der-donau\/#primaryimage"},"thumbnailUrl":"https:\/\/jblanz.de\/WP\/wp-content\/uploads\/2025\/05\/25Slowakei-104-scaled.jpg","articleSection":["2020+","2025","2025","Europa","Jahr","\u00d6sterreich"],"inLanguage":"de","potentialAction":[{"@type":"CommentAction","name":"Comment","target":["https:\/\/jblanz.de\/WP\/11-mai-2025-weiterfahrt-nach-krems-an-der-donau\/#respond"]}]},{"@type":"WebPage","@id":"https:\/\/jblanz.de\/WP\/11-mai-2025-weiterfahrt-nach-krems-an-der-donau\/","url":"https:\/\/jblanz.de\/WP\/11-mai-2025-weiterfahrt-nach-krems-an-der-donau\/","name":"11. Mai 2025 - Weiterfahrt nach Krems an der Donau - Reiseblog von Karin &amp; Joachim","isPartOf":{"@id":"https:\/\/jblanz.de\/WP\/#website"},"primaryImageOfPage":{"@id":"https:\/\/jblanz.de\/WP\/11-mai-2025-weiterfahrt-nach-krems-an-der-donau\/#primaryimage"},"image":{"@id":"https:\/\/jblanz.de\/WP\/11-mai-2025-weiterfahrt-nach-krems-an-der-donau\/#primaryimage"},"thumbnailUrl":"https:\/\/jblanz.de\/WP\/wp-content\/uploads\/2025\/05\/25Slowakei-104-scaled.jpg","datePublished":"2025-05-12T05:50:51+00:00","dateModified":"2025-05-14T18:12:00+00:00","breadcrumb":{"@id":"https:\/\/jblanz.de\/WP\/11-mai-2025-weiterfahrt-nach-krems-an-der-donau\/#breadcrumb"},"inLanguage":"de","potentialAction":[{"@type":"ReadAction","target":["https:\/\/jblanz.de\/WP\/11-mai-2025-weiterfahrt-nach-krems-an-der-donau\/"]}]},{"@type":"ImageObject","inLanguage":"de","@id":"https:\/\/jblanz.de\/WP\/11-mai-2025-weiterfahrt-nach-krems-an-der-donau\/#primaryimage","url":"https:\/\/jblanz.de\/WP\/wp-content\/uploads\/2025\/05\/25Slowakei-104-scaled.jpg","contentUrl":"https:\/\/jblanz.de\/WP\/wp-content\/uploads\/2025\/05\/25Slowakei-104-scaled.jpg","width":2560,"height":1440},{"@type":"BreadcrumbList","@id":"https:\/\/jblanz.de\/WP\/11-mai-2025-weiterfahrt-nach-krems-an-der-donau\/#breadcrumb","itemListElement":[{"@type":"ListItem","position":1,"name":"Startseite","item":"https:\/\/jblanz.de\/WP\/"},{"@type":"ListItem","position":2,"name":"11. Mai 2025 &#8211; Weiterfahrt nach Krems an der Donau"}]},{"@type":"WebSite","@id":"https:\/\/jblanz.de\/WP\/#website","url":"https:\/\/jblanz.de\/WP\/","name":"Reiseblog von Karin & Joachim","description":"Wir schreiben den Blog f\u00fcr uns als Erinnerung - f\u00fcr euch als Inspiration","publisher":{"@id":"https:\/\/jblanz.de\/WP\/#\/schema\/person\/17a70f07162e42bc0b181c22397286e0"},"potentialAction":[{"@type":"SearchAction","target":{"@type":"EntryPoint","urlTemplate":"https:\/\/jblanz.de\/WP\/?s={search_term_string}"},"query-input":{"@type":"PropertyValueSpecification","valueRequired":true,"valueName":"search_term_string"}}],"inLanguage":"de"},{"@type":["Person","Organization"],"@id":"https:\/\/jblanz.de\/WP\/#\/schema\/person\/17a70f07162e42bc0b181c22397286e0","name":"Achim","image":{"@type":"ImageObject","inLanguage":"de","@id":"https:\/\/secure.gravatar.com\/avatar\/b7ab31bc55956af4a9bebf7fd034761212b11b803b7e39464914d6abeefb12f3?s=96&d=mm&r=g","url":"https:\/\/secure.gravatar.com\/avatar\/b7ab31bc55956af4a9bebf7fd034761212b11b803b7e39464914d6abeefb12f3?s=96&d=mm&r=g","contentUrl":"https:\/\/secure.gravatar.com\/avatar\/b7ab31bc55956af4a9bebf7fd034761212b11b803b7e39464914d6abeefb12f3?s=96&d=mm&r=g","caption":"Achim"},"logo":{"@id":"https:\/\/secure.gravatar.com\/avatar\/b7ab31bc55956af4a9bebf7fd034761212b11b803b7e39464914d6abeefb12f3?s=96&d=mm&r=g"},"url":"https:\/\/jblanz.de\/WP\/author\/achim\/"}]}},"_links":{"self":[{"href":"https:\/\/jblanz.de\/WP\/wp-json\/wp\/v2\/posts\/27597","targetHints":{"allow":["GET"]}}],"collection":[{"href":"https:\/\/jblanz.de\/WP\/wp-json\/wp\/v2\/posts"}],"about":[{"href":"https:\/\/jblanz.de\/WP\/wp-json\/wp\/v2\/types\/post"}],"author":[{"embeddable":true,"href":"https:\/\/jblanz.de\/WP\/wp-json\/wp\/v2\/users\/1"}],"replies":[{"embeddable":true,"href":"https:\/\/jblanz.de\/WP\/wp-json\/wp\/v2\/comments?post=27597"}],"version-history":[{"count":0,"href":"https:\/\/jblanz.de\/WP\/wp-json\/wp\/v2\/posts\/27597\/revisions"}],"wp:featuredmedia":[{"embeddable":true,"href":"https:\/\/jblanz.de\/WP\/wp-json\/wp\/v2\/media\/27605"}],"wp:attachment":[{"href":"https:\/\/jblanz.de\/WP\/wp-json\/wp\/v2\/media?parent=27597"}],"wp:term":[{"taxonomy":"category","embeddable":true,"href":"https:\/\/jblanz.de\/WP\/wp-json\/wp\/v2\/categories?post=27597"},{"taxonomy":"post_tag","embeddable":true,"href":"https:\/\/jblanz.de\/WP\/wp-json\/wp\/v2\/tags?post=27597"}],"curies":[{"name":"wp","href":"https:\/\/api.w.org\/{rel}","templated":true}]}}