{"id":28542,"date":"2025-11-13T18:43:49","date_gmt":"2025-11-13T17:43:49","guid":{"rendered":"https:\/\/jblanz.de\/WP\/?p=28542"},"modified":"2025-11-21T12:08:31","modified_gmt":"2025-11-21T11:08:31","slug":"13-november-2025-flug-nach-fuertoventura","status":"publish","type":"post","link":"https:\/\/jblanz.de\/WP\/13-november-2025-flug-nach-fuertoventura\/","title":{"rendered":"13. November 2025 &#8211; Flug nach Fuerteventura"},"content":{"rendered":"\n<p>Heute morgen holte uns Sarah um 8:45 Uhr ab und brachte uns zum Flughafen Basel\/Mulhouse. Um 9:15 Uhr waren wir da, stellten uns sofort bei der Gep\u00e4ckabgabe von Easyjet an und waren unsere Koffer um 9:45 Uhr los. Hinter uns wurde die Schlange immer l\u00e4nger, daher waren wir froh doch schon vor offizieller \u00d6ffnung der Gep\u00e4ckabgabe angekommen zu sein.\u00a0<\/p>\n\n\n\n<figure class=\"wp-block-image size-large\"><img loading=\"lazy\" decoding=\"async\" width=\"1024\" height=\"576\" src=\"https:\/\/jblanz.de\/WP\/wp-content\/uploads\/2025\/11\/25Fuerte-2-1024x576.jpg\" alt=\"\" class=\"wp-image-28561\" srcset=\"https:\/\/jblanz.de\/WP\/wp-content\/uploads\/2025\/11\/25Fuerte-2-1024x576.jpg 1024w, https:\/\/jblanz.de\/WP\/wp-content\/uploads\/2025\/11\/25Fuerte-2-300x169.jpg 300w, https:\/\/jblanz.de\/WP\/wp-content\/uploads\/2025\/11\/25Fuerte-2-768x432.jpg 768w, https:\/\/jblanz.de\/WP\/wp-content\/uploads\/2025\/11\/25Fuerte-2-1536x864.jpg 1536w, https:\/\/jblanz.de\/WP\/wp-content\/uploads\/2025\/11\/25Fuerte-2-2048x1152.jpg 2048w\" sizes=\"auto, (max-width: 1024px) 100vw, 1024px\" \/><\/figure>\n\n\n\n<p>Gegen 10:15 Uhr gingen wir durch die Sicherheitskontrolle und direkt weiter zum Gate 1. So blieben uns noch ca. 20 Minuten bis zum Boarding um 10:50 Uhr. P\u00fcnktlich um 11:31 Uhr startete der Flieger. Wir landeten um 16 Uhr (Ortszeit 15 Uhr) mit 5 Minuten Versp\u00e4tung. Die lange Wartezeit, bis das Gep\u00e4ck ausgeliefert wurde, nutzten wir um schon den Papierkram f\u00fcr unseren Mietwagen zu erledigen (Kaution 350 \u20ac). Wir liessen uns auf den Mietpapieren vermerken, dass wir mit dem Auto auch nach Lanzarote \u00fcbersetzen d\u00fcrfen, dann kam das Gep\u00e4ck am Rollband an. Kurzer Weg zum Parkplatz, Mietwagenschl\u00fcssel \u00fcbernommen, Gep\u00e4ck eingeladen, Sch\u00e4den am Fahrzeug dokumentiert und schon waren wir unterwegs zum Hotel Rural Mahoh, in dem wir uns 2 N\u00e4chte eingebucht hatten.<\/p>\n\n\n\n<p>Ich habe noch gar nicht erw\u00e4hnt, dass es am Flughafen in Fuerteventura kurz vor unserer Ankunft geregnet hatte. Man sah noch die Regenwolken mit einem Regenbogen durch die Fenster des Flughafens. Die Fahrt zum Hotel war trocken, aber kaum hatten wir das Gep\u00e4ck ausgeladen, fing es an zu regnen. Der Sturm, der Deutschland morgen 21\u00b0C bescheren soll, f\u00fchrte hier zu einem Wetterumschwung. Gestern schien wohl den ganzen Tag die Sonne und wir hoffen, dass es morgen wieder sonnig wird.<\/p>\n\n\n\n<figure class=\"wp-block-gallery has-nested-images columns-2 is-cropped wp-block-gallery-2 is-layout-flex wp-block-gallery-is-layout-flex\">\n<figure class=\"wp-block-image size-full\"><img loading=\"lazy\" decoding=\"async\" width=\"2560\" height=\"1440\" data-id=\"28564\" src=\"https:\/\/jblanz.de\/WP\/wp-content\/uploads\/2025\/11\/25Fuerte-3-scaled.jpg\" alt=\"\" class=\"wp-image-28564\" srcset=\"https:\/\/jblanz.de\/WP\/wp-content\/uploads\/2025\/11\/25Fuerte-3-scaled.jpg 2560w, https:\/\/jblanz.de\/WP\/wp-content\/uploads\/2025\/11\/25Fuerte-3-300x169.jpg 300w, https:\/\/jblanz.de\/WP\/wp-content\/uploads\/2025\/11\/25Fuerte-3-1024x576.jpg 1024w, https:\/\/jblanz.de\/WP\/wp-content\/uploads\/2025\/11\/25Fuerte-3-768x432.jpg 768w, https:\/\/jblanz.de\/WP\/wp-content\/uploads\/2025\/11\/25Fuerte-3-1536x864.jpg 1536w, https:\/\/jblanz.de\/WP\/wp-content\/uploads\/2025\/11\/25Fuerte-3-2048x1152.jpg 2048w\" sizes=\"auto, (max-width: 2560px) 100vw, 2560px\" \/><\/figure>\n\n\n\n<figure class=\"wp-block-image size-full\"><img loading=\"lazy\" decoding=\"async\" width=\"2560\" height=\"1440\" data-id=\"28562\" src=\"https:\/\/jblanz.de\/WP\/wp-content\/uploads\/2025\/11\/25Fuerte-4-scaled.jpg\" alt=\"\" class=\"wp-image-28562\" srcset=\"https:\/\/jblanz.de\/WP\/wp-content\/uploads\/2025\/11\/25Fuerte-4-scaled.jpg 2560w, https:\/\/jblanz.de\/WP\/wp-content\/uploads\/2025\/11\/25Fuerte-4-300x169.jpg 300w, https:\/\/jblanz.de\/WP\/wp-content\/uploads\/2025\/11\/25Fuerte-4-1024x576.jpg 1024w, https:\/\/jblanz.de\/WP\/wp-content\/uploads\/2025\/11\/25Fuerte-4-768x432.jpg 768w, https:\/\/jblanz.de\/WP\/wp-content\/uploads\/2025\/11\/25Fuerte-4-1536x864.jpg 1536w, https:\/\/jblanz.de\/WP\/wp-content\/uploads\/2025\/11\/25Fuerte-4-2048x1152.jpg 2048w\" sizes=\"auto, (max-width: 2560px) 100vw, 2560px\" \/><\/figure>\n\n\n\n<figure class=\"wp-block-image size-full\"><img loading=\"lazy\" decoding=\"async\" width=\"2560\" height=\"1440\" data-id=\"28563\" src=\"https:\/\/jblanz.de\/WP\/wp-content\/uploads\/2025\/11\/25Fuerte-7-scaled.jpg\" alt=\"\" class=\"wp-image-28563\" srcset=\"https:\/\/jblanz.de\/WP\/wp-content\/uploads\/2025\/11\/25Fuerte-7-scaled.jpg 2560w, https:\/\/jblanz.de\/WP\/wp-content\/uploads\/2025\/11\/25Fuerte-7-300x169.jpg 300w, https:\/\/jblanz.de\/WP\/wp-content\/uploads\/2025\/11\/25Fuerte-7-1024x576.jpg 1024w, https:\/\/jblanz.de\/WP\/wp-content\/uploads\/2025\/11\/25Fuerte-7-768x432.jpg 768w, https:\/\/jblanz.de\/WP\/wp-content\/uploads\/2025\/11\/25Fuerte-7-1536x864.jpg 1536w, https:\/\/jblanz.de\/WP\/wp-content\/uploads\/2025\/11\/25Fuerte-7-2048x1152.jpg 2048w\" sizes=\"auto, (max-width: 2560px) 100vw, 2560px\" \/><\/figure>\n<\/figure>\n\n\n\n<p>Unterwegs nur W\u00fcstengegend mit grossen Kakteen. Das Hotel hatte eine recht grosses gem\u00fctlich eingerichtetes Restaurant, Mauern aus Lavastein und ein grosser Grill. Unser Zimmer lag gleich neben dem Restaurant. Wir bestellten einen Tisch f\u00fcr das Abendessen um 19 Uhr. <\/p>\n\n\n\n<figure class=\"wp-block-gallery has-nested-images columns-2 is-cropped wp-block-gallery-3 is-layout-flex wp-block-gallery-is-layout-flex\">\n<figure class=\"wp-block-image size-full\"><img loading=\"lazy\" decoding=\"async\" width=\"2560\" height=\"1440\" data-id=\"28566\" src=\"https:\/\/jblanz.de\/WP\/wp-content\/uploads\/2025\/11\/25Fuerte-14-scaled.jpg\" alt=\"\" class=\"wp-image-28566\" srcset=\"https:\/\/jblanz.de\/WP\/wp-content\/uploads\/2025\/11\/25Fuerte-14-scaled.jpg 2560w, https:\/\/jblanz.de\/WP\/wp-content\/uploads\/2025\/11\/25Fuerte-14-300x169.jpg 300w, https:\/\/jblanz.de\/WP\/wp-content\/uploads\/2025\/11\/25Fuerte-14-1024x576.jpg 1024w, https:\/\/jblanz.de\/WP\/wp-content\/uploads\/2025\/11\/25Fuerte-14-768x432.jpg 768w, https:\/\/jblanz.de\/WP\/wp-content\/uploads\/2025\/11\/25Fuerte-14-1536x864.jpg 1536w, https:\/\/jblanz.de\/WP\/wp-content\/uploads\/2025\/11\/25Fuerte-14-2048x1152.jpg 2048w\" sizes=\"auto, (max-width: 2560px) 100vw, 2560px\" \/><\/figure>\n\n\n\n<figure class=\"wp-block-image size-full\"><img loading=\"lazy\" decoding=\"async\" width=\"2560\" height=\"1440\" data-id=\"28568\" src=\"https:\/\/jblanz.de\/WP\/wp-content\/uploads\/2025\/11\/25Fuerte-16-scaled.jpg\" alt=\"\" class=\"wp-image-28568\" srcset=\"https:\/\/jblanz.de\/WP\/wp-content\/uploads\/2025\/11\/25Fuerte-16-scaled.jpg 2560w, https:\/\/jblanz.de\/WP\/wp-content\/uploads\/2025\/11\/25Fuerte-16-300x169.jpg 300w, https:\/\/jblanz.de\/WP\/wp-content\/uploads\/2025\/11\/25Fuerte-16-1024x576.jpg 1024w, https:\/\/jblanz.de\/WP\/wp-content\/uploads\/2025\/11\/25Fuerte-16-768x432.jpg 768w, https:\/\/jblanz.de\/WP\/wp-content\/uploads\/2025\/11\/25Fuerte-16-1536x864.jpg 1536w, https:\/\/jblanz.de\/WP\/wp-content\/uploads\/2025\/11\/25Fuerte-16-2048x1152.jpg 2048w\" sizes=\"auto, (max-width: 2560px) 100vw, 2560px\" \/><\/figure>\n\n\n\n<figure class=\"wp-block-image size-full\"><img loading=\"lazy\" decoding=\"async\" width=\"2560\" height=\"1440\" data-id=\"28569\" src=\"https:\/\/jblanz.de\/WP\/wp-content\/uploads\/2025\/11\/25Fuerte-19-scaled.jpg\" alt=\"\" class=\"wp-image-28569\" srcset=\"https:\/\/jblanz.de\/WP\/wp-content\/uploads\/2025\/11\/25Fuerte-19-scaled.jpg 2560w, https:\/\/jblanz.de\/WP\/wp-content\/uploads\/2025\/11\/25Fuerte-19-300x169.jpg 300w, https:\/\/jblanz.de\/WP\/wp-content\/uploads\/2025\/11\/25Fuerte-19-1024x576.jpg 1024w, https:\/\/jblanz.de\/WP\/wp-content\/uploads\/2025\/11\/25Fuerte-19-768x432.jpg 768w, https:\/\/jblanz.de\/WP\/wp-content\/uploads\/2025\/11\/25Fuerte-19-1536x864.jpg 1536w, https:\/\/jblanz.de\/WP\/wp-content\/uploads\/2025\/11\/25Fuerte-19-2048x1152.jpg 2048w\" sizes=\"auto, (max-width: 2560px) 100vw, 2560px\" \/><\/figure>\n\n\n\n<figure class=\"wp-block-image size-full\"><img loading=\"lazy\" decoding=\"async\" width=\"2560\" height=\"1440\" data-id=\"28567\" src=\"https:\/\/jblanz.de\/WP\/wp-content\/uploads\/2025\/11\/25Fuerte-18-scaled.jpg\" alt=\"\" class=\"wp-image-28567\" srcset=\"https:\/\/jblanz.de\/WP\/wp-content\/uploads\/2025\/11\/25Fuerte-18-scaled.jpg 2560w, https:\/\/jblanz.de\/WP\/wp-content\/uploads\/2025\/11\/25Fuerte-18-300x169.jpg 300w, https:\/\/jblanz.de\/WP\/wp-content\/uploads\/2025\/11\/25Fuerte-18-1024x576.jpg 1024w, https:\/\/jblanz.de\/WP\/wp-content\/uploads\/2025\/11\/25Fuerte-18-768x432.jpg 768w, https:\/\/jblanz.de\/WP\/wp-content\/uploads\/2025\/11\/25Fuerte-18-1536x864.jpg 1536w, https:\/\/jblanz.de\/WP\/wp-content\/uploads\/2025\/11\/25Fuerte-18-2048x1152.jpg 2048w\" sizes=\"auto, (max-width: 2560px) 100vw, 2560px\" \/><\/figure>\n<\/figure>\n\n\n\n<p>Um 19 Uhr ging es zum Abendessen. Da wir Halbpension gebucht hatten, konnten wir von der Karte aussuchen, nur die Getr\u00e4nke gingen extra. Die Vorspeisen &#8222;Knuspergarnelen mit gebratenen Papayas und gr\u00fcnem Salat&#8220; und eine K\u00e4seplatte er\u00f6ffneten das Essen, dann gab es einen gegrillten Fisch mit Kartoffeln und Salat bzw ein Rinderfilet mit Pfeffersauce. Die Nachspeisen &#8222;K\u00e4sekuchen mit Maulbeermarmalade&#8220; und &#8222;Feigeneis mit Ziegenk\u00e4sejoghurtschaum&#8220; schmeckten sehr gut, aber wir konnten einfach nicht mehr alles essen. Der Wein tat seine Wirkung und so verliessen wir das Restaurant etwas \u00fcberhastet, fielen ins Bett und schliefen sofort ein.\u00a0<\/p>\n\n\n\n<figure class=\"wp-block-gallery has-nested-images columns-2 is-cropped wp-block-gallery-4 is-layout-flex wp-block-gallery-is-layout-flex\">\n<figure class=\"wp-block-image size-full\"><img loading=\"lazy\" decoding=\"async\" width=\"2560\" height=\"1440\" data-id=\"28554\" src=\"https:\/\/jblanz.de\/WP\/wp-content\/uploads\/2025\/11\/25Fuerte-22-scaled.jpg\" alt=\"\" class=\"wp-image-28554\" srcset=\"https:\/\/jblanz.de\/WP\/wp-content\/uploads\/2025\/11\/25Fuerte-22-scaled.jpg 2560w, https:\/\/jblanz.de\/WP\/wp-content\/uploads\/2025\/11\/25Fuerte-22-300x169.jpg 300w, https:\/\/jblanz.de\/WP\/wp-content\/uploads\/2025\/11\/25Fuerte-22-1024x576.jpg 1024w, https:\/\/jblanz.de\/WP\/wp-content\/uploads\/2025\/11\/25Fuerte-22-768x432.jpg 768w, https:\/\/jblanz.de\/WP\/wp-content\/uploads\/2025\/11\/25Fuerte-22-1536x864.jpg 1536w, https:\/\/jblanz.de\/WP\/wp-content\/uploads\/2025\/11\/25Fuerte-22-2048x1152.jpg 2048w\" sizes=\"auto, (max-width: 2560px) 100vw, 2560px\" \/><\/figure>\n\n\n\n<figure class=\"wp-block-image size-full\"><img loading=\"lazy\" decoding=\"async\" width=\"2560\" height=\"1440\" data-id=\"28558\" src=\"https:\/\/jblanz.de\/WP\/wp-content\/uploads\/2025\/11\/25Fuerte-23-scaled.jpg\" alt=\"\" class=\"wp-image-28558\" srcset=\"https:\/\/jblanz.de\/WP\/wp-content\/uploads\/2025\/11\/25Fuerte-23-scaled.jpg 2560w, https:\/\/jblanz.de\/WP\/wp-content\/uploads\/2025\/11\/25Fuerte-23-300x169.jpg 300w, https:\/\/jblanz.de\/WP\/wp-content\/uploads\/2025\/11\/25Fuerte-23-1024x576.jpg 1024w, https:\/\/jblanz.de\/WP\/wp-content\/uploads\/2025\/11\/25Fuerte-23-768x432.jpg 768w, https:\/\/jblanz.de\/WP\/wp-content\/uploads\/2025\/11\/25Fuerte-23-1536x864.jpg 1536w, https:\/\/jblanz.de\/WP\/wp-content\/uploads\/2025\/11\/25Fuerte-23-2048x1152.jpg 2048w\" sizes=\"auto, (max-width: 2560px) 100vw, 2560px\" \/><\/figure>\n\n\n\n<figure class=\"wp-block-image size-full\"><img loading=\"lazy\" decoding=\"async\" width=\"2560\" height=\"1440\" data-id=\"28555\" src=\"https:\/\/jblanz.de\/WP\/wp-content\/uploads\/2025\/11\/25Fuerte-24-scaled.jpg\" alt=\"\" class=\"wp-image-28555\" srcset=\"https:\/\/jblanz.de\/WP\/wp-content\/uploads\/2025\/11\/25Fuerte-24-scaled.jpg 2560w, https:\/\/jblanz.de\/WP\/wp-content\/uploads\/2025\/11\/25Fuerte-24-300x169.jpg 300w, https:\/\/jblanz.de\/WP\/wp-content\/uploads\/2025\/11\/25Fuerte-24-1024x576.jpg 1024w, https:\/\/jblanz.de\/WP\/wp-content\/uploads\/2025\/11\/25Fuerte-24-768x432.jpg 768w, https:\/\/jblanz.de\/WP\/wp-content\/uploads\/2025\/11\/25Fuerte-24-1536x864.jpg 1536w, https:\/\/jblanz.de\/WP\/wp-content\/uploads\/2025\/11\/25Fuerte-24-2048x1152.jpg 2048w\" sizes=\"auto, (max-width: 2560px) 100vw, 2560px\" \/><\/figure>\n\n\n\n<figure class=\"wp-block-image size-full\"><img loading=\"lazy\" decoding=\"async\" width=\"2560\" height=\"1440\" data-id=\"28557\" src=\"https:\/\/jblanz.de\/WP\/wp-content\/uploads\/2025\/11\/25Fuerte-25-scaled.jpg\" alt=\"\" class=\"wp-image-28557\" srcset=\"https:\/\/jblanz.de\/WP\/wp-content\/uploads\/2025\/11\/25Fuerte-25-scaled.jpg 2560w, https:\/\/jblanz.de\/WP\/wp-content\/uploads\/2025\/11\/25Fuerte-25-300x169.jpg 300w, https:\/\/jblanz.de\/WP\/wp-content\/uploads\/2025\/11\/25Fuerte-25-1024x576.jpg 1024w, https:\/\/jblanz.de\/WP\/wp-content\/uploads\/2025\/11\/25Fuerte-25-768x432.jpg 768w, https:\/\/jblanz.de\/WP\/wp-content\/uploads\/2025\/11\/25Fuerte-25-1536x864.jpg 1536w, https:\/\/jblanz.de\/WP\/wp-content\/uploads\/2025\/11\/25Fuerte-25-2048x1152.jpg 2048w\" sizes=\"auto, (max-width: 2560px) 100vw, 2560px\" \/><\/figure>\n\n\n\n<figure class=\"wp-block-image size-full\"><img loading=\"lazy\" decoding=\"async\" width=\"2560\" height=\"1440\" data-id=\"28556\" src=\"https:\/\/jblanz.de\/WP\/wp-content\/uploads\/2025\/11\/25Fuerte-26-scaled.jpg\" alt=\"\" class=\"wp-image-28556\" srcset=\"https:\/\/jblanz.de\/WP\/wp-content\/uploads\/2025\/11\/25Fuerte-26-scaled.jpg 2560w, https:\/\/jblanz.de\/WP\/wp-content\/uploads\/2025\/11\/25Fuerte-26-300x169.jpg 300w, https:\/\/jblanz.de\/WP\/wp-content\/uploads\/2025\/11\/25Fuerte-26-1024x576.jpg 1024w, https:\/\/jblanz.de\/WP\/wp-content\/uploads\/2025\/11\/25Fuerte-26-768x432.jpg 768w, https:\/\/jblanz.de\/WP\/wp-content\/uploads\/2025\/11\/25Fuerte-26-1536x864.jpg 1536w, https:\/\/jblanz.de\/WP\/wp-content\/uploads\/2025\/11\/25Fuerte-26-2048x1152.jpg 2048w\" sizes=\"auto, (max-width: 2560px) 100vw, 2560px\" \/><\/figure>\n\n\n\n<figure class=\"wp-block-image size-full\"><img loading=\"lazy\" decoding=\"async\" width=\"2560\" height=\"1440\" data-id=\"28553\" src=\"https:\/\/jblanz.de\/WP\/wp-content\/uploads\/2025\/11\/25Fuerte-27-scaled.jpg\" alt=\"\" class=\"wp-image-28553\" srcset=\"https:\/\/jblanz.de\/WP\/wp-content\/uploads\/2025\/11\/25Fuerte-27-scaled.jpg 2560w, https:\/\/jblanz.de\/WP\/wp-content\/uploads\/2025\/11\/25Fuerte-27-300x169.jpg 300w, https:\/\/jblanz.de\/WP\/wp-content\/uploads\/2025\/11\/25Fuerte-27-1024x576.jpg 1024w, https:\/\/jblanz.de\/WP\/wp-content\/uploads\/2025\/11\/25Fuerte-27-768x432.jpg 768w, https:\/\/jblanz.de\/WP\/wp-content\/uploads\/2025\/11\/25Fuerte-27-1536x864.jpg 1536w, https:\/\/jblanz.de\/WP\/wp-content\/uploads\/2025\/11\/25Fuerte-27-2048x1152.jpg 2048w\" sizes=\"auto, (max-width: 2560px) 100vw, 2560px\" \/><\/figure>\n<\/figure>\n\n\n\n\n","protected":false},"excerpt":{"rendered":"<p>Heute morgen holte uns Sarah um 8:45 Uhr ab und brachte uns zum Flughafen Basel\/Mulhouse. Um 9:15 Uhr waren wir<\/p>\n","protected":false},"author":1,"featured_media":28565,"comment_status":"open","ping_status":"open","sticky":false,"template":"","format":"standard","meta":{"colormag_page_container_layout":"default_layout","colormag_page_sidebar_layout":"default_layout","_monsterinsights_skip_tracking":false,"_monsterinsights_sitenote_active":false,"_monsterinsights_sitenote_note":"","_monsterinsights_sitenote_category":0,"footnotes":""},"categories":[315,314,159,348,268,307,197],"tags":[],"class_list":["post-28542","post","type-post","status-publish","format-standard","has-post-thumbnail","hentry","category-2025-2020-jahr","category-314","category-europa","category-fuerteventura","category-jahr","category-k-z","category-spanien"],"yoast_head":"<!-- This site is optimized with the Yoast SEO plugin v27.4 - https:\/\/yoast.com\/product\/yoast-seo-wordpress\/ -->\n<title>13. November 2025 - Flug nach Fuerteventura - Reiseblog von Karin &amp; Joachim<\/title>\n<meta name=\"robots\" content=\"index, follow, max-snippet:-1, max-image-preview:large, max-video-preview:-1\" \/>\n<link rel=\"canonical\" href=\"https:\/\/jblanz.de\/WP\/13-november-2025-flug-nach-fuertoventura\/\" \/>\n<meta property=\"og:locale\" content=\"de_DE\" \/>\n<meta property=\"og:type\" content=\"article\" \/>\n<meta property=\"og:title\" content=\"13. November 2025 - Flug nach Fuerteventura - Reiseblog von Karin &amp; Joachim\" \/>\n<meta property=\"og:description\" content=\"Heute morgen holte uns Sarah um 8:45 Uhr ab und brachte uns zum Flughafen Basel\/Mulhouse. Um 9:15 Uhr waren wir\" \/>\n<meta property=\"og:url\" content=\"https:\/\/jblanz.de\/WP\/13-november-2025-flug-nach-fuertoventura\/\" \/>\n<meta property=\"og:site_name\" content=\"Reiseblog von Karin &amp; Joachim\" \/>\n<meta property=\"article:published_time\" content=\"2025-11-13T17:43:49+00:00\" \/>\n<meta property=\"article:modified_time\" content=\"2025-11-21T11:08:31+00:00\" \/>\n<meta property=\"og:image\" content=\"https:\/\/jblanz.de\/WP\/wp-content\/uploads\/2025\/11\/25Fuerte-8-scaled.jpg\" \/>\n\t<meta property=\"og:image:width\" content=\"2560\" \/>\n\t<meta property=\"og:image:height\" content=\"1440\" \/>\n\t<meta property=\"og:image:type\" content=\"image\/jpeg\" \/>\n<meta name=\"author\" content=\"Achim\" \/>\n<meta name=\"twitter:card\" content=\"summary_large_image\" \/>\n<meta name=\"twitter:label1\" content=\"Verfasst von\" \/>\n\t<meta name=\"twitter:data1\" content=\"Achim\" \/>\n\t<meta name=\"twitter:label2\" content=\"Gesch\u00e4tzte Lesezeit\" \/>\n\t<meta name=\"twitter:data2\" content=\"6\u00a0Minuten\" \/>\n<script type=\"application\/ld+json\" class=\"yoast-schema-graph\">{\"@context\":\"https:\\\/\\\/schema.org\",\"@graph\":[{\"@type\":\"Article\",\"@id\":\"https:\\\/\\\/jblanz.de\\\/WP\\\/13-november-2025-flug-nach-fuertoventura\\\/#article\",\"isPartOf\":{\"@id\":\"https:\\\/\\\/jblanz.de\\\/WP\\\/13-november-2025-flug-nach-fuertoventura\\\/\"},\"author\":{\"name\":\"Achim\",\"@id\":\"https:\\\/\\\/jblanz.de\\\/WP\\\/#\\\/schema\\\/person\\\/17a70f07162e42bc0b181c22397286e0\"},\"headline\":\"13. November 2025 &#8211; Flug nach Fuerteventura\",\"datePublished\":\"2025-11-13T17:43:49+00:00\",\"dateModified\":\"2025-11-21T11:08:31+00:00\",\"mainEntityOfPage\":{\"@id\":\"https:\\\/\\\/jblanz.de\\\/WP\\\/13-november-2025-flug-nach-fuertoventura\\\/\"},\"wordCount\":406,\"commentCount\":0,\"publisher\":{\"@id\":\"https:\\\/\\\/jblanz.de\\\/WP\\\/#\\\/schema\\\/person\\\/17a70f07162e42bc0b181c22397286e0\"},\"image\":{\"@id\":\"https:\\\/\\\/jblanz.de\\\/WP\\\/13-november-2025-flug-nach-fuertoventura\\\/#primaryimage\"},\"thumbnailUrl\":\"https:\\\/\\\/jblanz.de\\\/WP\\\/wp-content\\\/uploads\\\/2025\\\/11\\\/25Fuerte-8-scaled.jpg\",\"articleSection\":[\"2025\",\"2025\",\"Europa\",\"Fuerteventura\",\"Jahr\",\"K-Z\",\"Spanien\"],\"inLanguage\":\"de\",\"potentialAction\":[{\"@type\":\"CommentAction\",\"name\":\"Comment\",\"target\":[\"https:\\\/\\\/jblanz.de\\\/WP\\\/13-november-2025-flug-nach-fuertoventura\\\/#respond\"]}]},{\"@type\":\"WebPage\",\"@id\":\"https:\\\/\\\/jblanz.de\\\/WP\\\/13-november-2025-flug-nach-fuertoventura\\\/\",\"url\":\"https:\\\/\\\/jblanz.de\\\/WP\\\/13-november-2025-flug-nach-fuertoventura\\\/\",\"name\":\"13. November 2025 - Flug nach Fuerteventura - Reiseblog von Karin &amp; Joachim\",\"isPartOf\":{\"@id\":\"https:\\\/\\\/jblanz.de\\\/WP\\\/#website\"},\"primaryImageOfPage\":{\"@id\":\"https:\\\/\\\/jblanz.de\\\/WP\\\/13-november-2025-flug-nach-fuertoventura\\\/#primaryimage\"},\"image\":{\"@id\":\"https:\\\/\\\/jblanz.de\\\/WP\\\/13-november-2025-flug-nach-fuertoventura\\\/#primaryimage\"},\"thumbnailUrl\":\"https:\\\/\\\/jblanz.de\\\/WP\\\/wp-content\\\/uploads\\\/2025\\\/11\\\/25Fuerte-8-scaled.jpg\",\"datePublished\":\"2025-11-13T17:43:49+00:00\",\"dateModified\":\"2025-11-21T11:08:31+00:00\",\"breadcrumb\":{\"@id\":\"https:\\\/\\\/jblanz.de\\\/WP\\\/13-november-2025-flug-nach-fuertoventura\\\/#breadcrumb\"},\"inLanguage\":\"de\",\"potentialAction\":[{\"@type\":\"ReadAction\",\"target\":[\"https:\\\/\\\/jblanz.de\\\/WP\\\/13-november-2025-flug-nach-fuertoventura\\\/\"]}]},{\"@type\":\"ImageObject\",\"inLanguage\":\"de\",\"@id\":\"https:\\\/\\\/jblanz.de\\\/WP\\\/13-november-2025-flug-nach-fuertoventura\\\/#primaryimage\",\"url\":\"https:\\\/\\\/jblanz.de\\\/WP\\\/wp-content\\\/uploads\\\/2025\\\/11\\\/25Fuerte-8-scaled.jpg\",\"contentUrl\":\"https:\\\/\\\/jblanz.de\\\/WP\\\/wp-content\\\/uploads\\\/2025\\\/11\\\/25Fuerte-8-scaled.jpg\",\"width\":2560,\"height\":1440},{\"@type\":\"BreadcrumbList\",\"@id\":\"https:\\\/\\\/jblanz.de\\\/WP\\\/13-november-2025-flug-nach-fuertoventura\\\/#breadcrumb\",\"itemListElement\":[{\"@type\":\"ListItem\",\"position\":1,\"name\":\"Startseite\",\"item\":\"https:\\\/\\\/jblanz.de\\\/WP\\\/\"},{\"@type\":\"ListItem\",\"position\":2,\"name\":\"13. November 2025 &#8211; Flug nach Fuerteventura\"}]},{\"@type\":\"WebSite\",\"@id\":\"https:\\\/\\\/jblanz.de\\\/WP\\\/#website\",\"url\":\"https:\\\/\\\/jblanz.de\\\/WP\\\/\",\"name\":\"Reiseblog von Karin & Joachim\",\"description\":\"Wir schreiben den Blog f\u00fcr uns als Erinnerung - f\u00fcr euch als Inspiration\",\"publisher\":{\"@id\":\"https:\\\/\\\/jblanz.de\\\/WP\\\/#\\\/schema\\\/person\\\/17a70f07162e42bc0b181c22397286e0\"},\"potentialAction\":[{\"@type\":\"SearchAction\",\"target\":{\"@type\":\"EntryPoint\",\"urlTemplate\":\"https:\\\/\\\/jblanz.de\\\/WP\\\/?s={search_term_string}\"},\"query-input\":{\"@type\":\"PropertyValueSpecification\",\"valueRequired\":true,\"valueName\":\"search_term_string\"}}],\"inLanguage\":\"de\"},{\"@type\":[\"Person\",\"Organization\"],\"@id\":\"https:\\\/\\\/jblanz.de\\\/WP\\\/#\\\/schema\\\/person\\\/17a70f07162e42bc0b181c22397286e0\",\"name\":\"Achim\",\"image\":{\"@type\":\"ImageObject\",\"inLanguage\":\"de\",\"@id\":\"https:\\\/\\\/secure.gravatar.com\\\/avatar\\\/b7ab31bc55956af4a9bebf7fd034761212b11b803b7e39464914d6abeefb12f3?s=96&d=mm&r=g\",\"url\":\"https:\\\/\\\/secure.gravatar.com\\\/avatar\\\/b7ab31bc55956af4a9bebf7fd034761212b11b803b7e39464914d6abeefb12f3?s=96&d=mm&r=g\",\"contentUrl\":\"https:\\\/\\\/secure.gravatar.com\\\/avatar\\\/b7ab31bc55956af4a9bebf7fd034761212b11b803b7e39464914d6abeefb12f3?s=96&d=mm&r=g\",\"caption\":\"Achim\"},\"logo\":{\"@id\":\"https:\\\/\\\/secure.gravatar.com\\\/avatar\\\/b7ab31bc55956af4a9bebf7fd034761212b11b803b7e39464914d6abeefb12f3?s=96&d=mm&r=g\"},\"url\":\"https:\\\/\\\/jblanz.de\\\/WP\\\/author\\\/achim\\\/\"}]}<\/script>\n<!-- \/ Yoast SEO plugin. -->","yoast_head_json":{"title":"13. November 2025 - Flug nach Fuerteventura - Reiseblog von Karin &amp; Joachim","robots":{"index":"index","follow":"follow","max-snippet":"max-snippet:-1","max-image-preview":"max-image-preview:large","max-video-preview":"max-video-preview:-1"},"canonical":"https:\/\/jblanz.de\/WP\/13-november-2025-flug-nach-fuertoventura\/","og_locale":"de_DE","og_type":"article","og_title":"13. November 2025 - Flug nach Fuerteventura - Reiseblog von Karin &amp; Joachim","og_description":"Heute morgen holte uns Sarah um 8:45 Uhr ab und brachte uns zum Flughafen Basel\/Mulhouse. Um 9:15 Uhr waren wir","og_url":"https:\/\/jblanz.de\/WP\/13-november-2025-flug-nach-fuertoventura\/","og_site_name":"Reiseblog von Karin &amp; Joachim","article_published_time":"2025-11-13T17:43:49+00:00","article_modified_time":"2025-11-21T11:08:31+00:00","og_image":[{"width":2560,"height":1440,"url":"https:\/\/jblanz.de\/WP\/wp-content\/uploads\/2025\/11\/25Fuerte-8-scaled.jpg","type":"image\/jpeg"}],"author":"Achim","twitter_card":"summary_large_image","twitter_misc":{"Verfasst von":"Achim","Gesch\u00e4tzte Lesezeit":"6\u00a0Minuten"},"schema":{"@context":"https:\/\/schema.org","@graph":[{"@type":"Article","@id":"https:\/\/jblanz.de\/WP\/13-november-2025-flug-nach-fuertoventura\/#article","isPartOf":{"@id":"https:\/\/jblanz.de\/WP\/13-november-2025-flug-nach-fuertoventura\/"},"author":{"name":"Achim","@id":"https:\/\/jblanz.de\/WP\/#\/schema\/person\/17a70f07162e42bc0b181c22397286e0"},"headline":"13. November 2025 &#8211; Flug nach Fuerteventura","datePublished":"2025-11-13T17:43:49+00:00","dateModified":"2025-11-21T11:08:31+00:00","mainEntityOfPage":{"@id":"https:\/\/jblanz.de\/WP\/13-november-2025-flug-nach-fuertoventura\/"},"wordCount":406,"commentCount":0,"publisher":{"@id":"https:\/\/jblanz.de\/WP\/#\/schema\/person\/17a70f07162e42bc0b181c22397286e0"},"image":{"@id":"https:\/\/jblanz.de\/WP\/13-november-2025-flug-nach-fuertoventura\/#primaryimage"},"thumbnailUrl":"https:\/\/jblanz.de\/WP\/wp-content\/uploads\/2025\/11\/25Fuerte-8-scaled.jpg","articleSection":["2025","2025","Europa","Fuerteventura","Jahr","K-Z","Spanien"],"inLanguage":"de","potentialAction":[{"@type":"CommentAction","name":"Comment","target":["https:\/\/jblanz.de\/WP\/13-november-2025-flug-nach-fuertoventura\/#respond"]}]},{"@type":"WebPage","@id":"https:\/\/jblanz.de\/WP\/13-november-2025-flug-nach-fuertoventura\/","url":"https:\/\/jblanz.de\/WP\/13-november-2025-flug-nach-fuertoventura\/","name":"13. November 2025 - Flug nach Fuerteventura - Reiseblog von Karin &amp; Joachim","isPartOf":{"@id":"https:\/\/jblanz.de\/WP\/#website"},"primaryImageOfPage":{"@id":"https:\/\/jblanz.de\/WP\/13-november-2025-flug-nach-fuertoventura\/#primaryimage"},"image":{"@id":"https:\/\/jblanz.de\/WP\/13-november-2025-flug-nach-fuertoventura\/#primaryimage"},"thumbnailUrl":"https:\/\/jblanz.de\/WP\/wp-content\/uploads\/2025\/11\/25Fuerte-8-scaled.jpg","datePublished":"2025-11-13T17:43:49+00:00","dateModified":"2025-11-21T11:08:31+00:00","breadcrumb":{"@id":"https:\/\/jblanz.de\/WP\/13-november-2025-flug-nach-fuertoventura\/#breadcrumb"},"inLanguage":"de","potentialAction":[{"@type":"ReadAction","target":["https:\/\/jblanz.de\/WP\/13-november-2025-flug-nach-fuertoventura\/"]}]},{"@type":"ImageObject","inLanguage":"de","@id":"https:\/\/jblanz.de\/WP\/13-november-2025-flug-nach-fuertoventura\/#primaryimage","url":"https:\/\/jblanz.de\/WP\/wp-content\/uploads\/2025\/11\/25Fuerte-8-scaled.jpg","contentUrl":"https:\/\/jblanz.de\/WP\/wp-content\/uploads\/2025\/11\/25Fuerte-8-scaled.jpg","width":2560,"height":1440},{"@type":"BreadcrumbList","@id":"https:\/\/jblanz.de\/WP\/13-november-2025-flug-nach-fuertoventura\/#breadcrumb","itemListElement":[{"@type":"ListItem","position":1,"name":"Startseite","item":"https:\/\/jblanz.de\/WP\/"},{"@type":"ListItem","position":2,"name":"13. November 2025 &#8211; Flug nach Fuerteventura"}]},{"@type":"WebSite","@id":"https:\/\/jblanz.de\/WP\/#website","url":"https:\/\/jblanz.de\/WP\/","name":"Reiseblog von Karin & Joachim","description":"Wir schreiben den Blog f\u00fcr uns als Erinnerung - f\u00fcr euch als Inspiration","publisher":{"@id":"https:\/\/jblanz.de\/WP\/#\/schema\/person\/17a70f07162e42bc0b181c22397286e0"},"potentialAction":[{"@type":"SearchAction","target":{"@type":"EntryPoint","urlTemplate":"https:\/\/jblanz.de\/WP\/?s={search_term_string}"},"query-input":{"@type":"PropertyValueSpecification","valueRequired":true,"valueName":"search_term_string"}}],"inLanguage":"de"},{"@type":["Person","Organization"],"@id":"https:\/\/jblanz.de\/WP\/#\/schema\/person\/17a70f07162e42bc0b181c22397286e0","name":"Achim","image":{"@type":"ImageObject","inLanguage":"de","@id":"https:\/\/secure.gravatar.com\/avatar\/b7ab31bc55956af4a9bebf7fd034761212b11b803b7e39464914d6abeefb12f3?s=96&d=mm&r=g","url":"https:\/\/secure.gravatar.com\/avatar\/b7ab31bc55956af4a9bebf7fd034761212b11b803b7e39464914d6abeefb12f3?s=96&d=mm&r=g","contentUrl":"https:\/\/secure.gravatar.com\/avatar\/b7ab31bc55956af4a9bebf7fd034761212b11b803b7e39464914d6abeefb12f3?s=96&d=mm&r=g","caption":"Achim"},"logo":{"@id":"https:\/\/secure.gravatar.com\/avatar\/b7ab31bc55956af4a9bebf7fd034761212b11b803b7e39464914d6abeefb12f3?s=96&d=mm&r=g"},"url":"https:\/\/jblanz.de\/WP\/author\/achim\/"}]}},"_links":{"self":[{"href":"https:\/\/jblanz.de\/WP\/wp-json\/wp\/v2\/posts\/28542","targetHints":{"allow":["GET"]}}],"collection":[{"href":"https:\/\/jblanz.de\/WP\/wp-json\/wp\/v2\/posts"}],"about":[{"href":"https:\/\/jblanz.de\/WP\/wp-json\/wp\/v2\/types\/post"}],"author":[{"embeddable":true,"href":"https:\/\/jblanz.de\/WP\/wp-json\/wp\/v2\/users\/1"}],"replies":[{"embeddable":true,"href":"https:\/\/jblanz.de\/WP\/wp-json\/wp\/v2\/comments?post=28542"}],"version-history":[{"count":0,"href":"https:\/\/jblanz.de\/WP\/wp-json\/wp\/v2\/posts\/28542\/revisions"}],"wp:featuredmedia":[{"embeddable":true,"href":"https:\/\/jblanz.de\/WP\/wp-json\/wp\/v2\/media\/28565"}],"wp:attachment":[{"href":"https:\/\/jblanz.de\/WP\/wp-json\/wp\/v2\/media?parent=28542"}],"wp:term":[{"taxonomy":"category","embeddable":true,"href":"https:\/\/jblanz.de\/WP\/wp-json\/wp\/v2\/categories?post=28542"},{"taxonomy":"post_tag","embeddable":true,"href":"https:\/\/jblanz.de\/WP\/wp-json\/wp\/v2\/tags?post=28542"}],"curies":[{"name":"wp","href":"https:\/\/api.w.org\/{rel}","templated":true}]}}