{"id":28911,"date":"2025-11-18T19:38:37","date_gmt":"2025-11-18T18:38:37","guid":{"rendered":"https:\/\/jblanz.de\/WP\/?p=28911"},"modified":"2025-11-21T12:07:54","modified_gmt":"2025-11-21T11:07:54","slug":"18-november-2025-gran-tarajal-und-las-playitas","status":"publish","type":"post","link":"https:\/\/jblanz.de\/WP\/18-november-2025-gran-tarajal-und-las-playitas\/","title":{"rendered":"18. November 2025 &#8211; Gran Tarajal und Las Playitas"},"content":{"rendered":"\n<p>Im Reisef\u00fchrer lasen wir, das Tuineje das Zentrum f\u00fcr die Herstellung von Ziegenk\u00e4se ist. Der hiesige K\u00e4se w\u00fcrde regelm\u00e4\u00dfig Preis bei K\u00e4sepr\u00e4mierungen in England erhalten. Da die Firma, die den besten K\u00e4se produziert auf dem Weg nach Gran Tarajal lag, besuchten wir den Verkaufsraum. Leider gab es genau den K\u00e4se nicht, der als besonders gut beschrieben war. Kauften wir halt 2 verpackte St\u00fccke, die die Verk\u00e4uferin als besonders gut empfahl. Sie empfahl uns in einem Supermarkt nach dem &#8222;semi curado&#8220;-K\u00e4se Ausschau zu halten.<\/p>\n\n\n\n<figure class=\"wp-block-image size-large\"><img loading=\"lazy\" decoding=\"async\" width=\"1024\" height=\"576\" src=\"https:\/\/jblanz.de\/WP\/wp-content\/uploads\/2025\/11\/IMG_0199-1024x576.jpg\" alt=\"\" class=\"wp-image-28936\" srcset=\"https:\/\/jblanz.de\/WP\/wp-content\/uploads\/2025\/11\/IMG_0199-1024x576.jpg 1024w, https:\/\/jblanz.de\/WP\/wp-content\/uploads\/2025\/11\/IMG_0199-300x169.jpg 300w, https:\/\/jblanz.de\/WP\/wp-content\/uploads\/2025\/11\/IMG_0199-768x432.jpg 768w, https:\/\/jblanz.de\/WP\/wp-content\/uploads\/2025\/11\/IMG_0199-1536x864.jpg 1536w, https:\/\/jblanz.de\/WP\/wp-content\/uploads\/2025\/11\/IMG_0199-2048x1152.jpg 2048w\" sizes=\"auto, (max-width: 1024px) 100vw, 1024px\" \/><\/figure>\n\n\n\n<p>Gran Tarajal ist die zweitgr\u00f6\u00dfte Stadt auf Fuerteventura &#8211; merkte man eigentlich kaum. Die Zufahrt s\u00e4umte eine Allee aus Palmen und in der Stadt waren viele H\u00e4userfassade mit Graffiti bemalt. Die Gem\u00e4lde gehen auf eine Versch\u00f6nerungsaktion im Jahr 2012 zur\u00fcck. <\/p>\n\n\n\n<figure class=\"wp-block-image size-full\"><img loading=\"lazy\" decoding=\"async\" width=\"2560\" height=\"2560\" src=\"https:\/\/jblanz.de\/WP\/wp-content\/uploads\/2025\/11\/25Fuerte-610-1-scaled.jpg\" alt=\"\" class=\"wp-image-28921\" srcset=\"https:\/\/jblanz.de\/WP\/wp-content\/uploads\/2025\/11\/25Fuerte-610-1-scaled.jpg 2560w, https:\/\/jblanz.de\/WP\/wp-content\/uploads\/2025\/11\/25Fuerte-610-1-300x300.jpg 300w, https:\/\/jblanz.de\/WP\/wp-content\/uploads\/2025\/11\/25Fuerte-610-1-1024x1024.jpg 1024w, https:\/\/jblanz.de\/WP\/wp-content\/uploads\/2025\/11\/25Fuerte-610-1-150x150.jpg 150w, https:\/\/jblanz.de\/WP\/wp-content\/uploads\/2025\/11\/25Fuerte-610-1-768x768.jpg 768w, https:\/\/jblanz.de\/WP\/wp-content\/uploads\/2025\/11\/25Fuerte-610-1-1536x1536.jpg 1536w, https:\/\/jblanz.de\/WP\/wp-content\/uploads\/2025\/11\/25Fuerte-610-1-2048x2048.jpg 2048w\" sizes=\"auto, (max-width: 2560px) 100vw, 2560px\" \/><\/figure>\n\n\n\n<p>Die Stadt hatte eine sehr sch\u00f6nen Strand, der wirklich zum Baden einlud. Leider waren die Temperaturen am Morgen noch nicht so hoch, dass wir spontan ins Wasser wollten. Wir machten einen l\u00e4ngeren Spaziergang durch die Stadt, gingen noch im Supermarkt einkaufen &#8211; semi curado-K\u00e4se gefunden und fuhren dann nach Las Playitas, einem kleinen Fischerdorf neben der Stadt.<\/p>\n\n\n\n<figure class=\"wp-block-gallery has-nested-images columns-default is-cropped wp-block-gallery-2 is-layout-flex wp-block-gallery-is-layout-flex\">\n<figure class=\"wp-block-image size-full\"><img loading=\"lazy\" decoding=\"async\" width=\"2560\" height=\"1440\" data-id=\"28929\" src=\"https:\/\/jblanz.de\/WP\/wp-content\/uploads\/2025\/11\/25Fuerte-483-scaled.jpg\" alt=\"\" class=\"wp-image-28929\" srcset=\"https:\/\/jblanz.de\/WP\/wp-content\/uploads\/2025\/11\/25Fuerte-483-scaled.jpg 2560w, https:\/\/jblanz.de\/WP\/wp-content\/uploads\/2025\/11\/25Fuerte-483-300x169.jpg 300w, https:\/\/jblanz.de\/WP\/wp-content\/uploads\/2025\/11\/25Fuerte-483-1024x576.jpg 1024w, https:\/\/jblanz.de\/WP\/wp-content\/uploads\/2025\/11\/25Fuerte-483-768x432.jpg 768w, https:\/\/jblanz.de\/WP\/wp-content\/uploads\/2025\/11\/25Fuerte-483-1536x864.jpg 1536w, https:\/\/jblanz.de\/WP\/wp-content\/uploads\/2025\/11\/25Fuerte-483-2048x1152.jpg 2048w\" sizes=\"auto, (max-width: 2560px) 100vw, 2560px\" \/><\/figure>\n\n\n\n<figure class=\"wp-block-image size-full\"><img loading=\"lazy\" decoding=\"async\" width=\"2560\" height=\"1440\" data-id=\"28928\" src=\"https:\/\/jblanz.de\/WP\/wp-content\/uploads\/2025\/11\/25Fuerte-482-scaled.jpg\" alt=\"\" class=\"wp-image-28928\" srcset=\"https:\/\/jblanz.de\/WP\/wp-content\/uploads\/2025\/11\/25Fuerte-482-scaled.jpg 2560w, https:\/\/jblanz.de\/WP\/wp-content\/uploads\/2025\/11\/25Fuerte-482-300x169.jpg 300w, https:\/\/jblanz.de\/WP\/wp-content\/uploads\/2025\/11\/25Fuerte-482-1024x576.jpg 1024w, https:\/\/jblanz.de\/WP\/wp-content\/uploads\/2025\/11\/25Fuerte-482-768x432.jpg 768w, https:\/\/jblanz.de\/WP\/wp-content\/uploads\/2025\/11\/25Fuerte-482-1536x864.jpg 1536w, https:\/\/jblanz.de\/WP\/wp-content\/uploads\/2025\/11\/25Fuerte-482-2048x1152.jpg 2048w\" sizes=\"auto, (max-width: 2560px) 100vw, 2560px\" \/><\/figure>\n<\/figure>\n\n\n\n<p>Las Playitas war ein sch\u00f6n am Hang gelegenes Dorf. Vor dem Dorf wurde jedoch ein Sporthotel gebaut und daher gab es pl\u00f6tzlich einen Radweg, der auch von Joggern genutzt wurde und mehrere gr\u00fcne Flecken in der ansonsten kargen Felsenlandschaft. Die gr\u00fcnen Flecken war Golfpl\u00e4tze, auf denen auch wirklich einige Personen aktiv waren.<\/p>\n\n\n\n<figure class=\"wp-block-gallery has-nested-images columns-default is-cropped wp-block-gallery-3 is-layout-flex wp-block-gallery-is-layout-flex\">\n<figure class=\"wp-block-image size-full\"><img loading=\"lazy\" decoding=\"async\" width=\"2560\" height=\"1440\" data-id=\"28926\" src=\"https:\/\/jblanz.de\/WP\/wp-content\/uploads\/2025\/11\/25Fuerte-497-scaled.jpg\" alt=\"\" class=\"wp-image-28926\" srcset=\"https:\/\/jblanz.de\/WP\/wp-content\/uploads\/2025\/11\/25Fuerte-497-scaled.jpg 2560w, https:\/\/jblanz.de\/WP\/wp-content\/uploads\/2025\/11\/25Fuerte-497-300x169.jpg 300w, https:\/\/jblanz.de\/WP\/wp-content\/uploads\/2025\/11\/25Fuerte-497-1024x576.jpg 1024w, https:\/\/jblanz.de\/WP\/wp-content\/uploads\/2025\/11\/25Fuerte-497-768x432.jpg 768w, https:\/\/jblanz.de\/WP\/wp-content\/uploads\/2025\/11\/25Fuerte-497-1536x864.jpg 1536w, https:\/\/jblanz.de\/WP\/wp-content\/uploads\/2025\/11\/25Fuerte-497-2048x1152.jpg 2048w\" sizes=\"auto, (max-width: 2560px) 100vw, 2560px\" \/><\/figure>\n\n\n\n<figure class=\"wp-block-image size-full\"><img loading=\"lazy\" decoding=\"async\" width=\"2560\" height=\"1440\" data-id=\"28927\" src=\"https:\/\/jblanz.de\/WP\/wp-content\/uploads\/2025\/11\/25Fuerte-518-scaled.jpg\" alt=\"\" class=\"wp-image-28927\" srcset=\"https:\/\/jblanz.de\/WP\/wp-content\/uploads\/2025\/11\/25Fuerte-518-scaled.jpg 2560w, https:\/\/jblanz.de\/WP\/wp-content\/uploads\/2025\/11\/25Fuerte-518-300x169.jpg 300w, https:\/\/jblanz.de\/WP\/wp-content\/uploads\/2025\/11\/25Fuerte-518-1024x576.jpg 1024w, https:\/\/jblanz.de\/WP\/wp-content\/uploads\/2025\/11\/25Fuerte-518-768x432.jpg 768w, https:\/\/jblanz.de\/WP\/wp-content\/uploads\/2025\/11\/25Fuerte-518-1536x864.jpg 1536w, https:\/\/jblanz.de\/WP\/wp-content\/uploads\/2025\/11\/25Fuerte-518-2048x1152.jpg 2048w\" sizes=\"auto, (max-width: 2560px) 100vw, 2560px\" \/><\/figure>\n<\/figure>\n\n\n\n<p>Wir suchten uns im alten Dorf ein Restaurant und a\u00dfen eine gute Fischplatte, Espresso und K\u00e4sekuchen mit Marmelade-Topping bildeten den Abschluss.<\/p>\n\n\n\n<figure class=\"wp-block-image size-large\"><img loading=\"lazy\" decoding=\"async\" width=\"1024\" height=\"576\" src=\"https:\/\/jblanz.de\/WP\/wp-content\/uploads\/2025\/11\/25Fuerte-510-1024x576.jpg\" alt=\"\" class=\"wp-image-28922\" srcset=\"https:\/\/jblanz.de\/WP\/wp-content\/uploads\/2025\/11\/25Fuerte-510-1024x576.jpg 1024w, https:\/\/jblanz.de\/WP\/wp-content\/uploads\/2025\/11\/25Fuerte-510-300x169.jpg 300w, https:\/\/jblanz.de\/WP\/wp-content\/uploads\/2025\/11\/25Fuerte-510-768x432.jpg 768w, https:\/\/jblanz.de\/WP\/wp-content\/uploads\/2025\/11\/25Fuerte-510-1536x864.jpg 1536w, https:\/\/jblanz.de\/WP\/wp-content\/uploads\/2025\/11\/25Fuerte-510-2048x1152.jpg 2048w\" sizes=\"auto, (max-width: 1024px) 100vw, 1024px\" \/><\/figure>\n\n\n\n<p>Als wir das Dorf verliessen, fiel uns ein Strassenschild auf, das zu einem Leuchtturm in 6 km Entfenung f\u00fchrte. Wir \u00e4nderten spontan die Richtung und fuhren eine schmale Strasse hoch, die im letzten Abschnitt so eng war, dass keine 2 Autos aneinander vorbeikamen. Der &#8222;Faro de la Entallada&#8220; entpuppte sich als wirklich sehenswertes Geb\u00e4ude hoch oben auf einem H\u00fcgel mit einer gigantischen Aussicht auf das Meer. Allerdings konnte man das nur 100 km entfernte Afrika nicht sehen. Wale und Delfine konnten wir trotz sehr gutem Fernglas auch nicht erkennen.\u00a0<\/p>\n\n\n\n<figure class=\"wp-block-gallery has-nested-images columns-2 is-cropped wp-block-gallery-4 is-layout-flex wp-block-gallery-is-layout-flex\">\n<figure class=\"wp-block-image size-full\"><img loading=\"lazy\" decoding=\"async\" width=\"2560\" height=\"1440\" data-id=\"28933\" src=\"https:\/\/jblanz.de\/WP\/wp-content\/uploads\/2025\/11\/25Fuerte-527-scaled.jpg\" alt=\"\" class=\"wp-image-28933\" srcset=\"https:\/\/jblanz.de\/WP\/wp-content\/uploads\/2025\/11\/25Fuerte-527-scaled.jpg 2560w, https:\/\/jblanz.de\/WP\/wp-content\/uploads\/2025\/11\/25Fuerte-527-300x169.jpg 300w, https:\/\/jblanz.de\/WP\/wp-content\/uploads\/2025\/11\/25Fuerte-527-1024x576.jpg 1024w, https:\/\/jblanz.de\/WP\/wp-content\/uploads\/2025\/11\/25Fuerte-527-768x432.jpg 768w, https:\/\/jblanz.de\/WP\/wp-content\/uploads\/2025\/11\/25Fuerte-527-1536x864.jpg 1536w, https:\/\/jblanz.de\/WP\/wp-content\/uploads\/2025\/11\/25Fuerte-527-2048x1152.jpg 2048w\" sizes=\"auto, (max-width: 2560px) 100vw, 2560px\" \/><\/figure>\n\n\n\n<figure class=\"wp-block-image size-full\"><img loading=\"lazy\" decoding=\"async\" width=\"2560\" height=\"1440\" data-id=\"28932\" src=\"https:\/\/jblanz.de\/WP\/wp-content\/uploads\/2025\/11\/25Fuerte-513-scaled.jpg\" alt=\"\" class=\"wp-image-28932\" srcset=\"https:\/\/jblanz.de\/WP\/wp-content\/uploads\/2025\/11\/25Fuerte-513-scaled.jpg 2560w, https:\/\/jblanz.de\/WP\/wp-content\/uploads\/2025\/11\/25Fuerte-513-300x169.jpg 300w, https:\/\/jblanz.de\/WP\/wp-content\/uploads\/2025\/11\/25Fuerte-513-1024x576.jpg 1024w, https:\/\/jblanz.de\/WP\/wp-content\/uploads\/2025\/11\/25Fuerte-513-768x432.jpg 768w, https:\/\/jblanz.de\/WP\/wp-content\/uploads\/2025\/11\/25Fuerte-513-1536x864.jpg 1536w, https:\/\/jblanz.de\/WP\/wp-content\/uploads\/2025\/11\/25Fuerte-513-2048x1152.jpg 2048w\" sizes=\"auto, (max-width: 2560px) 100vw, 2560px\" \/><\/figure>\n\n\n\n<figure class=\"wp-block-image size-full\"><img loading=\"lazy\" decoding=\"async\" width=\"2560\" height=\"1440\" data-id=\"28966\" src=\"https:\/\/jblanz.de\/WP\/wp-content\/uploads\/2025\/11\/25Fuerte-514-scaled.jpg\" alt=\"\" class=\"wp-image-28966\" srcset=\"https:\/\/jblanz.de\/WP\/wp-content\/uploads\/2025\/11\/25Fuerte-514-scaled.jpg 2560w, https:\/\/jblanz.de\/WP\/wp-content\/uploads\/2025\/11\/25Fuerte-514-300x169.jpg 300w, https:\/\/jblanz.de\/WP\/wp-content\/uploads\/2025\/11\/25Fuerte-514-1024x576.jpg 1024w, https:\/\/jblanz.de\/WP\/wp-content\/uploads\/2025\/11\/25Fuerte-514-768x432.jpg 768w, https:\/\/jblanz.de\/WP\/wp-content\/uploads\/2025\/11\/25Fuerte-514-1536x864.jpg 1536w, https:\/\/jblanz.de\/WP\/wp-content\/uploads\/2025\/11\/25Fuerte-514-2048x1152.jpg 2048w\" sizes=\"auto, (max-width: 2560px) 100vw, 2560px\" \/><\/figure>\n\n\n\n<figure class=\"wp-block-image size-full\"><img loading=\"lazy\" decoding=\"async\" width=\"2560\" height=\"1440\" data-id=\"28967\" src=\"https:\/\/jblanz.de\/WP\/wp-content\/uploads\/2025\/11\/25Fuerte-517-scaled.jpg\" alt=\"\" class=\"wp-image-28967\" srcset=\"https:\/\/jblanz.de\/WP\/wp-content\/uploads\/2025\/11\/25Fuerte-517-scaled.jpg 2560w, https:\/\/jblanz.de\/WP\/wp-content\/uploads\/2025\/11\/25Fuerte-517-300x169.jpg 300w, https:\/\/jblanz.de\/WP\/wp-content\/uploads\/2025\/11\/25Fuerte-517-1024x576.jpg 1024w, https:\/\/jblanz.de\/WP\/wp-content\/uploads\/2025\/11\/25Fuerte-517-768x432.jpg 768w, https:\/\/jblanz.de\/WP\/wp-content\/uploads\/2025\/11\/25Fuerte-517-1536x864.jpg 1536w, https:\/\/jblanz.de\/WP\/wp-content\/uploads\/2025\/11\/25Fuerte-517-2048x1152.jpg 2048w\" sizes=\"auto, (max-width: 2560px) 100vw, 2560px\" \/><\/figure>\n\n\n\n<figure class=\"wp-block-image size-full\"><img loading=\"lazy\" decoding=\"async\" width=\"2560\" height=\"1440\" data-id=\"28934\" src=\"https:\/\/jblanz.de\/WP\/wp-content\/uploads\/2025\/11\/25Fuerte-515-scaled.jpg\" alt=\"\" class=\"wp-image-28934\" srcset=\"https:\/\/jblanz.de\/WP\/wp-content\/uploads\/2025\/11\/25Fuerte-515-scaled.jpg 2560w, https:\/\/jblanz.de\/WP\/wp-content\/uploads\/2025\/11\/25Fuerte-515-300x169.jpg 300w, https:\/\/jblanz.de\/WP\/wp-content\/uploads\/2025\/11\/25Fuerte-515-1024x576.jpg 1024w, https:\/\/jblanz.de\/WP\/wp-content\/uploads\/2025\/11\/25Fuerte-515-768x432.jpg 768w, https:\/\/jblanz.de\/WP\/wp-content\/uploads\/2025\/11\/25Fuerte-515-1536x864.jpg 1536w, https:\/\/jblanz.de\/WP\/wp-content\/uploads\/2025\/11\/25Fuerte-515-2048x1152.jpg 2048w\" sizes=\"auto, (max-width: 2560px) 100vw, 2560px\" \/><\/figure>\n<\/figure>\n\n\n\n<p>Wir fuhren danach zur\u00fcck nach Tuineje, verstauten unsere Eink\u00e4ufe in der Wohnung und folgten einem Vorschlag unseres Reisef\u00fchrers, der einen Weg zu den Lavafeldern vorschlug. Auf dem Weg nach Tiscamanita kamen wir wieder an einer Farm vorbei, in der Aloe Vera angebaut wurde. Und mussten wieder den Verkaufsraum besichtigen. Vor der Halle stand ein bl\u00fchender K\u00f6cherbaum. <\/p>\n\n\n\n<figure class=\"wp-block-gallery has-nested-images columns-2 is-cropped wp-block-gallery-5 is-layout-flex wp-block-gallery-is-layout-flex\">\n<figure class=\"wp-block-image size-full\"><img loading=\"lazy\" decoding=\"async\" width=\"2560\" height=\"1440\" data-id=\"28953\" src=\"https:\/\/jblanz.de\/WP\/wp-content\/uploads\/2025\/11\/25Fuerte-521-scaled.jpg\" alt=\"\" class=\"wp-image-28953\" srcset=\"https:\/\/jblanz.de\/WP\/wp-content\/uploads\/2025\/11\/25Fuerte-521-scaled.jpg 2560w, https:\/\/jblanz.de\/WP\/wp-content\/uploads\/2025\/11\/25Fuerte-521-300x169.jpg 300w, https:\/\/jblanz.de\/WP\/wp-content\/uploads\/2025\/11\/25Fuerte-521-1024x576.jpg 1024w, https:\/\/jblanz.de\/WP\/wp-content\/uploads\/2025\/11\/25Fuerte-521-768x432.jpg 768w, https:\/\/jblanz.de\/WP\/wp-content\/uploads\/2025\/11\/25Fuerte-521-1536x864.jpg 1536w, https:\/\/jblanz.de\/WP\/wp-content\/uploads\/2025\/11\/25Fuerte-521-2048x1152.jpg 2048w\" sizes=\"auto, (max-width: 2560px) 100vw, 2560px\" \/><figcaption class=\"wp-element-caption\">K\u00f6cherbaum (Aloidendron dichotomum)<\/figcaption><\/figure>\n\n\n\n<figure class=\"wp-block-image size-full\"><img loading=\"lazy\" decoding=\"async\" width=\"2560\" height=\"1440\" data-id=\"28951\" src=\"https:\/\/jblanz.de\/WP\/wp-content\/uploads\/2025\/11\/25Fuerte-522-scaled.jpg\" alt=\"\" class=\"wp-image-28951\" srcset=\"https:\/\/jblanz.de\/WP\/wp-content\/uploads\/2025\/11\/25Fuerte-522-scaled.jpg 2560w, https:\/\/jblanz.de\/WP\/wp-content\/uploads\/2025\/11\/25Fuerte-522-300x169.jpg 300w, https:\/\/jblanz.de\/WP\/wp-content\/uploads\/2025\/11\/25Fuerte-522-1024x576.jpg 1024w, https:\/\/jblanz.de\/WP\/wp-content\/uploads\/2025\/11\/25Fuerte-522-768x432.jpg 768w, https:\/\/jblanz.de\/WP\/wp-content\/uploads\/2025\/11\/25Fuerte-522-1536x864.jpg 1536w, https:\/\/jblanz.de\/WP\/wp-content\/uploads\/2025\/11\/25Fuerte-522-2048x1152.jpg 2048w\" sizes=\"auto, (max-width: 2560px) 100vw, 2560px\" \/><\/figure>\n\n\n\n<figure class=\"wp-block-image size-full\"><img loading=\"lazy\" decoding=\"async\" width=\"2560\" height=\"1440\" data-id=\"28952\" src=\"https:\/\/jblanz.de\/WP\/wp-content\/uploads\/2025\/11\/25Fuerte-523-scaled.jpg\" alt=\"\" class=\"wp-image-28952\" srcset=\"https:\/\/jblanz.de\/WP\/wp-content\/uploads\/2025\/11\/25Fuerte-523-scaled.jpg 2560w, https:\/\/jblanz.de\/WP\/wp-content\/uploads\/2025\/11\/25Fuerte-523-300x169.jpg 300w, https:\/\/jblanz.de\/WP\/wp-content\/uploads\/2025\/11\/25Fuerte-523-1024x576.jpg 1024w, https:\/\/jblanz.de\/WP\/wp-content\/uploads\/2025\/11\/25Fuerte-523-768x432.jpg 768w, https:\/\/jblanz.de\/WP\/wp-content\/uploads\/2025\/11\/25Fuerte-523-1536x864.jpg 1536w, https:\/\/jblanz.de\/WP\/wp-content\/uploads\/2025\/11\/25Fuerte-523-2048x1152.jpg 2048w\" sizes=\"auto, (max-width: 2560px) 100vw, 2560px\" \/><\/figure>\n\n\n\n<figure class=\"wp-block-image size-full\"><img loading=\"lazy\" decoding=\"async\" width=\"2560\" height=\"1440\" data-id=\"28950\" src=\"https:\/\/jblanz.de\/WP\/wp-content\/uploads\/2025\/11\/25Fuerte-524-scaled.jpg\" alt=\"\" class=\"wp-image-28950\" srcset=\"https:\/\/jblanz.de\/WP\/wp-content\/uploads\/2025\/11\/25Fuerte-524-scaled.jpg 2560w, https:\/\/jblanz.de\/WP\/wp-content\/uploads\/2025\/11\/25Fuerte-524-300x169.jpg 300w, https:\/\/jblanz.de\/WP\/wp-content\/uploads\/2025\/11\/25Fuerte-524-1024x576.jpg 1024w, https:\/\/jblanz.de\/WP\/wp-content\/uploads\/2025\/11\/25Fuerte-524-768x432.jpg 768w, https:\/\/jblanz.de\/WP\/wp-content\/uploads\/2025\/11\/25Fuerte-524-1536x864.jpg 1536w, https:\/\/jblanz.de\/WP\/wp-content\/uploads\/2025\/11\/25Fuerte-524-2048x1152.jpg 2048w\" sizes=\"auto, (max-width: 2560px) 100vw, 2560px\" \/><\/figure>\n<\/figure>\n\n\n\n<p>Dann fuhren wir vor der Bushaltestelle Richtung Osten und folgten dem Weg, der von geteerter Strasse auf ungeteerten Feldweg \u00fcberging, mehrere Kilometer. Nach der Hochspannungsleitung ging es noch ein St\u00fcck, bis wir an einen verlassenen Bau kamen. Direkt dahinter fing das riesige Lavafeld an. <\/p>\n\n\n\n<figure class=\"wp-block-image size-full\"><img loading=\"lazy\" decoding=\"async\" width=\"2560\" height=\"871\" src=\"https:\/\/jblanz.de\/WP\/wp-content\/uploads\/2025\/11\/25Fuerte-531-Pano-scaled.jpg\" alt=\"\" class=\"wp-image-28955\" srcset=\"https:\/\/jblanz.de\/WP\/wp-content\/uploads\/2025\/11\/25Fuerte-531-Pano-scaled.jpg 2560w, https:\/\/jblanz.de\/WP\/wp-content\/uploads\/2025\/11\/25Fuerte-531-Pano-300x102.jpg 300w, https:\/\/jblanz.de\/WP\/wp-content\/uploads\/2025\/11\/25Fuerte-531-Pano-1024x349.jpg 1024w, https:\/\/jblanz.de\/WP\/wp-content\/uploads\/2025\/11\/25Fuerte-531-Pano-768x261.jpg 768w, https:\/\/jblanz.de\/WP\/wp-content\/uploads\/2025\/11\/25Fuerte-531-Pano-1536x523.jpg 1536w, https:\/\/jblanz.de\/WP\/wp-content\/uploads\/2025\/11\/25Fuerte-531-Pano-2048x697.jpg 2048w\" sizes=\"auto, (max-width: 2560px) 100vw, 2560px\" \/><\/figure>\n\n\n\n<figure class=\"wp-block-gallery has-nested-images columns-2 is-cropped wp-block-gallery-6 is-layout-flex wp-block-gallery-is-layout-flex\">\n<figure class=\"wp-block-image size-large\"><img loading=\"lazy\" decoding=\"async\" width=\"1024\" height=\"576\" data-id=\"28943\" src=\"https:\/\/jblanz.de\/WP\/wp-content\/uploads\/2025\/11\/25Fuerte-540-1024x576.jpg\" alt=\"\" class=\"wp-image-28943\" srcset=\"https:\/\/jblanz.de\/WP\/wp-content\/uploads\/2025\/11\/25Fuerte-540-1024x576.jpg 1024w, https:\/\/jblanz.de\/WP\/wp-content\/uploads\/2025\/11\/25Fuerte-540-300x169.jpg 300w, https:\/\/jblanz.de\/WP\/wp-content\/uploads\/2025\/11\/25Fuerte-540-768x432.jpg 768w, https:\/\/jblanz.de\/WP\/wp-content\/uploads\/2025\/11\/25Fuerte-540-1536x864.jpg 1536w, https:\/\/jblanz.de\/WP\/wp-content\/uploads\/2025\/11\/25Fuerte-540-2048x1152.jpg 2048w\" sizes=\"auto, (max-width: 1024px) 100vw, 1024px\" \/><\/figure>\n\n\n\n<figure class=\"wp-block-image size-large\"><img loading=\"lazy\" decoding=\"async\" width=\"1024\" height=\"576\" data-id=\"28946\" src=\"https:\/\/jblanz.de\/WP\/wp-content\/uploads\/2025\/11\/25Fuerte-548-1024x576.jpg\" alt=\"\" class=\"wp-image-28946\" srcset=\"https:\/\/jblanz.de\/WP\/wp-content\/uploads\/2025\/11\/25Fuerte-548-1024x576.jpg 1024w, https:\/\/jblanz.de\/WP\/wp-content\/uploads\/2025\/11\/25Fuerte-548-300x169.jpg 300w, https:\/\/jblanz.de\/WP\/wp-content\/uploads\/2025\/11\/25Fuerte-548-768x432.jpg 768w, https:\/\/jblanz.de\/WP\/wp-content\/uploads\/2025\/11\/25Fuerte-548-1536x864.jpg 1536w, https:\/\/jblanz.de\/WP\/wp-content\/uploads\/2025\/11\/25Fuerte-548-2048x1152.jpg 2048w\" sizes=\"auto, (max-width: 1024px) 100vw, 1024px\" \/><\/figure>\n\n\n\n<figure class=\"wp-block-image size-large\"><img loading=\"lazy\" decoding=\"async\" width=\"1024\" height=\"576\" data-id=\"28945\" src=\"https:\/\/jblanz.de\/WP\/wp-content\/uploads\/2025\/11\/25Fuerte-553-1024x576.jpg\" alt=\"\" class=\"wp-image-28945\" srcset=\"https:\/\/jblanz.de\/WP\/wp-content\/uploads\/2025\/11\/25Fuerte-553-1024x576.jpg 1024w, https:\/\/jblanz.de\/WP\/wp-content\/uploads\/2025\/11\/25Fuerte-553-300x169.jpg 300w, https:\/\/jblanz.de\/WP\/wp-content\/uploads\/2025\/11\/25Fuerte-553-768x432.jpg 768w, https:\/\/jblanz.de\/WP\/wp-content\/uploads\/2025\/11\/25Fuerte-553-1536x864.jpg 1536w, https:\/\/jblanz.de\/WP\/wp-content\/uploads\/2025\/11\/25Fuerte-553-2048x1152.jpg 2048w\" sizes=\"auto, (max-width: 1024px) 100vw, 1024px\" \/><\/figure>\n\n\n\n<figure class=\"wp-block-image size-large\"><img loading=\"lazy\" decoding=\"async\" width=\"1024\" height=\"576\" data-id=\"28948\" src=\"https:\/\/jblanz.de\/WP\/wp-content\/uploads\/2025\/11\/25Fuerte-569-1024x576.jpg\" alt=\"\" class=\"wp-image-28948\" srcset=\"https:\/\/jblanz.de\/WP\/wp-content\/uploads\/2025\/11\/25Fuerte-569-1024x576.jpg 1024w, https:\/\/jblanz.de\/WP\/wp-content\/uploads\/2025\/11\/25Fuerte-569-300x169.jpg 300w, https:\/\/jblanz.de\/WP\/wp-content\/uploads\/2025\/11\/25Fuerte-569-768x432.jpg 768w, https:\/\/jblanz.de\/WP\/wp-content\/uploads\/2025\/11\/25Fuerte-569-1536x864.jpg 1536w, https:\/\/jblanz.de\/WP\/wp-content\/uploads\/2025\/11\/25Fuerte-569-2048x1152.jpg 2048w\" sizes=\"auto, (max-width: 1024px) 100vw, 1024px\" \/><\/figure>\n\n\n\n<figure class=\"wp-block-image size-large\"><img loading=\"lazy\" decoding=\"async\" width=\"1024\" height=\"576\" data-id=\"28944\" src=\"https:\/\/jblanz.de\/WP\/wp-content\/uploads\/2025\/11\/25Fuerte-571-1024x576.jpg\" alt=\"\" class=\"wp-image-28944\" srcset=\"https:\/\/jblanz.de\/WP\/wp-content\/uploads\/2025\/11\/25Fuerte-571-1024x576.jpg 1024w, https:\/\/jblanz.de\/WP\/wp-content\/uploads\/2025\/11\/25Fuerte-571-300x169.jpg 300w, https:\/\/jblanz.de\/WP\/wp-content\/uploads\/2025\/11\/25Fuerte-571-768x432.jpg 768w, https:\/\/jblanz.de\/WP\/wp-content\/uploads\/2025\/11\/25Fuerte-571-1536x864.jpg 1536w, https:\/\/jblanz.de\/WP\/wp-content\/uploads\/2025\/11\/25Fuerte-571-2048x1152.jpg 2048w\" sizes=\"auto, (max-width: 1024px) 100vw, 1024px\" \/><\/figure>\n\n\n\n<figure class=\"wp-block-image size-large\"><img loading=\"lazy\" decoding=\"async\" width=\"1024\" height=\"576\" data-id=\"28949\" src=\"https:\/\/jblanz.de\/WP\/wp-content\/uploads\/2025\/11\/25Fuerte-599-1024x576.jpg\" alt=\"\" class=\"wp-image-28949\" srcset=\"https:\/\/jblanz.de\/WP\/wp-content\/uploads\/2025\/11\/25Fuerte-599-1024x576.jpg 1024w, https:\/\/jblanz.de\/WP\/wp-content\/uploads\/2025\/11\/25Fuerte-599-300x169.jpg 300w, https:\/\/jblanz.de\/WP\/wp-content\/uploads\/2025\/11\/25Fuerte-599-768x432.jpg 768w, https:\/\/jblanz.de\/WP\/wp-content\/uploads\/2025\/11\/25Fuerte-599-1536x864.jpg 1536w, https:\/\/jblanz.de\/WP\/wp-content\/uploads\/2025\/11\/25Fuerte-599-2048x1152.jpg 2048w\" sizes=\"auto, (max-width: 1024px) 100vw, 1024px\" \/><\/figure>\n\n\n\n<figure class=\"wp-block-image size-large\"><img loading=\"lazy\" decoding=\"async\" width=\"1024\" height=\"576\" data-id=\"28947\" src=\"https:\/\/jblanz.de\/WP\/wp-content\/uploads\/2025\/11\/25Fuerte-601-Edit-1024x576.jpg\" alt=\"\" class=\"wp-image-28947\" srcset=\"https:\/\/jblanz.de\/WP\/wp-content\/uploads\/2025\/11\/25Fuerte-601-Edit-1024x576.jpg 1024w, https:\/\/jblanz.de\/WP\/wp-content\/uploads\/2025\/11\/25Fuerte-601-Edit-300x169.jpg 300w, https:\/\/jblanz.de\/WP\/wp-content\/uploads\/2025\/11\/25Fuerte-601-Edit-768x432.jpg 768w, https:\/\/jblanz.de\/WP\/wp-content\/uploads\/2025\/11\/25Fuerte-601-Edit-1536x864.jpg 1536w, https:\/\/jblanz.de\/WP\/wp-content\/uploads\/2025\/11\/25Fuerte-601-Edit-2048x1152.jpg 2048w\" sizes=\"auto, (max-width: 1024px) 100vw, 1024px\" \/><\/figure>\n<\/figure>\n\n\n\n<p>In Tiscamanita gab es auch eine m\u00e4nnliche Windm\u00fchle, eine Molinos. Diese Art der Windm\u00fchle wurde aus Kastillien importiert. Es gibt sie mit 4 oder 6 Fl\u00fcgeln.<\/p>\n\n\n\n<figure class=\"wp-block-gallery has-nested-images columns-default is-cropped wp-block-gallery-7 is-layout-flex wp-block-gallery-is-layout-flex\">\n<figure class=\"wp-block-image size-large\"><img loading=\"lazy\" decoding=\"async\" width=\"1024\" height=\"576\" data-id=\"28960\" src=\"https:\/\/jblanz.de\/WP\/wp-content\/uploads\/2025\/11\/25Fuerte-608-1024x576.jpg\" alt=\"\" class=\"wp-image-28960\" srcset=\"https:\/\/jblanz.de\/WP\/wp-content\/uploads\/2025\/11\/25Fuerte-608-1024x576.jpg 1024w, https:\/\/jblanz.de\/WP\/wp-content\/uploads\/2025\/11\/25Fuerte-608-300x169.jpg 300w, https:\/\/jblanz.de\/WP\/wp-content\/uploads\/2025\/11\/25Fuerte-608-768x432.jpg 768w, https:\/\/jblanz.de\/WP\/wp-content\/uploads\/2025\/11\/25Fuerte-608-1536x864.jpg 1536w, https:\/\/jblanz.de\/WP\/wp-content\/uploads\/2025\/11\/25Fuerte-608-2048x1152.jpg 2048w\" sizes=\"auto, (max-width: 1024px) 100vw, 1024px\" \/><\/figure>\n\n\n\n<figure class=\"wp-block-image size-large\"><img loading=\"lazy\" decoding=\"async\" width=\"1024\" height=\"576\" data-id=\"28959\" src=\"https:\/\/jblanz.de\/WP\/wp-content\/uploads\/2025\/11\/25Fuerte-609-1024x576.jpg\" alt=\"\" class=\"wp-image-28959\" srcset=\"https:\/\/jblanz.de\/WP\/wp-content\/uploads\/2025\/11\/25Fuerte-609-1024x576.jpg 1024w, https:\/\/jblanz.de\/WP\/wp-content\/uploads\/2025\/11\/25Fuerte-609-300x169.jpg 300w, https:\/\/jblanz.de\/WP\/wp-content\/uploads\/2025\/11\/25Fuerte-609-768x432.jpg 768w, https:\/\/jblanz.de\/WP\/wp-content\/uploads\/2025\/11\/25Fuerte-609-1536x864.jpg 1536w, https:\/\/jblanz.de\/WP\/wp-content\/uploads\/2025\/11\/25Fuerte-609-2048x1152.jpg 2048w\" sizes=\"auto, (max-width: 1024px) 100vw, 1024px\" \/><\/figure>\n<\/figure>\n","protected":false},"excerpt":{"rendered":"<p>Im Reisef\u00fchrer lasen wir, das Tuineje das Zentrum f\u00fcr die Herstellung von Ziegenk\u00e4se ist. Der hiesige K\u00e4se w\u00fcrde regelm\u00e4\u00dfig Preis<\/p>\n","protected":false},"author":1,"featured_media":28941,"comment_status":"open","ping_status":"open","sticky":false,"template":"","format":"standard","meta":{"colormag_page_container_layout":"default_layout","colormag_page_sidebar_layout":"default_layout","_monsterinsights_skip_tracking":false,"_monsterinsights_sitenote_active":false,"_monsterinsights_sitenote_note":"","_monsterinsights_sitenote_category":0,"footnotes":""},"categories":[314,315,159,348,268,307,197],"tags":[],"class_list":["post-28911","post","type-post","status-publish","format-standard","has-post-thumbnail","hentry","category-314","category-2025-2020-jahr","category-europa","category-fuerteventura","category-jahr","category-k-z","category-spanien"],"yoast_head":"<!-- This site is optimized with the Yoast SEO plugin v27.4 - https:\/\/yoast.com\/product\/yoast-seo-wordpress\/ -->\n<title>18. November 2025 - Gran Tarajal und Las Playitas - Reiseblog von Karin &amp; Joachim<\/title>\n<meta name=\"robots\" content=\"index, follow, max-snippet:-1, max-image-preview:large, max-video-preview:-1\" \/>\n<link rel=\"canonical\" href=\"https:\/\/jblanz.de\/WP\/18-november-2025-gran-tarajal-und-las-playitas\/\" \/>\n<meta property=\"og:locale\" content=\"de_DE\" \/>\n<meta property=\"og:type\" content=\"article\" \/>\n<meta property=\"og:title\" content=\"18. November 2025 - Gran Tarajal und Las Playitas - Reiseblog von Karin &amp; Joachim\" \/>\n<meta property=\"og:description\" content=\"Im Reisef\u00fchrer lasen wir, das Tuineje das Zentrum f\u00fcr die Herstellung von Ziegenk\u00e4se ist. Der hiesige K\u00e4se w\u00fcrde regelm\u00e4\u00dfig Preis\" \/>\n<meta property=\"og:url\" content=\"https:\/\/jblanz.de\/WP\/18-november-2025-gran-tarajal-und-las-playitas\/\" \/>\n<meta property=\"og:site_name\" content=\"Reiseblog von Karin &amp; Joachim\" \/>\n<meta property=\"article:published_time\" content=\"2025-11-18T18:38:37+00:00\" \/>\n<meta property=\"article:modified_time\" content=\"2025-11-21T11:07:54+00:00\" \/>\n<meta property=\"og:image\" content=\"https:\/\/jblanz.de\/WP\/wp-content\/uploads\/2025\/11\/25Fuerte-604-scaled.jpg\" \/>\n\t<meta property=\"og:image:width\" content=\"2560\" \/>\n\t<meta property=\"og:image:height\" content=\"1440\" \/>\n\t<meta property=\"og:image:type\" content=\"image\/jpeg\" \/>\n<meta name=\"author\" content=\"Achim\" \/>\n<meta name=\"twitter:card\" content=\"summary_large_image\" \/>\n<meta name=\"twitter:label1\" content=\"Verfasst von\" \/>\n\t<meta name=\"twitter:data1\" content=\"Achim\" \/>\n\t<meta name=\"twitter:label2\" content=\"Gesch\u00e4tzte Lesezeit\" \/>\n\t<meta name=\"twitter:data2\" content=\"9\u00a0Minuten\" \/>\n<script type=\"application\/ld+json\" class=\"yoast-schema-graph\">{\"@context\":\"https:\\\/\\\/schema.org\",\"@graph\":[{\"@type\":\"Article\",\"@id\":\"https:\\\/\\\/jblanz.de\\\/WP\\\/18-november-2025-gran-tarajal-und-las-playitas\\\/#article\",\"isPartOf\":{\"@id\":\"https:\\\/\\\/jblanz.de\\\/WP\\\/18-november-2025-gran-tarajal-und-las-playitas\\\/\"},\"author\":{\"name\":\"Achim\",\"@id\":\"https:\\\/\\\/jblanz.de\\\/WP\\\/#\\\/schema\\\/person\\\/17a70f07162e42bc0b181c22397286e0\"},\"headline\":\"18. November 2025 &#8211; Gran Tarajal und Las Playitas\",\"datePublished\":\"2025-11-18T18:38:37+00:00\",\"dateModified\":\"2025-11-21T11:07:54+00:00\",\"mainEntityOfPage\":{\"@id\":\"https:\\\/\\\/jblanz.de\\\/WP\\\/18-november-2025-gran-tarajal-und-las-playitas\\\/\"},\"wordCount\":515,\"commentCount\":0,\"publisher\":{\"@id\":\"https:\\\/\\\/jblanz.de\\\/WP\\\/#\\\/schema\\\/person\\\/17a70f07162e42bc0b181c22397286e0\"},\"image\":{\"@id\":\"https:\\\/\\\/jblanz.de\\\/WP\\\/18-november-2025-gran-tarajal-und-las-playitas\\\/#primaryimage\"},\"thumbnailUrl\":\"https:\\\/\\\/jblanz.de\\\/WP\\\/wp-content\\\/uploads\\\/2025\\\/11\\\/25Fuerte-604-scaled.jpg\",\"articleSection\":[\"2025\",\"2025\",\"Europa\",\"Fuerteventura\",\"Jahr\",\"K-Z\",\"Spanien\"],\"inLanguage\":\"de\",\"potentialAction\":[{\"@type\":\"CommentAction\",\"name\":\"Comment\",\"target\":[\"https:\\\/\\\/jblanz.de\\\/WP\\\/18-november-2025-gran-tarajal-und-las-playitas\\\/#respond\"]}]},{\"@type\":\"WebPage\",\"@id\":\"https:\\\/\\\/jblanz.de\\\/WP\\\/18-november-2025-gran-tarajal-und-las-playitas\\\/\",\"url\":\"https:\\\/\\\/jblanz.de\\\/WP\\\/18-november-2025-gran-tarajal-und-las-playitas\\\/\",\"name\":\"18. November 2025 - Gran Tarajal und Las Playitas - Reiseblog von Karin &amp; Joachim\",\"isPartOf\":{\"@id\":\"https:\\\/\\\/jblanz.de\\\/WP\\\/#website\"},\"primaryImageOfPage\":{\"@id\":\"https:\\\/\\\/jblanz.de\\\/WP\\\/18-november-2025-gran-tarajal-und-las-playitas\\\/#primaryimage\"},\"image\":{\"@id\":\"https:\\\/\\\/jblanz.de\\\/WP\\\/18-november-2025-gran-tarajal-und-las-playitas\\\/#primaryimage\"},\"thumbnailUrl\":\"https:\\\/\\\/jblanz.de\\\/WP\\\/wp-content\\\/uploads\\\/2025\\\/11\\\/25Fuerte-604-scaled.jpg\",\"datePublished\":\"2025-11-18T18:38:37+00:00\",\"dateModified\":\"2025-11-21T11:07:54+00:00\",\"breadcrumb\":{\"@id\":\"https:\\\/\\\/jblanz.de\\\/WP\\\/18-november-2025-gran-tarajal-und-las-playitas\\\/#breadcrumb\"},\"inLanguage\":\"de\",\"potentialAction\":[{\"@type\":\"ReadAction\",\"target\":[\"https:\\\/\\\/jblanz.de\\\/WP\\\/18-november-2025-gran-tarajal-und-las-playitas\\\/\"]}]},{\"@type\":\"ImageObject\",\"inLanguage\":\"de\",\"@id\":\"https:\\\/\\\/jblanz.de\\\/WP\\\/18-november-2025-gran-tarajal-und-las-playitas\\\/#primaryimage\",\"url\":\"https:\\\/\\\/jblanz.de\\\/WP\\\/wp-content\\\/uploads\\\/2025\\\/11\\\/25Fuerte-604-scaled.jpg\",\"contentUrl\":\"https:\\\/\\\/jblanz.de\\\/WP\\\/wp-content\\\/uploads\\\/2025\\\/11\\\/25Fuerte-604-scaled.jpg\",\"width\":2560,\"height\":1440},{\"@type\":\"BreadcrumbList\",\"@id\":\"https:\\\/\\\/jblanz.de\\\/WP\\\/18-november-2025-gran-tarajal-und-las-playitas\\\/#breadcrumb\",\"itemListElement\":[{\"@type\":\"ListItem\",\"position\":1,\"name\":\"Startseite\",\"item\":\"https:\\\/\\\/jblanz.de\\\/WP\\\/\"},{\"@type\":\"ListItem\",\"position\":2,\"name\":\"18. November 2025 &#8211; Gran Tarajal und Las Playitas\"}]},{\"@type\":\"WebSite\",\"@id\":\"https:\\\/\\\/jblanz.de\\\/WP\\\/#website\",\"url\":\"https:\\\/\\\/jblanz.de\\\/WP\\\/\",\"name\":\"Reiseblog von Karin & Joachim\",\"description\":\"Wir schreiben den Blog f\u00fcr uns als Erinnerung - f\u00fcr euch als Inspiration\",\"publisher\":{\"@id\":\"https:\\\/\\\/jblanz.de\\\/WP\\\/#\\\/schema\\\/person\\\/17a70f07162e42bc0b181c22397286e0\"},\"potentialAction\":[{\"@type\":\"SearchAction\",\"target\":{\"@type\":\"EntryPoint\",\"urlTemplate\":\"https:\\\/\\\/jblanz.de\\\/WP\\\/?s={search_term_string}\"},\"query-input\":{\"@type\":\"PropertyValueSpecification\",\"valueRequired\":true,\"valueName\":\"search_term_string\"}}],\"inLanguage\":\"de\"},{\"@type\":[\"Person\",\"Organization\"],\"@id\":\"https:\\\/\\\/jblanz.de\\\/WP\\\/#\\\/schema\\\/person\\\/17a70f07162e42bc0b181c22397286e0\",\"name\":\"Achim\",\"image\":{\"@type\":\"ImageObject\",\"inLanguage\":\"de\",\"@id\":\"https:\\\/\\\/secure.gravatar.com\\\/avatar\\\/b7ab31bc55956af4a9bebf7fd034761212b11b803b7e39464914d6abeefb12f3?s=96&d=mm&r=g\",\"url\":\"https:\\\/\\\/secure.gravatar.com\\\/avatar\\\/b7ab31bc55956af4a9bebf7fd034761212b11b803b7e39464914d6abeefb12f3?s=96&d=mm&r=g\",\"contentUrl\":\"https:\\\/\\\/secure.gravatar.com\\\/avatar\\\/b7ab31bc55956af4a9bebf7fd034761212b11b803b7e39464914d6abeefb12f3?s=96&d=mm&r=g\",\"caption\":\"Achim\"},\"logo\":{\"@id\":\"https:\\\/\\\/secure.gravatar.com\\\/avatar\\\/b7ab31bc55956af4a9bebf7fd034761212b11b803b7e39464914d6abeefb12f3?s=96&d=mm&r=g\"},\"url\":\"https:\\\/\\\/jblanz.de\\\/WP\\\/author\\\/achim\\\/\"}]}<\/script>\n<!-- \/ Yoast SEO plugin. -->","yoast_head_json":{"title":"18. November 2025 - Gran Tarajal und Las Playitas - Reiseblog von Karin &amp; Joachim","robots":{"index":"index","follow":"follow","max-snippet":"max-snippet:-1","max-image-preview":"max-image-preview:large","max-video-preview":"max-video-preview:-1"},"canonical":"https:\/\/jblanz.de\/WP\/18-november-2025-gran-tarajal-und-las-playitas\/","og_locale":"de_DE","og_type":"article","og_title":"18. November 2025 - Gran Tarajal und Las Playitas - Reiseblog von Karin &amp; Joachim","og_description":"Im Reisef\u00fchrer lasen wir, das Tuineje das Zentrum f\u00fcr die Herstellung von Ziegenk\u00e4se ist. Der hiesige K\u00e4se w\u00fcrde regelm\u00e4\u00dfig Preis","og_url":"https:\/\/jblanz.de\/WP\/18-november-2025-gran-tarajal-und-las-playitas\/","og_site_name":"Reiseblog von Karin &amp; Joachim","article_published_time":"2025-11-18T18:38:37+00:00","article_modified_time":"2025-11-21T11:07:54+00:00","og_image":[{"width":2560,"height":1440,"url":"https:\/\/jblanz.de\/WP\/wp-content\/uploads\/2025\/11\/25Fuerte-604-scaled.jpg","type":"image\/jpeg"}],"author":"Achim","twitter_card":"summary_large_image","twitter_misc":{"Verfasst von":"Achim","Gesch\u00e4tzte Lesezeit":"9\u00a0Minuten"},"schema":{"@context":"https:\/\/schema.org","@graph":[{"@type":"Article","@id":"https:\/\/jblanz.de\/WP\/18-november-2025-gran-tarajal-und-las-playitas\/#article","isPartOf":{"@id":"https:\/\/jblanz.de\/WP\/18-november-2025-gran-tarajal-und-las-playitas\/"},"author":{"name":"Achim","@id":"https:\/\/jblanz.de\/WP\/#\/schema\/person\/17a70f07162e42bc0b181c22397286e0"},"headline":"18. November 2025 &#8211; Gran Tarajal und Las Playitas","datePublished":"2025-11-18T18:38:37+00:00","dateModified":"2025-11-21T11:07:54+00:00","mainEntityOfPage":{"@id":"https:\/\/jblanz.de\/WP\/18-november-2025-gran-tarajal-und-las-playitas\/"},"wordCount":515,"commentCount":0,"publisher":{"@id":"https:\/\/jblanz.de\/WP\/#\/schema\/person\/17a70f07162e42bc0b181c22397286e0"},"image":{"@id":"https:\/\/jblanz.de\/WP\/18-november-2025-gran-tarajal-und-las-playitas\/#primaryimage"},"thumbnailUrl":"https:\/\/jblanz.de\/WP\/wp-content\/uploads\/2025\/11\/25Fuerte-604-scaled.jpg","articleSection":["2025","2025","Europa","Fuerteventura","Jahr","K-Z","Spanien"],"inLanguage":"de","potentialAction":[{"@type":"CommentAction","name":"Comment","target":["https:\/\/jblanz.de\/WP\/18-november-2025-gran-tarajal-und-las-playitas\/#respond"]}]},{"@type":"WebPage","@id":"https:\/\/jblanz.de\/WP\/18-november-2025-gran-tarajal-und-las-playitas\/","url":"https:\/\/jblanz.de\/WP\/18-november-2025-gran-tarajal-und-las-playitas\/","name":"18. November 2025 - Gran Tarajal und Las Playitas - Reiseblog von Karin &amp; Joachim","isPartOf":{"@id":"https:\/\/jblanz.de\/WP\/#website"},"primaryImageOfPage":{"@id":"https:\/\/jblanz.de\/WP\/18-november-2025-gran-tarajal-und-las-playitas\/#primaryimage"},"image":{"@id":"https:\/\/jblanz.de\/WP\/18-november-2025-gran-tarajal-und-las-playitas\/#primaryimage"},"thumbnailUrl":"https:\/\/jblanz.de\/WP\/wp-content\/uploads\/2025\/11\/25Fuerte-604-scaled.jpg","datePublished":"2025-11-18T18:38:37+00:00","dateModified":"2025-11-21T11:07:54+00:00","breadcrumb":{"@id":"https:\/\/jblanz.de\/WP\/18-november-2025-gran-tarajal-und-las-playitas\/#breadcrumb"},"inLanguage":"de","potentialAction":[{"@type":"ReadAction","target":["https:\/\/jblanz.de\/WP\/18-november-2025-gran-tarajal-und-las-playitas\/"]}]},{"@type":"ImageObject","inLanguage":"de","@id":"https:\/\/jblanz.de\/WP\/18-november-2025-gran-tarajal-und-las-playitas\/#primaryimage","url":"https:\/\/jblanz.de\/WP\/wp-content\/uploads\/2025\/11\/25Fuerte-604-scaled.jpg","contentUrl":"https:\/\/jblanz.de\/WP\/wp-content\/uploads\/2025\/11\/25Fuerte-604-scaled.jpg","width":2560,"height":1440},{"@type":"BreadcrumbList","@id":"https:\/\/jblanz.de\/WP\/18-november-2025-gran-tarajal-und-las-playitas\/#breadcrumb","itemListElement":[{"@type":"ListItem","position":1,"name":"Startseite","item":"https:\/\/jblanz.de\/WP\/"},{"@type":"ListItem","position":2,"name":"18. November 2025 &#8211; Gran Tarajal und Las Playitas"}]},{"@type":"WebSite","@id":"https:\/\/jblanz.de\/WP\/#website","url":"https:\/\/jblanz.de\/WP\/","name":"Reiseblog von Karin & Joachim","description":"Wir schreiben den Blog f\u00fcr uns als Erinnerung - f\u00fcr euch als Inspiration","publisher":{"@id":"https:\/\/jblanz.de\/WP\/#\/schema\/person\/17a70f07162e42bc0b181c22397286e0"},"potentialAction":[{"@type":"SearchAction","target":{"@type":"EntryPoint","urlTemplate":"https:\/\/jblanz.de\/WP\/?s={search_term_string}"},"query-input":{"@type":"PropertyValueSpecification","valueRequired":true,"valueName":"search_term_string"}}],"inLanguage":"de"},{"@type":["Person","Organization"],"@id":"https:\/\/jblanz.de\/WP\/#\/schema\/person\/17a70f07162e42bc0b181c22397286e0","name":"Achim","image":{"@type":"ImageObject","inLanguage":"de","@id":"https:\/\/secure.gravatar.com\/avatar\/b7ab31bc55956af4a9bebf7fd034761212b11b803b7e39464914d6abeefb12f3?s=96&d=mm&r=g","url":"https:\/\/secure.gravatar.com\/avatar\/b7ab31bc55956af4a9bebf7fd034761212b11b803b7e39464914d6abeefb12f3?s=96&d=mm&r=g","contentUrl":"https:\/\/secure.gravatar.com\/avatar\/b7ab31bc55956af4a9bebf7fd034761212b11b803b7e39464914d6abeefb12f3?s=96&d=mm&r=g","caption":"Achim"},"logo":{"@id":"https:\/\/secure.gravatar.com\/avatar\/b7ab31bc55956af4a9bebf7fd034761212b11b803b7e39464914d6abeefb12f3?s=96&d=mm&r=g"},"url":"https:\/\/jblanz.de\/WP\/author\/achim\/"}]}},"_links":{"self":[{"href":"https:\/\/jblanz.de\/WP\/wp-json\/wp\/v2\/posts\/28911","targetHints":{"allow":["GET"]}}],"collection":[{"href":"https:\/\/jblanz.de\/WP\/wp-json\/wp\/v2\/posts"}],"about":[{"href":"https:\/\/jblanz.de\/WP\/wp-json\/wp\/v2\/types\/post"}],"author":[{"embeddable":true,"href":"https:\/\/jblanz.de\/WP\/wp-json\/wp\/v2\/users\/1"}],"replies":[{"embeddable":true,"href":"https:\/\/jblanz.de\/WP\/wp-json\/wp\/v2\/comments?post=28911"}],"version-history":[{"count":0,"href":"https:\/\/jblanz.de\/WP\/wp-json\/wp\/v2\/posts\/28911\/revisions"}],"wp:featuredmedia":[{"embeddable":true,"href":"https:\/\/jblanz.de\/WP\/wp-json\/wp\/v2\/media\/28941"}],"wp:attachment":[{"href":"https:\/\/jblanz.de\/WP\/wp-json\/wp\/v2\/media?parent=28911"}],"wp:term":[{"taxonomy":"category","embeddable":true,"href":"https:\/\/jblanz.de\/WP\/wp-json\/wp\/v2\/categories?post=28911"},{"taxonomy":"post_tag","embeddable":true,"href":"https:\/\/jblanz.de\/WP\/wp-json\/wp\/v2\/tags?post=28911"}],"curies":[{"name":"wp","href":"https:\/\/api.w.org\/{rel}","templated":true}]}}