{"id":28969,"date":"2025-11-19T09:51:31","date_gmt":"2025-11-19T08:51:31","guid":{"rendered":"https:\/\/jblanz.de\/WP\/?p=28969"},"modified":"2025-11-21T12:07:24","modified_gmt":"2025-11-21T11:07:24","slug":"19-november-2025-umzug-nach-tarajalejo","status":"publish","type":"post","link":"https:\/\/jblanz.de\/WP\/19-november-2025-umzug-nach-tarajalejo\/","title":{"rendered":"19. November 2025 &#8211; Umzug nach Tarajalejo"},"content":{"rendered":"\n<p>Um 10:30 Uhr verliessen wir die Wohnung in Tuineje, machten noch ein paar Fotos von aussen und fuhren dann Richtung Tarajalejo. Dort hatten wir ein Haus f\u00fcr die n\u00e4chsten 4 N\u00e4chte gemietet.<\/p>\n\n\n\n<figure class=\"wp-block-gallery has-nested-images columns-2 is-cropped wp-block-gallery-2 is-layout-flex wp-block-gallery-is-layout-flex\">\n<figure class=\"wp-block-image size-full\"><img loading=\"lazy\" decoding=\"async\" width=\"2560\" height=\"1440\" data-id=\"28977\" src=\"https:\/\/jblanz.de\/WP\/wp-content\/uploads\/2025\/11\/25Fuerte-611-scaled.jpg\" alt=\"\" class=\"wp-image-28977\" srcset=\"https:\/\/jblanz.de\/WP\/wp-content\/uploads\/2025\/11\/25Fuerte-611-scaled.jpg 2560w, https:\/\/jblanz.de\/WP\/wp-content\/uploads\/2025\/11\/25Fuerte-611-300x169.jpg 300w, https:\/\/jblanz.de\/WP\/wp-content\/uploads\/2025\/11\/25Fuerte-611-1024x576.jpg 1024w, https:\/\/jblanz.de\/WP\/wp-content\/uploads\/2025\/11\/25Fuerte-611-768x432.jpg 768w, https:\/\/jblanz.de\/WP\/wp-content\/uploads\/2025\/11\/25Fuerte-611-1536x864.jpg 1536w, https:\/\/jblanz.de\/WP\/wp-content\/uploads\/2025\/11\/25Fuerte-611-2048x1152.jpg 2048w\" sizes=\"auto, (max-width: 2560px) 100vw, 2560px\" \/><\/figure>\n\n\n\n<figure class=\"wp-block-image size-full\"><img loading=\"lazy\" decoding=\"async\" width=\"2560\" height=\"1440\" data-id=\"28974\" src=\"https:\/\/jblanz.de\/WP\/wp-content\/uploads\/2025\/11\/25Fuerte-612-scaled.jpg\" alt=\"\" class=\"wp-image-28974\" srcset=\"https:\/\/jblanz.de\/WP\/wp-content\/uploads\/2025\/11\/25Fuerte-612-scaled.jpg 2560w, https:\/\/jblanz.de\/WP\/wp-content\/uploads\/2025\/11\/25Fuerte-612-300x169.jpg 300w, https:\/\/jblanz.de\/WP\/wp-content\/uploads\/2025\/11\/25Fuerte-612-1024x576.jpg 1024w, https:\/\/jblanz.de\/WP\/wp-content\/uploads\/2025\/11\/25Fuerte-612-768x432.jpg 768w, https:\/\/jblanz.de\/WP\/wp-content\/uploads\/2025\/11\/25Fuerte-612-1536x864.jpg 1536w, https:\/\/jblanz.de\/WP\/wp-content\/uploads\/2025\/11\/25Fuerte-612-2048x1152.jpg 2048w\" sizes=\"auto, (max-width: 2560px) 100vw, 2560px\" \/><\/figure>\n\n\n\n<figure class=\"wp-block-image size-full\"><img loading=\"lazy\" decoding=\"async\" width=\"2560\" height=\"1440\" data-id=\"28975\" src=\"https:\/\/jblanz.de\/WP\/wp-content\/uploads\/2025\/11\/25Fuerte-613-scaled.jpg\" alt=\"\" class=\"wp-image-28975\" srcset=\"https:\/\/jblanz.de\/WP\/wp-content\/uploads\/2025\/11\/25Fuerte-613-scaled.jpg 2560w, https:\/\/jblanz.de\/WP\/wp-content\/uploads\/2025\/11\/25Fuerte-613-300x169.jpg 300w, https:\/\/jblanz.de\/WP\/wp-content\/uploads\/2025\/11\/25Fuerte-613-1024x576.jpg 1024w, https:\/\/jblanz.de\/WP\/wp-content\/uploads\/2025\/11\/25Fuerte-613-768x432.jpg 768w, https:\/\/jblanz.de\/WP\/wp-content\/uploads\/2025\/11\/25Fuerte-613-1536x864.jpg 1536w, https:\/\/jblanz.de\/WP\/wp-content\/uploads\/2025\/11\/25Fuerte-613-2048x1152.jpg 2048w\" sizes=\"auto, (max-width: 2560px) 100vw, 2560px\" \/><\/figure>\n\n\n\n<figure class=\"wp-block-image size-full\"><img loading=\"lazy\" decoding=\"async\" width=\"2560\" height=\"1440\" data-id=\"28976\" src=\"https:\/\/jblanz.de\/WP\/wp-content\/uploads\/2025\/11\/25Fuerte-614-scaled.jpg\" alt=\"\" class=\"wp-image-28976\" srcset=\"https:\/\/jblanz.de\/WP\/wp-content\/uploads\/2025\/11\/25Fuerte-614-scaled.jpg 2560w, https:\/\/jblanz.de\/WP\/wp-content\/uploads\/2025\/11\/25Fuerte-614-300x169.jpg 300w, https:\/\/jblanz.de\/WP\/wp-content\/uploads\/2025\/11\/25Fuerte-614-1024x576.jpg 1024w, https:\/\/jblanz.de\/WP\/wp-content\/uploads\/2025\/11\/25Fuerte-614-768x432.jpg 768w, https:\/\/jblanz.de\/WP\/wp-content\/uploads\/2025\/11\/25Fuerte-614-1536x864.jpg 1536w, https:\/\/jblanz.de\/WP\/wp-content\/uploads\/2025\/11\/25Fuerte-614-2048x1152.jpg 2048w\" sizes=\"auto, (max-width: 2560px) 100vw, 2560px\" \/><\/figure>\n<\/figure>\n\n\n\n<p>Allerdings konnten wir das Haus erst um 15 Uhr beziehen, daher fuhren wir erst nach Giniginamar. Dieses Fischerdorf wirkte recht verlassen, nur ein paar Touristenp\u00e4rchen flanierten an der Uferpromenade. Es gab kein ge\u00f6ffnetes Restaurant.<\/p>\n\n\n\n<figure class=\"wp-block-gallery has-nested-images columns-2 is-cropped wp-block-gallery-3 is-layout-flex wp-block-gallery-is-layout-flex\">\n<figure class=\"wp-block-image size-full\"><img loading=\"lazy\" decoding=\"async\" width=\"2560\" height=\"1440\" data-id=\"28986\" src=\"https:\/\/jblanz.de\/WP\/wp-content\/uploads\/2025\/11\/25Fuerte-615-scaled.jpg\" alt=\"\" class=\"wp-image-28986\" srcset=\"https:\/\/jblanz.de\/WP\/wp-content\/uploads\/2025\/11\/25Fuerte-615-scaled.jpg 2560w, https:\/\/jblanz.de\/WP\/wp-content\/uploads\/2025\/11\/25Fuerte-615-300x169.jpg 300w, https:\/\/jblanz.de\/WP\/wp-content\/uploads\/2025\/11\/25Fuerte-615-1024x576.jpg 1024w, https:\/\/jblanz.de\/WP\/wp-content\/uploads\/2025\/11\/25Fuerte-615-768x432.jpg 768w, https:\/\/jblanz.de\/WP\/wp-content\/uploads\/2025\/11\/25Fuerte-615-1536x864.jpg 1536w, https:\/\/jblanz.de\/WP\/wp-content\/uploads\/2025\/11\/25Fuerte-615-2048x1152.jpg 2048w\" sizes=\"auto, (max-width: 2560px) 100vw, 2560px\" \/><\/figure>\n\n\n\n<figure class=\"wp-block-image size-full\"><img loading=\"lazy\" decoding=\"async\" width=\"2560\" height=\"1440\" data-id=\"28985\" src=\"https:\/\/jblanz.de\/WP\/wp-content\/uploads\/2025\/11\/25Fuerte-617-scaled.jpg\" alt=\"\" class=\"wp-image-28985\" srcset=\"https:\/\/jblanz.de\/WP\/wp-content\/uploads\/2025\/11\/25Fuerte-617-scaled.jpg 2560w, https:\/\/jblanz.de\/WP\/wp-content\/uploads\/2025\/11\/25Fuerte-617-300x169.jpg 300w, https:\/\/jblanz.de\/WP\/wp-content\/uploads\/2025\/11\/25Fuerte-617-1024x576.jpg 1024w, https:\/\/jblanz.de\/WP\/wp-content\/uploads\/2025\/11\/25Fuerte-617-768x432.jpg 768w, https:\/\/jblanz.de\/WP\/wp-content\/uploads\/2025\/11\/25Fuerte-617-1536x864.jpg 1536w, https:\/\/jblanz.de\/WP\/wp-content\/uploads\/2025\/11\/25Fuerte-617-2048x1152.jpg 2048w\" sizes=\"auto, (max-width: 2560px) 100vw, 2560px\" \/><\/figure>\n\n\n\n<figure class=\"wp-block-image size-full\"><img loading=\"lazy\" decoding=\"async\" width=\"2560\" height=\"1440\" data-id=\"28984\" src=\"https:\/\/jblanz.de\/WP\/wp-content\/uploads\/2025\/11\/25Fuerte-618-scaled.jpg\" alt=\"\" class=\"wp-image-28984\" srcset=\"https:\/\/jblanz.de\/WP\/wp-content\/uploads\/2025\/11\/25Fuerte-618-scaled.jpg 2560w, https:\/\/jblanz.de\/WP\/wp-content\/uploads\/2025\/11\/25Fuerte-618-300x169.jpg 300w, https:\/\/jblanz.de\/WP\/wp-content\/uploads\/2025\/11\/25Fuerte-618-1024x576.jpg 1024w, https:\/\/jblanz.de\/WP\/wp-content\/uploads\/2025\/11\/25Fuerte-618-768x432.jpg 768w, https:\/\/jblanz.de\/WP\/wp-content\/uploads\/2025\/11\/25Fuerte-618-1536x864.jpg 1536w, https:\/\/jblanz.de\/WP\/wp-content\/uploads\/2025\/11\/25Fuerte-618-2048x1152.jpg 2048w\" sizes=\"auto, (max-width: 2560px) 100vw, 2560px\" \/><\/figure>\n<\/figure>\n\n\n\n<p>Wir schlenderten ebenfalls durch das Dorf und bekamen Lust hier baden zu gehen. Wir holten daher unser Auto und parkten es in der N\u00e4he des Strands, platzierten uns auf einer Holzbank neben der Stranddusche und kamen zu unserem ersten Bad im Meer. Die Wassertemperatur war 22 \u00b0C (gemessen mit unserer Apple Watch).<\/p>\n\n\n\n<figure class=\"wp-block-gallery has-nested-images columns-2 is-cropped wp-block-gallery-4 is-layout-flex wp-block-gallery-is-layout-flex\">\n<figure class=\"wp-block-image size-full\"><img loading=\"lazy\" decoding=\"async\" width=\"2560\" height=\"1440\" data-id=\"28979\" src=\"https:\/\/jblanz.de\/WP\/wp-content\/uploads\/2025\/11\/25Fuerte-632-scaled.jpg\" alt=\"\" class=\"wp-image-28979\" srcset=\"https:\/\/jblanz.de\/WP\/wp-content\/uploads\/2025\/11\/25Fuerte-632-scaled.jpg 2560w, https:\/\/jblanz.de\/WP\/wp-content\/uploads\/2025\/11\/25Fuerte-632-300x169.jpg 300w, https:\/\/jblanz.de\/WP\/wp-content\/uploads\/2025\/11\/25Fuerte-632-1024x576.jpg 1024w, https:\/\/jblanz.de\/WP\/wp-content\/uploads\/2025\/11\/25Fuerte-632-768x432.jpg 768w, https:\/\/jblanz.de\/WP\/wp-content\/uploads\/2025\/11\/25Fuerte-632-1536x864.jpg 1536w, https:\/\/jblanz.de\/WP\/wp-content\/uploads\/2025\/11\/25Fuerte-632-2048x1152.jpg 2048w\" sizes=\"auto, (max-width: 2560px) 100vw, 2560px\" \/><\/figure>\n\n\n\n<figure class=\"wp-block-image size-full\"><img loading=\"lazy\" decoding=\"async\" width=\"2560\" height=\"1440\" data-id=\"28982\" src=\"https:\/\/jblanz.de\/WP\/wp-content\/uploads\/2025\/11\/25Fuerte-633-scaled.jpg\" alt=\"\" class=\"wp-image-28982\" srcset=\"https:\/\/jblanz.de\/WP\/wp-content\/uploads\/2025\/11\/25Fuerte-633-scaled.jpg 2560w, https:\/\/jblanz.de\/WP\/wp-content\/uploads\/2025\/11\/25Fuerte-633-300x169.jpg 300w, https:\/\/jblanz.de\/WP\/wp-content\/uploads\/2025\/11\/25Fuerte-633-1024x576.jpg 1024w, https:\/\/jblanz.de\/WP\/wp-content\/uploads\/2025\/11\/25Fuerte-633-768x432.jpg 768w, https:\/\/jblanz.de\/WP\/wp-content\/uploads\/2025\/11\/25Fuerte-633-1536x864.jpg 1536w, https:\/\/jblanz.de\/WP\/wp-content\/uploads\/2025\/11\/25Fuerte-633-2048x1152.jpg 2048w\" sizes=\"auto, (max-width: 2560px) 100vw, 2560px\" \/><\/figure>\n\n\n\n<figure class=\"wp-block-image size-full\"><img loading=\"lazy\" decoding=\"async\" width=\"2560\" height=\"1440\" data-id=\"28981\" src=\"https:\/\/jblanz.de\/WP\/wp-content\/uploads\/2025\/11\/25Fuerte-634-scaled.jpg\" alt=\"\" class=\"wp-image-28981\" srcset=\"https:\/\/jblanz.de\/WP\/wp-content\/uploads\/2025\/11\/25Fuerte-634-scaled.jpg 2560w, https:\/\/jblanz.de\/WP\/wp-content\/uploads\/2025\/11\/25Fuerte-634-300x169.jpg 300w, https:\/\/jblanz.de\/WP\/wp-content\/uploads\/2025\/11\/25Fuerte-634-1024x576.jpg 1024w, https:\/\/jblanz.de\/WP\/wp-content\/uploads\/2025\/11\/25Fuerte-634-768x432.jpg 768w, https:\/\/jblanz.de\/WP\/wp-content\/uploads\/2025\/11\/25Fuerte-634-1536x864.jpg 1536w, https:\/\/jblanz.de\/WP\/wp-content\/uploads\/2025\/11\/25Fuerte-634-2048x1152.jpg 2048w\" sizes=\"auto, (max-width: 2560px) 100vw, 2560px\" \/><\/figure>\n\n\n\n<figure class=\"wp-block-image size-full\"><img loading=\"lazy\" decoding=\"async\" width=\"1839\" height=\"1034\" data-id=\"28980\" src=\"https:\/\/jblanz.de\/WP\/wp-content\/uploads\/2025\/11\/25Fuerte-636.jpg\" alt=\"\" class=\"wp-image-28980\" srcset=\"https:\/\/jblanz.de\/WP\/wp-content\/uploads\/2025\/11\/25Fuerte-636.jpg 1839w, https:\/\/jblanz.de\/WP\/wp-content\/uploads\/2025\/11\/25Fuerte-636-300x169.jpg 300w, https:\/\/jblanz.de\/WP\/wp-content\/uploads\/2025\/11\/25Fuerte-636-1024x576.jpg 1024w, https:\/\/jblanz.de\/WP\/wp-content\/uploads\/2025\/11\/25Fuerte-636-768x432.jpg 768w, https:\/\/jblanz.de\/WP\/wp-content\/uploads\/2025\/11\/25Fuerte-636-1536x864.jpg 1536w\" sizes=\"auto, (max-width: 1839px) 100vw, 1839px\" \/><\/figure>\n<\/figure>\n\n\n\n<p>Der kleine Park des Dorfs bot botanische \u00dcberraschungen &#8211; sch\u00f6ne bl\u00fchende Kakteen, Bananen und einen Annonenbaum mit Fr\u00fcchten.<\/p>\n\n\n\n<figure class=\"wp-block-gallery has-nested-images columns-2 is-cropped wp-block-gallery-5 is-layout-flex wp-block-gallery-is-layout-flex\">\n<figure class=\"wp-block-image size-full\"><img loading=\"lazy\" decoding=\"async\" width=\"2560\" height=\"1440\" data-id=\"28990\" src=\"https:\/\/jblanz.de\/WP\/wp-content\/uploads\/2025\/11\/25Fuerte-620-scaled.jpg\" alt=\"\" class=\"wp-image-28990\" srcset=\"https:\/\/jblanz.de\/WP\/wp-content\/uploads\/2025\/11\/25Fuerte-620-scaled.jpg 2560w, https:\/\/jblanz.de\/WP\/wp-content\/uploads\/2025\/11\/25Fuerte-620-300x169.jpg 300w, https:\/\/jblanz.de\/WP\/wp-content\/uploads\/2025\/11\/25Fuerte-620-1024x576.jpg 1024w, https:\/\/jblanz.de\/WP\/wp-content\/uploads\/2025\/11\/25Fuerte-620-768x432.jpg 768w, https:\/\/jblanz.de\/WP\/wp-content\/uploads\/2025\/11\/25Fuerte-620-1536x864.jpg 1536w, https:\/\/jblanz.de\/WP\/wp-content\/uploads\/2025\/11\/25Fuerte-620-2048x1152.jpg 2048w\" sizes=\"auto, (max-width: 2560px) 100vw, 2560px\" \/><\/figure>\n\n\n\n<figure class=\"wp-block-image size-full\"><img loading=\"lazy\" decoding=\"async\" width=\"2560\" height=\"1440\" data-id=\"28991\" src=\"https:\/\/jblanz.de\/WP\/wp-content\/uploads\/2025\/11\/25Fuerte-622-scaled.jpg\" alt=\"\" class=\"wp-image-28991\" srcset=\"https:\/\/jblanz.de\/WP\/wp-content\/uploads\/2025\/11\/25Fuerte-622-scaled.jpg 2560w, https:\/\/jblanz.de\/WP\/wp-content\/uploads\/2025\/11\/25Fuerte-622-300x169.jpg 300w, https:\/\/jblanz.de\/WP\/wp-content\/uploads\/2025\/11\/25Fuerte-622-1024x576.jpg 1024w, https:\/\/jblanz.de\/WP\/wp-content\/uploads\/2025\/11\/25Fuerte-622-768x432.jpg 768w, https:\/\/jblanz.de\/WP\/wp-content\/uploads\/2025\/11\/25Fuerte-622-1536x864.jpg 1536w, https:\/\/jblanz.de\/WP\/wp-content\/uploads\/2025\/11\/25Fuerte-622-2048x1152.jpg 2048w\" sizes=\"auto, (max-width: 2560px) 100vw, 2560px\" \/><\/figure>\n\n\n\n<figure class=\"wp-block-image size-full\"><img loading=\"lazy\" decoding=\"async\" width=\"1943\" height=\"1093\" data-id=\"28989\" src=\"https:\/\/jblanz.de\/WP\/wp-content\/uploads\/2025\/11\/25Fuerte-624.jpg\" alt=\"\" class=\"wp-image-28989\" srcset=\"https:\/\/jblanz.de\/WP\/wp-content\/uploads\/2025\/11\/25Fuerte-624.jpg 1943w, https:\/\/jblanz.de\/WP\/wp-content\/uploads\/2025\/11\/25Fuerte-624-300x169.jpg 300w, https:\/\/jblanz.de\/WP\/wp-content\/uploads\/2025\/11\/25Fuerte-624-1024x576.jpg 1024w, https:\/\/jblanz.de\/WP\/wp-content\/uploads\/2025\/11\/25Fuerte-624-768x432.jpg 768w, https:\/\/jblanz.de\/WP\/wp-content\/uploads\/2025\/11\/25Fuerte-624-1536x864.jpg 1536w\" sizes=\"auto, (max-width: 1943px) 100vw, 1943px\" \/><\/figure>\n\n\n\n<figure class=\"wp-block-image size-full\"><img loading=\"lazy\" decoding=\"async\" width=\"2560\" height=\"1440\" data-id=\"28993\" src=\"https:\/\/jblanz.de\/WP\/wp-content\/uploads\/2025\/11\/25Fuerte-625-scaled.jpg\" alt=\"\" class=\"wp-image-28993\" srcset=\"https:\/\/jblanz.de\/WP\/wp-content\/uploads\/2025\/11\/25Fuerte-625-scaled.jpg 2560w, https:\/\/jblanz.de\/WP\/wp-content\/uploads\/2025\/11\/25Fuerte-625-300x169.jpg 300w, https:\/\/jblanz.de\/WP\/wp-content\/uploads\/2025\/11\/25Fuerte-625-1024x576.jpg 1024w, https:\/\/jblanz.de\/WP\/wp-content\/uploads\/2025\/11\/25Fuerte-625-768x432.jpg 768w, https:\/\/jblanz.de\/WP\/wp-content\/uploads\/2025\/11\/25Fuerte-625-1536x864.jpg 1536w, https:\/\/jblanz.de\/WP\/wp-content\/uploads\/2025\/11\/25Fuerte-625-2048x1152.jpg 2048w\" sizes=\"auto, (max-width: 2560px) 100vw, 2560px\" \/><\/figure>\n\n\n\n<figure class=\"wp-block-image size-full\"><img loading=\"lazy\" decoding=\"async\" width=\"2560\" height=\"1440\" data-id=\"28992\" src=\"https:\/\/jblanz.de\/WP\/wp-content\/uploads\/2025\/11\/25Fuerte-627-scaled.jpg\" alt=\"\" class=\"wp-image-28992\" srcset=\"https:\/\/jblanz.de\/WP\/wp-content\/uploads\/2025\/11\/25Fuerte-627-scaled.jpg 2560w, https:\/\/jblanz.de\/WP\/wp-content\/uploads\/2025\/11\/25Fuerte-627-300x169.jpg 300w, https:\/\/jblanz.de\/WP\/wp-content\/uploads\/2025\/11\/25Fuerte-627-1024x576.jpg 1024w, https:\/\/jblanz.de\/WP\/wp-content\/uploads\/2025\/11\/25Fuerte-627-768x432.jpg 768w, https:\/\/jblanz.de\/WP\/wp-content\/uploads\/2025\/11\/25Fuerte-627-1536x864.jpg 1536w, https:\/\/jblanz.de\/WP\/wp-content\/uploads\/2025\/11\/25Fuerte-627-2048x1152.jpg 2048w\" sizes=\"auto, (max-width: 2560px) 100vw, 2560px\" \/><\/figure>\n\n\n\n<figure class=\"wp-block-image size-full\"><img loading=\"lazy\" decoding=\"async\" width=\"2560\" height=\"1440\" data-id=\"28994\" src=\"https:\/\/jblanz.de\/WP\/wp-content\/uploads\/2025\/11\/25Fuerte-628-scaled.jpg\" alt=\"\" class=\"wp-image-28994\" srcset=\"https:\/\/jblanz.de\/WP\/wp-content\/uploads\/2025\/11\/25Fuerte-628-scaled.jpg 2560w, https:\/\/jblanz.de\/WP\/wp-content\/uploads\/2025\/11\/25Fuerte-628-300x169.jpg 300w, https:\/\/jblanz.de\/WP\/wp-content\/uploads\/2025\/11\/25Fuerte-628-1024x576.jpg 1024w, https:\/\/jblanz.de\/WP\/wp-content\/uploads\/2025\/11\/25Fuerte-628-768x432.jpg 768w, https:\/\/jblanz.de\/WP\/wp-content\/uploads\/2025\/11\/25Fuerte-628-1536x864.jpg 1536w, https:\/\/jblanz.de\/WP\/wp-content\/uploads\/2025\/11\/25Fuerte-628-2048x1152.jpg 2048w\" sizes=\"auto, (max-width: 2560px) 100vw, 2560px\" \/><\/figure>\n\n\n\n<figure class=\"wp-block-image size-full\"><img loading=\"lazy\" decoding=\"async\" width=\"2560\" height=\"1440\" data-id=\"28995\" src=\"https:\/\/jblanz.de\/WP\/wp-content\/uploads\/2025\/11\/25Fuerte-630-scaled.jpg\" alt=\"\" class=\"wp-image-28995\" srcset=\"https:\/\/jblanz.de\/WP\/wp-content\/uploads\/2025\/11\/25Fuerte-630-scaled.jpg 2560w, https:\/\/jblanz.de\/WP\/wp-content\/uploads\/2025\/11\/25Fuerte-630-300x169.jpg 300w, https:\/\/jblanz.de\/WP\/wp-content\/uploads\/2025\/11\/25Fuerte-630-1024x576.jpg 1024w, https:\/\/jblanz.de\/WP\/wp-content\/uploads\/2025\/11\/25Fuerte-630-768x432.jpg 768w, https:\/\/jblanz.de\/WP\/wp-content\/uploads\/2025\/11\/25Fuerte-630-1536x864.jpg 1536w, https:\/\/jblanz.de\/WP\/wp-content\/uploads\/2025\/11\/25Fuerte-630-2048x1152.jpg 2048w\" sizes=\"auto, (max-width: 2560px) 100vw, 2560px\" \/><\/figure>\n\n\n\n<figure class=\"wp-block-image size-full\"><img loading=\"lazy\" decoding=\"async\" width=\"2560\" height=\"1440\" data-id=\"28996\" src=\"https:\/\/jblanz.de\/WP\/wp-content\/uploads\/2025\/11\/25Fuerte-631-scaled.jpg\" alt=\"\" class=\"wp-image-28996\" srcset=\"https:\/\/jblanz.de\/WP\/wp-content\/uploads\/2025\/11\/25Fuerte-631-scaled.jpg 2560w, https:\/\/jblanz.de\/WP\/wp-content\/uploads\/2025\/11\/25Fuerte-631-300x169.jpg 300w, https:\/\/jblanz.de\/WP\/wp-content\/uploads\/2025\/11\/25Fuerte-631-1024x576.jpg 1024w, https:\/\/jblanz.de\/WP\/wp-content\/uploads\/2025\/11\/25Fuerte-631-768x432.jpg 768w, https:\/\/jblanz.de\/WP\/wp-content\/uploads\/2025\/11\/25Fuerte-631-1536x864.jpg 1536w, https:\/\/jblanz.de\/WP\/wp-content\/uploads\/2025\/11\/25Fuerte-631-2048x1152.jpg 2048w\" sizes=\"auto, (max-width: 2560px) 100vw, 2560px\" \/><\/figure>\n<\/figure>\n\n\n\n<p>Es wurde Zeit f\u00fcr das Mittagessen und so fuhren wir nach Tarajalejo gingen ins Restaurant La Barranca und a\u00dfen Fischfilets direkt am Meer.<\/p>\n\n\n\n<figure class=\"wp-block-gallery has-nested-images columns-2 is-cropped wp-block-gallery-6 is-layout-flex wp-block-gallery-is-layout-flex\">\n<figure class=\"wp-block-image size-full\"><img loading=\"lazy\" decoding=\"async\" width=\"2560\" height=\"1440\" data-id=\"29000\" src=\"https:\/\/jblanz.de\/WP\/wp-content\/uploads\/2025\/11\/25Fuerte-637-scaled.jpg\" alt=\"\" class=\"wp-image-29000\" srcset=\"https:\/\/jblanz.de\/WP\/wp-content\/uploads\/2025\/11\/25Fuerte-637-scaled.jpg 2560w, https:\/\/jblanz.de\/WP\/wp-content\/uploads\/2025\/11\/25Fuerte-637-300x169.jpg 300w, https:\/\/jblanz.de\/WP\/wp-content\/uploads\/2025\/11\/25Fuerte-637-1024x576.jpg 1024w, https:\/\/jblanz.de\/WP\/wp-content\/uploads\/2025\/11\/25Fuerte-637-768x432.jpg 768w, https:\/\/jblanz.de\/WP\/wp-content\/uploads\/2025\/11\/25Fuerte-637-1536x864.jpg 1536w, https:\/\/jblanz.de\/WP\/wp-content\/uploads\/2025\/11\/25Fuerte-637-2048x1152.jpg 2048w\" sizes=\"auto, (max-width: 2560px) 100vw, 2560px\" \/><\/figure>\n\n\n\n<figure class=\"wp-block-image size-full\"><img loading=\"lazy\" decoding=\"async\" width=\"2560\" height=\"1440\" data-id=\"29001\" src=\"https:\/\/jblanz.de\/WP\/wp-content\/uploads\/2025\/11\/25Fuerte-638-scaled.jpg\" alt=\"\" class=\"wp-image-29001\" srcset=\"https:\/\/jblanz.de\/WP\/wp-content\/uploads\/2025\/11\/25Fuerte-638-scaled.jpg 2560w, https:\/\/jblanz.de\/WP\/wp-content\/uploads\/2025\/11\/25Fuerte-638-300x169.jpg 300w, https:\/\/jblanz.de\/WP\/wp-content\/uploads\/2025\/11\/25Fuerte-638-1024x576.jpg 1024w, https:\/\/jblanz.de\/WP\/wp-content\/uploads\/2025\/11\/25Fuerte-638-768x432.jpg 768w, https:\/\/jblanz.de\/WP\/wp-content\/uploads\/2025\/11\/25Fuerte-638-1536x864.jpg 1536w, https:\/\/jblanz.de\/WP\/wp-content\/uploads\/2025\/11\/25Fuerte-638-2048x1152.jpg 2048w\" sizes=\"auto, (max-width: 2560px) 100vw, 2560px\" \/><\/figure>\n\n\n\n<figure class=\"wp-block-image size-full\"><img loading=\"lazy\" decoding=\"async\" width=\"2560\" height=\"1440\" data-id=\"29002\" src=\"https:\/\/jblanz.de\/WP\/wp-content\/uploads\/2025\/11\/25Fuerte-639-scaled.jpg\" alt=\"\" class=\"wp-image-29002\" srcset=\"https:\/\/jblanz.de\/WP\/wp-content\/uploads\/2025\/11\/25Fuerte-639-scaled.jpg 2560w, https:\/\/jblanz.de\/WP\/wp-content\/uploads\/2025\/11\/25Fuerte-639-300x169.jpg 300w, https:\/\/jblanz.de\/WP\/wp-content\/uploads\/2025\/11\/25Fuerte-639-1024x576.jpg 1024w, https:\/\/jblanz.de\/WP\/wp-content\/uploads\/2025\/11\/25Fuerte-639-768x432.jpg 768w, https:\/\/jblanz.de\/WP\/wp-content\/uploads\/2025\/11\/25Fuerte-639-1536x864.jpg 1536w, https:\/\/jblanz.de\/WP\/wp-content\/uploads\/2025\/11\/25Fuerte-639-2048x1152.jpg 2048w\" sizes=\"auto, (max-width: 2560px) 100vw, 2560px\" \/><\/figure>\n<\/figure>\n\n\n\n<p>Jetzt war die Zeit, um das gemietete Haus zu beziehen. Wir waren \u00fcberrascht, wie gross und gut das Haus ausgestattet war. Modern und geschmackvoll eingerichtet, perfekte K\u00fcche, grosses TV im Wohnzimmer und im Schlafzimmer und ein grosser Privatpool.<\/p>\n\n\n\n<p>Das Haus lag in einer Siedlung \u00fcber dem Level der Promenade. Doch es gab es eine Treppe, die direkt zum Strand f\u00fchrte, vielleicht 100 m zu gehen.<\/p>\n\n\n\n<figure class=\"wp-block-gallery has-nested-images columns-2 is-cropped wp-block-gallery-7 is-layout-flex wp-block-gallery-is-layout-flex\">\n<figure class=\"wp-block-image size-full\"><img loading=\"lazy\" decoding=\"async\" width=\"2560\" height=\"1440\" data-id=\"29004\" src=\"https:\/\/jblanz.de\/WP\/wp-content\/uploads\/2025\/11\/25Fuerte-640-scaled.jpg\" alt=\"\" class=\"wp-image-29004\" srcset=\"https:\/\/jblanz.de\/WP\/wp-content\/uploads\/2025\/11\/25Fuerte-640-scaled.jpg 2560w, https:\/\/jblanz.de\/WP\/wp-content\/uploads\/2025\/11\/25Fuerte-640-300x169.jpg 300w, https:\/\/jblanz.de\/WP\/wp-content\/uploads\/2025\/11\/25Fuerte-640-1024x576.jpg 1024w, https:\/\/jblanz.de\/WP\/wp-content\/uploads\/2025\/11\/25Fuerte-640-768x432.jpg 768w, https:\/\/jblanz.de\/WP\/wp-content\/uploads\/2025\/11\/25Fuerte-640-1536x864.jpg 1536w, https:\/\/jblanz.de\/WP\/wp-content\/uploads\/2025\/11\/25Fuerte-640-2048x1152.jpg 2048w\" sizes=\"auto, (max-width: 2560px) 100vw, 2560px\" \/><\/figure>\n\n\n\n<figure class=\"wp-block-image size-full\"><img loading=\"lazy\" decoding=\"async\" width=\"2560\" height=\"1440\" data-id=\"29006\" src=\"https:\/\/jblanz.de\/WP\/wp-content\/uploads\/2025\/11\/25Fuerte-648-scaled.jpg\" alt=\"\" class=\"wp-image-29006\" srcset=\"https:\/\/jblanz.de\/WP\/wp-content\/uploads\/2025\/11\/25Fuerte-648-scaled.jpg 2560w, https:\/\/jblanz.de\/WP\/wp-content\/uploads\/2025\/11\/25Fuerte-648-300x169.jpg 300w, https:\/\/jblanz.de\/WP\/wp-content\/uploads\/2025\/11\/25Fuerte-648-1024x576.jpg 1024w, https:\/\/jblanz.de\/WP\/wp-content\/uploads\/2025\/11\/25Fuerte-648-768x432.jpg 768w, https:\/\/jblanz.de\/WP\/wp-content\/uploads\/2025\/11\/25Fuerte-648-1536x864.jpg 1536w, https:\/\/jblanz.de\/WP\/wp-content\/uploads\/2025\/11\/25Fuerte-648-2048x1152.jpg 2048w\" sizes=\"auto, (max-width: 2560px) 100vw, 2560px\" \/><\/figure>\n\n\n\n<figure class=\"wp-block-image size-full\"><img loading=\"lazy\" decoding=\"async\" width=\"2560\" height=\"1440\" data-id=\"29005\" src=\"https:\/\/jblanz.de\/WP\/wp-content\/uploads\/2025\/11\/25Fuerte-641-scaled.jpg\" alt=\"\" class=\"wp-image-29005\" srcset=\"https:\/\/jblanz.de\/WP\/wp-content\/uploads\/2025\/11\/25Fuerte-641-scaled.jpg 2560w, https:\/\/jblanz.de\/WP\/wp-content\/uploads\/2025\/11\/25Fuerte-641-300x169.jpg 300w, https:\/\/jblanz.de\/WP\/wp-content\/uploads\/2025\/11\/25Fuerte-641-1024x576.jpg 1024w, https:\/\/jblanz.de\/WP\/wp-content\/uploads\/2025\/11\/25Fuerte-641-768x432.jpg 768w, https:\/\/jblanz.de\/WP\/wp-content\/uploads\/2025\/11\/25Fuerte-641-1536x864.jpg 1536w, https:\/\/jblanz.de\/WP\/wp-content\/uploads\/2025\/11\/25Fuerte-641-2048x1152.jpg 2048w\" sizes=\"auto, (max-width: 2560px) 100vw, 2560px\" \/><\/figure>\n<\/figure>\n\n\n\n<p>Angesichts der Temperatur von 24 \u00b0C machten wir uns bald auf den Weg und nahmen ein weiteres Bad im Meer. Allerdings lud der schwarze Sand nicht zum Liegen am Strand ein. Wir setzten uns wieder auf eine Bank und genossen Sonne und Meer.<\/p>\n\n\n\n<figure class=\"wp-block-gallery has-nested-images columns-2 is-cropped wp-block-gallery-8 is-layout-flex wp-block-gallery-is-layout-flex\">\n<figure class=\"wp-block-image size-full\"><img loading=\"lazy\" decoding=\"async\" width=\"2560\" height=\"1440\" data-id=\"29017\" src=\"https:\/\/jblanz.de\/WP\/wp-content\/uploads\/2025\/11\/25Fuerte-642-scaled.jpg\" alt=\"\" class=\"wp-image-29017\" srcset=\"https:\/\/jblanz.de\/WP\/wp-content\/uploads\/2025\/11\/25Fuerte-642-scaled.jpg 2560w, https:\/\/jblanz.de\/WP\/wp-content\/uploads\/2025\/11\/25Fuerte-642-300x169.jpg 300w, https:\/\/jblanz.de\/WP\/wp-content\/uploads\/2025\/11\/25Fuerte-642-1024x576.jpg 1024w, https:\/\/jblanz.de\/WP\/wp-content\/uploads\/2025\/11\/25Fuerte-642-768x432.jpg 768w, https:\/\/jblanz.de\/WP\/wp-content\/uploads\/2025\/11\/25Fuerte-642-1536x864.jpg 1536w, https:\/\/jblanz.de\/WP\/wp-content\/uploads\/2025\/11\/25Fuerte-642-2048x1152.jpg 2048w\" sizes=\"auto, (max-width: 2560px) 100vw, 2560px\" \/><\/figure>\n\n\n\n<figure class=\"wp-block-image size-full\"><img loading=\"lazy\" decoding=\"async\" width=\"2560\" height=\"1441\" data-id=\"29014\" src=\"https:\/\/jblanz.de\/WP\/wp-content\/uploads\/2025\/11\/25Fuerte-643-scaled.jpg\" alt=\"\" class=\"wp-image-29014\" srcset=\"https:\/\/jblanz.de\/WP\/wp-content\/uploads\/2025\/11\/25Fuerte-643-scaled.jpg 2560w, https:\/\/jblanz.de\/WP\/wp-content\/uploads\/2025\/11\/25Fuerte-643-300x169.jpg 300w, https:\/\/jblanz.de\/WP\/wp-content\/uploads\/2025\/11\/25Fuerte-643-1024x576.jpg 1024w, https:\/\/jblanz.de\/WP\/wp-content\/uploads\/2025\/11\/25Fuerte-643-768x432.jpg 768w, https:\/\/jblanz.de\/WP\/wp-content\/uploads\/2025\/11\/25Fuerte-643-1536x864.jpg 1536w, https:\/\/jblanz.de\/WP\/wp-content\/uploads\/2025\/11\/25Fuerte-643-2048x1153.jpg 2048w\" sizes=\"auto, (max-width: 2560px) 100vw, 2560px\" \/><\/figure>\n\n\n\n<figure class=\"wp-block-image size-full\"><img loading=\"lazy\" decoding=\"async\" width=\"2560\" height=\"1440\" data-id=\"29015\" src=\"https:\/\/jblanz.de\/WP\/wp-content\/uploads\/2025\/11\/25Fuerte-644-scaled.jpg\" alt=\"\" class=\"wp-image-29015\" srcset=\"https:\/\/jblanz.de\/WP\/wp-content\/uploads\/2025\/11\/25Fuerte-644-scaled.jpg 2560w, https:\/\/jblanz.de\/WP\/wp-content\/uploads\/2025\/11\/25Fuerte-644-300x169.jpg 300w, https:\/\/jblanz.de\/WP\/wp-content\/uploads\/2025\/11\/25Fuerte-644-1024x576.jpg 1024w, https:\/\/jblanz.de\/WP\/wp-content\/uploads\/2025\/11\/25Fuerte-644-768x432.jpg 768w, https:\/\/jblanz.de\/WP\/wp-content\/uploads\/2025\/11\/25Fuerte-644-1536x864.jpg 1536w, https:\/\/jblanz.de\/WP\/wp-content\/uploads\/2025\/11\/25Fuerte-644-2048x1152.jpg 2048w\" sizes=\"auto, (max-width: 2560px) 100vw, 2560px\" \/><\/figure>\n\n\n\n<figure class=\"wp-block-image size-full\"><img loading=\"lazy\" decoding=\"async\" width=\"2560\" height=\"1440\" data-id=\"29016\" src=\"https:\/\/jblanz.de\/WP\/wp-content\/uploads\/2025\/11\/25Fuerte-645-scaled.jpg\" alt=\"\" class=\"wp-image-29016\" srcset=\"https:\/\/jblanz.de\/WP\/wp-content\/uploads\/2025\/11\/25Fuerte-645-scaled.jpg 2560w, https:\/\/jblanz.de\/WP\/wp-content\/uploads\/2025\/11\/25Fuerte-645-300x169.jpg 300w, https:\/\/jblanz.de\/WP\/wp-content\/uploads\/2025\/11\/25Fuerte-645-1024x576.jpg 1024w, https:\/\/jblanz.de\/WP\/wp-content\/uploads\/2025\/11\/25Fuerte-645-768x432.jpg 768w, https:\/\/jblanz.de\/WP\/wp-content\/uploads\/2025\/11\/25Fuerte-645-1536x864.jpg 1536w, https:\/\/jblanz.de\/WP\/wp-content\/uploads\/2025\/11\/25Fuerte-645-2048x1152.jpg 2048w\" sizes=\"auto, (max-width: 2560px) 100vw, 2560px\" \/><\/figure>\n\n\n\n<figure class=\"wp-block-image size-full\"><img loading=\"lazy\" decoding=\"async\" width=\"2126\" height=\"1196\" data-id=\"29011\" src=\"https:\/\/jblanz.de\/WP\/wp-content\/uploads\/2025\/11\/25Fuerte-646.jpg\" alt=\"\" class=\"wp-image-29011\" srcset=\"https:\/\/jblanz.de\/WP\/wp-content\/uploads\/2025\/11\/25Fuerte-646.jpg 2126w, https:\/\/jblanz.de\/WP\/wp-content\/uploads\/2025\/11\/25Fuerte-646-300x169.jpg 300w, https:\/\/jblanz.de\/WP\/wp-content\/uploads\/2025\/11\/25Fuerte-646-1024x576.jpg 1024w, https:\/\/jblanz.de\/WP\/wp-content\/uploads\/2025\/11\/25Fuerte-646-768x432.jpg 768w, https:\/\/jblanz.de\/WP\/wp-content\/uploads\/2025\/11\/25Fuerte-646-1536x864.jpg 1536w, https:\/\/jblanz.de\/WP\/wp-content\/uploads\/2025\/11\/25Fuerte-646-2048x1152.jpg 2048w\" sizes=\"auto, (max-width: 2126px) 100vw, 2126px\" \/><\/figure>\n\n\n\n<figure class=\"wp-block-image size-full\"><img loading=\"lazy\" decoding=\"async\" width=\"2560\" height=\"1440\" data-id=\"29012\" src=\"https:\/\/jblanz.de\/WP\/wp-content\/uploads\/2025\/11\/25Fuerte-647-scaled.jpg\" alt=\"\" class=\"wp-image-29012\" srcset=\"https:\/\/jblanz.de\/WP\/wp-content\/uploads\/2025\/11\/25Fuerte-647-scaled.jpg 2560w, https:\/\/jblanz.de\/WP\/wp-content\/uploads\/2025\/11\/25Fuerte-647-300x169.jpg 300w, https:\/\/jblanz.de\/WP\/wp-content\/uploads\/2025\/11\/25Fuerte-647-1024x576.jpg 1024w, https:\/\/jblanz.de\/WP\/wp-content\/uploads\/2025\/11\/25Fuerte-647-768x432.jpg 768w, https:\/\/jblanz.de\/WP\/wp-content\/uploads\/2025\/11\/25Fuerte-647-1536x864.jpg 1536w, https:\/\/jblanz.de\/WP\/wp-content\/uploads\/2025\/11\/25Fuerte-647-2048x1152.jpg 2048w\" sizes=\"auto, (max-width: 2560px) 100vw, 2560px\" \/><\/figure>\n<\/figure>\n\n\n\n<p>Abends fiel uns auf, dass wir nicht gen\u00fcgend Brot f\u00fcr das Fr\u00fchst\u00fcck hatten. Wir gingen also zu Fuss ins Dorf, sind nur 300 m bis zum Supermarkt. Auf dem R\u00fcckweg ging die Sonne langsam unter. Die Spitzen der Kakteen sahen dann aus wie eine Menschenmenge.<\/p>\n\n\n\n<figure class=\"wp-block-gallery has-nested-images columns-2 is-cropped wp-block-gallery-9 is-layout-flex wp-block-gallery-is-layout-flex\">\n<figure class=\"wp-block-image size-full\"><img loading=\"lazy\" decoding=\"async\" width=\"2560\" height=\"1440\" data-id=\"29022\" src=\"https:\/\/jblanz.de\/WP\/wp-content\/uploads\/2025\/11\/25Fuerte-649-scaled.jpg\" alt=\"\" class=\"wp-image-29022\" srcset=\"https:\/\/jblanz.de\/WP\/wp-content\/uploads\/2025\/11\/25Fuerte-649-scaled.jpg 2560w, https:\/\/jblanz.de\/WP\/wp-content\/uploads\/2025\/11\/25Fuerte-649-300x169.jpg 300w, https:\/\/jblanz.de\/WP\/wp-content\/uploads\/2025\/11\/25Fuerte-649-1024x576.jpg 1024w, https:\/\/jblanz.de\/WP\/wp-content\/uploads\/2025\/11\/25Fuerte-649-768x432.jpg 768w, https:\/\/jblanz.de\/WP\/wp-content\/uploads\/2025\/11\/25Fuerte-649-1536x864.jpg 1536w, https:\/\/jblanz.de\/WP\/wp-content\/uploads\/2025\/11\/25Fuerte-649-2048x1152.jpg 2048w\" sizes=\"auto, (max-width: 2560px) 100vw, 2560px\" \/><\/figure>\n\n\n\n<figure class=\"wp-block-image size-full\"><img loading=\"lazy\" decoding=\"async\" width=\"2560\" height=\"1440\" data-id=\"29020\" src=\"https:\/\/jblanz.de\/WP\/wp-content\/uploads\/2025\/11\/25Fuerte-650-scaled.jpg\" alt=\"\" class=\"wp-image-29020\" srcset=\"https:\/\/jblanz.de\/WP\/wp-content\/uploads\/2025\/11\/25Fuerte-650-scaled.jpg 2560w, https:\/\/jblanz.de\/WP\/wp-content\/uploads\/2025\/11\/25Fuerte-650-300x169.jpg 300w, https:\/\/jblanz.de\/WP\/wp-content\/uploads\/2025\/11\/25Fuerte-650-1024x576.jpg 1024w, https:\/\/jblanz.de\/WP\/wp-content\/uploads\/2025\/11\/25Fuerte-650-768x432.jpg 768w, https:\/\/jblanz.de\/WP\/wp-content\/uploads\/2025\/11\/25Fuerte-650-1536x864.jpg 1536w, https:\/\/jblanz.de\/WP\/wp-content\/uploads\/2025\/11\/25Fuerte-650-2048x1152.jpg 2048w\" sizes=\"auto, (max-width: 2560px) 100vw, 2560px\" \/><\/figure>\n\n\n\n<figure class=\"wp-block-image size-full\"><img loading=\"lazy\" decoding=\"async\" width=\"2560\" height=\"1440\" data-id=\"29021\" src=\"https:\/\/jblanz.de\/WP\/wp-content\/uploads\/2025\/11\/25Fuerte-652-scaled.jpg\" alt=\"\" class=\"wp-image-29021\" srcset=\"https:\/\/jblanz.de\/WP\/wp-content\/uploads\/2025\/11\/25Fuerte-652-scaled.jpg 2560w, https:\/\/jblanz.de\/WP\/wp-content\/uploads\/2025\/11\/25Fuerte-652-300x169.jpg 300w, https:\/\/jblanz.de\/WP\/wp-content\/uploads\/2025\/11\/25Fuerte-652-1024x576.jpg 1024w, https:\/\/jblanz.de\/WP\/wp-content\/uploads\/2025\/11\/25Fuerte-652-768x432.jpg 768w, https:\/\/jblanz.de\/WP\/wp-content\/uploads\/2025\/11\/25Fuerte-652-1536x864.jpg 1536w, https:\/\/jblanz.de\/WP\/wp-content\/uploads\/2025\/11\/25Fuerte-652-2048x1152.jpg 2048w\" sizes=\"auto, (max-width: 2560px) 100vw, 2560px\" \/><\/figure>\n\n\n\n<figure class=\"wp-block-image size-full\"><img loading=\"lazy\" decoding=\"async\" width=\"1112\" height=\"626\" data-id=\"29019\" src=\"https:\/\/jblanz.de\/WP\/wp-content\/uploads\/2025\/11\/25Fuerte-654.jpg\" alt=\"\" class=\"wp-image-29019\" srcset=\"https:\/\/jblanz.de\/WP\/wp-content\/uploads\/2025\/11\/25Fuerte-654.jpg 1112w, https:\/\/jblanz.de\/WP\/wp-content\/uploads\/2025\/11\/25Fuerte-654-300x169.jpg 300w, https:\/\/jblanz.de\/WP\/wp-content\/uploads\/2025\/11\/25Fuerte-654-1024x576.jpg 1024w, https:\/\/jblanz.de\/WP\/wp-content\/uploads\/2025\/11\/25Fuerte-654-768x432.jpg 768w\" sizes=\"auto, (max-width: 1112px) 100vw, 1112px\" \/><\/figure>\n<\/figure>\n","protected":false},"excerpt":{"rendered":"<p>Um 10:30 Uhr verliessen wir die Wohnung in Tuineje, machten noch ein paar Fotos von aussen und fuhren dann Richtung<\/p>\n","protected":false},"author":1,"featured_media":28989,"comment_status":"open","ping_status":"open","sticky":false,"template":"","format":"standard","meta":{"colormag_page_container_layout":"default_layout","colormag_page_sidebar_layout":"default_layout","_monsterinsights_skip_tracking":false,"_monsterinsights_sitenote_active":false,"_monsterinsights_sitenote_note":"","_monsterinsights_sitenote_category":0,"footnotes":""},"categories":[314,159,348,307,197],"tags":[],"class_list":["post-28969","post","type-post","status-publish","format-standard","has-post-thumbnail","hentry","category-314","category-europa","category-fuerteventura","category-k-z","category-spanien"],"yoast_head":"<!-- This site is optimized with the Yoast SEO plugin v27.4 - https:\/\/yoast.com\/product\/yoast-seo-wordpress\/ -->\n<title>19. November 2025 - Umzug nach Tarajalejo - Reiseblog von Karin &amp; Joachim<\/title>\n<meta name=\"robots\" content=\"index, follow, max-snippet:-1, max-image-preview:large, max-video-preview:-1\" \/>\n<link rel=\"canonical\" href=\"https:\/\/jblanz.de\/WP\/19-november-2025-umzug-nach-tarajalejo\/\" \/>\n<meta property=\"og:locale\" content=\"de_DE\" \/>\n<meta property=\"og:type\" content=\"article\" \/>\n<meta property=\"og:title\" content=\"19. November 2025 - Umzug nach Tarajalejo - Reiseblog von Karin &amp; Joachim\" \/>\n<meta property=\"og:description\" content=\"Um 10:30 Uhr verliessen wir die Wohnung in Tuineje, machten noch ein paar Fotos von aussen und fuhren dann Richtung\" \/>\n<meta property=\"og:url\" content=\"https:\/\/jblanz.de\/WP\/19-november-2025-umzug-nach-tarajalejo\/\" \/>\n<meta property=\"og:site_name\" content=\"Reiseblog von Karin &amp; Joachim\" \/>\n<meta property=\"article:published_time\" content=\"2025-11-19T08:51:31+00:00\" \/>\n<meta property=\"article:modified_time\" content=\"2025-11-21T11:07:24+00:00\" \/>\n<meta property=\"og:image\" content=\"https:\/\/jblanz.de\/WP\/wp-content\/uploads\/2025\/11\/25Fuerte-624.jpg\" \/>\n\t<meta property=\"og:image:width\" content=\"1943\" \/>\n\t<meta property=\"og:image:height\" content=\"1093\" \/>\n\t<meta property=\"og:image:type\" content=\"image\/jpeg\" \/>\n<meta name=\"author\" content=\"Achim\" \/>\n<meta name=\"twitter:card\" content=\"summary_large_image\" \/>\n<meta name=\"twitter:label1\" content=\"Verfasst von\" \/>\n\t<meta name=\"twitter:data1\" content=\"Achim\" \/>\n\t<meta name=\"twitter:label2\" content=\"Gesch\u00e4tzte Lesezeit\" \/>\n\t<meta name=\"twitter:data2\" content=\"9\u00a0Minuten\" \/>\n<script type=\"application\/ld+json\" class=\"yoast-schema-graph\">{\"@context\":\"https:\\\/\\\/schema.org\",\"@graph\":[{\"@type\":\"Article\",\"@id\":\"https:\\\/\\\/jblanz.de\\\/WP\\\/19-november-2025-umzug-nach-tarajalejo\\\/#article\",\"isPartOf\":{\"@id\":\"https:\\\/\\\/jblanz.de\\\/WP\\\/19-november-2025-umzug-nach-tarajalejo\\\/\"},\"author\":{\"name\":\"Achim\",\"@id\":\"https:\\\/\\\/jblanz.de\\\/WP\\\/#\\\/schema\\\/person\\\/17a70f07162e42bc0b181c22397286e0\"},\"headline\":\"19. November 2025 &#8211; Umzug nach Tarajalejo\",\"datePublished\":\"2025-11-19T08:51:31+00:00\",\"dateModified\":\"2025-11-21T11:07:24+00:00\",\"mainEntityOfPage\":{\"@id\":\"https:\\\/\\\/jblanz.de\\\/WP\\\/19-november-2025-umzug-nach-tarajalejo\\\/\"},\"wordCount\":328,\"commentCount\":0,\"publisher\":{\"@id\":\"https:\\\/\\\/jblanz.de\\\/WP\\\/#\\\/schema\\\/person\\\/17a70f07162e42bc0b181c22397286e0\"},\"image\":{\"@id\":\"https:\\\/\\\/jblanz.de\\\/WP\\\/19-november-2025-umzug-nach-tarajalejo\\\/#primaryimage\"},\"thumbnailUrl\":\"https:\\\/\\\/jblanz.de\\\/WP\\\/wp-content\\\/uploads\\\/2025\\\/11\\\/25Fuerte-624.jpg\",\"articleSection\":[\"2025\",\"Europa\",\"Fuerteventura\",\"K-Z\",\"Spanien\"],\"inLanguage\":\"de\",\"potentialAction\":[{\"@type\":\"CommentAction\",\"name\":\"Comment\",\"target\":[\"https:\\\/\\\/jblanz.de\\\/WP\\\/19-november-2025-umzug-nach-tarajalejo\\\/#respond\"]}]},{\"@type\":\"WebPage\",\"@id\":\"https:\\\/\\\/jblanz.de\\\/WP\\\/19-november-2025-umzug-nach-tarajalejo\\\/\",\"url\":\"https:\\\/\\\/jblanz.de\\\/WP\\\/19-november-2025-umzug-nach-tarajalejo\\\/\",\"name\":\"19. November 2025 - Umzug nach Tarajalejo - Reiseblog von Karin &amp; Joachim\",\"isPartOf\":{\"@id\":\"https:\\\/\\\/jblanz.de\\\/WP\\\/#website\"},\"primaryImageOfPage\":{\"@id\":\"https:\\\/\\\/jblanz.de\\\/WP\\\/19-november-2025-umzug-nach-tarajalejo\\\/#primaryimage\"},\"image\":{\"@id\":\"https:\\\/\\\/jblanz.de\\\/WP\\\/19-november-2025-umzug-nach-tarajalejo\\\/#primaryimage\"},\"thumbnailUrl\":\"https:\\\/\\\/jblanz.de\\\/WP\\\/wp-content\\\/uploads\\\/2025\\\/11\\\/25Fuerte-624.jpg\",\"datePublished\":\"2025-11-19T08:51:31+00:00\",\"dateModified\":\"2025-11-21T11:07:24+00:00\",\"breadcrumb\":{\"@id\":\"https:\\\/\\\/jblanz.de\\\/WP\\\/19-november-2025-umzug-nach-tarajalejo\\\/#breadcrumb\"},\"inLanguage\":\"de\",\"potentialAction\":[{\"@type\":\"ReadAction\",\"target\":[\"https:\\\/\\\/jblanz.de\\\/WP\\\/19-november-2025-umzug-nach-tarajalejo\\\/\"]}]},{\"@type\":\"ImageObject\",\"inLanguage\":\"de\",\"@id\":\"https:\\\/\\\/jblanz.de\\\/WP\\\/19-november-2025-umzug-nach-tarajalejo\\\/#primaryimage\",\"url\":\"https:\\\/\\\/jblanz.de\\\/WP\\\/wp-content\\\/uploads\\\/2025\\\/11\\\/25Fuerte-624.jpg\",\"contentUrl\":\"https:\\\/\\\/jblanz.de\\\/WP\\\/wp-content\\\/uploads\\\/2025\\\/11\\\/25Fuerte-624.jpg\",\"width\":1943,\"height\":1093},{\"@type\":\"BreadcrumbList\",\"@id\":\"https:\\\/\\\/jblanz.de\\\/WP\\\/19-november-2025-umzug-nach-tarajalejo\\\/#breadcrumb\",\"itemListElement\":[{\"@type\":\"ListItem\",\"position\":1,\"name\":\"Startseite\",\"item\":\"https:\\\/\\\/jblanz.de\\\/WP\\\/\"},{\"@type\":\"ListItem\",\"position\":2,\"name\":\"19. November 2025 &#8211; Umzug nach Tarajalejo\"}]},{\"@type\":\"WebSite\",\"@id\":\"https:\\\/\\\/jblanz.de\\\/WP\\\/#website\",\"url\":\"https:\\\/\\\/jblanz.de\\\/WP\\\/\",\"name\":\"Reiseblog von Karin & Joachim\",\"description\":\"Wir schreiben den Blog f\u00fcr uns als Erinnerung - f\u00fcr euch als Inspiration\",\"publisher\":{\"@id\":\"https:\\\/\\\/jblanz.de\\\/WP\\\/#\\\/schema\\\/person\\\/17a70f07162e42bc0b181c22397286e0\"},\"potentialAction\":[{\"@type\":\"SearchAction\",\"target\":{\"@type\":\"EntryPoint\",\"urlTemplate\":\"https:\\\/\\\/jblanz.de\\\/WP\\\/?s={search_term_string}\"},\"query-input\":{\"@type\":\"PropertyValueSpecification\",\"valueRequired\":true,\"valueName\":\"search_term_string\"}}],\"inLanguage\":\"de\"},{\"@type\":[\"Person\",\"Organization\"],\"@id\":\"https:\\\/\\\/jblanz.de\\\/WP\\\/#\\\/schema\\\/person\\\/17a70f07162e42bc0b181c22397286e0\",\"name\":\"Achim\",\"image\":{\"@type\":\"ImageObject\",\"inLanguage\":\"de\",\"@id\":\"https:\\\/\\\/secure.gravatar.com\\\/avatar\\\/b7ab31bc55956af4a9bebf7fd034761212b11b803b7e39464914d6abeefb12f3?s=96&d=mm&r=g\",\"url\":\"https:\\\/\\\/secure.gravatar.com\\\/avatar\\\/b7ab31bc55956af4a9bebf7fd034761212b11b803b7e39464914d6abeefb12f3?s=96&d=mm&r=g\",\"contentUrl\":\"https:\\\/\\\/secure.gravatar.com\\\/avatar\\\/b7ab31bc55956af4a9bebf7fd034761212b11b803b7e39464914d6abeefb12f3?s=96&d=mm&r=g\",\"caption\":\"Achim\"},\"logo\":{\"@id\":\"https:\\\/\\\/secure.gravatar.com\\\/avatar\\\/b7ab31bc55956af4a9bebf7fd034761212b11b803b7e39464914d6abeefb12f3?s=96&d=mm&r=g\"},\"url\":\"https:\\\/\\\/jblanz.de\\\/WP\\\/author\\\/achim\\\/\"}]}<\/script>\n<!-- \/ Yoast SEO plugin. -->","yoast_head_json":{"title":"19. November 2025 - Umzug nach Tarajalejo - Reiseblog von Karin &amp; Joachim","robots":{"index":"index","follow":"follow","max-snippet":"max-snippet:-1","max-image-preview":"max-image-preview:large","max-video-preview":"max-video-preview:-1"},"canonical":"https:\/\/jblanz.de\/WP\/19-november-2025-umzug-nach-tarajalejo\/","og_locale":"de_DE","og_type":"article","og_title":"19. November 2025 - Umzug nach Tarajalejo - Reiseblog von Karin &amp; Joachim","og_description":"Um 10:30 Uhr verliessen wir die Wohnung in Tuineje, machten noch ein paar Fotos von aussen und fuhren dann Richtung","og_url":"https:\/\/jblanz.de\/WP\/19-november-2025-umzug-nach-tarajalejo\/","og_site_name":"Reiseblog von Karin &amp; Joachim","article_published_time":"2025-11-19T08:51:31+00:00","article_modified_time":"2025-11-21T11:07:24+00:00","og_image":[{"width":1943,"height":1093,"url":"https:\/\/jblanz.de\/WP\/wp-content\/uploads\/2025\/11\/25Fuerte-624.jpg","type":"image\/jpeg"}],"author":"Achim","twitter_card":"summary_large_image","twitter_misc":{"Verfasst von":"Achim","Gesch\u00e4tzte Lesezeit":"9\u00a0Minuten"},"schema":{"@context":"https:\/\/schema.org","@graph":[{"@type":"Article","@id":"https:\/\/jblanz.de\/WP\/19-november-2025-umzug-nach-tarajalejo\/#article","isPartOf":{"@id":"https:\/\/jblanz.de\/WP\/19-november-2025-umzug-nach-tarajalejo\/"},"author":{"name":"Achim","@id":"https:\/\/jblanz.de\/WP\/#\/schema\/person\/17a70f07162e42bc0b181c22397286e0"},"headline":"19. November 2025 &#8211; Umzug nach Tarajalejo","datePublished":"2025-11-19T08:51:31+00:00","dateModified":"2025-11-21T11:07:24+00:00","mainEntityOfPage":{"@id":"https:\/\/jblanz.de\/WP\/19-november-2025-umzug-nach-tarajalejo\/"},"wordCount":328,"commentCount":0,"publisher":{"@id":"https:\/\/jblanz.de\/WP\/#\/schema\/person\/17a70f07162e42bc0b181c22397286e0"},"image":{"@id":"https:\/\/jblanz.de\/WP\/19-november-2025-umzug-nach-tarajalejo\/#primaryimage"},"thumbnailUrl":"https:\/\/jblanz.de\/WP\/wp-content\/uploads\/2025\/11\/25Fuerte-624.jpg","articleSection":["2025","Europa","Fuerteventura","K-Z","Spanien"],"inLanguage":"de","potentialAction":[{"@type":"CommentAction","name":"Comment","target":["https:\/\/jblanz.de\/WP\/19-november-2025-umzug-nach-tarajalejo\/#respond"]}]},{"@type":"WebPage","@id":"https:\/\/jblanz.de\/WP\/19-november-2025-umzug-nach-tarajalejo\/","url":"https:\/\/jblanz.de\/WP\/19-november-2025-umzug-nach-tarajalejo\/","name":"19. November 2025 - Umzug nach Tarajalejo - Reiseblog von Karin &amp; Joachim","isPartOf":{"@id":"https:\/\/jblanz.de\/WP\/#website"},"primaryImageOfPage":{"@id":"https:\/\/jblanz.de\/WP\/19-november-2025-umzug-nach-tarajalejo\/#primaryimage"},"image":{"@id":"https:\/\/jblanz.de\/WP\/19-november-2025-umzug-nach-tarajalejo\/#primaryimage"},"thumbnailUrl":"https:\/\/jblanz.de\/WP\/wp-content\/uploads\/2025\/11\/25Fuerte-624.jpg","datePublished":"2025-11-19T08:51:31+00:00","dateModified":"2025-11-21T11:07:24+00:00","breadcrumb":{"@id":"https:\/\/jblanz.de\/WP\/19-november-2025-umzug-nach-tarajalejo\/#breadcrumb"},"inLanguage":"de","potentialAction":[{"@type":"ReadAction","target":["https:\/\/jblanz.de\/WP\/19-november-2025-umzug-nach-tarajalejo\/"]}]},{"@type":"ImageObject","inLanguage":"de","@id":"https:\/\/jblanz.de\/WP\/19-november-2025-umzug-nach-tarajalejo\/#primaryimage","url":"https:\/\/jblanz.de\/WP\/wp-content\/uploads\/2025\/11\/25Fuerte-624.jpg","contentUrl":"https:\/\/jblanz.de\/WP\/wp-content\/uploads\/2025\/11\/25Fuerte-624.jpg","width":1943,"height":1093},{"@type":"BreadcrumbList","@id":"https:\/\/jblanz.de\/WP\/19-november-2025-umzug-nach-tarajalejo\/#breadcrumb","itemListElement":[{"@type":"ListItem","position":1,"name":"Startseite","item":"https:\/\/jblanz.de\/WP\/"},{"@type":"ListItem","position":2,"name":"19. November 2025 &#8211; Umzug nach Tarajalejo"}]},{"@type":"WebSite","@id":"https:\/\/jblanz.de\/WP\/#website","url":"https:\/\/jblanz.de\/WP\/","name":"Reiseblog von Karin & Joachim","description":"Wir schreiben den Blog f\u00fcr uns als Erinnerung - f\u00fcr euch als Inspiration","publisher":{"@id":"https:\/\/jblanz.de\/WP\/#\/schema\/person\/17a70f07162e42bc0b181c22397286e0"},"potentialAction":[{"@type":"SearchAction","target":{"@type":"EntryPoint","urlTemplate":"https:\/\/jblanz.de\/WP\/?s={search_term_string}"},"query-input":{"@type":"PropertyValueSpecification","valueRequired":true,"valueName":"search_term_string"}}],"inLanguage":"de"},{"@type":["Person","Organization"],"@id":"https:\/\/jblanz.de\/WP\/#\/schema\/person\/17a70f07162e42bc0b181c22397286e0","name":"Achim","image":{"@type":"ImageObject","inLanguage":"de","@id":"https:\/\/secure.gravatar.com\/avatar\/b7ab31bc55956af4a9bebf7fd034761212b11b803b7e39464914d6abeefb12f3?s=96&d=mm&r=g","url":"https:\/\/secure.gravatar.com\/avatar\/b7ab31bc55956af4a9bebf7fd034761212b11b803b7e39464914d6abeefb12f3?s=96&d=mm&r=g","contentUrl":"https:\/\/secure.gravatar.com\/avatar\/b7ab31bc55956af4a9bebf7fd034761212b11b803b7e39464914d6abeefb12f3?s=96&d=mm&r=g","caption":"Achim"},"logo":{"@id":"https:\/\/secure.gravatar.com\/avatar\/b7ab31bc55956af4a9bebf7fd034761212b11b803b7e39464914d6abeefb12f3?s=96&d=mm&r=g"},"url":"https:\/\/jblanz.de\/WP\/author\/achim\/"}]}},"_links":{"self":[{"href":"https:\/\/jblanz.de\/WP\/wp-json\/wp\/v2\/posts\/28969","targetHints":{"allow":["GET"]}}],"collection":[{"href":"https:\/\/jblanz.de\/WP\/wp-json\/wp\/v2\/posts"}],"about":[{"href":"https:\/\/jblanz.de\/WP\/wp-json\/wp\/v2\/types\/post"}],"author":[{"embeddable":true,"href":"https:\/\/jblanz.de\/WP\/wp-json\/wp\/v2\/users\/1"}],"replies":[{"embeddable":true,"href":"https:\/\/jblanz.de\/WP\/wp-json\/wp\/v2\/comments?post=28969"}],"version-history":[{"count":0,"href":"https:\/\/jblanz.de\/WP\/wp-json\/wp\/v2\/posts\/28969\/revisions"}],"wp:featuredmedia":[{"embeddable":true,"href":"https:\/\/jblanz.de\/WP\/wp-json\/wp\/v2\/media\/28989"}],"wp:attachment":[{"href":"https:\/\/jblanz.de\/WP\/wp-json\/wp\/v2\/media?parent=28969"}],"wp:term":[{"taxonomy":"category","embeddable":true,"href":"https:\/\/jblanz.de\/WP\/wp-json\/wp\/v2\/categories?post=28969"},{"taxonomy":"post_tag","embeddable":true,"href":"https:\/\/jblanz.de\/WP\/wp-json\/wp\/v2\/tags?post=28969"}],"curies":[{"name":"wp","href":"https:\/\/api.w.org\/{rel}","templated":true}]}}