{"id":29024,"date":"2025-11-20T22:40:41","date_gmt":"2025-11-20T21:40:41","guid":{"rendered":"https:\/\/jblanz.de\/WP\/?p=29024"},"modified":"2025-11-21T13:18:53","modified_gmt":"2025-11-21T12:18:53","slug":"20-november-2025-rundfahrt-nach-morro-jable","status":"publish","type":"post","link":"https:\/\/jblanz.de\/WP\/20-november-2025-rundfahrt-nach-morro-jable\/","title":{"rendered":"20. November 2025 &#8211; Rundfahrt nach Morro Jable"},"content":{"rendered":"\n<p>Gestern Abend stellten wir fest, dass die Heizung zuhause ausgefallen war. Wir informierten den Heizungsinstallateur per Email und nachmittags war die W\u00e4rmepumpe tats\u00e4chlich repariert. Guter Service.&nbsp;<\/p>\n<p>Hier noch ein paar Fotos von dem Haus, in dem wir gerade leben. Am Strand befindet sich auch ein grosser Parkplatz auf dem mehrere Wohnmobile parken.<\/p>\n\n\n\n<figure class=\"wp-block-gallery has-nested-images columns-2 is-cropped wp-block-gallery-2 is-layout-flex wp-block-gallery-is-layout-flex\">\n<figure class=\"wp-block-image size-full\"><img loading=\"lazy\" decoding=\"async\" width=\"2560\" height=\"1440\" data-id=\"29031\" src=\"https:\/\/jblanz.de\/WP\/wp-content\/uploads\/2025\/11\/25Fuerte-659-scaled.jpg\" alt=\"\" class=\"wp-image-29031\" srcset=\"https:\/\/jblanz.de\/WP\/wp-content\/uploads\/2025\/11\/25Fuerte-659-scaled.jpg 2560w, https:\/\/jblanz.de\/WP\/wp-content\/uploads\/2025\/11\/25Fuerte-659-300x169.jpg 300w, https:\/\/jblanz.de\/WP\/wp-content\/uploads\/2025\/11\/25Fuerte-659-1024x576.jpg 1024w, https:\/\/jblanz.de\/WP\/wp-content\/uploads\/2025\/11\/25Fuerte-659-768x432.jpg 768w, https:\/\/jblanz.de\/WP\/wp-content\/uploads\/2025\/11\/25Fuerte-659-1536x864.jpg 1536w, https:\/\/jblanz.de\/WP\/wp-content\/uploads\/2025\/11\/25Fuerte-659-2048x1152.jpg 2048w\" sizes=\"auto, (max-width: 2560px) 100vw, 2560px\" \/><\/figure>\n\n\n\n<figure class=\"wp-block-image size-full\"><img loading=\"lazy\" decoding=\"async\" width=\"2560\" height=\"1440\" data-id=\"29033\" src=\"https:\/\/jblanz.de\/WP\/wp-content\/uploads\/2025\/11\/25Fuerte-661-scaled.jpg\" alt=\"\" class=\"wp-image-29033\" srcset=\"https:\/\/jblanz.de\/WP\/wp-content\/uploads\/2025\/11\/25Fuerte-661-scaled.jpg 2560w, https:\/\/jblanz.de\/WP\/wp-content\/uploads\/2025\/11\/25Fuerte-661-300x169.jpg 300w, https:\/\/jblanz.de\/WP\/wp-content\/uploads\/2025\/11\/25Fuerte-661-1024x576.jpg 1024w, https:\/\/jblanz.de\/WP\/wp-content\/uploads\/2025\/11\/25Fuerte-661-768x432.jpg 768w, https:\/\/jblanz.de\/WP\/wp-content\/uploads\/2025\/11\/25Fuerte-661-1536x864.jpg 1536w, https:\/\/jblanz.de\/WP\/wp-content\/uploads\/2025\/11\/25Fuerte-661-2048x1152.jpg 2048w\" sizes=\"auto, (max-width: 2560px) 100vw, 2560px\" \/><\/figure>\n\n\n\n<figure class=\"wp-block-image size-full\"><img loading=\"lazy\" decoding=\"async\" width=\"2560\" height=\"1440\" data-id=\"29034\" src=\"https:\/\/jblanz.de\/WP\/wp-content\/uploads\/2025\/11\/25Fuerte-662-scaled.jpg\" alt=\"\" class=\"wp-image-29034\" srcset=\"https:\/\/jblanz.de\/WP\/wp-content\/uploads\/2025\/11\/25Fuerte-662-scaled.jpg 2560w, https:\/\/jblanz.de\/WP\/wp-content\/uploads\/2025\/11\/25Fuerte-662-300x169.jpg 300w, https:\/\/jblanz.de\/WP\/wp-content\/uploads\/2025\/11\/25Fuerte-662-1024x576.jpg 1024w, https:\/\/jblanz.de\/WP\/wp-content\/uploads\/2025\/11\/25Fuerte-662-768x432.jpg 768w, https:\/\/jblanz.de\/WP\/wp-content\/uploads\/2025\/11\/25Fuerte-662-1536x864.jpg 1536w, https:\/\/jblanz.de\/WP\/wp-content\/uploads\/2025\/11\/25Fuerte-662-2048x1152.jpg 2048w\" sizes=\"auto, (max-width: 2560px) 100vw, 2560px\" \/><\/figure>\n\n\n\n<figure class=\"wp-block-image size-full\"><img loading=\"lazy\" decoding=\"async\" width=\"2560\" height=\"1440\" data-id=\"29032\" src=\"https:\/\/jblanz.de\/WP\/wp-content\/uploads\/2025\/11\/25Fuerte-663-scaled.jpg\" alt=\"\" class=\"wp-image-29032\" srcset=\"https:\/\/jblanz.de\/WP\/wp-content\/uploads\/2025\/11\/25Fuerte-663-scaled.jpg 2560w, https:\/\/jblanz.de\/WP\/wp-content\/uploads\/2025\/11\/25Fuerte-663-300x169.jpg 300w, https:\/\/jblanz.de\/WP\/wp-content\/uploads\/2025\/11\/25Fuerte-663-1024x576.jpg 1024w, https:\/\/jblanz.de\/WP\/wp-content\/uploads\/2025\/11\/25Fuerte-663-768x432.jpg 768w, https:\/\/jblanz.de\/WP\/wp-content\/uploads\/2025\/11\/25Fuerte-663-1536x864.jpg 1536w, https:\/\/jblanz.de\/WP\/wp-content\/uploads\/2025\/11\/25Fuerte-663-2048x1152.jpg 2048w\" sizes=\"auto, (max-width: 2560px) 100vw, 2560px\" \/><\/figure>\n\n\n\n<figure class=\"wp-block-image size-full\"><img loading=\"lazy\" decoding=\"async\" width=\"2560\" height=\"1440\" data-id=\"29037\" src=\"https:\/\/jblanz.de\/WP\/wp-content\/uploads\/2025\/11\/25Fuerte-667-scaled.jpg\" alt=\"\" class=\"wp-image-29037\" srcset=\"https:\/\/jblanz.de\/WP\/wp-content\/uploads\/2025\/11\/25Fuerte-667-scaled.jpg 2560w, https:\/\/jblanz.de\/WP\/wp-content\/uploads\/2025\/11\/25Fuerte-667-300x169.jpg 300w, https:\/\/jblanz.de\/WP\/wp-content\/uploads\/2025\/11\/25Fuerte-667-1024x576.jpg 1024w, https:\/\/jblanz.de\/WP\/wp-content\/uploads\/2025\/11\/25Fuerte-667-768x432.jpg 768w, https:\/\/jblanz.de\/WP\/wp-content\/uploads\/2025\/11\/25Fuerte-667-1536x864.jpg 1536w, https:\/\/jblanz.de\/WP\/wp-content\/uploads\/2025\/11\/25Fuerte-667-2048x1152.jpg 2048w\" sizes=\"auto, (max-width: 2560px) 100vw, 2560px\" \/><\/figure>\n\n\n\n<figure class=\"wp-block-image size-full\"><img loading=\"lazy\" decoding=\"async\" width=\"2560\" height=\"1440\" data-id=\"29039\" src=\"https:\/\/jblanz.de\/WP\/wp-content\/uploads\/2025\/11\/25Fuerte-665-scaled.jpg\" alt=\"\" class=\"wp-image-29039\" srcset=\"https:\/\/jblanz.de\/WP\/wp-content\/uploads\/2025\/11\/25Fuerte-665-scaled.jpg 2560w, https:\/\/jblanz.de\/WP\/wp-content\/uploads\/2025\/11\/25Fuerte-665-300x169.jpg 300w, https:\/\/jblanz.de\/WP\/wp-content\/uploads\/2025\/11\/25Fuerte-665-1024x576.jpg 1024w, https:\/\/jblanz.de\/WP\/wp-content\/uploads\/2025\/11\/25Fuerte-665-768x432.jpg 768w, https:\/\/jblanz.de\/WP\/wp-content\/uploads\/2025\/11\/25Fuerte-665-1536x864.jpg 1536w, https:\/\/jblanz.de\/WP\/wp-content\/uploads\/2025\/11\/25Fuerte-665-2048x1152.jpg 2048w\" sizes=\"auto, (max-width: 2560px) 100vw, 2560px\" \/><\/figure>\n\n\n\n<figure class=\"wp-block-image size-full\"><img loading=\"lazy\" decoding=\"async\" width=\"2560\" height=\"1440\" data-id=\"29038\" src=\"https:\/\/jblanz.de\/WP\/wp-content\/uploads\/2025\/11\/25Fuerte-664-scaled.jpg\" alt=\"\" class=\"wp-image-29038\" srcset=\"https:\/\/jblanz.de\/WP\/wp-content\/uploads\/2025\/11\/25Fuerte-664-scaled.jpg 2560w, https:\/\/jblanz.de\/WP\/wp-content\/uploads\/2025\/11\/25Fuerte-664-300x169.jpg 300w, https:\/\/jblanz.de\/WP\/wp-content\/uploads\/2025\/11\/25Fuerte-664-1024x576.jpg 1024w, https:\/\/jblanz.de\/WP\/wp-content\/uploads\/2025\/11\/25Fuerte-664-768x432.jpg 768w, https:\/\/jblanz.de\/WP\/wp-content\/uploads\/2025\/11\/25Fuerte-664-1536x864.jpg 1536w, https:\/\/jblanz.de\/WP\/wp-content\/uploads\/2025\/11\/25Fuerte-664-2048x1152.jpg 2048w\" sizes=\"auto, (max-width: 2560px) 100vw, 2560px\" \/><\/figure>\n<\/figure>\n\n\n\n<p>Um ca 11 Uhr fuhren wir los, um den s\u00fcdlichsten Zipfel der Insel zu erkunden. Die gr\u00f6sste Teil der Strasse bis Morro Jable ist eine 4-spurige Autobahn. Sie f\u00fchrte dann durch einen Ort namens Solana Matorral, der wohl touristischsten Stadt hier. Sch\u00f6ne Allee mit besetzten Parkpl\u00e4tzen links und rechts und ein Hotelbau am Anderen. Es wuselte nur so von Menschen, entlang der Strasse Restaurants und eine Shopping Meile, die sich sehen lassen kann. Sandstrand (heller Sand) mit Liegest\u00fchlen und Sonnenschirmen, im Wasser Surfschulen. Am Ortsende ein gut besuchter Wochenmarkt mit allerlei St\u00e4nden, kein Parkplatz, wir w\u00fcrden uns hier nicht wohl f\u00fchlen. Wir fuhren weiter bis zur Abzweigung nach Cofete, einem abgelegenen Strand, dem im Reisef\u00fchrer mehrere Seiten gewidmet sind. <\/p>\n\n\n\n<p>Die ersten 500 m fuhren wir auf einer geteerten Strasse, dann kam ein breiter eingeebneter Feldweg. Einige Autos vor uns fuhr ein LKW mit einem Wassertank. Er bespr\u00fcht den Feldweg und schnell wurde die Oberfl\u00e4che des Weg zu einer Matschstrasse. Einen Kilometer sp\u00e4ter standen grosse Ger\u00e4te, die den Weg einebneten. Nachdem die Dampfwalze alles platt gedr\u00fcckt hatte, kam dann das Wasser, um die Oberfl\u00e4che betonhart zu machen, aber erst wenn es wieder getrocknet ist. Wir fuhren die Strecke auch nicht alleine, sondern viele Mietwagenfahrer wollten in die gleiche Richtung. Nach kurzer Zeit war unser Auto unten mit Matsch bedeckt und Spritzer gingen hoch bis zu den Fenstern. Wir fuhren 8 km rein, dann entschlossen wir uns umzukehren, denn der Weg zum Strand von Cotillo war nochmals 10 km lang. Und die im Reisef\u00fchrer beschriebene Einsamkeit konnte angesichts der Autolawine auch nicht \u00fcberzeugen. Die ganze Gegend ist Naturschutzgebiet, daher d\u00fcrfen hier keine Hotels gebaut werden. Ausser Steinen gab es nicht viel zu sehen, nur am \u00e4u\u00dfersten Zipfel sah man aus der Ferne ein kleines Dorf mit einem Windrad.\u00a0<\/p>\n\n\n\n<p>Wir fuhren die 8 km zur\u00fcck und st\u00e4ndig kamen uns Mietwagen, mit Dreck \u00fcberzogene Mountainbikes und sogar 2 Wanderinnen entgegen, die auch nur den Feldweg benutzen konnten. Als wir den Schotterweg verliessen, kratzte der zentimeterdicke Dreck in den Kotfl\u00fcgeln an den Reifen. Ich musste ihn mit einem Holz abkratzen.<\/p>\n\n\n\n<figure class=\"wp-block-gallery has-nested-images columns-2 is-cropped wp-block-gallery-3 is-layout-flex wp-block-gallery-is-layout-flex\">\n<figure class=\"wp-block-image size-full\"><img loading=\"lazy\" decoding=\"async\" width=\"2560\" height=\"1440\" data-id=\"29046\" src=\"https:\/\/jblanz.de\/WP\/wp-content\/uploads\/2025\/11\/25Fuerte-668-scaled.jpg\" alt=\"\" class=\"wp-image-29046\" srcset=\"https:\/\/jblanz.de\/WP\/wp-content\/uploads\/2025\/11\/25Fuerte-668-scaled.jpg 2560w, https:\/\/jblanz.de\/WP\/wp-content\/uploads\/2025\/11\/25Fuerte-668-300x169.jpg 300w, https:\/\/jblanz.de\/WP\/wp-content\/uploads\/2025\/11\/25Fuerte-668-1024x576.jpg 1024w, https:\/\/jblanz.de\/WP\/wp-content\/uploads\/2025\/11\/25Fuerte-668-768x432.jpg 768w, https:\/\/jblanz.de\/WP\/wp-content\/uploads\/2025\/11\/25Fuerte-668-1536x864.jpg 1536w, https:\/\/jblanz.de\/WP\/wp-content\/uploads\/2025\/11\/25Fuerte-668-2048x1152.jpg 2048w\" sizes=\"auto, (max-width: 2560px) 100vw, 2560px\" \/><\/figure>\n\n\n\n<figure class=\"wp-block-image size-full\"><img loading=\"lazy\" decoding=\"async\" width=\"2560\" height=\"1440\" data-id=\"29043\" src=\"https:\/\/jblanz.de\/WP\/wp-content\/uploads\/2025\/11\/25Fuerte-670-scaled.jpg\" alt=\"\" class=\"wp-image-29043\" srcset=\"https:\/\/jblanz.de\/WP\/wp-content\/uploads\/2025\/11\/25Fuerte-670-scaled.jpg 2560w, https:\/\/jblanz.de\/WP\/wp-content\/uploads\/2025\/11\/25Fuerte-670-300x169.jpg 300w, https:\/\/jblanz.de\/WP\/wp-content\/uploads\/2025\/11\/25Fuerte-670-1024x576.jpg 1024w, https:\/\/jblanz.de\/WP\/wp-content\/uploads\/2025\/11\/25Fuerte-670-768x432.jpg 768w, https:\/\/jblanz.de\/WP\/wp-content\/uploads\/2025\/11\/25Fuerte-670-1536x864.jpg 1536w, https:\/\/jblanz.de\/WP\/wp-content\/uploads\/2025\/11\/25Fuerte-670-2048x1152.jpg 2048w\" sizes=\"auto, (max-width: 2560px) 100vw, 2560px\" \/><\/figure>\n\n\n\n<figure class=\"wp-block-image size-full\"><img loading=\"lazy\" decoding=\"async\" width=\"2560\" height=\"1440\" data-id=\"29041\" src=\"https:\/\/jblanz.de\/WP\/wp-content\/uploads\/2025\/11\/25Fuerte-671-scaled.jpg\" alt=\"\" class=\"wp-image-29041\" srcset=\"https:\/\/jblanz.de\/WP\/wp-content\/uploads\/2025\/11\/25Fuerte-671-scaled.jpg 2560w, https:\/\/jblanz.de\/WP\/wp-content\/uploads\/2025\/11\/25Fuerte-671-300x169.jpg 300w, https:\/\/jblanz.de\/WP\/wp-content\/uploads\/2025\/11\/25Fuerte-671-1024x576.jpg 1024w, https:\/\/jblanz.de\/WP\/wp-content\/uploads\/2025\/11\/25Fuerte-671-768x432.jpg 768w, https:\/\/jblanz.de\/WP\/wp-content\/uploads\/2025\/11\/25Fuerte-671-1536x864.jpg 1536w, https:\/\/jblanz.de\/WP\/wp-content\/uploads\/2025\/11\/25Fuerte-671-2048x1152.jpg 2048w\" sizes=\"auto, (max-width: 2560px) 100vw, 2560px\" \/><\/figure>\n\n\n\n<figure class=\"wp-block-image size-full\"><img loading=\"lazy\" decoding=\"async\" width=\"2560\" height=\"1440\" data-id=\"29044\" src=\"https:\/\/jblanz.de\/WP\/wp-content\/uploads\/2025\/11\/25Fuerte-675-scaled.jpg\" alt=\"\" class=\"wp-image-29044\" srcset=\"https:\/\/jblanz.de\/WP\/wp-content\/uploads\/2025\/11\/25Fuerte-675-scaled.jpg 2560w, https:\/\/jblanz.de\/WP\/wp-content\/uploads\/2025\/11\/25Fuerte-675-300x169.jpg 300w, https:\/\/jblanz.de\/WP\/wp-content\/uploads\/2025\/11\/25Fuerte-675-1024x576.jpg 1024w, https:\/\/jblanz.de\/WP\/wp-content\/uploads\/2025\/11\/25Fuerte-675-768x432.jpg 768w, https:\/\/jblanz.de\/WP\/wp-content\/uploads\/2025\/11\/25Fuerte-675-1536x864.jpg 1536w, https:\/\/jblanz.de\/WP\/wp-content\/uploads\/2025\/11\/25Fuerte-675-2048x1152.jpg 2048w\" sizes=\"auto, (max-width: 2560px) 100vw, 2560px\" \/><\/figure>\n\n\n\n<figure class=\"wp-block-image size-full\"><img loading=\"lazy\" decoding=\"async\" width=\"2560\" height=\"1440\" data-id=\"29045\" src=\"https:\/\/jblanz.de\/WP\/wp-content\/uploads\/2025\/11\/25Fuerte-674-scaled.jpg\" alt=\"\" class=\"wp-image-29045\" srcset=\"https:\/\/jblanz.de\/WP\/wp-content\/uploads\/2025\/11\/25Fuerte-674-scaled.jpg 2560w, https:\/\/jblanz.de\/WP\/wp-content\/uploads\/2025\/11\/25Fuerte-674-300x169.jpg 300w, https:\/\/jblanz.de\/WP\/wp-content\/uploads\/2025\/11\/25Fuerte-674-1024x576.jpg 1024w, https:\/\/jblanz.de\/WP\/wp-content\/uploads\/2025\/11\/25Fuerte-674-768x432.jpg 768w, https:\/\/jblanz.de\/WP\/wp-content\/uploads\/2025\/11\/25Fuerte-674-1536x864.jpg 1536w, https:\/\/jblanz.de\/WP\/wp-content\/uploads\/2025\/11\/25Fuerte-674-2048x1152.jpg 2048w\" sizes=\"auto, (max-width: 2560px) 100vw, 2560px\" \/><\/figure>\n\n\n\n<figure class=\"wp-block-image size-full\"><img loading=\"lazy\" decoding=\"async\" width=\"2560\" height=\"1440\" data-id=\"29048\" src=\"https:\/\/jblanz.de\/WP\/wp-content\/uploads\/2025\/11\/25Fuerte-676-scaled.jpg\" alt=\"\" class=\"wp-image-29048\" srcset=\"https:\/\/jblanz.de\/WP\/wp-content\/uploads\/2025\/11\/25Fuerte-676-scaled.jpg 2560w, https:\/\/jblanz.de\/WP\/wp-content\/uploads\/2025\/11\/25Fuerte-676-300x169.jpg 300w, https:\/\/jblanz.de\/WP\/wp-content\/uploads\/2025\/11\/25Fuerte-676-1024x576.jpg 1024w, https:\/\/jblanz.de\/WP\/wp-content\/uploads\/2025\/11\/25Fuerte-676-768x432.jpg 768w, https:\/\/jblanz.de\/WP\/wp-content\/uploads\/2025\/11\/25Fuerte-676-1536x864.jpg 1536w, https:\/\/jblanz.de\/WP\/wp-content\/uploads\/2025\/11\/25Fuerte-676-2048x1152.jpg 2048w\" sizes=\"auto, (max-width: 2560px) 100vw, 2560px\" \/><\/figure>\n<\/figure>\n\n\n\n<p>Auf dem R\u00fcckweg sahen wir uns noch ein paar tolle Str\u00e4nde an. Aber am Nachmittag war es v\u00f6llig windstill und eine dunkle Wolke beschattete die Gegend ziemlich lange. Ohne Sonne wurde es aber doch recht k\u00fchl und wir verzichteten auf ein Bad im Meer. Hinter diesem Strand gab es eine riesige Sandd\u00fcne.<\/p>\n\n\n\n<figure class=\"wp-block-gallery has-nested-images columns-2 is-cropped wp-block-gallery-4 is-layout-flex wp-block-gallery-is-layout-flex\">\n<figure class=\"wp-block-image size-full\"><img loading=\"lazy\" decoding=\"async\" width=\"2560\" height=\"1440\" data-id=\"29059\" src=\"https:\/\/jblanz.de\/WP\/wp-content\/uploads\/2025\/11\/25Fuerte-682-scaled.jpg\" alt=\"\" class=\"wp-image-29059\" srcset=\"https:\/\/jblanz.de\/WP\/wp-content\/uploads\/2025\/11\/25Fuerte-682-scaled.jpg 2560w, https:\/\/jblanz.de\/WP\/wp-content\/uploads\/2025\/11\/25Fuerte-682-300x169.jpg 300w, https:\/\/jblanz.de\/WP\/wp-content\/uploads\/2025\/11\/25Fuerte-682-1024x576.jpg 1024w, https:\/\/jblanz.de\/WP\/wp-content\/uploads\/2025\/11\/25Fuerte-682-768x432.jpg 768w, https:\/\/jblanz.de\/WP\/wp-content\/uploads\/2025\/11\/25Fuerte-682-1536x864.jpg 1536w, https:\/\/jblanz.de\/WP\/wp-content\/uploads\/2025\/11\/25Fuerte-682-2048x1152.jpg 2048w\" sizes=\"auto, (max-width: 2560px) 100vw, 2560px\" \/><\/figure>\n\n\n\n<figure class=\"wp-block-image size-full\"><img loading=\"lazy\" decoding=\"async\" width=\"2560\" height=\"1440\" data-id=\"29057\" src=\"https:\/\/jblanz.de\/WP\/wp-content\/uploads\/2025\/11\/25Fuerte-684-scaled.jpg\" alt=\"\" class=\"wp-image-29057\" srcset=\"https:\/\/jblanz.de\/WP\/wp-content\/uploads\/2025\/11\/25Fuerte-684-scaled.jpg 2560w, https:\/\/jblanz.de\/WP\/wp-content\/uploads\/2025\/11\/25Fuerte-684-300x169.jpg 300w, https:\/\/jblanz.de\/WP\/wp-content\/uploads\/2025\/11\/25Fuerte-684-1024x576.jpg 1024w, https:\/\/jblanz.de\/WP\/wp-content\/uploads\/2025\/11\/25Fuerte-684-768x432.jpg 768w, https:\/\/jblanz.de\/WP\/wp-content\/uploads\/2025\/11\/25Fuerte-684-1536x864.jpg 1536w, https:\/\/jblanz.de\/WP\/wp-content\/uploads\/2025\/11\/25Fuerte-684-2048x1152.jpg 2048w\" sizes=\"auto, (max-width: 2560px) 100vw, 2560px\" \/><\/figure>\n\n\n\n<figure class=\"wp-block-image size-full\"><img loading=\"lazy\" decoding=\"async\" width=\"2560\" height=\"1440\" data-id=\"29058\" src=\"https:\/\/jblanz.de\/WP\/wp-content\/uploads\/2025\/11\/25Fuerte-683-scaled.jpg\" alt=\"\" class=\"wp-image-29058\" srcset=\"https:\/\/jblanz.de\/WP\/wp-content\/uploads\/2025\/11\/25Fuerte-683-scaled.jpg 2560w, https:\/\/jblanz.de\/WP\/wp-content\/uploads\/2025\/11\/25Fuerte-683-300x169.jpg 300w, https:\/\/jblanz.de\/WP\/wp-content\/uploads\/2025\/11\/25Fuerte-683-1024x576.jpg 1024w, https:\/\/jblanz.de\/WP\/wp-content\/uploads\/2025\/11\/25Fuerte-683-768x432.jpg 768w, https:\/\/jblanz.de\/WP\/wp-content\/uploads\/2025\/11\/25Fuerte-683-1536x864.jpg 1536w, https:\/\/jblanz.de\/WP\/wp-content\/uploads\/2025\/11\/25Fuerte-683-2048x1152.jpg 2048w\" sizes=\"auto, (max-width: 2560px) 100vw, 2560px\" \/><\/figure>\n\n\n\n<figure class=\"wp-block-image size-full\"><img loading=\"lazy\" decoding=\"async\" width=\"2560\" height=\"1440\" data-id=\"29056\" src=\"https:\/\/jblanz.de\/WP\/wp-content\/uploads\/2025\/11\/25Fuerte-677-scaled.jpg\" alt=\"\" class=\"wp-image-29056\" srcset=\"https:\/\/jblanz.de\/WP\/wp-content\/uploads\/2025\/11\/25Fuerte-677-scaled.jpg 2560w, https:\/\/jblanz.de\/WP\/wp-content\/uploads\/2025\/11\/25Fuerte-677-300x169.jpg 300w, https:\/\/jblanz.de\/WP\/wp-content\/uploads\/2025\/11\/25Fuerte-677-1024x576.jpg 1024w, https:\/\/jblanz.de\/WP\/wp-content\/uploads\/2025\/11\/25Fuerte-677-768x432.jpg 768w, https:\/\/jblanz.de\/WP\/wp-content\/uploads\/2025\/11\/25Fuerte-677-1536x864.jpg 1536w, https:\/\/jblanz.de\/WP\/wp-content\/uploads\/2025\/11\/25Fuerte-677-2048x1152.jpg 2048w\" sizes=\"auto, (max-width: 2560px) 100vw, 2560px\" \/><\/figure>\n\n\n\n<figure class=\"wp-block-image size-full\"><img loading=\"lazy\" decoding=\"async\" width=\"2560\" height=\"1440\" data-id=\"29069\" src=\"https:\/\/jblanz.de\/WP\/wp-content\/uploads\/2025\/11\/25Fuerte-685-scaled.jpg\" alt=\"\" class=\"wp-image-29069\" srcset=\"https:\/\/jblanz.de\/WP\/wp-content\/uploads\/2025\/11\/25Fuerte-685-scaled.jpg 2560w, https:\/\/jblanz.de\/WP\/wp-content\/uploads\/2025\/11\/25Fuerte-685-300x169.jpg 300w, https:\/\/jblanz.de\/WP\/wp-content\/uploads\/2025\/11\/25Fuerte-685-1024x576.jpg 1024w, https:\/\/jblanz.de\/WP\/wp-content\/uploads\/2025\/11\/25Fuerte-685-768x432.jpg 768w, https:\/\/jblanz.de\/WP\/wp-content\/uploads\/2025\/11\/25Fuerte-685-1536x864.jpg 1536w, https:\/\/jblanz.de\/WP\/wp-content\/uploads\/2025\/11\/25Fuerte-685-2048x1152.jpg 2048w\" sizes=\"auto, (max-width: 2560px) 100vw, 2560px\" \/><\/figure>\n<\/figure>\n\n\n\n<p>In Costa Calme machten wir eine kleine Rundfahrt, um die Hotelanlagen zu sehen und ein paar Fotos zu machen. Wir gingen auf einen Kaffee und K\u00e4sekuchen ins Caf\u00e9 Berlin, einer Konditorei, die von Deutschen gef\u00fchrt und von Deutschen besucht wird. <\/p>\n\n\n\n<figure class=\"wp-block-gallery has-nested-images columns-2 is-cropped wp-block-gallery-5 is-layout-flex wp-block-gallery-is-layout-flex\">\n<figure class=\"wp-block-image size-full\"><img loading=\"lazy\" decoding=\"async\" width=\"2560\" height=\"1440\" data-id=\"29065\" src=\"https:\/\/jblanz.de\/WP\/wp-content\/uploads\/2025\/11\/25Fuerte-687-scaled.jpg\" alt=\"\" class=\"wp-image-29065\" srcset=\"https:\/\/jblanz.de\/WP\/wp-content\/uploads\/2025\/11\/25Fuerte-687-scaled.jpg 2560w, https:\/\/jblanz.de\/WP\/wp-content\/uploads\/2025\/11\/25Fuerte-687-300x169.jpg 300w, https:\/\/jblanz.de\/WP\/wp-content\/uploads\/2025\/11\/25Fuerte-687-1024x576.jpg 1024w, https:\/\/jblanz.de\/WP\/wp-content\/uploads\/2025\/11\/25Fuerte-687-768x432.jpg 768w, https:\/\/jblanz.de\/WP\/wp-content\/uploads\/2025\/11\/25Fuerte-687-1536x864.jpg 1536w, https:\/\/jblanz.de\/WP\/wp-content\/uploads\/2025\/11\/25Fuerte-687-2048x1152.jpg 2048w\" sizes=\"auto, (max-width: 2560px) 100vw, 2560px\" \/><\/figure>\n\n\n\n<figure class=\"wp-block-image size-full\"><img loading=\"lazy\" decoding=\"async\" width=\"2560\" height=\"1440\" data-id=\"29064\" src=\"https:\/\/jblanz.de\/WP\/wp-content\/uploads\/2025\/11\/25Fuerte-688-scaled.jpg\" alt=\"\" class=\"wp-image-29064\" srcset=\"https:\/\/jblanz.de\/WP\/wp-content\/uploads\/2025\/11\/25Fuerte-688-scaled.jpg 2560w, https:\/\/jblanz.de\/WP\/wp-content\/uploads\/2025\/11\/25Fuerte-688-300x169.jpg 300w, https:\/\/jblanz.de\/WP\/wp-content\/uploads\/2025\/11\/25Fuerte-688-1024x576.jpg 1024w, https:\/\/jblanz.de\/WP\/wp-content\/uploads\/2025\/11\/25Fuerte-688-768x432.jpg 768w, https:\/\/jblanz.de\/WP\/wp-content\/uploads\/2025\/11\/25Fuerte-688-1536x864.jpg 1536w, https:\/\/jblanz.de\/WP\/wp-content\/uploads\/2025\/11\/25Fuerte-688-2048x1152.jpg 2048w\" sizes=\"auto, (max-width: 2560px) 100vw, 2560px\" \/><\/figure>\n\n\n\n<figure class=\"wp-block-image size-full\"><img loading=\"lazy\" decoding=\"async\" width=\"2560\" height=\"1440\" data-id=\"29063\" src=\"https:\/\/jblanz.de\/WP\/wp-content\/uploads\/2025\/11\/25Fuerte-690-scaled.jpg\" alt=\"\" class=\"wp-image-29063\" srcset=\"https:\/\/jblanz.de\/WP\/wp-content\/uploads\/2025\/11\/25Fuerte-690-scaled.jpg 2560w, https:\/\/jblanz.de\/WP\/wp-content\/uploads\/2025\/11\/25Fuerte-690-300x169.jpg 300w, https:\/\/jblanz.de\/WP\/wp-content\/uploads\/2025\/11\/25Fuerte-690-1024x576.jpg 1024w, https:\/\/jblanz.de\/WP\/wp-content\/uploads\/2025\/11\/25Fuerte-690-768x432.jpg 768w, https:\/\/jblanz.de\/WP\/wp-content\/uploads\/2025\/11\/25Fuerte-690-1536x864.jpg 1536w, https:\/\/jblanz.de\/WP\/wp-content\/uploads\/2025\/11\/25Fuerte-690-2048x1152.jpg 2048w\" sizes=\"auto, (max-width: 2560px) 100vw, 2560px\" \/><\/figure>\n\n\n\n<figure class=\"wp-block-image size-full\"><img loading=\"lazy\" decoding=\"async\" width=\"2560\" height=\"1440\" data-id=\"29062\" src=\"https:\/\/jblanz.de\/WP\/wp-content\/uploads\/2025\/11\/25Fuerte-694-scaled.jpg\" alt=\"\" class=\"wp-image-29062\" srcset=\"https:\/\/jblanz.de\/WP\/wp-content\/uploads\/2025\/11\/25Fuerte-694-scaled.jpg 2560w, https:\/\/jblanz.de\/WP\/wp-content\/uploads\/2025\/11\/25Fuerte-694-300x169.jpg 300w, https:\/\/jblanz.de\/WP\/wp-content\/uploads\/2025\/11\/25Fuerte-694-1024x576.jpg 1024w, https:\/\/jblanz.de\/WP\/wp-content\/uploads\/2025\/11\/25Fuerte-694-768x432.jpg 768w, https:\/\/jblanz.de\/WP\/wp-content\/uploads\/2025\/11\/25Fuerte-694-1536x864.jpg 1536w, https:\/\/jblanz.de\/WP\/wp-content\/uploads\/2025\/11\/25Fuerte-694-2048x1152.jpg 2048w\" sizes=\"auto, (max-width: 2560px) 100vw, 2560px\" \/><\/figure>\n\n\n\n<figure class=\"wp-block-image size-full\"><img loading=\"lazy\" decoding=\"async\" width=\"2560\" height=\"1440\" data-id=\"29066\" src=\"https:\/\/jblanz.de\/WP\/wp-content\/uploads\/2025\/11\/25Fuerte-686-scaled.jpg\" alt=\"\" class=\"wp-image-29066\" srcset=\"https:\/\/jblanz.de\/WP\/wp-content\/uploads\/2025\/11\/25Fuerte-686-scaled.jpg 2560w, https:\/\/jblanz.de\/WP\/wp-content\/uploads\/2025\/11\/25Fuerte-686-300x169.jpg 300w, https:\/\/jblanz.de\/WP\/wp-content\/uploads\/2025\/11\/25Fuerte-686-1024x576.jpg 1024w, https:\/\/jblanz.de\/WP\/wp-content\/uploads\/2025\/11\/25Fuerte-686-768x432.jpg 768w, https:\/\/jblanz.de\/WP\/wp-content\/uploads\/2025\/11\/25Fuerte-686-1536x864.jpg 1536w, https:\/\/jblanz.de\/WP\/wp-content\/uploads\/2025\/11\/25Fuerte-686-2048x1152.jpg 2048w\" sizes=\"auto, (max-width: 2560px) 100vw, 2560px\" \/><\/figure>\n\n\n\n<figure class=\"wp-block-image size-full\"><img loading=\"lazy\" decoding=\"async\" width=\"2560\" height=\"1440\" data-id=\"29067\" src=\"https:\/\/jblanz.de\/WP\/wp-content\/uploads\/2025\/11\/25Fuerte-681-scaled.jpg\" alt=\"\" class=\"wp-image-29067\" srcset=\"https:\/\/jblanz.de\/WP\/wp-content\/uploads\/2025\/11\/25Fuerte-681-scaled.jpg 2560w, https:\/\/jblanz.de\/WP\/wp-content\/uploads\/2025\/11\/25Fuerte-681-300x169.jpg 300w, https:\/\/jblanz.de\/WP\/wp-content\/uploads\/2025\/11\/25Fuerte-681-1024x576.jpg 1024w, https:\/\/jblanz.de\/WP\/wp-content\/uploads\/2025\/11\/25Fuerte-681-768x432.jpg 768w, https:\/\/jblanz.de\/WP\/wp-content\/uploads\/2025\/11\/25Fuerte-681-1536x864.jpg 1536w, https:\/\/jblanz.de\/WP\/wp-content\/uploads\/2025\/11\/25Fuerte-681-2048x1152.jpg 2048w\" sizes=\"auto, (max-width: 2560px) 100vw, 2560px\" \/><\/figure>\n<\/figure>\n\n\n\n<p>Wir fuhren noch Einkaufen, denn wir beschlossen heute Abend Spaghetti und gemischtem Salat zu kochen. Als wir Paella f\u00fcr den n\u00e4chsten Abend vorbestellen wollten, erhielten wir eine Absage &#8211; es w\u00e4ren zu viele Vorbestellungen da.<\/p>\n\n\n\n<p>Wir legten uns auf die Sonnenliegen, nahmen ein Bad im 21 \u00b0C &#8222;warmen&#8220; Pool und suchten nach \u00dcbernachtungsm\u00f6glichkeiten f\u00fcr die weiteren Tage. Das Haus liegt \u00fcbrigens am rechten Rand dieser Siedlung, von der wir praktisch nichts mitbekommen.<\/p>\n\n\n\n<figure class=\"wp-block-gallery has-nested-images columns-2 is-cropped wp-block-gallery-6 is-layout-flex wp-block-gallery-is-layout-flex\">\n<figure class=\"wp-block-image size-full\"><img loading=\"lazy\" decoding=\"async\" width=\"2560\" height=\"1440\" data-id=\"29074\" src=\"https:\/\/jblanz.de\/WP\/wp-content\/uploads\/2025\/11\/25Fuerte-701-scaled.jpg\" alt=\"\" class=\"wp-image-29074\" srcset=\"https:\/\/jblanz.de\/WP\/wp-content\/uploads\/2025\/11\/25Fuerte-701-scaled.jpg 2560w, https:\/\/jblanz.de\/WP\/wp-content\/uploads\/2025\/11\/25Fuerte-701-300x169.jpg 300w, https:\/\/jblanz.de\/WP\/wp-content\/uploads\/2025\/11\/25Fuerte-701-1024x576.jpg 1024w, https:\/\/jblanz.de\/WP\/wp-content\/uploads\/2025\/11\/25Fuerte-701-768x432.jpg 768w, https:\/\/jblanz.de\/WP\/wp-content\/uploads\/2025\/11\/25Fuerte-701-1536x864.jpg 1536w, https:\/\/jblanz.de\/WP\/wp-content\/uploads\/2025\/11\/25Fuerte-701-2048x1152.jpg 2048w\" sizes=\"auto, (max-width: 2560px) 100vw, 2560px\" \/><\/figure>\n\n\n\n<figure class=\"wp-block-image size-full\"><img loading=\"lazy\" decoding=\"async\" width=\"2560\" height=\"1440\" data-id=\"29075\" src=\"https:\/\/jblanz.de\/WP\/wp-content\/uploads\/2025\/11\/25Fuerte-699-scaled.jpg\" alt=\"\" class=\"wp-image-29075\" srcset=\"https:\/\/jblanz.de\/WP\/wp-content\/uploads\/2025\/11\/25Fuerte-699-scaled.jpg 2560w, https:\/\/jblanz.de\/WP\/wp-content\/uploads\/2025\/11\/25Fuerte-699-300x169.jpg 300w, https:\/\/jblanz.de\/WP\/wp-content\/uploads\/2025\/11\/25Fuerte-699-1024x576.jpg 1024w, https:\/\/jblanz.de\/WP\/wp-content\/uploads\/2025\/11\/25Fuerte-699-768x432.jpg 768w, https:\/\/jblanz.de\/WP\/wp-content\/uploads\/2025\/11\/25Fuerte-699-1536x864.jpg 1536w, https:\/\/jblanz.de\/WP\/wp-content\/uploads\/2025\/11\/25Fuerte-699-2048x1152.jpg 2048w\" sizes=\"auto, (max-width: 2560px) 100vw, 2560px\" \/><\/figure>\n\n\n\n<figure class=\"wp-block-image size-full\"><img loading=\"lazy\" decoding=\"async\" width=\"2560\" height=\"1440\" data-id=\"29073\" src=\"https:\/\/jblanz.de\/WP\/wp-content\/uploads\/2025\/11\/25Fuerte-696-scaled.jpg\" alt=\"\" class=\"wp-image-29073\" srcset=\"https:\/\/jblanz.de\/WP\/wp-content\/uploads\/2025\/11\/25Fuerte-696-scaled.jpg 2560w, https:\/\/jblanz.de\/WP\/wp-content\/uploads\/2025\/11\/25Fuerte-696-300x169.jpg 300w, https:\/\/jblanz.de\/WP\/wp-content\/uploads\/2025\/11\/25Fuerte-696-1024x576.jpg 1024w, https:\/\/jblanz.de\/WP\/wp-content\/uploads\/2025\/11\/25Fuerte-696-768x432.jpg 768w, https:\/\/jblanz.de\/WP\/wp-content\/uploads\/2025\/11\/25Fuerte-696-1536x864.jpg 1536w, https:\/\/jblanz.de\/WP\/wp-content\/uploads\/2025\/11\/25Fuerte-696-2048x1152.jpg 2048w\" sizes=\"auto, (max-width: 2560px) 100vw, 2560px\" \/><\/figure>\n<\/figure>\n\n\n\n<p>Nachts nervten uns 2 Mosquitos, die im Schlafzimmer ihr Unwesen trieben. Karin konnte sie nach einiger Suche erledigen. <\/p>\n","protected":false},"excerpt":{"rendered":"<p>Gestern Abend stellten wir fest, dass die Heizung zuhause ausgefallen war. Wir informierten den Heizungsinstallateur per Email und nachmittags war<\/p>\n","protected":false},"author":1,"featured_media":29059,"comment_status":"open","ping_status":"open","sticky":false,"template":"","format":"standard","meta":{"colormag_page_container_layout":"default_layout","colormag_page_sidebar_layout":"default_layout","_monsterinsights_skip_tracking":false,"_monsterinsights_sitenote_active":false,"_monsterinsights_sitenote_note":"","_monsterinsights_sitenote_category":0,"footnotes":""},"categories":[314,315,159,348,268,307,197],"tags":[],"class_list":["post-29024","post","type-post","status-publish","format-standard","has-post-thumbnail","hentry","category-314","category-2025-2020-jahr","category-europa","category-fuerteventura","category-jahr","category-k-z","category-spanien"],"yoast_head":"<!-- This site is optimized with the Yoast SEO plugin v27.4 - https:\/\/yoast.com\/product\/yoast-seo-wordpress\/ -->\n<title>20. November 2025 - Rundfahrt nach Morro Jable - Reiseblog von Karin &amp; Joachim<\/title>\n<meta name=\"robots\" content=\"index, follow, max-snippet:-1, max-image-preview:large, max-video-preview:-1\" \/>\n<link rel=\"canonical\" href=\"https:\/\/jblanz.de\/WP\/20-november-2025-rundfahrt-nach-morro-jable\/\" \/>\n<meta property=\"og:locale\" content=\"de_DE\" \/>\n<meta property=\"og:type\" content=\"article\" \/>\n<meta property=\"og:title\" content=\"20. November 2025 - Rundfahrt nach Morro Jable - Reiseblog von Karin &amp; Joachim\" \/>\n<meta property=\"og:description\" content=\"Gestern Abend stellten wir fest, dass die Heizung zuhause ausgefallen war. Wir informierten den Heizungsinstallateur per Email und nachmittags war\" \/>\n<meta property=\"og:url\" content=\"https:\/\/jblanz.de\/WP\/20-november-2025-rundfahrt-nach-morro-jable\/\" \/>\n<meta property=\"og:site_name\" content=\"Reiseblog von Karin &amp; Joachim\" \/>\n<meta property=\"article:published_time\" content=\"2025-11-20T21:40:41+00:00\" \/>\n<meta property=\"article:modified_time\" content=\"2025-11-21T12:18:53+00:00\" \/>\n<meta property=\"og:image\" content=\"https:\/\/jblanz.de\/WP\/wp-content\/uploads\/2025\/11\/25Fuerte-682-scaled.jpg\" \/>\n\t<meta property=\"og:image:width\" content=\"2560\" \/>\n\t<meta property=\"og:image:height\" content=\"1440\" \/>\n\t<meta property=\"og:image:type\" content=\"image\/jpeg\" \/>\n<meta name=\"author\" content=\"Achim\" \/>\n<meta name=\"twitter:card\" content=\"summary_large_image\" \/>\n<meta name=\"twitter:label1\" content=\"Verfasst von\" \/>\n\t<meta name=\"twitter:data1\" content=\"Achim\" \/>\n\t<meta name=\"twitter:label2\" content=\"Gesch\u00e4tzte Lesezeit\" \/>\n\t<meta name=\"twitter:data2\" content=\"9\u00a0Minuten\" \/>\n<script type=\"application\/ld+json\" class=\"yoast-schema-graph\">{\"@context\":\"https:\\\/\\\/schema.org\",\"@graph\":[{\"@type\":\"Article\",\"@id\":\"https:\\\/\\\/jblanz.de\\\/WP\\\/20-november-2025-rundfahrt-nach-morro-jable\\\/#article\",\"isPartOf\":{\"@id\":\"https:\\\/\\\/jblanz.de\\\/WP\\\/20-november-2025-rundfahrt-nach-morro-jable\\\/\"},\"author\":{\"name\":\"Achim\",\"@id\":\"https:\\\/\\\/jblanz.de\\\/WP\\\/#\\\/schema\\\/person\\\/17a70f07162e42bc0b181c22397286e0\"},\"headline\":\"20. November 2025 &#8211; Rundfahrt nach Morro Jable\",\"datePublished\":\"2025-11-20T21:40:41+00:00\",\"dateModified\":\"2025-11-21T12:18:53+00:00\",\"mainEntityOfPage\":{\"@id\":\"https:\\\/\\\/jblanz.de\\\/WP\\\/20-november-2025-rundfahrt-nach-morro-jable\\\/\"},\"wordCount\":614,\"commentCount\":0,\"publisher\":{\"@id\":\"https:\\\/\\\/jblanz.de\\\/WP\\\/#\\\/schema\\\/person\\\/17a70f07162e42bc0b181c22397286e0\"},\"image\":{\"@id\":\"https:\\\/\\\/jblanz.de\\\/WP\\\/20-november-2025-rundfahrt-nach-morro-jable\\\/#primaryimage\"},\"thumbnailUrl\":\"https:\\\/\\\/jblanz.de\\\/WP\\\/wp-content\\\/uploads\\\/2025\\\/11\\\/25Fuerte-682-scaled.jpg\",\"articleSection\":[\"2025\",\"2025\",\"Europa\",\"Fuerteventura\",\"Jahr\",\"K-Z\",\"Spanien\"],\"inLanguage\":\"de\",\"potentialAction\":[{\"@type\":\"CommentAction\",\"name\":\"Comment\",\"target\":[\"https:\\\/\\\/jblanz.de\\\/WP\\\/20-november-2025-rundfahrt-nach-morro-jable\\\/#respond\"]}]},{\"@type\":\"WebPage\",\"@id\":\"https:\\\/\\\/jblanz.de\\\/WP\\\/20-november-2025-rundfahrt-nach-morro-jable\\\/\",\"url\":\"https:\\\/\\\/jblanz.de\\\/WP\\\/20-november-2025-rundfahrt-nach-morro-jable\\\/\",\"name\":\"20. November 2025 - Rundfahrt nach Morro Jable - Reiseblog von Karin &amp; Joachim\",\"isPartOf\":{\"@id\":\"https:\\\/\\\/jblanz.de\\\/WP\\\/#website\"},\"primaryImageOfPage\":{\"@id\":\"https:\\\/\\\/jblanz.de\\\/WP\\\/20-november-2025-rundfahrt-nach-morro-jable\\\/#primaryimage\"},\"image\":{\"@id\":\"https:\\\/\\\/jblanz.de\\\/WP\\\/20-november-2025-rundfahrt-nach-morro-jable\\\/#primaryimage\"},\"thumbnailUrl\":\"https:\\\/\\\/jblanz.de\\\/WP\\\/wp-content\\\/uploads\\\/2025\\\/11\\\/25Fuerte-682-scaled.jpg\",\"datePublished\":\"2025-11-20T21:40:41+00:00\",\"dateModified\":\"2025-11-21T12:18:53+00:00\",\"breadcrumb\":{\"@id\":\"https:\\\/\\\/jblanz.de\\\/WP\\\/20-november-2025-rundfahrt-nach-morro-jable\\\/#breadcrumb\"},\"inLanguage\":\"de\",\"potentialAction\":[{\"@type\":\"ReadAction\",\"target\":[\"https:\\\/\\\/jblanz.de\\\/WP\\\/20-november-2025-rundfahrt-nach-morro-jable\\\/\"]}]},{\"@type\":\"ImageObject\",\"inLanguage\":\"de\",\"@id\":\"https:\\\/\\\/jblanz.de\\\/WP\\\/20-november-2025-rundfahrt-nach-morro-jable\\\/#primaryimage\",\"url\":\"https:\\\/\\\/jblanz.de\\\/WP\\\/wp-content\\\/uploads\\\/2025\\\/11\\\/25Fuerte-682-scaled.jpg\",\"contentUrl\":\"https:\\\/\\\/jblanz.de\\\/WP\\\/wp-content\\\/uploads\\\/2025\\\/11\\\/25Fuerte-682-scaled.jpg\",\"width\":2560,\"height\":1440},{\"@type\":\"BreadcrumbList\",\"@id\":\"https:\\\/\\\/jblanz.de\\\/WP\\\/20-november-2025-rundfahrt-nach-morro-jable\\\/#breadcrumb\",\"itemListElement\":[{\"@type\":\"ListItem\",\"position\":1,\"name\":\"Startseite\",\"item\":\"https:\\\/\\\/jblanz.de\\\/WP\\\/\"},{\"@type\":\"ListItem\",\"position\":2,\"name\":\"20. November 2025 &#8211; Rundfahrt nach Morro Jable\"}]},{\"@type\":\"WebSite\",\"@id\":\"https:\\\/\\\/jblanz.de\\\/WP\\\/#website\",\"url\":\"https:\\\/\\\/jblanz.de\\\/WP\\\/\",\"name\":\"Reiseblog von Karin & Joachim\",\"description\":\"Wir schreiben den Blog f\u00fcr uns als Erinnerung - f\u00fcr euch als Inspiration\",\"publisher\":{\"@id\":\"https:\\\/\\\/jblanz.de\\\/WP\\\/#\\\/schema\\\/person\\\/17a70f07162e42bc0b181c22397286e0\"},\"potentialAction\":[{\"@type\":\"SearchAction\",\"target\":{\"@type\":\"EntryPoint\",\"urlTemplate\":\"https:\\\/\\\/jblanz.de\\\/WP\\\/?s={search_term_string}\"},\"query-input\":{\"@type\":\"PropertyValueSpecification\",\"valueRequired\":true,\"valueName\":\"search_term_string\"}}],\"inLanguage\":\"de\"},{\"@type\":[\"Person\",\"Organization\"],\"@id\":\"https:\\\/\\\/jblanz.de\\\/WP\\\/#\\\/schema\\\/person\\\/17a70f07162e42bc0b181c22397286e0\",\"name\":\"Achim\",\"image\":{\"@type\":\"ImageObject\",\"inLanguage\":\"de\",\"@id\":\"https:\\\/\\\/secure.gravatar.com\\\/avatar\\\/b7ab31bc55956af4a9bebf7fd034761212b11b803b7e39464914d6abeefb12f3?s=96&d=mm&r=g\",\"url\":\"https:\\\/\\\/secure.gravatar.com\\\/avatar\\\/b7ab31bc55956af4a9bebf7fd034761212b11b803b7e39464914d6abeefb12f3?s=96&d=mm&r=g\",\"contentUrl\":\"https:\\\/\\\/secure.gravatar.com\\\/avatar\\\/b7ab31bc55956af4a9bebf7fd034761212b11b803b7e39464914d6abeefb12f3?s=96&d=mm&r=g\",\"caption\":\"Achim\"},\"logo\":{\"@id\":\"https:\\\/\\\/secure.gravatar.com\\\/avatar\\\/b7ab31bc55956af4a9bebf7fd034761212b11b803b7e39464914d6abeefb12f3?s=96&d=mm&r=g\"},\"url\":\"https:\\\/\\\/jblanz.de\\\/WP\\\/author\\\/achim\\\/\"}]}<\/script>\n<!-- \/ Yoast SEO plugin. -->","yoast_head_json":{"title":"20. November 2025 - Rundfahrt nach Morro Jable - Reiseblog von Karin &amp; Joachim","robots":{"index":"index","follow":"follow","max-snippet":"max-snippet:-1","max-image-preview":"max-image-preview:large","max-video-preview":"max-video-preview:-1"},"canonical":"https:\/\/jblanz.de\/WP\/20-november-2025-rundfahrt-nach-morro-jable\/","og_locale":"de_DE","og_type":"article","og_title":"20. November 2025 - Rundfahrt nach Morro Jable - Reiseblog von Karin &amp; Joachim","og_description":"Gestern Abend stellten wir fest, dass die Heizung zuhause ausgefallen war. Wir informierten den Heizungsinstallateur per Email und nachmittags war","og_url":"https:\/\/jblanz.de\/WP\/20-november-2025-rundfahrt-nach-morro-jable\/","og_site_name":"Reiseblog von Karin &amp; Joachim","article_published_time":"2025-11-20T21:40:41+00:00","article_modified_time":"2025-11-21T12:18:53+00:00","og_image":[{"width":2560,"height":1440,"url":"https:\/\/jblanz.de\/WP\/wp-content\/uploads\/2025\/11\/25Fuerte-682-scaled.jpg","type":"image\/jpeg"}],"author":"Achim","twitter_card":"summary_large_image","twitter_misc":{"Verfasst von":"Achim","Gesch\u00e4tzte Lesezeit":"9\u00a0Minuten"},"schema":{"@context":"https:\/\/schema.org","@graph":[{"@type":"Article","@id":"https:\/\/jblanz.de\/WP\/20-november-2025-rundfahrt-nach-morro-jable\/#article","isPartOf":{"@id":"https:\/\/jblanz.de\/WP\/20-november-2025-rundfahrt-nach-morro-jable\/"},"author":{"name":"Achim","@id":"https:\/\/jblanz.de\/WP\/#\/schema\/person\/17a70f07162e42bc0b181c22397286e0"},"headline":"20. November 2025 &#8211; Rundfahrt nach Morro Jable","datePublished":"2025-11-20T21:40:41+00:00","dateModified":"2025-11-21T12:18:53+00:00","mainEntityOfPage":{"@id":"https:\/\/jblanz.de\/WP\/20-november-2025-rundfahrt-nach-morro-jable\/"},"wordCount":614,"commentCount":0,"publisher":{"@id":"https:\/\/jblanz.de\/WP\/#\/schema\/person\/17a70f07162e42bc0b181c22397286e0"},"image":{"@id":"https:\/\/jblanz.de\/WP\/20-november-2025-rundfahrt-nach-morro-jable\/#primaryimage"},"thumbnailUrl":"https:\/\/jblanz.de\/WP\/wp-content\/uploads\/2025\/11\/25Fuerte-682-scaled.jpg","articleSection":["2025","2025","Europa","Fuerteventura","Jahr","K-Z","Spanien"],"inLanguage":"de","potentialAction":[{"@type":"CommentAction","name":"Comment","target":["https:\/\/jblanz.de\/WP\/20-november-2025-rundfahrt-nach-morro-jable\/#respond"]}]},{"@type":"WebPage","@id":"https:\/\/jblanz.de\/WP\/20-november-2025-rundfahrt-nach-morro-jable\/","url":"https:\/\/jblanz.de\/WP\/20-november-2025-rundfahrt-nach-morro-jable\/","name":"20. November 2025 - Rundfahrt nach Morro Jable - Reiseblog von Karin &amp; Joachim","isPartOf":{"@id":"https:\/\/jblanz.de\/WP\/#website"},"primaryImageOfPage":{"@id":"https:\/\/jblanz.de\/WP\/20-november-2025-rundfahrt-nach-morro-jable\/#primaryimage"},"image":{"@id":"https:\/\/jblanz.de\/WP\/20-november-2025-rundfahrt-nach-morro-jable\/#primaryimage"},"thumbnailUrl":"https:\/\/jblanz.de\/WP\/wp-content\/uploads\/2025\/11\/25Fuerte-682-scaled.jpg","datePublished":"2025-11-20T21:40:41+00:00","dateModified":"2025-11-21T12:18:53+00:00","breadcrumb":{"@id":"https:\/\/jblanz.de\/WP\/20-november-2025-rundfahrt-nach-morro-jable\/#breadcrumb"},"inLanguage":"de","potentialAction":[{"@type":"ReadAction","target":["https:\/\/jblanz.de\/WP\/20-november-2025-rundfahrt-nach-morro-jable\/"]}]},{"@type":"ImageObject","inLanguage":"de","@id":"https:\/\/jblanz.de\/WP\/20-november-2025-rundfahrt-nach-morro-jable\/#primaryimage","url":"https:\/\/jblanz.de\/WP\/wp-content\/uploads\/2025\/11\/25Fuerte-682-scaled.jpg","contentUrl":"https:\/\/jblanz.de\/WP\/wp-content\/uploads\/2025\/11\/25Fuerte-682-scaled.jpg","width":2560,"height":1440},{"@type":"BreadcrumbList","@id":"https:\/\/jblanz.de\/WP\/20-november-2025-rundfahrt-nach-morro-jable\/#breadcrumb","itemListElement":[{"@type":"ListItem","position":1,"name":"Startseite","item":"https:\/\/jblanz.de\/WP\/"},{"@type":"ListItem","position":2,"name":"20. November 2025 &#8211; Rundfahrt nach Morro Jable"}]},{"@type":"WebSite","@id":"https:\/\/jblanz.de\/WP\/#website","url":"https:\/\/jblanz.de\/WP\/","name":"Reiseblog von Karin & Joachim","description":"Wir schreiben den Blog f\u00fcr uns als Erinnerung - f\u00fcr euch als Inspiration","publisher":{"@id":"https:\/\/jblanz.de\/WP\/#\/schema\/person\/17a70f07162e42bc0b181c22397286e0"},"potentialAction":[{"@type":"SearchAction","target":{"@type":"EntryPoint","urlTemplate":"https:\/\/jblanz.de\/WP\/?s={search_term_string}"},"query-input":{"@type":"PropertyValueSpecification","valueRequired":true,"valueName":"search_term_string"}}],"inLanguage":"de"},{"@type":["Person","Organization"],"@id":"https:\/\/jblanz.de\/WP\/#\/schema\/person\/17a70f07162e42bc0b181c22397286e0","name":"Achim","image":{"@type":"ImageObject","inLanguage":"de","@id":"https:\/\/secure.gravatar.com\/avatar\/b7ab31bc55956af4a9bebf7fd034761212b11b803b7e39464914d6abeefb12f3?s=96&d=mm&r=g","url":"https:\/\/secure.gravatar.com\/avatar\/b7ab31bc55956af4a9bebf7fd034761212b11b803b7e39464914d6abeefb12f3?s=96&d=mm&r=g","contentUrl":"https:\/\/secure.gravatar.com\/avatar\/b7ab31bc55956af4a9bebf7fd034761212b11b803b7e39464914d6abeefb12f3?s=96&d=mm&r=g","caption":"Achim"},"logo":{"@id":"https:\/\/secure.gravatar.com\/avatar\/b7ab31bc55956af4a9bebf7fd034761212b11b803b7e39464914d6abeefb12f3?s=96&d=mm&r=g"},"url":"https:\/\/jblanz.de\/WP\/author\/achim\/"}]}},"_links":{"self":[{"href":"https:\/\/jblanz.de\/WP\/wp-json\/wp\/v2\/posts\/29024","targetHints":{"allow":["GET"]}}],"collection":[{"href":"https:\/\/jblanz.de\/WP\/wp-json\/wp\/v2\/posts"}],"about":[{"href":"https:\/\/jblanz.de\/WP\/wp-json\/wp\/v2\/types\/post"}],"author":[{"embeddable":true,"href":"https:\/\/jblanz.de\/WP\/wp-json\/wp\/v2\/users\/1"}],"replies":[{"embeddable":true,"href":"https:\/\/jblanz.de\/WP\/wp-json\/wp\/v2\/comments?post=29024"}],"version-history":[{"count":0,"href":"https:\/\/jblanz.de\/WP\/wp-json\/wp\/v2\/posts\/29024\/revisions"}],"wp:featuredmedia":[{"embeddable":true,"href":"https:\/\/jblanz.de\/WP\/wp-json\/wp\/v2\/media\/29059"}],"wp:attachment":[{"href":"https:\/\/jblanz.de\/WP\/wp-json\/wp\/v2\/media?parent=29024"}],"wp:term":[{"taxonomy":"category","embeddable":true,"href":"https:\/\/jblanz.de\/WP\/wp-json\/wp\/v2\/categories?post=29024"},{"taxonomy":"post_tag","embeddable":true,"href":"https:\/\/jblanz.de\/WP\/wp-json\/wp\/v2\/tags?post=29024"}],"curies":[{"name":"wp","href":"https:\/\/api.w.org\/{rel}","templated":true}]}}