{"id":29212,"date":"2025-11-24T18:20:50","date_gmt":"2025-11-24T17:20:50","guid":{"rendered":"https:\/\/jblanz.de\/WP\/?p=29212"},"modified":"2025-11-26T16:58:47","modified_gmt":"2025-11-26T15:58:47","slug":"25-november-2025-umzug-nach-valles-de-ortega","status":"publish","type":"post","link":"https:\/\/jblanz.de\/WP\/25-november-2025-umzug-nach-valles-de-ortega\/","title":{"rendered":"25. November 2025 &#8211; Umzug nach Valles de Ortega"},"content":{"rendered":"\n<p>Um 10 Uhr verliessen wir das Haus und machten uns auf den Weg nach Valles de Ortega, unserer n\u00e4chsten \u00dcbernachtungsst\u00e4tte f\u00fcr 2 N\u00e4chte. Wir fuhren eine der wenigen Strassen, die wir noch nicht befahren hatten &#8211; von La Lajita nach Card\u00f3n. Unterwegs sahen wir tats\u00e4chlich Kartoffelfelder, das einzig Gr\u00fcne weit und breit.<\/p>\n\n\n\n<figure class=\"wp-block-image size-full\"><img loading=\"lazy\" decoding=\"async\" width=\"2560\" height=\"1440\" src=\"https:\/\/jblanz.de\/WP\/wp-content\/uploads\/2025\/11\/25Fuerte-787-scaled.jpg\" alt=\"\" class=\"wp-image-29219\" srcset=\"https:\/\/jblanz.de\/WP\/wp-content\/uploads\/2025\/11\/25Fuerte-787-scaled.jpg 2560w, https:\/\/jblanz.de\/WP\/wp-content\/uploads\/2025\/11\/25Fuerte-787-300x169.jpg 300w, https:\/\/jblanz.de\/WP\/wp-content\/uploads\/2025\/11\/25Fuerte-787-1024x576.jpg 1024w, https:\/\/jblanz.de\/WP\/wp-content\/uploads\/2025\/11\/25Fuerte-787-768x432.jpg 768w, https:\/\/jblanz.de\/WP\/wp-content\/uploads\/2025\/11\/25Fuerte-787-1536x864.jpg 1536w, https:\/\/jblanz.de\/WP\/wp-content\/uploads\/2025\/11\/25Fuerte-787-2048x1152.jpg 2048w\" sizes=\"auto, (max-width: 2560px) 100vw, 2560px\" \/><\/figure>\n\n\n\n<p>Kurz vor dem Mirador Astron\u00f3mico de Sicasumbre zweigten wir auf die Strasse von La Pared nach P\u00e1jara ein. Dieses Mal war blauer Himmel und wir stiegen hoch bis zum Mirador. Sehr sch\u00f6ne Aussicht, da sich der Calima (so nennt man hier den Sandsturm, den wir vorgestern beobachten konnten) gelegt hatte und wieder recht klare Sicht war.<\/p>\n\n\n\n<figure class=\"wp-block-gallery has-nested-images columns-2 is-cropped wp-block-gallery-2 is-layout-flex wp-block-gallery-is-layout-flex\">\n<figure class=\"wp-block-image size-full\"><img loading=\"lazy\" decoding=\"async\" width=\"2560\" height=\"1440\" data-id=\"29229\" src=\"https:\/\/jblanz.de\/WP\/wp-content\/uploads\/2025\/11\/25Fuerte-803-scaled.jpg\" alt=\"\" class=\"wp-image-29229\" srcset=\"https:\/\/jblanz.de\/WP\/wp-content\/uploads\/2025\/11\/25Fuerte-803-scaled.jpg 2560w, https:\/\/jblanz.de\/WP\/wp-content\/uploads\/2025\/11\/25Fuerte-803-300x169.jpg 300w, https:\/\/jblanz.de\/WP\/wp-content\/uploads\/2025\/11\/25Fuerte-803-1024x576.jpg 1024w, https:\/\/jblanz.de\/WP\/wp-content\/uploads\/2025\/11\/25Fuerte-803-768x432.jpg 768w, https:\/\/jblanz.de\/WP\/wp-content\/uploads\/2025\/11\/25Fuerte-803-1536x864.jpg 1536w, https:\/\/jblanz.de\/WP\/wp-content\/uploads\/2025\/11\/25Fuerte-803-2048x1152.jpg 2048w\" sizes=\"auto, (max-width: 2560px) 100vw, 2560px\" \/><\/figure>\n\n\n\n<figure class=\"wp-block-image size-full\"><img loading=\"lazy\" decoding=\"async\" width=\"2560\" height=\"1440\" data-id=\"29230\" src=\"https:\/\/jblanz.de\/WP\/wp-content\/uploads\/2025\/11\/25Fuerte-806-scaled.jpg\" alt=\"\" class=\"wp-image-29230\" srcset=\"https:\/\/jblanz.de\/WP\/wp-content\/uploads\/2025\/11\/25Fuerte-806-scaled.jpg 2560w, https:\/\/jblanz.de\/WP\/wp-content\/uploads\/2025\/11\/25Fuerte-806-300x169.jpg 300w, https:\/\/jblanz.de\/WP\/wp-content\/uploads\/2025\/11\/25Fuerte-806-1024x576.jpg 1024w, https:\/\/jblanz.de\/WP\/wp-content\/uploads\/2025\/11\/25Fuerte-806-768x432.jpg 768w, https:\/\/jblanz.de\/WP\/wp-content\/uploads\/2025\/11\/25Fuerte-806-1536x864.jpg 1536w, https:\/\/jblanz.de\/WP\/wp-content\/uploads\/2025\/11\/25Fuerte-806-2048x1152.jpg 2048w\" sizes=\"auto, (max-width: 2560px) 100vw, 2560px\" \/><\/figure>\n\n\n\n<figure class=\"wp-block-image size-full\"><img loading=\"lazy\" decoding=\"async\" width=\"2560\" height=\"1440\" data-id=\"29232\" src=\"https:\/\/jblanz.de\/WP\/wp-content\/uploads\/2025\/11\/25Fuerte-808-scaled.jpg\" alt=\"\" class=\"wp-image-29232\" srcset=\"https:\/\/jblanz.de\/WP\/wp-content\/uploads\/2025\/11\/25Fuerte-808-scaled.jpg 2560w, https:\/\/jblanz.de\/WP\/wp-content\/uploads\/2025\/11\/25Fuerte-808-300x169.jpg 300w, https:\/\/jblanz.de\/WP\/wp-content\/uploads\/2025\/11\/25Fuerte-808-1024x576.jpg 1024w, https:\/\/jblanz.de\/WP\/wp-content\/uploads\/2025\/11\/25Fuerte-808-768x432.jpg 768w, https:\/\/jblanz.de\/WP\/wp-content\/uploads\/2025\/11\/25Fuerte-808-1536x864.jpg 1536w, https:\/\/jblanz.de\/WP\/wp-content\/uploads\/2025\/11\/25Fuerte-808-2048x1152.jpg 2048w\" sizes=\"auto, (max-width: 2560px) 100vw, 2560px\" \/><\/figure>\n\n\n\n<figure class=\"wp-block-image size-full\"><img loading=\"lazy\" decoding=\"async\" width=\"2560\" height=\"1440\" data-id=\"29233\" src=\"https:\/\/jblanz.de\/WP\/wp-content\/uploads\/2025\/11\/25Fuerte-807-scaled.jpg\" alt=\"\" class=\"wp-image-29233\" srcset=\"https:\/\/jblanz.de\/WP\/wp-content\/uploads\/2025\/11\/25Fuerte-807-scaled.jpg 2560w, https:\/\/jblanz.de\/WP\/wp-content\/uploads\/2025\/11\/25Fuerte-807-300x169.jpg 300w, https:\/\/jblanz.de\/WP\/wp-content\/uploads\/2025\/11\/25Fuerte-807-1024x576.jpg 1024w, https:\/\/jblanz.de\/WP\/wp-content\/uploads\/2025\/11\/25Fuerte-807-768x432.jpg 768w, https:\/\/jblanz.de\/WP\/wp-content\/uploads\/2025\/11\/25Fuerte-807-1536x864.jpg 1536w, https:\/\/jblanz.de\/WP\/wp-content\/uploads\/2025\/11\/25Fuerte-807-2048x1152.jpg 2048w\" sizes=\"auto, (max-width: 2560px) 100vw, 2560px\" \/><\/figure>\n\n\n\n<figure class=\"wp-block-image size-full\"><img loading=\"lazy\" decoding=\"async\" width=\"2560\" height=\"1440\" data-id=\"29231\" src=\"https:\/\/jblanz.de\/WP\/wp-content\/uploads\/2025\/11\/25Fuerte-804-scaled.jpg\" alt=\"\" class=\"wp-image-29231\" srcset=\"https:\/\/jblanz.de\/WP\/wp-content\/uploads\/2025\/11\/25Fuerte-804-scaled.jpg 2560w, https:\/\/jblanz.de\/WP\/wp-content\/uploads\/2025\/11\/25Fuerte-804-300x169.jpg 300w, https:\/\/jblanz.de\/WP\/wp-content\/uploads\/2025\/11\/25Fuerte-804-1024x576.jpg 1024w, https:\/\/jblanz.de\/WP\/wp-content\/uploads\/2025\/11\/25Fuerte-804-768x432.jpg 768w, https:\/\/jblanz.de\/WP\/wp-content\/uploads\/2025\/11\/25Fuerte-804-1536x864.jpg 1536w, https:\/\/jblanz.de\/WP\/wp-content\/uploads\/2025\/11\/25Fuerte-804-2048x1152.jpg 2048w\" sizes=\"auto, (max-width: 2560px) 100vw, 2560px\" \/><\/figure>\n\n\n\n<figure class=\"wp-block-image size-full\"><img loading=\"lazy\" decoding=\"async\" width=\"2560\" height=\"1440\" data-id=\"29228\" src=\"https:\/\/jblanz.de\/WP\/wp-content\/uploads\/2025\/11\/25Fuerte-805-scaled.jpg\" alt=\"\" class=\"wp-image-29228\" srcset=\"https:\/\/jblanz.de\/WP\/wp-content\/uploads\/2025\/11\/25Fuerte-805-scaled.jpg 2560w, https:\/\/jblanz.de\/WP\/wp-content\/uploads\/2025\/11\/25Fuerte-805-300x169.jpg 300w, https:\/\/jblanz.de\/WP\/wp-content\/uploads\/2025\/11\/25Fuerte-805-1024x576.jpg 1024w, https:\/\/jblanz.de\/WP\/wp-content\/uploads\/2025\/11\/25Fuerte-805-768x432.jpg 768w, https:\/\/jblanz.de\/WP\/wp-content\/uploads\/2025\/11\/25Fuerte-805-1536x864.jpg 1536w, https:\/\/jblanz.de\/WP\/wp-content\/uploads\/2025\/11\/25Fuerte-805-2048x1152.jpg 2048w\" sizes=\"auto, (max-width: 2560px) 100vw, 2560px\" \/><\/figure>\n<\/figure>\n\n\n\n<figure class=\"wp-block-image size-full\"><img loading=\"lazy\" decoding=\"async\" width=\"2560\" height=\"757\" src=\"https:\/\/jblanz.de\/WP\/wp-content\/uploads\/2025\/11\/25Fuerte-788-Pano-scaled.jpg\" alt=\"\" class=\"wp-image-29218\" srcset=\"https:\/\/jblanz.de\/WP\/wp-content\/uploads\/2025\/11\/25Fuerte-788-Pano-scaled.jpg 2560w, https:\/\/jblanz.de\/WP\/wp-content\/uploads\/2025\/11\/25Fuerte-788-Pano-300x89.jpg 300w, https:\/\/jblanz.de\/WP\/wp-content\/uploads\/2025\/11\/25Fuerte-788-Pano-1024x303.jpg 1024w, https:\/\/jblanz.de\/WP\/wp-content\/uploads\/2025\/11\/25Fuerte-788-Pano-768x227.jpg 768w, https:\/\/jblanz.de\/WP\/wp-content\/uploads\/2025\/11\/25Fuerte-788-Pano-1536x454.jpg 1536w, https:\/\/jblanz.de\/WP\/wp-content\/uploads\/2025\/11\/25Fuerte-788-Pano-2048x606.jpg 2048w\" sizes=\"auto, (max-width: 2560px) 100vw, 2560px\" \/><\/figure>\n\n\n\n<p>Wir fuhren weiter nach P\u00e1jara, der Ort an dem wir vor ca 10 Tagen den Turm fotografiert hatten, der aus lauter geh\u00e4kelten Quadraten zusammengesetzt war. Inzwischen war das Ensemble um eine Pyramide erweitert worden und das kleine Zwischenst\u00fcck war auf den Basisturm gesetzt worden. Wir nehmen an, dass die Spitze noch auf den Basisturm aufgesetzt wird.<\/p>\n\n\n\n<figure class=\"wp-block-gallery has-nested-images columns-2 is-cropped wp-block-gallery-3 is-layout-flex wp-block-gallery-is-layout-flex\">\n<figure class=\"wp-block-image size-full\"><img loading=\"lazy\" decoding=\"async\" width=\"2560\" height=\"1440\" data-id=\"29221\" src=\"https:\/\/jblanz.de\/WP\/wp-content\/uploads\/2025\/11\/25Fuerte-797-scaled.jpg\" alt=\"\" class=\"wp-image-29221\" srcset=\"https:\/\/jblanz.de\/WP\/wp-content\/uploads\/2025\/11\/25Fuerte-797-scaled.jpg 2560w, https:\/\/jblanz.de\/WP\/wp-content\/uploads\/2025\/11\/25Fuerte-797-300x169.jpg 300w, https:\/\/jblanz.de\/WP\/wp-content\/uploads\/2025\/11\/25Fuerte-797-1024x576.jpg 1024w, https:\/\/jblanz.de\/WP\/wp-content\/uploads\/2025\/11\/25Fuerte-797-768x432.jpg 768w, https:\/\/jblanz.de\/WP\/wp-content\/uploads\/2025\/11\/25Fuerte-797-1536x864.jpg 1536w, https:\/\/jblanz.de\/WP\/wp-content\/uploads\/2025\/11\/25Fuerte-797-2048x1152.jpg 2048w\" sizes=\"auto, (max-width: 2560px) 100vw, 2560px\" \/><\/figure>\n\n\n\n<figure class=\"wp-block-image size-full\"><img loading=\"lazy\" decoding=\"async\" width=\"2560\" height=\"1440\" data-id=\"29222\" src=\"https:\/\/jblanz.de\/WP\/wp-content\/uploads\/2025\/11\/25Fuerte-795-scaled.jpg\" alt=\"\" class=\"wp-image-29222\" srcset=\"https:\/\/jblanz.de\/WP\/wp-content\/uploads\/2025\/11\/25Fuerte-795-scaled.jpg 2560w, https:\/\/jblanz.de\/WP\/wp-content\/uploads\/2025\/11\/25Fuerte-795-300x169.jpg 300w, https:\/\/jblanz.de\/WP\/wp-content\/uploads\/2025\/11\/25Fuerte-795-1024x576.jpg 1024w, https:\/\/jblanz.de\/WP\/wp-content\/uploads\/2025\/11\/25Fuerte-795-768x432.jpg 768w, https:\/\/jblanz.de\/WP\/wp-content\/uploads\/2025\/11\/25Fuerte-795-1536x864.jpg 1536w, https:\/\/jblanz.de\/WP\/wp-content\/uploads\/2025\/11\/25Fuerte-795-2048x1152.jpg 2048w\" sizes=\"auto, (max-width: 2560px) 100vw, 2560px\" \/><\/figure>\n\n\n\n<figure class=\"wp-block-image size-full\"><img loading=\"lazy\" decoding=\"async\" width=\"2560\" height=\"1440\" data-id=\"29223\" src=\"https:\/\/jblanz.de\/WP\/wp-content\/uploads\/2025\/11\/25Fuerte-794-scaled.jpg\" alt=\"\" class=\"wp-image-29223\" srcset=\"https:\/\/jblanz.de\/WP\/wp-content\/uploads\/2025\/11\/25Fuerte-794-scaled.jpg 2560w, https:\/\/jblanz.de\/WP\/wp-content\/uploads\/2025\/11\/25Fuerte-794-300x169.jpg 300w, https:\/\/jblanz.de\/WP\/wp-content\/uploads\/2025\/11\/25Fuerte-794-1024x576.jpg 1024w, https:\/\/jblanz.de\/WP\/wp-content\/uploads\/2025\/11\/25Fuerte-794-768x432.jpg 768w, https:\/\/jblanz.de\/WP\/wp-content\/uploads\/2025\/11\/25Fuerte-794-1536x864.jpg 1536w, https:\/\/jblanz.de\/WP\/wp-content\/uploads\/2025\/11\/25Fuerte-794-2048x1152.jpg 2048w\" sizes=\"auto, (max-width: 2560px) 100vw, 2560px\" \/><\/figure>\n<\/figure>\n\n\n\n<p>Wir setzten uns in ein Stra\u00dfencaf\u00e9, sahen ein uns unbekanntes Getr\u00e4nk, das nach Kaffee aussah. Wir fragten, was das w\u00e4re &#8211; ein Barraquito &#8211; war die Antwort. Klar, dass wir sofort 2 Barraquitos bestellten und je ein St\u00fcck Apfelkuchen und Nusskuchen. Wir lernten, dass ein Barraquito ein traditionelles, geschichtetes Kaffeegetr\u00e4nk von den Kanarischen Inseln ist. Es besteht aus Espresso, ges\u00fcsster Kondensmilch, Licor 43 (Vanillelik\u00f6r), Milchschaum, Zimt und einem St\u00fcck Zitronenschale. <\/p>\n\n\n\n<figure class=\"wp-block-gallery has-nested-images columns-default is-cropped wp-block-gallery-4 is-layout-flex wp-block-gallery-is-layout-flex\">\n<figure class=\"wp-block-image size-full\"><img loading=\"lazy\" decoding=\"async\" width=\"2560\" height=\"1440\" data-id=\"29225\" src=\"https:\/\/jblanz.de\/WP\/wp-content\/uploads\/2025\/11\/25Fuerte-799-scaled.jpg\" alt=\"\" class=\"wp-image-29225\" srcset=\"https:\/\/jblanz.de\/WP\/wp-content\/uploads\/2025\/11\/25Fuerte-799-scaled.jpg 2560w, https:\/\/jblanz.de\/WP\/wp-content\/uploads\/2025\/11\/25Fuerte-799-300x169.jpg 300w, https:\/\/jblanz.de\/WP\/wp-content\/uploads\/2025\/11\/25Fuerte-799-1024x576.jpg 1024w, https:\/\/jblanz.de\/WP\/wp-content\/uploads\/2025\/11\/25Fuerte-799-768x432.jpg 768w, https:\/\/jblanz.de\/WP\/wp-content\/uploads\/2025\/11\/25Fuerte-799-1536x864.jpg 1536w, https:\/\/jblanz.de\/WP\/wp-content\/uploads\/2025\/11\/25Fuerte-799-2048x1152.jpg 2048w\" sizes=\"auto, (max-width: 2560px) 100vw, 2560px\" \/><\/figure>\n\n\n\n<figure class=\"wp-block-image size-full\"><img loading=\"lazy\" decoding=\"async\" width=\"2560\" height=\"1440\" data-id=\"29224\" src=\"https:\/\/jblanz.de\/WP\/wp-content\/uploads\/2025\/11\/25Fuerte-800-scaled.jpg\" alt=\"\" class=\"wp-image-29224\" srcset=\"https:\/\/jblanz.de\/WP\/wp-content\/uploads\/2025\/11\/25Fuerte-800-scaled.jpg 2560w, https:\/\/jblanz.de\/WP\/wp-content\/uploads\/2025\/11\/25Fuerte-800-300x169.jpg 300w, https:\/\/jblanz.de\/WP\/wp-content\/uploads\/2025\/11\/25Fuerte-800-1024x576.jpg 1024w, https:\/\/jblanz.de\/WP\/wp-content\/uploads\/2025\/11\/25Fuerte-800-768x432.jpg 768w, https:\/\/jblanz.de\/WP\/wp-content\/uploads\/2025\/11\/25Fuerte-800-1536x864.jpg 1536w, https:\/\/jblanz.de\/WP\/wp-content\/uploads\/2025\/11\/25Fuerte-800-2048x1152.jpg 2048w\" sizes=\"auto, (max-width: 2560px) 100vw, 2560px\" \/><\/figure>\n<\/figure>\n\n\n\n<p>Wir schauten uns anschliessend noch kurz die Kirche an und fuhren weiter zu unserer neuen Unterkunft. <\/p>\n\n\n\n<figure class=\"wp-block-gallery has-nested-images columns-default is-cropped wp-block-gallery-5 is-layout-flex wp-block-gallery-is-layout-flex\">\n<figure class=\"wp-block-image size-large\"><img loading=\"lazy\" decoding=\"async\" width=\"1024\" height=\"576\" data-id=\"29227\" src=\"https:\/\/jblanz.de\/WP\/wp-content\/uploads\/2025\/11\/25Fuerte-801-1024x576.jpg\" alt=\"\" class=\"wp-image-29227\" srcset=\"https:\/\/jblanz.de\/WP\/wp-content\/uploads\/2025\/11\/25Fuerte-801-1024x576.jpg 1024w, https:\/\/jblanz.de\/WP\/wp-content\/uploads\/2025\/11\/25Fuerte-801-300x169.jpg 300w, https:\/\/jblanz.de\/WP\/wp-content\/uploads\/2025\/11\/25Fuerte-801-768x432.jpg 768w, https:\/\/jblanz.de\/WP\/wp-content\/uploads\/2025\/11\/25Fuerte-801-1536x864.jpg 1536w, https:\/\/jblanz.de\/WP\/wp-content\/uploads\/2025\/11\/25Fuerte-801-2048x1152.jpg 2048w\" sizes=\"auto, (max-width: 1024px) 100vw, 1024px\" \/><\/figure>\n\n\n\n<figure class=\"wp-block-image size-large\"><img loading=\"lazy\" decoding=\"async\" width=\"1024\" height=\"576\" data-id=\"29226\" src=\"https:\/\/jblanz.de\/WP\/wp-content\/uploads\/2025\/11\/25Fuerte-802-1024x576.jpg\" alt=\"\" class=\"wp-image-29226\" srcset=\"https:\/\/jblanz.de\/WP\/wp-content\/uploads\/2025\/11\/25Fuerte-802-1024x576.jpg 1024w, https:\/\/jblanz.de\/WP\/wp-content\/uploads\/2025\/11\/25Fuerte-802-300x169.jpg 300w, https:\/\/jblanz.de\/WP\/wp-content\/uploads\/2025\/11\/25Fuerte-802-768x432.jpg 768w, https:\/\/jblanz.de\/WP\/wp-content\/uploads\/2025\/11\/25Fuerte-802-1536x864.jpg 1536w, https:\/\/jblanz.de\/WP\/wp-content\/uploads\/2025\/11\/25Fuerte-802-2048x1152.jpg 2048w\" sizes=\"auto, (max-width: 1024px) 100vw, 1024px\" \/><\/figure>\n<\/figure>\n\n\n\n<p>Unsere Ferienwohnung &#8222;Casa Volcan de Gayria lag ganz am Ortsende. Die Zufahrt ging durch ein Tor und wir parkten vor einem Wohnhaus, das am rechten Ende einen lila gestrichenen Anbau hatte. Die Wohnung wurde gerade geputzt, so dass wir noch 30 Minuten warten mussten. Zwei Grundst\u00fccke weiter wohnte ein Esel, der \u00f6fter mit lauter Stimme auf sich aufmerksam machte.<\/p>\n\n\n\n<figure class=\"wp-block-gallery has-nested-images columns-2 is-cropped wp-block-gallery-6 is-layout-flex wp-block-gallery-is-layout-flex\">\n<figure class=\"wp-block-image size-full\"><img loading=\"lazy\" decoding=\"async\" width=\"2560\" height=\"1440\" data-id=\"29241\" src=\"https:\/\/jblanz.de\/WP\/wp-content\/uploads\/2025\/11\/25Fuerte-809-scaled.jpg\" alt=\"\" class=\"wp-image-29241\" srcset=\"https:\/\/jblanz.de\/WP\/wp-content\/uploads\/2025\/11\/25Fuerte-809-scaled.jpg 2560w, https:\/\/jblanz.de\/WP\/wp-content\/uploads\/2025\/11\/25Fuerte-809-300x169.jpg 300w, https:\/\/jblanz.de\/WP\/wp-content\/uploads\/2025\/11\/25Fuerte-809-1024x576.jpg 1024w, https:\/\/jblanz.de\/WP\/wp-content\/uploads\/2025\/11\/25Fuerte-809-768x432.jpg 768w, https:\/\/jblanz.de\/WP\/wp-content\/uploads\/2025\/11\/25Fuerte-809-1536x864.jpg 1536w, https:\/\/jblanz.de\/WP\/wp-content\/uploads\/2025\/11\/25Fuerte-809-2048x1152.jpg 2048w\" sizes=\"auto, (max-width: 2560px) 100vw, 2560px\" \/><\/figure>\n\n\n\n<figure class=\"wp-block-image size-full\"><img loading=\"lazy\" decoding=\"async\" width=\"2560\" height=\"1440\" data-id=\"29236\" src=\"https:\/\/jblanz.de\/WP\/wp-content\/uploads\/2025\/11\/25Fuerte-812-scaled.jpg\" alt=\"\" class=\"wp-image-29236\" srcset=\"https:\/\/jblanz.de\/WP\/wp-content\/uploads\/2025\/11\/25Fuerte-812-scaled.jpg 2560w, https:\/\/jblanz.de\/WP\/wp-content\/uploads\/2025\/11\/25Fuerte-812-300x169.jpg 300w, https:\/\/jblanz.de\/WP\/wp-content\/uploads\/2025\/11\/25Fuerte-812-1024x576.jpg 1024w, https:\/\/jblanz.de\/WP\/wp-content\/uploads\/2025\/11\/25Fuerte-812-768x432.jpg 768w, https:\/\/jblanz.de\/WP\/wp-content\/uploads\/2025\/11\/25Fuerte-812-1536x864.jpg 1536w, https:\/\/jblanz.de\/WP\/wp-content\/uploads\/2025\/11\/25Fuerte-812-2048x1152.jpg 2048w\" sizes=\"auto, (max-width: 2560px) 100vw, 2560px\" \/><\/figure>\n\n\n\n<figure class=\"wp-block-image size-full\"><img loading=\"lazy\" decoding=\"async\" width=\"2560\" height=\"1440\" data-id=\"29235\" src=\"https:\/\/jblanz.de\/WP\/wp-content\/uploads\/2025\/11\/25Fuerte-814-scaled.jpg\" alt=\"\" class=\"wp-image-29235\" srcset=\"https:\/\/jblanz.de\/WP\/wp-content\/uploads\/2025\/11\/25Fuerte-814-scaled.jpg 2560w, https:\/\/jblanz.de\/WP\/wp-content\/uploads\/2025\/11\/25Fuerte-814-300x169.jpg 300w, https:\/\/jblanz.de\/WP\/wp-content\/uploads\/2025\/11\/25Fuerte-814-1024x576.jpg 1024w, https:\/\/jblanz.de\/WP\/wp-content\/uploads\/2025\/11\/25Fuerte-814-768x432.jpg 768w, https:\/\/jblanz.de\/WP\/wp-content\/uploads\/2025\/11\/25Fuerte-814-1536x864.jpg 1536w, https:\/\/jblanz.de\/WP\/wp-content\/uploads\/2025\/11\/25Fuerte-814-2048x1152.jpg 2048w\" sizes=\"auto, (max-width: 2560px) 100vw, 2560px\" \/><\/figure>\n\n\n\n<figure class=\"wp-block-image size-full\"><img loading=\"lazy\" decoding=\"async\" width=\"2560\" height=\"1440\" data-id=\"29240\" src=\"https:\/\/jblanz.de\/WP\/wp-content\/uploads\/2025\/11\/25Fuerte-815-scaled.jpg\" alt=\"\" class=\"wp-image-29240\" srcset=\"https:\/\/jblanz.de\/WP\/wp-content\/uploads\/2025\/11\/25Fuerte-815-scaled.jpg 2560w, https:\/\/jblanz.de\/WP\/wp-content\/uploads\/2025\/11\/25Fuerte-815-300x169.jpg 300w, https:\/\/jblanz.de\/WP\/wp-content\/uploads\/2025\/11\/25Fuerte-815-1024x576.jpg 1024w, https:\/\/jblanz.de\/WP\/wp-content\/uploads\/2025\/11\/25Fuerte-815-768x432.jpg 768w, https:\/\/jblanz.de\/WP\/wp-content\/uploads\/2025\/11\/25Fuerte-815-1536x864.jpg 1536w, https:\/\/jblanz.de\/WP\/wp-content\/uploads\/2025\/11\/25Fuerte-815-2048x1152.jpg 2048w\" sizes=\"auto, (max-width: 2560px) 100vw, 2560px\" \/><\/figure>\n\n\n\n<figure class=\"wp-block-image size-full\"><img loading=\"lazy\" decoding=\"async\" width=\"2560\" height=\"1440\" data-id=\"29239\" src=\"https:\/\/jblanz.de\/WP\/wp-content\/uploads\/2025\/11\/25Fuerte-816-scaled.jpg\" alt=\"\" class=\"wp-image-29239\" srcset=\"https:\/\/jblanz.de\/WP\/wp-content\/uploads\/2025\/11\/25Fuerte-816-scaled.jpg 2560w, https:\/\/jblanz.de\/WP\/wp-content\/uploads\/2025\/11\/25Fuerte-816-300x169.jpg 300w, https:\/\/jblanz.de\/WP\/wp-content\/uploads\/2025\/11\/25Fuerte-816-1024x576.jpg 1024w, https:\/\/jblanz.de\/WP\/wp-content\/uploads\/2025\/11\/25Fuerte-816-768x432.jpg 768w, https:\/\/jblanz.de\/WP\/wp-content\/uploads\/2025\/11\/25Fuerte-816-1536x864.jpg 1536w, https:\/\/jblanz.de\/WP\/wp-content\/uploads\/2025\/11\/25Fuerte-816-2048x1152.jpg 2048w\" sizes=\"auto, (max-width: 2560px) 100vw, 2560px\" \/><\/figure>\n\n\n\n<figure class=\"wp-block-image size-full\"><img loading=\"lazy\" decoding=\"async\" width=\"2560\" height=\"1440\" data-id=\"29238\" src=\"https:\/\/jblanz.de\/WP\/wp-content\/uploads\/2025\/11\/25Fuerte-817-scaled.jpg\" alt=\"\" class=\"wp-image-29238\" srcset=\"https:\/\/jblanz.de\/WP\/wp-content\/uploads\/2025\/11\/25Fuerte-817-scaled.jpg 2560w, https:\/\/jblanz.de\/WP\/wp-content\/uploads\/2025\/11\/25Fuerte-817-300x169.jpg 300w, https:\/\/jblanz.de\/WP\/wp-content\/uploads\/2025\/11\/25Fuerte-817-1024x576.jpg 1024w, https:\/\/jblanz.de\/WP\/wp-content\/uploads\/2025\/11\/25Fuerte-817-768x432.jpg 768w, https:\/\/jblanz.de\/WP\/wp-content\/uploads\/2025\/11\/25Fuerte-817-1536x864.jpg 1536w, https:\/\/jblanz.de\/WP\/wp-content\/uploads\/2025\/11\/25Fuerte-817-2048x1152.jpg 2048w\" sizes=\"auto, (max-width: 2560px) 100vw, 2560px\" \/><\/figure>\n\n\n\n<figure class=\"wp-block-image size-full\"><img loading=\"lazy\" decoding=\"async\" width=\"2560\" height=\"1440\" data-id=\"29237\" src=\"https:\/\/jblanz.de\/WP\/wp-content\/uploads\/2025\/11\/25Fuerte-818-scaled.jpg\" alt=\"\" class=\"wp-image-29237\" srcset=\"https:\/\/jblanz.de\/WP\/wp-content\/uploads\/2025\/11\/25Fuerte-818-scaled.jpg 2560w, https:\/\/jblanz.de\/WP\/wp-content\/uploads\/2025\/11\/25Fuerte-818-300x169.jpg 300w, https:\/\/jblanz.de\/WP\/wp-content\/uploads\/2025\/11\/25Fuerte-818-1024x576.jpg 1024w, https:\/\/jblanz.de\/WP\/wp-content\/uploads\/2025\/11\/25Fuerte-818-768x432.jpg 768w, https:\/\/jblanz.de\/WP\/wp-content\/uploads\/2025\/11\/25Fuerte-818-1536x864.jpg 1536w, https:\/\/jblanz.de\/WP\/wp-content\/uploads\/2025\/11\/25Fuerte-818-2048x1152.jpg 2048w\" sizes=\"auto, (max-width: 2560px) 100vw, 2560px\" \/><\/figure>\n\n\n\n<figure class=\"wp-block-image size-full\"><img loading=\"lazy\" decoding=\"async\" width=\"2560\" height=\"1440\" data-id=\"29244\" src=\"https:\/\/jblanz.de\/WP\/wp-content\/uploads\/2025\/11\/25Fuerte-820-scaled.jpg\" alt=\"\" class=\"wp-image-29244\" srcset=\"https:\/\/jblanz.de\/WP\/wp-content\/uploads\/2025\/11\/25Fuerte-820-scaled.jpg 2560w, https:\/\/jblanz.de\/WP\/wp-content\/uploads\/2025\/11\/25Fuerte-820-300x169.jpg 300w, https:\/\/jblanz.de\/WP\/wp-content\/uploads\/2025\/11\/25Fuerte-820-1024x576.jpg 1024w, https:\/\/jblanz.de\/WP\/wp-content\/uploads\/2025\/11\/25Fuerte-820-768x432.jpg 768w, https:\/\/jblanz.de\/WP\/wp-content\/uploads\/2025\/11\/25Fuerte-820-1536x864.jpg 1536w, https:\/\/jblanz.de\/WP\/wp-content\/uploads\/2025\/11\/25Fuerte-820-2048x1152.jpg 2048w\" sizes=\"auto, (max-width: 2560px) 100vw, 2560px\" \/><\/figure>\n<\/figure>\n\n\n\n<p>Wir machten es uns 2 Stunden gem\u00fctlich, dann fuhren wir los die Gegend zu erkunden. Am Ortrand stand eine sch\u00f6ne Molino, die m\u00e4nnliche Windm\u00fchle aus Kastillien.<\/p>\n\n\n\n<figure class=\"wp-block-gallery has-nested-images columns-2 is-cropped wp-block-gallery-7 is-layout-flex wp-block-gallery-is-layout-flex\">\n<figure class=\"wp-block-image size-full\"><img loading=\"lazy\" decoding=\"async\" width=\"2560\" height=\"1440\" data-id=\"29245\" src=\"https:\/\/jblanz.de\/WP\/wp-content\/uploads\/2025\/11\/25Fuerte-822-1-scaled.jpg\" alt=\"\" class=\"wp-image-29245\" srcset=\"https:\/\/jblanz.de\/WP\/wp-content\/uploads\/2025\/11\/25Fuerte-822-1-scaled.jpg 2560w, https:\/\/jblanz.de\/WP\/wp-content\/uploads\/2025\/11\/25Fuerte-822-1-300x169.jpg 300w, https:\/\/jblanz.de\/WP\/wp-content\/uploads\/2025\/11\/25Fuerte-822-1-1024x576.jpg 1024w, https:\/\/jblanz.de\/WP\/wp-content\/uploads\/2025\/11\/25Fuerte-822-1-768x432.jpg 768w, https:\/\/jblanz.de\/WP\/wp-content\/uploads\/2025\/11\/25Fuerte-822-1-1536x864.jpg 1536w, https:\/\/jblanz.de\/WP\/wp-content\/uploads\/2025\/11\/25Fuerte-822-1-2048x1152.jpg 2048w\" sizes=\"auto, (max-width: 2560px) 100vw, 2560px\" \/><\/figure>\n\n\n\n<figure class=\"wp-block-image size-full\"><img loading=\"lazy\" decoding=\"async\" width=\"2560\" height=\"1440\" data-id=\"29246\" src=\"https:\/\/jblanz.de\/WP\/wp-content\/uploads\/2025\/11\/25Fuerte-823-scaled.jpg\" alt=\"\" class=\"wp-image-29246\" srcset=\"https:\/\/jblanz.de\/WP\/wp-content\/uploads\/2025\/11\/25Fuerte-823-scaled.jpg 2560w, https:\/\/jblanz.de\/WP\/wp-content\/uploads\/2025\/11\/25Fuerte-823-300x169.jpg 300w, https:\/\/jblanz.de\/WP\/wp-content\/uploads\/2025\/11\/25Fuerte-823-1024x576.jpg 1024w, https:\/\/jblanz.de\/WP\/wp-content\/uploads\/2025\/11\/25Fuerte-823-768x432.jpg 768w, https:\/\/jblanz.de\/WP\/wp-content\/uploads\/2025\/11\/25Fuerte-823-1536x864.jpg 1536w, https:\/\/jblanz.de\/WP\/wp-content\/uploads\/2025\/11\/25Fuerte-823-2048x1152.jpg 2048w\" sizes=\"auto, (max-width: 2560px) 100vw, 2560px\" \/><\/figure>\n\n\n\n<figure class=\"wp-block-image size-full\"><img loading=\"lazy\" decoding=\"async\" width=\"2560\" height=\"1440\" data-id=\"29247\" src=\"https:\/\/jblanz.de\/WP\/wp-content\/uploads\/2025\/11\/25Fuerte-824-scaled.jpg\" alt=\"\" class=\"wp-image-29247\" srcset=\"https:\/\/jblanz.de\/WP\/wp-content\/uploads\/2025\/11\/25Fuerte-824-scaled.jpg 2560w, https:\/\/jblanz.de\/WP\/wp-content\/uploads\/2025\/11\/25Fuerte-824-300x169.jpg 300w, https:\/\/jblanz.de\/WP\/wp-content\/uploads\/2025\/11\/25Fuerte-824-1024x576.jpg 1024w, https:\/\/jblanz.de\/WP\/wp-content\/uploads\/2025\/11\/25Fuerte-824-768x432.jpg 768w, https:\/\/jblanz.de\/WP\/wp-content\/uploads\/2025\/11\/25Fuerte-824-1536x864.jpg 1536w, https:\/\/jblanz.de\/WP\/wp-content\/uploads\/2025\/11\/25Fuerte-824-2048x1152.jpg 2048w\" sizes=\"auto, (max-width: 2560px) 100vw, 2560px\" \/><\/figure>\n<\/figure>\n\n\n\n<p>Dann kauften wir in der B\u00e4ckerei Br\u00f6tchen und Croissants f\u00fcr das Fr\u00fchst\u00fcck und fuhren durch eine weite Ebene zum Meer, das etwa 15 km entfernt war. Wir durchquerten Caleta de Fuste, ein Touristenzentrum, das nur aus Hotels, Restaurants und Einkaufszentren zu bestehen schien, um am Ortsrand ein nat\u00fcrliches Schwimmbecken im Meer anzuschauen. Die Fotos in Google Maps m\u00fcssen bei Ebbe gemacht worden sein, denn in dieser Bucht konnte man im Moment nicht baden. Ausserdem ging ein recht k\u00fchler Wind, so dass wir einen Spaziergang an der K\u00fcste entlang machten, mit Inge telefonierten und dann umkehrten.<\/p>\n\n\n\n<figure class=\"wp-block-gallery has-nested-images columns-2 is-cropped wp-block-gallery-8 is-layout-flex wp-block-gallery-is-layout-flex\">\n<figure class=\"wp-block-image size-full\"><img loading=\"lazy\" decoding=\"async\" width=\"2560\" height=\"1440\" data-id=\"29252\" src=\"https:\/\/jblanz.de\/WP\/wp-content\/uploads\/2025\/11\/25Fuerte-826-scaled.jpg\" alt=\"\" class=\"wp-image-29252\" srcset=\"https:\/\/jblanz.de\/WP\/wp-content\/uploads\/2025\/11\/25Fuerte-826-scaled.jpg 2560w, https:\/\/jblanz.de\/WP\/wp-content\/uploads\/2025\/11\/25Fuerte-826-300x169.jpg 300w, https:\/\/jblanz.de\/WP\/wp-content\/uploads\/2025\/11\/25Fuerte-826-1024x576.jpg 1024w, https:\/\/jblanz.de\/WP\/wp-content\/uploads\/2025\/11\/25Fuerte-826-768x432.jpg 768w, https:\/\/jblanz.de\/WP\/wp-content\/uploads\/2025\/11\/25Fuerte-826-1536x864.jpg 1536w, https:\/\/jblanz.de\/WP\/wp-content\/uploads\/2025\/11\/25Fuerte-826-2048x1152.jpg 2048w\" sizes=\"auto, (max-width: 2560px) 100vw, 2560px\" \/><\/figure>\n\n\n\n<figure class=\"wp-block-image size-large\"><img loading=\"lazy\" decoding=\"async\" width=\"1024\" height=\"576\" data-id=\"29251\" src=\"https:\/\/jblanz.de\/WP\/wp-content\/uploads\/2025\/11\/25Fuerte-825-1024x576.jpg\" alt=\"\" class=\"wp-image-29251\" srcset=\"https:\/\/jblanz.de\/WP\/wp-content\/uploads\/2025\/11\/25Fuerte-825-1024x576.jpg 1024w, https:\/\/jblanz.de\/WP\/wp-content\/uploads\/2025\/11\/25Fuerte-825-300x169.jpg 300w, https:\/\/jblanz.de\/WP\/wp-content\/uploads\/2025\/11\/25Fuerte-825-768x432.jpg 768w, https:\/\/jblanz.de\/WP\/wp-content\/uploads\/2025\/11\/25Fuerte-825-1536x864.jpg 1536w, https:\/\/jblanz.de\/WP\/wp-content\/uploads\/2025\/11\/25Fuerte-825-2048x1152.jpg 2048w\" sizes=\"auto, (max-width: 1024px) 100vw, 1024px\" \/><\/figure>\n\n\n\n<figure class=\"wp-block-image size-large\"><img loading=\"lazy\" decoding=\"async\" width=\"1024\" height=\"576\" data-id=\"29253\" src=\"https:\/\/jblanz.de\/WP\/wp-content\/uploads\/2025\/11\/25Fuerte-827-1024x576.jpg\" alt=\"\" class=\"wp-image-29253\" srcset=\"https:\/\/jblanz.de\/WP\/wp-content\/uploads\/2025\/11\/25Fuerte-827-1024x576.jpg 1024w, https:\/\/jblanz.de\/WP\/wp-content\/uploads\/2025\/11\/25Fuerte-827-300x169.jpg 300w, https:\/\/jblanz.de\/WP\/wp-content\/uploads\/2025\/11\/25Fuerte-827-768x432.jpg 768w, https:\/\/jblanz.de\/WP\/wp-content\/uploads\/2025\/11\/25Fuerte-827-1536x864.jpg 1536w, https:\/\/jblanz.de\/WP\/wp-content\/uploads\/2025\/11\/25Fuerte-827-2048x1152.jpg 2048w\" sizes=\"auto, (max-width: 1024px) 100vw, 1024px\" \/><\/figure>\n<\/figure>\n\n\n\n<p>Karin hatte in Triquivijate das Restaurante La Finca gefunden, das bereits ab 18 Uhr ge\u00f6ffnet hatte. Wir a\u00dfen dort Lammkoteletts und Karin hatte Lust auf ein halbes H\u00fchnchen. Da neben uns eine Gruppe Deutscher sass, die sich laut unterhielten, brauchten wir praktisch nicht zu sprechen. <\/p>\n\n\n\n<figure class=\"wp-block-gallery has-nested-images columns-default is-cropped wp-block-gallery-9 is-layout-flex wp-block-gallery-is-layout-flex\">\n<figure class=\"wp-block-image size-large\"><img loading=\"lazy\" decoding=\"async\" width=\"1024\" height=\"576\" data-id=\"29255\" src=\"https:\/\/jblanz.de\/WP\/wp-content\/uploads\/2025\/11\/25Fuerte-828-1024x576.jpg\" alt=\"\" class=\"wp-image-29255\" srcset=\"https:\/\/jblanz.de\/WP\/wp-content\/uploads\/2025\/11\/25Fuerte-828-1024x576.jpg 1024w, https:\/\/jblanz.de\/WP\/wp-content\/uploads\/2025\/11\/25Fuerte-828-300x169.jpg 300w, https:\/\/jblanz.de\/WP\/wp-content\/uploads\/2025\/11\/25Fuerte-828-768x432.jpg 768w, https:\/\/jblanz.de\/WP\/wp-content\/uploads\/2025\/11\/25Fuerte-828-1536x864.jpg 1536w, https:\/\/jblanz.de\/WP\/wp-content\/uploads\/2025\/11\/25Fuerte-828-2048x1152.jpg 2048w\" sizes=\"auto, (max-width: 1024px) 100vw, 1024px\" \/><\/figure>\n\n\n\n<figure class=\"wp-block-image size-large\"><img loading=\"lazy\" decoding=\"async\" width=\"1024\" height=\"576\" data-id=\"29256\" src=\"https:\/\/jblanz.de\/WP\/wp-content\/uploads\/2025\/11\/25Fuerte-829-1024x576.jpg\" alt=\"\" class=\"wp-image-29256\" srcset=\"https:\/\/jblanz.de\/WP\/wp-content\/uploads\/2025\/11\/25Fuerte-829-1024x576.jpg 1024w, https:\/\/jblanz.de\/WP\/wp-content\/uploads\/2025\/11\/25Fuerte-829-300x169.jpg 300w, https:\/\/jblanz.de\/WP\/wp-content\/uploads\/2025\/11\/25Fuerte-829-768x432.jpg 768w, https:\/\/jblanz.de\/WP\/wp-content\/uploads\/2025\/11\/25Fuerte-829-1536x864.jpg 1536w, https:\/\/jblanz.de\/WP\/wp-content\/uploads\/2025\/11\/25Fuerte-829-2048x1152.jpg 2048w\" sizes=\"auto, (max-width: 1024px) 100vw, 1024px\" \/><\/figure>\n<\/figure>\n\n\n\n<p>Die Fahrt zur Wohnung wurde von Google Maps angeleitet und ging bei Nacht durch kleine Str\u00e4\u00dfchen in der W\u00fcste. Aber schliesslich landeten wir vor dem Tor, das jetzt geschlossen war. Wir fanden keine M\u00f6glichkeit das Tor zu \u00f6ffnen. Ich rief daher unseren Vermieter an. Seine Frau, die das Gespr\u00e4ch annahm, sprach kaum englisch, aber mir wurde klar, dass an dem Schl\u00fcsselbund eine Fernbedienung hing, die dann auch das Tor \u00f6ffnete. Wir legten uns leich ins Bett, schauten auf dem ipad die Tagesschau an und anschliessend noch ein paar Folgen der Serie &#8222;Tulsa&#8220;, die uns auf dieser Reise begleitet.<\/p>\n\n\n","protected":false},"excerpt":{"rendered":"<p>Um 10 Uhr verliessen wir das Haus und machten uns auf den Weg nach Valles de Ortega, unserer n\u00e4chsten \u00dcbernachtungsst\u00e4tte<\/p>\n","protected":false},"author":1,"featured_media":29222,"comment_status":"open","ping_status":"open","sticky":false,"template":"","format":"standard","meta":{"colormag_page_container_layout":"default_layout","colormag_page_sidebar_layout":"default_layout","_monsterinsights_skip_tracking":false,"_monsterinsights_sitenote_active":false,"_monsterinsights_sitenote_note":"","_monsterinsights_sitenote_category":0,"footnotes":""},"categories":[269,315,314,159,348,268,307,197],"tags":[],"class_list":["post-29212","post","type-post","status-publish","format-standard","has-post-thumbnail","hentry","category-2020-jahr","category-2025-2020-jahr","category-314","category-europa","category-fuerteventura","category-jahr","category-k-z","category-spanien"],"yoast_head":"<!-- This site is optimized with the Yoast SEO plugin v27.4 - https:\/\/yoast.com\/product\/yoast-seo-wordpress\/ -->\n<title>25. November 2025 - Umzug nach Valles de Ortega - Reiseblog von Karin &amp; Joachim<\/title>\n<meta name=\"robots\" content=\"index, follow, max-snippet:-1, max-image-preview:large, max-video-preview:-1\" \/>\n<link rel=\"canonical\" href=\"https:\/\/jblanz.de\/WP\/25-november-2025-umzug-nach-valles-de-ortega\/\" \/>\n<meta property=\"og:locale\" content=\"de_DE\" \/>\n<meta property=\"og:type\" content=\"article\" \/>\n<meta property=\"og:title\" content=\"25. November 2025 - Umzug nach Valles de Ortega - Reiseblog von Karin &amp; Joachim\" \/>\n<meta property=\"og:description\" content=\"Um 10 Uhr verliessen wir das Haus und machten uns auf den Weg nach Valles de Ortega, unserer n\u00e4chsten \u00dcbernachtungsst\u00e4tte\" \/>\n<meta property=\"og:url\" content=\"https:\/\/jblanz.de\/WP\/25-november-2025-umzug-nach-valles-de-ortega\/\" \/>\n<meta property=\"og:site_name\" content=\"Reiseblog von Karin &amp; Joachim\" \/>\n<meta property=\"article:published_time\" content=\"2025-11-24T17:20:50+00:00\" \/>\n<meta property=\"article:modified_time\" content=\"2025-11-26T15:58:47+00:00\" \/>\n<meta property=\"og:image\" content=\"https:\/\/jblanz.de\/WP\/wp-content\/uploads\/2025\/11\/25Fuerte-795-scaled.jpg\" \/>\n\t<meta property=\"og:image:width\" content=\"2560\" \/>\n\t<meta property=\"og:image:height\" content=\"1440\" \/>\n\t<meta property=\"og:image:type\" content=\"image\/jpeg\" \/>\n<meta name=\"author\" content=\"Achim\" \/>\n<meta name=\"twitter:card\" content=\"summary_large_image\" \/>\n<meta name=\"twitter:label1\" content=\"Verfasst von\" \/>\n\t<meta name=\"twitter:data1\" content=\"Achim\" \/>\n\t<meta name=\"twitter:label2\" content=\"Gesch\u00e4tzte Lesezeit\" \/>\n\t<meta name=\"twitter:data2\" content=\"10\u00a0Minuten\" \/>\n<script type=\"application\/ld+json\" class=\"yoast-schema-graph\">{\"@context\":\"https:\\\/\\\/schema.org\",\"@graph\":[{\"@type\":\"Article\",\"@id\":\"https:\\\/\\\/jblanz.de\\\/WP\\\/25-november-2025-umzug-nach-valles-de-ortega\\\/#article\",\"isPartOf\":{\"@id\":\"https:\\\/\\\/jblanz.de\\\/WP\\\/25-november-2025-umzug-nach-valles-de-ortega\\\/\"},\"author\":{\"name\":\"Achim\",\"@id\":\"https:\\\/\\\/jblanz.de\\\/WP\\\/#\\\/schema\\\/person\\\/17a70f07162e42bc0b181c22397286e0\"},\"headline\":\"25. November 2025 &#8211; Umzug nach Valles de Ortega\",\"datePublished\":\"2025-11-24T17:20:50+00:00\",\"dateModified\":\"2025-11-26T15:58:47+00:00\",\"mainEntityOfPage\":{\"@id\":\"https:\\\/\\\/jblanz.de\\\/WP\\\/25-november-2025-umzug-nach-valles-de-ortega\\\/\"},\"wordCount\":614,\"commentCount\":0,\"publisher\":{\"@id\":\"https:\\\/\\\/jblanz.de\\\/WP\\\/#\\\/schema\\\/person\\\/17a70f07162e42bc0b181c22397286e0\"},\"image\":{\"@id\":\"https:\\\/\\\/jblanz.de\\\/WP\\\/25-november-2025-umzug-nach-valles-de-ortega\\\/#primaryimage\"},\"thumbnailUrl\":\"https:\\\/\\\/jblanz.de\\\/WP\\\/wp-content\\\/uploads\\\/2025\\\/11\\\/25Fuerte-795-scaled.jpg\",\"articleSection\":[\"2020+\",\"2025\",\"2025\",\"Europa\",\"Fuerteventura\",\"Jahr\",\"K-Z\",\"Spanien\"],\"inLanguage\":\"de\",\"potentialAction\":[{\"@type\":\"CommentAction\",\"name\":\"Comment\",\"target\":[\"https:\\\/\\\/jblanz.de\\\/WP\\\/25-november-2025-umzug-nach-valles-de-ortega\\\/#respond\"]}]},{\"@type\":\"WebPage\",\"@id\":\"https:\\\/\\\/jblanz.de\\\/WP\\\/25-november-2025-umzug-nach-valles-de-ortega\\\/\",\"url\":\"https:\\\/\\\/jblanz.de\\\/WP\\\/25-november-2025-umzug-nach-valles-de-ortega\\\/\",\"name\":\"25. November 2025 - Umzug nach Valles de Ortega - Reiseblog von Karin &amp; Joachim\",\"isPartOf\":{\"@id\":\"https:\\\/\\\/jblanz.de\\\/WP\\\/#website\"},\"primaryImageOfPage\":{\"@id\":\"https:\\\/\\\/jblanz.de\\\/WP\\\/25-november-2025-umzug-nach-valles-de-ortega\\\/#primaryimage\"},\"image\":{\"@id\":\"https:\\\/\\\/jblanz.de\\\/WP\\\/25-november-2025-umzug-nach-valles-de-ortega\\\/#primaryimage\"},\"thumbnailUrl\":\"https:\\\/\\\/jblanz.de\\\/WP\\\/wp-content\\\/uploads\\\/2025\\\/11\\\/25Fuerte-795-scaled.jpg\",\"datePublished\":\"2025-11-24T17:20:50+00:00\",\"dateModified\":\"2025-11-26T15:58:47+00:00\",\"breadcrumb\":{\"@id\":\"https:\\\/\\\/jblanz.de\\\/WP\\\/25-november-2025-umzug-nach-valles-de-ortega\\\/#breadcrumb\"},\"inLanguage\":\"de\",\"potentialAction\":[{\"@type\":\"ReadAction\",\"target\":[\"https:\\\/\\\/jblanz.de\\\/WP\\\/25-november-2025-umzug-nach-valles-de-ortega\\\/\"]}]},{\"@type\":\"ImageObject\",\"inLanguage\":\"de\",\"@id\":\"https:\\\/\\\/jblanz.de\\\/WP\\\/25-november-2025-umzug-nach-valles-de-ortega\\\/#primaryimage\",\"url\":\"https:\\\/\\\/jblanz.de\\\/WP\\\/wp-content\\\/uploads\\\/2025\\\/11\\\/25Fuerte-795-scaled.jpg\",\"contentUrl\":\"https:\\\/\\\/jblanz.de\\\/WP\\\/wp-content\\\/uploads\\\/2025\\\/11\\\/25Fuerte-795-scaled.jpg\",\"width\":2560,\"height\":1440},{\"@type\":\"BreadcrumbList\",\"@id\":\"https:\\\/\\\/jblanz.de\\\/WP\\\/25-november-2025-umzug-nach-valles-de-ortega\\\/#breadcrumb\",\"itemListElement\":[{\"@type\":\"ListItem\",\"position\":1,\"name\":\"Startseite\",\"item\":\"https:\\\/\\\/jblanz.de\\\/WP\\\/\"},{\"@type\":\"ListItem\",\"position\":2,\"name\":\"25. November 2025 &#8211; Umzug nach Valles de Ortega\"}]},{\"@type\":\"WebSite\",\"@id\":\"https:\\\/\\\/jblanz.de\\\/WP\\\/#website\",\"url\":\"https:\\\/\\\/jblanz.de\\\/WP\\\/\",\"name\":\"Reiseblog von Karin & Joachim\",\"description\":\"Wir schreiben den Blog f\u00fcr uns als Erinnerung - f\u00fcr euch als Inspiration\",\"publisher\":{\"@id\":\"https:\\\/\\\/jblanz.de\\\/WP\\\/#\\\/schema\\\/person\\\/17a70f07162e42bc0b181c22397286e0\"},\"potentialAction\":[{\"@type\":\"SearchAction\",\"target\":{\"@type\":\"EntryPoint\",\"urlTemplate\":\"https:\\\/\\\/jblanz.de\\\/WP\\\/?s={search_term_string}\"},\"query-input\":{\"@type\":\"PropertyValueSpecification\",\"valueRequired\":true,\"valueName\":\"search_term_string\"}}],\"inLanguage\":\"de\"},{\"@type\":[\"Person\",\"Organization\"],\"@id\":\"https:\\\/\\\/jblanz.de\\\/WP\\\/#\\\/schema\\\/person\\\/17a70f07162e42bc0b181c22397286e0\",\"name\":\"Achim\",\"image\":{\"@type\":\"ImageObject\",\"inLanguage\":\"de\",\"@id\":\"https:\\\/\\\/secure.gravatar.com\\\/avatar\\\/b7ab31bc55956af4a9bebf7fd034761212b11b803b7e39464914d6abeefb12f3?s=96&d=mm&r=g\",\"url\":\"https:\\\/\\\/secure.gravatar.com\\\/avatar\\\/b7ab31bc55956af4a9bebf7fd034761212b11b803b7e39464914d6abeefb12f3?s=96&d=mm&r=g\",\"contentUrl\":\"https:\\\/\\\/secure.gravatar.com\\\/avatar\\\/b7ab31bc55956af4a9bebf7fd034761212b11b803b7e39464914d6abeefb12f3?s=96&d=mm&r=g\",\"caption\":\"Achim\"},\"logo\":{\"@id\":\"https:\\\/\\\/secure.gravatar.com\\\/avatar\\\/b7ab31bc55956af4a9bebf7fd034761212b11b803b7e39464914d6abeefb12f3?s=96&d=mm&r=g\"},\"url\":\"https:\\\/\\\/jblanz.de\\\/WP\\\/author\\\/achim\\\/\"}]}<\/script>\n<!-- \/ Yoast SEO plugin. -->","yoast_head_json":{"title":"25. November 2025 - Umzug nach Valles de Ortega - Reiseblog von Karin &amp; Joachim","robots":{"index":"index","follow":"follow","max-snippet":"max-snippet:-1","max-image-preview":"max-image-preview:large","max-video-preview":"max-video-preview:-1"},"canonical":"https:\/\/jblanz.de\/WP\/25-november-2025-umzug-nach-valles-de-ortega\/","og_locale":"de_DE","og_type":"article","og_title":"25. November 2025 - Umzug nach Valles de Ortega - Reiseblog von Karin &amp; Joachim","og_description":"Um 10 Uhr verliessen wir das Haus und machten uns auf den Weg nach Valles de Ortega, unserer n\u00e4chsten \u00dcbernachtungsst\u00e4tte","og_url":"https:\/\/jblanz.de\/WP\/25-november-2025-umzug-nach-valles-de-ortega\/","og_site_name":"Reiseblog von Karin &amp; Joachim","article_published_time":"2025-11-24T17:20:50+00:00","article_modified_time":"2025-11-26T15:58:47+00:00","og_image":[{"width":2560,"height":1440,"url":"https:\/\/jblanz.de\/WP\/wp-content\/uploads\/2025\/11\/25Fuerte-795-scaled.jpg","type":"image\/jpeg"}],"author":"Achim","twitter_card":"summary_large_image","twitter_misc":{"Verfasst von":"Achim","Gesch\u00e4tzte Lesezeit":"10\u00a0Minuten"},"schema":{"@context":"https:\/\/schema.org","@graph":[{"@type":"Article","@id":"https:\/\/jblanz.de\/WP\/25-november-2025-umzug-nach-valles-de-ortega\/#article","isPartOf":{"@id":"https:\/\/jblanz.de\/WP\/25-november-2025-umzug-nach-valles-de-ortega\/"},"author":{"name":"Achim","@id":"https:\/\/jblanz.de\/WP\/#\/schema\/person\/17a70f07162e42bc0b181c22397286e0"},"headline":"25. November 2025 &#8211; Umzug nach Valles de Ortega","datePublished":"2025-11-24T17:20:50+00:00","dateModified":"2025-11-26T15:58:47+00:00","mainEntityOfPage":{"@id":"https:\/\/jblanz.de\/WP\/25-november-2025-umzug-nach-valles-de-ortega\/"},"wordCount":614,"commentCount":0,"publisher":{"@id":"https:\/\/jblanz.de\/WP\/#\/schema\/person\/17a70f07162e42bc0b181c22397286e0"},"image":{"@id":"https:\/\/jblanz.de\/WP\/25-november-2025-umzug-nach-valles-de-ortega\/#primaryimage"},"thumbnailUrl":"https:\/\/jblanz.de\/WP\/wp-content\/uploads\/2025\/11\/25Fuerte-795-scaled.jpg","articleSection":["2020+","2025","2025","Europa","Fuerteventura","Jahr","K-Z","Spanien"],"inLanguage":"de","potentialAction":[{"@type":"CommentAction","name":"Comment","target":["https:\/\/jblanz.de\/WP\/25-november-2025-umzug-nach-valles-de-ortega\/#respond"]}]},{"@type":"WebPage","@id":"https:\/\/jblanz.de\/WP\/25-november-2025-umzug-nach-valles-de-ortega\/","url":"https:\/\/jblanz.de\/WP\/25-november-2025-umzug-nach-valles-de-ortega\/","name":"25. November 2025 - Umzug nach Valles de Ortega - Reiseblog von Karin &amp; Joachim","isPartOf":{"@id":"https:\/\/jblanz.de\/WP\/#website"},"primaryImageOfPage":{"@id":"https:\/\/jblanz.de\/WP\/25-november-2025-umzug-nach-valles-de-ortega\/#primaryimage"},"image":{"@id":"https:\/\/jblanz.de\/WP\/25-november-2025-umzug-nach-valles-de-ortega\/#primaryimage"},"thumbnailUrl":"https:\/\/jblanz.de\/WP\/wp-content\/uploads\/2025\/11\/25Fuerte-795-scaled.jpg","datePublished":"2025-11-24T17:20:50+00:00","dateModified":"2025-11-26T15:58:47+00:00","breadcrumb":{"@id":"https:\/\/jblanz.de\/WP\/25-november-2025-umzug-nach-valles-de-ortega\/#breadcrumb"},"inLanguage":"de","potentialAction":[{"@type":"ReadAction","target":["https:\/\/jblanz.de\/WP\/25-november-2025-umzug-nach-valles-de-ortega\/"]}]},{"@type":"ImageObject","inLanguage":"de","@id":"https:\/\/jblanz.de\/WP\/25-november-2025-umzug-nach-valles-de-ortega\/#primaryimage","url":"https:\/\/jblanz.de\/WP\/wp-content\/uploads\/2025\/11\/25Fuerte-795-scaled.jpg","contentUrl":"https:\/\/jblanz.de\/WP\/wp-content\/uploads\/2025\/11\/25Fuerte-795-scaled.jpg","width":2560,"height":1440},{"@type":"BreadcrumbList","@id":"https:\/\/jblanz.de\/WP\/25-november-2025-umzug-nach-valles-de-ortega\/#breadcrumb","itemListElement":[{"@type":"ListItem","position":1,"name":"Startseite","item":"https:\/\/jblanz.de\/WP\/"},{"@type":"ListItem","position":2,"name":"25. November 2025 &#8211; Umzug nach Valles de Ortega"}]},{"@type":"WebSite","@id":"https:\/\/jblanz.de\/WP\/#website","url":"https:\/\/jblanz.de\/WP\/","name":"Reiseblog von Karin & Joachim","description":"Wir schreiben den Blog f\u00fcr uns als Erinnerung - f\u00fcr euch als Inspiration","publisher":{"@id":"https:\/\/jblanz.de\/WP\/#\/schema\/person\/17a70f07162e42bc0b181c22397286e0"},"potentialAction":[{"@type":"SearchAction","target":{"@type":"EntryPoint","urlTemplate":"https:\/\/jblanz.de\/WP\/?s={search_term_string}"},"query-input":{"@type":"PropertyValueSpecification","valueRequired":true,"valueName":"search_term_string"}}],"inLanguage":"de"},{"@type":["Person","Organization"],"@id":"https:\/\/jblanz.de\/WP\/#\/schema\/person\/17a70f07162e42bc0b181c22397286e0","name":"Achim","image":{"@type":"ImageObject","inLanguage":"de","@id":"https:\/\/secure.gravatar.com\/avatar\/b7ab31bc55956af4a9bebf7fd034761212b11b803b7e39464914d6abeefb12f3?s=96&d=mm&r=g","url":"https:\/\/secure.gravatar.com\/avatar\/b7ab31bc55956af4a9bebf7fd034761212b11b803b7e39464914d6abeefb12f3?s=96&d=mm&r=g","contentUrl":"https:\/\/secure.gravatar.com\/avatar\/b7ab31bc55956af4a9bebf7fd034761212b11b803b7e39464914d6abeefb12f3?s=96&d=mm&r=g","caption":"Achim"},"logo":{"@id":"https:\/\/secure.gravatar.com\/avatar\/b7ab31bc55956af4a9bebf7fd034761212b11b803b7e39464914d6abeefb12f3?s=96&d=mm&r=g"},"url":"https:\/\/jblanz.de\/WP\/author\/achim\/"}]}},"_links":{"self":[{"href":"https:\/\/jblanz.de\/WP\/wp-json\/wp\/v2\/posts\/29212","targetHints":{"allow":["GET"]}}],"collection":[{"href":"https:\/\/jblanz.de\/WP\/wp-json\/wp\/v2\/posts"}],"about":[{"href":"https:\/\/jblanz.de\/WP\/wp-json\/wp\/v2\/types\/post"}],"author":[{"embeddable":true,"href":"https:\/\/jblanz.de\/WP\/wp-json\/wp\/v2\/users\/1"}],"replies":[{"embeddable":true,"href":"https:\/\/jblanz.de\/WP\/wp-json\/wp\/v2\/comments?post=29212"}],"version-history":[{"count":0,"href":"https:\/\/jblanz.de\/WP\/wp-json\/wp\/v2\/posts\/29212\/revisions"}],"wp:featuredmedia":[{"embeddable":true,"href":"https:\/\/jblanz.de\/WP\/wp-json\/wp\/v2\/media\/29222"}],"wp:attachment":[{"href":"https:\/\/jblanz.de\/WP\/wp-json\/wp\/v2\/media?parent=29212"}],"wp:term":[{"taxonomy":"category","embeddable":true,"href":"https:\/\/jblanz.de\/WP\/wp-json\/wp\/v2\/categories?post=29212"},{"taxonomy":"post_tag","embeddable":true,"href":"https:\/\/jblanz.de\/WP\/wp-json\/wp\/v2\/tags?post=29212"}],"curies":[{"name":"wp","href":"https:\/\/api.w.org\/{rel}","templated":true}]}}